{"id":37615,"date":"2019-09-14T17:37:46","date_gmt":"2019-09-14T20:37:46","guid":{"rendered":"https:\/\/www.suno.com.br\/noticias\/?p=37615"},"modified":"2019-09-14T17:37:46","modified_gmt":"2019-09-14T20:37:46","slug":"secom-registra-aumento-12-vendas-varejo-quatro-dias","status":"publish","type":"post","link":"https:\/\/www.suno.com.br\/noticias\/secom-registra-aumento-12-vendas-varejo-quatro-dias\/","title":{"rendered":"Secom registra aumento de 12% das vendas no varejo em quatro dias"},"content":{"rendered":"<p>Em balan\u00e7o divulgado neste s\u00e1bado (14) pela <strong>Secretaria Especial de Comunica\u00e7\u00e3o Social (Secom)<\/strong> da <strong>Presid\u00eancia<\/strong> da Rep\u00fablica, foi registrado um <strong>aumento<\/strong> de 12% das <strong>vendas<\/strong> no varejo no <strong>Brasil<\/strong> nos \u00faltimos quatros dias. A eleva\u00e7\u00e3o foi registrada entre os dias 6 e 9 de setembro, marcados pelo come\u00e7o da campanha &#8220;Semana do Brasil&#8221;, que terminar\u00e1 no domingo (15).<\/p>\t<div class=\"wrapper-featured-image\">\n\t\t<figure class=\"spotlightImg\">\n\n\t\t\t<picture>\n\t\t\t\t<source media=\"(max-width: 768px)\" srcset=\"https:\/\/files.sunoresearch.com.br\/n\/uploads\/2018\/11\/2782a66f-vendas-na-black-friday-1-400x200.webp\">\n\t\t\t\t<img loading=\"lazy\" decoding=\"async\" class=\"newsContent__article__imgCapa lazyloadDisabled newsContent__article__imgCapa--noCaption\" src=\"https:\/\/files.sunoresearch.com.br\/n\/uploads\/2018\/11\/2782a66f-vendas-na-black-friday-1-800x450.webp\" width=\"800\" height=\"450\" alt=\"Secom registra aumento de 12% das vendas no varejo em quatro dias\" fetchpriority=high \/>\n\t\t\t<\/picture>\n\n\t\t\t<figcaption class=\"wp-caption-text wp-caption-text--hide\">Vendas no Natal sobem, mas abaixo dos n\u00edveis de 2019. Foto: Pixabay<\/figcaption>\n\t\t<\/figure>\n\t<\/div>\n\n\n\n<p>A &#8220;Semana do Brasil&#8221; tem o objetivo de estimular as compras, com descontos especiais e promo\u00e7\u00f5es, tendo resultados positivos em todo Pa\u00eds. Acima de 4,5 mil empresas dos setores de <strong>varejo,<\/strong> imobili\u00e1rio,\u00a0publicidade e comunica\u00e7\u00e3o, participam da campanha.<\/p>\n<p>De acordo com levantamento da Cielo (em compara\u00e7\u00e3o \u00e0s m\u00e9dias do primeiro semestre), para o crescimento de 12% nas vendas gerais, contribu\u00edram os setores:<\/p>\n<ul>\n<li><strong>cosm\u00e9ticos<\/strong> (+19%)<\/li>\n<li><strong>m\u00f3veis<\/strong>\u00a0<strong>e eletr\u00f4nicos<\/strong> (+16%)<\/li>\n<li><strong>supermercados<\/strong> (+13%)<\/li>\n<li><strong>vestu\u00e1rio<\/strong> (+7%)<\/li>\n<\/ul>\n<p>Segundo a <strong>Secom,<\/strong> h\u00e1 <strong>otimismo<\/strong> no <strong>setor imobili\u00e1rio.<\/strong> Em nota, declarou que &#8220;Desde o in\u00edcio da campanha, foi registrada uma ades\u00e3o expressiva de incorporadoras, com mais de 50 empresas anunciando &#8216;1 ano de condom\u00ednio gr\u00e1tis&#8217; apenas na cidade de S\u00e3o Paulo. Houve aumento de visitas aos estandes e v\u00e1rios neg\u00f3cios est\u00e3o sendo realizados\u201d.<\/p>\n<p>A campanha, que tem como slogan &#8220;Vamos valorizar o que \u00e9 nosso&#8221;, aproveita as comemora\u00e7\u00f5es da Independ\u00eancia do <strong>Brasil<\/strong> e \u00e9 inspirada em campanhas de outras pot\u00eancias, como os <strong>EUA.<\/strong><\/p>\n<h2>Vendas no varejo tiveram alta em julho<\/h2>\n<p>O com\u00e9rcio varejista obteve uma alta no volume de <strong>vendas<\/strong> de <strong>julho<\/strong> ante o m\u00eas anterior. O crescimento foi de 1% no per\u00edodo. Os dados foram divulgados nesta quarta-feira (11) pelo Instituto Brasileiro de Geografia e Estat\u00edstica <strong>(IBGE)<\/strong>. Em seis anos, \u00e9 a maior <strong>alta<\/strong> para o m\u00eas.<\/p>\n\n<p>Com o resultado, o <strong>com\u00e9rcio<\/strong> <strong>varejista<\/strong> somou o terceiro m\u00eas seguido de alta e acumulou 1,6% no per\u00edodo. O volume de vendas tamb\u00e9m registrou alta, de 0,5% na media trimestral e 4,3% em rela\u00e7\u00e3o a julho de 2018. No acumulado do ano, o indicador chegou a 1,2%.<\/p>\n<p>Entre junho e julho, sete setores registraram crescimento nas vendas:<\/p>\n<ul>\n<li><strong>supermercados<\/strong>, <strong>alimentos<\/strong>, <strong>bebidas<\/strong>\u00a0<strong>e\u00a0fumo<\/strong> (1,3%)<\/li>\n<li><strong>artigos de uso pessoal<\/strong> <strong>e dom\u00e9stico<\/strong> (2,2%)<\/li>\n<li><strong>m\u00f3veis<\/strong> e <strong>eletrodom\u00e9sticos<\/strong> (1,6%)<\/li>\n<\/ul>\n<p>Al\u00e9m desses setores, outras atividades tamb\u00e9m obtiveram alta. S\u00e3o eles:<\/p>\n<ul>\n<li>tecidos, vestu\u00e1rio e cal\u00e7ados (1,3%);<\/li>\n<li>artigos farmac\u00eauticos, m\u00e9dicos, ortop\u00e9dicos, de perfumaria e cosm\u00e9ticos (0,7%);<\/li>\n<li>combust\u00edveis e lubrificantes (0,5%);<\/li>\n<li>livros, jornais, revistas e papelaria (1,8%).<\/li>\n<\/ul>\n<p>No m\u00eas de julho, somente\u00a0<span style=\"font-size: 19.4286px;\">a atividade de equipamentos e material para escrit\u00f3rio, inf<\/span><span style=\"font-size: 1.21429rem;\">orm\u00e1tica e comunica\u00e7\u00e3o registrou <strong>baixa<\/strong>. O valor ficou em -1,6%.<\/span><\/p>\n<p><a href=\"https:\/\/www.suno.com.br\/noticias\/oi-lei-aprovada-senado-urgencia-plenario-acao\/\">Veja tamb\u00e9m: Lei que beneficiar\u00e1 Oi \u00e9 aprovada pela Comiss\u00e3o do Senado e segue para o Plen\u00e1rio<\/a><\/p>\n<p>O setor de <strong>varejo<\/strong> <strong>ampliado<\/strong>, que leva em conta as atividades de ve\u00edculos e materiais de constru\u00e7\u00e3o, obteve <strong>crescimento<\/strong> de 0,7% no volume de vendas. A \u00e1rea de materiais de constru\u00e7\u00e3o teve alta de 1,1%. Em contrapartida, o setor de ve\u00edculos, motos e pe\u00e7as registrou queda de 0,9%.<\/p>\n","protected":false},"excerpt":{"rendered":"<p>Em balan\u00e7o divulgado neste s\u00e1bado (14) pela Secretaria Especial de Comunica\u00e7\u00e3o Social (Secom) da Presid\u00eancia da Rep\u00fablica, foi registrado um aumento de 12% das vendas no varejo no Brasil nos \u00faltimos quatros dias. A eleva\u00e7\u00e3o foi registrada entre os dias 6 e 9 de setembro, marcados pelo come\u00e7o da campanha &#8220;Semana do Brasil&#8221;, que terminar\u00e1 [&hellip;]<\/p>\n","protected":false},"author":23,"featured_media":6561,"comment_status":"closed","ping_status":"closed","sticky":false,"template":"","format":"standard","meta":[],"categories":[62],"tags":[803],"suno_strategy":[],"class_list":["post-37615","post","type-post","status-publish","format-standard","has-post-thumbnail","hentry","category-economia","tag-varejo"],"yoast_head":"<!-- This site is optimized with the Yoast SEO plugin v24.4 - https:\/\/yoast.com\/wordpress\/plugins\/seo\/ -->\n<title>Secom registra aumento de 12% das vendas no varejo em quatro dias<\/title>\n<meta name=\"description\" content=\"Em balan\u00e7o divulgado pela Secom, foi registrado um aumento de 12% das vendas no varejo no Brasil nos \u00faltimos quatros dias. Clique para mais.\" \/>\n<meta name=\"robots\" content=\"index, follow, max-snippet:-1, max-image-preview:large, max-video-preview:-1\" \/>\n<link rel=\"canonical\" href=\"https:\/\/www.suno.com.br\/noticias\/secom-registra-aumento-12-vendas-varejo-quatro-dias\/\" \/>\n<meta property=\"og:locale\" content=\"pt_BR\" \/>\n<meta property=\"og:type\" content=\"article\" \/>\n<meta property=\"og:title\" content=\"Secom registra aumento de 12% das vendas no varejo em quatro dias\" \/>\n<meta property=\"og:description\" content=\"Em balan\u00e7o divulgado pela Secom, foi registrado um aumento de 12% das vendas no varejo no Brasil nos \u00faltimos quatros dias. Clique para mais.\" \/>\n<meta property=\"og:url\" content=\"https:\/\/www.suno.com.br\/noticias\/secom-registra-aumento-12-vendas-varejo-quatro-dias\/\" \/>\n<meta property=\"og:site_name\" content=\"Suno Not\u00edcias\" \/>\n<meta property=\"article:publisher\" content=\"https:\/\/facebook.com\/sunoresearch\" \/>\n<meta property=\"og:image\" content=\"https:\/\/files.sunoresearch.com.br\/n\/uploads\/2018\/11\/2782a66f-vendas-na-black-friday-1.jpg\" \/>\n\t<meta property=\"og:image:width\" content=\"1920\" \/>\n\t<meta property=\"og:image:height\" content=\"1280\" \/>\n\t<meta property=\"og:image:type\" content=\"image\/jpeg\" \/>\n<meta name=\"author\" content=\"Rafael Lara\" \/>\n<meta name=\"twitter:card\" content=\"summary_large_image\" \/>\n<meta name=\"twitter:creator\" content=\"@sunoresearch\" \/>\n<meta name=\"twitter:site\" content=\"@sunoresearch\" \/>\n<meta name=\"twitter:label1\" content=\"Escrito por\" \/>\n\t<meta name=\"twitter:data1\" content=\"Rafael Lara\" \/>\n\t<meta name=\"twitter:label2\" content=\"Est. tempo de leitura\" \/>\n\t<meta name=\"twitter:data2\" content=\"3 minutos\" \/>\n<script type=\"application\/ld+json\" class=\"yoast-schema-graph\">{\"@context\":\"https:\/\/schema.org\",\"@graph\":[{\"@type\":\"NewsArticle\",\"@id\":\"https:\/\/www.suno.com.br\/noticias\/secom-registra-aumento-12-vendas-varejo-quatro-dias\/#article\",\"isPartOf\":{\"@id\":\"https:\/\/www.suno.com.br\/noticias\/secom-registra-aumento-12-vendas-varejo-quatro-dias\/\"},\"author\":{\"name\":\"Rafael Lara\",\"@id\":\"https:\/\/www.suno.com.br\/noticias\/#\/schema\/person\/098743caeed97b37f51315c9576c4078\"},\"headline\":\"Secom registra aumento de 12% das vendas no varejo em quatro dias\",\"datePublished\":\"2019-09-14T20:37:46+00:00\",\"mainEntityOfPage\":{\"@id\":\"https:\/\/www.suno.com.br\/noticias\/secom-registra-aumento-12-vendas-varejo-quatro-dias\/\"},\"wordCount\":511,\"publisher\":{\"@id\":\"https:\/\/www.suno.com.br\/noticias\/#organization\"},\"image\":{\"@id\":\"https:\/\/www.suno.com.br\/noticias\/secom-registra-aumento-12-vendas-varejo-quatro-dias\/#primaryimage\"},\"thumbnailUrl\":\"https:\/\/files.sunoresearch.com.br\/n\/uploads\/2018\/11\/2782a66f-vendas-na-black-friday-1-jpg.webp\",\"keywords\":[\"varejo\"],\"articleSection\":[\"Economia\"],\"inLanguage\":\"pt-BR\"},{\"@type\":\"WebPage\",\"@id\":\"https:\/\/www.suno.com.br\/noticias\/secom-registra-aumento-12-vendas-varejo-quatro-dias\/\",\"url\":\"https:\/\/www.suno.com.br\/noticias\/secom-registra-aumento-12-vendas-varejo-quatro-dias\/\",\"name\":\"Secom registra aumento de 12% das vendas no varejo em quatro dias\",\"isPartOf\":{\"@id\":\"https:\/\/www.suno.com.br\/noticias\/#website\"},\"primaryImageOfPage\":{\"@id\":\"https:\/\/www.suno.com.br\/noticias\/secom-registra-aumento-12-vendas-varejo-quatro-dias\/#primaryimage\"},\"image\":{\"@id\":\"https:\/\/www.suno.com.br\/noticias\/secom-registra-aumento-12-vendas-varejo-quatro-dias\/#primaryimage\"},\"thumbnailUrl\":\"https:\/\/files.sunoresearch.com.br\/n\/uploads\/2018\/11\/2782a66f-vendas-na-black-friday-1-jpg.webp\",\"datePublished\":\"2019-09-14T20:37:46+00:00\",\"description\":\"Em balan\u00e7o divulgado pela Secom, foi registrado um aumento de 12% das vendas no varejo no Brasil nos \u00faltimos quatros dias. Clique para mais.\",\"breadcrumb\":{\"@id\":\"https:\/\/www.suno.com.br\/noticias\/secom-registra-aumento-12-vendas-varejo-quatro-dias\/#breadcrumb\"},\"inLanguage\":\"pt-BR\",\"potentialAction\":[{\"@type\":\"ReadAction\",\"target\":[\"https:\/\/www.suno.com.br\/noticias\/secom-registra-aumento-12-vendas-varejo-quatro-dias\/\"]}]},{\"@type\":\"ImageObject\",\"inLanguage\":\"pt-BR\",\"@id\":\"https:\/\/www.suno.com.br\/noticias\/secom-registra-aumento-12-vendas-varejo-quatro-dias\/#primaryimage\",\"url\":\"https:\/\/files.sunoresearch.com.br\/n\/uploads\/2018\/11\/2782a66f-vendas-na-black-friday-1-jpg.webp\",\"contentUrl\":\"https:\/\/files.sunoresearch.com.br\/n\/uploads\/2018\/11\/2782a66f-vendas-na-black-friday-1-jpg.webp\",\"width\":1920,\"height\":1280,\"caption\":\"Vendas no Natal sobem, mas abaixo dos n\u00edveis de 2019. Foto: Pixabay\"},{\"@type\":\"BreadcrumbList\",\"@id\":\"https:\/\/www.suno.com.br\/noticias\/secom-registra-aumento-12-vendas-varejo-quatro-dias\/#breadcrumb\",\"itemListElement\":[{\"@type\":\"ListItem\",\"position\":1,\"name\":\"Not\u00edcias\",\"item\":\"https:\/\/www.suno.com.br\/noticias\/\"},{\"@type\":\"ListItem\",\"position\":2,\"name\":\"Economia\",\"item\":\"https:\/\/www.suno.com.br\/noticias\/economia\/\"},{\"@type\":\"ListItem\",\"position\":3,\"name\":\"Secom registra aumento de 12% das vendas no varejo em quatro dias\"}]},{\"@type\":\"WebSite\",\"@id\":\"https:\/\/www.suno.com.br\/noticias\/#website\",\"url\":\"https:\/\/www.suno.com.br\/noticias\/\",\"name\":\"Suno Not\u00edcias\",\"description\":\"Seu portal de informa\u00e7\u00e3o sobre o mundo dos investimentos\",\"publisher\":{\"@id\":\"https:\/\/www.suno.com.br\/noticias\/#organization\"},\"potentialAction\":[{\"@type\":\"SearchAction\",\"target\":{\"@type\":\"EntryPoint\",\"urlTemplate\":\"https:\/\/www.suno.com.br\/noticias\/?s={search_term_string}\"},\"query-input\":{\"@type\":\"PropertyValueSpecification\",\"valueRequired\":true,\"valueName\":\"search_term_string\"}}],\"inLanguage\":\"pt-BR\"},{\"@type\":\"Organization\",\"@id\":\"https:\/\/www.suno.com.br\/noticias\/#organization\",\"name\":\"Suno Not\u00edcias\",\"url\":\"https:\/\/www.suno.com.br\/noticias\/\",\"logo\":{\"@type\":\"ImageObject\",\"inLanguage\":\"pt-BR\",\"@id\":\"https:\/\/www.suno.com.br\/noticias\/#\/schema\/logo\/image\/\",\"url\":\"https:\/\/files.sunoresearch.com.br\/n\/uploads\/2021\/09\/suno-logo.png\",\"contentUrl\":\"https:\/\/files.sunoresearch.com.br\/n\/uploads\/2021\/09\/suno-logo.png\",\"width\":180,\"height\":180,\"caption\":\"Suno Not\u00edcias\"},\"image\":{\"@id\":\"https:\/\/www.suno.com.br\/noticias\/#\/schema\/logo\/image\/\"},\"sameAs\":[\"https:\/\/facebook.com\/sunoresearch\",\"https:\/\/x.com\/sunoresearch\",\"https:\/\/www.instagram.com\/suno\",\"https:\/\/www.linkedin.com\/company\/suno-research\/\",\"https:\/\/www.youtube.com\/c\/sunoresearch\"]},{\"@type\":\"Person\",\"@id\":\"https:\/\/www.suno.com.br\/noticias\/#\/schema\/person\/098743caeed97b37f51315c9576c4078\",\"name\":\"Rafael Lara\",\"image\":{\"@type\":\"ImageObject\",\"inLanguage\":\"pt-BR\",\"@id\":\"https:\/\/www.suno.com.br\/noticias\/#\/schema\/person\/image\/\",\"url\":\"https:\/\/secure.gravatar.com\/avatar\/dfc254ab9bb2ea1895d98b9e9dae4bdd?s=96&r=g\",\"contentUrl\":\"https:\/\/secure.gravatar.com\/avatar\/dfc254ab9bb2ea1895d98b9e9dae4bdd?s=96&r=g\",\"caption\":\"Rafael Lara\"},\"description\":\"Rafael Lara cursa jornalismo na Faculdade C\u00e1sper L\u00edbero. Escreve sobre pol\u00edtica, economia e neg\u00f3cios para o portal Suno Not\u00edcias. Antes, colaborou na TV Gazeta na produ\u00e7\u00e3o do programa Edi\u00e7\u00e3o Extra.\",\"url\":\"https:\/\/www.suno.com.br\/noticias\/author\/rafael\/\"}]}<\/script>\n<!-- \/ Yoast SEO plugin. -->","yoast_head_json":{"title":"Secom registra aumento de 12% das vendas no varejo em quatro dias","description":"Em balan\u00e7o divulgado pela Secom, foi registrado um aumento de 12% das vendas no varejo no Brasil nos \u00faltimos quatros dias. Clique para mais.","robots":{"index":"index","follow":"follow","max-snippet":"max-snippet:-1","max-image-preview":"max-image-preview:large","max-video-preview":"max-video-preview:-1"},"canonical":"https:\/\/www.suno.com.br\/noticias\/secom-registra-aumento-12-vendas-varejo-quatro-dias\/","og_locale":"pt_BR","og_type":"article","og_title":"Secom registra aumento de 12% das vendas no varejo em quatro dias","og_description":"Em balan\u00e7o divulgado pela Secom, foi registrado um aumento de 12% das vendas no varejo no Brasil nos \u00faltimos quatros dias. Clique para mais.","og_url":"https:\/\/www.suno.com.br\/noticias\/secom-registra-aumento-12-vendas-varejo-quatro-dias\/","og_site_name":"Suno Not\u00edcias","article_publisher":"https:\/\/facebook.com\/sunoresearch","og_image":[{"width":1920,"height":1280,"url":"https:\/\/files.sunoresearch.com.br\/n\/uploads\/2018\/11\/2782a66f-vendas-na-black-friday-1.jpg","type":"image\/jpeg"}],"author":"Rafael Lara","twitter_card":"summary_large_image","twitter_creator":"@sunoresearch","twitter_site":"@sunoresearch","twitter_misc":{"Escrito por":"Rafael Lara","Est. tempo de leitura":"3 minutos"},"schema":{"@context":"https:\/\/schema.org","@graph":[{"@type":"NewsArticle","@id":"https:\/\/www.suno.com.br\/noticias\/secom-registra-aumento-12-vendas-varejo-quatro-dias\/#article","isPartOf":{"@id":"https:\/\/www.suno.com.br\/noticias\/secom-registra-aumento-12-vendas-varejo-quatro-dias\/"},"author":{"name":"Rafael Lara","@id":"https:\/\/www.suno.com.br\/noticias\/#\/schema\/person\/098743caeed97b37f51315c9576c4078"},"headline":"Secom registra aumento de 12% das vendas no varejo em quatro dias","datePublished":"2019-09-14T20:37:46+00:00","mainEntityOfPage":{"@id":"https:\/\/www.suno.com.br\/noticias\/secom-registra-aumento-12-vendas-varejo-quatro-dias\/"},"wordCount":511,"publisher":{"@id":"https:\/\/www.suno.com.br\/noticias\/#organization"},"image":{"@id":"https:\/\/www.suno.com.br\/noticias\/secom-registra-aumento-12-vendas-varejo-quatro-dias\/#primaryimage"},"thumbnailUrl":"https:\/\/files.sunoresearch.com.br\/n\/uploads\/2018\/11\/2782a66f-vendas-na-black-friday-1-jpg.webp","keywords":["varejo"],"articleSection":["Economia"],"inLanguage":"pt-BR"},{"@type":"WebPage","@id":"https:\/\/www.suno.com.br\/noticias\/secom-registra-aumento-12-vendas-varejo-quatro-dias\/","url":"https:\/\/www.suno.com.br\/noticias\/secom-registra-aumento-12-vendas-varejo-quatro-dias\/","name":"Secom registra aumento de 12% das vendas no varejo em quatro dias","isPartOf":{"@id":"https:\/\/www.suno.com.br\/noticias\/#website"},"primaryImageOfPage":{"@id":"https:\/\/www.suno.com.br\/noticias\/secom-registra-aumento-12-vendas-varejo-quatro-dias\/#primaryimage"},"image":{"@id":"https:\/\/www.suno.com.br\/noticias\/secom-registra-aumento-12-vendas-varejo-quatro-dias\/#primaryimage"},"thumbnailUrl":"https:\/\/files.sunoresearch.com.br\/n\/uploads\/2018\/11\/2782a66f-vendas-na-black-friday-1-jpg.webp","datePublished":"2019-09-14T20:37:46+00:00","description":"Em balan\u00e7o divulgado pela Secom, foi registrado um aumento de 12% das vendas no varejo no Brasil nos \u00faltimos quatros dias. Clique para mais.","breadcrumb":{"@id":"https:\/\/www.suno.com.br\/noticias\/secom-registra-aumento-12-vendas-varejo-quatro-dias\/#breadcrumb"},"inLanguage":"pt-BR","potentialAction":[{"@type":"ReadAction","target":["https:\/\/www.suno.com.br\/noticias\/secom-registra-aumento-12-vendas-varejo-quatro-dias\/"]}]},{"@type":"ImageObject","inLanguage":"pt-BR","@id":"https:\/\/www.suno.com.br\/noticias\/secom-registra-aumento-12-vendas-varejo-quatro-dias\/#primaryimage","url":"https:\/\/files.sunoresearch.com.br\/n\/uploads\/2018\/11\/2782a66f-vendas-na-black-friday-1-jpg.webp","contentUrl":"https:\/\/files.sunoresearch.com.br\/n\/uploads\/2018\/11\/2782a66f-vendas-na-black-friday-1-jpg.webp","width":1920,"height":1280,"caption":"Vendas no Natal sobem, mas abaixo dos n\u00edveis de 2019. Foto: Pixabay"},{"@type":"BreadcrumbList","@id":"https:\/\/www.suno.com.br\/noticias\/secom-registra-aumento-12-vendas-varejo-quatro-dias\/#breadcrumb","itemListElement":[{"@type":"ListItem","position":1,"name":"Not\u00edcias","item":"https:\/\/www.suno.com.br\/noticias\/"},{"@type":"ListItem","position":2,"name":"Economia","item":"https:\/\/www.suno.com.br\/noticias\/economia\/"},{"@type":"ListItem","position":3,"name":"Secom registra aumento de 12% das vendas no varejo em quatro dias"}]},{"@type":"WebSite","@id":"https:\/\/www.suno.com.br\/noticias\/#website","url":"https:\/\/www.suno.com.br\/noticias\/","name":"Suno Not\u00edcias","description":"Seu portal de informa\u00e7\u00e3o sobre o mundo dos investimentos","publisher":{"@id":"https:\/\/www.suno.com.br\/noticias\/#organization"},"potentialAction":[{"@type":"SearchAction","target":{"@type":"EntryPoint","urlTemplate":"https:\/\/www.suno.com.br\/noticias\/?s={search_term_string}"},"query-input":{"@type":"PropertyValueSpecification","valueRequired":true,"valueName":"search_term_string"}}],"inLanguage":"pt-BR"},{"@type":"Organization","@id":"https:\/\/www.suno.com.br\/noticias\/#organization","name":"Suno Not\u00edcias","url":"https:\/\/www.suno.com.br\/noticias\/","logo":{"@type":"ImageObject","inLanguage":"pt-BR","@id":"https:\/\/www.suno.com.br\/noticias\/#\/schema\/logo\/image\/","url":"https:\/\/files.sunoresearch.com.br\/n\/uploads\/2021\/09\/suno-logo.png","contentUrl":"https:\/\/files.sunoresearch.com.br\/n\/uploads\/2021\/09\/suno-logo.png","width":180,"height":180,"caption":"Suno Not\u00edcias"},"image":{"@id":"https:\/\/www.suno.com.br\/noticias\/#\/schema\/logo\/image\/"},"sameAs":["https:\/\/facebook.com\/sunoresearch","https:\/\/x.com\/sunoresearch","https:\/\/www.instagram.com\/suno","https:\/\/www.linkedin.com\/company\/suno-research\/","https:\/\/www.youtube.com\/c\/sunoresearch"]},{"@type":"Person","@id":"https:\/\/www.suno.com.br\/noticias\/#\/schema\/person\/098743caeed97b37f51315c9576c4078","name":"Rafael Lara","image":{"@type":"ImageObject","inLanguage":"pt-BR","@id":"https:\/\/www.suno.com.br\/noticias\/#\/schema\/person\/image\/","url":"https:\/\/secure.gravatar.com\/avatar\/dfc254ab9bb2ea1895d98b9e9dae4bdd?s=96&r=g","contentUrl":"https:\/\/secure.gravatar.com\/avatar\/dfc254ab9bb2ea1895d98b9e9dae4bdd?s=96&r=g","caption":"Rafael Lara"},"description":"Rafael Lara cursa jornalismo na Faculdade C\u00e1sper L\u00edbero. Escreve sobre pol\u00edtica, economia e neg\u00f3cios para o portal Suno Not\u00edcias. Antes, colaborou na TV Gazeta na produ\u00e7\u00e3o do programa Edi\u00e7\u00e3o Extra.","url":"https:\/\/www.suno.com.br\/noticias\/author\/rafael\/"}]}},"default_loop_html":"<div class=\"cardsPage__listCard__boxs\"><div class=\"cardsPage__listCard__boxs__img\"><a href=\"https:\/\/www.suno.com.br\/noticias\/secom-registra-aumento-12-vendas-varejo-quatro-dias\/\"><img class=\"mask\" src=\"https:\/\/www.suno.com.br\/noticias\/wp-content\/themes\/suno\/resources\/images\/spotlight\/spotlight1img\/bg-mask.png\" alt=\"Image Mask\"\/><img src=\"https:\/\/files.sunoresearch.com.br\/n\/uploads\/2018\/11\/2782a66f-vendas-na-black-friday-1-400x200.webp\" alt=\"Secom registra aumento de 12% das vendas no varejo em quatro dias\"\/><\/a><span class=\"spotlightCategory\"><a href=\"https:\/\/www.suno.com.br\/noticias\/economia\/\">Economia<\/a><\/span><\/div><div class=\"cardsPage__listCard__boxs__content\"><a href=\"https:\/\/www.suno.com.br\/noticias\/secom-registra-aumento-12-vendas-varejo-quatro-dias\/\"><h2 class=\"content__title\">Secom registra aumento de 12% das vendas no varejo em quatro dias<\/h2><\/a><div class=\"newsContent__article__meta\"><div class=\"newsContent__article__meta__authorBox\"><a href=\"https:\/\/www.suno.com.br\/noticias\/author\/rafael\/\" class=\"authorBox__avatar noMobi\"><img src=\"https:\/\/secure.gravatar.com\/avatar\/dfc254ab9bb2ea1895d98b9e9dae4bdd?s=96&#038;r=g\" alt=\"Rafael Lara\"><\/a><div class=\"authorBox__name\"><span>por\n\t\t\t<a href=\"https:\/\/www.suno.com.br\/noticias\/author\/rafael\/\"><span itemprop=\"author\">Rafael Lara<\/span><\/a><\/span><time datetime=\"2019-09-14T17:37:46-03:00\" itemprop=\"datePublished\">14\/09\/2019 17:37<\/time><\/div><\/div><\/div><\/div><\/div>","single_layout":"posts","amp_enabled":true,"_links":{"self":[{"href":"https:\/\/www.suno.com.br\/noticias\/wp-json\/wp\/v2\/posts\/37615"}],"collection":[{"href":"https:\/\/www.suno.com.br\/noticias\/wp-json\/wp\/v2\/posts"}],"about":[{"href":"https:\/\/www.suno.com.br\/noticias\/wp-json\/wp\/v2\/types\/post"}],"author":[{"embeddable":true,"href":"https:\/\/www.suno.com.br\/noticias\/wp-json\/wp\/v2\/users\/23"}],"replies":[{"embeddable":true,"href":"https:\/\/www.suno.com.br\/noticias\/wp-json\/wp\/v2\/comments?post=37615"}],"version-history":[{"count":0,"href":"https:\/\/www.suno.com.br\/noticias\/wp-json\/wp\/v2\/posts\/37615\/revisions"}],"wp:featuredmedia":[{"embeddable":true,"href":"https:\/\/www.suno.com.br\/noticias\/wp-json\/wp\/v2\/media\/6561"}],"wp:attachment":[{"href":"https:\/\/www.suno.com.br\/noticias\/wp-json\/wp\/v2\/media?parent=37615"}],"wp:term":[{"taxonomy":"category","embeddable":true,"href":"https:\/\/www.suno.com.br\/noticias\/wp-json\/wp\/v2\/categories?post=37615"},{"taxonomy":"post_tag","embeddable":true,"href":"https:\/\/www.suno.com.br\/noticias\/wp-json\/wp\/v2\/tags?post=37615"},{"taxonomy":"suno_strategy","embeddable":true,"href":"https:\/\/www.suno.com.br\/noticias\/wp-json\/wp\/v2\/suno_strategy?post=37615"}],"curies":[{"name":"wp","href":"https:\/\/api.w.org\/{rel}","templated":true}]}}