{"id":37613,"date":"2019-09-14T16:55:10","date_gmt":"2019-09-14T19:55:10","guid":{"rendered":"https:\/\/www.suno.com.br\/noticias\/?p=37613"},"modified":"2021-02-19T15:17:33","modified_gmt":"2021-02-19T18:17:33","slug":"softbank-dobrara-participacao-banco-inter-agencia","status":"publish","type":"post","link":"https:\/\/www.suno.com.br\/noticias\/softbank-dobrara-participacao-banco-inter-agencia\/","title":{"rendered":"SoftBank dobrar\u00e1 participa\u00e7\u00e3o no Banco Inter, diz ag\u00eancia"},"content":{"rendered":"<p>O <strong>SoftBank Group<\/strong> aumentar\u00e1 sua aposta no Banco Inter <strong>(BIDI4)<\/strong> realizando uma participa\u00e7\u00e3o adicional, o que dobrar\u00e1 a parcela do grupo. A informa\u00e7\u00e3o foi divulgada pela ag\u00eancia de noticias &#8220;Bloomberg&#8221; neste s\u00e1bado (14).<\/p>\t<div class=\"wrapper-featured-image\">\n\t\t<figure class=\"spotlightImg\">\n\n\t\t\t<picture>\n\t\t\t\t<source media=\"(max-width: 768px)\" srcset=\"https:\/\/files.sunoresearch.com.br\/n\/uploads\/2019\/04\/0eac3556-banco-inter-400x200.webp\">\n\t\t\t\t<img loading=\"lazy\" decoding=\"async\" class=\"newsContent__article__imgCapa lazyloadDisabled newsContent__article__imgCapa--noCaption\" src=\"https:\/\/files.sunoresearch.com.br\/n\/uploads\/2019\/04\/0eac3556-banco-inter-800x450.webp\" width=\"800\" height=\"450\" alt=\"SoftBank dobrar\u00e1 participa\u00e7\u00e3o no Banco Inter, diz ag\u00eancia\" fetchpriority=high \/>\n\t\t\t<\/picture>\n\n\t\t\t<figcaption class=\"wp-caption-text wp-caption-text--hide\">Banco Inter (BIDI11)<\/figcaption>\n\t\t<\/figure>\n\t<\/div>\n\n\n\n<p>De acordo com a ag\u00eancia, a participa\u00e7\u00e3o adicional ser\u00e1 comprada de membros das fam\u00edlias que controlam o <strong>Banco Inter,<\/strong> o que inclui a fam\u00edlia <strong>Menin.<\/strong><\/p>\n<p>O <strong>CEO<\/strong> do <strong>Banco Inter, Jo\u00e3o Vitor Menin,<\/strong> \u00e9 propriet\u00e1rio de 5,4% do capital total e n\u00e3o est\u00e1 entre os vendedores.<\/p>\n<h2>SoftBank e follow-on do Banco Inter<\/h2>\n<p>No dia 28 de julho, o <strong>SoftBank<\/strong> foi o comprador majorit\u00e1rio das a\u00e7\u00f5es do <a href=\"https:\/\/www.suno.com.br\/artigos\/follow-on\/\">follow-on<\/a> realizado pelo<strong>\u00a0Inter.<\/strong> A informa\u00e7\u00e3o foi divulgada pelo jornal &#8220;Brazil Journal&#8221;.<\/p>\n<p>No <strong>follow-on<\/strong>, o <strong>Inter <\/strong>obt<span style=\"font-size: 1.21429rem;\">eve R$ 1,3 bilh\u00e3o. Desse valor, cerca de R$ 1 bilh\u00e3o foi comprado pelo <strong>SoftBank.<\/strong> Dessa forma, 90% do total foi destinado a institui\u00e7\u00e3o financeira japonesa e somente 10%, equivalente a R$ 380 milh\u00f5es, foram designados para outros acionistas.\u00a0Saiba mais clicando <a href=\"https:\/\/braziljournal.com\/breaking-softbank-leva-maior-parte-da-oferta-do-banco-inter\">aqui<\/a>.<\/span><\/p>\n\t<p>\n\t\t<a href=\"https:\/\/lp.suno.com.br\/cl\/webinario-suno-black-2024\/\" target=\"_blank\" data-element=\"shortcode-suno-banner\" title=\"Banner SUNO, clique e saiba mais\">\n\t\t\t<picture>\n\t\t\t\t<source media=\"(max-width: 500px)\" srcset=\"https:\/\/files.sunoresearch.com.br\/n\/uploads\/2024\/04\/400x300-Banner-Home-1.png\">\n\t\t\t\t<img class=\"newsContent__article__imgCapa newsContent__article__imgCapa--banner\"\n\t\t\t\t\tsrc=\"https:\/\/files.sunoresearch.com.br\/n\/uploads\/2024\/04\/400x300-Banner-Home-1.png\"\n\t\t\t\t\tdata-promo-id=\"102411\"\t\t\t\t\t\t\t\t\t\twidth='401' height='300'\t\t\t\t\talt=\"https:\/\/files.sunoresearch.com.br\/n\/uploads\/2024\/04\/400x300-Banner-Home-1.png\"\n\t\t\t\t>\n\t\t\t<\/picture>\n\t\t<\/a>\n\t<\/p>\n\n\n<p>Atualmente, o Inter est\u00e1 avaliado em R$ 8 bilh\u00f5es. Portanto, o Softbank agora det\u00e9m 10% do da institui\u00e7\u00e3o. Cada um dos pap\u00e9is da companhia foram negociados a R$ 39,99.<\/p>\n<p>Conforme informa\u00e7\u00f5es divulgadas pelo jornal &#8220;Estado de S. Paulo&#8221; nesta segunda, a demanda pelas <a href=\"https:\/\/www.suno.com.br\/artigos\/o-que-sao-acoes-ordinarias-preferenciais-e-units\/\">units<\/a> da institui\u00e7\u00e3o ultrapassaram a oferta do follow-on.<\/p>\n<p>O n\u00famero de pap\u00e9is vendidos somou 2,4 milh\u00f5es, correspondendo a cerca de R$ 100 milh\u00f5es. Assim, estimativa \u00e9 de que a oferta da institui\u00e7\u00e3o financeira tenha negociado entre 500 mil e um milh\u00e3o de units por dia.<\/p>\n<p><a href=\"https:\/\/www.suno.com.br\/noticias\/banco-inter-oferta-acoes\/\">Saiba mais: Softbank compra cerca de R$ 1 bilh\u00e3o em a\u00e7\u00f5es do Banco Inter<\/a><\/p>\n<h2>Negocia\u00e7\u00e3o das units<\/h2>\n<p>A negocia\u00e7\u00e3o das <a href=\"https:\/\/www.suno.com.br\/artigos\/o-que-sao-acoes-ordinarias-preferenciais-e-units\/\">units<\/a> tiveram in\u00edcio no dia 19 de julho. Os certificados de dep\u00f3sitos de a\u00e7\u00f5es foram negociados com o c\u00f3digo BIDI11.<\/p>\n<p><a href=\"https:\/\/www.suno.com.br\/noticias\/banco-inter-units-nivel-2-acoes-oferta\/\">Saiba mais: Negocia\u00e7\u00f5es de units do Banco Inter\u00a0<\/a><\/p>\n<p>&#8220;O <strong>Banco Inter<\/strong> vem informar aos seus acionistas e ao mercado em geral que em reuni\u00e3o do Conselho de Administra\u00e7\u00e3o do Banco, realizada em 18 de julho de 2019, foi aprovada a realiza\u00e7\u00e3o de de distribui\u00e7\u00e3o prim\u00e1ria, com esfor\u00e7os restritos de coloca\u00e7\u00e3o de certificados de dep\u00f3sitos de a\u00e7\u00f5es&#8221;, informou a institui\u00e7\u00e3o.<\/p>\n\t<p>\n\t\t<a href=\"https:\/\/lp.suno.com.br\/minicurso-investindo-fiis\/\" target=\"_blank\" data-element=\"shortcode-suno-banner\" title=\"Banner SUNO, clique e saiba mais\">\n\t\t\t<picture>\n\t\t\t\t<source media=\"(max-width: 500px)\" srcset=\"https:\/\/files.sunoresearch.com.br\/n\/uploads\/2023\/07\/400x300-Minicurso-FIIS.png\">\n\t\t\t\t<img class=\"newsContent__article__imgCapa newsContent__article__imgCapa--banner\"\n\t\t\t\t\tsrc=\"https:\/\/files.sunoresearch.com.br\/n\/uploads\/2023\/07\/1420x240-Minicurso-FIIS.png\"\n\t\t\t\t\tdata-promo-id=\"311935\"\t\t\t\t\t\t\t\t\t\twidth='1420' height='240'\t\t\t\t\talt=\"https:\/\/files.sunoresearch.com.br\/n\/uploads\/2023\/07\/1420x240-Minicurso-FIIS.png\"\n\t\t\t\t>\n\t\t\t<\/picture>\n\t\t<\/a>\n\t<\/p>\n\n\n<p>As a\u00e7\u00f5es do <strong>Banco Inter<\/strong> encerraram a \u00faltima sexta (13) em queda de 0,91%, cotadas em R$ 18,43.<\/p>\n","protected":false},"excerpt":{"rendered":"<p>O SoftBank Group aumentar\u00e1 sua aposta no Banco Inter (BIDI4) realizando uma participa\u00e7\u00e3o adicional, o que dobrar\u00e1 a parcela do grupo. A informa\u00e7\u00e3o foi divulgada pela ag\u00eancia de noticias &#8220;Bloomberg&#8221; neste s\u00e1bado (14). Banco Inter (BIDI11) De acordo com a ag\u00eancia, a participa\u00e7\u00e3o adicional ser\u00e1 comprada de membros das fam\u00edlias que controlam o Banco Inter, [&hellip;]<\/p>\n","protected":false},"author":23,"featured_media":22068,"comment_status":"closed","ping_status":"closed","sticky":false,"template":"","format":"standard","meta":[],"categories":[64],"tags":[369,1436,105544,951],"suno_strategy":[],"class_list":["post-37613","post","type-post","status-publish","format-standard","has-post-thumbnail","hentry","category-negocios","tag-banco-inter-bidi11-bidi4-bidi3","tag-follow-on-oferta-subsequente-de-acoes","tag-joao-vitor-menin","tag-softbank"],"yoast_head":"<!-- This site is optimized with the Yoast SEO plugin v24.4 - https:\/\/yoast.com\/wordpress\/plugins\/seo\/ -->\n<title>SoftBank dobrar\u00e1 participa\u00e7\u00e3o no Banco Inter, diz ag\u00eancia<\/title>\n<meta name=\"description\" content=\"O SoftBank Group aumentar\u00e1 sua aposta no Banco Inter, realizando uma participa\u00e7\u00e3o adicional, o que dobrar\u00e1 a parcela do grupo.\" \/>\n<meta name=\"robots\" content=\"index, follow, max-snippet:-1, max-image-preview:large, max-video-preview:-1\" \/>\n<link rel=\"canonical\" href=\"https:\/\/www.suno.com.br\/noticias\/softbank-dobrara-participacao-banco-inter-agencia\/\" \/>\n<meta property=\"og:locale\" content=\"pt_BR\" \/>\n<meta property=\"og:type\" content=\"article\" \/>\n<meta property=\"og:title\" content=\"SoftBank dobrar\u00e1 participa\u00e7\u00e3o no Banco Inter, diz ag\u00eancia\" \/>\n<meta property=\"og:description\" content=\"O SoftBank Group aumentar\u00e1 sua aposta no Banco Inter, realizando uma participa\u00e7\u00e3o adicional, o que dobrar\u00e1 a parcela do grupo.\" \/>\n<meta property=\"og:url\" content=\"https:\/\/www.suno.com.br\/noticias\/softbank-dobrara-participacao-banco-inter-agencia\/\" \/>\n<meta property=\"og:site_name\" content=\"Suno Not\u00edcias\" \/>\n<meta property=\"article:publisher\" content=\"https:\/\/facebook.com\/sunoresearch\" \/>\n<meta property=\"og:image\" content=\"https:\/\/files.sunoresearch.com.br\/n\/uploads\/2019\/04\/0eac3556-banco-inter.jpg\" \/>\n\t<meta property=\"og:image:width\" content=\"1024\" \/>\n\t<meta property=\"og:image:height\" content=\"768\" \/>\n\t<meta property=\"og:image:type\" content=\"image\/jpeg\" \/>\n<meta name=\"author\" content=\"Rafael Lara\" \/>\n<meta name=\"twitter:card\" content=\"summary_large_image\" \/>\n<meta name=\"twitter:creator\" content=\"@sunoresearch\" \/>\n<meta name=\"twitter:site\" content=\"@sunoresearch\" \/>\n<meta name=\"twitter:label1\" content=\"Escrito por\" \/>\n\t<meta name=\"twitter:data1\" content=\"Rafael Lara\" \/>\n\t<meta name=\"twitter:label2\" content=\"Est. tempo de leitura\" \/>\n\t<meta name=\"twitter:data2\" content=\"2 minutos\" \/>\n<script type=\"application\/ld+json\" class=\"yoast-schema-graph\">{\"@context\":\"https:\/\/schema.org\",\"@graph\":[{\"@type\":\"NewsArticle\",\"@id\":\"https:\/\/www.suno.com.br\/noticias\/softbank-dobrara-participacao-banco-inter-agencia\/#article\",\"isPartOf\":{\"@id\":\"https:\/\/www.suno.com.br\/noticias\/softbank-dobrara-participacao-banco-inter-agencia\/\"},\"author\":{\"name\":\"Rafael Lara\",\"@id\":\"https:\/\/www.suno.com.br\/noticias\/#\/schema\/person\/098743caeed97b37f51315c9576c4078\"},\"headline\":\"SoftBank dobrar\u00e1 participa\u00e7\u00e3o no Banco Inter, diz ag\u00eancia\",\"datePublished\":\"2019-09-14T19:55:10+00:00\",\"dateModified\":\"2021-02-19T18:17:33+00:00\",\"mainEntityOfPage\":{\"@id\":\"https:\/\/www.suno.com.br\/noticias\/softbank-dobrara-participacao-banco-inter-agencia\/\"},\"wordCount\":408,\"publisher\":{\"@id\":\"https:\/\/www.suno.com.br\/noticias\/#organization\"},\"image\":{\"@id\":\"https:\/\/www.suno.com.br\/noticias\/softbank-dobrara-participacao-banco-inter-agencia\/#primaryimage\"},\"thumbnailUrl\":\"https:\/\/files.sunoresearch.com.br\/n\/uploads\/2019\/04\/0eac3556-banco-inter-jpg.webp\",\"keywords\":[\"Banco Inter (BIDI11\/BIDI4\/BIDI3)\",\"Follow-on (Oferta Subsequente de A\u00e7\u00f5es)\",\"Jo\u00e3o Vitor Menin\",\"SoftBank\"],\"articleSection\":[\"Neg\u00f3cios\"],\"inLanguage\":\"pt-BR\"},{\"@type\":\"WebPage\",\"@id\":\"https:\/\/www.suno.com.br\/noticias\/softbank-dobrara-participacao-banco-inter-agencia\/\",\"url\":\"https:\/\/www.suno.com.br\/noticias\/softbank-dobrara-participacao-banco-inter-agencia\/\",\"name\":\"SoftBank dobrar\u00e1 participa\u00e7\u00e3o no Banco Inter, diz ag\u00eancia\",\"isPartOf\":{\"@id\":\"https:\/\/www.suno.com.br\/noticias\/#website\"},\"primaryImageOfPage\":{\"@id\":\"https:\/\/www.suno.com.br\/noticias\/softbank-dobrara-participacao-banco-inter-agencia\/#primaryimage\"},\"image\":{\"@id\":\"https:\/\/www.suno.com.br\/noticias\/softbank-dobrara-participacao-banco-inter-agencia\/#primaryimage\"},\"thumbnailUrl\":\"https:\/\/files.sunoresearch.com.br\/n\/uploads\/2019\/04\/0eac3556-banco-inter-jpg.webp\",\"datePublished\":\"2019-09-14T19:55:10+00:00\",\"dateModified\":\"2021-02-19T18:17:33+00:00\",\"description\":\"O SoftBank Group aumentar\u00e1 sua aposta no Banco Inter, realizando uma participa\u00e7\u00e3o adicional, o que dobrar\u00e1 a parcela do grupo.\",\"breadcrumb\":{\"@id\":\"https:\/\/www.suno.com.br\/noticias\/softbank-dobrara-participacao-banco-inter-agencia\/#breadcrumb\"},\"inLanguage\":\"pt-BR\",\"potentialAction\":[{\"@type\":\"ReadAction\",\"target\":[\"https:\/\/www.suno.com.br\/noticias\/softbank-dobrara-participacao-banco-inter-agencia\/\"]}]},{\"@type\":\"ImageObject\",\"inLanguage\":\"pt-BR\",\"@id\":\"https:\/\/www.suno.com.br\/noticias\/softbank-dobrara-participacao-banco-inter-agencia\/#primaryimage\",\"url\":\"https:\/\/files.sunoresearch.com.br\/n\/uploads\/2019\/04\/0eac3556-banco-inter-jpg.webp\",\"contentUrl\":\"https:\/\/files.sunoresearch.com.br\/n\/uploads\/2019\/04\/0eac3556-banco-inter-jpg.webp\",\"width\":1024,\"height\":768,\"caption\":\"Banco Inter (BIDI11)\"},{\"@type\":\"BreadcrumbList\",\"@id\":\"https:\/\/www.suno.com.br\/noticias\/softbank-dobrara-participacao-banco-inter-agencia\/#breadcrumb\",\"itemListElement\":[{\"@type\":\"ListItem\",\"position\":1,\"name\":\"Not\u00edcias\",\"item\":\"https:\/\/www.suno.com.br\/noticias\/\"},{\"@type\":\"ListItem\",\"position\":2,\"name\":\"Neg\u00f3cios\",\"item\":\"https:\/\/www.suno.com.br\/noticias\/negocios\/\"},{\"@type\":\"ListItem\",\"position\":3,\"name\":\"SoftBank dobrar\u00e1 participa\u00e7\u00e3o no Banco Inter, diz ag\u00eancia\"}]},{\"@type\":\"WebSite\",\"@id\":\"https:\/\/www.suno.com.br\/noticias\/#website\",\"url\":\"https:\/\/www.suno.com.br\/noticias\/\",\"name\":\"Suno Not\u00edcias\",\"description\":\"Seu portal de informa\u00e7\u00e3o sobre o mundo dos investimentos\",\"publisher\":{\"@id\":\"https:\/\/www.suno.com.br\/noticias\/#organization\"},\"potentialAction\":[{\"@type\":\"SearchAction\",\"target\":{\"@type\":\"EntryPoint\",\"urlTemplate\":\"https:\/\/www.suno.com.br\/noticias\/?s={search_term_string}\"},\"query-input\":{\"@type\":\"PropertyValueSpecification\",\"valueRequired\":true,\"valueName\":\"search_term_string\"}}],\"inLanguage\":\"pt-BR\"},{\"@type\":\"Organization\",\"@id\":\"https:\/\/www.suno.com.br\/noticias\/#organization\",\"name\":\"Suno Not\u00edcias\",\"url\":\"https:\/\/www.suno.com.br\/noticias\/\",\"logo\":{\"@type\":\"ImageObject\",\"inLanguage\":\"pt-BR\",\"@id\":\"https:\/\/www.suno.com.br\/noticias\/#\/schema\/logo\/image\/\",\"url\":\"https:\/\/files.sunoresearch.com.br\/n\/uploads\/2021\/09\/suno-logo.png\",\"contentUrl\":\"https:\/\/files.sunoresearch.com.br\/n\/uploads\/2021\/09\/suno-logo.png\",\"width\":180,\"height\":180,\"caption\":\"Suno Not\u00edcias\"},\"image\":{\"@id\":\"https:\/\/www.suno.com.br\/noticias\/#\/schema\/logo\/image\/\"},\"sameAs\":[\"https:\/\/facebook.com\/sunoresearch\",\"https:\/\/x.com\/sunoresearch\",\"https:\/\/www.instagram.com\/suno\",\"https:\/\/www.linkedin.com\/company\/suno-research\/\",\"https:\/\/www.youtube.com\/c\/sunoresearch\"]},{\"@type\":\"Person\",\"@id\":\"https:\/\/www.suno.com.br\/noticias\/#\/schema\/person\/098743caeed97b37f51315c9576c4078\",\"name\":\"Rafael Lara\",\"image\":{\"@type\":\"ImageObject\",\"inLanguage\":\"pt-BR\",\"@id\":\"https:\/\/www.suno.com.br\/noticias\/#\/schema\/person\/image\/\",\"url\":\"https:\/\/secure.gravatar.com\/avatar\/dfc254ab9bb2ea1895d98b9e9dae4bdd?s=96&r=g\",\"contentUrl\":\"https:\/\/secure.gravatar.com\/avatar\/dfc254ab9bb2ea1895d98b9e9dae4bdd?s=96&r=g\",\"caption\":\"Rafael Lara\"},\"description\":\"Rafael Lara cursa jornalismo na Faculdade C\u00e1sper L\u00edbero. Escreve sobre pol\u00edtica, economia e neg\u00f3cios para o portal Suno Not\u00edcias. Antes, colaborou na TV Gazeta na produ\u00e7\u00e3o do programa Edi\u00e7\u00e3o Extra.\",\"url\":\"https:\/\/www.suno.com.br\/noticias\/author\/rafael\/\"}]}<\/script>\n<!-- \/ Yoast SEO plugin. -->","yoast_head_json":{"title":"SoftBank dobrar\u00e1 participa\u00e7\u00e3o no Banco Inter, diz ag\u00eancia","description":"O SoftBank Group aumentar\u00e1 sua aposta no Banco Inter, realizando uma participa\u00e7\u00e3o adicional, o que dobrar\u00e1 a parcela do grupo.","robots":{"index":"index","follow":"follow","max-snippet":"max-snippet:-1","max-image-preview":"max-image-preview:large","max-video-preview":"max-video-preview:-1"},"canonical":"https:\/\/www.suno.com.br\/noticias\/softbank-dobrara-participacao-banco-inter-agencia\/","og_locale":"pt_BR","og_type":"article","og_title":"SoftBank dobrar\u00e1 participa\u00e7\u00e3o no Banco Inter, diz ag\u00eancia","og_description":"O SoftBank Group aumentar\u00e1 sua aposta no Banco Inter, realizando uma participa\u00e7\u00e3o adicional, o que dobrar\u00e1 a parcela do grupo.","og_url":"https:\/\/www.suno.com.br\/noticias\/softbank-dobrara-participacao-banco-inter-agencia\/","og_site_name":"Suno Not\u00edcias","article_publisher":"https:\/\/facebook.com\/sunoresearch","og_image":[{"width":1024,"height":768,"url":"https:\/\/files.sunoresearch.com.br\/n\/uploads\/2019\/04\/0eac3556-banco-inter.jpg","type":"image\/jpeg"}],"author":"Rafael Lara","twitter_card":"summary_large_image","twitter_creator":"@sunoresearch","twitter_site":"@sunoresearch","twitter_misc":{"Escrito por":"Rafael Lara","Est. tempo de leitura":"2 minutos"},"schema":{"@context":"https:\/\/schema.org","@graph":[{"@type":"NewsArticle","@id":"https:\/\/www.suno.com.br\/noticias\/softbank-dobrara-participacao-banco-inter-agencia\/#article","isPartOf":{"@id":"https:\/\/www.suno.com.br\/noticias\/softbank-dobrara-participacao-banco-inter-agencia\/"},"author":{"name":"Rafael Lara","@id":"https:\/\/www.suno.com.br\/noticias\/#\/schema\/person\/098743caeed97b37f51315c9576c4078"},"headline":"SoftBank dobrar\u00e1 participa\u00e7\u00e3o no Banco Inter, diz ag\u00eancia","datePublished":"2019-09-14T19:55:10+00:00","dateModified":"2021-02-19T18:17:33+00:00","mainEntityOfPage":{"@id":"https:\/\/www.suno.com.br\/noticias\/softbank-dobrara-participacao-banco-inter-agencia\/"},"wordCount":408,"publisher":{"@id":"https:\/\/www.suno.com.br\/noticias\/#organization"},"image":{"@id":"https:\/\/www.suno.com.br\/noticias\/softbank-dobrara-participacao-banco-inter-agencia\/#primaryimage"},"thumbnailUrl":"https:\/\/files.sunoresearch.com.br\/n\/uploads\/2019\/04\/0eac3556-banco-inter-jpg.webp","keywords":["Banco Inter (BIDI11\/BIDI4\/BIDI3)","Follow-on (Oferta Subsequente de A\u00e7\u00f5es)","Jo\u00e3o Vitor Menin","SoftBank"],"articleSection":["Neg\u00f3cios"],"inLanguage":"pt-BR"},{"@type":"WebPage","@id":"https:\/\/www.suno.com.br\/noticias\/softbank-dobrara-participacao-banco-inter-agencia\/","url":"https:\/\/www.suno.com.br\/noticias\/softbank-dobrara-participacao-banco-inter-agencia\/","name":"SoftBank dobrar\u00e1 participa\u00e7\u00e3o no Banco Inter, diz ag\u00eancia","isPartOf":{"@id":"https:\/\/www.suno.com.br\/noticias\/#website"},"primaryImageOfPage":{"@id":"https:\/\/www.suno.com.br\/noticias\/softbank-dobrara-participacao-banco-inter-agencia\/#primaryimage"},"image":{"@id":"https:\/\/www.suno.com.br\/noticias\/softbank-dobrara-participacao-banco-inter-agencia\/#primaryimage"},"thumbnailUrl":"https:\/\/files.sunoresearch.com.br\/n\/uploads\/2019\/04\/0eac3556-banco-inter-jpg.webp","datePublished":"2019-09-14T19:55:10+00:00","dateModified":"2021-02-19T18:17:33+00:00","description":"O SoftBank Group aumentar\u00e1 sua aposta no Banco Inter, realizando uma participa\u00e7\u00e3o adicional, o que dobrar\u00e1 a parcela do grupo.","breadcrumb":{"@id":"https:\/\/www.suno.com.br\/noticias\/softbank-dobrara-participacao-banco-inter-agencia\/#breadcrumb"},"inLanguage":"pt-BR","potentialAction":[{"@type":"ReadAction","target":["https:\/\/www.suno.com.br\/noticias\/softbank-dobrara-participacao-banco-inter-agencia\/"]}]},{"@type":"ImageObject","inLanguage":"pt-BR","@id":"https:\/\/www.suno.com.br\/noticias\/softbank-dobrara-participacao-banco-inter-agencia\/#primaryimage","url":"https:\/\/files.sunoresearch.com.br\/n\/uploads\/2019\/04\/0eac3556-banco-inter-jpg.webp","contentUrl":"https:\/\/files.sunoresearch.com.br\/n\/uploads\/2019\/04\/0eac3556-banco-inter-jpg.webp","width":1024,"height":768,"caption":"Banco Inter (BIDI11)"},{"@type":"BreadcrumbList","@id":"https:\/\/www.suno.com.br\/noticias\/softbank-dobrara-participacao-banco-inter-agencia\/#breadcrumb","itemListElement":[{"@type":"ListItem","position":1,"name":"Not\u00edcias","item":"https:\/\/www.suno.com.br\/noticias\/"},{"@type":"ListItem","position":2,"name":"Neg\u00f3cios","item":"https:\/\/www.suno.com.br\/noticias\/negocios\/"},{"@type":"ListItem","position":3,"name":"SoftBank dobrar\u00e1 participa\u00e7\u00e3o no Banco Inter, diz ag\u00eancia"}]},{"@type":"WebSite","@id":"https:\/\/www.suno.com.br\/noticias\/#website","url":"https:\/\/www.suno.com.br\/noticias\/","name":"Suno Not\u00edcias","description":"Seu portal de informa\u00e7\u00e3o sobre o mundo dos investimentos","publisher":{"@id":"https:\/\/www.suno.com.br\/noticias\/#organization"},"potentialAction":[{"@type":"SearchAction","target":{"@type":"EntryPoint","urlTemplate":"https:\/\/www.suno.com.br\/noticias\/?s={search_term_string}"},"query-input":{"@type":"PropertyValueSpecification","valueRequired":true,"valueName":"search_term_string"}}],"inLanguage":"pt-BR"},{"@type":"Organization","@id":"https:\/\/www.suno.com.br\/noticias\/#organization","name":"Suno Not\u00edcias","url":"https:\/\/www.suno.com.br\/noticias\/","logo":{"@type":"ImageObject","inLanguage":"pt-BR","@id":"https:\/\/www.suno.com.br\/noticias\/#\/schema\/logo\/image\/","url":"https:\/\/files.sunoresearch.com.br\/n\/uploads\/2021\/09\/suno-logo.png","contentUrl":"https:\/\/files.sunoresearch.com.br\/n\/uploads\/2021\/09\/suno-logo.png","width":180,"height":180,"caption":"Suno Not\u00edcias"},"image":{"@id":"https:\/\/www.suno.com.br\/noticias\/#\/schema\/logo\/image\/"},"sameAs":["https:\/\/facebook.com\/sunoresearch","https:\/\/x.com\/sunoresearch","https:\/\/www.instagram.com\/suno","https:\/\/www.linkedin.com\/company\/suno-research\/","https:\/\/www.youtube.com\/c\/sunoresearch"]},{"@type":"Person","@id":"https:\/\/www.suno.com.br\/noticias\/#\/schema\/person\/098743caeed97b37f51315c9576c4078","name":"Rafael Lara","image":{"@type":"ImageObject","inLanguage":"pt-BR","@id":"https:\/\/www.suno.com.br\/noticias\/#\/schema\/person\/image\/","url":"https:\/\/secure.gravatar.com\/avatar\/dfc254ab9bb2ea1895d98b9e9dae4bdd?s=96&r=g","contentUrl":"https:\/\/secure.gravatar.com\/avatar\/dfc254ab9bb2ea1895d98b9e9dae4bdd?s=96&r=g","caption":"Rafael Lara"},"description":"Rafael Lara cursa jornalismo na Faculdade C\u00e1sper L\u00edbero. Escreve sobre pol\u00edtica, economia e neg\u00f3cios para o portal Suno Not\u00edcias. Antes, colaborou na TV Gazeta na produ\u00e7\u00e3o do programa Edi\u00e7\u00e3o Extra.","url":"https:\/\/www.suno.com.br\/noticias\/author\/rafael\/"}]}},"default_loop_html":"<div class=\"cardsPage__listCard__boxs\"><div class=\"cardsPage__listCard__boxs__img\"><a href=\"https:\/\/www.suno.com.br\/noticias\/softbank-dobrara-participacao-banco-inter-agencia\/\"><img class=\"mask\" src=\"https:\/\/www.suno.com.br\/noticias\/wp-content\/themes\/suno\/resources\/images\/spotlight\/spotlight1img\/bg-mask.png\" alt=\"Image Mask\"\/><img src=\"https:\/\/files.sunoresearch.com.br\/n\/uploads\/2019\/04\/0eac3556-banco-inter-400x200.webp\" alt=\"SoftBank dobrar\u00e1 participa\u00e7\u00e3o no Banco Inter, diz ag\u00eancia\"\/><\/a><span class=\"spotlightCategory\"><a href=\"https:\/\/www.suno.com.br\/noticias\/negocios\/\">Neg\u00f3cios<\/a><\/span><\/div><div class=\"cardsPage__listCard__boxs__content\"><a href=\"https:\/\/www.suno.com.br\/noticias\/softbank-dobrara-participacao-banco-inter-agencia\/\"><h2 class=\"content__title\">SoftBank dobrar\u00e1 participa\u00e7\u00e3o no Banco Inter, diz ag\u00eancia<\/h2><\/a><div class=\"newsContent__article__meta\"><div class=\"newsContent__article__meta__authorBox\"><a href=\"https:\/\/www.suno.com.br\/noticias\/author\/rafael\/\" class=\"authorBox__avatar noMobi\"><img src=\"https:\/\/secure.gravatar.com\/avatar\/dfc254ab9bb2ea1895d98b9e9dae4bdd?s=96&#038;r=g\" alt=\"Rafael Lara\"><\/a><div class=\"authorBox__name\"><span>por\n\t\t\t<a href=\"https:\/\/www.suno.com.br\/noticias\/author\/rafael\/\"><span itemprop=\"author\">Rafael Lara<\/span><\/a><\/span><time datetime=\"2019-09-14T16:55:10-03:00\" itemprop=\"datePublished\">14\/09\/2019 16:55<\/time><\/div><\/div><\/div><\/div><\/div>","single_layout":"posts","amp_enabled":true,"_links":{"self":[{"href":"https:\/\/www.suno.com.br\/noticias\/wp-json\/wp\/v2\/posts\/37613"}],"collection":[{"href":"https:\/\/www.suno.com.br\/noticias\/wp-json\/wp\/v2\/posts"}],"about":[{"href":"https:\/\/www.suno.com.br\/noticias\/wp-json\/wp\/v2\/types\/post"}],"author":[{"embeddable":true,"href":"https:\/\/www.suno.com.br\/noticias\/wp-json\/wp\/v2\/users\/23"}],"replies":[{"embeddable":true,"href":"https:\/\/www.suno.com.br\/noticias\/wp-json\/wp\/v2\/comments?post=37613"}],"version-history":[{"count":0,"href":"https:\/\/www.suno.com.br\/noticias\/wp-json\/wp\/v2\/posts\/37613\/revisions"}],"wp:featuredmedia":[{"embeddable":true,"href":"https:\/\/www.suno.com.br\/noticias\/wp-json\/wp\/v2\/media\/22068"}],"wp:attachment":[{"href":"https:\/\/www.suno.com.br\/noticias\/wp-json\/wp\/v2\/media?parent=37613"}],"wp:term":[{"taxonomy":"category","embeddable":true,"href":"https:\/\/www.suno.com.br\/noticias\/wp-json\/wp\/v2\/categories?post=37613"},{"taxonomy":"post_tag","embeddable":true,"href":"https:\/\/www.suno.com.br\/noticias\/wp-json\/wp\/v2\/tags?post=37613"},{"taxonomy":"suno_strategy","embeddable":true,"href":"https:\/\/www.suno.com.br\/noticias\/wp-json\/wp\/v2\/suno_strategy?post=37613"}],"curies":[{"name":"wp","href":"https:\/\/api.w.org\/{rel}","templated":true}]}}