{"id":37602,"date":"2019-09-14T14:33:53","date_gmt":"2019-09-14T17:33:53","guid":{"rendered":"https:\/\/www.suno.com.br\/noticias\/?p=37602"},"modified":"2019-09-14T15:37:59","modified_gmt":"2019-09-14T18:37:59","slug":"bases-petroleo-arabia-saudita-sofrem-incendio","status":"publish","type":"post","link":"https:\/\/www.suno.com.br\/noticias\/bases-petroleo-arabia-saudita-sofrem-incendio\/","title":{"rendered":"Bases de petr\u00f3leo na Ar\u00e1bia Saudita sofrem inc\u00eandio"},"content":{"rendered":"<p>Duas instala\u00e7\u00f5es da <strong>Aramco,<\/strong> empresa de petr\u00f3leo da <strong>Ar\u00e1bia Saudita,<\/strong> sofreram um inc\u00eandio neste s\u00e1bado (14). A causa apontada foi o ataque de <strong>drones<\/strong> nas bases de petr\u00f3leo.<\/p>\t<div class=\"wrapper-featured-image\">\n\t\t<figure class=\"spotlightImg\">\n\n\t\t\t<picture>\n\t\t\t\t<source media=\"(max-width: 768px)\" srcset=\"https:\/\/files.sunoresearch.com.br\/n\/uploads\/2019\/09\/d55a7535-aramco-400x200.webp\">\n\t\t\t\t<img loading=\"lazy\" decoding=\"async\" class=\"newsContent__article__imgCapa lazyloadDisabled newsContent__article__imgCapa--noCaption\" src=\"https:\/\/files.sunoresearch.com.br\/n\/uploads\/2019\/09\/d55a7535-aramco-800x450.webp\" width=\"800\" height=\"450\" alt=\"Bases de petr\u00f3leo na Ar\u00e1bia Saudita sofrem inc\u00eandio\" fetchpriority=high \/>\n\t\t\t<\/picture>\n\n\t\t\t<figcaption class=\"wp-caption-text wp-caption-text--hide\">Petr\u00f3leo: Ar\u00e1bia Saudita adia divulga\u00e7\u00e3o de pre\u00e7os de venda<\/figcaption>\n\t\t<\/figure>\n\t<\/div>\n\n\n\n<p>De acordo com o Minist\u00e9rio do Interior Saudita, o fogo na base de <strong>petr\u00f3leo<\/strong> est\u00e1 controlado e, apesar do governo saudita n\u00e3o ter mencionado suspeitos, o grupo rebelde houthis, do <strong>I\u00eamen,<\/strong> declarou que os ataques envolveram dez drones.<\/p>\n<p>Durante uma <strong>guerra civil,<\/strong> em 2014, os <strong>houthis<\/strong> assumiram o controle de Sanaa, a do I\u00eamen. Desde ent\u00e3o, os sauditas tem liderado uma coaliz\u00e3o tentando combater os rebeldes com o intuito de retir\u00e1-los da regi\u00e3o e reinstalar um governo apoiado pela Ar\u00e1bia Saudita, Emirados \u00c1rabes Unidos, entre outra pot\u00eancias.<\/p>\n<p>De acordo com a <strong>Ar\u00e1bia Saudita<\/strong> e os <strong>Estados Unidos,<\/strong> os <strong>houthis<\/strong> s\u00e3o armados e financiados pelo <strong>Ir\u00e3.<\/strong> A acusa\u00e7\u00e3o foi negada por <strong>Teer\u00e3.<\/strong><\/p>\n<p>Segundo as autoridades sauditas e americanas, o <strong>Ir\u00e3<\/strong> estaria querendo atingir a estrutura de petr\u00f3leo da <strong>Ar\u00e1bia Saudita<\/strong> usando, por exemplo, minas para danificar petroleiros sauditas no <strong>Golfo<\/strong> de <strong>Om\u00e3<\/strong> em maio deste ano.<\/p>\n<p>Por sua vez, Teer\u00e3 nega ataques a alvos sauditas, ou que coordenou o grupo houthis nos ataques que atingem o setor petrol\u00edfero dos sauditas.<\/p>\n<p>O pre\u00e7o do <strong>petr\u00f3leo<\/strong> global pode aumentar sensivelmente por conta do ataque.<\/p>\n<h2>Tens\u00e3o geopol\u00edtica entre EUA e Ir\u00e3 por conta do petr\u00f3leo<\/h2>\n<p>Em junho deste ano,\u00a0 o presidente americano imp\u00f4s san\u00e7\u00f5es a qualquer pa\u00eds que importe o produto do pa\u00eds do <strong>Oriente M\u00e9dio.<\/strong> O comunicado foi feito pelo enviado especial dos <strong>EUA<\/strong> ao <strong>Ir\u00e3, Brian Hook.<\/strong><\/p>\n\t<p>\n\t\t<a href=\"https:\/\/lp.suno.com.br\/cl\/webinario-suno-black-2024\/\" target=\"_blank\" data-element=\"shortcode-suno-banner\" title=\"Banner SUNO, clique e saiba mais\">\n\t\t\t<picture>\n\t\t\t\t<source media=\"(max-width: 500px)\" srcset=\"https:\/\/files.sunoresearch.com.br\/n\/uploads\/2024\/04\/400x300-Banner-Home-1.png\">\n\t\t\t\t<img class=\"newsContent__article__imgCapa newsContent__article__imgCapa--banner\"\n\t\t\t\t\tsrc=\"https:\/\/files.sunoresearch.com.br\/n\/uploads\/2024\/04\/400x300-Banner-Home-1.png\"\n\t\t\t\t\tdata-promo-id=\"102411\"\t\t\t\t\t\t\t\t\t\twidth='401' height='300'\t\t\t\t\talt=\"https:\/\/files.sunoresearch.com.br\/n\/uploads\/2024\/04\/400x300-Banner-Home-1.png\"\n\t\t\t\t>\n\t\t\t<\/picture>\n\t\t<\/a>\n\t<\/p>\n\n\n<p>&#8220;Vamos sancionar quaisquer importa\u00e7\u00f5es de petr\u00f3leo bruto do <strong>Ir\u00e3&#8230;<\/strong> Agora n\u00e3o h\u00e1 isen\u00e7\u00f5es em vigor. Vamos sancionar quaisquer aquisi\u00e7\u00f5es il\u00edcitas de petr\u00f3leo bruto iraniano&#8221;, disse o enviado especial dos <strong>EUA.<\/strong><\/p>\n<p><a href=\"https:\/\/www.suno.com.br\/noticias\/eua-pretoleo-ira-sancoes\/\">Saiba mais: EUA v\u00e3o aplicar san\u00e7\u00f5es econ\u00f4micas a pa\u00edses que importarem petr\u00f3leo do Ir\u00e3<\/a><\/p>\n<p>No dia 24 de junho, <strong>Donald Trump<\/strong> oficializou as novas san\u00e7\u00f5es ao <strong>Ir\u00e3.<\/strong> O presidente afirmou que n\u00e3o permitir\u00e1 que o pa\u00eds do <strong>Oriente M\u00e9dio<\/strong> tenha acesso a <strong>armas nucleares.<\/strong> As medidas tem como alvo o l\u00edder do supremo, aiatol\u00e1 Ali Khamenei. A tens\u00e3o geopol\u00edtica entre os dois pa\u00edses \u00e9 baseada na importa\u00e7\u00e3o e exporta\u00e7\u00e3o de <strong>petr\u00f3leo.<\/strong><\/p>\n","protected":false},"excerpt":{"rendered":"<p>Duas instala\u00e7\u00f5es da Aramco, empresa de petr\u00f3leo da Ar\u00e1bia Saudita, sofreram um inc\u00eandio neste s\u00e1bado (14). A causa apontada foi o ataque de drones nas bases de petr\u00f3leo. Petr\u00f3leo: Ar\u00e1bia Saudita adia divulga\u00e7\u00e3o de pre\u00e7os de venda De acordo com o Minist\u00e9rio do Interior Saudita, o fogo na base de petr\u00f3leo est\u00e1 controlado e, apesar [&hellip;]<\/p>\n","protected":false},"author":23,"featured_media":37605,"comment_status":"closed","ping_status":"closed","sticky":false,"template":"","format":"standard","meta":[],"categories":[63],"tags":[960,793,1458,766],"suno_strategy":[],"class_list":["post-37602","post","type-post","status-publish","format-standard","has-post-thumbnail","hentry","category-internacional","tag-arabia-saudita","tag-estados-unidos-eua","tag-ira","tag-petroleo"],"yoast_head":"<!-- This site is optimized with the Yoast SEO plugin v24.4 - https:\/\/yoast.com\/wordpress\/plugins\/seo\/ -->\n<title>Bases de petr\u00f3leo na Ar\u00e1bia Saudita sofrem inc\u00eandio<\/title>\n<meta name=\"description\" content=\"Duas bases da Aramco, empresa de petr\u00f3leo da Ar\u00e1bia Saudita, sofreram um inc\u00eandio. A causa apontada foi o ataque de drones. Clique para mais.\" \/>\n<meta name=\"robots\" content=\"index, follow, max-snippet:-1, max-image-preview:large, max-video-preview:-1\" \/>\n<link rel=\"canonical\" href=\"https:\/\/www.suno.com.br\/noticias\/bases-petroleo-arabia-saudita-sofrem-incendio\/\" \/>\n<meta property=\"og:locale\" content=\"pt_BR\" \/>\n<meta property=\"og:type\" content=\"article\" \/>\n<meta property=\"og:title\" content=\"Bases de petr\u00f3leo na Ar\u00e1bia Saudita sofrem inc\u00eandio\" \/>\n<meta property=\"og:description\" content=\"Duas bases da Aramco, empresa de petr\u00f3leo da Ar\u00e1bia Saudita, sofreram um inc\u00eandio. A causa apontada foi o ataque de drones. Clique para mais.\" \/>\n<meta property=\"og:url\" content=\"https:\/\/www.suno.com.br\/noticias\/bases-petroleo-arabia-saudita-sofrem-incendio\/\" \/>\n<meta property=\"og:site_name\" content=\"Suno Not\u00edcias\" \/>\n<meta property=\"article:publisher\" content=\"https:\/\/facebook.com\/sunoresearch\" \/>\n<meta property=\"og:image\" content=\"https:\/\/files.sunoresearch.com.br\/n\/uploads\/2019\/09\/d55a7535-aramco.jpg\" \/>\n\t<meta property=\"og:image:width\" content=\"1000\" \/>\n\t<meta property=\"og:image:height\" content=\"541\" \/>\n\t<meta property=\"og:image:type\" content=\"image\/jpeg\" \/>\n<meta name=\"author\" content=\"Rafael Lara\" \/>\n<meta name=\"twitter:card\" content=\"summary_large_image\" \/>\n<meta name=\"twitter:creator\" content=\"@sunoresearch\" \/>\n<meta name=\"twitter:site\" content=\"@sunoresearch\" \/>\n<meta name=\"twitter:label1\" content=\"Escrito por\" \/>\n\t<meta name=\"twitter:data1\" content=\"Rafael Lara\" \/>\n\t<meta name=\"twitter:label2\" content=\"Est. tempo de leitura\" \/>\n\t<meta name=\"twitter:data2\" content=\"2 minutos\" \/>\n<script type=\"application\/ld+json\" class=\"yoast-schema-graph\">{\"@context\":\"https:\/\/schema.org\",\"@graph\":[{\"@type\":\"NewsArticle\",\"@id\":\"https:\/\/www.suno.com.br\/noticias\/bases-petroleo-arabia-saudita-sofrem-incendio\/#article\",\"isPartOf\":{\"@id\":\"https:\/\/www.suno.com.br\/noticias\/bases-petroleo-arabia-saudita-sofrem-incendio\/\"},\"author\":{\"name\":\"Rafael Lara\",\"@id\":\"https:\/\/www.suno.com.br\/noticias\/#\/schema\/person\/098743caeed97b37f51315c9576c4078\"},\"headline\":\"Bases de petr\u00f3leo na Ar\u00e1bia Saudita sofrem inc\u00eandio\",\"datePublished\":\"2019-09-14T17:33:53+00:00\",\"dateModified\":\"2019-09-14T18:37:59+00:00\",\"mainEntityOfPage\":{\"@id\":\"https:\/\/www.suno.com.br\/noticias\/bases-petroleo-arabia-saudita-sofrem-incendio\/\"},\"wordCount\":422,\"publisher\":{\"@id\":\"https:\/\/www.suno.com.br\/noticias\/#organization\"},\"image\":{\"@id\":\"https:\/\/www.suno.com.br\/noticias\/bases-petroleo-arabia-saudita-sofrem-incendio\/#primaryimage\"},\"thumbnailUrl\":\"https:\/\/files.sunoresearch.com.br\/n\/uploads\/2019\/09\/d55a7535-aramco-jpg.webp\",\"keywords\":[\"Ar\u00e1bia Saudita\",\"Estados Unidos (EUA)\",\"Ir\u00e3\",\"Petr\u00f3leo\"],\"articleSection\":[\"Internacional\"],\"inLanguage\":\"pt-BR\"},{\"@type\":\"WebPage\",\"@id\":\"https:\/\/www.suno.com.br\/noticias\/bases-petroleo-arabia-saudita-sofrem-incendio\/\",\"url\":\"https:\/\/www.suno.com.br\/noticias\/bases-petroleo-arabia-saudita-sofrem-incendio\/\",\"name\":\"Bases de petr\u00f3leo na Ar\u00e1bia Saudita sofrem inc\u00eandio\",\"isPartOf\":{\"@id\":\"https:\/\/www.suno.com.br\/noticias\/#website\"},\"primaryImageOfPage\":{\"@id\":\"https:\/\/www.suno.com.br\/noticias\/bases-petroleo-arabia-saudita-sofrem-incendio\/#primaryimage\"},\"image\":{\"@id\":\"https:\/\/www.suno.com.br\/noticias\/bases-petroleo-arabia-saudita-sofrem-incendio\/#primaryimage\"},\"thumbnailUrl\":\"https:\/\/files.sunoresearch.com.br\/n\/uploads\/2019\/09\/d55a7535-aramco-jpg.webp\",\"datePublished\":\"2019-09-14T17:33:53+00:00\",\"dateModified\":\"2019-09-14T18:37:59+00:00\",\"description\":\"Duas bases da Aramco, empresa de petr\u00f3leo da Ar\u00e1bia Saudita, sofreram um inc\u00eandio. A causa apontada foi o ataque de drones. Clique para mais.\",\"breadcrumb\":{\"@id\":\"https:\/\/www.suno.com.br\/noticias\/bases-petroleo-arabia-saudita-sofrem-incendio\/#breadcrumb\"},\"inLanguage\":\"pt-BR\",\"potentialAction\":[{\"@type\":\"ReadAction\",\"target\":[\"https:\/\/www.suno.com.br\/noticias\/bases-petroleo-arabia-saudita-sofrem-incendio\/\"]}]},{\"@type\":\"ImageObject\",\"inLanguage\":\"pt-BR\",\"@id\":\"https:\/\/www.suno.com.br\/noticias\/bases-petroleo-arabia-saudita-sofrem-incendio\/#primaryimage\",\"url\":\"https:\/\/files.sunoresearch.com.br\/n\/uploads\/2019\/09\/d55a7535-aramco-jpg.webp\",\"contentUrl\":\"https:\/\/files.sunoresearch.com.br\/n\/uploads\/2019\/09\/d55a7535-aramco-jpg.webp\",\"width\":1000,\"height\":541,\"caption\":\"Petr\u00f3leo: Ar\u00e1bia Saudita adia divulga\u00e7\u00e3o de pre\u00e7os de venda\"},{\"@type\":\"BreadcrumbList\",\"@id\":\"https:\/\/www.suno.com.br\/noticias\/bases-petroleo-arabia-saudita-sofrem-incendio\/#breadcrumb\",\"itemListElement\":[{\"@type\":\"ListItem\",\"position\":1,\"name\":\"Not\u00edcias\",\"item\":\"https:\/\/www.suno.com.br\/noticias\/\"},{\"@type\":\"ListItem\",\"position\":2,\"name\":\"Internacional\",\"item\":\"https:\/\/www.suno.com.br\/noticias\/internacional\/\"},{\"@type\":\"ListItem\",\"position\":3,\"name\":\"Bases de petr\u00f3leo na Ar\u00e1bia Saudita sofrem inc\u00eandio\"}]},{\"@type\":\"WebSite\",\"@id\":\"https:\/\/www.suno.com.br\/noticias\/#website\",\"url\":\"https:\/\/www.suno.com.br\/noticias\/\",\"name\":\"Suno Not\u00edcias\",\"description\":\"Seu portal de informa\u00e7\u00e3o sobre o mundo dos investimentos\",\"publisher\":{\"@id\":\"https:\/\/www.suno.com.br\/noticias\/#organization\"},\"potentialAction\":[{\"@type\":\"SearchAction\",\"target\":{\"@type\":\"EntryPoint\",\"urlTemplate\":\"https:\/\/www.suno.com.br\/noticias\/?s={search_term_string}\"},\"query-input\":{\"@type\":\"PropertyValueSpecification\",\"valueRequired\":true,\"valueName\":\"search_term_string\"}}],\"inLanguage\":\"pt-BR\"},{\"@type\":\"Organization\",\"@id\":\"https:\/\/www.suno.com.br\/noticias\/#organization\",\"name\":\"Suno Not\u00edcias\",\"url\":\"https:\/\/www.suno.com.br\/noticias\/\",\"logo\":{\"@type\":\"ImageObject\",\"inLanguage\":\"pt-BR\",\"@id\":\"https:\/\/www.suno.com.br\/noticias\/#\/schema\/logo\/image\/\",\"url\":\"https:\/\/files.sunoresearch.com.br\/n\/uploads\/2021\/09\/suno-logo.png\",\"contentUrl\":\"https:\/\/files.sunoresearch.com.br\/n\/uploads\/2021\/09\/suno-logo.png\",\"width\":180,\"height\":180,\"caption\":\"Suno Not\u00edcias\"},\"image\":{\"@id\":\"https:\/\/www.suno.com.br\/noticias\/#\/schema\/logo\/image\/\"},\"sameAs\":[\"https:\/\/facebook.com\/sunoresearch\",\"https:\/\/x.com\/sunoresearch\",\"https:\/\/www.instagram.com\/suno\",\"https:\/\/www.linkedin.com\/company\/suno-research\/\",\"https:\/\/www.youtube.com\/c\/sunoresearch\"]},{\"@type\":\"Person\",\"@id\":\"https:\/\/www.suno.com.br\/noticias\/#\/schema\/person\/098743caeed97b37f51315c9576c4078\",\"name\":\"Rafael Lara\",\"image\":{\"@type\":\"ImageObject\",\"inLanguage\":\"pt-BR\",\"@id\":\"https:\/\/www.suno.com.br\/noticias\/#\/schema\/person\/image\/\",\"url\":\"https:\/\/secure.gravatar.com\/avatar\/dfc254ab9bb2ea1895d98b9e9dae4bdd?s=96&r=g\",\"contentUrl\":\"https:\/\/secure.gravatar.com\/avatar\/dfc254ab9bb2ea1895d98b9e9dae4bdd?s=96&r=g\",\"caption\":\"Rafael Lara\"},\"description\":\"Rafael Lara cursa jornalismo na Faculdade C\u00e1sper L\u00edbero. Escreve sobre pol\u00edtica, economia e neg\u00f3cios para o portal Suno Not\u00edcias. Antes, colaborou na TV Gazeta na produ\u00e7\u00e3o do programa Edi\u00e7\u00e3o Extra.\",\"url\":\"https:\/\/www.suno.com.br\/noticias\/author\/rafael\/\"}]}<\/script>\n<!-- \/ Yoast SEO plugin. -->","yoast_head_json":{"title":"Bases de petr\u00f3leo na Ar\u00e1bia Saudita sofrem inc\u00eandio","description":"Duas bases da Aramco, empresa de petr\u00f3leo da Ar\u00e1bia Saudita, sofreram um inc\u00eandio. A causa apontada foi o ataque de drones. Clique para mais.","robots":{"index":"index","follow":"follow","max-snippet":"max-snippet:-1","max-image-preview":"max-image-preview:large","max-video-preview":"max-video-preview:-1"},"canonical":"https:\/\/www.suno.com.br\/noticias\/bases-petroleo-arabia-saudita-sofrem-incendio\/","og_locale":"pt_BR","og_type":"article","og_title":"Bases de petr\u00f3leo na Ar\u00e1bia Saudita sofrem inc\u00eandio","og_description":"Duas bases da Aramco, empresa de petr\u00f3leo da Ar\u00e1bia Saudita, sofreram um inc\u00eandio. A causa apontada foi o ataque de drones. Clique para mais.","og_url":"https:\/\/www.suno.com.br\/noticias\/bases-petroleo-arabia-saudita-sofrem-incendio\/","og_site_name":"Suno Not\u00edcias","article_publisher":"https:\/\/facebook.com\/sunoresearch","og_image":[{"width":1000,"height":541,"url":"https:\/\/files.sunoresearch.com.br\/n\/uploads\/2019\/09\/d55a7535-aramco.jpg","type":"image\/jpeg"}],"author":"Rafael Lara","twitter_card":"summary_large_image","twitter_creator":"@sunoresearch","twitter_site":"@sunoresearch","twitter_misc":{"Escrito por":"Rafael Lara","Est. tempo de leitura":"2 minutos"},"schema":{"@context":"https:\/\/schema.org","@graph":[{"@type":"NewsArticle","@id":"https:\/\/www.suno.com.br\/noticias\/bases-petroleo-arabia-saudita-sofrem-incendio\/#article","isPartOf":{"@id":"https:\/\/www.suno.com.br\/noticias\/bases-petroleo-arabia-saudita-sofrem-incendio\/"},"author":{"name":"Rafael Lara","@id":"https:\/\/www.suno.com.br\/noticias\/#\/schema\/person\/098743caeed97b37f51315c9576c4078"},"headline":"Bases de petr\u00f3leo na Ar\u00e1bia Saudita sofrem inc\u00eandio","datePublished":"2019-09-14T17:33:53+00:00","dateModified":"2019-09-14T18:37:59+00:00","mainEntityOfPage":{"@id":"https:\/\/www.suno.com.br\/noticias\/bases-petroleo-arabia-saudita-sofrem-incendio\/"},"wordCount":422,"publisher":{"@id":"https:\/\/www.suno.com.br\/noticias\/#organization"},"image":{"@id":"https:\/\/www.suno.com.br\/noticias\/bases-petroleo-arabia-saudita-sofrem-incendio\/#primaryimage"},"thumbnailUrl":"https:\/\/files.sunoresearch.com.br\/n\/uploads\/2019\/09\/d55a7535-aramco-jpg.webp","keywords":["Ar\u00e1bia Saudita","Estados Unidos (EUA)","Ir\u00e3","Petr\u00f3leo"],"articleSection":["Internacional"],"inLanguage":"pt-BR"},{"@type":"WebPage","@id":"https:\/\/www.suno.com.br\/noticias\/bases-petroleo-arabia-saudita-sofrem-incendio\/","url":"https:\/\/www.suno.com.br\/noticias\/bases-petroleo-arabia-saudita-sofrem-incendio\/","name":"Bases de petr\u00f3leo na Ar\u00e1bia Saudita sofrem inc\u00eandio","isPartOf":{"@id":"https:\/\/www.suno.com.br\/noticias\/#website"},"primaryImageOfPage":{"@id":"https:\/\/www.suno.com.br\/noticias\/bases-petroleo-arabia-saudita-sofrem-incendio\/#primaryimage"},"image":{"@id":"https:\/\/www.suno.com.br\/noticias\/bases-petroleo-arabia-saudita-sofrem-incendio\/#primaryimage"},"thumbnailUrl":"https:\/\/files.sunoresearch.com.br\/n\/uploads\/2019\/09\/d55a7535-aramco-jpg.webp","datePublished":"2019-09-14T17:33:53+00:00","dateModified":"2019-09-14T18:37:59+00:00","description":"Duas bases da Aramco, empresa de petr\u00f3leo da Ar\u00e1bia Saudita, sofreram um inc\u00eandio. A causa apontada foi o ataque de drones. Clique para mais.","breadcrumb":{"@id":"https:\/\/www.suno.com.br\/noticias\/bases-petroleo-arabia-saudita-sofrem-incendio\/#breadcrumb"},"inLanguage":"pt-BR","potentialAction":[{"@type":"ReadAction","target":["https:\/\/www.suno.com.br\/noticias\/bases-petroleo-arabia-saudita-sofrem-incendio\/"]}]},{"@type":"ImageObject","inLanguage":"pt-BR","@id":"https:\/\/www.suno.com.br\/noticias\/bases-petroleo-arabia-saudita-sofrem-incendio\/#primaryimage","url":"https:\/\/files.sunoresearch.com.br\/n\/uploads\/2019\/09\/d55a7535-aramco-jpg.webp","contentUrl":"https:\/\/files.sunoresearch.com.br\/n\/uploads\/2019\/09\/d55a7535-aramco-jpg.webp","width":1000,"height":541,"caption":"Petr\u00f3leo: Ar\u00e1bia Saudita adia divulga\u00e7\u00e3o de pre\u00e7os de venda"},{"@type":"BreadcrumbList","@id":"https:\/\/www.suno.com.br\/noticias\/bases-petroleo-arabia-saudita-sofrem-incendio\/#breadcrumb","itemListElement":[{"@type":"ListItem","position":1,"name":"Not\u00edcias","item":"https:\/\/www.suno.com.br\/noticias\/"},{"@type":"ListItem","position":2,"name":"Internacional","item":"https:\/\/www.suno.com.br\/noticias\/internacional\/"},{"@type":"ListItem","position":3,"name":"Bases de petr\u00f3leo na Ar\u00e1bia Saudita sofrem inc\u00eandio"}]},{"@type":"WebSite","@id":"https:\/\/www.suno.com.br\/noticias\/#website","url":"https:\/\/www.suno.com.br\/noticias\/","name":"Suno Not\u00edcias","description":"Seu portal de informa\u00e7\u00e3o sobre o mundo dos investimentos","publisher":{"@id":"https:\/\/www.suno.com.br\/noticias\/#organization"},"potentialAction":[{"@type":"SearchAction","target":{"@type":"EntryPoint","urlTemplate":"https:\/\/www.suno.com.br\/noticias\/?s={search_term_string}"},"query-input":{"@type":"PropertyValueSpecification","valueRequired":true,"valueName":"search_term_string"}}],"inLanguage":"pt-BR"},{"@type":"Organization","@id":"https:\/\/www.suno.com.br\/noticias\/#organization","name":"Suno Not\u00edcias","url":"https:\/\/www.suno.com.br\/noticias\/","logo":{"@type":"ImageObject","inLanguage":"pt-BR","@id":"https:\/\/www.suno.com.br\/noticias\/#\/schema\/logo\/image\/","url":"https:\/\/files.sunoresearch.com.br\/n\/uploads\/2021\/09\/suno-logo.png","contentUrl":"https:\/\/files.sunoresearch.com.br\/n\/uploads\/2021\/09\/suno-logo.png","width":180,"height":180,"caption":"Suno Not\u00edcias"},"image":{"@id":"https:\/\/www.suno.com.br\/noticias\/#\/schema\/logo\/image\/"},"sameAs":["https:\/\/facebook.com\/sunoresearch","https:\/\/x.com\/sunoresearch","https:\/\/www.instagram.com\/suno","https:\/\/www.linkedin.com\/company\/suno-research\/","https:\/\/www.youtube.com\/c\/sunoresearch"]},{"@type":"Person","@id":"https:\/\/www.suno.com.br\/noticias\/#\/schema\/person\/098743caeed97b37f51315c9576c4078","name":"Rafael Lara","image":{"@type":"ImageObject","inLanguage":"pt-BR","@id":"https:\/\/www.suno.com.br\/noticias\/#\/schema\/person\/image\/","url":"https:\/\/secure.gravatar.com\/avatar\/dfc254ab9bb2ea1895d98b9e9dae4bdd?s=96&r=g","contentUrl":"https:\/\/secure.gravatar.com\/avatar\/dfc254ab9bb2ea1895d98b9e9dae4bdd?s=96&r=g","caption":"Rafael Lara"},"description":"Rafael Lara cursa jornalismo na Faculdade C\u00e1sper L\u00edbero. Escreve sobre pol\u00edtica, economia e neg\u00f3cios para o portal Suno Not\u00edcias. Antes, colaborou na TV Gazeta na produ\u00e7\u00e3o do programa Edi\u00e7\u00e3o Extra.","url":"https:\/\/www.suno.com.br\/noticias\/author\/rafael\/"}]}},"default_loop_html":"<div class=\"cardsPage__listCard__boxs\"><div class=\"cardsPage__listCard__boxs__img\"><a href=\"https:\/\/www.suno.com.br\/noticias\/bases-petroleo-arabia-saudita-sofrem-incendio\/\"><img class=\"mask\" src=\"https:\/\/www.suno.com.br\/noticias\/wp-content\/themes\/suno\/resources\/images\/spotlight\/spotlight1img\/bg-mask.png\" alt=\"Image Mask\"\/><img src=\"https:\/\/files.sunoresearch.com.br\/n\/uploads\/2019\/09\/d55a7535-aramco-400x200.webp\" alt=\"Bases de petr\u00f3leo na Ar\u00e1bia Saudita sofrem inc\u00eandio\"\/><\/a><span class=\"spotlightCategory\"><a href=\"https:\/\/www.suno.com.br\/noticias\/internacional\/\">Internacional<\/a><\/span><\/div><div class=\"cardsPage__listCard__boxs__content\"><a href=\"https:\/\/www.suno.com.br\/noticias\/bases-petroleo-arabia-saudita-sofrem-incendio\/\"><h2 class=\"content__title\">Bases de petr\u00f3leo na Ar\u00e1bia Saudita sofrem inc\u00eandio<\/h2><\/a><div class=\"newsContent__article__meta\"><div class=\"newsContent__article__meta__authorBox\"><a href=\"https:\/\/www.suno.com.br\/noticias\/author\/rafael\/\" class=\"authorBox__avatar noMobi\"><img src=\"https:\/\/secure.gravatar.com\/avatar\/dfc254ab9bb2ea1895d98b9e9dae4bdd?s=96&#038;r=g\" alt=\"Rafael Lara\"><\/a><div class=\"authorBox__name\"><span>por\n\t\t\t<a href=\"https:\/\/www.suno.com.br\/noticias\/author\/rafael\/\"><span itemprop=\"author\">Rafael Lara<\/span><\/a><\/span><time datetime=\"2019-09-14T14:33:53-03:00\" itemprop=\"datePublished\">14\/09\/2019 14:33<\/time><\/div><\/div><\/div><\/div><\/div>","single_layout":"posts","amp_enabled":true,"_links":{"self":[{"href":"https:\/\/www.suno.com.br\/noticias\/wp-json\/wp\/v2\/posts\/37602"}],"collection":[{"href":"https:\/\/www.suno.com.br\/noticias\/wp-json\/wp\/v2\/posts"}],"about":[{"href":"https:\/\/www.suno.com.br\/noticias\/wp-json\/wp\/v2\/types\/post"}],"author":[{"embeddable":true,"href":"https:\/\/www.suno.com.br\/noticias\/wp-json\/wp\/v2\/users\/23"}],"replies":[{"embeddable":true,"href":"https:\/\/www.suno.com.br\/noticias\/wp-json\/wp\/v2\/comments?post=37602"}],"version-history":[{"count":0,"href":"https:\/\/www.suno.com.br\/noticias\/wp-json\/wp\/v2\/posts\/37602\/revisions"}],"wp:featuredmedia":[{"embeddable":true,"href":"https:\/\/www.suno.com.br\/noticias\/wp-json\/wp\/v2\/media\/37605"}],"wp:attachment":[{"href":"https:\/\/www.suno.com.br\/noticias\/wp-json\/wp\/v2\/media?parent=37602"}],"wp:term":[{"taxonomy":"category","embeddable":true,"href":"https:\/\/www.suno.com.br\/noticias\/wp-json\/wp\/v2\/categories?post=37602"},{"taxonomy":"post_tag","embeddable":true,"href":"https:\/\/www.suno.com.br\/noticias\/wp-json\/wp\/v2\/tags?post=37602"},{"taxonomy":"suno_strategy","embeddable":true,"href":"https:\/\/www.suno.com.br\/noticias\/wp-json\/wp\/v2\/suno_strategy?post=37602"}],"curies":[{"name":"wp","href":"https:\/\/api.w.org\/{rel}","templated":true}]}}