{"id":3756,"date":"2018-09-11T09:58:36","date_gmt":"2018-09-11T12:58:36","guid":{"rendered":"https:\/\/www.suno.com.br\/noticias\/?p=3756"},"modified":"2018-09-11T10:00:25","modified_gmt":"2018-09-11T13:00:25","slug":"ibovespa-queda-datafolha-tensao","status":"publish","type":"post","link":"https:\/\/www.suno.com.br\/noticias\/ibovespa-queda-datafolha-tensao\/","title":{"rendered":"Forte queda dos futuros do Ibovespa e alta do d\u00f3lar ap\u00f3s Datafolha e em meio a tens\u00e3o comercial global"},"content":{"rendered":"<p>A divulga\u00e7\u00e3o da <a href=\"https:\/\/www.suno.com.br\/noticias\/datafolha-desempenho-rejeicao-bolsonaro\/\">\u00faltima pesquisa Datafolha<\/a>, na noite de ontem, mais uma vez mostrou que \u00e9 o notici\u00e1rio pol\u00edtico que rege o mercado nas \u00faltimas semanas. Enquanto uma parcela do mercado esperava que o atentado contra Jair Bolsonaro enfraquecesse a esquerda, a pesquisa mostra que a posi\u00e7\u00e3o dele n\u00e3o mudou muito.<\/p>\t<div class=\"wrapper-featured-image\">\n\t\t<figure class=\"spotlightImg\">\n\n\t\t\t<picture>\n\t\t\t\t<source media=\"(max-width: 768px)\" srcset=\"https:\/\/files.sunoresearch.com.br\/n\/uploads\/2018\/09\/fa20779a-ibovespa-dolar-400x200.webp\">\n\t\t\t\t<img loading=\"lazy\" decoding=\"async\" class=\"newsContent__article__imgCapa lazyloadDisabled newsContent__article__imgCapa--noCaption\" src=\"https:\/\/files.sunoresearch.com.br\/n\/uploads\/2018\/09\/fa20779a-ibovespa-dolar-800x450.webp\" width=\"800\" height=\"450\" alt=\"Forte queda dos futuros do Ibovespa e alta do d\u00f3lar ap\u00f3s Datafolha e em meio a tens\u00e3o comercial global\" fetchpriority=high \/>\n\t\t\t<\/picture>\n\n\t\t\t<figcaption class=\"wp-caption-text wp-caption-text--hide\">infla\u00e7\u00e3o na Am\u00e9rica Latina deve bater as metas apenas em 2024<\/figcaption>\n\t\t<\/figure>\n\t<\/div>\n\n\n<p>Com isso, o contrato futuro do Ibovespa com vencimento em outubro apresenta agora (9h59) queda de 1,95%, despencando 1505 pontos e desfazendo, com sobra, o salto que ocorreu logo depois do atentado. O d\u00f3lar, enquanto isso, tem alta de 1,89% e \u00e9 cotado a R$4,1617.<\/p>\n<p>O Datafolha, considerado uma das pesquisas mais confi\u00e1veis junta ao Ibope, mostrou um aumento de 2 p.p. nas inten\u00e7\u00f5es de voto, dentro da margem de erro. Em segundo lugar, um empate t\u00e9cnico entre quatro candidatos: Ciro Gomes (PDT), Marina Silva (Rede), Geraldo Alckmin (PSDB) e Fernando Haddad (PT) disputam a posi\u00e7\u00e3o.<\/p>\n<p>Vale atentar-se ao movimento dos candidatos em rela\u00e7\u00e3o \u00e0 pesquisa anterior. Enquanto Marina Silva perde for\u00e7a e Alckmin cresce pouco, Ciro Gomes e Fernando Haddad demonstram crescimento expressivo. Nas simula\u00e7\u00f5es de segundo turno, Bolsonaro n\u00e3o venceria em nenhum dos cen\u00e1rios.<\/p>\n<p>Hoje, data limite imposta pelo TSE, <a href=\"https:\/\/www.suno.com.br\/noticias\/haddad-lula-substituir-curitiba\/\">Haddad deve assumir<\/a> o posto de candidato oficialmente pelo PT. Tamb\u00e9m haver\u00e1 a divulga\u00e7\u00e3o da pesquisa do Ibope. Enquanto isso, outra not\u00edcia que abala a situa\u00e7\u00e3o pol\u00edtica, especialmente a de Alckmin, \u00e9 a pris\u00e3o esta manh\u00e3 de Beto Richa, ex-governador e candidato ao Senado pelo PSDB, em a\u00e7\u00e3o da Lava Jato.<\/p>\n<p>No exterior, as preocupa\u00e7\u00f5es crescentes com o cen\u00e1rio de guerra comercial entre os EUA e seus parceiros econ\u00f4micos, especialmente a China, fazem com que os \u00edndices futuros norte-americanos e as bolsas europeias recuem. A China teria pedido autoriza\u00e7\u00e3o \u00e0 OMC para impor tarifas aos EUA, em retalia\u00e7\u00e3o \u00e0 pol\u00edtica tarif\u00e1ria de Donald Trump. Com isso, as bolsas asi\u00e1ticas fecharam sem dire\u00e7\u00e3o definida.<\/p>\n","protected":false},"excerpt":{"rendered":"<p>A divulga\u00e7\u00e3o da \u00faltima pesquisa Datafolha, na noite de ontem, mais uma vez mostrou que \u00e9 o notici\u00e1rio pol\u00edtico que rege o mercado nas \u00faltimas semanas. Enquanto uma parcela do mercado esperava que o atentado contra Jair Bolsonaro enfraquecesse a esquerda, a pesquisa mostra que a posi\u00e7\u00e3o dele n\u00e3o mudou muito. infla\u00e7\u00e3o na Am\u00e9rica Latina [&hellip;]<\/p>\n","protected":false},"author":5,"featured_media":3757,"comment_status":"closed","ping_status":"closed","sticky":false,"template":"","format":"standard","meta":[],"categories":[60],"tags":[309,326],"suno_strategy":[],"class_list":["post-3756","post","type-post","status-publish","format-standard","has-post-thumbnail","hentry","category-mercado","tag-bolsa-de-valores","tag-dolar"],"yoast_head":"<!-- This site is optimized with the Yoast SEO plugin v24.4 - https:\/\/yoast.com\/wordpress\/plugins\/seo\/ -->\n<title>Forte queda dos futuros do Ibovespa e alta do d\u00f3lar ap\u00f3s Datafolha e em meio a tens\u00e3o comercial global<\/title>\n<meta name=\"description\" content=\"Datafolha mostra que esquerda n\u00e3o enfraqueceu e preocupa o mercado, desfazendo o salto p\u00f3s-atentado a Bolsonaro. Clique para saber mais.\" \/>\n<meta name=\"robots\" content=\"index, follow, max-snippet:-1, max-image-preview:large, max-video-preview:-1\" \/>\n<link rel=\"canonical\" href=\"https:\/\/www.suno.com.br\/noticias\/ibovespa-queda-datafolha-tensao\/\" \/>\n<meta property=\"og:locale\" content=\"pt_BR\" \/>\n<meta property=\"og:type\" content=\"article\" \/>\n<meta property=\"og:title\" content=\"Forte queda dos futuros do Ibovespa e alta do d\u00f3lar ap\u00f3s Datafolha e em meio a tens\u00e3o comercial global\" \/>\n<meta property=\"og:description\" content=\"Datafolha mostra que esquerda n\u00e3o enfraqueceu e preocupa o mercado, desfazendo o salto p\u00f3s-atentado a Bolsonaro. Clique para saber mais.\" \/>\n<meta property=\"og:url\" content=\"https:\/\/www.suno.com.br\/noticias\/ibovespa-queda-datafolha-tensao\/\" \/>\n<meta property=\"og:site_name\" content=\"Suno Not\u00edcias\" \/>\n<meta property=\"article:publisher\" content=\"https:\/\/facebook.com\/sunoresearch\" \/>\n<meta property=\"article:author\" content=\"https:\/\/www.linkedin.com\/in\/daniel-quandt-a49985110\/\" \/>\n<meta property=\"og:image\" content=\"https:\/\/files.sunoresearch.com.br\/n\/uploads\/2018\/09\/fa20779a-ibovespa-dolar.jpg\" \/>\n\t<meta property=\"og:image:width\" content=\"1920\" \/>\n\t<meta property=\"og:image:height\" content=\"1280\" \/>\n\t<meta property=\"og:image:type\" content=\"image\/jpeg\" \/>\n<meta name=\"author\" content=\"Daniel Quandt\" \/>\n<meta name=\"twitter:card\" content=\"summary_large_image\" \/>\n<meta name=\"twitter:creator\" content=\"@sunoresearch\" \/>\n<meta name=\"twitter:site\" content=\"@sunoresearch\" \/>\n<meta name=\"twitter:label1\" content=\"Escrito por\" \/>\n\t<meta name=\"twitter:data1\" content=\"Daniel Quandt\" \/>\n\t<meta name=\"twitter:label2\" content=\"Est. tempo de leitura\" \/>\n\t<meta name=\"twitter:data2\" content=\"2 minutos\" \/>\n<script type=\"application\/ld+json\" class=\"yoast-schema-graph\">{\"@context\":\"https:\/\/schema.org\",\"@graph\":[{\"@type\":\"NewsArticle\",\"@id\":\"https:\/\/www.suno.com.br\/noticias\/ibovespa-queda-datafolha-tensao\/#article\",\"isPartOf\":{\"@id\":\"https:\/\/www.suno.com.br\/noticias\/ibovespa-queda-datafolha-tensao\/\"},\"author\":{\"name\":\"Daniel Quandt\",\"@id\":\"https:\/\/www.suno.com.br\/noticias\/#\/schema\/person\/eca2bab82984722db00d1e6facd8bb26\"},\"headline\":\"Forte queda dos futuros do Ibovespa e alta do d\u00f3lar ap\u00f3s Datafolha e em meio a tens\u00e3o comercial global\",\"datePublished\":\"2018-09-11T12:58:36+00:00\",\"dateModified\":\"2018-09-11T13:00:25+00:00\",\"mainEntityOfPage\":{\"@id\":\"https:\/\/www.suno.com.br\/noticias\/ibovespa-queda-datafolha-tensao\/\"},\"wordCount\":350,\"publisher\":{\"@id\":\"https:\/\/www.suno.com.br\/noticias\/#organization\"},\"image\":{\"@id\":\"https:\/\/www.suno.com.br\/noticias\/ibovespa-queda-datafolha-tensao\/#primaryimage\"},\"thumbnailUrl\":\"https:\/\/files.sunoresearch.com.br\/n\/uploads\/2018\/09\/fa20779a-ibovespa-dolar-jpg.webp\",\"keywords\":[\"Bolsa de Valores\",\"d\u00f3lar\"],\"articleSection\":[\"Mercado\"],\"inLanguage\":\"pt-BR\"},{\"@type\":\"WebPage\",\"@id\":\"https:\/\/www.suno.com.br\/noticias\/ibovespa-queda-datafolha-tensao\/\",\"url\":\"https:\/\/www.suno.com.br\/noticias\/ibovespa-queda-datafolha-tensao\/\",\"name\":\"Forte queda dos futuros do Ibovespa e alta do d\u00f3lar ap\u00f3s Datafolha e em meio a tens\u00e3o comercial global\",\"isPartOf\":{\"@id\":\"https:\/\/www.suno.com.br\/noticias\/#website\"},\"primaryImageOfPage\":{\"@id\":\"https:\/\/www.suno.com.br\/noticias\/ibovespa-queda-datafolha-tensao\/#primaryimage\"},\"image\":{\"@id\":\"https:\/\/www.suno.com.br\/noticias\/ibovespa-queda-datafolha-tensao\/#primaryimage\"},\"thumbnailUrl\":\"https:\/\/files.sunoresearch.com.br\/n\/uploads\/2018\/09\/fa20779a-ibovespa-dolar-jpg.webp\",\"datePublished\":\"2018-09-11T12:58:36+00:00\",\"dateModified\":\"2018-09-11T13:00:25+00:00\",\"description\":\"Datafolha mostra que esquerda n\u00e3o enfraqueceu e preocupa o mercado, desfazendo o salto p\u00f3s-atentado a Bolsonaro. Clique para saber mais.\",\"breadcrumb\":{\"@id\":\"https:\/\/www.suno.com.br\/noticias\/ibovespa-queda-datafolha-tensao\/#breadcrumb\"},\"inLanguage\":\"pt-BR\",\"potentialAction\":[{\"@type\":\"ReadAction\",\"target\":[\"https:\/\/www.suno.com.br\/noticias\/ibovespa-queda-datafolha-tensao\/\"]}]},{\"@type\":\"ImageObject\",\"inLanguage\":\"pt-BR\",\"@id\":\"https:\/\/www.suno.com.br\/noticias\/ibovespa-queda-datafolha-tensao\/#primaryimage\",\"url\":\"https:\/\/files.sunoresearch.com.br\/n\/uploads\/2018\/09\/fa20779a-ibovespa-dolar-jpg.webp\",\"contentUrl\":\"https:\/\/files.sunoresearch.com.br\/n\/uploads\/2018\/09\/fa20779a-ibovespa-dolar-jpg.webp\",\"width\":1920,\"height\":1280,\"caption\":\"infla\u00e7\u00e3o na Am\u00e9rica Latina deve bater as metas apenas em 2024\"},{\"@type\":\"BreadcrumbList\",\"@id\":\"https:\/\/www.suno.com.br\/noticias\/ibovespa-queda-datafolha-tensao\/#breadcrumb\",\"itemListElement\":[{\"@type\":\"ListItem\",\"position\":1,\"name\":\"Not\u00edcias\",\"item\":\"https:\/\/www.suno.com.br\/noticias\/\"},{\"@type\":\"ListItem\",\"position\":2,\"name\":\"Mercado\",\"item\":\"https:\/\/www.suno.com.br\/noticias\/mercado\/\"},{\"@type\":\"ListItem\",\"position\":3,\"name\":\"Forte queda dos futuros do Ibovespa e alta do d\u00f3lar ap\u00f3s Datafolha e em meio a tens\u00e3o comercial global\"}]},{\"@type\":\"WebSite\",\"@id\":\"https:\/\/www.suno.com.br\/noticias\/#website\",\"url\":\"https:\/\/www.suno.com.br\/noticias\/\",\"name\":\"Suno Not\u00edcias\",\"description\":\"Seu portal de informa\u00e7\u00e3o sobre o mundo dos investimentos\",\"publisher\":{\"@id\":\"https:\/\/www.suno.com.br\/noticias\/#organization\"},\"potentialAction\":[{\"@type\":\"SearchAction\",\"target\":{\"@type\":\"EntryPoint\",\"urlTemplate\":\"https:\/\/www.suno.com.br\/noticias\/?s={search_term_string}\"},\"query-input\":{\"@type\":\"PropertyValueSpecification\",\"valueRequired\":true,\"valueName\":\"search_term_string\"}}],\"inLanguage\":\"pt-BR\"},{\"@type\":\"Organization\",\"@id\":\"https:\/\/www.suno.com.br\/noticias\/#organization\",\"name\":\"Suno Not\u00edcias\",\"url\":\"https:\/\/www.suno.com.br\/noticias\/\",\"logo\":{\"@type\":\"ImageObject\",\"inLanguage\":\"pt-BR\",\"@id\":\"https:\/\/www.suno.com.br\/noticias\/#\/schema\/logo\/image\/\",\"url\":\"https:\/\/files.sunoresearch.com.br\/n\/uploads\/2021\/09\/suno-logo.png\",\"contentUrl\":\"https:\/\/files.sunoresearch.com.br\/n\/uploads\/2021\/09\/suno-logo.png\",\"width\":180,\"height\":180,\"caption\":\"Suno Not\u00edcias\"},\"image\":{\"@id\":\"https:\/\/www.suno.com.br\/noticias\/#\/schema\/logo\/image\/\"},\"sameAs\":[\"https:\/\/facebook.com\/sunoresearch\",\"https:\/\/x.com\/sunoresearch\",\"https:\/\/www.instagram.com\/suno\",\"https:\/\/www.linkedin.com\/company\/suno-research\/\",\"https:\/\/www.youtube.com\/c\/sunoresearch\"]},{\"@type\":\"Person\",\"@id\":\"https:\/\/www.suno.com.br\/noticias\/#\/schema\/person\/eca2bab82984722db00d1e6facd8bb26\",\"name\":\"Daniel Quandt\",\"image\":{\"@type\":\"ImageObject\",\"inLanguage\":\"pt-BR\",\"@id\":\"https:\/\/www.suno.com.br\/noticias\/#\/schema\/person\/image\/\",\"url\":\"https:\/\/secure.gravatar.com\/avatar\/5faf4378f9fbf4557a5836a88d66f99a?s=96&r=g\",\"contentUrl\":\"https:\/\/secure.gravatar.com\/avatar\/5faf4378f9fbf4557a5836a88d66f99a?s=96&r=g\",\"caption\":\"Daniel Quandt\"},\"description\":\"Aluno da Universidade de S\u00e3o Paulo, Daniel Quandt escreve sobre economia, mercado financeiro e pol\u00edtica no portal da Suno Research. J\u00e1 passou pela Ag\u00eancia USP de Inova\u00e7\u00e3o e pela startup de v\u00eddeo em blockchain Paratii, desenvolvendo seu conhecimento da aplica\u00e7\u00e3o de tecnologia de ponta ao mercado.\",\"sameAs\":[\"https:\/\/www.suno.com.br\/\",\"https:\/\/www.linkedin.com\/in\/daniel-quandt-a49985110\/\"],\"url\":\"https:\/\/www.suno.com.br\/noticias\/author\/daniel-quandt\/\"}]}<\/script>\n<!-- \/ Yoast SEO plugin. -->","yoast_head_json":{"title":"Forte queda dos futuros do Ibovespa e alta do d\u00f3lar ap\u00f3s Datafolha e em meio a tens\u00e3o comercial global","description":"Datafolha mostra que esquerda n\u00e3o enfraqueceu e preocupa o mercado, desfazendo o salto p\u00f3s-atentado a Bolsonaro. Clique para saber mais.","robots":{"index":"index","follow":"follow","max-snippet":"max-snippet:-1","max-image-preview":"max-image-preview:large","max-video-preview":"max-video-preview:-1"},"canonical":"https:\/\/www.suno.com.br\/noticias\/ibovespa-queda-datafolha-tensao\/","og_locale":"pt_BR","og_type":"article","og_title":"Forte queda dos futuros do Ibovespa e alta do d\u00f3lar ap\u00f3s Datafolha e em meio a tens\u00e3o comercial global","og_description":"Datafolha mostra que esquerda n\u00e3o enfraqueceu e preocupa o mercado, desfazendo o salto p\u00f3s-atentado a Bolsonaro. Clique para saber mais.","og_url":"https:\/\/www.suno.com.br\/noticias\/ibovespa-queda-datafolha-tensao\/","og_site_name":"Suno Not\u00edcias","article_publisher":"https:\/\/facebook.com\/sunoresearch","article_author":"https:\/\/www.linkedin.com\/in\/daniel-quandt-a49985110\/","og_image":[{"width":1920,"height":1280,"url":"https:\/\/files.sunoresearch.com.br\/n\/uploads\/2018\/09\/fa20779a-ibovespa-dolar.jpg","type":"image\/jpeg"}],"author":"Daniel Quandt","twitter_card":"summary_large_image","twitter_creator":"@sunoresearch","twitter_site":"@sunoresearch","twitter_misc":{"Escrito por":"Daniel Quandt","Est. tempo de leitura":"2 minutos"},"schema":{"@context":"https:\/\/schema.org","@graph":[{"@type":"NewsArticle","@id":"https:\/\/www.suno.com.br\/noticias\/ibovespa-queda-datafolha-tensao\/#article","isPartOf":{"@id":"https:\/\/www.suno.com.br\/noticias\/ibovespa-queda-datafolha-tensao\/"},"author":{"name":"Daniel Quandt","@id":"https:\/\/www.suno.com.br\/noticias\/#\/schema\/person\/eca2bab82984722db00d1e6facd8bb26"},"headline":"Forte queda dos futuros do Ibovespa e alta do d\u00f3lar ap\u00f3s Datafolha e em meio a tens\u00e3o comercial global","datePublished":"2018-09-11T12:58:36+00:00","dateModified":"2018-09-11T13:00:25+00:00","mainEntityOfPage":{"@id":"https:\/\/www.suno.com.br\/noticias\/ibovespa-queda-datafolha-tensao\/"},"wordCount":350,"publisher":{"@id":"https:\/\/www.suno.com.br\/noticias\/#organization"},"image":{"@id":"https:\/\/www.suno.com.br\/noticias\/ibovespa-queda-datafolha-tensao\/#primaryimage"},"thumbnailUrl":"https:\/\/files.sunoresearch.com.br\/n\/uploads\/2018\/09\/fa20779a-ibovespa-dolar-jpg.webp","keywords":["Bolsa de Valores","d\u00f3lar"],"articleSection":["Mercado"],"inLanguage":"pt-BR"},{"@type":"WebPage","@id":"https:\/\/www.suno.com.br\/noticias\/ibovespa-queda-datafolha-tensao\/","url":"https:\/\/www.suno.com.br\/noticias\/ibovespa-queda-datafolha-tensao\/","name":"Forte queda dos futuros do Ibovespa e alta do d\u00f3lar ap\u00f3s Datafolha e em meio a tens\u00e3o comercial global","isPartOf":{"@id":"https:\/\/www.suno.com.br\/noticias\/#website"},"primaryImageOfPage":{"@id":"https:\/\/www.suno.com.br\/noticias\/ibovespa-queda-datafolha-tensao\/#primaryimage"},"image":{"@id":"https:\/\/www.suno.com.br\/noticias\/ibovespa-queda-datafolha-tensao\/#primaryimage"},"thumbnailUrl":"https:\/\/files.sunoresearch.com.br\/n\/uploads\/2018\/09\/fa20779a-ibovespa-dolar-jpg.webp","datePublished":"2018-09-11T12:58:36+00:00","dateModified":"2018-09-11T13:00:25+00:00","description":"Datafolha mostra que esquerda n\u00e3o enfraqueceu e preocupa o mercado, desfazendo o salto p\u00f3s-atentado a Bolsonaro. Clique para saber mais.","breadcrumb":{"@id":"https:\/\/www.suno.com.br\/noticias\/ibovespa-queda-datafolha-tensao\/#breadcrumb"},"inLanguage":"pt-BR","potentialAction":[{"@type":"ReadAction","target":["https:\/\/www.suno.com.br\/noticias\/ibovespa-queda-datafolha-tensao\/"]}]},{"@type":"ImageObject","inLanguage":"pt-BR","@id":"https:\/\/www.suno.com.br\/noticias\/ibovespa-queda-datafolha-tensao\/#primaryimage","url":"https:\/\/files.sunoresearch.com.br\/n\/uploads\/2018\/09\/fa20779a-ibovespa-dolar-jpg.webp","contentUrl":"https:\/\/files.sunoresearch.com.br\/n\/uploads\/2018\/09\/fa20779a-ibovespa-dolar-jpg.webp","width":1920,"height":1280,"caption":"infla\u00e7\u00e3o na Am\u00e9rica Latina deve bater as metas apenas em 2024"},{"@type":"BreadcrumbList","@id":"https:\/\/www.suno.com.br\/noticias\/ibovespa-queda-datafolha-tensao\/#breadcrumb","itemListElement":[{"@type":"ListItem","position":1,"name":"Not\u00edcias","item":"https:\/\/www.suno.com.br\/noticias\/"},{"@type":"ListItem","position":2,"name":"Mercado","item":"https:\/\/www.suno.com.br\/noticias\/mercado\/"},{"@type":"ListItem","position":3,"name":"Forte queda dos futuros do Ibovespa e alta do d\u00f3lar ap\u00f3s Datafolha e em meio a tens\u00e3o comercial global"}]},{"@type":"WebSite","@id":"https:\/\/www.suno.com.br\/noticias\/#website","url":"https:\/\/www.suno.com.br\/noticias\/","name":"Suno Not\u00edcias","description":"Seu portal de informa\u00e7\u00e3o sobre o mundo dos investimentos","publisher":{"@id":"https:\/\/www.suno.com.br\/noticias\/#organization"},"potentialAction":[{"@type":"SearchAction","target":{"@type":"EntryPoint","urlTemplate":"https:\/\/www.suno.com.br\/noticias\/?s={search_term_string}"},"query-input":{"@type":"PropertyValueSpecification","valueRequired":true,"valueName":"search_term_string"}}],"inLanguage":"pt-BR"},{"@type":"Organization","@id":"https:\/\/www.suno.com.br\/noticias\/#organization","name":"Suno Not\u00edcias","url":"https:\/\/www.suno.com.br\/noticias\/","logo":{"@type":"ImageObject","inLanguage":"pt-BR","@id":"https:\/\/www.suno.com.br\/noticias\/#\/schema\/logo\/image\/","url":"https:\/\/files.sunoresearch.com.br\/n\/uploads\/2021\/09\/suno-logo.png","contentUrl":"https:\/\/files.sunoresearch.com.br\/n\/uploads\/2021\/09\/suno-logo.png","width":180,"height":180,"caption":"Suno Not\u00edcias"},"image":{"@id":"https:\/\/www.suno.com.br\/noticias\/#\/schema\/logo\/image\/"},"sameAs":["https:\/\/facebook.com\/sunoresearch","https:\/\/x.com\/sunoresearch","https:\/\/www.instagram.com\/suno","https:\/\/www.linkedin.com\/company\/suno-research\/","https:\/\/www.youtube.com\/c\/sunoresearch"]},{"@type":"Person","@id":"https:\/\/www.suno.com.br\/noticias\/#\/schema\/person\/eca2bab82984722db00d1e6facd8bb26","name":"Daniel Quandt","image":{"@type":"ImageObject","inLanguage":"pt-BR","@id":"https:\/\/www.suno.com.br\/noticias\/#\/schema\/person\/image\/","url":"https:\/\/secure.gravatar.com\/avatar\/5faf4378f9fbf4557a5836a88d66f99a?s=96&r=g","contentUrl":"https:\/\/secure.gravatar.com\/avatar\/5faf4378f9fbf4557a5836a88d66f99a?s=96&r=g","caption":"Daniel Quandt"},"description":"Aluno da Universidade de S\u00e3o Paulo, Daniel Quandt escreve sobre economia, mercado financeiro e pol\u00edtica no portal da Suno Research. J\u00e1 passou pela Ag\u00eancia USP de Inova\u00e7\u00e3o e pela startup de v\u00eddeo em blockchain Paratii, desenvolvendo seu conhecimento da aplica\u00e7\u00e3o de tecnologia de ponta ao mercado.","sameAs":["https:\/\/www.suno.com.br\/","https:\/\/www.linkedin.com\/in\/daniel-quandt-a49985110\/"],"url":"https:\/\/www.suno.com.br\/noticias\/author\/daniel-quandt\/"}]}},"default_loop_html":"<div class=\"cardsPage__listCard__boxs\"><div class=\"cardsPage__listCard__boxs__img\"><a href=\"https:\/\/www.suno.com.br\/noticias\/ibovespa-queda-datafolha-tensao\/\"><img class=\"mask\" src=\"https:\/\/www.suno.com.br\/noticias\/wp-content\/themes\/suno\/resources\/images\/spotlight\/spotlight1img\/bg-mask.png\" alt=\"Image Mask\"\/><img src=\"https:\/\/files.sunoresearch.com.br\/n\/uploads\/2018\/09\/fa20779a-ibovespa-dolar-400x200.webp\" alt=\"Forte queda dos futuros do Ibovespa e alta do d\u00f3lar ap\u00f3s Datafolha e em meio a tens\u00e3o comercial global\"\/><\/a><span class=\"spotlightCategory\"><a href=\"https:\/\/www.suno.com.br\/noticias\/mercado\/\">Mercado<\/a><\/span><\/div><div class=\"cardsPage__listCard__boxs__content\"><a href=\"https:\/\/www.suno.com.br\/noticias\/ibovespa-queda-datafolha-tensao\/\"><h2 class=\"content__title\">Forte queda dos futuros do Ibovespa e alta do d\u00f3lar ap\u00f3s Datafolha e em meio a tens\u00e3o comercial global<\/h2><\/a><div class=\"newsContent__article__meta\"><div class=\"newsContent__article__meta__authorBox\"><a href=\"https:\/\/www.suno.com.br\/noticias\/author\/daniel-quandt\/\" class=\"authorBox__avatar noMobi\"><img src=\"https:\/\/secure.gravatar.com\/avatar\/5faf4378f9fbf4557a5836a88d66f99a?s=96&#038;r=g\" alt=\"Daniel Quandt\"><\/a><div class=\"authorBox__name\"><span>por\n\t\t\t<a href=\"https:\/\/www.suno.com.br\/noticias\/author\/daniel-quandt\/\"><span itemprop=\"author\">Daniel Quandt<\/span><\/a><\/span><time datetime=\"2018-09-11T09:58:36-03:00\" itemprop=\"datePublished\">11\/09\/2018 09:58<\/time><\/div><\/div><\/div><\/div><\/div>","single_layout":"posts","amp_enabled":true,"_links":{"self":[{"href":"https:\/\/www.suno.com.br\/noticias\/wp-json\/wp\/v2\/posts\/3756"}],"collection":[{"href":"https:\/\/www.suno.com.br\/noticias\/wp-json\/wp\/v2\/posts"}],"about":[{"href":"https:\/\/www.suno.com.br\/noticias\/wp-json\/wp\/v2\/types\/post"}],"author":[{"embeddable":true,"href":"https:\/\/www.suno.com.br\/noticias\/wp-json\/wp\/v2\/users\/5"}],"replies":[{"embeddable":true,"href":"https:\/\/www.suno.com.br\/noticias\/wp-json\/wp\/v2\/comments?post=3756"}],"version-history":[{"count":0,"href":"https:\/\/www.suno.com.br\/noticias\/wp-json\/wp\/v2\/posts\/3756\/revisions"}],"wp:featuredmedia":[{"embeddable":true,"href":"https:\/\/www.suno.com.br\/noticias\/wp-json\/wp\/v2\/media\/3757"}],"wp:attachment":[{"href":"https:\/\/www.suno.com.br\/noticias\/wp-json\/wp\/v2\/media?parent=3756"}],"wp:term":[{"taxonomy":"category","embeddable":true,"href":"https:\/\/www.suno.com.br\/noticias\/wp-json\/wp\/v2\/categories?post=3756"},{"taxonomy":"post_tag","embeddable":true,"href":"https:\/\/www.suno.com.br\/noticias\/wp-json\/wp\/v2\/tags?post=3756"},{"taxonomy":"suno_strategy","embeddable":true,"href":"https:\/\/www.suno.com.br\/noticias\/wp-json\/wp\/v2\/suno_strategy?post=3756"}],"curies":[{"name":"wp","href":"https:\/\/api.w.org\/{rel}","templated":true}]}}