{"id":37499,"date":"2019-09-13T11:48:48","date_gmt":"2019-09-13T14:48:48","guid":{"rendered":"https:\/\/www.suno.com.br\/noticias\/?p=37499"},"modified":"2019-09-18T13:07:20","modified_gmt":"2019-09-18T16:07:20","slug":"reforma-tributaria-dividendos-cpmf","status":"publish","type":"post","link":"https:\/\/www.suno.com.br\/noticias\/reforma-tributaria-dividendos-cpmf\/","title":{"rendered":"Sem CPMF na reforma tribut\u00e1ria, governo estuda tributa\u00e7\u00e3o de dividendos"},"content":{"rendered":"<p>Ap\u00f3s o veto do presidente da Rep\u00fablica,<strong> Jair Bolsonaro<\/strong>, sobre a recria\u00e7\u00e3o da<strong> <a href=\"https:\/\/www.suno.com.br\/artigos\/cpmf\/\">Contribui\u00e7\u00e3o Provis\u00f3ria sobre Movimenta\u00e7\u00e3o Financeira<\/a><\/strong> (CPMF), o ministro da Economia,<strong> <a href=\"https:\/\/www.suno.com.br\/tudo-sobre\/paulo-guedes\/\">Paulo Guedes<\/a><\/strong>, e sua equipe estudam uma reforma tribut\u00e1ria que aumento a press\u00e3o tribut\u00e1ria sobre a camada mais rica.<\/p>\t<div class=\"wrapper-featured-image\">\n\t\t<figure class=\"spotlightImg\">\n\n\t\t\t<picture>\n\t\t\t\t<source media=\"(max-width: 768px)\" srcset=\"https:\/\/files.sunoresearch.com.br\/n\/uploads\/2019\/08\/6d4ea4fe-guedes_paulo-400x200.webp\">\n\t\t\t\t<img loading=\"lazy\" decoding=\"async\" class=\"newsContent__article__imgCapa lazyloadDisabled newsContent__article__imgCapa--noCaption\" src=\"https:\/\/files.sunoresearch.com.br\/n\/uploads\/2019\/08\/6d4ea4fe-guedes_paulo-800x450.webp\" width=\"800\" height=\"450\" alt=\"Sem CPMF na reforma tribut\u00e1ria, governo estuda tributa\u00e7\u00e3o de dividendos\" fetchpriority=high \/>\n\t\t\t<\/picture>\n\n\t\t\t<figcaption class=\"wp-caption-text wp-caption-text--hide\">O ministro da Economia, Paulo Guedes. <\/figcaption>\n\t\t<\/figure>\n\t<\/div>\n\n\n\n<p>De acordo com estudos da<strong> Receita Federal<\/strong>, os contribuintes que se encontram no topo da pir\u00e2mide s\u00e3o os que atualmente pagam menos impostos. Dessa forma, a nova <strong>reforma tribut\u00e1ria<\/strong> tem como foco<strong><a href=\"https:\/\/www.suno.com.br\/artigos\/imposto-de-renda-guia\/\"> tributa\u00e7\u00e3o<\/a> <\/strong>sobre os que possuem maior capital.<\/p>\n<p>Segundo o jornal &#8220;Folha de S.Paulo&#8221;, os ricos pagam menos impostos principalmente pelos benef\u00edcios previstos em aplica\u00e7\u00f5es financeiras, como <a href=\"https:\/\/www.suno.com.br\/dividendos\/\"><strong>dividendos<\/strong><\/a> e fundos exclusivos de investimento.<\/p>\n<p>Os instrumentos que est\u00e3o sendo analisados pelo <strong>Minist\u00e9rio da Economia<\/strong> s\u00e3o os seguintes:<\/p>\n<ul>\n<li>tributa\u00e7\u00e3o de dividendos<\/li>\n<li>redu\u00e7\u00e3o de descontos<\/li>\n<li>revis\u00e3o sobre aplica\u00e7\u00f5es financeiras.<\/li>\n<\/ul>\n<p>Com a demiss\u00e3o de Marcos Cintra, ap\u00f3s a tentativa de criar um imposto semelhante a CPMF, a pasta econ\u00f4mica desistiu de introduzir um novo imposto sobre transa\u00e7\u00f5es financeiras e estuda novos meios de arrecadar recursos..<\/p>\n<h2>CPMF n\u00e3o estar\u00e1 na reforma tribut\u00e1ria<\/h2>\n<p>O presidente Bolsonaro afirmou nesta quarta-feira (11) que o secret\u00e1rio da Receita Federal, <strong>Marcos Cintra<\/strong>, foi demitido pois tentou criar um imposto semelhante CPMF.<\/p>\n<p>Em sua conta do Twitter, o mandat\u00e1rio escreveu ainda que um imposto nos moldes da <strong>CPMF<\/strong> n\u00e3o estar\u00e1 na reforma.<\/p>\n<p>Em um primeiro momento, Cintra ser\u00e1 substitu\u00eddo interinamente pelo auditor fiscal Jos\u00e9 de Assis Ferraz Neto.<\/p>\n<p><a href=\"\/\/www.suno.com.br\/noticias\/reforma-tributaria-rodrigo-maia\/\">Confira Tamb\u00e9m: Maia solicita ao governo que encaminhe sua proposta da reforma tribut\u00e1ria<\/a><\/p>\n<p>Al\u00e9m disso, o presidente afirmou que o aumento da carga de tributos n\u00e3o estar\u00e1 no texto elaborado pelo Governo Federal.<\/p>\n\t<p>\n\t\t<a href=\"https:\/\/lp.suno.com.br\/ao\/cadastro-whatsapp\/\" target=\"_blank\" data-element=\"shortcode-suno-banner\" title=\"Banner SUNO, clique e saiba mais\">\n\t\t\t<picture>\n\t\t\t\t<source media=\"(max-width: 500px)\" srcset=\"https:\/\/files.sunoresearch.com.br\/n\/uploads\/2024\/03\/400x300-whatsapp-Suno.png\">\n\t\t\t\t<img class=\"newsContent__article__imgCapa newsContent__article__imgCapa--banner\"\n\t\t\t\t\tsrc=\"https:\/\/files.sunoresearch.com.br\/n\/uploads\/2024\/03\/1420x240-whatsapp-Suno.png\"\n\t\t\t\t\tdata-promo-id=\"101743\"\t\t\t\t\t\t\t\t\t\twidth='1420' height='240'\t\t\t\t\talt=\"https:\/\/files.sunoresearch.com.br\/n\/uploads\/2024\/03\/1420x240-whatsapp-Suno.png\"\n\t\t\t\t>\n\t\t\t<\/picture>\n\t\t<\/a>\n\t<\/p>\n\n\n<p>&#8220;Tentativa de recriar <strong>CPMF<\/strong> derruba chefe da receita. Paulo Guedes exonerou, a pedido, o chefe da <strong>Receita Federal<\/strong> por diverg\u00eancias no projeto da reforma tribut\u00e1ria. A recria\u00e7\u00e3o da CPMF ou aumento da carga tribut\u00e1ria est\u00e3o fora da <strong>reforma tribut\u00e1ria<\/strong> por determina\u00e7\u00e3o do Presidente&#8221;, publicou Bolsonaro.<\/p>\n","protected":false},"excerpt":{"rendered":"<p>Ap\u00f3s o veto do presidente da Rep\u00fablica, Jair Bolsonaro, sobre a recria\u00e7\u00e3o da Contribui\u00e7\u00e3o Provis\u00f3ria sobre Movimenta\u00e7\u00e3o Financeira (CPMF), o ministro da Economia, Paulo Guedes, e sua equipe estudam uma reforma tribut\u00e1ria que aumento a press\u00e3o tribut\u00e1ria sobre a camada mais rica. O ministro da Economia, Paulo Guedes. De acordo com estudos da Receita Federal, [&hellip;]<\/p>\n","protected":false},"author":15,"featured_media":34080,"comment_status":"closed","ping_status":"closed","sticky":false,"template":"","format":"standard","meta":[],"categories":[62],"tags":[1618,295,1286],"suno_strategy":[],"class_list":["post-37499","post","type-post","status-publish","format-standard","has-post-thumbnail","hentry","category-economia","tag-cpmf","tag-dividendos","tag-reforma-tributaria"],"yoast_head":"<!-- This site is optimized with the Yoast SEO plugin v24.4 - https:\/\/yoast.com\/wordpress\/plugins\/seo\/ -->\n<title>Sem CPMF na reforma tribut\u00e1ria, governo estuda tributa\u00e7\u00e3o de dividendos<\/title>\n<meta name=\"description\" content=\"A nova reforma tribut\u00e1ria tem como foco tributa\u00e7\u00e3o sobre os mais rico pois pagam menos impostos, diz governo. Clique aqui e saiba mais\" \/>\n<meta name=\"robots\" content=\"index, follow, max-snippet:-1, max-image-preview:large, max-video-preview:-1\" \/>\n<link rel=\"canonical\" href=\"https:\/\/www.suno.com.br\/noticias\/reforma-tributaria-dividendos-cpmf\/\" \/>\n<meta property=\"og:locale\" content=\"pt_BR\" \/>\n<meta property=\"og:type\" content=\"article\" \/>\n<meta property=\"og:title\" content=\"Sem CPMF na reforma tribut\u00e1ria, governo estuda tributa\u00e7\u00e3o de dividendos\" \/>\n<meta property=\"og:description\" content=\"A nova reforma tribut\u00e1ria tem como foco tributa\u00e7\u00e3o sobre os mais rico pois pagam menos impostos, diz governo. Clique aqui e saiba mais\" \/>\n<meta property=\"og:url\" content=\"https:\/\/www.suno.com.br\/noticias\/reforma-tributaria-dividendos-cpmf\/\" \/>\n<meta property=\"og:site_name\" content=\"Suno Not\u00edcias\" \/>\n<meta property=\"article:publisher\" content=\"https:\/\/facebook.com\/sunoresearch\" \/>\n<meta property=\"og:image\" content=\"https:\/\/files.sunoresearch.com.br\/n\/uploads\/2019\/08\/6d4ea4fe-guedes_paulo.jpg\" \/>\n\t<meta property=\"og:image:width\" content=\"800\" \/>\n\t<meta property=\"og:image:height\" content=\"500\" \/>\n\t<meta property=\"og:image:type\" content=\"image\/jpeg\" \/>\n<meta name=\"author\" content=\"Poliana Santos\" \/>\n<meta name=\"twitter:card\" content=\"summary_large_image\" \/>\n<meta name=\"twitter:creator\" content=\"@sunoresearch\" \/>\n<meta name=\"twitter:site\" content=\"@sunoresearch\" \/>\n<meta name=\"twitter:label1\" content=\"Escrito por\" \/>\n\t<meta name=\"twitter:data1\" content=\"Poliana Santos\" \/>\n\t<meta name=\"twitter:label2\" content=\"Est. tempo de leitura\" \/>\n\t<meta name=\"twitter:data2\" content=\"2 minutos\" \/>\n<script type=\"application\/ld+json\" class=\"yoast-schema-graph\">{\"@context\":\"https:\/\/schema.org\",\"@graph\":[{\"@type\":\"NewsArticle\",\"@id\":\"https:\/\/www.suno.com.br\/noticias\/reforma-tributaria-dividendos-cpmf\/#article\",\"isPartOf\":{\"@id\":\"https:\/\/www.suno.com.br\/noticias\/reforma-tributaria-dividendos-cpmf\/\"},\"author\":{\"name\":\"Poliana Santos\",\"@id\":\"https:\/\/www.suno.com.br\/noticias\/#\/schema\/person\/02ec1f752758247878a2bf4abee1aeda\"},\"headline\":\"Sem CPMF na reforma tribut\u00e1ria, governo estuda tributa\u00e7\u00e3o de dividendos\",\"datePublished\":\"2019-09-13T14:48:48+00:00\",\"dateModified\":\"2019-09-18T16:07:20+00:00\",\"mainEntityOfPage\":{\"@id\":\"https:\/\/www.suno.com.br\/noticias\/reforma-tributaria-dividendos-cpmf\/\"},\"wordCount\":368,\"publisher\":{\"@id\":\"https:\/\/www.suno.com.br\/noticias\/#organization\"},\"image\":{\"@id\":\"https:\/\/www.suno.com.br\/noticias\/reforma-tributaria-dividendos-cpmf\/#primaryimage\"},\"thumbnailUrl\":\"https:\/\/files.sunoresearch.com.br\/n\/uploads\/2019\/08\/6d4ea4fe-guedes_paulo-jpg.webp\",\"keywords\":[\"CPMF\",\"dividendos\",\"reforma tribut\u00e1ria\"],\"articleSection\":[\"Economia\"],\"inLanguage\":\"pt-BR\"},{\"@type\":\"WebPage\",\"@id\":\"https:\/\/www.suno.com.br\/noticias\/reforma-tributaria-dividendos-cpmf\/\",\"url\":\"https:\/\/www.suno.com.br\/noticias\/reforma-tributaria-dividendos-cpmf\/\",\"name\":\"Sem CPMF na reforma tribut\u00e1ria, governo estuda tributa\u00e7\u00e3o de dividendos\",\"isPartOf\":{\"@id\":\"https:\/\/www.suno.com.br\/noticias\/#website\"},\"primaryImageOfPage\":{\"@id\":\"https:\/\/www.suno.com.br\/noticias\/reforma-tributaria-dividendos-cpmf\/#primaryimage\"},\"image\":{\"@id\":\"https:\/\/www.suno.com.br\/noticias\/reforma-tributaria-dividendos-cpmf\/#primaryimage\"},\"thumbnailUrl\":\"https:\/\/files.sunoresearch.com.br\/n\/uploads\/2019\/08\/6d4ea4fe-guedes_paulo-jpg.webp\",\"datePublished\":\"2019-09-13T14:48:48+00:00\",\"dateModified\":\"2019-09-18T16:07:20+00:00\",\"description\":\"A nova reforma tribut\u00e1ria tem como foco tributa\u00e7\u00e3o sobre os mais rico pois pagam menos impostos, diz governo. Clique aqui e saiba mais\",\"breadcrumb\":{\"@id\":\"https:\/\/www.suno.com.br\/noticias\/reforma-tributaria-dividendos-cpmf\/#breadcrumb\"},\"inLanguage\":\"pt-BR\",\"potentialAction\":[{\"@type\":\"ReadAction\",\"target\":[\"https:\/\/www.suno.com.br\/noticias\/reforma-tributaria-dividendos-cpmf\/\"]}]},{\"@type\":\"ImageObject\",\"inLanguage\":\"pt-BR\",\"@id\":\"https:\/\/www.suno.com.br\/noticias\/reforma-tributaria-dividendos-cpmf\/#primaryimage\",\"url\":\"https:\/\/files.sunoresearch.com.br\/n\/uploads\/2019\/08\/6d4ea4fe-guedes_paulo-jpg.webp\",\"contentUrl\":\"https:\/\/files.sunoresearch.com.br\/n\/uploads\/2019\/08\/6d4ea4fe-guedes_paulo-jpg.webp\",\"width\":800,\"height\":500,\"caption\":\"O ministro da Economia, Paulo Guedes.\"},{\"@type\":\"BreadcrumbList\",\"@id\":\"https:\/\/www.suno.com.br\/noticias\/reforma-tributaria-dividendos-cpmf\/#breadcrumb\",\"itemListElement\":[{\"@type\":\"ListItem\",\"position\":1,\"name\":\"Not\u00edcias\",\"item\":\"https:\/\/www.suno.com.br\/noticias\/\"},{\"@type\":\"ListItem\",\"position\":2,\"name\":\"Economia\",\"item\":\"https:\/\/www.suno.com.br\/noticias\/economia\/\"},{\"@type\":\"ListItem\",\"position\":3,\"name\":\"Sem CPMF na reforma tribut\u00e1ria, governo estuda tributa\u00e7\u00e3o de dividendos\"}]},{\"@type\":\"WebSite\",\"@id\":\"https:\/\/www.suno.com.br\/noticias\/#website\",\"url\":\"https:\/\/www.suno.com.br\/noticias\/\",\"name\":\"Suno Not\u00edcias\",\"description\":\"Seu portal de informa\u00e7\u00e3o sobre o mundo dos investimentos\",\"publisher\":{\"@id\":\"https:\/\/www.suno.com.br\/noticias\/#organization\"},\"potentialAction\":[{\"@type\":\"SearchAction\",\"target\":{\"@type\":\"EntryPoint\",\"urlTemplate\":\"https:\/\/www.suno.com.br\/noticias\/?s={search_term_string}\"},\"query-input\":{\"@type\":\"PropertyValueSpecification\",\"valueRequired\":true,\"valueName\":\"search_term_string\"}}],\"inLanguage\":\"pt-BR\"},{\"@type\":\"Organization\",\"@id\":\"https:\/\/www.suno.com.br\/noticias\/#organization\",\"name\":\"Suno Not\u00edcias\",\"url\":\"https:\/\/www.suno.com.br\/noticias\/\",\"logo\":{\"@type\":\"ImageObject\",\"inLanguage\":\"pt-BR\",\"@id\":\"https:\/\/www.suno.com.br\/noticias\/#\/schema\/logo\/image\/\",\"url\":\"https:\/\/files.sunoresearch.com.br\/n\/uploads\/2021\/09\/suno-logo.png\",\"contentUrl\":\"https:\/\/files.sunoresearch.com.br\/n\/uploads\/2021\/09\/suno-logo.png\",\"width\":180,\"height\":180,\"caption\":\"Suno Not\u00edcias\"},\"image\":{\"@id\":\"https:\/\/www.suno.com.br\/noticias\/#\/schema\/logo\/image\/\"},\"sameAs\":[\"https:\/\/facebook.com\/sunoresearch\",\"https:\/\/x.com\/sunoresearch\",\"https:\/\/www.instagram.com\/suno\",\"https:\/\/www.linkedin.com\/company\/suno-research\/\",\"https:\/\/www.youtube.com\/c\/sunoresearch\"]},{\"@type\":\"Person\",\"@id\":\"https:\/\/www.suno.com.br\/noticias\/#\/schema\/person\/02ec1f752758247878a2bf4abee1aeda\",\"name\":\"Poliana Santos\",\"image\":{\"@type\":\"ImageObject\",\"inLanguage\":\"pt-BR\",\"@id\":\"https:\/\/www.suno.com.br\/noticias\/#\/schema\/person\/image\/\",\"url\":\"https:\/\/secure.gravatar.com\/avatar\/0645bd32f23d87b2130f2b2dff1d3f8d?s=96&r=g\",\"contentUrl\":\"https:\/\/secure.gravatar.com\/avatar\/0645bd32f23d87b2130f2b2dff1d3f8d?s=96&r=g\",\"caption\":\"Poliana Santos\"},\"description\":\"Rep\u00f3rter no Suno Not\u00edcias, com cobertura em mercado financeiro, economia, finan\u00e7as pessoais, renda fixa e varejo. Jornalista formada pela Faculdade C\u00e1sper L\u00edbero e possui passagem na R\u00e1dio Gazeta AM com a produ\u00e7\u00e3o de conte\u00fado sobre economia, pol\u00edtica, sa\u00fade, moda e m\u00fasica. Possui certificado de conclus\u00e3o do curso de An\u00e1lise de Balan\u00e7os pela Funda\u00e7\u00e3o Bradesco, Agenda Brasil pela FAAP, Educa\u00e7\u00e3o Pol\u00edtica por Alexandre Garcia e do Tesouro Direto e Mercado de A\u00e7\u00f5es pela B3.\",\"url\":\"https:\/\/www.suno.com.br\/noticias\/author\/poliana-santos\/\"}]}<\/script>\n<!-- \/ Yoast SEO plugin. -->","yoast_head_json":{"title":"Sem CPMF na reforma tribut\u00e1ria, governo estuda tributa\u00e7\u00e3o de dividendos","description":"A nova reforma tribut\u00e1ria tem como foco tributa\u00e7\u00e3o sobre os mais rico pois pagam menos impostos, diz governo. Clique aqui e saiba mais","robots":{"index":"index","follow":"follow","max-snippet":"max-snippet:-1","max-image-preview":"max-image-preview:large","max-video-preview":"max-video-preview:-1"},"canonical":"https:\/\/www.suno.com.br\/noticias\/reforma-tributaria-dividendos-cpmf\/","og_locale":"pt_BR","og_type":"article","og_title":"Sem CPMF na reforma tribut\u00e1ria, governo estuda tributa\u00e7\u00e3o de dividendos","og_description":"A nova reforma tribut\u00e1ria tem como foco tributa\u00e7\u00e3o sobre os mais rico pois pagam menos impostos, diz governo. Clique aqui e saiba mais","og_url":"https:\/\/www.suno.com.br\/noticias\/reforma-tributaria-dividendos-cpmf\/","og_site_name":"Suno Not\u00edcias","article_publisher":"https:\/\/facebook.com\/sunoresearch","og_image":[{"width":800,"height":500,"url":"https:\/\/files.sunoresearch.com.br\/n\/uploads\/2019\/08\/6d4ea4fe-guedes_paulo.jpg","type":"image\/jpeg"}],"author":"Poliana Santos","twitter_card":"summary_large_image","twitter_creator":"@sunoresearch","twitter_site":"@sunoresearch","twitter_misc":{"Escrito por":"Poliana Santos","Est. tempo de leitura":"2 minutos"},"schema":{"@context":"https:\/\/schema.org","@graph":[{"@type":"NewsArticle","@id":"https:\/\/www.suno.com.br\/noticias\/reforma-tributaria-dividendos-cpmf\/#article","isPartOf":{"@id":"https:\/\/www.suno.com.br\/noticias\/reforma-tributaria-dividendos-cpmf\/"},"author":{"name":"Poliana Santos","@id":"https:\/\/www.suno.com.br\/noticias\/#\/schema\/person\/02ec1f752758247878a2bf4abee1aeda"},"headline":"Sem CPMF na reforma tribut\u00e1ria, governo estuda tributa\u00e7\u00e3o de dividendos","datePublished":"2019-09-13T14:48:48+00:00","dateModified":"2019-09-18T16:07:20+00:00","mainEntityOfPage":{"@id":"https:\/\/www.suno.com.br\/noticias\/reforma-tributaria-dividendos-cpmf\/"},"wordCount":368,"publisher":{"@id":"https:\/\/www.suno.com.br\/noticias\/#organization"},"image":{"@id":"https:\/\/www.suno.com.br\/noticias\/reforma-tributaria-dividendos-cpmf\/#primaryimage"},"thumbnailUrl":"https:\/\/files.sunoresearch.com.br\/n\/uploads\/2019\/08\/6d4ea4fe-guedes_paulo-jpg.webp","keywords":["CPMF","dividendos","reforma tribut\u00e1ria"],"articleSection":["Economia"],"inLanguage":"pt-BR"},{"@type":"WebPage","@id":"https:\/\/www.suno.com.br\/noticias\/reforma-tributaria-dividendos-cpmf\/","url":"https:\/\/www.suno.com.br\/noticias\/reforma-tributaria-dividendos-cpmf\/","name":"Sem CPMF na reforma tribut\u00e1ria, governo estuda tributa\u00e7\u00e3o de dividendos","isPartOf":{"@id":"https:\/\/www.suno.com.br\/noticias\/#website"},"primaryImageOfPage":{"@id":"https:\/\/www.suno.com.br\/noticias\/reforma-tributaria-dividendos-cpmf\/#primaryimage"},"image":{"@id":"https:\/\/www.suno.com.br\/noticias\/reforma-tributaria-dividendos-cpmf\/#primaryimage"},"thumbnailUrl":"https:\/\/files.sunoresearch.com.br\/n\/uploads\/2019\/08\/6d4ea4fe-guedes_paulo-jpg.webp","datePublished":"2019-09-13T14:48:48+00:00","dateModified":"2019-09-18T16:07:20+00:00","description":"A nova reforma tribut\u00e1ria tem como foco tributa\u00e7\u00e3o sobre os mais rico pois pagam menos impostos, diz governo. Clique aqui e saiba mais","breadcrumb":{"@id":"https:\/\/www.suno.com.br\/noticias\/reforma-tributaria-dividendos-cpmf\/#breadcrumb"},"inLanguage":"pt-BR","potentialAction":[{"@type":"ReadAction","target":["https:\/\/www.suno.com.br\/noticias\/reforma-tributaria-dividendos-cpmf\/"]}]},{"@type":"ImageObject","inLanguage":"pt-BR","@id":"https:\/\/www.suno.com.br\/noticias\/reforma-tributaria-dividendos-cpmf\/#primaryimage","url":"https:\/\/files.sunoresearch.com.br\/n\/uploads\/2019\/08\/6d4ea4fe-guedes_paulo-jpg.webp","contentUrl":"https:\/\/files.sunoresearch.com.br\/n\/uploads\/2019\/08\/6d4ea4fe-guedes_paulo-jpg.webp","width":800,"height":500,"caption":"O ministro da Economia, Paulo Guedes."},{"@type":"BreadcrumbList","@id":"https:\/\/www.suno.com.br\/noticias\/reforma-tributaria-dividendos-cpmf\/#breadcrumb","itemListElement":[{"@type":"ListItem","position":1,"name":"Not\u00edcias","item":"https:\/\/www.suno.com.br\/noticias\/"},{"@type":"ListItem","position":2,"name":"Economia","item":"https:\/\/www.suno.com.br\/noticias\/economia\/"},{"@type":"ListItem","position":3,"name":"Sem CPMF na reforma tribut\u00e1ria, governo estuda tributa\u00e7\u00e3o de dividendos"}]},{"@type":"WebSite","@id":"https:\/\/www.suno.com.br\/noticias\/#website","url":"https:\/\/www.suno.com.br\/noticias\/","name":"Suno Not\u00edcias","description":"Seu portal de informa\u00e7\u00e3o sobre o mundo dos investimentos","publisher":{"@id":"https:\/\/www.suno.com.br\/noticias\/#organization"},"potentialAction":[{"@type":"SearchAction","target":{"@type":"EntryPoint","urlTemplate":"https:\/\/www.suno.com.br\/noticias\/?s={search_term_string}"},"query-input":{"@type":"PropertyValueSpecification","valueRequired":true,"valueName":"search_term_string"}}],"inLanguage":"pt-BR"},{"@type":"Organization","@id":"https:\/\/www.suno.com.br\/noticias\/#organization","name":"Suno Not\u00edcias","url":"https:\/\/www.suno.com.br\/noticias\/","logo":{"@type":"ImageObject","inLanguage":"pt-BR","@id":"https:\/\/www.suno.com.br\/noticias\/#\/schema\/logo\/image\/","url":"https:\/\/files.sunoresearch.com.br\/n\/uploads\/2021\/09\/suno-logo.png","contentUrl":"https:\/\/files.sunoresearch.com.br\/n\/uploads\/2021\/09\/suno-logo.png","width":180,"height":180,"caption":"Suno Not\u00edcias"},"image":{"@id":"https:\/\/www.suno.com.br\/noticias\/#\/schema\/logo\/image\/"},"sameAs":["https:\/\/facebook.com\/sunoresearch","https:\/\/x.com\/sunoresearch","https:\/\/www.instagram.com\/suno","https:\/\/www.linkedin.com\/company\/suno-research\/","https:\/\/www.youtube.com\/c\/sunoresearch"]},{"@type":"Person","@id":"https:\/\/www.suno.com.br\/noticias\/#\/schema\/person\/02ec1f752758247878a2bf4abee1aeda","name":"Poliana Santos","image":{"@type":"ImageObject","inLanguage":"pt-BR","@id":"https:\/\/www.suno.com.br\/noticias\/#\/schema\/person\/image\/","url":"https:\/\/secure.gravatar.com\/avatar\/0645bd32f23d87b2130f2b2dff1d3f8d?s=96&r=g","contentUrl":"https:\/\/secure.gravatar.com\/avatar\/0645bd32f23d87b2130f2b2dff1d3f8d?s=96&r=g","caption":"Poliana Santos"},"description":"Rep\u00f3rter no Suno Not\u00edcias, com cobertura em mercado financeiro, economia, finan\u00e7as pessoais, renda fixa e varejo. Jornalista formada pela Faculdade C\u00e1sper L\u00edbero e possui passagem na R\u00e1dio Gazeta AM com a produ\u00e7\u00e3o de conte\u00fado sobre economia, pol\u00edtica, sa\u00fade, moda e m\u00fasica. Possui certificado de conclus\u00e3o do curso de An\u00e1lise de Balan\u00e7os pela Funda\u00e7\u00e3o Bradesco, Agenda Brasil pela FAAP, Educa\u00e7\u00e3o Pol\u00edtica por Alexandre Garcia e do Tesouro Direto e Mercado de A\u00e7\u00f5es pela B3.","url":"https:\/\/www.suno.com.br\/noticias\/author\/poliana-santos\/"}]}},"default_loop_html":"<div class=\"cardsPage__listCard__boxs\"><div class=\"cardsPage__listCard__boxs__img\"><a href=\"https:\/\/www.suno.com.br\/noticias\/reforma-tributaria-dividendos-cpmf\/\"><img class=\"mask\" src=\"https:\/\/www.suno.com.br\/noticias\/wp-content\/themes\/suno\/resources\/images\/spotlight\/spotlight1img\/bg-mask.png\" alt=\"Image Mask\"\/><img src=\"https:\/\/files.sunoresearch.com.br\/n\/uploads\/2019\/08\/6d4ea4fe-guedes_paulo-400x200.webp\" alt=\"Sem CPMF na reforma tribut\u00e1ria, governo estuda tributa\u00e7\u00e3o de dividendos\"\/><\/a><span class=\"spotlightCategory\"><a href=\"https:\/\/www.suno.com.br\/noticias\/economia\/\">Economia<\/a><\/span><\/div><div class=\"cardsPage__listCard__boxs__content\"><a href=\"https:\/\/www.suno.com.br\/noticias\/reforma-tributaria-dividendos-cpmf\/\"><h2 class=\"content__title\">Sem CPMF na reforma tribut\u00e1ria, governo estuda tributa\u00e7\u00e3o de dividendos<\/h2><\/a><div class=\"newsContent__article__meta\"><div class=\"newsContent__article__meta__authorBox\"><a href=\"https:\/\/www.suno.com.br\/noticias\/author\/poliana-santos\/\" class=\"authorBox__avatar noMobi\"><img src=\"https:\/\/files.sunoresearch.com.br\/n\/uploads\/2020\/08\/7ef34026-whatsapp-image-2020-08-03-at-12.37.57-150x150.webp\" alt=\"Poliana Santos\"><\/a><div class=\"authorBox__name\"><span>por\n\t\t\t<a href=\"https:\/\/www.suno.com.br\/noticias\/author\/poliana-santos\/\"><span itemprop=\"author\">Poliana Santos<\/span><\/a><\/span><time datetime=\"2019-09-13T11:48:48-03:00\" itemprop=\"datePublished\">13\/09\/2019 11:48<\/time><\/div><\/div><\/div><\/div><\/div>","single_layout":"posts","amp_enabled":true,"_links":{"self":[{"href":"https:\/\/www.suno.com.br\/noticias\/wp-json\/wp\/v2\/posts\/37499"}],"collection":[{"href":"https:\/\/www.suno.com.br\/noticias\/wp-json\/wp\/v2\/posts"}],"about":[{"href":"https:\/\/www.suno.com.br\/noticias\/wp-json\/wp\/v2\/types\/post"}],"author":[{"embeddable":true,"href":"https:\/\/www.suno.com.br\/noticias\/wp-json\/wp\/v2\/users\/15"}],"replies":[{"embeddable":true,"href":"https:\/\/www.suno.com.br\/noticias\/wp-json\/wp\/v2\/comments?post=37499"}],"version-history":[{"count":0,"href":"https:\/\/www.suno.com.br\/noticias\/wp-json\/wp\/v2\/posts\/37499\/revisions"}],"wp:featuredmedia":[{"embeddable":true,"href":"https:\/\/www.suno.com.br\/noticias\/wp-json\/wp\/v2\/media\/34080"}],"wp:attachment":[{"href":"https:\/\/www.suno.com.br\/noticias\/wp-json\/wp\/v2\/media?parent=37499"}],"wp:term":[{"taxonomy":"category","embeddable":true,"href":"https:\/\/www.suno.com.br\/noticias\/wp-json\/wp\/v2\/categories?post=37499"},{"taxonomy":"post_tag","embeddable":true,"href":"https:\/\/www.suno.com.br\/noticias\/wp-json\/wp\/v2\/tags?post=37499"},{"taxonomy":"suno_strategy","embeddable":true,"href":"https:\/\/www.suno.com.br\/noticias\/wp-json\/wp\/v2\/suno_strategy?post=37499"}],"curies":[{"name":"wp","href":"https:\/\/api.w.org\/{rel}","templated":true}]}}