{"id":374645,"date":"2023-03-10T08:55:46","date_gmt":"2023-03-10T11:55:46","guid":{"rendered":"https:\/\/www.suno.com.br\/noticias\/?p=374645"},"modified":"2023-03-10T08:55:49","modified_gmt":"2023-03-10T11:55:49","slug":"china-carne-brasil-ocasiao-oportuna","status":"publish","type":"post","link":"https:\/\/www.suno.com.br\/noticias\/china-carne-brasil-ocasiao-oportuna\/","title":{"rendered":"China s\u00f3 voltar\u00e1 a importar carne do Brasil em &#8216;ocasi\u00e3o oportuna&#8217;"},"content":{"rendered":"<p>As autoridades sanit\u00e1rias da <strong>China <\/strong>sinalizaram ao governo do Brasil que <a href=\"https:\/\/www.suno.com.br\/noticias\/minerva-beef3-vaca-louca-empresas\/\" target=\"_blank\" rel=\"noreferrer noopener\">retomar\u00e3o importa\u00e7\u00f5es de carne bovina &#8216;em um momento oportuno&#8217;<\/a>.<\/p><div class=\"videoFull \">\n\t\t\t<div class=\"videoWrapper yt-lazyload center\"\n\t\t\t\tdata-width=\"960\"\n\t\t\t\tdata-height=\"540\"\n\t\t\t\tdata-id=\"Vo2YT8VxQFU\"\n\t\t\t\tdata-alt=\"V\u00eddeo do YouTube - clique para reproduzir\"\n\t\t\t\tdata-logo=\"3\"\n\t\t\t\tdata-imagequality=\"maxres\">\n\t\t\t<\/div>\n\t\t<\/div><script type=\"application\/ld+json\">{\"@context\":\"https:\/\/schema.org\",\"@type\":\"VideoObject\",\"name\":\"IMPOSTO DE HADDAD REVOLTA PETROLEIRAS | IRB (IRBR3) tem preju\u00edzo | R\u00fassia faz ataque intenso\",\"description\":\"\ud83d\udcc8 \ud835\udc00 \ud835\udc12\ud835\udc2e\ud835\udc27\ud835\udc28 \ud835\udc1e \ud835\udc1a \ud835\udc01\ud835\udfd1 \ud835\uddf9\ud835\uddee\ud835\uddfb\u00e7\ud835\uddee\ud835\uddff\ud835\uddee\ud835\uddfa \ud835\udc2e\ud835\udc26 \ud835\udc1c\ud835\udc2e\ud835\udc2b\ud835\udc2c\ud835\udc28 \ud835\udc2a\ud835\udc2e\ud835\udc1e \ud835\udc2f\ud835\udc1a\ud835\udc22 \ud835\udc2d\ud835\udc1e \ud835\udc1e\ud835\udc27\ud835\udc2c\ud835\udc22\ud835\udc27\ud835\udc1a\ud835\udc2b \ud835\udc1d\ud835\udc1e \ud835\udc06\ud835\udc11\ud835\udc00\u00c7\ud835\udc00 \ud835\udc28 \ud835\udc29\ud835\udc1a\ud835\udc2c\ud835\udc2c\ud835\udc28 \ud835\udc1a \ud835\udc29\ud835\udc1a\ud835\udc2c\ud835\udc2c\ud835\udc28 \ud835\udc29\ud835\udc1a\ud835\udc2b\ud835\udc1a \ud835\udc1f\ud835\udc1a\ud835\udc33\ud835\udc1e\ud835\udc2b \ud835\udc28 \ud835\udc2c\ud835\udc1e\ud835\udc2e \ud835\udfcf\u00ba \ud835\udc22\ud835\udc27\ud835\udc2f\ud835\udc1e\ud835\udc2c\ud835\udc2d\ud835\udc22\ud835\udc26\ud835\udc1e\ud835\udc27\ud835\udc2d\ud835\udc28 \ud835\udc27\ud835\udc1a \ud835\udc1b\ud835\udc28\ud835\udc25\ud835\udc2c\ud835\udc1a \ud835\udc1d\ud835\udc1e \ud835\udc2f\ud835\udc1a\ud835\udc25\ud835\udc28\ud835\udc2b\ud835\udc1e\ud835\udc2c \ud835\udc1e \ud835\udc1e\ud835\udc27\ud835\udc2d\ud835\udc1e\ud835\udc27\ud835\udc1d\ud835\udc1e\ud835\udc2b \ud835\udc1c\ud835\udc28\ud835\udc26\ud835\udc28 \ud835\udc1f\ud835\udc1a\ud835\udc33\ud835\udc1e\ud835\udc2b \ud835\udc29\ud835\udc1a\ud835\udc2b\ud835\udc1a \ud835\udc26\ud835\udc1e\ud835\udc25\ud835\udc21\ud835\udc28\ud835\udc2b\ud835\udc1a\ud835\udc2b \ud835\udc2c\ud835\udc1e\ud835\udc2e\ud835\udc2c \ud835\udc2b\ud835\udc1e\ud835\udc2c\ud835\udc2e\ud835\udc25\ud835\udc2d\ud835\udc1a\ud835\udc1d\ud835\udc28\ud835\udc2c. CLIQUE NO LINK E GARANTA J\u00c1 \ud83d\udc47 https:\/\/lp.suno.com.br\/cl\/busque-os-melhores-resultados-na-b3-com-a-suno\/?utm_source=youtube.noticias&utm_medium=live&utm_campaign=RS.TSB23.ns.20230306&utm_content=noticias.live19h.06032023 \ud83d\udd0e \ud83d\udcca[\ud835\uddf2\ud835\uddd5\ud835\uddfc\ud835\uddfc\ud835\uddf8 \ud835\uddda\ud835\udde5\ud835\uddd4\ud835\udde7\ud835\udde8\ud835\udddc\ud835\udde7\ud835\udde2] \ud835\uddd4\ud835\uddfd\ud835\uddff\ud835\uddf2\ud835\uddfb\ud835\uddf1\ud835\uddee \ud835\uddf0\ud835\uddfc\ud835\uddfa\ud835\uddfc \ud835\uddee\ud835\uddfb\ud835\uddee\ud835\uddf9\ud835\uddf6\ud835\ude00\ud835\uddee\ud835\uddff \ud835\ude02\ud835\uddfa\ud835\uddee \ud835\uddee\u00e7\u00e3\ud835\uddfc\u200b \ud83d\udc47 https:\/\/lp.suno.com.br\/ebook-como-analisar-uma-acao\/?utm_source=youtube.noticias&utm_medium=live&utm_campaign=ebookcomoanalisarumaacao.20230206&utm_content=ytnoticias.morning.10022023\u2026\",\"duration\":\"PT39M6S\",\"embedUrl\":\"https:\/\/www.youtube.com\/embed\/Vo2YT8VxQFU\",\"regionsAllowed\":\"pt-BR\",\"interactionStatistic\":{\"@type\":\"InteractionCounter\",\"interactionType\":{\"@type\":\"WatchAction\"},\"userInteractionCount\":5153},\"thumbnailUrl\":\"https:\/\/i.ytimg.com\/vi\/Vo2YT8VxQFU\/default.jpg\",\"uploadDate\":\"2023-03-09T22:51:44Z\"}<\/script>\n\n\n\n\n\t<p>\n\t\t<a href=\"\" target=\"_blank\" data-element=\"shortcode-suno-banner\" title=\"Banner SUNO, clique e saiba mais\">\n\t\t\t<picture>\n\t\t\t\t<source media=\"(max-width: 500px)\" srcset=\"\">\n\t\t\t\t<img class=\"newsContent__article__imgCapa newsContent__article__imgCapa--banner\"\n\t\t\t\t\tsrc=\"\"\n\t\t\t\t\tdata-promo-id=\"240038\"\t\t\t\t\t\t\t\t\t\t\t\t\t\t\talt=\"\"\n\t\t\t\t>\n\t\t\t<\/picture>\n\t\t<\/a>\n\t<\/p>\n\n\n\n\n\n<p>O aceno foi dado em reuni\u00e3o bilateral na noite da \u00faltima ter\u00e7a-feira (7) quando o Minist\u00e9rio da Agricultura repassou \u00e0 Administra\u00e7\u00e3o Geral de Alf\u00e2ndegas da China (Gacc, na sigla em ingl\u00eas) as \u00faltimas informa\u00e7\u00f5es t\u00e9cnicas a respeito do caso isolado e at\u00edpico de encefalopatia espongiforme bovina (EEB) &#8211; doen\u00e7a popularmente conhecida como &#8220;<strong><a href=\"https:\/\/www.suno.com.br\/noticias\/vaca-louca-ministro-descarta-aumento-preco-carne\/\" target=\"_blank\" rel=\"noreferrer noopener\">mal da vaca louca<\/a><\/strong>&#8221; &#8211; detectado em um animal no Par\u00e1 em fevereiro.<\/p>\n\n\n\n<p>Do lado brasileiro, a avalia\u00e7\u00e3o \u00e9 de que n\u00e3o h\u00e1 o que ser feito neste momento para a retomada das <strong>exporta\u00e7\u00f5es<\/strong>.<\/p>\n\n\n\n<p>Ainda assim, o governo mant\u00e9m a expectativa para desembara\u00e7o das vendas externas antes da viagem do presidente <a href=\"https:\/\/www.suno.com.br\/noticias\/web-stories\/projeto-lei-igualdade-salarial\/\" target=\"_blank\" rel=\"noreferrer noopener\">Lula (PT)<\/a> ao pa\u00eds no fim do m\u00eas.<\/p>\n\n\n\t<p>\n\t\t<a href=\"\" target=\"_blank\" data-element=\"shortcode-suno-banner\" title=\"Banner SUNO, clique e saiba mais\">\n\t\t\t<picture>\n\t\t\t\t<source media=\"(max-width: 500px)\" srcset=\"\">\n\t\t\t\t<img class=\"newsContent__article__imgCapa newsContent__article__imgCapa--banner\"\n\t\t\t\t\tsrc=\"\"\n\t\t\t\t\tdata-promo-id=\"274968\"\t\t\t\t\t\t\t\t\t\t\t\t\t\t\talt=\"\"\n\t\t\t\t>\n\t\t\t<\/picture>\n\t\t<\/a>\n\t<\/p>\n\n\n\n\n\n<h2 class=\"wp-block-heading\" id=\"h-china-novos-emprestimos-na-china-caem-a-1-81-trilhao-de-yuans\">China: novos empr\u00e9stimos na China caem a 1,81 trilh\u00e3o de yuans<\/h2>\n\n\n\n<p>Os bancos da China reduziram fortemente a concess\u00e3o de empr\u00e9stimos no m\u00eas passado, mas superaram as expectativas, \u00e0 medida que o governo chin\u00eas manteve esfor\u00e7os para impulsionar o crescimento econ\u00f4mico ap\u00f3s quase tr\u00eas anos de restri\u00e7\u00f5es motivadas pela pandemia de covid-19.<\/p>\n\n\n\n<p>Em fevereiro, os bancos chineses liberaram 1,81 trilh\u00e3o de yuans (US$ 259,88 bilh\u00f5es) em novos empr\u00e9stimos, montante <a class=\"suno-keyword\" target=\"_blank\" data-force=\"no\" data-priority=\"1\" href=\"https:\/\/www.suno.com.br\/artigos\/bem-inferior\/\" rel=\"noopener\">bem inferior<\/a> ao recorde de 4,9 trilh\u00f5es de yuans repassados em janeiro, segundo dados publicados nesta sexat-feira,10, pelo PBoC.<\/p>\n\n\n\n<p>A cifra de fevereiro, no entanto, veio acima da expectativa de analistas consultados pelo <i>The Wall Street Journal<\/i>, que previam 1,4 trilh\u00e3o de yuans em novos empr\u00e9stimos.<\/p>\n\n\n\n<p>O financiamento social total, uma medida mais ampla do cr\u00e9dito na economia chinesa, diminuiu para 3,16 trilh\u00f5es de yuans em fevereiro, ante 5,98 trilh\u00f5es de yuans em janeiro.<\/p>\n\n\n\n<p>A <a class=\"suno-keyword\" data-force=\"no\" data-priority=\"1\" href=\"https:\/\/www.suno.com.br\/artigos\/base-monetaria\/\" target=\"_blank\" rel=\"noopener\">base monet\u00e1ria<\/a> da  <strong>China <\/strong>(M2), por sua vez, teve acr\u00e9scimo anual de 12,9% em fevereiro, ganhando for\u00e7a ante a alta de 12,6% de janeiro. O resultado do m\u00eas passado superou a proje\u00e7\u00e3o do mercado, de incremento de 12,5%.<\/p>\n\n\n\n<p>Com Estad\u00e3o Conte\u00fado<\/p>\n\n\n\t<p>\n\t\t<a href=\"https:\/\/lp.suno.com.br\/planilha-controle-gastos\/\" target=\"_blank\" data-element=\"shortcode-suno-banner\" title=\"Banner SUNO, clique e saiba mais\">\n\t\t\t<picture>\n\t\t\t\t<source media=\"(max-width: 500px)\" srcset=\"https:\/\/files.sunoresearch.com.br\/n\/uploads\/2023\/03\/400x300-Planilha-controle-de-gastos.png\">\n\t\t\t\t<img class=\"newsContent__article__imgCapa newsContent__article__imgCapa--banner\"\n\t\t\t\t\tsrc=\"https:\/\/files.sunoresearch.com.br\/n\/uploads\/2023\/03\/1420x240-Planilha-controle-de-gastos.png\"\n\t\t\t\t\tdata-promo-id=\"101751\"\t\t\t\t\t\t\t\t\t\twidth='1420' height='240'\t\t\t\t\talt=\"https:\/\/files.sunoresearch.com.br\/n\/uploads\/2023\/03\/1420x240-Planilha-controle-de-gastos.png\"\n\t\t\t\t>\n\t\t\t<\/picture>\n\t\t<\/a>\n\t<\/p>\n\n\n","protected":false},"excerpt":{"rendered":"<p>As autoridades sanit\u00e1rias da China sinalizaram ao governo do Brasil que retomar\u00e3o importa\u00e7\u00f5es de carne bovina &#8216;em um momento oportuno&#8217;. O aceno foi dado em reuni\u00e3o bilateral na noite da \u00faltima ter\u00e7a-feira (7) quando o Minist\u00e9rio da Agricultura repassou \u00e0 Administra\u00e7\u00e3o Geral de Alf\u00e2ndegas da China (Gacc, na sigla em ingl\u00eas) as \u00faltimas informa\u00e7\u00f5es t\u00e9cnicas [&hellip;]<\/p>\n","protected":false},"author":73,"featured_media":230995,"comment_status":"closed","ping_status":"closed","sticky":false,"template":"","format":"standard","meta":[],"categories":[63],"tags":[106444,711,2209],"suno_strategy":[],"class_list":["post-374645","post","type-post","status-publish","format-standard","has-post-thumbnail","hentry","category-internacional","tag-agencias","tag-china","tag-frigorificos"],"yoast_head":"<!-- This site is optimized with the Yoast SEO plugin v24.4 - https:\/\/yoast.com\/wordpress\/plugins\/seo\/ -->\n<title>China s\u00f3 voltar\u00e1 a importar carne do Brasil em &#039;ocasi\u00e3o oportuna&#039;<\/title>\n<meta name=\"description\" content=\"Recentemente a China suspendeu as importa\u00e7\u00f5es de carne bovina por conta de um caso de &#039;doen\u00e7a da vaca louca&#039;. Clique e confira!\" \/>\n<meta name=\"robots\" content=\"index, follow, max-snippet:-1, max-image-preview:large, max-video-preview:-1\" \/>\n<link rel=\"canonical\" href=\"https:\/\/www.suno.com.br\/noticias\/china-carne-brasil-ocasiao-oportuna\/\" \/>\n<meta property=\"og:locale\" content=\"pt_BR\" \/>\n<meta property=\"og:type\" content=\"article\" \/>\n<meta property=\"og:title\" content=\"China s\u00f3 voltar\u00e1 a importar carne do Brasil em &#039;ocasi\u00e3o oportuna&#039;\" \/>\n<meta property=\"og:description\" content=\"Recentemente a China suspendeu as importa\u00e7\u00f5es de carne bovina por conta de um caso de &#039;doen\u00e7a da vaca louca&#039;. Clique e confira!\" \/>\n<meta property=\"og:url\" content=\"https:\/\/www.suno.com.br\/noticias\/china-carne-brasil-ocasiao-oportuna\/\" \/>\n<meta property=\"og:site_name\" content=\"Suno Not\u00edcias\" \/>\n<meta property=\"article:publisher\" content=\"https:\/\/facebook.com\/sunoresearch\" \/>\n<meta property=\"og:image\" content=\"https:\/\/files.sunoresearch.com.br\/n\/uploads\/2022\/02\/pexels-pixabay-36347-scaled.jpg\" \/>\n\t<meta property=\"og:image:width\" content=\"2560\" \/>\n\t<meta property=\"og:image:height\" content=\"1707\" \/>\n\t<meta property=\"og:image:type\" content=\"image\/jpeg\" \/>\n<meta name=\"author\" content=\"Eduardo Vargas\" \/>\n<meta name=\"twitter:card\" content=\"summary_large_image\" \/>\n<meta name=\"twitter:creator\" content=\"@sunoresearch\" \/>\n<meta name=\"twitter:site\" content=\"@sunoresearch\" \/>\n<meta name=\"twitter:label1\" content=\"Escrito por\" \/>\n\t<meta name=\"twitter:data1\" content=\"Eduardo Vargas\" \/>\n\t<meta name=\"twitter:label2\" content=\"Est. tempo de leitura\" \/>\n\t<meta name=\"twitter:data2\" content=\"2 minutos\" \/>\n<script type=\"application\/ld+json\" class=\"yoast-schema-graph\">{\"@context\":\"https:\/\/schema.org\",\"@graph\":[{\"@type\":\"NewsArticle\",\"@id\":\"https:\/\/www.suno.com.br\/noticias\/china-carne-brasil-ocasiao-oportuna\/#article\",\"isPartOf\":{\"@id\":\"https:\/\/www.suno.com.br\/noticias\/china-carne-brasil-ocasiao-oportuna\/\"},\"author\":{\"name\":\"Eduardo Vargas\",\"@id\":\"https:\/\/www.suno.com.br\/noticias\/#\/schema\/person\/7f4d362bf3518e76090143ae77bb49a5\"},\"headline\":\"China s\u00f3 voltar\u00e1 a importar carne do Brasil em &#8216;ocasi\u00e3o oportuna&#8217;\",\"datePublished\":\"2023-03-10T11:55:46+00:00\",\"dateModified\":\"2023-03-10T11:55:49+00:00\",\"mainEntityOfPage\":{\"@id\":\"https:\/\/www.suno.com.br\/noticias\/china-carne-brasil-ocasiao-oportuna\/\"},\"wordCount\":370,\"publisher\":{\"@id\":\"https:\/\/www.suno.com.br\/noticias\/#organization\"},\"image\":{\"@id\":\"https:\/\/www.suno.com.br\/noticias\/china-carne-brasil-ocasiao-oportuna\/#primaryimage\"},\"thumbnailUrl\":\"https:\/\/files.sunoresearch.com.br\/n\/uploads\/2022\/02\/pexels-pixabay-36347-scaled.jpg\",\"keywords\":[\"Ag\u00eancias\",\"China\",\"frigor\u00edficos\"],\"articleSection\":[\"Internacional\"],\"inLanguage\":\"pt-BR\"},{\"@type\":\"WebPage\",\"@id\":\"https:\/\/www.suno.com.br\/noticias\/china-carne-brasil-ocasiao-oportuna\/\",\"url\":\"https:\/\/www.suno.com.br\/noticias\/china-carne-brasil-ocasiao-oportuna\/\",\"name\":\"China s\u00f3 voltar\u00e1 a importar carne do Brasil em 'ocasi\u00e3o oportuna'\",\"isPartOf\":{\"@id\":\"https:\/\/www.suno.com.br\/noticias\/#website\"},\"primaryImageOfPage\":{\"@id\":\"https:\/\/www.suno.com.br\/noticias\/china-carne-brasil-ocasiao-oportuna\/#primaryimage\"},\"image\":{\"@id\":\"https:\/\/www.suno.com.br\/noticias\/china-carne-brasil-ocasiao-oportuna\/#primaryimage\"},\"thumbnailUrl\":\"https:\/\/files.sunoresearch.com.br\/n\/uploads\/2022\/02\/pexels-pixabay-36347-scaled.jpg\",\"datePublished\":\"2023-03-10T11:55:46+00:00\",\"dateModified\":\"2023-03-10T11:55:49+00:00\",\"description\":\"Recentemente a China suspendeu as importa\u00e7\u00f5es de carne bovina por conta de um caso de 'doen\u00e7a da vaca louca'. Clique e confira!\",\"breadcrumb\":{\"@id\":\"https:\/\/www.suno.com.br\/noticias\/china-carne-brasil-ocasiao-oportuna\/#breadcrumb\"},\"inLanguage\":\"pt-BR\",\"potentialAction\":[{\"@type\":\"ReadAction\",\"target\":[\"https:\/\/www.suno.com.br\/noticias\/china-carne-brasil-ocasiao-oportuna\/\"]}]},{\"@type\":\"ImageObject\",\"inLanguage\":\"pt-BR\",\"@id\":\"https:\/\/www.suno.com.br\/noticias\/china-carne-brasil-ocasiao-oportuna\/#primaryimage\",\"url\":\"https:\/\/files.sunoresearch.com.br\/n\/uploads\/2022\/02\/pexels-pixabay-36347-scaled.jpg\",\"contentUrl\":\"https:\/\/files.sunoresearch.com.br\/n\/uploads\/2022\/02\/pexels-pixabay-36347-scaled.jpg\",\"width\":2560,\"height\":1707,\"caption\":\"Exporta\u00e7\u00f5es de carne bovina e su\u00edna impulsionam desempenho dos frigor\u00edficos. Foto: Pexels.\"},{\"@type\":\"BreadcrumbList\",\"@id\":\"https:\/\/www.suno.com.br\/noticias\/china-carne-brasil-ocasiao-oportuna\/#breadcrumb\",\"itemListElement\":[{\"@type\":\"ListItem\",\"position\":1,\"name\":\"Not\u00edcias\",\"item\":\"https:\/\/www.suno.com.br\/noticias\/\"},{\"@type\":\"ListItem\",\"position\":2,\"name\":\"Internacional\",\"item\":\"https:\/\/www.suno.com.br\/noticias\/internacional\/\"},{\"@type\":\"ListItem\",\"position\":3,\"name\":\"China s\u00f3 voltar\u00e1 a importar carne do Brasil em &#8216;ocasi\u00e3o oportuna&#8217;\"}]},{\"@type\":\"WebSite\",\"@id\":\"https:\/\/www.suno.com.br\/noticias\/#website\",\"url\":\"https:\/\/www.suno.com.br\/noticias\/\",\"name\":\"Suno Not\u00edcias\",\"description\":\"Seu portal de informa\u00e7\u00e3o sobre o mundo dos investimentos\",\"publisher\":{\"@id\":\"https:\/\/www.suno.com.br\/noticias\/#organization\"},\"potentialAction\":[{\"@type\":\"SearchAction\",\"target\":{\"@type\":\"EntryPoint\",\"urlTemplate\":\"https:\/\/www.suno.com.br\/noticias\/?s={search_term_string}\"},\"query-input\":{\"@type\":\"PropertyValueSpecification\",\"valueRequired\":true,\"valueName\":\"search_term_string\"}}],\"inLanguage\":\"pt-BR\"},{\"@type\":\"Organization\",\"@id\":\"https:\/\/www.suno.com.br\/noticias\/#organization\",\"name\":\"Suno Not\u00edcias\",\"url\":\"https:\/\/www.suno.com.br\/noticias\/\",\"logo\":{\"@type\":\"ImageObject\",\"inLanguage\":\"pt-BR\",\"@id\":\"https:\/\/www.suno.com.br\/noticias\/#\/schema\/logo\/image\/\",\"url\":\"https:\/\/files.sunoresearch.com.br\/n\/uploads\/2021\/09\/suno-logo.png\",\"contentUrl\":\"https:\/\/files.sunoresearch.com.br\/n\/uploads\/2021\/09\/suno-logo.png\",\"width\":180,\"height\":180,\"caption\":\"Suno Not\u00edcias\"},\"image\":{\"@id\":\"https:\/\/www.suno.com.br\/noticias\/#\/schema\/logo\/image\/\"},\"sameAs\":[\"https:\/\/facebook.com\/sunoresearch\",\"https:\/\/x.com\/sunoresearch\",\"https:\/\/www.instagram.com\/suno\",\"https:\/\/www.linkedin.com\/company\/suno-research\/\",\"https:\/\/www.youtube.com\/c\/sunoresearch\"]},{\"@type\":\"Person\",\"@id\":\"https:\/\/www.suno.com.br\/noticias\/#\/schema\/person\/7f4d362bf3518e76090143ae77bb49a5\",\"name\":\"Eduardo Vargas\",\"image\":{\"@type\":\"ImageObject\",\"inLanguage\":\"pt-BR\",\"@id\":\"https:\/\/www.suno.com.br\/noticias\/#\/schema\/person\/image\/\",\"url\":\"https:\/\/secure.gravatar.com\/avatar\/dac340933427a22924c9f99d1eb2e3f2?s=96&r=g\",\"contentUrl\":\"https:\/\/secure.gravatar.com\/avatar\/dac340933427a22924c9f99d1eb2e3f2?s=96&r=g\",\"caption\":\"Eduardo Vargas\"},\"description\":\"Jornalista formado pela UFSC, cobre macroeconomia, neg\u00f3cios e startups para o Suno Not\u00edcias, escrevendo principalmente not\u00edcias sobre o mercado financeiro e a bolsa de valores. No YouTube e no Instagram, \u00e9 respons\u00e1vel pela produ\u00e7\u00e3o de Reels e Shorts do Suno Not\u00edcias. Anteriormente, trabalhou cobrindo economia e cotidiano no ND+ e para o ND, maior jornal impresso de Santa Catarina. Cursou um semestre letivo de Estudos de M\u00eddia na Universidad de Buenos Aires.\",\"url\":\"https:\/\/www.suno.com.br\/noticias\/author\/eduardo-vargas\/\"}]}<\/script>\n<!-- \/ Yoast SEO plugin. -->","yoast_head_json":{"title":"China s\u00f3 voltar\u00e1 a importar carne do Brasil em 'ocasi\u00e3o oportuna'","description":"Recentemente a China suspendeu as importa\u00e7\u00f5es de carne bovina por conta de um caso de 'doen\u00e7a da vaca louca'. Clique e confira!","robots":{"index":"index","follow":"follow","max-snippet":"max-snippet:-1","max-image-preview":"max-image-preview:large","max-video-preview":"max-video-preview:-1"},"canonical":"https:\/\/www.suno.com.br\/noticias\/china-carne-brasil-ocasiao-oportuna\/","og_locale":"pt_BR","og_type":"article","og_title":"China s\u00f3 voltar\u00e1 a importar carne do Brasil em 'ocasi\u00e3o oportuna'","og_description":"Recentemente a China suspendeu as importa\u00e7\u00f5es de carne bovina por conta de um caso de 'doen\u00e7a da vaca louca'. Clique e confira!","og_url":"https:\/\/www.suno.com.br\/noticias\/china-carne-brasil-ocasiao-oportuna\/","og_site_name":"Suno Not\u00edcias","article_publisher":"https:\/\/facebook.com\/sunoresearch","og_image":[{"width":2560,"height":1707,"url":"https:\/\/files.sunoresearch.com.br\/n\/uploads\/2022\/02\/pexels-pixabay-36347-scaled.jpg","type":"image\/jpeg"}],"author":"Eduardo Vargas","twitter_card":"summary_large_image","twitter_creator":"@sunoresearch","twitter_site":"@sunoresearch","twitter_misc":{"Escrito por":"Eduardo Vargas","Est. tempo de leitura":"2 minutos"},"schema":{"@context":"https:\/\/schema.org","@graph":[{"@type":"NewsArticle","@id":"https:\/\/www.suno.com.br\/noticias\/china-carne-brasil-ocasiao-oportuna\/#article","isPartOf":{"@id":"https:\/\/www.suno.com.br\/noticias\/china-carne-brasil-ocasiao-oportuna\/"},"author":{"name":"Eduardo Vargas","@id":"https:\/\/www.suno.com.br\/noticias\/#\/schema\/person\/7f4d362bf3518e76090143ae77bb49a5"},"headline":"China s\u00f3 voltar\u00e1 a importar carne do Brasil em &#8216;ocasi\u00e3o oportuna&#8217;","datePublished":"2023-03-10T11:55:46+00:00","dateModified":"2023-03-10T11:55:49+00:00","mainEntityOfPage":{"@id":"https:\/\/www.suno.com.br\/noticias\/china-carne-brasil-ocasiao-oportuna\/"},"wordCount":370,"publisher":{"@id":"https:\/\/www.suno.com.br\/noticias\/#organization"},"image":{"@id":"https:\/\/www.suno.com.br\/noticias\/china-carne-brasil-ocasiao-oportuna\/#primaryimage"},"thumbnailUrl":"https:\/\/files.sunoresearch.com.br\/n\/uploads\/2022\/02\/pexels-pixabay-36347-scaled.jpg","keywords":["Ag\u00eancias","China","frigor\u00edficos"],"articleSection":["Internacional"],"inLanguage":"pt-BR"},{"@type":"WebPage","@id":"https:\/\/www.suno.com.br\/noticias\/china-carne-brasil-ocasiao-oportuna\/","url":"https:\/\/www.suno.com.br\/noticias\/china-carne-brasil-ocasiao-oportuna\/","name":"China s\u00f3 voltar\u00e1 a importar carne do Brasil em 'ocasi\u00e3o oportuna'","isPartOf":{"@id":"https:\/\/www.suno.com.br\/noticias\/#website"},"primaryImageOfPage":{"@id":"https:\/\/www.suno.com.br\/noticias\/china-carne-brasil-ocasiao-oportuna\/#primaryimage"},"image":{"@id":"https:\/\/www.suno.com.br\/noticias\/china-carne-brasil-ocasiao-oportuna\/#primaryimage"},"thumbnailUrl":"https:\/\/files.sunoresearch.com.br\/n\/uploads\/2022\/02\/pexels-pixabay-36347-scaled.jpg","datePublished":"2023-03-10T11:55:46+00:00","dateModified":"2023-03-10T11:55:49+00:00","description":"Recentemente a China suspendeu as importa\u00e7\u00f5es de carne bovina por conta de um caso de 'doen\u00e7a da vaca louca'. Clique e confira!","breadcrumb":{"@id":"https:\/\/www.suno.com.br\/noticias\/china-carne-brasil-ocasiao-oportuna\/#breadcrumb"},"inLanguage":"pt-BR","potentialAction":[{"@type":"ReadAction","target":["https:\/\/www.suno.com.br\/noticias\/china-carne-brasil-ocasiao-oportuna\/"]}]},{"@type":"ImageObject","inLanguage":"pt-BR","@id":"https:\/\/www.suno.com.br\/noticias\/china-carne-brasil-ocasiao-oportuna\/#primaryimage","url":"https:\/\/files.sunoresearch.com.br\/n\/uploads\/2022\/02\/pexels-pixabay-36347-scaled.jpg","contentUrl":"https:\/\/files.sunoresearch.com.br\/n\/uploads\/2022\/02\/pexels-pixabay-36347-scaled.jpg","width":2560,"height":1707,"caption":"Exporta\u00e7\u00f5es de carne bovina e su\u00edna impulsionam desempenho dos frigor\u00edficos. Foto: Pexels."},{"@type":"BreadcrumbList","@id":"https:\/\/www.suno.com.br\/noticias\/china-carne-brasil-ocasiao-oportuna\/#breadcrumb","itemListElement":[{"@type":"ListItem","position":1,"name":"Not\u00edcias","item":"https:\/\/www.suno.com.br\/noticias\/"},{"@type":"ListItem","position":2,"name":"Internacional","item":"https:\/\/www.suno.com.br\/noticias\/internacional\/"},{"@type":"ListItem","position":3,"name":"China s\u00f3 voltar\u00e1 a importar carne do Brasil em &#8216;ocasi\u00e3o oportuna&#8217;"}]},{"@type":"WebSite","@id":"https:\/\/www.suno.com.br\/noticias\/#website","url":"https:\/\/www.suno.com.br\/noticias\/","name":"Suno Not\u00edcias","description":"Seu portal de informa\u00e7\u00e3o sobre o mundo dos investimentos","publisher":{"@id":"https:\/\/www.suno.com.br\/noticias\/#organization"},"potentialAction":[{"@type":"SearchAction","target":{"@type":"EntryPoint","urlTemplate":"https:\/\/www.suno.com.br\/noticias\/?s={search_term_string}"},"query-input":{"@type":"PropertyValueSpecification","valueRequired":true,"valueName":"search_term_string"}}],"inLanguage":"pt-BR"},{"@type":"Organization","@id":"https:\/\/www.suno.com.br\/noticias\/#organization","name":"Suno Not\u00edcias","url":"https:\/\/www.suno.com.br\/noticias\/","logo":{"@type":"ImageObject","inLanguage":"pt-BR","@id":"https:\/\/www.suno.com.br\/noticias\/#\/schema\/logo\/image\/","url":"https:\/\/files.sunoresearch.com.br\/n\/uploads\/2021\/09\/suno-logo.png","contentUrl":"https:\/\/files.sunoresearch.com.br\/n\/uploads\/2021\/09\/suno-logo.png","width":180,"height":180,"caption":"Suno Not\u00edcias"},"image":{"@id":"https:\/\/www.suno.com.br\/noticias\/#\/schema\/logo\/image\/"},"sameAs":["https:\/\/facebook.com\/sunoresearch","https:\/\/x.com\/sunoresearch","https:\/\/www.instagram.com\/suno","https:\/\/www.linkedin.com\/company\/suno-research\/","https:\/\/www.youtube.com\/c\/sunoresearch"]},{"@type":"Person","@id":"https:\/\/www.suno.com.br\/noticias\/#\/schema\/person\/7f4d362bf3518e76090143ae77bb49a5","name":"Eduardo Vargas","image":{"@type":"ImageObject","inLanguage":"pt-BR","@id":"https:\/\/www.suno.com.br\/noticias\/#\/schema\/person\/image\/","url":"https:\/\/secure.gravatar.com\/avatar\/dac340933427a22924c9f99d1eb2e3f2?s=96&r=g","contentUrl":"https:\/\/secure.gravatar.com\/avatar\/dac340933427a22924c9f99d1eb2e3f2?s=96&r=g","caption":"Eduardo Vargas"},"description":"Jornalista formado pela UFSC, cobre macroeconomia, neg\u00f3cios e startups para o Suno Not\u00edcias, escrevendo principalmente not\u00edcias sobre o mercado financeiro e a bolsa de valores. No YouTube e no Instagram, \u00e9 respons\u00e1vel pela produ\u00e7\u00e3o de Reels e Shorts do Suno Not\u00edcias. Anteriormente, trabalhou cobrindo economia e cotidiano no ND+ e para o ND, maior jornal impresso de Santa Catarina. Cursou um semestre letivo de Estudos de M\u00eddia na Universidad de Buenos Aires.","url":"https:\/\/www.suno.com.br\/noticias\/author\/eduardo-vargas\/"}]}},"default_loop_html":"<div class=\"cardsPage__listCard__boxs\"><div class=\"cardsPage__listCard__boxs__img\"><a href=\"https:\/\/www.suno.com.br\/noticias\/china-carne-brasil-ocasiao-oportuna\/\"><img class=\"mask\" src=\"https:\/\/www.suno.com.br\/noticias\/wp-content\/themes\/suno\/resources\/images\/spotlight\/spotlight1img\/bg-mask.png\" alt=\"Image Mask\"\/><img src=\"https:\/\/files.sunoresearch.com.br\/n\/uploads\/2022\/02\/pexels-pixabay-36347-400x200.jpg\" alt=\"China s\u00f3 voltar\u00e1 a importar carne do Brasil em &#8216;ocasi\u00e3o oportuna&#8217;\"\/><\/a><span class=\"spotlightCategory\"><a href=\"https:\/\/www.suno.com.br\/noticias\/internacional\/\">Internacional<\/a><\/span><\/div><div class=\"cardsPage__listCard__boxs__content\"><a href=\"https:\/\/www.suno.com.br\/noticias\/china-carne-brasil-ocasiao-oportuna\/\"><h2 class=\"content__title\">China s\u00f3 voltar\u00e1 a importar carne do Brasil em &#8216;ocasi\u00e3o oportuna&#8217;<\/h2><\/a><div class=\"newsContent__article__meta\"><div class=\"newsContent__article__meta__authorBox\"><a href=\"https:\/\/www.suno.com.br\/noticias\/author\/eduardo-vargas\/\" class=\"authorBox__avatar noMobi\"><img src=\"https:\/\/secure.gravatar.com\/avatar\/dac340933427a22924c9f99d1eb2e3f2?s=96&#038;r=g\" alt=\"Eduardo Vargas\"><\/a><div class=\"authorBox__name\"><span>por\n\t\t\t<a href=\"https:\/\/www.suno.com.br\/noticias\/author\/eduardo-vargas\/\"><span itemprop=\"author\">Eduardo Vargas<\/span><\/a><\/span><time datetime=\"2023-03-10T08:55:46-03:00\" itemprop=\"datePublished\">10\/03\/2023 08:55<\/time><\/div><\/div><\/div><\/div><\/div>","single_layout":"posts","amp_enabled":true,"_links":{"self":[{"href":"https:\/\/www.suno.com.br\/noticias\/wp-json\/wp\/v2\/posts\/374645"}],"collection":[{"href":"https:\/\/www.suno.com.br\/noticias\/wp-json\/wp\/v2\/posts"}],"about":[{"href":"https:\/\/www.suno.com.br\/noticias\/wp-json\/wp\/v2\/types\/post"}],"author":[{"embeddable":true,"href":"https:\/\/www.suno.com.br\/noticias\/wp-json\/wp\/v2\/users\/73"}],"replies":[{"embeddable":true,"href":"https:\/\/www.suno.com.br\/noticias\/wp-json\/wp\/v2\/comments?post=374645"}],"version-history":[{"count":3,"href":"https:\/\/www.suno.com.br\/noticias\/wp-json\/wp\/v2\/posts\/374645\/revisions"}],"predecessor-version":[{"id":374671,"href":"https:\/\/www.suno.com.br\/noticias\/wp-json\/wp\/v2\/posts\/374645\/revisions\/374671"}],"wp:featuredmedia":[{"embeddable":true,"href":"https:\/\/www.suno.com.br\/noticias\/wp-json\/wp\/v2\/media\/230995"}],"wp:attachment":[{"href":"https:\/\/www.suno.com.br\/noticias\/wp-json\/wp\/v2\/media?parent=374645"}],"wp:term":[{"taxonomy":"category","embeddable":true,"href":"https:\/\/www.suno.com.br\/noticias\/wp-json\/wp\/v2\/categories?post=374645"},{"taxonomy":"post_tag","embeddable":true,"href":"https:\/\/www.suno.com.br\/noticias\/wp-json\/wp\/v2\/tags?post=374645"},{"taxonomy":"suno_strategy","embeddable":true,"href":"https:\/\/www.suno.com.br\/noticias\/wp-json\/wp\/v2\/suno_strategy?post=374645"}],"curies":[{"name":"wp","href":"https:\/\/api.w.org\/{rel}","templated":true}]}}