{"id":37445,"date":"2019-09-13T08:05:56","date_gmt":"2019-09-13T11:05:56","guid":{"rendered":"https:\/\/www.suno.com.br\/noticias\/?p=37445"},"modified":"2019-09-13T08:05:56","modified_gmt":"2019-09-13T11:05:56","slug":"vale-suspende-mineracao-exploracao-acao","status":"publish","type":"post","link":"https:\/\/www.suno.com.br\/noticias\/vale-suspende-mineracao-exploracao-acao\/","title":{"rendered":"Vale atende determina\u00e7\u00e3o da ANM e suspende explora\u00e7\u00e3o de Brutucu"},"content":{"rendered":"<p>A<strong> mineradora<\/strong> Vale (VALE3) informou na \u00faltima quinta-feira (13) que suspendeu trabalhos em uma frente de lavra da mina de <strong>Brucutu<\/strong>, em S\u00e3o Gon\u00e7alo do Rio Abaixo, <strong>Minas Gerais<\/strong>.<\/p>\t<div class=\"wrapper-featured-image\">\n\t\t<figure class=\"spotlightImg\">\n\n\t\t\t<picture>\n\t\t\t\t<source media=\"(max-width: 768px)\" srcset=\"https:\/\/files.sunoresearch.com.br\/n\/uploads\/2019\/04\/0f373374-vale-400x200.webp\">\n\t\t\t\t<img loading=\"lazy\" decoding=\"async\" class=\"newsContent__article__imgCapa lazyloadDisabled newsContent__article__imgCapa--noCaption\" src=\"https:\/\/files.sunoresearch.com.br\/n\/uploads\/2019\/04\/0f373374-vale-800x450.webp\" width=\"800\" height=\"450\" alt=\"Vale atende determina\u00e7\u00e3o da ANM e suspende explora\u00e7\u00e3o de Brutucu\" fetchpriority=high \/>\n\t\t\t<\/picture>\n\n\t\t\t<figcaption class=\"wp-caption-text wp-caption-text--hide\">Logo da Vale (foto: divulga\u00e7\u00e3o) <\/figcaption>\n\t\t<\/figure>\n\t<\/div>\n\n\n<p>De acordo com o comunicado ao mercado, essa a\u00e7\u00e3o n\u00e3o trar\u00e1 impactos a produ\u00e7\u00e3o da mina de Brucutu. Al\u00e9m disso, a<a href=\"https:\/\/lp.suno.com.br\/vale-brumadinho-noticias\/\"> <strong>Vale<\/strong><\/a> informou que a suspens\u00e3o atende uma determina\u00e7\u00e3o da <strong>Ag\u00eancia Nacional de Minera\u00e7\u00e3o<\/strong> (ANM).<\/p>\n\n<p>&#8220;A suspens\u00e3o atende a uma determina\u00e7\u00e3o da ANM, embasada no entendimento de que uma das frentes da lavra em execu\u00e7\u00e3o excede os limites das reservas minerais aprovadas pela ag\u00eancia para a respectiva \u00e1rea&#8221;, informou o comunicado.<\/p>\n<p>Al\u00e9m disso, a mineradora anunciou que adotar\u00e1 medidas apropriadas conforme a ANM.<\/p>\n<p>&#8220;A Vale adotar\u00e1 as medidas cab\u00edveis neste caso e reafirma seu guidance de vendas de min\u00e9rio de ferro e pelotas de 307 \u2013 332 milh\u00f5es de toneladas para 2019, anteriormente divulgado&#8221;.<\/p>\n<h2>CPI de Brumadinho pede indiciamento de funcion\u00e1rios da Vale<\/h2>\n<p>A <strong>Comiss\u00e3o Parlamentar de Inqu\u00e9rito (CPI)<\/strong> da Barragem de Brumadinho da Assembleia Legislativa de Minas Gerais (ALMG) pediu o indiciamento de 13 funcion\u00e1rios da Vale e da T\u00dcV S\u00dcD.<\/p>\n<p>O documento foi aprovado por unanimidade pelos membros da CPI de <strong>Brumadinho<\/strong>. O relat\u00f3rio pede o indiciamento e indica os respons\u00e1veis pela ruptura da barragem.<\/p>\n<p><a href=\"\/\/www.suno.com.br\/noticias\/cpi-brumadinho-funcionarios-vale\/\">Veja Tamb\u00e9m: Confira os nomes dos indiciados por homic\u00eddio doloso pela CPI de Brumadinho<\/a><\/p>\n<p>Al\u00e9m disso, o documento apresenta recomenda\u00e7\u00f5es a \u00f3rg\u00e3os p\u00fablicos para evitar eventuais novos desastres no setor na minera\u00e7\u00e3o.<\/p>\n<p>Ademais, o\u00a0deputado Quint\u00e3o afirmou que a Vale teria praticado falsidade ideol\u00f3gica no caso de Brumadinho. Isso pois a mineradora teria utilizado um laudo falso da T\u00fcv\u00a0S\u00fcd junto a \u00f3rg\u00e3os p\u00fablicos de licenciamento ambiental.<\/p>\n\t<p>\n\t\t<a href=\"https:\/\/lp.suno.com.br\/4-emissao-snel11\/\" target=\"_blank\" data-element=\"shortcode-suno-banner\" title=\"Banner SUNO, clique e saiba mais\">\n\t\t\t<picture>\n\t\t\t\t<source media=\"(max-width: 500px)\" srcset=\"https:\/\/files.sunoresearch.com.br\/n\/uploads\/2025\/07\/400x300-Mobile-Artigos-7.webp\">\n\t\t\t\t<img class=\"newsContent__article__imgCapa newsContent__article__imgCapa--banner\"\n\t\t\t\t\tsrc=\"https:\/\/files.sunoresearch.com.br\/n\/uploads\/2025\/07\/1420x240-Banner-Artigos-1-_-Banner-Materias-5.webp\"\n\t\t\t\t\tdata-promo-id=\"613822\"\t\t\t\t\t\t\t\t\t\twidth='1420' height='240'\t\t\t\t\talt=\"https:\/\/files.sunoresearch.com.br\/n\/uploads\/2025\/07\/1420x240-Banner-Artigos-1-_-Banner-Materias-5.webp\"\n\t\t\t\t>\n\t\t\t<\/picture>\n\t\t<\/a>\n\t<\/p>\n\n\n<p>A CPI teria pedido para o Minist\u00e9rio P\u00fablico aprofundar as investiga\u00e7\u00f5es sobre a eventual pr\u00e1tica de corrup\u00e7\u00e3o.<\/p>\n<h2>\u00daltima cota\u00e7\u00e3o<\/h2>\n<p>Na \u00faltima quinta a <strong>Vale<\/strong> (VALE3) encerrou o preg\u00e3o com varia\u00e7\u00e3o positiva de 3,3% sendo negociada a R$ 49,69.<\/p>\n","protected":false},"excerpt":{"rendered":"<p>A mineradora Vale (VALE3) informou na \u00faltima quinta-feira (13) que suspendeu trabalhos em uma frente de lavra da mina de Brucutu, em S\u00e3o Gon\u00e7alo do Rio Abaixo, Minas Gerais. Logo da Vale (foto: divulga\u00e7\u00e3o) De acordo com o comunicado ao mercado, essa a\u00e7\u00e3o n\u00e3o trar\u00e1 impactos a produ\u00e7\u00e3o da mina de Brucutu. Al\u00e9m disso, a [&hellip;]<\/p>\n","protected":false},"author":15,"featured_media":20577,"comment_status":"closed","ping_status":"closed","sticky":false,"template":"","format":"standard","meta":[],"categories":[64],"tags":[1032,676],"suno_strategy":[],"class_list":["post-37445","post","type-post","status-publish","format-standard","has-post-thumbnail","hentry","category-negocios","tag-brumadinho","tag-vale-vale3"],"yoast_head":"<!-- This site is optimized with the Yoast SEO plugin v24.4 - https:\/\/yoast.com\/wordpress\/plugins\/seo\/ -->\n<title>Vale atende determina\u00e7\u00e3o da ANM e suspende explora\u00e7\u00e3o de Brutucu<\/title>\n<meta name=\"description\" content=\"A Vale informou, na \u00faltima quinta (12) que a suspens\u00e3o atende uma determina\u00e7\u00e3o da Ag\u00eancia Nacional de Minera\u00e7\u00e3o. Clique aqui e saiba mais\" \/>\n<meta name=\"robots\" content=\"index, follow, max-snippet:-1, max-image-preview:large, max-video-preview:-1\" \/>\n<link rel=\"canonical\" href=\"https:\/\/www.suno.com.br\/noticias\/vale-suspende-mineracao-exploracao-acao\/\" \/>\n<meta property=\"og:locale\" content=\"pt_BR\" \/>\n<meta property=\"og:type\" content=\"article\" \/>\n<meta property=\"og:title\" content=\"Vale atende determina\u00e7\u00e3o da ANM e suspende explora\u00e7\u00e3o de Brutucu\" \/>\n<meta property=\"og:description\" content=\"A Vale informou, na \u00faltima quinta (12) que a suspens\u00e3o atende uma determina\u00e7\u00e3o da Ag\u00eancia Nacional de Minera\u00e7\u00e3o. Clique aqui e saiba mais\" \/>\n<meta property=\"og:url\" content=\"https:\/\/www.suno.com.br\/noticias\/vale-suspende-mineracao-exploracao-acao\/\" \/>\n<meta property=\"og:site_name\" content=\"Suno Not\u00edcias\" \/>\n<meta property=\"article:publisher\" content=\"https:\/\/facebook.com\/sunoresearch\" \/>\n<meta property=\"og:image\" content=\"https:\/\/files.sunoresearch.com.br\/n\/uploads\/2019\/04\/0f373374-vale.jpg\" \/>\n\t<meta property=\"og:image:width\" content=\"1086\" \/>\n\t<meta property=\"og:image:height\" content=\"652\" \/>\n\t<meta property=\"og:image:type\" content=\"image\/jpeg\" \/>\n<meta name=\"author\" content=\"Poliana Santos\" \/>\n<meta name=\"twitter:card\" content=\"summary_large_image\" \/>\n<meta name=\"twitter:creator\" content=\"@sunoresearch\" \/>\n<meta name=\"twitter:site\" content=\"@sunoresearch\" \/>\n<meta name=\"twitter:label1\" content=\"Escrito por\" \/>\n\t<meta name=\"twitter:data1\" content=\"Poliana Santos\" \/>\n\t<meta name=\"twitter:label2\" content=\"Est. tempo de leitura\" \/>\n\t<meta name=\"twitter:data2\" content=\"2 minutos\" \/>\n<script type=\"application\/ld+json\" class=\"yoast-schema-graph\">{\"@context\":\"https:\/\/schema.org\",\"@graph\":[{\"@type\":\"NewsArticle\",\"@id\":\"https:\/\/www.suno.com.br\/noticias\/vale-suspende-mineracao-exploracao-acao\/#article\",\"isPartOf\":{\"@id\":\"https:\/\/www.suno.com.br\/noticias\/vale-suspende-mineracao-exploracao-acao\/\"},\"author\":{\"name\":\"Poliana Santos\",\"@id\":\"https:\/\/www.suno.com.br\/noticias\/#\/schema\/person\/02ec1f752758247878a2bf4abee1aeda\"},\"headline\":\"Vale atende determina\u00e7\u00e3o da ANM e suspende explora\u00e7\u00e3o de Brutucu\",\"datePublished\":\"2019-09-13T11:05:56+00:00\",\"mainEntityOfPage\":{\"@id\":\"https:\/\/www.suno.com.br\/noticias\/vale-suspende-mineracao-exploracao-acao\/\"},\"wordCount\":367,\"publisher\":{\"@id\":\"https:\/\/www.suno.com.br\/noticias\/#organization\"},\"image\":{\"@id\":\"https:\/\/www.suno.com.br\/noticias\/vale-suspende-mineracao-exploracao-acao\/#primaryimage\"},\"thumbnailUrl\":\"https:\/\/files.sunoresearch.com.br\/n\/uploads\/2019\/04\/0f373374-vale-jpg.webp\",\"keywords\":[\"Brumadinho\",\"Vale (VALE3)\"],\"articleSection\":[\"Neg\u00f3cios\"],\"inLanguage\":\"pt-BR\"},{\"@type\":\"WebPage\",\"@id\":\"https:\/\/www.suno.com.br\/noticias\/vale-suspende-mineracao-exploracao-acao\/\",\"url\":\"https:\/\/www.suno.com.br\/noticias\/vale-suspende-mineracao-exploracao-acao\/\",\"name\":\"Vale atende determina\u00e7\u00e3o da ANM e suspende explora\u00e7\u00e3o de Brutucu\",\"isPartOf\":{\"@id\":\"https:\/\/www.suno.com.br\/noticias\/#website\"},\"primaryImageOfPage\":{\"@id\":\"https:\/\/www.suno.com.br\/noticias\/vale-suspende-mineracao-exploracao-acao\/#primaryimage\"},\"image\":{\"@id\":\"https:\/\/www.suno.com.br\/noticias\/vale-suspende-mineracao-exploracao-acao\/#primaryimage\"},\"thumbnailUrl\":\"https:\/\/files.sunoresearch.com.br\/n\/uploads\/2019\/04\/0f373374-vale-jpg.webp\",\"datePublished\":\"2019-09-13T11:05:56+00:00\",\"description\":\"A Vale informou, na \u00faltima quinta (12) que a suspens\u00e3o atende uma determina\u00e7\u00e3o da Ag\u00eancia Nacional de Minera\u00e7\u00e3o. Clique aqui e saiba mais\",\"breadcrumb\":{\"@id\":\"https:\/\/www.suno.com.br\/noticias\/vale-suspende-mineracao-exploracao-acao\/#breadcrumb\"},\"inLanguage\":\"pt-BR\",\"potentialAction\":[{\"@type\":\"ReadAction\",\"target\":[\"https:\/\/www.suno.com.br\/noticias\/vale-suspende-mineracao-exploracao-acao\/\"]}]},{\"@type\":\"ImageObject\",\"inLanguage\":\"pt-BR\",\"@id\":\"https:\/\/www.suno.com.br\/noticias\/vale-suspende-mineracao-exploracao-acao\/#primaryimage\",\"url\":\"https:\/\/files.sunoresearch.com.br\/n\/uploads\/2019\/04\/0f373374-vale-jpg.webp\",\"contentUrl\":\"https:\/\/files.sunoresearch.com.br\/n\/uploads\/2019\/04\/0f373374-vale-jpg.webp\",\"width\":1086,\"height\":652,\"caption\":\"Logo da Vale (foto: divulga\u00e7\u00e3o)\"},{\"@type\":\"BreadcrumbList\",\"@id\":\"https:\/\/www.suno.com.br\/noticias\/vale-suspende-mineracao-exploracao-acao\/#breadcrumb\",\"itemListElement\":[{\"@type\":\"ListItem\",\"position\":1,\"name\":\"Not\u00edcias\",\"item\":\"https:\/\/www.suno.com.br\/noticias\/\"},{\"@type\":\"ListItem\",\"position\":2,\"name\":\"Neg\u00f3cios\",\"item\":\"https:\/\/www.suno.com.br\/noticias\/negocios\/\"},{\"@type\":\"ListItem\",\"position\":3,\"name\":\"Vale atende determina\u00e7\u00e3o da ANM e suspende explora\u00e7\u00e3o de Brutucu\"}]},{\"@type\":\"WebSite\",\"@id\":\"https:\/\/www.suno.com.br\/noticias\/#website\",\"url\":\"https:\/\/www.suno.com.br\/noticias\/\",\"name\":\"Suno Not\u00edcias\",\"description\":\"Seu portal de informa\u00e7\u00e3o sobre o mundo dos investimentos\",\"publisher\":{\"@id\":\"https:\/\/www.suno.com.br\/noticias\/#organization\"},\"potentialAction\":[{\"@type\":\"SearchAction\",\"target\":{\"@type\":\"EntryPoint\",\"urlTemplate\":\"https:\/\/www.suno.com.br\/noticias\/?s={search_term_string}\"},\"query-input\":{\"@type\":\"PropertyValueSpecification\",\"valueRequired\":true,\"valueName\":\"search_term_string\"}}],\"inLanguage\":\"pt-BR\"},{\"@type\":\"Organization\",\"@id\":\"https:\/\/www.suno.com.br\/noticias\/#organization\",\"name\":\"Suno Not\u00edcias\",\"url\":\"https:\/\/www.suno.com.br\/noticias\/\",\"logo\":{\"@type\":\"ImageObject\",\"inLanguage\":\"pt-BR\",\"@id\":\"https:\/\/www.suno.com.br\/noticias\/#\/schema\/logo\/image\/\",\"url\":\"https:\/\/files.sunoresearch.com.br\/n\/uploads\/2021\/09\/suno-logo.png\",\"contentUrl\":\"https:\/\/files.sunoresearch.com.br\/n\/uploads\/2021\/09\/suno-logo.png\",\"width\":180,\"height\":180,\"caption\":\"Suno Not\u00edcias\"},\"image\":{\"@id\":\"https:\/\/www.suno.com.br\/noticias\/#\/schema\/logo\/image\/\"},\"sameAs\":[\"https:\/\/facebook.com\/sunoresearch\",\"https:\/\/x.com\/sunoresearch\",\"https:\/\/www.instagram.com\/suno\",\"https:\/\/www.linkedin.com\/company\/suno-research\/\",\"https:\/\/www.youtube.com\/c\/sunoresearch\"]},{\"@type\":\"Person\",\"@id\":\"https:\/\/www.suno.com.br\/noticias\/#\/schema\/person\/02ec1f752758247878a2bf4abee1aeda\",\"name\":\"Poliana Santos\",\"image\":{\"@type\":\"ImageObject\",\"inLanguage\":\"pt-BR\",\"@id\":\"https:\/\/www.suno.com.br\/noticias\/#\/schema\/person\/image\/\",\"url\":\"https:\/\/secure.gravatar.com\/avatar\/0645bd32f23d87b2130f2b2dff1d3f8d?s=96&r=g\",\"contentUrl\":\"https:\/\/secure.gravatar.com\/avatar\/0645bd32f23d87b2130f2b2dff1d3f8d?s=96&r=g\",\"caption\":\"Poliana Santos\"},\"description\":\"Rep\u00f3rter no Suno Not\u00edcias, com cobertura em mercado financeiro, economia, finan\u00e7as pessoais, renda fixa e varejo. Jornalista formada pela Faculdade C\u00e1sper L\u00edbero e possui passagem na R\u00e1dio Gazeta AM com a produ\u00e7\u00e3o de conte\u00fado sobre economia, pol\u00edtica, sa\u00fade, moda e m\u00fasica. Possui certificado de conclus\u00e3o do curso de An\u00e1lise de Balan\u00e7os pela Funda\u00e7\u00e3o Bradesco, Agenda Brasil pela FAAP, Educa\u00e7\u00e3o Pol\u00edtica por Alexandre Garcia e do Tesouro Direto e Mercado de A\u00e7\u00f5es pela B3.\",\"url\":\"https:\/\/www.suno.com.br\/noticias\/author\/poliana-santos\/\"}]}<\/script>\n<!-- \/ Yoast SEO plugin. -->","yoast_head_json":{"title":"Vale atende determina\u00e7\u00e3o da ANM e suspende explora\u00e7\u00e3o de Brutucu","description":"A Vale informou, na \u00faltima quinta (12) que a suspens\u00e3o atende uma determina\u00e7\u00e3o da Ag\u00eancia Nacional de Minera\u00e7\u00e3o. Clique aqui e saiba mais","robots":{"index":"index","follow":"follow","max-snippet":"max-snippet:-1","max-image-preview":"max-image-preview:large","max-video-preview":"max-video-preview:-1"},"canonical":"https:\/\/www.suno.com.br\/noticias\/vale-suspende-mineracao-exploracao-acao\/","og_locale":"pt_BR","og_type":"article","og_title":"Vale atende determina\u00e7\u00e3o da ANM e suspende explora\u00e7\u00e3o de Brutucu","og_description":"A Vale informou, na \u00faltima quinta (12) que a suspens\u00e3o atende uma determina\u00e7\u00e3o da Ag\u00eancia Nacional de Minera\u00e7\u00e3o. Clique aqui e saiba mais","og_url":"https:\/\/www.suno.com.br\/noticias\/vale-suspende-mineracao-exploracao-acao\/","og_site_name":"Suno Not\u00edcias","article_publisher":"https:\/\/facebook.com\/sunoresearch","og_image":[{"width":1086,"height":652,"url":"https:\/\/files.sunoresearch.com.br\/n\/uploads\/2019\/04\/0f373374-vale.jpg","type":"image\/jpeg"}],"author":"Poliana Santos","twitter_card":"summary_large_image","twitter_creator":"@sunoresearch","twitter_site":"@sunoresearch","twitter_misc":{"Escrito por":"Poliana Santos","Est. tempo de leitura":"2 minutos"},"schema":{"@context":"https:\/\/schema.org","@graph":[{"@type":"NewsArticle","@id":"https:\/\/www.suno.com.br\/noticias\/vale-suspende-mineracao-exploracao-acao\/#article","isPartOf":{"@id":"https:\/\/www.suno.com.br\/noticias\/vale-suspende-mineracao-exploracao-acao\/"},"author":{"name":"Poliana Santos","@id":"https:\/\/www.suno.com.br\/noticias\/#\/schema\/person\/02ec1f752758247878a2bf4abee1aeda"},"headline":"Vale atende determina\u00e7\u00e3o da ANM e suspende explora\u00e7\u00e3o de Brutucu","datePublished":"2019-09-13T11:05:56+00:00","mainEntityOfPage":{"@id":"https:\/\/www.suno.com.br\/noticias\/vale-suspende-mineracao-exploracao-acao\/"},"wordCount":367,"publisher":{"@id":"https:\/\/www.suno.com.br\/noticias\/#organization"},"image":{"@id":"https:\/\/www.suno.com.br\/noticias\/vale-suspende-mineracao-exploracao-acao\/#primaryimage"},"thumbnailUrl":"https:\/\/files.sunoresearch.com.br\/n\/uploads\/2019\/04\/0f373374-vale-jpg.webp","keywords":["Brumadinho","Vale (VALE3)"],"articleSection":["Neg\u00f3cios"],"inLanguage":"pt-BR"},{"@type":"WebPage","@id":"https:\/\/www.suno.com.br\/noticias\/vale-suspende-mineracao-exploracao-acao\/","url":"https:\/\/www.suno.com.br\/noticias\/vale-suspende-mineracao-exploracao-acao\/","name":"Vale atende determina\u00e7\u00e3o da ANM e suspende explora\u00e7\u00e3o de Brutucu","isPartOf":{"@id":"https:\/\/www.suno.com.br\/noticias\/#website"},"primaryImageOfPage":{"@id":"https:\/\/www.suno.com.br\/noticias\/vale-suspende-mineracao-exploracao-acao\/#primaryimage"},"image":{"@id":"https:\/\/www.suno.com.br\/noticias\/vale-suspende-mineracao-exploracao-acao\/#primaryimage"},"thumbnailUrl":"https:\/\/files.sunoresearch.com.br\/n\/uploads\/2019\/04\/0f373374-vale-jpg.webp","datePublished":"2019-09-13T11:05:56+00:00","description":"A Vale informou, na \u00faltima quinta (12) que a suspens\u00e3o atende uma determina\u00e7\u00e3o da Ag\u00eancia Nacional de Minera\u00e7\u00e3o. Clique aqui e saiba mais","breadcrumb":{"@id":"https:\/\/www.suno.com.br\/noticias\/vale-suspende-mineracao-exploracao-acao\/#breadcrumb"},"inLanguage":"pt-BR","potentialAction":[{"@type":"ReadAction","target":["https:\/\/www.suno.com.br\/noticias\/vale-suspende-mineracao-exploracao-acao\/"]}]},{"@type":"ImageObject","inLanguage":"pt-BR","@id":"https:\/\/www.suno.com.br\/noticias\/vale-suspende-mineracao-exploracao-acao\/#primaryimage","url":"https:\/\/files.sunoresearch.com.br\/n\/uploads\/2019\/04\/0f373374-vale-jpg.webp","contentUrl":"https:\/\/files.sunoresearch.com.br\/n\/uploads\/2019\/04\/0f373374-vale-jpg.webp","width":1086,"height":652,"caption":"Logo da Vale (foto: divulga\u00e7\u00e3o)"},{"@type":"BreadcrumbList","@id":"https:\/\/www.suno.com.br\/noticias\/vale-suspende-mineracao-exploracao-acao\/#breadcrumb","itemListElement":[{"@type":"ListItem","position":1,"name":"Not\u00edcias","item":"https:\/\/www.suno.com.br\/noticias\/"},{"@type":"ListItem","position":2,"name":"Neg\u00f3cios","item":"https:\/\/www.suno.com.br\/noticias\/negocios\/"},{"@type":"ListItem","position":3,"name":"Vale atende determina\u00e7\u00e3o da ANM e suspende explora\u00e7\u00e3o de Brutucu"}]},{"@type":"WebSite","@id":"https:\/\/www.suno.com.br\/noticias\/#website","url":"https:\/\/www.suno.com.br\/noticias\/","name":"Suno Not\u00edcias","description":"Seu portal de informa\u00e7\u00e3o sobre o mundo dos investimentos","publisher":{"@id":"https:\/\/www.suno.com.br\/noticias\/#organization"},"potentialAction":[{"@type":"SearchAction","target":{"@type":"EntryPoint","urlTemplate":"https:\/\/www.suno.com.br\/noticias\/?s={search_term_string}"},"query-input":{"@type":"PropertyValueSpecification","valueRequired":true,"valueName":"search_term_string"}}],"inLanguage":"pt-BR"},{"@type":"Organization","@id":"https:\/\/www.suno.com.br\/noticias\/#organization","name":"Suno Not\u00edcias","url":"https:\/\/www.suno.com.br\/noticias\/","logo":{"@type":"ImageObject","inLanguage":"pt-BR","@id":"https:\/\/www.suno.com.br\/noticias\/#\/schema\/logo\/image\/","url":"https:\/\/files.sunoresearch.com.br\/n\/uploads\/2021\/09\/suno-logo.png","contentUrl":"https:\/\/files.sunoresearch.com.br\/n\/uploads\/2021\/09\/suno-logo.png","width":180,"height":180,"caption":"Suno Not\u00edcias"},"image":{"@id":"https:\/\/www.suno.com.br\/noticias\/#\/schema\/logo\/image\/"},"sameAs":["https:\/\/facebook.com\/sunoresearch","https:\/\/x.com\/sunoresearch","https:\/\/www.instagram.com\/suno","https:\/\/www.linkedin.com\/company\/suno-research\/","https:\/\/www.youtube.com\/c\/sunoresearch"]},{"@type":"Person","@id":"https:\/\/www.suno.com.br\/noticias\/#\/schema\/person\/02ec1f752758247878a2bf4abee1aeda","name":"Poliana Santos","image":{"@type":"ImageObject","inLanguage":"pt-BR","@id":"https:\/\/www.suno.com.br\/noticias\/#\/schema\/person\/image\/","url":"https:\/\/secure.gravatar.com\/avatar\/0645bd32f23d87b2130f2b2dff1d3f8d?s=96&r=g","contentUrl":"https:\/\/secure.gravatar.com\/avatar\/0645bd32f23d87b2130f2b2dff1d3f8d?s=96&r=g","caption":"Poliana Santos"},"description":"Rep\u00f3rter no Suno Not\u00edcias, com cobertura em mercado financeiro, economia, finan\u00e7as pessoais, renda fixa e varejo. Jornalista formada pela Faculdade C\u00e1sper L\u00edbero e possui passagem na R\u00e1dio Gazeta AM com a produ\u00e7\u00e3o de conte\u00fado sobre economia, pol\u00edtica, sa\u00fade, moda e m\u00fasica. Possui certificado de conclus\u00e3o do curso de An\u00e1lise de Balan\u00e7os pela Funda\u00e7\u00e3o Bradesco, Agenda Brasil pela FAAP, Educa\u00e7\u00e3o Pol\u00edtica por Alexandre Garcia e do Tesouro Direto e Mercado de A\u00e7\u00f5es pela B3.","url":"https:\/\/www.suno.com.br\/noticias\/author\/poliana-santos\/"}]}},"default_loop_html":"<div class=\"cardsPage__listCard__boxs\"><div class=\"cardsPage__listCard__boxs__img\"><a href=\"https:\/\/www.suno.com.br\/noticias\/vale-suspende-mineracao-exploracao-acao\/\"><img class=\"mask\" src=\"https:\/\/www.suno.com.br\/noticias\/wp-content\/themes\/suno\/resources\/images\/spotlight\/spotlight1img\/bg-mask.png\" alt=\"Image Mask\"\/><img src=\"https:\/\/files.sunoresearch.com.br\/n\/uploads\/2019\/04\/0f373374-vale-400x200.webp\" alt=\"Vale atende determina\u00e7\u00e3o da ANM e suspende explora\u00e7\u00e3o de Brutucu\"\/><\/a><span class=\"spotlightCategory\"><a href=\"https:\/\/www.suno.com.br\/noticias\/negocios\/\">Neg\u00f3cios<\/a><\/span><\/div><div class=\"cardsPage__listCard__boxs__content\"><a href=\"https:\/\/www.suno.com.br\/noticias\/vale-suspende-mineracao-exploracao-acao\/\"><h2 class=\"content__title\">Vale atende determina\u00e7\u00e3o da ANM e suspende explora\u00e7\u00e3o de Brutucu<\/h2><\/a><div class=\"newsContent__article__meta\"><div class=\"newsContent__article__meta__authorBox\"><a href=\"https:\/\/www.suno.com.br\/noticias\/author\/poliana-santos\/\" class=\"authorBox__avatar noMobi\"><img src=\"https:\/\/files.sunoresearch.com.br\/n\/uploads\/2020\/08\/7ef34026-whatsapp-image-2020-08-03-at-12.37.57-150x150.webp\" alt=\"Poliana Santos\"><\/a><div class=\"authorBox__name\"><span>por\n\t\t\t<a href=\"https:\/\/www.suno.com.br\/noticias\/author\/poliana-santos\/\"><span itemprop=\"author\">Poliana Santos<\/span><\/a><\/span><time datetime=\"2019-09-13T08:05:56-03:00\" itemprop=\"datePublished\">13\/09\/2019 08:05<\/time><\/div><\/div><\/div><\/div><\/div>","single_layout":"posts","amp_enabled":true,"_links":{"self":[{"href":"https:\/\/www.suno.com.br\/noticias\/wp-json\/wp\/v2\/posts\/37445"}],"collection":[{"href":"https:\/\/www.suno.com.br\/noticias\/wp-json\/wp\/v2\/posts"}],"about":[{"href":"https:\/\/www.suno.com.br\/noticias\/wp-json\/wp\/v2\/types\/post"}],"author":[{"embeddable":true,"href":"https:\/\/www.suno.com.br\/noticias\/wp-json\/wp\/v2\/users\/15"}],"replies":[{"embeddable":true,"href":"https:\/\/www.suno.com.br\/noticias\/wp-json\/wp\/v2\/comments?post=37445"}],"version-history":[{"count":0,"href":"https:\/\/www.suno.com.br\/noticias\/wp-json\/wp\/v2\/posts\/37445\/revisions"}],"wp:featuredmedia":[{"embeddable":true,"href":"https:\/\/www.suno.com.br\/noticias\/wp-json\/wp\/v2\/media\/20577"}],"wp:attachment":[{"href":"https:\/\/www.suno.com.br\/noticias\/wp-json\/wp\/v2\/media?parent=37445"}],"wp:term":[{"taxonomy":"category","embeddable":true,"href":"https:\/\/www.suno.com.br\/noticias\/wp-json\/wp\/v2\/categories?post=37445"},{"taxonomy":"post_tag","embeddable":true,"href":"https:\/\/www.suno.com.br\/noticias\/wp-json\/wp\/v2\/tags?post=37445"},{"taxonomy":"suno_strategy","embeddable":true,"href":"https:\/\/www.suno.com.br\/noticias\/wp-json\/wp\/v2\/suno_strategy?post=37445"}],"curies":[{"name":"wp","href":"https:\/\/api.w.org\/{rel}","templated":true}]}}