{"id":374415,"date":"2023-03-09T19:24:44","date_gmt":"2023-03-09T22:24:44","guid":{"rendered":"https:\/\/www.suno.com.br\/noticias\/?p=374415"},"modified":"2023-03-09T19:42:34","modified_gmt":"2023-03-09T22:42:34","slug":"eletrobras-elet3-concurso-renovar-quadro-funcionarios","status":"publish","type":"post","link":"https:\/\/www.suno.com.br\/noticias\/eletrobras-elet3-concurso-renovar-quadro-funcionarios\/","title":{"rendered":"Eletrobras (ELET3) abre concurso para renovar quadro de funcion\u00e1rios"},"content":{"rendered":"<p>A<strong> Eletrobras<\/strong> <a href=\"https:\/\/www.suno.com.br\/acoes\/elet3\/\">(ELET3) <\/a>abriu processo seletivo para contratar 832 pessoas nas subsidi\u00e1rias Eletronorte, CGT Eletrosul, Furnas e Chesf a fim de aumentar a diversidade dos empregados da companhia, conforme j\u00e1 havia antecipado o presidente da empresa, <a class=\"suno-keyword\" data-force=\"no\" data-priority=\"2\" href=\"https:\/\/www.suno.com.br\/tudo-sobre\/wilson-ferreira-junior\/\" target=\"_blank\" rel=\"noopener\">Wilson Ferreira J\u00fanior<\/a>. O executivo declarou, no in\u00edcio deste ano, que era preciso &#8220;oxigenar&#8221; o quadro de funcion\u00e1rios, cuja m\u00e9dia de idade \u00e9 alta.<\/p>\t<div class=\"wrapper-featured-image\">\n\t\t<figure class=\"spotlightImg\">\n\n\t\t\t<picture>\n\t\t\t\t<source media=\"(max-width: 768px)\" srcset=\"https:\/\/files.sunoresearch.com.br\/n\/uploads\/2022\/12\/eletrobras-elet3-logo-companhia-foto-divulgacao-400x200.jpg\">\n\t\t\t\t<img loading=\"lazy\" decoding=\"async\" class=\"newsContent__article__imgCapa lazyloadDisabled \" src=\"https:\/\/files.sunoresearch.com.br\/n\/uploads\/2022\/12\/eletrobras-elet3-logo-companhia-foto-divulgacao-800x450.jpg\" width=\"800\" height=\"450\" alt=\"Eletrobras (ELET3) abre concurso para renovar quadro de funcion\u00e1rios\" fetchpriority=high \/>\n\t\t\t<\/picture>\n\n\t\t\t<figcaption class=\"wp-caption-text wp-caption-text--show\">Eletrobras (ELET3). Foto: Divulga\u00e7\u00e3o<\/figcaption>\n\t\t<\/figure>\n\t<\/div>\n\n\n\n\n\n\t<p>\n\t\t<a href=\"\" target=\"_blank\" data-element=\"shortcode-suno-banner\" title=\"Banner SUNO, clique e saiba mais\">\n\t\t\t<picture>\n\t\t\t\t<source media=\"(max-width: 500px)\" srcset=\"\">\n\t\t\t\t<img class=\"newsContent__article__imgCapa newsContent__article__imgCapa--banner\"\n\t\t\t\t\tsrc=\"\"\n\t\t\t\t\tdata-promo-id=\"265372\"\t\t\t\t\t\t\t\t\t\t\t\t\t\t\talt=\"\"\n\t\t\t\t>\n\t\t\t<\/picture>\n\t\t<\/a>\n\t<\/p>\n\n\n\n\n\n\n\n<p>O <strong>processo seletivo da Eletrobras<\/strong> ocorre em um momento em que a companhia promove um Programa de Demiss\u00e3o Volunt\u00e1ria (PDV), que j\u00e1 recebeu a ades\u00e3o de mais de 2,5 mil pessoas, segundo Ferreira J\u00fanior.<\/p>\n\n\n\n<p>&#8220;O objetivo da companhia \u00e9 trazer novos talentos e renovar a for\u00e7a de trabalho, direcionando as contrata\u00e7\u00f5es de modo a aumentar a diversidade, em v\u00e1rias dimens\u00f5es, no quadro de funcion\u00e1rios&#8221;, disse a empresa em nota nesta quinta-feira, 9.<\/p>\n\n\n\n<p>As contrata\u00e7\u00f5es para <strong>posi\u00e7\u00f5es efetivas da Eletrobras<\/strong> ser\u00e3o realizadas via regime CLT e ser\u00e3o para \u00e1reas operacionais, de manuten\u00e7\u00e3o e opera\u00e7\u00e3o, com os n\u00edveis m\u00e9dio, m\u00e9dio-t\u00e9cnico e superior.<\/p>\n\n\n\n<p>Entre os benef\u00edcios oferecidos est\u00e3o vale-transporte, aux\u00edlio alimenta\u00e7\u00e3o\/refei\u00e7\u00e3o, previd\u00eancia complementar e plano de sa\u00fade.<\/p>\n\n\n\n<p>&#8220;Com o processo seletivo, as empresas da Eletrobras avan\u00e7am na dire\u00e7\u00e3o de um quadro de colaboradores com uma rica composi\u00e7\u00e3o de jovens talentos e experientes profissionais, incentivando a troca de experi\u00eancias e aprendizado&#8221;, disse a companhia.<\/p>\n\n\n\n<p>Antes da privatiza\u00e7\u00e3o, feita no ano passado, a Eletrobras tinha 26 mil funcion\u00e1rios. Atualmente, tem 10,5 mil.<\/p>\n\n\n\t<p>\n\t\t<a href=\"https:\/\/lp.suno.com.br\/planilha-controle-gastos\/\" target=\"_blank\" data-element=\"shortcode-suno-banner\" title=\"Banner SUNO, clique e saiba mais\">\n\t\t\t<picture>\n\t\t\t\t<source media=\"(max-width: 500px)\" srcset=\"https:\/\/files.sunoresearch.com.br\/n\/uploads\/2023\/03\/400x300-Planilha-controle-de-gastos.png\">\n\t\t\t\t<img class=\"newsContent__article__imgCapa newsContent__article__imgCapa--banner\"\n\t\t\t\t\tsrc=\"https:\/\/files.sunoresearch.com.br\/n\/uploads\/2023\/03\/1420x240-Planilha-controle-de-gastos.png\"\n\t\t\t\t\tdata-promo-id=\"101751\"\t\t\t\t\t\t\t\t\t\twidth='1420' height='240'\t\t\t\t\talt=\"https:\/\/files.sunoresearch.com.br\/n\/uploads\/2023\/03\/1420x240-Planilha-controle-de-gastos.png\"\n\t\t\t\t>\n\t\t\t<\/picture>\n\t\t<\/a>\n\t<\/p>\n\n\n\n\n\n<h2 class=\"wp-block-heading\" id=\"h-quais-as-chances-de-a-empresa-voltar-a-ser-estatal\">Quais as chances de a empresa voltar a ser estatal?<\/h2>\n\n\n\n<p>Em meio a um cen\u00e1rio de discuss\u00e3o sobre teses de empresas estatais com a nova gest\u00e3o governamental, analistas do UBS-BB destacam que uma parte consider\u00e1vel do que \u00e9 falado sobre a&nbsp;<a href=\"https:\/\/www.suno.com.br\/acoes\/ELET3\/\" target=\"_blank\" rel=\"noreferrer noopener\"><strong>Eletrobras&nbsp;<\/strong>(ELET3)<\/a>&nbsp;\u00e9 ru\u00eddo e n\u00e3o deve afetar os fundamentos da empresa.<\/p>\n\n\n\n<p>Contudo, os especialistas destacam que \u2018o fluxo de not\u00edcias negativo tem afetado as a\u00e7\u00f5es\u2019. Juntamente com outros fatores, esse contexto faz com que as&nbsp;<strong>a\u00e7\u00f5es da Eletrobras<\/strong>&nbsp;caiam 12% no acumulado dos \u00faltimos 30 dias e 26% em seis meses.<\/p>\n\n\n\n<p>Desde o resultado das elei\u00e7\u00f5es, a queda fica pr\u00f3xima de 30%, ao passo que o Ibovespa caiu cerca de 6% e o \u00edndice de empresas el\u00e9tricas da bolsa (IEEX) caiu 9%.<\/p>\n\n\n\n<p>Um dos fatores que se somam aos rumores pol\u00edticos que afetam a Eletrobras \u00e9 o excesso de oferta recente de energia, o que contribuiu para uma melhor hidrologia resultando na queda dos pre\u00e7os de energia, formando um gatilho relevante para derrubar a performance de&nbsp;<strong>ELET3<\/strong>.<\/p>\n\n\n\n<p>Entretanto, a tese ainda \u00e9 de que a empresa tem fundamentos s\u00f3lidos e mostra um&nbsp;<a href=\"https:\/\/www.suno.com.br\/artigos\/privatizacao\/\" target=\"_blank\" rel=\"noreferrer noopener\">processo de privatiza\u00e7\u00e3o<\/a>&nbsp;que n\u00e3o d\u00e1 margem para que a companhia&nbsp;<strong>volte a ser uma estatal<\/strong>.<\/p>\n\n\n\n<p>\u201cO governo eleito tem se manifestado ativamente sobre a&nbsp;<strong>privatiza\u00e7\u00e3o da Eletrobras<\/strong>. \u00c9 importante destacar que a Eletrobras \u00e9 hoje uma empresa privada empresa focada em ganhos de efici\u00eancia e meritocracia. Al\u00e9m disso, a o&nbsp;<a target=\"_blank\" href=\"https:\/\/www.suno.com.br\/artigos\/privatizacao\/\" rel=\"noreferrer noopener\">processo de privatiza\u00e7\u00e3o<\/a>&nbsp;da Eletrobras foi aprovado pelo Congresso Nacional enquanto estava sendo fiscalizado pelo Tribunal de Contas da Uni\u00e3o (TCU)\u201d, apontam os especialistas do UBS-BB,<\/p>\n\n\n\n<p>Al\u00e9m disso, apontam que as altera\u00e7\u00f5es estatut\u00e1rias j\u00e1 foram aprovadas pelo Governo Federal.<\/p>\n\n\n\n<p>\u201cA <strong>Eletrobras<\/strong> \u00e9 hoje uma empresa privada com foco em capital e ganhos de efici\u00eancia, que acreditamos frutifiquem a m\u00e9dio prazo por meio de uma redu\u00e7\u00e3o de empr\u00e9stimos compuls\u00f3rios, redu\u00e7\u00e3o de despesas e melhor efici\u00eancia. No&nbsp;<a href=\"https:\/\/www.suno.com.br\/artigos\/longo-prazo\/\" target=\"_blank\" rel=\"noreferrer noopener\">longo prazo<\/a>, esperaramos que a Eletrobras busque ganhos de efici\u00eancia nas vendas de energia n\u00e3o contratada\u201d, concluem os especialistas.<\/p>\n\n\n\n<p>Com Estad\u00e3o Conte\u00fado<\/p>\n\n\n\t<div data-element=\"shortcode-read-more\" class=\"knowMore\">\n\t\t\t\t<span class=\"knowMore__title\">Leia mais<\/span>\n\t\t\t\t<a class=\"knowMore__link\" href=\"https:\/\/www.suno.com.br\/noticias\/eletrobras-elet3-privatizacao-estatal-volta\/\">\n\t\t\tEletrobras (ELET3): quais as chances de voltar a ser estatal?\t\t<\/a>\n\t<\/div>\n\n\n\n\t<p>\n\t\t<a href=\"https:\/\/lp.suno.com.br\/ebook-como-analisar-uma-acao\/\" target=\"_blank\" data-element=\"shortcode-suno-banner\" title=\"Banner SUNO, clique e saiba mais\">\n\t\t\t<picture>\n\t\t\t\t<source media=\"(max-width: 500px)\" srcset=\"https:\/\/files.sunoresearch.com.br\/n\/uploads\/2023\/03\/Ebook-Acoes-Mobile-1.jpg\">\n\t\t\t\t<img class=\"newsContent__article__imgCapa newsContent__article__imgCapa--banner\"\n\t\t\t\t\tsrc=\"https:\/\/files.sunoresearch.com.br\/n\/uploads\/2023\/03\/Ebook-Acoes-Desktop-1.jpg\"\n\t\t\t\t\tdata-promo-id=\"171998\"\t\t\t\t\t\t\t\t\t\twidth='1420' height='286'\t\t\t\t\talt=\"https:\/\/files.sunoresearch.com.br\/n\/uploads\/2023\/03\/Ebook-Acoes-Desktop-1.jpg\"\n\t\t\t\t>\n\t\t\t<\/picture>\n\t\t<\/a>\n\t<\/p>\n\n\n","protected":false},"excerpt":{"rendered":"<p>A Eletrobras (ELET3) abriu processo seletivo para contratar 832 pessoas nas subsidi\u00e1rias Eletronorte, CGT Eletrosul, Furnas e Chesf a fim de aumentar a diversidade dos empregados da companhia, conforme j\u00e1 havia antecipado o presidente da empresa, Wilson Ferreira J\u00fanior. O executivo declarou, no in\u00edcio deste ano, que era preciso &#8220;oxigenar&#8221; o quadro de funcion\u00e1rios, cuja [&hellip;]<\/p>\n","protected":false},"author":43,"featured_media":329592,"comment_status":"closed","ping_status":"closed","sticky":false,"template":"","format":"standard","meta":[],"categories":[64],"tags":[455,1796],"suno_strategy":[],"class_list":["post-374415","post","type-post","status-publish","format-standard","has-post-thumbnail","hentry","category-negocios","tag-eletrobras-elet3-elet5-elet6","tag-emprego"],"yoast_head":"<!-- This site is optimized with the Yoast SEO plugin v24.4 - https:\/\/yoast.com\/wordpress\/plugins\/seo\/ -->\n<title>Eletrobras (ELET3) abre concurso para renovar quadro de funcion\u00e1rios<\/title>\n<meta name=\"description\" content=\"A Eletrobras (ELET3) abriu processo seletivo para contratar 832 pessoas nas subsidi\u00e1rias Eletronorte, CGT Eletrosul, Furnas e Chesf. Saiba!\" \/>\n<meta name=\"robots\" content=\"index, follow, max-snippet:-1, max-image-preview:large, max-video-preview:-1\" \/>\n<link rel=\"canonical\" href=\"https:\/\/www.suno.com.br\/noticias\/eletrobras-elet3-concurso-renovar-quadro-funcionarios\/\" \/>\n<meta property=\"og:locale\" content=\"pt_BR\" \/>\n<meta property=\"og:type\" content=\"article\" \/>\n<meta property=\"og:title\" content=\"Eletrobras (ELET3) abre concurso para renovar quadro de funcion\u00e1rios\" \/>\n<meta property=\"og:description\" content=\"A Eletrobras (ELET3) abriu processo seletivo para contratar 832 pessoas nas subsidi\u00e1rias Eletronorte, CGT Eletrosul, Furnas e Chesf. Saiba!\" \/>\n<meta property=\"og:url\" content=\"https:\/\/www.suno.com.br\/noticias\/eletrobras-elet3-concurso-renovar-quadro-funcionarios\/\" \/>\n<meta property=\"og:site_name\" content=\"Suno Not\u00edcias\" \/>\n<meta property=\"article:publisher\" content=\"https:\/\/facebook.com\/sunoresearch\" \/>\n<meta property=\"article:author\" content=\"https:\/\/www.facebook.com\/sunonoticias\/\" \/>\n<meta property=\"og:image\" content=\"https:\/\/files.sunoresearch.com.br\/n\/uploads\/2022\/12\/eletrobras-elet3-logo-companhia-foto-divulgacao.jpg\" \/>\n\t<meta property=\"og:image:width\" content=\"1200\" \/>\n\t<meta property=\"og:image:height\" content=\"675\" \/>\n\t<meta property=\"og:image:type\" content=\"image\/jpeg\" \/>\n<meta name=\"author\" content=\"Reda\u00e7\u00e3o Suno Not\u00edcias\" \/>\n<meta name=\"twitter:card\" content=\"summary_large_image\" \/>\n<meta name=\"twitter:creator\" content=\"@https:\/\/twitter.com\/sunoresearch\" \/>\n<meta name=\"twitter:site\" content=\"@sunoresearch\" \/>\n<meta name=\"twitter:label1\" content=\"Escrito por\" \/>\n\t<meta name=\"twitter:data1\" content=\"Reda\u00e7\u00e3o Suno Not\u00edcias\" \/>\n\t<meta name=\"twitter:label2\" content=\"Est. tempo de leitura\" \/>\n\t<meta name=\"twitter:data2\" content=\"4 minutos\" \/>\n<script type=\"application\/ld+json\" class=\"yoast-schema-graph\">{\"@context\":\"https:\/\/schema.org\",\"@graph\":[{\"@type\":\"NewsArticle\",\"@id\":\"https:\/\/www.suno.com.br\/noticias\/eletrobras-elet3-concurso-renovar-quadro-funcionarios\/#article\",\"isPartOf\":{\"@id\":\"https:\/\/www.suno.com.br\/noticias\/eletrobras-elet3-concurso-renovar-quadro-funcionarios\/\"},\"author\":{\"name\":\"Reda\u00e7\u00e3o Suno Not\u00edcias\",\"@id\":\"https:\/\/www.suno.com.br\/noticias\/#\/schema\/person\/c1b1bd3727fa852bd045e9dbff3673ea\"},\"headline\":\"Eletrobras (ELET3) abre concurso para renovar quadro de funcion\u00e1rios\",\"datePublished\":\"2023-03-09T22:24:44+00:00\",\"dateModified\":\"2023-03-09T22:42:34+00:00\",\"mainEntityOfPage\":{\"@id\":\"https:\/\/www.suno.com.br\/noticias\/eletrobras-elet3-concurso-renovar-quadro-funcionarios\/\"},\"wordCount\":645,\"publisher\":{\"@id\":\"https:\/\/www.suno.com.br\/noticias\/#organization\"},\"image\":{\"@id\":\"https:\/\/www.suno.com.br\/noticias\/eletrobras-elet3-concurso-renovar-quadro-funcionarios\/#primaryimage\"},\"thumbnailUrl\":\"https:\/\/files.sunoresearch.com.br\/n\/uploads\/2022\/12\/eletrobras-elet3-logo-companhia-foto-divulgacao.jpg\",\"keywords\":[\"Eletrobras (ELET3\/ELET5\/ELET6)\",\"Emprego\"],\"articleSection\":[\"Neg\u00f3cios\"],\"inLanguage\":\"pt-BR\"},{\"@type\":\"WebPage\",\"@id\":\"https:\/\/www.suno.com.br\/noticias\/eletrobras-elet3-concurso-renovar-quadro-funcionarios\/\",\"url\":\"https:\/\/www.suno.com.br\/noticias\/eletrobras-elet3-concurso-renovar-quadro-funcionarios\/\",\"name\":\"Eletrobras (ELET3) abre concurso para renovar quadro de funcion\u00e1rios\",\"isPartOf\":{\"@id\":\"https:\/\/www.suno.com.br\/noticias\/#website\"},\"primaryImageOfPage\":{\"@id\":\"https:\/\/www.suno.com.br\/noticias\/eletrobras-elet3-concurso-renovar-quadro-funcionarios\/#primaryimage\"},\"image\":{\"@id\":\"https:\/\/www.suno.com.br\/noticias\/eletrobras-elet3-concurso-renovar-quadro-funcionarios\/#primaryimage\"},\"thumbnailUrl\":\"https:\/\/files.sunoresearch.com.br\/n\/uploads\/2022\/12\/eletrobras-elet3-logo-companhia-foto-divulgacao.jpg\",\"datePublished\":\"2023-03-09T22:24:44+00:00\",\"dateModified\":\"2023-03-09T22:42:34+00:00\",\"description\":\"A Eletrobras (ELET3) abriu processo seletivo para contratar 832 pessoas nas subsidi\u00e1rias Eletronorte, CGT Eletrosul, Furnas e Chesf. Saiba!\",\"breadcrumb\":{\"@id\":\"https:\/\/www.suno.com.br\/noticias\/eletrobras-elet3-concurso-renovar-quadro-funcionarios\/#breadcrumb\"},\"inLanguage\":\"pt-BR\",\"potentialAction\":[{\"@type\":\"ReadAction\",\"target\":[\"https:\/\/www.suno.com.br\/noticias\/eletrobras-elet3-concurso-renovar-quadro-funcionarios\/\"]}]},{\"@type\":\"ImageObject\",\"inLanguage\":\"pt-BR\",\"@id\":\"https:\/\/www.suno.com.br\/noticias\/eletrobras-elet3-concurso-renovar-quadro-funcionarios\/#primaryimage\",\"url\":\"https:\/\/files.sunoresearch.com.br\/n\/uploads\/2022\/12\/eletrobras-elet3-logo-companhia-foto-divulgacao.jpg\",\"contentUrl\":\"https:\/\/files.sunoresearch.com.br\/n\/uploads\/2022\/12\/eletrobras-elet3-logo-companhia-foto-divulgacao.jpg\",\"width\":1200,\"height\":675,\"caption\":\"Eletrobras (ELET3). Foto: Divulga\u00e7\u00e3o\"},{\"@type\":\"BreadcrumbList\",\"@id\":\"https:\/\/www.suno.com.br\/noticias\/eletrobras-elet3-concurso-renovar-quadro-funcionarios\/#breadcrumb\",\"itemListElement\":[{\"@type\":\"ListItem\",\"position\":1,\"name\":\"Not\u00edcias\",\"item\":\"https:\/\/www.suno.com.br\/noticias\/\"},{\"@type\":\"ListItem\",\"position\":2,\"name\":\"Neg\u00f3cios\",\"item\":\"https:\/\/www.suno.com.br\/noticias\/negocios\/\"},{\"@type\":\"ListItem\",\"position\":3,\"name\":\"Eletrobras (ELET3) abre concurso para renovar quadro de funcion\u00e1rios\"}]},{\"@type\":\"WebSite\",\"@id\":\"https:\/\/www.suno.com.br\/noticias\/#website\",\"url\":\"https:\/\/www.suno.com.br\/noticias\/\",\"name\":\"Suno Not\u00edcias\",\"description\":\"Seu portal de informa\u00e7\u00e3o sobre o mundo dos investimentos\",\"publisher\":{\"@id\":\"https:\/\/www.suno.com.br\/noticias\/#organization\"},\"potentialAction\":[{\"@type\":\"SearchAction\",\"target\":{\"@type\":\"EntryPoint\",\"urlTemplate\":\"https:\/\/www.suno.com.br\/noticias\/?s={search_term_string}\"},\"query-input\":{\"@type\":\"PropertyValueSpecification\",\"valueRequired\":true,\"valueName\":\"search_term_string\"}}],\"inLanguage\":\"pt-BR\"},{\"@type\":\"Organization\",\"@id\":\"https:\/\/www.suno.com.br\/noticias\/#organization\",\"name\":\"Suno Not\u00edcias\",\"url\":\"https:\/\/www.suno.com.br\/noticias\/\",\"logo\":{\"@type\":\"ImageObject\",\"inLanguage\":\"pt-BR\",\"@id\":\"https:\/\/www.suno.com.br\/noticias\/#\/schema\/logo\/image\/\",\"url\":\"https:\/\/files.sunoresearch.com.br\/n\/uploads\/2021\/09\/suno-logo.png\",\"contentUrl\":\"https:\/\/files.sunoresearch.com.br\/n\/uploads\/2021\/09\/suno-logo.png\",\"width\":180,\"height\":180,\"caption\":\"Suno Not\u00edcias\"},\"image\":{\"@id\":\"https:\/\/www.suno.com.br\/noticias\/#\/schema\/logo\/image\/\"},\"sameAs\":[\"https:\/\/facebook.com\/sunoresearch\",\"https:\/\/x.com\/sunoresearch\",\"https:\/\/www.instagram.com\/suno\",\"https:\/\/www.linkedin.com\/company\/suno-research\/\",\"https:\/\/www.youtube.com\/c\/sunoresearch\"]},{\"@type\":\"Person\",\"@id\":\"https:\/\/www.suno.com.br\/noticias\/#\/schema\/person\/c1b1bd3727fa852bd045e9dbff3673ea\",\"name\":\"Reda\u00e7\u00e3o Suno Not\u00edcias\",\"image\":{\"@type\":\"ImageObject\",\"inLanguage\":\"pt-BR\",\"@id\":\"https:\/\/www.suno.com.br\/noticias\/#\/schema\/person\/image\/\",\"url\":\"https:\/\/secure.gravatar.com\/avatar\/b8104b9b5a71985d5238ee59fbe418af?s=96&r=g\",\"contentUrl\":\"https:\/\/secure.gravatar.com\/avatar\/b8104b9b5a71985d5238ee59fbe418af?s=96&r=g\",\"caption\":\"Reda\u00e7\u00e3o Suno Not\u00edcias\"},\"description\":\"O Suno Not\u00edcias \u00e9 um portal de informa\u00e7\u00f5es sobre Mercado Financeiro, Pol\u00edtica, Neg\u00f3cios, Economia e Finan\u00e7as Pessoais.\",\"sameAs\":[\"https:\/\/www.suno.com.br\/noticias\",\"https:\/\/www.facebook.com\/sunonoticias\/\",\"https:\/\/www.instagram.com\/sunonoticias\/\",\"https:\/\/x.com\/https:\/\/twitter.com\/sunoresearch\",\"https:\/\/www.youtube.com\/sunonoticias\"],\"url\":\"https:\/\/www.suno.com.br\/noticias\/author\/redacao-suno\/\"}]}<\/script>\n<!-- \/ Yoast SEO plugin. -->","yoast_head_json":{"title":"Eletrobras (ELET3) abre concurso para renovar quadro de funcion\u00e1rios","description":"A Eletrobras (ELET3) abriu processo seletivo para contratar 832 pessoas nas subsidi\u00e1rias Eletronorte, CGT Eletrosul, Furnas e Chesf. Saiba!","robots":{"index":"index","follow":"follow","max-snippet":"max-snippet:-1","max-image-preview":"max-image-preview:large","max-video-preview":"max-video-preview:-1"},"canonical":"https:\/\/www.suno.com.br\/noticias\/eletrobras-elet3-concurso-renovar-quadro-funcionarios\/","og_locale":"pt_BR","og_type":"article","og_title":"Eletrobras (ELET3) abre concurso para renovar quadro de funcion\u00e1rios","og_description":"A Eletrobras (ELET3) abriu processo seletivo para contratar 832 pessoas nas subsidi\u00e1rias Eletronorte, CGT Eletrosul, Furnas e Chesf. Saiba!","og_url":"https:\/\/www.suno.com.br\/noticias\/eletrobras-elet3-concurso-renovar-quadro-funcionarios\/","og_site_name":"Suno Not\u00edcias","article_publisher":"https:\/\/facebook.com\/sunoresearch","article_author":"https:\/\/www.facebook.com\/sunonoticias\/","og_image":[{"width":1200,"height":675,"url":"https:\/\/files.sunoresearch.com.br\/n\/uploads\/2022\/12\/eletrobras-elet3-logo-companhia-foto-divulgacao.jpg","type":"image\/jpeg"}],"author":"Reda\u00e7\u00e3o Suno Not\u00edcias","twitter_card":"summary_large_image","twitter_creator":"@https:\/\/twitter.com\/sunoresearch","twitter_site":"@sunoresearch","twitter_misc":{"Escrito por":"Reda\u00e7\u00e3o Suno Not\u00edcias","Est. tempo de leitura":"4 minutos"},"schema":{"@context":"https:\/\/schema.org","@graph":[{"@type":"NewsArticle","@id":"https:\/\/www.suno.com.br\/noticias\/eletrobras-elet3-concurso-renovar-quadro-funcionarios\/#article","isPartOf":{"@id":"https:\/\/www.suno.com.br\/noticias\/eletrobras-elet3-concurso-renovar-quadro-funcionarios\/"},"author":{"name":"Reda\u00e7\u00e3o Suno Not\u00edcias","@id":"https:\/\/www.suno.com.br\/noticias\/#\/schema\/person\/c1b1bd3727fa852bd045e9dbff3673ea"},"headline":"Eletrobras (ELET3) abre concurso para renovar quadro de funcion\u00e1rios","datePublished":"2023-03-09T22:24:44+00:00","dateModified":"2023-03-09T22:42:34+00:00","mainEntityOfPage":{"@id":"https:\/\/www.suno.com.br\/noticias\/eletrobras-elet3-concurso-renovar-quadro-funcionarios\/"},"wordCount":645,"publisher":{"@id":"https:\/\/www.suno.com.br\/noticias\/#organization"},"image":{"@id":"https:\/\/www.suno.com.br\/noticias\/eletrobras-elet3-concurso-renovar-quadro-funcionarios\/#primaryimage"},"thumbnailUrl":"https:\/\/files.sunoresearch.com.br\/n\/uploads\/2022\/12\/eletrobras-elet3-logo-companhia-foto-divulgacao.jpg","keywords":["Eletrobras (ELET3\/ELET5\/ELET6)","Emprego"],"articleSection":["Neg\u00f3cios"],"inLanguage":"pt-BR"},{"@type":"WebPage","@id":"https:\/\/www.suno.com.br\/noticias\/eletrobras-elet3-concurso-renovar-quadro-funcionarios\/","url":"https:\/\/www.suno.com.br\/noticias\/eletrobras-elet3-concurso-renovar-quadro-funcionarios\/","name":"Eletrobras (ELET3) abre concurso para renovar quadro de funcion\u00e1rios","isPartOf":{"@id":"https:\/\/www.suno.com.br\/noticias\/#website"},"primaryImageOfPage":{"@id":"https:\/\/www.suno.com.br\/noticias\/eletrobras-elet3-concurso-renovar-quadro-funcionarios\/#primaryimage"},"image":{"@id":"https:\/\/www.suno.com.br\/noticias\/eletrobras-elet3-concurso-renovar-quadro-funcionarios\/#primaryimage"},"thumbnailUrl":"https:\/\/files.sunoresearch.com.br\/n\/uploads\/2022\/12\/eletrobras-elet3-logo-companhia-foto-divulgacao.jpg","datePublished":"2023-03-09T22:24:44+00:00","dateModified":"2023-03-09T22:42:34+00:00","description":"A Eletrobras (ELET3) abriu processo seletivo para contratar 832 pessoas nas subsidi\u00e1rias Eletronorte, CGT Eletrosul, Furnas e Chesf. Saiba!","breadcrumb":{"@id":"https:\/\/www.suno.com.br\/noticias\/eletrobras-elet3-concurso-renovar-quadro-funcionarios\/#breadcrumb"},"inLanguage":"pt-BR","potentialAction":[{"@type":"ReadAction","target":["https:\/\/www.suno.com.br\/noticias\/eletrobras-elet3-concurso-renovar-quadro-funcionarios\/"]}]},{"@type":"ImageObject","inLanguage":"pt-BR","@id":"https:\/\/www.suno.com.br\/noticias\/eletrobras-elet3-concurso-renovar-quadro-funcionarios\/#primaryimage","url":"https:\/\/files.sunoresearch.com.br\/n\/uploads\/2022\/12\/eletrobras-elet3-logo-companhia-foto-divulgacao.jpg","contentUrl":"https:\/\/files.sunoresearch.com.br\/n\/uploads\/2022\/12\/eletrobras-elet3-logo-companhia-foto-divulgacao.jpg","width":1200,"height":675,"caption":"Eletrobras (ELET3). Foto: Divulga\u00e7\u00e3o"},{"@type":"BreadcrumbList","@id":"https:\/\/www.suno.com.br\/noticias\/eletrobras-elet3-concurso-renovar-quadro-funcionarios\/#breadcrumb","itemListElement":[{"@type":"ListItem","position":1,"name":"Not\u00edcias","item":"https:\/\/www.suno.com.br\/noticias\/"},{"@type":"ListItem","position":2,"name":"Neg\u00f3cios","item":"https:\/\/www.suno.com.br\/noticias\/negocios\/"},{"@type":"ListItem","position":3,"name":"Eletrobras (ELET3) abre concurso para renovar quadro de funcion\u00e1rios"}]},{"@type":"WebSite","@id":"https:\/\/www.suno.com.br\/noticias\/#website","url":"https:\/\/www.suno.com.br\/noticias\/","name":"Suno Not\u00edcias","description":"Seu portal de informa\u00e7\u00e3o sobre o mundo dos investimentos","publisher":{"@id":"https:\/\/www.suno.com.br\/noticias\/#organization"},"potentialAction":[{"@type":"SearchAction","target":{"@type":"EntryPoint","urlTemplate":"https:\/\/www.suno.com.br\/noticias\/?s={search_term_string}"},"query-input":{"@type":"PropertyValueSpecification","valueRequired":true,"valueName":"search_term_string"}}],"inLanguage":"pt-BR"},{"@type":"Organization","@id":"https:\/\/www.suno.com.br\/noticias\/#organization","name":"Suno Not\u00edcias","url":"https:\/\/www.suno.com.br\/noticias\/","logo":{"@type":"ImageObject","inLanguage":"pt-BR","@id":"https:\/\/www.suno.com.br\/noticias\/#\/schema\/logo\/image\/","url":"https:\/\/files.sunoresearch.com.br\/n\/uploads\/2021\/09\/suno-logo.png","contentUrl":"https:\/\/files.sunoresearch.com.br\/n\/uploads\/2021\/09\/suno-logo.png","width":180,"height":180,"caption":"Suno Not\u00edcias"},"image":{"@id":"https:\/\/www.suno.com.br\/noticias\/#\/schema\/logo\/image\/"},"sameAs":["https:\/\/facebook.com\/sunoresearch","https:\/\/x.com\/sunoresearch","https:\/\/www.instagram.com\/suno","https:\/\/www.linkedin.com\/company\/suno-research\/","https:\/\/www.youtube.com\/c\/sunoresearch"]},{"@type":"Person","@id":"https:\/\/www.suno.com.br\/noticias\/#\/schema\/person\/c1b1bd3727fa852bd045e9dbff3673ea","name":"Reda\u00e7\u00e3o Suno Not\u00edcias","image":{"@type":"ImageObject","inLanguage":"pt-BR","@id":"https:\/\/www.suno.com.br\/noticias\/#\/schema\/person\/image\/","url":"https:\/\/secure.gravatar.com\/avatar\/b8104b9b5a71985d5238ee59fbe418af?s=96&r=g","contentUrl":"https:\/\/secure.gravatar.com\/avatar\/b8104b9b5a71985d5238ee59fbe418af?s=96&r=g","caption":"Reda\u00e7\u00e3o Suno Not\u00edcias"},"description":"O Suno Not\u00edcias \u00e9 um portal de informa\u00e7\u00f5es sobre Mercado Financeiro, Pol\u00edtica, Neg\u00f3cios, Economia e Finan\u00e7as Pessoais.","sameAs":["https:\/\/www.suno.com.br\/noticias","https:\/\/www.facebook.com\/sunonoticias\/","https:\/\/www.instagram.com\/sunonoticias\/","https:\/\/x.com\/https:\/\/twitter.com\/sunoresearch","https:\/\/www.youtube.com\/sunonoticias"],"url":"https:\/\/www.suno.com.br\/noticias\/author\/redacao-suno\/"}]}},"default_loop_html":"<div class=\"cardsPage__listCard__boxs\"><div class=\"cardsPage__listCard__boxs__img\"><a href=\"https:\/\/www.suno.com.br\/noticias\/eletrobras-elet3-concurso-renovar-quadro-funcionarios\/\"><img class=\"mask\" src=\"https:\/\/www.suno.com.br\/noticias\/wp-content\/themes\/suno\/resources\/images\/spotlight\/spotlight1img\/bg-mask.png\" alt=\"Image Mask\"\/><img src=\"https:\/\/files.sunoresearch.com.br\/n\/uploads\/2022\/12\/eletrobras-elet3-logo-companhia-foto-divulgacao-400x200.jpg\" alt=\"Eletrobras (ELET3) abre concurso para renovar quadro de funcion\u00e1rios\"\/><\/a><span class=\"spotlightCategory\"><a href=\"https:\/\/www.suno.com.br\/noticias\/negocios\/\">Neg\u00f3cios<\/a><\/span><\/div><div class=\"cardsPage__listCard__boxs__content\"><a href=\"https:\/\/www.suno.com.br\/noticias\/eletrobras-elet3-concurso-renovar-quadro-funcionarios\/\"><h2 class=\"content__title\">Eletrobras (ELET3) abre concurso para renovar quadro de funcion\u00e1rios<\/h2><\/a><div class=\"newsContent__article__meta\"><div class=\"newsContent__article__meta__authorBox\"><a href=\"https:\/\/www.suno.com.br\/noticias\/author\/redacao-suno\/\" class=\"authorBox__avatar noMobi\"><img src=\"https:\/\/files.sunoresearch.com.br\/n\/uploads\/2020\/08\/0ace682d-redacao-1-150x150.webp\" alt=\"Reda\u00e7\u00e3o Suno Not\u00edcias\"><\/a><div class=\"authorBox__name\"><span>por\n\t\t\t<a href=\"https:\/\/www.suno.com.br\/noticias\/author\/redacao-suno\/\"><span itemprop=\"author\">Reda\u00e7\u00e3o Suno Not\u00edcias<\/span><\/a><\/span><time datetime=\"2023-03-09T19:24:44-03:00\" itemprop=\"datePublished\">09\/03\/2023 19:24<\/time><\/div><\/div><\/div><\/div><\/div>","single_layout":"posts","amp_enabled":true,"_links":{"self":[{"href":"https:\/\/www.suno.com.br\/noticias\/wp-json\/wp\/v2\/posts\/374415"}],"collection":[{"href":"https:\/\/www.suno.com.br\/noticias\/wp-json\/wp\/v2\/posts"}],"about":[{"href":"https:\/\/www.suno.com.br\/noticias\/wp-json\/wp\/v2\/types\/post"}],"author":[{"embeddable":true,"href":"https:\/\/www.suno.com.br\/noticias\/wp-json\/wp\/v2\/users\/43"}],"replies":[{"embeddable":true,"href":"https:\/\/www.suno.com.br\/noticias\/wp-json\/wp\/v2\/comments?post=374415"}],"version-history":[{"count":2,"href":"https:\/\/www.suno.com.br\/noticias\/wp-json\/wp\/v2\/posts\/374415\/revisions"}],"predecessor-version":[{"id":374506,"href":"https:\/\/www.suno.com.br\/noticias\/wp-json\/wp\/v2\/posts\/374415\/revisions\/374506"}],"wp:featuredmedia":[{"embeddable":true,"href":"https:\/\/www.suno.com.br\/noticias\/wp-json\/wp\/v2\/media\/329592"}],"wp:attachment":[{"href":"https:\/\/www.suno.com.br\/noticias\/wp-json\/wp\/v2\/media?parent=374415"}],"wp:term":[{"taxonomy":"category","embeddable":true,"href":"https:\/\/www.suno.com.br\/noticias\/wp-json\/wp\/v2\/categories?post=374415"},{"taxonomy":"post_tag","embeddable":true,"href":"https:\/\/www.suno.com.br\/noticias\/wp-json\/wp\/v2\/tags?post=374415"},{"taxonomy":"suno_strategy","embeddable":true,"href":"https:\/\/www.suno.com.br\/noticias\/wp-json\/wp\/v2\/suno_strategy?post=374415"}],"curies":[{"name":"wp","href":"https:\/\/api.w.org\/{rel}","templated":true}]}}