{"id":37418,"date":"2019-09-12T18:06:49","date_gmt":"2019-09-12T21:06:49","guid":{"rendered":"https:\/\/www.suno.com.br\/noticias\/?p=37418"},"modified":"2021-06-01T20:26:40","modified_gmt":"2021-06-01T23:26:40","slug":"dolar-encerra-queda-0111-apos-medida-bce-12092019","status":"publish","type":"post","link":"https:\/\/www.suno.com.br\/noticias\/dolar-encerra-queda-0111-apos-medida-bce-12092019\/","title":{"rendered":"D\u00f3lar encerra em queda de -0,111% ap\u00f3s medida do BCE"},"content":{"rendered":"<p>O d\u00f3lar encerrou nesta quinta-feira (12) em queda de -0,111% sendo vendido a R$ 4,0599.<\/p>\t<div class=\"wrapper-featured-image\">\n\t\t<figure class=\"spotlightImg\">\n\n\t\t\t<picture>\n\t\t\t\t<source media=\"(max-width: 768px)\" srcset=\"https:\/\/files.sunoresearch.com.br\/n\/uploads\/2019\/06\/5da068bf-dolarr-400x200.webp\">\n\t\t\t\t<img loading=\"lazy\" decoding=\"async\" class=\"newsContent__article__imgCapa lazyloadDisabled newsContent__article__imgCapa--noCaption\" src=\"https:\/\/files.sunoresearch.com.br\/n\/uploads\/2019\/06\/5da068bf-dolarr-jpg.webp\" width=\"800\" height=\"450\" alt=\"D\u00f3lar encerra em queda de -0,111% ap\u00f3s medida do BCE\" fetchpriority=high \/>\n\t\t\t<\/picture>\n\n\t\t\t<figcaption class=\"wp-caption-text wp-caption-text--hide\">No dia anterior, o d\u00f3lar encerrou em alta de 1,43%, a R$ 5,7630<\/figcaption>\n\t\t<\/figure>\n\t<\/div>\n\n\n\n<p>O <strong>d\u00f3lar<\/strong> caiu devido a v\u00e1rios fatores. O principal deles, o corte de juros anunciado pelo <strong>Banco<\/strong> <strong>Central<\/strong> <strong>Europeu (BCE) <\/strong>que elevou o otimismo global de investidores.<\/p>\n<p>Al\u00e9m disso, contribu\u00edram para a queda:<\/p>\n<ul>\n<li style=\"text-align: left;\">a declara\u00e7\u00e3o do presidente dos <strong>EUA<\/strong>, <strong>Donald<\/strong> <strong>Trump<\/strong>, que reprovou o corte de juros do <strong>BCE<\/strong><\/li>\n<li style=\"text-align: left;\"><strong>Google<\/strong> ter\u00e1 que pagar multa de quase 1 bilh\u00e3o de euros para a Fran\u00e7a<\/li>\n<\/ul>\n<h2>Banco Central Europeu anuncia corte de juros<\/h2>\n<p>O <a href=\"https:\/\/www.suno.com.br\/artigos\/bce\/\"><strong>Banco Central Europeu<\/strong><\/a> (BCE) anunciou na manh\u00e3 desta quinta-feira (12) um novo pacote de est\u00edmulos \u00e0 economia do velho continente.<\/p>\n<p>Como era a expectativa, as <a href=\"https:\/\/www.suno.com.br\/artigos\/juros\/\"><strong>taxas de juros<\/strong><\/a> foram retra\u00eddas e foi aprovada uma nova rodada de compras de t\u00edtulos para estimular o crescimento da zona do euro. O intuito tamb\u00e9m era conter as preocupantes expectativas de infla\u00e7\u00e3o.<\/p>\n<p><a href=\"https:\/\/www.suno.com.br\/noticias\/alemanha-entrara-em-recessao-diz-instituto\/\">Veja tamb\u00e9m: <\/a><a href=\"https:\/\/www.suno.com.br\/noticias\/alemanha-entrara-em-recessao-diz-instituto\/\">Banco Central Europeu anuncia corte de juros<\/a><\/p>\n<div id=\"image_0baf445fbb45eddec707251dbba93afbow3o1g78\" class=\"expandedElement\">\n<p>O <strong>BCE<\/strong> reduziu sua taxa de dep\u00f3sito de -0,40% para -0,50%, um recordo na s\u00e9rie hist\u00f3rica. Tamb\u00e9m voltar\u00e1 \u00e0s compras de t\u00edtulos a um ritmo de 20 bilh\u00f5es de euros por m\u00eas a partir de novembro, retomando seu programa de relaxamento quantitativo (<strong>QE<\/strong>, pela sigla em ingl\u00eas), conforme o relat\u00f3rio desta quinta.<\/p>\n<h2>Trump critica BCE<\/h2>\n<p>O <strong>Banco<\/strong> <strong>Central<\/strong> <strong>Europeu<\/strong> decidiu cortar o juros em 10 pontos-base na manh\u00e3 desta quinta-feira (12). Com isso, o presidente dos <strong>Estados<\/strong> <strong>Unidos, <\/strong>Donald Trump<strong>,<\/strong>\u00a0mostrou, mais uma vez, sua indigna\u00e7\u00e3o por meio de uma rede social e alertou que os europeus est\u00e3o querendo prejudicar as exporta\u00e7\u00f5es dos EUA.<\/p>\n<p><a href=\"https:\/\/www.suno.com.br\/noticias\/trump-bce-esta-tentando-prejudicar-exportacoes-americanas\/\">Saiba mais: Trump diz que BCE est\u00e1 tentando prejudicar as exporta\u00e7\u00f5es americanas<\/a><\/p>\n<p>\u201cO Banco Central Europeu, agindo rapidamente, cortou as taxas em 10 pontos base. Est\u00e3o tentando, e sendo bem sucedidos, depreciar o Euro ante um d\u00f3lar MUITO fortalecido, prejudicando exporta\u00e7\u00f5es americanas&#8221;, disse Trump em seu Twitter.<\/p>\n<p>O mandat\u00e1rio aproveitou a deixa para criticar mais uma vez o Federal Reserve, pedindo, em outras palavras, mais um corte do Banco Central norte-americano nos juros. &#8220;E o Fed espera, espera, espera. Eles s\u00e3o pagos para contrair empr\u00e9stimos, enquanto n\u00f3s pagamos juros&#8221;, julgou o presidente norte-americano.<\/p>\n<h2>Google pagar\u00e1 multa de quase 1 bilh\u00e3o de euros para Fran\u00e7a<\/h2>\n<p>O Google pagar\u00e1 quase um bilh\u00e3o de euros (aproximadamente R$ 4,5 bilh\u00f5es) para o governo da <strong>Fran\u00e7a<\/strong> para encerrar uma investiga\u00e7\u00e3o de <a href=\"https:\/\/www.suno.com.br\/artigos\/fraude-fiscal\/\"><strong>fraude fiscal<\/strong><\/a>.<\/p>\n<p>\u201cAcabamos com as disputas tribut\u00e1rias que tivemos na Fran\u00e7a por muitos anos\u201d, informou a <strong>Alphabet<\/strong>, empresa controladora do <strong>Google<\/strong>.<\/p>\n<p><a href=\"https:\/\/www.suno.com.br\/noticias\/google-multa-1-bi-euros-franca\/\">Saiba mais: Google pagar\u00e1 multa de quase 1 bilh\u00e3o de euros para a Fran\u00e7a<\/a><\/p>\n<p>A gigante norte-americana dever\u00e1 pagar 500 milh\u00f5es de euros para o acordo relacionado com casos de <strong>fraude fiscal.<\/strong> Al\u00e9m disso, a companhia precisar\u00e1 desembolsar 465 milh\u00f5es de euros por conta de impostos atrasados.<\/p>\n<p>&#8220;\u00c9 um acordo hist\u00f3rico para nossas finan\u00e7as p\u00fablicas e porque marca o fim de uma era&#8221;, afirmou o ministro das Contas P\u00fablicas da Fran\u00e7a, G\u00e9rald Darmanin.<\/p>\n<h2>\u00daltima cota\u00e7\u00e3o do d\u00f3lar<\/h2>\n<p>Na \u00faltima sess\u00e3o, quarta-feira, o <a href=\"https:\/\/www.youtube.com\/watch?v=WT3eY8HTz-4&amp;t=6s\"><strong>d\u00f3lar<\/strong><\/a> encerrou em queda de -0,764% sendo negociado a R$ 4,0644.<\/p>\n<\/div>\n","protected":false},"excerpt":{"rendered":"<p>O d\u00f3lar encerrou nesta quinta-feira (12) em queda de -0,111% sendo vendido a R$ 4,0599. No dia anterior, o d\u00f3lar encerrou em alta de 1,43%, a R$ 5,7630 O d\u00f3lar caiu devido a v\u00e1rios fatores. O principal deles, o corte de juros anunciado pelo Banco Central Europeu (BCE) que elevou o otimismo global de investidores. [&hellip;]<\/p>\n","protected":false},"author":23,"featured_media":28097,"comment_status":"closed","ping_status":"closed","sticky":false,"template":"","format":"standard","meta":[],"categories":[60],"tags":[1372,863,326,724,701],"suno_strategy":[],"class_list":["post-37418","post","type-post","status-publish","format-standard","has-post-thumbnail","hentry","category-mercado","tag-alphabet-gogl34-gogl35","tag-banco-central-europeu-bce","tag-dolar","tag-donald-trump","tag-google"],"yoast_head":"<!-- This site is optimized with the Yoast SEO plugin v24.4 - https:\/\/yoast.com\/wordpress\/plugins\/seo\/ -->\n<title>D\u00f3lar encerra em queda de -0,111% ap\u00f3s medida do BCE<\/title>\n<meta name=\"description\" content=\"O d\u00f3lar encerrou em queda de -0,111% sendo vendido a R$ 4,0599. A queda ocorreu principalmente pelo corte de juros do BCE. Clique para mais.\" \/>\n<meta name=\"robots\" content=\"index, follow, max-snippet:-1, max-image-preview:large, max-video-preview:-1\" \/>\n<link rel=\"canonical\" href=\"https:\/\/www.suno.com.br\/noticias\/dolar-encerra-queda-0111-apos-medida-bce-12092019\/\" \/>\n<meta property=\"og:locale\" content=\"pt_BR\" \/>\n<meta property=\"og:type\" content=\"article\" \/>\n<meta property=\"og:title\" content=\"D\u00f3lar encerra em queda de -0,111% ap\u00f3s medida do BCE\" \/>\n<meta property=\"og:description\" content=\"O d\u00f3lar encerrou em queda de -0,111% sendo vendido a R$ 4,0599. A queda ocorreu principalmente pelo corte de juros do BCE. Clique para mais.\" \/>\n<meta property=\"og:url\" content=\"https:\/\/www.suno.com.br\/noticias\/dolar-encerra-queda-0111-apos-medida-bce-12092019\/\" \/>\n<meta property=\"og:site_name\" content=\"Suno Not\u00edcias\" \/>\n<meta property=\"article:publisher\" content=\"https:\/\/facebook.com\/sunoresearch\" \/>\n<meta property=\"og:image\" content=\"https:\/\/files.sunoresearch.com.br\/n\/uploads\/2019\/06\/5da068bf-dolarr.jpg\" \/>\n\t<meta property=\"og:image:width\" content=\"640\" \/>\n\t<meta property=\"og:image:height\" content=\"370\" \/>\n\t<meta property=\"og:image:type\" content=\"image\/jpeg\" \/>\n<meta name=\"author\" content=\"Rafael Lara\" \/>\n<meta name=\"twitter:card\" content=\"summary_large_image\" \/>\n<meta name=\"twitter:creator\" content=\"@sunoresearch\" \/>\n<meta name=\"twitter:site\" content=\"@sunoresearch\" \/>\n<meta name=\"twitter:label1\" content=\"Escrito por\" \/>\n\t<meta name=\"twitter:data1\" content=\"Rafael Lara\" \/>\n\t<meta name=\"twitter:label2\" content=\"Est. tempo de leitura\" \/>\n\t<meta name=\"twitter:data2\" content=\"3 minutos\" \/>\n<script type=\"application\/ld+json\" class=\"yoast-schema-graph\">{\"@context\":\"https:\/\/schema.org\",\"@graph\":[{\"@type\":\"NewsArticle\",\"@id\":\"https:\/\/www.suno.com.br\/noticias\/dolar-encerra-queda-0111-apos-medida-bce-12092019\/#article\",\"isPartOf\":{\"@id\":\"https:\/\/www.suno.com.br\/noticias\/dolar-encerra-queda-0111-apos-medida-bce-12092019\/\"},\"author\":{\"name\":\"Rafael Lara\",\"@id\":\"https:\/\/www.suno.com.br\/noticias\/#\/schema\/person\/098743caeed97b37f51315c9576c4078\"},\"headline\":\"D\u00f3lar encerra em queda de -0,111% ap\u00f3s medida do BCE\",\"datePublished\":\"2019-09-12T21:06:49+00:00\",\"dateModified\":\"2021-06-01T23:26:40+00:00\",\"mainEntityOfPage\":{\"@id\":\"https:\/\/www.suno.com.br\/noticias\/dolar-encerra-queda-0111-apos-medida-bce-12092019\/\"},\"wordCount\":552,\"publisher\":{\"@id\":\"https:\/\/www.suno.com.br\/noticias\/#organization\"},\"image\":{\"@id\":\"https:\/\/www.suno.com.br\/noticias\/dolar-encerra-queda-0111-apos-medida-bce-12092019\/#primaryimage\"},\"thumbnailUrl\":\"https:\/\/files.sunoresearch.com.br\/n\/uploads\/2019\/06\/5da068bf-dolarr-jpg.webp\",\"keywords\":[\"Alphabet (GOGL34\/GOGL35)\",\"Banco Central Europeu (BCE)\",\"d\u00f3lar\",\"Donald Trump\",\"Google\"],\"articleSection\":[\"Mercado\"],\"inLanguage\":\"pt-BR\"},{\"@type\":\"WebPage\",\"@id\":\"https:\/\/www.suno.com.br\/noticias\/dolar-encerra-queda-0111-apos-medida-bce-12092019\/\",\"url\":\"https:\/\/www.suno.com.br\/noticias\/dolar-encerra-queda-0111-apos-medida-bce-12092019\/\",\"name\":\"D\u00f3lar encerra em queda de -0,111% ap\u00f3s medida do BCE\",\"isPartOf\":{\"@id\":\"https:\/\/www.suno.com.br\/noticias\/#website\"},\"primaryImageOfPage\":{\"@id\":\"https:\/\/www.suno.com.br\/noticias\/dolar-encerra-queda-0111-apos-medida-bce-12092019\/#primaryimage\"},\"image\":{\"@id\":\"https:\/\/www.suno.com.br\/noticias\/dolar-encerra-queda-0111-apos-medida-bce-12092019\/#primaryimage\"},\"thumbnailUrl\":\"https:\/\/files.sunoresearch.com.br\/n\/uploads\/2019\/06\/5da068bf-dolarr-jpg.webp\",\"datePublished\":\"2019-09-12T21:06:49+00:00\",\"dateModified\":\"2021-06-01T23:26:40+00:00\",\"description\":\"O d\u00f3lar encerrou em queda de -0,111% sendo vendido a R$ 4,0599. A queda ocorreu principalmente pelo corte de juros do BCE. Clique para mais.\",\"breadcrumb\":{\"@id\":\"https:\/\/www.suno.com.br\/noticias\/dolar-encerra-queda-0111-apos-medida-bce-12092019\/#breadcrumb\"},\"inLanguage\":\"pt-BR\",\"potentialAction\":[{\"@type\":\"ReadAction\",\"target\":[\"https:\/\/www.suno.com.br\/noticias\/dolar-encerra-queda-0111-apos-medida-bce-12092019\/\"]}]},{\"@type\":\"ImageObject\",\"inLanguage\":\"pt-BR\",\"@id\":\"https:\/\/www.suno.com.br\/noticias\/dolar-encerra-queda-0111-apos-medida-bce-12092019\/#primaryimage\",\"url\":\"https:\/\/files.sunoresearch.com.br\/n\/uploads\/2019\/06\/5da068bf-dolarr-jpg.webp\",\"contentUrl\":\"https:\/\/files.sunoresearch.com.br\/n\/uploads\/2019\/06\/5da068bf-dolarr-jpg.webp\",\"width\":640,\"height\":370,\"caption\":\"No dia anterior, o d\u00f3lar encerrou em alta de 1,43%, a R$ 5,7630\"},{\"@type\":\"BreadcrumbList\",\"@id\":\"https:\/\/www.suno.com.br\/noticias\/dolar-encerra-queda-0111-apos-medida-bce-12092019\/#breadcrumb\",\"itemListElement\":[{\"@type\":\"ListItem\",\"position\":1,\"name\":\"Not\u00edcias\",\"item\":\"https:\/\/www.suno.com.br\/noticias\/\"},{\"@type\":\"ListItem\",\"position\":2,\"name\":\"Mercado\",\"item\":\"https:\/\/www.suno.com.br\/noticias\/mercado\/\"},{\"@type\":\"ListItem\",\"position\":3,\"name\":\"D\u00f3lar encerra em queda de -0,111% ap\u00f3s medida do BCE\"}]},{\"@type\":\"WebSite\",\"@id\":\"https:\/\/www.suno.com.br\/noticias\/#website\",\"url\":\"https:\/\/www.suno.com.br\/noticias\/\",\"name\":\"Suno Not\u00edcias\",\"description\":\"Seu portal de informa\u00e7\u00e3o sobre o mundo dos investimentos\",\"publisher\":{\"@id\":\"https:\/\/www.suno.com.br\/noticias\/#organization\"},\"potentialAction\":[{\"@type\":\"SearchAction\",\"target\":{\"@type\":\"EntryPoint\",\"urlTemplate\":\"https:\/\/www.suno.com.br\/noticias\/?s={search_term_string}\"},\"query-input\":{\"@type\":\"PropertyValueSpecification\",\"valueRequired\":true,\"valueName\":\"search_term_string\"}}],\"inLanguage\":\"pt-BR\"},{\"@type\":\"Organization\",\"@id\":\"https:\/\/www.suno.com.br\/noticias\/#organization\",\"name\":\"Suno Not\u00edcias\",\"url\":\"https:\/\/www.suno.com.br\/noticias\/\",\"logo\":{\"@type\":\"ImageObject\",\"inLanguage\":\"pt-BR\",\"@id\":\"https:\/\/www.suno.com.br\/noticias\/#\/schema\/logo\/image\/\",\"url\":\"https:\/\/files.sunoresearch.com.br\/n\/uploads\/2021\/09\/suno-logo.png\",\"contentUrl\":\"https:\/\/files.sunoresearch.com.br\/n\/uploads\/2021\/09\/suno-logo.png\",\"width\":180,\"height\":180,\"caption\":\"Suno Not\u00edcias\"},\"image\":{\"@id\":\"https:\/\/www.suno.com.br\/noticias\/#\/schema\/logo\/image\/\"},\"sameAs\":[\"https:\/\/facebook.com\/sunoresearch\",\"https:\/\/x.com\/sunoresearch\",\"https:\/\/www.instagram.com\/suno\",\"https:\/\/www.linkedin.com\/company\/suno-research\/\",\"https:\/\/www.youtube.com\/c\/sunoresearch\"]},{\"@type\":\"Person\",\"@id\":\"https:\/\/www.suno.com.br\/noticias\/#\/schema\/person\/098743caeed97b37f51315c9576c4078\",\"name\":\"Rafael Lara\",\"image\":{\"@type\":\"ImageObject\",\"inLanguage\":\"pt-BR\",\"@id\":\"https:\/\/www.suno.com.br\/noticias\/#\/schema\/person\/image\/\",\"url\":\"https:\/\/secure.gravatar.com\/avatar\/dfc254ab9bb2ea1895d98b9e9dae4bdd?s=96&r=g\",\"contentUrl\":\"https:\/\/secure.gravatar.com\/avatar\/dfc254ab9bb2ea1895d98b9e9dae4bdd?s=96&r=g\",\"caption\":\"Rafael Lara\"},\"description\":\"Rafael Lara cursa jornalismo na Faculdade C\u00e1sper L\u00edbero. Escreve sobre pol\u00edtica, economia e neg\u00f3cios para o portal Suno Not\u00edcias. Antes, colaborou na TV Gazeta na produ\u00e7\u00e3o do programa Edi\u00e7\u00e3o Extra.\",\"url\":\"https:\/\/www.suno.com.br\/noticias\/author\/rafael\/\"}]}<\/script>\n<!-- \/ Yoast SEO plugin. -->","yoast_head_json":{"title":"D\u00f3lar encerra em queda de -0,111% ap\u00f3s medida do BCE","description":"O d\u00f3lar encerrou em queda de -0,111% sendo vendido a R$ 4,0599. A queda ocorreu principalmente pelo corte de juros do BCE. Clique para mais.","robots":{"index":"index","follow":"follow","max-snippet":"max-snippet:-1","max-image-preview":"max-image-preview:large","max-video-preview":"max-video-preview:-1"},"canonical":"https:\/\/www.suno.com.br\/noticias\/dolar-encerra-queda-0111-apos-medida-bce-12092019\/","og_locale":"pt_BR","og_type":"article","og_title":"D\u00f3lar encerra em queda de -0,111% ap\u00f3s medida do BCE","og_description":"O d\u00f3lar encerrou em queda de -0,111% sendo vendido a R$ 4,0599. A queda ocorreu principalmente pelo corte de juros do BCE. Clique para mais.","og_url":"https:\/\/www.suno.com.br\/noticias\/dolar-encerra-queda-0111-apos-medida-bce-12092019\/","og_site_name":"Suno Not\u00edcias","article_publisher":"https:\/\/facebook.com\/sunoresearch","og_image":[{"width":640,"height":370,"url":"https:\/\/files.sunoresearch.com.br\/n\/uploads\/2019\/06\/5da068bf-dolarr.jpg","type":"image\/jpeg"}],"author":"Rafael Lara","twitter_card":"summary_large_image","twitter_creator":"@sunoresearch","twitter_site":"@sunoresearch","twitter_misc":{"Escrito por":"Rafael Lara","Est. tempo de leitura":"3 minutos"},"schema":{"@context":"https:\/\/schema.org","@graph":[{"@type":"NewsArticle","@id":"https:\/\/www.suno.com.br\/noticias\/dolar-encerra-queda-0111-apos-medida-bce-12092019\/#article","isPartOf":{"@id":"https:\/\/www.suno.com.br\/noticias\/dolar-encerra-queda-0111-apos-medida-bce-12092019\/"},"author":{"name":"Rafael Lara","@id":"https:\/\/www.suno.com.br\/noticias\/#\/schema\/person\/098743caeed97b37f51315c9576c4078"},"headline":"D\u00f3lar encerra em queda de -0,111% ap\u00f3s medida do BCE","datePublished":"2019-09-12T21:06:49+00:00","dateModified":"2021-06-01T23:26:40+00:00","mainEntityOfPage":{"@id":"https:\/\/www.suno.com.br\/noticias\/dolar-encerra-queda-0111-apos-medida-bce-12092019\/"},"wordCount":552,"publisher":{"@id":"https:\/\/www.suno.com.br\/noticias\/#organization"},"image":{"@id":"https:\/\/www.suno.com.br\/noticias\/dolar-encerra-queda-0111-apos-medida-bce-12092019\/#primaryimage"},"thumbnailUrl":"https:\/\/files.sunoresearch.com.br\/n\/uploads\/2019\/06\/5da068bf-dolarr-jpg.webp","keywords":["Alphabet (GOGL34\/GOGL35)","Banco Central Europeu (BCE)","d\u00f3lar","Donald Trump","Google"],"articleSection":["Mercado"],"inLanguage":"pt-BR"},{"@type":"WebPage","@id":"https:\/\/www.suno.com.br\/noticias\/dolar-encerra-queda-0111-apos-medida-bce-12092019\/","url":"https:\/\/www.suno.com.br\/noticias\/dolar-encerra-queda-0111-apos-medida-bce-12092019\/","name":"D\u00f3lar encerra em queda de -0,111% ap\u00f3s medida do BCE","isPartOf":{"@id":"https:\/\/www.suno.com.br\/noticias\/#website"},"primaryImageOfPage":{"@id":"https:\/\/www.suno.com.br\/noticias\/dolar-encerra-queda-0111-apos-medida-bce-12092019\/#primaryimage"},"image":{"@id":"https:\/\/www.suno.com.br\/noticias\/dolar-encerra-queda-0111-apos-medida-bce-12092019\/#primaryimage"},"thumbnailUrl":"https:\/\/files.sunoresearch.com.br\/n\/uploads\/2019\/06\/5da068bf-dolarr-jpg.webp","datePublished":"2019-09-12T21:06:49+00:00","dateModified":"2021-06-01T23:26:40+00:00","description":"O d\u00f3lar encerrou em queda de -0,111% sendo vendido a R$ 4,0599. A queda ocorreu principalmente pelo corte de juros do BCE. Clique para mais.","breadcrumb":{"@id":"https:\/\/www.suno.com.br\/noticias\/dolar-encerra-queda-0111-apos-medida-bce-12092019\/#breadcrumb"},"inLanguage":"pt-BR","potentialAction":[{"@type":"ReadAction","target":["https:\/\/www.suno.com.br\/noticias\/dolar-encerra-queda-0111-apos-medida-bce-12092019\/"]}]},{"@type":"ImageObject","inLanguage":"pt-BR","@id":"https:\/\/www.suno.com.br\/noticias\/dolar-encerra-queda-0111-apos-medida-bce-12092019\/#primaryimage","url":"https:\/\/files.sunoresearch.com.br\/n\/uploads\/2019\/06\/5da068bf-dolarr-jpg.webp","contentUrl":"https:\/\/files.sunoresearch.com.br\/n\/uploads\/2019\/06\/5da068bf-dolarr-jpg.webp","width":640,"height":370,"caption":"No dia anterior, o d\u00f3lar encerrou em alta de 1,43%, a R$ 5,7630"},{"@type":"BreadcrumbList","@id":"https:\/\/www.suno.com.br\/noticias\/dolar-encerra-queda-0111-apos-medida-bce-12092019\/#breadcrumb","itemListElement":[{"@type":"ListItem","position":1,"name":"Not\u00edcias","item":"https:\/\/www.suno.com.br\/noticias\/"},{"@type":"ListItem","position":2,"name":"Mercado","item":"https:\/\/www.suno.com.br\/noticias\/mercado\/"},{"@type":"ListItem","position":3,"name":"D\u00f3lar encerra em queda de -0,111% ap\u00f3s medida do BCE"}]},{"@type":"WebSite","@id":"https:\/\/www.suno.com.br\/noticias\/#website","url":"https:\/\/www.suno.com.br\/noticias\/","name":"Suno Not\u00edcias","description":"Seu portal de informa\u00e7\u00e3o sobre o mundo dos investimentos","publisher":{"@id":"https:\/\/www.suno.com.br\/noticias\/#organization"},"potentialAction":[{"@type":"SearchAction","target":{"@type":"EntryPoint","urlTemplate":"https:\/\/www.suno.com.br\/noticias\/?s={search_term_string}"},"query-input":{"@type":"PropertyValueSpecification","valueRequired":true,"valueName":"search_term_string"}}],"inLanguage":"pt-BR"},{"@type":"Organization","@id":"https:\/\/www.suno.com.br\/noticias\/#organization","name":"Suno Not\u00edcias","url":"https:\/\/www.suno.com.br\/noticias\/","logo":{"@type":"ImageObject","inLanguage":"pt-BR","@id":"https:\/\/www.suno.com.br\/noticias\/#\/schema\/logo\/image\/","url":"https:\/\/files.sunoresearch.com.br\/n\/uploads\/2021\/09\/suno-logo.png","contentUrl":"https:\/\/files.sunoresearch.com.br\/n\/uploads\/2021\/09\/suno-logo.png","width":180,"height":180,"caption":"Suno Not\u00edcias"},"image":{"@id":"https:\/\/www.suno.com.br\/noticias\/#\/schema\/logo\/image\/"},"sameAs":["https:\/\/facebook.com\/sunoresearch","https:\/\/x.com\/sunoresearch","https:\/\/www.instagram.com\/suno","https:\/\/www.linkedin.com\/company\/suno-research\/","https:\/\/www.youtube.com\/c\/sunoresearch"]},{"@type":"Person","@id":"https:\/\/www.suno.com.br\/noticias\/#\/schema\/person\/098743caeed97b37f51315c9576c4078","name":"Rafael Lara","image":{"@type":"ImageObject","inLanguage":"pt-BR","@id":"https:\/\/www.suno.com.br\/noticias\/#\/schema\/person\/image\/","url":"https:\/\/secure.gravatar.com\/avatar\/dfc254ab9bb2ea1895d98b9e9dae4bdd?s=96&r=g","contentUrl":"https:\/\/secure.gravatar.com\/avatar\/dfc254ab9bb2ea1895d98b9e9dae4bdd?s=96&r=g","caption":"Rafael Lara"},"description":"Rafael Lara cursa jornalismo na Faculdade C\u00e1sper L\u00edbero. Escreve sobre pol\u00edtica, economia e neg\u00f3cios para o portal Suno Not\u00edcias. Antes, colaborou na TV Gazeta na produ\u00e7\u00e3o do programa Edi\u00e7\u00e3o Extra.","url":"https:\/\/www.suno.com.br\/noticias\/author\/rafael\/"}]}},"default_loop_html":"<div class=\"cardsPage__listCard__boxs\"><div class=\"cardsPage__listCard__boxs__img\"><a href=\"https:\/\/www.suno.com.br\/noticias\/dolar-encerra-queda-0111-apos-medida-bce-12092019\/\"><img class=\"mask\" src=\"https:\/\/www.suno.com.br\/noticias\/wp-content\/themes\/suno\/resources\/images\/spotlight\/spotlight1img\/bg-mask.png\" alt=\"Image Mask\"\/><img src=\"https:\/\/files.sunoresearch.com.br\/n\/uploads\/2019\/06\/5da068bf-dolarr-400x200.webp\" alt=\"D\u00f3lar encerra em queda de -0,111% ap\u00f3s medida do BCE\"\/><\/a><span class=\"spotlightCategory\"><a href=\"https:\/\/www.suno.com.br\/noticias\/mercado\/\">Mercado<\/a><\/span><\/div><div class=\"cardsPage__listCard__boxs__content\"><a href=\"https:\/\/www.suno.com.br\/noticias\/dolar-encerra-queda-0111-apos-medida-bce-12092019\/\"><h2 class=\"content__title\">D\u00f3lar encerra em queda de -0,111% ap\u00f3s medida do BCE<\/h2><\/a><div class=\"newsContent__article__meta\"><div class=\"newsContent__article__meta__authorBox\"><a href=\"https:\/\/www.suno.com.br\/noticias\/author\/rafael\/\" class=\"authorBox__avatar noMobi\"><img src=\"https:\/\/secure.gravatar.com\/avatar\/dfc254ab9bb2ea1895d98b9e9dae4bdd?s=96&#038;r=g\" alt=\"Rafael Lara\"><\/a><div class=\"authorBox__name\"><span>por\n\t\t\t<a href=\"https:\/\/www.suno.com.br\/noticias\/author\/rafael\/\"><span itemprop=\"author\">Rafael Lara<\/span><\/a><\/span><time datetime=\"2019-09-12T18:06:49-03:00\" itemprop=\"datePublished\">12\/09\/2019 18:06<\/time><\/div><\/div><\/div><\/div><\/div>","single_layout":"posts","amp_enabled":true,"_links":{"self":[{"href":"https:\/\/www.suno.com.br\/noticias\/wp-json\/wp\/v2\/posts\/37418"}],"collection":[{"href":"https:\/\/www.suno.com.br\/noticias\/wp-json\/wp\/v2\/posts"}],"about":[{"href":"https:\/\/www.suno.com.br\/noticias\/wp-json\/wp\/v2\/types\/post"}],"author":[{"embeddable":true,"href":"https:\/\/www.suno.com.br\/noticias\/wp-json\/wp\/v2\/users\/23"}],"replies":[{"embeddable":true,"href":"https:\/\/www.suno.com.br\/noticias\/wp-json\/wp\/v2\/comments?post=37418"}],"version-history":[{"count":1,"href":"https:\/\/www.suno.com.br\/noticias\/wp-json\/wp\/v2\/posts\/37418\/revisions"}],"predecessor-version":[{"id":153786,"href":"https:\/\/www.suno.com.br\/noticias\/wp-json\/wp\/v2\/posts\/37418\/revisions\/153786"}],"wp:featuredmedia":[{"embeddable":true,"href":"https:\/\/www.suno.com.br\/noticias\/wp-json\/wp\/v2\/media\/28097"}],"wp:attachment":[{"href":"https:\/\/www.suno.com.br\/noticias\/wp-json\/wp\/v2\/media?parent=37418"}],"wp:term":[{"taxonomy":"category","embeddable":true,"href":"https:\/\/www.suno.com.br\/noticias\/wp-json\/wp\/v2\/categories?post=37418"},{"taxonomy":"post_tag","embeddable":true,"href":"https:\/\/www.suno.com.br\/noticias\/wp-json\/wp\/v2\/tags?post=37418"},{"taxonomy":"suno_strategy","embeddable":true,"href":"https:\/\/www.suno.com.br\/noticias\/wp-json\/wp\/v2\/suno_strategy?post=37418"}],"curies":[{"name":"wp","href":"https:\/\/api.w.org\/{rel}","templated":true}]}}