{"id":37416,"date":"2019-09-12T18:00:33","date_gmt":"2019-09-12T21:00:33","guid":{"rendered":"https:\/\/www.suno.com.br\/noticias\/?p=37416"},"modified":"2019-09-12T18:00:33","modified_gmt":"2019-09-12T21:00:33","slug":"ibovespa-encerra-em-alta-de-089-e-retorna-aos-104-mil-pontos","status":"publish","type":"post","link":"https:\/\/www.suno.com.br\/noticias\/ibovespa-encerra-em-alta-de-089-e-retorna-aos-104-mil-pontos\/","title":{"rendered":"Ibovespa encerra em alta de 0,89% e retorna aos 104 mil pontos"},"content":{"rendered":"<p>O Ibovespa encerrou nesta quinta-feira (12) em alta e atingiu a casa dos 104 mil pontos novamente.<\/p>\t<div class=\"wrapper-featured-image\">\n\t\t<figure class=\"spotlightImg\">\n\n\t\t\t<picture>\n\t\t\t\t<source media=\"(max-width: 768px)\" srcset=\"https:\/\/files.sunoresearch.com.br\/n\/uploads\/2018\/10\/1215868e-ibovespa-1-400x200.webp\">\n\t\t\t\t<img loading=\"lazy\" decoding=\"async\" class=\"newsContent__article__imgCapa lazyloadDisabled newsContent__article__imgCapa--noCaption\" src=\"https:\/\/files.sunoresearch.com.br\/n\/uploads\/2018\/10\/1215868e-ibovespa-1-800x450.webp\" width=\"800\" height=\"450\" alt=\"Ibovespa encerra em alta de 0,89% e retorna aos 104 mil pontos\" fetchpriority=high \/>\n\t\t\t<\/picture>\n\n\t\t\t<figcaption class=\"wp-caption-text wp-caption-text--hide\">Veja as small caps que mais valorizaram em junho<\/figcaption>\n\t\t<\/figure>\n\t<\/div>\n\n\n<p>No fechamento do preg\u00e3o, o <strong>Ibovespa<\/strong> registrava alta de 0,89%, a 104.370,91 pontos. O \u00edndice iniciou o dia j\u00e1 operando em varia\u00e7\u00e3o positiva de 0,69%, alcan\u00e7ando 104.161,11 pontos, por volta das 10h15.<\/p>\n\n<p>O mercado reagiu \u00e0 nova <strong>lei das teles<\/strong> aprovada pelo Senado Federal. Al\u00e9m disso, ainda no setor de telefonia, uma suposta fus\u00e3o entre <strong>TIM<\/strong> e <strong>Oi<\/strong> movimentou os investidores.<\/p>\n<p>Al\u00e9m disso, ainda no cen\u00e1rio interno, <strong>C&amp;A<\/strong> apresentou um pedido de <a href=\"https:\/\/www.suno.com.br\/artigos\/vale-pena-investir-em-um-ipo\/\">oferta inicial de a\u00e7\u00f5es<\/a> para a <a href=\"https:\/\/www.suno.com.br\/artigos\/cvm\/\">Comiss\u00e3o de Valores Mobili\u00e1rios (CVM)<\/a>.<\/p>\n<p>No cen\u00e1rio externo, o <a href=\"https:\/\/www.suno.com.br\/artigos\/bce\/\"><strong>Banco Central<\/strong>\u00a0<strong>Europeu<\/strong><\/a> <strong>(BCE)<\/strong> anunciou que um corte nas taxas de juros.<\/p>\n<h2>Nova lei das teles<\/h2>\n<p>O Plen\u00e1rio do Senado Federal aprovou o Projeto de Lei Complementar (PLC) 79\/2016, que ir\u00e1 beneficiar todas as operadoras telef\u00f4nicas, principalmente a Oi (<a href=\"https:\/\/www.suno.com.br\/noticias\/acoes-oi-aposta-podem-valer-pena-bradesco-bbi\/\">OIBR3; OIBR4<\/a>).<\/p>\n<p><a href=\"https:\/\/www.suno.com.br\/noticias\/oi-aprova-lei-teles-senado-federal-acao\/\">Saiba mais: Oi: Plen\u00e1rio do Senado Federal aprova nova lei das teles<\/a><\/p>\n<p>O texto da relatora e senadora Daniella Ribeiro, que altera o regime de concess\u00e3o da telefonia, foi aprovado na manh\u00e3 da \u00faltima quarta pela Comiss\u00e3o de Ci\u00eancia, Tecnologia, Inova\u00e7\u00e3o, Comunica\u00e7\u00e3o e Inform\u00e1tica (CCT) do Senado. Ap\u00f3s a comiss\u00e3o, o PLC seguiu com urg\u00eancia ao Plen\u00e1rio.<\/p>\n<p>A mudan\u00e7a ajudaria a Oi, pois a operadora deixaria de ser concession\u00e1ria e competiria em igualdade com suas concorrentes.<\/p>\n<h2>Fus\u00e3o entre Oi e TIM<\/h2>\n<p>A Oi tamb\u00e9m movimentou o mercado por contra de uma suposta fus\u00e3o entre a companhia e a TIM.<\/p>\n<p><a href=\"https:\/\/www.suno.com.br\/noticias\/fusao-tim-e-oi-pode-sair-do-papel\/\">Saiba mais: Fus\u00e3o entre TIM e Oi pode sair do papel, diz BTG<\/a><\/p>\n<p>Ap\u00f3s a decis\u00e3o do Senado sobre a nova lei de teles, o banco BTG Pactual disse que \u201ca Oi \u00e9 um ativo estrat\u00e9gico para os investidores que desejam entrar ou expandir a sua presen\u00e7a no mercado brasileiro de telecomunica\u00e7\u00f5es\u201d.<\/p>\n<p>Os analistas do banco Carlos Sequeira, Bernardo Teixeira e Osni Carfi disseram que, movido pelas suas &#8220;ultra-sin\u00e9rgicas&#8221; redes e servi\u00e7\u00f5es, a possibilidade de fus\u00e3o entre Oi e TIM (TIMP3) aumentou consideravelmente.<\/p>\n<h2>IPO da C&amp;A<\/h2>\n<p>Os investidores tamb\u00e9m reagiram ao pedido de <a href=\"https:\/\/www.suno.com.br\/artigos\/vale-pena-investir-em-um-ipo\/\">oferta inicial de a\u00e7\u00f5es (IPO)<\/a> reapresentado pela C&amp;A. O objetivo da varejista, que enviou seu prospecto para a <a href=\"https:\/\/www.suno.com.br\/artigos\/cvm\/\">Comiss\u00e3o de Valores Mobili\u00e1rios (CVM)<\/a>, \u00e9 arrecadar cerca de R$ 2 bilh\u00f5es.<\/p>\n<p><a href=\"https:\/\/www.suno.com.br\/noticias\/cea-ipo-abertura-capital-cvm\/\">Saiba mais: C&amp;A reapresenta pedido de abertura de capital na CVM<\/a><\/p>\n<p>Segundo o prospecto preliminar da opera\u00e7\u00e3o, os recursos obtidos com a oferta prim\u00e1ria de a\u00e7\u00f5es ser\u00e3o usados para pagar empr\u00e9stimos intracompany e para expans\u00e3o org\u00e2nica do grupo.<\/p>\n<p>A varejista tamb\u00e9m est\u00e1 preparando plano de expans\u00e3o que prev\u00ea a abertura de 159 novas lojas no Brasil. Al\u00e9m disso, a empresa tamb\u00e9m pretende melhorar sua plataforma de com\u00e9rcio eletr\u00f4nico e as ofertas de produtos financeiros.<\/p>\n<h2>Corte de juros do BCE<\/h2>\n<p>O <a href=\"https:\/\/www.suno.com.br\/artigos\/bce\/\">Banco Central Europeu<\/a> (BCE) anunciou um novo pacote de est\u00edmulos \u00e0 economia do velho continente.<\/p>\n<p><a href=\"https:\/\/www.suno.com.br\/noticias\/banco-central-europeu-anuncia-corte-de-juros\/\">Saiba mais: Banco Central Europeu anuncia corte de juros<\/a><\/p>\n<p>Como j\u00e1 era esperado, as <a href=\"https:\/\/www.suno.com.br\/artigos\/juros\/\">taxas de juros<\/a> foram retra\u00eddas e foi aprovada uma nova rodada de compras de t\u00edtulos para estimular o crescimento da zona do euro. O intuito tamb\u00e9m era conter as preocupantes expectativas de infla\u00e7\u00e3o.<\/p>\n<p>O BCE reduziu sua taxa de dep\u00f3sito de -0,40% para -0,50%, um recorde na s\u00e9rie hist\u00f3rica. Tamb\u00e9m voltar\u00e1 \u00e0s compras de t\u00edtulos a um ritmo de 20 bilh\u00f5es de euros por m\u00eas a partir de novembro, retomando seu programa de relaxamento quantitativo.<\/p>\n\t<p>\n\t\t<a href=\"https:\/\/lp.suno.com.br\/cl\/impacto-tarifas-trump\/?utm_source=sunoresearch&#038;utm_medium=banner.noticias&#038;utm_campaign=_SNC903E88AA_\" target=\"_blank\" data-element=\"shortcode-suno-banner\" title=\"Banner SUNO, clique e saiba mais\">\n\t\t\t<picture>\n\t\t\t\t<source media=\"(max-width: 500px)\" srcset=\"https:\/\/files.sunoresearch.com.br\/n\/uploads\/2025\/07\/trump-mobile.webp\">\n\t\t\t\t<img class=\"newsContent__article__imgCapa newsContent__article__imgCapa--banner\"\n\t\t\t\t\tsrc=\"https:\/\/files.sunoresearch.com.br\/n\/uploads\/2025\/07\/trump-banner-desktop.webp\"\n\t\t\t\t\tdata-promo-id=\"613126\"\t\t\t\t\t\t\t\t\t\twidth='1000' height='325'\t\t\t\t\talt=\"https:\/\/files.sunoresearch.com.br\/n\/uploads\/2025\/07\/trump-banner-desktop.webp\"\n\t\t\t\t>\n\t\t\t<\/picture>\n\t\t<\/a>\n\t<\/p>\n\n\n<p>Confira o fechamento de algumas bolsas:<\/p>\n<ul>\n<li>Alemanha: \u00edndice Dax (GDAXI) obteve alta de 0,41%.<\/li>\n<li>It\u00e1lia: \u00edndice FTSE MIB obteve alta de 0,29%.<\/li>\n<li>Fran\u00e7a: \u00edndice CAC 40 (FCHI) obteve alta de 0,44%.<\/li>\n<\/ul>\n<h2>\u00daltima cota\u00e7\u00e3o do Ibovespa<\/h2>\n<p>Na \u00faltima sess\u00e3o, quarta-feira (11), o <a href=\"https:\/\/www.youtube.com\/watch?v=5CegZ2kz6To\"><strong>Ibovespa<\/strong><\/a> encerrou com uma alta de 0,40%, chegando a 103.445,602 pontos.<\/p>\n","protected":false},"excerpt":{"rendered":"<p>O Ibovespa encerrou nesta quinta-feira (12) em alta e atingiu a casa dos 104 mil pontos novamente. Veja as small caps que mais valorizaram em junho No fechamento do preg\u00e3o, o Ibovespa registrava alta de 0,89%, a 104.370,91 pontos. O \u00edndice iniciou o dia j\u00e1 operando em varia\u00e7\u00e3o positiva de 0,69%, alcan\u00e7ando 104.161,11 pontos, por [&hellip;]<\/p>\n","protected":false},"author":18,"featured_media":4683,"comment_status":"closed","ping_status":"closed","sticky":false,"template":"","format":"standard","meta":[],"categories":[60],"tags":[863,1898,721,584,663],"suno_strategy":[],"class_list":["post-37416","post","type-post","status-publish","format-standard","has-post-thumbnail","hentry","category-mercado","tag-banco-central-europeu-bce","tag-ca-ceab3","tag-ibovespa","tag-oi-oibr3-oibr4","tag-tim-tims3"],"yoast_head":"<!-- This site is optimized with the Yoast SEO plugin v24.4 - https:\/\/yoast.com\/wordpress\/plugins\/seo\/ -->\n<title>Ibovespa encerra em alta de 0,89% e retorna aos 104 mil pontos<\/title>\n<meta name=\"description\" content=\"O Ibovespa encerrou o preg\u00e3o desta quinta-feira (12) em alta e atingiu a casa dos 104 mil pontos novamente.\u00a0 Clique para saber mais.\" \/>\n<meta name=\"robots\" content=\"index, follow, max-snippet:-1, max-image-preview:large, max-video-preview:-1\" \/>\n<link rel=\"canonical\" href=\"https:\/\/www.suno.com.br\/noticias\/ibovespa-encerra-em-alta-de-089-e-retorna-aos-104-mil-pontos\/\" \/>\n<meta property=\"og:locale\" content=\"pt_BR\" \/>\n<meta property=\"og:type\" content=\"article\" \/>\n<meta property=\"og:title\" content=\"Ibovespa encerra em alta de 0,89% e retorna aos 104 mil pontos\" \/>\n<meta property=\"og:description\" content=\"O Ibovespa encerrou o preg\u00e3o desta quinta-feira (12) em alta e atingiu a casa dos 104 mil pontos novamente.\u00a0 Clique para saber mais.\" \/>\n<meta property=\"og:url\" content=\"https:\/\/www.suno.com.br\/noticias\/ibovespa-encerra-em-alta-de-089-e-retorna-aos-104-mil-pontos\/\" \/>\n<meta property=\"og:site_name\" content=\"Suno Not\u00edcias\" \/>\n<meta property=\"article:publisher\" content=\"https:\/\/facebook.com\/sunoresearch\" \/>\n<meta property=\"og:image\" content=\"https:\/\/files.sunoresearch.com.br\/n\/uploads\/2018\/10\/1215868e-ibovespa-1.jpg\" \/>\n\t<meta property=\"og:image:width\" content=\"1920\" \/>\n\t<meta property=\"og:image:height\" content=\"1357\" \/>\n\t<meta property=\"og:image:type\" content=\"image\/jpeg\" \/>\n<meta name=\"author\" content=\"Giovanna Oliveira\" \/>\n<meta name=\"twitter:card\" content=\"summary_large_image\" \/>\n<meta name=\"twitter:creator\" content=\"@sunoresearch\" \/>\n<meta name=\"twitter:site\" content=\"@sunoresearch\" \/>\n<meta name=\"twitter:label1\" content=\"Escrito por\" \/>\n\t<meta name=\"twitter:data1\" content=\"Giovanna Oliveira\" \/>\n\t<meta name=\"twitter:label2\" content=\"Est. tempo de leitura\" \/>\n\t<meta name=\"twitter:data2\" content=\"3 minutos\" \/>\n<script type=\"application\/ld+json\" class=\"yoast-schema-graph\">{\"@context\":\"https:\/\/schema.org\",\"@graph\":[{\"@type\":\"NewsArticle\",\"@id\":\"https:\/\/www.suno.com.br\/noticias\/ibovespa-encerra-em-alta-de-089-e-retorna-aos-104-mil-pontos\/#article\",\"isPartOf\":{\"@id\":\"https:\/\/www.suno.com.br\/noticias\/ibovespa-encerra-em-alta-de-089-e-retorna-aos-104-mil-pontos\/\"},\"author\":{\"name\":\"Giovanna Oliveira\",\"@id\":\"https:\/\/www.suno.com.br\/noticias\/#\/schema\/person\/4e19e3d2575736e5283d58eb3199d120\"},\"headline\":\"Ibovespa encerra em alta de 0,89% e retorna aos 104 mil pontos\",\"datePublished\":\"2019-09-12T21:00:33+00:00\",\"mainEntityOfPage\":{\"@id\":\"https:\/\/www.suno.com.br\/noticias\/ibovespa-encerra-em-alta-de-089-e-retorna-aos-104-mil-pontos\/\"},\"wordCount\":677,\"publisher\":{\"@id\":\"https:\/\/www.suno.com.br\/noticias\/#organization\"},\"image\":{\"@id\":\"https:\/\/www.suno.com.br\/noticias\/ibovespa-encerra-em-alta-de-089-e-retorna-aos-104-mil-pontos\/#primaryimage\"},\"thumbnailUrl\":\"https:\/\/files.sunoresearch.com.br\/n\/uploads\/2018\/10\/1215868e-ibovespa-1-jpg.webp\",\"keywords\":[\"Banco Central Europeu (BCE)\",\"C&amp;A (CEAB3)\",\"Ibovespa\",\"Oi (OIBR3\/OIBR4)\",\"TIM (TIMS3)\"],\"articleSection\":[\"Mercado\"],\"inLanguage\":\"pt-BR\"},{\"@type\":\"WebPage\",\"@id\":\"https:\/\/www.suno.com.br\/noticias\/ibovespa-encerra-em-alta-de-089-e-retorna-aos-104-mil-pontos\/\",\"url\":\"https:\/\/www.suno.com.br\/noticias\/ibovespa-encerra-em-alta-de-089-e-retorna-aos-104-mil-pontos\/\",\"name\":\"Ibovespa encerra em alta de 0,89% e retorna aos 104 mil pontos\",\"isPartOf\":{\"@id\":\"https:\/\/www.suno.com.br\/noticias\/#website\"},\"primaryImageOfPage\":{\"@id\":\"https:\/\/www.suno.com.br\/noticias\/ibovespa-encerra-em-alta-de-089-e-retorna-aos-104-mil-pontos\/#primaryimage\"},\"image\":{\"@id\":\"https:\/\/www.suno.com.br\/noticias\/ibovespa-encerra-em-alta-de-089-e-retorna-aos-104-mil-pontos\/#primaryimage\"},\"thumbnailUrl\":\"https:\/\/files.sunoresearch.com.br\/n\/uploads\/2018\/10\/1215868e-ibovespa-1-jpg.webp\",\"datePublished\":\"2019-09-12T21:00:33+00:00\",\"description\":\"O Ibovespa encerrou o preg\u00e3o desta quinta-feira (12) em alta e atingiu a casa dos 104 mil pontos novamente.\u00a0 Clique para saber mais.\",\"breadcrumb\":{\"@id\":\"https:\/\/www.suno.com.br\/noticias\/ibovespa-encerra-em-alta-de-089-e-retorna-aos-104-mil-pontos\/#breadcrumb\"},\"inLanguage\":\"pt-BR\",\"potentialAction\":[{\"@type\":\"ReadAction\",\"target\":[\"https:\/\/www.suno.com.br\/noticias\/ibovespa-encerra-em-alta-de-089-e-retorna-aos-104-mil-pontos\/\"]}]},{\"@type\":\"ImageObject\",\"inLanguage\":\"pt-BR\",\"@id\":\"https:\/\/www.suno.com.br\/noticias\/ibovespa-encerra-em-alta-de-089-e-retorna-aos-104-mil-pontos\/#primaryimage\",\"url\":\"https:\/\/files.sunoresearch.com.br\/n\/uploads\/2018\/10\/1215868e-ibovespa-1-jpg.webp\",\"contentUrl\":\"https:\/\/files.sunoresearch.com.br\/n\/uploads\/2018\/10\/1215868e-ibovespa-1-jpg.webp\",\"width\":1920,\"height\":1357,\"caption\":\"Veja as small caps que mais valorizaram em junho\"},{\"@type\":\"BreadcrumbList\",\"@id\":\"https:\/\/www.suno.com.br\/noticias\/ibovespa-encerra-em-alta-de-089-e-retorna-aos-104-mil-pontos\/#breadcrumb\",\"itemListElement\":[{\"@type\":\"ListItem\",\"position\":1,\"name\":\"Not\u00edcias\",\"item\":\"https:\/\/www.suno.com.br\/noticias\/\"},{\"@type\":\"ListItem\",\"position\":2,\"name\":\"Mercado\",\"item\":\"https:\/\/www.suno.com.br\/noticias\/mercado\/\"},{\"@type\":\"ListItem\",\"position\":3,\"name\":\"Ibovespa encerra em alta de 0,89% e retorna aos 104 mil pontos\"}]},{\"@type\":\"WebSite\",\"@id\":\"https:\/\/www.suno.com.br\/noticias\/#website\",\"url\":\"https:\/\/www.suno.com.br\/noticias\/\",\"name\":\"Suno Not\u00edcias\",\"description\":\"Seu portal de informa\u00e7\u00e3o sobre o mundo dos investimentos\",\"publisher\":{\"@id\":\"https:\/\/www.suno.com.br\/noticias\/#organization\"},\"potentialAction\":[{\"@type\":\"SearchAction\",\"target\":{\"@type\":\"EntryPoint\",\"urlTemplate\":\"https:\/\/www.suno.com.br\/noticias\/?s={search_term_string}\"},\"query-input\":{\"@type\":\"PropertyValueSpecification\",\"valueRequired\":true,\"valueName\":\"search_term_string\"}}],\"inLanguage\":\"pt-BR\"},{\"@type\":\"Organization\",\"@id\":\"https:\/\/www.suno.com.br\/noticias\/#organization\",\"name\":\"Suno Not\u00edcias\",\"url\":\"https:\/\/www.suno.com.br\/noticias\/\",\"logo\":{\"@type\":\"ImageObject\",\"inLanguage\":\"pt-BR\",\"@id\":\"https:\/\/www.suno.com.br\/noticias\/#\/schema\/logo\/image\/\",\"url\":\"https:\/\/files.sunoresearch.com.br\/n\/uploads\/2021\/09\/suno-logo.png\",\"contentUrl\":\"https:\/\/files.sunoresearch.com.br\/n\/uploads\/2021\/09\/suno-logo.png\",\"width\":180,\"height\":180,\"caption\":\"Suno Not\u00edcias\"},\"image\":{\"@id\":\"https:\/\/www.suno.com.br\/noticias\/#\/schema\/logo\/image\/\"},\"sameAs\":[\"https:\/\/facebook.com\/sunoresearch\",\"https:\/\/x.com\/sunoresearch\",\"https:\/\/www.instagram.com\/suno\",\"https:\/\/www.linkedin.com\/company\/suno-research\/\",\"https:\/\/www.youtube.com\/c\/sunoresearch\"]},{\"@type\":\"Person\",\"@id\":\"https:\/\/www.suno.com.br\/noticias\/#\/schema\/person\/4e19e3d2575736e5283d58eb3199d120\",\"name\":\"Giovanna Oliveira\",\"image\":{\"@type\":\"ImageObject\",\"inLanguage\":\"pt-BR\",\"@id\":\"https:\/\/www.suno.com.br\/noticias\/#\/schema\/person\/image\/\",\"url\":\"https:\/\/secure.gravatar.com\/avatar\/9a37b3ae208962ac568992d0ffdbc2eb?s=96&r=g\",\"contentUrl\":\"https:\/\/secure.gravatar.com\/avatar\/9a37b3ae208962ac568992d0ffdbc2eb?s=96&r=g\",\"caption\":\"Giovanna Oliveira\"},\"description\":\"Giovanna Oliveira escreve sobre economia e pol\u00edtica. Foi rep\u00f3rter do portal de jornalismo da ESPM-SP e produziu conte\u00fado para a Corinthians TV. \u00c9 estudante da ESPM.\",\"url\":\"https:\/\/www.suno.com.br\/noticias\/author\/giovanna\/\"}]}<\/script>\n<!-- \/ Yoast SEO plugin. -->","yoast_head_json":{"title":"Ibovespa encerra em alta de 0,89% e retorna aos 104 mil pontos","description":"O Ibovespa encerrou o preg\u00e3o desta quinta-feira (12) em alta e atingiu a casa dos 104 mil pontos novamente.\u00a0 Clique para saber mais.","robots":{"index":"index","follow":"follow","max-snippet":"max-snippet:-1","max-image-preview":"max-image-preview:large","max-video-preview":"max-video-preview:-1"},"canonical":"https:\/\/www.suno.com.br\/noticias\/ibovespa-encerra-em-alta-de-089-e-retorna-aos-104-mil-pontos\/","og_locale":"pt_BR","og_type":"article","og_title":"Ibovespa encerra em alta de 0,89% e retorna aos 104 mil pontos","og_description":"O Ibovespa encerrou o preg\u00e3o desta quinta-feira (12) em alta e atingiu a casa dos 104 mil pontos novamente.\u00a0 Clique para saber mais.","og_url":"https:\/\/www.suno.com.br\/noticias\/ibovespa-encerra-em-alta-de-089-e-retorna-aos-104-mil-pontos\/","og_site_name":"Suno Not\u00edcias","article_publisher":"https:\/\/facebook.com\/sunoresearch","og_image":[{"width":1920,"height":1357,"url":"https:\/\/files.sunoresearch.com.br\/n\/uploads\/2018\/10\/1215868e-ibovespa-1.jpg","type":"image\/jpeg"}],"author":"Giovanna Oliveira","twitter_card":"summary_large_image","twitter_creator":"@sunoresearch","twitter_site":"@sunoresearch","twitter_misc":{"Escrito por":"Giovanna Oliveira","Est. tempo de leitura":"3 minutos"},"schema":{"@context":"https:\/\/schema.org","@graph":[{"@type":"NewsArticle","@id":"https:\/\/www.suno.com.br\/noticias\/ibovespa-encerra-em-alta-de-089-e-retorna-aos-104-mil-pontos\/#article","isPartOf":{"@id":"https:\/\/www.suno.com.br\/noticias\/ibovespa-encerra-em-alta-de-089-e-retorna-aos-104-mil-pontos\/"},"author":{"name":"Giovanna Oliveira","@id":"https:\/\/www.suno.com.br\/noticias\/#\/schema\/person\/4e19e3d2575736e5283d58eb3199d120"},"headline":"Ibovespa encerra em alta de 0,89% e retorna aos 104 mil pontos","datePublished":"2019-09-12T21:00:33+00:00","mainEntityOfPage":{"@id":"https:\/\/www.suno.com.br\/noticias\/ibovespa-encerra-em-alta-de-089-e-retorna-aos-104-mil-pontos\/"},"wordCount":677,"publisher":{"@id":"https:\/\/www.suno.com.br\/noticias\/#organization"},"image":{"@id":"https:\/\/www.suno.com.br\/noticias\/ibovespa-encerra-em-alta-de-089-e-retorna-aos-104-mil-pontos\/#primaryimage"},"thumbnailUrl":"https:\/\/files.sunoresearch.com.br\/n\/uploads\/2018\/10\/1215868e-ibovespa-1-jpg.webp","keywords":["Banco Central Europeu (BCE)","C&amp;A (CEAB3)","Ibovespa","Oi (OIBR3\/OIBR4)","TIM (TIMS3)"],"articleSection":["Mercado"],"inLanguage":"pt-BR"},{"@type":"WebPage","@id":"https:\/\/www.suno.com.br\/noticias\/ibovespa-encerra-em-alta-de-089-e-retorna-aos-104-mil-pontos\/","url":"https:\/\/www.suno.com.br\/noticias\/ibovespa-encerra-em-alta-de-089-e-retorna-aos-104-mil-pontos\/","name":"Ibovespa encerra em alta de 0,89% e retorna aos 104 mil pontos","isPartOf":{"@id":"https:\/\/www.suno.com.br\/noticias\/#website"},"primaryImageOfPage":{"@id":"https:\/\/www.suno.com.br\/noticias\/ibovespa-encerra-em-alta-de-089-e-retorna-aos-104-mil-pontos\/#primaryimage"},"image":{"@id":"https:\/\/www.suno.com.br\/noticias\/ibovespa-encerra-em-alta-de-089-e-retorna-aos-104-mil-pontos\/#primaryimage"},"thumbnailUrl":"https:\/\/files.sunoresearch.com.br\/n\/uploads\/2018\/10\/1215868e-ibovespa-1-jpg.webp","datePublished":"2019-09-12T21:00:33+00:00","description":"O Ibovespa encerrou o preg\u00e3o desta quinta-feira (12) em alta e atingiu a casa dos 104 mil pontos novamente.\u00a0 Clique para saber mais.","breadcrumb":{"@id":"https:\/\/www.suno.com.br\/noticias\/ibovespa-encerra-em-alta-de-089-e-retorna-aos-104-mil-pontos\/#breadcrumb"},"inLanguage":"pt-BR","potentialAction":[{"@type":"ReadAction","target":["https:\/\/www.suno.com.br\/noticias\/ibovespa-encerra-em-alta-de-089-e-retorna-aos-104-mil-pontos\/"]}]},{"@type":"ImageObject","inLanguage":"pt-BR","@id":"https:\/\/www.suno.com.br\/noticias\/ibovespa-encerra-em-alta-de-089-e-retorna-aos-104-mil-pontos\/#primaryimage","url":"https:\/\/files.sunoresearch.com.br\/n\/uploads\/2018\/10\/1215868e-ibovespa-1-jpg.webp","contentUrl":"https:\/\/files.sunoresearch.com.br\/n\/uploads\/2018\/10\/1215868e-ibovespa-1-jpg.webp","width":1920,"height":1357,"caption":"Veja as small caps que mais valorizaram em junho"},{"@type":"BreadcrumbList","@id":"https:\/\/www.suno.com.br\/noticias\/ibovespa-encerra-em-alta-de-089-e-retorna-aos-104-mil-pontos\/#breadcrumb","itemListElement":[{"@type":"ListItem","position":1,"name":"Not\u00edcias","item":"https:\/\/www.suno.com.br\/noticias\/"},{"@type":"ListItem","position":2,"name":"Mercado","item":"https:\/\/www.suno.com.br\/noticias\/mercado\/"},{"@type":"ListItem","position":3,"name":"Ibovespa encerra em alta de 0,89% e retorna aos 104 mil pontos"}]},{"@type":"WebSite","@id":"https:\/\/www.suno.com.br\/noticias\/#website","url":"https:\/\/www.suno.com.br\/noticias\/","name":"Suno Not\u00edcias","description":"Seu portal de informa\u00e7\u00e3o sobre o mundo dos investimentos","publisher":{"@id":"https:\/\/www.suno.com.br\/noticias\/#organization"},"potentialAction":[{"@type":"SearchAction","target":{"@type":"EntryPoint","urlTemplate":"https:\/\/www.suno.com.br\/noticias\/?s={search_term_string}"},"query-input":{"@type":"PropertyValueSpecification","valueRequired":true,"valueName":"search_term_string"}}],"inLanguage":"pt-BR"},{"@type":"Organization","@id":"https:\/\/www.suno.com.br\/noticias\/#organization","name":"Suno Not\u00edcias","url":"https:\/\/www.suno.com.br\/noticias\/","logo":{"@type":"ImageObject","inLanguage":"pt-BR","@id":"https:\/\/www.suno.com.br\/noticias\/#\/schema\/logo\/image\/","url":"https:\/\/files.sunoresearch.com.br\/n\/uploads\/2021\/09\/suno-logo.png","contentUrl":"https:\/\/files.sunoresearch.com.br\/n\/uploads\/2021\/09\/suno-logo.png","width":180,"height":180,"caption":"Suno Not\u00edcias"},"image":{"@id":"https:\/\/www.suno.com.br\/noticias\/#\/schema\/logo\/image\/"},"sameAs":["https:\/\/facebook.com\/sunoresearch","https:\/\/x.com\/sunoresearch","https:\/\/www.instagram.com\/suno","https:\/\/www.linkedin.com\/company\/suno-research\/","https:\/\/www.youtube.com\/c\/sunoresearch"]},{"@type":"Person","@id":"https:\/\/www.suno.com.br\/noticias\/#\/schema\/person\/4e19e3d2575736e5283d58eb3199d120","name":"Giovanna Oliveira","image":{"@type":"ImageObject","inLanguage":"pt-BR","@id":"https:\/\/www.suno.com.br\/noticias\/#\/schema\/person\/image\/","url":"https:\/\/secure.gravatar.com\/avatar\/9a37b3ae208962ac568992d0ffdbc2eb?s=96&r=g","contentUrl":"https:\/\/secure.gravatar.com\/avatar\/9a37b3ae208962ac568992d0ffdbc2eb?s=96&r=g","caption":"Giovanna Oliveira"},"description":"Giovanna Oliveira escreve sobre economia e pol\u00edtica. Foi rep\u00f3rter do portal de jornalismo da ESPM-SP e produziu conte\u00fado para a Corinthians TV. \u00c9 estudante da ESPM.","url":"https:\/\/www.suno.com.br\/noticias\/author\/giovanna\/"}]}},"default_loop_html":"<div class=\"cardsPage__listCard__boxs\"><div class=\"cardsPage__listCard__boxs__img\"><a href=\"https:\/\/www.suno.com.br\/noticias\/ibovespa-encerra-em-alta-de-089-e-retorna-aos-104-mil-pontos\/\"><img class=\"mask\" src=\"https:\/\/www.suno.com.br\/noticias\/wp-content\/themes\/suno\/resources\/images\/spotlight\/spotlight1img\/bg-mask.png\" alt=\"Image Mask\"\/><img src=\"https:\/\/files.sunoresearch.com.br\/n\/uploads\/2018\/10\/1215868e-ibovespa-1-400x200.webp\" alt=\"Ibovespa encerra em alta de 0,89% e retorna aos 104 mil pontos\"\/><\/a><span class=\"spotlightCategory\"><a href=\"https:\/\/www.suno.com.br\/noticias\/mercado\/\">Mercado<\/a><\/span><\/div><div class=\"cardsPage__listCard__boxs__content\"><a href=\"https:\/\/www.suno.com.br\/noticias\/ibovespa-encerra-em-alta-de-089-e-retorna-aos-104-mil-pontos\/\"><h2 class=\"content__title\">Ibovespa encerra em alta de 0,89% e retorna aos 104 mil pontos<\/h2><\/a><div class=\"newsContent__article__meta\"><div class=\"newsContent__article__meta__authorBox\"><a href=\"https:\/\/www.suno.com.br\/noticias\/author\/giovanna\/\" class=\"authorBox__avatar noMobi\"><img src=\"https:\/\/files.sunoresearch.com.br\/n\/uploads\/2019\/06\/952a89ca-screenshot_20190608-171507-150x150.webp\" alt=\"Giovanna Oliveira\"><\/a><div class=\"authorBox__name\"><span>por\n\t\t\t<a href=\"https:\/\/www.suno.com.br\/noticias\/author\/giovanna\/\"><span itemprop=\"author\">Giovanna Oliveira<\/span><\/a><\/span><time datetime=\"2019-09-12T18:00:33-03:00\" itemprop=\"datePublished\">12\/09\/2019 18:00<\/time><\/div><\/div><\/div><\/div><\/div>","single_layout":"posts","amp_enabled":true,"_links":{"self":[{"href":"https:\/\/www.suno.com.br\/noticias\/wp-json\/wp\/v2\/posts\/37416"}],"collection":[{"href":"https:\/\/www.suno.com.br\/noticias\/wp-json\/wp\/v2\/posts"}],"about":[{"href":"https:\/\/www.suno.com.br\/noticias\/wp-json\/wp\/v2\/types\/post"}],"author":[{"embeddable":true,"href":"https:\/\/www.suno.com.br\/noticias\/wp-json\/wp\/v2\/users\/18"}],"replies":[{"embeddable":true,"href":"https:\/\/www.suno.com.br\/noticias\/wp-json\/wp\/v2\/comments?post=37416"}],"version-history":[{"count":0,"href":"https:\/\/www.suno.com.br\/noticias\/wp-json\/wp\/v2\/posts\/37416\/revisions"}],"wp:featuredmedia":[{"embeddable":true,"href":"https:\/\/www.suno.com.br\/noticias\/wp-json\/wp\/v2\/media\/4683"}],"wp:attachment":[{"href":"https:\/\/www.suno.com.br\/noticias\/wp-json\/wp\/v2\/media?parent=37416"}],"wp:term":[{"taxonomy":"category","embeddable":true,"href":"https:\/\/www.suno.com.br\/noticias\/wp-json\/wp\/v2\/categories?post=37416"},{"taxonomy":"post_tag","embeddable":true,"href":"https:\/\/www.suno.com.br\/noticias\/wp-json\/wp\/v2\/tags?post=37416"},{"taxonomy":"suno_strategy","embeddable":true,"href":"https:\/\/www.suno.com.br\/noticias\/wp-json\/wp\/v2\/suno_strategy?post=37416"}],"curies":[{"name":"wp","href":"https:\/\/api.w.org\/{rel}","templated":true}]}}