{"id":37405,"date":"2019-09-12T16:25:45","date_gmt":"2019-09-12T19:25:45","guid":{"rendered":"https:\/\/www.suno.com.br\/noticias\/?p=37405"},"modified":"2019-09-12T19:39:51","modified_gmt":"2019-09-12T22:39:51","slug":"cea-ipo-abertura-capital-cvm","status":"publish","type":"post","link":"https:\/\/www.suno.com.br\/noticias\/cea-ipo-abertura-capital-cvm\/","title":{"rendered":"C&#038;A reapresenta pedido de abertura de capital na CVM"},"content":{"rendered":"<p>A C&amp;A reapresentou o pedido de <a href=\"https:\/\/www.suno.com.br\/artigos\/vale-pena-investir-em-um-ipo\/\">oferta inicial de a\u00e7\u00f5es (IPO, na sigla em ingl\u00eas)<\/a>. O objetivo da varejista, que enviou seu prospecto para a <strong><a href=\"https:\/\/www.suno.com.br\/artigos\/cvm\/\">Comiss\u00e3o de Valores Mobili\u00e1rios (CVM)<\/a>, <\/strong>\u00e9 arrecadar cerca de R$ 2 bilh\u00f5es.<\/p>\t<div class=\"wrapper-featured-image\">\n\t\t<figure class=\"spotlightImg\">\n\n\t\t\t<picture>\n\t\t\t\t<source media=\"(max-width: 768px)\" srcset=\"https:\/\/files.sunoresearch.com.br\/n\/uploads\/2019\/08\/756de4a3-ipo-ca-400x200.webp\">\n\t\t\t\t<img loading=\"lazy\" decoding=\"async\" class=\"newsContent__article__imgCapa lazyloadDisabled newsContent__article__imgCapa--noCaption\" src=\"https:\/\/files.sunoresearch.com.br\/n\/uploads\/2019\/08\/756de4a3-ipo-ca-jpg.webp\" width=\"800\" height=\"450\" alt=\"C&#038;A reapresenta pedido de abertura de capital na CVM\" fetchpriority=high \/>\n\t\t\t<\/picture>\n\n\t\t\t<figcaption class=\"wp-caption-text wp-caption-text--hide\">C&amp;A <\/figcaption>\n\t\t<\/figure>\n\t<\/div>\n\n\n\n<p>Segundo o prospecto preliminar da opera\u00e7\u00e3o, os recursos obtidos pela <strong>C&amp;A<\/strong> com a tranche prim\u00e1ria de a\u00e7\u00f5es ser\u00e3o usados para pagar empr\u00e9stimos intracompany e para expans\u00e3o org\u00e2nica do grupo.<\/p>\n<h2>Resultados positivos<\/h2>\n<p>No prospecto, a <strong>C&amp;A<\/strong> informa que registrou uma receita l\u00edquida de 5,17 bilh\u00f5es de reais no ano passado. Um resultado que representa um aumento de 2,6% em rela\u00e7\u00e3o ao ano anterior. Por sua vez, o lucro l\u00edquido em 2018 foi de 173,6 milh\u00f5es de reais. Um crescimento de 79,2% em rela\u00e7\u00e3o a 2017.<\/p>\n<p><a href=\"https:\/\/www.suno.com.br\/noticias\/documento-ipo-ca-publicado-site-cvm-desaparece\/\">Saiba mais: Documento sobre IPO da C&amp;A publicado no site da CVM desaparece\u00a0<\/a><\/p>\n<p>O <strong>IPO<\/strong> da <strong>C&amp;A<\/strong> ser\u00e1 coordenado pelos seguintes bancos:<\/p>\n<ul>\n<li>Morgan Stanley (NYSE:MS)<\/li>\n<li>Bradesco (SA:BBDC4)<\/li>\n<li>BBI<\/li>\n<li>BTG Pactual (SA:BPAC11)<\/li>\n<li>Citi<\/li>\n<li>Santander (SA:SANB11)<\/li>\n<li>XP Investmentos<\/li>\n<\/ul>\n<h2>Plano de expans\u00e3o da C&amp;A<\/h2>\n<p>A <strong>C&amp;A<\/strong> detalhou no documento um plano de expans\u00e3o que prev\u00ea a abertura de 159 novas lojas no Brasil. Al\u00e9m disso, a empresa tamb\u00e9m pretende melhorar sua plataforma de com\u00e9rcio eletr\u00f4nico e as ofertas de produtos financeiros.<\/p>\n\t<p>\n\t\t<a href=\"https:\/\/lp.statusinvest.com.br\/ao\/assessoria-status-invest\/\" target=\"_blank\" data-element=\"shortcode-suno-banner\" title=\"Banner SUNO, clique e saiba mais\">\n\t\t\t<picture>\n\t\t\t\t<source media=\"(max-width: 500px)\" srcset=\"https:\/\/files.sunoresearch.com.br\/n\/uploads\/2024\/03\/400x300-Mobile-1.png\">\n\t\t\t\t<img class=\"newsContent__article__imgCapa newsContent__article__imgCapa--banner\"\n\t\t\t\t\tsrc=\"https:\/\/files.sunoresearch.com.br\/n\/uploads\/2024\/03\/1420-x-240-Desktop.png\"\n\t\t\t\t\tdata-promo-id=\"537299\"\t\t\t\t\t\t\t\t\t\twidth='1420' height='250'\t\t\t\t\talt=\"https:\/\/files.sunoresearch.com.br\/n\/uploads\/2024\/03\/1420-x-240-Desktop.png\"\n\t\t\t\t>\n\t\t\t<\/picture>\n\t\t<\/a>\n\t<\/p>\n\n\n<p>A varejista deveria abrir mais um centro de distribui\u00e7\u00e3o para apoiar esse plano de crescimento. Ao mesmo tempo ser\u00e3o realizadas aquisi\u00e7\u00f5es de outras empresas.<\/p>\n<p>A acionista vendedora na oferta secund\u00e1ria ser\u00e1 a fam\u00edlia Brenninkmeijer, dos irm\u00e3os Clemens e August cujas iniciais deram origem \u00e0 marca na Holandesa em 1861.<\/p>\n<p>A venda do lote secund\u00e1rio ser\u00e1 realizada por meio da Cofra Investments e Incas SA. Dois ve\u00edculos de investimentos baseados no Luxemburgo e controlados pela fam\u00edlia fundadora da <strong>C&amp;A.<\/strong><\/p>\n<h2>Longa hist\u00f3ria no Brasil<\/h2>\n<p>A <strong>C&amp;A<\/strong> chegou no no <strong>Brasil<\/strong> em 1976, abrindo sua primeira loja no shopping Ibirapuera, em S\u00e3o Paulo. Atualmente, a gigante varejista tem 282 lojas f\u00edsicas no Pa\u00eds. Ela \u00e9 a segunda maior empresa do segmento em termos de receita l\u00edquida entre as companhias listadas na <a href=\"https:\/\/www.suno.com.br\/artigos\/bovespa-precedente-b3\/\"><strong>Bolsa de Valores de S\u00e3o Paulo (B3).<\/strong><\/a><\/p>\n\t<p>\n\t\t<a href=\"https:\/\/lp.suno.com.br\/plataforma-de-controle-de-investimentos\/\" target=\"_blank\" data-element=\"shortcode-suno-banner\" title=\"Banner SUNO, clique e saiba mais\">\n\t\t\t<picture>\n\t\t\t\t<source media=\"(max-width: 500px)\" srcset=\"https:\/\/files.sunoresearch.com.br\/n\/uploads\/2023\/03\/400x300-Controle-de-Investimentos.png\">\n\t\t\t\t<img class=\"newsContent__article__imgCapa newsContent__article__imgCapa--banner\"\n\t\t\t\t\tsrc=\"https:\/\/files.sunoresearch.com.br\/n\/uploads\/2023\/03\/1420x240-Controle-de-Investimentos.png\"\n\t\t\t\t\tdata-promo-id=\"383162\"\t\t\t\t\t\t\t\t\t\twidth='1420' height='240'\t\t\t\t\talt=\"https:\/\/files.sunoresearch.com.br\/n\/uploads\/2023\/03\/1420x240-Controle-de-Investimentos.png\"\n\t\t\t\t>\n\t\t\t<\/picture>\n\t\t<\/a>\n\t<\/p>\n\n\n<p>O <strong>IPO<\/strong> da <strong>C&amp;A<\/strong> representa mais uma abertura de capital de uma grande empresa no Brasil anunciada nas \u00faltimas semanas. O objetivo \u00e9 evitar uma disputa pela aten\u00e7\u00e3o dos investidores com grandes planos de privatiza\u00e7\u00e3o de empresas p\u00fablicas. Um movimento que deveria ocorrer nos pr\u00f3ximos meses.<\/p>\n<p>O governo federal se prepara para abrir o capital de diversas estatais ou de partes delas, como bra\u00e7os da <strong>Caixa Econ\u00f4mica Federal<\/strong> e da <strong>Eletrobras<\/strong> (SA:<span class=\"aqPopupWrapper js-hover-me-wrapper\"><a id=\"5d7a987776a50\" class=\"aqlink js-hover-me\" href=\"https:\/\/br.investing.com\/equities\/eletrobras-on\" data-pairid=\"18666\">ELET3<\/a><\/span>).<\/p>\n<p>Al\u00e9m disso, outras empresas est\u00e3o aguardando para poder abrir seu capital. Entre os <strong>IPOs<\/strong> em an\u00e1lise na <strong>CVM<\/strong> est\u00e3o:<\/p>\n<ul>\n<li><strong>Vivara<\/strong><\/li>\n<li><strong>Banco BMG<\/strong><\/li>\n<li><strong>Igu\u00e1 Saneamento.<\/strong><\/li>\n<\/ul>\n<p>Por sua vez, a Cyrela (SA:<span class=\"aqPopupWrapper js-hover-me-wrapper\"><a id=\"5d7a987776b7c\" class=\"aqlink js-hover-me\" href=\"https:\/\/br.investing.com\/equities\/cyrela-realt-on-nm\" data-pairid=\"18657\">CYRE3<\/a><\/span>) Commercial Properties, a divis\u00e3o de im\u00f3veis comerciais da construtora Cyrela , tamb\u00e9m poderia realizar uma oferta subsequente de a\u00e7\u00f5es <a href=\"https:\/\/www.suno.com.br\/artigos\/follow-on\/\">(follow on)<\/a> este ano.<\/p>\n<p><a href=\"https:\/\/www.suno.com.br\/noticias\/c-a-ipo-ca-2-bilhoes-bancos\/\">Saiba mais: C&amp;A pretende arrecadar mais de R$ 2 bilh\u00f5es com IPO\u00a0<\/a><\/p>\n<p>Em 2019 j\u00e1 abriram o capital na <strong>B3<\/strong> a <strong>SBF<\/strong> (dona da rede de lojas de artigos esportivos Centauro) e a Neoenergia. Al\u00e9m disso, foram realizadas tamb\u00e9m ofertas subsequentes de a\u00e7\u00f5es da <strong>Petrobras<\/strong> (SA:<span class=\"aqPopupWrapper js-hover-me-wrapper\"><a id=\"5d7a987776cd9\" class=\"aqlink js-hover-me\" href=\"https:\/\/br.investing.com\/equities\/petrobras-pn\" data-pairid=\"18750\">PETR4<\/a><\/span>), da rede de postos de combust\u00edveis <strong>BR Distribuidora<\/strong> (SA:<span class=\"aqPopupWrapper js-hover-me-wrapper\"><a id=\"5d7a987776e31\" class=\"aqlink js-hover-me\" href=\"https:\/\/br.investing.com\/equities\/petrobras-distribuidora\" data-pairid=\"1056489\">BRDT3<\/a><\/span>) e da <strong>Linx<\/strong> (SA:<span class=\"aqPopupWrapper js-hover-me-wrapper\"><a id=\"5d7a987776f82\" class=\"aqlink js-hover-me\" href=\"https:\/\/br.investing.com\/equities\/linx-on\" data-pairid=\"50514\">LINX3<\/a><\/span>).<\/p>\n<p>A <strong>C&amp;A<\/strong> tinha publicado no final de agosto um documento sobre o IPO no site da <b>CVM. <\/b>Entretanto, no dia 5 de setembro o documento tinha sido retirado do site da Comiss\u00e3o.<\/p>\n","protected":false},"excerpt":{"rendered":"<p>A C&amp;A reapresentou o pedido de oferta inicial de a\u00e7\u00f5es (IPO, na sigla em ingl\u00eas). O objetivo da varejista, que enviou seu prospecto para a Comiss\u00e3o de Valores Mobili\u00e1rios (CVM), \u00e9 arrecadar cerca de R$ 2 bilh\u00f5es. C&amp;A Segundo o prospecto preliminar da opera\u00e7\u00e3o, os recursos obtidos pela C&amp;A com a tranche prim\u00e1ria de a\u00e7\u00f5es [&hellip;]<\/p>\n","protected":false},"author":9,"featured_media":35020,"comment_status":"closed","ping_status":"closed","sticky":false,"template":"","format":"standard","meta":[],"categories":[64],"tags":[1898,319],"suno_strategy":[],"class_list":["post-37405","post","type-post","status-publish","format-standard","has-post-thumbnail","hentry","category-negocios","tag-ca-ceab3","tag-ipo-oferta-inicial-de-acoes"],"yoast_head":"<!-- This site is optimized with the Yoast SEO plugin v24.4 - https:\/\/yoast.com\/wordpress\/plugins\/seo\/ -->\n<title>C&amp;A reapresenta pedido de abertura de capital na CVM<\/title>\n<meta name=\"description\" content=\"A C&amp;A reapresentou para a Comiss\u00e3o de Valores Mobili\u00e1rios (CVM) o pedido de oferta inicial de a\u00e7\u00f5es (IPO). Clique aqui e saiba mais.\" \/>\n<meta name=\"robots\" content=\"index, follow, max-snippet:-1, max-image-preview:large, max-video-preview:-1\" \/>\n<link rel=\"canonical\" href=\"https:\/\/www.suno.com.br\/noticias\/cea-ipo-abertura-capital-cvm\/\" \/>\n<meta property=\"og:locale\" content=\"pt_BR\" \/>\n<meta property=\"og:type\" content=\"article\" \/>\n<meta property=\"og:title\" content=\"C&amp;A reapresenta pedido de abertura de capital na CVM\" \/>\n<meta property=\"og:description\" content=\"A C&amp;A reapresentou para a Comiss\u00e3o de Valores Mobili\u00e1rios (CVM) o pedido de oferta inicial de a\u00e7\u00f5es (IPO). Clique aqui e saiba mais.\" \/>\n<meta property=\"og:url\" content=\"https:\/\/www.suno.com.br\/noticias\/cea-ipo-abertura-capital-cvm\/\" \/>\n<meta property=\"og:site_name\" content=\"Suno Not\u00edcias\" \/>\n<meta property=\"article:publisher\" content=\"https:\/\/facebook.com\/sunoresearch\" \/>\n<meta property=\"og:image\" content=\"https:\/\/files.sunoresearch.com.br\/n\/uploads\/2019\/08\/756de4a3-ipo-ca.jpg\" \/>\n\t<meta property=\"og:image:width\" content=\"480\" \/>\n\t<meta property=\"og:image:height\" content=\"320\" \/>\n\t<meta property=\"og:image:type\" content=\"image\/jpeg\" \/>\n<meta name=\"author\" content=\"Carlo Cauti\" \/>\n<meta name=\"twitter:card\" content=\"summary_large_image\" \/>\n<meta name=\"twitter:creator\" content=\"@sunoresearch\" \/>\n<meta name=\"twitter:site\" content=\"@sunoresearch\" \/>\n<meta name=\"twitter:label1\" content=\"Escrito por\" \/>\n\t<meta name=\"twitter:data1\" content=\"Carlo Cauti\" \/>\n\t<meta name=\"twitter:label2\" content=\"Est. tempo de leitura\" \/>\n\t<meta name=\"twitter:data2\" content=\"3 minutos\" \/>\n<script type=\"application\/ld+json\" class=\"yoast-schema-graph\">{\"@context\":\"https:\/\/schema.org\",\"@graph\":[{\"@type\":\"NewsArticle\",\"@id\":\"https:\/\/www.suno.com.br\/noticias\/cea-ipo-abertura-capital-cvm\/#article\",\"isPartOf\":{\"@id\":\"https:\/\/www.suno.com.br\/noticias\/cea-ipo-abertura-capital-cvm\/\"},\"author\":{\"name\":\"Carlo Cauti\",\"@id\":\"https:\/\/www.suno.com.br\/noticias\/#\/schema\/person\/e6e0f723cc177805027f4566c1d5e0c8\"},\"headline\":\"C&#038;A reapresenta pedido de abertura de capital na CVM\",\"datePublished\":\"2019-09-12T19:25:45+00:00\",\"dateModified\":\"2019-09-12T22:39:51+00:00\",\"mainEntityOfPage\":{\"@id\":\"https:\/\/www.suno.com.br\/noticias\/cea-ipo-abertura-capital-cvm\/\"},\"wordCount\":641,\"publisher\":{\"@id\":\"https:\/\/www.suno.com.br\/noticias\/#organization\"},\"image\":{\"@id\":\"https:\/\/www.suno.com.br\/noticias\/cea-ipo-abertura-capital-cvm\/#primaryimage\"},\"thumbnailUrl\":\"https:\/\/files.sunoresearch.com.br\/n\/uploads\/2019\/08\/756de4a3-ipo-ca-jpg.webp\",\"keywords\":[\"C&amp;A (CEAB3)\",\"IPO (Oferta Inicial de A\u00e7\u00f5es)\"],\"articleSection\":[\"Neg\u00f3cios\"],\"inLanguage\":\"pt-BR\"},{\"@type\":\"WebPage\",\"@id\":\"https:\/\/www.suno.com.br\/noticias\/cea-ipo-abertura-capital-cvm\/\",\"url\":\"https:\/\/www.suno.com.br\/noticias\/cea-ipo-abertura-capital-cvm\/\",\"name\":\"C&A reapresenta pedido de abertura de capital na CVM\",\"isPartOf\":{\"@id\":\"https:\/\/www.suno.com.br\/noticias\/#website\"},\"primaryImageOfPage\":{\"@id\":\"https:\/\/www.suno.com.br\/noticias\/cea-ipo-abertura-capital-cvm\/#primaryimage\"},\"image\":{\"@id\":\"https:\/\/www.suno.com.br\/noticias\/cea-ipo-abertura-capital-cvm\/#primaryimage\"},\"thumbnailUrl\":\"https:\/\/files.sunoresearch.com.br\/n\/uploads\/2019\/08\/756de4a3-ipo-ca-jpg.webp\",\"datePublished\":\"2019-09-12T19:25:45+00:00\",\"dateModified\":\"2019-09-12T22:39:51+00:00\",\"description\":\"A C&A reapresentou para a Comiss\u00e3o de Valores Mobili\u00e1rios (CVM) o pedido de oferta inicial de a\u00e7\u00f5es (IPO). Clique aqui e saiba mais.\",\"breadcrumb\":{\"@id\":\"https:\/\/www.suno.com.br\/noticias\/cea-ipo-abertura-capital-cvm\/#breadcrumb\"},\"inLanguage\":\"pt-BR\",\"potentialAction\":[{\"@type\":\"ReadAction\",\"target\":[\"https:\/\/www.suno.com.br\/noticias\/cea-ipo-abertura-capital-cvm\/\"]}]},{\"@type\":\"ImageObject\",\"inLanguage\":\"pt-BR\",\"@id\":\"https:\/\/www.suno.com.br\/noticias\/cea-ipo-abertura-capital-cvm\/#primaryimage\",\"url\":\"https:\/\/files.sunoresearch.com.br\/n\/uploads\/2019\/08\/756de4a3-ipo-ca-jpg.webp\",\"contentUrl\":\"https:\/\/files.sunoresearch.com.br\/n\/uploads\/2019\/08\/756de4a3-ipo-ca-jpg.webp\",\"width\":480,\"height\":320,\"caption\":\"C&A\"},{\"@type\":\"BreadcrumbList\",\"@id\":\"https:\/\/www.suno.com.br\/noticias\/cea-ipo-abertura-capital-cvm\/#breadcrumb\",\"itemListElement\":[{\"@type\":\"ListItem\",\"position\":1,\"name\":\"Not\u00edcias\",\"item\":\"https:\/\/www.suno.com.br\/noticias\/\"},{\"@type\":\"ListItem\",\"position\":2,\"name\":\"Neg\u00f3cios\",\"item\":\"https:\/\/www.suno.com.br\/noticias\/negocios\/\"},{\"@type\":\"ListItem\",\"position\":3,\"name\":\"C&#038;A reapresenta pedido de abertura de capital na CVM\"}]},{\"@type\":\"WebSite\",\"@id\":\"https:\/\/www.suno.com.br\/noticias\/#website\",\"url\":\"https:\/\/www.suno.com.br\/noticias\/\",\"name\":\"Suno Not\u00edcias\",\"description\":\"Seu portal de informa\u00e7\u00e3o sobre o mundo dos investimentos\",\"publisher\":{\"@id\":\"https:\/\/www.suno.com.br\/noticias\/#organization\"},\"potentialAction\":[{\"@type\":\"SearchAction\",\"target\":{\"@type\":\"EntryPoint\",\"urlTemplate\":\"https:\/\/www.suno.com.br\/noticias\/?s={search_term_string}\"},\"query-input\":{\"@type\":\"PropertyValueSpecification\",\"valueRequired\":true,\"valueName\":\"search_term_string\"}}],\"inLanguage\":\"pt-BR\"},{\"@type\":\"Organization\",\"@id\":\"https:\/\/www.suno.com.br\/noticias\/#organization\",\"name\":\"Suno Not\u00edcias\",\"url\":\"https:\/\/www.suno.com.br\/noticias\/\",\"logo\":{\"@type\":\"ImageObject\",\"inLanguage\":\"pt-BR\",\"@id\":\"https:\/\/www.suno.com.br\/noticias\/#\/schema\/logo\/image\/\",\"url\":\"https:\/\/files.sunoresearch.com.br\/n\/uploads\/2021\/09\/suno-logo.png\",\"contentUrl\":\"https:\/\/files.sunoresearch.com.br\/n\/uploads\/2021\/09\/suno-logo.png\",\"width\":180,\"height\":180,\"caption\":\"Suno Not\u00edcias\"},\"image\":{\"@id\":\"https:\/\/www.suno.com.br\/noticias\/#\/schema\/logo\/image\/\"},\"sameAs\":[\"https:\/\/facebook.com\/sunoresearch\",\"https:\/\/x.com\/sunoresearch\",\"https:\/\/www.instagram.com\/suno\",\"https:\/\/www.linkedin.com\/company\/suno-research\/\",\"https:\/\/www.youtube.com\/c\/sunoresearch\"]},{\"@type\":\"Person\",\"@id\":\"https:\/\/www.suno.com.br\/noticias\/#\/schema\/person\/e6e0f723cc177805027f4566c1d5e0c8\",\"name\":\"Carlo Cauti\",\"image\":{\"@type\":\"ImageObject\",\"inLanguage\":\"pt-BR\",\"@id\":\"https:\/\/www.suno.com.br\/noticias\/#\/schema\/person\/image\/\",\"url\":\"https:\/\/secure.gravatar.com\/avatar\/3ada9e0bd164c23abd4792a9606d583c?s=96&r=g\",\"contentUrl\":\"https:\/\/secure.gravatar.com\/avatar\/3ada9e0bd164c23abd4792a9606d583c?s=96&r=g\",\"caption\":\"Carlo Cauti\"},\"description\":\"Editor multim\u00eddia do SUNO Not\u00edcias. Italiano, formado em Ci\u00eancias Pol\u00edticas pela universidade LUISS G. Carli de Roma e mestre cum laude em Rela\u00e7\u00f5es Internacionais, Jornalismo Internacional e de Guerra e em Economia Internacional. Concluiu tamb\u00e9m um MBA em Finan\u00e7as na B3. No Brasil, teve passagem por ve\u00edculos como Estad\u00e3o, Globo, Veja e EXAME. e nas ag\u00eancias de not\u00edcias italianas ANSA e NOVA.\",\"url\":\"https:\/\/www.suno.com.br\/noticias\/author\/carlo-cauti\/\"}]}<\/script>\n<!-- \/ Yoast SEO plugin. -->","yoast_head_json":{"title":"C&A reapresenta pedido de abertura de capital na CVM","description":"A C&A reapresentou para a Comiss\u00e3o de Valores Mobili\u00e1rios (CVM) o pedido de oferta inicial de a\u00e7\u00f5es (IPO). Clique aqui e saiba mais.","robots":{"index":"index","follow":"follow","max-snippet":"max-snippet:-1","max-image-preview":"max-image-preview:large","max-video-preview":"max-video-preview:-1"},"canonical":"https:\/\/www.suno.com.br\/noticias\/cea-ipo-abertura-capital-cvm\/","og_locale":"pt_BR","og_type":"article","og_title":"C&A reapresenta pedido de abertura de capital na CVM","og_description":"A C&A reapresentou para a Comiss\u00e3o de Valores Mobili\u00e1rios (CVM) o pedido de oferta inicial de a\u00e7\u00f5es (IPO). Clique aqui e saiba mais.","og_url":"https:\/\/www.suno.com.br\/noticias\/cea-ipo-abertura-capital-cvm\/","og_site_name":"Suno Not\u00edcias","article_publisher":"https:\/\/facebook.com\/sunoresearch","og_image":[{"width":480,"height":320,"url":"https:\/\/files.sunoresearch.com.br\/n\/uploads\/2019\/08\/756de4a3-ipo-ca.jpg","type":"image\/jpeg"}],"author":"Carlo Cauti","twitter_card":"summary_large_image","twitter_creator":"@sunoresearch","twitter_site":"@sunoresearch","twitter_misc":{"Escrito por":"Carlo Cauti","Est. tempo de leitura":"3 minutos"},"schema":{"@context":"https:\/\/schema.org","@graph":[{"@type":"NewsArticle","@id":"https:\/\/www.suno.com.br\/noticias\/cea-ipo-abertura-capital-cvm\/#article","isPartOf":{"@id":"https:\/\/www.suno.com.br\/noticias\/cea-ipo-abertura-capital-cvm\/"},"author":{"name":"Carlo Cauti","@id":"https:\/\/www.suno.com.br\/noticias\/#\/schema\/person\/e6e0f723cc177805027f4566c1d5e0c8"},"headline":"C&#038;A reapresenta pedido de abertura de capital na CVM","datePublished":"2019-09-12T19:25:45+00:00","dateModified":"2019-09-12T22:39:51+00:00","mainEntityOfPage":{"@id":"https:\/\/www.suno.com.br\/noticias\/cea-ipo-abertura-capital-cvm\/"},"wordCount":641,"publisher":{"@id":"https:\/\/www.suno.com.br\/noticias\/#organization"},"image":{"@id":"https:\/\/www.suno.com.br\/noticias\/cea-ipo-abertura-capital-cvm\/#primaryimage"},"thumbnailUrl":"https:\/\/files.sunoresearch.com.br\/n\/uploads\/2019\/08\/756de4a3-ipo-ca-jpg.webp","keywords":["C&amp;A (CEAB3)","IPO (Oferta Inicial de A\u00e7\u00f5es)"],"articleSection":["Neg\u00f3cios"],"inLanguage":"pt-BR"},{"@type":"WebPage","@id":"https:\/\/www.suno.com.br\/noticias\/cea-ipo-abertura-capital-cvm\/","url":"https:\/\/www.suno.com.br\/noticias\/cea-ipo-abertura-capital-cvm\/","name":"C&A reapresenta pedido de abertura de capital na CVM","isPartOf":{"@id":"https:\/\/www.suno.com.br\/noticias\/#website"},"primaryImageOfPage":{"@id":"https:\/\/www.suno.com.br\/noticias\/cea-ipo-abertura-capital-cvm\/#primaryimage"},"image":{"@id":"https:\/\/www.suno.com.br\/noticias\/cea-ipo-abertura-capital-cvm\/#primaryimage"},"thumbnailUrl":"https:\/\/files.sunoresearch.com.br\/n\/uploads\/2019\/08\/756de4a3-ipo-ca-jpg.webp","datePublished":"2019-09-12T19:25:45+00:00","dateModified":"2019-09-12T22:39:51+00:00","description":"A C&A reapresentou para a Comiss\u00e3o de Valores Mobili\u00e1rios (CVM) o pedido de oferta inicial de a\u00e7\u00f5es (IPO). Clique aqui e saiba mais.","breadcrumb":{"@id":"https:\/\/www.suno.com.br\/noticias\/cea-ipo-abertura-capital-cvm\/#breadcrumb"},"inLanguage":"pt-BR","potentialAction":[{"@type":"ReadAction","target":["https:\/\/www.suno.com.br\/noticias\/cea-ipo-abertura-capital-cvm\/"]}]},{"@type":"ImageObject","inLanguage":"pt-BR","@id":"https:\/\/www.suno.com.br\/noticias\/cea-ipo-abertura-capital-cvm\/#primaryimage","url":"https:\/\/files.sunoresearch.com.br\/n\/uploads\/2019\/08\/756de4a3-ipo-ca-jpg.webp","contentUrl":"https:\/\/files.sunoresearch.com.br\/n\/uploads\/2019\/08\/756de4a3-ipo-ca-jpg.webp","width":480,"height":320,"caption":"C&A"},{"@type":"BreadcrumbList","@id":"https:\/\/www.suno.com.br\/noticias\/cea-ipo-abertura-capital-cvm\/#breadcrumb","itemListElement":[{"@type":"ListItem","position":1,"name":"Not\u00edcias","item":"https:\/\/www.suno.com.br\/noticias\/"},{"@type":"ListItem","position":2,"name":"Neg\u00f3cios","item":"https:\/\/www.suno.com.br\/noticias\/negocios\/"},{"@type":"ListItem","position":3,"name":"C&#038;A reapresenta pedido de abertura de capital na CVM"}]},{"@type":"WebSite","@id":"https:\/\/www.suno.com.br\/noticias\/#website","url":"https:\/\/www.suno.com.br\/noticias\/","name":"Suno Not\u00edcias","description":"Seu portal de informa\u00e7\u00e3o sobre o mundo dos investimentos","publisher":{"@id":"https:\/\/www.suno.com.br\/noticias\/#organization"},"potentialAction":[{"@type":"SearchAction","target":{"@type":"EntryPoint","urlTemplate":"https:\/\/www.suno.com.br\/noticias\/?s={search_term_string}"},"query-input":{"@type":"PropertyValueSpecification","valueRequired":true,"valueName":"search_term_string"}}],"inLanguage":"pt-BR"},{"@type":"Organization","@id":"https:\/\/www.suno.com.br\/noticias\/#organization","name":"Suno Not\u00edcias","url":"https:\/\/www.suno.com.br\/noticias\/","logo":{"@type":"ImageObject","inLanguage":"pt-BR","@id":"https:\/\/www.suno.com.br\/noticias\/#\/schema\/logo\/image\/","url":"https:\/\/files.sunoresearch.com.br\/n\/uploads\/2021\/09\/suno-logo.png","contentUrl":"https:\/\/files.sunoresearch.com.br\/n\/uploads\/2021\/09\/suno-logo.png","width":180,"height":180,"caption":"Suno Not\u00edcias"},"image":{"@id":"https:\/\/www.suno.com.br\/noticias\/#\/schema\/logo\/image\/"},"sameAs":["https:\/\/facebook.com\/sunoresearch","https:\/\/x.com\/sunoresearch","https:\/\/www.instagram.com\/suno","https:\/\/www.linkedin.com\/company\/suno-research\/","https:\/\/www.youtube.com\/c\/sunoresearch"]},{"@type":"Person","@id":"https:\/\/www.suno.com.br\/noticias\/#\/schema\/person\/e6e0f723cc177805027f4566c1d5e0c8","name":"Carlo Cauti","image":{"@type":"ImageObject","inLanguage":"pt-BR","@id":"https:\/\/www.suno.com.br\/noticias\/#\/schema\/person\/image\/","url":"https:\/\/secure.gravatar.com\/avatar\/3ada9e0bd164c23abd4792a9606d583c?s=96&r=g","contentUrl":"https:\/\/secure.gravatar.com\/avatar\/3ada9e0bd164c23abd4792a9606d583c?s=96&r=g","caption":"Carlo Cauti"},"description":"Editor multim\u00eddia do SUNO Not\u00edcias. Italiano, formado em Ci\u00eancias Pol\u00edticas pela universidade LUISS G. Carli de Roma e mestre cum laude em Rela\u00e7\u00f5es Internacionais, Jornalismo Internacional e de Guerra e em Economia Internacional. Concluiu tamb\u00e9m um MBA em Finan\u00e7as na B3. No Brasil, teve passagem por ve\u00edculos como Estad\u00e3o, Globo, Veja e EXAME. e nas ag\u00eancias de not\u00edcias italianas ANSA e NOVA.","url":"https:\/\/www.suno.com.br\/noticias\/author\/carlo-cauti\/"}]}},"default_loop_html":"<div class=\"cardsPage__listCard__boxs\"><div class=\"cardsPage__listCard__boxs__img\"><a href=\"https:\/\/www.suno.com.br\/noticias\/cea-ipo-abertura-capital-cvm\/\"><img class=\"mask\" src=\"https:\/\/www.suno.com.br\/noticias\/wp-content\/themes\/suno\/resources\/images\/spotlight\/spotlight1img\/bg-mask.png\" alt=\"Image Mask\"\/><img src=\"https:\/\/files.sunoresearch.com.br\/n\/uploads\/2019\/08\/756de4a3-ipo-ca-400x200.webp\" alt=\"C&#038;A reapresenta pedido de abertura de capital na CVM\"\/><\/a><span class=\"spotlightCategory\"><a href=\"https:\/\/www.suno.com.br\/noticias\/negocios\/\">Neg\u00f3cios<\/a><\/span><\/div><div class=\"cardsPage__listCard__boxs__content\"><a href=\"https:\/\/www.suno.com.br\/noticias\/cea-ipo-abertura-capital-cvm\/\"><h2 class=\"content__title\">C&#038;A reapresenta pedido de abertura de capital na CVM<\/h2><\/a><div class=\"newsContent__article__meta\"><div class=\"newsContent__article__meta__authorBox\"><a href=\"https:\/\/www.suno.com.br\/noticias\/author\/carlo-cauti\/\" class=\"authorBox__avatar noMobi\"><img src=\"https:\/\/files.sunoresearch.com.br\/n\/uploads\/2020\/08\/e3745f9a-perfil-carlo-cauti-150x150.webp\" alt=\"Carlo Cauti\"><\/a><div class=\"authorBox__name\"><span>por\n\t\t\t<a href=\"https:\/\/www.suno.com.br\/noticias\/author\/carlo-cauti\/\"><span itemprop=\"author\">Carlo Cauti<\/span><\/a><\/span><time datetime=\"2019-09-12T16:25:45-03:00\" itemprop=\"datePublished\">12\/09\/2019 16:25<\/time><\/div><\/div><\/div><\/div><\/div>","single_layout":"posts","amp_enabled":true,"_links":{"self":[{"href":"https:\/\/www.suno.com.br\/noticias\/wp-json\/wp\/v2\/posts\/37405"}],"collection":[{"href":"https:\/\/www.suno.com.br\/noticias\/wp-json\/wp\/v2\/posts"}],"about":[{"href":"https:\/\/www.suno.com.br\/noticias\/wp-json\/wp\/v2\/types\/post"}],"author":[{"embeddable":true,"href":"https:\/\/www.suno.com.br\/noticias\/wp-json\/wp\/v2\/users\/9"}],"replies":[{"embeddable":true,"href":"https:\/\/www.suno.com.br\/noticias\/wp-json\/wp\/v2\/comments?post=37405"}],"version-history":[{"count":0,"href":"https:\/\/www.suno.com.br\/noticias\/wp-json\/wp\/v2\/posts\/37405\/revisions"}],"wp:featuredmedia":[{"embeddable":true,"href":"https:\/\/www.suno.com.br\/noticias\/wp-json\/wp\/v2\/media\/35020"}],"wp:attachment":[{"href":"https:\/\/www.suno.com.br\/noticias\/wp-json\/wp\/v2\/media?parent=37405"}],"wp:term":[{"taxonomy":"category","embeddable":true,"href":"https:\/\/www.suno.com.br\/noticias\/wp-json\/wp\/v2\/categories?post=37405"},{"taxonomy":"post_tag","embeddable":true,"href":"https:\/\/www.suno.com.br\/noticias\/wp-json\/wp\/v2\/tags?post=37405"},{"taxonomy":"suno_strategy","embeddable":true,"href":"https:\/\/www.suno.com.br\/noticias\/wp-json\/wp\/v2\/suno_strategy?post=37405"}],"curies":[{"name":"wp","href":"https:\/\/api.w.org\/{rel}","templated":true}]}}