{"id":374006,"date":"2023-03-08T22:16:28","date_gmt":"2023-03-09T01:16:28","guid":{"rendered":"https:\/\/www.suno.com.br\/noticias\/?p=374006"},"modified":"2023-03-08T22:16:46","modified_gmt":"2023-03-09T01:16:46","slug":"radar-assai-asai3-santander-sanb11-guararapes-guar3","status":"publish","type":"post","link":"https:\/\/www.suno.com.br\/noticias\/radar-assai-asai3-santander-sanb11-guararapes-guar3\/","title":{"rendered":"Radar: follow-on do Assa\u00ed (ASAI3), Santander (SANB11) anuncia venda bilion\u00e1ria e a queda no lucro da Guararapes (GUAR3), dona da Riachuelo"},"content":{"rendered":"<p>O&nbsp;<strong>Ibovespa<\/strong>&nbsp;encerrou o preg\u00e3o desta quarta-feira (8) com alta de 2,22% aos 106.540,32 pontos, ap\u00f3s oscilar entre 104.227,93 e 106.721,24 pontos.&nbsp;O volume financeiro do dia somou R$ 25,6 bilh\u00f5es.<\/p>\t<div class=\"wrapper-featured-image\">\n\t\t<figure class=\"spotlightImg\">\n\n\t\t\t<picture>\n\t\t\t\t<source media=\"(max-width: 768px)\" srcset=\"https:\/\/files.sunoresearch.com.br\/n\/uploads\/2021\/03\/f010c806-assai-inaugura-loja-baixada-400x200.webp\">\n\t\t\t\t<img loading=\"lazy\" decoding=\"async\" class=\"newsContent__article__imgCapa lazyloadDisabled \" src=\"https:\/\/files.sunoresearch.com.br\/n\/uploads\/2021\/03\/f010c806-assai-inaugura-loja-baixada-800x450.webp\" width=\"800\" height=\"450\" alt=\"Radar: follow-on do Assa\u00ed (ASAI3), Santander (SANB11) anuncia venda bilion\u00e1ria e a queda no lucro da Guararapes (GUAR3), dona da Riachuelo\" fetchpriority=high \/>\n\t\t\t<\/picture>\n\n\t\t\t<figcaption class=\"wp-caption-text wp-caption-text--show\">Unidade do Assa\u00ed no Rio de Janeiro. Foto: Divulga\u00e7\u00e3o.<\/figcaption>\n\t\t<\/figure>\n\t<\/div>\n\n\n\n\n\n\t<p>\n\t\t<a href=\"\" target=\"_blank\" data-element=\"shortcode-suno-banner\" title=\"Banner SUNO, clique e saiba mais\">\n\t\t\t<picture>\n\t\t\t\t<source media=\"(max-width: 500px)\" srcset=\"\">\n\t\t\t\t<img class=\"newsContent__article__imgCapa newsContent__article__imgCapa--banner\"\n\t\t\t\t\tsrc=\"\"\n\t\t\t\t\tdata-promo-id=\"138420\"\t\t\t\t\t\t\t\t\t\t\t\t\t\t\talt=\"\"\n\t\t\t\t>\n\t\t\t<\/picture>\n\t\t<\/a>\n\t<\/p>\n\n\n\n\n\n\n\n<p>No Dia Internacional da Mulher, a&nbsp;<strong>bolsa de valores&nbsp;<\/strong>operou impulsionada pelas&nbsp;<a target=\"_blank\" href=\"https:\/\/www.suno.com.br\/artigos\/acoes-blue-chips\/\" rel=\"noreferrer noopener\">blue chips<\/a>, que se recuperaram das quedas na v\u00e9spera. As a\u00e7\u00f5es da&nbsp;<a target=\"_blank\" href=\"https:\/\/www.suno.com.br\/acoes\/VALE3\/\" rel=\"noreferrer noopener\">Vale (VALE3)<\/a>&nbsp;fecharam o Ibovespa com ganhos de 0,91%, junto a outras mineradoras e sider\u00fargicas, com a cota\u00e7\u00e3o do min\u00e9rio de ferro fechando em alta 0,83% (US$ 130,95).<\/p>\n\n\n\n<p>Enquanto isso, os ativos preferenciais e ordin\u00e1rios da Petrobras (PETR4;PETR3) tiveram ganhos de 1,28% e 1,54%, respectivamente, em um movimento de corre\u00e7\u00e3o ap\u00f3s&nbsp;<strong>queda no preg\u00e3o<\/strong>&nbsp;de ontem \u2014 quando os pap\u00e9is da petroleira foram afetados pela desconfian\u00e7a do mercado com os projetos de energia e\u00f3lica offshore.<\/p>\n\n\n\n<p>Enquanto a&nbsp;<strong>Ibovespa subiu<\/strong>, o d\u00f3lar recuou com a valoriza\u00e7\u00e3o do real. A moeda dos EUA fechou em baixa de 1,02%, a R$ 5,1401, ap\u00f3s oscilar entre R$ 5,1012 e R$ 5,1860. Enquanto isso, as bolsas de Nova York fecharam mistas. Confira abaixo:<\/p>\n\n\n\n<ul class=\"wp-block-list\">\n<li><strong>Dow Jones:<\/strong>&nbsp;-0,18% (32.798,53 pontos);<\/li>\n\n\n\n<li><strong>S&amp;P500:<\/strong>&nbsp;+0,14% (3.992,08 pontos);<\/li>\n\n\n\n<li><strong>Nasdaq:<\/strong>&nbsp;+0,40% (11.576,00 pontos).<\/li>\n<\/ul>\n\n\n\n<p>\u201cAs&nbsp;<a target=\"_blank\" href=\"https:\/\/www.suno.com.br\/artigos\/bolsas-americanas\/\" rel=\"noreferrer noopener\">bolsas americanas<\/a>&nbsp;sofrem ainda refletindo o pessimismo ap\u00f3s falas duras de ontem do presidente do Federal Reserve (Fed), Jerome Powell, em rela\u00e7\u00e3o \u00e0 alta de juros nos EUA. Ele voltou a falar hoje dizendo que ainda n\u00e3o h\u00e1 nenhuma decis\u00e3o tomada, pois o mercado ainda aguarda dados importantes do Payroll e CPI\u201d, explica Rodrigo Cohen, analista de investimentos e co-fundador da Escola de Investimentos.<\/p>\n\n\n\n<p>Tamb\u00e9m contribuiu para a alta do Ibovespa a declara\u00e7\u00e3o feita pela ministra do Planejamento, Simone Tebet, de que o arcabou\u00e7o fiscal ser\u00e1 divulgado at\u00e9 o final do m\u00eas. Caso a promessa se concretize, isso pode ser feito antes da pr\u00f3xima decis\u00e3o de&nbsp;<a href=\"https:\/\/www.suno.com.br\/artigos\/juros\/\" target=\"_blank\" rel=\"noreferrer noopener\">taxa de juros<\/a>&nbsp;pelo Comit\u00ea de&nbsp;<a href=\"https:\/\/www.suno.com.br\/artigos\/politica-monetaria\/\" target=\"_blank\" rel=\"noreferrer noopener\">Pol\u00edtica Monet\u00e1ria<\/a>&nbsp;(Copom) do Banco Central (BC), em 21 e 22 de mar\u00e7o.<\/p>\n\n\n\n<p>A&nbsp;<strong>ponta positiva da bolsa<\/strong>&nbsp;contou as a\u00e7\u00f5es do setor educacional, como&nbsp;<a target=\"_blank\" href=\"https:\/\/www.suno.com.br\/acoes\/yduq3\/\" rel=\"noreferrer noopener\">YDUQS (YDUQ3)<\/a>&nbsp;e&nbsp;<a target=\"_blank\" href=\"https:\/\/www.suno.com.br\/acoes\/COGN3\/\" rel=\"noreferrer noopener\">Cogna (COGN3)<\/a>, ap\u00f3s o otimismo gerado com as expectativas em torno do FIES (Fundo de Financiamento ao Estudante do Ensino Superior).<\/p>\n\n\n\n<p>\u201cUma portaria do Di\u00e1rio Oficial da Uni\u00e3o, publicada hoje, apontou que o ministro da Educa\u00e7\u00e3o, Camilo Santana, criou um grupo de trabalho que ir\u00e1 realizar diagn\u00f3sticos sobre a situa\u00e7\u00e3o do FIES e apresentar uma proposta para o fundo. Com essa not\u00edcias, as a\u00e7\u00f5es do setor se destacaram no&nbsp;<strong>preg\u00e3o de hoje<\/strong>\u201c, pontua Cohen.&nbsp;<\/p>\n\n\n\n<p>Outro&nbsp;<strong>destaque positivo na bolsa hoje<\/strong>&nbsp;foi a&nbsp;<a href=\"https:\/\/www.suno.com.br\/acoes\/GOLL4\/\" target=\"_blank\" rel=\"noreferrer noopener\">Gol (GOLL4)<\/a>, que divulgou um balan\u00e7o preliminar positivo. \u201c<a href=\"https:\/\/www.suno.com.br\/artigos\/demonstracoes-financeiras\/\" target=\"_blank\" rel=\"noreferrer noopener\">Demonstra\u00e7\u00f5es financeiras<\/a>&nbsp;que ainda ser\u00e3o revisadas j\u00e1 deixaram o mercado animado\u201d, salienta Cohen.<\/p>\n\n\n\n<p>J\u00e1 a&nbsp;<strong>ponta negativa do \u00edndice<\/strong>, a&nbsp;<a target=\"_blank\" href=\"https:\/\/www.suno.com.br\/acoes\/AZUL4\/\" rel=\"noreferrer noopener\">Azul (AZUL4)<\/a>&nbsp;caiu em movimento de ajuste, ap\u00f3s a forte alta nos \u00faltimos dias ap\u00f3s com o an\u00fancio do acordo com os arrendadores.<\/p>\n\n\n\n<p>Entre os ativos banc\u00e1rios o dia foi de ganhos. O&nbsp;<a href=\"https:\/\/www.suno.com.br\/acoes\/SANB11\/\" target=\"_blank\" rel=\"noreferrer noopener\">Santander (SANB11)<\/a>&nbsp;teve alta de 0,33%, o &nbsp;<a href=\"https:\/\/www.suno.com.br\/acoes\/ITUB4\/\" target=\"_blank\" rel=\"noreferrer noopener\">Ita\u00fa (ITUB4)<\/a>&nbsp;ganhou 1,25%, o&nbsp;<a href=\"https:\/\/www.suno.com.br\/acoes\/BBAS3\/\" target=\"_blank\" rel=\"noreferrer noopener\">Banco do Brasil (BBAS3)<\/a>&nbsp;valorizou 1,01%, e o&nbsp;<a href=\"https:\/\/www.suno.com.br\/acoes\/BBDC4\/\" target=\"_blank\" rel=\"noreferrer noopener\">Bradesco (BBDC4)<\/a>&nbsp;teve alta de 3,09%.<\/p>\n\n\n\n<p>Al\u00e9m da&nbsp;<strong>Petrobras<\/strong>, confira outros destaques desta quarta-feira:<\/p>\n\n\n\n<h2 class=\"wp-block-heading\" id=\"h-assai-asai3-follow-on-de-r-3-bilhoes-pode-sair-na-segunda-13\">Assa\u00ed (ASAI3): follow-on de R$ 3 bilh\u00f5es pode sair na segunda (13)<\/h2>\n\n\n\n<ul class=\"wp-block-list\">\n<li>A oferta subsequente de a\u00e7\u00f5es (<em>follow-on<\/em>) do atacarejo\u00a0<strong>Assa\u00ed (<a href=\"https:\/\/suno.com.br\/acoes\/asai3\/\" target=\"_blank\" rel=\"noreferrer noopener\">ASAI3<\/a>)<\/strong>\u00a0pode sair na pr\u00f3xima segunda (13) no montante de R$ 3 bilh\u00f5es. Segundo informa\u00e7\u00f5es divulgadas nesta quarta (8), a opera\u00e7\u00e3o ajudar\u00e1 a varejista francesa Casino a ganhar um f\u00f4lego financeiro.<\/li>\n<\/ul>\n\n\n\n<ul class=\"wp-block-list\">\n<li>De acordo com informa\u00e7\u00f5es do Valor Econ\u00f4mico, gestores foram sondados sobre o potencial apetite do mercado no\u00a0<strong><em>follow-on<\/em>\u00a0do Assa\u00ed<\/strong>. Um dos pontos positivos apontados pelos especialistas do\u00a0<a href=\"https:\/\/www.suno.com.br\/guias\/mercado-financeiro\/\" target=\"_blank\" rel=\"noreferrer noopener\">mercado financeiro<\/a>\u00a0foi o ganho de governan\u00e7a do atacarejo com essa diminui\u00e7\u00e3o de participa\u00e7\u00e3o.<\/li>\n<\/ul>\n\n\n\n<ul class=\"wp-block-list\">\n<li>No ano passado, o\u00a0<strong>Casino<\/strong>\u00a0j\u00e1 havia reduzido sua presen\u00e7a no atacarejo brasileiro e, nesta opera\u00e7\u00e3o, embolsou R$ 2,6 bilh\u00f5es.<\/li>\n<\/ul>\n\n\n\n<ul class=\"wp-block-list\">\n<li>Atualmente, o grupo franc\u00eas conta com cerca de 30,5% das\u00a0<strong>a\u00e7\u00f5es do Assa\u00ed<\/strong>. Caso o novo follow-on ocorra com sucesso, essa participa\u00e7\u00e3o acion\u00e1ria cairia para cerca de 15%.<\/li>\n<\/ul>\n\n\n\n<ul class=\"wp-block-list\">\n<li>Em\u00a0<a href=\"https:\/\/www.suno.com.br\/artigos\/fato-relevante\/\" target=\"_blank\" rel=\"noreferrer noopener\">fato relevante<\/a>\u00a0apresentado ao mercado na ter\u00e7a (7), o Assa\u00ed informou que o Casino havia iniciado os estudos para o\u00a0<em>follow-on<\/em>\u00a0de aproximadamente US$ 600 milh\u00f5es (R$ 3,08 bi), valor que \u201cpoder\u00e1 ser aumentado a depender das condi\u00e7\u00f5es de mercado\u201d.<\/li>\n<\/ul>\n\n\n\n<ul class=\"wp-block-list\">\n<li>Segundo o documento, o Casino ainda n\u00e3o tomou decis\u00e3o final sobre a potencial transa\u00e7\u00e3o. Poder\u00e1 ocorrer por meio de uma oferta p\u00fablica secund\u00e1ria, que pode ou n\u00e3o ser lan\u00e7ada, a depender de condi\u00e7\u00f5es de mercado. Contudo, o grupo franc\u00eas teria contratado os bancos BTG Pactual, Bradesco BBI, Ita\u00fa BBA e J.P.Morgan para a an\u00e1lise dos termos de uma potencial\u00a0<strong>venda de participa\u00e7\u00e3o no Assa\u00ed<\/strong>.<\/li>\n<\/ul>\n\n\n\n<ul class=\"wp-block-list\">\n<li>\u201cSujeito \u00e0 conclus\u00e3o da potencial transa\u00e7\u00e3o, conforme acordado com o Casino, o Assa\u00ed proporia \u00e0 pr\u00f3xima\u00a0<a href=\"https:\/\/www.suno.com.br\/artigos\/assembleia-geral-ordinaria\/\" target=\"_blank\" rel=\"noreferrer noopener\">Assembleia Geral Ordin\u00e1ria<\/a>, prevista para ocorrer em abril de 2023, uma nova composi\u00e7\u00e3o do\u00a0<a href=\"https:\/\/www.suno.com.br\/artigos\/conselho-administracao\/\" target=\"_blank\" rel=\"noreferrer noopener\">Conselho de Administra\u00e7\u00e3o<\/a>\u00a0com um n\u00famero de membros indicados pelo Casino que reflita a sua participa\u00e7\u00e3o resultante na companhia\u201d, destacou a empresa no informe disponibilizado na Comiss\u00e3o de Valores Mobili\u00e1rios (CVM).<\/li>\n<\/ul>\n\n\n\n<h2 class=\"wp-block-heading\" id=\"h-dona-da-riachuelo-guararapes-guar3-ve-lucro-encolher-66-4-no-4t22-para-r-102-milhoes\">Dona da Riachuelo, Guararapes (GUAR3) v\u00ea lucro encolher 66,4% no 4T22, para R$ 102 milh\u00f5es<\/h2>\n\n\n\n<ul class=\"wp-block-list\">\n<li>A\u00a0<strong>Guararapes\u00a0<\/strong>(GUAR3), dona da Riachuelo, apresentou lucro l\u00edquido de R$ 102 milh\u00f5es no quarto trimestre de 2022, queda de 66,4% em rela\u00e7\u00e3o ao mesmo per\u00edodo de 2021.<\/li>\n<\/ul>\n\n\n\n<ul class=\"wp-block-list\">\n<li>O\u00a0<strong>Ebitda da Guararapes<\/strong>\u00a0(Lucros antes de juros, impostos, deprecia\u00e7\u00e3o e amortiza\u00e7\u00e3o), por sua vez, foi de R$ 389 milh\u00f5es, recuo de 13,9%.<\/li>\n<\/ul>\n\n\n\n<ul class=\"wp-block-list\">\n<li>J\u00e1\u00a0<strong>Receita L\u00edquida da Guararapes<\/strong>\u00a0foi de R$ 2,6 bilh\u00f5es, um aumento de 4% sobre os \u00faltimos tr\u00eas meses do ano anterior.<\/li>\n<\/ul>\n\n\n\n<ul class=\"wp-block-list\">\n<li>Para o resultado de queda no Ebitda, a empresa explica que a redu\u00e7\u00e3o de 13,9% reflete principalmente o menor Ebitda ajustado da Midway Financeira.<\/li>\n<\/ul>\n\n\n\n<ul class=\"wp-block-list\">\n<li>A divis\u00e3o de\u00a0<strong>servi\u00e7os financeiros da Guararapes<\/strong>\u00a0teve de separar dinheiro para cobrir eventuais inadimpl\u00eancias em um cen\u00e1rio de maior press\u00e3o inflacion\u00e1ria e endividamento das fam\u00edlias. O Ebitda ajustado de mercadorias, por sua vez, apresentou evolu\u00e7\u00e3o de 24,9% no trimestre.<\/li>\n<\/ul>\n\n\n\n<ul class=\"wp-block-list\">\n<li>A\u00a0<strong>Midway Financeira<\/strong>\u00a0\u00e9 uma plataforma integrada de produtos e servi\u00e7os financeiros conectada com o varejo, sendo parte fundamental do nosso ecossistema\u201d, diz a Guararapes. \u201cCom a oferta de autonomia e facilidades ao usu\u00e1rio, a companhia passou a ter um relacionamento cada vez mais amplo com seus clientes, indo al\u00e9m da oferta do cart\u00e3o e do empr\u00e9stimo pessoal nas lojas ao oferecer produtos e servi\u00e7os tamb\u00e9m nos canais digitais, com m\u00e1xima integra\u00e7\u00e3o com o varejo.\u201d<\/li>\n<\/ul>\n\n\n\n<ul class=\"wp-block-list\">\n<li>O cliente omnicanal cartonista tem uma frequ\u00eancia de compra 3 vezes maior que os demais clientes.<br>Ao final do 4T22, o app Midway contava com 2,6 milh\u00f5es de contas digitais abertas. \u201cDestes, temos aproximadamente 1 milh\u00e3o de clientes com acessos mensais para realizar atividades como transfer\u00eancia via PIX, pagamento de boletos, renegocia\u00e7\u00e3o de d\u00edvida e recargas de celular, sendo um importante canal de relacionamento, cross-selling e gera\u00e7\u00e3o de receita.\u201d<\/li>\n<\/ul>\n\n\n\n<ul class=\"wp-block-list\">\n<li>J\u00e1 na linha da receita l\u00edquida, a empresa explica que o desempenho de vendas foi impactado por \u201cfatores at\u00edpicos, como o registro de temperaturas mais baixas que o usual para o \u00faltimo trimestre do ano, e tamb\u00e9m o evento Copa do Mundo\u201d. \u201cO m\u00eas de dezembro foi o que apresentou o melhor desempenho no trimestre, especialmente ap\u00f3s o final do mundial\u201d, complementa a companhia.<\/li>\n<\/ul>\n\n\n\n<ul class=\"wp-block-list\">\n<li>O\u00a0<strong>resultado financeiro l\u00edquido da Guararape<\/strong>s (ex-IFRS16) totalizou uma despesa de R$ 88,3 milh\u00f5es no trimestre, representando 3,4% da receita l\u00edquida. O n\u00famero foi 257,6% pior do que um ano atr\u00e1s. \u201cEsse resultado segue sendo impactado pela elevada taxa de juros registrada no per\u00edodo\u201d, explica a empresa.<\/li>\n<\/ul>\n\n\n\n<ul class=\"wp-block-list\">\n<li>A\u00a0<strong>Guararapes<\/strong>\u00a0encerrou o ano com um patamar de caixa de R$ 2,4 bilh\u00f5es, o que corresponde a 176% da d\u00edvida de curto prazo. No trimestre foi realizada antecipa\u00e7\u00e3o de receb\u00edveis no montante de R$ 506,8 milh\u00f5es. A d\u00edvida l\u00edquida alcan\u00e7ou R$ 1,7 bilh\u00e3o ao final de 2022, com redu\u00e7\u00e3o da rela\u00e7\u00e3o d\u00edvida l\u00edquida\/Ebitda para 1,7x e d\u00edvida l\u00edquida\/EBITDA pr\u00e9-IFRS para 2,5x.<a href=\"https:\/\/lp.suno.com.br\/pv\/seu-primeiro-investimento-no-exterior\/\" target=\"_blank\" rel=\"noreferrer noopener\"><\/a><\/li>\n<\/ul>\n\n\n\n<p><a href=\"https:\/\/lp.suno.com.br\/cl\/busque-os-melhores-resultados-na-b3-com-a-suno\/\" target=\"_blank\" rel=\"noreferrer noopener\"><\/a><\/p>\n\n\n\n<h2 class=\"wp-block-heading\" id=\"h-lucro-da-dexco-dxco3-no-4t22-cai-62-5-para-r-217-8-milhoes\">Lucro da Dexco (DXCO3) no 4T22 cai 62,5%, para R$ 217,8 milh\u00f5es<\/h2>\n\n\n\n<ul class=\"wp-block-list\">\n<li>A\u00a0<strong>Dexco<\/strong>\u00a0(DXCO3) apurou recuo de 62,5% no seu lucro l\u00edquido na compara\u00e7\u00e3o entre o quarto trimestre de 2022 com o mesmo intervalo de 2021, chegando a R$ 217,868 milh\u00f5es. Segundo documento divulgado nesta quarta (8), a piora decorreu, principalmente, da queda nas vendas de materiais e do aumento das despesas com juros.<\/li>\n<\/ul>\n\n\n\n<ul class=\"wp-block-list\">\n<li>J\u00e1 o\u00a0<strong>Ebitda da Dexco<\/strong>\u00a0(lucro antes dos juros, impostos, deprecia\u00e7\u00e3o e amortiza\u00e7\u00e3o) cresceu 21,3% na mesma base de compara\u00e7\u00e3o, para R$ 559,625 milh\u00f5es. A margem Ebitda aumentou 7,8 pontos porcentuais, para 28,3%.<\/li>\n<\/ul>\n\n\n\n<ul class=\"wp-block-list\">\n<li>No crit\u00e9rio \u2018recorrente\u2019, o\u00a0<strong>lucro l\u00edquido da Dexco<\/strong>\u00a0baixou 49,2%, para R$ 206,955 milh\u00f5es. E no crit\u00e9rio \u2018ajustado e recorrente\u2019, o Ebitda encolheu 37,7%, indo a R$ 366,135 milh\u00f5es. Os ajustes excluem a varia\u00e7\u00e3o cont\u00e1bil do valor justo dos ativos biol\u00f3gicos e reestrutura\u00e7\u00f5es das unidades de neg\u00f3cios.<\/li>\n<\/ul>\n\n\n\n<ul class=\"wp-block-list\">\n<li>A\u00a0<strong>receita l\u00edquida consolidada da Dexco<\/strong>\u00a0encolheu 12%, totalizando R$ 1,980 bilh\u00e3o devido \u00e0 queda no volume de vendas nas unidades Deca (-29%), cer\u00e2micos (-33,5%) e Pain\u00e9is de Madeira (-9,2%). A Dexco explicou que os fretes altos inibiram as vendas no mercado externo.<\/li>\n<\/ul>\n\n\n\n<ul class=\"wp-block-list\">\n<li>O\u00a0<strong>custo dos produtos vendidos da Dexco<\/strong>\u00a0cresceu 1,4%, para R$ 1,350 bilh\u00e3o. J\u00e1 as despesas com vendas encolheram 23%, para R$ 255,059 milh\u00f5es, refletindo as volumes menores comercializados.<\/li>\n<\/ul>\n\n\n\n<ul class=\"wp-block-list\">\n<li>O\u00a0<strong>resultado financeiro da Dexco<\/strong>\u00a0(saldo entre receitas e despesas financeiras) ficou negativo em R$ 180,080 milh\u00f5es, o equivalente a uma despesa 4,7 vezes maior na compara\u00e7\u00e3o anual. Segundo a Dexco, a taxa b\u00e1sica de juros em patamar elevado impactou diretamente os encargos financeiros.<\/li>\n<\/ul>\n\n\n\n<ul class=\"wp-block-list\">\n<li>A Dexco terminou o ano com d\u00edvida l\u00edquida de R$ 4,038 bilh\u00f5es, aumento de 65% em um ano. Nesse per\u00edodo, a\u00a0<strong>alavancagem da Dexco<\/strong>\u00a0(medida pela rela\u00e7\u00e3o entre d\u00edvida l\u00edquida e Ebtida) dobrou, chegando a 2,33 vezes. A companhia detinha R$ 1,771 bilh\u00e3o em caixa e R$ 909 milh\u00f5es em d\u00edvidas com vencimento neste ano.<\/li>\n<\/ul>\n\n\n\n<ul class=\"wp-block-list\">\n<li>A Dexco encerrou realizou investimentos de R$ 863,6 milh\u00f5es em suas opera\u00e7\u00f5es no ano passado, sendo R$ 430,3 milh\u00f5es relativos \u00e0 recomposi\u00e7\u00e3o de seu ativo florestal e R$ 381,6 milh\u00f5es direcionados para manuten\u00e7\u00e3o, moderniza\u00e7\u00e3o fabril e digitaliza\u00e7\u00e3o das atividades.<\/li>\n<\/ul>\n\n\n\n<ul class=\"wp-block-list\">\n<li>Na apresenta\u00e7\u00e3o dos resultados, a administra\u00e7\u00e3o da\u00a0<strong>Dexco<\/strong>\u00a0afirmou que entende que 2023 ser\u00e1 um ano desafiador e, com isso, refor\u00e7a o compromisso em direcionar seus esfor\u00e7os no ganho de rentabilidade das opera\u00e7\u00f5es por meio de uma maior efici\u00eancia e produtividade.<\/li>\n<\/ul>\n\n\n\n<h2 class=\"wp-block-heading\" id=\"h-nubank-nubr33-diretor-de-relacoes-institucionais-bruno-magrani-deixa-fintech-apos-5-anos\">Nubank (NUBR33): diretor de Rela\u00e7\u00f5es Institucionais, Bruno Magrani deixa fintech ap\u00f3s 5 anos<\/h2>\n\n\n\n<ul class=\"wp-block-list\">\n<li>O diretor de Rela\u00e7\u00f5es Institucionais do\u00a0<strong>Nubank<\/strong>\u00a0(<a href=\"https:\/\/www.suno.com.br\/bdrs\/nubr33\/\" target=\"_blank\" rel=\"noreferrer noopener\">NUBR33<\/a>), Bruno Magrani, anunciou hoje (8) sua sa\u00edda da fintech ap\u00f3s cinco anos. Em sua conta no LinkedIn, o executivo afirmou que a decis\u00e3o foi tomada por ele, para que possa tirar \u201cum ano sab\u00e1tico\u201d. Segundo a apura\u00e7\u00e3o do Valor Econ\u00f4mico, a posi\u00e7\u00e3o deixada por ele ser\u00e1 assumida por Eduardo Lopes, head global de Public Policy.<\/li>\n<\/ul>\n\n\n\n<ul class=\"wp-block-list\">\n<li>Ainda na rede social, Magrani ressaltou que ap\u00f3s o per\u00edodo de descanso seu plano \u00e9 voltar a empreender.<\/li>\n<\/ul>\n\n\n\n<ul class=\"wp-block-list\">\n<li>\u201cQuando sa\u00ed do Facebook em 2017, eu j\u00e1 considerava empreender. Decidi adiar este plano para poder acompanhar de perto o crescimento de uma empresa que eu acreditava ser uma das mais promissoras empresas de tecnologia do Brasil\u201d, escreveu o\u00a0<strong>ex-diretor de RI do Nubank<\/strong>.<\/li>\n<\/ul>\n\n\n\n<ul class=\"wp-block-list\">\n<li>Em sua publica\u00e7\u00e3o, Magrani ainda afirmou que uma das grandes vantagens de trabalhar em uma startup \u00e9 ter exposi\u00e7\u00e3o a praticamente todas as \u00e1reas do neg\u00f3cio. Segundo ele, enquanto trabalhou para o Nubank, houve a oportunidade de atuar com Policy, Compliance Jur\u00eddico, Ouvidoria, Business Development, Produto, Engenharia, Marketing, entre outras \u00e1reas.<\/li>\n<\/ul>\n\n\n\n<ul class=\"wp-block-list\">\n<li>\u201cO Nubank tem um futuro ainda mais promissor pela frente e fico imensamente feliz e grato de ter contribu\u00eddo para essa hist\u00f3ria\u201d, seguiu a publica\u00e7\u00e3o, encerrando com agradecimentos \u00e0\u00a0<a href=\"https:\/\/www.suno.com.br\/tudo-sobre\/cristina-junqueira\/\" target=\"_blank\" rel=\"noreferrer noopener\">Cristina Junqueira<\/a>\u00a0e David V\u00e9lez, pelo convite \u00e0 Magrani para fazer parte da\u00a0<strong>equipe do Nubank<\/strong>.<\/li>\n<\/ul>\n\n\n\n<h2 class=\"wp-block-heading\" id=\"h-itau-itub4-passa-a-permitir-que-clientes-pessoa-fisica-invistam-em-startups\">Ita\u00fa (ITUB4) passa a permitir que clientes pessoa f\u00edsica invistam em startups<\/h2>\n\n\n\n<ul class=\"wp-block-list\">\n<li>Com aportes iniciais de R$ 2,5 mil, o\u00a0<a href=\"https:\/\/www.suno.com.br\/acoes\/ITUB4\/\" target=\"_blank\" rel=\"noreferrer noopener\">Ita\u00fa Unibanco (ITUB4)<\/a>\u00a0passou a oferecer para clientes\u00a0<a href=\"https:\/\/www.suno.com.br\/artigos\/pessoa-fisica\/\" target=\"_blank\" rel=\"noreferrer noopener\">pessoa f\u00edsica<\/a>\u00a0a possibilidade de investir em\u00a0<strong>startups<\/strong>.<\/li>\n<\/ul>\n\n\n\n<ul class=\"wp-block-list\">\n<li>A possibilidade \u00e9 vi\u00e1vel no\u00a0<strong>\u00cdon<\/strong>, o aplicativo de investimentos do\u00a0<strong>Ita\u00fa<\/strong>, e por causa de uma parceria com a EqSeed \u2013 uma plataforma que j\u00e1 trabalha com investimento em startups.<\/li>\n<\/ul>\n\n\n\n<ul class=\"wp-block-list\">\n<li>Como o\u00a0<a href=\"https:\/\/www.suno.com.br\/artigos\/private-equity\/\" target=\"_blank\" rel=\"noreferrer noopener\">private equity<\/a>, o\u00a0<strong>investimento em startups<\/strong>\u00a0tende a ser acess\u00edvel somente a investidores com ticket maior e que possuem tr\u00e1fego no meio dos neg\u00f3cios.<\/li>\n<\/ul>\n\n\n\n<ul class=\"wp-block-list\">\n<li>A EqSeed, nesse sentido, j\u00e1 realizou 53 rodadas de investimentos desde meados de 2017, ampliando o leque de investidores no setor \u2013 geralmente restrito a fundos de venture capital.<\/li>\n<\/ul>\n\n\n\n<ul class=\"wp-block-list\">\n<li>Sendo um investimento de alto risco, o aporte \u00e9 feito como \u201c<a href=\"https:\/\/www.suno.com.br\/artigos\/equity-crowdfunding\/\" target=\"_blank\" rel=\"noreferrer noopener\"><strong>equity crowdfunding<\/strong><\/a>\u201d, uma forma de investimento coletivo.<\/li>\n<\/ul>\n\n\n\n<ul class=\"wp-block-list\">\n<li>Na pr\u00e1tica, funciona como uma vaquinha digital e com foco na participa\u00e7\u00e3o no capital social de uma companhia.<\/li>\n<\/ul>\n\n\n\n<ul class=\"wp-block-list\">\n<li>Conforme os dados atualizados da CVM, s\u00e3o 56 crowdfundings atualmente, ante somente 4 em meados de 2016.<\/li>\n<\/ul>\n\n\n\n<p><a href=\"https:\/\/lp.suno.com.br\/cl\/busque-os-melhores-resultados-na-b3-com-a-suno\/\" target=\"_blank\" rel=\"noreferrer noopener\"><\/a><\/p>\n\n\n\n<h2 class=\"wp-block-heading\">Santander (SANB11) vende fatia da Webmotors por R$ 1,24 bilh\u00e3o<\/h2>\n\n\n\n<ul class=\"wp-block-list\">\n<li>Ap\u00f3s 20 anos integrando a opera\u00e7\u00e3o da Webmotors, o&nbsp;<a href=\"https:\/\/www.suno.com.br\/acoes\/SANB11\/\" target=\"_blank\" rel=\"noreferrer noopener\"><strong>Santander&nbsp;<\/strong>(SANB11)<\/a>&nbsp;decidiu deixar o controle do capital da empresa.<\/li>\n<\/ul>\n\n\n\n<ul class=\"wp-block-list\">\n<li>O Santander realizou uma venda de 40% do capital social do site de classificados automotivos pela cifra de R$ 1,24 bilh\u00e3o \u00e0 Carsales, um grupo australiano.<\/li>\n<\/ul>\n\n\n\n<ul class=\"wp-block-list\">\n<li>Anteriormente, 30% do capital social da Webmotors j\u00e1 havia sido vendido para o mesmo comprador, por R$ 180 milh\u00f5es, em meados de 2013.<\/li>\n<\/ul>\n\n\n\n<ul class=\"wp-block-list\">\n<li>Agora, o Santander det\u00e9m somente 30% de participa\u00e7\u00e3o acion\u00e1ria na empresa.<\/li>\n<\/ul>\n\n\n\n<ul class=\"wp-block-list\">\n<li>A empresa foi fundada em 1995 pelo empres\u00e1rio e investidor Sylvio de Barros e adquirida pelo banco espanhol em meados de 2022. \u00c0 \u00e9poca, a empresa havia sido rec\u00e9m comprada pela ABN Amro Real.<\/li>\n<\/ul>\n\n\n\n<ul class=\"wp-block-list\">\n<li>\u201cA Oopera\u00e7\u00e3o permitir\u00e1 que a Webmotors beneficie-se ainda mais da expertise da Carsales em marketing digital, produtos e servi\u00e7os para o ecossistema automotivo, fortalecendo a oferta de valor para lojistas, concession\u00e1rios, montadoras e clientes finais\u201d,&nbsp;<a href=\"https:\/\/cms.santander.com.br\/sites\/WRI\/documentos\/url_comunicado_pt\/23-03-07_203404_turbo_comunicado%20ao%20mercado_final.pdf\" target=\"_blank\" rel=\"noreferrer noopener\">consta no comunicado ao mercado<\/a>&nbsp;do Santander.<\/li>\n<\/ul>\n\n\n\n<ul class=\"wp-block-list\">\n<li>A empresa, com a aquisi\u00e7\u00e3o, \u00e9 avaliada em R$ 3,1 bilh\u00f5es.<\/li>\n<\/ul>\n\n\n\n<ul class=\"wp-block-list\">\n<li>A audi\u00eancia em 2022 foi de 26 milh\u00f5es de usu\u00e1rios \u00fanicos, e o lucro foi de R$ 74,4 milh\u00f5es. No total, s\u00e3o 400 mil revendedores e 17 mil an\u00fancios de inscritos.<\/li>\n<\/ul>\n\n\n\n<ul class=\"wp-block-list\">\n<li>Al\u00e9m disso, a Webmotors segue como l\u00edder de mercado, ficando a frente da iCarros, do&nbsp;<a href=\"https:\/\/www.suno.com.br\/acoes\/ITUB4\/\" target=\"_blank\" rel=\"noreferrer noopener\">Ita\u00fa Unibanco (ITUB4)<\/a>&nbsp;\u2013 rec\u00e9m reformulada.<\/li>\n<\/ul>\n\n\n\n<ul class=\"wp-block-list\">\n<li>Desde 2021 a empresa investe em internacionaliza\u00e7\u00e3o na Am\u00e9rica Latina \u2013 marcando presen\u00e7a em pa\u00edses como Argentina, Peru e Chile.<\/li>\n<\/ul>\n\n\n\n<ul class=\"wp-block-list\">\n<li>Al\u00e9m disso, a companhia fez uma aquisi\u00e7\u00e3o de 66,7% do capital social da Car10, uma plataforma de marketplace de servi\u00e7os automotivos.<\/li>\n<\/ul>\n\n\n\n<ul class=\"wp-block-list\">\n<li>Coincidentemente no mesmo ano o Santander comprou 80% da Solution4Fleet, um servi\u00e7o de loca\u00e7\u00e3o e assinatura de carros.<a href=\"https:\/\/lp.suno.com.br\/cl\/busque-os-melhores-resultados-na-b3-com-a-suno\/\" target=\"_blank\" rel=\"noreferrer noopener\"><\/a><\/li>\n<\/ul>\n\n\n\t<p>\n\t\t<a href=\"https:\/\/lp.suno.com.br\/planilha-controle-gastos\/\" target=\"_blank\" data-element=\"shortcode-suno-banner\" title=\"Banner SUNO, clique e saiba mais\">\n\t\t\t<picture>\n\t\t\t\t<source media=\"(max-width: 500px)\" srcset=\"https:\/\/files.sunoresearch.com.br\/n\/uploads\/2023\/03\/400x300-Planilha-controle-de-gastos.png\">\n\t\t\t\t<img class=\"newsContent__article__imgCapa newsContent__article__imgCapa--banner\"\n\t\t\t\t\tsrc=\"https:\/\/files.sunoresearch.com.br\/n\/uploads\/2023\/03\/1420x240-Planilha-controle-de-gastos.png\"\n\t\t\t\t\tdata-promo-id=\"101751\"\t\t\t\t\t\t\t\t\t\twidth='1420' height='240'\t\t\t\t\talt=\"https:\/\/files.sunoresearch.com.br\/n\/uploads\/2023\/03\/1420x240-Planilha-controle-de-gastos.png\"\n\t\t\t\t>\n\t\t\t<\/picture>\n\t\t<\/a>\n\t<\/p>\n\n\n\n\n\n<h2 class=\"wp-block-heading\" id=\"h-nubank-nubr33-diretor-de-relacoes-institucionais-bruno-magrani-deixa-fintech-apos-5-anos\">Nubank (NUBR33): diretor de Rela\u00e7\u00f5es Institucionais, Bruno Magrani, deixa fintech ap\u00f3s 5 anos<\/h2>\n\n\n\n<ul class=\"wp-block-list\">\n<li>O diretor de Rela\u00e7\u00f5es Institucionais do&nbsp;<strong>Nubank<\/strong>&nbsp;(<a href=\"https:\/\/www.suno.com.br\/bdrs\/nubr33\/\" target=\"_blank\" rel=\"noreferrer noopener\">NUBR33<\/a>), Bruno Magrani, anunciou hoje (8) sua sa\u00edda da fintech ap\u00f3s cinco anos. Em sua conta no LinkedIn, o executivo afirmou que a decis\u00e3o foi tomada por ele, para que possa tirar \u201cum ano sab\u00e1tico\u201d. Segundo a apura\u00e7\u00e3o do Valor Econ\u00f4mico, a posi\u00e7\u00e3o deixada por ele ser\u00e1 assumida por Eduardo Lopes, head global de Public Policy.<\/li>\n<\/ul>\n\n\n\n<ul class=\"wp-block-list\">\n<li>Ainda na rede social, Magrani ressaltou que ap\u00f3s o per\u00edodo de descanso seu plano \u00e9 voltar a empreender.<\/li>\n<\/ul>\n\n\n\n<ul class=\"wp-block-list\">\n<li>\u201cQuando sa\u00ed do Facebook em 2017, eu j\u00e1 considerava empreender. Decidi adiar este plano para poder acompanhar de perto o crescimento de uma empresa que eu acreditava ser uma das mais promissoras empresas de tecnologia do Brasil\u201d, escreveu o&nbsp;<strong>ex-diretor de RI do Nubank<\/strong>.<\/li>\n<\/ul>\n\n\n\n<ul class=\"wp-block-list\">\n<li>Em sua publica\u00e7\u00e3o, Magrani ainda afirmou que uma das grandes vantagens de trabalhar em uma startup \u00e9 ter exposi\u00e7\u00e3o a praticamente todas as \u00e1reas do neg\u00f3cio. Segundo ele, enquanto trabalhou para o Nubank, houve a oportunidade de atuar com Policy, Compliance Jur\u00eddico, Ouvidoria, Business Development, Produto, Engenharia, Marketing, entre outras \u00e1reas.<\/li>\n<\/ul>\n\n\n\n<ul class=\"wp-block-list\">\n<li>\u201cO Nubank tem um futuro ainda mais promissor pela frente e fico imensamente feliz e grato de ter contribu\u00eddo para essa hist\u00f3ria\u201d, seguiu a publica\u00e7\u00e3o, encerrando com agradecimentos \u00e0&nbsp;<a href=\"https:\/\/www.suno.com.br\/tudo-sobre\/cristina-junqueira\/\" target=\"_blank\" rel=\"noreferrer noopener\">Cristina Junqueira<\/a>&nbsp;e David V\u00e9lez, pelo convite \u00e0 Magrani para fazer parte da&nbsp;<strong>equipe do Nubank<\/strong>.<\/li>\n<\/ul>\n\n\n\n<h2 class=\"wp-block-heading\">Unifique (FIQE3) pagar\u00e1 JCP milion\u00e1rio em mar\u00e7o; veja<\/h2>\n\n\n\n<ul class=\"wp-block-list\">\n<li>A&nbsp;<a href=\"https:\/\/www.suno.com.br\/acoes\/fiqe3\/\" target=\"_blank\" rel=\"noreferrer noopener\"><strong>Unifique&nbsp;<\/strong>(FIQE3)<\/a>&nbsp;pagar\u00e1 R$ 29,6 milh\u00f5es em&nbsp;<a href=\"https:\/\/www.suno.com.br\/artigos\/entenda-o-jcp\/\" target=\"_blank\" rel=\"noreferrer noopener\">Juros Sobre Capital Pr\u00f3prio<\/a>&nbsp;(JCP) aos seus acionistas, segundo&nbsp;<a href=\"https:\/\/api.mziq.com\/mzfilemanager\/v2\/d\/848cf37d-212c-4382-923e-761739d46650\/0d9bbf0b-f219-8da6-6976-4ee5292169a5?origin=1\" target=\"_blank\" rel=\"noreferrer noopener\">Aviso aos Acionistas divulgado no fim desta ter\u00e7a-feira (8)<\/a>.<\/li>\n<\/ul>\n\n\n\n<ul class=\"wp-block-list\">\n<li>O valor dos proventos por a\u00e7\u00e3o&nbsp;<strong>FIQE3<\/strong>&nbsp;ser\u00e1 de R$ 0,08, que ser\u00e3o pagos no dia 22 de mar\u00e7o.<\/li>\n<\/ul>\n\n\n\n<ul class=\"wp-block-list\">\n<li>Apenas os investidores com&nbsp;<strong>a\u00e7\u00f5es da Unifique<\/strong>&nbsp;no dia 10 de mar\u00e7o ter\u00e3o direito de receber os rendimentos. A partir do dia 13 de mar\u00e7o, as a\u00e7\u00f5es ser\u00e3o negociadas sem direito aos&nbsp;<a href=\"https:\/\/www.suno.com.br\/guias\/dividendos\/\" target=\"_blank\" rel=\"noreferrer noopener\">dividendos<\/a>.<\/li>\n<\/ul>\n\n\n\n<ul class=\"wp-block-list\">\n<li>Segundo documento arquivado na Comiss\u00e3o de Valores Mobili\u00e1rios (CVM), esses proventos fazem parte dos dividendos do exerc\u00edcio de 2022.<\/li>\n<\/ul>\n\n\n\n<ul class=\"wp-block-list\">\n<li>O valor dos JCP ter\u00e1 reten\u00e7\u00e3o do imposto de renda na fonte, com al\u00edquota de 15%, resultando em aproximadamente 0,071 por a\u00e7\u00e3o.<\/li>\n<\/ul>\n\n\n\n<h2 class=\"wp-block-heading\">Raia Drogasil (RADL3): lucro cresce 47% no 4T22 e empresa aprova proposta de aumento de capital<\/h2>\n\n\n\n<ul class=\"wp-block-list\">\n<li>A&nbsp;<strong>Raia Drogasil<\/strong>&nbsp;(<a href=\"https:\/\/suno.com.br\/acoes\/radl3\/\" target=\"_blank\" rel=\"noreferrer noopener\">RADL3<\/a>) viu seu&nbsp;<a href=\"https:\/\/www.suno.com.br\/artigos\/lucro-liquido\/\" target=\"_blank\" rel=\"noreferrer noopener\">lucro l\u00edquido<\/a>&nbsp;ajustado crescer 47% no quarto trimestre de 2022 (4T22) ante o mesmo per\u00edodo de 2021. Al\u00e9m dos n\u00fameros apresentados ao mercado na ter\u00e7a (8), a varejista farmac\u00eautica informou que seu conselho de aprovou a proposta que prev\u00ea um aumento do capital social da companhia em R$ 1,5 bilh\u00e3o.<\/li>\n<\/ul>\n\n\n\n<ul class=\"wp-block-list\">\n<li>O&nbsp;<strong>balan\u00e7o da Raia Drogasil<\/strong>&nbsp;no 4T22 destaca os seguintes n\u00fameros<\/li>\n<\/ul>\n\n\n\n<ul class=\"wp-block-list\">\n<li><strong>Receita bruta<\/strong>: R$ 8,351 bilh\u00f5es; crescimento de 22% ante o 4T21: R$ 6,853 bilh\u00f5es.<\/li>\n\n\n\n<li><strong>Ebitda<\/strong>&nbsp;(Lucro antes de juros, impostos deprecia\u00e7\u00e3o e amortiza\u00e7\u00e3o): R$ 599 milh\u00f5es; crescimento de 34% ante o 4T21: R$448 milh\u00f5es.<\/li>\n\n\n\n<li><strong>Lucro l\u00edquido ajustado<\/strong>: 301 milh\u00f5es; crescimento de 47% ante o 4T21: R$ 205 milh\u00f5es.<\/li>\n<\/ul>\n\n\n\n<ul class=\"wp-block-list\">\n<li>A companhia credita esse&nbsp;<strong>crescimento da receita<\/strong>&nbsp;ao impulso da abertura de 260 novas farm\u00e1cias ao longo do ano e pelo crescimento recorde de 13,3% nas lojas maduras no ano, um patamar 7,5 pontos porcentuais acima da infla\u00e7\u00e3o.<\/li>\n<\/ul>\n\n\n\n<ul class=\"wp-block-list\">\n<li>Em 2022, a&nbsp;<a href=\"https:\/\/www.suno.com.br\/artigos\/o-que-receita-bruta\/\" target=\"_blank\" rel=\"noreferrer noopener\">receita bruta<\/a>&nbsp;foi de R$ 31 bilh\u00f5es, um incremento absoluto de R$ 5,3 bilh\u00f5es e um crescimento de 20,9% frente a 2021.<\/li>\n<\/ul>\n\n\n\n<p>Da&nbsp;Petrobras a Santander, essas foram as empresas que se destacaram hoje. Para ler todas as mat\u00e9rias&nbsp;<strong><a href=\"https:\/\/www.suno.com.br\/noticias\/todos\/\" target=\"_blank\" rel=\"noreferrer noopener\">clique aqui<\/a><\/strong>.<a href=\"https:\/\/lp.suno.com.br\/pv\/seu-primeiro-investimento-no-exterior\/\" target=\"_blank\" rel=\"noreferrer noopener\"><\/a><a href=\"https:\/\/lp.suno.com.br\/cl\/busque-os-melhores-resultados-na-b3-com-a-suno\/\" target=\"_blank\" rel=\"noreferrer noopener\"><\/a><\/p>\n\n\n\t<p>\n\t\t<a href=\"https:\/\/lp.suno.com.br\/planilha-da-vida-financeira\/\" target=\"_blank\" data-element=\"shortcode-suno-banner\" title=\"Banner SUNO, clique e saiba mais\">\n\t\t\t<picture>\n\t\t\t\t<source media=\"(max-width: 500px)\" srcset=\"https:\/\/files.sunoresearch.com.br\/n\/uploads\/2023\/04\/400x300-Planilha-vida-financeira-true.png\">\n\t\t\t\t<img class=\"newsContent__article__imgCapa newsContent__article__imgCapa--banner\"\n\t\t\t\t\tsrc=\"https:\/\/files.sunoresearch.com.br\/n\/uploads\/2023\/04\/1420x240-Planilha-vida-financeira-true.png\"\n\t\t\t\t\tdata-promo-id=\"106682\"\t\t\t\t\t\t\t\t\t\twidth='1420' height='240'\t\t\t\t\talt=\"https:\/\/files.sunoresearch.com.br\/n\/uploads\/2023\/04\/1420x240-Planilha-vida-financeira-true.png\"\n\t\t\t\t>\n\t\t\t<\/picture>\n\t\t<\/a>\n\t<\/p>\n\n\n","protected":false},"excerpt":{"rendered":"<p>O&nbsp;Ibovespa&nbsp;encerrou o preg\u00e3o desta quarta-feira (8) com alta de 2,22% aos 106.540,32 pontos, ap\u00f3s oscilar entre 104.227,93 e 106.721,24 pontos.&nbsp;O volume financeiro do dia somou R$ 25,6 bilh\u00f5es. Unidade do Assa\u00ed no Rio de Janeiro. Foto: Divulga\u00e7\u00e3o. No Dia Internacional da Mulher, a&nbsp;bolsa de valores&nbsp;operou impulsionada pelas&nbsp;blue chips, que se recuperaram das quedas na v\u00e9spera. [&hellip;]<\/p>\n","protected":false},"author":227,"featured_media":127513,"comment_status":"closed","ping_status":"closed","sticky":false,"template":"","format":"standard","meta":[],"categories":[64],"tags":[1187,2257,489,494,519,848,595,613,624,676],"suno_strategy":[],"class_list":["post-374006","post","type-post","status-publish","format-standard","has-post-thumbnail","hentry","category-negocios","tag-assai-asai3","tag-cogna-cogn3","tag-gol-linhas-aereas-goll11-goll4","tag-guararapes-guar3","tag-itau-unibanco-itub3-itub4","tag-nubank","tag-petrobras-petr4","tag-raia-drogasil-radl3","tag-santander-sanb11-sanb3-sanb4","tag-vale-vale3"],"yoast_head":"<!-- This site is optimized with the Yoast SEO plugin v24.4 - https:\/\/yoast.com\/wordpress\/plugins\/seo\/ -->\n<title>Radar: follow-on do Assa\u00ed (ASAI3), Santander (SANB11) anuncia venda bilion\u00e1ria e a queda no lucro da Guararapes (GUAR3)<\/title>\n<meta name=\"description\" content=\"Assa\u00ed deve anunciar seu follow-on, Santander (SANB11) vende fatia da Webmotors e a queda no lucro da dona da Riachuelo, dona da Riachuelo\" \/>\n<meta name=\"robots\" content=\"index, follow, max-snippet:-1, max-image-preview:large, max-video-preview:-1\" \/>\n<link rel=\"canonical\" href=\"https:\/\/www.suno.com.br\/noticias\/radar-assai-asai3-santander-sanb11-guararapes-guar3\/\" \/>\n<meta property=\"og:locale\" content=\"pt_BR\" \/>\n<meta property=\"og:type\" content=\"article\" \/>\n<meta property=\"og:title\" content=\"Radar: follow-on do Assa\u00ed (ASAI3), Santander (SANB11) anuncia venda bilion\u00e1ria e a queda no lucro da Guararapes (GUAR3)\" \/>\n<meta property=\"og:description\" content=\"Assa\u00ed deve anunciar seu follow-on, Santander (SANB11) vende fatia da Webmotors e a queda no lucro da dona da Riachuelo, dona da Riachuelo\" \/>\n<meta property=\"og:url\" content=\"https:\/\/www.suno.com.br\/noticias\/radar-assai-asai3-santander-sanb11-guararapes-guar3\/\" \/>\n<meta property=\"og:site_name\" content=\"Suno Not\u00edcias\" \/>\n<meta property=\"article:publisher\" content=\"https:\/\/facebook.com\/sunoresearch\" \/>\n<meta property=\"og:image\" content=\"https:\/\/files.sunoresearch.com.br\/n\/uploads\/2021\/03\/f010c806-assai-inaugura-loja-baixada.jpg\" \/>\n\t<meta property=\"og:image:width\" content=\"1476\" \/>\n\t<meta property=\"og:image:height\" content=\"983\" \/>\n\t<meta property=\"og:image:type\" content=\"image\/jpeg\" \/>\n<meta name=\"author\" content=\"Vanessa Loiola\" \/>\n<meta name=\"twitter:card\" content=\"summary_large_image\" \/>\n<meta name=\"twitter:creator\" content=\"@sunoresearch\" \/>\n<meta name=\"twitter:site\" content=\"@sunoresearch\" \/>\n<meta name=\"twitter:label1\" content=\"Escrito por\" \/>\n\t<meta name=\"twitter:data1\" content=\"Vanessa Loiola\" \/>\n\t<meta name=\"twitter:label2\" content=\"Est. tempo de leitura\" \/>\n\t<meta name=\"twitter:data2\" content=\"17 minutos\" \/>\n<script type=\"application\/ld+json\" class=\"yoast-schema-graph\">{\"@context\":\"https:\/\/schema.org\",\"@graph\":[{\"@type\":\"NewsArticle\",\"@id\":\"https:\/\/www.suno.com.br\/noticias\/radar-assai-asai3-santander-sanb11-guararapes-guar3\/#article\",\"isPartOf\":{\"@id\":\"https:\/\/www.suno.com.br\/noticias\/radar-assai-asai3-santander-sanb11-guararapes-guar3\/\"},\"author\":{\"name\":\"Vanessa Loiola\",\"@id\":\"https:\/\/www.suno.com.br\/noticias\/#\/schema\/person\/450c455ecff319bab1f1a0e643451479\"},\"headline\":\"Radar: follow-on do Assa\u00ed (ASAI3), Santander (SANB11) anuncia venda bilion\u00e1ria e a queda no lucro da Guararapes (GUAR3), dona da Riachuelo\",\"datePublished\":\"2023-03-09T01:16:28+00:00\",\"dateModified\":\"2023-03-09T01:16:46+00:00\",\"mainEntityOfPage\":{\"@id\":\"https:\/\/www.suno.com.br\/noticias\/radar-assai-asai3-santander-sanb11-guararapes-guar3\/\"},\"wordCount\":3218,\"publisher\":{\"@id\":\"https:\/\/www.suno.com.br\/noticias\/#organization\"},\"image\":{\"@id\":\"https:\/\/www.suno.com.br\/noticias\/radar-assai-asai3-santander-sanb11-guararapes-guar3\/#primaryimage\"},\"thumbnailUrl\":\"https:\/\/files.sunoresearch.com.br\/n\/uploads\/2021\/03\/f010c806-assai-inaugura-loja-baixada.jpg\",\"keywords\":[\"Assa\u00ed (ASAI3)\",\"Cogna (COGN3)\",\"Gol Linhas A\u00e9reas (GOLL11\/GOLL4)\",\"Guararapes (GUAR3)\",\"Ita\u00fa Unibanco (ITUB3\/ITUB4)\",\"Nubank (NUBR33)\",\"Petrobras (PETR4)\",\"Raia Drogasil (RADL3)\",\"Santander (SANB11\/SANB3\/SANB4)\",\"Vale (VALE3)\"],\"articleSection\":[\"Neg\u00f3cios\"],\"inLanguage\":\"pt-BR\"},{\"@type\":\"WebPage\",\"@id\":\"https:\/\/www.suno.com.br\/noticias\/radar-assai-asai3-santander-sanb11-guararapes-guar3\/\",\"url\":\"https:\/\/www.suno.com.br\/noticias\/radar-assai-asai3-santander-sanb11-guararapes-guar3\/\",\"name\":\"Radar: follow-on do Assa\u00ed (ASAI3), Santander (SANB11) anuncia venda bilion\u00e1ria e a queda no lucro da Guararapes (GUAR3)\",\"isPartOf\":{\"@id\":\"https:\/\/www.suno.com.br\/noticias\/#website\"},\"primaryImageOfPage\":{\"@id\":\"https:\/\/www.suno.com.br\/noticias\/radar-assai-asai3-santander-sanb11-guararapes-guar3\/#primaryimage\"},\"image\":{\"@id\":\"https:\/\/www.suno.com.br\/noticias\/radar-assai-asai3-santander-sanb11-guararapes-guar3\/#primaryimage\"},\"thumbnailUrl\":\"https:\/\/files.sunoresearch.com.br\/n\/uploads\/2021\/03\/f010c806-assai-inaugura-loja-baixada.jpg\",\"datePublished\":\"2023-03-09T01:16:28+00:00\",\"dateModified\":\"2023-03-09T01:16:46+00:00\",\"description\":\"Assa\u00ed deve anunciar seu follow-on, Santander (SANB11) vende fatia da Webmotors e a queda no lucro da dona da Riachuelo, dona da Riachuelo\",\"breadcrumb\":{\"@id\":\"https:\/\/www.suno.com.br\/noticias\/radar-assai-asai3-santander-sanb11-guararapes-guar3\/#breadcrumb\"},\"inLanguage\":\"pt-BR\",\"potentialAction\":[{\"@type\":\"ReadAction\",\"target\":[\"https:\/\/www.suno.com.br\/noticias\/radar-assai-asai3-santander-sanb11-guararapes-guar3\/\"]}]},{\"@type\":\"ImageObject\",\"inLanguage\":\"pt-BR\",\"@id\":\"https:\/\/www.suno.com.br\/noticias\/radar-assai-asai3-santander-sanb11-guararapes-guar3\/#primaryimage\",\"url\":\"https:\/\/files.sunoresearch.com.br\/n\/uploads\/2021\/03\/f010c806-assai-inaugura-loja-baixada.jpg\",\"contentUrl\":\"https:\/\/files.sunoresearch.com.br\/n\/uploads\/2021\/03\/f010c806-assai-inaugura-loja-baixada.jpg\",\"width\":1476,\"height\":983,\"caption\":\"Unidade do Assa\u00ed no Rio de Janeiro. Foto: Divulga\u00e7\u00e3o.\"},{\"@type\":\"BreadcrumbList\",\"@id\":\"https:\/\/www.suno.com.br\/noticias\/radar-assai-asai3-santander-sanb11-guararapes-guar3\/#breadcrumb\",\"itemListElement\":[{\"@type\":\"ListItem\",\"position\":1,\"name\":\"Not\u00edcias\",\"item\":\"https:\/\/www.suno.com.br\/noticias\/\"},{\"@type\":\"ListItem\",\"position\":2,\"name\":\"Neg\u00f3cios\",\"item\":\"https:\/\/www.suno.com.br\/noticias\/negocios\/\"},{\"@type\":\"ListItem\",\"position\":3,\"name\":\"Radar: follow-on do Assa\u00ed (ASAI3), Santander (SANB11) anuncia venda bilion\u00e1ria e a queda no lucro da Guararapes (GUAR3), dona da Riachuelo\"}]},{\"@type\":\"WebSite\",\"@id\":\"https:\/\/www.suno.com.br\/noticias\/#website\",\"url\":\"https:\/\/www.suno.com.br\/noticias\/\",\"name\":\"Suno Not\u00edcias\",\"description\":\"Seu portal de informa\u00e7\u00e3o sobre o mundo dos investimentos\",\"publisher\":{\"@id\":\"https:\/\/www.suno.com.br\/noticias\/#organization\"},\"potentialAction\":[{\"@type\":\"SearchAction\",\"target\":{\"@type\":\"EntryPoint\",\"urlTemplate\":\"https:\/\/www.suno.com.br\/noticias\/?s={search_term_string}\"},\"query-input\":{\"@type\":\"PropertyValueSpecification\",\"valueRequired\":true,\"valueName\":\"search_term_string\"}}],\"inLanguage\":\"pt-BR\"},{\"@type\":\"Organization\",\"@id\":\"https:\/\/www.suno.com.br\/noticias\/#organization\",\"name\":\"Suno Not\u00edcias\",\"url\":\"https:\/\/www.suno.com.br\/noticias\/\",\"logo\":{\"@type\":\"ImageObject\",\"inLanguage\":\"pt-BR\",\"@id\":\"https:\/\/www.suno.com.br\/noticias\/#\/schema\/logo\/image\/\",\"url\":\"https:\/\/files.sunoresearch.com.br\/n\/uploads\/2021\/09\/suno-logo.png\",\"contentUrl\":\"https:\/\/files.sunoresearch.com.br\/n\/uploads\/2021\/09\/suno-logo.png\",\"width\":180,\"height\":180,\"caption\":\"Suno Not\u00edcias\"},\"image\":{\"@id\":\"https:\/\/www.suno.com.br\/noticias\/#\/schema\/logo\/image\/\"},\"sameAs\":[\"https:\/\/facebook.com\/sunoresearch\",\"https:\/\/x.com\/sunoresearch\",\"https:\/\/www.instagram.com\/suno\",\"https:\/\/www.linkedin.com\/company\/suno-research\/\",\"https:\/\/www.youtube.com\/c\/sunoresearch\"]},{\"@type\":\"Person\",\"@id\":\"https:\/\/www.suno.com.br\/noticias\/#\/schema\/person\/450c455ecff319bab1f1a0e643451479\",\"name\":\"Vanessa Loiola\",\"image\":{\"@type\":\"ImageObject\",\"inLanguage\":\"pt-BR\",\"@id\":\"https:\/\/www.suno.com.br\/noticias\/#\/schema\/person\/image\/\",\"url\":\"https:\/\/secure.gravatar.com\/avatar\/8b41117f9780831919eb38da349c3f20?s=96&r=g\",\"contentUrl\":\"https:\/\/secure.gravatar.com\/avatar\/8b41117f9780831919eb38da349c3f20?s=96&r=g\",\"caption\":\"Vanessa Loiola\"},\"description\":\"Jornalista formada pela PUC-SP, com experi\u00eancia na cobertura das editorias de economia, finan\u00e7as, bolsa de valores, pol\u00edtica, energia solar e entretenimento. Com passagem pela BM&amp;C News e RedeTV!\",\"url\":\"https:\/\/www.suno.com.br\/noticias\/author\/vanessal-loiolagmail-com\/\"}]}<\/script>\n<!-- \/ Yoast SEO plugin. -->","yoast_head_json":{"title":"Radar: follow-on do Assa\u00ed (ASAI3), Santander (SANB11) anuncia venda bilion\u00e1ria e a queda no lucro da Guararapes (GUAR3)","description":"Assa\u00ed deve anunciar seu follow-on, Santander (SANB11) vende fatia da Webmotors e a queda no lucro da dona da Riachuelo, dona da Riachuelo","robots":{"index":"index","follow":"follow","max-snippet":"max-snippet:-1","max-image-preview":"max-image-preview:large","max-video-preview":"max-video-preview:-1"},"canonical":"https:\/\/www.suno.com.br\/noticias\/radar-assai-asai3-santander-sanb11-guararapes-guar3\/","og_locale":"pt_BR","og_type":"article","og_title":"Radar: follow-on do Assa\u00ed (ASAI3), Santander (SANB11) anuncia venda bilion\u00e1ria e a queda no lucro da Guararapes (GUAR3)","og_description":"Assa\u00ed deve anunciar seu follow-on, Santander (SANB11) vende fatia da Webmotors e a queda no lucro da dona da Riachuelo, dona da Riachuelo","og_url":"https:\/\/www.suno.com.br\/noticias\/radar-assai-asai3-santander-sanb11-guararapes-guar3\/","og_site_name":"Suno Not\u00edcias","article_publisher":"https:\/\/facebook.com\/sunoresearch","og_image":[{"width":1476,"height":983,"url":"https:\/\/files.sunoresearch.com.br\/n\/uploads\/2021\/03\/f010c806-assai-inaugura-loja-baixada.jpg","type":"image\/jpeg"}],"author":"Vanessa Loiola","twitter_card":"summary_large_image","twitter_creator":"@sunoresearch","twitter_site":"@sunoresearch","twitter_misc":{"Escrito por":"Vanessa Loiola","Est. tempo de leitura":"17 minutos"},"schema":{"@context":"https:\/\/schema.org","@graph":[{"@type":"NewsArticle","@id":"https:\/\/www.suno.com.br\/noticias\/radar-assai-asai3-santander-sanb11-guararapes-guar3\/#article","isPartOf":{"@id":"https:\/\/www.suno.com.br\/noticias\/radar-assai-asai3-santander-sanb11-guararapes-guar3\/"},"author":{"name":"Vanessa Loiola","@id":"https:\/\/www.suno.com.br\/noticias\/#\/schema\/person\/450c455ecff319bab1f1a0e643451479"},"headline":"Radar: follow-on do Assa\u00ed (ASAI3), Santander (SANB11) anuncia venda bilion\u00e1ria e a queda no lucro da Guararapes (GUAR3), dona da Riachuelo","datePublished":"2023-03-09T01:16:28+00:00","dateModified":"2023-03-09T01:16:46+00:00","mainEntityOfPage":{"@id":"https:\/\/www.suno.com.br\/noticias\/radar-assai-asai3-santander-sanb11-guararapes-guar3\/"},"wordCount":3218,"publisher":{"@id":"https:\/\/www.suno.com.br\/noticias\/#organization"},"image":{"@id":"https:\/\/www.suno.com.br\/noticias\/radar-assai-asai3-santander-sanb11-guararapes-guar3\/#primaryimage"},"thumbnailUrl":"https:\/\/files.sunoresearch.com.br\/n\/uploads\/2021\/03\/f010c806-assai-inaugura-loja-baixada.jpg","keywords":["Assa\u00ed (ASAI3)","Cogna (COGN3)","Gol Linhas A\u00e9reas (GOLL11\/GOLL4)","Guararapes (GUAR3)","Ita\u00fa Unibanco (ITUB3\/ITUB4)","Nubank (NUBR33)","Petrobras (PETR4)","Raia Drogasil (RADL3)","Santander (SANB11\/SANB3\/SANB4)","Vale (VALE3)"],"articleSection":["Neg\u00f3cios"],"inLanguage":"pt-BR"},{"@type":"WebPage","@id":"https:\/\/www.suno.com.br\/noticias\/radar-assai-asai3-santander-sanb11-guararapes-guar3\/","url":"https:\/\/www.suno.com.br\/noticias\/radar-assai-asai3-santander-sanb11-guararapes-guar3\/","name":"Radar: follow-on do Assa\u00ed (ASAI3), Santander (SANB11) anuncia venda bilion\u00e1ria e a queda no lucro da Guararapes (GUAR3)","isPartOf":{"@id":"https:\/\/www.suno.com.br\/noticias\/#website"},"primaryImageOfPage":{"@id":"https:\/\/www.suno.com.br\/noticias\/radar-assai-asai3-santander-sanb11-guararapes-guar3\/#primaryimage"},"image":{"@id":"https:\/\/www.suno.com.br\/noticias\/radar-assai-asai3-santander-sanb11-guararapes-guar3\/#primaryimage"},"thumbnailUrl":"https:\/\/files.sunoresearch.com.br\/n\/uploads\/2021\/03\/f010c806-assai-inaugura-loja-baixada.jpg","datePublished":"2023-03-09T01:16:28+00:00","dateModified":"2023-03-09T01:16:46+00:00","description":"Assa\u00ed deve anunciar seu follow-on, Santander (SANB11) vende fatia da Webmotors e a queda no lucro da dona da Riachuelo, dona da Riachuelo","breadcrumb":{"@id":"https:\/\/www.suno.com.br\/noticias\/radar-assai-asai3-santander-sanb11-guararapes-guar3\/#breadcrumb"},"inLanguage":"pt-BR","potentialAction":[{"@type":"ReadAction","target":["https:\/\/www.suno.com.br\/noticias\/radar-assai-asai3-santander-sanb11-guararapes-guar3\/"]}]},{"@type":"ImageObject","inLanguage":"pt-BR","@id":"https:\/\/www.suno.com.br\/noticias\/radar-assai-asai3-santander-sanb11-guararapes-guar3\/#primaryimage","url":"https:\/\/files.sunoresearch.com.br\/n\/uploads\/2021\/03\/f010c806-assai-inaugura-loja-baixada.jpg","contentUrl":"https:\/\/files.sunoresearch.com.br\/n\/uploads\/2021\/03\/f010c806-assai-inaugura-loja-baixada.jpg","width":1476,"height":983,"caption":"Unidade do Assa\u00ed no Rio de Janeiro. Foto: Divulga\u00e7\u00e3o."},{"@type":"BreadcrumbList","@id":"https:\/\/www.suno.com.br\/noticias\/radar-assai-asai3-santander-sanb11-guararapes-guar3\/#breadcrumb","itemListElement":[{"@type":"ListItem","position":1,"name":"Not\u00edcias","item":"https:\/\/www.suno.com.br\/noticias\/"},{"@type":"ListItem","position":2,"name":"Neg\u00f3cios","item":"https:\/\/www.suno.com.br\/noticias\/negocios\/"},{"@type":"ListItem","position":3,"name":"Radar: follow-on do Assa\u00ed (ASAI3), Santander (SANB11) anuncia venda bilion\u00e1ria e a queda no lucro da Guararapes (GUAR3), dona da Riachuelo"}]},{"@type":"WebSite","@id":"https:\/\/www.suno.com.br\/noticias\/#website","url":"https:\/\/www.suno.com.br\/noticias\/","name":"Suno Not\u00edcias","description":"Seu portal de informa\u00e7\u00e3o sobre o mundo dos investimentos","publisher":{"@id":"https:\/\/www.suno.com.br\/noticias\/#organization"},"potentialAction":[{"@type":"SearchAction","target":{"@type":"EntryPoint","urlTemplate":"https:\/\/www.suno.com.br\/noticias\/?s={search_term_string}"},"query-input":{"@type":"PropertyValueSpecification","valueRequired":true,"valueName":"search_term_string"}}],"inLanguage":"pt-BR"},{"@type":"Organization","@id":"https:\/\/www.suno.com.br\/noticias\/#organization","name":"Suno Not\u00edcias","url":"https:\/\/www.suno.com.br\/noticias\/","logo":{"@type":"ImageObject","inLanguage":"pt-BR","@id":"https:\/\/www.suno.com.br\/noticias\/#\/schema\/logo\/image\/","url":"https:\/\/files.sunoresearch.com.br\/n\/uploads\/2021\/09\/suno-logo.png","contentUrl":"https:\/\/files.sunoresearch.com.br\/n\/uploads\/2021\/09\/suno-logo.png","width":180,"height":180,"caption":"Suno Not\u00edcias"},"image":{"@id":"https:\/\/www.suno.com.br\/noticias\/#\/schema\/logo\/image\/"},"sameAs":["https:\/\/facebook.com\/sunoresearch","https:\/\/x.com\/sunoresearch","https:\/\/www.instagram.com\/suno","https:\/\/www.linkedin.com\/company\/suno-research\/","https:\/\/www.youtube.com\/c\/sunoresearch"]},{"@type":"Person","@id":"https:\/\/www.suno.com.br\/noticias\/#\/schema\/person\/450c455ecff319bab1f1a0e643451479","name":"Vanessa Loiola","image":{"@type":"ImageObject","inLanguage":"pt-BR","@id":"https:\/\/www.suno.com.br\/noticias\/#\/schema\/person\/image\/","url":"https:\/\/secure.gravatar.com\/avatar\/8b41117f9780831919eb38da349c3f20?s=96&r=g","contentUrl":"https:\/\/secure.gravatar.com\/avatar\/8b41117f9780831919eb38da349c3f20?s=96&r=g","caption":"Vanessa Loiola"},"description":"Jornalista formada pela PUC-SP, com experi\u00eancia na cobertura das editorias de economia, finan\u00e7as, bolsa de valores, pol\u00edtica, energia solar e entretenimento. Com passagem pela BM&amp;C News e RedeTV!","url":"https:\/\/www.suno.com.br\/noticias\/author\/vanessal-loiolagmail-com\/"}]}},"default_loop_html":"<div class=\"cardsPage__listCard__boxs\"><div class=\"cardsPage__listCard__boxs__img\"><a href=\"https:\/\/www.suno.com.br\/noticias\/radar-assai-asai3-santander-sanb11-guararapes-guar3\/\"><img class=\"mask\" src=\"https:\/\/www.suno.com.br\/noticias\/wp-content\/themes\/suno\/resources\/images\/spotlight\/spotlight1img\/bg-mask.png\" alt=\"Image Mask\"\/><img src=\"https:\/\/files.sunoresearch.com.br\/n\/uploads\/2021\/03\/f010c806-assai-inaugura-loja-baixada-400x200.webp\" alt=\"Radar: follow-on do Assa\u00ed (ASAI3), Santander (SANB11) anuncia venda bilion\u00e1ria e a queda no lucro da Guararapes (GUAR3), dona da Riachuelo\"\/><\/a><span class=\"spotlightCategory\"><a href=\"https:\/\/www.suno.com.br\/noticias\/negocios\/\">Neg\u00f3cios<\/a><\/span><\/div><div class=\"cardsPage__listCard__boxs__content\"><a href=\"https:\/\/www.suno.com.br\/noticias\/radar-assai-asai3-santander-sanb11-guararapes-guar3\/\"><h2 class=\"content__title\">Radar: follow-on do Assa\u00ed (ASAI3), Santander (SANB11) anuncia venda bilion\u00e1ria e a queda no lucro da Guararapes (GUAR3), dona da Riachuelo<\/h2><\/a><div class=\"newsContent__article__meta\"><div class=\"newsContent__article__meta__authorBox\"><a href=\"https:\/\/www.suno.com.br\/noticias\/author\/vanessal-loiolagmail-com\/\" class=\"authorBox__avatar noMobi\"><img src=\"https:\/\/secure.gravatar.com\/avatar\/8b41117f9780831919eb38da349c3f20?s=96&#038;r=g\" alt=\"Vanessa Loiola\"><\/a><div class=\"authorBox__name\"><span>por\n\t\t\t<a href=\"https:\/\/www.suno.com.br\/noticias\/author\/vanessal-loiolagmail-com\/\"><span itemprop=\"author\">Vanessa Loiola<\/span><\/a><\/span><time datetime=\"2023-03-08T22:16:28-03:00\" itemprop=\"datePublished\">08\/03\/2023 22:16<\/time><\/div><\/div><\/div><\/div><\/div>","single_layout":"posts","amp_enabled":true,"_links":{"self":[{"href":"https:\/\/www.suno.com.br\/noticias\/wp-json\/wp\/v2\/posts\/374006"}],"collection":[{"href":"https:\/\/www.suno.com.br\/noticias\/wp-json\/wp\/v2\/posts"}],"about":[{"href":"https:\/\/www.suno.com.br\/noticias\/wp-json\/wp\/v2\/types\/post"}],"author":[{"embeddable":true,"href":"https:\/\/www.suno.com.br\/noticias\/wp-json\/wp\/v2\/users\/227"}],"replies":[{"embeddable":true,"href":"https:\/\/www.suno.com.br\/noticias\/wp-json\/wp\/v2\/comments?post=374006"}],"version-history":[{"count":2,"href":"https:\/\/www.suno.com.br\/noticias\/wp-json\/wp\/v2\/posts\/374006\/revisions"}],"predecessor-version":[{"id":374071,"href":"https:\/\/www.suno.com.br\/noticias\/wp-json\/wp\/v2\/posts\/374006\/revisions\/374071"}],"wp:featuredmedia":[{"embeddable":true,"href":"https:\/\/www.suno.com.br\/noticias\/wp-json\/wp\/v2\/media\/127513"}],"wp:attachment":[{"href":"https:\/\/www.suno.com.br\/noticias\/wp-json\/wp\/v2\/media?parent=374006"}],"wp:term":[{"taxonomy":"category","embeddable":true,"href":"https:\/\/www.suno.com.br\/noticias\/wp-json\/wp\/v2\/categories?post=374006"},{"taxonomy":"post_tag","embeddable":true,"href":"https:\/\/www.suno.com.br\/noticias\/wp-json\/wp\/v2\/tags?post=374006"},{"taxonomy":"suno_strategy","embeddable":true,"href":"https:\/\/www.suno.com.br\/noticias\/wp-json\/wp\/v2\/suno_strategy?post=374006"}],"curies":[{"name":"wp","href":"https:\/\/api.w.org\/{rel}","templated":true}]}}