{"id":37375,"date":"2019-09-12T15:05:20","date_gmt":"2019-09-12T18:05:20","guid":{"rendered":"https:\/\/www.suno.com.br\/noticias\/?p=37375"},"modified":"2021-02-17T19:38:06","modified_gmt":"2021-02-17T22:38:06","slug":"e-commerce-registra-alta-10-durante-andamento-semana-brasil","status":"publish","type":"post","link":"https:\/\/www.suno.com.br\/noticias\/e-commerce-registra-alta-10-durante-andamento-semana-brasil\/","title":{"rendered":"E-commerce registra alta de 10% durante andamento da Semana do Brasil"},"content":{"rendered":"<p>A Semana do Brasil come\u00e7ou com bons resultados para o com\u00e9rcio eletr\u00f4nico. A ideia do governo de criar uma esp\u00e9cie de &#8220;<strong>Black<\/strong> <strong>Friday<\/strong>&#8221; durante a semana do dia <strong>7 de setembro<\/strong> foi divulgada no m\u00eas de julho. O <strong>e-commerce<\/strong> brasileiro j\u00e1 registrou um avan\u00e7o de 10% nas vendas.<\/p>\t<div class=\"wrapper-featured-image\">\n\t\t<figure class=\"spotlightImg\">\n\n\t\t\t<picture>\n\t\t\t\t<source media=\"(max-width: 768px)\" srcset=\"https:\/\/files.sunoresearch.com.br\/n\/uploads\/2019\/09\/b3fe3d8e-ecommerce-400x200.webp\">\n\t\t\t\t<img loading=\"lazy\" decoding=\"async\" class=\"newsContent__article__imgCapa lazyloadDisabled newsContent__article__imgCapa--noCaption\" src=\"https:\/\/files.sunoresearch.com.br\/n\/uploads\/2019\/09\/b3fe3d8e-ecommerce-800x450.webp\" width=\"800\" height=\"450\" alt=\"E-commerce registra alta de 10% durante andamento da Semana do Brasil\" fetchpriority=high \/>\n\t\t\t<\/picture>\n\n\t\t\t<figcaption class=\"wp-caption-text wp-caption-text--hide\">Semana do Brasil<\/figcaption>\n\t\t<\/figure>\n\t<\/div>\n\n\n\n<p>Entre os dias 6 e 10 de setembro, o <strong>com\u00e9rcio<\/strong> <strong>eletr\u00f4nico<\/strong> obteve uma fatura de R$ 1,1 bilh\u00e3o. O valor foi 37,6% maior do que o do mesmo per\u00edodo do ano passado. Os dados s\u00e3o da Compre e Confie, companhia de intelig\u00eancia de mercado.<\/p>\n<p>A Compre e Confie estima que a alta real do e-commerce na <strong>Semana<\/strong> <strong>do Brasil<\/strong> foi de 8% a 10%, desconsiderando o crescimento esperado do varejo sem esta nova a\u00e7\u00e3o. Em compara\u00e7\u00e3o com a semana anterior a da Semana do Brasil, foram 18,1% pedidos online a mais e o faturamento cresceu 21,2%. Nos primeiros quatro dias da nova &#8220;<strong>Black<\/strong> <strong>Friday<\/strong> <strong>brasileira<\/strong>&#8220;, foram registradas 2,8 bilh\u00f5es de compras online.<\/p>\n\t<p>\n\t\t<a href=\"https:\/\/lp.suno.com.br\/ebook-como-analisar-uma-acao\/\" target=\"_blank\" data-element=\"shortcode-suno-banner\" title=\"Banner SUNO, clique e saiba mais\">\n\t\t\t<picture>\n\t\t\t\t<source media=\"(max-width: 500px)\" srcset=\"https:\/\/files.sunoresearch.com.br\/n\/uploads\/2023\/03\/Ebook-Acoes-Mobile-1.jpg\">\n\t\t\t\t<img class=\"newsContent__article__imgCapa newsContent__article__imgCapa--banner\"\n\t\t\t\t\tsrc=\"https:\/\/files.sunoresearch.com.br\/n\/uploads\/2023\/03\/Ebook-Acoes-Desktop-1.jpg\"\n\t\t\t\t\tdata-promo-id=\"171998\"\t\t\t\t\t\t\t\t\t\twidth='1420' height='286'\t\t\t\t\talt=\"https:\/\/files.sunoresearch.com.br\/n\/uploads\/2023\/03\/Ebook-Acoes-Desktop-1.jpg\"\n\t\t\t\t>\n\t\t\t<\/picture>\n\t\t<\/a>\n\t<\/p>\n\n\n<p>A Semana do Brasil termina nesta sexta-feira (13) e os resultados ainda podem apresentar quedas ou avan\u00e7os. Al\u00e9m de varejistas, o programa de incentivo criado pelo governo conta com bancos, incorporadoras, locadoras e empresas de outros setores.<\/p>\n<p>A ideia da semana criada pelo governo \u00e9 a de estimular o consumo em uma \u00e9poca considerada &#8220;parada&#8221; para vendas do varejo.<\/p>\n<p><a href=\"https:\/\/www.suno.com.br\/noticias\/conversao-acoes-banco-inter-units-termina\/\">Veja tamb\u00e9m: Convers\u00e3o de a\u00e7\u00f5es do Banco Inter em units termina nesta sexta<\/a><\/p>\n<h2>Caixa participa da Semana do Brasil<\/h2>\n<p>A Caixa Econ\u00f4mica Federal est\u00e1 participando da <strong>Semana do Brasil<\/strong>. Durante o per\u00edodo do evento, a <strong>Caixa<\/strong> est\u00e1 oferecendo <strong>descontos<\/strong> nas taxas cobradas em algumas de suas opera\u00e7\u00f5es. Al\u00e9m disso, a institui\u00e7\u00e3o financeira anunciou outras vantagens para seus clientes <a href=\"https:\/\/www.suno.com.br\/artigos\/pessoa-fisica\/\">pessoa f\u00edsica<\/a>.<\/p>\n<p>Segundo o presidente do banco, Pedro Guimar\u00e3es, a proposta da campanha est\u00e1 alinhada com o intuito da institui\u00e7\u00e3o. Dessa forma, para Guimar\u00e3es, ambas buscam apresentar condi\u00e7\u00f5es mais atrativas para os consumidores.<\/p>\n<p>\u201cUm dos principais objetivos da a\u00e7\u00e3o [<strong>Semana<\/strong> <strong>do<\/strong> <strong>Brasil<\/strong>] \u00e9 estimular o <strong>varejo<\/strong> <strong>brasileiro<\/strong>, com condi\u00e7\u00f5es vantajosas para os consumidores, criando mais um grande evento que estimule a economia e contribua com a gera\u00e7\u00e3o de novas oportunidades de trabalho\u201d, afirmou o presidente da <strong>Caixa<\/strong>.<\/p>\n","protected":false},"excerpt":{"rendered":"<p>A Semana do Brasil come\u00e7ou com bons resultados para o com\u00e9rcio eletr\u00f4nico. A ideia do governo de criar uma esp\u00e9cie de &#8220;Black Friday&#8221; durante a semana do dia 7 de setembro foi divulgada no m\u00eas de julho. O e-commerce brasileiro j\u00e1 registrou um avan\u00e7o de 10% nas vendas. Semana do Brasil Entre os dias 6 [&hellip;]<\/p>\n","protected":false},"author":19,"featured_media":37391,"comment_status":"closed","ping_status":"closed","sticky":false,"template":"","format":"standard","meta":[],"categories":[64],"tags":[2073,803],"suno_strategy":[],"class_list":["post-37375","post","type-post","status-publish","format-standard","has-post-thumbnail","hentry","category-negocios","tag-e-commerce","tag-varejo"],"yoast_head":"<!-- This site is optimized with the Yoast SEO plugin v24.4 - https:\/\/yoast.com\/wordpress\/plugins\/seo\/ -->\n<title>E-commerce registra alta de 10% durante andamento da Semana do Brasil<\/title>\n<meta name=\"description\" content=\"A Semana do Brasil come\u00e7ou com bons resultados para o com\u00e9rcio eletr\u00f4nico. O e-commerce registrou avan\u00e7o de 10% nas vendas. Saiba mais.\" \/>\n<meta name=\"robots\" content=\"index, follow, max-snippet:-1, max-image-preview:large, max-video-preview:-1\" \/>\n<link rel=\"canonical\" href=\"https:\/\/www.suno.com.br\/noticias\/e-commerce-registra-alta-10-durante-andamento-semana-brasil\/\" \/>\n<meta property=\"og:locale\" content=\"pt_BR\" \/>\n<meta property=\"og:type\" content=\"article\" \/>\n<meta property=\"og:title\" content=\"E-commerce registra alta de 10% durante andamento da Semana do Brasil\" \/>\n<meta property=\"og:description\" content=\"A Semana do Brasil come\u00e7ou com bons resultados para o com\u00e9rcio eletr\u00f4nico. O e-commerce registrou avan\u00e7o de 10% nas vendas. Saiba mais.\" \/>\n<meta property=\"og:url\" content=\"https:\/\/www.suno.com.br\/noticias\/e-commerce-registra-alta-10-durante-andamento-semana-brasil\/\" \/>\n<meta property=\"og:site_name\" content=\"Suno Not\u00edcias\" \/>\n<meta property=\"article:publisher\" content=\"https:\/\/facebook.com\/sunoresearch\" \/>\n<meta property=\"og:image\" content=\"https:\/\/files.sunoresearch.com.br\/n\/uploads\/2019\/09\/b3fe3d8e-ecommerce.jpg\" \/>\n\t<meta property=\"og:image:width\" content=\"1280\" \/>\n\t<meta property=\"og:image:height\" content=\"727\" \/>\n\t<meta property=\"og:image:type\" content=\"image\/jpeg\" \/>\n<meta name=\"author\" content=\"Juliano Passaro\" \/>\n<meta name=\"twitter:card\" content=\"summary_large_image\" \/>\n<meta name=\"twitter:creator\" content=\"@sunoresearch\" \/>\n<meta name=\"twitter:site\" content=\"@sunoresearch\" \/>\n<meta name=\"twitter:label1\" content=\"Escrito por\" \/>\n\t<meta name=\"twitter:data1\" content=\"Juliano Passaro\" \/>\n\t<meta name=\"twitter:label2\" content=\"Est. tempo de leitura\" \/>\n\t<meta name=\"twitter:data2\" content=\"2 minutos\" \/>\n<script type=\"application\/ld+json\" class=\"yoast-schema-graph\">{\"@context\":\"https:\/\/schema.org\",\"@graph\":[{\"@type\":\"NewsArticle\",\"@id\":\"https:\/\/www.suno.com.br\/noticias\/e-commerce-registra-alta-10-durante-andamento-semana-brasil\/#article\",\"isPartOf\":{\"@id\":\"https:\/\/www.suno.com.br\/noticias\/e-commerce-registra-alta-10-durante-andamento-semana-brasil\/\"},\"author\":{\"name\":\"Juliano Passaro\",\"@id\":\"https:\/\/www.suno.com.br\/noticias\/#\/schema\/person\/1db762f78ffd8919a648a63e425953e3\"},\"headline\":\"E-commerce registra alta de 10% durante andamento da Semana do Brasil\",\"datePublished\":\"2019-09-12T18:05:20+00:00\",\"dateModified\":\"2021-02-17T22:38:06+00:00\",\"mainEntityOfPage\":{\"@id\":\"https:\/\/www.suno.com.br\/noticias\/e-commerce-registra-alta-10-durante-andamento-semana-brasil\/\"},\"wordCount\":388,\"publisher\":{\"@id\":\"https:\/\/www.suno.com.br\/noticias\/#organization\"},\"image\":{\"@id\":\"https:\/\/www.suno.com.br\/noticias\/e-commerce-registra-alta-10-durante-andamento-semana-brasil\/#primaryimage\"},\"thumbnailUrl\":\"https:\/\/files.sunoresearch.com.br\/n\/uploads\/2019\/09\/b3fe3d8e-ecommerce.jpg\",\"keywords\":[\"e-commerce\",\"varejo\"],\"articleSection\":[\"Neg\u00f3cios\"],\"inLanguage\":\"pt-BR\"},{\"@type\":\"WebPage\",\"@id\":\"https:\/\/www.suno.com.br\/noticias\/e-commerce-registra-alta-10-durante-andamento-semana-brasil\/\",\"url\":\"https:\/\/www.suno.com.br\/noticias\/e-commerce-registra-alta-10-durante-andamento-semana-brasil\/\",\"name\":\"E-commerce registra alta de 10% durante andamento da Semana do Brasil\",\"isPartOf\":{\"@id\":\"https:\/\/www.suno.com.br\/noticias\/#website\"},\"primaryImageOfPage\":{\"@id\":\"https:\/\/www.suno.com.br\/noticias\/e-commerce-registra-alta-10-durante-andamento-semana-brasil\/#primaryimage\"},\"image\":{\"@id\":\"https:\/\/www.suno.com.br\/noticias\/e-commerce-registra-alta-10-durante-andamento-semana-brasil\/#primaryimage\"},\"thumbnailUrl\":\"https:\/\/files.sunoresearch.com.br\/n\/uploads\/2019\/09\/b3fe3d8e-ecommerce.jpg\",\"datePublished\":\"2019-09-12T18:05:20+00:00\",\"dateModified\":\"2021-02-17T22:38:06+00:00\",\"description\":\"A Semana do Brasil come\u00e7ou com bons resultados para o com\u00e9rcio eletr\u00f4nico. O e-commerce registrou avan\u00e7o de 10% nas vendas. Saiba mais.\",\"breadcrumb\":{\"@id\":\"https:\/\/www.suno.com.br\/noticias\/e-commerce-registra-alta-10-durante-andamento-semana-brasil\/#breadcrumb\"},\"inLanguage\":\"pt-BR\",\"potentialAction\":[{\"@type\":\"ReadAction\",\"target\":[\"https:\/\/www.suno.com.br\/noticias\/e-commerce-registra-alta-10-durante-andamento-semana-brasil\/\"]}]},{\"@type\":\"ImageObject\",\"inLanguage\":\"pt-BR\",\"@id\":\"https:\/\/www.suno.com.br\/noticias\/e-commerce-registra-alta-10-durante-andamento-semana-brasil\/#primaryimage\",\"url\":\"https:\/\/files.sunoresearch.com.br\/n\/uploads\/2019\/09\/b3fe3d8e-ecommerce.jpg\",\"contentUrl\":\"https:\/\/files.sunoresearch.com.br\/n\/uploads\/2019\/09\/b3fe3d8e-ecommerce.jpg\",\"width\":1280,\"height\":727,\"caption\":\"Semana do Brasil\"},{\"@type\":\"BreadcrumbList\",\"@id\":\"https:\/\/www.suno.com.br\/noticias\/e-commerce-registra-alta-10-durante-andamento-semana-brasil\/#breadcrumb\",\"itemListElement\":[{\"@type\":\"ListItem\",\"position\":1,\"name\":\"Not\u00edcias\",\"item\":\"https:\/\/www.suno.com.br\/noticias\/\"},{\"@type\":\"ListItem\",\"position\":2,\"name\":\"Neg\u00f3cios\",\"item\":\"https:\/\/www.suno.com.br\/noticias\/negocios\/\"},{\"@type\":\"ListItem\",\"position\":3,\"name\":\"E-commerce registra alta de 10% durante andamento da Semana do Brasil\"}]},{\"@type\":\"WebSite\",\"@id\":\"https:\/\/www.suno.com.br\/noticias\/#website\",\"url\":\"https:\/\/www.suno.com.br\/noticias\/\",\"name\":\"Suno Not\u00edcias\",\"description\":\"Seu portal de informa\u00e7\u00e3o sobre o mundo dos investimentos\",\"publisher\":{\"@id\":\"https:\/\/www.suno.com.br\/noticias\/#organization\"},\"potentialAction\":[{\"@type\":\"SearchAction\",\"target\":{\"@type\":\"EntryPoint\",\"urlTemplate\":\"https:\/\/www.suno.com.br\/noticias\/?s={search_term_string}\"},\"query-input\":{\"@type\":\"PropertyValueSpecification\",\"valueRequired\":true,\"valueName\":\"search_term_string\"}}],\"inLanguage\":\"pt-BR\"},{\"@type\":\"Organization\",\"@id\":\"https:\/\/www.suno.com.br\/noticias\/#organization\",\"name\":\"Suno Not\u00edcias\",\"url\":\"https:\/\/www.suno.com.br\/noticias\/\",\"logo\":{\"@type\":\"ImageObject\",\"inLanguage\":\"pt-BR\",\"@id\":\"https:\/\/www.suno.com.br\/noticias\/#\/schema\/logo\/image\/\",\"url\":\"https:\/\/files.sunoresearch.com.br\/n\/uploads\/2021\/09\/suno-logo.png\",\"contentUrl\":\"https:\/\/files.sunoresearch.com.br\/n\/uploads\/2021\/09\/suno-logo.png\",\"width\":180,\"height\":180,\"caption\":\"Suno Not\u00edcias\"},\"image\":{\"@id\":\"https:\/\/www.suno.com.br\/noticias\/#\/schema\/logo\/image\/\"},\"sameAs\":[\"https:\/\/facebook.com\/sunoresearch\",\"https:\/\/x.com\/sunoresearch\",\"https:\/\/www.instagram.com\/suno\",\"https:\/\/www.linkedin.com\/company\/suno-research\/\",\"https:\/\/www.youtube.com\/c\/sunoresearch\"]},{\"@type\":\"Person\",\"@id\":\"https:\/\/www.suno.com.br\/noticias\/#\/schema\/person\/1db762f78ffd8919a648a63e425953e3\",\"name\":\"Juliano Passaro\",\"image\":{\"@type\":\"ImageObject\",\"inLanguage\":\"pt-BR\",\"@id\":\"https:\/\/www.suno.com.br\/noticias\/#\/schema\/person\/image\/\",\"url\":\"https:\/\/secure.gravatar.com\/avatar\/743d4df28eebf6dcc46b4ad03c319e92?s=96&r=g\",\"contentUrl\":\"https:\/\/secure.gravatar.com\/avatar\/743d4df28eebf6dcc46b4ad03c319e92?s=96&r=g\",\"caption\":\"Juliano Passaro\"},\"description\":\"Juliano Passaro escreve sobre pol\u00edtica, economia e neg\u00f3cios para o portal da Suno Research. Antes da Suno, trabalhou no Portal da Band. \u00c9 formado em jornalismo pela Universidade Presbiteriana Mackenzie.\",\"url\":\"https:\/\/www.suno.com.br\/noticias\/author\/juliano\/\"}]}<\/script>\n<!-- \/ Yoast SEO plugin. -->","yoast_head_json":{"title":"E-commerce registra alta de 10% durante andamento da Semana do Brasil","description":"A Semana do Brasil come\u00e7ou com bons resultados para o com\u00e9rcio eletr\u00f4nico. O e-commerce registrou avan\u00e7o de 10% nas vendas. Saiba mais.","robots":{"index":"index","follow":"follow","max-snippet":"max-snippet:-1","max-image-preview":"max-image-preview:large","max-video-preview":"max-video-preview:-1"},"canonical":"https:\/\/www.suno.com.br\/noticias\/e-commerce-registra-alta-10-durante-andamento-semana-brasil\/","og_locale":"pt_BR","og_type":"article","og_title":"E-commerce registra alta de 10% durante andamento da Semana do Brasil","og_description":"A Semana do Brasil come\u00e7ou com bons resultados para o com\u00e9rcio eletr\u00f4nico. O e-commerce registrou avan\u00e7o de 10% nas vendas. Saiba mais.","og_url":"https:\/\/www.suno.com.br\/noticias\/e-commerce-registra-alta-10-durante-andamento-semana-brasil\/","og_site_name":"Suno Not\u00edcias","article_publisher":"https:\/\/facebook.com\/sunoresearch","og_image":[{"width":1280,"height":727,"url":"https:\/\/files.sunoresearch.com.br\/n\/uploads\/2019\/09\/b3fe3d8e-ecommerce.jpg","type":"image\/jpeg"}],"author":"Juliano Passaro","twitter_card":"summary_large_image","twitter_creator":"@sunoresearch","twitter_site":"@sunoresearch","twitter_misc":{"Escrito por":"Juliano Passaro","Est. tempo de leitura":"2 minutos"},"schema":{"@context":"https:\/\/schema.org","@graph":[{"@type":"NewsArticle","@id":"https:\/\/www.suno.com.br\/noticias\/e-commerce-registra-alta-10-durante-andamento-semana-brasil\/#article","isPartOf":{"@id":"https:\/\/www.suno.com.br\/noticias\/e-commerce-registra-alta-10-durante-andamento-semana-brasil\/"},"author":{"name":"Juliano Passaro","@id":"https:\/\/www.suno.com.br\/noticias\/#\/schema\/person\/1db762f78ffd8919a648a63e425953e3"},"headline":"E-commerce registra alta de 10% durante andamento da Semana do Brasil","datePublished":"2019-09-12T18:05:20+00:00","dateModified":"2021-02-17T22:38:06+00:00","mainEntityOfPage":{"@id":"https:\/\/www.suno.com.br\/noticias\/e-commerce-registra-alta-10-durante-andamento-semana-brasil\/"},"wordCount":388,"publisher":{"@id":"https:\/\/www.suno.com.br\/noticias\/#organization"},"image":{"@id":"https:\/\/www.suno.com.br\/noticias\/e-commerce-registra-alta-10-durante-andamento-semana-brasil\/#primaryimage"},"thumbnailUrl":"https:\/\/files.sunoresearch.com.br\/n\/uploads\/2019\/09\/b3fe3d8e-ecommerce.jpg","keywords":["e-commerce","varejo"],"articleSection":["Neg\u00f3cios"],"inLanguage":"pt-BR"},{"@type":"WebPage","@id":"https:\/\/www.suno.com.br\/noticias\/e-commerce-registra-alta-10-durante-andamento-semana-brasil\/","url":"https:\/\/www.suno.com.br\/noticias\/e-commerce-registra-alta-10-durante-andamento-semana-brasil\/","name":"E-commerce registra alta de 10% durante andamento da Semana do Brasil","isPartOf":{"@id":"https:\/\/www.suno.com.br\/noticias\/#website"},"primaryImageOfPage":{"@id":"https:\/\/www.suno.com.br\/noticias\/e-commerce-registra-alta-10-durante-andamento-semana-brasil\/#primaryimage"},"image":{"@id":"https:\/\/www.suno.com.br\/noticias\/e-commerce-registra-alta-10-durante-andamento-semana-brasil\/#primaryimage"},"thumbnailUrl":"https:\/\/files.sunoresearch.com.br\/n\/uploads\/2019\/09\/b3fe3d8e-ecommerce.jpg","datePublished":"2019-09-12T18:05:20+00:00","dateModified":"2021-02-17T22:38:06+00:00","description":"A Semana do Brasil come\u00e7ou com bons resultados para o com\u00e9rcio eletr\u00f4nico. O e-commerce registrou avan\u00e7o de 10% nas vendas. Saiba mais.","breadcrumb":{"@id":"https:\/\/www.suno.com.br\/noticias\/e-commerce-registra-alta-10-durante-andamento-semana-brasil\/#breadcrumb"},"inLanguage":"pt-BR","potentialAction":[{"@type":"ReadAction","target":["https:\/\/www.suno.com.br\/noticias\/e-commerce-registra-alta-10-durante-andamento-semana-brasil\/"]}]},{"@type":"ImageObject","inLanguage":"pt-BR","@id":"https:\/\/www.suno.com.br\/noticias\/e-commerce-registra-alta-10-durante-andamento-semana-brasil\/#primaryimage","url":"https:\/\/files.sunoresearch.com.br\/n\/uploads\/2019\/09\/b3fe3d8e-ecommerce.jpg","contentUrl":"https:\/\/files.sunoresearch.com.br\/n\/uploads\/2019\/09\/b3fe3d8e-ecommerce.jpg","width":1280,"height":727,"caption":"Semana do Brasil"},{"@type":"BreadcrumbList","@id":"https:\/\/www.suno.com.br\/noticias\/e-commerce-registra-alta-10-durante-andamento-semana-brasil\/#breadcrumb","itemListElement":[{"@type":"ListItem","position":1,"name":"Not\u00edcias","item":"https:\/\/www.suno.com.br\/noticias\/"},{"@type":"ListItem","position":2,"name":"Neg\u00f3cios","item":"https:\/\/www.suno.com.br\/noticias\/negocios\/"},{"@type":"ListItem","position":3,"name":"E-commerce registra alta de 10% durante andamento da Semana do Brasil"}]},{"@type":"WebSite","@id":"https:\/\/www.suno.com.br\/noticias\/#website","url":"https:\/\/www.suno.com.br\/noticias\/","name":"Suno Not\u00edcias","description":"Seu portal de informa\u00e7\u00e3o sobre o mundo dos investimentos","publisher":{"@id":"https:\/\/www.suno.com.br\/noticias\/#organization"},"potentialAction":[{"@type":"SearchAction","target":{"@type":"EntryPoint","urlTemplate":"https:\/\/www.suno.com.br\/noticias\/?s={search_term_string}"},"query-input":{"@type":"PropertyValueSpecification","valueRequired":true,"valueName":"search_term_string"}}],"inLanguage":"pt-BR"},{"@type":"Organization","@id":"https:\/\/www.suno.com.br\/noticias\/#organization","name":"Suno Not\u00edcias","url":"https:\/\/www.suno.com.br\/noticias\/","logo":{"@type":"ImageObject","inLanguage":"pt-BR","@id":"https:\/\/www.suno.com.br\/noticias\/#\/schema\/logo\/image\/","url":"https:\/\/files.sunoresearch.com.br\/n\/uploads\/2021\/09\/suno-logo.png","contentUrl":"https:\/\/files.sunoresearch.com.br\/n\/uploads\/2021\/09\/suno-logo.png","width":180,"height":180,"caption":"Suno Not\u00edcias"},"image":{"@id":"https:\/\/www.suno.com.br\/noticias\/#\/schema\/logo\/image\/"},"sameAs":["https:\/\/facebook.com\/sunoresearch","https:\/\/x.com\/sunoresearch","https:\/\/www.instagram.com\/suno","https:\/\/www.linkedin.com\/company\/suno-research\/","https:\/\/www.youtube.com\/c\/sunoresearch"]},{"@type":"Person","@id":"https:\/\/www.suno.com.br\/noticias\/#\/schema\/person\/1db762f78ffd8919a648a63e425953e3","name":"Juliano Passaro","image":{"@type":"ImageObject","inLanguage":"pt-BR","@id":"https:\/\/www.suno.com.br\/noticias\/#\/schema\/person\/image\/","url":"https:\/\/secure.gravatar.com\/avatar\/743d4df28eebf6dcc46b4ad03c319e92?s=96&r=g","contentUrl":"https:\/\/secure.gravatar.com\/avatar\/743d4df28eebf6dcc46b4ad03c319e92?s=96&r=g","caption":"Juliano Passaro"},"description":"Juliano Passaro escreve sobre pol\u00edtica, economia e neg\u00f3cios para o portal da Suno Research. Antes da Suno, trabalhou no Portal da Band. \u00c9 formado em jornalismo pela Universidade Presbiteriana Mackenzie.","url":"https:\/\/www.suno.com.br\/noticias\/author\/juliano\/"}]}},"default_loop_html":"<div class=\"cardsPage__listCard__boxs\"><div class=\"cardsPage__listCard__boxs__img\"><a href=\"https:\/\/www.suno.com.br\/noticias\/e-commerce-registra-alta-10-durante-andamento-semana-brasil\/\"><img class=\"mask\" src=\"https:\/\/www.suno.com.br\/noticias\/wp-content\/themes\/suno\/resources\/images\/spotlight\/spotlight1img\/bg-mask.png\" alt=\"Image Mask\"\/><img src=\"https:\/\/files.sunoresearch.com.br\/n\/uploads\/2019\/09\/b3fe3d8e-ecommerce-400x200.webp\" alt=\"E-commerce registra alta de 10% durante andamento da Semana do Brasil\"\/><\/a><span class=\"spotlightCategory\"><a href=\"https:\/\/www.suno.com.br\/noticias\/negocios\/\">Neg\u00f3cios<\/a><\/span><\/div><div class=\"cardsPage__listCard__boxs__content\"><a href=\"https:\/\/www.suno.com.br\/noticias\/e-commerce-registra-alta-10-durante-andamento-semana-brasil\/\"><h2 class=\"content__title\">E-commerce registra alta de 10% durante andamento da Semana do Brasil<\/h2><\/a><div class=\"newsContent__article__meta\"><div class=\"newsContent__article__meta__authorBox\"><a href=\"https:\/\/www.suno.com.br\/noticias\/author\/juliano\/\" class=\"authorBox__avatar noMobi\"><img src=\"https:\/\/files.sunoresearch.com.br\/n\/uploads\/2019\/06\/7cc3efea-whatsapp-image-2019-07-18-at-21.59.33-e1563499821209-150x150.webp\" alt=\"Juliano Passaro\"><\/a><div class=\"authorBox__name\"><span>por\n\t\t\t<a href=\"https:\/\/www.suno.com.br\/noticias\/author\/juliano\/\"><span itemprop=\"author\">Juliano Passaro<\/span><\/a><\/span><time datetime=\"2019-09-12T15:05:20-03:00\" itemprop=\"datePublished\">12\/09\/2019 15:05<\/time><\/div><\/div><\/div><\/div><\/div>","single_layout":"posts","amp_enabled":true,"_links":{"self":[{"href":"https:\/\/www.suno.com.br\/noticias\/wp-json\/wp\/v2\/posts\/37375"}],"collection":[{"href":"https:\/\/www.suno.com.br\/noticias\/wp-json\/wp\/v2\/posts"}],"about":[{"href":"https:\/\/www.suno.com.br\/noticias\/wp-json\/wp\/v2\/types\/post"}],"author":[{"embeddable":true,"href":"https:\/\/www.suno.com.br\/noticias\/wp-json\/wp\/v2\/users\/19"}],"replies":[{"embeddable":true,"href":"https:\/\/www.suno.com.br\/noticias\/wp-json\/wp\/v2\/comments?post=37375"}],"version-history":[{"count":0,"href":"https:\/\/www.suno.com.br\/noticias\/wp-json\/wp\/v2\/posts\/37375\/revisions"}],"wp:featuredmedia":[{"embeddable":true,"href":"https:\/\/www.suno.com.br\/noticias\/wp-json\/wp\/v2\/media\/37391"}],"wp:attachment":[{"href":"https:\/\/www.suno.com.br\/noticias\/wp-json\/wp\/v2\/media?parent=37375"}],"wp:term":[{"taxonomy":"category","embeddable":true,"href":"https:\/\/www.suno.com.br\/noticias\/wp-json\/wp\/v2\/categories?post=37375"},{"taxonomy":"post_tag","embeddable":true,"href":"https:\/\/www.suno.com.br\/noticias\/wp-json\/wp\/v2\/tags?post=37375"},{"taxonomy":"suno_strategy","embeddable":true,"href":"https:\/\/www.suno.com.br\/noticias\/wp-json\/wp\/v2\/suno_strategy?post=37375"}],"curies":[{"name":"wp","href":"https:\/\/api.w.org\/{rel}","templated":true}]}}