{"id":37367,"date":"2019-09-12T13:00:31","date_gmt":"2019-09-12T16:00:31","guid":{"rendered":"https:\/\/www.suno.com.br\/noticias\/?p=37367"},"modified":"2019-09-12T13:00:31","modified_gmt":"2019-09-12T16:00:31","slug":"setor-de-servicos-tem-alta-diz-ibge","status":"publish","type":"post","link":"https:\/\/www.suno.com.br\/noticias\/setor-de-servicos-tem-alta-diz-ibge\/","title":{"rendered":"Setor de servi\u00e7os tem alta de 0,8% em julho, diz IBGE"},"content":{"rendered":"<div class=\"mc-column content-text active-extra-styles \" data-block-type=\"unstyled\" data-block-weight=\"35\" data-block-id=\"2\">\n<p class=\"content-text__container \" data-track-category=\"Link no Texto\" data-track-links=\"\">O setor de servi\u00e7os cresceu 0,8% no m\u00eas de julho, na compara\u00e7\u00e3o com o m\u00eas anterior. Dessa forma, foram eliminadas as perdas de junho, segundo divulgou nesta quinta-feira (12) o <strong>Instituto Brasileiro de Geografia e Estat\u00edstica (IBGE)<\/strong>.<\/p>\t<div class=\"wrapper-featured-image\">\n\t\t<figure class=\"spotlightImg\">\n\n\t\t\t<picture>\n\t\t\t\t<source media=\"(max-width: 768px)\" srcset=\"https:\/\/files.sunoresearch.com.br\/n\/uploads\/2019\/09\/96afd767-setor-de-servi\u00e7os-400x200.webp\">\n\t\t\t\t<img loading=\"lazy\" decoding=\"async\" class=\"newsContent__article__imgCapa lazyloadDisabled newsContent__article__imgCapa--noCaption\" src=\"https:\/\/files.sunoresearch.com.br\/n\/uploads\/2019\/09\/96afd767-setor-de-servi\u00e7os-800x450.webp\" width=\"800\" height=\"450\" alt=\"Setor de servi\u00e7os tem alta de 0,8% em julho, diz IBGE\" fetchpriority=high \/>\n\t\t\t<\/picture>\n\n\t\t\t<figcaption class=\"wp-caption-text wp-caption-text--hide\">Coronav\u00edrus: Senado votar\u00e1 linha de cr\u00e9dito especial para micro empresas<\/figcaption>\n\t\t<\/figure>\n\t<\/div>\n\n<div class=\"mc-column content-text active-extra-styles \" data-block-type=\"unstyled\" data-block-weight=\"35\" data-block-id=\"2\">\n<p class=\"content-text__container \" data-track-category=\"Link no Texto\" data-track-links=\"\">O setor de servi\u00e7os cresceu 0,8% no m\u00eas de julho, na compara\u00e7\u00e3o com o m\u00eas anterior. Dessa forma, foram eliminadas as perdas de junho, segundo divulgou nesta quinta-feira (12) o <strong>Instituto Brasileiro de Geografia e Estat\u00edstica (IBGE)<\/strong>.<\/p>\n<p data-track-category=\"Link no Texto\" data-track-links=\"\"><\/p>\n<\/div>\n<div class=\"wall protected-content\">\n<div class=\"mc-column content-text active-extra-styles \" data-block-type=\"unstyled\" data-block-weight=\"28\" data-block-id=\"3\">\n<div class=\"mc-column content-text active-extra-styles \" data-block-type=\"unstyled\" data-block-weight=\"28\" data-block-id=\"3\">\n<p class=\"content-text__container \" data-track-category=\"Link no Texto\" data-track-links=\"\">Essa \u00e9 a terceira alta de 2019 do <strong>setor de servi\u00e7os<\/strong>, a maior taxa desde dezembro e do melhor resultado para meses de julho desde 2011, quando houve o mesmo avan\u00e7o de 0,8%. <span style=\"font-size: 1.21429rem;\">Na compara\u00e7\u00e3o com o mesmo m\u00eas de 2018, a alta foi de 1,8% \u2013 quarta taxa positiva deste ano.<\/span><\/p>\n<\/div>\n<div class=\"mc-column content-text active-extra-styles \" data-block-type=\"unstyled\" data-block-weight=\"20\" data-block-id=\"4\">\n<p data-track-category=\"Link no Texto\" data-track-links=\"\">O <strong>IBGE<\/strong>, no entanto, diz que apesar do resultado positivo o setor ainda n\u00e3o demonstra estar numa trajet\u00f3ria de recupera\u00e7\u00e3o, encontrando-se 1,2% abaixo do patamar de dezembro de 2018, e 11,8% abaixo do ponto m\u00e1ximo, reportado em novembro 2014.<\/p>\n\n<\/p>\n<p data-track-category=\"Link no Texto\" data-track-links=\"\">&#8220;A taxa anualizada, indicador acumulado nos \u00faltimos doze meses, ao passar de 0,7% em junho para 0,9% em julho de 2019, assinalou ganho de ritmo, mas ainda n\u00e3o mostra trajet\u00f3ria clara de recupera\u00e7\u00e3o, j\u00e1 que em maio chegou a avan\u00e7ar 1,1%&#8221;, destacou o instituto nesta quinta-feira (12).<\/p>\n<p data-track-category=\"Link no Texto\" data-track-links=\"\">Segundo Rodrigo Lobo, gerente da pesquisa, o resultado de julho foi positivo, mas deve ser analisado com cautela, j\u00e1 que o m\u00eas de julho deste ano teve um dia \u00fatil a mais na compara\u00e7\u00e3o anual.<\/p>\n<p data-track-category=\"Link no Texto\" data-track-links=\"\">\t<p>\n\t\t<a href=\"https:\/\/lp.suno.com.br\/ebook-investindo-em-fiis\/\" target=\"_blank\" data-element=\"shortcode-suno-banner\" title=\"Banner SUNO, clique e saiba mais\">\n\t\t\t<picture>\n\t\t\t\t<source media=\"(max-width: 500px)\" srcset=\"https:\/\/files.sunoresearch.com.br\/n\/uploads\/2023\/03\/Ebook-Fundos-Imobiliarios-Mobile-1.jpg\">\n\t\t\t\t<img class=\"newsContent__article__imgCapa newsContent__article__imgCapa--banner\"\n\t\t\t\t\tsrc=\"https:\/\/files.sunoresearch.com.br\/n\/uploads\/2023\/03\/Ebook-Fundos-Imobiliarios-Desktop-1.jpg\"\n\t\t\t\t\tdata-promo-id=\"313843\"\t\t\t\t\t\t\t\t\t\twidth='1420' height='286'\t\t\t\t\talt=\"https:\/\/files.sunoresearch.com.br\/n\/uploads\/2023\/03\/Ebook-Fundos-Imobiliarios-Desktop-1.jpg\"\n\t\t\t\t>\n\t\t\t<\/picture>\n\t\t<\/a>\n\t<\/p>\n\n<\/p>\n<p data-track-category=\"Link no Texto\" data-track-links=\"\">De acordo com ele, desconsiderando esse efeito sazonal, o crescimento em compara\u00e7\u00e3o \u00e0 2018 neste mesmo per\u00edodo teria sido de 1,2%, e n\u00e3o 1,8% como reportado neste ano.<\/p>\n<h2 data-track-category=\"Link no Texto\">Setor de servi\u00e7os por categorias<\/h2>\n<p>Conforme o relat\u00f3rio do <strong>IBGE<\/strong>, tr\u00eas das cinco atividades estudadas registraram um crescimento na passagem de junho para julho, com destaque para as seguintes categorias:<\/p>\n<ul>\n<li>Servi\u00e7os de informa\u00e7\u00e3o e comunica\u00e7\u00e3o (alta de 1,8%)<\/li>\n<li>Outros servi\u00e7os (alta de 4,6%)<\/li>\n<li>Transportes, servi\u00e7os auxiliares aos transportes e correio (0,7%)<\/li>\n<\/ul>\n<p>Por outro lado, houve uma diminui\u00e7\u00e3o na taxa do ramo de servi\u00e7os profissionais, administrativos e complementares (-1,3%), al\u00e9m dos servi\u00e7os prestados \u00e0s fam\u00edlias (-0,5%).<\/p>\n<p><a href=\"https:\/\/www.suno.com.br\/noticias\/ministerio-economia-estima-alta-0847-pib-2019\/\">Confira: Minist\u00e9rio da Economia estima alta de 0,847% no PIB em 2019<\/a><\/p>\n<p>Segundo Logo, a recupera\u00e7\u00e3o ainda lenta do <strong>setor de servi\u00e7os<\/strong> \u00e9 agravada pelo desempenho do setor de transportes, que continua fraco, estando 2,8% menor do que em dezembro de 2018.<\/p>\n<\/div>\n<\/div>\n<\/div>\n","protected":false},"excerpt":{"rendered":"<p>O setor de servi\u00e7os cresceu 0,8% no m\u00eas de julho, na compara\u00e7\u00e3o com o m\u00eas anterior. Dessa forma, foram eliminadas as perdas de junho, segundo divulgou nesta quinta-feira (12) o Instituto Brasileiro de Geografia e Estat\u00edstica (IBGE). Coronav\u00edrus: Senado votar\u00e1 linha de cr\u00e9dito especial para micro empresas O setor de servi\u00e7os cresceu 0,8% no m\u00eas [&hellip;]<\/p>\n","protected":false},"author":24,"featured_media":37371,"comment_status":"closed","ping_status":"closed","sticky":false,"template":"","format":"standard","meta":[],"categories":[62],"tags":[740,821,1245],"suno_strategy":[],"class_list":["post-37367","post","type-post","status-publish","format-standard","has-post-thumbnail","hentry","category-economia","tag-economia","tag-ibge","tag-setor-de-servicos"],"yoast_head":"<!-- This site is optimized with the Yoast SEO plugin v24.4 - https:\/\/yoast.com\/wordpress\/plugins\/seo\/ -->\n<title>Setor de servi\u00e7os tem alta de 0,8% em julho, diz IBGE<\/title>\n<meta name=\"description\" content=\"O setor de servi\u00e7os cresceu 0,8% no m\u00eas de julho, na compara\u00e7\u00e3o com o m\u00eas anterior, diz o IBGE. Clique aqui e saiba mais.\" \/>\n<meta name=\"robots\" content=\"index, follow, max-snippet:-1, max-image-preview:large, max-video-preview:-1\" \/>\n<link rel=\"canonical\" href=\"https:\/\/www.suno.com.br\/noticias\/setor-de-servicos-tem-alta-diz-ibge\/\" \/>\n<meta property=\"og:locale\" content=\"pt_BR\" \/>\n<meta property=\"og:type\" content=\"article\" \/>\n<meta property=\"og:title\" content=\"Setor de servi\u00e7os tem alta de 0,8% em julho, diz IBGE\" \/>\n<meta property=\"og:description\" content=\"O setor de servi\u00e7os cresceu 0,8% no m\u00eas de julho, na compara\u00e7\u00e3o com o m\u00eas anterior, diz o IBGE. Clique aqui e saiba mais.\" \/>\n<meta property=\"og:url\" content=\"https:\/\/www.suno.com.br\/noticias\/setor-de-servicos-tem-alta-diz-ibge\/\" \/>\n<meta property=\"og:site_name\" content=\"Suno Not\u00edcias\" \/>\n<meta property=\"article:publisher\" content=\"https:\/\/facebook.com\/sunoresearch\" \/>\n<meta property=\"og:image\" content=\"https:\/\/files.sunoresearch.com.br\/n\/uploads\/2019\/09\/96afd767-setor-de-servi\u00e7os.jpg\" \/>\n\t<meta property=\"og:image:width\" content=\"1380\" \/>\n\t<meta property=\"og:image:height\" content=\"920\" \/>\n\t<meta property=\"og:image:type\" content=\"image\/jpeg\" \/>\n<meta name=\"author\" content=\"Jader Lazarini\" \/>\n<meta name=\"twitter:card\" content=\"summary_large_image\" \/>\n<meta name=\"twitter:creator\" content=\"@sunoresearch\" \/>\n<meta name=\"twitter:site\" content=\"@sunoresearch\" \/>\n<meta name=\"twitter:label1\" content=\"Escrito por\" \/>\n\t<meta name=\"twitter:data1\" content=\"Jader Lazarini\" \/>\n\t<meta name=\"twitter:label2\" content=\"Est. tempo de leitura\" \/>\n\t<meta name=\"twitter:data2\" content=\"2 minutos\" \/>\n<script type=\"application\/ld+json\" class=\"yoast-schema-graph\">{\"@context\":\"https:\/\/schema.org\",\"@graph\":[{\"@type\":\"NewsArticle\",\"@id\":\"https:\/\/www.suno.com.br\/noticias\/setor-de-servicos-tem-alta-diz-ibge\/#article\",\"isPartOf\":{\"@id\":\"https:\/\/www.suno.com.br\/noticias\/setor-de-servicos-tem-alta-diz-ibge\/\"},\"author\":{\"name\":\"Jader Lazarini\",\"@id\":\"https:\/\/www.suno.com.br\/noticias\/#\/schema\/person\/918d79de1f0281f01599b93f9ea6e23f\"},\"headline\":\"Setor de servi\u00e7os tem alta de 0,8% em julho, diz IBGE\",\"datePublished\":\"2019-09-12T16:00:31+00:00\",\"mainEntityOfPage\":{\"@id\":\"https:\/\/www.suno.com.br\/noticias\/setor-de-servicos-tem-alta-diz-ibge\/\"},\"wordCount\":390,\"publisher\":{\"@id\":\"https:\/\/www.suno.com.br\/noticias\/#organization\"},\"image\":{\"@id\":\"https:\/\/www.suno.com.br\/noticias\/setor-de-servicos-tem-alta-diz-ibge\/#primaryimage\"},\"thumbnailUrl\":\"https:\/\/files.sunoresearch.com.br\/n\/uploads\/2019\/09\/96afd767-setor-de-servi\u00e7os-jpg.webp\",\"keywords\":[\"Economia\",\"IBGE\",\"setor de servi\u00e7os\"],\"articleSection\":[\"Economia\"],\"inLanguage\":\"pt-BR\"},{\"@type\":\"WebPage\",\"@id\":\"https:\/\/www.suno.com.br\/noticias\/setor-de-servicos-tem-alta-diz-ibge\/\",\"url\":\"https:\/\/www.suno.com.br\/noticias\/setor-de-servicos-tem-alta-diz-ibge\/\",\"name\":\"Setor de servi\u00e7os tem alta de 0,8% em julho, diz IBGE\",\"isPartOf\":{\"@id\":\"https:\/\/www.suno.com.br\/noticias\/#website\"},\"primaryImageOfPage\":{\"@id\":\"https:\/\/www.suno.com.br\/noticias\/setor-de-servicos-tem-alta-diz-ibge\/#primaryimage\"},\"image\":{\"@id\":\"https:\/\/www.suno.com.br\/noticias\/setor-de-servicos-tem-alta-diz-ibge\/#primaryimage\"},\"thumbnailUrl\":\"https:\/\/files.sunoresearch.com.br\/n\/uploads\/2019\/09\/96afd767-setor-de-servi\u00e7os-jpg.webp\",\"datePublished\":\"2019-09-12T16:00:31+00:00\",\"description\":\"O setor de servi\u00e7os cresceu 0,8% no m\u00eas de julho, na compara\u00e7\u00e3o com o m\u00eas anterior, diz o IBGE. Clique aqui e saiba mais.\",\"breadcrumb\":{\"@id\":\"https:\/\/www.suno.com.br\/noticias\/setor-de-servicos-tem-alta-diz-ibge\/#breadcrumb\"},\"inLanguage\":\"pt-BR\",\"potentialAction\":[{\"@type\":\"ReadAction\",\"target\":[\"https:\/\/www.suno.com.br\/noticias\/setor-de-servicos-tem-alta-diz-ibge\/\"]}]},{\"@type\":\"ImageObject\",\"inLanguage\":\"pt-BR\",\"@id\":\"https:\/\/www.suno.com.br\/noticias\/setor-de-servicos-tem-alta-diz-ibge\/#primaryimage\",\"url\":\"https:\/\/files.sunoresearch.com.br\/n\/uploads\/2019\/09\/96afd767-setor-de-servi\u00e7os-jpg.webp\",\"contentUrl\":\"https:\/\/files.sunoresearch.com.br\/n\/uploads\/2019\/09\/96afd767-setor-de-servi\u00e7os-jpg.webp\",\"width\":1380,\"height\":920,\"caption\":\"Coronav\u00edrus: Senado votar\u00e1 linha de cr\u00e9dito especial para micro empresas\"},{\"@type\":\"BreadcrumbList\",\"@id\":\"https:\/\/www.suno.com.br\/noticias\/setor-de-servicos-tem-alta-diz-ibge\/#breadcrumb\",\"itemListElement\":[{\"@type\":\"ListItem\",\"position\":1,\"name\":\"Not\u00edcias\",\"item\":\"https:\/\/www.suno.com.br\/noticias\/\"},{\"@type\":\"ListItem\",\"position\":2,\"name\":\"Economia\",\"item\":\"https:\/\/www.suno.com.br\/noticias\/economia\/\"},{\"@type\":\"ListItem\",\"position\":3,\"name\":\"Setor de servi\u00e7os tem alta de 0,8% em julho, diz IBGE\"}]},{\"@type\":\"WebSite\",\"@id\":\"https:\/\/www.suno.com.br\/noticias\/#website\",\"url\":\"https:\/\/www.suno.com.br\/noticias\/\",\"name\":\"Suno Not\u00edcias\",\"description\":\"Seu portal de informa\u00e7\u00e3o sobre o mundo dos investimentos\",\"publisher\":{\"@id\":\"https:\/\/www.suno.com.br\/noticias\/#organization\"},\"potentialAction\":[{\"@type\":\"SearchAction\",\"target\":{\"@type\":\"EntryPoint\",\"urlTemplate\":\"https:\/\/www.suno.com.br\/noticias\/?s={search_term_string}\"},\"query-input\":{\"@type\":\"PropertyValueSpecification\",\"valueRequired\":true,\"valueName\":\"search_term_string\"}}],\"inLanguage\":\"pt-BR\"},{\"@type\":\"Organization\",\"@id\":\"https:\/\/www.suno.com.br\/noticias\/#organization\",\"name\":\"Suno Not\u00edcias\",\"url\":\"https:\/\/www.suno.com.br\/noticias\/\",\"logo\":{\"@type\":\"ImageObject\",\"inLanguage\":\"pt-BR\",\"@id\":\"https:\/\/www.suno.com.br\/noticias\/#\/schema\/logo\/image\/\",\"url\":\"https:\/\/files.sunoresearch.com.br\/n\/uploads\/2021\/09\/suno-logo.png\",\"contentUrl\":\"https:\/\/files.sunoresearch.com.br\/n\/uploads\/2021\/09\/suno-logo.png\",\"width\":180,\"height\":180,\"caption\":\"Suno Not\u00edcias\"},\"image\":{\"@id\":\"https:\/\/www.suno.com.br\/noticias\/#\/schema\/logo\/image\/\"},\"sameAs\":[\"https:\/\/facebook.com\/sunoresearch\",\"https:\/\/x.com\/sunoresearch\",\"https:\/\/www.instagram.com\/suno\",\"https:\/\/www.linkedin.com\/company\/suno-research\/\",\"https:\/\/www.youtube.com\/c\/sunoresearch\"]},{\"@type\":\"Person\",\"@id\":\"https:\/\/www.suno.com.br\/noticias\/#\/schema\/person\/918d79de1f0281f01599b93f9ea6e23f\",\"name\":\"Jader Lazarini\",\"image\":{\"@type\":\"ImageObject\",\"inLanguage\":\"pt-BR\",\"@id\":\"https:\/\/www.suno.com.br\/noticias\/#\/schema\/person\/image\/\",\"url\":\"https:\/\/secure.gravatar.com\/avatar\/3c1ad8caa51589841baeb923fcddea97?s=96&r=g\",\"contentUrl\":\"https:\/\/secure.gravatar.com\/avatar\/3c1ad8caa51589841baeb923fcddea97?s=96&r=g\",\"caption\":\"Jader Lazarini\"},\"description\":\"Jader Lazarini escreve sobre investimentos, finan\u00e7as, economia e neg\u00f3cios. \u00c9 bacharel em Rela\u00e7\u00f5es Internacionais e analista CNPI (2619).\",\"url\":\"https:\/\/www.suno.com.br\/noticias\/author\/jader-lazarini\/\"}]}<\/script>\n<!-- \/ Yoast SEO plugin. -->","yoast_head_json":{"title":"Setor de servi\u00e7os tem alta de 0,8% em julho, diz IBGE","description":"O setor de servi\u00e7os cresceu 0,8% no m\u00eas de julho, na compara\u00e7\u00e3o com o m\u00eas anterior, diz o IBGE. Clique aqui e saiba mais.","robots":{"index":"index","follow":"follow","max-snippet":"max-snippet:-1","max-image-preview":"max-image-preview:large","max-video-preview":"max-video-preview:-1"},"canonical":"https:\/\/www.suno.com.br\/noticias\/setor-de-servicos-tem-alta-diz-ibge\/","og_locale":"pt_BR","og_type":"article","og_title":"Setor de servi\u00e7os tem alta de 0,8% em julho, diz IBGE","og_description":"O setor de servi\u00e7os cresceu 0,8% no m\u00eas de julho, na compara\u00e7\u00e3o com o m\u00eas anterior, diz o IBGE. Clique aqui e saiba mais.","og_url":"https:\/\/www.suno.com.br\/noticias\/setor-de-servicos-tem-alta-diz-ibge\/","og_site_name":"Suno Not\u00edcias","article_publisher":"https:\/\/facebook.com\/sunoresearch","og_image":[{"width":1380,"height":920,"url":"https:\/\/files.sunoresearch.com.br\/n\/uploads\/2019\/09\/96afd767-setor-de-servi\u00e7os.jpg","type":"image\/jpeg"}],"author":"Jader Lazarini","twitter_card":"summary_large_image","twitter_creator":"@sunoresearch","twitter_site":"@sunoresearch","twitter_misc":{"Escrito por":"Jader Lazarini","Est. tempo de leitura":"2 minutos"},"schema":{"@context":"https:\/\/schema.org","@graph":[{"@type":"NewsArticle","@id":"https:\/\/www.suno.com.br\/noticias\/setor-de-servicos-tem-alta-diz-ibge\/#article","isPartOf":{"@id":"https:\/\/www.suno.com.br\/noticias\/setor-de-servicos-tem-alta-diz-ibge\/"},"author":{"name":"Jader Lazarini","@id":"https:\/\/www.suno.com.br\/noticias\/#\/schema\/person\/918d79de1f0281f01599b93f9ea6e23f"},"headline":"Setor de servi\u00e7os tem alta de 0,8% em julho, diz IBGE","datePublished":"2019-09-12T16:00:31+00:00","mainEntityOfPage":{"@id":"https:\/\/www.suno.com.br\/noticias\/setor-de-servicos-tem-alta-diz-ibge\/"},"wordCount":390,"publisher":{"@id":"https:\/\/www.suno.com.br\/noticias\/#organization"},"image":{"@id":"https:\/\/www.suno.com.br\/noticias\/setor-de-servicos-tem-alta-diz-ibge\/#primaryimage"},"thumbnailUrl":"https:\/\/files.sunoresearch.com.br\/n\/uploads\/2019\/09\/96afd767-setor-de-servi\u00e7os-jpg.webp","keywords":["Economia","IBGE","setor de servi\u00e7os"],"articleSection":["Economia"],"inLanguage":"pt-BR"},{"@type":"WebPage","@id":"https:\/\/www.suno.com.br\/noticias\/setor-de-servicos-tem-alta-diz-ibge\/","url":"https:\/\/www.suno.com.br\/noticias\/setor-de-servicos-tem-alta-diz-ibge\/","name":"Setor de servi\u00e7os tem alta de 0,8% em julho, diz IBGE","isPartOf":{"@id":"https:\/\/www.suno.com.br\/noticias\/#website"},"primaryImageOfPage":{"@id":"https:\/\/www.suno.com.br\/noticias\/setor-de-servicos-tem-alta-diz-ibge\/#primaryimage"},"image":{"@id":"https:\/\/www.suno.com.br\/noticias\/setor-de-servicos-tem-alta-diz-ibge\/#primaryimage"},"thumbnailUrl":"https:\/\/files.sunoresearch.com.br\/n\/uploads\/2019\/09\/96afd767-setor-de-servi\u00e7os-jpg.webp","datePublished":"2019-09-12T16:00:31+00:00","description":"O setor de servi\u00e7os cresceu 0,8% no m\u00eas de julho, na compara\u00e7\u00e3o com o m\u00eas anterior, diz o IBGE. Clique aqui e saiba mais.","breadcrumb":{"@id":"https:\/\/www.suno.com.br\/noticias\/setor-de-servicos-tem-alta-diz-ibge\/#breadcrumb"},"inLanguage":"pt-BR","potentialAction":[{"@type":"ReadAction","target":["https:\/\/www.suno.com.br\/noticias\/setor-de-servicos-tem-alta-diz-ibge\/"]}]},{"@type":"ImageObject","inLanguage":"pt-BR","@id":"https:\/\/www.suno.com.br\/noticias\/setor-de-servicos-tem-alta-diz-ibge\/#primaryimage","url":"https:\/\/files.sunoresearch.com.br\/n\/uploads\/2019\/09\/96afd767-setor-de-servi\u00e7os-jpg.webp","contentUrl":"https:\/\/files.sunoresearch.com.br\/n\/uploads\/2019\/09\/96afd767-setor-de-servi\u00e7os-jpg.webp","width":1380,"height":920,"caption":"Coronav\u00edrus: Senado votar\u00e1 linha de cr\u00e9dito especial para micro empresas"},{"@type":"BreadcrumbList","@id":"https:\/\/www.suno.com.br\/noticias\/setor-de-servicos-tem-alta-diz-ibge\/#breadcrumb","itemListElement":[{"@type":"ListItem","position":1,"name":"Not\u00edcias","item":"https:\/\/www.suno.com.br\/noticias\/"},{"@type":"ListItem","position":2,"name":"Economia","item":"https:\/\/www.suno.com.br\/noticias\/economia\/"},{"@type":"ListItem","position":3,"name":"Setor de servi\u00e7os tem alta de 0,8% em julho, diz IBGE"}]},{"@type":"WebSite","@id":"https:\/\/www.suno.com.br\/noticias\/#website","url":"https:\/\/www.suno.com.br\/noticias\/","name":"Suno Not\u00edcias","description":"Seu portal de informa\u00e7\u00e3o sobre o mundo dos investimentos","publisher":{"@id":"https:\/\/www.suno.com.br\/noticias\/#organization"},"potentialAction":[{"@type":"SearchAction","target":{"@type":"EntryPoint","urlTemplate":"https:\/\/www.suno.com.br\/noticias\/?s={search_term_string}"},"query-input":{"@type":"PropertyValueSpecification","valueRequired":true,"valueName":"search_term_string"}}],"inLanguage":"pt-BR"},{"@type":"Organization","@id":"https:\/\/www.suno.com.br\/noticias\/#organization","name":"Suno Not\u00edcias","url":"https:\/\/www.suno.com.br\/noticias\/","logo":{"@type":"ImageObject","inLanguage":"pt-BR","@id":"https:\/\/www.suno.com.br\/noticias\/#\/schema\/logo\/image\/","url":"https:\/\/files.sunoresearch.com.br\/n\/uploads\/2021\/09\/suno-logo.png","contentUrl":"https:\/\/files.sunoresearch.com.br\/n\/uploads\/2021\/09\/suno-logo.png","width":180,"height":180,"caption":"Suno Not\u00edcias"},"image":{"@id":"https:\/\/www.suno.com.br\/noticias\/#\/schema\/logo\/image\/"},"sameAs":["https:\/\/facebook.com\/sunoresearch","https:\/\/x.com\/sunoresearch","https:\/\/www.instagram.com\/suno","https:\/\/www.linkedin.com\/company\/suno-research\/","https:\/\/www.youtube.com\/c\/sunoresearch"]},{"@type":"Person","@id":"https:\/\/www.suno.com.br\/noticias\/#\/schema\/person\/918d79de1f0281f01599b93f9ea6e23f","name":"Jader Lazarini","image":{"@type":"ImageObject","inLanguage":"pt-BR","@id":"https:\/\/www.suno.com.br\/noticias\/#\/schema\/person\/image\/","url":"https:\/\/secure.gravatar.com\/avatar\/3c1ad8caa51589841baeb923fcddea97?s=96&r=g","contentUrl":"https:\/\/secure.gravatar.com\/avatar\/3c1ad8caa51589841baeb923fcddea97?s=96&r=g","caption":"Jader Lazarini"},"description":"Jader Lazarini escreve sobre investimentos, finan\u00e7as, economia e neg\u00f3cios. \u00c9 bacharel em Rela\u00e7\u00f5es Internacionais e analista CNPI (2619).","url":"https:\/\/www.suno.com.br\/noticias\/author\/jader-lazarini\/"}]}},"default_loop_html":"<div class=\"cardsPage__listCard__boxs\"><div class=\"cardsPage__listCard__boxs__img\"><a href=\"https:\/\/www.suno.com.br\/noticias\/setor-de-servicos-tem-alta-diz-ibge\/\"><img class=\"mask\" src=\"https:\/\/www.suno.com.br\/noticias\/wp-content\/themes\/suno\/resources\/images\/spotlight\/spotlight1img\/bg-mask.png\" alt=\"Image Mask\"\/><img src=\"https:\/\/files.sunoresearch.com.br\/n\/uploads\/2019\/09\/96afd767-setor-de-servi\u00e7os-400x200.webp\" alt=\"Setor de servi\u00e7os tem alta de 0,8% em julho, diz IBGE\"\/><\/a><span class=\"spotlightCategory\"><a href=\"https:\/\/www.suno.com.br\/noticias\/economia\/\">Economia<\/a><\/span><\/div><div class=\"cardsPage__listCard__boxs__content\"><a href=\"https:\/\/www.suno.com.br\/noticias\/setor-de-servicos-tem-alta-diz-ibge\/\"><h2 class=\"content__title\">Setor de servi\u00e7os tem alta de 0,8% em julho, diz IBGE<\/h2><\/a><div class=\"newsContent__article__meta\"><div class=\"newsContent__article__meta__authorBox\"><a href=\"https:\/\/www.suno.com.br\/noticias\/author\/jader-lazarini\/\" class=\"authorBox__avatar noMobi\"><img src=\"https:\/\/files.sunoresearch.com.br\/n\/uploads\/2021\/01\/178e6598-foto-perfil-2-150x150.jpg\" alt=\"Jader Lazarini\"><\/a><div class=\"authorBox__name\"><span>por\n\t\t\t<a href=\"https:\/\/www.suno.com.br\/noticias\/author\/jader-lazarini\/\"><span itemprop=\"author\">Jader Lazarini<\/span><\/a><\/span><time datetime=\"2019-09-12T13:00:31-03:00\" itemprop=\"datePublished\">12\/09\/2019 13:00<\/time><\/div><\/div><\/div><\/div><\/div>","single_layout":"posts","amp_enabled":true,"_links":{"self":[{"href":"https:\/\/www.suno.com.br\/noticias\/wp-json\/wp\/v2\/posts\/37367"}],"collection":[{"href":"https:\/\/www.suno.com.br\/noticias\/wp-json\/wp\/v2\/posts"}],"about":[{"href":"https:\/\/www.suno.com.br\/noticias\/wp-json\/wp\/v2\/types\/post"}],"author":[{"embeddable":true,"href":"https:\/\/www.suno.com.br\/noticias\/wp-json\/wp\/v2\/users\/24"}],"replies":[{"embeddable":true,"href":"https:\/\/www.suno.com.br\/noticias\/wp-json\/wp\/v2\/comments?post=37367"}],"version-history":[{"count":0,"href":"https:\/\/www.suno.com.br\/noticias\/wp-json\/wp\/v2\/posts\/37367\/revisions"}],"wp:featuredmedia":[{"embeddable":true,"href":"https:\/\/www.suno.com.br\/noticias\/wp-json\/wp\/v2\/media\/37371"}],"wp:attachment":[{"href":"https:\/\/www.suno.com.br\/noticias\/wp-json\/wp\/v2\/media?parent=37367"}],"wp:term":[{"taxonomy":"category","embeddable":true,"href":"https:\/\/www.suno.com.br\/noticias\/wp-json\/wp\/v2\/categories?post=37367"},{"taxonomy":"post_tag","embeddable":true,"href":"https:\/\/www.suno.com.br\/noticias\/wp-json\/wp\/v2\/tags?post=37367"},{"taxonomy":"suno_strategy","embeddable":true,"href":"https:\/\/www.suno.com.br\/noticias\/wp-json\/wp\/v2\/suno_strategy?post=37367"}],"curies":[{"name":"wp","href":"https:\/\/api.w.org\/{rel}","templated":true}]}}