{"id":37290,"date":"2019-09-12T08:56:25","date_gmt":"2019-09-12T11:56:25","guid":{"rendered":"https:\/\/www.suno.com.br\/noticias\/?p=37290"},"modified":"2021-06-14T00:25:17","modified_gmt":"2021-06-14T03:25:17","slug":"agenda-do-dia-120919-bs2-caixa-bce-cpmf-oi","status":"publish","type":"post","link":"https:\/\/www.suno.com.br\/noticias\/agenda-do-dia-120919-bs2-caixa-bce-cpmf-oi\/","title":{"rendered":"Agenda do Dia: Lei das teles; BS2; Caixa; decis\u00e3o do BCE; CPMF; guerra comercial; Oi"},"content":{"rendered":"<p>Os assuntos da Agenda do Dia desta quinta-feira (12) prometem agitar o mercado interno e externo.<\/p>\t<div class=\"wrapper-featured-image\">\n\t\t<figure class=\"spotlightImg\">\n\n\t\t\t<picture>\n\t\t\t\t<source media=\"(max-width: 768px)\" srcset=\"https:\/\/files.sunoresearch.com.br\/n\/uploads\/2019\/06\/0a930625-armas-400x200.webp\">\n\t\t\t\t<img loading=\"lazy\" decoding=\"async\" class=\"newsContent__article__imgCapa lazyloadDisabled newsContent__article__imgCapa--noCaption\" src=\"https:\/\/files.sunoresearch.com.br\/n\/uploads\/2019\/06\/0a930625-armas-800x450.webp\" width=\"800\" height=\"450\" alt=\"Agenda do Dia: Lei das teles; BS2; Caixa; decis\u00e3o do BCE; CPMF; guerra comercial; Oi\" fetchpriority=high \/>\n\t\t\t<\/picture>\n\n\t\t\t<figcaption class=\"wp-caption-text wp-caption-text--hide\">Agenda do Dia<\/figcaption>\n\t\t<\/figure>\n\t<\/div>\n\n\n\n<p>O <strong>Plen\u00e1rio do Senado<\/strong> aprovou uma <strong>nova lei<\/strong> das teles na \u00faltima quarta-feira (11). O <strong>BS2<\/strong> contratou o <strong>JPMorgan<\/strong> e o <strong>Bradesco<\/strong> para dar in\u00edcio a estrutura\u00e7\u00e3o de seu IPO.<b> <\/b>Estas e outras not\u00edcias fazem parte da <strong style=\"font-size: 1.21429rem;\">Agenda<\/strong> <strong style=\"font-size: 1.21429rem;\">do<\/strong> <strong style=\"font-size: 1.21429rem;\">Dia <\/strong> desta quinta.<\/p>\n<p>A Agenda do Dia conta tamb\u00e9m com a not\u00edcia sobre a decis\u00e3o pol\u00edtica monet\u00e1ria do<strong> Banco Central Europeu.<\/strong><\/p>\n<p>Confira os principais pontos da Agenda do Dia:<\/p>\n<h2>Plen\u00e1rio do Senado aprova nova lei das teles<\/h2>\n<p>O <strong>Projeto<\/strong> <strong>de<\/strong> <strong>Lei<\/strong> <strong>Complementar<\/strong> (PLC) 79\/2016, que beneficiar\u00e1 a operadora <strong>Oi<\/strong> (OIBR3), foi aprovado na \u00faltima quarta-feira (11) pela Comiss\u00e3o de Ci\u00eancia, Tecnologia, Inova\u00e7\u00e3o, Comunica\u00e7\u00e3o e Inform\u00e1tica (CCT) no Senado Federal e, logo depois, seguiu para o Plen\u00e1rio do Senado, onde tamb\u00e9m conseguiu aprova\u00e7\u00e3o.<\/p>\n\t<p>\n\t\t<a href=\"https:\/\/lp.suno.com.br\/planilha-da-vida-financeira\/\" target=\"_blank\" data-element=\"shortcode-suno-banner\" title=\"Banner SUNO, clique e saiba mais\">\n\t\t\t<picture>\n\t\t\t\t<source media=\"(max-width: 500px)\" srcset=\"https:\/\/files.sunoresearch.com.br\/n\/uploads\/2023\/04\/400x300-Planilha-vida-financeira-true.png\">\n\t\t\t\t<img class=\"newsContent__article__imgCapa newsContent__article__imgCapa--banner\"\n\t\t\t\t\tsrc=\"https:\/\/files.sunoresearch.com.br\/n\/uploads\/2023\/04\/1420x240-Planilha-vida-financeira-true.png\"\n\t\t\t\t\tdata-promo-id=\"383123\"\t\t\t\t\t\t\t\t\t\twidth='1420' height='240'\t\t\t\t\talt=\"https:\/\/files.sunoresearch.com.br\/n\/uploads\/2023\/04\/1420x240-Planilha-vida-financeira-true.png\"\n\t\t\t\t>\n\t\t\t<\/picture>\n\t\t<\/a>\n\t<\/p>\n\n\n<p>Agora, o presidente <strong>Jair Bolsonaro<\/strong> \u00e9 o respons\u00e1vel por sancionar a lei. <span style=\"font-size: 1.21429rem;\">A nova proposta tem como objetivo alterar as normas de concess\u00e3o da telefonia fixa. A mudan\u00e7a deve ajudar a Oi, j\u00e1 que a operadora poder\u00e1 deixar de ser concession\u00e1ria e para competir, assim, em igualdade com suas concorrentes.<\/span><\/p>\n<h2>BS2 aciona JPMorgan e Bradesco para IPO<\/h2>\n<p>O banco <strong>BS2<\/strong> manteve seu objetivo de abrir capital e fez um acordo com o <strong>JPMorgan<\/strong> e o <strong>Bradesco BBI<\/strong> para iniciarem a estrutura\u00e7\u00e3o da oferta inicial de a\u00e7\u00f5es (IPO).<\/p>\n<p>O mineiro <strong>BMG<\/strong> tamb\u00e9m deve fazer o lan\u00e7amento de sua oferta entre os meses de outubro e novembro. O pedido j\u00e1 foi encaminhado \u00e0 Comiss\u00e3o de Valores Imobili\u00e1rios.<\/p>\n<p><a href=\"https:\/\/www.suno.com.br\/noticias\/oi-aprova-lei-teles-senado-federal-acao\/\">Veja tamb\u00e9m: Oi: Plen\u00e1rio do Senado Federal aprova nova lei das teles<\/a><\/p>\n<h2>Caixa desiste de banco pr\u00f3prio de investimento<\/h2>\n<p>A <strong>Caixa<\/strong> <strong>Econ\u00f4mica<\/strong> Federal abandonou o plano de ter um banco pr\u00f3prio de investimento. Agora, a estatal deve focar no planejamento de estrutura\u00e7\u00e3o de suas opera\u00e7\u00f5es.<\/p>\n<p>Entre as movimenta\u00e7\u00f5es que devem ser feitas pelo banco est\u00e3o: quatro aberturas de capital e a oferta de participa\u00e7\u00f5es acion\u00e1rias do FI-FGTS. A troca no planejamento se d\u00e1 no momento em que o vice-presidente de finan\u00e7as da Caixa, Andr\u00e9 Laloni, deixa a institui\u00e7\u00e3o p\u00fablica.<\/p>\n<h2>BCE faz reuni\u00e3o de pol\u00edtica monet\u00e1ria<\/h2>\n<p>O <strong>Banco<\/strong> <strong>Central<\/strong> <strong>Europeu (BCE)<\/strong> ter\u00e1 uma reuni\u00e3o pol\u00edtica monet\u00e1ria nesta quinta-feira (12) que pode impactar diversos pa\u00edses do mundo, n\u00e3o s\u00f3 da Europa. Sendo assim, autoridades monet\u00e1rias importantes, como o Federal Reserve, devem se manifestar ap\u00f3s a divulga\u00e7\u00e3o da decis\u00e3o do BCE. O <strong>Fed<\/strong> tem sido pressionado por <strong>Donald<\/strong> <strong>Trump<\/strong> para diminuir a taxa de juros nos \u00faltimos dias.<\/p>\n<h2>Bolsonaro diz que nova CPMF est\u00e1 fora da reforma tribut\u00e1ria<\/h2>\n<p>O presidente <strong>Jair Bolsonaro<\/strong> afirmou na \u00faltima quarta-feira (11) que o secret\u00e1rio da Receita Federal, <strong>Marcos Cintra<\/strong>, foi demitido por tentar criar um imposto semelhante a <a href=\"https:\/\/www.suno.com.br\/artigos\/cpmf\/\">Contribui\u00e7\u00e3o Provis\u00f3ria sobre Movimenta\u00e7\u00e3o Financeira (CPMF)<\/a>.<\/p>\n\t<p>\n\t\t<a href=\"https:\/\/lp.suno.com.br\/ebook-investindo-em-fiis\/\" target=\"_blank\" data-element=\"shortcode-suno-banner\" title=\"Banner SUNO, clique e saiba mais\">\n\t\t\t<picture>\n\t\t\t\t<source media=\"(max-width: 500px)\" srcset=\"https:\/\/files.sunoresearch.com.br\/n\/uploads\/2023\/03\/Ebook-Fundos-Imobiliarios-Mobile-1.jpg\">\n\t\t\t\t<img class=\"newsContent__article__imgCapa newsContent__article__imgCapa--banner\"\n\t\t\t\t\tsrc=\"https:\/\/files.sunoresearch.com.br\/n\/uploads\/2023\/03\/Ebook-Fundos-Imobiliarios-Desktop-1.jpg\"\n\t\t\t\t\tdata-promo-id=\"313843\"\t\t\t\t\t\t\t\t\t\twidth='1420' height='286'\t\t\t\t\talt=\"https:\/\/files.sunoresearch.com.br\/n\/uploads\/2023\/03\/Ebook-Fundos-Imobiliarios-Desktop-1.jpg\"\n\t\t\t\t>\n\t\t\t<\/picture>\n\t\t<\/a>\n\t<\/p>\n\n\n<p>&#8220;TENTATIVA DE RECRIAR CPMF DERRUBA CHEFE DA RECEITA. Paulo Guedes exonerou, a pedido, o chefe da Receita Federal por diverg\u00eancias no projeto da reforma tribut\u00e1ria. A recria\u00e7\u00e3o da CPMF ou aumento da carga tribut\u00e1ria est\u00e3o fora da reforma tribut\u00e1ria por determina\u00e7\u00e3o do Presidente&#8221;, escreveu <strong>Bolsonaro<\/strong> em seu Twitter.<\/p>\n<p><a href=\"https:\/\/www.suno.com.br\/noticias\/brexit-pode-encolher-economia-britanica\/\">Veja tamb\u00e9m: Brexit sem acordo pode encolher economia em 5,5%, diz BC brit\u00e2nico<\/a><\/p>\n<h2>Guerra Comercial<\/h2>\n<p>O presidente dos<strong> Estados Unidos<\/strong>, <strong><a href=\"https:\/\/www.suno.com.br\/tudo-sobre\/donald-trump\/\">Donald Trump<\/a><\/strong>, informou na \u00faltima quarta-feira (11), que a eleva\u00e7\u00e3o tarifas sobre US$ 250 bilh\u00f5es em importa\u00e7\u00f5es de produtos da China foram adiadas por duas semanas.<\/p>\n<p>A eleva\u00e7\u00e3o de tarifas estava marcada para o dia 1\u00b0 de outubro, por\u00e9m, em sua conta no Twitter, <strong>Trump<\/strong> informou que as <strong>taxas<\/strong> subir\u00e3o de 25% para 30% no dia 15 de outubro. De acordo com o presidente, trata-se de um &#8220;gesto de boa vontade&#8221;, fazendo men\u00e7\u00e3o a retirada de tarifas da <strong>China<\/strong> sobre produtos americanos.<\/p>\n<h2>TIM e Oi podem iniciar fus\u00e3o, segundo BTG<\/h2>\n<p>A aprova\u00e7\u00e3o do <strong>Projeto de Lei Complementar<\/strong> (PLC) 79\/2016, na \u00faltima quarta-feira (11), altera o ambiente regulat\u00f3rio do segmento de telefonia. As altera\u00e7\u00f5es na lei podem abrir caminho para a recupera\u00e7\u00e3o da Oi (<strong>OIBR3<\/strong>; <strong>OIBR4<\/strong>), levantando a possibilidade de alguma <a href=\"https:\/\/www.suno.com.br\/artigos\/fusoes-aquisicoes\/\">fus\u00e3o<\/a> ou venda de suas opera\u00e7\u00f5es<\/p>\n<h2>B3 deve recorrer decis\u00e3o do Carf<\/h2>\n<p>A C\u00e2mara Superior do Conselho Administrativo de Recursos Fiscais (Carf) comunicou, na \u00faltima quarta-feira (11), que \u00e9 favor\u00e1vel ao recurso da Procuradoria Geral da Fazenda contra a <strong>B3<\/strong>. A empresa \u00e9 acusada de ter abatido de forma irregular o \u00e1gio gerado pela agrega\u00e7\u00e3o da Bovespa Holding, no ano de 2008.<\/p>\n<p><a href=\"https:\/\/www.suno.com.br\/noticias\/forever21-entrar-pedido-recuperacao-judicial-domingo\/\">Veja tamb\u00e9m: Forever 21 planeja entrar com pedido de recupera\u00e7\u00e3o judicial at\u00e9 domingo<\/a><\/p>\n<h2>Controladora da Ambev pode fazer IPO na bolsa de Hong Kong<\/h2>\n<p>A controladora da <strong>Ambev<\/strong>, Anheueser-Bisch Inbev, estima levantar aproximadamente US$ 5 bilh\u00f5es com um IPO na bolsa de Hong Kong at\u00e9 o final deste m\u00eas. As informa\u00e7\u00f5es s\u00e3o de fontes pr\u00f3ximas ao assunto.<\/p>\n<p>A <strong style=\"font-size: 1.21429rem;\">Agenda<\/strong> <strong style=\"font-size: 1.21429rem;\">do<\/strong> <strong style=\"font-size: 1.21429rem;\">Dia<\/strong> da <a href=\"https:\/\/www.youtube.com\/watch?v=xdLIy7mKkJQ\"><strong>Suno<\/strong><\/a><strong>\u00a0<\/strong>mostra os principais acontecimentos que prometem movimentar o mercado durante o dia.<\/p>\n","protected":false},"excerpt":{"rendered":"<p>Os assuntos da Agenda do Dia desta quinta-feira (12) prometem agitar o mercado interno e externo. Agenda do Dia O Plen\u00e1rio do Senado aprovou uma nova lei das teles na \u00faltima quarta-feira (11). O BS2 contratou o JPMorgan e o Bradesco para dar in\u00edcio a estrutura\u00e7\u00e3o de seu IPO. Estas e outras not\u00edcias fazem parte [&hellip;]<\/p>\n","protected":false},"author":19,"featured_media":28478,"comment_status":"closed","ping_status":"closed","sticky":false,"template":"","format":"standard","meta":[],"categories":[64],"tags":[1980,863,1987,1618,980,719,584],"suno_strategy":[],"class_list":["post-37290","post","type-post","status-publish","format-standard","has-post-thumbnail","hentry","category-negocios","tag-agenda-do-dia","tag-banco-central-europeu-bce","tag-bs2","tag-cpmf","tag-guerra-comercial","tag-jair-bolsonaro","tag-oi-oibr3-oibr4"],"yoast_head":"<!-- This site is optimized with the Yoast SEO plugin v24.4 - https:\/\/yoast.com\/wordpress\/plugins\/seo\/ -->\n<title>Agenda do Dia: Lei das teles; BS2; Caixa; Decis\u00e3o do BCE; CPMF e OI<\/title>\n<meta name=\"description\" content=\"Agenda do Dia: Lei das teles; BS2; Caixa; decis\u00e3o do Banco Central Europeu; CPMF; guerra comercial; fus\u00e3o Oi e Tim. Clique e saiba mais.\" \/>\n<meta name=\"robots\" content=\"index, follow, max-snippet:-1, max-image-preview:large, max-video-preview:-1\" \/>\n<link rel=\"canonical\" href=\"https:\/\/www.suno.com.br\/noticias\/agenda-do-dia-120919-bs2-caixa-bce-cpmf-oi\/\" \/>\n<meta property=\"og:locale\" content=\"pt_BR\" \/>\n<meta property=\"og:type\" content=\"article\" \/>\n<meta property=\"og:title\" content=\"Agenda do Dia: Lei das teles; BS2; Caixa; Decis\u00e3o do BCE; CPMF e OI\" \/>\n<meta property=\"og:description\" content=\"Agenda do Dia: Lei das teles; BS2; Caixa; decis\u00e3o do Banco Central Europeu; CPMF; guerra comercial; fus\u00e3o Oi e Tim. Clique e saiba mais.\" \/>\n<meta property=\"og:url\" content=\"https:\/\/www.suno.com.br\/noticias\/agenda-do-dia-120919-bs2-caixa-bce-cpmf-oi\/\" \/>\n<meta property=\"og:site_name\" content=\"Suno Not\u00edcias\" \/>\n<meta property=\"article:publisher\" content=\"https:\/\/facebook.com\/sunoresearch\" \/>\n<meta property=\"og:image\" content=\"https:\/\/files.sunoresearch.com.br\/n\/uploads\/2019\/06\/0a930625-armas.jpg\" \/>\n\t<meta property=\"og:image:width\" content=\"860\" \/>\n\t<meta property=\"og:image:height\" content=\"570\" \/>\n\t<meta property=\"og:image:type\" content=\"image\/jpeg\" \/>\n<meta name=\"author\" content=\"Juliano Passaro\" \/>\n<meta name=\"twitter:card\" content=\"summary_large_image\" \/>\n<meta name=\"twitter:creator\" content=\"@sunoresearch\" \/>\n<meta name=\"twitter:site\" content=\"@sunoresearch\" \/>\n<meta name=\"twitter:label1\" content=\"Escrito por\" \/>\n\t<meta name=\"twitter:data1\" content=\"Juliano Passaro\" \/>\n\t<meta name=\"twitter:label2\" content=\"Est. tempo de leitura\" \/>\n\t<meta name=\"twitter:data2\" content=\"4 minutos\" \/>\n<script type=\"application\/ld+json\" class=\"yoast-schema-graph\">{\"@context\":\"https:\/\/schema.org\",\"@graph\":[{\"@type\":\"NewsArticle\",\"@id\":\"https:\/\/www.suno.com.br\/noticias\/agenda-do-dia-120919-bs2-caixa-bce-cpmf-oi\/#article\",\"isPartOf\":{\"@id\":\"https:\/\/www.suno.com.br\/noticias\/agenda-do-dia-120919-bs2-caixa-bce-cpmf-oi\/\"},\"author\":{\"name\":\"Juliano Passaro\",\"@id\":\"https:\/\/www.suno.com.br\/noticias\/#\/schema\/person\/1db762f78ffd8919a648a63e425953e3\"},\"headline\":\"Agenda do Dia: Lei das teles; BS2; Caixa; decis\u00e3o do BCE; CPMF; guerra comercial; Oi\",\"datePublished\":\"2019-09-12T11:56:25+00:00\",\"dateModified\":\"2021-06-14T03:25:17+00:00\",\"mainEntityOfPage\":{\"@id\":\"https:\/\/www.suno.com.br\/noticias\/agenda-do-dia-120919-bs2-caixa-bce-cpmf-oi\/\"},\"wordCount\":878,\"publisher\":{\"@id\":\"https:\/\/www.suno.com.br\/noticias\/#organization\"},\"image\":{\"@id\":\"https:\/\/www.suno.com.br\/noticias\/agenda-do-dia-120919-bs2-caixa-bce-cpmf-oi\/#primaryimage\"},\"thumbnailUrl\":\"https:\/\/files.sunoresearch.com.br\/n\/uploads\/2019\/06\/0a930625-armas-jpg.webp\",\"keywords\":[\"agenda do dia\",\"Banco Central Europeu (BCE)\",\"BS2\",\"CPMF\",\"guerra comercial\",\"Jair Bolsonaro\",\"Oi (OIBR3\/OIBR4)\"],\"articleSection\":[\"Neg\u00f3cios\"],\"inLanguage\":\"pt-BR\"},{\"@type\":\"WebPage\",\"@id\":\"https:\/\/www.suno.com.br\/noticias\/agenda-do-dia-120919-bs2-caixa-bce-cpmf-oi\/\",\"url\":\"https:\/\/www.suno.com.br\/noticias\/agenda-do-dia-120919-bs2-caixa-bce-cpmf-oi\/\",\"name\":\"Agenda do Dia: Lei das teles; BS2; Caixa; Decis\u00e3o do BCE; CPMF e OI\",\"isPartOf\":{\"@id\":\"https:\/\/www.suno.com.br\/noticias\/#website\"},\"primaryImageOfPage\":{\"@id\":\"https:\/\/www.suno.com.br\/noticias\/agenda-do-dia-120919-bs2-caixa-bce-cpmf-oi\/#primaryimage\"},\"image\":{\"@id\":\"https:\/\/www.suno.com.br\/noticias\/agenda-do-dia-120919-bs2-caixa-bce-cpmf-oi\/#primaryimage\"},\"thumbnailUrl\":\"https:\/\/files.sunoresearch.com.br\/n\/uploads\/2019\/06\/0a930625-armas-jpg.webp\",\"datePublished\":\"2019-09-12T11:56:25+00:00\",\"dateModified\":\"2021-06-14T03:25:17+00:00\",\"description\":\"Agenda do Dia: Lei das teles; BS2; Caixa; decis\u00e3o do Banco Central Europeu; CPMF; guerra comercial; fus\u00e3o Oi e Tim. Clique e saiba mais.\",\"breadcrumb\":{\"@id\":\"https:\/\/www.suno.com.br\/noticias\/agenda-do-dia-120919-bs2-caixa-bce-cpmf-oi\/#breadcrumb\"},\"inLanguage\":\"pt-BR\",\"potentialAction\":[{\"@type\":\"ReadAction\",\"target\":[\"https:\/\/www.suno.com.br\/noticias\/agenda-do-dia-120919-bs2-caixa-bce-cpmf-oi\/\"]}]},{\"@type\":\"ImageObject\",\"inLanguage\":\"pt-BR\",\"@id\":\"https:\/\/www.suno.com.br\/noticias\/agenda-do-dia-120919-bs2-caixa-bce-cpmf-oi\/#primaryimage\",\"url\":\"https:\/\/files.sunoresearch.com.br\/n\/uploads\/2019\/06\/0a930625-armas-jpg.webp\",\"contentUrl\":\"https:\/\/files.sunoresearch.com.br\/n\/uploads\/2019\/06\/0a930625-armas-jpg.webp\",\"width\":860,\"height\":570,\"caption\":\"Agenda do Dia\"},{\"@type\":\"BreadcrumbList\",\"@id\":\"https:\/\/www.suno.com.br\/noticias\/agenda-do-dia-120919-bs2-caixa-bce-cpmf-oi\/#breadcrumb\",\"itemListElement\":[{\"@type\":\"ListItem\",\"position\":1,\"name\":\"Not\u00edcias\",\"item\":\"https:\/\/www.suno.com.br\/noticias\/\"},{\"@type\":\"ListItem\",\"position\":2,\"name\":\"Neg\u00f3cios\",\"item\":\"https:\/\/www.suno.com.br\/noticias\/negocios\/\"},{\"@type\":\"ListItem\",\"position\":3,\"name\":\"Agenda do Dia: Lei das teles; BS2; Caixa; decis\u00e3o do BCE; CPMF; guerra comercial; Oi\"}]},{\"@type\":\"WebSite\",\"@id\":\"https:\/\/www.suno.com.br\/noticias\/#website\",\"url\":\"https:\/\/www.suno.com.br\/noticias\/\",\"name\":\"Suno Not\u00edcias\",\"description\":\"Seu portal de informa\u00e7\u00e3o sobre o mundo dos investimentos\",\"publisher\":{\"@id\":\"https:\/\/www.suno.com.br\/noticias\/#organization\"},\"potentialAction\":[{\"@type\":\"SearchAction\",\"target\":{\"@type\":\"EntryPoint\",\"urlTemplate\":\"https:\/\/www.suno.com.br\/noticias\/?s={search_term_string}\"},\"query-input\":{\"@type\":\"PropertyValueSpecification\",\"valueRequired\":true,\"valueName\":\"search_term_string\"}}],\"inLanguage\":\"pt-BR\"},{\"@type\":\"Organization\",\"@id\":\"https:\/\/www.suno.com.br\/noticias\/#organization\",\"name\":\"Suno Not\u00edcias\",\"url\":\"https:\/\/www.suno.com.br\/noticias\/\",\"logo\":{\"@type\":\"ImageObject\",\"inLanguage\":\"pt-BR\",\"@id\":\"https:\/\/www.suno.com.br\/noticias\/#\/schema\/logo\/image\/\",\"url\":\"https:\/\/files.sunoresearch.com.br\/n\/uploads\/2021\/09\/suno-logo.png\",\"contentUrl\":\"https:\/\/files.sunoresearch.com.br\/n\/uploads\/2021\/09\/suno-logo.png\",\"width\":180,\"height\":180,\"caption\":\"Suno Not\u00edcias\"},\"image\":{\"@id\":\"https:\/\/www.suno.com.br\/noticias\/#\/schema\/logo\/image\/\"},\"sameAs\":[\"https:\/\/facebook.com\/sunoresearch\",\"https:\/\/x.com\/sunoresearch\",\"https:\/\/www.instagram.com\/suno\",\"https:\/\/www.linkedin.com\/company\/suno-research\/\",\"https:\/\/www.youtube.com\/c\/sunoresearch\"]},{\"@type\":\"Person\",\"@id\":\"https:\/\/www.suno.com.br\/noticias\/#\/schema\/person\/1db762f78ffd8919a648a63e425953e3\",\"name\":\"Juliano Passaro\",\"image\":{\"@type\":\"ImageObject\",\"inLanguage\":\"pt-BR\",\"@id\":\"https:\/\/www.suno.com.br\/noticias\/#\/schema\/person\/image\/\",\"url\":\"https:\/\/secure.gravatar.com\/avatar\/743d4df28eebf6dcc46b4ad03c319e92?s=96&r=g\",\"contentUrl\":\"https:\/\/secure.gravatar.com\/avatar\/743d4df28eebf6dcc46b4ad03c319e92?s=96&r=g\",\"caption\":\"Juliano Passaro\"},\"description\":\"Juliano Passaro escreve sobre pol\u00edtica, economia e neg\u00f3cios para o portal da Suno Research. Antes da Suno, trabalhou no Portal da Band. \u00c9 formado em jornalismo pela Universidade Presbiteriana Mackenzie.\",\"url\":\"https:\/\/www.suno.com.br\/noticias\/author\/juliano\/\"}]}<\/script>\n<!-- \/ Yoast SEO plugin. -->","yoast_head_json":{"title":"Agenda do Dia: Lei das teles; BS2; Caixa; Decis\u00e3o do BCE; CPMF e OI","description":"Agenda do Dia: Lei das teles; BS2; Caixa; decis\u00e3o do Banco Central Europeu; CPMF; guerra comercial; fus\u00e3o Oi e Tim. Clique e saiba mais.","robots":{"index":"index","follow":"follow","max-snippet":"max-snippet:-1","max-image-preview":"max-image-preview:large","max-video-preview":"max-video-preview:-1"},"canonical":"https:\/\/www.suno.com.br\/noticias\/agenda-do-dia-120919-bs2-caixa-bce-cpmf-oi\/","og_locale":"pt_BR","og_type":"article","og_title":"Agenda do Dia: Lei das teles; BS2; Caixa; Decis\u00e3o do BCE; CPMF e OI","og_description":"Agenda do Dia: Lei das teles; BS2; Caixa; decis\u00e3o do Banco Central Europeu; CPMF; guerra comercial; fus\u00e3o Oi e Tim. Clique e saiba mais.","og_url":"https:\/\/www.suno.com.br\/noticias\/agenda-do-dia-120919-bs2-caixa-bce-cpmf-oi\/","og_site_name":"Suno Not\u00edcias","article_publisher":"https:\/\/facebook.com\/sunoresearch","og_image":[{"width":860,"height":570,"url":"https:\/\/files.sunoresearch.com.br\/n\/uploads\/2019\/06\/0a930625-armas.jpg","type":"image\/jpeg"}],"author":"Juliano Passaro","twitter_card":"summary_large_image","twitter_creator":"@sunoresearch","twitter_site":"@sunoresearch","twitter_misc":{"Escrito por":"Juliano Passaro","Est. tempo de leitura":"4 minutos"},"schema":{"@context":"https:\/\/schema.org","@graph":[{"@type":"NewsArticle","@id":"https:\/\/www.suno.com.br\/noticias\/agenda-do-dia-120919-bs2-caixa-bce-cpmf-oi\/#article","isPartOf":{"@id":"https:\/\/www.suno.com.br\/noticias\/agenda-do-dia-120919-bs2-caixa-bce-cpmf-oi\/"},"author":{"name":"Juliano Passaro","@id":"https:\/\/www.suno.com.br\/noticias\/#\/schema\/person\/1db762f78ffd8919a648a63e425953e3"},"headline":"Agenda do Dia: Lei das teles; BS2; Caixa; decis\u00e3o do BCE; CPMF; guerra comercial; Oi","datePublished":"2019-09-12T11:56:25+00:00","dateModified":"2021-06-14T03:25:17+00:00","mainEntityOfPage":{"@id":"https:\/\/www.suno.com.br\/noticias\/agenda-do-dia-120919-bs2-caixa-bce-cpmf-oi\/"},"wordCount":878,"publisher":{"@id":"https:\/\/www.suno.com.br\/noticias\/#organization"},"image":{"@id":"https:\/\/www.suno.com.br\/noticias\/agenda-do-dia-120919-bs2-caixa-bce-cpmf-oi\/#primaryimage"},"thumbnailUrl":"https:\/\/files.sunoresearch.com.br\/n\/uploads\/2019\/06\/0a930625-armas-jpg.webp","keywords":["agenda do dia","Banco Central Europeu (BCE)","BS2","CPMF","guerra comercial","Jair Bolsonaro","Oi (OIBR3\/OIBR4)"],"articleSection":["Neg\u00f3cios"],"inLanguage":"pt-BR"},{"@type":"WebPage","@id":"https:\/\/www.suno.com.br\/noticias\/agenda-do-dia-120919-bs2-caixa-bce-cpmf-oi\/","url":"https:\/\/www.suno.com.br\/noticias\/agenda-do-dia-120919-bs2-caixa-bce-cpmf-oi\/","name":"Agenda do Dia: Lei das teles; BS2; Caixa; Decis\u00e3o do BCE; CPMF e OI","isPartOf":{"@id":"https:\/\/www.suno.com.br\/noticias\/#website"},"primaryImageOfPage":{"@id":"https:\/\/www.suno.com.br\/noticias\/agenda-do-dia-120919-bs2-caixa-bce-cpmf-oi\/#primaryimage"},"image":{"@id":"https:\/\/www.suno.com.br\/noticias\/agenda-do-dia-120919-bs2-caixa-bce-cpmf-oi\/#primaryimage"},"thumbnailUrl":"https:\/\/files.sunoresearch.com.br\/n\/uploads\/2019\/06\/0a930625-armas-jpg.webp","datePublished":"2019-09-12T11:56:25+00:00","dateModified":"2021-06-14T03:25:17+00:00","description":"Agenda do Dia: Lei das teles; BS2; Caixa; decis\u00e3o do Banco Central Europeu; CPMF; guerra comercial; fus\u00e3o Oi e Tim. Clique e saiba mais.","breadcrumb":{"@id":"https:\/\/www.suno.com.br\/noticias\/agenda-do-dia-120919-bs2-caixa-bce-cpmf-oi\/#breadcrumb"},"inLanguage":"pt-BR","potentialAction":[{"@type":"ReadAction","target":["https:\/\/www.suno.com.br\/noticias\/agenda-do-dia-120919-bs2-caixa-bce-cpmf-oi\/"]}]},{"@type":"ImageObject","inLanguage":"pt-BR","@id":"https:\/\/www.suno.com.br\/noticias\/agenda-do-dia-120919-bs2-caixa-bce-cpmf-oi\/#primaryimage","url":"https:\/\/files.sunoresearch.com.br\/n\/uploads\/2019\/06\/0a930625-armas-jpg.webp","contentUrl":"https:\/\/files.sunoresearch.com.br\/n\/uploads\/2019\/06\/0a930625-armas-jpg.webp","width":860,"height":570,"caption":"Agenda do Dia"},{"@type":"BreadcrumbList","@id":"https:\/\/www.suno.com.br\/noticias\/agenda-do-dia-120919-bs2-caixa-bce-cpmf-oi\/#breadcrumb","itemListElement":[{"@type":"ListItem","position":1,"name":"Not\u00edcias","item":"https:\/\/www.suno.com.br\/noticias\/"},{"@type":"ListItem","position":2,"name":"Neg\u00f3cios","item":"https:\/\/www.suno.com.br\/noticias\/negocios\/"},{"@type":"ListItem","position":3,"name":"Agenda do Dia: Lei das teles; BS2; Caixa; decis\u00e3o do BCE; CPMF; guerra comercial; Oi"}]},{"@type":"WebSite","@id":"https:\/\/www.suno.com.br\/noticias\/#website","url":"https:\/\/www.suno.com.br\/noticias\/","name":"Suno Not\u00edcias","description":"Seu portal de informa\u00e7\u00e3o sobre o mundo dos investimentos","publisher":{"@id":"https:\/\/www.suno.com.br\/noticias\/#organization"},"potentialAction":[{"@type":"SearchAction","target":{"@type":"EntryPoint","urlTemplate":"https:\/\/www.suno.com.br\/noticias\/?s={search_term_string}"},"query-input":{"@type":"PropertyValueSpecification","valueRequired":true,"valueName":"search_term_string"}}],"inLanguage":"pt-BR"},{"@type":"Organization","@id":"https:\/\/www.suno.com.br\/noticias\/#organization","name":"Suno Not\u00edcias","url":"https:\/\/www.suno.com.br\/noticias\/","logo":{"@type":"ImageObject","inLanguage":"pt-BR","@id":"https:\/\/www.suno.com.br\/noticias\/#\/schema\/logo\/image\/","url":"https:\/\/files.sunoresearch.com.br\/n\/uploads\/2021\/09\/suno-logo.png","contentUrl":"https:\/\/files.sunoresearch.com.br\/n\/uploads\/2021\/09\/suno-logo.png","width":180,"height":180,"caption":"Suno Not\u00edcias"},"image":{"@id":"https:\/\/www.suno.com.br\/noticias\/#\/schema\/logo\/image\/"},"sameAs":["https:\/\/facebook.com\/sunoresearch","https:\/\/x.com\/sunoresearch","https:\/\/www.instagram.com\/suno","https:\/\/www.linkedin.com\/company\/suno-research\/","https:\/\/www.youtube.com\/c\/sunoresearch"]},{"@type":"Person","@id":"https:\/\/www.suno.com.br\/noticias\/#\/schema\/person\/1db762f78ffd8919a648a63e425953e3","name":"Juliano Passaro","image":{"@type":"ImageObject","inLanguage":"pt-BR","@id":"https:\/\/www.suno.com.br\/noticias\/#\/schema\/person\/image\/","url":"https:\/\/secure.gravatar.com\/avatar\/743d4df28eebf6dcc46b4ad03c319e92?s=96&r=g","contentUrl":"https:\/\/secure.gravatar.com\/avatar\/743d4df28eebf6dcc46b4ad03c319e92?s=96&r=g","caption":"Juliano Passaro"},"description":"Juliano Passaro escreve sobre pol\u00edtica, economia e neg\u00f3cios para o portal da Suno Research. Antes da Suno, trabalhou no Portal da Band. \u00c9 formado em jornalismo pela Universidade Presbiteriana Mackenzie.","url":"https:\/\/www.suno.com.br\/noticias\/author\/juliano\/"}]}},"default_loop_html":"<div class=\"cardsPage__listCard__boxs\"><div class=\"cardsPage__listCard__boxs__img\"><a href=\"https:\/\/www.suno.com.br\/noticias\/agenda-do-dia-120919-bs2-caixa-bce-cpmf-oi\/\"><img class=\"mask\" src=\"https:\/\/www.suno.com.br\/noticias\/wp-content\/themes\/suno\/resources\/images\/spotlight\/spotlight1img\/bg-mask.png\" alt=\"Image Mask\"\/><img src=\"https:\/\/files.sunoresearch.com.br\/n\/uploads\/2019\/06\/0a930625-armas-400x200.webp\" alt=\"Agenda do Dia: Lei das teles; BS2; Caixa; decis\u00e3o do BCE; CPMF; guerra comercial; Oi\"\/><\/a><span class=\"spotlightCategory\"><a href=\"https:\/\/www.suno.com.br\/noticias\/negocios\/\">Neg\u00f3cios<\/a><\/span><\/div><div class=\"cardsPage__listCard__boxs__content\"><a href=\"https:\/\/www.suno.com.br\/noticias\/agenda-do-dia-120919-bs2-caixa-bce-cpmf-oi\/\"><h2 class=\"content__title\">Agenda do Dia: Lei das teles; BS2; Caixa; decis\u00e3o do BCE; CPMF; guerra comercial; Oi<\/h2><\/a><div class=\"newsContent__article__meta\"><div class=\"newsContent__article__meta__authorBox\"><a href=\"https:\/\/www.suno.com.br\/noticias\/author\/juliano\/\" class=\"authorBox__avatar noMobi\"><img src=\"https:\/\/files.sunoresearch.com.br\/n\/uploads\/2019\/06\/7cc3efea-whatsapp-image-2019-07-18-at-21.59.33-e1563499821209-150x150.webp\" alt=\"Juliano Passaro\"><\/a><div class=\"authorBox__name\"><span>por\n\t\t\t<a href=\"https:\/\/www.suno.com.br\/noticias\/author\/juliano\/\"><span itemprop=\"author\">Juliano Passaro<\/span><\/a><\/span><time datetime=\"2019-09-12T08:56:25-03:00\" itemprop=\"datePublished\">12\/09\/2019 08:56<\/time><\/div><\/div><\/div><\/div><\/div>","single_layout":"posts","amp_enabled":true,"_links":{"self":[{"href":"https:\/\/www.suno.com.br\/noticias\/wp-json\/wp\/v2\/posts\/37290"}],"collection":[{"href":"https:\/\/www.suno.com.br\/noticias\/wp-json\/wp\/v2\/posts"}],"about":[{"href":"https:\/\/www.suno.com.br\/noticias\/wp-json\/wp\/v2\/types\/post"}],"author":[{"embeddable":true,"href":"https:\/\/www.suno.com.br\/noticias\/wp-json\/wp\/v2\/users\/19"}],"replies":[{"embeddable":true,"href":"https:\/\/www.suno.com.br\/noticias\/wp-json\/wp\/v2\/comments?post=37290"}],"version-history":[{"count":1,"href":"https:\/\/www.suno.com.br\/noticias\/wp-json\/wp\/v2\/posts\/37290\/revisions"}],"predecessor-version":[{"id":157714,"href":"https:\/\/www.suno.com.br\/noticias\/wp-json\/wp\/v2\/posts\/37290\/revisions\/157714"}],"wp:featuredmedia":[{"embeddable":true,"href":"https:\/\/www.suno.com.br\/noticias\/wp-json\/wp\/v2\/media\/28478"}],"wp:attachment":[{"href":"https:\/\/www.suno.com.br\/noticias\/wp-json\/wp\/v2\/media?parent=37290"}],"wp:term":[{"taxonomy":"category","embeddable":true,"href":"https:\/\/www.suno.com.br\/noticias\/wp-json\/wp\/v2\/categories?post=37290"},{"taxonomy":"post_tag","embeddable":true,"href":"https:\/\/www.suno.com.br\/noticias\/wp-json\/wp\/v2\/tags?post=37290"},{"taxonomy":"suno_strategy","embeddable":true,"href":"https:\/\/www.suno.com.br\/noticias\/wp-json\/wp\/v2\/suno_strategy?post=37290"}],"curies":[{"name":"wp","href":"https:\/\/api.w.org\/{rel}","templated":true}]}}