{"id":372297,"date":"2023-03-06T10:35:02","date_gmt":"2023-03-06T13:35:02","guid":{"rendered":"https:\/\/www.suno.com.br\/noticias\/?p=372297"},"modified":"2023-03-06T15:28:15","modified_gmt":"2023-03-06T18:28:15","slug":"azul-azul4-balanco-4t22-prejuizo","status":"publish","type":"post","link":"https:\/\/www.suno.com.br\/noticias\/azul-azul4-balanco-4t22-prejuizo\/","title":{"rendered":"Azul (AZUL4): Receita atinge &#8220;n\u00edveis recordes&#8221; no 4T22, mas empresa amarga preju\u00edzo de R$ 610,5 milh\u00f5es"},"content":{"rendered":"<p>A <strong>Azul<\/strong> (<a href=\"https:\/\/suno.com.br\/acoes\/azul4\/\" target=\"_blank\" rel=\"noreferrer noopener\">AZUL4<\/a>) fechou o quarto trimestre de 2022 (4T22) com uma <a class=\"suno-keyword\" data-force=\"no\" data-priority=\"1\" href=\"https:\/\/www.suno.com.br\/artigos\/receita-total\/\" target=\"_blank\" rel=\"noopener\">receita total<\/a> de R$ 4,5 bilh\u00f5es, n\u00famero 19,4% acima do 4T21. Contudo, segundo o balan\u00e7o apresentado ao mercado nesta segunda (6), esse aumento veio acompanhado de um crescimento do preju\u00edzo ajustado da companhia, que foi para R$ 610,5 milh\u00f5es &#8212; alta de 40% ante o mesmo per\u00edodo de 2021.<\/p>\t<div class=\"wrapper-featured-image\">\n\t\t<figure class=\"spotlightImg\">\n\n\t\t\t<picture>\n\t\t\t\t<source media=\"(max-width: 768px)\" srcset=\"https:\/\/files.sunoresearch.com.br\/n\/uploads\/2022\/12\/azul-azul4-resultados-400x200.jpg\">\n\t\t\t\t<img loading=\"lazy\" decoding=\"async\" class=\"newsContent__article__imgCapa lazyloadDisabled \" src=\"https:\/\/files.sunoresearch.com.br\/n\/uploads\/2022\/12\/azul-azul4-resultados-800x450.jpg\" width=\"800\" height=\"450\" alt=\"Azul (AZUL4): Receita atinge &#8220;n\u00edveis recordes&#8221; no 4T22, mas empresa amarga preju\u00edzo de R$ 610,5 milh\u00f5es\" fetchpriority=high \/>\n\t\t\t<\/picture>\n\n\t\t\t<figcaption class=\"wp-caption-text wp-caption-text--show\">Azul (AZUL4). Foto: Getty Images<\/figcaption>\n\t\t<\/figure>\n\t<\/div>\n\n\n\n\n\n\t<p>\n\t\t<a href=\"\" target=\"_blank\" data-element=\"shortcode-suno-banner\" title=\"Banner SUNO, clique e saiba mais\">\n\t\t\t<picture>\n\t\t\t\t<source media=\"(max-width: 500px)\" srcset=\"\">\n\t\t\t\t<img class=\"newsContent__article__imgCapa newsContent__article__imgCapa--banner\"\n\t\t\t\t\tsrc=\"\"\n\t\t\t\t\tdata-promo-id=\"265410\"\t\t\t\t\t\t\t\t\t\t\t\t\t\t\talt=\"\"\n\t\t\t\t>\n\t\t\t<\/picture>\n\t\t<\/a>\n\t<\/p>\n\n\n\n\n\n<p>&#8220;No 4T22 entregamos recorde em receita de R$ 4,5 bilh\u00f5es e um Ebitda (Lucros antes de juros, impostos, <a class=\"suno-keyword\" target=\"_blank\" data-force=\"no\" data-priority=\"1\" href=\"https:\/\/www.suno.com.br\/artigos\/depreciacao-amortizacao\/\" rel=\"noopener\">deprecia\u00e7\u00e3o e amortiza\u00e7\u00e3o<\/a>) de R$ 1,1 bilh\u00e3o, com uma margem de 25%, uma das maiores do mundo. Continuamos expandindo as nossas margens mesmo com o pre\u00e7o do combust\u00edvel subindo 116% em rela\u00e7\u00e3o ao 4T19 e 43% em rela\u00e7\u00e3o ao 4T21. Isso demonstra claramente a for\u00e7a do nosso modelo de neg\u00f3cios e nossa capacidade de criar <a class=\"suno-keyword\" target=\"_blank\" data-force=\"no\" data-priority=\"1\" href=\"https:\/\/www.suno.com.br\/artigos\/duas-empresas-com-vantagens-competitivas-que-pagam-altos-dividendos\/\" rel=\"noopener\">vantagens competitivas<\/a> sustent\u00e1veis&#8221;, destacou John Rodgerson, CEO da Azul, no informe disponibilizado na Comiss\u00e3o de Valores Mobili\u00e1rios (CVM).<\/p>\n\n\n\n<p>Confira os principais n\u00fameros do <strong>balan\u00e7o da Azul<\/strong> no 4T22:<\/p>\n\n\n\n<ul class=\"wp-block-list\">\n<li>Receita l\u00edquida total: R$ 4,453 bilh\u00f5es, alta de 19,4% ante o 4T21 (R$ 3,729 bilh\u00f5es);<\/li>\n\n\n\n<li>Ebitda: R$ 1.097 bilh\u00e3o, alta de 6,9% ante o 4T21 (R$ 1,027 bilh\u00e3o);<\/li>\n\n\n\n<li>Resultado l\u00edquido ajustado: preju\u00edzo de R$ 610,5 milh\u00f5es, alta de 40% ante o 4T21 (- R$ 436 milh\u00f5es);<\/li>\n<\/ul>\n\n\n\t<p>\n\t\t<a href=\"https:\/\/lp.suno.com.br\/planilha-controle-gastos\/\" target=\"_blank\" data-element=\"shortcode-suno-banner\" title=\"Banner SUNO, clique e saiba mais\">\n\t\t\t<picture>\n\t\t\t\t<source media=\"(max-width: 500px)\" srcset=\"https:\/\/files.sunoresearch.com.br\/n\/uploads\/2023\/03\/400x300-Planilha-controle-de-gastos.png\">\n\t\t\t\t<img class=\"newsContent__article__imgCapa newsContent__article__imgCapa--banner\"\n\t\t\t\t\tsrc=\"https:\/\/files.sunoresearch.com.br\/n\/uploads\/2023\/03\/1420x240-Planilha-controle-de-gastos.png\"\n\t\t\t\t\tdata-promo-id=\"101751\"\t\t\t\t\t\t\t\t\t\twidth='1420' height='240'\t\t\t\t\talt=\"https:\/\/files.sunoresearch.com.br\/n\/uploads\/2023\/03\/1420x240-Planilha-controle-de-gastos.png\"\n\t\t\t\t>\n\t\t\t<\/picture>\n\t\t<\/a>\n\t<\/p>\n\n\n\n\n\n<h2 class=\"wp-block-heading\">Azul: An\u00e1lises do balan\u00e7o<\/h2>\n\n\n\n<p>Na vis\u00e3o do analista do BB-BI Renato Hallgren, os <strong>n\u00fameros da Azul<\/strong> foram positivos. &#8220;A demanda permanece aquecida e sustenta n\u00edveis recordes na receita total de R$ 4,4 bilh\u00f5es no trimestre e R$ 15,9 bilh\u00f5es em 2022, alta de 19,4% a\/a e 59,9% a\/a respectivamente&#8221;, refor\u00e7ou o profissional.<\/p>\n\n\n\n<p>&#8220;Apesar da queima de caixa, julgamos o resultado positivo, principalmente por conta da renegocia\u00e7\u00e3o de d\u00edvida anunciada&#8221;, destacaram os analistas da Genial Investimentos Ygor Araujo e Bernardo Noel.<\/p>\n\n\n\n<p>A Genial trabalha com recomenda\u00e7\u00e3o de manter a a\u00e7\u00e3o AZUL4, com pre\u00e7o-alvo de R$ 15. J\u00e1 o time do BB-BI elevou o papel de neutro para compra, com pre\u00e7o-alvo de R$ 16,50. <\/p>\n\n\n\n<h2 class=\"wp-block-heading\" id=\"h-azul-em-2023-o-que-esperar\">Azul em 2023: O que esperar?<\/h2>\n\n\n\n<p>A divulga\u00e7\u00e3o dos n\u00fameros da <strong>Azul no 4T22<\/strong> ocorreu ap\u00f3s a companhia a\u00e9rea firmar um acordo com os arrendadores, que reduzir\u00e3o os pagamentos de arrendamento da Azul para eliminar diferimentos relacionados aos impactos da pandemia da Covid-19 bem como a diferen\u00e7a entre taxas contratuais.<\/p>\n\n\n\n<p>Em troca, os arrendadores receber\u00e3o um t\u00edtulo de d\u00edvida negoci\u00e1vel com vencimento em 2030 e a\u00e7\u00f5es precificadas de forma a refletir a <a class=\"suno-keyword\" target=\"_blank\" data-force=\"no\" data-priority=\"1\" href=\"https:\/\/www.suno.com.br\/artigos\/geracao-de-caixa\/\" rel=\"noopener\">gera\u00e7\u00e3o de caixa<\/a> da companhia, sua <a class=\"suno-keyword\" target=\"_blank\" data-force=\"no\" data-priority=\"1\" href=\"https:\/\/www.suno.com.br\/artigos\/indicadores-estrutura-capital\/\" rel=\"noopener\">estrutura de capital<\/a> e a redu\u00e7\u00e3o do <a class=\"suno-keyword\" target=\"_blank\" data-force=\"no\" data-priority=\"1\" href=\"https:\/\/www.suno.com.br\/artigos\/risco-de-credito\/\" rel=\"noopener\">risco de cr\u00e9dito<\/a>.<\/p>\n\n\n\t<p>\n\t\t<a href=\"https:\/\/lp.suno.com.br\/ebook-como-analisar-uma-acao\/\" target=\"_blank\" data-element=\"shortcode-suno-banner\" title=\"Banner SUNO, clique e saiba mais\">\n\t\t\t<picture>\n\t\t\t\t<source media=\"(max-width: 500px)\" srcset=\"https:\/\/files.sunoresearch.com.br\/n\/uploads\/2023\/03\/Ebook-Acoes-Mobile-1.jpg\">\n\t\t\t\t<img class=\"newsContent__article__imgCapa newsContent__article__imgCapa--banner\"\n\t\t\t\t\tsrc=\"https:\/\/files.sunoresearch.com.br\/n\/uploads\/2023\/03\/Ebook-Acoes-Desktop-1.jpg\"\n\t\t\t\t\tdata-promo-id=\"171998\"\t\t\t\t\t\t\t\t\t\twidth='1420' height='286'\t\t\t\t\talt=\"https:\/\/files.sunoresearch.com.br\/n\/uploads\/2023\/03\/Ebook-Acoes-Desktop-1.jpg\"\n\t\t\t\t>\n\t\t\t<\/picture>\n\t\t<\/a>\n\t<\/p>\n\n\n\n\n\n<p>&#8220;Os arrendadores representam 80% de nossa <a class=\"suno-keyword\" target=\"_blank\" data-force=\"no\" data-priority=\"1\" href=\"https:\/\/www.suno.com.br\/artigos\/divida-bruta\/\" rel=\"noopener\">d\u00edvida bruta<\/a> nominal. A celebra\u00e7\u00e3o desses acordos demonstra um enorme sucesso em nossa abordagem. Os arrendadores reconheceram que apoiar a Azul \u00e9 uma decis\u00e3o empresarial inteligente que maximiza sua receita, mas ainda assim nos sentimos honrados e gratos pelo seu valioso apoio&#8221;, destacou Alex Malfitani, CFO da Azul, em comunicado no domingo (5).<\/p>\n\n\n\n<blockquote class=\"wp-block-quote is-layout-flow wp-block-quote-is-layout-flow\">\n<p>Nenhuma aeronave saiu da nossa frota durante essas negocia\u00e7\u00f5es e, na verdade, nossos parceiros nos entregaram 12 novas aeronaves adicionais nos \u00faltimos cinco meses. As negocia\u00e7\u00f5es continuam com os arrendadores e demais parceiros, como os OEMs, e estamos muito otimistas de que chegaremos a acordos com todos eles.<\/p>\n<\/blockquote>\n\n\n\n<p>No balan\u00e7o do 4T22, o CEO da <strong>Azul<\/strong> refor\u00e7ou que a companhia encontra-se animada para os resultados deste novo ano: &#8220;Esperamos gerar uma receita recorde de R$ 20 bilh\u00f5es e um EBITDA tamb\u00e9m recorde de mais de R$5 bilh\u00f5es, aproximadamente 40% acima em compara\u00e7\u00e3o com 2019&#8221;.<\/p>\n\n\n\t<p>\n\t\t<a href=\"https:\/\/lp.suno.com.br\/planilha-de-controle-de-investimentos\/\" target=\"_blank\" data-element=\"shortcode-suno-banner\" title=\"Banner SUNO, clique e saiba mais\">\n\t\t\t<picture>\n\t\t\t\t<source media=\"(max-width: 500px)\" srcset=\"https:\/\/files.sunoresearch.com.br\/n\/uploads\/2023\/03\/400x300-Controle-de-Investimentos.png\">\n\t\t\t\t<img class=\"newsContent__article__imgCapa newsContent__article__imgCapa--banner\"\n\t\t\t\t\tsrc=\"https:\/\/files.sunoresearch.com.br\/n\/uploads\/2023\/03\/1420x240-Controle-de-Investimentos.png\"\n\t\t\t\t\tdata-promo-id=\"75934\"\t\t\t\t\t\t\t\t\t\twidth='1420' height='240'\t\t\t\t\talt=\"https:\/\/files.sunoresearch.com.br\/n\/uploads\/2023\/03\/1420x240-Controle-de-Investimentos.png\"\n\t\t\t\t>\n\t\t\t<\/picture>\n\t\t<\/a>\n\t<\/p>\n\n\n","protected":false},"excerpt":{"rendered":"<p>A Azul (AZUL4) fechou o quarto trimestre de 2022 (4T22) com uma receita total de R$ 4,5 bilh\u00f5es, n\u00famero 19,4% acima do 4T21. Contudo, segundo o balan\u00e7o apresentado ao mercado nesta segunda (6), esse aumento veio acompanhado de um crescimento do preju\u00edzo ajustado da companhia, que foi para R$ 610,5 milh\u00f5es &#8212; alta de 40% [&hellip;]<\/p>\n","protected":false},"author":232,"featured_media":333636,"comment_status":"closed","ping_status":"closed","sticky":false,"template":"","format":"standard","meta":[],"categories":[60],"tags":[286,106932,105816,1607],"suno_strategy":[],"class_list":["post-372297","post","type-post","status-publish","format-standard","has-post-thumbnail","hentry","category-mercado","tag-acoes","tag-azul-azul4","tag-especialistas","tag-resultado-das-empresas"],"yoast_head":"<!-- This site is optimized with the Yoast SEO plugin v24.4 - https:\/\/yoast.com\/wordpress\/plugins\/seo\/ -->\n<title>Azul (AZUL4) amarga preju\u00edzo de R$ 610,5 milh\u00f5es no 4T22; veja balan\u00e7o<\/title>\n<meta name=\"description\" content=\"A Azul (AZUL4) fechou o quarto trimestre de 2022 (4T22) com um preju\u00edzo de R$ 610,5 milh\u00f5es. Clique e saiba mais sobre o caso.\" \/>\n<meta name=\"robots\" content=\"index, follow, max-snippet:-1, max-image-preview:large, max-video-preview:-1\" \/>\n<link rel=\"canonical\" href=\"https:\/\/www.suno.com.br\/noticias\/azul-azul4-balanco-4t22-prejuizo\/\" \/>\n<meta property=\"og:locale\" content=\"pt_BR\" \/>\n<meta property=\"og:type\" content=\"article\" \/>\n<meta property=\"og:title\" content=\"Azul (AZUL4) amarga preju\u00edzo de R$ 610,5 milh\u00f5es no 4T22; veja balan\u00e7o\" \/>\n<meta property=\"og:description\" content=\"A Azul (AZUL4) fechou o quarto trimestre de 2022 (4T22) com um preju\u00edzo de R$ 610,5 milh\u00f5es. Clique e saiba mais sobre o caso.\" \/>\n<meta property=\"og:url\" content=\"https:\/\/www.suno.com.br\/noticias\/azul-azul4-balanco-4t22-prejuizo\/\" \/>\n<meta property=\"og:site_name\" content=\"Suno Not\u00edcias\" \/>\n<meta property=\"article:publisher\" content=\"https:\/\/facebook.com\/sunoresearch\" \/>\n<meta property=\"og:image\" content=\"https:\/\/files.sunoresearch.com.br\/n\/uploads\/2022\/12\/azul-azul4-resultados.jpg\" \/>\n\t<meta property=\"og:image:width\" content=\"1200\" \/>\n\t<meta property=\"og:image:height\" content=\"800\" \/>\n\t<meta property=\"og:image:type\" content=\"image\/jpeg\" \/>\n<meta name=\"author\" content=\"Erick Matheus Nery\" \/>\n<meta name=\"twitter:card\" content=\"summary_large_image\" \/>\n<meta name=\"twitter:creator\" content=\"@sunoresearch\" \/>\n<meta name=\"twitter:site\" content=\"@sunoresearch\" \/>\n<meta name=\"twitter:label1\" content=\"Escrito por\" \/>\n\t<meta name=\"twitter:data1\" content=\"Erick Matheus Nery\" \/>\n\t<meta name=\"twitter:label2\" content=\"Est. tempo de leitura\" \/>\n\t<meta name=\"twitter:data2\" content=\"4 minutos\" \/>\n<script type=\"application\/ld+json\" class=\"yoast-schema-graph\">{\"@context\":\"https:\/\/schema.org\",\"@graph\":[{\"@type\":\"NewsArticle\",\"@id\":\"https:\/\/www.suno.com.br\/noticias\/azul-azul4-balanco-4t22-prejuizo\/#article\",\"isPartOf\":{\"@id\":\"https:\/\/www.suno.com.br\/noticias\/azul-azul4-balanco-4t22-prejuizo\/\"},\"author\":{\"name\":\"Erick Matheus Nery\",\"@id\":\"https:\/\/www.suno.com.br\/noticias\/#\/schema\/person\/6899bc3f19d1a7315f807131c2c013a0\"},\"headline\":\"Azul (AZUL4): Receita atinge &#8220;n\u00edveis recordes&#8221; no 4T22, mas empresa amarga preju\u00edzo de R$ 610,5 milh\u00f5es\",\"datePublished\":\"2023-03-06T13:35:02+00:00\",\"dateModified\":\"2023-03-06T18:28:15+00:00\",\"mainEntityOfPage\":{\"@id\":\"https:\/\/www.suno.com.br\/noticias\/azul-azul4-balanco-4t22-prejuizo\/\"},\"wordCount\":625,\"publisher\":{\"@id\":\"https:\/\/www.suno.com.br\/noticias\/#organization\"},\"image\":{\"@id\":\"https:\/\/www.suno.com.br\/noticias\/azul-azul4-balanco-4t22-prejuizo\/#primaryimage\"},\"thumbnailUrl\":\"https:\/\/files.sunoresearch.com.br\/n\/uploads\/2022\/12\/azul-azul4-resultados.jpg\",\"keywords\":[\"A\u00e7\u00f5es\",\"Azul (AZUL4)\",\"Especialistas\",\"Resultado das empresas\"],\"articleSection\":[\"Mercado\"],\"inLanguage\":\"pt-BR\"},{\"@type\":\"WebPage\",\"@id\":\"https:\/\/www.suno.com.br\/noticias\/azul-azul4-balanco-4t22-prejuizo\/\",\"url\":\"https:\/\/www.suno.com.br\/noticias\/azul-azul4-balanco-4t22-prejuizo\/\",\"name\":\"Azul (AZUL4) amarga preju\u00edzo de R$ 610,5 milh\u00f5es no 4T22; veja balan\u00e7o\",\"isPartOf\":{\"@id\":\"https:\/\/www.suno.com.br\/noticias\/#website\"},\"primaryImageOfPage\":{\"@id\":\"https:\/\/www.suno.com.br\/noticias\/azul-azul4-balanco-4t22-prejuizo\/#primaryimage\"},\"image\":{\"@id\":\"https:\/\/www.suno.com.br\/noticias\/azul-azul4-balanco-4t22-prejuizo\/#primaryimage\"},\"thumbnailUrl\":\"https:\/\/files.sunoresearch.com.br\/n\/uploads\/2022\/12\/azul-azul4-resultados.jpg\",\"datePublished\":\"2023-03-06T13:35:02+00:00\",\"dateModified\":\"2023-03-06T18:28:15+00:00\",\"description\":\"A Azul (AZUL4) fechou o quarto trimestre de 2022 (4T22) com um preju\u00edzo de R$ 610,5 milh\u00f5es. Clique e saiba mais sobre o caso.\",\"breadcrumb\":{\"@id\":\"https:\/\/www.suno.com.br\/noticias\/azul-azul4-balanco-4t22-prejuizo\/#breadcrumb\"},\"inLanguage\":\"pt-BR\",\"potentialAction\":[{\"@type\":\"ReadAction\",\"target\":[\"https:\/\/www.suno.com.br\/noticias\/azul-azul4-balanco-4t22-prejuizo\/\"]}]},{\"@type\":\"ImageObject\",\"inLanguage\":\"pt-BR\",\"@id\":\"https:\/\/www.suno.com.br\/noticias\/azul-azul4-balanco-4t22-prejuizo\/#primaryimage\",\"url\":\"https:\/\/files.sunoresearch.com.br\/n\/uploads\/2022\/12\/azul-azul4-resultados.jpg\",\"contentUrl\":\"https:\/\/files.sunoresearch.com.br\/n\/uploads\/2022\/12\/azul-azul4-resultados.jpg\",\"width\":1200,\"height\":800,\"caption\":\"Azul (AZUL4). Foto: Getty Images\"},{\"@type\":\"BreadcrumbList\",\"@id\":\"https:\/\/www.suno.com.br\/noticias\/azul-azul4-balanco-4t22-prejuizo\/#breadcrumb\",\"itemListElement\":[{\"@type\":\"ListItem\",\"position\":1,\"name\":\"Not\u00edcias\",\"item\":\"https:\/\/www.suno.com.br\/noticias\/\"},{\"@type\":\"ListItem\",\"position\":2,\"name\":\"Mercado\",\"item\":\"https:\/\/www.suno.com.br\/noticias\/mercado\/\"},{\"@type\":\"ListItem\",\"position\":3,\"name\":\"Azul (AZUL4): Receita atinge &#8220;n\u00edveis recordes&#8221; no 4T22, mas empresa amarga preju\u00edzo de R$ 610,5 milh\u00f5es\"}]},{\"@type\":\"WebSite\",\"@id\":\"https:\/\/www.suno.com.br\/noticias\/#website\",\"url\":\"https:\/\/www.suno.com.br\/noticias\/\",\"name\":\"Suno Not\u00edcias\",\"description\":\"Seu portal de informa\u00e7\u00e3o sobre o mundo dos investimentos\",\"publisher\":{\"@id\":\"https:\/\/www.suno.com.br\/noticias\/#organization\"},\"potentialAction\":[{\"@type\":\"SearchAction\",\"target\":{\"@type\":\"EntryPoint\",\"urlTemplate\":\"https:\/\/www.suno.com.br\/noticias\/?s={search_term_string}\"},\"query-input\":{\"@type\":\"PropertyValueSpecification\",\"valueRequired\":true,\"valueName\":\"search_term_string\"}}],\"inLanguage\":\"pt-BR\"},{\"@type\":\"Organization\",\"@id\":\"https:\/\/www.suno.com.br\/noticias\/#organization\",\"name\":\"Suno Not\u00edcias\",\"url\":\"https:\/\/www.suno.com.br\/noticias\/\",\"logo\":{\"@type\":\"ImageObject\",\"inLanguage\":\"pt-BR\",\"@id\":\"https:\/\/www.suno.com.br\/noticias\/#\/schema\/logo\/image\/\",\"url\":\"https:\/\/files.sunoresearch.com.br\/n\/uploads\/2021\/09\/suno-logo.png\",\"contentUrl\":\"https:\/\/files.sunoresearch.com.br\/n\/uploads\/2021\/09\/suno-logo.png\",\"width\":180,\"height\":180,\"caption\":\"Suno Not\u00edcias\"},\"image\":{\"@id\":\"https:\/\/www.suno.com.br\/noticias\/#\/schema\/logo\/image\/\"},\"sameAs\":[\"https:\/\/facebook.com\/sunoresearch\",\"https:\/\/x.com\/sunoresearch\",\"https:\/\/www.instagram.com\/suno\",\"https:\/\/www.linkedin.com\/company\/suno-research\/\",\"https:\/\/www.youtube.com\/c\/sunoresearch\"]},{\"@type\":\"Person\",\"@id\":\"https:\/\/www.suno.com.br\/noticias\/#\/schema\/person\/6899bc3f19d1a7315f807131c2c013a0\",\"name\":\"Erick Matheus Nery\",\"image\":{\"@type\":\"ImageObject\",\"inLanguage\":\"pt-BR\",\"@id\":\"https:\/\/www.suno.com.br\/noticias\/#\/schema\/person\/image\/\",\"url\":\"https:\/\/secure.gravatar.com\/avatar\/518ddffe438ccb767782d372a66304d2?s=96&r=g\",\"contentUrl\":\"https:\/\/secure.gravatar.com\/avatar\/518ddffe438ccb767782d372a66304d2?s=96&r=g\",\"caption\":\"Erick Matheus Nery\"},\"description\":\"Formado em Jornalismo pela Universidade Federal do Par\u00e1 (UFPA), conta com extens\u00e3o em Jornalismo Econ\u00f4mico pela Funda\u00e7\u00e3o Get\u00falio Vargas (FGV). No Suno Not\u00edcias, atua como rep\u00f3rter de Mercado, com foco nos setores de telecomunica\u00e7\u00f5es, varejo, alimentos e renda fixa. Conta com passagens pelo jornal O Estado de S\u00e3o Paulo, como trainee de Jornalismo Econ\u00f4mico, e pelo site Not\u00edcias da TV.\",\"url\":\"https:\/\/www.suno.com.br\/noticias\/author\/erick-nery\/\"}]}<\/script>\n<!-- \/ Yoast SEO plugin. -->","yoast_head_json":{"title":"Azul (AZUL4) amarga preju\u00edzo de R$ 610,5 milh\u00f5es no 4T22; veja balan\u00e7o","description":"A Azul (AZUL4) fechou o quarto trimestre de 2022 (4T22) com um preju\u00edzo de R$ 610,5 milh\u00f5es. Clique e saiba mais sobre o caso.","robots":{"index":"index","follow":"follow","max-snippet":"max-snippet:-1","max-image-preview":"max-image-preview:large","max-video-preview":"max-video-preview:-1"},"canonical":"https:\/\/www.suno.com.br\/noticias\/azul-azul4-balanco-4t22-prejuizo\/","og_locale":"pt_BR","og_type":"article","og_title":"Azul (AZUL4) amarga preju\u00edzo de R$ 610,5 milh\u00f5es no 4T22; veja balan\u00e7o","og_description":"A Azul (AZUL4) fechou o quarto trimestre de 2022 (4T22) com um preju\u00edzo de R$ 610,5 milh\u00f5es. Clique e saiba mais sobre o caso.","og_url":"https:\/\/www.suno.com.br\/noticias\/azul-azul4-balanco-4t22-prejuizo\/","og_site_name":"Suno Not\u00edcias","article_publisher":"https:\/\/facebook.com\/sunoresearch","og_image":[{"width":1200,"height":800,"url":"https:\/\/files.sunoresearch.com.br\/n\/uploads\/2022\/12\/azul-azul4-resultados.jpg","type":"image\/jpeg"}],"author":"Erick Matheus Nery","twitter_card":"summary_large_image","twitter_creator":"@sunoresearch","twitter_site":"@sunoresearch","twitter_misc":{"Escrito por":"Erick Matheus Nery","Est. tempo de leitura":"4 minutos"},"schema":{"@context":"https:\/\/schema.org","@graph":[{"@type":"NewsArticle","@id":"https:\/\/www.suno.com.br\/noticias\/azul-azul4-balanco-4t22-prejuizo\/#article","isPartOf":{"@id":"https:\/\/www.suno.com.br\/noticias\/azul-azul4-balanco-4t22-prejuizo\/"},"author":{"name":"Erick Matheus Nery","@id":"https:\/\/www.suno.com.br\/noticias\/#\/schema\/person\/6899bc3f19d1a7315f807131c2c013a0"},"headline":"Azul (AZUL4): Receita atinge &#8220;n\u00edveis recordes&#8221; no 4T22, mas empresa amarga preju\u00edzo de R$ 610,5 milh\u00f5es","datePublished":"2023-03-06T13:35:02+00:00","dateModified":"2023-03-06T18:28:15+00:00","mainEntityOfPage":{"@id":"https:\/\/www.suno.com.br\/noticias\/azul-azul4-balanco-4t22-prejuizo\/"},"wordCount":625,"publisher":{"@id":"https:\/\/www.suno.com.br\/noticias\/#organization"},"image":{"@id":"https:\/\/www.suno.com.br\/noticias\/azul-azul4-balanco-4t22-prejuizo\/#primaryimage"},"thumbnailUrl":"https:\/\/files.sunoresearch.com.br\/n\/uploads\/2022\/12\/azul-azul4-resultados.jpg","keywords":["A\u00e7\u00f5es","Azul (AZUL4)","Especialistas","Resultado das empresas"],"articleSection":["Mercado"],"inLanguage":"pt-BR"},{"@type":"WebPage","@id":"https:\/\/www.suno.com.br\/noticias\/azul-azul4-balanco-4t22-prejuizo\/","url":"https:\/\/www.suno.com.br\/noticias\/azul-azul4-balanco-4t22-prejuizo\/","name":"Azul (AZUL4) amarga preju\u00edzo de R$ 610,5 milh\u00f5es no 4T22; veja balan\u00e7o","isPartOf":{"@id":"https:\/\/www.suno.com.br\/noticias\/#website"},"primaryImageOfPage":{"@id":"https:\/\/www.suno.com.br\/noticias\/azul-azul4-balanco-4t22-prejuizo\/#primaryimage"},"image":{"@id":"https:\/\/www.suno.com.br\/noticias\/azul-azul4-balanco-4t22-prejuizo\/#primaryimage"},"thumbnailUrl":"https:\/\/files.sunoresearch.com.br\/n\/uploads\/2022\/12\/azul-azul4-resultados.jpg","datePublished":"2023-03-06T13:35:02+00:00","dateModified":"2023-03-06T18:28:15+00:00","description":"A Azul (AZUL4) fechou o quarto trimestre de 2022 (4T22) com um preju\u00edzo de R$ 610,5 milh\u00f5es. Clique e saiba mais sobre o caso.","breadcrumb":{"@id":"https:\/\/www.suno.com.br\/noticias\/azul-azul4-balanco-4t22-prejuizo\/#breadcrumb"},"inLanguage":"pt-BR","potentialAction":[{"@type":"ReadAction","target":["https:\/\/www.suno.com.br\/noticias\/azul-azul4-balanco-4t22-prejuizo\/"]}]},{"@type":"ImageObject","inLanguage":"pt-BR","@id":"https:\/\/www.suno.com.br\/noticias\/azul-azul4-balanco-4t22-prejuizo\/#primaryimage","url":"https:\/\/files.sunoresearch.com.br\/n\/uploads\/2022\/12\/azul-azul4-resultados.jpg","contentUrl":"https:\/\/files.sunoresearch.com.br\/n\/uploads\/2022\/12\/azul-azul4-resultados.jpg","width":1200,"height":800,"caption":"Azul (AZUL4). Foto: Getty Images"},{"@type":"BreadcrumbList","@id":"https:\/\/www.suno.com.br\/noticias\/azul-azul4-balanco-4t22-prejuizo\/#breadcrumb","itemListElement":[{"@type":"ListItem","position":1,"name":"Not\u00edcias","item":"https:\/\/www.suno.com.br\/noticias\/"},{"@type":"ListItem","position":2,"name":"Mercado","item":"https:\/\/www.suno.com.br\/noticias\/mercado\/"},{"@type":"ListItem","position":3,"name":"Azul (AZUL4): Receita atinge &#8220;n\u00edveis recordes&#8221; no 4T22, mas empresa amarga preju\u00edzo de R$ 610,5 milh\u00f5es"}]},{"@type":"WebSite","@id":"https:\/\/www.suno.com.br\/noticias\/#website","url":"https:\/\/www.suno.com.br\/noticias\/","name":"Suno Not\u00edcias","description":"Seu portal de informa\u00e7\u00e3o sobre o mundo dos investimentos","publisher":{"@id":"https:\/\/www.suno.com.br\/noticias\/#organization"},"potentialAction":[{"@type":"SearchAction","target":{"@type":"EntryPoint","urlTemplate":"https:\/\/www.suno.com.br\/noticias\/?s={search_term_string}"},"query-input":{"@type":"PropertyValueSpecification","valueRequired":true,"valueName":"search_term_string"}}],"inLanguage":"pt-BR"},{"@type":"Organization","@id":"https:\/\/www.suno.com.br\/noticias\/#organization","name":"Suno Not\u00edcias","url":"https:\/\/www.suno.com.br\/noticias\/","logo":{"@type":"ImageObject","inLanguage":"pt-BR","@id":"https:\/\/www.suno.com.br\/noticias\/#\/schema\/logo\/image\/","url":"https:\/\/files.sunoresearch.com.br\/n\/uploads\/2021\/09\/suno-logo.png","contentUrl":"https:\/\/files.sunoresearch.com.br\/n\/uploads\/2021\/09\/suno-logo.png","width":180,"height":180,"caption":"Suno Not\u00edcias"},"image":{"@id":"https:\/\/www.suno.com.br\/noticias\/#\/schema\/logo\/image\/"},"sameAs":["https:\/\/facebook.com\/sunoresearch","https:\/\/x.com\/sunoresearch","https:\/\/www.instagram.com\/suno","https:\/\/www.linkedin.com\/company\/suno-research\/","https:\/\/www.youtube.com\/c\/sunoresearch"]},{"@type":"Person","@id":"https:\/\/www.suno.com.br\/noticias\/#\/schema\/person\/6899bc3f19d1a7315f807131c2c013a0","name":"Erick Matheus Nery","image":{"@type":"ImageObject","inLanguage":"pt-BR","@id":"https:\/\/www.suno.com.br\/noticias\/#\/schema\/person\/image\/","url":"https:\/\/secure.gravatar.com\/avatar\/518ddffe438ccb767782d372a66304d2?s=96&r=g","contentUrl":"https:\/\/secure.gravatar.com\/avatar\/518ddffe438ccb767782d372a66304d2?s=96&r=g","caption":"Erick Matheus Nery"},"description":"Formado em Jornalismo pela Universidade Federal do Par\u00e1 (UFPA), conta com extens\u00e3o em Jornalismo Econ\u00f4mico pela Funda\u00e7\u00e3o Get\u00falio Vargas (FGV). No Suno Not\u00edcias, atua como rep\u00f3rter de Mercado, com foco nos setores de telecomunica\u00e7\u00f5es, varejo, alimentos e renda fixa. Conta com passagens pelo jornal O Estado de S\u00e3o Paulo, como trainee de Jornalismo Econ\u00f4mico, e pelo site Not\u00edcias da TV.","url":"https:\/\/www.suno.com.br\/noticias\/author\/erick-nery\/"}]}},"default_loop_html":"<div class=\"cardsPage__listCard__boxs\"><div class=\"cardsPage__listCard__boxs__img\"><a href=\"https:\/\/www.suno.com.br\/noticias\/azul-azul4-balanco-4t22-prejuizo\/\"><img class=\"mask\" src=\"https:\/\/www.suno.com.br\/noticias\/wp-content\/themes\/suno\/resources\/images\/spotlight\/spotlight1img\/bg-mask.png\" alt=\"Image Mask\"\/><img src=\"https:\/\/files.sunoresearch.com.br\/n\/uploads\/2022\/12\/azul-azul4-resultados-400x200.jpg\" alt=\"Azul (AZUL4): Receita atinge &#8220;n\u00edveis recordes&#8221; no 4T22, mas empresa amarga preju\u00edzo de R$ 610,5 milh\u00f5es\"\/><\/a><span class=\"spotlightCategory\"><a href=\"https:\/\/www.suno.com.br\/noticias\/mercado\/\">Mercado<\/a><\/span><\/div><div class=\"cardsPage__listCard__boxs__content\"><a href=\"https:\/\/www.suno.com.br\/noticias\/azul-azul4-balanco-4t22-prejuizo\/\"><h2 class=\"content__title\">Azul (AZUL4): Receita atinge &#8220;n\u00edveis recordes&#8221; no 4T22, mas empresa amarga preju\u00edzo de R$ 610,5 milh\u00f5es<\/h2><\/a><div class=\"newsContent__article__meta\"><div class=\"newsContent__article__meta__authorBox\"><a href=\"https:\/\/www.suno.com.br\/noticias\/author\/erick-nery\/\" class=\"authorBox__avatar noMobi\"><img src=\"https:\/\/secure.gravatar.com\/avatar\/518ddffe438ccb767782d372a66304d2?s=96&#038;r=g\" alt=\"Erick Matheus Nery\"><\/a><div class=\"authorBox__name\"><span>por\n\t\t\t<a href=\"https:\/\/www.suno.com.br\/noticias\/author\/erick-nery\/\"><span itemprop=\"author\">Erick Matheus Nery<\/span><\/a><\/span><time datetime=\"2023-03-06T10:35:02-03:00\" itemprop=\"datePublished\">06\/03\/2023 10:35<\/time><\/div><\/div><\/div><\/div><\/div>","single_layout":"posts","amp_enabled":true,"_links":{"self":[{"href":"https:\/\/www.suno.com.br\/noticias\/wp-json\/wp\/v2\/posts\/372297"}],"collection":[{"href":"https:\/\/www.suno.com.br\/noticias\/wp-json\/wp\/v2\/posts"}],"about":[{"href":"https:\/\/www.suno.com.br\/noticias\/wp-json\/wp\/v2\/types\/post"}],"author":[{"embeddable":true,"href":"https:\/\/www.suno.com.br\/noticias\/wp-json\/wp\/v2\/users\/232"}],"replies":[{"embeddable":true,"href":"https:\/\/www.suno.com.br\/noticias\/wp-json\/wp\/v2\/comments?post=372297"}],"version-history":[{"count":2,"href":"https:\/\/www.suno.com.br\/noticias\/wp-json\/wp\/v2\/posts\/372297\/revisions"}],"predecessor-version":[{"id":372439,"href":"https:\/\/www.suno.com.br\/noticias\/wp-json\/wp\/v2\/posts\/372297\/revisions\/372439"}],"wp:featuredmedia":[{"embeddable":true,"href":"https:\/\/www.suno.com.br\/noticias\/wp-json\/wp\/v2\/media\/333636"}],"wp:attachment":[{"href":"https:\/\/www.suno.com.br\/noticias\/wp-json\/wp\/v2\/media?parent=372297"}],"wp:term":[{"taxonomy":"category","embeddable":true,"href":"https:\/\/www.suno.com.br\/noticias\/wp-json\/wp\/v2\/categories?post=372297"},{"taxonomy":"post_tag","embeddable":true,"href":"https:\/\/www.suno.com.br\/noticias\/wp-json\/wp\/v2\/tags?post=372297"},{"taxonomy":"suno_strategy","embeddable":true,"href":"https:\/\/www.suno.com.br\/noticias\/wp-json\/wp\/v2\/suno_strategy?post=372297"}],"curies":[{"name":"wp","href":"https:\/\/api.w.org\/{rel}","templated":true}]}}