{"id":372194,"date":"2023-03-06T08:53:29","date_gmt":"2023-03-06T11:53:29","guid":{"rendered":"https:\/\/www.suno.com.br\/noticias\/?p=372194"},"modified":"2023-03-06T17:17:15","modified_gmt":"2023-03-06T20:17:15","slug":"via-viia3-casas-bahia-fecha-megaloja-sp","status":"publish","type":"post","link":"https:\/\/www.suno.com.br\/noticias\/via-viia3-casas-bahia-fecha-megaloja-sp\/","title":{"rendered":"Via (VIIA3): Casas Bahia fecha megaloja em SP ap\u00f3s 19 anos"},"content":{"rendered":"<p>A Casas Bahia, uma das opera\u00e7\u00f5es varejistas da <a href=\"https:\/\/www.suno.com.br\/acoes\/viia3\/\" target=\"_blank\" rel=\"noreferrer noopener\">Via (<strong>VIIA3<\/strong>)<\/a>, fechou sua megaloja localizada no edif\u00edcio Jo\u00e3o Br\u00edcola, no centro de S\u00e3o Paulo. Segundo informa\u00e7\u00f5es divulgadas na sexta (3), a empresa ocupava o espa\u00e7o h\u00e1 19 anos e justificou o encerramento dessa opera\u00e7\u00e3o como um &#8220;ciclo natural do varejo&#8221;.<\/p>\t<div class=\"wrapper-featured-image\">\n\t\t<figure class=\"spotlightImg\">\n\n\t\t\t<picture>\n\t\t\t\t<source media=\"(max-width: 768px)\" srcset=\"https:\/\/files.sunoresearch.com.br\/n\/uploads\/2022\/11\/via-viia3-fachada-loja-casas-bahiha-reproducao-twitter-400x200.jpg\">\n\t\t\t\t<img loading=\"lazy\" decoding=\"async\" class=\"newsContent__article__imgCapa lazyloadDisabled \" src=\"https:\/\/files.sunoresearch.com.br\/n\/uploads\/2022\/11\/via-viia3-fachada-loja-casas-bahiha-reproducao-twitter-800x450.jpg\" width=\"800\" height=\"450\" alt=\"Via (VIIA3): Casas Bahia fecha megaloja em SP ap\u00f3s 19 anos\" fetchpriority=high \/>\n\t\t\t<\/picture>\n\n\t\t\t<figcaption class=\"wp-caption-text wp-caption-text--show\">Fachada de loja das Casas Bahia, empresa operada pela Via (VIIA3). Foto: Divulga\u00e7\u00e3o\/Twitter<\/figcaption>\n\t\t<\/figure>\n\t<\/div>\n\n\n\n\n\n\t<p>\n\t\t<a href=\"\" target=\"_blank\" data-element=\"shortcode-suno-banner\" title=\"Banner SUNO, clique e saiba mais\">\n\t\t\t<picture>\n\t\t\t\t<source media=\"(max-width: 500px)\" srcset=\"\">\n\t\t\t\t<img class=\"newsContent__article__imgCapa newsContent__article__imgCapa--banner\"\n\t\t\t\t\tsrc=\"\"\n\t\t\t\t\tdata-promo-id=\"250707\"\t\t\t\t\t\t\t\t\t\t\t\t\t\t\talt=\"\"\n\t\t\t\t>\n\t\t\t<\/picture>\n\t\t<\/a>\n\t<\/p>\n\n\n\n\n\n<p>&#8220;O movimento faz parte de um ciclo natural do <strong>varejo<\/strong>, de fechamento e abertura de lojas. Os colaboradores da unidade foram realocados em outras unidades&#8221;, destacou a empresa em nota enviada \u00e0 Bloomberg L\u00ednea.<\/p>\n\n\n\n<p>Segundo fontes do ve\u00edculo, o aluguel mensal do im\u00f3vel est\u00e1 estimado em R$ 700 mil. Desde 2004, a <strong>Casas Bahia<\/strong> ocupava os 13 andares do pr\u00e9dio, equivalente a cerca de 12 mil metros quadrados.<\/p>\n\n\n\t<p>\n\t\t<a href=\"https:\/\/lp.suno.com.br\/planilha-controle-gastos\/\" target=\"_blank\" data-element=\"shortcode-suno-banner\" title=\"Banner SUNO, clique e saiba mais\">\n\t\t\t<picture>\n\t\t\t\t<source media=\"(max-width: 500px)\" srcset=\"https:\/\/files.sunoresearch.com.br\/n\/uploads\/2023\/03\/400x300-Planilha-controle-de-gastos.png\">\n\t\t\t\t<img class=\"newsContent__article__imgCapa newsContent__article__imgCapa--banner\"\n\t\t\t\t\tsrc=\"https:\/\/files.sunoresearch.com.br\/n\/uploads\/2023\/03\/1420x240-Planilha-controle-de-gastos.png\"\n\t\t\t\t\tdata-promo-id=\"101751\"\t\t\t\t\t\t\t\t\t\twidth='1420' height='240'\t\t\t\t\talt=\"https:\/\/files.sunoresearch.com.br\/n\/uploads\/2023\/03\/1420x240-Planilha-controle-de-gastos.png\"\n\t\t\t\t>\n\t\t\t<\/picture>\n\t\t<\/a>\n\t<\/p>\n\n\n\n\n\n<p>As atividades da <strong>megaloja da Casas Bahia<\/strong> foram encerradas na semana passada, mas a devolu\u00e7\u00e3o do im\u00f3vel ainda n\u00e3o foi oficializada.<\/p>\n\n\n\n<p>O fechamento da<strong> loja da Casas Bahia<\/strong> ocorre em um momento delicado para o varejo brasileiro, em especial, por causa da elevada <a class=\"suno-keyword\" data-force=\"no\" data-priority=\"2\" href=\"https:\/\/www.suno.com.br\/artigos\/juros\/\" target=\"_blank\" rel=\"noopener\">taxa de juros<\/a> e da explos\u00e3o da crise na Americanas (<a href=\"https:\/\/suno.com.br\/acoes\/amer3\/\" target=\"_blank\" rel=\"noreferrer noopener\">AMER3<\/a>), que encontra-se em recupera\u00e7\u00e3o judicial com d\u00edvidas bilion\u00e1rias.<\/p>\n\n\n\t<p>\n\t\t<a href=\"https:\/\/lp.suno.com.br\/ebook-como-analisar-uma-acao\/\" target=\"_blank\" data-element=\"shortcode-suno-banner\" title=\"Banner SUNO, clique e saiba mais\">\n\t\t\t<picture>\n\t\t\t\t<source media=\"(max-width: 500px)\" srcset=\"https:\/\/files.sunoresearch.com.br\/n\/uploads\/2023\/03\/Ebook-Acoes-Mobile-1.jpg\">\n\t\t\t\t<img class=\"newsContent__article__imgCapa newsContent__article__imgCapa--banner\"\n\t\t\t\t\tsrc=\"https:\/\/files.sunoresearch.com.br\/n\/uploads\/2023\/03\/Ebook-Acoes-Desktop-1.jpg\"\n\t\t\t\t\tdata-promo-id=\"171998\"\t\t\t\t\t\t\t\t\t\twidth='1420' height='286'\t\t\t\t\talt=\"https:\/\/files.sunoresearch.com.br\/n\/uploads\/2023\/03\/Ebook-Acoes-Desktop-1.jpg\"\n\t\t\t\t>\n\t\t\t<\/picture>\n\t\t<\/a>\n\t<\/p>\n\n\n\n\n\n<h2 class=\"wp-block-heading\" id=\"h-viia3-previas-do-balanco-do-4t22\">VIIA3: Pr\u00e9vias do balan\u00e7o do 4T22<\/h2>\n\n\n\n<p>Quem tem <strong>a\u00e7\u00f5es da Via<\/strong> desde mar\u00e7o de 2022 viu metade desse investimento virar p\u00f3 nos \u00faltimos doze meses, com queda de mais de 50%. Nesta quinta (9), a empresa divulga seu balan\u00e7o do quarto trimestre de 2022 (4T22) e, na vis\u00e3o dos analistas do BTG Pactual, XP Investimentos e Inter Research, n\u00e3o ser\u00e1 nesta vez que a varejista dar\u00e1 a volta por cima.<\/p>\n\n\n\t<div data-element=\"shortcode-read-more\" class=\"knowMore\">\n\t\t\t\t<span class=\"knowMore__title\">Leia mais<\/span>\n\t\t\t\t<a class=\"knowMore__link\" href=\"https:\/\/www.suno.com.br\/noticias\/via-viia3-previa-balanco-4t22\/\">\n\t\t\tVia (VIIA3) vai sair das cinzas no 4T22 ap\u00f3s a\u00e7\u00f5es desabarem 50% em um ano? Veja pr\u00e9vias do balan\u00e7o\t\t<\/a>\n\t<\/div>\n\n\n\n\n<p>De acordo com os dados coletados pelo Suno Not\u00edcias com os especialistas dessas institui\u00e7\u00f5es, a marca respons\u00e1vel pela&nbsp;<strong>Casas Bahia<\/strong>&nbsp;apresentar\u00e1 novamente um preju\u00edzo l\u00edquido milion\u00e1rio:<\/p>\n\n\n\n<ul class=\"wp-block-list\">\n<li>BTG: Expectativa de queda de R$ 113 milh\u00f5es no lucro l\u00edquido;<\/li>\n\n\n\n<li>XP: Expectativa de queda de R$ 202 milh\u00f5es no lucro l\u00edquido<\/li>\n\n\n\n<li>Inter: Expectativa de queda de R$ 163 milh\u00f5es no lucro l\u00edquido<\/li>\n<\/ul>\n\n\n\n<p>BTG, XP e Inter trabalham com recomenda\u00e7\u00e3o neutra no papel&nbsp;<strong>VIIA3<\/strong>, com os respectivos pre\u00e7os-alvo: R$ 4, R$ 3 e R$ 2,20.<a href=\"https:\/\/lp.suno.com.br\/planilha-de-controle-de-investimentos\/\" target=\"_blank\" rel=\"noreferrer noopener\"><\/a><\/p>\n\n\n\t<p>\n\t\t<a href=\"https:\/\/lp.suno.com.br\/planilha-de-controle-de-investimentos\/\" target=\"_blank\" data-element=\"shortcode-suno-banner\" title=\"Banner SUNO, clique e saiba mais\">\n\t\t\t<picture>\n\t\t\t\t<source media=\"(max-width: 500px)\" srcset=\"https:\/\/files.sunoresearch.com.br\/n\/uploads\/2023\/03\/400x300-Controle-de-Investimentos.png\">\n\t\t\t\t<img class=\"newsContent__article__imgCapa newsContent__article__imgCapa--banner\"\n\t\t\t\t\tsrc=\"https:\/\/files.sunoresearch.com.br\/n\/uploads\/2023\/03\/1420x240-Controle-de-Investimentos.png\"\n\t\t\t\t\tdata-promo-id=\"75934\"\t\t\t\t\t\t\t\t\t\twidth='1420' height='240'\t\t\t\t\talt=\"https:\/\/files.sunoresearch.com.br\/n\/uploads\/2023\/03\/1420x240-Controle-de-Investimentos.png\"\n\t\t\t\t>\n\t\t\t<\/picture>\n\t\t<\/a>\n\t<\/p>\n\n\n","protected":false},"excerpt":{"rendered":"<p>A Casas Bahia, uma das opera\u00e7\u00f5es varejistas da Via (VIIA3), fechou sua megaloja localizada no edif\u00edcio Jo\u00e3o Br\u00edcola, no centro de S\u00e3o Paulo. Segundo informa\u00e7\u00f5es divulgadas na sexta (3), a empresa ocupava o espa\u00e7o h\u00e1 19 anos e justificou o encerramento dessa opera\u00e7\u00e3o como um &#8220;ciclo natural do varejo&#8221;. Fachada de loja das Casas Bahia, [&hellip;]<\/p>\n","protected":false},"author":232,"featured_media":326121,"comment_status":"closed","ping_status":"closed","sticky":false,"template":"","format":"standard","meta":[],"categories":[64],"tags":[286,803,106935],"suno_strategy":[],"class_list":["post-372194","post","type-post","status-publish","format-standard","has-post-thumbnail","hentry","category-negocios","tag-acoes","tag-varejo","tag-via-viia3"],"yoast_head":"<!-- This site is optimized with the Yoast SEO plugin v24.4 - https:\/\/yoast.com\/wordpress\/plugins\/seo\/ -->\n<title>Via (VIIA3): Casas Bahia fecha megaloja em SP ap\u00f3s 19 anos<\/title>\n<meta name=\"description\" content=\"A Casas Bahia, uma das opera\u00e7\u00f5es varejistas da Via (VIIA3), fechou sua megaloja localizada no edif\u00edcio Jo\u00e3o Br\u00edcola, no centro de S\u00e3o Paulo.\" \/>\n<meta name=\"robots\" content=\"index, follow, max-snippet:-1, max-image-preview:large, max-video-preview:-1\" \/>\n<link rel=\"canonical\" href=\"https:\/\/www.suno.com.br\/noticias\/via-viia3-casas-bahia-fecha-megaloja-sp\/\" \/>\n<meta property=\"og:locale\" content=\"pt_BR\" \/>\n<meta property=\"og:type\" content=\"article\" \/>\n<meta property=\"og:title\" content=\"Via (VIIA3): Casas Bahia fecha megaloja em SP ap\u00f3s 19 anos\" \/>\n<meta property=\"og:description\" content=\"A Casas Bahia, uma das opera\u00e7\u00f5es varejistas da Via (VIIA3), fechou sua megaloja localizada no edif\u00edcio Jo\u00e3o Br\u00edcola, no centro de S\u00e3o Paulo.\" \/>\n<meta property=\"og:url\" content=\"https:\/\/www.suno.com.br\/noticias\/via-viia3-casas-bahia-fecha-megaloja-sp\/\" \/>\n<meta property=\"og:site_name\" content=\"Suno Not\u00edcias\" \/>\n<meta property=\"article:publisher\" content=\"https:\/\/facebook.com\/sunoresearch\" \/>\n<meta property=\"og:image\" content=\"https:\/\/files.sunoresearch.com.br\/n\/uploads\/2022\/11\/via-viia3-fachada-loja-casas-bahiha-reproducao-twitter.jpg\" \/>\n\t<meta property=\"og:image:width\" content=\"1200\" \/>\n\t<meta property=\"og:image:height\" content=\"675\" \/>\n\t<meta property=\"og:image:type\" content=\"image\/jpeg\" \/>\n<meta name=\"author\" content=\"Erick Matheus Nery\" \/>\n<meta name=\"twitter:card\" content=\"summary_large_image\" \/>\n<meta name=\"twitter:creator\" content=\"@sunoresearch\" \/>\n<meta name=\"twitter:site\" content=\"@sunoresearch\" \/>\n<meta name=\"twitter:label1\" content=\"Escrito por\" \/>\n\t<meta name=\"twitter:data1\" content=\"Erick Matheus Nery\" \/>\n\t<meta name=\"twitter:label2\" content=\"Est. tempo de leitura\" \/>\n\t<meta name=\"twitter:data2\" content=\"2 minutos\" \/>\n<script type=\"application\/ld+json\" class=\"yoast-schema-graph\">{\"@context\":\"https:\/\/schema.org\",\"@graph\":[{\"@type\":\"NewsArticle\",\"@id\":\"https:\/\/www.suno.com.br\/noticias\/via-viia3-casas-bahia-fecha-megaloja-sp\/#article\",\"isPartOf\":{\"@id\":\"https:\/\/www.suno.com.br\/noticias\/via-viia3-casas-bahia-fecha-megaloja-sp\/\"},\"author\":{\"name\":\"Erick Matheus Nery\",\"@id\":\"https:\/\/www.suno.com.br\/noticias\/#\/schema\/person\/6899bc3f19d1a7315f807131c2c013a0\"},\"headline\":\"Via (VIIA3): Casas Bahia fecha megaloja em SP ap\u00f3s 19 anos\",\"datePublished\":\"2023-03-06T11:53:29+00:00\",\"dateModified\":\"2023-03-06T20:17:15+00:00\",\"mainEntityOfPage\":{\"@id\":\"https:\/\/www.suno.com.br\/noticias\/via-viia3-casas-bahia-fecha-megaloja-sp\/\"},\"wordCount\":379,\"publisher\":{\"@id\":\"https:\/\/www.suno.com.br\/noticias\/#organization\"},\"image\":{\"@id\":\"https:\/\/www.suno.com.br\/noticias\/via-viia3-casas-bahia-fecha-megaloja-sp\/#primaryimage\"},\"thumbnailUrl\":\"https:\/\/files.sunoresearch.com.br\/n\/uploads\/2022\/11\/via-viia3-fachada-loja-casas-bahiha-reproducao-twitter.jpg\",\"keywords\":[\"A\u00e7\u00f5es\",\"varejo\",\"Via (VIIA3)\"],\"articleSection\":[\"Neg\u00f3cios\"],\"inLanguage\":\"pt-BR\"},{\"@type\":\"WebPage\",\"@id\":\"https:\/\/www.suno.com.br\/noticias\/via-viia3-casas-bahia-fecha-megaloja-sp\/\",\"url\":\"https:\/\/www.suno.com.br\/noticias\/via-viia3-casas-bahia-fecha-megaloja-sp\/\",\"name\":\"Via (VIIA3): Casas Bahia fecha megaloja em SP ap\u00f3s 19 anos\",\"isPartOf\":{\"@id\":\"https:\/\/www.suno.com.br\/noticias\/#website\"},\"primaryImageOfPage\":{\"@id\":\"https:\/\/www.suno.com.br\/noticias\/via-viia3-casas-bahia-fecha-megaloja-sp\/#primaryimage\"},\"image\":{\"@id\":\"https:\/\/www.suno.com.br\/noticias\/via-viia3-casas-bahia-fecha-megaloja-sp\/#primaryimage\"},\"thumbnailUrl\":\"https:\/\/files.sunoresearch.com.br\/n\/uploads\/2022\/11\/via-viia3-fachada-loja-casas-bahiha-reproducao-twitter.jpg\",\"datePublished\":\"2023-03-06T11:53:29+00:00\",\"dateModified\":\"2023-03-06T20:17:15+00:00\",\"description\":\"A Casas Bahia, uma das opera\u00e7\u00f5es varejistas da Via (VIIA3), fechou sua megaloja localizada no edif\u00edcio Jo\u00e3o Br\u00edcola, no centro de S\u00e3o Paulo.\",\"breadcrumb\":{\"@id\":\"https:\/\/www.suno.com.br\/noticias\/via-viia3-casas-bahia-fecha-megaloja-sp\/#breadcrumb\"},\"inLanguage\":\"pt-BR\",\"potentialAction\":[{\"@type\":\"ReadAction\",\"target\":[\"https:\/\/www.suno.com.br\/noticias\/via-viia3-casas-bahia-fecha-megaloja-sp\/\"]}]},{\"@type\":\"ImageObject\",\"inLanguage\":\"pt-BR\",\"@id\":\"https:\/\/www.suno.com.br\/noticias\/via-viia3-casas-bahia-fecha-megaloja-sp\/#primaryimage\",\"url\":\"https:\/\/files.sunoresearch.com.br\/n\/uploads\/2022\/11\/via-viia3-fachada-loja-casas-bahiha-reproducao-twitter.jpg\",\"contentUrl\":\"https:\/\/files.sunoresearch.com.br\/n\/uploads\/2022\/11\/via-viia3-fachada-loja-casas-bahiha-reproducao-twitter.jpg\",\"width\":1200,\"height\":675,\"caption\":\"Fachada de loja das Casas Bahia, empresa operada pela Via (VIIA3). Foto: Divulga\u00e7\u00e3o\/Twitter\"},{\"@type\":\"BreadcrumbList\",\"@id\":\"https:\/\/www.suno.com.br\/noticias\/via-viia3-casas-bahia-fecha-megaloja-sp\/#breadcrumb\",\"itemListElement\":[{\"@type\":\"ListItem\",\"position\":1,\"name\":\"Not\u00edcias\",\"item\":\"https:\/\/www.suno.com.br\/noticias\/\"},{\"@type\":\"ListItem\",\"position\":2,\"name\":\"Neg\u00f3cios\",\"item\":\"https:\/\/www.suno.com.br\/noticias\/negocios\/\"},{\"@type\":\"ListItem\",\"position\":3,\"name\":\"Via (VIIA3): Casas Bahia fecha megaloja em SP ap\u00f3s 19 anos\"}]},{\"@type\":\"WebSite\",\"@id\":\"https:\/\/www.suno.com.br\/noticias\/#website\",\"url\":\"https:\/\/www.suno.com.br\/noticias\/\",\"name\":\"Suno Not\u00edcias\",\"description\":\"Seu portal de informa\u00e7\u00e3o sobre o mundo dos investimentos\",\"publisher\":{\"@id\":\"https:\/\/www.suno.com.br\/noticias\/#organization\"},\"potentialAction\":[{\"@type\":\"SearchAction\",\"target\":{\"@type\":\"EntryPoint\",\"urlTemplate\":\"https:\/\/www.suno.com.br\/noticias\/?s={search_term_string}\"},\"query-input\":{\"@type\":\"PropertyValueSpecification\",\"valueRequired\":true,\"valueName\":\"search_term_string\"}}],\"inLanguage\":\"pt-BR\"},{\"@type\":\"Organization\",\"@id\":\"https:\/\/www.suno.com.br\/noticias\/#organization\",\"name\":\"Suno Not\u00edcias\",\"url\":\"https:\/\/www.suno.com.br\/noticias\/\",\"logo\":{\"@type\":\"ImageObject\",\"inLanguage\":\"pt-BR\",\"@id\":\"https:\/\/www.suno.com.br\/noticias\/#\/schema\/logo\/image\/\",\"url\":\"https:\/\/files.sunoresearch.com.br\/n\/uploads\/2021\/09\/suno-logo.png\",\"contentUrl\":\"https:\/\/files.sunoresearch.com.br\/n\/uploads\/2021\/09\/suno-logo.png\",\"width\":180,\"height\":180,\"caption\":\"Suno Not\u00edcias\"},\"image\":{\"@id\":\"https:\/\/www.suno.com.br\/noticias\/#\/schema\/logo\/image\/\"},\"sameAs\":[\"https:\/\/facebook.com\/sunoresearch\",\"https:\/\/x.com\/sunoresearch\",\"https:\/\/www.instagram.com\/suno\",\"https:\/\/www.linkedin.com\/company\/suno-research\/\",\"https:\/\/www.youtube.com\/c\/sunoresearch\"]},{\"@type\":\"Person\",\"@id\":\"https:\/\/www.suno.com.br\/noticias\/#\/schema\/person\/6899bc3f19d1a7315f807131c2c013a0\",\"name\":\"Erick Matheus Nery\",\"image\":{\"@type\":\"ImageObject\",\"inLanguage\":\"pt-BR\",\"@id\":\"https:\/\/www.suno.com.br\/noticias\/#\/schema\/person\/image\/\",\"url\":\"https:\/\/secure.gravatar.com\/avatar\/518ddffe438ccb767782d372a66304d2?s=96&r=g\",\"contentUrl\":\"https:\/\/secure.gravatar.com\/avatar\/518ddffe438ccb767782d372a66304d2?s=96&r=g\",\"caption\":\"Erick Matheus Nery\"},\"description\":\"Formado em Jornalismo pela Universidade Federal do Par\u00e1 (UFPA), conta com extens\u00e3o em Jornalismo Econ\u00f4mico pela Funda\u00e7\u00e3o Get\u00falio Vargas (FGV). No Suno Not\u00edcias, atua como rep\u00f3rter de Mercado, com foco nos setores de telecomunica\u00e7\u00f5es, varejo, alimentos e renda fixa. Conta com passagens pelo jornal O Estado de S\u00e3o Paulo, como trainee de Jornalismo Econ\u00f4mico, e pelo site Not\u00edcias da TV.\",\"url\":\"https:\/\/www.suno.com.br\/noticias\/author\/erick-nery\/\"}]}<\/script>\n<!-- \/ Yoast SEO plugin. -->","yoast_head_json":{"title":"Via (VIIA3): Casas Bahia fecha megaloja em SP ap\u00f3s 19 anos","description":"A Casas Bahia, uma das opera\u00e7\u00f5es varejistas da Via (VIIA3), fechou sua megaloja localizada no edif\u00edcio Jo\u00e3o Br\u00edcola, no centro de S\u00e3o Paulo.","robots":{"index":"index","follow":"follow","max-snippet":"max-snippet:-1","max-image-preview":"max-image-preview:large","max-video-preview":"max-video-preview:-1"},"canonical":"https:\/\/www.suno.com.br\/noticias\/via-viia3-casas-bahia-fecha-megaloja-sp\/","og_locale":"pt_BR","og_type":"article","og_title":"Via (VIIA3): Casas Bahia fecha megaloja em SP ap\u00f3s 19 anos","og_description":"A Casas Bahia, uma das opera\u00e7\u00f5es varejistas da Via (VIIA3), fechou sua megaloja localizada no edif\u00edcio Jo\u00e3o Br\u00edcola, no centro de S\u00e3o Paulo.","og_url":"https:\/\/www.suno.com.br\/noticias\/via-viia3-casas-bahia-fecha-megaloja-sp\/","og_site_name":"Suno Not\u00edcias","article_publisher":"https:\/\/facebook.com\/sunoresearch","og_image":[{"width":1200,"height":675,"url":"https:\/\/files.sunoresearch.com.br\/n\/uploads\/2022\/11\/via-viia3-fachada-loja-casas-bahiha-reproducao-twitter.jpg","type":"image\/jpeg"}],"author":"Erick Matheus Nery","twitter_card":"summary_large_image","twitter_creator":"@sunoresearch","twitter_site":"@sunoresearch","twitter_misc":{"Escrito por":"Erick Matheus Nery","Est. tempo de leitura":"2 minutos"},"schema":{"@context":"https:\/\/schema.org","@graph":[{"@type":"NewsArticle","@id":"https:\/\/www.suno.com.br\/noticias\/via-viia3-casas-bahia-fecha-megaloja-sp\/#article","isPartOf":{"@id":"https:\/\/www.suno.com.br\/noticias\/via-viia3-casas-bahia-fecha-megaloja-sp\/"},"author":{"name":"Erick Matheus Nery","@id":"https:\/\/www.suno.com.br\/noticias\/#\/schema\/person\/6899bc3f19d1a7315f807131c2c013a0"},"headline":"Via (VIIA3): Casas Bahia fecha megaloja em SP ap\u00f3s 19 anos","datePublished":"2023-03-06T11:53:29+00:00","dateModified":"2023-03-06T20:17:15+00:00","mainEntityOfPage":{"@id":"https:\/\/www.suno.com.br\/noticias\/via-viia3-casas-bahia-fecha-megaloja-sp\/"},"wordCount":379,"publisher":{"@id":"https:\/\/www.suno.com.br\/noticias\/#organization"},"image":{"@id":"https:\/\/www.suno.com.br\/noticias\/via-viia3-casas-bahia-fecha-megaloja-sp\/#primaryimage"},"thumbnailUrl":"https:\/\/files.sunoresearch.com.br\/n\/uploads\/2022\/11\/via-viia3-fachada-loja-casas-bahiha-reproducao-twitter.jpg","keywords":["A\u00e7\u00f5es","varejo","Via (VIIA3)"],"articleSection":["Neg\u00f3cios"],"inLanguage":"pt-BR"},{"@type":"WebPage","@id":"https:\/\/www.suno.com.br\/noticias\/via-viia3-casas-bahia-fecha-megaloja-sp\/","url":"https:\/\/www.suno.com.br\/noticias\/via-viia3-casas-bahia-fecha-megaloja-sp\/","name":"Via (VIIA3): Casas Bahia fecha megaloja em SP ap\u00f3s 19 anos","isPartOf":{"@id":"https:\/\/www.suno.com.br\/noticias\/#website"},"primaryImageOfPage":{"@id":"https:\/\/www.suno.com.br\/noticias\/via-viia3-casas-bahia-fecha-megaloja-sp\/#primaryimage"},"image":{"@id":"https:\/\/www.suno.com.br\/noticias\/via-viia3-casas-bahia-fecha-megaloja-sp\/#primaryimage"},"thumbnailUrl":"https:\/\/files.sunoresearch.com.br\/n\/uploads\/2022\/11\/via-viia3-fachada-loja-casas-bahiha-reproducao-twitter.jpg","datePublished":"2023-03-06T11:53:29+00:00","dateModified":"2023-03-06T20:17:15+00:00","description":"A Casas Bahia, uma das opera\u00e7\u00f5es varejistas da Via (VIIA3), fechou sua megaloja localizada no edif\u00edcio Jo\u00e3o Br\u00edcola, no centro de S\u00e3o Paulo.","breadcrumb":{"@id":"https:\/\/www.suno.com.br\/noticias\/via-viia3-casas-bahia-fecha-megaloja-sp\/#breadcrumb"},"inLanguage":"pt-BR","potentialAction":[{"@type":"ReadAction","target":["https:\/\/www.suno.com.br\/noticias\/via-viia3-casas-bahia-fecha-megaloja-sp\/"]}]},{"@type":"ImageObject","inLanguage":"pt-BR","@id":"https:\/\/www.suno.com.br\/noticias\/via-viia3-casas-bahia-fecha-megaloja-sp\/#primaryimage","url":"https:\/\/files.sunoresearch.com.br\/n\/uploads\/2022\/11\/via-viia3-fachada-loja-casas-bahiha-reproducao-twitter.jpg","contentUrl":"https:\/\/files.sunoresearch.com.br\/n\/uploads\/2022\/11\/via-viia3-fachada-loja-casas-bahiha-reproducao-twitter.jpg","width":1200,"height":675,"caption":"Fachada de loja das Casas Bahia, empresa operada pela Via (VIIA3). Foto: Divulga\u00e7\u00e3o\/Twitter"},{"@type":"BreadcrumbList","@id":"https:\/\/www.suno.com.br\/noticias\/via-viia3-casas-bahia-fecha-megaloja-sp\/#breadcrumb","itemListElement":[{"@type":"ListItem","position":1,"name":"Not\u00edcias","item":"https:\/\/www.suno.com.br\/noticias\/"},{"@type":"ListItem","position":2,"name":"Neg\u00f3cios","item":"https:\/\/www.suno.com.br\/noticias\/negocios\/"},{"@type":"ListItem","position":3,"name":"Via (VIIA3): Casas Bahia fecha megaloja em SP ap\u00f3s 19 anos"}]},{"@type":"WebSite","@id":"https:\/\/www.suno.com.br\/noticias\/#website","url":"https:\/\/www.suno.com.br\/noticias\/","name":"Suno Not\u00edcias","description":"Seu portal de informa\u00e7\u00e3o sobre o mundo dos investimentos","publisher":{"@id":"https:\/\/www.suno.com.br\/noticias\/#organization"},"potentialAction":[{"@type":"SearchAction","target":{"@type":"EntryPoint","urlTemplate":"https:\/\/www.suno.com.br\/noticias\/?s={search_term_string}"},"query-input":{"@type":"PropertyValueSpecification","valueRequired":true,"valueName":"search_term_string"}}],"inLanguage":"pt-BR"},{"@type":"Organization","@id":"https:\/\/www.suno.com.br\/noticias\/#organization","name":"Suno Not\u00edcias","url":"https:\/\/www.suno.com.br\/noticias\/","logo":{"@type":"ImageObject","inLanguage":"pt-BR","@id":"https:\/\/www.suno.com.br\/noticias\/#\/schema\/logo\/image\/","url":"https:\/\/files.sunoresearch.com.br\/n\/uploads\/2021\/09\/suno-logo.png","contentUrl":"https:\/\/files.sunoresearch.com.br\/n\/uploads\/2021\/09\/suno-logo.png","width":180,"height":180,"caption":"Suno Not\u00edcias"},"image":{"@id":"https:\/\/www.suno.com.br\/noticias\/#\/schema\/logo\/image\/"},"sameAs":["https:\/\/facebook.com\/sunoresearch","https:\/\/x.com\/sunoresearch","https:\/\/www.instagram.com\/suno","https:\/\/www.linkedin.com\/company\/suno-research\/","https:\/\/www.youtube.com\/c\/sunoresearch"]},{"@type":"Person","@id":"https:\/\/www.suno.com.br\/noticias\/#\/schema\/person\/6899bc3f19d1a7315f807131c2c013a0","name":"Erick Matheus Nery","image":{"@type":"ImageObject","inLanguage":"pt-BR","@id":"https:\/\/www.suno.com.br\/noticias\/#\/schema\/person\/image\/","url":"https:\/\/secure.gravatar.com\/avatar\/518ddffe438ccb767782d372a66304d2?s=96&r=g","contentUrl":"https:\/\/secure.gravatar.com\/avatar\/518ddffe438ccb767782d372a66304d2?s=96&r=g","caption":"Erick Matheus Nery"},"description":"Formado em Jornalismo pela Universidade Federal do Par\u00e1 (UFPA), conta com extens\u00e3o em Jornalismo Econ\u00f4mico pela Funda\u00e7\u00e3o Get\u00falio Vargas (FGV). No Suno Not\u00edcias, atua como rep\u00f3rter de Mercado, com foco nos setores de telecomunica\u00e7\u00f5es, varejo, alimentos e renda fixa. Conta com passagens pelo jornal O Estado de S\u00e3o Paulo, como trainee de Jornalismo Econ\u00f4mico, e pelo site Not\u00edcias da TV.","url":"https:\/\/www.suno.com.br\/noticias\/author\/erick-nery\/"}]}},"default_loop_html":"<div class=\"cardsPage__listCard__boxs\"><div class=\"cardsPage__listCard__boxs__img\"><a href=\"https:\/\/www.suno.com.br\/noticias\/via-viia3-casas-bahia-fecha-megaloja-sp\/\"><img class=\"mask\" src=\"https:\/\/www.suno.com.br\/noticias\/wp-content\/themes\/suno\/resources\/images\/spotlight\/spotlight1img\/bg-mask.png\" alt=\"Image Mask\"\/><img src=\"https:\/\/files.sunoresearch.com.br\/n\/uploads\/2022\/11\/via-viia3-fachada-loja-casas-bahiha-reproducao-twitter-400x200.jpg\" alt=\"Via (VIIA3): Casas Bahia fecha megaloja em SP ap\u00f3s 19 anos\"\/><\/a><span class=\"spotlightCategory\"><a href=\"https:\/\/www.suno.com.br\/noticias\/negocios\/\">Neg\u00f3cios<\/a><\/span><\/div><div class=\"cardsPage__listCard__boxs__content\"><a href=\"https:\/\/www.suno.com.br\/noticias\/via-viia3-casas-bahia-fecha-megaloja-sp\/\"><h2 class=\"content__title\">Via (VIIA3): Casas Bahia fecha megaloja em SP ap\u00f3s 19 anos<\/h2><\/a><div class=\"newsContent__article__meta\"><div class=\"newsContent__article__meta__authorBox\"><a href=\"https:\/\/www.suno.com.br\/noticias\/author\/erick-nery\/\" class=\"authorBox__avatar noMobi\"><img src=\"https:\/\/secure.gravatar.com\/avatar\/518ddffe438ccb767782d372a66304d2?s=96&#038;r=g\" alt=\"Erick Matheus Nery\"><\/a><div class=\"authorBox__name\"><span>por\n\t\t\t<a href=\"https:\/\/www.suno.com.br\/noticias\/author\/erick-nery\/\"><span itemprop=\"author\">Erick Matheus Nery<\/span><\/a><\/span><time datetime=\"2023-03-06T08:53:29-03:00\" itemprop=\"datePublished\">06\/03\/2023 08:53<\/time><\/div><\/div><\/div><\/div><\/div>","single_layout":"posts","amp_enabled":true,"_links":{"self":[{"href":"https:\/\/www.suno.com.br\/noticias\/wp-json\/wp\/v2\/posts\/372194"}],"collection":[{"href":"https:\/\/www.suno.com.br\/noticias\/wp-json\/wp\/v2\/posts"}],"about":[{"href":"https:\/\/www.suno.com.br\/noticias\/wp-json\/wp\/v2\/types\/post"}],"author":[{"embeddable":true,"href":"https:\/\/www.suno.com.br\/noticias\/wp-json\/wp\/v2\/users\/232"}],"replies":[{"embeddable":true,"href":"https:\/\/www.suno.com.br\/noticias\/wp-json\/wp\/v2\/comments?post=372194"}],"version-history":[{"count":3,"href":"https:\/\/www.suno.com.br\/noticias\/wp-json\/wp\/v2\/posts\/372194\/revisions"}],"predecessor-version":[{"id":372520,"href":"https:\/\/www.suno.com.br\/noticias\/wp-json\/wp\/v2\/posts\/372194\/revisions\/372520"}],"wp:featuredmedia":[{"embeddable":true,"href":"https:\/\/www.suno.com.br\/noticias\/wp-json\/wp\/v2\/media\/326121"}],"wp:attachment":[{"href":"https:\/\/www.suno.com.br\/noticias\/wp-json\/wp\/v2\/media?parent=372194"}],"wp:term":[{"taxonomy":"category","embeddable":true,"href":"https:\/\/www.suno.com.br\/noticias\/wp-json\/wp\/v2\/categories?post=372194"},{"taxonomy":"post_tag","embeddable":true,"href":"https:\/\/www.suno.com.br\/noticias\/wp-json\/wp\/v2\/tags?post=372194"},{"taxonomy":"suno_strategy","embeddable":true,"href":"https:\/\/www.suno.com.br\/noticias\/wp-json\/wp\/v2\/suno_strategy?post=372194"}],"curies":[{"name":"wp","href":"https:\/\/api.w.org\/{rel}","templated":true}]}}