{"id":37219,"date":"2019-09-11T17:28:52","date_gmt":"2019-09-11T20:28:52","guid":{"rendered":"https:\/\/www.suno.com.br\/noticias\/?p=37219"},"modified":"2019-09-11T17:29:14","modified_gmt":"2019-09-11T20:29:14","slug":"ceo-hsbc-vender-unidade-varejo-banco-franca","status":"publish","type":"post","link":"https:\/\/www.suno.com.br\/noticias\/ceo-hsbc-vender-unidade-varejo-banco-franca\/","title":{"rendered":"CEO do HSBC quer vender unidade de varejo do banco na Fran\u00e7a"},"content":{"rendered":"<p>O <strong>CEO interino<\/strong> do HSBC Holdings PLC, <strong>Noel Quinn,<\/strong> se prepara para vender a unidade de varejo do banco na <strong>Fran\u00e7a<\/strong>, a informa\u00e7\u00e3o foi divulgada nesta quarta-feira (11) pelo jornal &#8220;Dow Jones Newswires&#8221;.<\/p>\t<div class=\"wrapper-featured-image\">\n\t\t<figure class=\"spotlightImg\">\n\n\t\t\t<picture>\n\t\t\t\t<source media=\"(max-width: 768px)\" srcset=\"https:\/\/files.sunoresearch.com.br\/n\/uploads\/2019\/05\/584bbdd7-cvm-400x200.webp\">\n\t\t\t\t<img loading=\"lazy\" decoding=\"async\" class=\"newsContent__article__imgCapa lazyloadDisabled newsContent__article__imgCapa--noCaption\" src=\"https:\/\/files.sunoresearch.com.br\/n\/uploads\/2019\/05\/584bbdd7-cvm-jpg.webp\" width=\"800\" height=\"450\" alt=\"CEO do HSBC quer vender unidade de varejo do banco na Fran\u00e7a\" fetchpriority=high \/>\n\t\t\t<\/picture>\n\n\t\t\t<figcaption class=\"wp-caption-text wp-caption-text--hide\">CEO do HSBC quer vender unidade de varejo do banco na Fran\u00e7a<\/figcaption>\n\t\t<\/figure>\n\t<\/div>\n\n\n\n<p>De acordo com o jornal, a aliena\u00e7\u00e3o da deficit\u00e1ria francesa faria parte de um plano maior de vender unidades em que o <strong>HSBC<\/strong> n\u00e3o tenha mais necessidades estrat\u00e9gicas.<\/p>\n<p>Em oito anos, o banco saiu de mais de 100 empresas e opera &#8220;apenas&#8221; em 65 pa\u00edses, diferentemente de 2011 quando operava em 87.<\/p>\n<p>Ainda segundo o jornal, uma fonte teria revelado que o comprador mais prov\u00e1vel ser\u00e1 um banco franc\u00eas que quer expandir sua participa\u00e7\u00e3o no mercado. Atualmente, o <strong>HSBC<\/strong> Fran\u00e7a tem, aproximadamente, 800 mil clientes em cerca de 300 ag\u00eancias no pa\u00eds.<\/p>\n\t<p>\n\t\t<a href=\"https:\/\/lp.suno.com.br\/ao\/cadastro-whatsapp\/\" target=\"_blank\" data-element=\"shortcode-suno-banner\" title=\"Banner SUNO, clique e saiba mais\">\n\t\t\t<picture>\n\t\t\t\t<source media=\"(max-width: 500px)\" srcset=\"https:\/\/files.sunoresearch.com.br\/n\/uploads\/2024\/02\/400x300-Mobile-Artigos-7.png\">\n\t\t\t\t<img class=\"newsContent__article__imgCapa newsContent__article__imgCapa--banner\"\n\t\t\t\t\tsrc=\"https:\/\/files.sunoresearch.com.br\/n\/uploads\/2024\/01\/1420x240-Banner-Artigos-1-_-Banner-Materias-8.png\"\n\t\t\t\t\tdata-promo-id=\"517344\"\t\t\t\t\t\t\t\t\t\twidth='1420' height='240'\t\t\t\t\talt=\"https:\/\/files.sunoresearch.com.br\/n\/uploads\/2024\/01\/1420x240-Banner-Artigos-1-_-Banner-Materias-8.png\"\n\t\t\t\t>\n\t\t\t<\/picture>\n\t\t<\/a>\n\t<\/p>\n\n\n<p>Al\u00e9m disso, o banco tem uma participa\u00e7\u00e3o de mercado de 2% nos dep\u00f3sitos e empr\u00e9stimos no varejo. Ainda n\u00e3o se sabe o valor da negocia\u00e7\u00e3o, mas o processo de venda deve come\u00e7ar neste outono.<\/p>\n<p>O <strong>HSBC<\/strong> continuar\u00e1 trabalhando no atacado na <strong>Fran\u00e7a<\/strong> e <strong>Paris<\/strong> permanecer\u00e1 como <strong>sede<\/strong> do banco de investimentos na <strong>Uni\u00e3o<\/strong> <strong>Europeia<\/strong> caso o <strong>Brexit<\/strong> se concretize.<\/p>\n<h2>Sa\u00edda de ex-CEO do HSBC<\/h2>\n<p>O CEO do <strong>HSBC, John<\/strong> <strong>Flint<\/strong>, deixou a dire\u00e7\u00e3o da institui\u00e7\u00e3o ap\u00f3s 18 meses no cargo. O an\u00fancio foi feito no inicio de agosto. Al\u00e9m de Flint, o banco despediu mais 4000 empregados.<\/p>\n<p><a href=\"https:\/\/www.suno.com.br\/noticias\/hsbc-anuncia-saida-de-john-flint-do-cargo-de-ceo-da-instituicao\/\">Saiba mais: HSBC anuncia sa\u00edda de John Flint do cargo de CEO da institui\u00e7\u00e3o<\/a><\/p>\n<p>De acordo com o banco, o ex-diretor do <strong>HSBC<\/strong> foi demitido por meio de um acordo m\u00fatuo com o conselho da institui\u00e7\u00e3o financeira. Al\u00e9m disso, o banco salientou que essa mudan\u00e7a \u00e9 essencial para compreender &#8220;o ambiente global cada vez mais complexo e cheio de desafios&#8221; que a institui\u00e7\u00e3o enfrenta.<\/p>\n\t<p>\n\t\t<a href=\"https:\/\/lp.suno.com.br\/asset\/suno-fundo-infra-estrutura-snid11\/\" target=\"_blank\" data-element=\"shortcode-suno-banner\" title=\"Banner SUNO, clique e saiba mais\">\n\t\t\t<picture>\n\t\t\t\t<source media=\"(max-width: 500px)\" srcset=\"https:\/\/files.sunoresearch.com.br\/n\/uploads\/2024\/01\/400x300-Banner-Home-1-SNID-AO.png\">\n\t\t\t\t<img class=\"newsContent__article__imgCapa newsContent__article__imgCapa--banner\"\n\t\t\t\t\tsrc=\"https:\/\/files.sunoresearch.com.br\/n\/uploads\/2024\/01\/1420x240-Banner-Home-1-SNID-AO.png\"\n\t\t\t\t\tdata-promo-id=\"364419\"\t\t\t\t\t\t\t\t\t\twidth='1420' height='240'\t\t\t\t\talt=\"https:\/\/files.sunoresearch.com.br\/n\/uploads\/2024\/01\/1420x240-Banner-Home-1-SNID-AO.png\"\n\t\t\t\t>\n\t\t\t<\/picture>\n\t\t<\/a>\n\t<\/p>\n\n\n<p>O presidente do Conselho de Administra\u00e7\u00e3o do banco, <strong>Mark<\/strong> <strong>Tucker<\/strong>, afirmou que uma mudan\u00e7a precisava ser feita para alavancar o desempenho do banco <strong>HSBC.<\/strong><\/p>\n","protected":false},"excerpt":{"rendered":"<p>O CEO interino do HSBC Holdings PLC, Noel Quinn, se prepara para vender a unidade de varejo do banco na Fran\u00e7a, a informa\u00e7\u00e3o foi divulgada nesta quarta-feira (11) pelo jornal &#8220;Dow Jones Newswires&#8221;. CEO do HSBC quer vender unidade de varejo do banco na Fran\u00e7a De acordo com o jornal, a aliena\u00e7\u00e3o da deficit\u00e1ria francesa [&hellip;]<\/p>\n","protected":false},"author":23,"featured_media":23646,"comment_status":"closed","ping_status":"closed","sticky":false,"template":"","format":"standard","meta":[],"categories":[64],"tags":[773,1383,803],"suno_strategy":[],"class_list":["post-37219","post","type-post","status-publish","format-standard","has-post-thumbnail","hentry","category-negocios","tag-franca","tag-hsbc","tag-varejo"],"yoast_head":"<!-- This site is optimized with the Yoast SEO plugin v24.4 - https:\/\/yoast.com\/wordpress\/plugins\/seo\/ -->\n<title>CEO do HSBC quer vender unidade de varejo do banco na Fran\u00e7a<\/title>\n<meta name=\"description\" content=\"O CEO interino do HSBC, Noel Quinn, se prepara para vender a unidade de varejo do banco na Fran\u00e7a. Clique aqui e saiba mais.\" \/>\n<meta name=\"robots\" content=\"index, follow, max-snippet:-1, max-image-preview:large, max-video-preview:-1\" \/>\n<link rel=\"canonical\" href=\"https:\/\/www.suno.com.br\/noticias\/ceo-hsbc-vender-unidade-varejo-banco-franca\/\" \/>\n<meta property=\"og:locale\" content=\"pt_BR\" \/>\n<meta property=\"og:type\" content=\"article\" \/>\n<meta property=\"og:title\" content=\"CEO do HSBC quer vender unidade de varejo do banco na Fran\u00e7a\" \/>\n<meta property=\"og:description\" content=\"O CEO interino do HSBC, Noel Quinn, se prepara para vender a unidade de varejo do banco na Fran\u00e7a. Clique aqui e saiba mais.\" \/>\n<meta property=\"og:url\" content=\"https:\/\/www.suno.com.br\/noticias\/ceo-hsbc-vender-unidade-varejo-banco-franca\/\" \/>\n<meta property=\"og:site_name\" content=\"Suno Not\u00edcias\" \/>\n<meta property=\"article:publisher\" content=\"https:\/\/facebook.com\/sunoresearch\" \/>\n<meta property=\"og:image\" content=\"https:\/\/files.sunoresearch.com.br\/n\/uploads\/2019\/05\/584bbdd7-cvm.jpg\" \/>\n\t<meta property=\"og:image:width\" content=\"640\" \/>\n\t<meta property=\"og:image:height\" content=\"480\" \/>\n\t<meta property=\"og:image:type\" content=\"image\/jpeg\" \/>\n<meta name=\"author\" content=\"Rafael Lara\" \/>\n<meta name=\"twitter:card\" content=\"summary_large_image\" \/>\n<meta name=\"twitter:creator\" content=\"@sunoresearch\" \/>\n<meta name=\"twitter:site\" content=\"@sunoresearch\" \/>\n<meta name=\"twitter:label1\" content=\"Escrito por\" \/>\n\t<meta name=\"twitter:data1\" content=\"Rafael Lara\" \/>\n\t<meta name=\"twitter:label2\" content=\"Est. tempo de leitura\" \/>\n\t<meta name=\"twitter:data2\" content=\"2 minutos\" \/>\n<script type=\"application\/ld+json\" class=\"yoast-schema-graph\">{\"@context\":\"https:\/\/schema.org\",\"@graph\":[{\"@type\":\"NewsArticle\",\"@id\":\"https:\/\/www.suno.com.br\/noticias\/ceo-hsbc-vender-unidade-varejo-banco-franca\/#article\",\"isPartOf\":{\"@id\":\"https:\/\/www.suno.com.br\/noticias\/ceo-hsbc-vender-unidade-varejo-banco-franca\/\"},\"author\":{\"name\":\"Rafael Lara\",\"@id\":\"https:\/\/www.suno.com.br\/noticias\/#\/schema\/person\/098743caeed97b37f51315c9576c4078\"},\"headline\":\"CEO do HSBC quer vender unidade de varejo do banco na Fran\u00e7a\",\"datePublished\":\"2019-09-11T20:28:52+00:00\",\"dateModified\":\"2019-09-11T20:29:14+00:00\",\"mainEntityOfPage\":{\"@id\":\"https:\/\/www.suno.com.br\/noticias\/ceo-hsbc-vender-unidade-varejo-banco-franca\/\"},\"wordCount\":357,\"publisher\":{\"@id\":\"https:\/\/www.suno.com.br\/noticias\/#organization\"},\"image\":{\"@id\":\"https:\/\/www.suno.com.br\/noticias\/ceo-hsbc-vender-unidade-varejo-banco-franca\/#primaryimage\"},\"thumbnailUrl\":\"https:\/\/files.sunoresearch.com.br\/n\/uploads\/2019\/05\/584bbdd7-cvm-jpg.webp\",\"keywords\":[\"Fran\u00e7a\",\"HSBC\",\"varejo\"],\"articleSection\":[\"Neg\u00f3cios\"],\"inLanguage\":\"pt-BR\"},{\"@type\":\"WebPage\",\"@id\":\"https:\/\/www.suno.com.br\/noticias\/ceo-hsbc-vender-unidade-varejo-banco-franca\/\",\"url\":\"https:\/\/www.suno.com.br\/noticias\/ceo-hsbc-vender-unidade-varejo-banco-franca\/\",\"name\":\"CEO do HSBC quer vender unidade de varejo do banco na Fran\u00e7a\",\"isPartOf\":{\"@id\":\"https:\/\/www.suno.com.br\/noticias\/#website\"},\"primaryImageOfPage\":{\"@id\":\"https:\/\/www.suno.com.br\/noticias\/ceo-hsbc-vender-unidade-varejo-banco-franca\/#primaryimage\"},\"image\":{\"@id\":\"https:\/\/www.suno.com.br\/noticias\/ceo-hsbc-vender-unidade-varejo-banco-franca\/#primaryimage\"},\"thumbnailUrl\":\"https:\/\/files.sunoresearch.com.br\/n\/uploads\/2019\/05\/584bbdd7-cvm-jpg.webp\",\"datePublished\":\"2019-09-11T20:28:52+00:00\",\"dateModified\":\"2019-09-11T20:29:14+00:00\",\"description\":\"O CEO interino do HSBC, Noel Quinn, se prepara para vender a unidade de varejo do banco na Fran\u00e7a. Clique aqui e saiba mais.\",\"breadcrumb\":{\"@id\":\"https:\/\/www.suno.com.br\/noticias\/ceo-hsbc-vender-unidade-varejo-banco-franca\/#breadcrumb\"},\"inLanguage\":\"pt-BR\",\"potentialAction\":[{\"@type\":\"ReadAction\",\"target\":[\"https:\/\/www.suno.com.br\/noticias\/ceo-hsbc-vender-unidade-varejo-banco-franca\/\"]}]},{\"@type\":\"ImageObject\",\"inLanguage\":\"pt-BR\",\"@id\":\"https:\/\/www.suno.com.br\/noticias\/ceo-hsbc-vender-unidade-varejo-banco-franca\/#primaryimage\",\"url\":\"https:\/\/files.sunoresearch.com.br\/n\/uploads\/2019\/05\/584bbdd7-cvm-jpg.webp\",\"contentUrl\":\"https:\/\/files.sunoresearch.com.br\/n\/uploads\/2019\/05\/584bbdd7-cvm-jpg.webp\",\"width\":640,\"height\":480,\"caption\":\"CEO do HSBC quer vender unidade de varejo do banco na Fran\u00e7a\"},{\"@type\":\"BreadcrumbList\",\"@id\":\"https:\/\/www.suno.com.br\/noticias\/ceo-hsbc-vender-unidade-varejo-banco-franca\/#breadcrumb\",\"itemListElement\":[{\"@type\":\"ListItem\",\"position\":1,\"name\":\"Not\u00edcias\",\"item\":\"https:\/\/www.suno.com.br\/noticias\/\"},{\"@type\":\"ListItem\",\"position\":2,\"name\":\"Neg\u00f3cios\",\"item\":\"https:\/\/www.suno.com.br\/noticias\/negocios\/\"},{\"@type\":\"ListItem\",\"position\":3,\"name\":\"CEO do HSBC quer vender unidade de varejo do banco na Fran\u00e7a\"}]},{\"@type\":\"WebSite\",\"@id\":\"https:\/\/www.suno.com.br\/noticias\/#website\",\"url\":\"https:\/\/www.suno.com.br\/noticias\/\",\"name\":\"Suno Not\u00edcias\",\"description\":\"Seu portal de informa\u00e7\u00e3o sobre o mundo dos investimentos\",\"publisher\":{\"@id\":\"https:\/\/www.suno.com.br\/noticias\/#organization\"},\"potentialAction\":[{\"@type\":\"SearchAction\",\"target\":{\"@type\":\"EntryPoint\",\"urlTemplate\":\"https:\/\/www.suno.com.br\/noticias\/?s={search_term_string}\"},\"query-input\":{\"@type\":\"PropertyValueSpecification\",\"valueRequired\":true,\"valueName\":\"search_term_string\"}}],\"inLanguage\":\"pt-BR\"},{\"@type\":\"Organization\",\"@id\":\"https:\/\/www.suno.com.br\/noticias\/#organization\",\"name\":\"Suno Not\u00edcias\",\"url\":\"https:\/\/www.suno.com.br\/noticias\/\",\"logo\":{\"@type\":\"ImageObject\",\"inLanguage\":\"pt-BR\",\"@id\":\"https:\/\/www.suno.com.br\/noticias\/#\/schema\/logo\/image\/\",\"url\":\"https:\/\/files.sunoresearch.com.br\/n\/uploads\/2021\/09\/suno-logo.png\",\"contentUrl\":\"https:\/\/files.sunoresearch.com.br\/n\/uploads\/2021\/09\/suno-logo.png\",\"width\":180,\"height\":180,\"caption\":\"Suno Not\u00edcias\"},\"image\":{\"@id\":\"https:\/\/www.suno.com.br\/noticias\/#\/schema\/logo\/image\/\"},\"sameAs\":[\"https:\/\/facebook.com\/sunoresearch\",\"https:\/\/x.com\/sunoresearch\",\"https:\/\/www.instagram.com\/suno\",\"https:\/\/www.linkedin.com\/company\/suno-research\/\",\"https:\/\/www.youtube.com\/c\/sunoresearch\"]},{\"@type\":\"Person\",\"@id\":\"https:\/\/www.suno.com.br\/noticias\/#\/schema\/person\/098743caeed97b37f51315c9576c4078\",\"name\":\"Rafael Lara\",\"image\":{\"@type\":\"ImageObject\",\"inLanguage\":\"pt-BR\",\"@id\":\"https:\/\/www.suno.com.br\/noticias\/#\/schema\/person\/image\/\",\"url\":\"https:\/\/secure.gravatar.com\/avatar\/dfc254ab9bb2ea1895d98b9e9dae4bdd?s=96&r=g\",\"contentUrl\":\"https:\/\/secure.gravatar.com\/avatar\/dfc254ab9bb2ea1895d98b9e9dae4bdd?s=96&r=g\",\"caption\":\"Rafael Lara\"},\"description\":\"Rafael Lara cursa jornalismo na Faculdade C\u00e1sper L\u00edbero. Escreve sobre pol\u00edtica, economia e neg\u00f3cios para o portal Suno Not\u00edcias. Antes, colaborou na TV Gazeta na produ\u00e7\u00e3o do programa Edi\u00e7\u00e3o Extra.\",\"url\":\"https:\/\/www.suno.com.br\/noticias\/author\/rafael\/\"}]}<\/script>\n<!-- \/ Yoast SEO plugin. -->","yoast_head_json":{"title":"CEO do HSBC quer vender unidade de varejo do banco na Fran\u00e7a","description":"O CEO interino do HSBC, Noel Quinn, se prepara para vender a unidade de varejo do banco na Fran\u00e7a. Clique aqui e saiba mais.","robots":{"index":"index","follow":"follow","max-snippet":"max-snippet:-1","max-image-preview":"max-image-preview:large","max-video-preview":"max-video-preview:-1"},"canonical":"https:\/\/www.suno.com.br\/noticias\/ceo-hsbc-vender-unidade-varejo-banco-franca\/","og_locale":"pt_BR","og_type":"article","og_title":"CEO do HSBC quer vender unidade de varejo do banco na Fran\u00e7a","og_description":"O CEO interino do HSBC, Noel Quinn, se prepara para vender a unidade de varejo do banco na Fran\u00e7a. Clique aqui e saiba mais.","og_url":"https:\/\/www.suno.com.br\/noticias\/ceo-hsbc-vender-unidade-varejo-banco-franca\/","og_site_name":"Suno Not\u00edcias","article_publisher":"https:\/\/facebook.com\/sunoresearch","og_image":[{"width":640,"height":480,"url":"https:\/\/files.sunoresearch.com.br\/n\/uploads\/2019\/05\/584bbdd7-cvm.jpg","type":"image\/jpeg"}],"author":"Rafael Lara","twitter_card":"summary_large_image","twitter_creator":"@sunoresearch","twitter_site":"@sunoresearch","twitter_misc":{"Escrito por":"Rafael Lara","Est. tempo de leitura":"2 minutos"},"schema":{"@context":"https:\/\/schema.org","@graph":[{"@type":"NewsArticle","@id":"https:\/\/www.suno.com.br\/noticias\/ceo-hsbc-vender-unidade-varejo-banco-franca\/#article","isPartOf":{"@id":"https:\/\/www.suno.com.br\/noticias\/ceo-hsbc-vender-unidade-varejo-banco-franca\/"},"author":{"name":"Rafael Lara","@id":"https:\/\/www.suno.com.br\/noticias\/#\/schema\/person\/098743caeed97b37f51315c9576c4078"},"headline":"CEO do HSBC quer vender unidade de varejo do banco na Fran\u00e7a","datePublished":"2019-09-11T20:28:52+00:00","dateModified":"2019-09-11T20:29:14+00:00","mainEntityOfPage":{"@id":"https:\/\/www.suno.com.br\/noticias\/ceo-hsbc-vender-unidade-varejo-banco-franca\/"},"wordCount":357,"publisher":{"@id":"https:\/\/www.suno.com.br\/noticias\/#organization"},"image":{"@id":"https:\/\/www.suno.com.br\/noticias\/ceo-hsbc-vender-unidade-varejo-banco-franca\/#primaryimage"},"thumbnailUrl":"https:\/\/files.sunoresearch.com.br\/n\/uploads\/2019\/05\/584bbdd7-cvm-jpg.webp","keywords":["Fran\u00e7a","HSBC","varejo"],"articleSection":["Neg\u00f3cios"],"inLanguage":"pt-BR"},{"@type":"WebPage","@id":"https:\/\/www.suno.com.br\/noticias\/ceo-hsbc-vender-unidade-varejo-banco-franca\/","url":"https:\/\/www.suno.com.br\/noticias\/ceo-hsbc-vender-unidade-varejo-banco-franca\/","name":"CEO do HSBC quer vender unidade de varejo do banco na Fran\u00e7a","isPartOf":{"@id":"https:\/\/www.suno.com.br\/noticias\/#website"},"primaryImageOfPage":{"@id":"https:\/\/www.suno.com.br\/noticias\/ceo-hsbc-vender-unidade-varejo-banco-franca\/#primaryimage"},"image":{"@id":"https:\/\/www.suno.com.br\/noticias\/ceo-hsbc-vender-unidade-varejo-banco-franca\/#primaryimage"},"thumbnailUrl":"https:\/\/files.sunoresearch.com.br\/n\/uploads\/2019\/05\/584bbdd7-cvm-jpg.webp","datePublished":"2019-09-11T20:28:52+00:00","dateModified":"2019-09-11T20:29:14+00:00","description":"O CEO interino do HSBC, Noel Quinn, se prepara para vender a unidade de varejo do banco na Fran\u00e7a. Clique aqui e saiba mais.","breadcrumb":{"@id":"https:\/\/www.suno.com.br\/noticias\/ceo-hsbc-vender-unidade-varejo-banco-franca\/#breadcrumb"},"inLanguage":"pt-BR","potentialAction":[{"@type":"ReadAction","target":["https:\/\/www.suno.com.br\/noticias\/ceo-hsbc-vender-unidade-varejo-banco-franca\/"]}]},{"@type":"ImageObject","inLanguage":"pt-BR","@id":"https:\/\/www.suno.com.br\/noticias\/ceo-hsbc-vender-unidade-varejo-banco-franca\/#primaryimage","url":"https:\/\/files.sunoresearch.com.br\/n\/uploads\/2019\/05\/584bbdd7-cvm-jpg.webp","contentUrl":"https:\/\/files.sunoresearch.com.br\/n\/uploads\/2019\/05\/584bbdd7-cvm-jpg.webp","width":640,"height":480,"caption":"CEO do HSBC quer vender unidade de varejo do banco na Fran\u00e7a"},{"@type":"BreadcrumbList","@id":"https:\/\/www.suno.com.br\/noticias\/ceo-hsbc-vender-unidade-varejo-banco-franca\/#breadcrumb","itemListElement":[{"@type":"ListItem","position":1,"name":"Not\u00edcias","item":"https:\/\/www.suno.com.br\/noticias\/"},{"@type":"ListItem","position":2,"name":"Neg\u00f3cios","item":"https:\/\/www.suno.com.br\/noticias\/negocios\/"},{"@type":"ListItem","position":3,"name":"CEO do HSBC quer vender unidade de varejo do banco na Fran\u00e7a"}]},{"@type":"WebSite","@id":"https:\/\/www.suno.com.br\/noticias\/#website","url":"https:\/\/www.suno.com.br\/noticias\/","name":"Suno Not\u00edcias","description":"Seu portal de informa\u00e7\u00e3o sobre o mundo dos investimentos","publisher":{"@id":"https:\/\/www.suno.com.br\/noticias\/#organization"},"potentialAction":[{"@type":"SearchAction","target":{"@type":"EntryPoint","urlTemplate":"https:\/\/www.suno.com.br\/noticias\/?s={search_term_string}"},"query-input":{"@type":"PropertyValueSpecification","valueRequired":true,"valueName":"search_term_string"}}],"inLanguage":"pt-BR"},{"@type":"Organization","@id":"https:\/\/www.suno.com.br\/noticias\/#organization","name":"Suno Not\u00edcias","url":"https:\/\/www.suno.com.br\/noticias\/","logo":{"@type":"ImageObject","inLanguage":"pt-BR","@id":"https:\/\/www.suno.com.br\/noticias\/#\/schema\/logo\/image\/","url":"https:\/\/files.sunoresearch.com.br\/n\/uploads\/2021\/09\/suno-logo.png","contentUrl":"https:\/\/files.sunoresearch.com.br\/n\/uploads\/2021\/09\/suno-logo.png","width":180,"height":180,"caption":"Suno Not\u00edcias"},"image":{"@id":"https:\/\/www.suno.com.br\/noticias\/#\/schema\/logo\/image\/"},"sameAs":["https:\/\/facebook.com\/sunoresearch","https:\/\/x.com\/sunoresearch","https:\/\/www.instagram.com\/suno","https:\/\/www.linkedin.com\/company\/suno-research\/","https:\/\/www.youtube.com\/c\/sunoresearch"]},{"@type":"Person","@id":"https:\/\/www.suno.com.br\/noticias\/#\/schema\/person\/098743caeed97b37f51315c9576c4078","name":"Rafael Lara","image":{"@type":"ImageObject","inLanguage":"pt-BR","@id":"https:\/\/www.suno.com.br\/noticias\/#\/schema\/person\/image\/","url":"https:\/\/secure.gravatar.com\/avatar\/dfc254ab9bb2ea1895d98b9e9dae4bdd?s=96&r=g","contentUrl":"https:\/\/secure.gravatar.com\/avatar\/dfc254ab9bb2ea1895d98b9e9dae4bdd?s=96&r=g","caption":"Rafael Lara"},"description":"Rafael Lara cursa jornalismo na Faculdade C\u00e1sper L\u00edbero. Escreve sobre pol\u00edtica, economia e neg\u00f3cios para o portal Suno Not\u00edcias. Antes, colaborou na TV Gazeta na produ\u00e7\u00e3o do programa Edi\u00e7\u00e3o Extra.","url":"https:\/\/www.suno.com.br\/noticias\/author\/rafael\/"}]}},"default_loop_html":"<div class=\"cardsPage__listCard__boxs\"><div class=\"cardsPage__listCard__boxs__img\"><a href=\"https:\/\/www.suno.com.br\/noticias\/ceo-hsbc-vender-unidade-varejo-banco-franca\/\"><img class=\"mask\" src=\"https:\/\/www.suno.com.br\/noticias\/wp-content\/themes\/suno\/resources\/images\/spotlight\/spotlight1img\/bg-mask.png\" alt=\"Image Mask\"\/><img src=\"https:\/\/files.sunoresearch.com.br\/n\/uploads\/2019\/05\/584bbdd7-cvm-400x200.webp\" alt=\"CEO do HSBC quer vender unidade de varejo do banco na Fran\u00e7a\"\/><\/a><span class=\"spotlightCategory\"><a href=\"https:\/\/www.suno.com.br\/noticias\/negocios\/\">Neg\u00f3cios<\/a><\/span><\/div><div class=\"cardsPage__listCard__boxs__content\"><a href=\"https:\/\/www.suno.com.br\/noticias\/ceo-hsbc-vender-unidade-varejo-banco-franca\/\"><h2 class=\"content__title\">CEO do HSBC quer vender unidade de varejo do banco na Fran\u00e7a<\/h2><\/a><div class=\"newsContent__article__meta\"><div class=\"newsContent__article__meta__authorBox\"><a href=\"https:\/\/www.suno.com.br\/noticias\/author\/rafael\/\" class=\"authorBox__avatar noMobi\"><img src=\"https:\/\/secure.gravatar.com\/avatar\/dfc254ab9bb2ea1895d98b9e9dae4bdd?s=96&#038;r=g\" alt=\"Rafael Lara\"><\/a><div class=\"authorBox__name\"><span>por\n\t\t\t<a href=\"https:\/\/www.suno.com.br\/noticias\/author\/rafael\/\"><span itemprop=\"author\">Rafael Lara<\/span><\/a><\/span><time datetime=\"2019-09-11T17:28:52-03:00\" itemprop=\"datePublished\">11\/09\/2019 17:28<\/time><\/div><\/div><\/div><\/div><\/div>","single_layout":"posts","amp_enabled":true,"_links":{"self":[{"href":"https:\/\/www.suno.com.br\/noticias\/wp-json\/wp\/v2\/posts\/37219"}],"collection":[{"href":"https:\/\/www.suno.com.br\/noticias\/wp-json\/wp\/v2\/posts"}],"about":[{"href":"https:\/\/www.suno.com.br\/noticias\/wp-json\/wp\/v2\/types\/post"}],"author":[{"embeddable":true,"href":"https:\/\/www.suno.com.br\/noticias\/wp-json\/wp\/v2\/users\/23"}],"replies":[{"embeddable":true,"href":"https:\/\/www.suno.com.br\/noticias\/wp-json\/wp\/v2\/comments?post=37219"}],"version-history":[{"count":0,"href":"https:\/\/www.suno.com.br\/noticias\/wp-json\/wp\/v2\/posts\/37219\/revisions"}],"wp:featuredmedia":[{"embeddable":true,"href":"https:\/\/www.suno.com.br\/noticias\/wp-json\/wp\/v2\/media\/23646"}],"wp:attachment":[{"href":"https:\/\/www.suno.com.br\/noticias\/wp-json\/wp\/v2\/media?parent=37219"}],"wp:term":[{"taxonomy":"category","embeddable":true,"href":"https:\/\/www.suno.com.br\/noticias\/wp-json\/wp\/v2\/categories?post=37219"},{"taxonomy":"post_tag","embeddable":true,"href":"https:\/\/www.suno.com.br\/noticias\/wp-json\/wp\/v2\/tags?post=37219"},{"taxonomy":"suno_strategy","embeddable":true,"href":"https:\/\/www.suno.com.br\/noticias\/wp-json\/wp\/v2\/suno_strategy?post=37219"}],"curies":[{"name":"wp","href":"https:\/\/api.w.org\/{rel}","templated":true}]}}