{"id":372063,"date":"2023-03-05T11:44:53","date_gmt":"2023-03-05T14:44:53","guid":{"rendered":"https:\/\/www.suno.com.br\/noticias\/?p=372063"},"modified":"2023-03-05T11:44:59","modified_gmt":"2023-03-05T14:44:59","slug":"fed-sinais-subir-taxa-juros","status":"publish","type":"post","link":"https:\/\/www.suno.com.br\/noticias\/fed-sinais-subir-taxa-juros\/","title":{"rendered":"Fed d\u00e1 sinais de que deve subir taxa de juros mais do que o previsto"},"content":{"rendered":"<p>Uma s\u00e9rie de dados econ\u00f4micos fortes e sinais de que a infla\u00e7\u00e3o continua teimosamente alta podem levar o <a href=\"https:\/\/www.suno.com.br\/artigos\/fed\/\" target=\"_blank\" rel=\"noopener\"><strong>Federal Reserve (Fed)<\/strong><\/a>, o Banco Central americano, a aumentar sua taxa de <strong>juros<\/strong> de refer\u00eancia nos pr\u00f3ximos meses mais do que o previsto.<\/p>\t<div class=\"wrapper-featured-image\">\n\t\t<figure class=\"spotlightImg\">\n\n\t\t\t<picture>\n\t\t\t\t<source media=\"(max-width: 768px)\" srcset=\"https:\/\/files.sunoresearch.com.br\/n\/uploads\/2023\/03\/alexander-grey-8lnbXtxFGZw-unsplash-1-400x200.jpg\">\n\t\t\t\t<img loading=\"lazy\" decoding=\"async\" class=\"newsContent__article__imgCapa lazyloadDisabled \" src=\"https:\/\/files.sunoresearch.com.br\/n\/uploads\/2023\/03\/alexander-grey-8lnbXtxFGZw-unsplash-1-800x450.jpg\" width=\"800\" height=\"450\" alt=\"Fed d\u00e1 sinais de que deve subir taxa de juros mais do que o previsto\" fetchpriority=high \/>\n\t\t\t<\/picture>\n\n\t\t\t<figcaption class=\"wp-caption-text wp-caption-text--show\">Juros dos EUA - Foto: Unsplash<\/figcaption>\n\t\t<\/figure>\n\t<\/div>\n\n\n\t<p>\n\t\t<a href=\"https:\/\/lp2.suno.com.br\/cl\/black-friday-2025\/?utm_campaign=_SNCDF0E4858_\" target=\"_blank\" data-element=\"shortcode-suno-banner\" title=\"Banner SUNO, clique e saiba mais\">\n\t\t\t<picture>\n\t\t\t\t<source media=\"(max-width: 500px)\" srcset=\"https:\/\/files.sunoresearch.com.br\/n\/uploads\/2025\/10\/Artigos-e-Noticias-Banner-Home-artigos-01-Mobile_-400x300-1-png.webp\">\n\t\t\t\t<img class=\"newsContent__article__imgCapa newsContent__article__imgCapa--banner\"\n\t\t\t\t\tsrc=\"https:\/\/files.sunoresearch.com.br\/n\/uploads\/2025\/10\/Artigos-e-Noticias-Banner-Home-artigos-01-Desktop_-1420x240-1-png.webp\"\n\t\t\t\t\tdata-promo-id=\"311259\"\t\t\t\t\t\t\t\t\t\twidth='1420' height='240'\t\t\t\t\talt=\"https:\/\/files.sunoresearch.com.br\/n\/uploads\/2025\/10\/Artigos-e-Noticias-Banner-Home-artigos-01-Desktop_-1420x240-1-png.webp\"\n\t\t\t\t>\n\t\t\t<\/picture>\n\t\t<\/a>\n\t<\/p>\n\n\n<p>Na quinta-feira, 2, Christopher Waller, membro do conselho de <strong>gestores do Fed<\/strong>, disse que, se a economia continuasse mostrando for\u00e7a e a infla\u00e7\u00e3o continuasse elevada, a institui\u00e7\u00e3o teria de elevar sua taxa b\u00e1sica acima de 5,4%.<\/p>\n<p>Isso seria mais alto do que as autoridades do Fed haviam sinalizado em dezembro, quando projetaram um pico de 5,1% neste ano.<\/p>\n\t<div data-element=\"shortcode-read-more\" class=\"knowMore\">\n\t\t\t\t<span class=\"knowMore__title\">Leia mais:<\/span>\n\t\t\t\t<a class=\"knowMore__link\" href=\"https:\/\/www.suno.com.br\/noticias\/resultados-4t22-magazine-luiza-mglu3-irb-brasil-irbr3\/\">\n\t\t\tMagazine Luiza (MGLU3), IRB Brasil (IRBR3) e Via (VIIA3) divulgam resultados do 4T22: veja a agenda da semana\t\t<\/a>\n\t<\/div>\n\n\n<p>&#8220;Dados recentes sugerem que os gastos do consumidor n\u00e3o est\u00e3o diminuindo e que a <strong>infla\u00e7\u00e3o<\/strong> n\u00e3o est\u00e1 caindo t\u00e3o r\u00e1pido quanto eu pensava&#8221;, disse Waller em uma confer\u00eancia de neg\u00f3cios em Los Angeles.<\/p>\n<h2>BC da Europa quer juros altos por mais tempo<\/h2>\n<p>O <strong>Banco Central Europeu (BCE)<\/strong> iniciou um processo vigoroso de <strong>alta de juros<\/strong> para conter a <a href=\"https:\/\/www.suno.com.br\/artigos\/inflacao\/\" target=\"_blank\" rel=\"noopener\">infla\u00e7\u00e3o<\/a>, que atingiu 8,5% (anuais) em fevereiro, e provoca desacelera\u00e7\u00e3o da economia da regi\u00e3o.<\/p>\n<p>A presidente da institui\u00e7\u00e3o, Christine Lagarde, manifestou recentemente que o movimento \u00e9 essencial para levar o \u00edndice de pre\u00e7os ao consumidor novamente \u00e0 meta de 2,0% e para controlar a for\u00e7a do mercado de trabalho, sobretudo a alta dos sal\u00e1rios.<\/p>\n<p>&#8220;O BCE n\u00e3o quer que, no momento em que est\u00e1 conseguindo <strong>baixar a infla\u00e7\u00e3o<\/strong>, os sal\u00e1rios se tornem um fator que eleve novamente os pre\u00e7os de servi\u00e7os e de mercadorias&#8221;, comentou Marco Valli, economista-chefe para a Europa do banco UniCredit.<\/p>\n<p>Apesar das boas condi\u00e7\u00f5es do <strong>mercado de trabalho na Europa<\/strong>, alguns fatores imp\u00f5em modera\u00e7\u00e3o \u00e0s negocia\u00e7\u00f5es salariais, ajudando o trabalho do BCE e aliviando a press\u00e3o desse item na infla\u00e7\u00e3o.<\/p>\n<p>A taxa de desemprego \u00e9 maior do que em outras economias avan\u00e7adas, como <strong>EUA<\/strong> e Jap\u00e3o, a competitividade das empresas do setor manufatureiro \u00e9 muito baseada na conten\u00e7\u00e3o de custos e os pre\u00e7os de energia exercem um peso grande na produ\u00e7\u00e3o das ind\u00fastrias. Isso reduz as margens para eleva\u00e7\u00e3o de sal\u00e1rios, aponta Gregorio De Felice, economista-chefe do banco Intesa Sanpaolo.<\/p>\n<h2>Emprego<\/h2>\n<p>&#8220;O mercado de trabalho na Europa \u00e9 apertado, mas suas condi\u00e7\u00f5es atuais n\u00e3o devem gerar aumentos substanciais de sal\u00e1rios a ponto de dificultar o trabalho do <a href=\"https:\/\/www.suno.com.br\/artigos\/bce\/\" target=\"_blank\" rel=\"noopener\">Banco Central Europeu<\/a> para controlar a infla\u00e7\u00e3o&#8221;, comentou De Felice.<\/p>\n<p>Ele estima que a remunera\u00e7\u00e3o dos trabalhadores dever\u00e1 apresentar uma eleva\u00e7\u00e3o m\u00e9dia de 2,8% neste ano, enquanto o <strong>\u00edndice de pre\u00e7os ao consumidor<\/strong> deve ter um aumento m\u00e9dio de 6%.<\/p>\n<p>Esse \u00e9 um dos elementos que ajudam o BCE a manter ancoradas as expectativas relativas \u00e0 tend\u00eancia dos \u00edndices de pre\u00e7os ao consumidor no m\u00e9dio prazo.<\/p>\n<p>Outro fator importante \u00e9 que os sindicatos dos trabalhadores perderam poder de negocia\u00e7\u00e3o com as empresas nas \u00faltimas duas d\u00e9cadas, devido a v\u00e1rios motivos, especialmente a mudan\u00e7a de empresas para o leste do continente e para pa\u00edses asi\u00e1ticos.<\/p>\n<h2>Juros altos<\/h2>\n<p>Ainda assim, a for\u00e7a da pol\u00edtica monet\u00e1ria restritiva na Europa &#8211; a expectativa \u00e9 de que o <strong>juro<\/strong>, hoje em 2,5%, alcance 3,75% &#8211; dever\u00e1 continuar nos pr\u00f3ximos meses.<\/p>\n<p>Yvan Mamalet, economista s\u00eanior do banco Societe Generale, aponta que a taxa de desemprego tende a subir dos atuais 6,6% para 6,8% no final do ano, marca que dever\u00e1 ficar est\u00e1vel naquele n\u00edvel at\u00e9 o encerramento de 2024.<\/p>\n<p>Para ele, as companhias devem seguir buscando contratar, num contexto de crescimento esperado de 1% do <strong>PIB<\/strong> do continente em 2023 e de 1,1% em 2024.<\/p>\n<h2>Redu\u00e7\u00e3o do juro deve ser lenta e s\u00f3 come\u00e7ar no 3\u00ba trimestre de 2024<\/h2>\n<p>O Banco Central Europeu (BCE) provavelmente s\u00f3 iniciar\u00e1 o lento processo de <strong>redu\u00e7\u00e3o dos juros<\/strong> no in\u00edcio do terceiro trimestre de 2024, para que a infla\u00e7\u00e3o recue e atinja 2,3% (anuais) em dezembro do pr\u00f3ximo ano, estima Marco Valli, economista-chefe para a Europa do UniCredit.<\/p>\n<p>Mas, para viabilizar tal redu\u00e7\u00e3o do \u00edndice de pre\u00e7os ao consumidor, o banco central com sede em Frankfurt precisar\u00e1 ir devagar na distens\u00e3o da <a href=\"https:\/\/www.suno.com.br\/artigos\/politica-monetaria\/\" target=\"_blank\" rel=\"noopener\">pol\u00edtica monet\u00e1ria<\/a>. Ele espera que os <strong>juros<\/strong> apenas baixem 0,75 ponto porcentual no segundo semestre de 2024.<\/p>\n<p>(Com informa\u00e7\u00f5es de O Estado de S. Paulo e Estad\u00e3o Conte\u00fado)<\/p>\n\t<p>\n\t\t<a href=\"https:\/\/lp.suno.com.br\/ebook-como-analisar-uma-acao\/\" target=\"_blank\" data-element=\"shortcode-suno-banner\" title=\"Banner SUNO, clique e saiba mais\">\n\t\t\t<picture>\n\t\t\t\t<source media=\"(max-width: 500px)\" srcset=\"https:\/\/files.sunoresearch.com.br\/n\/uploads\/2023\/12\/Ebook-Acoes-Mobile.jpg\">\n\t\t\t\t<img class=\"newsContent__article__imgCapa newsContent__article__imgCapa--banner\"\n\t\t\t\t\tsrc=\"https:\/\/files.sunoresearch.com.br\/n\/uploads\/2023\/12\/Ebook-Acoes-Desktop.webp\"\n\t\t\t\t\tdata-promo-id=\"311260\"\t\t\t\t\t\t\t\t\t\twidth='1420' height='286'\t\t\t\t\talt=\"https:\/\/files.sunoresearch.com.br\/n\/uploads\/2023\/12\/Ebook-Acoes-Desktop.webp\"\n\t\t\t\t>\n\t\t\t<\/picture>\n\t\t<\/a>\n\t<\/p>\n\n\n","protected":false},"excerpt":{"rendered":"<p>Uma s\u00e9rie de dados econ\u00f4micos fortes e sinais de que a infla\u00e7\u00e3o continua teimosamente alta podem levar o Federal Reserve (Fed), o Banco Central americano, a aumentar sua taxa de juros de refer\u00eancia nos pr\u00f3ximos meses mais do que o previsto. Juros dos EUA &#8211; Foto: Unsplash Na quinta-feira, 2, Christopher Waller, membro do conselho [&hellip;]<\/p>\n","protected":false},"author":173,"featured_media":372090,"comment_status":"closed","ping_status":"closed","sticky":false,"template":"","format":"standard","meta":[],"categories":[64],"tags":[863,776,1752],"suno_strategy":[],"class_list":["post-372063","post","type-post","status-publish","format-standard","has-post-thumbnail","hentry","category-negocios","tag-banco-central-europeu-bce","tag-federal-reseve-fed","tag-taxa-de-juros"],"yoast_head":"<!-- This site is optimized with the Yoast SEO plugin v24.4 - https:\/\/yoast.com\/wordpress\/plugins\/seo\/ -->\n<title>Fed d\u00e1 sinais de que deve subir taxa de juros mais do que o previsto<\/title>\n<meta name=\"description\" content=\"O Federal Reserve (Fed), o Banco Central americano d\u00e1 sinais de que deve subir taxa de juros mais do que o previsto. Clique e saiba mais!\" \/>\n<meta name=\"robots\" content=\"index, follow, max-snippet:-1, max-image-preview:large, max-video-preview:-1\" \/>\n<link rel=\"canonical\" href=\"https:\/\/www.suno.com.br\/noticias\/fed-sinais-subir-taxa-juros\/\" \/>\n<meta property=\"og:locale\" content=\"pt_BR\" \/>\n<meta property=\"og:type\" content=\"article\" \/>\n<meta property=\"og:title\" content=\"Fed d\u00e1 sinais de que deve subir taxa de juros mais do que o previsto\" \/>\n<meta property=\"og:description\" content=\"O Federal Reserve (Fed), o Banco Central americano d\u00e1 sinais de que deve subir taxa de juros mais do que o previsto. Clique e saiba mais!\" \/>\n<meta property=\"og:url\" content=\"https:\/\/www.suno.com.br\/noticias\/fed-sinais-subir-taxa-juros\/\" \/>\n<meta property=\"og:site_name\" content=\"Suno Not\u00edcias\" \/>\n<meta property=\"article:publisher\" content=\"https:\/\/facebook.com\/sunoresearch\" \/>\n<meta property=\"og:image\" content=\"https:\/\/files.sunoresearch.com.br\/n\/uploads\/2023\/03\/alexander-grey-8lnbXtxFGZw-unsplash-1-scaled.jpg\" \/>\n\t<meta property=\"og:image:width\" content=\"2560\" \/>\n\t<meta property=\"og:image:height\" content=\"1707\" \/>\n\t<meta property=\"og:image:type\" content=\"image\/jpeg\" \/>\n<meta name=\"author\" content=\"Jo\u00e3o Vitor\" \/>\n<meta name=\"twitter:card\" content=\"summary_large_image\" \/>\n<meta name=\"twitter:creator\" content=\"@sunoresearch\" \/>\n<meta name=\"twitter:site\" content=\"@sunoresearch\" \/>\n<meta name=\"twitter:label1\" content=\"Escrito por\" \/>\n\t<meta name=\"twitter:data1\" content=\"Jo\u00e3o Vitor\" \/>\n\t<meta name=\"twitter:label2\" content=\"Est. tempo de leitura\" \/>\n\t<meta name=\"twitter:data2\" content=\"4 minutos\" \/>\n<script type=\"application\/ld+json\" class=\"yoast-schema-graph\">{\"@context\":\"https:\/\/schema.org\",\"@graph\":[{\"@type\":\"NewsArticle\",\"@id\":\"https:\/\/www.suno.com.br\/noticias\/fed-sinais-subir-taxa-juros\/#article\",\"isPartOf\":{\"@id\":\"https:\/\/www.suno.com.br\/noticias\/fed-sinais-subir-taxa-juros\/\"},\"author\":{\"name\":\"Jo\u00e3o Vitor\",\"@id\":\"https:\/\/www.suno.com.br\/noticias\/#\/schema\/person\/87fc6973867c52dd884811905c43afba\"},\"headline\":\"Fed d\u00e1 sinais de que deve subir taxa de juros mais do que o previsto\",\"datePublished\":\"2023-03-05T14:44:53+00:00\",\"dateModified\":\"2023-03-05T14:44:59+00:00\",\"mainEntityOfPage\":{\"@id\":\"https:\/\/www.suno.com.br\/noticias\/fed-sinais-subir-taxa-juros\/\"},\"wordCount\":757,\"publisher\":{\"@id\":\"https:\/\/www.suno.com.br\/noticias\/#organization\"},\"image\":{\"@id\":\"https:\/\/www.suno.com.br\/noticias\/fed-sinais-subir-taxa-juros\/#primaryimage\"},\"thumbnailUrl\":\"https:\/\/files.sunoresearch.com.br\/n\/uploads\/2023\/03\/alexander-grey-8lnbXtxFGZw-unsplash-1-scaled.jpg\",\"keywords\":[\"Banco Central Europeu (BCE)\",\"Federal Reserve (FED)\",\"taxa de juros\"],\"articleSection\":[\"Neg\u00f3cios\"],\"inLanguage\":\"pt-BR\"},{\"@type\":\"WebPage\",\"@id\":\"https:\/\/www.suno.com.br\/noticias\/fed-sinais-subir-taxa-juros\/\",\"url\":\"https:\/\/www.suno.com.br\/noticias\/fed-sinais-subir-taxa-juros\/\",\"name\":\"Fed d\u00e1 sinais de que deve subir taxa de juros mais do que o previsto\",\"isPartOf\":{\"@id\":\"https:\/\/www.suno.com.br\/noticias\/#website\"},\"primaryImageOfPage\":{\"@id\":\"https:\/\/www.suno.com.br\/noticias\/fed-sinais-subir-taxa-juros\/#primaryimage\"},\"image\":{\"@id\":\"https:\/\/www.suno.com.br\/noticias\/fed-sinais-subir-taxa-juros\/#primaryimage\"},\"thumbnailUrl\":\"https:\/\/files.sunoresearch.com.br\/n\/uploads\/2023\/03\/alexander-grey-8lnbXtxFGZw-unsplash-1-scaled.jpg\",\"datePublished\":\"2023-03-05T14:44:53+00:00\",\"dateModified\":\"2023-03-05T14:44:59+00:00\",\"description\":\"O Federal Reserve (Fed), o Banco Central americano d\u00e1 sinais de que deve subir taxa de juros mais do que o previsto. Clique e saiba mais!\",\"breadcrumb\":{\"@id\":\"https:\/\/www.suno.com.br\/noticias\/fed-sinais-subir-taxa-juros\/#breadcrumb\"},\"inLanguage\":\"pt-BR\",\"potentialAction\":[{\"@type\":\"ReadAction\",\"target\":[\"https:\/\/www.suno.com.br\/noticias\/fed-sinais-subir-taxa-juros\/\"]}]},{\"@type\":\"ImageObject\",\"inLanguage\":\"pt-BR\",\"@id\":\"https:\/\/www.suno.com.br\/noticias\/fed-sinais-subir-taxa-juros\/#primaryimage\",\"url\":\"https:\/\/files.sunoresearch.com.br\/n\/uploads\/2023\/03\/alexander-grey-8lnbXtxFGZw-unsplash-1-scaled.jpg\",\"contentUrl\":\"https:\/\/files.sunoresearch.com.br\/n\/uploads\/2023\/03\/alexander-grey-8lnbXtxFGZw-unsplash-1-scaled.jpg\",\"width\":2560,\"height\":1707,\"caption\":\"Juros dos EUA - Foto: Unsplash\"},{\"@type\":\"BreadcrumbList\",\"@id\":\"https:\/\/www.suno.com.br\/noticias\/fed-sinais-subir-taxa-juros\/#breadcrumb\",\"itemListElement\":[{\"@type\":\"ListItem\",\"position\":1,\"name\":\"Not\u00edcias\",\"item\":\"https:\/\/www.suno.com.br\/noticias\/\"},{\"@type\":\"ListItem\",\"position\":2,\"name\":\"Neg\u00f3cios\",\"item\":\"https:\/\/www.suno.com.br\/noticias\/negocios\/\"},{\"@type\":\"ListItem\",\"position\":3,\"name\":\"Fed d\u00e1 sinais de que deve subir taxa de juros mais do que o previsto\"}]},{\"@type\":\"WebSite\",\"@id\":\"https:\/\/www.suno.com.br\/noticias\/#website\",\"url\":\"https:\/\/www.suno.com.br\/noticias\/\",\"name\":\"Suno Not\u00edcias\",\"description\":\"Seu portal de informa\u00e7\u00e3o sobre o mundo dos investimentos\",\"publisher\":{\"@id\":\"https:\/\/www.suno.com.br\/noticias\/#organization\"},\"potentialAction\":[{\"@type\":\"SearchAction\",\"target\":{\"@type\":\"EntryPoint\",\"urlTemplate\":\"https:\/\/www.suno.com.br\/noticias\/?s={search_term_string}\"},\"query-input\":{\"@type\":\"PropertyValueSpecification\",\"valueRequired\":true,\"valueName\":\"search_term_string\"}}],\"inLanguage\":\"pt-BR\"},{\"@type\":\"Organization\",\"@id\":\"https:\/\/www.suno.com.br\/noticias\/#organization\",\"name\":\"Suno Not\u00edcias\",\"url\":\"https:\/\/www.suno.com.br\/noticias\/\",\"logo\":{\"@type\":\"ImageObject\",\"inLanguage\":\"pt-BR\",\"@id\":\"https:\/\/www.suno.com.br\/noticias\/#\/schema\/logo\/image\/\",\"url\":\"https:\/\/files.sunoresearch.com.br\/n\/uploads\/2021\/09\/suno-logo.png\",\"contentUrl\":\"https:\/\/files.sunoresearch.com.br\/n\/uploads\/2021\/09\/suno-logo.png\",\"width\":180,\"height\":180,\"caption\":\"Suno Not\u00edcias\"},\"image\":{\"@id\":\"https:\/\/www.suno.com.br\/noticias\/#\/schema\/logo\/image\/\"},\"sameAs\":[\"https:\/\/facebook.com\/sunoresearch\",\"https:\/\/x.com\/sunoresearch\",\"https:\/\/www.instagram.com\/suno\",\"https:\/\/www.linkedin.com\/company\/suno-research\/\",\"https:\/\/www.youtube.com\/c\/sunoresearch\"]},{\"@type\":\"Person\",\"@id\":\"https:\/\/www.suno.com.br\/noticias\/#\/schema\/person\/87fc6973867c52dd884811905c43afba\",\"name\":\"Jo\u00e3o Vitor\",\"image\":{\"@type\":\"ImageObject\",\"inLanguage\":\"pt-BR\",\"@id\":\"https:\/\/www.suno.com.br\/noticias\/#\/schema\/person\/image\/\",\"url\":\"https:\/\/secure.gravatar.com\/avatar\/2843227ca03ccf8cc7ccca45204c127e?s=96&r=g\",\"contentUrl\":\"https:\/\/secure.gravatar.com\/avatar\/2843227ca03ccf8cc7ccca45204c127e?s=96&r=g\",\"caption\":\"Jo\u00e3o Vitor\"},\"description\":\"Redator profissional, com atua\u00e7\u00e3o no mercado editorial na produ\u00e7\u00e3o de not\u00edcias e conte\u00fados sobre o mercado de a\u00e7\u00f5es, fundos imobili\u00e1rios e economia popular. Graduando em Engenharia Qu\u00edmica pela Unesp, tamb\u00e9m j\u00e1 atuou como consultor financeiro.\",\"url\":\"https:\/\/www.suno.com.br\/noticias\/author\/joao-vitor-jacintho\/\"}]}<\/script>\n<!-- \/ Yoast SEO plugin. -->","yoast_head_json":{"title":"Fed d\u00e1 sinais de que deve subir taxa de juros mais do que o previsto","description":"O Federal Reserve (Fed), o Banco Central americano d\u00e1 sinais de que deve subir taxa de juros mais do que o previsto. Clique e saiba mais!","robots":{"index":"index","follow":"follow","max-snippet":"max-snippet:-1","max-image-preview":"max-image-preview:large","max-video-preview":"max-video-preview:-1"},"canonical":"https:\/\/www.suno.com.br\/noticias\/fed-sinais-subir-taxa-juros\/","og_locale":"pt_BR","og_type":"article","og_title":"Fed d\u00e1 sinais de que deve subir taxa de juros mais do que o previsto","og_description":"O Federal Reserve (Fed), o Banco Central americano d\u00e1 sinais de que deve subir taxa de juros mais do que o previsto. Clique e saiba mais!","og_url":"https:\/\/www.suno.com.br\/noticias\/fed-sinais-subir-taxa-juros\/","og_site_name":"Suno Not\u00edcias","article_publisher":"https:\/\/facebook.com\/sunoresearch","og_image":[{"width":2560,"height":1707,"url":"https:\/\/files.sunoresearch.com.br\/n\/uploads\/2023\/03\/alexander-grey-8lnbXtxFGZw-unsplash-1-scaled.jpg","type":"image\/jpeg"}],"author":"Jo\u00e3o Vitor","twitter_card":"summary_large_image","twitter_creator":"@sunoresearch","twitter_site":"@sunoresearch","twitter_misc":{"Escrito por":"Jo\u00e3o Vitor","Est. tempo de leitura":"4 minutos"},"schema":{"@context":"https:\/\/schema.org","@graph":[{"@type":"NewsArticle","@id":"https:\/\/www.suno.com.br\/noticias\/fed-sinais-subir-taxa-juros\/#article","isPartOf":{"@id":"https:\/\/www.suno.com.br\/noticias\/fed-sinais-subir-taxa-juros\/"},"author":{"name":"Jo\u00e3o Vitor","@id":"https:\/\/www.suno.com.br\/noticias\/#\/schema\/person\/87fc6973867c52dd884811905c43afba"},"headline":"Fed d\u00e1 sinais de que deve subir taxa de juros mais do que o previsto","datePublished":"2023-03-05T14:44:53+00:00","dateModified":"2023-03-05T14:44:59+00:00","mainEntityOfPage":{"@id":"https:\/\/www.suno.com.br\/noticias\/fed-sinais-subir-taxa-juros\/"},"wordCount":757,"publisher":{"@id":"https:\/\/www.suno.com.br\/noticias\/#organization"},"image":{"@id":"https:\/\/www.suno.com.br\/noticias\/fed-sinais-subir-taxa-juros\/#primaryimage"},"thumbnailUrl":"https:\/\/files.sunoresearch.com.br\/n\/uploads\/2023\/03\/alexander-grey-8lnbXtxFGZw-unsplash-1-scaled.jpg","keywords":["Banco Central Europeu (BCE)","Federal Reserve (FED)","taxa de juros"],"articleSection":["Neg\u00f3cios"],"inLanguage":"pt-BR"},{"@type":"WebPage","@id":"https:\/\/www.suno.com.br\/noticias\/fed-sinais-subir-taxa-juros\/","url":"https:\/\/www.suno.com.br\/noticias\/fed-sinais-subir-taxa-juros\/","name":"Fed d\u00e1 sinais de que deve subir taxa de juros mais do que o previsto","isPartOf":{"@id":"https:\/\/www.suno.com.br\/noticias\/#website"},"primaryImageOfPage":{"@id":"https:\/\/www.suno.com.br\/noticias\/fed-sinais-subir-taxa-juros\/#primaryimage"},"image":{"@id":"https:\/\/www.suno.com.br\/noticias\/fed-sinais-subir-taxa-juros\/#primaryimage"},"thumbnailUrl":"https:\/\/files.sunoresearch.com.br\/n\/uploads\/2023\/03\/alexander-grey-8lnbXtxFGZw-unsplash-1-scaled.jpg","datePublished":"2023-03-05T14:44:53+00:00","dateModified":"2023-03-05T14:44:59+00:00","description":"O Federal Reserve (Fed), o Banco Central americano d\u00e1 sinais de que deve subir taxa de juros mais do que o previsto. Clique e saiba mais!","breadcrumb":{"@id":"https:\/\/www.suno.com.br\/noticias\/fed-sinais-subir-taxa-juros\/#breadcrumb"},"inLanguage":"pt-BR","potentialAction":[{"@type":"ReadAction","target":["https:\/\/www.suno.com.br\/noticias\/fed-sinais-subir-taxa-juros\/"]}]},{"@type":"ImageObject","inLanguage":"pt-BR","@id":"https:\/\/www.suno.com.br\/noticias\/fed-sinais-subir-taxa-juros\/#primaryimage","url":"https:\/\/files.sunoresearch.com.br\/n\/uploads\/2023\/03\/alexander-grey-8lnbXtxFGZw-unsplash-1-scaled.jpg","contentUrl":"https:\/\/files.sunoresearch.com.br\/n\/uploads\/2023\/03\/alexander-grey-8lnbXtxFGZw-unsplash-1-scaled.jpg","width":2560,"height":1707,"caption":"Juros dos EUA - Foto: Unsplash"},{"@type":"BreadcrumbList","@id":"https:\/\/www.suno.com.br\/noticias\/fed-sinais-subir-taxa-juros\/#breadcrumb","itemListElement":[{"@type":"ListItem","position":1,"name":"Not\u00edcias","item":"https:\/\/www.suno.com.br\/noticias\/"},{"@type":"ListItem","position":2,"name":"Neg\u00f3cios","item":"https:\/\/www.suno.com.br\/noticias\/negocios\/"},{"@type":"ListItem","position":3,"name":"Fed d\u00e1 sinais de que deve subir taxa de juros mais do que o previsto"}]},{"@type":"WebSite","@id":"https:\/\/www.suno.com.br\/noticias\/#website","url":"https:\/\/www.suno.com.br\/noticias\/","name":"Suno Not\u00edcias","description":"Seu portal de informa\u00e7\u00e3o sobre o mundo dos investimentos","publisher":{"@id":"https:\/\/www.suno.com.br\/noticias\/#organization"},"potentialAction":[{"@type":"SearchAction","target":{"@type":"EntryPoint","urlTemplate":"https:\/\/www.suno.com.br\/noticias\/?s={search_term_string}"},"query-input":{"@type":"PropertyValueSpecification","valueRequired":true,"valueName":"search_term_string"}}],"inLanguage":"pt-BR"},{"@type":"Organization","@id":"https:\/\/www.suno.com.br\/noticias\/#organization","name":"Suno Not\u00edcias","url":"https:\/\/www.suno.com.br\/noticias\/","logo":{"@type":"ImageObject","inLanguage":"pt-BR","@id":"https:\/\/www.suno.com.br\/noticias\/#\/schema\/logo\/image\/","url":"https:\/\/files.sunoresearch.com.br\/n\/uploads\/2021\/09\/suno-logo.png","contentUrl":"https:\/\/files.sunoresearch.com.br\/n\/uploads\/2021\/09\/suno-logo.png","width":180,"height":180,"caption":"Suno Not\u00edcias"},"image":{"@id":"https:\/\/www.suno.com.br\/noticias\/#\/schema\/logo\/image\/"},"sameAs":["https:\/\/facebook.com\/sunoresearch","https:\/\/x.com\/sunoresearch","https:\/\/www.instagram.com\/suno","https:\/\/www.linkedin.com\/company\/suno-research\/","https:\/\/www.youtube.com\/c\/sunoresearch"]},{"@type":"Person","@id":"https:\/\/www.suno.com.br\/noticias\/#\/schema\/person\/87fc6973867c52dd884811905c43afba","name":"Jo\u00e3o Vitor","image":{"@type":"ImageObject","inLanguage":"pt-BR","@id":"https:\/\/www.suno.com.br\/noticias\/#\/schema\/person\/image\/","url":"https:\/\/secure.gravatar.com\/avatar\/2843227ca03ccf8cc7ccca45204c127e?s=96&r=g","contentUrl":"https:\/\/secure.gravatar.com\/avatar\/2843227ca03ccf8cc7ccca45204c127e?s=96&r=g","caption":"Jo\u00e3o Vitor"},"description":"Redator profissional, com atua\u00e7\u00e3o no mercado editorial na produ\u00e7\u00e3o de not\u00edcias e conte\u00fados sobre o mercado de a\u00e7\u00f5es, fundos imobili\u00e1rios e economia popular. Graduando em Engenharia Qu\u00edmica pela Unesp, tamb\u00e9m j\u00e1 atuou como consultor financeiro.","url":"https:\/\/www.suno.com.br\/noticias\/author\/joao-vitor-jacintho\/"}]}},"default_loop_html":"<div class=\"cardsPage__listCard__boxs\"><div class=\"cardsPage__listCard__boxs__img\"><a href=\"https:\/\/www.suno.com.br\/noticias\/fed-sinais-subir-taxa-juros\/\"><img class=\"mask\" src=\"https:\/\/www.suno.com.br\/noticias\/wp-content\/themes\/suno\/resources\/images\/spotlight\/spotlight1img\/bg-mask.png\" alt=\"Image Mask\"\/><img src=\"https:\/\/files.sunoresearch.com.br\/n\/uploads\/2023\/03\/alexander-grey-8lnbXtxFGZw-unsplash-1-400x200.jpg\" alt=\"Fed d\u00e1 sinais de que deve subir taxa de juros mais do que o previsto\"\/><\/a><span class=\"spotlightCategory\"><a href=\"https:\/\/www.suno.com.br\/noticias\/negocios\/\">Neg\u00f3cios<\/a><\/span><\/div><div class=\"cardsPage__listCard__boxs__content\"><a href=\"https:\/\/www.suno.com.br\/noticias\/fed-sinais-subir-taxa-juros\/\"><h2 class=\"content__title\">Fed d\u00e1 sinais de que deve subir taxa de juros mais do que o previsto<\/h2><\/a><div class=\"newsContent__article__meta\"><div class=\"newsContent__article__meta__authorBox\"><a href=\"https:\/\/www.suno.com.br\/noticias\/author\/joao-vitor-jacintho\/\" class=\"authorBox__avatar noMobi\"><img src=\"https:\/\/secure.gravatar.com\/avatar\/2843227ca03ccf8cc7ccca45204c127e?s=96&#038;r=g\" alt=\"Jo\u00e3o Vitor Jacintho\"><\/a><div class=\"authorBox__name\"><span>por\n\t\t\t<a href=\"https:\/\/www.suno.com.br\/noticias\/author\/joao-vitor-jacintho\/\"><span itemprop=\"author\">Jo\u00e3o Vitor Jacintho<\/span><\/a><\/span><time datetime=\"2023-03-05T11:44:53-03:00\" itemprop=\"datePublished\">05\/03\/2023 11:44<\/time><\/div><\/div><\/div><\/div><\/div>","single_layout":"posts","amp_enabled":true,"_links":{"self":[{"href":"https:\/\/www.suno.com.br\/noticias\/wp-json\/wp\/v2\/posts\/372063"}],"collection":[{"href":"https:\/\/www.suno.com.br\/noticias\/wp-json\/wp\/v2\/posts"}],"about":[{"href":"https:\/\/www.suno.com.br\/noticias\/wp-json\/wp\/v2\/types\/post"}],"author":[{"embeddable":true,"href":"https:\/\/www.suno.com.br\/noticias\/wp-json\/wp\/v2\/users\/173"}],"replies":[{"embeddable":true,"href":"https:\/\/www.suno.com.br\/noticias\/wp-json\/wp\/v2\/comments?post=372063"}],"version-history":[{"count":3,"href":"https:\/\/www.suno.com.br\/noticias\/wp-json\/wp\/v2\/posts\/372063\/revisions"}],"predecessor-version":[{"id":372097,"href":"https:\/\/www.suno.com.br\/noticias\/wp-json\/wp\/v2\/posts\/372063\/revisions\/372097"}],"wp:featuredmedia":[{"embeddable":true,"href":"https:\/\/www.suno.com.br\/noticias\/wp-json\/wp\/v2\/media\/372090"}],"wp:attachment":[{"href":"https:\/\/www.suno.com.br\/noticias\/wp-json\/wp\/v2\/media?parent=372063"}],"wp:term":[{"taxonomy":"category","embeddable":true,"href":"https:\/\/www.suno.com.br\/noticias\/wp-json\/wp\/v2\/categories?post=372063"},{"taxonomy":"post_tag","embeddable":true,"href":"https:\/\/www.suno.com.br\/noticias\/wp-json\/wp\/v2\/tags?post=372063"},{"taxonomy":"suno_strategy","embeddable":true,"href":"https:\/\/www.suno.com.br\/noticias\/wp-json\/wp\/v2\/suno_strategy?post=372063"}],"curies":[{"name":"wp","href":"https:\/\/api.w.org\/{rel}","templated":true}]}}