{"id":372062,"date":"2023-03-06T07:32:55","date_gmt":"2023-03-06T10:32:55","guid":{"rendered":"https:\/\/www.suno.com.br\/noticias\/?p=372062"},"modified":"2023-03-06T07:33:00","modified_gmt":"2023-03-06T10:33:00","slug":"bce-europa-alta-juros-tempo","status":"publish","type":"post","link":"https:\/\/www.suno.com.br\/noticias\/bce-europa-alta-juros-tempo\/","title":{"rendered":"BC da Europa quer juro alto por ainda mais tempo"},"content":{"rendered":"<p>O <a class=\"suno-keyword\" data-force=\"no\" data-priority=\"1\" href=\"https:\/\/www.suno.com.br\/artigos\/bce\/\" target=\"_blank\" rel=\"noopener\">Banco Central Europeu (BCE)<\/a> iniciou um processo vigoroso de alta de juros para conter a infla\u00e7\u00e3o, que atingiu 8,5% (anuais) em fevereiro na Zona do Euro, e provoca desacelera\u00e7\u00e3o da economia da regi\u00e3o. A presidente da institui\u00e7\u00e3o, Christine Lagarde, manifestou recentemente que o movimento \u00e9 essencial para levar o \u00edndice de pre\u00e7os ao consumidor da <strong>Europa <\/strong>novamente \u00e0 meta de 2,0% e para controlar a for\u00e7a do mercado de trabalho, sobretudo a alta dos sal\u00e1rios.<\/p><div class=\"videoFull \">\n\t\t\t<div class=\"videoWrapper yt-lazyload center\"\n\t\t\t\tdata-width=\"960\"\n\t\t\t\tdata-height=\"540\"\n\t\t\t\tdata-id=\"7Vo1xLy1AfU\"\n\t\t\t\tdata-alt=\"V\u00eddeo do YouTube - clique para reproduzir\"\n\t\t\t\tdata-logo=\"3\"\n\t\t\t\tdata-imagequality=\"maxres\">\n\t\t\t<\/div>\n\t\t<\/div><script type=\"application\/ld+json\">{\"@context\":\"https:\/\/schema.org\",\"@type\":\"VideoObject\",\"name\":\"Petrobras (PETR4): mudan\u00e7as na gest\u00e3o, investimentos e dividendos | Raio X | Suno Not\u00edcias\",\"description\":\"A Petrobras #petr4 reportou um lucro l\u00edquido de R$ 43,3 bilh\u00f5es no quarto trimestre de 2022 (4T22), o que corresponde a uma alta de 37,6% frente aos R$ 31,504 bilh\u00f5es registrados no mesmo per\u00edodo de 2021. Como fica a empresa agora, com a nova gest\u00e3o - em um novo governo -, e as pol\u00edticas de\u2026\",\"duration\":\"PT17M9S\",\"embedUrl\":\"https:\/\/www.youtube.com\/embed\/7Vo1xLy1AfU\",\"regionsAllowed\":\"pt-BR\",\"interactionStatistic\":{\"@type\":\"InteractionCounter\",\"interactionType\":{\"@type\":\"WatchAction\"},\"userInteractionCount\":3608},\"thumbnailUrl\":\"https:\/\/i.ytimg.com\/vi\/7Vo1xLy1AfU\/default.jpg\",\"uploadDate\":\"2023-03-05T14:45:00Z\"}<\/script>\n\n\n\n\n\t<p>\n\t\t<a href=\"\" target=\"_blank\" data-element=\"shortcode-suno-banner\" title=\"Banner SUNO, clique e saiba mais\">\n\t\t\t<picture>\n\t\t\t\t<source media=\"(max-width: 500px)\" srcset=\"\">\n\t\t\t\t<img class=\"newsContent__article__imgCapa newsContent__article__imgCapa--banner\"\n\t\t\t\t\tsrc=\"\"\n\t\t\t\t\tdata-promo-id=\"240038\"\t\t\t\t\t\t\t\t\t\t\t\t\t\t\talt=\"\"\n\t\t\t\t>\n\t\t\t<\/picture>\n\t\t<\/a>\n\t<\/p>\n\n\n\n\n\n\n\n<p>&#8220;O <strong>BCE <\/strong>n\u00e3o quer que, no momento em que est\u00e1 conseguindo baixar a infla\u00e7\u00e3o, os sal\u00e1rios se tornem um fator que eleve novamente os pre\u00e7os de servi\u00e7os e de mercadorias&#8221;, comentou Marco Valli, economista-chefe para a Europa do banco UniCredit.<\/p>\n\n\n\n<p>Apesar das boas condi\u00e7\u00f5es do mercado de trabalho na Europa, alguns fatores imp\u00f5em modera\u00e7\u00e3o \u00e0s negocia\u00e7\u00f5es salariais, <a href=\"https:\/\/www.suno.com.br\/noticias\/bce-juros-politica-monetaria-lagarde\/\" target=\"_blank\" rel=\"noreferrer noopener\">ajudando o trabalho do BCE e aliviando a press\u00e3o desse item na infla\u00e7\u00e3o<\/a>. <\/p>\n\n\n\n<p>A <a href=\"https:\/\/www.suno.com.br\/noticias\/desemprego-queda-2022-menor-2015-analises\/\" target=\"_blank\" rel=\"noreferrer noopener\">taxa de desemprego <\/a>\u00e9 maior do que em outras economias avan\u00e7adas, como EUA e Jap\u00e3o, a competitividade das empresas do setor manufatureiro \u00e9 muito baseada na conten\u00e7\u00e3o de custos e os pre\u00e7os de energia exercem um peso grande na produ\u00e7\u00e3o das ind\u00fastrias.<\/p>\n\n\n\n<p>Isso reduz as margens para eleva\u00e7\u00e3o de sal\u00e1rios, aponta Gregorio De Felice, economista-chefe do banco Intesa Sanpaolo.<\/p>\n\n\n\n<h2 class=\"wp-block-heading\" id=\"h-indice-de-emprego-na-europa\">\u00cdndice de emprego na Europa<\/h2>\n\n\n\n<p>&#8220;O mercado de trabalho na Europa \u00e9 apertado, mas suas condi\u00e7\u00f5es atuais n\u00e3o devem gerar aumentos substanciais de sal\u00e1rios a ponto de dificultar o trabalho do Banco Central Europeu para controlar a infla\u00e7\u00e3o&#8221;, comentou De Felice. Ele estima que a remunera\u00e7\u00e3o dos trabalhadores dever\u00e1 apresentar uma eleva\u00e7\u00e3o m\u00e9dia de 2,8% neste ano, enquanto o \u00edndice de pre\u00e7os ao consumidor deve ter um aumento m\u00e9dio de 6%.<\/p>\n\n\n\t<p>\n\t\t<a href=\"\" target=\"_blank\" data-element=\"shortcode-suno-banner\" title=\"Banner SUNO, clique e saiba mais\">\n\t\t\t<picture>\n\t\t\t\t<source media=\"(max-width: 500px)\" srcset=\"\">\n\t\t\t\t<img class=\"newsContent__article__imgCapa newsContent__article__imgCapa--banner\"\n\t\t\t\t\tsrc=\"\"\n\t\t\t\t\tdata-promo-id=\"274968\"\t\t\t\t\t\t\t\t\t\t\t\t\t\t\talt=\"\"\n\t\t\t\t>\n\t\t\t<\/picture>\n\t\t<\/a>\n\t<\/p>\n\n\n\n\n\n<p>Esse \u00e9 um dos elementos que ajudam o BCE a manter ancoradas as expectativas relativas \u00e0 tend\u00eancia dos \u00edndices de pre\u00e7os ao consumidor no m\u00e9dio prazo.<\/p>\n\n\n\n<p>Outro fator importante \u00e9 que os sindicatos dos trabalhadores perderam poder de negocia\u00e7\u00e3o com as empresas nas \u00faltimas duas d\u00e9cadas, devido a v\u00e1rios motivos, especialmente a mudan\u00e7a de empresas para o leste do continente e para pa\u00edses asi\u00e1ticos.<\/p>\n\n\n\n<h2 class=\"wp-block-heading\">Juros altos e redu\u00e7\u00e3o em 2024<\/h2>\n\n\n\n<p>Ainda assim, a for\u00e7a da <a class=\"suno-keyword\" target=\"_blank\" data-force=\"no\" data-priority=\"1\" href=\"https:\/\/www.suno.com.br\/artigos\/politica-monetaria\/\" rel=\"noopener\">pol\u00edtica monet\u00e1ria<\/a> restritiva na Europa &#8211; a expectativa \u00e9 de que o juro, hoje em 2,5%, alcance 3,75% &#8211; dever\u00e1 continuar nos pr\u00f3ximos meses. Yvan Mamalet, economista s\u00eanior do banco Societe Generale, aponta que a taxa de desemprego tende a subir dos atuais 6,6% para 6,8% no final do ano, marca que dever\u00e1 ficar est\u00e1vel naquele n\u00edvel at\u00e9 o encerramento de 2024.<\/p>\n\n\n\n<p>Para ele, as companhias devem seguir buscando contratar, num contexto de crescimento esperado de 1% do PIB do continente em 2023 e de 1,1% em 2024.<\/p>\n\n\n\n<p>O <a class=\"suno-keyword\" data-force=\"no\" data-priority=\"1\" href=\"https:\/\/www.suno.com.br\/artigos\/bce\/\" target=\"_blank\" rel=\"noopener\">Banco Central Europeu (BCE)<\/a> provavelmente s\u00f3 iniciar\u00e1 o lento processo de redu\u00e7\u00e3o dos juros no in\u00edcio do terceiro trimestre de 2024, para que a infla\u00e7\u00e3o recue e atinja 2,3% (anuais) em dezembro do pr\u00f3ximo ano, estima Marco Valli, economista-chefe para a Europa do UniCredit. <\/p>\n\n\n\n<p>Mas, para viabilizar tal redu\u00e7\u00e3o do \u00edndice de pre\u00e7os ao consumidor, o banco central da <strong>Europa <\/strong>precisar\u00e1 ir devagar na distens\u00e3o da pol\u00edtica monet\u00e1ria. Ele espera que os juros apenas baixem 0,75 ponto porcentual no segundo semestre de 2024.<\/p>\n\n\n\n<p>Com Estad\u00e3o Conte\u00fado<\/p>\n\n\n\t<p>\n\t\t<a href=\"https:\/\/lp.suno.com.br\/planilha-controle-gastos\/\" target=\"_blank\" data-element=\"shortcode-suno-banner\" title=\"Banner SUNO, clique e saiba mais\">\n\t\t\t<picture>\n\t\t\t\t<source media=\"(max-width: 500px)\" srcset=\"https:\/\/files.sunoresearch.com.br\/n\/uploads\/2023\/03\/400x300-Planilha-controle-de-gastos.png\">\n\t\t\t\t<img class=\"newsContent__article__imgCapa newsContent__article__imgCapa--banner\"\n\t\t\t\t\tsrc=\"https:\/\/files.sunoresearch.com.br\/n\/uploads\/2023\/03\/1420x240-Planilha-controle-de-gastos.png\"\n\t\t\t\t\tdata-promo-id=\"101751\"\t\t\t\t\t\t\t\t\t\twidth='1420' height='240'\t\t\t\t\talt=\"https:\/\/files.sunoresearch.com.br\/n\/uploads\/2023\/03\/1420x240-Planilha-controle-de-gastos.png\"\n\t\t\t\t>\n\t\t\t<\/picture>\n\t\t<\/a>\n\t<\/p>\n\n\n","protected":false},"excerpt":{"rendered":"<p>O Banco Central Europeu (BCE) iniciou um processo vigoroso de alta de juros para conter a infla\u00e7\u00e3o, que atingiu 8,5% (anuais) em fevereiro na Zona do Euro, e provoca desacelera\u00e7\u00e3o da economia da regi\u00e3o. A presidente da institui\u00e7\u00e3o, Christine Lagarde, manifestou recentemente que o movimento \u00e9 essencial para levar o \u00edndice de pre\u00e7os ao consumidor [&hellip;]<\/p>\n","protected":false},"author":73,"featured_media":271832,"comment_status":"closed","ping_status":"closed","sticky":false,"template":"","format":"standard","meta":[],"categories":[63],"tags":[106444,863,710],"suno_strategy":[],"class_list":["post-372062","post","type-post","status-publish","format-standard","has-post-thumbnail","hentry","category-internacional","tag-agencias","tag-banco-central-europeu-bce","tag-europa"],"yoast_head":"<!-- This site is optimized with the Yoast SEO plugin v24.4 - https:\/\/yoast.com\/wordpress\/plugins\/seo\/ -->\n<title>BC da Europa quer juro alto por ainda mais tempo<\/title>\n<meta name=\"description\" content=\"Ainda assim, a for\u00e7a da pol\u00edtica monet\u00e1ria restritiva na Europa dever\u00e1 continuar nos pr\u00f3ximos meses. Clique e confira!\" \/>\n<meta name=\"robots\" content=\"index, follow, max-snippet:-1, max-image-preview:large, max-video-preview:-1\" \/>\n<link rel=\"canonical\" href=\"https:\/\/www.suno.com.br\/noticias\/bce-europa-alta-juros-tempo\/\" \/>\n<meta property=\"og:locale\" content=\"pt_BR\" \/>\n<meta property=\"og:type\" content=\"article\" \/>\n<meta property=\"og:title\" content=\"BC da Europa quer juro alto por ainda mais tempo\" \/>\n<meta property=\"og:description\" content=\"Ainda assim, a for\u00e7a da pol\u00edtica monet\u00e1ria restritiva na Europa dever\u00e1 continuar nos pr\u00f3ximos meses. Clique e confira!\" \/>\n<meta property=\"og:url\" content=\"https:\/\/www.suno.com.br\/noticias\/bce-europa-alta-juros-tempo\/\" \/>\n<meta property=\"og:site_name\" content=\"Suno Not\u00edcias\" \/>\n<meta property=\"article:publisher\" content=\"https:\/\/facebook.com\/sunoresearch\" \/>\n<meta property=\"og:image\" content=\"https:\/\/files.sunoresearch.com.br\/n\/uploads\/2022\/06\/lagarde-bce.jpeg\" \/>\n\t<meta property=\"og:image:width\" content=\"1600\" \/>\n\t<meta property=\"og:image:height\" content=\"1067\" \/>\n\t<meta property=\"og:image:type\" content=\"image\/jpeg\" \/>\n<meta name=\"author\" content=\"Eduardo Vargas\" \/>\n<meta name=\"twitter:card\" content=\"summary_large_image\" \/>\n<meta name=\"twitter:creator\" content=\"@sunoresearch\" \/>\n<meta name=\"twitter:site\" content=\"@sunoresearch\" \/>\n<meta name=\"twitter:label1\" content=\"Escrito por\" \/>\n\t<meta name=\"twitter:data1\" content=\"Eduardo Vargas\" \/>\n\t<meta name=\"twitter:label2\" content=\"Est. tempo de leitura\" \/>\n\t<meta name=\"twitter:data2\" content=\"3 minutos\" \/>\n<script type=\"application\/ld+json\" class=\"yoast-schema-graph\">{\"@context\":\"https:\/\/schema.org\",\"@graph\":[{\"@type\":\"NewsArticle\",\"@id\":\"https:\/\/www.suno.com.br\/noticias\/bce-europa-alta-juros-tempo\/#article\",\"isPartOf\":{\"@id\":\"https:\/\/www.suno.com.br\/noticias\/bce-europa-alta-juros-tempo\/\"},\"author\":{\"name\":\"Eduardo Vargas\",\"@id\":\"https:\/\/www.suno.com.br\/noticias\/#\/schema\/person\/7f4d362bf3518e76090143ae77bb49a5\"},\"headline\":\"BC da Europa quer juro alto por ainda mais tempo\",\"datePublished\":\"2023-03-06T10:32:55+00:00\",\"dateModified\":\"2023-03-06T10:33:00+00:00\",\"mainEntityOfPage\":{\"@id\":\"https:\/\/www.suno.com.br\/noticias\/bce-europa-alta-juros-tempo\/\"},\"wordCount\":582,\"publisher\":{\"@id\":\"https:\/\/www.suno.com.br\/noticias\/#organization\"},\"image\":{\"@id\":\"https:\/\/www.suno.com.br\/noticias\/bce-europa-alta-juros-tempo\/#primaryimage\"},\"thumbnailUrl\":\"https:\/\/files.sunoresearch.com.br\/n\/uploads\/2022\/06\/lagarde-bce.jpeg\",\"keywords\":[\"Ag\u00eancias\",\"Banco Central Europeu (BCE)\",\"Europa\"],\"articleSection\":[\"Internacional\"],\"inLanguage\":\"pt-BR\"},{\"@type\":\"WebPage\",\"@id\":\"https:\/\/www.suno.com.br\/noticias\/bce-europa-alta-juros-tempo\/\",\"url\":\"https:\/\/www.suno.com.br\/noticias\/bce-europa-alta-juros-tempo\/\",\"name\":\"BC da Europa quer juro alto por ainda mais tempo\",\"isPartOf\":{\"@id\":\"https:\/\/www.suno.com.br\/noticias\/#website\"},\"primaryImageOfPage\":{\"@id\":\"https:\/\/www.suno.com.br\/noticias\/bce-europa-alta-juros-tempo\/#primaryimage\"},\"image\":{\"@id\":\"https:\/\/www.suno.com.br\/noticias\/bce-europa-alta-juros-tempo\/#primaryimage\"},\"thumbnailUrl\":\"https:\/\/files.sunoresearch.com.br\/n\/uploads\/2022\/06\/lagarde-bce.jpeg\",\"datePublished\":\"2023-03-06T10:32:55+00:00\",\"dateModified\":\"2023-03-06T10:33:00+00:00\",\"description\":\"Ainda assim, a for\u00e7a da pol\u00edtica monet\u00e1ria restritiva na Europa dever\u00e1 continuar nos pr\u00f3ximos meses. Clique e confira!\",\"breadcrumb\":{\"@id\":\"https:\/\/www.suno.com.br\/noticias\/bce-europa-alta-juros-tempo\/#breadcrumb\"},\"inLanguage\":\"pt-BR\",\"potentialAction\":[{\"@type\":\"ReadAction\",\"target\":[\"https:\/\/www.suno.com.br\/noticias\/bce-europa-alta-juros-tempo\/\"]}]},{\"@type\":\"ImageObject\",\"inLanguage\":\"pt-BR\",\"@id\":\"https:\/\/www.suno.com.br\/noticias\/bce-europa-alta-juros-tempo\/#primaryimage\",\"url\":\"https:\/\/files.sunoresearch.com.br\/n\/uploads\/2022\/06\/lagarde-bce.jpeg\",\"contentUrl\":\"https:\/\/files.sunoresearch.com.br\/n\/uploads\/2022\/06\/lagarde-bce.jpeg\",\"width\":1600,\"height\":1067,\"caption\":\"Christine Lagarde, presidente do BCE - Foto: Reprodu\u00e7\u00e3o\/World Economic Forum\"},{\"@type\":\"BreadcrumbList\",\"@id\":\"https:\/\/www.suno.com.br\/noticias\/bce-europa-alta-juros-tempo\/#breadcrumb\",\"itemListElement\":[{\"@type\":\"ListItem\",\"position\":1,\"name\":\"Not\u00edcias\",\"item\":\"https:\/\/www.suno.com.br\/noticias\/\"},{\"@type\":\"ListItem\",\"position\":2,\"name\":\"Internacional\",\"item\":\"https:\/\/www.suno.com.br\/noticias\/internacional\/\"},{\"@type\":\"ListItem\",\"position\":3,\"name\":\"BC da Europa quer juro alto por ainda mais tempo\"}]},{\"@type\":\"WebSite\",\"@id\":\"https:\/\/www.suno.com.br\/noticias\/#website\",\"url\":\"https:\/\/www.suno.com.br\/noticias\/\",\"name\":\"Suno Not\u00edcias\",\"description\":\"Seu portal de informa\u00e7\u00e3o sobre o mundo dos investimentos\",\"publisher\":{\"@id\":\"https:\/\/www.suno.com.br\/noticias\/#organization\"},\"potentialAction\":[{\"@type\":\"SearchAction\",\"target\":{\"@type\":\"EntryPoint\",\"urlTemplate\":\"https:\/\/www.suno.com.br\/noticias\/?s={search_term_string}\"},\"query-input\":{\"@type\":\"PropertyValueSpecification\",\"valueRequired\":true,\"valueName\":\"search_term_string\"}}],\"inLanguage\":\"pt-BR\"},{\"@type\":\"Organization\",\"@id\":\"https:\/\/www.suno.com.br\/noticias\/#organization\",\"name\":\"Suno Not\u00edcias\",\"url\":\"https:\/\/www.suno.com.br\/noticias\/\",\"logo\":{\"@type\":\"ImageObject\",\"inLanguage\":\"pt-BR\",\"@id\":\"https:\/\/www.suno.com.br\/noticias\/#\/schema\/logo\/image\/\",\"url\":\"https:\/\/files.sunoresearch.com.br\/n\/uploads\/2021\/09\/suno-logo.png\",\"contentUrl\":\"https:\/\/files.sunoresearch.com.br\/n\/uploads\/2021\/09\/suno-logo.png\",\"width\":180,\"height\":180,\"caption\":\"Suno Not\u00edcias\"},\"image\":{\"@id\":\"https:\/\/www.suno.com.br\/noticias\/#\/schema\/logo\/image\/\"},\"sameAs\":[\"https:\/\/facebook.com\/sunoresearch\",\"https:\/\/x.com\/sunoresearch\",\"https:\/\/www.instagram.com\/suno\",\"https:\/\/www.linkedin.com\/company\/suno-research\/\",\"https:\/\/www.youtube.com\/c\/sunoresearch\"]},{\"@type\":\"Person\",\"@id\":\"https:\/\/www.suno.com.br\/noticias\/#\/schema\/person\/7f4d362bf3518e76090143ae77bb49a5\",\"name\":\"Eduardo Vargas\",\"image\":{\"@type\":\"ImageObject\",\"inLanguage\":\"pt-BR\",\"@id\":\"https:\/\/www.suno.com.br\/noticias\/#\/schema\/person\/image\/\",\"url\":\"https:\/\/secure.gravatar.com\/avatar\/dac340933427a22924c9f99d1eb2e3f2?s=96&r=g\",\"contentUrl\":\"https:\/\/secure.gravatar.com\/avatar\/dac340933427a22924c9f99d1eb2e3f2?s=96&r=g\",\"caption\":\"Eduardo Vargas\"},\"description\":\"Jornalista formado pela UFSC, cobre macroeconomia, neg\u00f3cios e startups para o Suno Not\u00edcias, escrevendo principalmente not\u00edcias sobre o mercado financeiro e a bolsa de valores. No YouTube e no Instagram, \u00e9 respons\u00e1vel pela produ\u00e7\u00e3o de Reels e Shorts do Suno Not\u00edcias. Anteriormente, trabalhou cobrindo economia e cotidiano no ND+ e para o ND, maior jornal impresso de Santa Catarina. Cursou um semestre letivo de Estudos de M\u00eddia na Universidad de Buenos Aires.\",\"url\":\"https:\/\/www.suno.com.br\/noticias\/author\/eduardo-vargas\/\"}]}<\/script>\n<!-- \/ Yoast SEO plugin. -->","yoast_head_json":{"title":"BC da Europa quer juro alto por ainda mais tempo","description":"Ainda assim, a for\u00e7a da pol\u00edtica monet\u00e1ria restritiva na Europa dever\u00e1 continuar nos pr\u00f3ximos meses. Clique e confira!","robots":{"index":"index","follow":"follow","max-snippet":"max-snippet:-1","max-image-preview":"max-image-preview:large","max-video-preview":"max-video-preview:-1"},"canonical":"https:\/\/www.suno.com.br\/noticias\/bce-europa-alta-juros-tempo\/","og_locale":"pt_BR","og_type":"article","og_title":"BC da Europa quer juro alto por ainda mais tempo","og_description":"Ainda assim, a for\u00e7a da pol\u00edtica monet\u00e1ria restritiva na Europa dever\u00e1 continuar nos pr\u00f3ximos meses. Clique e confira!","og_url":"https:\/\/www.suno.com.br\/noticias\/bce-europa-alta-juros-tempo\/","og_site_name":"Suno Not\u00edcias","article_publisher":"https:\/\/facebook.com\/sunoresearch","og_image":[{"width":1600,"height":1067,"url":"https:\/\/files.sunoresearch.com.br\/n\/uploads\/2022\/06\/lagarde-bce.jpeg","type":"image\/jpeg"}],"author":"Eduardo Vargas","twitter_card":"summary_large_image","twitter_creator":"@sunoresearch","twitter_site":"@sunoresearch","twitter_misc":{"Escrito por":"Eduardo Vargas","Est. tempo de leitura":"3 minutos"},"schema":{"@context":"https:\/\/schema.org","@graph":[{"@type":"NewsArticle","@id":"https:\/\/www.suno.com.br\/noticias\/bce-europa-alta-juros-tempo\/#article","isPartOf":{"@id":"https:\/\/www.suno.com.br\/noticias\/bce-europa-alta-juros-tempo\/"},"author":{"name":"Eduardo Vargas","@id":"https:\/\/www.suno.com.br\/noticias\/#\/schema\/person\/7f4d362bf3518e76090143ae77bb49a5"},"headline":"BC da Europa quer juro alto por ainda mais tempo","datePublished":"2023-03-06T10:32:55+00:00","dateModified":"2023-03-06T10:33:00+00:00","mainEntityOfPage":{"@id":"https:\/\/www.suno.com.br\/noticias\/bce-europa-alta-juros-tempo\/"},"wordCount":582,"publisher":{"@id":"https:\/\/www.suno.com.br\/noticias\/#organization"},"image":{"@id":"https:\/\/www.suno.com.br\/noticias\/bce-europa-alta-juros-tempo\/#primaryimage"},"thumbnailUrl":"https:\/\/files.sunoresearch.com.br\/n\/uploads\/2022\/06\/lagarde-bce.jpeg","keywords":["Ag\u00eancias","Banco Central Europeu (BCE)","Europa"],"articleSection":["Internacional"],"inLanguage":"pt-BR"},{"@type":"WebPage","@id":"https:\/\/www.suno.com.br\/noticias\/bce-europa-alta-juros-tempo\/","url":"https:\/\/www.suno.com.br\/noticias\/bce-europa-alta-juros-tempo\/","name":"BC da Europa quer juro alto por ainda mais tempo","isPartOf":{"@id":"https:\/\/www.suno.com.br\/noticias\/#website"},"primaryImageOfPage":{"@id":"https:\/\/www.suno.com.br\/noticias\/bce-europa-alta-juros-tempo\/#primaryimage"},"image":{"@id":"https:\/\/www.suno.com.br\/noticias\/bce-europa-alta-juros-tempo\/#primaryimage"},"thumbnailUrl":"https:\/\/files.sunoresearch.com.br\/n\/uploads\/2022\/06\/lagarde-bce.jpeg","datePublished":"2023-03-06T10:32:55+00:00","dateModified":"2023-03-06T10:33:00+00:00","description":"Ainda assim, a for\u00e7a da pol\u00edtica monet\u00e1ria restritiva na Europa dever\u00e1 continuar nos pr\u00f3ximos meses. Clique e confira!","breadcrumb":{"@id":"https:\/\/www.suno.com.br\/noticias\/bce-europa-alta-juros-tempo\/#breadcrumb"},"inLanguage":"pt-BR","potentialAction":[{"@type":"ReadAction","target":["https:\/\/www.suno.com.br\/noticias\/bce-europa-alta-juros-tempo\/"]}]},{"@type":"ImageObject","inLanguage":"pt-BR","@id":"https:\/\/www.suno.com.br\/noticias\/bce-europa-alta-juros-tempo\/#primaryimage","url":"https:\/\/files.sunoresearch.com.br\/n\/uploads\/2022\/06\/lagarde-bce.jpeg","contentUrl":"https:\/\/files.sunoresearch.com.br\/n\/uploads\/2022\/06\/lagarde-bce.jpeg","width":1600,"height":1067,"caption":"Christine Lagarde, presidente do BCE - Foto: Reprodu\u00e7\u00e3o\/World Economic Forum"},{"@type":"BreadcrumbList","@id":"https:\/\/www.suno.com.br\/noticias\/bce-europa-alta-juros-tempo\/#breadcrumb","itemListElement":[{"@type":"ListItem","position":1,"name":"Not\u00edcias","item":"https:\/\/www.suno.com.br\/noticias\/"},{"@type":"ListItem","position":2,"name":"Internacional","item":"https:\/\/www.suno.com.br\/noticias\/internacional\/"},{"@type":"ListItem","position":3,"name":"BC da Europa quer juro alto por ainda mais tempo"}]},{"@type":"WebSite","@id":"https:\/\/www.suno.com.br\/noticias\/#website","url":"https:\/\/www.suno.com.br\/noticias\/","name":"Suno Not\u00edcias","description":"Seu portal de informa\u00e7\u00e3o sobre o mundo dos investimentos","publisher":{"@id":"https:\/\/www.suno.com.br\/noticias\/#organization"},"potentialAction":[{"@type":"SearchAction","target":{"@type":"EntryPoint","urlTemplate":"https:\/\/www.suno.com.br\/noticias\/?s={search_term_string}"},"query-input":{"@type":"PropertyValueSpecification","valueRequired":true,"valueName":"search_term_string"}}],"inLanguage":"pt-BR"},{"@type":"Organization","@id":"https:\/\/www.suno.com.br\/noticias\/#organization","name":"Suno Not\u00edcias","url":"https:\/\/www.suno.com.br\/noticias\/","logo":{"@type":"ImageObject","inLanguage":"pt-BR","@id":"https:\/\/www.suno.com.br\/noticias\/#\/schema\/logo\/image\/","url":"https:\/\/files.sunoresearch.com.br\/n\/uploads\/2021\/09\/suno-logo.png","contentUrl":"https:\/\/files.sunoresearch.com.br\/n\/uploads\/2021\/09\/suno-logo.png","width":180,"height":180,"caption":"Suno Not\u00edcias"},"image":{"@id":"https:\/\/www.suno.com.br\/noticias\/#\/schema\/logo\/image\/"},"sameAs":["https:\/\/facebook.com\/sunoresearch","https:\/\/x.com\/sunoresearch","https:\/\/www.instagram.com\/suno","https:\/\/www.linkedin.com\/company\/suno-research\/","https:\/\/www.youtube.com\/c\/sunoresearch"]},{"@type":"Person","@id":"https:\/\/www.suno.com.br\/noticias\/#\/schema\/person\/7f4d362bf3518e76090143ae77bb49a5","name":"Eduardo Vargas","image":{"@type":"ImageObject","inLanguage":"pt-BR","@id":"https:\/\/www.suno.com.br\/noticias\/#\/schema\/person\/image\/","url":"https:\/\/secure.gravatar.com\/avatar\/dac340933427a22924c9f99d1eb2e3f2?s=96&r=g","contentUrl":"https:\/\/secure.gravatar.com\/avatar\/dac340933427a22924c9f99d1eb2e3f2?s=96&r=g","caption":"Eduardo Vargas"},"description":"Jornalista formado pela UFSC, cobre macroeconomia, neg\u00f3cios e startups para o Suno Not\u00edcias, escrevendo principalmente not\u00edcias sobre o mercado financeiro e a bolsa de valores. No YouTube e no Instagram, \u00e9 respons\u00e1vel pela produ\u00e7\u00e3o de Reels e Shorts do Suno Not\u00edcias. Anteriormente, trabalhou cobrindo economia e cotidiano no ND+ e para o ND, maior jornal impresso de Santa Catarina. Cursou um semestre letivo de Estudos de M\u00eddia na Universidad de Buenos Aires.","url":"https:\/\/www.suno.com.br\/noticias\/author\/eduardo-vargas\/"}]}},"default_loop_html":"<div class=\"cardsPage__listCard__boxs\"><div class=\"cardsPage__listCard__boxs__img\"><a href=\"https:\/\/www.suno.com.br\/noticias\/bce-europa-alta-juros-tempo\/\"><img class=\"mask\" src=\"https:\/\/www.suno.com.br\/noticias\/wp-content\/themes\/suno\/resources\/images\/spotlight\/spotlight1img\/bg-mask.png\" alt=\"Image Mask\"\/><img src=\"https:\/\/files.sunoresearch.com.br\/n\/uploads\/2022\/06\/lagarde-bce-400x200.jpeg\" alt=\"BC da Europa quer juro alto por ainda mais tempo\"\/><\/a><span class=\"spotlightCategory\"><a href=\"https:\/\/www.suno.com.br\/noticias\/internacional\/\">Internacional<\/a><\/span><\/div><div class=\"cardsPage__listCard__boxs__content\"><a href=\"https:\/\/www.suno.com.br\/noticias\/bce-europa-alta-juros-tempo\/\"><h2 class=\"content__title\">BC da Europa quer juro alto por ainda mais tempo<\/h2><\/a><div class=\"newsContent__article__meta\"><div class=\"newsContent__article__meta__authorBox\"><a href=\"https:\/\/www.suno.com.br\/noticias\/author\/eduardo-vargas\/\" class=\"authorBox__avatar noMobi\"><img src=\"https:\/\/secure.gravatar.com\/avatar\/dac340933427a22924c9f99d1eb2e3f2?s=96&#038;r=g\" alt=\"Eduardo Vargas\"><\/a><div class=\"authorBox__name\"><span>por\n\t\t\t<a href=\"https:\/\/www.suno.com.br\/noticias\/author\/eduardo-vargas\/\"><span itemprop=\"author\">Eduardo Vargas<\/span><\/a><\/span><time datetime=\"2023-03-06T07:32:55-03:00\" itemprop=\"datePublished\">06\/03\/2023 07:32<\/time><\/div><\/div><\/div><\/div><\/div>","single_layout":"posts","amp_enabled":true,"_links":{"self":[{"href":"https:\/\/www.suno.com.br\/noticias\/wp-json\/wp\/v2\/posts\/372062"}],"collection":[{"href":"https:\/\/www.suno.com.br\/noticias\/wp-json\/wp\/v2\/posts"}],"about":[{"href":"https:\/\/www.suno.com.br\/noticias\/wp-json\/wp\/v2\/types\/post"}],"author":[{"embeddable":true,"href":"https:\/\/www.suno.com.br\/noticias\/wp-json\/wp\/v2\/users\/73"}],"replies":[{"embeddable":true,"href":"https:\/\/www.suno.com.br\/noticias\/wp-json\/wp\/v2\/comments?post=372062"}],"version-history":[{"count":3,"href":"https:\/\/www.suno.com.br\/noticias\/wp-json\/wp\/v2\/posts\/372062\/revisions"}],"predecessor-version":[{"id":372179,"href":"https:\/\/www.suno.com.br\/noticias\/wp-json\/wp\/v2\/posts\/372062\/revisions\/372179"}],"wp:featuredmedia":[{"embeddable":true,"href":"https:\/\/www.suno.com.br\/noticias\/wp-json\/wp\/v2\/media\/271832"}],"wp:attachment":[{"href":"https:\/\/www.suno.com.br\/noticias\/wp-json\/wp\/v2\/media?parent=372062"}],"wp:term":[{"taxonomy":"category","embeddable":true,"href":"https:\/\/www.suno.com.br\/noticias\/wp-json\/wp\/v2\/categories?post=372062"},{"taxonomy":"post_tag","embeddable":true,"href":"https:\/\/www.suno.com.br\/noticias\/wp-json\/wp\/v2\/tags?post=372062"},{"taxonomy":"suno_strategy","embeddable":true,"href":"https:\/\/www.suno.com.br\/noticias\/wp-json\/wp\/v2\/suno_strategy?post=372062"}],"curies":[{"name":"wp","href":"https:\/\/api.w.org\/{rel}","templated":true}]}}