{"id":37188,"date":"2019-09-11T12:56:51","date_gmt":"2019-09-11T15:56:51","guid":{"rendered":"https:\/\/www.suno.com.br\/noticias\/?p=37188"},"modified":"2019-09-11T19:10:58","modified_gmt":"2019-09-11T22:10:58","slug":"oi-lei-aprovada-senado-urgencia-plenario-acao","status":"publish","type":"post","link":"https:\/\/www.suno.com.br\/noticias\/oi-lei-aprovada-senado-urgencia-plenario-acao\/","title":{"rendered":"Lei que beneficiar\u00e1 Oi \u00e9 aprovada pela Comiss\u00e3o do Senado e segue para o Plen\u00e1rio"},"content":{"rendered":"<p>O <strong>Projeto<\/strong> de <strong>Lei Complementar<\/strong> (PLC) 79\/2016, que beneficiar\u00e1 a operadora Oi (<a href=\"https:\/\/www.suno.com.br\/noticias\/acoes-oi-aposta-podem-valer-pena-bradesco-bbi\/\">OIBR3<\/a>), foi <strong>aprovado<\/strong> nesta quarta-feira (11) pela Comiss\u00e3o de Ci\u00eancia, Tecnologia, Inova\u00e7\u00e3o, Comunica\u00e7\u00e3o e Inform\u00e1tica (CCT) no <strong>Senado Federal<\/strong>.<\/p>\t<div class=\"wrapper-featured-image\">\n\t\t<figure class=\"spotlightImg\">\n\n\t\t\t<picture>\n\t\t\t\t<source media=\"(max-width: 768px)\" srcset=\"https:\/\/files.sunoresearch.com.br\/n\/uploads\/2019\/08\/48bad275-oi-400x200.webp\">\n\t\t\t\t<img loading=\"lazy\" decoding=\"async\" class=\"newsContent__article__imgCapa lazyloadDisabled newsContent__article__imgCapa--noCaption\" src=\"https:\/\/files.sunoresearch.com.br\/n\/uploads\/2019\/08\/48bad275-oi-jpg.webp\" width=\"800\" height=\"450\" alt=\"Lei que beneficiar\u00e1 Oi \u00e9 aprovada pela Comiss\u00e3o do Senado e segue para o Plen\u00e1rio\" fetchpriority=high \/>\n\t\t\t<\/picture>\n\n\t\t\t<figcaption class=\"wp-caption-text wp-caption-text--hide\">Justi\u00e7a adia plano de recupera\u00e7\u00e3o judicial da Oi (OIBR3)<\/figcaption>\n\t\t<\/figure>\n\t<\/div>\n\n\n<p>O texto da relatora e senadora <strong>Daniella Ribeiro<\/strong>, que altera o regime de concess\u00e3o da telefonia, segue com <strong>urg\u00eancia<\/strong> para o <strong>Plen\u00e1rio<\/strong> do Senado. A nova proposta prop\u00f5e alterar as normas de concess\u00e3o da <strong>telefonia fixa<\/strong>. A mudan\u00e7a ajudaria a <strong>Oi<\/strong> pois a operadora deixaria de ser concession\u00e1ria e competiria em igualdade com suas concorrentes.<\/p>\n<p>Na \u00faltima ter\u00e7a-feira (10), o texto foi apresentado e lido pela relatora. No entanto, os senadores aprovaram um pedido de vista coletiva, adiando assim, a vota\u00e7\u00e3o para esta quarta.<\/p>\n\n<p>A proposta aprovada pelo CCT teve todas as emendas do texto rejeitadas. Dessa forma, o conte\u00fado permaneceu o mesmo aprovado na C\u00e2mara dos Deputados.<\/p>\n<p>&#8220;Come\u00e7aram a politizar a minha emenda, que era uma emenda de reda\u00e7\u00e3o, e, para evitar qualquer tipo de judicializa\u00e7\u00e3o por conta de quest\u00f5es pol\u00edticas, eu preferi retirar [o trecho]. [O projeto] n\u00e3o voltaria para a C\u00e2mara porque era uma emenda de reda\u00e7\u00e3o, mas, para evitar que isso fosse protelado, resolvi retirar&#8221;, disse Ribeiro.<\/p>\n<p><a href=\"\/\/www.suno.com.br\/noticias\/movimentacoes-nas-acoes-da-oi-serao-investigadas-pela-cvm\/\">Confira Tamb\u00e9m: Movimenta\u00e7\u00f5es nas a\u00e7\u00f5es da Oi ser\u00e3o investigadas pela CVM<\/a><\/p>\n<p>De acordo com a nova proposta, as empresas de telefonia n\u00e3o seriam obrigadas a cumprir metas de universaliza\u00e7\u00e3o de qualidade e continuidade. Ademais, atualmente, as operadoras s\u00e3o obrigadas a destinarem parte de seus investimentos \u00e0 telefonia fixa, com o novo projeto, os recursos poder\u00e3o ser destinados \u00e0 amplia\u00e7\u00e3o do acesso \u00e0 Internet.<\/p>\n<p><iframe loading=\"lazy\" title=\"?Cintra demitido; CPMF vai para a geladeira e Uber no olho do furac\u00e3o\" width=\"200\" height=\"113\" src=\"https:\/\/www.youtube.com\/embed\/xdLIy7mKkJQ?feature=oembed\" frameborder=\"0\" allow=\"accelerometer; autoplay; encrypted-media; gyroscope; picture-in-picture\" allowfullscreen><\/iframe><\/p>\n<p>&#8220;Estamos atualizando a lei para que possamos ver esse Brasil conectado. N\u00f3s estamos ficando fora desse processo. Estamos atualizando o marco regulat\u00f3rio e trazendo um novo momento para o Pa\u00eds. Estamos pavimentando o caminho para um nova realidade de investimentos&#8221;, afirmou a relatora.<\/p>\n<h2>Aprova\u00e7\u00e3o da lei ser\u00e1 positiva para Oi, diz Moody&#8217;s<\/h2>\n<p>De acordo com a ag\u00eancia de classifica\u00e7\u00e3o de risco de cr\u00e9dito Moody&#8217;s a aprova\u00e7\u00e3o do projeto de lei 79\/2016 \u00e9 positivo para todo o setor, mas, principalmente para Telef\u00f4nica e Oi.<\/p>\n<p>Segundo a Moody\u2019s, a Telef\u00f4nica e a Oi seriam beneficiadas pela mudan\u00e7a na classifica\u00e7\u00e3o de ativos revers\u00edveis. As duas empresas participaram do processo de privatiza\u00e7\u00e3o da Telebras em 1998. Dessa forma, acabaram arcando com cerca de R$ 20 bilh\u00f5es em obriga\u00e7\u00f5es. Entre elas, a expans\u00e3o da rede de telefonia fixa no Brasil, inclusive de telefones p\u00fablicos.<\/p>\n\t<p>\n\t\t<a href=\"https:\/\/www.suno.com.br\/asset\/fundos\/suno-acoes-xp-seg-prev\/\" target=\"_blank\" data-element=\"shortcode-suno-banner\" title=\"Banner SUNO, clique e saiba mais\">\n\t\t\t<picture>\n\t\t\t\t<source media=\"(max-width: 500px)\" srcset=\"https:\/\/files.sunoresearch.com.br\/n\/uploads\/2023\/10\/SUNOPREV-400x300-Mobile-Artigos-3.png\">\n\t\t\t\t<img class=\"newsContent__article__imgCapa newsContent__article__imgCapa--banner\"\n\t\t\t\t\tsrc=\"https:\/\/files.sunoresearch.com.br\/n\/uploads\/2023\/10\/SUNOPREV-1420x240-Banner-Artigos-1-_-Banner-Materias-1.png\"\n\t\t\t\t\tdata-promo-id=\"476310\"\t\t\t\t\t\t\t\t\t\twidth='1420' height='240'\t\t\t\t\talt=\"https:\/\/files.sunoresearch.com.br\/n\/uploads\/2023\/10\/SUNOPREV-1420x240-Banner-Artigos-1-_-Banner-Materias-1.png\"\n\t\t\t\t>\n\t\t\t<\/picture>\n\t\t<\/a>\n\t<\/p>\n\n\n<p>\u201cA <strong>Oi<\/strong> e a <strong>Vivo<\/strong> gastam juntas entre R$ 300 milh\u00f5es e R$ 400 milh\u00f5es anualmente para manter e operar telefones p\u00fablicos, dinheiro que eles poderiam investir em banda larga fixa ou 4G\u201d, salientou a ag\u00eancia de classifica\u00e7\u00e3o de risco em seu relat\u00f3rio.<\/p>\n","protected":false},"excerpt":{"rendered":"<p>O Projeto de Lei Complementar (PLC) 79\/2016, que beneficiar\u00e1 a operadora Oi (OIBR3), foi aprovado nesta quarta-feira (11) pela Comiss\u00e3o de Ci\u00eancia, Tecnologia, Inova\u00e7\u00e3o, Comunica\u00e7\u00e3o e Inform\u00e1tica (CCT) no Senado Federal. Justi\u00e7a adia plano de recupera\u00e7\u00e3o judicial da Oi (OIBR3) O texto da relatora e senadora Daniella Ribeiro, que altera o regime de concess\u00e3o da [&hellip;]<\/p>\n","protected":false},"author":15,"featured_media":34590,"comment_status":"closed","ping_status":"closed","sticky":false,"template":"","format":"standard","meta":[],"categories":[61],"tags":[938,584,1068,659,1141],"suno_strategy":[],"class_list":["post-37188","post","type-post","status-publish","format-standard","has-post-thumbnail","hentry","category-politica","tag-camara-dos-deputados","tag-oi-oibr3-oibr4","tag-senado-federal","tag-telefonica-vivt3","tag-vivo"],"yoast_head":"<!-- This site is optimized with the Yoast SEO plugin v24.4 - https:\/\/yoast.com\/wordpress\/plugins\/seo\/ -->\n<title>Lei que beneficiar\u00e1 Oi \u00e9 aprovada no Senado e segue para o Plen\u00e1rio<\/title>\n<meta name=\"description\" content=\"A lei ajudaria a Oi pois a operadora deixaria de ser concession\u00e1ria e competiria em igualdade com suas concorrentes. Clique aqui e saiba mais\" \/>\n<meta name=\"robots\" content=\"index, follow, max-snippet:-1, max-image-preview:large, max-video-preview:-1\" \/>\n<link rel=\"canonical\" href=\"https:\/\/www.suno.com.br\/noticias\/oi-lei-aprovada-senado-urgencia-plenario-acao\/\" \/>\n<meta property=\"og:locale\" content=\"pt_BR\" \/>\n<meta property=\"og:type\" content=\"article\" \/>\n<meta property=\"og:title\" content=\"Lei que beneficiar\u00e1 Oi \u00e9 aprovada no Senado e segue para o Plen\u00e1rio\" \/>\n<meta property=\"og:description\" content=\"A lei ajudaria a Oi pois a operadora deixaria de ser concession\u00e1ria e competiria em igualdade com suas concorrentes. Clique aqui e saiba mais\" \/>\n<meta property=\"og:url\" content=\"https:\/\/www.suno.com.br\/noticias\/oi-lei-aprovada-senado-urgencia-plenario-acao\/\" \/>\n<meta property=\"og:site_name\" content=\"Suno Not\u00edcias\" \/>\n<meta property=\"article:publisher\" content=\"https:\/\/facebook.com\/sunoresearch\" \/>\n<meta property=\"og:image\" content=\"https:\/\/files.sunoresearch.com.br\/n\/uploads\/2019\/08\/48bad275-oi.jpg\" \/>\n\t<meta property=\"og:image:width\" content=\"550\" \/>\n\t<meta property=\"og:image:height\" content=\"350\" \/>\n\t<meta property=\"og:image:type\" content=\"image\/jpeg\" \/>\n<meta name=\"author\" content=\"Poliana Santos\" \/>\n<meta name=\"twitter:card\" content=\"summary_large_image\" \/>\n<meta name=\"twitter:creator\" content=\"@sunoresearch\" \/>\n<meta name=\"twitter:site\" content=\"@sunoresearch\" \/>\n<meta name=\"twitter:label1\" content=\"Escrito por\" \/>\n\t<meta name=\"twitter:data1\" content=\"Poliana Santos\" \/>\n\t<meta name=\"twitter:label2\" content=\"Est. tempo de leitura\" \/>\n\t<meta name=\"twitter:data2\" content=\"2 minutos\" \/>\n<script type=\"application\/ld+json\" class=\"yoast-schema-graph\">{\"@context\":\"https:\/\/schema.org\",\"@graph\":[{\"@type\":\"NewsArticle\",\"@id\":\"https:\/\/www.suno.com.br\/noticias\/oi-lei-aprovada-senado-urgencia-plenario-acao\/#article\",\"isPartOf\":{\"@id\":\"https:\/\/www.suno.com.br\/noticias\/oi-lei-aprovada-senado-urgencia-plenario-acao\/\"},\"author\":{\"name\":\"Poliana Santos\",\"@id\":\"https:\/\/www.suno.com.br\/noticias\/#\/schema\/person\/02ec1f752758247878a2bf4abee1aeda\"},\"headline\":\"Lei que beneficiar\u00e1 Oi \u00e9 aprovada pela Comiss\u00e3o do Senado e segue para o Plen\u00e1rio\",\"datePublished\":\"2019-09-11T15:56:51+00:00\",\"dateModified\":\"2019-09-11T22:10:58+00:00\",\"mainEntityOfPage\":{\"@id\":\"https:\/\/www.suno.com.br\/noticias\/oi-lei-aprovada-senado-urgencia-plenario-acao\/\"},\"wordCount\":517,\"publisher\":{\"@id\":\"https:\/\/www.suno.com.br\/noticias\/#organization\"},\"image\":{\"@id\":\"https:\/\/www.suno.com.br\/noticias\/oi-lei-aprovada-senado-urgencia-plenario-acao\/#primaryimage\"},\"thumbnailUrl\":\"https:\/\/files.sunoresearch.com.br\/n\/uploads\/2019\/08\/48bad275-oi-jpg.webp\",\"keywords\":[\"C\u00e2mara dos Deputados\",\"Oi (OIBR3\/OIBR4)\",\"Senado Federal\",\"Telef\u00f4nica (VIVT3)\",\"Vivo\"],\"articleSection\":[\"Pol\u00edtica\"],\"inLanguage\":\"pt-BR\"},{\"@type\":\"WebPage\",\"@id\":\"https:\/\/www.suno.com.br\/noticias\/oi-lei-aprovada-senado-urgencia-plenario-acao\/\",\"url\":\"https:\/\/www.suno.com.br\/noticias\/oi-lei-aprovada-senado-urgencia-plenario-acao\/\",\"name\":\"Lei que beneficiar\u00e1 Oi \u00e9 aprovada no Senado e segue para o Plen\u00e1rio\",\"isPartOf\":{\"@id\":\"https:\/\/www.suno.com.br\/noticias\/#website\"},\"primaryImageOfPage\":{\"@id\":\"https:\/\/www.suno.com.br\/noticias\/oi-lei-aprovada-senado-urgencia-plenario-acao\/#primaryimage\"},\"image\":{\"@id\":\"https:\/\/www.suno.com.br\/noticias\/oi-lei-aprovada-senado-urgencia-plenario-acao\/#primaryimage\"},\"thumbnailUrl\":\"https:\/\/files.sunoresearch.com.br\/n\/uploads\/2019\/08\/48bad275-oi-jpg.webp\",\"datePublished\":\"2019-09-11T15:56:51+00:00\",\"dateModified\":\"2019-09-11T22:10:58+00:00\",\"description\":\"A lei ajudaria a Oi pois a operadora deixaria de ser concession\u00e1ria e competiria em igualdade com suas concorrentes. Clique aqui e saiba mais\",\"breadcrumb\":{\"@id\":\"https:\/\/www.suno.com.br\/noticias\/oi-lei-aprovada-senado-urgencia-plenario-acao\/#breadcrumb\"},\"inLanguage\":\"pt-BR\",\"potentialAction\":[{\"@type\":\"ReadAction\",\"target\":[\"https:\/\/www.suno.com.br\/noticias\/oi-lei-aprovada-senado-urgencia-plenario-acao\/\"]}]},{\"@type\":\"ImageObject\",\"inLanguage\":\"pt-BR\",\"@id\":\"https:\/\/www.suno.com.br\/noticias\/oi-lei-aprovada-senado-urgencia-plenario-acao\/#primaryimage\",\"url\":\"https:\/\/files.sunoresearch.com.br\/n\/uploads\/2019\/08\/48bad275-oi-jpg.webp\",\"contentUrl\":\"https:\/\/files.sunoresearch.com.br\/n\/uploads\/2019\/08\/48bad275-oi-jpg.webp\",\"width\":550,\"height\":350,\"caption\":\"Justi\u00e7a adia plano de recupera\u00e7\u00e3o judicial da Oi (OIBR3)\"},{\"@type\":\"BreadcrumbList\",\"@id\":\"https:\/\/www.suno.com.br\/noticias\/oi-lei-aprovada-senado-urgencia-plenario-acao\/#breadcrumb\",\"itemListElement\":[{\"@type\":\"ListItem\",\"position\":1,\"name\":\"Not\u00edcias\",\"item\":\"https:\/\/www.suno.com.br\/noticias\/\"},{\"@type\":\"ListItem\",\"position\":2,\"name\":\"Pol\u00edtica\",\"item\":\"https:\/\/www.suno.com.br\/noticias\/politica\/\"},{\"@type\":\"ListItem\",\"position\":3,\"name\":\"Lei que beneficiar\u00e1 Oi \u00e9 aprovada pela Comiss\u00e3o do Senado e segue para o Plen\u00e1rio\"}]},{\"@type\":\"WebSite\",\"@id\":\"https:\/\/www.suno.com.br\/noticias\/#website\",\"url\":\"https:\/\/www.suno.com.br\/noticias\/\",\"name\":\"Suno Not\u00edcias\",\"description\":\"Seu portal de informa\u00e7\u00e3o sobre o mundo dos investimentos\",\"publisher\":{\"@id\":\"https:\/\/www.suno.com.br\/noticias\/#organization\"},\"potentialAction\":[{\"@type\":\"SearchAction\",\"target\":{\"@type\":\"EntryPoint\",\"urlTemplate\":\"https:\/\/www.suno.com.br\/noticias\/?s={search_term_string}\"},\"query-input\":{\"@type\":\"PropertyValueSpecification\",\"valueRequired\":true,\"valueName\":\"search_term_string\"}}],\"inLanguage\":\"pt-BR\"},{\"@type\":\"Organization\",\"@id\":\"https:\/\/www.suno.com.br\/noticias\/#organization\",\"name\":\"Suno Not\u00edcias\",\"url\":\"https:\/\/www.suno.com.br\/noticias\/\",\"logo\":{\"@type\":\"ImageObject\",\"inLanguage\":\"pt-BR\",\"@id\":\"https:\/\/www.suno.com.br\/noticias\/#\/schema\/logo\/image\/\",\"url\":\"https:\/\/files.sunoresearch.com.br\/n\/uploads\/2021\/09\/suno-logo.png\",\"contentUrl\":\"https:\/\/files.sunoresearch.com.br\/n\/uploads\/2021\/09\/suno-logo.png\",\"width\":180,\"height\":180,\"caption\":\"Suno Not\u00edcias\"},\"image\":{\"@id\":\"https:\/\/www.suno.com.br\/noticias\/#\/schema\/logo\/image\/\"},\"sameAs\":[\"https:\/\/facebook.com\/sunoresearch\",\"https:\/\/x.com\/sunoresearch\",\"https:\/\/www.instagram.com\/suno\",\"https:\/\/www.linkedin.com\/company\/suno-research\/\",\"https:\/\/www.youtube.com\/c\/sunoresearch\"]},{\"@type\":\"Person\",\"@id\":\"https:\/\/www.suno.com.br\/noticias\/#\/schema\/person\/02ec1f752758247878a2bf4abee1aeda\",\"name\":\"Poliana Santos\",\"image\":{\"@type\":\"ImageObject\",\"inLanguage\":\"pt-BR\",\"@id\":\"https:\/\/www.suno.com.br\/noticias\/#\/schema\/person\/image\/\",\"url\":\"https:\/\/secure.gravatar.com\/avatar\/0645bd32f23d87b2130f2b2dff1d3f8d?s=96&r=g\",\"contentUrl\":\"https:\/\/secure.gravatar.com\/avatar\/0645bd32f23d87b2130f2b2dff1d3f8d?s=96&r=g\",\"caption\":\"Poliana Santos\"},\"description\":\"Rep\u00f3rter no Suno Not\u00edcias, com cobertura em mercado financeiro, economia, finan\u00e7as pessoais, renda fixa e varejo. Jornalista formada pela Faculdade C\u00e1sper L\u00edbero e possui passagem na R\u00e1dio Gazeta AM com a produ\u00e7\u00e3o de conte\u00fado sobre economia, pol\u00edtica, sa\u00fade, moda e m\u00fasica. Possui certificado de conclus\u00e3o do curso de An\u00e1lise de Balan\u00e7os pela Funda\u00e7\u00e3o Bradesco, Agenda Brasil pela FAAP, Educa\u00e7\u00e3o Pol\u00edtica por Alexandre Garcia e do Tesouro Direto e Mercado de A\u00e7\u00f5es pela B3.\",\"url\":\"https:\/\/www.suno.com.br\/noticias\/author\/poliana-santos\/\"}]}<\/script>\n<!-- \/ Yoast SEO plugin. -->","yoast_head_json":{"title":"Lei que beneficiar\u00e1 Oi \u00e9 aprovada no Senado e segue para o Plen\u00e1rio","description":"A lei ajudaria a Oi pois a operadora deixaria de ser concession\u00e1ria e competiria em igualdade com suas concorrentes. Clique aqui e saiba mais","robots":{"index":"index","follow":"follow","max-snippet":"max-snippet:-1","max-image-preview":"max-image-preview:large","max-video-preview":"max-video-preview:-1"},"canonical":"https:\/\/www.suno.com.br\/noticias\/oi-lei-aprovada-senado-urgencia-plenario-acao\/","og_locale":"pt_BR","og_type":"article","og_title":"Lei que beneficiar\u00e1 Oi \u00e9 aprovada no Senado e segue para o Plen\u00e1rio","og_description":"A lei ajudaria a Oi pois a operadora deixaria de ser concession\u00e1ria e competiria em igualdade com suas concorrentes. Clique aqui e saiba mais","og_url":"https:\/\/www.suno.com.br\/noticias\/oi-lei-aprovada-senado-urgencia-plenario-acao\/","og_site_name":"Suno Not\u00edcias","article_publisher":"https:\/\/facebook.com\/sunoresearch","og_image":[{"width":550,"height":350,"url":"https:\/\/files.sunoresearch.com.br\/n\/uploads\/2019\/08\/48bad275-oi.jpg","type":"image\/jpeg"}],"author":"Poliana Santos","twitter_card":"summary_large_image","twitter_creator":"@sunoresearch","twitter_site":"@sunoresearch","twitter_misc":{"Escrito por":"Poliana Santos","Est. tempo de leitura":"2 minutos"},"schema":{"@context":"https:\/\/schema.org","@graph":[{"@type":"NewsArticle","@id":"https:\/\/www.suno.com.br\/noticias\/oi-lei-aprovada-senado-urgencia-plenario-acao\/#article","isPartOf":{"@id":"https:\/\/www.suno.com.br\/noticias\/oi-lei-aprovada-senado-urgencia-plenario-acao\/"},"author":{"name":"Poliana Santos","@id":"https:\/\/www.suno.com.br\/noticias\/#\/schema\/person\/02ec1f752758247878a2bf4abee1aeda"},"headline":"Lei que beneficiar\u00e1 Oi \u00e9 aprovada pela Comiss\u00e3o do Senado e segue para o Plen\u00e1rio","datePublished":"2019-09-11T15:56:51+00:00","dateModified":"2019-09-11T22:10:58+00:00","mainEntityOfPage":{"@id":"https:\/\/www.suno.com.br\/noticias\/oi-lei-aprovada-senado-urgencia-plenario-acao\/"},"wordCount":517,"publisher":{"@id":"https:\/\/www.suno.com.br\/noticias\/#organization"},"image":{"@id":"https:\/\/www.suno.com.br\/noticias\/oi-lei-aprovada-senado-urgencia-plenario-acao\/#primaryimage"},"thumbnailUrl":"https:\/\/files.sunoresearch.com.br\/n\/uploads\/2019\/08\/48bad275-oi-jpg.webp","keywords":["C\u00e2mara dos Deputados","Oi (OIBR3\/OIBR4)","Senado Federal","Telef\u00f4nica (VIVT3)","Vivo"],"articleSection":["Pol\u00edtica"],"inLanguage":"pt-BR"},{"@type":"WebPage","@id":"https:\/\/www.suno.com.br\/noticias\/oi-lei-aprovada-senado-urgencia-plenario-acao\/","url":"https:\/\/www.suno.com.br\/noticias\/oi-lei-aprovada-senado-urgencia-plenario-acao\/","name":"Lei que beneficiar\u00e1 Oi \u00e9 aprovada no Senado e segue para o Plen\u00e1rio","isPartOf":{"@id":"https:\/\/www.suno.com.br\/noticias\/#website"},"primaryImageOfPage":{"@id":"https:\/\/www.suno.com.br\/noticias\/oi-lei-aprovada-senado-urgencia-plenario-acao\/#primaryimage"},"image":{"@id":"https:\/\/www.suno.com.br\/noticias\/oi-lei-aprovada-senado-urgencia-plenario-acao\/#primaryimage"},"thumbnailUrl":"https:\/\/files.sunoresearch.com.br\/n\/uploads\/2019\/08\/48bad275-oi-jpg.webp","datePublished":"2019-09-11T15:56:51+00:00","dateModified":"2019-09-11T22:10:58+00:00","description":"A lei ajudaria a Oi pois a operadora deixaria de ser concession\u00e1ria e competiria em igualdade com suas concorrentes. Clique aqui e saiba mais","breadcrumb":{"@id":"https:\/\/www.suno.com.br\/noticias\/oi-lei-aprovada-senado-urgencia-plenario-acao\/#breadcrumb"},"inLanguage":"pt-BR","potentialAction":[{"@type":"ReadAction","target":["https:\/\/www.suno.com.br\/noticias\/oi-lei-aprovada-senado-urgencia-plenario-acao\/"]}]},{"@type":"ImageObject","inLanguage":"pt-BR","@id":"https:\/\/www.suno.com.br\/noticias\/oi-lei-aprovada-senado-urgencia-plenario-acao\/#primaryimage","url":"https:\/\/files.sunoresearch.com.br\/n\/uploads\/2019\/08\/48bad275-oi-jpg.webp","contentUrl":"https:\/\/files.sunoresearch.com.br\/n\/uploads\/2019\/08\/48bad275-oi-jpg.webp","width":550,"height":350,"caption":"Justi\u00e7a adia plano de recupera\u00e7\u00e3o judicial da Oi (OIBR3)"},{"@type":"BreadcrumbList","@id":"https:\/\/www.suno.com.br\/noticias\/oi-lei-aprovada-senado-urgencia-plenario-acao\/#breadcrumb","itemListElement":[{"@type":"ListItem","position":1,"name":"Not\u00edcias","item":"https:\/\/www.suno.com.br\/noticias\/"},{"@type":"ListItem","position":2,"name":"Pol\u00edtica","item":"https:\/\/www.suno.com.br\/noticias\/politica\/"},{"@type":"ListItem","position":3,"name":"Lei que beneficiar\u00e1 Oi \u00e9 aprovada pela Comiss\u00e3o do Senado e segue para o Plen\u00e1rio"}]},{"@type":"WebSite","@id":"https:\/\/www.suno.com.br\/noticias\/#website","url":"https:\/\/www.suno.com.br\/noticias\/","name":"Suno Not\u00edcias","description":"Seu portal de informa\u00e7\u00e3o sobre o mundo dos investimentos","publisher":{"@id":"https:\/\/www.suno.com.br\/noticias\/#organization"},"potentialAction":[{"@type":"SearchAction","target":{"@type":"EntryPoint","urlTemplate":"https:\/\/www.suno.com.br\/noticias\/?s={search_term_string}"},"query-input":{"@type":"PropertyValueSpecification","valueRequired":true,"valueName":"search_term_string"}}],"inLanguage":"pt-BR"},{"@type":"Organization","@id":"https:\/\/www.suno.com.br\/noticias\/#organization","name":"Suno Not\u00edcias","url":"https:\/\/www.suno.com.br\/noticias\/","logo":{"@type":"ImageObject","inLanguage":"pt-BR","@id":"https:\/\/www.suno.com.br\/noticias\/#\/schema\/logo\/image\/","url":"https:\/\/files.sunoresearch.com.br\/n\/uploads\/2021\/09\/suno-logo.png","contentUrl":"https:\/\/files.sunoresearch.com.br\/n\/uploads\/2021\/09\/suno-logo.png","width":180,"height":180,"caption":"Suno Not\u00edcias"},"image":{"@id":"https:\/\/www.suno.com.br\/noticias\/#\/schema\/logo\/image\/"},"sameAs":["https:\/\/facebook.com\/sunoresearch","https:\/\/x.com\/sunoresearch","https:\/\/www.instagram.com\/suno","https:\/\/www.linkedin.com\/company\/suno-research\/","https:\/\/www.youtube.com\/c\/sunoresearch"]},{"@type":"Person","@id":"https:\/\/www.suno.com.br\/noticias\/#\/schema\/person\/02ec1f752758247878a2bf4abee1aeda","name":"Poliana Santos","image":{"@type":"ImageObject","inLanguage":"pt-BR","@id":"https:\/\/www.suno.com.br\/noticias\/#\/schema\/person\/image\/","url":"https:\/\/secure.gravatar.com\/avatar\/0645bd32f23d87b2130f2b2dff1d3f8d?s=96&r=g","contentUrl":"https:\/\/secure.gravatar.com\/avatar\/0645bd32f23d87b2130f2b2dff1d3f8d?s=96&r=g","caption":"Poliana Santos"},"description":"Rep\u00f3rter no Suno Not\u00edcias, com cobertura em mercado financeiro, economia, finan\u00e7as pessoais, renda fixa e varejo. Jornalista formada pela Faculdade C\u00e1sper L\u00edbero e possui passagem na R\u00e1dio Gazeta AM com a produ\u00e7\u00e3o de conte\u00fado sobre economia, pol\u00edtica, sa\u00fade, moda e m\u00fasica. Possui certificado de conclus\u00e3o do curso de An\u00e1lise de Balan\u00e7os pela Funda\u00e7\u00e3o Bradesco, Agenda Brasil pela FAAP, Educa\u00e7\u00e3o Pol\u00edtica por Alexandre Garcia e do Tesouro Direto e Mercado de A\u00e7\u00f5es pela B3.","url":"https:\/\/www.suno.com.br\/noticias\/author\/poliana-santos\/"}]}},"default_loop_html":"<div class=\"cardsPage__listCard__boxs\"><div class=\"cardsPage__listCard__boxs__img\"><a href=\"https:\/\/www.suno.com.br\/noticias\/oi-lei-aprovada-senado-urgencia-plenario-acao\/\"><img class=\"mask\" src=\"https:\/\/www.suno.com.br\/noticias\/wp-content\/themes\/suno\/resources\/images\/spotlight\/spotlight1img\/bg-mask.png\" alt=\"Image Mask\"\/><img src=\"https:\/\/files.sunoresearch.com.br\/n\/uploads\/2019\/08\/48bad275-oi-400x200.webp\" alt=\"Lei que beneficiar\u00e1 Oi \u00e9 aprovada pela Comiss\u00e3o do Senado e segue para o Plen\u00e1rio\"\/><\/a><span class=\"spotlightCategory\"><a href=\"https:\/\/www.suno.com.br\/noticias\/politica\/\">Pol\u00edtica<\/a><\/span><\/div><div class=\"cardsPage__listCard__boxs__content\"><a href=\"https:\/\/www.suno.com.br\/noticias\/oi-lei-aprovada-senado-urgencia-plenario-acao\/\"><h2 class=\"content__title\">Lei que beneficiar\u00e1 Oi \u00e9 aprovada pela Comiss\u00e3o do Senado e segue para o Plen\u00e1rio<\/h2><\/a><div class=\"newsContent__article__meta\"><div class=\"newsContent__article__meta__authorBox\"><a href=\"https:\/\/www.suno.com.br\/noticias\/author\/poliana-santos\/\" class=\"authorBox__avatar noMobi\"><img src=\"https:\/\/files.sunoresearch.com.br\/n\/uploads\/2020\/08\/7ef34026-whatsapp-image-2020-08-03-at-12.37.57-150x150.webp\" alt=\"Poliana Santos\"><\/a><div class=\"authorBox__name\"><span>por\n\t\t\t<a href=\"https:\/\/www.suno.com.br\/noticias\/author\/poliana-santos\/\"><span itemprop=\"author\">Poliana Santos<\/span><\/a><\/span><time datetime=\"2019-09-11T12:56:51-03:00\" itemprop=\"datePublished\">11\/09\/2019 12:56<\/time><\/div><\/div><\/div><\/div><\/div>","single_layout":"posts","amp_enabled":true,"_links":{"self":[{"href":"https:\/\/www.suno.com.br\/noticias\/wp-json\/wp\/v2\/posts\/37188"}],"collection":[{"href":"https:\/\/www.suno.com.br\/noticias\/wp-json\/wp\/v2\/posts"}],"about":[{"href":"https:\/\/www.suno.com.br\/noticias\/wp-json\/wp\/v2\/types\/post"}],"author":[{"embeddable":true,"href":"https:\/\/www.suno.com.br\/noticias\/wp-json\/wp\/v2\/users\/15"}],"replies":[{"embeddable":true,"href":"https:\/\/www.suno.com.br\/noticias\/wp-json\/wp\/v2\/comments?post=37188"}],"version-history":[{"count":0,"href":"https:\/\/www.suno.com.br\/noticias\/wp-json\/wp\/v2\/posts\/37188\/revisions"}],"wp:featuredmedia":[{"embeddable":true,"href":"https:\/\/www.suno.com.br\/noticias\/wp-json\/wp\/v2\/media\/34590"}],"wp:attachment":[{"href":"https:\/\/www.suno.com.br\/noticias\/wp-json\/wp\/v2\/media?parent=37188"}],"wp:term":[{"taxonomy":"category","embeddable":true,"href":"https:\/\/www.suno.com.br\/noticias\/wp-json\/wp\/v2\/categories?post=37188"},{"taxonomy":"post_tag","embeddable":true,"href":"https:\/\/www.suno.com.br\/noticias\/wp-json\/wp\/v2\/tags?post=37188"},{"taxonomy":"suno_strategy","embeddable":true,"href":"https:\/\/www.suno.com.br\/noticias\/wp-json\/wp\/v2\/suno_strategy?post=37188"}],"curies":[{"name":"wp","href":"https:\/\/api.w.org\/{rel}","templated":true}]}}