{"id":37154,"date":"2019-09-11T11:58:08","date_gmt":"2019-09-11T14:58:08","guid":{"rendered":"https:\/\/www.suno.com.br\/noticias\/?p=37154"},"modified":"2019-09-12T12:21:12","modified_gmt":"2019-09-12T15:21:12","slug":"uber-lei-americana-lyft-prejuizo","status":"publish","type":"post","link":"https:\/\/www.suno.com.br\/noticias\/uber-lei-americana-lyft-prejuizo\/","title":{"rendered":"Lei que poder\u00e1 prejudicar Uber \u00e9 aprovada na Calif\u00f3rnia"},"content":{"rendered":"<p>O projeto de lei que pode prejudicar o futuro dos<strong> aplicativos<\/strong> de<strong> transporte<\/strong> de<strong> passageiros<\/strong>, como a Uber, foi aprovado pelo Senado do Estado da Calif\u00f3rnia, EUA, na \u00faltima ter\u00e7a-feira (10).<\/p>\t<div class=\"wrapper-featured-image\">\n\t\t<figure class=\"spotlightImg\">\n\n\t\t\t<picture>\n\t\t\t\t<source media=\"(max-width: 768px)\" srcset=\"https:\/\/files.sunoresearch.com.br\/n\/uploads\/2018\/09\/97125ca2-uber-em-portugal-400x200.webp\">\n\t\t\t\t<img loading=\"lazy\" decoding=\"async\" class=\"newsContent__article__imgCapa lazyloadDisabled newsContent__article__imgCapa--noCaption\" src=\"https:\/\/files.sunoresearch.com.br\/n\/uploads\/2018\/09\/97125ca2-uber-em-portugal-jpg.webp\" width=\"800\" height=\"450\" alt=\"Lei que poder\u00e1 prejudicar Uber \u00e9 aprovada na Calif\u00f3rnia\" fetchpriority=high \/>\n\t\t\t<\/picture>\n\n\t\t\t<figcaption class=\"wp-caption-text wp-caption-text--hide\">Justi\u00e7a da It\u00e1lia coloca Uber em administra\u00e7\u00e3o judicial por explora\u00e7\u00e3o<\/figcaption>\n\t\t<\/figure>\n\t<\/div>\n\n\n\n<p>\u00c9 necess\u00e1rio ainda que a medida passe por um segundo turno de vota\u00e7\u00e3o na Assembleia, para que em seguida o governador do estado aprove a lei. A proposta exige que a<strong>\u00a0Uber<\/strong>, a <strong>Lyft<\/strong> e outros aplicativos do mesmo segmento registrem seus motoristas como funcion\u00e1rios e os garantam todos os <strong>direitos trabalhistas<\/strong> previsto por lei.<\/p>\n<p><iframe loading=\"lazy\" title=\"?Cintra demitido; CPMF vai para a geladeira e Uber no olho do furac\u00e3o\" width=\"200\" height=\"113\" src=\"https:\/\/www.youtube.com\/embed\/xdLIy7mKkJQ?feature=oembed\" frameborder=\"0\" allow=\"accelerometer; autoplay; encrypted-media; gyroscope; picture-in-picture\" allowfullscreen><\/iframe><\/p>\n<p>Apesar do processo de regulamenta\u00e7\u00e3o para que a lei seja aprovada, o jornal &#8220;<em>The New York Times<\/em>&#8221; e a imprensa americana, tem tratado como certo a aprova\u00e7\u00e3o do projeto.<\/p>\n<p>Segundo a proposta:<\/p>\n<ul>\n<li>os motoristas receberiam US$ 21 (R$ 87,85) por hora trabalhada;<\/li>\n<li>benef\u00edcios pagos pela empresa, como plano de sa\u00fade;<\/li>\n<li>esp\u00e9cie de sindicato, para que os trabalhadores possam negociar com a empresa.<\/li>\n<\/ul>\n<h2>Uber registra seu maior preju\u00edzo<\/h2>\n<p>A Uber (UBER) divulgou seu balan\u00e7o do segundo trimestre de 2019. A empresa de transporte por aplicativo registrou o maior preju\u00edzo de sua hist\u00f3ria para o per\u00edodo abril &#8211; junho, com uma perda de US$ 5,23 bilh\u00f5es (cerca de R$ 20,39 bilh\u00f5es).<\/p>\n<p>Nesse resultado negativo da Uber est\u00e3o inclusos os custos de compensa\u00e7\u00e3o financeira da abertura de capital. Despesas que somaram US$ 3,9 bilh\u00f5es. Essa \u00e9 a segunda vez que o aplicativo divulga seu balan\u00e7o desde a <a href=\"https:\/\/www.suno.com.br\/artigos\/ipo\/\"><strong>abertura de seu capital<\/strong><\/a> em maio deste ano. A empresa est\u00e1 cotada na <a href=\"https:\/\/www.suno.com.br\/artigos\/nyse\/\"><strong>Bolsa de Valores de Nova York (NYSE)<\/strong><\/a>.<\/p>\n<p><a href=\"\/\/www.suno.com.br\/noticias\/stj-assegura-que-motoristas-da-uber-sao-trabalhadores-independentes\/\">Confira Tamb\u00e9m: STJ assegura que motoristas da Uber s\u00e3o trabalhadores independentes<\/a><\/p>\n<p>No mesmo per\u00edodo em 2018, o preju\u00edzo havia sido de US$ 878 milh\u00f5es, sem os custos de compensa\u00e7\u00e3o o valor perdido foi de US$ 656 milh\u00f5es. O ritmo de crescimento tamb\u00e9m \u00e9 o menor desde que o aplicativo come\u00e7ou a publicar seus balan\u00e7os.<\/p>\n\t<p>\n\t\t<a href=\"https:\/\/lp.suno.com.br\/ao\/servico-especializado-suno-tf\/?utm_source=adwords&#038;utm_medium=search&#038;utm_campaign=search.servico.funilconsultoria&#038;utm_content=1147_responsivo-a&#038;hsa_acc=2326072784&#038;hsa_cam=18022897917&#038;hsa_grp=141470255993&#038;hsa_ad=616145467912&#038;hsa_src=g&#038;hsa_tgt=kwd-303658942458&#038;hsa_kw=gestora+de+investimentos&#038;hsa_mt=b&#038;hsa_net=adwords&#038;hsa_ver=3&#038;gad_source=1&#038;gclid=CjwKCAjw1emzBhB8EiwAHwZZxQMvA3xJVRzLGZ70LmuSzR55X-KvxijSay8c5Hm88Sznnq97j8XbORoC-sMQAvD_BwE\" target=\"_blank\" data-element=\"shortcode-suno-banner\" title=\"Banner SUNO, clique e saiba mais\">\n\t\t\t<picture>\n\t\t\t\t<source media=\"(max-width: 500px)\" srcset=\"https:\/\/files.sunoresearch.com.br\/n\/uploads\/2024\/06\/400x300-Mobile-Artigos-4-1.png\">\n\t\t\t\t<img class=\"newsContent__article__imgCapa newsContent__article__imgCapa--banner\"\n\t\t\t\t\tsrc=\"https:\/\/files.sunoresearch.com.br\/n\/uploads\/2024\/06\/1420x240-Banner-Artigos-1-_-Banner-Materias-2-1.png\"\n\t\t\t\t\tdata-promo-id=\"563609\"\t\t\t\t\t\t\t\t\t\twidth='1420' height='240'\t\t\t\t\talt=\"https:\/\/files.sunoresearch.com.br\/n\/uploads\/2024\/06\/1420x240-Banner-Artigos-1-_-Banner-Materias-2-1.png\"\n\t\t\t\t>\n\t\t\t<\/picture>\n\t\t<\/a>\n\t<\/p>\n\n\n<p>O aumento da concorr\u00eancia no mercado latino-americano de transporte urbano \u00e9 considerado um dos maiores motivos do encolhimento do faturamento, que fechou o trimestre em US$ 547 milh\u00f5es.<\/p>\n<p>De acordo com a<strong>\u00a0Uber<\/strong>, seu neg\u00f3cio poderia &#8220;ser adversamente afetado caso os motoristas fossem classificados como empregados, em vez de trabalhadores aut\u00f4nomos&#8221;.<\/p>\n","protected":false},"excerpt":{"rendered":"<p>O projeto de lei que pode prejudicar o futuro dos aplicativos de transporte de passageiros, como a Uber, foi aprovado pelo Senado do Estado da Calif\u00f3rnia, EUA, na \u00faltima ter\u00e7a-feira (10). Justi\u00e7a da It\u00e1lia coloca Uber em administra\u00e7\u00e3o judicial por explora\u00e7\u00e3o \u00c9 necess\u00e1rio ainda que a medida passe por um segundo turno de vota\u00e7\u00e3o na [&hellip;]<\/p>\n","protected":false},"author":15,"featured_media":4409,"comment_status":"closed","ping_status":"closed","sticky":false,"template":"","format":"standard","meta":[],"categories":[64],"tags":[1209,954],"suno_strategy":[],"class_list":["post-37154","post","type-post","status-publish","format-standard","has-post-thumbnail","hentry","category-negocios","tag-lyft","tag-uber-u1be34"],"yoast_head":"<!-- This site is optimized with the Yoast SEO plugin v24.4 - https:\/\/yoast.com\/wordpress\/plugins\/seo\/ -->\n<title>Lei que poder\u00e1 prejudicar Uber \u00e9 aprovada na Calif\u00f3rnia<\/title>\n<meta name=\"description\" content=\"\u00c9 necess\u00e1rio que a medida passe por um segundo turno para que em seguida o governador aprove a lei que poder\u00e1 prejudicar o Uber. Clique aqui\" \/>\n<meta name=\"robots\" content=\"index, follow, max-snippet:-1, max-image-preview:large, max-video-preview:-1\" \/>\n<link rel=\"canonical\" href=\"https:\/\/www.suno.com.br\/noticias\/uber-lei-americana-lyft-prejuizo\/\" \/>\n<meta property=\"og:locale\" content=\"pt_BR\" \/>\n<meta property=\"og:type\" content=\"article\" \/>\n<meta property=\"og:title\" content=\"Lei que poder\u00e1 prejudicar Uber \u00e9 aprovada na Calif\u00f3rnia\" \/>\n<meta property=\"og:description\" content=\"\u00c9 necess\u00e1rio que a medida passe por um segundo turno para que em seguida o governador aprove a lei que poder\u00e1 prejudicar o Uber. Clique aqui\" \/>\n<meta property=\"og:url\" content=\"https:\/\/www.suno.com.br\/noticias\/uber-lei-americana-lyft-prejuizo\/\" \/>\n<meta property=\"og:site_name\" content=\"Suno Not\u00edcias\" \/>\n<meta property=\"article:publisher\" content=\"https:\/\/facebook.com\/sunoresearch\" \/>\n<meta property=\"og:image\" content=\"https:\/\/files.sunoresearch.com.br\/n\/uploads\/2018\/09\/97125ca2-uber-em-portugal.jpg\" \/>\n\t<meta property=\"og:image:width\" content=\"740\" \/>\n\t<meta property=\"og:image:height\" content=\"480\" \/>\n\t<meta property=\"og:image:type\" content=\"image\/jpeg\" \/>\n<meta name=\"author\" content=\"Poliana Santos\" \/>\n<meta name=\"twitter:card\" content=\"summary_large_image\" \/>\n<meta name=\"twitter:creator\" content=\"@sunoresearch\" \/>\n<meta name=\"twitter:site\" content=\"@sunoresearch\" \/>\n<meta name=\"twitter:label1\" content=\"Escrito por\" \/>\n\t<meta name=\"twitter:data1\" content=\"Poliana Santos\" \/>\n\t<meta name=\"twitter:label2\" content=\"Est. tempo de leitura\" \/>\n\t<meta name=\"twitter:data2\" content=\"2 minutos\" \/>\n<script type=\"application\/ld+json\" class=\"yoast-schema-graph\">{\"@context\":\"https:\/\/schema.org\",\"@graph\":[{\"@type\":\"NewsArticle\",\"@id\":\"https:\/\/www.suno.com.br\/noticias\/uber-lei-americana-lyft-prejuizo\/#article\",\"isPartOf\":{\"@id\":\"https:\/\/www.suno.com.br\/noticias\/uber-lei-americana-lyft-prejuizo\/\"},\"author\":{\"name\":\"Poliana Santos\",\"@id\":\"https:\/\/www.suno.com.br\/noticias\/#\/schema\/person\/02ec1f752758247878a2bf4abee1aeda\"},\"headline\":\"Lei que poder\u00e1 prejudicar Uber \u00e9 aprovada na Calif\u00f3rnia\",\"datePublished\":\"2019-09-11T14:58:08+00:00\",\"dateModified\":\"2019-09-12T15:21:12+00:00\",\"mainEntityOfPage\":{\"@id\":\"https:\/\/www.suno.com.br\/noticias\/uber-lei-americana-lyft-prejuizo\/\"},\"wordCount\":400,\"publisher\":{\"@id\":\"https:\/\/www.suno.com.br\/noticias\/#organization\"},\"image\":{\"@id\":\"https:\/\/www.suno.com.br\/noticias\/uber-lei-americana-lyft-prejuizo\/#primaryimage\"},\"thumbnailUrl\":\"https:\/\/files.sunoresearch.com.br\/n\/uploads\/2018\/09\/97125ca2-uber-em-portugal-jpg.webp\",\"keywords\":[\"Lyft\",\"Uber (U1BE34)\"],\"articleSection\":[\"Neg\u00f3cios\"],\"inLanguage\":\"pt-BR\"},{\"@type\":\"WebPage\",\"@id\":\"https:\/\/www.suno.com.br\/noticias\/uber-lei-americana-lyft-prejuizo\/\",\"url\":\"https:\/\/www.suno.com.br\/noticias\/uber-lei-americana-lyft-prejuizo\/\",\"name\":\"Lei que poder\u00e1 prejudicar Uber \u00e9 aprovada na Calif\u00f3rnia\",\"isPartOf\":{\"@id\":\"https:\/\/www.suno.com.br\/noticias\/#website\"},\"primaryImageOfPage\":{\"@id\":\"https:\/\/www.suno.com.br\/noticias\/uber-lei-americana-lyft-prejuizo\/#primaryimage\"},\"image\":{\"@id\":\"https:\/\/www.suno.com.br\/noticias\/uber-lei-americana-lyft-prejuizo\/#primaryimage\"},\"thumbnailUrl\":\"https:\/\/files.sunoresearch.com.br\/n\/uploads\/2018\/09\/97125ca2-uber-em-portugal-jpg.webp\",\"datePublished\":\"2019-09-11T14:58:08+00:00\",\"dateModified\":\"2019-09-12T15:21:12+00:00\",\"description\":\"\u00c9 necess\u00e1rio que a medida passe por um segundo turno para que em seguida o governador aprove a lei que poder\u00e1 prejudicar o Uber. Clique aqui\",\"breadcrumb\":{\"@id\":\"https:\/\/www.suno.com.br\/noticias\/uber-lei-americana-lyft-prejuizo\/#breadcrumb\"},\"inLanguage\":\"pt-BR\",\"potentialAction\":[{\"@type\":\"ReadAction\",\"target\":[\"https:\/\/www.suno.com.br\/noticias\/uber-lei-americana-lyft-prejuizo\/\"]}]},{\"@type\":\"ImageObject\",\"inLanguage\":\"pt-BR\",\"@id\":\"https:\/\/www.suno.com.br\/noticias\/uber-lei-americana-lyft-prejuizo\/#primaryimage\",\"url\":\"https:\/\/files.sunoresearch.com.br\/n\/uploads\/2018\/09\/97125ca2-uber-em-portugal-jpg.webp\",\"contentUrl\":\"https:\/\/files.sunoresearch.com.br\/n\/uploads\/2018\/09\/97125ca2-uber-em-portugal-jpg.webp\",\"width\":740,\"height\":480,\"caption\":\"Justi\u00e7a da It\u00e1lia coloca Uber em administra\u00e7\u00e3o judicial por explora\u00e7\u00e3o\"},{\"@type\":\"BreadcrumbList\",\"@id\":\"https:\/\/www.suno.com.br\/noticias\/uber-lei-americana-lyft-prejuizo\/#breadcrumb\",\"itemListElement\":[{\"@type\":\"ListItem\",\"position\":1,\"name\":\"Not\u00edcias\",\"item\":\"https:\/\/www.suno.com.br\/noticias\/\"},{\"@type\":\"ListItem\",\"position\":2,\"name\":\"Neg\u00f3cios\",\"item\":\"https:\/\/www.suno.com.br\/noticias\/negocios\/\"},{\"@type\":\"ListItem\",\"position\":3,\"name\":\"Lei que poder\u00e1 prejudicar Uber \u00e9 aprovada na Calif\u00f3rnia\"}]},{\"@type\":\"WebSite\",\"@id\":\"https:\/\/www.suno.com.br\/noticias\/#website\",\"url\":\"https:\/\/www.suno.com.br\/noticias\/\",\"name\":\"Suno Not\u00edcias\",\"description\":\"Seu portal de informa\u00e7\u00e3o sobre o mundo dos investimentos\",\"publisher\":{\"@id\":\"https:\/\/www.suno.com.br\/noticias\/#organization\"},\"potentialAction\":[{\"@type\":\"SearchAction\",\"target\":{\"@type\":\"EntryPoint\",\"urlTemplate\":\"https:\/\/www.suno.com.br\/noticias\/?s={search_term_string}\"},\"query-input\":{\"@type\":\"PropertyValueSpecification\",\"valueRequired\":true,\"valueName\":\"search_term_string\"}}],\"inLanguage\":\"pt-BR\"},{\"@type\":\"Organization\",\"@id\":\"https:\/\/www.suno.com.br\/noticias\/#organization\",\"name\":\"Suno Not\u00edcias\",\"url\":\"https:\/\/www.suno.com.br\/noticias\/\",\"logo\":{\"@type\":\"ImageObject\",\"inLanguage\":\"pt-BR\",\"@id\":\"https:\/\/www.suno.com.br\/noticias\/#\/schema\/logo\/image\/\",\"url\":\"https:\/\/files.sunoresearch.com.br\/n\/uploads\/2021\/09\/suno-logo.png\",\"contentUrl\":\"https:\/\/files.sunoresearch.com.br\/n\/uploads\/2021\/09\/suno-logo.png\",\"width\":180,\"height\":180,\"caption\":\"Suno Not\u00edcias\"},\"image\":{\"@id\":\"https:\/\/www.suno.com.br\/noticias\/#\/schema\/logo\/image\/\"},\"sameAs\":[\"https:\/\/facebook.com\/sunoresearch\",\"https:\/\/x.com\/sunoresearch\",\"https:\/\/www.instagram.com\/suno\",\"https:\/\/www.linkedin.com\/company\/suno-research\/\",\"https:\/\/www.youtube.com\/c\/sunoresearch\"]},{\"@type\":\"Person\",\"@id\":\"https:\/\/www.suno.com.br\/noticias\/#\/schema\/person\/02ec1f752758247878a2bf4abee1aeda\",\"name\":\"Poliana Santos\",\"image\":{\"@type\":\"ImageObject\",\"inLanguage\":\"pt-BR\",\"@id\":\"https:\/\/www.suno.com.br\/noticias\/#\/schema\/person\/image\/\",\"url\":\"https:\/\/secure.gravatar.com\/avatar\/0645bd32f23d87b2130f2b2dff1d3f8d?s=96&r=g\",\"contentUrl\":\"https:\/\/secure.gravatar.com\/avatar\/0645bd32f23d87b2130f2b2dff1d3f8d?s=96&r=g\",\"caption\":\"Poliana Santos\"},\"description\":\"Rep\u00f3rter no Suno Not\u00edcias, com cobertura em mercado financeiro, economia, finan\u00e7as pessoais, renda fixa e varejo. Jornalista formada pela Faculdade C\u00e1sper L\u00edbero e possui passagem na R\u00e1dio Gazeta AM com a produ\u00e7\u00e3o de conte\u00fado sobre economia, pol\u00edtica, sa\u00fade, moda e m\u00fasica. Possui certificado de conclus\u00e3o do curso de An\u00e1lise de Balan\u00e7os pela Funda\u00e7\u00e3o Bradesco, Agenda Brasil pela FAAP, Educa\u00e7\u00e3o Pol\u00edtica por Alexandre Garcia e do Tesouro Direto e Mercado de A\u00e7\u00f5es pela B3.\",\"url\":\"https:\/\/www.suno.com.br\/noticias\/author\/poliana-santos\/\"}]}<\/script>\n<!-- \/ Yoast SEO plugin. -->","yoast_head_json":{"title":"Lei que poder\u00e1 prejudicar Uber \u00e9 aprovada na Calif\u00f3rnia","description":"\u00c9 necess\u00e1rio que a medida passe por um segundo turno para que em seguida o governador aprove a lei que poder\u00e1 prejudicar o Uber. Clique aqui","robots":{"index":"index","follow":"follow","max-snippet":"max-snippet:-1","max-image-preview":"max-image-preview:large","max-video-preview":"max-video-preview:-1"},"canonical":"https:\/\/www.suno.com.br\/noticias\/uber-lei-americana-lyft-prejuizo\/","og_locale":"pt_BR","og_type":"article","og_title":"Lei que poder\u00e1 prejudicar Uber \u00e9 aprovada na Calif\u00f3rnia","og_description":"\u00c9 necess\u00e1rio que a medida passe por um segundo turno para que em seguida o governador aprove a lei que poder\u00e1 prejudicar o Uber. Clique aqui","og_url":"https:\/\/www.suno.com.br\/noticias\/uber-lei-americana-lyft-prejuizo\/","og_site_name":"Suno Not\u00edcias","article_publisher":"https:\/\/facebook.com\/sunoresearch","og_image":[{"width":740,"height":480,"url":"https:\/\/files.sunoresearch.com.br\/n\/uploads\/2018\/09\/97125ca2-uber-em-portugal.jpg","type":"image\/jpeg"}],"author":"Poliana Santos","twitter_card":"summary_large_image","twitter_creator":"@sunoresearch","twitter_site":"@sunoresearch","twitter_misc":{"Escrito por":"Poliana Santos","Est. tempo de leitura":"2 minutos"},"schema":{"@context":"https:\/\/schema.org","@graph":[{"@type":"NewsArticle","@id":"https:\/\/www.suno.com.br\/noticias\/uber-lei-americana-lyft-prejuizo\/#article","isPartOf":{"@id":"https:\/\/www.suno.com.br\/noticias\/uber-lei-americana-lyft-prejuizo\/"},"author":{"name":"Poliana Santos","@id":"https:\/\/www.suno.com.br\/noticias\/#\/schema\/person\/02ec1f752758247878a2bf4abee1aeda"},"headline":"Lei que poder\u00e1 prejudicar Uber \u00e9 aprovada na Calif\u00f3rnia","datePublished":"2019-09-11T14:58:08+00:00","dateModified":"2019-09-12T15:21:12+00:00","mainEntityOfPage":{"@id":"https:\/\/www.suno.com.br\/noticias\/uber-lei-americana-lyft-prejuizo\/"},"wordCount":400,"publisher":{"@id":"https:\/\/www.suno.com.br\/noticias\/#organization"},"image":{"@id":"https:\/\/www.suno.com.br\/noticias\/uber-lei-americana-lyft-prejuizo\/#primaryimage"},"thumbnailUrl":"https:\/\/files.sunoresearch.com.br\/n\/uploads\/2018\/09\/97125ca2-uber-em-portugal-jpg.webp","keywords":["Lyft","Uber (U1BE34)"],"articleSection":["Neg\u00f3cios"],"inLanguage":"pt-BR"},{"@type":"WebPage","@id":"https:\/\/www.suno.com.br\/noticias\/uber-lei-americana-lyft-prejuizo\/","url":"https:\/\/www.suno.com.br\/noticias\/uber-lei-americana-lyft-prejuizo\/","name":"Lei que poder\u00e1 prejudicar Uber \u00e9 aprovada na Calif\u00f3rnia","isPartOf":{"@id":"https:\/\/www.suno.com.br\/noticias\/#website"},"primaryImageOfPage":{"@id":"https:\/\/www.suno.com.br\/noticias\/uber-lei-americana-lyft-prejuizo\/#primaryimage"},"image":{"@id":"https:\/\/www.suno.com.br\/noticias\/uber-lei-americana-lyft-prejuizo\/#primaryimage"},"thumbnailUrl":"https:\/\/files.sunoresearch.com.br\/n\/uploads\/2018\/09\/97125ca2-uber-em-portugal-jpg.webp","datePublished":"2019-09-11T14:58:08+00:00","dateModified":"2019-09-12T15:21:12+00:00","description":"\u00c9 necess\u00e1rio que a medida passe por um segundo turno para que em seguida o governador aprove a lei que poder\u00e1 prejudicar o Uber. Clique aqui","breadcrumb":{"@id":"https:\/\/www.suno.com.br\/noticias\/uber-lei-americana-lyft-prejuizo\/#breadcrumb"},"inLanguage":"pt-BR","potentialAction":[{"@type":"ReadAction","target":["https:\/\/www.suno.com.br\/noticias\/uber-lei-americana-lyft-prejuizo\/"]}]},{"@type":"ImageObject","inLanguage":"pt-BR","@id":"https:\/\/www.suno.com.br\/noticias\/uber-lei-americana-lyft-prejuizo\/#primaryimage","url":"https:\/\/files.sunoresearch.com.br\/n\/uploads\/2018\/09\/97125ca2-uber-em-portugal-jpg.webp","contentUrl":"https:\/\/files.sunoresearch.com.br\/n\/uploads\/2018\/09\/97125ca2-uber-em-portugal-jpg.webp","width":740,"height":480,"caption":"Justi\u00e7a da It\u00e1lia coloca Uber em administra\u00e7\u00e3o judicial por explora\u00e7\u00e3o"},{"@type":"BreadcrumbList","@id":"https:\/\/www.suno.com.br\/noticias\/uber-lei-americana-lyft-prejuizo\/#breadcrumb","itemListElement":[{"@type":"ListItem","position":1,"name":"Not\u00edcias","item":"https:\/\/www.suno.com.br\/noticias\/"},{"@type":"ListItem","position":2,"name":"Neg\u00f3cios","item":"https:\/\/www.suno.com.br\/noticias\/negocios\/"},{"@type":"ListItem","position":3,"name":"Lei que poder\u00e1 prejudicar Uber \u00e9 aprovada na Calif\u00f3rnia"}]},{"@type":"WebSite","@id":"https:\/\/www.suno.com.br\/noticias\/#website","url":"https:\/\/www.suno.com.br\/noticias\/","name":"Suno Not\u00edcias","description":"Seu portal de informa\u00e7\u00e3o sobre o mundo dos investimentos","publisher":{"@id":"https:\/\/www.suno.com.br\/noticias\/#organization"},"potentialAction":[{"@type":"SearchAction","target":{"@type":"EntryPoint","urlTemplate":"https:\/\/www.suno.com.br\/noticias\/?s={search_term_string}"},"query-input":{"@type":"PropertyValueSpecification","valueRequired":true,"valueName":"search_term_string"}}],"inLanguage":"pt-BR"},{"@type":"Organization","@id":"https:\/\/www.suno.com.br\/noticias\/#organization","name":"Suno Not\u00edcias","url":"https:\/\/www.suno.com.br\/noticias\/","logo":{"@type":"ImageObject","inLanguage":"pt-BR","@id":"https:\/\/www.suno.com.br\/noticias\/#\/schema\/logo\/image\/","url":"https:\/\/files.sunoresearch.com.br\/n\/uploads\/2021\/09\/suno-logo.png","contentUrl":"https:\/\/files.sunoresearch.com.br\/n\/uploads\/2021\/09\/suno-logo.png","width":180,"height":180,"caption":"Suno Not\u00edcias"},"image":{"@id":"https:\/\/www.suno.com.br\/noticias\/#\/schema\/logo\/image\/"},"sameAs":["https:\/\/facebook.com\/sunoresearch","https:\/\/x.com\/sunoresearch","https:\/\/www.instagram.com\/suno","https:\/\/www.linkedin.com\/company\/suno-research\/","https:\/\/www.youtube.com\/c\/sunoresearch"]},{"@type":"Person","@id":"https:\/\/www.suno.com.br\/noticias\/#\/schema\/person\/02ec1f752758247878a2bf4abee1aeda","name":"Poliana Santos","image":{"@type":"ImageObject","inLanguage":"pt-BR","@id":"https:\/\/www.suno.com.br\/noticias\/#\/schema\/person\/image\/","url":"https:\/\/secure.gravatar.com\/avatar\/0645bd32f23d87b2130f2b2dff1d3f8d?s=96&r=g","contentUrl":"https:\/\/secure.gravatar.com\/avatar\/0645bd32f23d87b2130f2b2dff1d3f8d?s=96&r=g","caption":"Poliana Santos"},"description":"Rep\u00f3rter no Suno Not\u00edcias, com cobertura em mercado financeiro, economia, finan\u00e7as pessoais, renda fixa e varejo. Jornalista formada pela Faculdade C\u00e1sper L\u00edbero e possui passagem na R\u00e1dio Gazeta AM com a produ\u00e7\u00e3o de conte\u00fado sobre economia, pol\u00edtica, sa\u00fade, moda e m\u00fasica. Possui certificado de conclus\u00e3o do curso de An\u00e1lise de Balan\u00e7os pela Funda\u00e7\u00e3o Bradesco, Agenda Brasil pela FAAP, Educa\u00e7\u00e3o Pol\u00edtica por Alexandre Garcia e do Tesouro Direto e Mercado de A\u00e7\u00f5es pela B3.","url":"https:\/\/www.suno.com.br\/noticias\/author\/poliana-santos\/"}]}},"default_loop_html":"<div class=\"cardsPage__listCard__boxs\"><div class=\"cardsPage__listCard__boxs__img\"><a href=\"https:\/\/www.suno.com.br\/noticias\/uber-lei-americana-lyft-prejuizo\/\"><img class=\"mask\" src=\"https:\/\/www.suno.com.br\/noticias\/wp-content\/themes\/suno\/resources\/images\/spotlight\/spotlight1img\/bg-mask.png\" alt=\"Image Mask\"\/><img src=\"https:\/\/files.sunoresearch.com.br\/n\/uploads\/2018\/09\/97125ca2-uber-em-portugal-400x200.webp\" alt=\"Lei que poder\u00e1 prejudicar Uber \u00e9 aprovada na Calif\u00f3rnia\"\/><\/a><span class=\"spotlightCategory\"><a href=\"https:\/\/www.suno.com.br\/noticias\/negocios\/\">Neg\u00f3cios<\/a><\/span><\/div><div class=\"cardsPage__listCard__boxs__content\"><a href=\"https:\/\/www.suno.com.br\/noticias\/uber-lei-americana-lyft-prejuizo\/\"><h2 class=\"content__title\">Lei que poder\u00e1 prejudicar Uber \u00e9 aprovada na Calif\u00f3rnia<\/h2><\/a><div class=\"newsContent__article__meta\"><div class=\"newsContent__article__meta__authorBox\"><a href=\"https:\/\/www.suno.com.br\/noticias\/author\/poliana-santos\/\" class=\"authorBox__avatar noMobi\"><img src=\"https:\/\/files.sunoresearch.com.br\/n\/uploads\/2020\/08\/7ef34026-whatsapp-image-2020-08-03-at-12.37.57-150x150.webp\" alt=\"Poliana Santos\"><\/a><div class=\"authorBox__name\"><span>por\n\t\t\t<a href=\"https:\/\/www.suno.com.br\/noticias\/author\/poliana-santos\/\"><span itemprop=\"author\">Poliana Santos<\/span><\/a><\/span><time datetime=\"2019-09-11T11:58:08-03:00\" itemprop=\"datePublished\">11\/09\/2019 11:58<\/time><\/div><\/div><\/div><\/div><\/div>","single_layout":"posts","amp_enabled":true,"_links":{"self":[{"href":"https:\/\/www.suno.com.br\/noticias\/wp-json\/wp\/v2\/posts\/37154"}],"collection":[{"href":"https:\/\/www.suno.com.br\/noticias\/wp-json\/wp\/v2\/posts"}],"about":[{"href":"https:\/\/www.suno.com.br\/noticias\/wp-json\/wp\/v2\/types\/post"}],"author":[{"embeddable":true,"href":"https:\/\/www.suno.com.br\/noticias\/wp-json\/wp\/v2\/users\/15"}],"replies":[{"embeddable":true,"href":"https:\/\/www.suno.com.br\/noticias\/wp-json\/wp\/v2\/comments?post=37154"}],"version-history":[{"count":0,"href":"https:\/\/www.suno.com.br\/noticias\/wp-json\/wp\/v2\/posts\/37154\/revisions"}],"wp:featuredmedia":[{"embeddable":true,"href":"https:\/\/www.suno.com.br\/noticias\/wp-json\/wp\/v2\/media\/4409"}],"wp:attachment":[{"href":"https:\/\/www.suno.com.br\/noticias\/wp-json\/wp\/v2\/media?parent=37154"}],"wp:term":[{"taxonomy":"category","embeddable":true,"href":"https:\/\/www.suno.com.br\/noticias\/wp-json\/wp\/v2\/categories?post=37154"},{"taxonomy":"post_tag","embeddable":true,"href":"https:\/\/www.suno.com.br\/noticias\/wp-json\/wp\/v2\/tags?post=37154"},{"taxonomy":"suno_strategy","embeddable":true,"href":"https:\/\/www.suno.com.br\/noticias\/wp-json\/wp\/v2\/suno_strategy?post=37154"}],"curies":[{"name":"wp","href":"https:\/\/api.w.org\/{rel}","templated":true}]}}