{"id":371447,"date":"2023-03-03T11:03:29","date_gmt":"2023-03-03T14:03:29","guid":{"rendered":"https:\/\/www.suno.com.br\/noticias\/?p=371447"},"modified":"2023-03-03T12:55:51","modified_gmt":"2023-03-03T15:55:51","slug":"pix-mercado-capitais-portabilidade-fundos-entenda","status":"publish","type":"post","link":"https:\/\/www.suno.com.br\/noticias\/pix-mercado-capitais-portabilidade-fundos-entenda\/","title":{"rendered":"&#8220;Pix&#8221; do mercado de capitais permitir\u00e1 portabilidade direta entre fundos; saiba mais"},"content":{"rendered":"<p>O <em>Open Capital Market<\/em> (mercado de capital aberto, em tradu\u00e7\u00e3o livre) est\u00e1 previsto para ser anunciado ainda no primeiro semestre deste ano, segundo o presidente da <a class=\"suno-keyword\" target=\"_blank\" data-force=\"no\" data-priority=\"2\" href=\"https:\/\/www.suno.com.br\/artigos\/cvm\/\" rel=\"noopener\">Comiss\u00e3o de Valores Mobili\u00e1rios (CVM)<\/a>, Jo\u00e3o Pedro Nascimento. O executivo batizou essa novidade como o &#8220;<strong>Pix<\/strong>&#8221; do <a class=\"suno-keyword\" target=\"_blank\" data-force=\"no\" data-priority=\"1\" href=\"https:\/\/www.suno.com.br\/artigos\/mercado-de-capitais-conceito\/\" rel=\"noopener\">mercado de capitais<\/a>.<\/p><div class=\"videoFull \">\n\t\t\t<div class=\"videoWrapper yt-lazyload center\"\n\t\t\t\tdata-width=\"960\"\n\t\t\t\tdata-height=\"540\"\n\t\t\t\tdata-id=\"1Nna5HHcI0w\"\n\t\t\t\tdata-alt=\"V\u00eddeo do YouTube - clique para reproduzir\"\n\t\t\t\tdata-logo=\"3\"\n\t\t\t\tdata-imagequality=\"maxres\">\n\t\t\t<\/div>\n\t\t<\/div><script type=\"application\/ld+json\">{\"@context\":\"https:\/\/schema.org\",\"@type\":\"VideoObject\",\"name\":\"LUCRO DA PETROBRAS (PETR4) SOBE 37%; dividendos bilion\u00e1rios | Oi (OIBR3) em recupera\u00e7\u00e3o judicial\",\"description\":\"\ud83d\udcda \ud83d\udcb8 \ud83d\udcca \ud835\udde3\ud835\udddf\ud835\uddd4\ud835\udde1\ud835\udddc\ud835\udddf\ud835\udddb\ud835\uddd4 \ud835\uddd7\ud835\uddd8 \ud835\uddd6\ud835\udde2\ud835\udde1\ud835\udde7\ud835\udde5\ud835\udde2\ud835\udddf\ud835\uddd8 \ud835\uddd9\ud835\udddc\ud835\udde1\ud835\uddd4\ud835\udde1\ud835\uddd6\ud835\uddd8\ud835\udddc\ud835\udde5\ud835\udde2: \ud835\uddd5\ud835\uddee\ud835\uddf6\ud835\ude05\ud835\uddf2 \ud835\uddee \ud835\uddfd\ud835\uddf9\ud835\uddee\ud835\uddfb\ud835\uddf6\ud835\uddf9\ud835\uddf5\ud835\uddee AGORA antes que acabe! \ud83d\udc49 https:\/\/lp.suno.com.br\/planilha-da-vida-financeira\/?utm_source=youtube.noticias&utm_medium=live&utm_campaign=planilhadavidafinanceira.20221128&utm_content=ytnoticias.morning.02122022 #livedas19h #Not\u00edcias #petrobras #petr4 #dividendos #petr3 #balan\u00e7os #oi #oibr3 #recupera\u00e7\u00e3ojudicial #mercadofinanceiro #investimentos #ibovespa #ibovespahoje \ud83d\udd34\ud835\udc08\ud835\udc0d\ud835\udc12\ud835\udc02\ud835\udc11\ud835\udc04\ud835\udc15\ud835\udc00-\ud835\udc12\ud835\udc04 \ud835\udc0d\ud835\udc0e \ud835\udc02\ud835\udc00\ud835\udc0d\ud835\udc00\ud835\udc0b \ud835\udc04 \ud835\udc00\ud835\udc13\ud835\udc08\ud835\udc15\ud835\udc04 \ud835\udc0e \ud835\udc12\ud835\udc08\ud835\udc0d\ud835\udc0e \ud83d\udc47 https:\/\/bit.ly\/INSCREVA-SEATIVEOSINO \u23f1\u1d0d\u026a\u0274\u1d1c\u1d1b\u1d00\u0262\u1d07\u1d0d 00:00 Abertura 02:36 Lucro da Petrobras #petr4 sobe 37% no quarto trimestre e chega a\u2026\",\"duration\":\"PT47M48S\",\"embedUrl\":\"https:\/\/www.youtube.com\/embed\/1Nna5HHcI0w\",\"regionsAllowed\":\"pt-BR\",\"interactionStatistic\":{\"@type\":\"InteractionCounter\",\"interactionType\":{\"@type\":\"WatchAction\"},\"userInteractionCount\":6182},\"thumbnailUrl\":\"https:\/\/i.ytimg.com\/vi\/1Nna5HHcI0w\/default.jpg\",\"uploadDate\":\"2023-03-02T22:59:56Z\"}<\/script>\n\n\n\n\n\t<p>\n\t\t<a href=\"\" target=\"_blank\" data-element=\"shortcode-suno-banner\" title=\"Banner SUNO, clique e saiba mais\">\n\t\t\t<picture>\n\t\t\t\t<source media=\"(max-width: 500px)\" srcset=\"\">\n\t\t\t\t<img class=\"newsContent__article__imgCapa newsContent__article__imgCapa--banner\"\n\t\t\t\t\tsrc=\"\"\n\t\t\t\t\tdata-promo-id=\"240038\"\t\t\t\t\t\t\t\t\t\t\t\t\t\t\talt=\"\"\n\t\t\t\t>\n\t\t\t<\/picture>\n\t\t<\/a>\n\t<\/p>\n\n\n\n\n\n<p>&#8220;Vamos criar um mecanismo para a transfer\u00eancia entre corretoras dos investimentos que os investidores t\u00eam em rela\u00e7\u00e3o aos fundos com simplicidade, na palma da m\u00e3o, pelo uso do celular&#8221;, destacou o presidente da<strong> CVM<\/strong> em um evento realizado na quinta (2) em S\u00e3o Paulo.<\/p>\n\n\n\n<p>De acordo com informa\u00e7\u00f5es publicadas pela Folha de S\u00e3o Paulo, com essa novidade, os <strong>investidores <\/strong>poder\u00e3o transferir diretamente os recursos investidos em fundos de investimentos de diferentes bancos e corretoras.<\/p>\n\n\n\t<p>\n\t\t<a href=\"https:\/\/lp.suno.com.br\/planilha-controle-gastos\/\" target=\"_blank\" data-element=\"shortcode-suno-banner\" title=\"Banner SUNO, clique e saiba mais\">\n\t\t\t<picture>\n\t\t\t\t<source media=\"(max-width: 500px)\" srcset=\"https:\/\/files.sunoresearch.com.br\/n\/uploads\/2023\/03\/400x300-Planilha-controle-de-gastos.png\">\n\t\t\t\t<img class=\"newsContent__article__imgCapa newsContent__article__imgCapa--banner\"\n\t\t\t\t\tsrc=\"https:\/\/files.sunoresearch.com.br\/n\/uploads\/2023\/03\/1420x240-Planilha-controle-de-gastos.png\"\n\t\t\t\t\tdata-promo-id=\"101751\"\t\t\t\t\t\t\t\t\t\twidth='1420' height='240'\t\t\t\t\talt=\"https:\/\/files.sunoresearch.com.br\/n\/uploads\/2023\/03\/1420x240-Planilha-controle-de-gastos.png\"\n\t\t\t\t>\n\t\t\t<\/picture>\n\t\t<\/a>\n\t<\/p>\n\n\n\n\n\n<p>Atualmente, caso o investidor queira fazer essa migra\u00e7\u00e3o, ele precisa sacar os recursos de um fundo e reinvesti-los em outro, o que gera cobran\u00e7a do<strong> Imposto de Renda<\/strong>.<\/p>\n\n\n\n<blockquote class=\"wp-block-quote is-layout-flow wp-block-quote-is-layout-flow\">\n<p>O melhor est\u00e1 por vir. Espero ainda neste ano poder anunciar ao mercado, temos feito uma programa\u00e7\u00e3o para que aconte\u00e7a ainda no primeiro semestre, se tudo der certo em abril, o <strong>open capital market<\/strong>, que \u00e9 o terceiro bloco na inova\u00e7\u00e3o das finan\u00e7as descentralizadas.<\/p>\n<\/blockquote>\n\n\n\n<p>A medida chegar\u00e1 ap\u00f3s o <em>open banking<\/em> e o <em>open finance<\/em>, iniciativas feitas em parceria com o Banco Central.<\/p>\n\n\n\t<p>\n\t\t<a href=\"https:\/\/lp.suno.com.br\/planilha-da-vida-financeira\/\" target=\"_blank\" data-element=\"shortcode-suno-banner\" title=\"Banner SUNO, clique e saiba mais\">\n\t\t\t<picture>\n\t\t\t\t<source media=\"(max-width: 500px)\" srcset=\"https:\/\/files.sunoresearch.com.br\/n\/uploads\/2023\/04\/400x300-Planilha-vida-financeira-true.png\">\n\t\t\t\t<img class=\"newsContent__article__imgCapa newsContent__article__imgCapa--banner\"\n\t\t\t\t\tsrc=\"https:\/\/files.sunoresearch.com.br\/n\/uploads\/2023\/04\/1420x240-Planilha-vida-financeira-true.png\"\n\t\t\t\t\tdata-promo-id=\"106682\"\t\t\t\t\t\t\t\t\t\twidth='1420' height='240'\t\t\t\t\talt=\"https:\/\/files.sunoresearch.com.br\/n\/uploads\/2023\/04\/1420x240-Planilha-vida-financeira-true.png\"\n\t\t\t\t>\n\t\t\t<\/picture>\n\t\t<\/a>\n\t<\/p>\n\n\n\n\n\n<h2 class=\"wp-block-heading\" id=\"h-pix-dispara-em-setor-inusitado-da-economia-confira\">Pix dispara em setor inusitado da economia; confira<\/h2>\n\n\n\n<p>Uma das formas preferidas de <strong>pagamento dos brasileiros<\/strong> nos \u00faltimos anos, o Pix seguiu em crescimento durante o quarto trimestre de 2022. Contudo, segundo um mapeamento divulgado pelo <a class=\"suno-keyword\" target=\"_blank\" data-force=\"yes\" data-priority=\"2\" href=\"https:\/\/www.suno.com.br\/acoes\/ITUB4\/\" rel=\"noopener\">Ita\u00fa Unibanco (ITUB4)<\/a>, os pagamentos instant\u00e2neos dispararam 2.254% em um setor inusitado da economia: nas loterias e nos sites de aposta.<\/p>\n\n\n\t<div data-element=\"shortcode-read-more\" class=\"knowMore\">\n\t\t\t\t<span class=\"knowMore__title\">Leia mais<\/span>\n\t\t\t\t<a class=\"knowMore__link\" href=\"https:\/\/www.suno.com.br\/noticias\/pix-dispara-setor-economia-inusitado\/\">\n\t\t\tPIX dispara em setor inusitado da economia; confira\t\t<\/a>\n\t<\/div>\n\n\n\n\n<p>\u201cO Pix \u00e9 majoritariamente o principal meio de transa\u00e7\u00e3o desse setor. A modalidade \u00e9 incentivada por todas as empresas que prestam esse tipo de servi\u00e7o, principalmente pela instantaneidade da transa\u00e7\u00e3o e, muitas vezes, a natureza daquela aposta \u00e9 online\u201d, detalha Mario Miguel, diretor de Cart\u00f5es do Ita\u00fa Unibanco.<\/p>\n\n\n\n<p>O levantamento considera as <strong>transa\u00e7\u00f5es <\/strong>realizadas pelos&nbsp;clientes do Ita\u00fa Unibanco&nbsp;via cart\u00f5es e PIX e pelas vendas feitas com as solu\u00e7\u00f5es de pagamento da Rede, uma das subsidi\u00e1rias do banco.<\/p>\n\n\n\n<p>De acordo com os dados, no quarto trimestre de 2021, a quantidade transacionada pelos clientes do Ita\u00fa nas&nbsp;loterias e sites de aposta&nbsp;era dividida da seguinte forma: 67% via&nbsp;<a href=\"https:\/\/www.suno.com.br\/artigos\/cartao-de-debito\/\" target=\"_blank\" rel=\"noreferrer noopener\">cart\u00e3o de d\u00e9bito<\/a>, 32% via <strong>Pix<\/strong>, e 1% via cr\u00e9dito. No quarto trimestre de 2022, o cen\u00e1rio mudou completamente: 96% das transa\u00e7\u00f5es foram via Pix, 4% via d\u00e9bito, e 0% via cr\u00e9dito.<\/p>\n\n\n\t<p>\n\t\t<a href=\"https:\/\/lp.suno.com.br\/ebook-como-analisar-uma-acao\/\" target=\"_blank\" data-element=\"shortcode-suno-banner\" title=\"Banner SUNO, clique e saiba mais\">\n\t\t\t<picture>\n\t\t\t\t<source media=\"(max-width: 500px)\" srcset=\"https:\/\/files.sunoresearch.com.br\/n\/uploads\/2023\/03\/Ebook-Acoes-Mobile-1.jpg\">\n\t\t\t\t<img class=\"newsContent__article__imgCapa newsContent__article__imgCapa--banner\"\n\t\t\t\t\tsrc=\"https:\/\/files.sunoresearch.com.br\/n\/uploads\/2023\/03\/Ebook-Acoes-Desktop-1.jpg\"\n\t\t\t\t\tdata-promo-id=\"171998\"\t\t\t\t\t\t\t\t\t\twidth='1420' height='286'\t\t\t\t\talt=\"https:\/\/files.sunoresearch.com.br\/n\/uploads\/2023\/03\/Ebook-Acoes-Desktop-1.jpg\"\n\t\t\t\t>\n\t\t\t<\/picture>\n\t\t<\/a>\n\t<\/p>\n\n\n","protected":false},"excerpt":{"rendered":"<p>O Open Capital Market (mercado de capital aberto, em tradu\u00e7\u00e3o livre) est\u00e1 previsto para ser anunciado ainda no primeiro semestre deste ano, segundo o presidente da Comiss\u00e3o de Valores Mobili\u00e1rios (CVM), Jo\u00e3o Pedro Nascimento. O executivo batizou essa novidade como o &#8220;Pix&#8221; do mercado de capitais. &#8220;Vamos criar um mecanismo para a transfer\u00eancia entre corretoras [&hellip;]<\/p>\n","protected":false},"author":232,"featured_media":370109,"comment_status":"closed","ping_status":"closed","sticky":false,"template":"","format":"standard","meta":[],"categories":[62],"tags":[902,315,2637],"suno_strategy":[],"class_list":["post-371447","post","type-post","status-publish","format-standard","has-post-thumbnail","hentry","category-economia","tag-comissao-de-valores-mobiliarios-cvm","tag-fundos-imobiliarios-fiis","tag-pix"],"yoast_head":"<!-- This site is optimized with the Yoast SEO plugin v24.4 - https:\/\/yoast.com\/wordpress\/plugins\/seo\/ -->\n<title>&quot;Pix&quot; do mercado de capitais permitir\u00e1 portabilidade direta entre fundos<\/title>\n<meta name=\"description\" content=\"O Open Capital Market est\u00e1 previsto para ser anunciado ainda neste primeiro semestre e pode ser o Pix do mercado de capitais. Entenda!\" \/>\n<meta name=\"robots\" content=\"index, follow, max-snippet:-1, max-image-preview:large, max-video-preview:-1\" \/>\n<link rel=\"canonical\" href=\"https:\/\/www.suno.com.br\/noticias\/pix-mercado-capitais-portabilidade-fundos-entenda\/\" \/>\n<meta property=\"og:locale\" content=\"pt_BR\" \/>\n<meta property=\"og:type\" content=\"article\" \/>\n<meta property=\"og:title\" content=\"&quot;Pix&quot; do mercado de capitais permitir\u00e1 portabilidade direta entre fundos\" \/>\n<meta property=\"og:description\" content=\"O Open Capital Market est\u00e1 previsto para ser anunciado ainda neste primeiro semestre e pode ser o Pix do mercado de capitais. Entenda!\" \/>\n<meta property=\"og:url\" content=\"https:\/\/www.suno.com.br\/noticias\/pix-mercado-capitais-portabilidade-fundos-entenda\/\" \/>\n<meta property=\"og:site_name\" content=\"Suno Not\u00edcias\" \/>\n<meta property=\"article:publisher\" content=\"https:\/\/facebook.com\/sunoresearch\" \/>\n<meta property=\"og:image\" content=\"https:\/\/files.sunoresearch.com.br\/n\/uploads\/2023\/03\/chart-gd72913af3_1920.jpg\" \/>\n\t<meta property=\"og:image:width\" content=\"1920\" \/>\n\t<meta property=\"og:image:height\" content=\"1078\" \/>\n\t<meta property=\"og:image:type\" content=\"image\/jpeg\" \/>\n<meta name=\"author\" content=\"Erick Matheus Nery\" \/>\n<meta name=\"twitter:card\" content=\"summary_large_image\" \/>\n<meta name=\"twitter:creator\" content=\"@sunoresearch\" \/>\n<meta name=\"twitter:site\" content=\"@sunoresearch\" \/>\n<meta name=\"twitter:label1\" content=\"Escrito por\" \/>\n\t<meta name=\"twitter:data1\" content=\"Erick Matheus Nery\" \/>\n\t<meta name=\"twitter:label2\" content=\"Est. tempo de leitura\" \/>\n\t<meta name=\"twitter:data2\" content=\"3 minutos\" \/>\n<script type=\"application\/ld+json\" class=\"yoast-schema-graph\">{\"@context\":\"https:\/\/schema.org\",\"@graph\":[{\"@type\":\"NewsArticle\",\"@id\":\"https:\/\/www.suno.com.br\/noticias\/pix-mercado-capitais-portabilidade-fundos-entenda\/#article\",\"isPartOf\":{\"@id\":\"https:\/\/www.suno.com.br\/noticias\/pix-mercado-capitais-portabilidade-fundos-entenda\/\"},\"author\":{\"name\":\"Erick Matheus Nery\",\"@id\":\"https:\/\/www.suno.com.br\/noticias\/#\/schema\/person\/6899bc3f19d1a7315f807131c2c013a0\"},\"headline\":\"&#8220;Pix&#8221; do mercado de capitais permitir\u00e1 portabilidade direta entre fundos; saiba mais\",\"datePublished\":\"2023-03-03T14:03:29+00:00\",\"dateModified\":\"2023-03-03T15:55:51+00:00\",\"mainEntityOfPage\":{\"@id\":\"https:\/\/www.suno.com.br\/noticias\/pix-mercado-capitais-portabilidade-fundos-entenda\/\"},\"wordCount\":458,\"publisher\":{\"@id\":\"https:\/\/www.suno.com.br\/noticias\/#organization\"},\"image\":{\"@id\":\"https:\/\/www.suno.com.br\/noticias\/pix-mercado-capitais-portabilidade-fundos-entenda\/#primaryimage\"},\"thumbnailUrl\":\"https:\/\/files.sunoresearch.com.br\/n\/uploads\/2023\/03\/chart-gd72913af3_1920-e1692625644123.jpg\",\"keywords\":[\"Comiss\u00e3o de Valores Mobili\u00e1rios (CVM)\",\"Fundos Imobili\u00e1rios (FIIs)\",\"PIX\"],\"articleSection\":[\"Economia\"],\"inLanguage\":\"pt-BR\"},{\"@type\":\"WebPage\",\"@id\":\"https:\/\/www.suno.com.br\/noticias\/pix-mercado-capitais-portabilidade-fundos-entenda\/\",\"url\":\"https:\/\/www.suno.com.br\/noticias\/pix-mercado-capitais-portabilidade-fundos-entenda\/\",\"name\":\"\\\"Pix\\\" do mercado de capitais permitir\u00e1 portabilidade direta entre fundos\",\"isPartOf\":{\"@id\":\"https:\/\/www.suno.com.br\/noticias\/#website\"},\"primaryImageOfPage\":{\"@id\":\"https:\/\/www.suno.com.br\/noticias\/pix-mercado-capitais-portabilidade-fundos-entenda\/#primaryimage\"},\"image\":{\"@id\":\"https:\/\/www.suno.com.br\/noticias\/pix-mercado-capitais-portabilidade-fundos-entenda\/#primaryimage\"},\"thumbnailUrl\":\"https:\/\/files.sunoresearch.com.br\/n\/uploads\/2023\/03\/chart-gd72913af3_1920-e1692625644123.jpg\",\"datePublished\":\"2023-03-03T14:03:29+00:00\",\"dateModified\":\"2023-03-03T15:55:51+00:00\",\"description\":\"O Open Capital Market est\u00e1 previsto para ser anunciado ainda neste primeiro semestre e pode ser o Pix do mercado de capitais. Entenda!\",\"breadcrumb\":{\"@id\":\"https:\/\/www.suno.com.br\/noticias\/pix-mercado-capitais-portabilidade-fundos-entenda\/#breadcrumb\"},\"inLanguage\":\"pt-BR\",\"potentialAction\":[{\"@type\":\"ReadAction\",\"target\":[\"https:\/\/www.suno.com.br\/noticias\/pix-mercado-capitais-portabilidade-fundos-entenda\/\"]}]},{\"@type\":\"ImageObject\",\"inLanguage\":\"pt-BR\",\"@id\":\"https:\/\/www.suno.com.br\/noticias\/pix-mercado-capitais-portabilidade-fundos-entenda\/#primaryimage\",\"url\":\"https:\/\/files.sunoresearch.com.br\/n\/uploads\/2023\/03\/chart-gd72913af3_1920-e1692625644123.jpg\",\"contentUrl\":\"https:\/\/files.sunoresearch.com.br\/n\/uploads\/2023\/03\/chart-gd72913af3_1920-e1692625644123.jpg\",\"width\":1200,\"height\":674,\"caption\":\"Ibovespa. Foto: Pixabay\"},{\"@type\":\"BreadcrumbList\",\"@id\":\"https:\/\/www.suno.com.br\/noticias\/pix-mercado-capitais-portabilidade-fundos-entenda\/#breadcrumb\",\"itemListElement\":[{\"@type\":\"ListItem\",\"position\":1,\"name\":\"Not\u00edcias\",\"item\":\"https:\/\/www.suno.com.br\/noticias\/\"},{\"@type\":\"ListItem\",\"position\":2,\"name\":\"Economia\",\"item\":\"https:\/\/www.suno.com.br\/noticias\/economia\/\"},{\"@type\":\"ListItem\",\"position\":3,\"name\":\"&#8220;Pix&#8221; do mercado de capitais permitir\u00e1 portabilidade direta entre fundos; saiba mais\"}]},{\"@type\":\"WebSite\",\"@id\":\"https:\/\/www.suno.com.br\/noticias\/#website\",\"url\":\"https:\/\/www.suno.com.br\/noticias\/\",\"name\":\"Suno Not\u00edcias\",\"description\":\"Seu portal de informa\u00e7\u00e3o sobre o mundo dos investimentos\",\"publisher\":{\"@id\":\"https:\/\/www.suno.com.br\/noticias\/#organization\"},\"potentialAction\":[{\"@type\":\"SearchAction\",\"target\":{\"@type\":\"EntryPoint\",\"urlTemplate\":\"https:\/\/www.suno.com.br\/noticias\/?s={search_term_string}\"},\"query-input\":{\"@type\":\"PropertyValueSpecification\",\"valueRequired\":true,\"valueName\":\"search_term_string\"}}],\"inLanguage\":\"pt-BR\"},{\"@type\":\"Organization\",\"@id\":\"https:\/\/www.suno.com.br\/noticias\/#organization\",\"name\":\"Suno Not\u00edcias\",\"url\":\"https:\/\/www.suno.com.br\/noticias\/\",\"logo\":{\"@type\":\"ImageObject\",\"inLanguage\":\"pt-BR\",\"@id\":\"https:\/\/www.suno.com.br\/noticias\/#\/schema\/logo\/image\/\",\"url\":\"https:\/\/files.sunoresearch.com.br\/n\/uploads\/2021\/09\/suno-logo.png\",\"contentUrl\":\"https:\/\/files.sunoresearch.com.br\/n\/uploads\/2021\/09\/suno-logo.png\",\"width\":180,\"height\":180,\"caption\":\"Suno Not\u00edcias\"},\"image\":{\"@id\":\"https:\/\/www.suno.com.br\/noticias\/#\/schema\/logo\/image\/\"},\"sameAs\":[\"https:\/\/facebook.com\/sunoresearch\",\"https:\/\/x.com\/sunoresearch\",\"https:\/\/www.instagram.com\/suno\",\"https:\/\/www.linkedin.com\/company\/suno-research\/\",\"https:\/\/www.youtube.com\/c\/sunoresearch\"]},{\"@type\":\"Person\",\"@id\":\"https:\/\/www.suno.com.br\/noticias\/#\/schema\/person\/6899bc3f19d1a7315f807131c2c013a0\",\"name\":\"Erick Matheus Nery\",\"image\":{\"@type\":\"ImageObject\",\"inLanguage\":\"pt-BR\",\"@id\":\"https:\/\/www.suno.com.br\/noticias\/#\/schema\/person\/image\/\",\"url\":\"https:\/\/secure.gravatar.com\/avatar\/518ddffe438ccb767782d372a66304d2?s=96&r=g\",\"contentUrl\":\"https:\/\/secure.gravatar.com\/avatar\/518ddffe438ccb767782d372a66304d2?s=96&r=g\",\"caption\":\"Erick Matheus Nery\"},\"description\":\"Formado em Jornalismo pela Universidade Federal do Par\u00e1 (UFPA), conta com extens\u00e3o em Jornalismo Econ\u00f4mico pela Funda\u00e7\u00e3o Get\u00falio Vargas (FGV). No Suno Not\u00edcias, atua como rep\u00f3rter de Mercado, com foco nos setores de telecomunica\u00e7\u00f5es, varejo, alimentos e renda fixa. Conta com passagens pelo jornal O Estado de S\u00e3o Paulo, como trainee de Jornalismo Econ\u00f4mico, e pelo site Not\u00edcias da TV.\",\"url\":\"https:\/\/www.suno.com.br\/noticias\/author\/erick-nery\/\"}]}<\/script>\n<!-- \/ Yoast SEO plugin. -->","yoast_head_json":{"title":"\"Pix\" do mercado de capitais permitir\u00e1 portabilidade direta entre fundos","description":"O Open Capital Market est\u00e1 previsto para ser anunciado ainda neste primeiro semestre e pode ser o Pix do mercado de capitais. Entenda!","robots":{"index":"index","follow":"follow","max-snippet":"max-snippet:-1","max-image-preview":"max-image-preview:large","max-video-preview":"max-video-preview:-1"},"canonical":"https:\/\/www.suno.com.br\/noticias\/pix-mercado-capitais-portabilidade-fundos-entenda\/","og_locale":"pt_BR","og_type":"article","og_title":"\"Pix\" do mercado de capitais permitir\u00e1 portabilidade direta entre fundos","og_description":"O Open Capital Market est\u00e1 previsto para ser anunciado ainda neste primeiro semestre e pode ser o Pix do mercado de capitais. Entenda!","og_url":"https:\/\/www.suno.com.br\/noticias\/pix-mercado-capitais-portabilidade-fundos-entenda\/","og_site_name":"Suno Not\u00edcias","article_publisher":"https:\/\/facebook.com\/sunoresearch","og_image":[{"width":1920,"height":1078,"url":"https:\/\/files.sunoresearch.com.br\/n\/uploads\/2023\/03\/chart-gd72913af3_1920.jpg","type":"image\/jpeg"}],"author":"Erick Matheus Nery","twitter_card":"summary_large_image","twitter_creator":"@sunoresearch","twitter_site":"@sunoresearch","twitter_misc":{"Escrito por":"Erick Matheus Nery","Est. tempo de leitura":"3 minutos"},"schema":{"@context":"https:\/\/schema.org","@graph":[{"@type":"NewsArticle","@id":"https:\/\/www.suno.com.br\/noticias\/pix-mercado-capitais-portabilidade-fundos-entenda\/#article","isPartOf":{"@id":"https:\/\/www.suno.com.br\/noticias\/pix-mercado-capitais-portabilidade-fundos-entenda\/"},"author":{"name":"Erick Matheus Nery","@id":"https:\/\/www.suno.com.br\/noticias\/#\/schema\/person\/6899bc3f19d1a7315f807131c2c013a0"},"headline":"&#8220;Pix&#8221; do mercado de capitais permitir\u00e1 portabilidade direta entre fundos; saiba mais","datePublished":"2023-03-03T14:03:29+00:00","dateModified":"2023-03-03T15:55:51+00:00","mainEntityOfPage":{"@id":"https:\/\/www.suno.com.br\/noticias\/pix-mercado-capitais-portabilidade-fundos-entenda\/"},"wordCount":458,"publisher":{"@id":"https:\/\/www.suno.com.br\/noticias\/#organization"},"image":{"@id":"https:\/\/www.suno.com.br\/noticias\/pix-mercado-capitais-portabilidade-fundos-entenda\/#primaryimage"},"thumbnailUrl":"https:\/\/files.sunoresearch.com.br\/n\/uploads\/2023\/03\/chart-gd72913af3_1920-e1692625644123.jpg","keywords":["Comiss\u00e3o de Valores Mobili\u00e1rios (CVM)","Fundos Imobili\u00e1rios (FIIs)","PIX"],"articleSection":["Economia"],"inLanguage":"pt-BR"},{"@type":"WebPage","@id":"https:\/\/www.suno.com.br\/noticias\/pix-mercado-capitais-portabilidade-fundos-entenda\/","url":"https:\/\/www.suno.com.br\/noticias\/pix-mercado-capitais-portabilidade-fundos-entenda\/","name":"\"Pix\" do mercado de capitais permitir\u00e1 portabilidade direta entre fundos","isPartOf":{"@id":"https:\/\/www.suno.com.br\/noticias\/#website"},"primaryImageOfPage":{"@id":"https:\/\/www.suno.com.br\/noticias\/pix-mercado-capitais-portabilidade-fundos-entenda\/#primaryimage"},"image":{"@id":"https:\/\/www.suno.com.br\/noticias\/pix-mercado-capitais-portabilidade-fundos-entenda\/#primaryimage"},"thumbnailUrl":"https:\/\/files.sunoresearch.com.br\/n\/uploads\/2023\/03\/chart-gd72913af3_1920-e1692625644123.jpg","datePublished":"2023-03-03T14:03:29+00:00","dateModified":"2023-03-03T15:55:51+00:00","description":"O Open Capital Market est\u00e1 previsto para ser anunciado ainda neste primeiro semestre e pode ser o Pix do mercado de capitais. Entenda!","breadcrumb":{"@id":"https:\/\/www.suno.com.br\/noticias\/pix-mercado-capitais-portabilidade-fundos-entenda\/#breadcrumb"},"inLanguage":"pt-BR","potentialAction":[{"@type":"ReadAction","target":["https:\/\/www.suno.com.br\/noticias\/pix-mercado-capitais-portabilidade-fundos-entenda\/"]}]},{"@type":"ImageObject","inLanguage":"pt-BR","@id":"https:\/\/www.suno.com.br\/noticias\/pix-mercado-capitais-portabilidade-fundos-entenda\/#primaryimage","url":"https:\/\/files.sunoresearch.com.br\/n\/uploads\/2023\/03\/chart-gd72913af3_1920-e1692625644123.jpg","contentUrl":"https:\/\/files.sunoresearch.com.br\/n\/uploads\/2023\/03\/chart-gd72913af3_1920-e1692625644123.jpg","width":1200,"height":674,"caption":"Ibovespa. Foto: Pixabay"},{"@type":"BreadcrumbList","@id":"https:\/\/www.suno.com.br\/noticias\/pix-mercado-capitais-portabilidade-fundos-entenda\/#breadcrumb","itemListElement":[{"@type":"ListItem","position":1,"name":"Not\u00edcias","item":"https:\/\/www.suno.com.br\/noticias\/"},{"@type":"ListItem","position":2,"name":"Economia","item":"https:\/\/www.suno.com.br\/noticias\/economia\/"},{"@type":"ListItem","position":3,"name":"&#8220;Pix&#8221; do mercado de capitais permitir\u00e1 portabilidade direta entre fundos; saiba mais"}]},{"@type":"WebSite","@id":"https:\/\/www.suno.com.br\/noticias\/#website","url":"https:\/\/www.suno.com.br\/noticias\/","name":"Suno Not\u00edcias","description":"Seu portal de informa\u00e7\u00e3o sobre o mundo dos investimentos","publisher":{"@id":"https:\/\/www.suno.com.br\/noticias\/#organization"},"potentialAction":[{"@type":"SearchAction","target":{"@type":"EntryPoint","urlTemplate":"https:\/\/www.suno.com.br\/noticias\/?s={search_term_string}"},"query-input":{"@type":"PropertyValueSpecification","valueRequired":true,"valueName":"search_term_string"}}],"inLanguage":"pt-BR"},{"@type":"Organization","@id":"https:\/\/www.suno.com.br\/noticias\/#organization","name":"Suno Not\u00edcias","url":"https:\/\/www.suno.com.br\/noticias\/","logo":{"@type":"ImageObject","inLanguage":"pt-BR","@id":"https:\/\/www.suno.com.br\/noticias\/#\/schema\/logo\/image\/","url":"https:\/\/files.sunoresearch.com.br\/n\/uploads\/2021\/09\/suno-logo.png","contentUrl":"https:\/\/files.sunoresearch.com.br\/n\/uploads\/2021\/09\/suno-logo.png","width":180,"height":180,"caption":"Suno Not\u00edcias"},"image":{"@id":"https:\/\/www.suno.com.br\/noticias\/#\/schema\/logo\/image\/"},"sameAs":["https:\/\/facebook.com\/sunoresearch","https:\/\/x.com\/sunoresearch","https:\/\/www.instagram.com\/suno","https:\/\/www.linkedin.com\/company\/suno-research\/","https:\/\/www.youtube.com\/c\/sunoresearch"]},{"@type":"Person","@id":"https:\/\/www.suno.com.br\/noticias\/#\/schema\/person\/6899bc3f19d1a7315f807131c2c013a0","name":"Erick Matheus Nery","image":{"@type":"ImageObject","inLanguage":"pt-BR","@id":"https:\/\/www.suno.com.br\/noticias\/#\/schema\/person\/image\/","url":"https:\/\/secure.gravatar.com\/avatar\/518ddffe438ccb767782d372a66304d2?s=96&r=g","contentUrl":"https:\/\/secure.gravatar.com\/avatar\/518ddffe438ccb767782d372a66304d2?s=96&r=g","caption":"Erick Matheus Nery"},"description":"Formado em Jornalismo pela Universidade Federal do Par\u00e1 (UFPA), conta com extens\u00e3o em Jornalismo Econ\u00f4mico pela Funda\u00e7\u00e3o Get\u00falio Vargas (FGV). No Suno Not\u00edcias, atua como rep\u00f3rter de Mercado, com foco nos setores de telecomunica\u00e7\u00f5es, varejo, alimentos e renda fixa. Conta com passagens pelo jornal O Estado de S\u00e3o Paulo, como trainee de Jornalismo Econ\u00f4mico, e pelo site Not\u00edcias da TV.","url":"https:\/\/www.suno.com.br\/noticias\/author\/erick-nery\/"}]}},"default_loop_html":"<div class=\"cardsPage__listCard__boxs\"><div class=\"cardsPage__listCard__boxs__img\"><a href=\"https:\/\/www.suno.com.br\/noticias\/pix-mercado-capitais-portabilidade-fundos-entenda\/\"><img class=\"mask\" src=\"https:\/\/www.suno.com.br\/noticias\/wp-content\/themes\/suno\/resources\/images\/spotlight\/spotlight1img\/bg-mask.png\" alt=\"Image Mask\"\/><img src=\"https:\/\/files.sunoresearch.com.br\/n\/uploads\/2023\/03\/chart-gd72913af3_1920-e1692625644123-400x200.jpg\" alt=\"&#8220;Pix&#8221; do mercado de capitais permitir\u00e1 portabilidade direta entre fundos; saiba mais\"\/><\/a><span class=\"spotlightCategory\"><a href=\"https:\/\/www.suno.com.br\/noticias\/economia\/\">Economia<\/a><\/span><\/div><div class=\"cardsPage__listCard__boxs__content\"><a href=\"https:\/\/www.suno.com.br\/noticias\/pix-mercado-capitais-portabilidade-fundos-entenda\/\"><h2 class=\"content__title\">&#8220;Pix&#8221; do mercado de capitais permitir\u00e1 portabilidade direta entre fundos; saiba mais<\/h2><\/a><div class=\"newsContent__article__meta\"><div class=\"newsContent__article__meta__authorBox\"><a href=\"https:\/\/www.suno.com.br\/noticias\/author\/erick-nery\/\" class=\"authorBox__avatar noMobi\"><img src=\"https:\/\/secure.gravatar.com\/avatar\/518ddffe438ccb767782d372a66304d2?s=96&#038;r=g\" alt=\"Erick Matheus Nery\"><\/a><div class=\"authorBox__name\"><span>por\n\t\t\t<a href=\"https:\/\/www.suno.com.br\/noticias\/author\/erick-nery\/\"><span itemprop=\"author\">Erick Matheus Nery<\/span><\/a><\/span><time datetime=\"2023-03-03T11:03:29-03:00\" itemprop=\"datePublished\">03\/03\/2023 11:03<\/time><\/div><\/div><\/div><\/div><\/div>","single_layout":"posts","amp_enabled":true,"_links":{"self":[{"href":"https:\/\/www.suno.com.br\/noticias\/wp-json\/wp\/v2\/posts\/371447"}],"collection":[{"href":"https:\/\/www.suno.com.br\/noticias\/wp-json\/wp\/v2\/posts"}],"about":[{"href":"https:\/\/www.suno.com.br\/noticias\/wp-json\/wp\/v2\/types\/post"}],"author":[{"embeddable":true,"href":"https:\/\/www.suno.com.br\/noticias\/wp-json\/wp\/v2\/users\/232"}],"replies":[{"embeddable":true,"href":"https:\/\/www.suno.com.br\/noticias\/wp-json\/wp\/v2\/comments?post=371447"}],"version-history":[{"count":3,"href":"https:\/\/www.suno.com.br\/noticias\/wp-json\/wp\/v2\/posts\/371447\/revisions"}],"predecessor-version":[{"id":371543,"href":"https:\/\/www.suno.com.br\/noticias\/wp-json\/wp\/v2\/posts\/371447\/revisions\/371543"}],"wp:featuredmedia":[{"embeddable":true,"href":"https:\/\/www.suno.com.br\/noticias\/wp-json\/wp\/v2\/media\/370109"}],"wp:attachment":[{"href":"https:\/\/www.suno.com.br\/noticias\/wp-json\/wp\/v2\/media?parent=371447"}],"wp:term":[{"taxonomy":"category","embeddable":true,"href":"https:\/\/www.suno.com.br\/noticias\/wp-json\/wp\/v2\/categories?post=371447"},{"taxonomy":"post_tag","embeddable":true,"href":"https:\/\/www.suno.com.br\/noticias\/wp-json\/wp\/v2\/tags?post=371447"},{"taxonomy":"suno_strategy","embeddable":true,"href":"https:\/\/www.suno.com.br\/noticias\/wp-json\/wp\/v2\/suno_strategy?post=371447"}],"curies":[{"name":"wp","href":"https:\/\/api.w.org\/{rel}","templated":true}]}}