{"id":371268,"date":"2023-03-02T22:16:40","date_gmt":"2023-03-03T01:16:40","guid":{"rendered":"https:\/\/www.suno.com.br\/noticias\/?p=371268"},"modified":"2023-03-02T22:16:54","modified_gmt":"2023-03-03T01:16:54","slug":"radar-via-viia3-magazine-luiza-mglu3-caixa-seguridade-cxse3-oi-oibr3","status":"publish","type":"post","link":"https:\/\/www.suno.com.br\/noticias\/radar-via-viia3-magazine-luiza-mglu3-caixa-seguridade-cxse3-oi-oibr3\/","title":{"rendered":"Radar: Via (VIIA3) e Magalu (MGLU3) desabam na Bolsa, dividendos bilion\u00e1rios da Caixa Seguridade (CXSE3) e queda da Oi (OIBR3) ap\u00f3s nova recupera\u00e7\u00e3o judicial"},"content":{"rendered":"<p>Fevereiro aqueceu os foli\u00f5es por causa do Carnaval, mas teve um efeito contr\u00e1rio nas a\u00e7\u00f5es da&nbsp;<a href=\"https:\/\/suno.com.br\/acoes\/viia3\/\" target=\"_blank\" rel=\"noreferrer noopener\">Via (<strong>VIIA3<\/strong>)<\/a>&nbsp;e do&nbsp;<a href=\"https:\/\/www.suno.com.br\/acoes\/MGLU3\/\" target=\"_blank\" rel=\"noreferrer noopener\">Magazine Luiza (MGLU3)<\/a>. No \u00faltimo m\u00eas, os pap\u00e9is das varejistas desabaram 19,6% e 19%, respectivamente. O movimento ocorreu \u00e0s v\u00e9speras da divulga\u00e7\u00e3o dos balan\u00e7os do quarto trimestre de 2022, agendados para a pr\u00f3xima semana.<\/p>\t<div class=\"wrapper-featured-image\">\n\t\t<figure class=\"spotlightImg\">\n\n\t\t\t<picture>\n\t\t\t\t<source media=\"(max-width: 768px)\" srcset=\"https:\/\/files.sunoresearch.com.br\/n\/uploads\/2023\/02\/Via-400x200.jpg\">\n\t\t\t\t<img loading=\"lazy\" decoding=\"async\" class=\"newsContent__article__imgCapa lazyloadDisabled \" src=\"https:\/\/files.sunoresearch.com.br\/n\/uploads\/2023\/02\/Via-800x450.jpg\" width=\"800\" height=\"450\" alt=\"Radar: Via (VIIA3) e Magalu (MGLU3) desabam na Bolsa, dividendos bilion\u00e1rios da Caixa Seguridade (CXSE3) e queda da Oi (OIBR3) ap\u00f3s nova recupera\u00e7\u00e3o judicial\" fetchpriority=high \/>\n\t\t\t<\/picture>\n\n\t\t\t<figcaption class=\"wp-caption-text wp-caption-text--show\">Via (VIIA3). Foto: Divulga\u00e7\u00e3o<\/figcaption>\n\t\t<\/figure>\n\t<\/div>\n\n\n\n\n\n\t<p>\n\t\t<a href=\"\" target=\"_blank\" data-element=\"shortcode-suno-banner\" title=\"Banner SUNO, clique e saiba mais\">\n\t\t\t<picture>\n\t\t\t\t<source media=\"(max-width: 500px)\" srcset=\"\">\n\t\t\t\t<img class=\"newsContent__article__imgCapa newsContent__article__imgCapa--banner\"\n\t\t\t\t\tsrc=\"\"\n\t\t\t\t\tdata-promo-id=\"250707\"\t\t\t\t\t\t\t\t\t\t\t\t\t\t\talt=\"\"\n\t\t\t\t>\n\t\t\t<\/picture>\n\t\t<\/a>\n\t<\/p>\n\n\n\n\n\n\n\n<p>Para Georgia Jorge, analista do BB-BI, a queda das a\u00e7\u00f5es das duas principais&nbsp;<strong>varejistas<\/strong>&nbsp;do pa\u00eds foi motivada principalmente por fatores externos:<\/p>\n\n\n\n<p>&#8220;No caso de Via e Magazine Luiza, pesaram as discuss\u00f5es acerca da atua\u00e7\u00e3o mais austera do banco central americano [Federal Reserve, o Fed] para conter a infla\u00e7\u00e3o, o que impacta taxa de juros de longo prazo e companhias cuja tese \u00e9 de crescimento&#8221;.<\/p>\n\n\n\n<p>As empresas listadas na Bolsa com os tickers VIIA3 e&nbsp;<strong>MGLU3<\/strong>&nbsp;apresentam seus balan\u00e7os ao mercado na pr\u00f3xima quinta (9). Enquanto as empresas desabaram quase 20% em fevereiro, o Ibovespa caiu 7,5%.<\/p>\n\n\n\n<p>\u201cAcompanhando a queda da bolsa brasileira, o&nbsp;<strong>\u00cdndice de Consumo<\/strong>&nbsp;caiu 9,8%, performance inferior \u00e0 do Ibovespa, refletindo, em nossa opini\u00e3o, as discuss\u00f5es sobre a revis\u00e3o de&nbsp;<a href=\"https:\/\/www.suno.com.br\/artigos\/meta-de-inflacao\/\" target=\"_blank\" rel=\"noreferrer noopener\">meta de infla\u00e7\u00e3o<\/a>&nbsp;que tomaram corpo ao longo de fevereiro\u201d, complementa Georgia.<\/p>\n\n\n\n<p>No setor varejista, o maior tombo no \u00faltimo m\u00eas foi protagonizado pela Americanas (AMER3), que viu seus pap\u00e9is desvalorizarem 42,9% enquanto a companhia passa por uma recupera\u00e7\u00e3o judicial com d\u00edvidas bilion\u00e1rias.<\/p>\n\n\n\n<p>Na ponta positiva, as&nbsp;<a href=\"https:\/\/www.suno.com.br\/acoes\/LJQQ3\/\" target=\"_blank\" rel=\"noreferrer noopener\">Lojas Quero-Quero (LJQQ3)<\/a>&nbsp;e o Grupo&nbsp;<a href=\"https:\/\/www.suno.com.br\/acoes\/NTCO3\/\" target=\"_blank\" rel=\"noreferrer noopener\">Natura (NTCO3)<\/a>&nbsp;cresceram 8,1% e 5,3%, respectivamente, \u201crefletindo perspectivas positivas para a divulga\u00e7\u00e3o de resultados do 4T22\u201d.<\/p>\n\n\n\n<p>Al\u00e9m de <strong>Via <\/strong>e Magazine Luiza, confira outros destaques desta quinta-feira:<\/p>\n\n\n\n<h2 class=\"wp-block-heading\" id=\"h-lemann-e-socios-abrem-a-carteira-e-podem-aportar-r-10-bi-na-americanas-amer3\">Lemann e s\u00f3cios abrem a carteira e podem aportar R$ 10 bi na Americanas (AMER3)<\/h2>\n\n\n\n<ul class=\"wp-block-list\">\n<li>Os empres\u00e1rios e acionistas&nbsp;<a href=\"https:\/\/www.suno.com.br\/tudo-sobre\/jorge-paulo-lemann\/\" target=\"_blank\" rel=\"noreferrer noopener\">Jorge Paulo Lemann<\/a>,&nbsp;<a href=\"https:\/\/www.suno.com.br\/tudo-sobre\/marcel-herrmann-telles\/\" target=\"_blank\" rel=\"noreferrer noopener\">Marcel Telles<\/a>&nbsp;e&nbsp;<a href=\"https:\/\/www.suno.com.br\/tudo-sobre\/carlos-alberto-sicupira\/\" target=\"_blank\" rel=\"noreferrer noopener\">Beto Sicupira<\/a>&nbsp;podem aumentar o aporte financeiro na&nbsp;<strong>Americanas<\/strong>&nbsp;(<a href=\"https:\/\/suno.com.br\/acoes\/amer3\/\" target=\"_blank\" rel=\"noreferrer noopener\">AMER3<\/a>) para R$ 10 bilh\u00f5es. Segundo informa\u00e7\u00f5es divulgadas nesta quinta (2), com esse valor, os bancos aceitam abrir espa\u00e7o para as negocia\u00e7\u00f5es.<\/li>\n<\/ul>\n\n\n\n<ul class=\"wp-block-list\">\n<li>De acordo com informa\u00e7\u00f5es do jornal Valor Econ\u00f4mico, os&nbsp;<strong>bancos credores<\/strong>&nbsp;come\u00e7aram a enviar sinaliza\u00e7\u00f5es para uma retomada efetiva das negocia\u00e7\u00f5es. No m\u00eas passado, um representante do trio sugeriu uma capitaliza\u00e7\u00e3o de R$ 7 bilh\u00f5es, o que foi visto como \u201cp\u00e9ssimo e frustrante\u201d pelas&nbsp;<a href=\"https:\/\/www.suno.com.br\/artigos\/instituicoes-financeiras\/\" target=\"_blank\" rel=\"noreferrer noopener\">institui\u00e7\u00f5es financeiras<\/a>.<\/li>\n<\/ul>\n\n\n\n<ul class=\"wp-block-list\">\n<li>Fontes da reportagem afirmaram que, nos \u00faltimos dias, houve indica\u00e7\u00f5es de que essa proposta anterior seria turbinada com mais R$ 1,5 bilh\u00e3o e chegaria na faixa de R$ 8,5 bilh\u00f5es. Por\u00e9m, nesta tarde, os credores receberam um aceno de que o aporte pode ir para R$ 10 bilh\u00f5es.<\/li>\n<\/ul>\n\n\n\n<ul class=\"wp-block-list\">\n<li>Inicialmente, os bancos falavam que o aporte m\u00ednimo deveria ser de R$ 15 bilh\u00f5es. Nas \u00faltimas semanas, esse valor caiu para R$ 13 bilh\u00f5es e, agora, R$ 10 bilh\u00f5es \u00e9 visto como um ponto de partida aceit\u00e1vel para as negocia\u00e7\u00f5es andarem efetivamente.<\/li>\n<\/ul>\n\n\n\n<ul class=\"wp-block-list\">\n<li>Uma nova reuni\u00e3o conjunta com os&nbsp;<strong>credores da Americanas<\/strong>&nbsp;ainda n\u00e3o foi marcada, mas o Rothschild&amp;Co, que assessora a empresa durante a recupera\u00e7\u00e3o judicial, tem feito conversas individuais com cada banco e ocorreram \u201cavan\u00e7os\u201d, segundo interlocutores.<\/li>\n<\/ul>\n\n\n\n<h2 class=\"wp-block-heading\" id=\"h-caixa-seguridade-cxse3-propoe-pagamento-de-r-1-5-bi-em-dividendos-veja-o-valor-por-acao\">Caixa Seguridade (CXSE3) prop\u00f5e pagamento de R$ 1,5 bi em dividendos; veja o valor por a\u00e7\u00e3o<\/h2>\n\n\n\n<ul class=\"wp-block-list\">\n<li>O\u00a0<a href=\"https:\/\/www.suno.com.br\/artigos\/conselho-administracao\/\" target=\"_blank\" rel=\"noreferrer noopener\">Conselho de Administra\u00e7\u00e3o<\/a>\u00a0da\u00a0<strong>Caixa Seguridade<\/strong>\u00a0(<a href=\"https:\/\/www.suno.com.br\/acoes\/cxse3\/\">CXSE3<\/a>) aprovou nesta quinta (2) a proposta de pagamento no total de R$ 1,5 bilh\u00e3o em\u00a0<a href=\"https:\/\/www.suno.com.br\/guias\/dividendos\/\" target=\"_blank\" rel=\"noreferrer noopener\">dividendos<\/a>. Segundo\u00a0<a href=\"https:\/\/www.suno.com.br\/artigos\/fato-relevante\/\" target=\"_blank\" rel=\"noreferrer noopener\">fato relevante<\/a>\u00a0divulgado hoje, a\u00a0<a href=\"https:\/\/www.suno.com.br\/artigos\/assembleia-geral-ordinaria\/\" target=\"_blank\" rel=\"noreferrer noopener\">Assembleia Geral Ordin\u00e1ria<\/a>, prevista para 26 de abril de 2023, vai deliberar sobre essa distribui\u00e7\u00e3o dos proventos.<\/li>\n<\/ul>\n\n\n\n<ul class=\"wp-block-list\">\n<li>O pagamento dos\u00a0<strong>proventos da Caixa Seguridade<\/strong>\u00a0vai contemplar, de acordo com o documento enviado \u00e0 Comiss\u00e3o de Valores Mobili\u00e1rios (CVM), dividendos m\u00ednimos obrigat\u00f3rios no total de R$ 696.955.867,80 e dividendos adicionais propostos no valor de R$ 803.044.132,20.<\/li>\n<\/ul>\n\n\n\n<ul class=\"wp-block-list\">\n<li>\u201cO valor dos Dividendos M\u00ednimos Obrigat\u00f3rios somados aos Dividendos Adicionais Propostos, se aprovados, totalizar\u00e1 o montante de R$ 1.500.000.000,00\u201d, diz a empresa.<\/li>\n<\/ul>\n\n\n\n<ul class=\"wp-block-list\">\n<li>Os\u00a0<strong>dividendos da Caixa Seguridade<\/strong>\u00a0valer\u00e3o R$ 0,50 por a\u00e7\u00e3o.<\/li>\n<\/ul>\n\n\n\n<ul class=\"wp-block-list\">\n<li>Aprovada a proposta, os Dividendos M\u00ednimos Obrigat\u00f3rios e os Dividendos Adicionais Propostos ser\u00e3o pagos em 8 de maio de 2023.<\/li>\n<\/ul>\n\n\n\n<ul class=\"wp-block-list\">\n<li>Ter\u00e3o como base a posi\u00e7\u00e3o acion\u00e1ria de 27 de abril de 2023. As\u00a0<strong>a\u00e7\u00f5es da Caixa Seguridade<\/strong>\u00a0passar\u00e3o a ser negociadas sem direito aos dividendos a partir de 28 de abril de 2023.<\/li>\n<\/ul>\n\n\n\n<ul class=\"wp-block-list\">\n<li>\u201cEsclarece-se que os Dividendos M\u00ednimos Obrigat\u00f3rios ser\u00e3o atualizados pela\u00a0<a href=\"https:\/\/www.suno.com.br\/artigos\/taxa-selic\/\" target=\"_blank\" rel=\"noreferrer noopener\">taxa Selic<\/a>\u00a0da data do encerramento do\u00a0<a href=\"https:\/\/www.suno.com.br\/artigos\/exercicio-social\/\" target=\"_blank\" rel=\"noreferrer noopener\">exerc\u00edcio social<\/a>, em 31 de dezembro de 2022, at\u00e9 a data do pagamento (8 de maio de 2023). Haver\u00e1 reten\u00e7\u00e3o do imposto de renda na fonte sobre a atualiza\u00e7\u00e3o referida, de acordo<br>com a legisla\u00e7\u00e3o vigente\u201d, lembra a empresa.<\/li>\n<\/ul>\n\n\n\n<ul class=\"wp-block-list\">\n<li>\u201cA Proposta de Destina\u00e7\u00e3o de Resultados a ser submetida para a AGO prev\u00ea a distribui\u00e7\u00e3o equivalente a 91,8% do\u00a0<a href=\"https:\/\/www.suno.com.br\/artigos\/lucro-liquido\/\" target=\"_blank\" rel=\"noreferrer noopener\">lucro l\u00edquido<\/a>\u00a0ajustado do exerc\u00edcio de 2022 a t\u00edtulo de remunera\u00e7\u00e3o aos acionistas sob a forma de dividendos, totalizando o valor de R$ 2.558.341.420,47\u2033, detalha a Caixa Seguridade.<\/li>\n<\/ul>\n\n\n\n<h3 class=\"wp-block-heading\" id=\"h-proposta-de-dividendos-da-caixa-seguridade\">Proposta de dividendos da Caixa Seguridade:<\/h3>\n\n\n\n<ul class=\"wp-block-list\">\n<li><strong>Valor total:&nbsp;<\/strong>R$ 1.500.000.000,00<\/li>\n\n\n\n<li><strong>Valor por a\u00e7\u00e3o:<\/strong>&nbsp;R$ 0,50<\/li>\n\n\n\n<li><strong>Data do pagamento:<\/strong>&nbsp;8 de maio de 2023<\/li>\n\n\n\n<li><strong>Data de corte:<\/strong>&nbsp;27 de abril de 2023<\/li>\n<\/ul>\n\n\n\n<h2 class=\"wp-block-heading\" id=\"h-grendene-grnd3-distribuira-dividendos-bilionarios-confira-valor-por-acao\">Grendene (GRND3) distribuir\u00e1 dividendos bilion\u00e1rios; confira valor por a\u00e7\u00e3o<\/h2>\n\n\n\n<ul class=\"wp-block-list\">\n<li>O\u00a0<a href=\"https:\/\/www.suno.com.br\/artigos\/conselho-administracao\/\" target=\"_blank\" rel=\"noreferrer noopener\">conselho de administra\u00e7\u00e3o<\/a>\u00a0da<strong>\u00a0Grendene (GRND3)\u00a0<\/strong>aprovou hoje (2) o pagamento de proventos no valor de R$ 568 milh\u00f5es \u2014 sendo R$ 237,5 milh\u00f5es como\u00a0<a href=\"https:\/\/www.suno.com.br\/artigos\/entenda-o-jcp\/\" target=\"_blank\" rel=\"noreferrer noopener\">juros sobre capital pr\u00f3prio<\/a>\u00a0(JCP) e R$ 330,5 milh\u00f5es em dividendos. Junto a esse valor, segundo\u00a0<a href=\"https:\/\/www.suno.com.br\/artigos\/fato-relevante\/\" target=\"_blank\" rel=\"noreferrer noopener\">fato relevante<\/a>, a companhia far\u00e1 a distribui\u00e7\u00e3o adicional de R$ 1 bilh\u00e3o em dividendos, relativos ao per\u00edodo entre abril de 2016 e dezembro de 2022.<\/li>\n<\/ul>\n\n\n\n<ul class=\"wp-block-list\">\n<li>No comunicado, a Grendene destaca que o valor adicional \u00e9 referente \u00e0 decis\u00e3o do Tribunal Federal da 5\u00aa Regi\u00e3o, provenientes dos benef\u00edcios fiscais do ICMS. Segundo a empresa, o \u00f3rg\u00e3o reconheceu no final do ano passado o direito de a empresa n\u00e3o incluir valores correspondentes a benef\u00edcios fiscais concedidos pelo estado do Cear\u00e1 na base de c\u00e1lculo do IRPJ e da CSLL.<\/li>\n<\/ul>\n\n\n\n<ul class=\"wp-block-list\">\n<li>Desta forma, desconsiderando os valores que j\u00e1 foram pagos, o montante bruto a ser distribu\u00eddo aos acionistas da Grendene, j\u00e1 considerando as dedu\u00e7\u00f5es aplicadas, ser\u00e1 de R$ 1,1 bilh\u00e3o, o equivalente ao valor bruto por a\u00e7\u00e3o de R$ 1,2357.<\/li>\n<\/ul>\n\n\n\n<ul class=\"wp-block-list\">\n<li>Com pagamento previsto para 17 de maio de 2023, apenas os investidores com\u00a0<strong>pap\u00e9is da<\/strong>\u00a0<strong>Grendene (GRND3)<\/strong>\u00a0no dia 2 do referido m\u00eas poder\u00e3o receber os\u00a0<strong>dividendos<\/strong>. A partir do dia 3, as a\u00e7\u00f5es ser\u00e3o negociadas sem direito aos dividendos.<\/li>\n<\/ul>\n\n\n\n<ul class=\"wp-block-list\">\n<li>Segundo documento arquivado na\u00a0<a href=\"https:\/\/www.suno.com.br\/artigos\/cvm\/\" target=\"_blank\" rel=\"noreferrer noopener\">Comiss\u00e3o de Valores Mobili\u00e1rios (CVM)<\/a>, os\u00a0<strong>proventos da GRND3\u00a0<\/strong>fazem parte dos\u00a0<strong><a href=\"https:\/\/www.suno.com.br\/guias\/dividendos\/\" target=\"_blank\" rel=\"noreferrer noopener\">dividendos<\/a>\u00a0obrigat\u00f3rios<\/strong>\u00a0do exerc\u00edcio de 2022. Confira abaixo mais detalhes dos valores dos proventos.<\/li>\n<\/ul>\n\n\n\n<h2 class=\"wp-block-heading\" id=\"h-dividendos-e-jcp-da-grendene-grnd3\">Dividendos e JCP da Grendene (GRND3)<\/h2>\n\n\n\n<ul class=\"wp-block-list\">\n<li><strong>Valor total dos dividendos:<\/strong>&nbsp;R$ 1.004.546.897,71<\/li>\n\n\n\n<li><strong>Valor total por JCP:<\/strong>&nbsp;R$ 110.000.000,00<\/li>\n\n\n\n<li><strong>Valor por a\u00e7\u00e3o:<\/strong>&nbsp;R$ 1,235710852 (dividendos) \/ R$ 0,121992828 (JCP)<\/li>\n\n\n\n<li><strong>Data de corte:<\/strong>&nbsp;2 de maio<\/li>\n\n\n\n<li><strong>Data do pagamento:<\/strong>&nbsp;17 de maio<\/li>\n\n\n\n<li><strong>Rendimento (dividend yield) do pagamento:<\/strong>&nbsp;4,38%<\/li>\n<\/ul>\n\n\n\n<ul class=\"wp-block-list\">\n<li>No preg\u00e3o de hoje os\u00a0<strong>ativos da<\/strong>\u00a0<strong>Grendene<\/strong>\u00a0avan\u00e7aram 1,90%, negociados a R$ 6,98. Nos \u00faltimos 12 meses, o papel da GRND3 acumula uma desvaloriza\u00e7\u00e3o de 12,97%.<\/li>\n<\/ul>\n\n\n\n<h2 class=\"wp-block-heading\" id=\"h-oi-oibr3-cai-21-no-ibovespa-hoje-apos-revelar-nova-recuperacao-judicial-confira\">Oi (OIBR3) cai 21% no Ibovespa hoje ap\u00f3s revelar nova recupera\u00e7\u00e3o judicial; confira<\/h2>\n\n\n\n<ul class=\"wp-block-list\">\n<li>As a\u00e7\u00f5es da&nbsp;<a href=\"https:\/\/suno.com.br\/acoes\/oibr3\/\" target=\"_blank\" rel=\"noreferrer noopener\">Oi (<strong>OIBR3<\/strong>)<\/a>&nbsp;fecharam em queda no Ibovespa hoje desta quinta (2) ap\u00f3s a empresa formalizar o segundo pedido de recupera\u00e7\u00e3o judicial. O papel encerrou o preg\u00e3o com baixa de 21,67%, ao pre\u00e7o de R$ 1,59.<\/li>\n<\/ul>\n\n\n\n<ul class=\"wp-block-list\">\n<li>Como as&nbsp;<strong>a\u00e7\u00f5es da Oi<\/strong>&nbsp;s\u00e3o negociadas por valores baixos, qualquer varia\u00e7\u00e3o positiva ou negativa torna-se acentuada em valores percentuais.<\/li>\n<\/ul>\n\n\n\n<ul class=\"wp-block-list\">\n<li>Na madrugada desta quinta, a Oi revelou ao mercado que protocolou um novo pedido de&nbsp;<strong>recupera\u00e7\u00e3o judicial<\/strong>. O pedido foi feito em car\u00e1ter de urg\u00eancia e ter\u00e1 que ser submetido \u00e0 uma Assembleia Geral.<\/li>\n<\/ul>\n\n\n\n<ul class=\"wp-block-list\">\n<li>\u201cConforme j\u00e1 previamente informado, a companhia e suas subsidi\u00e1rias v\u00eam empreendendo esfor\u00e7os, em conjunto com seus assessores financeiros e legais, mediante a condu\u00e7\u00e3o de negocia\u00e7\u00f5es com certos credores financeiros, visando a potencial repactua\u00e7\u00e3o de d\u00edvidas financeiras, fortalecimento da sua&nbsp;<a href=\"https:\/\/www.suno.com.br\/artigos\/indicadores-estrutura-capital\/\" target=\"_blank\" rel=\"noreferrer noopener\">estrutura de capital<\/a>&nbsp;e otimiza\u00e7\u00e3o de sua liquidez e perfil de endividamento, e essas negocia\u00e7\u00f5es continuam em andamento\u201d, ressaltou a companhia de telecomunica\u00e7\u00f5es em comunicado.<\/li>\n<\/ul>\n\n\n\n<ul class=\"wp-block-list\">\n<li>No final do ano passado, a&nbsp;<strong>Oi<\/strong>&nbsp;concluiu sua primeira recupera\u00e7\u00e3o judicial, iniciada em meados de 2016 por causa de uma cifra de R$ 65 bilh\u00f5es em d\u00edvidas.<\/li>\n<\/ul>\n\n\n\n<ul class=\"wp-block-list\">\n<li>Mesmo com os processos de desinvestimentos, como a venda de ativos, e dos esfor\u00e7os de reestrutura\u00e7\u00e3o da empresa, a d\u00edvida ainda se mant\u00e9m na casa dos R$ 33 bilh\u00f5es.<\/li>\n<\/ul>\n\n\n\t<p>\n\t\t<a href=\"https:\/\/lp.suno.com.br\/planilha-controle-gastos\/\" target=\"_blank\" data-element=\"shortcode-suno-banner\" title=\"Banner SUNO, clique e saiba mais\">\n\t\t\t<picture>\n\t\t\t\t<source media=\"(max-width: 500px)\" srcset=\"https:\/\/files.sunoresearch.com.br\/n\/uploads\/2023\/03\/400x300-Planilha-controle-de-gastos.png\">\n\t\t\t\t<img class=\"newsContent__article__imgCapa newsContent__article__imgCapa--banner\"\n\t\t\t\t\tsrc=\"https:\/\/files.sunoresearch.com.br\/n\/uploads\/2023\/03\/1420x240-Planilha-controle-de-gastos.png\"\n\t\t\t\t\tdata-promo-id=\"101751\"\t\t\t\t\t\t\t\t\t\twidth='1420' height='240'\t\t\t\t\talt=\"https:\/\/files.sunoresearch.com.br\/n\/uploads\/2023\/03\/1420x240-Planilha-controle-de-gastos.png\"\n\t\t\t\t>\n\t\t\t<\/picture>\n\t\t<\/a>\n\t<\/p>\n\n\n\n\n\n<h2 class=\"wp-block-heading\" id=\"h-entenda-por-que-a-edp-brasil-enbr3-fez-brilhar-os-olhos-de-ceo-portugues\">Entenda por que a EDP Brasil (ENBR3) fez brilhar os olhos de CEO portugu\u00eas<\/h2>\n\n\n\n<ul class=\"wp-block-list\">\n<li>A&nbsp;<strong>EDP&nbsp;<\/strong>movimentou o mercado nesta quinta-feira (2)&nbsp;<a href=\"https:\/\/www.suno.com.br\/noticias\/edp-enbr3-fechar-capital-bolsa-acoes\/\" target=\"_blank\" rel=\"noreferrer noopener\">ao realizar uma oferta para fechar o capital<\/a>&nbsp;da&nbsp;<a href=\"https:\/\/www.suno.com.br\/acoes\/ENBR3\/\" target=\"_blank\" rel=\"noreferrer noopener\">EDP Brasil (ENBR3)<\/a>&nbsp;a R$ 24 por a\u00e7\u00e3o, representando um pr\u00eamio de 22% em rela\u00e7\u00e3o ao pre\u00e7o de fechamento da v\u00e9spera.<\/li>\n<\/ul>\n\n\n\n<ul class=\"wp-block-list\">\n<li>A vis\u00e3o da gest\u00e3o \u00e9 de que a&nbsp;<strong>opera\u00e7\u00e3o da EDP no Brasil<\/strong>&nbsp;\u00e9 atrativa e que \u2018o melhor que a controladora pode fazer \u00e9 simplesmente comprar\u2019.<\/li>\n<\/ul>\n\n\n\n<ul class=\"wp-block-list\">\n<li>No acumulado de 2022, o Ebitda (Lucros antes de juros, impostos, deprecia\u00e7\u00e3o e amortiza\u00e7\u00e3o) da opera\u00e7\u00e3o&nbsp;<strong>da rede el\u00e9trica no Brasil&nbsp;<\/strong>representou \u20ac 615 milh\u00f5es, ante \u20ac 427 milh\u00f5es vistos no ano anterior.<\/li>\n<\/ul>\n\n\n\n<ul class=\"wp-block-list\">\n<li>Com isso, dentro da opera\u00e7\u00e3o el\u00e9trica da companhia, o Ebitda gerado pela EDP Brasil ultrapassou os \u20ac 533 milh\u00f5es gerados pela opera\u00e7\u00e3o portuguesa \u2013 que ficou est\u00e1vel e pr\u00f3xima dos \u20ac 530 milh\u00f5es.<\/li>\n<\/ul>\n\n\n\n<ul class=\"wp-block-list\">\n<li>Durante o&nbsp;<strong>EDP Capital Markets Day o CEO da EDP, Miguel Stilwell d\u2019Andrade<\/strong>, foi enf\u00e1tico em dizer que \u2018n\u00e3o h\u00e1 d\u00favidas de que a empresa quer se manter operando no Brasil\u2019.<\/li>\n<\/ul>\n\n\n\n<ul class=\"wp-block-list\">\n<li>\u201cAcho que o nosso comprometimento \u00e9 muito grande com o Brasil. J\u00e1 passamos por muitos e muitos ciclos e continuamos vendo boas perspectivas de crescimento. Essa \u00e9 a maior evid\u00eancia que estamos apostando nos ativos no Brasil\u201d, disse.<\/li>\n<\/ul>\n\n\n\n<ul class=\"wp-block-list\">\n<li>A controladora de Portugal deve manter a presen\u00e7a no Brasil e, ao&nbsp;<strong>fechar o capital da EDP Brasil<\/strong>, realizar mudan\u00e7as de portf\u00f3lio.<\/li>\n<\/ul>\n\n\n\n<ul class=\"wp-block-list\">\n<li>Segundo o&nbsp;<strong>CEO<\/strong>, o foco ser\u00e1 mais em alterar o mix de portf\u00f3lio do que efetivamente a exposi\u00e7\u00e3o ao Brasil em si.<\/li>\n<\/ul>\n\n\n\n<ul class=\"wp-block-list\">\n<li>\u201cSobre o Brasil, acho que n\u00e3o h\u00e1 ambiguidade em nossa posi\u00e7\u00e3o. Temos compromisso com o pa\u00eds h\u00e1 muitos anos. Estamos vendendo uma central de carv\u00e3o e vendemos uma central h\u00eddrica no ano passado, e eventualmente venderemos alguns ativos no Brasil. Faremos uma concentra\u00e7\u00e3o do portf\u00f3lio focando em renov\u00e1veis, redes e clientes, e com certeza continuaremos no pa\u00eds\u201d, disse.<\/li>\n<\/ul>\n\n\n\n<ul class=\"wp-block-list\">\n<li>Al\u00e9m disso, durante a coletiva de imprensa, Miguel destacou que a rentabilidade futura \u00e9 promissora e que a EDP est\u00e1 levantando capital junto a investidores internacionais \u2013 incluindo o&nbsp;<a href=\"https:\/\/www.suno.com.br\/artigos\/fundo-soberano\/\" target=\"_blank\" rel=\"noreferrer noopener\">Fundo Soberano<\/a>&nbsp;de Cingapura \u2013 para fechar o neg\u00f3cio.<\/li>\n<\/ul>\n\n\n\n<h2 class=\"wp-block-heading\" id=\"h-pagseguro-pags34-lucro-atinge-r-411-milhoes-no-4t22-alta-anual-de-26\">PagSeguro (PAGS34): lucro atinge R$ 411 milh\u00f5es no 4T22, alta anual de 26%<\/h2>\n\n\n\n<ul class=\"wp-block-list\">\n<li>A&nbsp;<strong>PagSeguro<\/strong>&nbsp;<a href=\"https:\/\/www.suno.com.br\/bdrs\/pags34\/\">(PAGS34)<\/a>&nbsp;encerrou o quarto trimestre de 2022 com&nbsp;<a href=\"https:\/\/www.suno.com.br\/artigos\/lucro-liquido\/\" target=\"_blank\" rel=\"noreferrer noopener\">lucro l\u00edquido<\/a>&nbsp;ajustado de R$ 411 milh\u00f5es, alta de 26% na compara\u00e7\u00e3o com o mesmo per\u00edodo de 2021. Pelo crit\u00e9rio cont\u00e1bil, o resultado da companhia foi de R$ 408 milh\u00f5es, crescimento de 35% em 12 meses.<\/li>\n<\/ul>\n\n\n\n<ul class=\"wp-block-list\">\n<li>No ano de 2022, o&nbsp;<strong>lucro l\u00edquido ajustado da PagSeguro<\/strong>&nbsp;foi de R$ 1,6 bilh\u00e3o, alta de 12% ante 2021, e de R$ 1,5 bilh\u00e3o pelo crit\u00e9rio cont\u00e1bil, 29% maior que o de 2021.<\/li>\n<\/ul>\n\n\n\n<ul class=\"wp-block-list\">\n<li>O Ebitda (lucro antes de juros, impostos,&nbsp;<a href=\"https:\/\/www.suno.com.br\/artigos\/depreciacao-amortizacao\/\" target=\"_blank\" rel=\"noreferrer noopener\">deprecia\u00e7\u00e3o e amortiza\u00e7\u00e3o<\/a>) ajustado da PagSeguro foi de R$ 788 milh\u00f5es no trimestre, um resultado 29% maior que o do mesmo per\u00edodo de 2021. As&nbsp;<a href=\"https:\/\/www.suno.com.br\/artigos\/despesas-financeiras\/\" target=\"_blank\" rel=\"noreferrer noopener\">despesas financeiras<\/a>&nbsp;somaram R$ 855 milh\u00f5es, o dobro do registrado 12 meses antes, mas 7% abaixo do trimestre anterior.<\/li>\n<\/ul>\n\n\n\n<ul class=\"wp-block-list\">\n<li>No trimestre, a<strong>&nbsp;receita l\u00edquida da PagSeguro<\/strong>&nbsp;foi de R$ 3,96 bilh\u00f5es, crescimento de 22% em 12 meses. Desse total, R$ 3,64 bilh\u00f5es vieram da adquir\u00eancia, e outros R$ 330 milh\u00f5es vieram do PagBank, o banco digital da companhia.<\/li>\n<\/ul>\n\n\n\n<ul class=\"wp-block-list\">\n<li>\u201cA nossa&nbsp;<a href=\"https:\/\/www.suno.com.br\/artigos\/geracao-de-caixa\/\" target=\"_blank\" rel=\"noreferrer noopener\">gera\u00e7\u00e3o de caixa<\/a>&nbsp;foi recorde, da ordem de R$ 410 milh\u00f5es\u201d, afirmou ao&nbsp;<em>Broadcast<\/em>&nbsp;(sistema de not\u00edcias em tempo real do Grupo Estado) \u00c9ric Oliveira, diretor de&nbsp;<a href=\"https:\/\/www.suno.com.br\/artigos\/relacoes-com-investidores\/\" target=\"_blank\" rel=\"noreferrer noopener\">rela\u00e7\u00f5es com investidores<\/a>&nbsp;e ESG da empresa. Segundo ele, isso deixa a PagSeguro em uma posi\u00e7\u00e3o confort\u00e1vel do ponto de vista financeiro, com cerca de R$ 10 bilh\u00f5es em caixa.<\/li>\n<\/ul>\n\n\n\n<ul class=\"wp-block-list\">\n<li>Ainda de acordo com o&nbsp;<strong>balan\u00e7o da PagSeguro<\/strong>, a companhia processou R$ 94,3 bilh\u00f5es no neg\u00f3cio de pagamentos, um crescimento de 19% no comparativo anual. A companhia atribui o crescimento \u00e0 sazonalidade do final de ano, marcado por compras e pelo 13\u00ba, mas tamb\u00e9m a um ganho de mercado. A companhia calcula ter ganho 1,2 ponto porcentual de mercado ao longo de 2022.<\/li>\n<\/ul>\n\n\n\n<ul class=\"wp-block-list\">\n<li>\u201cMesmo com os impactos de Copa do Mundo, foi um volume que veio acima do que esper\u00e1vamos\u201d, disse Oliveira. Ele tamb\u00e9m atribuiu a alta aos polos comerciais, os chamados hubs, que responderam por 33% do volume no trimestre.<\/li>\n<\/ul>\n\n\n\n<p>Da <strong>Via<\/strong> a Americanas, essas foram as empresas que se destacaram hoje. Para ler todas as mat\u00e9rias <a href=\"https:\/\/www.suno.com.br\/noticias\/todos\/\">clique aqui<\/a>. <a href=\"https:\/\/lp.suno.com.br\/cl\/seu-primeiro-investimento-no-exterior\/\" target=\"_blank\" rel=\"noreferrer noopener\"><\/a><\/p>\n\n\n\t<p>\n\t\t<a href=\"https:\/\/lp.suno.com.br\/ebook-como-analisar-uma-acao\/\" target=\"_blank\" data-element=\"shortcode-suno-banner\" title=\"Banner SUNO, clique e saiba mais\">\n\t\t\t<picture>\n\t\t\t\t<source media=\"(max-width: 500px)\" srcset=\"https:\/\/files.sunoresearch.com.br\/n\/uploads\/2023\/03\/Ebook-Acoes-Mobile-1.jpg\">\n\t\t\t\t<img class=\"newsContent__article__imgCapa newsContent__article__imgCapa--banner\"\n\t\t\t\t\tsrc=\"https:\/\/files.sunoresearch.com.br\/n\/uploads\/2023\/03\/Ebook-Acoes-Desktop-1.jpg\"\n\t\t\t\t\tdata-promo-id=\"171998\"\t\t\t\t\t\t\t\t\t\twidth='1420' height='286'\t\t\t\t\talt=\"https:\/\/files.sunoresearch.com.br\/n\/uploads\/2023\/03\/Ebook-Acoes-Desktop-1.jpg\"\n\t\t\t\t>\n\t\t\t<\/picture>\n\t\t<\/a>\n\t<\/p>\n\n\n\n\n\n<p><a href=\"https:\/\/lp.suno.com.br\/cl\/seu-primeiro-investimento-no-exterior\/\" target=\"_blank\" rel=\"noreferrer noopener\"><\/a><a href=\"https:\/\/lp.suno.com.br\/cl\/seu-primeiro-investimento-no-exterior\/\" target=\"_blank\" rel=\"noreferrer noopener\"><\/a><\/p>\n","protected":false},"excerpt":{"rendered":"<p>Fevereiro aqueceu os foli\u00f5es por causa do Carnaval, mas teve um efeito contr\u00e1rio nas a\u00e7\u00f5es da&nbsp;Via (VIIA3)&nbsp;e do&nbsp;Magazine Luiza (MGLU3). No \u00faltimo m\u00eas, os pap\u00e9is das varejistas desabaram 19,6% e 19%, respectivamente. O movimento ocorreu \u00e0s v\u00e9speras da divulga\u00e7\u00e3o dos balan\u00e7os do quarto trimestre de 2022, agendados para a pr\u00f3xima semana. Via (VIIA3). Foto: Divulga\u00e7\u00e3o [&hellip;]<\/p>\n","protected":false},"author":227,"featured_media":362723,"comment_status":"closed","ping_status":"closed","sticky":false,"template":"","format":"standard","meta":[],"categories":[64],"tags":[106605,2524,1207,493,548,584,1008],"suno_strategy":[],"class_list":["post-371268","post","type-post","status-publish","format-standard","has-post-thumbnail","hentry","category-negocios","tag-americanas-s-a-amer3","tag-caixa-seguridade-cxse3","tag-edp-brasil-enbr3","tag-grendene-grnd3","tag-magazine-luiza-mglu3","tag-oi-oibr3-oibr4","tag-pagseguro"],"yoast_head":"<!-- This site is optimized with the Yoast SEO plugin v24.4 - https:\/\/yoast.com\/wordpress\/plugins\/seo\/ -->\n<title>Radar: Via (VIIA3) e Magazine Luiza (MGLU3) desabam na Bolsa, dividendos bilion\u00e1rios da Caixa Seguridade (CXSE3) e queda da Oi (OIBR3) ap\u00f3s nova recupera\u00e7\u00e3o judicial<\/title>\n<meta name=\"description\" content=\"Via e Magalu desabam na Bolsa, Caixa Seguridade prop\u00f5e pagamento bilion\u00e1rio de dividendos e a queda da Oi ap\u00f3s an\u00fancio de recupera\u00e7\u00e3o judicial\" \/>\n<meta name=\"robots\" content=\"index, follow, max-snippet:-1, max-image-preview:large, max-video-preview:-1\" \/>\n<link rel=\"canonical\" href=\"https:\/\/www.suno.com.br\/noticias\/radar-via-viia3-magazine-luiza-mglu3-caixa-seguridade-cxse3-oi-oibr3\/\" \/>\n<meta property=\"og:locale\" content=\"pt_BR\" \/>\n<meta property=\"og:type\" content=\"article\" \/>\n<meta property=\"og:title\" content=\"Radar: Via (VIIA3) e Magazine Luiza (MGLU3) desabam na Bolsa, dividendos bilion\u00e1rios da Caixa Seguridade (CXSE3) e queda da Oi (OIBR3) ap\u00f3s nova recupera\u00e7\u00e3o judicial\" \/>\n<meta property=\"og:description\" content=\"Via e Magalu desabam na Bolsa, Caixa Seguridade prop\u00f5e pagamento bilion\u00e1rio de dividendos e a queda da Oi ap\u00f3s an\u00fancio de recupera\u00e7\u00e3o judicial\" \/>\n<meta property=\"og:url\" content=\"https:\/\/www.suno.com.br\/noticias\/radar-via-viia3-magazine-luiza-mglu3-caixa-seguridade-cxse3-oi-oibr3\/\" \/>\n<meta property=\"og:site_name\" content=\"Suno Not\u00edcias\" \/>\n<meta property=\"article:publisher\" content=\"https:\/\/facebook.com\/sunoresearch\" \/>\n<meta property=\"og:image\" content=\"https:\/\/files.sunoresearch.com.br\/n\/uploads\/2023\/02\/Via.jpg\" \/>\n\t<meta property=\"og:image:width\" content=\"1450\" \/>\n\t<meta property=\"og:image:height\" content=\"801\" \/>\n\t<meta property=\"og:image:type\" content=\"image\/jpeg\" \/>\n<meta name=\"author\" content=\"Vanessa Loiola\" \/>\n<meta name=\"twitter:card\" content=\"summary_large_image\" \/>\n<meta name=\"twitter:creator\" content=\"@sunoresearch\" \/>\n<meta name=\"twitter:site\" content=\"@sunoresearch\" \/>\n<meta name=\"twitter:label1\" content=\"Escrito por\" \/>\n\t<meta name=\"twitter:data1\" content=\"Vanessa Loiola\" \/>\n\t<meta name=\"twitter:label2\" content=\"Est. tempo de leitura\" \/>\n\t<meta name=\"twitter:data2\" content=\"12 minutos\" \/>\n<script type=\"application\/ld+json\" class=\"yoast-schema-graph\">{\"@context\":\"https:\/\/schema.org\",\"@graph\":[{\"@type\":\"NewsArticle\",\"@id\":\"https:\/\/www.suno.com.br\/noticias\/radar-via-viia3-magazine-luiza-mglu3-caixa-seguridade-cxse3-oi-oibr3\/#article\",\"isPartOf\":{\"@id\":\"https:\/\/www.suno.com.br\/noticias\/radar-via-viia3-magazine-luiza-mglu3-caixa-seguridade-cxse3-oi-oibr3\/\"},\"author\":{\"name\":\"Vanessa Loiola\",\"@id\":\"https:\/\/www.suno.com.br\/noticias\/#\/schema\/person\/450c455ecff319bab1f1a0e643451479\"},\"headline\":\"Radar: Via (VIIA3) e Magalu (MGLU3) desabam na Bolsa, dividendos bilion\u00e1rios da Caixa Seguridade (CXSE3) e queda da Oi (OIBR3) ap\u00f3s nova recupera\u00e7\u00e3o judicial\",\"datePublished\":\"2023-03-03T01:16:40+00:00\",\"dateModified\":\"2023-03-03T01:16:54+00:00\",\"mainEntityOfPage\":{\"@id\":\"https:\/\/www.suno.com.br\/noticias\/radar-via-viia3-magazine-luiza-mglu3-caixa-seguridade-cxse3-oi-oibr3\/\"},\"wordCount\":2277,\"publisher\":{\"@id\":\"https:\/\/www.suno.com.br\/noticias\/#organization\"},\"image\":{\"@id\":\"https:\/\/www.suno.com.br\/noticias\/radar-via-viia3-magazine-luiza-mglu3-caixa-seguridade-cxse3-oi-oibr3\/#primaryimage\"},\"thumbnailUrl\":\"https:\/\/files.sunoresearch.com.br\/n\/uploads\/2023\/02\/Via.jpg\",\"keywords\":[\"Americanas (AMER3)\",\"Caixa Seguridade (CXSE3)\",\"EDP Brasil (ENBR3)\",\"Grendene (GRND3)\",\"Magazine Luiza (MGLU3)\",\"Oi (OIBR3\/OIBR4)\",\"PagSeguro\"],\"articleSection\":[\"Neg\u00f3cios\"],\"inLanguage\":\"pt-BR\"},{\"@type\":\"WebPage\",\"@id\":\"https:\/\/www.suno.com.br\/noticias\/radar-via-viia3-magazine-luiza-mglu3-caixa-seguridade-cxse3-oi-oibr3\/\",\"url\":\"https:\/\/www.suno.com.br\/noticias\/radar-via-viia3-magazine-luiza-mglu3-caixa-seguridade-cxse3-oi-oibr3\/\",\"name\":\"Radar: Via (VIIA3) e Magazine Luiza (MGLU3) desabam na Bolsa, dividendos bilion\u00e1rios da Caixa Seguridade (CXSE3) e queda da Oi (OIBR3) ap\u00f3s nova recupera\u00e7\u00e3o judicial\",\"isPartOf\":{\"@id\":\"https:\/\/www.suno.com.br\/noticias\/#website\"},\"primaryImageOfPage\":{\"@id\":\"https:\/\/www.suno.com.br\/noticias\/radar-via-viia3-magazine-luiza-mglu3-caixa-seguridade-cxse3-oi-oibr3\/#primaryimage\"},\"image\":{\"@id\":\"https:\/\/www.suno.com.br\/noticias\/radar-via-viia3-magazine-luiza-mglu3-caixa-seguridade-cxse3-oi-oibr3\/#primaryimage\"},\"thumbnailUrl\":\"https:\/\/files.sunoresearch.com.br\/n\/uploads\/2023\/02\/Via.jpg\",\"datePublished\":\"2023-03-03T01:16:40+00:00\",\"dateModified\":\"2023-03-03T01:16:54+00:00\",\"description\":\"Via e Magalu desabam na Bolsa, Caixa Seguridade prop\u00f5e pagamento bilion\u00e1rio de dividendos e a queda da Oi ap\u00f3s an\u00fancio de recupera\u00e7\u00e3o judicial\",\"breadcrumb\":{\"@id\":\"https:\/\/www.suno.com.br\/noticias\/radar-via-viia3-magazine-luiza-mglu3-caixa-seguridade-cxse3-oi-oibr3\/#breadcrumb\"},\"inLanguage\":\"pt-BR\",\"potentialAction\":[{\"@type\":\"ReadAction\",\"target\":[\"https:\/\/www.suno.com.br\/noticias\/radar-via-viia3-magazine-luiza-mglu3-caixa-seguridade-cxse3-oi-oibr3\/\"]}]},{\"@type\":\"ImageObject\",\"inLanguage\":\"pt-BR\",\"@id\":\"https:\/\/www.suno.com.br\/noticias\/radar-via-viia3-magazine-luiza-mglu3-caixa-seguridade-cxse3-oi-oibr3\/#primaryimage\",\"url\":\"https:\/\/files.sunoresearch.com.br\/n\/uploads\/2023\/02\/Via.jpg\",\"contentUrl\":\"https:\/\/files.sunoresearch.com.br\/n\/uploads\/2023\/02\/Via.jpg\",\"width\":1450,\"height\":801,\"caption\":\"Via (VIIA3). Foto: Divulga\u00e7\u00e3o\"},{\"@type\":\"BreadcrumbList\",\"@id\":\"https:\/\/www.suno.com.br\/noticias\/radar-via-viia3-magazine-luiza-mglu3-caixa-seguridade-cxse3-oi-oibr3\/#breadcrumb\",\"itemListElement\":[{\"@type\":\"ListItem\",\"position\":1,\"name\":\"Not\u00edcias\",\"item\":\"https:\/\/www.suno.com.br\/noticias\/\"},{\"@type\":\"ListItem\",\"position\":2,\"name\":\"Neg\u00f3cios\",\"item\":\"https:\/\/www.suno.com.br\/noticias\/negocios\/\"},{\"@type\":\"ListItem\",\"position\":3,\"name\":\"Radar: Via (VIIA3) e Magalu (MGLU3) desabam na Bolsa, dividendos bilion\u00e1rios da Caixa Seguridade (CXSE3) e queda da Oi (OIBR3) ap\u00f3s nova recupera\u00e7\u00e3o judicial\"}]},{\"@type\":\"WebSite\",\"@id\":\"https:\/\/www.suno.com.br\/noticias\/#website\",\"url\":\"https:\/\/www.suno.com.br\/noticias\/\",\"name\":\"Suno Not\u00edcias\",\"description\":\"Seu portal de informa\u00e7\u00e3o sobre o mundo dos investimentos\",\"publisher\":{\"@id\":\"https:\/\/www.suno.com.br\/noticias\/#organization\"},\"potentialAction\":[{\"@type\":\"SearchAction\",\"target\":{\"@type\":\"EntryPoint\",\"urlTemplate\":\"https:\/\/www.suno.com.br\/noticias\/?s={search_term_string}\"},\"query-input\":{\"@type\":\"PropertyValueSpecification\",\"valueRequired\":true,\"valueName\":\"search_term_string\"}}],\"inLanguage\":\"pt-BR\"},{\"@type\":\"Organization\",\"@id\":\"https:\/\/www.suno.com.br\/noticias\/#organization\",\"name\":\"Suno Not\u00edcias\",\"url\":\"https:\/\/www.suno.com.br\/noticias\/\",\"logo\":{\"@type\":\"ImageObject\",\"inLanguage\":\"pt-BR\",\"@id\":\"https:\/\/www.suno.com.br\/noticias\/#\/schema\/logo\/image\/\",\"url\":\"https:\/\/files.sunoresearch.com.br\/n\/uploads\/2021\/09\/suno-logo.png\",\"contentUrl\":\"https:\/\/files.sunoresearch.com.br\/n\/uploads\/2021\/09\/suno-logo.png\",\"width\":180,\"height\":180,\"caption\":\"Suno Not\u00edcias\"},\"image\":{\"@id\":\"https:\/\/www.suno.com.br\/noticias\/#\/schema\/logo\/image\/\"},\"sameAs\":[\"https:\/\/facebook.com\/sunoresearch\",\"https:\/\/x.com\/sunoresearch\",\"https:\/\/www.instagram.com\/suno\",\"https:\/\/www.linkedin.com\/company\/suno-research\/\",\"https:\/\/www.youtube.com\/c\/sunoresearch\"]},{\"@type\":\"Person\",\"@id\":\"https:\/\/www.suno.com.br\/noticias\/#\/schema\/person\/450c455ecff319bab1f1a0e643451479\",\"name\":\"Vanessa Loiola\",\"image\":{\"@type\":\"ImageObject\",\"inLanguage\":\"pt-BR\",\"@id\":\"https:\/\/www.suno.com.br\/noticias\/#\/schema\/person\/image\/\",\"url\":\"https:\/\/secure.gravatar.com\/avatar\/8b41117f9780831919eb38da349c3f20?s=96&r=g\",\"contentUrl\":\"https:\/\/secure.gravatar.com\/avatar\/8b41117f9780831919eb38da349c3f20?s=96&r=g\",\"caption\":\"Vanessa Loiola\"},\"description\":\"Jornalista formada pela PUC-SP, com experi\u00eancia na cobertura das editorias de economia, finan\u00e7as, bolsa de valores, pol\u00edtica, energia solar e entretenimento. Com passagem pela BM&amp;C News e RedeTV!\",\"url\":\"https:\/\/www.suno.com.br\/noticias\/author\/vanessal-loiolagmail-com\/\"}]}<\/script>\n<!-- \/ Yoast SEO plugin. -->","yoast_head_json":{"title":"Radar: Via (VIIA3) e Magazine Luiza (MGLU3) desabam na Bolsa, dividendos bilion\u00e1rios da Caixa Seguridade (CXSE3) e queda da Oi (OIBR3) ap\u00f3s nova recupera\u00e7\u00e3o judicial","description":"Via e Magalu desabam na Bolsa, Caixa Seguridade prop\u00f5e pagamento bilion\u00e1rio de dividendos e a queda da Oi ap\u00f3s an\u00fancio de recupera\u00e7\u00e3o judicial","robots":{"index":"index","follow":"follow","max-snippet":"max-snippet:-1","max-image-preview":"max-image-preview:large","max-video-preview":"max-video-preview:-1"},"canonical":"https:\/\/www.suno.com.br\/noticias\/radar-via-viia3-magazine-luiza-mglu3-caixa-seguridade-cxse3-oi-oibr3\/","og_locale":"pt_BR","og_type":"article","og_title":"Radar: Via (VIIA3) e Magazine Luiza (MGLU3) desabam na Bolsa, dividendos bilion\u00e1rios da Caixa Seguridade (CXSE3) e queda da Oi (OIBR3) ap\u00f3s nova recupera\u00e7\u00e3o judicial","og_description":"Via e Magalu desabam na Bolsa, Caixa Seguridade prop\u00f5e pagamento bilion\u00e1rio de dividendos e a queda da Oi ap\u00f3s an\u00fancio de recupera\u00e7\u00e3o judicial","og_url":"https:\/\/www.suno.com.br\/noticias\/radar-via-viia3-magazine-luiza-mglu3-caixa-seguridade-cxse3-oi-oibr3\/","og_site_name":"Suno Not\u00edcias","article_publisher":"https:\/\/facebook.com\/sunoresearch","og_image":[{"width":1450,"height":801,"url":"https:\/\/files.sunoresearch.com.br\/n\/uploads\/2023\/02\/Via.jpg","type":"image\/jpeg"}],"author":"Vanessa Loiola","twitter_card":"summary_large_image","twitter_creator":"@sunoresearch","twitter_site":"@sunoresearch","twitter_misc":{"Escrito por":"Vanessa Loiola","Est. tempo de leitura":"12 minutos"},"schema":{"@context":"https:\/\/schema.org","@graph":[{"@type":"NewsArticle","@id":"https:\/\/www.suno.com.br\/noticias\/radar-via-viia3-magazine-luiza-mglu3-caixa-seguridade-cxse3-oi-oibr3\/#article","isPartOf":{"@id":"https:\/\/www.suno.com.br\/noticias\/radar-via-viia3-magazine-luiza-mglu3-caixa-seguridade-cxse3-oi-oibr3\/"},"author":{"name":"Vanessa Loiola","@id":"https:\/\/www.suno.com.br\/noticias\/#\/schema\/person\/450c455ecff319bab1f1a0e643451479"},"headline":"Radar: Via (VIIA3) e Magalu (MGLU3) desabam na Bolsa, dividendos bilion\u00e1rios da Caixa Seguridade (CXSE3) e queda da Oi (OIBR3) ap\u00f3s nova recupera\u00e7\u00e3o judicial","datePublished":"2023-03-03T01:16:40+00:00","dateModified":"2023-03-03T01:16:54+00:00","mainEntityOfPage":{"@id":"https:\/\/www.suno.com.br\/noticias\/radar-via-viia3-magazine-luiza-mglu3-caixa-seguridade-cxse3-oi-oibr3\/"},"wordCount":2277,"publisher":{"@id":"https:\/\/www.suno.com.br\/noticias\/#organization"},"image":{"@id":"https:\/\/www.suno.com.br\/noticias\/radar-via-viia3-magazine-luiza-mglu3-caixa-seguridade-cxse3-oi-oibr3\/#primaryimage"},"thumbnailUrl":"https:\/\/files.sunoresearch.com.br\/n\/uploads\/2023\/02\/Via.jpg","keywords":["Americanas (AMER3)","Caixa Seguridade (CXSE3)","EDP Brasil (ENBR3)","Grendene (GRND3)","Magazine Luiza (MGLU3)","Oi (OIBR3\/OIBR4)","PagSeguro"],"articleSection":["Neg\u00f3cios"],"inLanguage":"pt-BR"},{"@type":"WebPage","@id":"https:\/\/www.suno.com.br\/noticias\/radar-via-viia3-magazine-luiza-mglu3-caixa-seguridade-cxse3-oi-oibr3\/","url":"https:\/\/www.suno.com.br\/noticias\/radar-via-viia3-magazine-luiza-mglu3-caixa-seguridade-cxse3-oi-oibr3\/","name":"Radar: Via (VIIA3) e Magazine Luiza (MGLU3) desabam na Bolsa, dividendos bilion\u00e1rios da Caixa Seguridade (CXSE3) e queda da Oi (OIBR3) ap\u00f3s nova recupera\u00e7\u00e3o judicial","isPartOf":{"@id":"https:\/\/www.suno.com.br\/noticias\/#website"},"primaryImageOfPage":{"@id":"https:\/\/www.suno.com.br\/noticias\/radar-via-viia3-magazine-luiza-mglu3-caixa-seguridade-cxse3-oi-oibr3\/#primaryimage"},"image":{"@id":"https:\/\/www.suno.com.br\/noticias\/radar-via-viia3-magazine-luiza-mglu3-caixa-seguridade-cxse3-oi-oibr3\/#primaryimage"},"thumbnailUrl":"https:\/\/files.sunoresearch.com.br\/n\/uploads\/2023\/02\/Via.jpg","datePublished":"2023-03-03T01:16:40+00:00","dateModified":"2023-03-03T01:16:54+00:00","description":"Via e Magalu desabam na Bolsa, Caixa Seguridade prop\u00f5e pagamento bilion\u00e1rio de dividendos e a queda da Oi ap\u00f3s an\u00fancio de recupera\u00e7\u00e3o judicial","breadcrumb":{"@id":"https:\/\/www.suno.com.br\/noticias\/radar-via-viia3-magazine-luiza-mglu3-caixa-seguridade-cxse3-oi-oibr3\/#breadcrumb"},"inLanguage":"pt-BR","potentialAction":[{"@type":"ReadAction","target":["https:\/\/www.suno.com.br\/noticias\/radar-via-viia3-magazine-luiza-mglu3-caixa-seguridade-cxse3-oi-oibr3\/"]}]},{"@type":"ImageObject","inLanguage":"pt-BR","@id":"https:\/\/www.suno.com.br\/noticias\/radar-via-viia3-magazine-luiza-mglu3-caixa-seguridade-cxse3-oi-oibr3\/#primaryimage","url":"https:\/\/files.sunoresearch.com.br\/n\/uploads\/2023\/02\/Via.jpg","contentUrl":"https:\/\/files.sunoresearch.com.br\/n\/uploads\/2023\/02\/Via.jpg","width":1450,"height":801,"caption":"Via (VIIA3). Foto: Divulga\u00e7\u00e3o"},{"@type":"BreadcrumbList","@id":"https:\/\/www.suno.com.br\/noticias\/radar-via-viia3-magazine-luiza-mglu3-caixa-seguridade-cxse3-oi-oibr3\/#breadcrumb","itemListElement":[{"@type":"ListItem","position":1,"name":"Not\u00edcias","item":"https:\/\/www.suno.com.br\/noticias\/"},{"@type":"ListItem","position":2,"name":"Neg\u00f3cios","item":"https:\/\/www.suno.com.br\/noticias\/negocios\/"},{"@type":"ListItem","position":3,"name":"Radar: Via (VIIA3) e Magalu (MGLU3) desabam na Bolsa, dividendos bilion\u00e1rios da Caixa Seguridade (CXSE3) e queda da Oi (OIBR3) ap\u00f3s nova recupera\u00e7\u00e3o judicial"}]},{"@type":"WebSite","@id":"https:\/\/www.suno.com.br\/noticias\/#website","url":"https:\/\/www.suno.com.br\/noticias\/","name":"Suno Not\u00edcias","description":"Seu portal de informa\u00e7\u00e3o sobre o mundo dos investimentos","publisher":{"@id":"https:\/\/www.suno.com.br\/noticias\/#organization"},"potentialAction":[{"@type":"SearchAction","target":{"@type":"EntryPoint","urlTemplate":"https:\/\/www.suno.com.br\/noticias\/?s={search_term_string}"},"query-input":{"@type":"PropertyValueSpecification","valueRequired":true,"valueName":"search_term_string"}}],"inLanguage":"pt-BR"},{"@type":"Organization","@id":"https:\/\/www.suno.com.br\/noticias\/#organization","name":"Suno Not\u00edcias","url":"https:\/\/www.suno.com.br\/noticias\/","logo":{"@type":"ImageObject","inLanguage":"pt-BR","@id":"https:\/\/www.suno.com.br\/noticias\/#\/schema\/logo\/image\/","url":"https:\/\/files.sunoresearch.com.br\/n\/uploads\/2021\/09\/suno-logo.png","contentUrl":"https:\/\/files.sunoresearch.com.br\/n\/uploads\/2021\/09\/suno-logo.png","width":180,"height":180,"caption":"Suno Not\u00edcias"},"image":{"@id":"https:\/\/www.suno.com.br\/noticias\/#\/schema\/logo\/image\/"},"sameAs":["https:\/\/facebook.com\/sunoresearch","https:\/\/x.com\/sunoresearch","https:\/\/www.instagram.com\/suno","https:\/\/www.linkedin.com\/company\/suno-research\/","https:\/\/www.youtube.com\/c\/sunoresearch"]},{"@type":"Person","@id":"https:\/\/www.suno.com.br\/noticias\/#\/schema\/person\/450c455ecff319bab1f1a0e643451479","name":"Vanessa Loiola","image":{"@type":"ImageObject","inLanguage":"pt-BR","@id":"https:\/\/www.suno.com.br\/noticias\/#\/schema\/person\/image\/","url":"https:\/\/secure.gravatar.com\/avatar\/8b41117f9780831919eb38da349c3f20?s=96&r=g","contentUrl":"https:\/\/secure.gravatar.com\/avatar\/8b41117f9780831919eb38da349c3f20?s=96&r=g","caption":"Vanessa Loiola"},"description":"Jornalista formada pela PUC-SP, com experi\u00eancia na cobertura das editorias de economia, finan\u00e7as, bolsa de valores, pol\u00edtica, energia solar e entretenimento. Com passagem pela BM&amp;C News e RedeTV!","url":"https:\/\/www.suno.com.br\/noticias\/author\/vanessal-loiolagmail-com\/"}]}},"default_loop_html":"<div class=\"cardsPage__listCard__boxs\"><div class=\"cardsPage__listCard__boxs__img\"><a href=\"https:\/\/www.suno.com.br\/noticias\/radar-via-viia3-magazine-luiza-mglu3-caixa-seguridade-cxse3-oi-oibr3\/\"><img class=\"mask\" src=\"https:\/\/www.suno.com.br\/noticias\/wp-content\/themes\/suno\/resources\/images\/spotlight\/spotlight1img\/bg-mask.png\" alt=\"Image Mask\"\/><img src=\"https:\/\/files.sunoresearch.com.br\/n\/uploads\/2023\/02\/Via-400x200.jpg\" alt=\"Radar: Via (VIIA3) e Magalu (MGLU3) desabam na Bolsa, dividendos bilion\u00e1rios da Caixa Seguridade (CXSE3) e queda da Oi (OIBR3) ap\u00f3s nova recupera\u00e7\u00e3o judicial\"\/><\/a><span class=\"spotlightCategory\"><a href=\"https:\/\/www.suno.com.br\/noticias\/negocios\/\">Neg\u00f3cios<\/a><\/span><\/div><div class=\"cardsPage__listCard__boxs__content\"><a href=\"https:\/\/www.suno.com.br\/noticias\/radar-via-viia3-magazine-luiza-mglu3-caixa-seguridade-cxse3-oi-oibr3\/\"><h2 class=\"content__title\">Radar: Via (VIIA3) e Magalu (MGLU3) desabam na Bolsa, dividendos bilion\u00e1rios da Caixa Seguridade (CXSE3) e queda da Oi (OIBR3) ap\u00f3s nova recupera\u00e7\u00e3o judicial<\/h2><\/a><div class=\"newsContent__article__meta\"><div class=\"newsContent__article__meta__authorBox\"><a href=\"https:\/\/www.suno.com.br\/noticias\/author\/vanessal-loiolagmail-com\/\" class=\"authorBox__avatar noMobi\"><img src=\"https:\/\/secure.gravatar.com\/avatar\/8b41117f9780831919eb38da349c3f20?s=96&#038;r=g\" alt=\"Vanessa Loiola\"><\/a><div class=\"authorBox__name\"><span>por\n\t\t\t<a href=\"https:\/\/www.suno.com.br\/noticias\/author\/vanessal-loiolagmail-com\/\"><span itemprop=\"author\">Vanessa Loiola<\/span><\/a><\/span><time datetime=\"2023-03-02T22:16:40-03:00\" itemprop=\"datePublished\">02\/03\/2023 22:16<\/time><\/div><\/div><\/div><\/div><\/div>","single_layout":"posts","amp_enabled":true,"_links":{"self":[{"href":"https:\/\/www.suno.com.br\/noticias\/wp-json\/wp\/v2\/posts\/371268"}],"collection":[{"href":"https:\/\/www.suno.com.br\/noticias\/wp-json\/wp\/v2\/posts"}],"about":[{"href":"https:\/\/www.suno.com.br\/noticias\/wp-json\/wp\/v2\/types\/post"}],"author":[{"embeddable":true,"href":"https:\/\/www.suno.com.br\/noticias\/wp-json\/wp\/v2\/users\/227"}],"replies":[{"embeddable":true,"href":"https:\/\/www.suno.com.br\/noticias\/wp-json\/wp\/v2\/comments?post=371268"}],"version-history":[{"count":2,"href":"https:\/\/www.suno.com.br\/noticias\/wp-json\/wp\/v2\/posts\/371268\/revisions"}],"predecessor-version":[{"id":371318,"href":"https:\/\/www.suno.com.br\/noticias\/wp-json\/wp\/v2\/posts\/371268\/revisions\/371318"}],"wp:featuredmedia":[{"embeddable":true,"href":"https:\/\/www.suno.com.br\/noticias\/wp-json\/wp\/v2\/media\/362723"}],"wp:attachment":[{"href":"https:\/\/www.suno.com.br\/noticias\/wp-json\/wp\/v2\/media?parent=371268"}],"wp:term":[{"taxonomy":"category","embeddable":true,"href":"https:\/\/www.suno.com.br\/noticias\/wp-json\/wp\/v2\/categories?post=371268"},{"taxonomy":"post_tag","embeddable":true,"href":"https:\/\/www.suno.com.br\/noticias\/wp-json\/wp\/v2\/tags?post=371268"},{"taxonomy":"suno_strategy","embeddable":true,"href":"https:\/\/www.suno.com.br\/noticias\/wp-json\/wp\/v2\/suno_strategy?post=371268"}],"curies":[{"name":"wp","href":"https:\/\/api.w.org\/{rel}","templated":true}]}}