{"id":37111,"date":"2019-09-10T20:28:02","date_gmt":"2019-09-10T23:28:02","guid":{"rendered":"https:\/\/www.suno.com.br\/noticias\/?p=37111"},"modified":"2019-09-10T20:28:02","modified_gmt":"2019-09-10T23:28:02","slug":"presidente-volkswagen-nega-interesse-tesla","status":"publish","type":"post","link":"https:\/\/www.suno.com.br\/noticias\/presidente-volkswagen-nega-interesse-tesla\/","title":{"rendered":"Presidente da Volkswagen nega interesse em fatia da Tesla"},"content":{"rendered":"<p>O <strong>diretor-presidente<\/strong> da Volkswagen, <strong>Herbert Diess,<\/strong> declarou nesta ter\u00e7a-feira (10), que n\u00e3o tem interesse em adquirir uma fatia da marca de carros el\u00e9tricos <strong>Tesla.<\/strong><\/p>\t<div class=\"wrapper-featured-image\">\n\t\t<figure class=\"spotlightImg\">\n\n\t\t\t<picture>\n\t\t\t\t<source media=\"(max-width: 768px)\" srcset=\"https:\/\/files.sunoresearch.com.br\/n\/uploads\/2019\/09\/55744a90-herbert-diess-400x200.webp\">\n\t\t\t\t<img loading=\"lazy\" decoding=\"async\" class=\"newsContent__article__imgCapa lazyloadDisabled newsContent__article__imgCapa--noCaption\" src=\"https:\/\/files.sunoresearch.com.br\/n\/uploads\/2019\/09\/55744a90-herbert-diess-800x450.webp\" width=\"800\" height=\"450\" alt=\"Presidente da Volkswagen nega interesse em fatia da Tesla\" fetchpriority=high \/>\n\t\t\t<\/picture>\n\n\t\t\t<figcaption class=\"wp-caption-text wp-caption-text--hide\">Presidente da Volkswagen nega interesse em fatia da Tesla<\/figcaption>\n\t\t<\/figure>\n\t<\/div>\n\n\n\n<p>No sal\u00e3o do autom\u00f3vel de Frankfurt, o diretor da <strong>Volkswagen<\/strong> disse que admira o fundador da <strong>Tesla, Elon Musk,<\/strong> pois o considera &#8220;realmente corajosa&#8221; a pessoa que decide entrar no mercado automotivo.<\/p>\n<p>No entanto, <strong>Diess<\/strong> n\u00e3o considera a possibilidade de comprar uma porcentagem da companhia de <strong>Musk.<\/strong> Segundo o diretor-presidente, ele &#8220;n\u00e3o compraria uma participa\u00e7\u00e3o porque n\u00f3s podemos fazer o que eles est\u00e3o fazendo&#8221;.<\/p>\n<p>A marca alem\u00e3 j\u00e1 investe bilh\u00f5es para desenvolvimento de seus <strong>ve\u00edculos el\u00e9tricos.<\/strong> Dois destes carros foram mostrados pela <strong>Volkswagen<\/strong> na feira: O modelo esportivo <strong>Porsche Taycan<\/strong> e o mais popular, <strong>VW ID.3<\/strong><\/p>\n<h2>Volkswagen investir\u00e1 R$ 2,4 bilh\u00f5es<\/h2>\n<p>A <strong>montadora<\/strong> <strong>alem\u00e3<\/strong> <strong>Volkswagen<\/strong> informou ao mercado, no fim de agosto, que vai investir R$ 2,4 bilh\u00f5es nas plantas das f\u00e1bricas de S\u00e3o Bernardo do Campo, no ABC de S\u00e3o Paulo, e S\u00e3o Carlos, no interior paulista. O valor ser\u00e1 aplicado neste ano e em 2020. Uma fatia do capital ser\u00e1 atribu\u00edda \u00e0 produ\u00e7\u00e3o de um novo modelo da marca, o New Urban Coup\u00e9.<\/p>\n<p><a href=\"https:\/\/www.suno.com.br\/noticias\/volkswagen-investira-r-24-bi-em-fabricas-de-sao-bernardo-e-sao-carlos\/\">Saiba mais: Volkswagen investir\u00e1 R$ 2,4 bi em f\u00e1bricas de S\u00e3o Bernardo e S\u00e3o Carlos<\/a><\/p>\n<p>Em entrevista a &#8220;Exame&#8221;, o presidente da <strong>Volkswagen<\/strong> Am\u00e9rica Latina, Pablo Di Si, disse que a empresa est\u00e1 crescendo em um ritmo maior do que o do mercado. &#8220;Em 2019, a produ\u00e7\u00e3o da empresa em S\u00e3o Paulo est\u00e1 10% maior do que no ano passado\u201d, afirmou Pablo.<\/p>\n<p>O novo modelo de <strong>carro<\/strong> da alem\u00e3, que deve ser produzido em S\u00e3o Bernardo, ser\u00e1 exportado para:<\/p>\n<ul>\n<li><strong>Am\u00e9rica Latina;<\/strong><\/li>\n<li><strong>Africa;<\/strong><\/li>\n<li><strong>Asia.<\/strong><\/li>\n<\/ul>\n<p>Al\u00e9m disso, o carro modelado por engenheiros nacionais tamb\u00e9m ser\u00e1 feito na <strong>Europa.<\/strong> \u201cO modelo foi um sucesso nas nossas cl\u00ednicas. O conselho mundial adorou o carro e levou para a <strong>Alemanha.<\/strong> Agora, esse desenho brasileiro vai ser produzido na Europa\u201d, disse o presidente da <strong>Volkswagen<\/strong> na <strong>Am\u00e9rica Latina.<\/strong><\/p>\n","protected":false},"excerpt":{"rendered":"<p>O diretor-presidente da Volkswagen, Herbert Diess, declarou nesta ter\u00e7a-feira (10), que n\u00e3o tem interesse em adquirir uma fatia da marca de carros el\u00e9tricos Tesla. Presidente da Volkswagen nega interesse em fatia da Tesla No sal\u00e3o do autom\u00f3vel de Frankfurt, o diretor da Volkswagen disse que admira o fundador da Tesla, Elon Musk, pois o considera [&hellip;]<\/p>\n","protected":false},"author":23,"featured_media":37112,"comment_status":"closed","ping_status":"closed","sticky":false,"template":"","format":"standard","meta":[],"categories":[64],"tags":[1376,726,727,854],"suno_strategy":[],"class_list":["post-37111","post","type-post","status-publish","format-standard","has-post-thumbnail","hentry","category-negocios","tag-carros-eletricos","tag-elon-musk","tag-tesla-tsla34","tag-volkswagen"],"yoast_head":"<!-- This site is optimized with the Yoast SEO plugin v24.4 - https:\/\/yoast.com\/wordpress\/plugins\/seo\/ -->\n<title>Presidente da Volkswagen nega interesse em fatia da Tesla<\/title>\n<meta name=\"description\" content=\"O diretor-presidente da Volkswagen declarou que n\u00e3o tem interesse em adquirir uma fatia da marca de carros el\u00e9tricos Tesla. Clique para mais.\" \/>\n<meta name=\"robots\" content=\"index, follow, max-snippet:-1, max-image-preview:large, max-video-preview:-1\" \/>\n<link rel=\"canonical\" href=\"https:\/\/www.suno.com.br\/noticias\/presidente-volkswagen-nega-interesse-tesla\/\" \/>\n<meta property=\"og:locale\" content=\"pt_BR\" \/>\n<meta property=\"og:type\" content=\"article\" \/>\n<meta property=\"og:title\" content=\"Presidente da Volkswagen nega interesse em fatia da Tesla\" \/>\n<meta property=\"og:description\" content=\"O diretor-presidente da Volkswagen declarou que n\u00e3o tem interesse em adquirir uma fatia da marca de carros el\u00e9tricos Tesla. Clique para mais.\" \/>\n<meta property=\"og:url\" content=\"https:\/\/www.suno.com.br\/noticias\/presidente-volkswagen-nega-interesse-tesla\/\" \/>\n<meta property=\"og:site_name\" content=\"Suno Not\u00edcias\" \/>\n<meta property=\"article:publisher\" content=\"https:\/\/facebook.com\/sunoresearch\" \/>\n<meta property=\"og:image\" content=\"https:\/\/files.sunoresearch.com.br\/n\/uploads\/2019\/09\/55744a90-herbert-diess.jpg\" \/>\n\t<meta property=\"og:image:width\" content=\"1200\" \/>\n\t<meta property=\"og:image:height\" content=\"670\" \/>\n\t<meta property=\"og:image:type\" content=\"image\/jpeg\" \/>\n<meta name=\"author\" content=\"Rafael Lara\" \/>\n<meta name=\"twitter:card\" content=\"summary_large_image\" \/>\n<meta name=\"twitter:creator\" content=\"@sunoresearch\" \/>\n<meta name=\"twitter:site\" content=\"@sunoresearch\" \/>\n<meta name=\"twitter:label1\" content=\"Escrito por\" \/>\n\t<meta name=\"twitter:data1\" content=\"Rafael Lara\" \/>\n\t<meta name=\"twitter:label2\" content=\"Est. tempo de leitura\" \/>\n\t<meta name=\"twitter:data2\" content=\"2 minutos\" \/>\n<script type=\"application\/ld+json\" class=\"yoast-schema-graph\">{\"@context\":\"https:\/\/schema.org\",\"@graph\":[{\"@type\":\"NewsArticle\",\"@id\":\"https:\/\/www.suno.com.br\/noticias\/presidente-volkswagen-nega-interesse-tesla\/#article\",\"isPartOf\":{\"@id\":\"https:\/\/www.suno.com.br\/noticias\/presidente-volkswagen-nega-interesse-tesla\/\"},\"author\":{\"name\":\"Rafael Lara\",\"@id\":\"https:\/\/www.suno.com.br\/noticias\/#\/schema\/person\/098743caeed97b37f51315c9576c4078\"},\"headline\":\"Presidente da Volkswagen nega interesse em fatia da Tesla\",\"datePublished\":\"2019-09-10T23:28:02+00:00\",\"mainEntityOfPage\":{\"@id\":\"https:\/\/www.suno.com.br\/noticias\/presidente-volkswagen-nega-interesse-tesla\/\"},\"wordCount\":357,\"publisher\":{\"@id\":\"https:\/\/www.suno.com.br\/noticias\/#organization\"},\"image\":{\"@id\":\"https:\/\/www.suno.com.br\/noticias\/presidente-volkswagen-nega-interesse-tesla\/#primaryimage\"},\"thumbnailUrl\":\"https:\/\/files.sunoresearch.com.br\/n\/uploads\/2019\/09\/55744a90-herbert-diess-jpg.webp\",\"keywords\":[\"carros el\u00e9tricos\",\"Elon Musk\",\"Tesla (TSLA34)\",\"Volkswagen\"],\"articleSection\":[\"Neg\u00f3cios\"],\"inLanguage\":\"pt-BR\"},{\"@type\":\"WebPage\",\"@id\":\"https:\/\/www.suno.com.br\/noticias\/presidente-volkswagen-nega-interesse-tesla\/\",\"url\":\"https:\/\/www.suno.com.br\/noticias\/presidente-volkswagen-nega-interesse-tesla\/\",\"name\":\"Presidente da Volkswagen nega interesse em fatia da Tesla\",\"isPartOf\":{\"@id\":\"https:\/\/www.suno.com.br\/noticias\/#website\"},\"primaryImageOfPage\":{\"@id\":\"https:\/\/www.suno.com.br\/noticias\/presidente-volkswagen-nega-interesse-tesla\/#primaryimage\"},\"image\":{\"@id\":\"https:\/\/www.suno.com.br\/noticias\/presidente-volkswagen-nega-interesse-tesla\/#primaryimage\"},\"thumbnailUrl\":\"https:\/\/files.sunoresearch.com.br\/n\/uploads\/2019\/09\/55744a90-herbert-diess-jpg.webp\",\"datePublished\":\"2019-09-10T23:28:02+00:00\",\"description\":\"O diretor-presidente da Volkswagen declarou que n\u00e3o tem interesse em adquirir uma fatia da marca de carros el\u00e9tricos Tesla. Clique para mais.\",\"breadcrumb\":{\"@id\":\"https:\/\/www.suno.com.br\/noticias\/presidente-volkswagen-nega-interesse-tesla\/#breadcrumb\"},\"inLanguage\":\"pt-BR\",\"potentialAction\":[{\"@type\":\"ReadAction\",\"target\":[\"https:\/\/www.suno.com.br\/noticias\/presidente-volkswagen-nega-interesse-tesla\/\"]}]},{\"@type\":\"ImageObject\",\"inLanguage\":\"pt-BR\",\"@id\":\"https:\/\/www.suno.com.br\/noticias\/presidente-volkswagen-nega-interesse-tesla\/#primaryimage\",\"url\":\"https:\/\/files.sunoresearch.com.br\/n\/uploads\/2019\/09\/55744a90-herbert-diess-jpg.webp\",\"contentUrl\":\"https:\/\/files.sunoresearch.com.br\/n\/uploads\/2019\/09\/55744a90-herbert-diess-jpg.webp\",\"width\":1200,\"height\":670,\"caption\":\"Presidente da Volkswagen nega interesse em fatia da Tesla\"},{\"@type\":\"BreadcrumbList\",\"@id\":\"https:\/\/www.suno.com.br\/noticias\/presidente-volkswagen-nega-interesse-tesla\/#breadcrumb\",\"itemListElement\":[{\"@type\":\"ListItem\",\"position\":1,\"name\":\"Not\u00edcias\",\"item\":\"https:\/\/www.suno.com.br\/noticias\/\"},{\"@type\":\"ListItem\",\"position\":2,\"name\":\"Neg\u00f3cios\",\"item\":\"https:\/\/www.suno.com.br\/noticias\/negocios\/\"},{\"@type\":\"ListItem\",\"position\":3,\"name\":\"Presidente da Volkswagen nega interesse em fatia da Tesla\"}]},{\"@type\":\"WebSite\",\"@id\":\"https:\/\/www.suno.com.br\/noticias\/#website\",\"url\":\"https:\/\/www.suno.com.br\/noticias\/\",\"name\":\"Suno Not\u00edcias\",\"description\":\"Seu portal de informa\u00e7\u00e3o sobre o mundo dos investimentos\",\"publisher\":{\"@id\":\"https:\/\/www.suno.com.br\/noticias\/#organization\"},\"potentialAction\":[{\"@type\":\"SearchAction\",\"target\":{\"@type\":\"EntryPoint\",\"urlTemplate\":\"https:\/\/www.suno.com.br\/noticias\/?s={search_term_string}\"},\"query-input\":{\"@type\":\"PropertyValueSpecification\",\"valueRequired\":true,\"valueName\":\"search_term_string\"}}],\"inLanguage\":\"pt-BR\"},{\"@type\":\"Organization\",\"@id\":\"https:\/\/www.suno.com.br\/noticias\/#organization\",\"name\":\"Suno Not\u00edcias\",\"url\":\"https:\/\/www.suno.com.br\/noticias\/\",\"logo\":{\"@type\":\"ImageObject\",\"inLanguage\":\"pt-BR\",\"@id\":\"https:\/\/www.suno.com.br\/noticias\/#\/schema\/logo\/image\/\",\"url\":\"https:\/\/files.sunoresearch.com.br\/n\/uploads\/2021\/09\/suno-logo.png\",\"contentUrl\":\"https:\/\/files.sunoresearch.com.br\/n\/uploads\/2021\/09\/suno-logo.png\",\"width\":180,\"height\":180,\"caption\":\"Suno Not\u00edcias\"},\"image\":{\"@id\":\"https:\/\/www.suno.com.br\/noticias\/#\/schema\/logo\/image\/\"},\"sameAs\":[\"https:\/\/facebook.com\/sunoresearch\",\"https:\/\/x.com\/sunoresearch\",\"https:\/\/www.instagram.com\/suno\",\"https:\/\/www.linkedin.com\/company\/suno-research\/\",\"https:\/\/www.youtube.com\/c\/sunoresearch\"]},{\"@type\":\"Person\",\"@id\":\"https:\/\/www.suno.com.br\/noticias\/#\/schema\/person\/098743caeed97b37f51315c9576c4078\",\"name\":\"Rafael Lara\",\"image\":{\"@type\":\"ImageObject\",\"inLanguage\":\"pt-BR\",\"@id\":\"https:\/\/www.suno.com.br\/noticias\/#\/schema\/person\/image\/\",\"url\":\"https:\/\/secure.gravatar.com\/avatar\/dfc254ab9bb2ea1895d98b9e9dae4bdd?s=96&r=g\",\"contentUrl\":\"https:\/\/secure.gravatar.com\/avatar\/dfc254ab9bb2ea1895d98b9e9dae4bdd?s=96&r=g\",\"caption\":\"Rafael Lara\"},\"description\":\"Rafael Lara cursa jornalismo na Faculdade C\u00e1sper L\u00edbero. Escreve sobre pol\u00edtica, economia e neg\u00f3cios para o portal Suno Not\u00edcias. Antes, colaborou na TV Gazeta na produ\u00e7\u00e3o do programa Edi\u00e7\u00e3o Extra.\",\"url\":\"https:\/\/www.suno.com.br\/noticias\/author\/rafael\/\"}]}<\/script>\n<!-- \/ Yoast SEO plugin. -->","yoast_head_json":{"title":"Presidente da Volkswagen nega interesse em fatia da Tesla","description":"O diretor-presidente da Volkswagen declarou que n\u00e3o tem interesse em adquirir uma fatia da marca de carros el\u00e9tricos Tesla. Clique para mais.","robots":{"index":"index","follow":"follow","max-snippet":"max-snippet:-1","max-image-preview":"max-image-preview:large","max-video-preview":"max-video-preview:-1"},"canonical":"https:\/\/www.suno.com.br\/noticias\/presidente-volkswagen-nega-interesse-tesla\/","og_locale":"pt_BR","og_type":"article","og_title":"Presidente da Volkswagen nega interesse em fatia da Tesla","og_description":"O diretor-presidente da Volkswagen declarou que n\u00e3o tem interesse em adquirir uma fatia da marca de carros el\u00e9tricos Tesla. Clique para mais.","og_url":"https:\/\/www.suno.com.br\/noticias\/presidente-volkswagen-nega-interesse-tesla\/","og_site_name":"Suno Not\u00edcias","article_publisher":"https:\/\/facebook.com\/sunoresearch","og_image":[{"width":1200,"height":670,"url":"https:\/\/files.sunoresearch.com.br\/n\/uploads\/2019\/09\/55744a90-herbert-diess.jpg","type":"image\/jpeg"}],"author":"Rafael Lara","twitter_card":"summary_large_image","twitter_creator":"@sunoresearch","twitter_site":"@sunoresearch","twitter_misc":{"Escrito por":"Rafael Lara","Est. tempo de leitura":"2 minutos"},"schema":{"@context":"https:\/\/schema.org","@graph":[{"@type":"NewsArticle","@id":"https:\/\/www.suno.com.br\/noticias\/presidente-volkswagen-nega-interesse-tesla\/#article","isPartOf":{"@id":"https:\/\/www.suno.com.br\/noticias\/presidente-volkswagen-nega-interesse-tesla\/"},"author":{"name":"Rafael Lara","@id":"https:\/\/www.suno.com.br\/noticias\/#\/schema\/person\/098743caeed97b37f51315c9576c4078"},"headline":"Presidente da Volkswagen nega interesse em fatia da Tesla","datePublished":"2019-09-10T23:28:02+00:00","mainEntityOfPage":{"@id":"https:\/\/www.suno.com.br\/noticias\/presidente-volkswagen-nega-interesse-tesla\/"},"wordCount":357,"publisher":{"@id":"https:\/\/www.suno.com.br\/noticias\/#organization"},"image":{"@id":"https:\/\/www.suno.com.br\/noticias\/presidente-volkswagen-nega-interesse-tesla\/#primaryimage"},"thumbnailUrl":"https:\/\/files.sunoresearch.com.br\/n\/uploads\/2019\/09\/55744a90-herbert-diess-jpg.webp","keywords":["carros el\u00e9tricos","Elon Musk","Tesla (TSLA34)","Volkswagen"],"articleSection":["Neg\u00f3cios"],"inLanguage":"pt-BR"},{"@type":"WebPage","@id":"https:\/\/www.suno.com.br\/noticias\/presidente-volkswagen-nega-interesse-tesla\/","url":"https:\/\/www.suno.com.br\/noticias\/presidente-volkswagen-nega-interesse-tesla\/","name":"Presidente da Volkswagen nega interesse em fatia da Tesla","isPartOf":{"@id":"https:\/\/www.suno.com.br\/noticias\/#website"},"primaryImageOfPage":{"@id":"https:\/\/www.suno.com.br\/noticias\/presidente-volkswagen-nega-interesse-tesla\/#primaryimage"},"image":{"@id":"https:\/\/www.suno.com.br\/noticias\/presidente-volkswagen-nega-interesse-tesla\/#primaryimage"},"thumbnailUrl":"https:\/\/files.sunoresearch.com.br\/n\/uploads\/2019\/09\/55744a90-herbert-diess-jpg.webp","datePublished":"2019-09-10T23:28:02+00:00","description":"O diretor-presidente da Volkswagen declarou que n\u00e3o tem interesse em adquirir uma fatia da marca de carros el\u00e9tricos Tesla. Clique para mais.","breadcrumb":{"@id":"https:\/\/www.suno.com.br\/noticias\/presidente-volkswagen-nega-interesse-tesla\/#breadcrumb"},"inLanguage":"pt-BR","potentialAction":[{"@type":"ReadAction","target":["https:\/\/www.suno.com.br\/noticias\/presidente-volkswagen-nega-interesse-tesla\/"]}]},{"@type":"ImageObject","inLanguage":"pt-BR","@id":"https:\/\/www.suno.com.br\/noticias\/presidente-volkswagen-nega-interesse-tesla\/#primaryimage","url":"https:\/\/files.sunoresearch.com.br\/n\/uploads\/2019\/09\/55744a90-herbert-diess-jpg.webp","contentUrl":"https:\/\/files.sunoresearch.com.br\/n\/uploads\/2019\/09\/55744a90-herbert-diess-jpg.webp","width":1200,"height":670,"caption":"Presidente da Volkswagen nega interesse em fatia da Tesla"},{"@type":"BreadcrumbList","@id":"https:\/\/www.suno.com.br\/noticias\/presidente-volkswagen-nega-interesse-tesla\/#breadcrumb","itemListElement":[{"@type":"ListItem","position":1,"name":"Not\u00edcias","item":"https:\/\/www.suno.com.br\/noticias\/"},{"@type":"ListItem","position":2,"name":"Neg\u00f3cios","item":"https:\/\/www.suno.com.br\/noticias\/negocios\/"},{"@type":"ListItem","position":3,"name":"Presidente da Volkswagen nega interesse em fatia da Tesla"}]},{"@type":"WebSite","@id":"https:\/\/www.suno.com.br\/noticias\/#website","url":"https:\/\/www.suno.com.br\/noticias\/","name":"Suno Not\u00edcias","description":"Seu portal de informa\u00e7\u00e3o sobre o mundo dos investimentos","publisher":{"@id":"https:\/\/www.suno.com.br\/noticias\/#organization"},"potentialAction":[{"@type":"SearchAction","target":{"@type":"EntryPoint","urlTemplate":"https:\/\/www.suno.com.br\/noticias\/?s={search_term_string}"},"query-input":{"@type":"PropertyValueSpecification","valueRequired":true,"valueName":"search_term_string"}}],"inLanguage":"pt-BR"},{"@type":"Organization","@id":"https:\/\/www.suno.com.br\/noticias\/#organization","name":"Suno Not\u00edcias","url":"https:\/\/www.suno.com.br\/noticias\/","logo":{"@type":"ImageObject","inLanguage":"pt-BR","@id":"https:\/\/www.suno.com.br\/noticias\/#\/schema\/logo\/image\/","url":"https:\/\/files.sunoresearch.com.br\/n\/uploads\/2021\/09\/suno-logo.png","contentUrl":"https:\/\/files.sunoresearch.com.br\/n\/uploads\/2021\/09\/suno-logo.png","width":180,"height":180,"caption":"Suno Not\u00edcias"},"image":{"@id":"https:\/\/www.suno.com.br\/noticias\/#\/schema\/logo\/image\/"},"sameAs":["https:\/\/facebook.com\/sunoresearch","https:\/\/x.com\/sunoresearch","https:\/\/www.instagram.com\/suno","https:\/\/www.linkedin.com\/company\/suno-research\/","https:\/\/www.youtube.com\/c\/sunoresearch"]},{"@type":"Person","@id":"https:\/\/www.suno.com.br\/noticias\/#\/schema\/person\/098743caeed97b37f51315c9576c4078","name":"Rafael Lara","image":{"@type":"ImageObject","inLanguage":"pt-BR","@id":"https:\/\/www.suno.com.br\/noticias\/#\/schema\/person\/image\/","url":"https:\/\/secure.gravatar.com\/avatar\/dfc254ab9bb2ea1895d98b9e9dae4bdd?s=96&r=g","contentUrl":"https:\/\/secure.gravatar.com\/avatar\/dfc254ab9bb2ea1895d98b9e9dae4bdd?s=96&r=g","caption":"Rafael Lara"},"description":"Rafael Lara cursa jornalismo na Faculdade C\u00e1sper L\u00edbero. Escreve sobre pol\u00edtica, economia e neg\u00f3cios para o portal Suno Not\u00edcias. Antes, colaborou na TV Gazeta na produ\u00e7\u00e3o do programa Edi\u00e7\u00e3o Extra.","url":"https:\/\/www.suno.com.br\/noticias\/author\/rafael\/"}]}},"default_loop_html":"<div class=\"cardsPage__listCard__boxs\"><div class=\"cardsPage__listCard__boxs__img\"><a href=\"https:\/\/www.suno.com.br\/noticias\/presidente-volkswagen-nega-interesse-tesla\/\"><img class=\"mask\" src=\"https:\/\/www.suno.com.br\/noticias\/wp-content\/themes\/suno\/resources\/images\/spotlight\/spotlight1img\/bg-mask.png\" alt=\"Image Mask\"\/><img src=\"https:\/\/files.sunoresearch.com.br\/n\/uploads\/2019\/09\/55744a90-herbert-diess-400x200.webp\" alt=\"Presidente da Volkswagen nega interesse em fatia da Tesla\"\/><\/a><span class=\"spotlightCategory\"><a href=\"https:\/\/www.suno.com.br\/noticias\/negocios\/\">Neg\u00f3cios<\/a><\/span><\/div><div class=\"cardsPage__listCard__boxs__content\"><a href=\"https:\/\/www.suno.com.br\/noticias\/presidente-volkswagen-nega-interesse-tesla\/\"><h2 class=\"content__title\">Presidente da Volkswagen nega interesse em fatia da Tesla<\/h2><\/a><div class=\"newsContent__article__meta\"><div class=\"newsContent__article__meta__authorBox\"><a href=\"https:\/\/www.suno.com.br\/noticias\/author\/rafael\/\" class=\"authorBox__avatar noMobi\"><img src=\"https:\/\/secure.gravatar.com\/avatar\/dfc254ab9bb2ea1895d98b9e9dae4bdd?s=96&#038;r=g\" alt=\"Rafael Lara\"><\/a><div class=\"authorBox__name\"><span>por\n\t\t\t<a href=\"https:\/\/www.suno.com.br\/noticias\/author\/rafael\/\"><span itemprop=\"author\">Rafael Lara<\/span><\/a><\/span><time datetime=\"2019-09-10T20:28:02-03:00\" itemprop=\"datePublished\">10\/09\/2019 20:28<\/time><\/div><\/div><\/div><\/div><\/div>","single_layout":"posts","amp_enabled":true,"_links":{"self":[{"href":"https:\/\/www.suno.com.br\/noticias\/wp-json\/wp\/v2\/posts\/37111"}],"collection":[{"href":"https:\/\/www.suno.com.br\/noticias\/wp-json\/wp\/v2\/posts"}],"about":[{"href":"https:\/\/www.suno.com.br\/noticias\/wp-json\/wp\/v2\/types\/post"}],"author":[{"embeddable":true,"href":"https:\/\/www.suno.com.br\/noticias\/wp-json\/wp\/v2\/users\/23"}],"replies":[{"embeddable":true,"href":"https:\/\/www.suno.com.br\/noticias\/wp-json\/wp\/v2\/comments?post=37111"}],"version-history":[{"count":0,"href":"https:\/\/www.suno.com.br\/noticias\/wp-json\/wp\/v2\/posts\/37111\/revisions"}],"wp:featuredmedia":[{"embeddable":true,"href":"https:\/\/www.suno.com.br\/noticias\/wp-json\/wp\/v2\/media\/37112"}],"wp:attachment":[{"href":"https:\/\/www.suno.com.br\/noticias\/wp-json\/wp\/v2\/media?parent=37111"}],"wp:term":[{"taxonomy":"category","embeddable":true,"href":"https:\/\/www.suno.com.br\/noticias\/wp-json\/wp\/v2\/categories?post=37111"},{"taxonomy":"post_tag","embeddable":true,"href":"https:\/\/www.suno.com.br\/noticias\/wp-json\/wp\/v2\/tags?post=37111"},{"taxonomy":"suno_strategy","embeddable":true,"href":"https:\/\/www.suno.com.br\/noticias\/wp-json\/wp\/v2\/suno_strategy?post=37111"}],"curies":[{"name":"wp","href":"https:\/\/api.w.org\/{rel}","templated":true}]}}