{"id":37092,"date":"2019-09-10T17:11:07","date_gmt":"2019-09-10T20:11:07","guid":{"rendered":"https:\/\/www.suno.com.br\/noticias\/?p=37092"},"modified":"2019-09-10T18:03:45","modified_gmt":"2019-09-10T21:03:45","slug":"dolar-encerra-queda-apos-amazon-prime-10092019","status":"publish","type":"post","link":"https:\/\/www.suno.com.br\/noticias\/dolar-encerra-queda-apos-amazon-prime-10092019\/","title":{"rendered":"D\u00f3lar encerra em queda ap\u00f3s chegada da Amazon Prime no Brasil"},"content":{"rendered":"<p>O d\u00f3lar encerrou nesta ter\u00e7a-feira (10) em queda de -0,088% sendo vendido a R$ 4,0957.<\/p>\t<div class=\"wrapper-featured-image\">\n\t\t<figure class=\"spotlightImg\">\n\n\t\t\t<picture>\n\t\t\t\t<source media=\"(max-width: 768px)\" srcset=\"https:\/\/files.sunoresearch.com.br\/n\/uploads\/2019\/03\/de905e16-d\u00f3lar-400x200.webp\">\n\t\t\t\t<img loading=\"lazy\" decoding=\"async\" class=\"newsContent__article__imgCapa lazyloadDisabled newsContent__article__imgCapa--noCaption\" src=\"https:\/\/files.sunoresearch.com.br\/n\/uploads\/2019\/03\/de905e16-d\u00f3lar-800x450.webp\" width=\"800\" height=\"450\" alt=\"D\u00f3lar encerra em queda ap\u00f3s chegada da Amazon Prime no Brasil\" fetchpriority=high \/>\n\t\t\t<\/picture>\n\n\t\t\t<figcaption class=\"wp-caption-text wp-caption-text--hide\">O d\u00f3lar hoje teve um dia de forte volatilidade, respercutindo a vit\u00f3ria de Biden e as not\u00edcias sobre a vacina da Pfizer<\/figcaption>\n\t\t<\/figure>\n\t<\/div>\n\n\n\n<p>O <strong>d\u00f3lar<\/strong> caiu devido a v\u00e1rios fatores. O principal deles, a chegada da <strong>Amazon Prime<\/strong> no <strong>Brasil<\/strong> nesta ter\u00e7a.<\/p>\n<p>Al\u00e9m disso, contribu\u00edram para a queda:<\/p>\n<ul>\n<li>a not\u00edcia de que o <strong>Banco<\/strong> <strong>do<\/strong> <strong>Brasil<\/strong> (<strong>BBAS3<\/strong>) estaria em conversas avan\u00e7adas para concretizar uma parceria com o banco sui\u00e7o <strong>UBS<\/strong><\/li>\n<li>a <strong>XP<\/strong> <strong>Investimentos<\/strong> ter retornado ao estudo do plano de seu <strong>IPO<\/strong> nos Estados Unidos.<\/li>\n<\/ul>\n<h2>Amazon Prime chega ao Brasil<\/h2>\n<p>Desde a meia noite desta ter\u00e7a, a <strong>Amazon<\/strong> <strong>Prime<\/strong> est\u00e1 dispon\u00edvel no <strong>Brasil.<\/strong> O servi\u00e7o custa R$ 9,90 ao m\u00eas, com desconto de 25% no plano anual, que sai por R$ 89,90. Os 30 primeiros dias, de teste, s\u00e3o gratuitos.<\/p>\n<p><a href=\"https:\/\/www.suno.com.br\/noticias\/amazon-prime-chega-ao-brasil\/\">Saiba mais: Amazon Prime chega ao Brasil nesta ter\u00e7a-feira<\/a><\/p>\n<p>O plano da <strong>Amazon<\/strong> inclui, al\u00e9m do frete gr\u00e1tis para todas as categorias de produtos vendidos e entregues pela companhia, as assinaturas do<strong> Prime Video,<\/strong> como o <strong>Netflix,<\/strong> e o <strong>Prime Music,<\/strong> que est\u00e1 sendo lan\u00e7ado com mais de 2 milh\u00f5es de m\u00fasicas, competindo com o <strong>Spotify.<\/strong> O <strong>Prime Reading<\/strong> e <strong>Twitch Prime<\/strong> tamb\u00e9m est\u00e3o inclusos.<\/p>\n<p>Nos <strong>Estados Unidos,<\/strong> o valor do <strong>Prime<\/strong> \u00e9 mais alto. S\u00e3o cobrados US$ 12,99 mensais ou US$ 119 no plano anual. Nesta ter\u00e7a-feira (10), em todo o site e aplicativo, haver\u00e1 sinaliza\u00e7\u00f5es para divulgar a novidade para os clientes.<\/p>\n<h2>Joint-venture entre UBS e Banco do Brasil<\/h2>\n<p>O <strong>Banco do Brasil<\/strong> em conversas avan\u00e7adas para sacramentar uma parceria com o banco su\u00ed\u00e7o <strong>UBS<\/strong>, segundo fontes. A cria\u00e7\u00e3o da <a href=\"https:\/\/www.suno.com.br\/artigos\/joint-venture\/\">joint-venture<\/a> envolveria tamb\u00e9m a corretora da institui\u00e7\u00e3o banc\u00e1ria e um banco de investimentos.<\/p>\n<p><a href=\"https:\/\/www.suno.com.br\/noticias\/join-venture-entre-ubs-e-banco-do-brasil-deve-incluir-corretora-e-banco-de-investimentos\/\">Saiba mais: Joint-venture entre UBS e Banco do Brasil deve incluir corretora e banco de investimentos<\/a><\/p>\n<p>Mesmo sendo o maior gestor de recursos de terceiros no Pa\u00eds, o <strong>Banco<\/strong> <strong>do<\/strong> <strong>Brasil<\/strong> n\u00e3o possui corretora pr\u00f3pria para trading de a\u00e7\u00f5es ou derivativos. As opera\u00e7\u00f5es s\u00e3o realizadas atrav\u00e9s de outros bancos. Segundo a <strong>Associa\u00e7\u00e3o Brasileira das Entidades dos Mercados Financeiros<\/strong> <strong>e<\/strong> <strong>de Capitais<\/strong> (<strong><a href=\"https:\/\/www.suno.com.br\/artigos\/anbima\/\">Anbima<\/a><\/strong>), em julho, o <strong>BB<\/strong> possu\u00eda R$ 1 trilh\u00e3o em recursos sob gest\u00e3o.<\/p>\n<p>J\u00e1 o UBS, com sua corretora, ocupava a primeira posi\u00e7\u00e3o no trading de a\u00e7\u00f5es no Brasil desde 2014, e est\u00e1 em segundo lugar neste ano, segundo a Bloomberg.<\/p>\n<p>Na parceria entre as duas institui\u00e7\u00f5es, o banco su\u00ed\u00e7o controlaria a sociedade, fazendo o trading de a\u00e7\u00f5es e futuros, al\u00e9m da atividade do banco de investimentos, segundo fontes.<\/p>\n<h2>XP Investimentos pode realizar IPO nos EUA<\/h2>\n<p>A <strong>XP<\/strong> <strong>Investimentos<\/strong> retorna ao estudo do plano de sua oferta inicial de a\u00e7\u00f5es (<strong><a href=\"https:\/\/www.suno.com.br\/artigos\/vale-a-pena-investir-em-um-ipo-parte-1\/\">IPO<\/a><\/strong>). O projeto foi interrompido ap\u00f3s a oferta do Ita\u00fa Unibanco, h\u00e1 dois anos atr\u00e1s, de aquisi\u00e7\u00e3o de 49,9% da empresa.<\/p>\n<p><a href=\"https:\/\/www.suno.com.br\/noticias\/xp-investimentos-ipo-acoes-abertura-eua-capital\/\">Saiba mais: XP Investimentos estuda realizar IPO nos Estados Unidos<\/a><\/p>\n<p>O plano que est\u00e1 sendo estudado pela <strong>XP<\/strong> <strong>Investimentos<\/strong> \u00e9 a realiza\u00e7\u00e3o do <strong>IPO<\/strong> nos <strong>Estados<\/strong> <strong>Unidos<\/strong>, por\u00e9m, para a emiss\u00e3o de Brazilian Depositary Receipts (<strong>BDRs<\/strong>), seria necess\u00e1rio que a Comiss\u00e3o de Valores Mobili\u00e1rios (<a href=\"https:\/\/www.suno.com.br\/artigos\/cvm\/\"><strong>CVM<\/strong><\/a>) alterasse a regra.<\/p>\n<p>De acordo com a divulga\u00e7\u00e3o do jornal &#8220;Estado de S.Paulo&#8221;, a <strong>CVM<\/strong> estuda a possibilidade de mudan\u00e7a ap\u00f3s diversas companhias brasileiras do setor de tecnologia optarem por listarem suas a\u00e7\u00f5es fora do Pa\u00eds.<\/p>\n<h2>\u00daltima cota\u00e7\u00e3o do d\u00f3lar<\/h2>\n<p>Na \u00faltima sess\u00e3o, segunda-feira (9), o <strong><a href=\"https:\/\/www.youtube.com\/watch?v=G3KrdD4iQyI\">d\u00f3lar<\/a><\/strong> encerrou em alta +0,463% sendo vendido a R$ 4,0993.<\/p>\n","protected":false},"excerpt":{"rendered":"<p>O d\u00f3lar encerrou nesta ter\u00e7a-feira (10) em queda de -0,088% sendo vendido a R$ 4,0957. O d\u00f3lar hoje teve um dia de forte volatilidade, respercutindo a vit\u00f3ria de Biden e as not\u00edcias sobre a vacina da Pfizer O d\u00f3lar caiu devido a v\u00e1rios fatores. O principal deles, a chegada da Amazon Prime no Brasil nesta [&hellip;]<\/p>\n","protected":false},"author":23,"featured_media":19509,"comment_status":"closed","ping_status":"closed","sticky":false,"template":"","format":"standard","meta":[],"categories":[60],"tags":[694,732,326,319,747,888],"suno_strategy":[],"class_list":["post-37092","post","type-post","status-publish","format-standard","has-post-thumbnail","hentry","category-mercado","tag-amazon-amzo34","tag-banco-do-brasil-bbas3","tag-dolar","tag-ipo-oferta-inicial-de-acoes","tag-ubs-ubsg34","tag-xp-investimentos"],"yoast_head":"<!-- This site is optimized with the Yoast SEO plugin v24.4 - https:\/\/yoast.com\/wordpress\/plugins\/seo\/ -->\n<title>D\u00f3lar encerra em queda ap\u00f3s chegada da Amazon Prime no Brasil<\/title>\n<meta name=\"description\" content=\"O d\u00f3lar encerrou em queda de -0,088% sendo vendido a R$ 4,0957. Devido, principalmente, a chegada da Amazon Prime no Pa\u00eds. Clique para mais.\" \/>\n<meta name=\"robots\" content=\"index, follow, max-snippet:-1, max-image-preview:large, max-video-preview:-1\" \/>\n<link rel=\"canonical\" href=\"https:\/\/www.suno.com.br\/noticias\/dolar-encerra-queda-apos-amazon-prime-10092019\/\" \/>\n<meta property=\"og:locale\" content=\"pt_BR\" \/>\n<meta property=\"og:type\" content=\"article\" \/>\n<meta property=\"og:title\" content=\"D\u00f3lar encerra em queda ap\u00f3s chegada da Amazon Prime no Brasil\" \/>\n<meta property=\"og:description\" content=\"O d\u00f3lar encerrou em queda de -0,088% sendo vendido a R$ 4,0957. Devido, principalmente, a chegada da Amazon Prime no Pa\u00eds. Clique para mais.\" \/>\n<meta property=\"og:url\" content=\"https:\/\/www.suno.com.br\/noticias\/dolar-encerra-queda-apos-amazon-prime-10092019\/\" \/>\n<meta property=\"og:site_name\" content=\"Suno Not\u00edcias\" \/>\n<meta property=\"article:publisher\" content=\"https:\/\/facebook.com\/sunoresearch\" \/>\n<meta property=\"og:image\" content=\"https:\/\/files.sunoresearch.com.br\/n\/uploads\/2019\/03\/de905e16-d\u00f3lar.jpg\" \/>\n\t<meta property=\"og:image:width\" content=\"960\" \/>\n\t<meta property=\"og:image:height\" content=\"617\" \/>\n\t<meta property=\"og:image:type\" content=\"image\/jpeg\" \/>\n<meta name=\"author\" content=\"Rafael Lara\" \/>\n<meta name=\"twitter:card\" content=\"summary_large_image\" \/>\n<meta name=\"twitter:creator\" content=\"@sunoresearch\" \/>\n<meta name=\"twitter:site\" content=\"@sunoresearch\" \/>\n<meta name=\"twitter:label1\" content=\"Escrito por\" \/>\n\t<meta name=\"twitter:data1\" content=\"Rafael Lara\" \/>\n\t<meta name=\"twitter:label2\" content=\"Est. tempo de leitura\" \/>\n\t<meta name=\"twitter:data2\" content=\"3 minutos\" \/>\n<script type=\"application\/ld+json\" class=\"yoast-schema-graph\">{\"@context\":\"https:\/\/schema.org\",\"@graph\":[{\"@type\":\"NewsArticle\",\"@id\":\"https:\/\/www.suno.com.br\/noticias\/dolar-encerra-queda-apos-amazon-prime-10092019\/#article\",\"isPartOf\":{\"@id\":\"https:\/\/www.suno.com.br\/noticias\/dolar-encerra-queda-apos-amazon-prime-10092019\/\"},\"author\":{\"name\":\"Rafael Lara\",\"@id\":\"https:\/\/www.suno.com.br\/noticias\/#\/schema\/person\/098743caeed97b37f51315c9576c4078\"},\"headline\":\"D\u00f3lar encerra em queda ap\u00f3s chegada da Amazon Prime no Brasil\",\"datePublished\":\"2019-09-10T20:11:07+00:00\",\"dateModified\":\"2019-09-10T21:03:45+00:00\",\"mainEntityOfPage\":{\"@id\":\"https:\/\/www.suno.com.br\/noticias\/dolar-encerra-queda-apos-amazon-prime-10092019\/\"},\"wordCount\":606,\"publisher\":{\"@id\":\"https:\/\/www.suno.com.br\/noticias\/#organization\"},\"image\":{\"@id\":\"https:\/\/www.suno.com.br\/noticias\/dolar-encerra-queda-apos-amazon-prime-10092019\/#primaryimage\"},\"thumbnailUrl\":\"https:\/\/files.sunoresearch.com.br\/n\/uploads\/2019\/03\/de905e16-d\u00f3lar-jpg.webp\",\"keywords\":[\"Amazon (AMZO34)\",\"Banco do Brasil (BBAS3)\",\"d\u00f3lar\",\"IPO (Oferta Inicial de A\u00e7\u00f5es)\",\"UBS (UBSG34)\",\"XP Investimentos\"],\"articleSection\":[\"Mercado\"],\"inLanguage\":\"pt-BR\"},{\"@type\":\"WebPage\",\"@id\":\"https:\/\/www.suno.com.br\/noticias\/dolar-encerra-queda-apos-amazon-prime-10092019\/\",\"url\":\"https:\/\/www.suno.com.br\/noticias\/dolar-encerra-queda-apos-amazon-prime-10092019\/\",\"name\":\"D\u00f3lar encerra em queda ap\u00f3s chegada da Amazon Prime no Brasil\",\"isPartOf\":{\"@id\":\"https:\/\/www.suno.com.br\/noticias\/#website\"},\"primaryImageOfPage\":{\"@id\":\"https:\/\/www.suno.com.br\/noticias\/dolar-encerra-queda-apos-amazon-prime-10092019\/#primaryimage\"},\"image\":{\"@id\":\"https:\/\/www.suno.com.br\/noticias\/dolar-encerra-queda-apos-amazon-prime-10092019\/#primaryimage\"},\"thumbnailUrl\":\"https:\/\/files.sunoresearch.com.br\/n\/uploads\/2019\/03\/de905e16-d\u00f3lar-jpg.webp\",\"datePublished\":\"2019-09-10T20:11:07+00:00\",\"dateModified\":\"2019-09-10T21:03:45+00:00\",\"description\":\"O d\u00f3lar encerrou em queda de -0,088% sendo vendido a R$ 4,0957. Devido, principalmente, a chegada da Amazon Prime no Pa\u00eds. Clique para mais.\",\"breadcrumb\":{\"@id\":\"https:\/\/www.suno.com.br\/noticias\/dolar-encerra-queda-apos-amazon-prime-10092019\/#breadcrumb\"},\"inLanguage\":\"pt-BR\",\"potentialAction\":[{\"@type\":\"ReadAction\",\"target\":[\"https:\/\/www.suno.com.br\/noticias\/dolar-encerra-queda-apos-amazon-prime-10092019\/\"]}]},{\"@type\":\"ImageObject\",\"inLanguage\":\"pt-BR\",\"@id\":\"https:\/\/www.suno.com.br\/noticias\/dolar-encerra-queda-apos-amazon-prime-10092019\/#primaryimage\",\"url\":\"https:\/\/files.sunoresearch.com.br\/n\/uploads\/2019\/03\/de905e16-d\u00f3lar-jpg.webp\",\"contentUrl\":\"https:\/\/files.sunoresearch.com.br\/n\/uploads\/2019\/03\/de905e16-d\u00f3lar-jpg.webp\",\"width\":960,\"height\":617,\"caption\":\"O d\u00f3lar hoje teve um dia de forte volatilidade, respercutindo a vit\u00f3ria de Biden e as not\u00edcias sobre a vacina da Pfizer\"},{\"@type\":\"BreadcrumbList\",\"@id\":\"https:\/\/www.suno.com.br\/noticias\/dolar-encerra-queda-apos-amazon-prime-10092019\/#breadcrumb\",\"itemListElement\":[{\"@type\":\"ListItem\",\"position\":1,\"name\":\"Not\u00edcias\",\"item\":\"https:\/\/www.suno.com.br\/noticias\/\"},{\"@type\":\"ListItem\",\"position\":2,\"name\":\"Mercado\",\"item\":\"https:\/\/www.suno.com.br\/noticias\/mercado\/\"},{\"@type\":\"ListItem\",\"position\":3,\"name\":\"D\u00f3lar encerra em queda ap\u00f3s chegada da Amazon Prime no Brasil\"}]},{\"@type\":\"WebSite\",\"@id\":\"https:\/\/www.suno.com.br\/noticias\/#website\",\"url\":\"https:\/\/www.suno.com.br\/noticias\/\",\"name\":\"Suno Not\u00edcias\",\"description\":\"Seu portal de informa\u00e7\u00e3o sobre o mundo dos investimentos\",\"publisher\":{\"@id\":\"https:\/\/www.suno.com.br\/noticias\/#organization\"},\"potentialAction\":[{\"@type\":\"SearchAction\",\"target\":{\"@type\":\"EntryPoint\",\"urlTemplate\":\"https:\/\/www.suno.com.br\/noticias\/?s={search_term_string}\"},\"query-input\":{\"@type\":\"PropertyValueSpecification\",\"valueRequired\":true,\"valueName\":\"search_term_string\"}}],\"inLanguage\":\"pt-BR\"},{\"@type\":\"Organization\",\"@id\":\"https:\/\/www.suno.com.br\/noticias\/#organization\",\"name\":\"Suno Not\u00edcias\",\"url\":\"https:\/\/www.suno.com.br\/noticias\/\",\"logo\":{\"@type\":\"ImageObject\",\"inLanguage\":\"pt-BR\",\"@id\":\"https:\/\/www.suno.com.br\/noticias\/#\/schema\/logo\/image\/\",\"url\":\"https:\/\/files.sunoresearch.com.br\/n\/uploads\/2021\/09\/suno-logo.png\",\"contentUrl\":\"https:\/\/files.sunoresearch.com.br\/n\/uploads\/2021\/09\/suno-logo.png\",\"width\":180,\"height\":180,\"caption\":\"Suno Not\u00edcias\"},\"image\":{\"@id\":\"https:\/\/www.suno.com.br\/noticias\/#\/schema\/logo\/image\/\"},\"sameAs\":[\"https:\/\/facebook.com\/sunoresearch\",\"https:\/\/x.com\/sunoresearch\",\"https:\/\/www.instagram.com\/suno\",\"https:\/\/www.linkedin.com\/company\/suno-research\/\",\"https:\/\/www.youtube.com\/c\/sunoresearch\"]},{\"@type\":\"Person\",\"@id\":\"https:\/\/www.suno.com.br\/noticias\/#\/schema\/person\/098743caeed97b37f51315c9576c4078\",\"name\":\"Rafael Lara\",\"image\":{\"@type\":\"ImageObject\",\"inLanguage\":\"pt-BR\",\"@id\":\"https:\/\/www.suno.com.br\/noticias\/#\/schema\/person\/image\/\",\"url\":\"https:\/\/secure.gravatar.com\/avatar\/dfc254ab9bb2ea1895d98b9e9dae4bdd?s=96&r=g\",\"contentUrl\":\"https:\/\/secure.gravatar.com\/avatar\/dfc254ab9bb2ea1895d98b9e9dae4bdd?s=96&r=g\",\"caption\":\"Rafael Lara\"},\"description\":\"Rafael Lara cursa jornalismo na Faculdade C\u00e1sper L\u00edbero. Escreve sobre pol\u00edtica, economia e neg\u00f3cios para o portal Suno Not\u00edcias. Antes, colaborou na TV Gazeta na produ\u00e7\u00e3o do programa Edi\u00e7\u00e3o Extra.\",\"url\":\"https:\/\/www.suno.com.br\/noticias\/author\/rafael\/\"}]}<\/script>\n<!-- \/ Yoast SEO plugin. -->","yoast_head_json":{"title":"D\u00f3lar encerra em queda ap\u00f3s chegada da Amazon Prime no Brasil","description":"O d\u00f3lar encerrou em queda de -0,088% sendo vendido a R$ 4,0957. Devido, principalmente, a chegada da Amazon Prime no Pa\u00eds. Clique para mais.","robots":{"index":"index","follow":"follow","max-snippet":"max-snippet:-1","max-image-preview":"max-image-preview:large","max-video-preview":"max-video-preview:-1"},"canonical":"https:\/\/www.suno.com.br\/noticias\/dolar-encerra-queda-apos-amazon-prime-10092019\/","og_locale":"pt_BR","og_type":"article","og_title":"D\u00f3lar encerra em queda ap\u00f3s chegada da Amazon Prime no Brasil","og_description":"O d\u00f3lar encerrou em queda de -0,088% sendo vendido a R$ 4,0957. Devido, principalmente, a chegada da Amazon Prime no Pa\u00eds. Clique para mais.","og_url":"https:\/\/www.suno.com.br\/noticias\/dolar-encerra-queda-apos-amazon-prime-10092019\/","og_site_name":"Suno Not\u00edcias","article_publisher":"https:\/\/facebook.com\/sunoresearch","og_image":[{"width":960,"height":617,"url":"https:\/\/files.sunoresearch.com.br\/n\/uploads\/2019\/03\/de905e16-d\u00f3lar.jpg","type":"image\/jpeg"}],"author":"Rafael Lara","twitter_card":"summary_large_image","twitter_creator":"@sunoresearch","twitter_site":"@sunoresearch","twitter_misc":{"Escrito por":"Rafael Lara","Est. tempo de leitura":"3 minutos"},"schema":{"@context":"https:\/\/schema.org","@graph":[{"@type":"NewsArticle","@id":"https:\/\/www.suno.com.br\/noticias\/dolar-encerra-queda-apos-amazon-prime-10092019\/#article","isPartOf":{"@id":"https:\/\/www.suno.com.br\/noticias\/dolar-encerra-queda-apos-amazon-prime-10092019\/"},"author":{"name":"Rafael Lara","@id":"https:\/\/www.suno.com.br\/noticias\/#\/schema\/person\/098743caeed97b37f51315c9576c4078"},"headline":"D\u00f3lar encerra em queda ap\u00f3s chegada da Amazon Prime no Brasil","datePublished":"2019-09-10T20:11:07+00:00","dateModified":"2019-09-10T21:03:45+00:00","mainEntityOfPage":{"@id":"https:\/\/www.suno.com.br\/noticias\/dolar-encerra-queda-apos-amazon-prime-10092019\/"},"wordCount":606,"publisher":{"@id":"https:\/\/www.suno.com.br\/noticias\/#organization"},"image":{"@id":"https:\/\/www.suno.com.br\/noticias\/dolar-encerra-queda-apos-amazon-prime-10092019\/#primaryimage"},"thumbnailUrl":"https:\/\/files.sunoresearch.com.br\/n\/uploads\/2019\/03\/de905e16-d\u00f3lar-jpg.webp","keywords":["Amazon (AMZO34)","Banco do Brasil (BBAS3)","d\u00f3lar","IPO (Oferta Inicial de A\u00e7\u00f5es)","UBS (UBSG34)","XP Investimentos"],"articleSection":["Mercado"],"inLanguage":"pt-BR"},{"@type":"WebPage","@id":"https:\/\/www.suno.com.br\/noticias\/dolar-encerra-queda-apos-amazon-prime-10092019\/","url":"https:\/\/www.suno.com.br\/noticias\/dolar-encerra-queda-apos-amazon-prime-10092019\/","name":"D\u00f3lar encerra em queda ap\u00f3s chegada da Amazon Prime no Brasil","isPartOf":{"@id":"https:\/\/www.suno.com.br\/noticias\/#website"},"primaryImageOfPage":{"@id":"https:\/\/www.suno.com.br\/noticias\/dolar-encerra-queda-apos-amazon-prime-10092019\/#primaryimage"},"image":{"@id":"https:\/\/www.suno.com.br\/noticias\/dolar-encerra-queda-apos-amazon-prime-10092019\/#primaryimage"},"thumbnailUrl":"https:\/\/files.sunoresearch.com.br\/n\/uploads\/2019\/03\/de905e16-d\u00f3lar-jpg.webp","datePublished":"2019-09-10T20:11:07+00:00","dateModified":"2019-09-10T21:03:45+00:00","description":"O d\u00f3lar encerrou em queda de -0,088% sendo vendido a R$ 4,0957. Devido, principalmente, a chegada da Amazon Prime no Pa\u00eds. Clique para mais.","breadcrumb":{"@id":"https:\/\/www.suno.com.br\/noticias\/dolar-encerra-queda-apos-amazon-prime-10092019\/#breadcrumb"},"inLanguage":"pt-BR","potentialAction":[{"@type":"ReadAction","target":["https:\/\/www.suno.com.br\/noticias\/dolar-encerra-queda-apos-amazon-prime-10092019\/"]}]},{"@type":"ImageObject","inLanguage":"pt-BR","@id":"https:\/\/www.suno.com.br\/noticias\/dolar-encerra-queda-apos-amazon-prime-10092019\/#primaryimage","url":"https:\/\/files.sunoresearch.com.br\/n\/uploads\/2019\/03\/de905e16-d\u00f3lar-jpg.webp","contentUrl":"https:\/\/files.sunoresearch.com.br\/n\/uploads\/2019\/03\/de905e16-d\u00f3lar-jpg.webp","width":960,"height":617,"caption":"O d\u00f3lar hoje teve um dia de forte volatilidade, respercutindo a vit\u00f3ria de Biden e as not\u00edcias sobre a vacina da Pfizer"},{"@type":"BreadcrumbList","@id":"https:\/\/www.suno.com.br\/noticias\/dolar-encerra-queda-apos-amazon-prime-10092019\/#breadcrumb","itemListElement":[{"@type":"ListItem","position":1,"name":"Not\u00edcias","item":"https:\/\/www.suno.com.br\/noticias\/"},{"@type":"ListItem","position":2,"name":"Mercado","item":"https:\/\/www.suno.com.br\/noticias\/mercado\/"},{"@type":"ListItem","position":3,"name":"D\u00f3lar encerra em queda ap\u00f3s chegada da Amazon Prime no Brasil"}]},{"@type":"WebSite","@id":"https:\/\/www.suno.com.br\/noticias\/#website","url":"https:\/\/www.suno.com.br\/noticias\/","name":"Suno Not\u00edcias","description":"Seu portal de informa\u00e7\u00e3o sobre o mundo dos investimentos","publisher":{"@id":"https:\/\/www.suno.com.br\/noticias\/#organization"},"potentialAction":[{"@type":"SearchAction","target":{"@type":"EntryPoint","urlTemplate":"https:\/\/www.suno.com.br\/noticias\/?s={search_term_string}"},"query-input":{"@type":"PropertyValueSpecification","valueRequired":true,"valueName":"search_term_string"}}],"inLanguage":"pt-BR"},{"@type":"Organization","@id":"https:\/\/www.suno.com.br\/noticias\/#organization","name":"Suno Not\u00edcias","url":"https:\/\/www.suno.com.br\/noticias\/","logo":{"@type":"ImageObject","inLanguage":"pt-BR","@id":"https:\/\/www.suno.com.br\/noticias\/#\/schema\/logo\/image\/","url":"https:\/\/files.sunoresearch.com.br\/n\/uploads\/2021\/09\/suno-logo.png","contentUrl":"https:\/\/files.sunoresearch.com.br\/n\/uploads\/2021\/09\/suno-logo.png","width":180,"height":180,"caption":"Suno Not\u00edcias"},"image":{"@id":"https:\/\/www.suno.com.br\/noticias\/#\/schema\/logo\/image\/"},"sameAs":["https:\/\/facebook.com\/sunoresearch","https:\/\/x.com\/sunoresearch","https:\/\/www.instagram.com\/suno","https:\/\/www.linkedin.com\/company\/suno-research\/","https:\/\/www.youtube.com\/c\/sunoresearch"]},{"@type":"Person","@id":"https:\/\/www.suno.com.br\/noticias\/#\/schema\/person\/098743caeed97b37f51315c9576c4078","name":"Rafael Lara","image":{"@type":"ImageObject","inLanguage":"pt-BR","@id":"https:\/\/www.suno.com.br\/noticias\/#\/schema\/person\/image\/","url":"https:\/\/secure.gravatar.com\/avatar\/dfc254ab9bb2ea1895d98b9e9dae4bdd?s=96&r=g","contentUrl":"https:\/\/secure.gravatar.com\/avatar\/dfc254ab9bb2ea1895d98b9e9dae4bdd?s=96&r=g","caption":"Rafael Lara"},"description":"Rafael Lara cursa jornalismo na Faculdade C\u00e1sper L\u00edbero. Escreve sobre pol\u00edtica, economia e neg\u00f3cios para o portal Suno Not\u00edcias. Antes, colaborou na TV Gazeta na produ\u00e7\u00e3o do programa Edi\u00e7\u00e3o Extra.","url":"https:\/\/www.suno.com.br\/noticias\/author\/rafael\/"}]}},"default_loop_html":"<div class=\"cardsPage__listCard__boxs\"><div class=\"cardsPage__listCard__boxs__img\"><a href=\"https:\/\/www.suno.com.br\/noticias\/dolar-encerra-queda-apos-amazon-prime-10092019\/\"><img class=\"mask\" src=\"https:\/\/www.suno.com.br\/noticias\/wp-content\/themes\/suno\/resources\/images\/spotlight\/spotlight1img\/bg-mask.png\" alt=\"Image Mask\"\/><img src=\"https:\/\/files.sunoresearch.com.br\/n\/uploads\/2019\/03\/de905e16-d\u00f3lar-400x200.webp\" alt=\"D\u00f3lar encerra em queda ap\u00f3s chegada da Amazon Prime no Brasil\"\/><\/a><span class=\"spotlightCategory\"><a href=\"https:\/\/www.suno.com.br\/noticias\/mercado\/\">Mercado<\/a><\/span><\/div><div class=\"cardsPage__listCard__boxs__content\"><a href=\"https:\/\/www.suno.com.br\/noticias\/dolar-encerra-queda-apos-amazon-prime-10092019\/\"><h2 class=\"content__title\">D\u00f3lar encerra em queda ap\u00f3s chegada da Amazon Prime no Brasil<\/h2><\/a><div class=\"newsContent__article__meta\"><div class=\"newsContent__article__meta__authorBox\"><a href=\"https:\/\/www.suno.com.br\/noticias\/author\/rafael\/\" class=\"authorBox__avatar noMobi\"><img src=\"https:\/\/secure.gravatar.com\/avatar\/dfc254ab9bb2ea1895d98b9e9dae4bdd?s=96&#038;r=g\" alt=\"Rafael Lara\"><\/a><div class=\"authorBox__name\"><span>por\n\t\t\t<a href=\"https:\/\/www.suno.com.br\/noticias\/author\/rafael\/\"><span itemprop=\"author\">Rafael Lara<\/span><\/a><\/span><time datetime=\"2019-09-10T17:11:07-03:00\" itemprop=\"datePublished\">10\/09\/2019 17:11<\/time><\/div><\/div><\/div><\/div><\/div>","single_layout":"posts","amp_enabled":true,"_links":{"self":[{"href":"https:\/\/www.suno.com.br\/noticias\/wp-json\/wp\/v2\/posts\/37092"}],"collection":[{"href":"https:\/\/www.suno.com.br\/noticias\/wp-json\/wp\/v2\/posts"}],"about":[{"href":"https:\/\/www.suno.com.br\/noticias\/wp-json\/wp\/v2\/types\/post"}],"author":[{"embeddable":true,"href":"https:\/\/www.suno.com.br\/noticias\/wp-json\/wp\/v2\/users\/23"}],"replies":[{"embeddable":true,"href":"https:\/\/www.suno.com.br\/noticias\/wp-json\/wp\/v2\/comments?post=37092"}],"version-history":[{"count":0,"href":"https:\/\/www.suno.com.br\/noticias\/wp-json\/wp\/v2\/posts\/37092\/revisions"}],"wp:featuredmedia":[{"embeddable":true,"href":"https:\/\/www.suno.com.br\/noticias\/wp-json\/wp\/v2\/media\/19509"}],"wp:attachment":[{"href":"https:\/\/www.suno.com.br\/noticias\/wp-json\/wp\/v2\/media?parent=37092"}],"wp:term":[{"taxonomy":"category","embeddable":true,"href":"https:\/\/www.suno.com.br\/noticias\/wp-json\/wp\/v2\/categories?post=37092"},{"taxonomy":"post_tag","embeddable":true,"href":"https:\/\/www.suno.com.br\/noticias\/wp-json\/wp\/v2\/tags?post=37092"},{"taxonomy":"suno_strategy","embeddable":true,"href":"https:\/\/www.suno.com.br\/noticias\/wp-json\/wp\/v2\/suno_strategy?post=37092"}],"curies":[{"name":"wp","href":"https:\/\/api.w.org\/{rel}","templated":true}]}}