{"id":370328,"date":"2023-03-01T13:42:26","date_gmt":"2023-03-01T16:42:26","guid":{"rendered":"https:\/\/www.suno.com.br\/noticias\/?p=370328"},"modified":"2023-03-01T13:42:32","modified_gmt":"2023-03-01T16:42:32","slug":"fundos-imobiliarios-ifix-baixas-fevereiro-2023","status":"publish","type":"post","link":"https:\/\/www.suno.com.br\/noticias\/fundos-imobiliarios-ifix-baixas-fevereiro-2023\/","title":{"rendered":"BARI11 e CARE11: Veja as 5 maiores quedas entre os fundos imobili\u00e1rios do IFIX em fevereiro"},"content":{"rendered":"<p>O IFIX, principal \u00edndice de<strong> <a class=\"suno-keyword\" target=\"_blank\" data-force=\"no\" data-priority=\"2\" href=\"https:\/\/www.suno.com.br\/fundos-imobiliarios\/\" rel=\"noopener\">fundos imobili\u00e1rios<\/a> <\/strong>da Bolsa brasileira (B3), terminou fevereiro em baixa de 0,45%, aos 2.808,39 pontos, chegando ao quarto m\u00eas consecutivo sem registrar ganhos.<\/p>\t<div class=\"wrapper-featured-image\">\n\t\t<figure class=\"spotlightImg\">\n\n\t\t\t<picture>\n\t\t\t\t<source media=\"(max-width: 768px)\" srcset=\"https:\/\/files.sunoresearch.com.br\/n\/uploads\/2023\/03\/tim-trad-BwmOGbS2POw-unsplash-400x200.jpg\">\n\t\t\t\t<img loading=\"lazy\" decoding=\"async\" class=\"newsContent__article__imgCapa lazyloadDisabled \" src=\"https:\/\/files.sunoresearch.com.br\/n\/uploads\/2023\/03\/tim-trad-BwmOGbS2POw-unsplash-800x450.jpg\" width=\"800\" height=\"450\" alt=\"BARI11 e CARE11: Veja as 5 maiores quedas entre os fundos imobili\u00e1rios do IFIX em fevereiro\" fetchpriority=high \/>\n\t\t\t<\/picture>\n\n\t\t\t<figcaption class=\"wp-caption-text wp-caption-text--show\">Fundos imobili\u00e1rios. Foto: Unsplash<\/figcaption>\n\t\t<\/figure>\n\t<\/div>\n\n\n\n\n\n\t<p>\n\t\t<a href=\"https:\/\/lp2.suno.com.br\/cl\/black-friday-2025\/?utm_campaign=_SNCDF0E4858_\" target=\"_blank\" data-element=\"shortcode-suno-banner\" title=\"Banner SUNO, clique e saiba mais\">\n\t\t\t<picture>\n\t\t\t\t<source media=\"(max-width: 500px)\" srcset=\"https:\/\/files.sunoresearch.com.br\/n\/uploads\/2025\/10\/Artigos-e-Noticias-Banner-Home-artigos-01-Mobile_-400x300-1-png.webp\">\n\t\t\t\t<img class=\"newsContent__article__imgCapa newsContent__article__imgCapa--banner\"\n\t\t\t\t\tsrc=\"https:\/\/files.sunoresearch.com.br\/n\/uploads\/2025\/10\/Artigos-e-Noticias-Banner-Home-artigos-01-Desktop_-1420x240-1-png.webp\"\n\t\t\t\t\tdata-promo-id=\"311259\"\t\t\t\t\t\t\t\t\t\twidth='1420' height='240'\t\t\t\t\talt=\"https:\/\/files.sunoresearch.com.br\/n\/uploads\/2025\/10\/Artigos-e-Noticias-Banner-Home-artigos-01-Desktop_-1420x240-1-png.webp\"\n\t\t\t\t>\n\t\t\t<\/picture>\n\t\t<\/a>\n\t<\/p>\n\n\n\n\n\n<p>A <strong>cota\u00e7\u00e3o do IFIX<\/strong> atingiu sua m\u00e1xima mensal em 1\u00ba de fevereiro, aos 2.829,40 pontos. J\u00e1 a cota\u00e7\u00e3o m\u00ednima foi registrada no dia 13 do mesmo m\u00eas, aos 2.774,40 pontos.<\/p>\n\n\n\n<p>Os <strong>fundos imobili\u00e1rios de papel<\/strong> foram os mais beneficiados durante o m\u00eas de fevereiro, em raz\u00e3o da perman\u00eancia dos juros em altos patamares e infla\u00e7\u00e3o crescendo acima das proje\u00e7\u00f5es do mercado.<\/p>\n\n\n\t<div data-element=\"shortcode-read-more\" class=\"knowMore\">\n\t\t\t\t<span class=\"knowMore__title\">Leia mais<\/span>\n\t\t\t\t<a class=\"knowMore__link\" href=\"https:\/\/www.suno.com.br\/noticias\/fundos-imobiliarios-ifix-altas-fevereiro-2023\/\">\n\t\t\tJSRE11 e RBRR11: Veja os 5 fundos imobili\u00e1rios do IFIX que mais subiram em fevereiro\t\t<\/a>\n\t<\/div>\n\n\n\n\n<p>Em fevereiro, o \u00cdndice de Pre\u00e7os ao Consumidor Amplo (IPCA) teve alta de 0,76%. No mesmo m\u00eas, o Copom, do Banco Central do Brasil (BCB), tomou a decis\u00e3o de manter a <a class=\"suno-keyword\" target=\"_blank\" data-force=\"no\" data-priority=\"3\" href=\"https:\/\/www.suno.com.br\/artigos\/taxa-selic\/\" rel=\"noopener\">taxa Selic<\/a> em 13,75% ao ano pela 4\u00aa vez consecutiva.<\/p>\n\n\n\n<p>Com os juros e a infla\u00e7\u00e3o estando em n\u00edveis mais altos, as receitas dos fundos imobili\u00e1rios de papel t\u00eam uma tend\u00eancia de crescer. Desse modo, o pagamento de <a class=\"suno-keyword\" data-force=\"no\" data-priority=\"1\" href=\"https:\/\/www.suno.com.br\/guias\/dividendos\/\" target=\"_blank\" rel=\"noopener\">dividendos<\/a> desses FIIs tamb\u00e9m tem potencial de aumentar, atraindo mais investidores ao setor.<\/p>\n\n\n\n<p>Por outro lado, alguns fundos se destacaram entre as baixas durante o m\u00eas. Veja a seguir quais foram as 5 maiores quedas entre os<strong> fundos imobili\u00e1rios do IFIX<\/strong> em fevereiro.<\/p>\n\n\n\n<h2 class=\"wp-block-heading\" id=\"h-maiores-quedas-do-ifix-em-fevereiro\"><a><\/a>Maiores quedas do IFIX em fevereiro<\/h2>\n\n\n\n<ul class=\"wp-block-list\">\n<li>CARE11: -12,20%<\/li>\n\n\n\n<li>HCTR11: -10,07%<\/li>\n\n\n\n<li>PATL11: -7,33%<\/li>\n\n\n\n<li>BARI11: -7,14%<\/li>\n\n\n\n<li>HOFC11: -6,69%<\/li>\n<\/ul>\n\n\n\n<h2 class=\"wp-block-heading\" id=\"h-care11\"><a><\/a>CARE11<\/h2>\n\n\n\n<p>O<strong> fundo imobili\u00e1rio CARE11<\/strong> d\u00e1 continuidade ao movimento de queda registrado desde meados de 2022. Assim, o FII do segmento de cemit\u00e9rios registra a segunda pior queda mensal de 2023 at\u00e9 o momento, ficando atr\u00e1s apenas do <a class=\"suno-keyword\" target=\"_blank\" data-force=\"yes\" data-priority=\"2\" href=\"https:\/\/www.suno.com.br\/fundos-imobiliarios\/tord11\/\" rel=\"noopener\">TORD11<\/a>, que em janeiro desvalorizou 24,63%.<\/p>\n\n\n\n<p>Apesar disso, a gest\u00e3o do FII n\u00e3o soube explicar os motivos para que essa tend\u00eancia de baixa continue. Um ponto que vale destacar \u00e9 que entre os fundos imobili\u00e1rios do IFIX, o\u00a0<a class=\"suno-keyword\" data-force=\"yes\" data-priority=\"2\" href=\"https:\/\/www.suno.com.br\/fundos-imobiliarios\/care11\/\" target=\"_blank\" rel=\"noopener\">CARE11<\/a> \u00e9 o \u00fanico que ainda n\u00e3o paga dividendos aos seus cotistas.<\/p>\n\n\n\n<h2 class=\"wp-block-heading\" id=\"h-hctr11\"><a><\/a>HCTR11<\/h2>\n\n\n\n<p>O <strong>fundo imobili\u00e1rio HCTR11<\/strong> registrou queda de mais de 10% durante o m\u00eas de fevereiro. Essa \u00e9 a maior baixa mensal do fundo desde mar\u00e7o de 2020, in\u00edcio da pandemia, quando o pre\u00e7o de suas cotas ca\u00edram 13,84%.<\/p>\n\n\n\n<p>Os<strong> dividendos do HCTR11<\/strong> pagos em fevereiro representaram o segundo menor valor da hist\u00f3ria do fundo, ficando acima apenas do rendimento distribu\u00eddo em maio de 2020, que fora de R$ 0,94 por cota.<\/p>\n\n\n\n<h2 class=\"wp-block-heading\" id=\"h-patl11\"><a><\/a>PATL11<\/h2>\n\n\n\n<p>O <strong>fundo imobili\u00e1rio PATL11<\/strong> registrou uma desvaloriza\u00e7\u00e3o de 7,33% no m\u00eas de fevereiro, sendo o quinto m\u00eas seguido de queda.<\/p>\n\n\n\n<p>Com essa sequ\u00eancia de baixas nos \u00faltimos meses, o pre\u00e7o sobre <a class=\"suno-keyword\" target=\"_blank\" data-force=\"no\" data-priority=\"1\" href=\"https:\/\/www.suno.com.br\/artigos\/valor-patrimonial\/\" rel=\"noopener\">valor patrimonial<\/a> (P\/VP) do <a class=\"suno-keyword\" target=\"_blank\" data-force=\"yes\" data-priority=\"2\" href=\"https:\/\/www.suno.com.br\/fundos-imobiliarios\/patl11\/\" rel=\"noopener\">PATL11<\/a> est\u00e1 em 0,62, mostrando que as cotas de mercado do fundo est\u00e3o sendo negociadas com desconto de 32% em rela\u00e7\u00e3o a sua cota patrimonial.<\/p>\n\n\n\n<h2 class=\"wp-block-heading\" id=\"h-bari11\"><a><\/a>BARI11<\/h2>\n\n\n\n<p>Em janeiro, o <strong>fundo imobili\u00e1rio BARI11<\/strong> havia registrado uma valoriza\u00e7\u00e3o de 5,18%. No entanto, em fevereiro acabou devolvendo os ganhos obtidos, com uma queda de 7,14%.<\/p>\n\n\n\n<p>Em seu \u00faltimo relat\u00f3rio gerencial, referente ao m\u00eas de janeiro, a gest\u00e3o do <a class=\"suno-keyword\" target=\"_blank\" data-force=\"yes\" data-priority=\"2\" href=\"https:\/\/www.suno.com.br\/fundos-imobiliarios\/bari11\/\" rel=\"noopener\">BARI11<\/a> destacou que est\u00e1 confiante com a tese de investimentos do FII. A maior parte da carteira do fundo est\u00e1 indexada ao IPCA e ao IGP-M, e assim, o gestor acredita que o fundo ter\u00e1 \u201cum bom desempenho em um cen\u00e1rio de maior infla\u00e7\u00e3o\u201d.<\/p>\n\n\n\n<h2 class=\"wp-block-heading\" id=\"h-hofc11\"><a><\/a>HOFC11<\/h2>\n\n\n\n<p>O <strong>fundo imobili\u00e1rio HOFC11<\/strong> informou no dia 31 de janeiro que recebeu comunica\u00e7\u00e3o da Columbia Investimentos &amp; Participa\u00e7\u00f5es, fiadora do contrato de loca\u00e7\u00e3o, informando que a ap\u00f3lice emitida em setembro de 2022 foi cancelada, devido a n\u00e3o apresenta\u00e7\u00e3o de documentos obrigat\u00f3rios pela locat\u00e1ria.<\/p>\n\n\n\n<p>Por essa raz\u00e3o, o FII HOFC11 apresentou emenda \u00e0 peti\u00e7\u00e3o inicial da a\u00e7\u00e3o de despejo, com os ajustes pertinentes, entre os quais a inclus\u00e3o do pedido de despejo liminar, sendo necess\u00e1ria a presta\u00e7\u00e3o de cau\u00e7\u00e3o, em valor equivalente a tr\u00eas alugu\u00e9is mensais.<\/p>\n\n\n\n<p>Ap\u00f3s o an\u00fancio, o HOFC11 ficou entre os <strong>fundos imobili\u00e1rios<\/strong> do IFIX que tiveram as maiores quedas do m\u00eas de fevereiro.<\/p>\n\n\n\t<p>\n\t\t<a href=\"https:\/\/lp.suno.com.br\/ebook-como-analisar-uma-acao\/\" target=\"_blank\" data-element=\"shortcode-suno-banner\" title=\"Banner SUNO, clique e saiba mais\">\n\t\t\t<picture>\n\t\t\t\t<source media=\"(max-width: 500px)\" srcset=\"https:\/\/files.sunoresearch.com.br\/n\/uploads\/2023\/12\/Ebook-Acoes-Mobile.jpg\">\n\t\t\t\t<img class=\"newsContent__article__imgCapa newsContent__article__imgCapa--banner\"\n\t\t\t\t\tsrc=\"https:\/\/files.sunoresearch.com.br\/n\/uploads\/2023\/12\/Ebook-Acoes-Desktop.webp\"\n\t\t\t\t\tdata-promo-id=\"311260\"\t\t\t\t\t\t\t\t\t\twidth='1420' height='286'\t\t\t\t\talt=\"https:\/\/files.sunoresearch.com.br\/n\/uploads\/2023\/12\/Ebook-Acoes-Desktop.webp\"\n\t\t\t\t>\n\t\t\t<\/picture>\n\t\t<\/a>\n\t<\/p>\n\n\n","protected":false},"excerpt":{"rendered":"<p>O IFIX, principal \u00edndice de fundos imobili\u00e1rios da Bolsa brasileira (B3), terminou fevereiro em baixa de 0,45%, aos 2.808,39 pontos, chegando ao quarto m\u00eas consecutivo sem registrar ganhos. Fundos imobili\u00e1rios. Foto: Unsplash A cota\u00e7\u00e3o do IFIX atingiu sua m\u00e1xima mensal em 1\u00ba de fevereiro, aos 2.829,40 pontos. J\u00e1 a cota\u00e7\u00e3o m\u00ednima foi registrada no dia [&hellip;]<\/p>\n","protected":false},"author":173,"featured_media":370332,"comment_status":"closed","ping_status":"closed","sticky":false,"template":"","format":"standard","meta":[],"categories":[66],"tags":[105855,105942,315,105874],"suno_strategy":[],"class_list":["post-370328","post","type-post","status-publish","format-standard","has-post-thumbnail","hentry","category-fiis","tag-bari11","tag-care11","tag-fundos-imobiliarios-fiis","tag-hctr11"],"yoast_head":"<!-- This site is optimized with the Yoast SEO plugin v24.4 - https:\/\/yoast.com\/wordpress\/plugins\/seo\/ -->\n<title>Veja as 5 maiores quedas entre os fundos imobili\u00e1rios do IFIX em fevereiro<\/title>\n<meta name=\"description\" content=\"BARI11 e CARE11 est\u00e3o entre as 5 maiores quedas entre os fundos imobili\u00e1rios do IFIX em fevereiro. Clique e veja a lista completa!\" \/>\n<meta name=\"robots\" content=\"index, follow, max-snippet:-1, max-image-preview:large, max-video-preview:-1\" \/>\n<link rel=\"canonical\" href=\"https:\/\/www.suno.com.br\/noticias\/fundos-imobiliarios-ifix-baixas-fevereiro-2023\/\" \/>\n<meta property=\"og:locale\" content=\"pt_BR\" \/>\n<meta property=\"og:type\" content=\"article\" \/>\n<meta property=\"og:title\" content=\"Veja as 5 maiores quedas entre os fundos imobili\u00e1rios do IFIX em fevereiro\" \/>\n<meta property=\"og:description\" content=\"BARI11 e CARE11 est\u00e3o entre as 5 maiores quedas entre os fundos imobili\u00e1rios do IFIX em fevereiro. Clique e veja a lista completa!\" \/>\n<meta property=\"og:url\" content=\"https:\/\/www.suno.com.br\/noticias\/fundos-imobiliarios-ifix-baixas-fevereiro-2023\/\" \/>\n<meta property=\"og:site_name\" content=\"Suno Not\u00edcias\" \/>\n<meta property=\"article:publisher\" content=\"https:\/\/facebook.com\/sunoresearch\" \/>\n<meta property=\"og:image\" content=\"https:\/\/files.sunoresearch.com.br\/n\/uploads\/2023\/03\/tim-trad-BwmOGbS2POw-unsplash-scaled.jpg\" \/>\n\t<meta property=\"og:image:width\" content=\"2560\" \/>\n\t<meta property=\"og:image:height\" content=\"1707\" \/>\n\t<meta property=\"og:image:type\" content=\"image\/jpeg\" \/>\n<meta name=\"author\" content=\"Jo\u00e3o Vitor\" \/>\n<meta name=\"twitter:card\" content=\"summary_large_image\" \/>\n<meta name=\"twitter:creator\" content=\"@sunoresearch\" \/>\n<meta name=\"twitter:site\" content=\"@sunoresearch\" \/>\n<meta name=\"twitter:label1\" content=\"Escrito por\" \/>\n\t<meta name=\"twitter:data1\" content=\"Jo\u00e3o Vitor\" \/>\n\t<meta name=\"twitter:label2\" content=\"Est. tempo de leitura\" \/>\n\t<meta name=\"twitter:data2\" content=\"4 minutos\" \/>\n<script type=\"application\/ld+json\" class=\"yoast-schema-graph\">{\"@context\":\"https:\/\/schema.org\",\"@graph\":[{\"@type\":\"NewsArticle\",\"@id\":\"https:\/\/www.suno.com.br\/noticias\/fundos-imobiliarios-ifix-baixas-fevereiro-2023\/#article\",\"isPartOf\":{\"@id\":\"https:\/\/www.suno.com.br\/noticias\/fundos-imobiliarios-ifix-baixas-fevereiro-2023\/\"},\"author\":{\"name\":\"Jo\u00e3o Vitor\",\"@id\":\"https:\/\/www.suno.com.br\/noticias\/#\/schema\/person\/87fc6973867c52dd884811905c43afba\"},\"headline\":\"BARI11 e CARE11: Veja as 5 maiores quedas entre os fundos imobili\u00e1rios do IFIX em fevereiro\",\"datePublished\":\"2023-03-01T16:42:26+00:00\",\"dateModified\":\"2023-03-01T16:42:32+00:00\",\"mainEntityOfPage\":{\"@id\":\"https:\/\/www.suno.com.br\/noticias\/fundos-imobiliarios-ifix-baixas-fevereiro-2023\/\"},\"wordCount\":700,\"publisher\":{\"@id\":\"https:\/\/www.suno.com.br\/noticias\/#organization\"},\"image\":{\"@id\":\"https:\/\/www.suno.com.br\/noticias\/fundos-imobiliarios-ifix-baixas-fevereiro-2023\/#primaryimage\"},\"thumbnailUrl\":\"https:\/\/files.sunoresearch.com.br\/n\/uploads\/2023\/03\/tim-trad-BwmOGbS2POw-unsplash-scaled.jpg\",\"keywords\":[\"BARI11\",\"CARE11\",\"Fundos Imobili\u00e1rios (FIIs)\",\"HCTR11\"],\"articleSection\":[\"FIIs\"],\"inLanguage\":\"pt-BR\"},{\"@type\":\"WebPage\",\"@id\":\"https:\/\/www.suno.com.br\/noticias\/fundos-imobiliarios-ifix-baixas-fevereiro-2023\/\",\"url\":\"https:\/\/www.suno.com.br\/noticias\/fundos-imobiliarios-ifix-baixas-fevereiro-2023\/\",\"name\":\"Veja as 5 maiores quedas entre os fundos imobili\u00e1rios do IFIX em fevereiro\",\"isPartOf\":{\"@id\":\"https:\/\/www.suno.com.br\/noticias\/#website\"},\"primaryImageOfPage\":{\"@id\":\"https:\/\/www.suno.com.br\/noticias\/fundos-imobiliarios-ifix-baixas-fevereiro-2023\/#primaryimage\"},\"image\":{\"@id\":\"https:\/\/www.suno.com.br\/noticias\/fundos-imobiliarios-ifix-baixas-fevereiro-2023\/#primaryimage\"},\"thumbnailUrl\":\"https:\/\/files.sunoresearch.com.br\/n\/uploads\/2023\/03\/tim-trad-BwmOGbS2POw-unsplash-scaled.jpg\",\"datePublished\":\"2023-03-01T16:42:26+00:00\",\"dateModified\":\"2023-03-01T16:42:32+00:00\",\"description\":\"BARI11 e CARE11 est\u00e3o entre as 5 maiores quedas entre os fundos imobili\u00e1rios do IFIX em fevereiro. Clique e veja a lista completa!\",\"breadcrumb\":{\"@id\":\"https:\/\/www.suno.com.br\/noticias\/fundos-imobiliarios-ifix-baixas-fevereiro-2023\/#breadcrumb\"},\"inLanguage\":\"pt-BR\",\"potentialAction\":[{\"@type\":\"ReadAction\",\"target\":[\"https:\/\/www.suno.com.br\/noticias\/fundos-imobiliarios-ifix-baixas-fevereiro-2023\/\"]}]},{\"@type\":\"ImageObject\",\"inLanguage\":\"pt-BR\",\"@id\":\"https:\/\/www.suno.com.br\/noticias\/fundos-imobiliarios-ifix-baixas-fevereiro-2023\/#primaryimage\",\"url\":\"https:\/\/files.sunoresearch.com.br\/n\/uploads\/2023\/03\/tim-trad-BwmOGbS2POw-unsplash-scaled.jpg\",\"contentUrl\":\"https:\/\/files.sunoresearch.com.br\/n\/uploads\/2023\/03\/tim-trad-BwmOGbS2POw-unsplash-scaled.jpg\",\"width\":2560,\"height\":1707,\"caption\":\"Fundos imobili\u00e1rios. Foto: Unsplash\"},{\"@type\":\"BreadcrumbList\",\"@id\":\"https:\/\/www.suno.com.br\/noticias\/fundos-imobiliarios-ifix-baixas-fevereiro-2023\/#breadcrumb\",\"itemListElement\":[{\"@type\":\"ListItem\",\"position\":1,\"name\":\"Not\u00edcias\",\"item\":\"https:\/\/www.suno.com.br\/noticias\/\"},{\"@type\":\"ListItem\",\"position\":2,\"name\":\"FIIs\",\"item\":\"https:\/\/www.suno.com.br\/noticias\/fiis\/\"},{\"@type\":\"ListItem\",\"position\":3,\"name\":\"BARI11 e CARE11: Veja as 5 maiores quedas entre os fundos imobili\u00e1rios do IFIX em fevereiro\"}]},{\"@type\":\"WebSite\",\"@id\":\"https:\/\/www.suno.com.br\/noticias\/#website\",\"url\":\"https:\/\/www.suno.com.br\/noticias\/\",\"name\":\"Suno Not\u00edcias\",\"description\":\"Seu portal de informa\u00e7\u00e3o sobre o mundo dos investimentos\",\"publisher\":{\"@id\":\"https:\/\/www.suno.com.br\/noticias\/#organization\"},\"potentialAction\":[{\"@type\":\"SearchAction\",\"target\":{\"@type\":\"EntryPoint\",\"urlTemplate\":\"https:\/\/www.suno.com.br\/noticias\/?s={search_term_string}\"},\"query-input\":{\"@type\":\"PropertyValueSpecification\",\"valueRequired\":true,\"valueName\":\"search_term_string\"}}],\"inLanguage\":\"pt-BR\"},{\"@type\":\"Organization\",\"@id\":\"https:\/\/www.suno.com.br\/noticias\/#organization\",\"name\":\"Suno Not\u00edcias\",\"url\":\"https:\/\/www.suno.com.br\/noticias\/\",\"logo\":{\"@type\":\"ImageObject\",\"inLanguage\":\"pt-BR\",\"@id\":\"https:\/\/www.suno.com.br\/noticias\/#\/schema\/logo\/image\/\",\"url\":\"https:\/\/files.sunoresearch.com.br\/n\/uploads\/2021\/09\/suno-logo.png\",\"contentUrl\":\"https:\/\/files.sunoresearch.com.br\/n\/uploads\/2021\/09\/suno-logo.png\",\"width\":180,\"height\":180,\"caption\":\"Suno Not\u00edcias\"},\"image\":{\"@id\":\"https:\/\/www.suno.com.br\/noticias\/#\/schema\/logo\/image\/\"},\"sameAs\":[\"https:\/\/facebook.com\/sunoresearch\",\"https:\/\/x.com\/sunoresearch\",\"https:\/\/www.instagram.com\/suno\",\"https:\/\/www.linkedin.com\/company\/suno-research\/\",\"https:\/\/www.youtube.com\/c\/sunoresearch\"]},{\"@type\":\"Person\",\"@id\":\"https:\/\/www.suno.com.br\/noticias\/#\/schema\/person\/87fc6973867c52dd884811905c43afba\",\"name\":\"Jo\u00e3o Vitor\",\"image\":{\"@type\":\"ImageObject\",\"inLanguage\":\"pt-BR\",\"@id\":\"https:\/\/www.suno.com.br\/noticias\/#\/schema\/person\/image\/\",\"url\":\"https:\/\/secure.gravatar.com\/avatar\/2843227ca03ccf8cc7ccca45204c127e?s=96&r=g\",\"contentUrl\":\"https:\/\/secure.gravatar.com\/avatar\/2843227ca03ccf8cc7ccca45204c127e?s=96&r=g\",\"caption\":\"Jo\u00e3o Vitor\"},\"description\":\"Redator profissional, com atua\u00e7\u00e3o no mercado editorial na produ\u00e7\u00e3o de not\u00edcias e conte\u00fados sobre o mercado de a\u00e7\u00f5es, fundos imobili\u00e1rios e economia popular. Graduando em Engenharia Qu\u00edmica pela Unesp, tamb\u00e9m j\u00e1 atuou como consultor financeiro.\",\"url\":\"https:\/\/www.suno.com.br\/noticias\/author\/joao-vitor-jacintho\/\"}]}<\/script>\n<!-- \/ Yoast SEO plugin. -->","yoast_head_json":{"title":"Veja as 5 maiores quedas entre os fundos imobili\u00e1rios do IFIX em fevereiro","description":"BARI11 e CARE11 est\u00e3o entre as 5 maiores quedas entre os fundos imobili\u00e1rios do IFIX em fevereiro. Clique e veja a lista completa!","robots":{"index":"index","follow":"follow","max-snippet":"max-snippet:-1","max-image-preview":"max-image-preview:large","max-video-preview":"max-video-preview:-1"},"canonical":"https:\/\/www.suno.com.br\/noticias\/fundos-imobiliarios-ifix-baixas-fevereiro-2023\/","og_locale":"pt_BR","og_type":"article","og_title":"Veja as 5 maiores quedas entre os fundos imobili\u00e1rios do IFIX em fevereiro","og_description":"BARI11 e CARE11 est\u00e3o entre as 5 maiores quedas entre os fundos imobili\u00e1rios do IFIX em fevereiro. Clique e veja a lista completa!","og_url":"https:\/\/www.suno.com.br\/noticias\/fundos-imobiliarios-ifix-baixas-fevereiro-2023\/","og_site_name":"Suno Not\u00edcias","article_publisher":"https:\/\/facebook.com\/sunoresearch","og_image":[{"width":2560,"height":1707,"url":"https:\/\/files.sunoresearch.com.br\/n\/uploads\/2023\/03\/tim-trad-BwmOGbS2POw-unsplash-scaled.jpg","type":"image\/jpeg"}],"author":"Jo\u00e3o Vitor","twitter_card":"summary_large_image","twitter_creator":"@sunoresearch","twitter_site":"@sunoresearch","twitter_misc":{"Escrito por":"Jo\u00e3o Vitor","Est. tempo de leitura":"4 minutos"},"schema":{"@context":"https:\/\/schema.org","@graph":[{"@type":"NewsArticle","@id":"https:\/\/www.suno.com.br\/noticias\/fundos-imobiliarios-ifix-baixas-fevereiro-2023\/#article","isPartOf":{"@id":"https:\/\/www.suno.com.br\/noticias\/fundos-imobiliarios-ifix-baixas-fevereiro-2023\/"},"author":{"name":"Jo\u00e3o Vitor","@id":"https:\/\/www.suno.com.br\/noticias\/#\/schema\/person\/87fc6973867c52dd884811905c43afba"},"headline":"BARI11 e CARE11: Veja as 5 maiores quedas entre os fundos imobili\u00e1rios do IFIX em fevereiro","datePublished":"2023-03-01T16:42:26+00:00","dateModified":"2023-03-01T16:42:32+00:00","mainEntityOfPage":{"@id":"https:\/\/www.suno.com.br\/noticias\/fundos-imobiliarios-ifix-baixas-fevereiro-2023\/"},"wordCount":700,"publisher":{"@id":"https:\/\/www.suno.com.br\/noticias\/#organization"},"image":{"@id":"https:\/\/www.suno.com.br\/noticias\/fundos-imobiliarios-ifix-baixas-fevereiro-2023\/#primaryimage"},"thumbnailUrl":"https:\/\/files.sunoresearch.com.br\/n\/uploads\/2023\/03\/tim-trad-BwmOGbS2POw-unsplash-scaled.jpg","keywords":["BARI11","CARE11","Fundos Imobili\u00e1rios (FIIs)","HCTR11"],"articleSection":["FIIs"],"inLanguage":"pt-BR"},{"@type":"WebPage","@id":"https:\/\/www.suno.com.br\/noticias\/fundos-imobiliarios-ifix-baixas-fevereiro-2023\/","url":"https:\/\/www.suno.com.br\/noticias\/fundos-imobiliarios-ifix-baixas-fevereiro-2023\/","name":"Veja as 5 maiores quedas entre os fundos imobili\u00e1rios do IFIX em fevereiro","isPartOf":{"@id":"https:\/\/www.suno.com.br\/noticias\/#website"},"primaryImageOfPage":{"@id":"https:\/\/www.suno.com.br\/noticias\/fundos-imobiliarios-ifix-baixas-fevereiro-2023\/#primaryimage"},"image":{"@id":"https:\/\/www.suno.com.br\/noticias\/fundos-imobiliarios-ifix-baixas-fevereiro-2023\/#primaryimage"},"thumbnailUrl":"https:\/\/files.sunoresearch.com.br\/n\/uploads\/2023\/03\/tim-trad-BwmOGbS2POw-unsplash-scaled.jpg","datePublished":"2023-03-01T16:42:26+00:00","dateModified":"2023-03-01T16:42:32+00:00","description":"BARI11 e CARE11 est\u00e3o entre as 5 maiores quedas entre os fundos imobili\u00e1rios do IFIX em fevereiro. Clique e veja a lista completa!","breadcrumb":{"@id":"https:\/\/www.suno.com.br\/noticias\/fundos-imobiliarios-ifix-baixas-fevereiro-2023\/#breadcrumb"},"inLanguage":"pt-BR","potentialAction":[{"@type":"ReadAction","target":["https:\/\/www.suno.com.br\/noticias\/fundos-imobiliarios-ifix-baixas-fevereiro-2023\/"]}]},{"@type":"ImageObject","inLanguage":"pt-BR","@id":"https:\/\/www.suno.com.br\/noticias\/fundos-imobiliarios-ifix-baixas-fevereiro-2023\/#primaryimage","url":"https:\/\/files.sunoresearch.com.br\/n\/uploads\/2023\/03\/tim-trad-BwmOGbS2POw-unsplash-scaled.jpg","contentUrl":"https:\/\/files.sunoresearch.com.br\/n\/uploads\/2023\/03\/tim-trad-BwmOGbS2POw-unsplash-scaled.jpg","width":2560,"height":1707,"caption":"Fundos imobili\u00e1rios. Foto: Unsplash"},{"@type":"BreadcrumbList","@id":"https:\/\/www.suno.com.br\/noticias\/fundos-imobiliarios-ifix-baixas-fevereiro-2023\/#breadcrumb","itemListElement":[{"@type":"ListItem","position":1,"name":"Not\u00edcias","item":"https:\/\/www.suno.com.br\/noticias\/"},{"@type":"ListItem","position":2,"name":"FIIs","item":"https:\/\/www.suno.com.br\/noticias\/fiis\/"},{"@type":"ListItem","position":3,"name":"BARI11 e CARE11: Veja as 5 maiores quedas entre os fundos imobili\u00e1rios do IFIX em fevereiro"}]},{"@type":"WebSite","@id":"https:\/\/www.suno.com.br\/noticias\/#website","url":"https:\/\/www.suno.com.br\/noticias\/","name":"Suno Not\u00edcias","description":"Seu portal de informa\u00e7\u00e3o sobre o mundo dos investimentos","publisher":{"@id":"https:\/\/www.suno.com.br\/noticias\/#organization"},"potentialAction":[{"@type":"SearchAction","target":{"@type":"EntryPoint","urlTemplate":"https:\/\/www.suno.com.br\/noticias\/?s={search_term_string}"},"query-input":{"@type":"PropertyValueSpecification","valueRequired":true,"valueName":"search_term_string"}}],"inLanguage":"pt-BR"},{"@type":"Organization","@id":"https:\/\/www.suno.com.br\/noticias\/#organization","name":"Suno Not\u00edcias","url":"https:\/\/www.suno.com.br\/noticias\/","logo":{"@type":"ImageObject","inLanguage":"pt-BR","@id":"https:\/\/www.suno.com.br\/noticias\/#\/schema\/logo\/image\/","url":"https:\/\/files.sunoresearch.com.br\/n\/uploads\/2021\/09\/suno-logo.png","contentUrl":"https:\/\/files.sunoresearch.com.br\/n\/uploads\/2021\/09\/suno-logo.png","width":180,"height":180,"caption":"Suno Not\u00edcias"},"image":{"@id":"https:\/\/www.suno.com.br\/noticias\/#\/schema\/logo\/image\/"},"sameAs":["https:\/\/facebook.com\/sunoresearch","https:\/\/x.com\/sunoresearch","https:\/\/www.instagram.com\/suno","https:\/\/www.linkedin.com\/company\/suno-research\/","https:\/\/www.youtube.com\/c\/sunoresearch"]},{"@type":"Person","@id":"https:\/\/www.suno.com.br\/noticias\/#\/schema\/person\/87fc6973867c52dd884811905c43afba","name":"Jo\u00e3o Vitor","image":{"@type":"ImageObject","inLanguage":"pt-BR","@id":"https:\/\/www.suno.com.br\/noticias\/#\/schema\/person\/image\/","url":"https:\/\/secure.gravatar.com\/avatar\/2843227ca03ccf8cc7ccca45204c127e?s=96&r=g","contentUrl":"https:\/\/secure.gravatar.com\/avatar\/2843227ca03ccf8cc7ccca45204c127e?s=96&r=g","caption":"Jo\u00e3o Vitor"},"description":"Redator profissional, com atua\u00e7\u00e3o no mercado editorial na produ\u00e7\u00e3o de not\u00edcias e conte\u00fados sobre o mercado de a\u00e7\u00f5es, fundos imobili\u00e1rios e economia popular. Graduando em Engenharia Qu\u00edmica pela Unesp, tamb\u00e9m j\u00e1 atuou como consultor financeiro.","url":"https:\/\/www.suno.com.br\/noticias\/author\/joao-vitor-jacintho\/"}]}},"default_loop_html":"<div class=\"cardsPage__listCard__boxs\"><div class=\"cardsPage__listCard__boxs__img\"><a href=\"https:\/\/www.suno.com.br\/noticias\/fundos-imobiliarios-ifix-baixas-fevereiro-2023\/\"><img class=\"mask\" src=\"https:\/\/www.suno.com.br\/noticias\/wp-content\/themes\/suno\/resources\/images\/spotlight\/spotlight1img\/bg-mask.png\" alt=\"Image Mask\"\/><img src=\"https:\/\/files.sunoresearch.com.br\/n\/uploads\/2023\/03\/tim-trad-BwmOGbS2POw-unsplash-400x200.jpg\" alt=\"BARI11 e CARE11: Veja as 5 maiores quedas entre os fundos imobili\u00e1rios do IFIX em fevereiro\"\/><\/a><span class=\"spotlightCategory\"><a href=\"https:\/\/www.suno.com.br\/noticias\/fiis\/\">FIIs<\/a><\/span><\/div><div class=\"cardsPage__listCard__boxs__content\"><a href=\"https:\/\/www.suno.com.br\/noticias\/fundos-imobiliarios-ifix-baixas-fevereiro-2023\/\"><h2 class=\"content__title\">BARI11 e CARE11: Veja as 5 maiores quedas entre os fundos imobili\u00e1rios do IFIX em fevereiro<\/h2><\/a><div class=\"newsContent__article__meta\"><div class=\"newsContent__article__meta__authorBox\"><a href=\"https:\/\/www.suno.com.br\/noticias\/author\/joao-vitor-jacintho\/\" class=\"authorBox__avatar noMobi\"><img src=\"https:\/\/secure.gravatar.com\/avatar\/2843227ca03ccf8cc7ccca45204c127e?s=96&#038;r=g\" alt=\"Jo\u00e3o Vitor Jacintho\"><\/a><div class=\"authorBox__name\"><span>por\n\t\t\t<a href=\"https:\/\/www.suno.com.br\/noticias\/author\/joao-vitor-jacintho\/\"><span itemprop=\"author\">Jo\u00e3o Vitor Jacintho<\/span><\/a><\/span><time datetime=\"2023-03-01T13:42:26-03:00\" itemprop=\"datePublished\">01\/03\/2023 13:42<\/time><\/div><\/div><\/div><\/div><\/div>","single_layout":"posts","amp_enabled":true,"_links":{"self":[{"href":"https:\/\/www.suno.com.br\/noticias\/wp-json\/wp\/v2\/posts\/370328"}],"collection":[{"href":"https:\/\/www.suno.com.br\/noticias\/wp-json\/wp\/v2\/posts"}],"about":[{"href":"https:\/\/www.suno.com.br\/noticias\/wp-json\/wp\/v2\/types\/post"}],"author":[{"embeddable":true,"href":"https:\/\/www.suno.com.br\/noticias\/wp-json\/wp\/v2\/users\/173"}],"replies":[{"embeddable":true,"href":"https:\/\/www.suno.com.br\/noticias\/wp-json\/wp\/v2\/comments?post=370328"}],"version-history":[{"count":3,"href":"https:\/\/www.suno.com.br\/noticias\/wp-json\/wp\/v2\/posts\/370328\/revisions"}],"predecessor-version":[{"id":370336,"href":"https:\/\/www.suno.com.br\/noticias\/wp-json\/wp\/v2\/posts\/370328\/revisions\/370336"}],"wp:featuredmedia":[{"embeddable":true,"href":"https:\/\/www.suno.com.br\/noticias\/wp-json\/wp\/v2\/media\/370332"}],"wp:attachment":[{"href":"https:\/\/www.suno.com.br\/noticias\/wp-json\/wp\/v2\/media?parent=370328"}],"wp:term":[{"taxonomy":"category","embeddable":true,"href":"https:\/\/www.suno.com.br\/noticias\/wp-json\/wp\/v2\/categories?post=370328"},{"taxonomy":"post_tag","embeddable":true,"href":"https:\/\/www.suno.com.br\/noticias\/wp-json\/wp\/v2\/tags?post=370328"},{"taxonomy":"suno_strategy","embeddable":true,"href":"https:\/\/www.suno.com.br\/noticias\/wp-json\/wp\/v2\/suno_strategy?post=370328"}],"curies":[{"name":"wp","href":"https:\/\/api.w.org\/{rel}","templated":true}]}}