{"id":370120,"date":"2023-03-01T15:39:16","date_gmt":"2023-03-01T18:39:16","guid":{"rendered":"https:\/\/www.suno.com.br\/noticias\/?p=370120"},"modified":"2023-03-01T15:39:22","modified_gmt":"2023-03-01T18:39:22","slug":"magazine-luiza-mglu3-kabum-policia","status":"publish","type":"post","link":"https:\/\/www.suno.com.br\/noticias\/magazine-luiza-mglu3-kabum-policia\/","title":{"rendered":"Magazine Luiza (MGLU3) vs Kabum vira caso de pol\u00edcia; irm\u00e3os fazem BO contra varejista"},"content":{"rendered":"<p>Os irm\u00e3os Leandro e Thiago Ramos, fundadores do Kabum, fizeram um boletim de ocorr\u00eancia contra o <a href=\"https:\/\/www.suno.com.br\/acoes\/mglu3\/\" target=\"_blank\" rel=\"noreferrer noopener\">Magazine Luiza (<strong>MGLU3<\/strong>)<\/a>. Segundo informa\u00e7\u00f5es divulgadas na ter\u00e7a (28), a varejista teria se apropriado indevidamente de documentos e pertences dos executivos. Ao Suno Not\u00edcias, o Magalu negou o caso.<\/p>\t<div class=\"wrapper-featured-image\">\n\t\t<figure class=\"spotlightImg\">\n\n\t\t\t<picture>\n\t\t\t\t<source media=\"(max-width: 768px)\" srcset=\"https:\/\/files.sunoresearch.com.br\/n\/uploads\/2023\/03\/magalu-mglu3-kabum-briga-policia-foto-divulgacao-400x200.jpg\">\n\t\t\t\t<img loading=\"lazy\" decoding=\"async\" class=\"newsContent__article__imgCapa lazyloadDisabled \" src=\"https:\/\/files.sunoresearch.com.br\/n\/uploads\/2023\/03\/magalu-mglu3-kabum-briga-policia-foto-divulgacao-800x450.jpg\" width=\"800\" height=\"450\" alt=\"Magazine Luiza (MGLU3) vs Kabum vira caso de pol\u00edcia; irm\u00e3os fazem BO contra varejista\" fetchpriority=high \/>\n\t\t\t<\/picture>\n\n\t\t\t<figcaption class=\"wp-caption-text wp-caption-text--show\">Magazine Luiza (MGLU3). Foto: Divulga\u00e7\u00e3o<\/figcaption>\n\t\t<\/figure>\n\t<\/div>\n\n\n\n\n\n\t<p>\n\t\t<a href=\"\" target=\"_blank\" data-element=\"shortcode-suno-banner\" title=\"Banner SUNO, clique e saiba mais\">\n\t\t\t<picture>\n\t\t\t\t<source media=\"(max-width: 500px)\" srcset=\"\">\n\t\t\t\t<img class=\"newsContent__article__imgCapa newsContent__article__imgCapa--banner\"\n\t\t\t\t\tsrc=\"\"\n\t\t\t\t\tdata-promo-id=\"250704\"\t\t\t\t\t\t\t\t\t\t\t\t\t\t\talt=\"\"\n\t\t\t\t>\n\t\t\t<\/picture>\n\t\t<\/a>\n\t<\/p>\n\n\n\n\n\n<p>De acordo com o site Metr\u00f3poles, a dupla recebeu uma liga\u00e7\u00e3o de um representante do <strong>Magalu<\/strong> dizendo que o contrato de trabalho deles estava suspenso por tempo indeterminado. <\/p>\n\n\n\n<p>Os irm\u00e3os seguiam na dire\u00e7\u00e3o do<strong> Kabum <\/strong>mesmo ap\u00f3s a <strong>venda do neg\u00f3cio para o Magazine Luiza<\/strong>, finalizada em 2021 pelo pre\u00e7o de R$ 3,5 bilh\u00f5es. Com o desligamento, todos os equipamentos da empresa utilizados pelos executivos foram retidos. Em seguida, demais colaboradores tamb\u00e9m foram afastados, e os &#8220;pertences&#8221; tecnol\u00f3gicos desses ex-funcion\u00e1rios tamb\u00e9m foram confiscados.<\/p>\n\n\n\n<p>De acordo com o BO, o Kabum concordou em entregar os equipamentos utilizados pelos <strong>irm\u00e3os Ramos<\/strong> ap\u00f3s um backup das informa\u00e7\u00f5es dispon\u00edveis nas m\u00e1quinas. Enquanto as c\u00f3pias eram feitas, policiais militares teriam chegado na sede e, junto com advogados, solicitado a devolu\u00e7\u00e3o imediata dos materiais. Assim, uma discuss\u00e3o teria sido protagonizada entre os executivos da empresa.<\/p>\n\n\n\n<p>Procurado pelo Suno Not\u00edcias, o <strong>Magazine Luiza<\/strong> limitou-se a dizer que os notebooks pertencem ao Kabum. Confira o posicionamento na \u00edntegra:<\/p>\n\n\n\n<p><em>O Magalu informa que os notebooks Sony Vaio(identifica\u00e7\u00e3o 00738) e Acer (013842) s\u00e3o propriedades da KaBum! e, portanto, pertencem \u00e0 companhia controladora.<\/em><\/p>\n\n\n\n<p>A Secretaria de Seguran\u00e7a P\u00fablica de S\u00e3o Paulo n\u00e3o respondeu os questionamentos e os irm\u00e3os Ramos n\u00e3o foram localizados pela reportagem.<\/p>\n\n\n\t<p>\n\t\t<a href=\"https:\/\/lp.suno.com.br\/planilha-controle-gastos\/\" target=\"_blank\" data-element=\"shortcode-suno-banner\" title=\"Banner SUNO, clique e saiba mais\">\n\t\t\t<picture>\n\t\t\t\t<source media=\"(max-width: 500px)\" srcset=\"https:\/\/files.sunoresearch.com.br\/n\/uploads\/2023\/03\/400x300-Planilha-controle-de-gastos.png\">\n\t\t\t\t<img class=\"newsContent__article__imgCapa newsContent__article__imgCapa--banner\"\n\t\t\t\t\tsrc=\"https:\/\/files.sunoresearch.com.br\/n\/uploads\/2023\/03\/1420x240-Planilha-controle-de-gastos.png\"\n\t\t\t\t\tdata-promo-id=\"101751\"\t\t\t\t\t\t\t\t\t\twidth='1420' height='240'\t\t\t\t\talt=\"https:\/\/files.sunoresearch.com.br\/n\/uploads\/2023\/03\/1420x240-Planilha-controle-de-gastos.png\"\n\t\t\t\t>\n\t\t\t<\/picture>\n\t\t<\/a>\n\t<\/p>\n\n\n\n\n\n<h2 class=\"wp-block-heading\" id=\"h-magazine-luiza-vs-fundadores-do-kabum\">Magazine Luiza vs fundadores do Kabum<\/h2>\n\n\n\n<p>A guerra entre a varejista da fam\u00edlia Trajano e os irm\u00e3os Ramos explodiu no come\u00e7o desta semana. Segundo o jornal Valor Econ\u00f4mico, os irm\u00e3os acusam o Ita\u00fa BBA de conflito de interesses durante as negocia\u00e7\u00f5es para a venda do Kabum ao Magalu. &nbsp;<\/p>\n\n\n\t<div data-element=\"shortcode-read-more\" class=\"knowMore\">\n\t\t\t\t<span class=\"knowMore__title\">Leia mais<\/span>\n\t\t\t\t<a class=\"knowMore__link\" href=\"https:\/\/www.suno.com.br\/noticias\/magazine-luiza-mglu3-venda-kabum-guerra-juridica\/\">\n\t\t\tVenda do Kabum para Magazine Luiza (MGLU3) vira batalha judicial bilion\u00e1ria; entenda\t\t<\/a>\n\t<\/div>\n\n\n\n\n<p>Os advogados dos irm\u00e3os argumentam que o banco &#8220;manobrou para que propostas ou negocia\u00e7\u00f5es com outros interessados fossem sabotadas, minadas ou abandonadas de modo que [os <strong>s\u00f3cios do Kabum<\/strong>] fechassem neg\u00f3cio com o Magazine Luiza&#8221;.<\/p>\n\n\n\n<p>Contudo, a tese \u00e9 sustentada por ind\u00edcios e suspeitas. Por isso, os advogados pediram a produ\u00e7\u00e3o antecipada de provas, pois ainda n\u00e3o t\u00eam \u201cfatos cruciais\u201d nas m\u00e3os para abrir uma a\u00e7\u00e3o indenizat\u00f3ria.<\/p>\n\n\n\t<p>\n\t\t<a href=\"https:\/\/lp.suno.com.br\/ebook-como-analisar-uma-acao\/\" target=\"_blank\" data-element=\"shortcode-suno-banner\" title=\"Banner SUNO, clique e saiba mais\">\n\t\t\t<picture>\n\t\t\t\t<source media=\"(max-width: 500px)\" srcset=\"https:\/\/files.sunoresearch.com.br\/n\/uploads\/2023\/03\/Ebook-Acoes-Mobile-1.jpg\">\n\t\t\t\t<img class=\"newsContent__article__imgCapa newsContent__article__imgCapa--banner\"\n\t\t\t\t\tsrc=\"https:\/\/files.sunoresearch.com.br\/n\/uploads\/2023\/03\/Ebook-Acoes-Desktop-1.jpg\"\n\t\t\t\t\tdata-promo-id=\"171998\"\t\t\t\t\t\t\t\t\t\twidth='1420' height='286'\t\t\t\t\talt=\"https:\/\/files.sunoresearch.com.br\/n\/uploads\/2023\/03\/Ebook-Acoes-Desktop-1.jpg\"\n\t\t\t\t>\n\t\t\t<\/picture>\n\t\t<\/a>\n\t<\/p>\n\n\n\n\n\n<p>Nos tr\u00e2mites do processo, o Ita\u00fa BBA contestou todas as acusa\u00e7\u00f5es e afirmou que essa \u201cmanobra\u201d da produ\u00e7\u00e3o antecipada de provas est\u00e1 sendo solicitada porque a dupla n\u00e3o tem como sustentar a den\u00fancia de suposta sabotagem na opera\u00e7\u00e3o de<strong>&nbsp;venda do Kabum<\/strong>&nbsp;ao Magazine Luiza.<\/p>\n\n\n\n<p>Nos tr\u00e2mites do processo, o Ita\u00fa BBA contestou todas as acusa\u00e7\u00f5es e afirmou que essa \u201cmanobra\u201d da produ\u00e7\u00e3o antecipada de provas est\u00e1 sendo solicitada porque a dupla n\u00e3o tem como sustentar a den\u00fancia de suposta sabotagem na opera\u00e7\u00e3o de&nbsp;venda do Kabum&nbsp;ao Magazine Luiza.<\/p>\n\n\n\n<p>De acordo com o mapeamento do Status Invest, nos \u00faltimos doze meses, os pap\u00e9is <strong>MGLU3<\/strong> acumulam queda de 47,39%.<\/p>\n\n\n\t<p>\n\t\t<a href=\"https:\/\/lp.suno.com.br\/planilha-de-controle-de-investimentos\/\" target=\"_blank\" data-element=\"shortcode-suno-banner\" title=\"Banner SUNO, clique e saiba mais\">\n\t\t\t<picture>\n\t\t\t\t<source media=\"(max-width: 500px)\" srcset=\"https:\/\/files.sunoresearch.com.br\/n\/uploads\/2023\/03\/400x300-Controle-de-Investimentos.png\">\n\t\t\t\t<img class=\"newsContent__article__imgCapa newsContent__article__imgCapa--banner\"\n\t\t\t\t\tsrc=\"https:\/\/files.sunoresearch.com.br\/n\/uploads\/2023\/03\/1420x240-Controle-de-Investimentos.png\"\n\t\t\t\t\tdata-promo-id=\"75934\"\t\t\t\t\t\t\t\t\t\twidth='1420' height='240'\t\t\t\t\talt=\"https:\/\/files.sunoresearch.com.br\/n\/uploads\/2023\/03\/1420x240-Controle-de-Investimentos.png\"\n\t\t\t\t>\n\t\t\t<\/picture>\n\t\t<\/a>\n\t<\/p>\n\n\n","protected":false},"excerpt":{"rendered":"<p>Os irm\u00e3os Leandro e Thiago Ramos, fundadores do Kabum, fizeram um boletim de ocorr\u00eancia contra o Magazine Luiza (MGLU3). Segundo informa\u00e7\u00f5es divulgadas na ter\u00e7a (28), a varejista teria se apropriado indevidamente de documentos e pertences dos executivos. Ao Suno Not\u00edcias, o Magalu negou o caso. Magazine Luiza (MGLU3). Foto: Divulga\u00e7\u00e3o De acordo com o site [&hellip;]<\/p>\n","protected":false},"author":232,"featured_media":370381,"comment_status":"closed","ping_status":"closed","sticky":false,"template":"","format":"standard","meta":[],"categories":[64],"tags":[286,548,803],"suno_strategy":[],"class_list":["post-370120","post","type-post","status-publish","format-standard","has-post-thumbnail","hentry","category-negocios","tag-acoes","tag-magazine-luiza-mglu3","tag-varejo"],"yoast_head":"<!-- This site is optimized with the Yoast SEO plugin v24.4 - https:\/\/yoast.com\/wordpress\/plugins\/seo\/ -->\n<title>Magazine Luiza (MGLU3) vs Kabum vira caso de pol\u00edcia! Entenda<\/title>\n<meta name=\"description\" content=\"Os irm\u00e3os Leandro e Thiago Ramos, fundadores do Kabum, fizeram um boletim de ocorr\u00eancia contra o Magazine Luiza (MGLU3). Saiba mais!\" \/>\n<meta name=\"robots\" content=\"index, follow, max-snippet:-1, max-image-preview:large, max-video-preview:-1\" \/>\n<link rel=\"canonical\" href=\"https:\/\/www.suno.com.br\/noticias\/magazine-luiza-mglu3-kabum-policia\/\" \/>\n<meta property=\"og:locale\" content=\"pt_BR\" \/>\n<meta property=\"og:type\" content=\"article\" \/>\n<meta property=\"og:title\" content=\"Magazine Luiza (MGLU3) vs Kabum vira caso de pol\u00edcia! Entenda\" \/>\n<meta property=\"og:description\" content=\"Os irm\u00e3os Leandro e Thiago Ramos, fundadores do Kabum, fizeram um boletim de ocorr\u00eancia contra o Magazine Luiza (MGLU3). Saiba mais!\" \/>\n<meta property=\"og:url\" content=\"https:\/\/www.suno.com.br\/noticias\/magazine-luiza-mglu3-kabum-policia\/\" \/>\n<meta property=\"og:site_name\" content=\"Suno Not\u00edcias\" \/>\n<meta property=\"article:publisher\" content=\"https:\/\/facebook.com\/sunoresearch\" \/>\n<meta property=\"og:image\" content=\"https:\/\/files.sunoresearch.com.br\/n\/uploads\/2023\/03\/magalu-mglu3-kabum-briga-policia-foto-divulgacao.jpg\" \/>\n\t<meta property=\"og:image:width\" content=\"1200\" \/>\n\t<meta property=\"og:image:height\" content=\"675\" \/>\n\t<meta property=\"og:image:type\" content=\"image\/jpeg\" \/>\n<meta name=\"author\" content=\"Erick Matheus Nery\" \/>\n<meta name=\"twitter:card\" content=\"summary_large_image\" \/>\n<meta name=\"twitter:creator\" content=\"@sunoresearch\" \/>\n<meta name=\"twitter:site\" content=\"@sunoresearch\" \/>\n<meta name=\"twitter:label1\" content=\"Escrito por\" \/>\n\t<meta name=\"twitter:data1\" content=\"Erick Matheus Nery\" \/>\n\t<meta name=\"twitter:label2\" content=\"Est. tempo de leitura\" \/>\n\t<meta name=\"twitter:data2\" content=\"3 minutos\" \/>\n<script type=\"application\/ld+json\" class=\"yoast-schema-graph\">{\"@context\":\"https:\/\/schema.org\",\"@graph\":[{\"@type\":\"NewsArticle\",\"@id\":\"https:\/\/www.suno.com.br\/noticias\/magazine-luiza-mglu3-kabum-policia\/#article\",\"isPartOf\":{\"@id\":\"https:\/\/www.suno.com.br\/noticias\/magazine-luiza-mglu3-kabum-policia\/\"},\"author\":{\"name\":\"Erick Matheus Nery\",\"@id\":\"https:\/\/www.suno.com.br\/noticias\/#\/schema\/person\/6899bc3f19d1a7315f807131c2c013a0\"},\"headline\":\"Magazine Luiza (MGLU3) vs Kabum vira caso de pol\u00edcia; irm\u00e3os fazem BO contra varejista\",\"datePublished\":\"2023-03-01T18:39:16+00:00\",\"dateModified\":\"2023-03-01T18:39:22+00:00\",\"mainEntityOfPage\":{\"@id\":\"https:\/\/www.suno.com.br\/noticias\/magazine-luiza-mglu3-kabum-policia\/\"},\"wordCount\":562,\"publisher\":{\"@id\":\"https:\/\/www.suno.com.br\/noticias\/#organization\"},\"image\":{\"@id\":\"https:\/\/www.suno.com.br\/noticias\/magazine-luiza-mglu3-kabum-policia\/#primaryimage\"},\"thumbnailUrl\":\"https:\/\/files.sunoresearch.com.br\/n\/uploads\/2023\/03\/magalu-mglu3-kabum-briga-policia-foto-divulgacao.jpg\",\"keywords\":[\"A\u00e7\u00f5es\",\"Magazine Luiza (MGLU3)\",\"varejo\"],\"articleSection\":[\"Neg\u00f3cios\"],\"inLanguage\":\"pt-BR\"},{\"@type\":\"WebPage\",\"@id\":\"https:\/\/www.suno.com.br\/noticias\/magazine-luiza-mglu3-kabum-policia\/\",\"url\":\"https:\/\/www.suno.com.br\/noticias\/magazine-luiza-mglu3-kabum-policia\/\",\"name\":\"Magazine Luiza (MGLU3) vs Kabum vira caso de pol\u00edcia! Entenda\",\"isPartOf\":{\"@id\":\"https:\/\/www.suno.com.br\/noticias\/#website\"},\"primaryImageOfPage\":{\"@id\":\"https:\/\/www.suno.com.br\/noticias\/magazine-luiza-mglu3-kabum-policia\/#primaryimage\"},\"image\":{\"@id\":\"https:\/\/www.suno.com.br\/noticias\/magazine-luiza-mglu3-kabum-policia\/#primaryimage\"},\"thumbnailUrl\":\"https:\/\/files.sunoresearch.com.br\/n\/uploads\/2023\/03\/magalu-mglu3-kabum-briga-policia-foto-divulgacao.jpg\",\"datePublished\":\"2023-03-01T18:39:16+00:00\",\"dateModified\":\"2023-03-01T18:39:22+00:00\",\"description\":\"Os irm\u00e3os Leandro e Thiago Ramos, fundadores do Kabum, fizeram um boletim de ocorr\u00eancia contra o Magazine Luiza (MGLU3). Saiba mais!\",\"breadcrumb\":{\"@id\":\"https:\/\/www.suno.com.br\/noticias\/magazine-luiza-mglu3-kabum-policia\/#breadcrumb\"},\"inLanguage\":\"pt-BR\",\"potentialAction\":[{\"@type\":\"ReadAction\",\"target\":[\"https:\/\/www.suno.com.br\/noticias\/magazine-luiza-mglu3-kabum-policia\/\"]}]},{\"@type\":\"ImageObject\",\"inLanguage\":\"pt-BR\",\"@id\":\"https:\/\/www.suno.com.br\/noticias\/magazine-luiza-mglu3-kabum-policia\/#primaryimage\",\"url\":\"https:\/\/files.sunoresearch.com.br\/n\/uploads\/2023\/03\/magalu-mglu3-kabum-briga-policia-foto-divulgacao.jpg\",\"contentUrl\":\"https:\/\/files.sunoresearch.com.br\/n\/uploads\/2023\/03\/magalu-mglu3-kabum-briga-policia-foto-divulgacao.jpg\",\"width\":1200,\"height\":675,\"caption\":\"Magazine Luiza (MGLU3). Foto: Divulga\u00e7\u00e3o\"},{\"@type\":\"BreadcrumbList\",\"@id\":\"https:\/\/www.suno.com.br\/noticias\/magazine-luiza-mglu3-kabum-policia\/#breadcrumb\",\"itemListElement\":[{\"@type\":\"ListItem\",\"position\":1,\"name\":\"Not\u00edcias\",\"item\":\"https:\/\/www.suno.com.br\/noticias\/\"},{\"@type\":\"ListItem\",\"position\":2,\"name\":\"Neg\u00f3cios\",\"item\":\"https:\/\/www.suno.com.br\/noticias\/negocios\/\"},{\"@type\":\"ListItem\",\"position\":3,\"name\":\"Magazine Luiza (MGLU3) vs Kabum vira caso de pol\u00edcia; irm\u00e3os fazem BO contra varejista\"}]},{\"@type\":\"WebSite\",\"@id\":\"https:\/\/www.suno.com.br\/noticias\/#website\",\"url\":\"https:\/\/www.suno.com.br\/noticias\/\",\"name\":\"Suno Not\u00edcias\",\"description\":\"Seu portal de informa\u00e7\u00e3o sobre o mundo dos investimentos\",\"publisher\":{\"@id\":\"https:\/\/www.suno.com.br\/noticias\/#organization\"},\"potentialAction\":[{\"@type\":\"SearchAction\",\"target\":{\"@type\":\"EntryPoint\",\"urlTemplate\":\"https:\/\/www.suno.com.br\/noticias\/?s={search_term_string}\"},\"query-input\":{\"@type\":\"PropertyValueSpecification\",\"valueRequired\":true,\"valueName\":\"search_term_string\"}}],\"inLanguage\":\"pt-BR\"},{\"@type\":\"Organization\",\"@id\":\"https:\/\/www.suno.com.br\/noticias\/#organization\",\"name\":\"Suno Not\u00edcias\",\"url\":\"https:\/\/www.suno.com.br\/noticias\/\",\"logo\":{\"@type\":\"ImageObject\",\"inLanguage\":\"pt-BR\",\"@id\":\"https:\/\/www.suno.com.br\/noticias\/#\/schema\/logo\/image\/\",\"url\":\"https:\/\/files.sunoresearch.com.br\/n\/uploads\/2021\/09\/suno-logo.png\",\"contentUrl\":\"https:\/\/files.sunoresearch.com.br\/n\/uploads\/2021\/09\/suno-logo.png\",\"width\":180,\"height\":180,\"caption\":\"Suno Not\u00edcias\"},\"image\":{\"@id\":\"https:\/\/www.suno.com.br\/noticias\/#\/schema\/logo\/image\/\"},\"sameAs\":[\"https:\/\/facebook.com\/sunoresearch\",\"https:\/\/x.com\/sunoresearch\",\"https:\/\/www.instagram.com\/suno\",\"https:\/\/www.linkedin.com\/company\/suno-research\/\",\"https:\/\/www.youtube.com\/c\/sunoresearch\"]},{\"@type\":\"Person\",\"@id\":\"https:\/\/www.suno.com.br\/noticias\/#\/schema\/person\/6899bc3f19d1a7315f807131c2c013a0\",\"name\":\"Erick Matheus Nery\",\"image\":{\"@type\":\"ImageObject\",\"inLanguage\":\"pt-BR\",\"@id\":\"https:\/\/www.suno.com.br\/noticias\/#\/schema\/person\/image\/\",\"url\":\"https:\/\/secure.gravatar.com\/avatar\/518ddffe438ccb767782d372a66304d2?s=96&r=g\",\"contentUrl\":\"https:\/\/secure.gravatar.com\/avatar\/518ddffe438ccb767782d372a66304d2?s=96&r=g\",\"caption\":\"Erick Matheus Nery\"},\"description\":\"Formado em Jornalismo pela Universidade Federal do Par\u00e1 (UFPA), conta com extens\u00e3o em Jornalismo Econ\u00f4mico pela Funda\u00e7\u00e3o Get\u00falio Vargas (FGV). No Suno Not\u00edcias, atua como rep\u00f3rter de Mercado, com foco nos setores de telecomunica\u00e7\u00f5es, varejo, alimentos e renda fixa. Conta com passagens pelo jornal O Estado de S\u00e3o Paulo, como trainee de Jornalismo Econ\u00f4mico, e pelo site Not\u00edcias da TV.\",\"url\":\"https:\/\/www.suno.com.br\/noticias\/author\/erick-nery\/\"}]}<\/script>\n<!-- \/ Yoast SEO plugin. -->","yoast_head_json":{"title":"Magazine Luiza (MGLU3) vs Kabum vira caso de pol\u00edcia! Entenda","description":"Os irm\u00e3os Leandro e Thiago Ramos, fundadores do Kabum, fizeram um boletim de ocorr\u00eancia contra o Magazine Luiza (MGLU3). Saiba mais!","robots":{"index":"index","follow":"follow","max-snippet":"max-snippet:-1","max-image-preview":"max-image-preview:large","max-video-preview":"max-video-preview:-1"},"canonical":"https:\/\/www.suno.com.br\/noticias\/magazine-luiza-mglu3-kabum-policia\/","og_locale":"pt_BR","og_type":"article","og_title":"Magazine Luiza (MGLU3) vs Kabum vira caso de pol\u00edcia! Entenda","og_description":"Os irm\u00e3os Leandro e Thiago Ramos, fundadores do Kabum, fizeram um boletim de ocorr\u00eancia contra o Magazine Luiza (MGLU3). Saiba mais!","og_url":"https:\/\/www.suno.com.br\/noticias\/magazine-luiza-mglu3-kabum-policia\/","og_site_name":"Suno Not\u00edcias","article_publisher":"https:\/\/facebook.com\/sunoresearch","og_image":[{"width":1200,"height":675,"url":"https:\/\/files.sunoresearch.com.br\/n\/uploads\/2023\/03\/magalu-mglu3-kabum-briga-policia-foto-divulgacao.jpg","type":"image\/jpeg"}],"author":"Erick Matheus Nery","twitter_card":"summary_large_image","twitter_creator":"@sunoresearch","twitter_site":"@sunoresearch","twitter_misc":{"Escrito por":"Erick Matheus Nery","Est. tempo de leitura":"3 minutos"},"schema":{"@context":"https:\/\/schema.org","@graph":[{"@type":"NewsArticle","@id":"https:\/\/www.suno.com.br\/noticias\/magazine-luiza-mglu3-kabum-policia\/#article","isPartOf":{"@id":"https:\/\/www.suno.com.br\/noticias\/magazine-luiza-mglu3-kabum-policia\/"},"author":{"name":"Erick Matheus Nery","@id":"https:\/\/www.suno.com.br\/noticias\/#\/schema\/person\/6899bc3f19d1a7315f807131c2c013a0"},"headline":"Magazine Luiza (MGLU3) vs Kabum vira caso de pol\u00edcia; irm\u00e3os fazem BO contra varejista","datePublished":"2023-03-01T18:39:16+00:00","dateModified":"2023-03-01T18:39:22+00:00","mainEntityOfPage":{"@id":"https:\/\/www.suno.com.br\/noticias\/magazine-luiza-mglu3-kabum-policia\/"},"wordCount":562,"publisher":{"@id":"https:\/\/www.suno.com.br\/noticias\/#organization"},"image":{"@id":"https:\/\/www.suno.com.br\/noticias\/magazine-luiza-mglu3-kabum-policia\/#primaryimage"},"thumbnailUrl":"https:\/\/files.sunoresearch.com.br\/n\/uploads\/2023\/03\/magalu-mglu3-kabum-briga-policia-foto-divulgacao.jpg","keywords":["A\u00e7\u00f5es","Magazine Luiza (MGLU3)","varejo"],"articleSection":["Neg\u00f3cios"],"inLanguage":"pt-BR"},{"@type":"WebPage","@id":"https:\/\/www.suno.com.br\/noticias\/magazine-luiza-mglu3-kabum-policia\/","url":"https:\/\/www.suno.com.br\/noticias\/magazine-luiza-mglu3-kabum-policia\/","name":"Magazine Luiza (MGLU3) vs Kabum vira caso de pol\u00edcia! Entenda","isPartOf":{"@id":"https:\/\/www.suno.com.br\/noticias\/#website"},"primaryImageOfPage":{"@id":"https:\/\/www.suno.com.br\/noticias\/magazine-luiza-mglu3-kabum-policia\/#primaryimage"},"image":{"@id":"https:\/\/www.suno.com.br\/noticias\/magazine-luiza-mglu3-kabum-policia\/#primaryimage"},"thumbnailUrl":"https:\/\/files.sunoresearch.com.br\/n\/uploads\/2023\/03\/magalu-mglu3-kabum-briga-policia-foto-divulgacao.jpg","datePublished":"2023-03-01T18:39:16+00:00","dateModified":"2023-03-01T18:39:22+00:00","description":"Os irm\u00e3os Leandro e Thiago Ramos, fundadores do Kabum, fizeram um boletim de ocorr\u00eancia contra o Magazine Luiza (MGLU3). Saiba mais!","breadcrumb":{"@id":"https:\/\/www.suno.com.br\/noticias\/magazine-luiza-mglu3-kabum-policia\/#breadcrumb"},"inLanguage":"pt-BR","potentialAction":[{"@type":"ReadAction","target":["https:\/\/www.suno.com.br\/noticias\/magazine-luiza-mglu3-kabum-policia\/"]}]},{"@type":"ImageObject","inLanguage":"pt-BR","@id":"https:\/\/www.suno.com.br\/noticias\/magazine-luiza-mglu3-kabum-policia\/#primaryimage","url":"https:\/\/files.sunoresearch.com.br\/n\/uploads\/2023\/03\/magalu-mglu3-kabum-briga-policia-foto-divulgacao.jpg","contentUrl":"https:\/\/files.sunoresearch.com.br\/n\/uploads\/2023\/03\/magalu-mglu3-kabum-briga-policia-foto-divulgacao.jpg","width":1200,"height":675,"caption":"Magazine Luiza (MGLU3). Foto: Divulga\u00e7\u00e3o"},{"@type":"BreadcrumbList","@id":"https:\/\/www.suno.com.br\/noticias\/magazine-luiza-mglu3-kabum-policia\/#breadcrumb","itemListElement":[{"@type":"ListItem","position":1,"name":"Not\u00edcias","item":"https:\/\/www.suno.com.br\/noticias\/"},{"@type":"ListItem","position":2,"name":"Neg\u00f3cios","item":"https:\/\/www.suno.com.br\/noticias\/negocios\/"},{"@type":"ListItem","position":3,"name":"Magazine Luiza (MGLU3) vs Kabum vira caso de pol\u00edcia; irm\u00e3os fazem BO contra varejista"}]},{"@type":"WebSite","@id":"https:\/\/www.suno.com.br\/noticias\/#website","url":"https:\/\/www.suno.com.br\/noticias\/","name":"Suno Not\u00edcias","description":"Seu portal de informa\u00e7\u00e3o sobre o mundo dos investimentos","publisher":{"@id":"https:\/\/www.suno.com.br\/noticias\/#organization"},"potentialAction":[{"@type":"SearchAction","target":{"@type":"EntryPoint","urlTemplate":"https:\/\/www.suno.com.br\/noticias\/?s={search_term_string}"},"query-input":{"@type":"PropertyValueSpecification","valueRequired":true,"valueName":"search_term_string"}}],"inLanguage":"pt-BR"},{"@type":"Organization","@id":"https:\/\/www.suno.com.br\/noticias\/#organization","name":"Suno Not\u00edcias","url":"https:\/\/www.suno.com.br\/noticias\/","logo":{"@type":"ImageObject","inLanguage":"pt-BR","@id":"https:\/\/www.suno.com.br\/noticias\/#\/schema\/logo\/image\/","url":"https:\/\/files.sunoresearch.com.br\/n\/uploads\/2021\/09\/suno-logo.png","contentUrl":"https:\/\/files.sunoresearch.com.br\/n\/uploads\/2021\/09\/suno-logo.png","width":180,"height":180,"caption":"Suno Not\u00edcias"},"image":{"@id":"https:\/\/www.suno.com.br\/noticias\/#\/schema\/logo\/image\/"},"sameAs":["https:\/\/facebook.com\/sunoresearch","https:\/\/x.com\/sunoresearch","https:\/\/www.instagram.com\/suno","https:\/\/www.linkedin.com\/company\/suno-research\/","https:\/\/www.youtube.com\/c\/sunoresearch"]},{"@type":"Person","@id":"https:\/\/www.suno.com.br\/noticias\/#\/schema\/person\/6899bc3f19d1a7315f807131c2c013a0","name":"Erick Matheus Nery","image":{"@type":"ImageObject","inLanguage":"pt-BR","@id":"https:\/\/www.suno.com.br\/noticias\/#\/schema\/person\/image\/","url":"https:\/\/secure.gravatar.com\/avatar\/518ddffe438ccb767782d372a66304d2?s=96&r=g","contentUrl":"https:\/\/secure.gravatar.com\/avatar\/518ddffe438ccb767782d372a66304d2?s=96&r=g","caption":"Erick Matheus Nery"},"description":"Formado em Jornalismo pela Universidade Federal do Par\u00e1 (UFPA), conta com extens\u00e3o em Jornalismo Econ\u00f4mico pela Funda\u00e7\u00e3o Get\u00falio Vargas (FGV). No Suno Not\u00edcias, atua como rep\u00f3rter de Mercado, com foco nos setores de telecomunica\u00e7\u00f5es, varejo, alimentos e renda fixa. Conta com passagens pelo jornal O Estado de S\u00e3o Paulo, como trainee de Jornalismo Econ\u00f4mico, e pelo site Not\u00edcias da TV.","url":"https:\/\/www.suno.com.br\/noticias\/author\/erick-nery\/"}]}},"default_loop_html":"<div class=\"cardsPage__listCard__boxs\"><div class=\"cardsPage__listCard__boxs__img\"><a href=\"https:\/\/www.suno.com.br\/noticias\/magazine-luiza-mglu3-kabum-policia\/\"><img class=\"mask\" src=\"https:\/\/www.suno.com.br\/noticias\/wp-content\/themes\/suno\/resources\/images\/spotlight\/spotlight1img\/bg-mask.png\" alt=\"Image Mask\"\/><img src=\"https:\/\/files.sunoresearch.com.br\/n\/uploads\/2023\/03\/magalu-mglu3-kabum-briga-policia-foto-divulgacao-400x200.jpg\" alt=\"Magazine Luiza (MGLU3) vs Kabum vira caso de pol\u00edcia; irm\u00e3os fazem BO contra varejista\"\/><\/a><span class=\"spotlightCategory\"><a href=\"https:\/\/www.suno.com.br\/noticias\/negocios\/\">Neg\u00f3cios<\/a><\/span><\/div><div class=\"cardsPage__listCard__boxs__content\"><a href=\"https:\/\/www.suno.com.br\/noticias\/magazine-luiza-mglu3-kabum-policia\/\"><h2 class=\"content__title\">Magazine Luiza (MGLU3) vs Kabum vira caso de pol\u00edcia; irm\u00e3os fazem BO contra varejista<\/h2><\/a><div class=\"newsContent__article__meta\"><div class=\"newsContent__article__meta__authorBox\"><a href=\"https:\/\/www.suno.com.br\/noticias\/author\/erick-nery\/\" class=\"authorBox__avatar noMobi\"><img src=\"https:\/\/secure.gravatar.com\/avatar\/518ddffe438ccb767782d372a66304d2?s=96&#038;r=g\" alt=\"Erick Matheus Nery\"><\/a><div class=\"authorBox__name\"><span>por\n\t\t\t<a href=\"https:\/\/www.suno.com.br\/noticias\/author\/erick-nery\/\"><span itemprop=\"author\">Erick Matheus Nery<\/span><\/a><\/span><time datetime=\"2023-03-01T15:39:16-03:00\" itemprop=\"datePublished\">01\/03\/2023 15:39<\/time><\/div><\/div><\/div><\/div><\/div>","single_layout":"posts","amp_enabled":true,"_links":{"self":[{"href":"https:\/\/www.suno.com.br\/noticias\/wp-json\/wp\/v2\/posts\/370120"}],"collection":[{"href":"https:\/\/www.suno.com.br\/noticias\/wp-json\/wp\/v2\/posts"}],"about":[{"href":"https:\/\/www.suno.com.br\/noticias\/wp-json\/wp\/v2\/types\/post"}],"author":[{"embeddable":true,"href":"https:\/\/www.suno.com.br\/noticias\/wp-json\/wp\/v2\/users\/232"}],"replies":[{"embeddable":true,"href":"https:\/\/www.suno.com.br\/noticias\/wp-json\/wp\/v2\/comments?post=370120"}],"version-history":[{"count":2,"href":"https:\/\/www.suno.com.br\/noticias\/wp-json\/wp\/v2\/posts\/370120\/revisions"}],"predecessor-version":[{"id":370427,"href":"https:\/\/www.suno.com.br\/noticias\/wp-json\/wp\/v2\/posts\/370120\/revisions\/370427"}],"wp:featuredmedia":[{"embeddable":true,"href":"https:\/\/www.suno.com.br\/noticias\/wp-json\/wp\/v2\/media\/370381"}],"wp:attachment":[{"href":"https:\/\/www.suno.com.br\/noticias\/wp-json\/wp\/v2\/media?parent=370120"}],"wp:term":[{"taxonomy":"category","embeddable":true,"href":"https:\/\/www.suno.com.br\/noticias\/wp-json\/wp\/v2\/categories?post=370120"},{"taxonomy":"post_tag","embeddable":true,"href":"https:\/\/www.suno.com.br\/noticias\/wp-json\/wp\/v2\/tags?post=370120"},{"taxonomy":"suno_strategy","embeddable":true,"href":"https:\/\/www.suno.com.br\/noticias\/wp-json\/wp\/v2\/suno_strategy?post=370120"}],"curies":[{"name":"wp","href":"https:\/\/api.w.org\/{rel}","templated":true}]}}