{"id":369328,"date":"2023-02-28T10:52:20","date_gmt":"2023-02-28T13:52:20","guid":{"rendered":"https:\/\/www.suno.com.br\/noticias\/?p=369328"},"modified":"2023-02-28T13:50:55","modified_gmt":"2023-02-28T16:50:55","slug":"magazine-luiza-mglu3-venda-kabum-guerra-juridica","status":"publish","type":"post","link":"https:\/\/www.suno.com.br\/noticias\/magazine-luiza-mglu3-venda-kabum-guerra-juridica\/","title":{"rendered":"Venda do Kabum para Magazine Luiza (MGLU3) vira batalha judicial bilion\u00e1ria; entenda"},"content":{"rendered":"<p>A venda do Kabum para o <a href=\"https:\/\/suno.com.br\/acoes\/mglu3\/\" target=\"_blank\" rel=\"noreferrer noopener\">Magazine Luiza (<strong>MGLU3<\/strong>) <\/a>foi parar nos tribunais em meio a uma batalha jur\u00eddica bilion\u00e1ria. O alvo dessa guerra n\u00e3o \u00e9 a varejista da fam\u00edlia Trajano, mas sim o Ita\u00fa BBA, respons\u00e1vel pelo assessoramento financeiro da opera\u00e7\u00e3o.<\/p>\t<div class=\"wrapper-featured-image\">\n\t\t<figure class=\"spotlightImg\">\n\n\t\t\t<picture>\n\t\t\t\t<source media=\"(max-width: 768px)\" srcset=\"https:\/\/files.sunoresearch.com.br\/n\/uploads\/2022\/11\/magazine-luiza-mglu3-black-friday-loja-promocoes-foto-divulgacao-germano-luders-400x200.jpg\">\n\t\t\t\t<img loading=\"lazy\" decoding=\"async\" class=\"newsContent__article__imgCapa lazyloadDisabled \" src=\"https:\/\/files.sunoresearch.com.br\/n\/uploads\/2022\/11\/magazine-luiza-mglu3-black-friday-loja-promocoes-foto-divulgacao-germano-luders-800x450.jpg\" width=\"800\" height=\"450\" alt=\"Venda do Kabum para Magazine Luiza (MGLU3) vira batalha judicial bilion\u00e1ria; entenda\" fetchpriority=high \/>\n\t\t\t<\/picture>\n\n\t\t\t<figcaption class=\"wp-caption-text wp-caption-text--show\">Magazine Luiza (MGLU3). Foto: Divulga\u00e7\u00e3o\/Germano L\u00fcders<\/figcaption>\n\t\t<\/figure>\n\t<\/div>\n\n\n\n\n\n\t<p>\n\t\t<a href=\"\" target=\"_blank\" data-element=\"shortcode-suno-banner\" title=\"Banner SUNO, clique e saiba mais\">\n\t\t\t<picture>\n\t\t\t\t<source media=\"(max-width: 500px)\" srcset=\"\">\n\t\t\t\t<img class=\"newsContent__article__imgCapa newsContent__article__imgCapa--banner\"\n\t\t\t\t\tsrc=\"\"\n\t\t\t\t\tdata-promo-id=\"250704\"\t\t\t\t\t\t\t\t\t\t\t\t\t\t\talt=\"\"\n\t\t\t\t>\n\t\t\t<\/picture>\n\t\t<\/a>\n\t<\/p>\n\n\n\n\n\n<p>De acordo com informa\u00e7\u00f5es publicadas pelo jornal Valor Econ\u00f4mico, os irm\u00e3os e fundadores do <strong>Kabum <\/strong>Leandro e Thiago Ramos est\u00e3o rompendo rela\u00e7\u00f5es com o Magazine Luiza ap\u00f3s o in\u00edcio do processo jur\u00eddico.<\/p>\n\n\n\n<p>Os familiares questionam o trabalho do <strong>Ita\u00fa BBA<\/strong> durante as negocia\u00e7\u00f5es. A transa\u00e7\u00e3o de R$ 3,5 bilh\u00f5es foi conclu\u00edda no final de 2021.<\/p>\n\n\n\n<p>Segundo os advogados dos <strong>fundadores do Kabum<\/strong>, o Ita\u00fa BBA teria atuado em meio a um conflito de interesses durante essa transa\u00e7\u00e3o e n\u00e3o teria trabalhado para obter o melhor neg\u00f3cio aos irm\u00e3os.<\/p>\n\n\n\n<p>Os juristas argumentam que o banco &#8220;manobrou para que propostas ou negocia\u00e7\u00f5es com outros interessados fossem sabotadas, minadas ou abandonadas de modo que <em>[os s\u00f3cios do Kabum]<\/em> fechassem neg\u00f3cio com o <strong>Magazine Luiza<\/strong>&#8220;.<\/p>\n\n\n\n<p>Contudo, a tese \u00e9 sustentada por ind\u00edcios e suspeitas. Por isso, os advogados pediram a produ\u00e7\u00e3o antecipada de provas, pois ainda n\u00e3o t\u00eam &#8220;fatos cruciais&#8221; nas m\u00e3os para abrir uma a\u00e7\u00e3o indenizat\u00f3ria.<\/p>\n\n\n\t<p>\n\t\t<a href=\"https:\/\/lp.suno.com.br\/planilha-controle-gastos\/\" target=\"_blank\" data-element=\"shortcode-suno-banner\" title=\"Banner SUNO, clique e saiba mais\">\n\t\t\t<picture>\n\t\t\t\t<source media=\"(max-width: 500px)\" srcset=\"https:\/\/files.sunoresearch.com.br\/n\/uploads\/2023\/03\/400x300-Planilha-controle-de-gastos.png\">\n\t\t\t\t<img class=\"newsContent__article__imgCapa newsContent__article__imgCapa--banner\"\n\t\t\t\t\tsrc=\"https:\/\/files.sunoresearch.com.br\/n\/uploads\/2023\/03\/1420x240-Planilha-controle-de-gastos.png\"\n\t\t\t\t\tdata-promo-id=\"101751\"\t\t\t\t\t\t\t\t\t\twidth='1420' height='240'\t\t\t\t\talt=\"https:\/\/files.sunoresearch.com.br\/n\/uploads\/2023\/03\/1420x240-Planilha-controle-de-gastos.png\"\n\t\t\t\t>\n\t\t\t<\/picture>\n\t\t<\/a>\n\t<\/p>\n\n\n\n\n\n<h2 class=\"wp-block-heading\" id=\"h-itau-bba-rebate-acusacoes\">Ita\u00fa BBA rebate acusa\u00e7\u00f5es<\/h2>\n\n\n\n<p>Nos tr\u00e2mites do processo, o Ita\u00fa BBA contestou todas as acusa\u00e7\u00f5es e afirmou que essa &#8220;manobra&#8221; da produ\u00e7\u00e3o antecipada de provas est\u00e1 sendo solicitada porque a dupla n\u00e3o tem como sustentar a den\u00fancia de suposta sabotagem na opera\u00e7\u00e3o de<strong> venda do Kabum<\/strong> ao Magazine Luiza.<\/p>\n\n\n\n<p>&#8220;O pleito, al\u00e9m de abusivo, em raz\u00e3o da tentativa de obten\u00e7\u00e3o de informa\u00e7\u00f5es protegidas por sigilo e que violam a privacidade dos envolvidos (direito fundamental),\u00e9 tamb\u00e9m ostensivamente gen\u00e9rico e indeterminado&#8221;, afirmou a defesa do banco na Justi\u00e7a.<\/p>\n\n\n\n<p>De acordo com a reportagem, dentro do banco o processo \u00e9 visto como uma forma de os irm\u00e3os sa\u00edrem do Magalu antes do prazo previsto para o pagamento do &#8220;earn out&#8221;, que \u00e9 em janeiro de 2024.<\/p>\n\n\n\n<p>Em nota enviada ao Valor, o Ita\u00fa BBA lamentou a <strong>a\u00e7\u00e3o judicial<\/strong> e afirmou que ela tem, aparentemente, o \u00fanico objetivo de causar constrangimento. O banco refor\u00e7ou que a opera\u00e7\u00e3o foi conclu\u00edda em um processo competitivo transparente e que os irm\u00e3os estavam cientes de que poderia haver uma flutua\u00e7\u00e3o das a\u00e7\u00f5es do Magazine Luiza no mercado acion\u00e1rio.<\/p>\n\n\n\t<p>\n\t\t<a href=\"https:\/\/lp.suno.com.br\/ebook-como-analisar-uma-acao\/\" target=\"_blank\" data-element=\"shortcode-suno-banner\" title=\"Banner SUNO, clique e saiba mais\">\n\t\t\t<picture>\n\t\t\t\t<source media=\"(max-width: 500px)\" srcset=\"https:\/\/files.sunoresearch.com.br\/n\/uploads\/2023\/03\/Ebook-Acoes-Mobile-1.jpg\">\n\t\t\t\t<img class=\"newsContent__article__imgCapa newsContent__article__imgCapa--banner\"\n\t\t\t\t\tsrc=\"https:\/\/files.sunoresearch.com.br\/n\/uploads\/2023\/03\/Ebook-Acoes-Desktop-1.jpg\"\n\t\t\t\t\tdata-promo-id=\"171998\"\t\t\t\t\t\t\t\t\t\twidth='1420' height='286'\t\t\t\t\talt=\"https:\/\/files.sunoresearch.com.br\/n\/uploads\/2023\/03\/Ebook-Acoes-Desktop-1.jpg\"\n\t\t\t\t>\n\t\t\t<\/picture>\n\t\t<\/a>\n\t<\/p>\n\n\n\n\n\n<p>&#8220;Por fim, ressalta que atua sempre no melhor interesse de seus clientes, pautado nos mais severos padr\u00f5es de dilig\u00eancia, para oferecer assessoria financeira de qualidade elevada&#8221;, ressaltou o BBA.<\/p>\n\n\n\n<p>O Magazine Luiza n\u00e3o comentou o assunto e os fundadores do Kabum n\u00e3o responderam os pedidos de entrevista da reportagem.<\/p>\n\n\n\n<p>Nos \u00faltimos doze meses, as a\u00e7\u00f5es <strong>MGLU3<\/strong> amargam uma desvaloriza\u00e7\u00e3o de 41,05%, de acordo com o mapeamento do Status Invest.<\/p>\n\n\n\t<p>\n\t\t<a href=\"https:\/\/lp.suno.com.br\/planilha-de-controle-de-investimentos\/\" target=\"_blank\" data-element=\"shortcode-suno-banner\" title=\"Banner SUNO, clique e saiba mais\">\n\t\t\t<picture>\n\t\t\t\t<source media=\"(max-width: 500px)\" srcset=\"https:\/\/files.sunoresearch.com.br\/n\/uploads\/2023\/03\/400x300-Controle-de-Investimentos.png\">\n\t\t\t\t<img class=\"newsContent__article__imgCapa newsContent__article__imgCapa--banner\"\n\t\t\t\t\tsrc=\"https:\/\/files.sunoresearch.com.br\/n\/uploads\/2023\/03\/1420x240-Controle-de-Investimentos.png\"\n\t\t\t\t\tdata-promo-id=\"75934\"\t\t\t\t\t\t\t\t\t\twidth='1420' height='240'\t\t\t\t\talt=\"https:\/\/files.sunoresearch.com.br\/n\/uploads\/2023\/03\/1420x240-Controle-de-Investimentos.png\"\n\t\t\t\t>\n\t\t\t<\/picture>\n\t\t<\/a>\n\t<\/p>\n\n\n","protected":false},"excerpt":{"rendered":"<p>A venda do Kabum para o Magazine Luiza (MGLU3) foi parar nos tribunais em meio a uma batalha jur\u00eddica bilion\u00e1ria. O alvo dessa guerra n\u00e3o \u00e9 a varejista da fam\u00edlia Trajano, mas sim o Ita\u00fa BBA, respons\u00e1vel pelo assessoramento financeiro da opera\u00e7\u00e3o. Magazine Luiza (MGLU3). Foto: Divulga\u00e7\u00e3o\/Germano L\u00fcders De acordo com informa\u00e7\u00f5es publicadas pelo jornal [&hellip;]<\/p>\n","protected":false},"author":232,"featured_media":324080,"comment_status":"closed","ping_status":"closed","sticky":false,"template":"","format":"standard","meta":[],"categories":[64],"tags":[1886,548],"suno_strategy":[],"class_list":["post-369328","post","type-post","status-publish","format-standard","has-post-thumbnail","hentry","category-negocios","tag-itau-bba","tag-magazine-luiza-mglu3"],"yoast_head":"<!-- This site is optimized with the Yoast SEO plugin v24.4 - https:\/\/yoast.com\/wordpress\/plugins\/seo\/ -->\n<title>Venda do Kabum para Magazine Luiza (MGLU3) vira guerra jur\u00eddica<\/title>\n<meta name=\"description\" content=\"A venda do Kabum para o Magazine Luiza (MGLU3) foi parar nos tribunais em meio a uma batalha jur\u00eddica bilion\u00e1ria. Clique e saiba mais!\" \/>\n<meta name=\"robots\" content=\"index, follow, max-snippet:-1, max-image-preview:large, max-video-preview:-1\" \/>\n<link rel=\"canonical\" href=\"https:\/\/www.suno.com.br\/noticias\/magazine-luiza-mglu3-venda-kabum-guerra-juridica\/\" \/>\n<meta property=\"og:locale\" content=\"pt_BR\" \/>\n<meta property=\"og:type\" content=\"article\" \/>\n<meta property=\"og:title\" content=\"Venda do Kabum para Magazine Luiza (MGLU3) vira guerra jur\u00eddica\" \/>\n<meta property=\"og:description\" content=\"A venda do Kabum para o Magazine Luiza (MGLU3) foi parar nos tribunais em meio a uma batalha jur\u00eddica bilion\u00e1ria. Clique e saiba mais!\" \/>\n<meta property=\"og:url\" content=\"https:\/\/www.suno.com.br\/noticias\/magazine-luiza-mglu3-venda-kabum-guerra-juridica\/\" \/>\n<meta property=\"og:site_name\" content=\"Suno Not\u00edcias\" \/>\n<meta property=\"article:publisher\" content=\"https:\/\/facebook.com\/sunoresearch\" \/>\n<meta property=\"og:image\" content=\"https:\/\/files.sunoresearch.com.br\/n\/uploads\/2022\/11\/magazine-luiza-mglu3-black-friday-loja-promocoes-foto-divulgacao-germano-luders.jpg\" \/>\n\t<meta property=\"og:image:width\" content=\"1200\" \/>\n\t<meta property=\"og:image:height\" content=\"675\" \/>\n\t<meta property=\"og:image:type\" content=\"image\/jpeg\" \/>\n<meta name=\"author\" content=\"Erick Matheus Nery\" \/>\n<meta name=\"twitter:card\" content=\"summary_large_image\" \/>\n<meta name=\"twitter:creator\" content=\"@sunoresearch\" \/>\n<meta name=\"twitter:site\" content=\"@sunoresearch\" \/>\n<meta name=\"twitter:label1\" content=\"Escrito por\" \/>\n\t<meta name=\"twitter:data1\" content=\"Erick Matheus Nery\" \/>\n\t<meta name=\"twitter:label2\" content=\"Est. tempo de leitura\" \/>\n\t<meta name=\"twitter:data2\" content=\"3 minutos\" \/>\n<script type=\"application\/ld+json\" class=\"yoast-schema-graph\">{\"@context\":\"https:\/\/schema.org\",\"@graph\":[{\"@type\":\"NewsArticle\",\"@id\":\"https:\/\/www.suno.com.br\/noticias\/magazine-luiza-mglu3-venda-kabum-guerra-juridica\/#article\",\"isPartOf\":{\"@id\":\"https:\/\/www.suno.com.br\/noticias\/magazine-luiza-mglu3-venda-kabum-guerra-juridica\/\"},\"author\":{\"name\":\"Erick Matheus Nery\",\"@id\":\"https:\/\/www.suno.com.br\/noticias\/#\/schema\/person\/6899bc3f19d1a7315f807131c2c013a0\"},\"headline\":\"Venda do Kabum para Magazine Luiza (MGLU3) vira batalha judicial bilion\u00e1ria; entenda\",\"datePublished\":\"2023-02-28T13:52:20+00:00\",\"dateModified\":\"2023-02-28T16:50:55+00:00\",\"mainEntityOfPage\":{\"@id\":\"https:\/\/www.suno.com.br\/noticias\/magazine-luiza-mglu3-venda-kabum-guerra-juridica\/\"},\"wordCount\":523,\"publisher\":{\"@id\":\"https:\/\/www.suno.com.br\/noticias\/#organization\"},\"image\":{\"@id\":\"https:\/\/www.suno.com.br\/noticias\/magazine-luiza-mglu3-venda-kabum-guerra-juridica\/#primaryimage\"},\"thumbnailUrl\":\"https:\/\/files.sunoresearch.com.br\/n\/uploads\/2022\/11\/magazine-luiza-mglu3-black-friday-loja-promocoes-foto-divulgacao-germano-luders.jpg\",\"keywords\":[\"Ita\u00fa BBA\",\"Magazine Luiza (MGLU3)\"],\"articleSection\":[\"Neg\u00f3cios\"],\"inLanguage\":\"pt-BR\"},{\"@type\":\"WebPage\",\"@id\":\"https:\/\/www.suno.com.br\/noticias\/magazine-luiza-mglu3-venda-kabum-guerra-juridica\/\",\"url\":\"https:\/\/www.suno.com.br\/noticias\/magazine-luiza-mglu3-venda-kabum-guerra-juridica\/\",\"name\":\"Venda do Kabum para Magazine Luiza (MGLU3) vira guerra jur\u00eddica\",\"isPartOf\":{\"@id\":\"https:\/\/www.suno.com.br\/noticias\/#website\"},\"primaryImageOfPage\":{\"@id\":\"https:\/\/www.suno.com.br\/noticias\/magazine-luiza-mglu3-venda-kabum-guerra-juridica\/#primaryimage\"},\"image\":{\"@id\":\"https:\/\/www.suno.com.br\/noticias\/magazine-luiza-mglu3-venda-kabum-guerra-juridica\/#primaryimage\"},\"thumbnailUrl\":\"https:\/\/files.sunoresearch.com.br\/n\/uploads\/2022\/11\/magazine-luiza-mglu3-black-friday-loja-promocoes-foto-divulgacao-germano-luders.jpg\",\"datePublished\":\"2023-02-28T13:52:20+00:00\",\"dateModified\":\"2023-02-28T16:50:55+00:00\",\"description\":\"A venda do Kabum para o Magazine Luiza (MGLU3) foi parar nos tribunais em meio a uma batalha jur\u00eddica bilion\u00e1ria. Clique e saiba mais!\",\"breadcrumb\":{\"@id\":\"https:\/\/www.suno.com.br\/noticias\/magazine-luiza-mglu3-venda-kabum-guerra-juridica\/#breadcrumb\"},\"inLanguage\":\"pt-BR\",\"potentialAction\":[{\"@type\":\"ReadAction\",\"target\":[\"https:\/\/www.suno.com.br\/noticias\/magazine-luiza-mglu3-venda-kabum-guerra-juridica\/\"]}]},{\"@type\":\"ImageObject\",\"inLanguage\":\"pt-BR\",\"@id\":\"https:\/\/www.suno.com.br\/noticias\/magazine-luiza-mglu3-venda-kabum-guerra-juridica\/#primaryimage\",\"url\":\"https:\/\/files.sunoresearch.com.br\/n\/uploads\/2022\/11\/magazine-luiza-mglu3-black-friday-loja-promocoes-foto-divulgacao-germano-luders.jpg\",\"contentUrl\":\"https:\/\/files.sunoresearch.com.br\/n\/uploads\/2022\/11\/magazine-luiza-mglu3-black-friday-loja-promocoes-foto-divulgacao-germano-luders.jpg\",\"width\":1200,\"height\":675,\"caption\":\"Magazine Luiza (MGLU3). Foto: Divulga\u00e7\u00e3o\/Germano L\u00fcders\"},{\"@type\":\"BreadcrumbList\",\"@id\":\"https:\/\/www.suno.com.br\/noticias\/magazine-luiza-mglu3-venda-kabum-guerra-juridica\/#breadcrumb\",\"itemListElement\":[{\"@type\":\"ListItem\",\"position\":1,\"name\":\"Not\u00edcias\",\"item\":\"https:\/\/www.suno.com.br\/noticias\/\"},{\"@type\":\"ListItem\",\"position\":2,\"name\":\"Neg\u00f3cios\",\"item\":\"https:\/\/www.suno.com.br\/noticias\/negocios\/\"},{\"@type\":\"ListItem\",\"position\":3,\"name\":\"Venda do Kabum para Magazine Luiza (MGLU3) vira batalha judicial bilion\u00e1ria; entenda\"}]},{\"@type\":\"WebSite\",\"@id\":\"https:\/\/www.suno.com.br\/noticias\/#website\",\"url\":\"https:\/\/www.suno.com.br\/noticias\/\",\"name\":\"Suno Not\u00edcias\",\"description\":\"Seu portal de informa\u00e7\u00e3o sobre o mundo dos investimentos\",\"publisher\":{\"@id\":\"https:\/\/www.suno.com.br\/noticias\/#organization\"},\"potentialAction\":[{\"@type\":\"SearchAction\",\"target\":{\"@type\":\"EntryPoint\",\"urlTemplate\":\"https:\/\/www.suno.com.br\/noticias\/?s={search_term_string}\"},\"query-input\":{\"@type\":\"PropertyValueSpecification\",\"valueRequired\":true,\"valueName\":\"search_term_string\"}}],\"inLanguage\":\"pt-BR\"},{\"@type\":\"Organization\",\"@id\":\"https:\/\/www.suno.com.br\/noticias\/#organization\",\"name\":\"Suno Not\u00edcias\",\"url\":\"https:\/\/www.suno.com.br\/noticias\/\",\"logo\":{\"@type\":\"ImageObject\",\"inLanguage\":\"pt-BR\",\"@id\":\"https:\/\/www.suno.com.br\/noticias\/#\/schema\/logo\/image\/\",\"url\":\"https:\/\/files.sunoresearch.com.br\/n\/uploads\/2021\/09\/suno-logo.png\",\"contentUrl\":\"https:\/\/files.sunoresearch.com.br\/n\/uploads\/2021\/09\/suno-logo.png\",\"width\":180,\"height\":180,\"caption\":\"Suno Not\u00edcias\"},\"image\":{\"@id\":\"https:\/\/www.suno.com.br\/noticias\/#\/schema\/logo\/image\/\"},\"sameAs\":[\"https:\/\/facebook.com\/sunoresearch\",\"https:\/\/x.com\/sunoresearch\",\"https:\/\/www.instagram.com\/suno\",\"https:\/\/www.linkedin.com\/company\/suno-research\/\",\"https:\/\/www.youtube.com\/c\/sunoresearch\"]},{\"@type\":\"Person\",\"@id\":\"https:\/\/www.suno.com.br\/noticias\/#\/schema\/person\/6899bc3f19d1a7315f807131c2c013a0\",\"name\":\"Erick Matheus Nery\",\"image\":{\"@type\":\"ImageObject\",\"inLanguage\":\"pt-BR\",\"@id\":\"https:\/\/www.suno.com.br\/noticias\/#\/schema\/person\/image\/\",\"url\":\"https:\/\/secure.gravatar.com\/avatar\/518ddffe438ccb767782d372a66304d2?s=96&r=g\",\"contentUrl\":\"https:\/\/secure.gravatar.com\/avatar\/518ddffe438ccb767782d372a66304d2?s=96&r=g\",\"caption\":\"Erick Matheus Nery\"},\"description\":\"Formado em Jornalismo pela Universidade Federal do Par\u00e1 (UFPA), conta com extens\u00e3o em Jornalismo Econ\u00f4mico pela Funda\u00e7\u00e3o Get\u00falio Vargas (FGV). No Suno Not\u00edcias, atua como rep\u00f3rter de Mercado, com foco nos setores de telecomunica\u00e7\u00f5es, varejo, alimentos e renda fixa. Conta com passagens pelo jornal O Estado de S\u00e3o Paulo, como trainee de Jornalismo Econ\u00f4mico, e pelo site Not\u00edcias da TV.\",\"url\":\"https:\/\/www.suno.com.br\/noticias\/author\/erick-nery\/\"}]}<\/script>\n<!-- \/ Yoast SEO plugin. -->","yoast_head_json":{"title":"Venda do Kabum para Magazine Luiza (MGLU3) vira guerra jur\u00eddica","description":"A venda do Kabum para o Magazine Luiza (MGLU3) foi parar nos tribunais em meio a uma batalha jur\u00eddica bilion\u00e1ria. Clique e saiba mais!","robots":{"index":"index","follow":"follow","max-snippet":"max-snippet:-1","max-image-preview":"max-image-preview:large","max-video-preview":"max-video-preview:-1"},"canonical":"https:\/\/www.suno.com.br\/noticias\/magazine-luiza-mglu3-venda-kabum-guerra-juridica\/","og_locale":"pt_BR","og_type":"article","og_title":"Venda do Kabum para Magazine Luiza (MGLU3) vira guerra jur\u00eddica","og_description":"A venda do Kabum para o Magazine Luiza (MGLU3) foi parar nos tribunais em meio a uma batalha jur\u00eddica bilion\u00e1ria. Clique e saiba mais!","og_url":"https:\/\/www.suno.com.br\/noticias\/magazine-luiza-mglu3-venda-kabum-guerra-juridica\/","og_site_name":"Suno Not\u00edcias","article_publisher":"https:\/\/facebook.com\/sunoresearch","og_image":[{"width":1200,"height":675,"url":"https:\/\/files.sunoresearch.com.br\/n\/uploads\/2022\/11\/magazine-luiza-mglu3-black-friday-loja-promocoes-foto-divulgacao-germano-luders.jpg","type":"image\/jpeg"}],"author":"Erick Matheus Nery","twitter_card":"summary_large_image","twitter_creator":"@sunoresearch","twitter_site":"@sunoresearch","twitter_misc":{"Escrito por":"Erick Matheus Nery","Est. tempo de leitura":"3 minutos"},"schema":{"@context":"https:\/\/schema.org","@graph":[{"@type":"NewsArticle","@id":"https:\/\/www.suno.com.br\/noticias\/magazine-luiza-mglu3-venda-kabum-guerra-juridica\/#article","isPartOf":{"@id":"https:\/\/www.suno.com.br\/noticias\/magazine-luiza-mglu3-venda-kabum-guerra-juridica\/"},"author":{"name":"Erick Matheus Nery","@id":"https:\/\/www.suno.com.br\/noticias\/#\/schema\/person\/6899bc3f19d1a7315f807131c2c013a0"},"headline":"Venda do Kabum para Magazine Luiza (MGLU3) vira batalha judicial bilion\u00e1ria; entenda","datePublished":"2023-02-28T13:52:20+00:00","dateModified":"2023-02-28T16:50:55+00:00","mainEntityOfPage":{"@id":"https:\/\/www.suno.com.br\/noticias\/magazine-luiza-mglu3-venda-kabum-guerra-juridica\/"},"wordCount":523,"publisher":{"@id":"https:\/\/www.suno.com.br\/noticias\/#organization"},"image":{"@id":"https:\/\/www.suno.com.br\/noticias\/magazine-luiza-mglu3-venda-kabum-guerra-juridica\/#primaryimage"},"thumbnailUrl":"https:\/\/files.sunoresearch.com.br\/n\/uploads\/2022\/11\/magazine-luiza-mglu3-black-friday-loja-promocoes-foto-divulgacao-germano-luders.jpg","keywords":["Ita\u00fa BBA","Magazine Luiza (MGLU3)"],"articleSection":["Neg\u00f3cios"],"inLanguage":"pt-BR"},{"@type":"WebPage","@id":"https:\/\/www.suno.com.br\/noticias\/magazine-luiza-mglu3-venda-kabum-guerra-juridica\/","url":"https:\/\/www.suno.com.br\/noticias\/magazine-luiza-mglu3-venda-kabum-guerra-juridica\/","name":"Venda do Kabum para Magazine Luiza (MGLU3) vira guerra jur\u00eddica","isPartOf":{"@id":"https:\/\/www.suno.com.br\/noticias\/#website"},"primaryImageOfPage":{"@id":"https:\/\/www.suno.com.br\/noticias\/magazine-luiza-mglu3-venda-kabum-guerra-juridica\/#primaryimage"},"image":{"@id":"https:\/\/www.suno.com.br\/noticias\/magazine-luiza-mglu3-venda-kabum-guerra-juridica\/#primaryimage"},"thumbnailUrl":"https:\/\/files.sunoresearch.com.br\/n\/uploads\/2022\/11\/magazine-luiza-mglu3-black-friday-loja-promocoes-foto-divulgacao-germano-luders.jpg","datePublished":"2023-02-28T13:52:20+00:00","dateModified":"2023-02-28T16:50:55+00:00","description":"A venda do Kabum para o Magazine Luiza (MGLU3) foi parar nos tribunais em meio a uma batalha jur\u00eddica bilion\u00e1ria. Clique e saiba mais!","breadcrumb":{"@id":"https:\/\/www.suno.com.br\/noticias\/magazine-luiza-mglu3-venda-kabum-guerra-juridica\/#breadcrumb"},"inLanguage":"pt-BR","potentialAction":[{"@type":"ReadAction","target":["https:\/\/www.suno.com.br\/noticias\/magazine-luiza-mglu3-venda-kabum-guerra-juridica\/"]}]},{"@type":"ImageObject","inLanguage":"pt-BR","@id":"https:\/\/www.suno.com.br\/noticias\/magazine-luiza-mglu3-venda-kabum-guerra-juridica\/#primaryimage","url":"https:\/\/files.sunoresearch.com.br\/n\/uploads\/2022\/11\/magazine-luiza-mglu3-black-friday-loja-promocoes-foto-divulgacao-germano-luders.jpg","contentUrl":"https:\/\/files.sunoresearch.com.br\/n\/uploads\/2022\/11\/magazine-luiza-mglu3-black-friday-loja-promocoes-foto-divulgacao-germano-luders.jpg","width":1200,"height":675,"caption":"Magazine Luiza (MGLU3). Foto: Divulga\u00e7\u00e3o\/Germano L\u00fcders"},{"@type":"BreadcrumbList","@id":"https:\/\/www.suno.com.br\/noticias\/magazine-luiza-mglu3-venda-kabum-guerra-juridica\/#breadcrumb","itemListElement":[{"@type":"ListItem","position":1,"name":"Not\u00edcias","item":"https:\/\/www.suno.com.br\/noticias\/"},{"@type":"ListItem","position":2,"name":"Neg\u00f3cios","item":"https:\/\/www.suno.com.br\/noticias\/negocios\/"},{"@type":"ListItem","position":3,"name":"Venda do Kabum para Magazine Luiza (MGLU3) vira batalha judicial bilion\u00e1ria; entenda"}]},{"@type":"WebSite","@id":"https:\/\/www.suno.com.br\/noticias\/#website","url":"https:\/\/www.suno.com.br\/noticias\/","name":"Suno Not\u00edcias","description":"Seu portal de informa\u00e7\u00e3o sobre o mundo dos investimentos","publisher":{"@id":"https:\/\/www.suno.com.br\/noticias\/#organization"},"potentialAction":[{"@type":"SearchAction","target":{"@type":"EntryPoint","urlTemplate":"https:\/\/www.suno.com.br\/noticias\/?s={search_term_string}"},"query-input":{"@type":"PropertyValueSpecification","valueRequired":true,"valueName":"search_term_string"}}],"inLanguage":"pt-BR"},{"@type":"Organization","@id":"https:\/\/www.suno.com.br\/noticias\/#organization","name":"Suno Not\u00edcias","url":"https:\/\/www.suno.com.br\/noticias\/","logo":{"@type":"ImageObject","inLanguage":"pt-BR","@id":"https:\/\/www.suno.com.br\/noticias\/#\/schema\/logo\/image\/","url":"https:\/\/files.sunoresearch.com.br\/n\/uploads\/2021\/09\/suno-logo.png","contentUrl":"https:\/\/files.sunoresearch.com.br\/n\/uploads\/2021\/09\/suno-logo.png","width":180,"height":180,"caption":"Suno Not\u00edcias"},"image":{"@id":"https:\/\/www.suno.com.br\/noticias\/#\/schema\/logo\/image\/"},"sameAs":["https:\/\/facebook.com\/sunoresearch","https:\/\/x.com\/sunoresearch","https:\/\/www.instagram.com\/suno","https:\/\/www.linkedin.com\/company\/suno-research\/","https:\/\/www.youtube.com\/c\/sunoresearch"]},{"@type":"Person","@id":"https:\/\/www.suno.com.br\/noticias\/#\/schema\/person\/6899bc3f19d1a7315f807131c2c013a0","name":"Erick Matheus Nery","image":{"@type":"ImageObject","inLanguage":"pt-BR","@id":"https:\/\/www.suno.com.br\/noticias\/#\/schema\/person\/image\/","url":"https:\/\/secure.gravatar.com\/avatar\/518ddffe438ccb767782d372a66304d2?s=96&r=g","contentUrl":"https:\/\/secure.gravatar.com\/avatar\/518ddffe438ccb767782d372a66304d2?s=96&r=g","caption":"Erick Matheus Nery"},"description":"Formado em Jornalismo pela Universidade Federal do Par\u00e1 (UFPA), conta com extens\u00e3o em Jornalismo Econ\u00f4mico pela Funda\u00e7\u00e3o Get\u00falio Vargas (FGV). No Suno Not\u00edcias, atua como rep\u00f3rter de Mercado, com foco nos setores de telecomunica\u00e7\u00f5es, varejo, alimentos e renda fixa. Conta com passagens pelo jornal O Estado de S\u00e3o Paulo, como trainee de Jornalismo Econ\u00f4mico, e pelo site Not\u00edcias da TV.","url":"https:\/\/www.suno.com.br\/noticias\/author\/erick-nery\/"}]}},"default_loop_html":"<div class=\"cardsPage__listCard__boxs\"><div class=\"cardsPage__listCard__boxs__img\"><a href=\"https:\/\/www.suno.com.br\/noticias\/magazine-luiza-mglu3-venda-kabum-guerra-juridica\/\"><img class=\"mask\" src=\"https:\/\/www.suno.com.br\/noticias\/wp-content\/themes\/suno\/resources\/images\/spotlight\/spotlight1img\/bg-mask.png\" alt=\"Image Mask\"\/><img src=\"https:\/\/files.sunoresearch.com.br\/n\/uploads\/2022\/11\/magazine-luiza-mglu3-black-friday-loja-promocoes-foto-divulgacao-germano-luders-400x200.jpg\" alt=\"Venda do Kabum para Magazine Luiza (MGLU3) vira batalha judicial bilion\u00e1ria; entenda\"\/><\/a><span class=\"spotlightCategory\"><a href=\"https:\/\/www.suno.com.br\/noticias\/negocios\/\">Neg\u00f3cios<\/a><\/span><\/div><div class=\"cardsPage__listCard__boxs__content\"><a href=\"https:\/\/www.suno.com.br\/noticias\/magazine-luiza-mglu3-venda-kabum-guerra-juridica\/\"><h2 class=\"content__title\">Venda do Kabum para Magazine Luiza (MGLU3) vira batalha judicial bilion\u00e1ria; entenda<\/h2><\/a><div class=\"newsContent__article__meta\"><div class=\"newsContent__article__meta__authorBox\"><a href=\"https:\/\/www.suno.com.br\/noticias\/author\/erick-nery\/\" class=\"authorBox__avatar noMobi\"><img src=\"https:\/\/secure.gravatar.com\/avatar\/518ddffe438ccb767782d372a66304d2?s=96&#038;r=g\" alt=\"Erick Matheus Nery\"><\/a><div class=\"authorBox__name\"><span>por\n\t\t\t<a href=\"https:\/\/www.suno.com.br\/noticias\/author\/erick-nery\/\"><span itemprop=\"author\">Erick Matheus Nery<\/span><\/a><\/span><time datetime=\"2023-02-28T10:52:20-03:00\" itemprop=\"datePublished\">28\/02\/2023 10:52<\/time><\/div><\/div><\/div><\/div><\/div>","single_layout":"posts","amp_enabled":true,"_links":{"self":[{"href":"https:\/\/www.suno.com.br\/noticias\/wp-json\/wp\/v2\/posts\/369328"}],"collection":[{"href":"https:\/\/www.suno.com.br\/noticias\/wp-json\/wp\/v2\/posts"}],"about":[{"href":"https:\/\/www.suno.com.br\/noticias\/wp-json\/wp\/v2\/types\/post"}],"author":[{"embeddable":true,"href":"https:\/\/www.suno.com.br\/noticias\/wp-json\/wp\/v2\/users\/232"}],"replies":[{"embeddable":true,"href":"https:\/\/www.suno.com.br\/noticias\/wp-json\/wp\/v2\/comments?post=369328"}],"version-history":[{"count":2,"href":"https:\/\/www.suno.com.br\/noticias\/wp-json\/wp\/v2\/posts\/369328\/revisions"}],"predecessor-version":[{"id":369490,"href":"https:\/\/www.suno.com.br\/noticias\/wp-json\/wp\/v2\/posts\/369328\/revisions\/369490"}],"wp:featuredmedia":[{"embeddable":true,"href":"https:\/\/www.suno.com.br\/noticias\/wp-json\/wp\/v2\/media\/324080"}],"wp:attachment":[{"href":"https:\/\/www.suno.com.br\/noticias\/wp-json\/wp\/v2\/media?parent=369328"}],"wp:term":[{"taxonomy":"category","embeddable":true,"href":"https:\/\/www.suno.com.br\/noticias\/wp-json\/wp\/v2\/categories?post=369328"},{"taxonomy":"post_tag","embeddable":true,"href":"https:\/\/www.suno.com.br\/noticias\/wp-json\/wp\/v2\/tags?post=369328"},{"taxonomy":"suno_strategy","embeddable":true,"href":"https:\/\/www.suno.com.br\/noticias\/wp-json\/wp\/v2\/suno_strategy?post=369328"}],"curies":[{"name":"wp","href":"https:\/\/api.w.org\/{rel}","templated":true}]}}