{"id":369326,"date":"2023-02-28T10:15:16","date_gmt":"2023-02-28T13:15:16","guid":{"rendered":"https:\/\/www.suno.com.br\/noticias\/?p=369326"},"modified":"2023-02-28T12:58:44","modified_gmt":"2023-02-28T15:58:44","slug":"desemprego-queda-2022-menor-2015-analises","status":"publish","type":"post","link":"https:\/\/www.suno.com.br\/noticias\/desemprego-queda-2022-menor-2015-analises\/","title":{"rendered":"Desemprego cai em 2022 e fica no menor patamar desde 2015, segundo IBGE"},"content":{"rendered":"<p>A taxa de desocupa\u00e7\u00e3o no Brasil ficou em 7,9% no \u00faltimo trimestre de 2022, de acordo com os dados mensais da <a class=\"suno-keyword\" target=\"_blank\" data-force=\"no\" data-priority=\"2\" href=\"https:\/\/www.suno.com.br\/artigos\/pnad\/\" rel=\"noopener\">Pesquisa Nacional por Amostra de Domic\u00edlios<\/a> Cont\u00ednua (Pnad Cont\u00ednua) divulgados nesta ter\u00e7a (28) pelo Instituto Brasileiro de Geografia e Estat\u00edstica (IBGE). Assim, o n\u00famero anual do <strong>desemprego<\/strong> fechou em 9,3%, menor resultado desde 2015.<\/p>\t<div class=\"wrapper-featured-image\">\n\t\t<figure class=\"spotlightImg\">\n\n\t\t\t<picture>\n\t\t\t\t<source media=\"(max-width: 768px)\" srcset=\"https:\/\/files.sunoresearch.com.br\/n\/uploads\/2021\/11\/Taxa-de-desemprego-fica-em-14-3-no-trimestre-ate-outubro-diz-IBGE-400x200.jpg\">\n\t\t\t\t<img loading=\"lazy\" decoding=\"async\" class=\"newsContent__article__imgCapa lazyloadDisabled \" src=\"https:\/\/files.sunoresearch.com.br\/n\/uploads\/2021\/11\/Taxa-de-desemprego-fica-em-14-3-no-trimestre-ate-outubro-diz-IBGE-800x450.jpg\" width=\"800\" height=\"450\" alt=\"Desemprego cai em 2022 e fica no menor patamar desde 2015, segundo IBGE\" fetchpriority=high \/>\n\t\t\t<\/picture>\n\n\t\t\t<figcaption class=\"wp-caption-text wp-caption-text--show\">Vagas de emprego. Foto: Ag\u00eancia Brasil<\/figcaption>\n\t\t<\/figure>\n\t<\/div>\n\n\n\n\n\n\t<p>\n\t\t<a href=\"\" target=\"_blank\" data-element=\"shortcode-suno-banner\" title=\"Banner SUNO, clique e saiba mais\">\n\t\t\t<picture>\n\t\t\t\t<source media=\"(max-width: 500px)\" srcset=\"\">\n\t\t\t\t<img class=\"newsContent__article__imgCapa newsContent__article__imgCapa--banner\"\n\t\t\t\t\tsrc=\"\"\n\t\t\t\t\tdata-promo-id=\"240038\"\t\t\t\t\t\t\t\t\t\t\t\t\t\t\talt=\"\"\n\t\t\t\t>\n\t\t\t<\/picture>\n\t\t<\/a>\n\t<\/p>\n\n\n\n\n\n<p>&#8220;O ano de 2021 foi de transi\u00e7\u00e3o, saindo do pior momento da s\u00e9rie hist\u00f3rica, sob o impacto da pandemia e do isolamento ocorrido em 2020. J\u00e1 2022 marca a consolida\u00e7\u00e3o do processo de recupera\u00e7\u00e3o&#8221;, explicou Adriana Beringuy, coordenadora de Trabalho e Rendimento do <strong>IBGE.<\/strong><\/p>\n\n\n\n<p>O resultado ficou dentro das expectativas dos analistas ouvidos pelo Proje\u00e7\u00f5es Broadcast, que estimavam uma <strong>taxa de desemprego<\/strong> entre 7,7% e 8,1% no quarto trimestre de 2022 (4T22), e em linha com a mediana de 7,9%.<\/p>\n\n\n\n<p>No mesmo per\u00edodo de 2021, a taxa de desemprego medida pela <strong>Pnad Cont\u00ednua<\/strong> estava em 11,1%. No trimestre m\u00f3vel at\u00e9 novembro, a taxa de desocupa\u00e7\u00e3o estava em 8,1%.<\/p>\n\n\n\n<p>A <strong>renda m\u00e9dia<\/strong> real do trabalhador foi de R$ 2.808 no 4T22. O resultado representa alta de 8,3% em rela\u00e7\u00e3o ao mesmo trimestre de 2021.<\/p>\n\n\n\t<p>\n\t\t<a href=\"https:\/\/lp.suno.com.br\/planilha-controle-gastos\/\" target=\"_blank\" data-element=\"shortcode-suno-banner\" title=\"Banner SUNO, clique e saiba mais\">\n\t\t\t<picture>\n\t\t\t\t<source media=\"(max-width: 500px)\" srcset=\"https:\/\/files.sunoresearch.com.br\/n\/uploads\/2023\/03\/400x300-Planilha-controle-de-gastos.png\">\n\t\t\t\t<img class=\"newsContent__article__imgCapa newsContent__article__imgCapa--banner\"\n\t\t\t\t\tsrc=\"https:\/\/files.sunoresearch.com.br\/n\/uploads\/2023\/03\/1420x240-Planilha-controle-de-gastos.png\"\n\t\t\t\t\tdata-promo-id=\"101751\"\t\t\t\t\t\t\t\t\t\twidth='1420' height='240'\t\t\t\t\talt=\"https:\/\/files.sunoresearch.com.br\/n\/uploads\/2023\/03\/1420x240-Planilha-controle-de-gastos.png\"\n\t\t\t\t>\n\t\t\t<\/picture>\n\t\t<\/a>\n\t<\/p>\n\n\n\n\n\n<h2 class=\"wp-block-heading\" id=\"h-desemprego-x-populacao-ocupada\">Desemprego X popula\u00e7\u00e3o ocupada<\/h2>\n\n\n\n<p>O pa\u00eds registrou uma abertura de 101 mil vagas no <strong>mercado de trabalho<\/strong> em apenas um trimestre. A popula\u00e7\u00e3o ocupada ficou em 99,37 milh\u00f5es de pessoas no trimestre encerrado em dezembro. Em um ano, esse contingente aumentou em 3,622 milh\u00f5es de pessoas.<\/p>\n\n\n\n<p>J\u00e1 a popula\u00e7\u00e3o desocupada diminuiu em 888 mil pessoas em um trimestre, totalizando 8,572 milh\u00f5es de desempregados no trimestre at\u00e9 dezembro. Em um ano, 3,439 milh\u00f5es de pessoas deixaram o desemprego.<\/p>\n\n\n\n<p>A popula\u00e7\u00e3o inativa somou 65,903 milh\u00f5es de pessoas no trimestre encerrado em dezembro, 1,174 milh\u00e3o de a mais que no trimestre anterior. Em um ano, houve aumento de 1,377 milh\u00e3o de pessoas.<\/p>\n\n\n\t<p>\n\t\t<a href=\"https:\/\/lp.suno.com.br\/planilha-da-vida-financeira\/\" target=\"_blank\" data-element=\"shortcode-suno-banner\" title=\"Banner SUNO, clique e saiba mais\">\n\t\t\t<picture>\n\t\t\t\t<source media=\"(max-width: 500px)\" srcset=\"https:\/\/files.sunoresearch.com.br\/n\/uploads\/2023\/04\/400x300-Planilha-vida-financeira-true.png\">\n\t\t\t\t<img class=\"newsContent__article__imgCapa newsContent__article__imgCapa--banner\"\n\t\t\t\t\tsrc=\"https:\/\/files.sunoresearch.com.br\/n\/uploads\/2023\/04\/1420x240-Planilha-vida-financeira-true.png\"\n\t\t\t\t\tdata-promo-id=\"106682\"\t\t\t\t\t\t\t\t\t\twidth='1420' height='240'\t\t\t\t\talt=\"https:\/\/files.sunoresearch.com.br\/n\/uploads\/2023\/04\/1420x240-Planilha-vida-financeira-true.png\"\n\t\t\t\t>\n\t\t\t<\/picture>\n\t\t<\/a>\n\t<\/p>\n\n\n\n\n\n<p>Os economistas da Terra Investimentos Jo\u00e3o Maur\u00edcio Lemos Rosal, Homero Azevedo Guizzo e Lu\u00eds Gustavo Bettoni afirmaram que a expans\u00e3o dos programas de transfer\u00eancia de renda \u00e9 o principal motivo para a queda da taxa de participa\u00e7\u00e3o do <strong>desemprego no Brasil<\/strong>.<\/p>\n\n\n\n<p>&#8220;A queda da taxa de desemprego foi possibilitada pela queda na taxa de participa\u00e7\u00e3o e, portanto, mascara um esfriamento do <a class=\"suno-keyword\" target=\"_blank\" data-force=\"no\" data-priority=\"2\" href=\"https:\/\/www.suno.com.br\/artigos\/mercado-de-trabalho\/\" rel=\"noopener\">mercado de trabalho<\/a>, mais evidente pela queda no n\u00famero de ocupados. A conferir por quanto tempo a melhora do rendimento real continua&#8221;, comentaram os especialistas sobre os n\u00fameros do <strong>desemprego<\/strong> no Brasil.<\/p>\n\n\n\n<p><em>Com Estad\u00e3o Conte\u00fado e Ag\u00eancia IBGE<\/em><\/p>\n\n\n\t<p>\n\t\t<a href=\"https:\/\/lp.suno.com.br\/ebook-como-analisar-uma-acao\/\" target=\"_blank\" data-element=\"shortcode-suno-banner\" title=\"Banner SUNO, clique e saiba mais\">\n\t\t\t<picture>\n\t\t\t\t<source media=\"(max-width: 500px)\" srcset=\"https:\/\/files.sunoresearch.com.br\/n\/uploads\/2023\/03\/Ebook-Acoes-Mobile-1.jpg\">\n\t\t\t\t<img class=\"newsContent__article__imgCapa newsContent__article__imgCapa--banner\"\n\t\t\t\t\tsrc=\"https:\/\/files.sunoresearch.com.br\/n\/uploads\/2023\/03\/Ebook-Acoes-Desktop-1.jpg\"\n\t\t\t\t\tdata-promo-id=\"171998\"\t\t\t\t\t\t\t\t\t\twidth='1420' height='286'\t\t\t\t\talt=\"https:\/\/files.sunoresearch.com.br\/n\/uploads\/2023\/03\/Ebook-Acoes-Desktop-1.jpg\"\n\t\t\t\t>\n\t\t\t<\/picture>\n\t\t<\/a>\n\t<\/p>\n\n\n","protected":false},"excerpt":{"rendered":"<p>A taxa de desocupa\u00e7\u00e3o no Brasil ficou em 7,9% no \u00faltimo trimestre de 2022, de acordo com os dados mensais da Pesquisa Nacional por Amostra de Domic\u00edlios Cont\u00ednua (Pnad Cont\u00ednua) divulgados nesta ter\u00e7a (28) pelo Instituto Brasileiro de Geografia e Estat\u00edstica (IBGE). Assim, o n\u00famero anual do desemprego fechou em 9,3%, menor resultado desde 2015. [&hellip;]<\/p>\n","protected":false},"author":232,"featured_media":210277,"comment_status":"closed","ping_status":"closed","sticky":false,"template":"","format":"standard","meta":[],"categories":[62],"tags":[1296,105816],"suno_strategy":[],"class_list":["post-369326","post","type-post","status-publish","format-standard","has-post-thumbnail","hentry","category-economia","tag-desemprego","tag-especialistas"],"yoast_head":"<!-- This site is optimized with the Yoast SEO plugin v24.4 - https:\/\/yoast.com\/wordpress\/plugins\/seo\/ -->\n<title>Desemprego cai em 2022 e fica no menor patamar desde 2015<\/title>\n<meta name=\"description\" content=\"O desemprego no Brasil fechou 2022 em 9,3%, menor resultado desde 2015. Veja os n\u00fameros e a an\u00e1lise sobre os dados do IBGE.\" \/>\n<meta name=\"robots\" content=\"index, follow, max-snippet:-1, max-image-preview:large, max-video-preview:-1\" \/>\n<link rel=\"canonical\" href=\"https:\/\/www.suno.com.br\/noticias\/desemprego-queda-2022-menor-2015-analises\/\" \/>\n<meta property=\"og:locale\" content=\"pt_BR\" \/>\n<meta property=\"og:type\" content=\"article\" \/>\n<meta property=\"og:title\" content=\"Desemprego cai em 2022 e fica no menor patamar desde 2015\" \/>\n<meta property=\"og:description\" content=\"O desemprego no Brasil fechou 2022 em 9,3%, menor resultado desde 2015. Veja os n\u00fameros e a an\u00e1lise sobre os dados do IBGE.\" \/>\n<meta property=\"og:url\" content=\"https:\/\/www.suno.com.br\/noticias\/desemprego-queda-2022-menor-2015-analises\/\" \/>\n<meta property=\"og:site_name\" content=\"Suno Not\u00edcias\" \/>\n<meta property=\"article:publisher\" content=\"https:\/\/facebook.com\/sunoresearch\" \/>\n<meta property=\"og:image\" content=\"https:\/\/files.sunoresearch.com.br\/n\/uploads\/2021\/11\/Taxa-de-desemprego-fica-em-14-3-no-trimestre-ate-outubro-diz-IBGE.jpg\" \/>\n\t<meta property=\"og:image:width\" content=\"1280\" \/>\n\t<meta property=\"og:image:height\" content=\"720\" \/>\n\t<meta property=\"og:image:type\" content=\"image\/jpeg\" \/>\n<meta name=\"author\" content=\"Erick Matheus Nery\" \/>\n<meta name=\"twitter:card\" content=\"summary_large_image\" \/>\n<meta name=\"twitter:creator\" content=\"@sunoresearch\" \/>\n<meta name=\"twitter:site\" content=\"@sunoresearch\" \/>\n<meta name=\"twitter:label1\" content=\"Escrito por\" \/>\n\t<meta name=\"twitter:data1\" content=\"Erick Matheus Nery\" \/>\n\t<meta name=\"twitter:label2\" content=\"Est. tempo de leitura\" \/>\n\t<meta name=\"twitter:data2\" content=\"3 minutos\" \/>\n<script type=\"application\/ld+json\" class=\"yoast-schema-graph\">{\"@context\":\"https:\/\/schema.org\",\"@graph\":[{\"@type\":\"NewsArticle\",\"@id\":\"https:\/\/www.suno.com.br\/noticias\/desemprego-queda-2022-menor-2015-analises\/#article\",\"isPartOf\":{\"@id\":\"https:\/\/www.suno.com.br\/noticias\/desemprego-queda-2022-menor-2015-analises\/\"},\"author\":{\"name\":\"Erick Matheus Nery\",\"@id\":\"https:\/\/www.suno.com.br\/noticias\/#\/schema\/person\/6899bc3f19d1a7315f807131c2c013a0\"},\"headline\":\"Desemprego cai em 2022 e fica no menor patamar desde 2015, segundo IBGE\",\"datePublished\":\"2023-02-28T13:15:16+00:00\",\"dateModified\":\"2023-02-28T15:58:44+00:00\",\"mainEntityOfPage\":{\"@id\":\"https:\/\/www.suno.com.br\/noticias\/desemprego-queda-2022-menor-2015-analises\/\"},\"wordCount\":434,\"publisher\":{\"@id\":\"https:\/\/www.suno.com.br\/noticias\/#organization\"},\"image\":{\"@id\":\"https:\/\/www.suno.com.br\/noticias\/desemprego-queda-2022-menor-2015-analises\/#primaryimage\"},\"thumbnailUrl\":\"https:\/\/files.sunoresearch.com.br\/n\/uploads\/2021\/11\/Taxa-de-desemprego-fica-em-14-3-no-trimestre-ate-outubro-diz-IBGE.jpg\",\"keywords\":[\"Desemprego\",\"Especialistas\"],\"articleSection\":[\"Economia\"],\"inLanguage\":\"pt-BR\"},{\"@type\":\"WebPage\",\"@id\":\"https:\/\/www.suno.com.br\/noticias\/desemprego-queda-2022-menor-2015-analises\/\",\"url\":\"https:\/\/www.suno.com.br\/noticias\/desemprego-queda-2022-menor-2015-analises\/\",\"name\":\"Desemprego cai em 2022 e fica no menor patamar desde 2015\",\"isPartOf\":{\"@id\":\"https:\/\/www.suno.com.br\/noticias\/#website\"},\"primaryImageOfPage\":{\"@id\":\"https:\/\/www.suno.com.br\/noticias\/desemprego-queda-2022-menor-2015-analises\/#primaryimage\"},\"image\":{\"@id\":\"https:\/\/www.suno.com.br\/noticias\/desemprego-queda-2022-menor-2015-analises\/#primaryimage\"},\"thumbnailUrl\":\"https:\/\/files.sunoresearch.com.br\/n\/uploads\/2021\/11\/Taxa-de-desemprego-fica-em-14-3-no-trimestre-ate-outubro-diz-IBGE.jpg\",\"datePublished\":\"2023-02-28T13:15:16+00:00\",\"dateModified\":\"2023-02-28T15:58:44+00:00\",\"description\":\"O desemprego no Brasil fechou 2022 em 9,3%, menor resultado desde 2015. Veja os n\u00fameros e a an\u00e1lise sobre os dados do IBGE.\",\"breadcrumb\":{\"@id\":\"https:\/\/www.suno.com.br\/noticias\/desemprego-queda-2022-menor-2015-analises\/#breadcrumb\"},\"inLanguage\":\"pt-BR\",\"potentialAction\":[{\"@type\":\"ReadAction\",\"target\":[\"https:\/\/www.suno.com.br\/noticias\/desemprego-queda-2022-menor-2015-analises\/\"]}]},{\"@type\":\"ImageObject\",\"inLanguage\":\"pt-BR\",\"@id\":\"https:\/\/www.suno.com.br\/noticias\/desemprego-queda-2022-menor-2015-analises\/#primaryimage\",\"url\":\"https:\/\/files.sunoresearch.com.br\/n\/uploads\/2021\/11\/Taxa-de-desemprego-fica-em-14-3-no-trimestre-ate-outubro-diz-IBGE.jpg\",\"contentUrl\":\"https:\/\/files.sunoresearch.com.br\/n\/uploads\/2021\/11\/Taxa-de-desemprego-fica-em-14-3-no-trimestre-ate-outubro-diz-IBGE.jpg\",\"width\":1280,\"height\":720,\"caption\":\"Vagas de emprego. Foto: Ag\u00eancia Brasil\"},{\"@type\":\"BreadcrumbList\",\"@id\":\"https:\/\/www.suno.com.br\/noticias\/desemprego-queda-2022-menor-2015-analises\/#breadcrumb\",\"itemListElement\":[{\"@type\":\"ListItem\",\"position\":1,\"name\":\"Not\u00edcias\",\"item\":\"https:\/\/www.suno.com.br\/noticias\/\"},{\"@type\":\"ListItem\",\"position\":2,\"name\":\"Economia\",\"item\":\"https:\/\/www.suno.com.br\/noticias\/economia\/\"},{\"@type\":\"ListItem\",\"position\":3,\"name\":\"Desemprego cai em 2022 e fica no menor patamar desde 2015, segundo IBGE\"}]},{\"@type\":\"WebSite\",\"@id\":\"https:\/\/www.suno.com.br\/noticias\/#website\",\"url\":\"https:\/\/www.suno.com.br\/noticias\/\",\"name\":\"Suno Not\u00edcias\",\"description\":\"Seu portal de informa\u00e7\u00e3o sobre o mundo dos investimentos\",\"publisher\":{\"@id\":\"https:\/\/www.suno.com.br\/noticias\/#organization\"},\"potentialAction\":[{\"@type\":\"SearchAction\",\"target\":{\"@type\":\"EntryPoint\",\"urlTemplate\":\"https:\/\/www.suno.com.br\/noticias\/?s={search_term_string}\"},\"query-input\":{\"@type\":\"PropertyValueSpecification\",\"valueRequired\":true,\"valueName\":\"search_term_string\"}}],\"inLanguage\":\"pt-BR\"},{\"@type\":\"Organization\",\"@id\":\"https:\/\/www.suno.com.br\/noticias\/#organization\",\"name\":\"Suno Not\u00edcias\",\"url\":\"https:\/\/www.suno.com.br\/noticias\/\",\"logo\":{\"@type\":\"ImageObject\",\"inLanguage\":\"pt-BR\",\"@id\":\"https:\/\/www.suno.com.br\/noticias\/#\/schema\/logo\/image\/\",\"url\":\"https:\/\/files.sunoresearch.com.br\/n\/uploads\/2021\/09\/suno-logo.png\",\"contentUrl\":\"https:\/\/files.sunoresearch.com.br\/n\/uploads\/2021\/09\/suno-logo.png\",\"width\":180,\"height\":180,\"caption\":\"Suno Not\u00edcias\"},\"image\":{\"@id\":\"https:\/\/www.suno.com.br\/noticias\/#\/schema\/logo\/image\/\"},\"sameAs\":[\"https:\/\/facebook.com\/sunoresearch\",\"https:\/\/x.com\/sunoresearch\",\"https:\/\/www.instagram.com\/suno\",\"https:\/\/www.linkedin.com\/company\/suno-research\/\",\"https:\/\/www.youtube.com\/c\/sunoresearch\"]},{\"@type\":\"Person\",\"@id\":\"https:\/\/www.suno.com.br\/noticias\/#\/schema\/person\/6899bc3f19d1a7315f807131c2c013a0\",\"name\":\"Erick Matheus Nery\",\"image\":{\"@type\":\"ImageObject\",\"inLanguage\":\"pt-BR\",\"@id\":\"https:\/\/www.suno.com.br\/noticias\/#\/schema\/person\/image\/\",\"url\":\"https:\/\/secure.gravatar.com\/avatar\/518ddffe438ccb767782d372a66304d2?s=96&r=g\",\"contentUrl\":\"https:\/\/secure.gravatar.com\/avatar\/518ddffe438ccb767782d372a66304d2?s=96&r=g\",\"caption\":\"Erick Matheus Nery\"},\"description\":\"Formado em Jornalismo pela Universidade Federal do Par\u00e1 (UFPA), conta com extens\u00e3o em Jornalismo Econ\u00f4mico pela Funda\u00e7\u00e3o Get\u00falio Vargas (FGV). No Suno Not\u00edcias, atua como rep\u00f3rter de Mercado, com foco nos setores de telecomunica\u00e7\u00f5es, varejo, alimentos e renda fixa. Conta com passagens pelo jornal O Estado de S\u00e3o Paulo, como trainee de Jornalismo Econ\u00f4mico, e pelo site Not\u00edcias da TV.\",\"url\":\"https:\/\/www.suno.com.br\/noticias\/author\/erick-nery\/\"}]}<\/script>\n<!-- \/ Yoast SEO plugin. -->","yoast_head_json":{"title":"Desemprego cai em 2022 e fica no menor patamar desde 2015","description":"O desemprego no Brasil fechou 2022 em 9,3%, menor resultado desde 2015. Veja os n\u00fameros e a an\u00e1lise sobre os dados do IBGE.","robots":{"index":"index","follow":"follow","max-snippet":"max-snippet:-1","max-image-preview":"max-image-preview:large","max-video-preview":"max-video-preview:-1"},"canonical":"https:\/\/www.suno.com.br\/noticias\/desemprego-queda-2022-menor-2015-analises\/","og_locale":"pt_BR","og_type":"article","og_title":"Desemprego cai em 2022 e fica no menor patamar desde 2015","og_description":"O desemprego no Brasil fechou 2022 em 9,3%, menor resultado desde 2015. Veja os n\u00fameros e a an\u00e1lise sobre os dados do IBGE.","og_url":"https:\/\/www.suno.com.br\/noticias\/desemprego-queda-2022-menor-2015-analises\/","og_site_name":"Suno Not\u00edcias","article_publisher":"https:\/\/facebook.com\/sunoresearch","og_image":[{"width":1280,"height":720,"url":"https:\/\/files.sunoresearch.com.br\/n\/uploads\/2021\/11\/Taxa-de-desemprego-fica-em-14-3-no-trimestre-ate-outubro-diz-IBGE.jpg","type":"image\/jpeg"}],"author":"Erick Matheus Nery","twitter_card":"summary_large_image","twitter_creator":"@sunoresearch","twitter_site":"@sunoresearch","twitter_misc":{"Escrito por":"Erick Matheus Nery","Est. tempo de leitura":"3 minutos"},"schema":{"@context":"https:\/\/schema.org","@graph":[{"@type":"NewsArticle","@id":"https:\/\/www.suno.com.br\/noticias\/desemprego-queda-2022-menor-2015-analises\/#article","isPartOf":{"@id":"https:\/\/www.suno.com.br\/noticias\/desemprego-queda-2022-menor-2015-analises\/"},"author":{"name":"Erick Matheus Nery","@id":"https:\/\/www.suno.com.br\/noticias\/#\/schema\/person\/6899bc3f19d1a7315f807131c2c013a0"},"headline":"Desemprego cai em 2022 e fica no menor patamar desde 2015, segundo IBGE","datePublished":"2023-02-28T13:15:16+00:00","dateModified":"2023-02-28T15:58:44+00:00","mainEntityOfPage":{"@id":"https:\/\/www.suno.com.br\/noticias\/desemprego-queda-2022-menor-2015-analises\/"},"wordCount":434,"publisher":{"@id":"https:\/\/www.suno.com.br\/noticias\/#organization"},"image":{"@id":"https:\/\/www.suno.com.br\/noticias\/desemprego-queda-2022-menor-2015-analises\/#primaryimage"},"thumbnailUrl":"https:\/\/files.sunoresearch.com.br\/n\/uploads\/2021\/11\/Taxa-de-desemprego-fica-em-14-3-no-trimestre-ate-outubro-diz-IBGE.jpg","keywords":["Desemprego","Especialistas"],"articleSection":["Economia"],"inLanguage":"pt-BR"},{"@type":"WebPage","@id":"https:\/\/www.suno.com.br\/noticias\/desemprego-queda-2022-menor-2015-analises\/","url":"https:\/\/www.suno.com.br\/noticias\/desemprego-queda-2022-menor-2015-analises\/","name":"Desemprego cai em 2022 e fica no menor patamar desde 2015","isPartOf":{"@id":"https:\/\/www.suno.com.br\/noticias\/#website"},"primaryImageOfPage":{"@id":"https:\/\/www.suno.com.br\/noticias\/desemprego-queda-2022-menor-2015-analises\/#primaryimage"},"image":{"@id":"https:\/\/www.suno.com.br\/noticias\/desemprego-queda-2022-menor-2015-analises\/#primaryimage"},"thumbnailUrl":"https:\/\/files.sunoresearch.com.br\/n\/uploads\/2021\/11\/Taxa-de-desemprego-fica-em-14-3-no-trimestre-ate-outubro-diz-IBGE.jpg","datePublished":"2023-02-28T13:15:16+00:00","dateModified":"2023-02-28T15:58:44+00:00","description":"O desemprego no Brasil fechou 2022 em 9,3%, menor resultado desde 2015. Veja os n\u00fameros e a an\u00e1lise sobre os dados do IBGE.","breadcrumb":{"@id":"https:\/\/www.suno.com.br\/noticias\/desemprego-queda-2022-menor-2015-analises\/#breadcrumb"},"inLanguage":"pt-BR","potentialAction":[{"@type":"ReadAction","target":["https:\/\/www.suno.com.br\/noticias\/desemprego-queda-2022-menor-2015-analises\/"]}]},{"@type":"ImageObject","inLanguage":"pt-BR","@id":"https:\/\/www.suno.com.br\/noticias\/desemprego-queda-2022-menor-2015-analises\/#primaryimage","url":"https:\/\/files.sunoresearch.com.br\/n\/uploads\/2021\/11\/Taxa-de-desemprego-fica-em-14-3-no-trimestre-ate-outubro-diz-IBGE.jpg","contentUrl":"https:\/\/files.sunoresearch.com.br\/n\/uploads\/2021\/11\/Taxa-de-desemprego-fica-em-14-3-no-trimestre-ate-outubro-diz-IBGE.jpg","width":1280,"height":720,"caption":"Vagas de emprego. Foto: Ag\u00eancia Brasil"},{"@type":"BreadcrumbList","@id":"https:\/\/www.suno.com.br\/noticias\/desemprego-queda-2022-menor-2015-analises\/#breadcrumb","itemListElement":[{"@type":"ListItem","position":1,"name":"Not\u00edcias","item":"https:\/\/www.suno.com.br\/noticias\/"},{"@type":"ListItem","position":2,"name":"Economia","item":"https:\/\/www.suno.com.br\/noticias\/economia\/"},{"@type":"ListItem","position":3,"name":"Desemprego cai em 2022 e fica no menor patamar desde 2015, segundo IBGE"}]},{"@type":"WebSite","@id":"https:\/\/www.suno.com.br\/noticias\/#website","url":"https:\/\/www.suno.com.br\/noticias\/","name":"Suno Not\u00edcias","description":"Seu portal de informa\u00e7\u00e3o sobre o mundo dos investimentos","publisher":{"@id":"https:\/\/www.suno.com.br\/noticias\/#organization"},"potentialAction":[{"@type":"SearchAction","target":{"@type":"EntryPoint","urlTemplate":"https:\/\/www.suno.com.br\/noticias\/?s={search_term_string}"},"query-input":{"@type":"PropertyValueSpecification","valueRequired":true,"valueName":"search_term_string"}}],"inLanguage":"pt-BR"},{"@type":"Organization","@id":"https:\/\/www.suno.com.br\/noticias\/#organization","name":"Suno Not\u00edcias","url":"https:\/\/www.suno.com.br\/noticias\/","logo":{"@type":"ImageObject","inLanguage":"pt-BR","@id":"https:\/\/www.suno.com.br\/noticias\/#\/schema\/logo\/image\/","url":"https:\/\/files.sunoresearch.com.br\/n\/uploads\/2021\/09\/suno-logo.png","contentUrl":"https:\/\/files.sunoresearch.com.br\/n\/uploads\/2021\/09\/suno-logo.png","width":180,"height":180,"caption":"Suno Not\u00edcias"},"image":{"@id":"https:\/\/www.suno.com.br\/noticias\/#\/schema\/logo\/image\/"},"sameAs":["https:\/\/facebook.com\/sunoresearch","https:\/\/x.com\/sunoresearch","https:\/\/www.instagram.com\/suno","https:\/\/www.linkedin.com\/company\/suno-research\/","https:\/\/www.youtube.com\/c\/sunoresearch"]},{"@type":"Person","@id":"https:\/\/www.suno.com.br\/noticias\/#\/schema\/person\/6899bc3f19d1a7315f807131c2c013a0","name":"Erick Matheus Nery","image":{"@type":"ImageObject","inLanguage":"pt-BR","@id":"https:\/\/www.suno.com.br\/noticias\/#\/schema\/person\/image\/","url":"https:\/\/secure.gravatar.com\/avatar\/518ddffe438ccb767782d372a66304d2?s=96&r=g","contentUrl":"https:\/\/secure.gravatar.com\/avatar\/518ddffe438ccb767782d372a66304d2?s=96&r=g","caption":"Erick Matheus Nery"},"description":"Formado em Jornalismo pela Universidade Federal do Par\u00e1 (UFPA), conta com extens\u00e3o em Jornalismo Econ\u00f4mico pela Funda\u00e7\u00e3o Get\u00falio Vargas (FGV). No Suno Not\u00edcias, atua como rep\u00f3rter de Mercado, com foco nos setores de telecomunica\u00e7\u00f5es, varejo, alimentos e renda fixa. Conta com passagens pelo jornal O Estado de S\u00e3o Paulo, como trainee de Jornalismo Econ\u00f4mico, e pelo site Not\u00edcias da TV.","url":"https:\/\/www.suno.com.br\/noticias\/author\/erick-nery\/"}]}},"default_loop_html":"<div class=\"cardsPage__listCard__boxs\"><div class=\"cardsPage__listCard__boxs__img\"><a href=\"https:\/\/www.suno.com.br\/noticias\/desemprego-queda-2022-menor-2015-analises\/\"><img class=\"mask\" src=\"https:\/\/www.suno.com.br\/noticias\/wp-content\/themes\/suno\/resources\/images\/spotlight\/spotlight1img\/bg-mask.png\" alt=\"Image Mask\"\/><img src=\"https:\/\/files.sunoresearch.com.br\/n\/uploads\/2021\/11\/Taxa-de-desemprego-fica-em-14-3-no-trimestre-ate-outubro-diz-IBGE-400x200.jpg\" alt=\"Desemprego cai em 2022 e fica no menor patamar desde 2015, segundo IBGE\"\/><\/a><span class=\"spotlightCategory\"><a href=\"https:\/\/www.suno.com.br\/noticias\/economia\/\">Economia<\/a><\/span><\/div><div class=\"cardsPage__listCard__boxs__content\"><a href=\"https:\/\/www.suno.com.br\/noticias\/desemprego-queda-2022-menor-2015-analises\/\"><h2 class=\"content__title\">Desemprego cai em 2022 e fica no menor patamar desde 2015, segundo IBGE<\/h2><\/a><div class=\"newsContent__article__meta\"><div class=\"newsContent__article__meta__authorBox\"><a href=\"https:\/\/www.suno.com.br\/noticias\/author\/erick-nery\/\" class=\"authorBox__avatar noMobi\"><img src=\"https:\/\/secure.gravatar.com\/avatar\/518ddffe438ccb767782d372a66304d2?s=96&#038;r=g\" alt=\"Erick Matheus Nery\"><\/a><div class=\"authorBox__name\"><span>por\n\t\t\t<a href=\"https:\/\/www.suno.com.br\/noticias\/author\/erick-nery\/\"><span itemprop=\"author\">Erick Matheus Nery<\/span><\/a><\/span><time datetime=\"2023-02-28T10:15:16-03:00\" itemprop=\"datePublished\">28\/02\/2023 10:15<\/time><\/div><\/div><\/div><\/div><\/div>","single_layout":"posts","amp_enabled":true,"_links":{"self":[{"href":"https:\/\/www.suno.com.br\/noticias\/wp-json\/wp\/v2\/posts\/369326"}],"collection":[{"href":"https:\/\/www.suno.com.br\/noticias\/wp-json\/wp\/v2\/posts"}],"about":[{"href":"https:\/\/www.suno.com.br\/noticias\/wp-json\/wp\/v2\/types\/post"}],"author":[{"embeddable":true,"href":"https:\/\/www.suno.com.br\/noticias\/wp-json\/wp\/v2\/users\/232"}],"replies":[{"embeddable":true,"href":"https:\/\/www.suno.com.br\/noticias\/wp-json\/wp\/v2\/comments?post=369326"}],"version-history":[{"count":2,"href":"https:\/\/www.suno.com.br\/noticias\/wp-json\/wp\/v2\/posts\/369326\/revisions"}],"predecessor-version":[{"id":369444,"href":"https:\/\/www.suno.com.br\/noticias\/wp-json\/wp\/v2\/posts\/369326\/revisions\/369444"}],"wp:featuredmedia":[{"embeddable":true,"href":"https:\/\/www.suno.com.br\/noticias\/wp-json\/wp\/v2\/media\/210277"}],"wp:attachment":[{"href":"https:\/\/www.suno.com.br\/noticias\/wp-json\/wp\/v2\/media?parent=369326"}],"wp:term":[{"taxonomy":"category","embeddable":true,"href":"https:\/\/www.suno.com.br\/noticias\/wp-json\/wp\/v2\/categories?post=369326"},{"taxonomy":"post_tag","embeddable":true,"href":"https:\/\/www.suno.com.br\/noticias\/wp-json\/wp\/v2\/tags?post=369326"},{"taxonomy":"suno_strategy","embeddable":true,"href":"https:\/\/www.suno.com.br\/noticias\/wp-json\/wp\/v2\/suno_strategy?post=369326"}],"curies":[{"name":"wp","href":"https:\/\/api.w.org\/{rel}","templated":true}]}}