{"id":36926,"date":"2019-09-09T17:52:00","date_gmt":"2019-09-09T20:52:00","guid":{"rendered":"https:\/\/www.suno.com.br\/noticias\/?p=36926"},"modified":"2019-09-09T19:24:06","modified_gmt":"2019-09-09T22:24:06","slug":"mais-25-frigorificos-autorizados-china","status":"publish","type":"post","link":"https:\/\/www.suno.com.br\/noticias\/mais-25-frigorificos-autorizados-china\/","title":{"rendered":"China autoriza a exporta\u00e7\u00e3o de mais 25 frigor\u00edficos"},"content":{"rendered":"<p>A China autorizou 25 <strong>frigor\u00edficos<\/strong> brasileiros para exportar carnes. A informa\u00e7\u00e3o foi divulgada nesta segunda-feira (9) pelo <strong>Minist\u00e9rio da Agricultura, Pecu\u00e1ria e Abastecimento (Mapa).<\/strong><\/p>\t<div class=\"wrapper-featured-image\">\n\t\t<figure class=\"spotlightImg\">\n\n\t\t\t<picture>\n\t\t\t\t<source media=\"(max-width: 768px)\" srcset=\"https:\/\/files.sunoresearch.com.br\/n\/uploads\/2018\/11\/81362396-jbs-1-400x200.webp\">\n\t\t\t\t<img loading=\"lazy\" decoding=\"async\" class=\"newsContent__article__imgCapa lazyloadDisabled newsContent__article__imgCapa--noCaption\" src=\"https:\/\/files.sunoresearch.com.br\/n\/uploads\/2018\/11\/81362396-jbs-1-800x450.webp\" width=\"800\" height=\"450\" alt=\"China autoriza a exporta\u00e7\u00e3o de mais 25 frigor\u00edficos\" fetchpriority=high \/>\n\t\t\t<\/picture>\n\n\t\t\t<figcaption class=\"wp-caption-text wp-caption-text--hide\">Carnes. Foto: Unsplash<\/figcaption>\n\t\t<\/figure>\n\t<\/div>\n\n\n\n<p>O governo brasileiro recebeu a informa\u00e7\u00e3o pelo \u00f3rg\u00e3o de vigil\u00e2ncia sanit\u00e1ria da <strong>China<\/strong> (GACC). O governo de <strong>Pequim<\/strong> indicou a habilita\u00e7\u00e3o das plantas para a exporta\u00e7\u00e3o da carne.<\/p>\n<p>Dos 25 frigor\u00edficos habilitados, 17 produzem carne bovina, seis carne de frango, uma carne de porco e uma <strong>carne<\/strong> de asinino. As empresas donas dos frigor\u00edficos est\u00e3o autorizadas a exportar imediatamente. Gra\u00e7as a essa decis\u00e3o chinesa, o n\u00famero de plantas brasileiras habilitadas para exportar para o pa\u00eds asi\u00e1tico passou de 64 para 89.<\/p>\n<p><a href=\"https:\/\/www.suno.com.br\/noticias\/china-habilitar-20-frigorificos-ministra\/\">Saiba mais: China queria habilitar s\u00f3 mais 20 frigor\u00edficos, diz ministra; Brasil busca liberar 78\u00a0<\/a><\/p>\n<p>O Minist\u00e9rio da Agricultura e <strong>Minist\u00e9rio das Rela\u00e7\u00f5es Exteriores<\/strong> negociaram diretamente com o GACC para ampliar o n\u00famero de frigor\u00edficos brasileiros autorizados a exportar para a <strong>China.<\/strong> A Embaixada brasileira em Pequim auxilou essa negocia\u00e7\u00e3o.<\/p>\n<p>Em maio, a ministra <strong>Tereza Cristina<\/strong> e comitiva viajaram para <strong>China<\/strong> e outros pa\u00edses asi\u00e1ticos com o objetivo ampliarem a venda dos produtos agropecu\u00e1rios brasileiros<\/p>\n<h2>Negocia\u00e7\u00f5es longas com a China<\/h2>\n<p>O <strong>Brasil<\/strong> tinha apresentado uma lista de 78 frigor\u00edficos para ser liberados para exportar para a <strong>China.<\/strong> A ministra da Agricultura<b> <\/b>viajou no pa\u00eds asi\u00e1tico em maio para negociar com o governo de <strong>Pequim.<\/strong><\/p>\n\t<p>\n\t\t<a href=\"https:\/\/lp.suno.com.br\/ebook-10-livros\/\" target=\"_blank\" data-element=\"shortcode-suno-banner\" title=\"Banner SUNO, clique e saiba mais\">\n\t\t\t<picture>\n\t\t\t\t<source media=\"(max-width: 500px)\" srcset=\"https:\/\/files.sunoresearch.com.br\/n\/uploads\/2023\/03\/400x300-10-livros.png\">\n\t\t\t\t<img class=\"newsContent__article__imgCapa newsContent__article__imgCapa--banner\"\n\t\t\t\t\tsrc=\"https:\/\/files.sunoresearch.com.br\/n\/uploads\/2023\/03\/1420x240-10-livros.png\"\n\t\t\t\t\tdata-promo-id=\"383159\"\t\t\t\t\t\t\t\t\t\twidth='1420' height='240'\t\t\t\t\talt=\"https:\/\/files.sunoresearch.com.br\/n\/uploads\/2023\/03\/1420x240-10-livros.png\"\n\t\t\t\t>\n\t\t\t<\/picture>\n\t\t<\/a>\n\t<\/p>\n\n\n<p>Tereza Cristina salientou como as plantas brasileiras n\u00e3o tem problemas com a peste africana. Uma praga que est\u00e1 criando uma s\u00e9rie de problemas para os produtores de carnes chineses.<\/p>\n<p><a href=\"https:\/\/www.suno.com.br\/noticias\/jbs-carne-suina-ue-china\/\">Saiba Mais: JBS cai 6% com exporta\u00e7\u00f5es de carne su\u00edna da UE para a China em alta<\/a><\/p>\n<p>Antes da miss\u00e3o da ministra <strong>Pequim<\/strong> j\u00e1 havia anunciado recentemente a inten\u00e7\u00e3o de ampliar a lista de <strong>frigor\u00edficos<\/strong> brasileiros liberados para <strong>exporta\u00e7\u00e3o.<\/strong> A previs\u00e3o era de que as plantas que atualmente j\u00e1 exportam para a <strong>Europa<\/strong> fossem mais facilmente habilitadas para exportar para o pa\u00eds asi\u00e1tico. Isso porque o mercado europeu \u00e9 exigente com as quest\u00f5es sanit\u00e1rias, o que daria mais confian\u00e7a aos chineses.<\/p>\n<p><a href=\"https:\/\/www.suno.com.br\/noticias\/china-comprar-carne-bovina-brasileira\/\">Saiba Mais: China pode comprar mais carne bovina brasileira, diz embaixador<\/a><\/p>\n<p><span style=\"font-size: 1.21429rem;\">Por sua vez, a <\/span><strong style=\"font-size: 1.21429rem;\">China<\/strong><span style=\"font-size: 1.21429rem;\"> tamb\u00e9m busca benef\u00edcios ao pa\u00eds na negocia\u00e7\u00e3o. Os chineses querem, como contrapartida, um acordo de <\/span><strong style=\"font-size: 1.21429rem;\">exporta\u00e7\u00e3o<\/strong><span style=\"font-size: 1.21429rem;\"> de pescados para o Brasil.<\/span><\/p>\n\t<p>\n\t\t<a href=\"https:\/\/lp.suno.com.br\/ebook-como-analisar-uma-acao\/\" target=\"_blank\" data-element=\"shortcode-suno-banner\" title=\"Banner SUNO, clique e saiba mais\">\n\t\t\t<picture>\n\t\t\t\t<source media=\"(max-width: 500px)\" srcset=\"https:\/\/files.sunoresearch.com.br\/n\/uploads\/2023\/03\/Ebook-Acoes-Mobile.jpg\">\n\t\t\t\t<img class=\"newsContent__article__imgCapa newsContent__article__imgCapa--banner\"\n\t\t\t\t\tsrc=\"https:\/\/files.sunoresearch.com.br\/n\/uploads\/2023\/03\/Ebook-Acoes-Desktop.jpg\"\n\t\t\t\t\tdata-promo-id=\"311946\"\t\t\t\t\t\t\t\t\t\twidth='1420' height='286'\t\t\t\t\talt=\"https:\/\/files.sunoresearch.com.br\/n\/uploads\/2023\/03\/Ebook-Acoes-Desktop.jpg\"\n\t\t\t\t>\n\t\t\t<\/picture>\n\t\t<\/a>\n\t<\/p>\n\n\n<p>A visita da <strong>ministra da Agricultura<\/strong> foi a abertura das conversas comerciais e diplom\u00e1ticas do governo brasileiro com autoridades chineses. Logo em seguida, o vice-presidente, <strong>Hamilton Mour\u00e3o <\/strong>tamb\u00e9m visitou a <strong>China,<\/strong> onde se reuniu com representantes do governo.<\/p>\n<h2>Lista completa<\/h2>\n<p>Confira a lista dos 25 frigor\u00edficos escolhidos:<\/p>\n<p><strong>Carne bovina<\/strong><\/p>\n<ul>\n<li>Cooperativa dos Produtores de Carne e Derivados de Gurupi &#8211; Gurupi (TO)<\/li>\n<li>Cooperativa dos Produtores de Carne e Derivados de Gurupi \u2013 Rio Maria (PA)<\/li>\n<li>Frigor\u00edfico Redentor \u2013 Guarant\u00e3 do Norte (MT) &#8211;<\/li>\n<li>Minerva \u2013 Palmeira de Goi\u00e1s (GO)<\/li>\n<li>Minerva S\/A \u2013 Rolim de Moura (RO)<\/li>\n<li>Barra Mansa Com\u00e9rcio de Carnes e Derivados Ltda \u2013 Sert\u00e3ozinho (SP)<\/li>\n<li>Agroindustrial Iguatemi Eirelli \u2013 Iguatemi (MS)<\/li>\n<li>Marfrig Global Foods \u2013 Tangar\u00e1 da Serra (MT)<\/li>\n<li>Naturafrig Alimentos Ltda \u2013 Barra do Bugres (MT)<\/li>\n<li>Marfrig Global Foods \u2013 V\u00e1rzea Grande (MT)<\/li>\n<li>Masterboi Ltda \u2013 S\u00e3o Geraldo Araguaia (PA)<\/li>\n<li>Frigol \u2013 \u00c1gua Azul do Norte (PA)<\/li>\n<li>Plena Alimentos S.A \u2013 Para\u00edso do Tocantins (TO)<\/li>\n<li>Agroindustrial de Alimentos S.A \u2013 Rondon\u00f3polis (MT)<\/li>\n<li>Naturafrig \u2013 Rochedo (MS)<\/li>\n<li>Vale Grande Ind\u00fastria e Com\u00e9rcio de Alimentos \u2013 Matup\u00e1 (MT)<\/li>\n<li>Merc\u00fario Alimentos \u2013 Castanhal (PA)<\/li>\n<\/ul>\n<p><strong>Frango<\/strong><\/p>\n<ul>\n<li>Cooperativa Central Aurora Alimentos \u2013 Mandaguari (PA)<\/li>\n<li>Coasul Cooperativa Agroindustrial \u2013 S\u00e3o Jo\u00e3o (PR)<\/li>\n<li>Rio Branco Alimentos S.A \u2013 Visconde do Rio Branco (MG)<\/li>\n<li>Gon\u00e7alves e Tortola S.A \u2013 Para\u00edso do Norte (PR)<\/li>\n<li>BRF \u2013 Lucas do Rio Verde (MT)<\/li>\n<li>Granjeiro Alimentos Ltda \u2013 Rol\u00e2ndia (PR)<\/li>\n<\/ul>\n<p><strong>Su\u00ednos<\/strong><\/p>\n<ul>\n<li>BRF S.A \u2013 Lucas do Rio Verde (MT)<\/li>\n<\/ul>\n<p><strong>Asininos<\/strong><\/p>\n<ul>\n<li>Nordeste Pecu\u00e1ria, Ind\u00fastria e Com\u00e9rcio Ltda \u2013 Amargosa (BA)<\/li>\n<\/ul>\n","protected":false},"excerpt":{"rendered":"<p>A China autorizou 25 frigor\u00edficos brasileiros para exportar carnes. A informa\u00e7\u00e3o foi divulgada nesta segunda-feira (9) pelo Minist\u00e9rio da Agricultura, Pecu\u00e1ria e Abastecimento (Mapa). Carnes. Foto: Unsplash O governo brasileiro recebeu a informa\u00e7\u00e3o pelo \u00f3rg\u00e3o de vigil\u00e2ncia sanit\u00e1ria da China (GACC). O governo de Pequim indicou a habilita\u00e7\u00e3o das plantas para a exporta\u00e7\u00e3o da carne. [&hellip;]<\/p>\n","protected":false},"author":9,"featured_media":6061,"comment_status":"closed","ping_status":"closed","sticky":false,"template":"","format":"standard","meta":[],"categories":[64],"tags":[711,1122],"suno_strategy":[],"class_list":["post-36926","post","type-post","status-publish","format-standard","has-post-thumbnail","hentry","category-negocios","tag-china","tag-ministerio-da-agricultura"],"yoast_head":"<!-- This site is optimized with the Yoast SEO plugin v24.4 - https:\/\/yoast.com\/wordpress\/plugins\/seo\/ -->\n<title>China autoriza a exporta\u00e7\u00e3o de mais 25 frigor\u00edficos<\/title>\n<meta name=\"description\" content=\"O Minist\u00e9rio da Agricultura informou que a China autorizou 25 frigor\u00edficos brasileiros para exportar carnes. Clique aqui para saber mais.\" \/>\n<meta name=\"robots\" content=\"index, follow, max-snippet:-1, max-image-preview:large, max-video-preview:-1\" \/>\n<link rel=\"canonical\" href=\"https:\/\/www.suno.com.br\/noticias\/mais-25-frigorificos-autorizados-china\/\" \/>\n<meta property=\"og:locale\" content=\"pt_BR\" \/>\n<meta property=\"og:type\" content=\"article\" \/>\n<meta property=\"og:title\" content=\"China autoriza a exporta\u00e7\u00e3o de mais 25 frigor\u00edficos\" \/>\n<meta property=\"og:description\" content=\"O Minist\u00e9rio da Agricultura informou que a China autorizou 25 frigor\u00edficos brasileiros para exportar carnes. Clique aqui para saber mais.\" \/>\n<meta property=\"og:url\" content=\"https:\/\/www.suno.com.br\/noticias\/mais-25-frigorificos-autorizados-china\/\" \/>\n<meta property=\"og:site_name\" content=\"Suno Not\u00edcias\" \/>\n<meta property=\"article:publisher\" content=\"https:\/\/facebook.com\/sunoresearch\" \/>\n<meta property=\"og:image\" content=\"https:\/\/files.sunoresearch.com.br\/n\/uploads\/2018\/11\/81362396-jbs-1.jpg\" \/>\n\t<meta property=\"og:image:width\" content=\"1920\" \/>\n\t<meta property=\"og:image:height\" content=\"1280\" \/>\n\t<meta property=\"og:image:type\" content=\"image\/jpeg\" \/>\n<meta name=\"author\" content=\"Carlo Cauti\" \/>\n<meta name=\"twitter:card\" content=\"summary_large_image\" \/>\n<meta name=\"twitter:creator\" content=\"@sunoresearch\" \/>\n<meta name=\"twitter:site\" content=\"@sunoresearch\" \/>\n<meta name=\"twitter:label1\" content=\"Escrito por\" \/>\n\t<meta name=\"twitter:data1\" content=\"Carlo Cauti\" \/>\n\t<meta name=\"twitter:label2\" content=\"Est. tempo de leitura\" \/>\n\t<meta name=\"twitter:data2\" content=\"3 minutos\" \/>\n<script type=\"application\/ld+json\" class=\"yoast-schema-graph\">{\"@context\":\"https:\/\/schema.org\",\"@graph\":[{\"@type\":\"NewsArticle\",\"@id\":\"https:\/\/www.suno.com.br\/noticias\/mais-25-frigorificos-autorizados-china\/#article\",\"isPartOf\":{\"@id\":\"https:\/\/www.suno.com.br\/noticias\/mais-25-frigorificos-autorizados-china\/\"},\"author\":{\"name\":\"Carlo Cauti\",\"@id\":\"https:\/\/www.suno.com.br\/noticias\/#\/schema\/person\/e6e0f723cc177805027f4566c1d5e0c8\"},\"headline\":\"China autoriza a exporta\u00e7\u00e3o de mais 25 frigor\u00edficos\",\"datePublished\":\"2019-09-09T20:52:00+00:00\",\"dateModified\":\"2019-09-09T22:24:06+00:00\",\"mainEntityOfPage\":{\"@id\":\"https:\/\/www.suno.com.br\/noticias\/mais-25-frigorificos-autorizados-china\/\"},\"wordCount\":677,\"publisher\":{\"@id\":\"https:\/\/www.suno.com.br\/noticias\/#organization\"},\"image\":{\"@id\":\"https:\/\/www.suno.com.br\/noticias\/mais-25-frigorificos-autorizados-china\/#primaryimage\"},\"thumbnailUrl\":\"https:\/\/files.sunoresearch.com.br\/n\/uploads\/2018\/11\/81362396-jbs-1-jpg.webp\",\"keywords\":[\"China\",\"Minist\u00e9rio da Agricultura\"],\"articleSection\":[\"Neg\u00f3cios\"],\"inLanguage\":\"pt-BR\"},{\"@type\":\"WebPage\",\"@id\":\"https:\/\/www.suno.com.br\/noticias\/mais-25-frigorificos-autorizados-china\/\",\"url\":\"https:\/\/www.suno.com.br\/noticias\/mais-25-frigorificos-autorizados-china\/\",\"name\":\"China autoriza a exporta\u00e7\u00e3o de mais 25 frigor\u00edficos\",\"isPartOf\":{\"@id\":\"https:\/\/www.suno.com.br\/noticias\/#website\"},\"primaryImageOfPage\":{\"@id\":\"https:\/\/www.suno.com.br\/noticias\/mais-25-frigorificos-autorizados-china\/#primaryimage\"},\"image\":{\"@id\":\"https:\/\/www.suno.com.br\/noticias\/mais-25-frigorificos-autorizados-china\/#primaryimage\"},\"thumbnailUrl\":\"https:\/\/files.sunoresearch.com.br\/n\/uploads\/2018\/11\/81362396-jbs-1-jpg.webp\",\"datePublished\":\"2019-09-09T20:52:00+00:00\",\"dateModified\":\"2019-09-09T22:24:06+00:00\",\"description\":\"O Minist\u00e9rio da Agricultura informou que a China autorizou 25 frigor\u00edficos brasileiros para exportar carnes. Clique aqui para saber mais.\",\"breadcrumb\":{\"@id\":\"https:\/\/www.suno.com.br\/noticias\/mais-25-frigorificos-autorizados-china\/#breadcrumb\"},\"inLanguage\":\"pt-BR\",\"potentialAction\":[{\"@type\":\"ReadAction\",\"target\":[\"https:\/\/www.suno.com.br\/noticias\/mais-25-frigorificos-autorizados-china\/\"]}]},{\"@type\":\"ImageObject\",\"inLanguage\":\"pt-BR\",\"@id\":\"https:\/\/www.suno.com.br\/noticias\/mais-25-frigorificos-autorizados-china\/#primaryimage\",\"url\":\"https:\/\/files.sunoresearch.com.br\/n\/uploads\/2018\/11\/81362396-jbs-1-jpg.webp\",\"contentUrl\":\"https:\/\/files.sunoresearch.com.br\/n\/uploads\/2018\/11\/81362396-jbs-1-jpg.webp\",\"width\":1920,\"height\":1280,\"caption\":\"Carnes. Foto: Unsplash\"},{\"@type\":\"BreadcrumbList\",\"@id\":\"https:\/\/www.suno.com.br\/noticias\/mais-25-frigorificos-autorizados-china\/#breadcrumb\",\"itemListElement\":[{\"@type\":\"ListItem\",\"position\":1,\"name\":\"Not\u00edcias\",\"item\":\"https:\/\/www.suno.com.br\/noticias\/\"},{\"@type\":\"ListItem\",\"position\":2,\"name\":\"Neg\u00f3cios\",\"item\":\"https:\/\/www.suno.com.br\/noticias\/negocios\/\"},{\"@type\":\"ListItem\",\"position\":3,\"name\":\"China autoriza a exporta\u00e7\u00e3o de mais 25 frigor\u00edficos\"}]},{\"@type\":\"WebSite\",\"@id\":\"https:\/\/www.suno.com.br\/noticias\/#website\",\"url\":\"https:\/\/www.suno.com.br\/noticias\/\",\"name\":\"Suno Not\u00edcias\",\"description\":\"Seu portal de informa\u00e7\u00e3o sobre o mundo dos investimentos\",\"publisher\":{\"@id\":\"https:\/\/www.suno.com.br\/noticias\/#organization\"},\"potentialAction\":[{\"@type\":\"SearchAction\",\"target\":{\"@type\":\"EntryPoint\",\"urlTemplate\":\"https:\/\/www.suno.com.br\/noticias\/?s={search_term_string}\"},\"query-input\":{\"@type\":\"PropertyValueSpecification\",\"valueRequired\":true,\"valueName\":\"search_term_string\"}}],\"inLanguage\":\"pt-BR\"},{\"@type\":\"Organization\",\"@id\":\"https:\/\/www.suno.com.br\/noticias\/#organization\",\"name\":\"Suno Not\u00edcias\",\"url\":\"https:\/\/www.suno.com.br\/noticias\/\",\"logo\":{\"@type\":\"ImageObject\",\"inLanguage\":\"pt-BR\",\"@id\":\"https:\/\/www.suno.com.br\/noticias\/#\/schema\/logo\/image\/\",\"url\":\"https:\/\/files.sunoresearch.com.br\/n\/uploads\/2021\/09\/suno-logo.png\",\"contentUrl\":\"https:\/\/files.sunoresearch.com.br\/n\/uploads\/2021\/09\/suno-logo.png\",\"width\":180,\"height\":180,\"caption\":\"Suno Not\u00edcias\"},\"image\":{\"@id\":\"https:\/\/www.suno.com.br\/noticias\/#\/schema\/logo\/image\/\"},\"sameAs\":[\"https:\/\/facebook.com\/sunoresearch\",\"https:\/\/x.com\/sunoresearch\",\"https:\/\/www.instagram.com\/suno\",\"https:\/\/www.linkedin.com\/company\/suno-research\/\",\"https:\/\/www.youtube.com\/c\/sunoresearch\"]},{\"@type\":\"Person\",\"@id\":\"https:\/\/www.suno.com.br\/noticias\/#\/schema\/person\/e6e0f723cc177805027f4566c1d5e0c8\",\"name\":\"Carlo Cauti\",\"image\":{\"@type\":\"ImageObject\",\"inLanguage\":\"pt-BR\",\"@id\":\"https:\/\/www.suno.com.br\/noticias\/#\/schema\/person\/image\/\",\"url\":\"https:\/\/secure.gravatar.com\/avatar\/3ada9e0bd164c23abd4792a9606d583c?s=96&r=g\",\"contentUrl\":\"https:\/\/secure.gravatar.com\/avatar\/3ada9e0bd164c23abd4792a9606d583c?s=96&r=g\",\"caption\":\"Carlo Cauti\"},\"description\":\"Editor multim\u00eddia do SUNO Not\u00edcias. Italiano, formado em Ci\u00eancias Pol\u00edticas pela universidade LUISS G. Carli de Roma e mestre cum laude em Rela\u00e7\u00f5es Internacionais, Jornalismo Internacional e de Guerra e em Economia Internacional. Concluiu tamb\u00e9m um MBA em Finan\u00e7as na B3. No Brasil, teve passagem por ve\u00edculos como Estad\u00e3o, Globo, Veja e EXAME. e nas ag\u00eancias de not\u00edcias italianas ANSA e NOVA.\",\"url\":\"https:\/\/www.suno.com.br\/noticias\/author\/carlo-cauti\/\"}]}<\/script>\n<!-- \/ Yoast SEO plugin. -->","yoast_head_json":{"title":"China autoriza a exporta\u00e7\u00e3o de mais 25 frigor\u00edficos","description":"O Minist\u00e9rio da Agricultura informou que a China autorizou 25 frigor\u00edficos brasileiros para exportar carnes. Clique aqui para saber mais.","robots":{"index":"index","follow":"follow","max-snippet":"max-snippet:-1","max-image-preview":"max-image-preview:large","max-video-preview":"max-video-preview:-1"},"canonical":"https:\/\/www.suno.com.br\/noticias\/mais-25-frigorificos-autorizados-china\/","og_locale":"pt_BR","og_type":"article","og_title":"China autoriza a exporta\u00e7\u00e3o de mais 25 frigor\u00edficos","og_description":"O Minist\u00e9rio da Agricultura informou que a China autorizou 25 frigor\u00edficos brasileiros para exportar carnes. Clique aqui para saber mais.","og_url":"https:\/\/www.suno.com.br\/noticias\/mais-25-frigorificos-autorizados-china\/","og_site_name":"Suno Not\u00edcias","article_publisher":"https:\/\/facebook.com\/sunoresearch","og_image":[{"width":1920,"height":1280,"url":"https:\/\/files.sunoresearch.com.br\/n\/uploads\/2018\/11\/81362396-jbs-1.jpg","type":"image\/jpeg"}],"author":"Carlo Cauti","twitter_card":"summary_large_image","twitter_creator":"@sunoresearch","twitter_site":"@sunoresearch","twitter_misc":{"Escrito por":"Carlo Cauti","Est. tempo de leitura":"3 minutos"},"schema":{"@context":"https:\/\/schema.org","@graph":[{"@type":"NewsArticle","@id":"https:\/\/www.suno.com.br\/noticias\/mais-25-frigorificos-autorizados-china\/#article","isPartOf":{"@id":"https:\/\/www.suno.com.br\/noticias\/mais-25-frigorificos-autorizados-china\/"},"author":{"name":"Carlo Cauti","@id":"https:\/\/www.suno.com.br\/noticias\/#\/schema\/person\/e6e0f723cc177805027f4566c1d5e0c8"},"headline":"China autoriza a exporta\u00e7\u00e3o de mais 25 frigor\u00edficos","datePublished":"2019-09-09T20:52:00+00:00","dateModified":"2019-09-09T22:24:06+00:00","mainEntityOfPage":{"@id":"https:\/\/www.suno.com.br\/noticias\/mais-25-frigorificos-autorizados-china\/"},"wordCount":677,"publisher":{"@id":"https:\/\/www.suno.com.br\/noticias\/#organization"},"image":{"@id":"https:\/\/www.suno.com.br\/noticias\/mais-25-frigorificos-autorizados-china\/#primaryimage"},"thumbnailUrl":"https:\/\/files.sunoresearch.com.br\/n\/uploads\/2018\/11\/81362396-jbs-1-jpg.webp","keywords":["China","Minist\u00e9rio da Agricultura"],"articleSection":["Neg\u00f3cios"],"inLanguage":"pt-BR"},{"@type":"WebPage","@id":"https:\/\/www.suno.com.br\/noticias\/mais-25-frigorificos-autorizados-china\/","url":"https:\/\/www.suno.com.br\/noticias\/mais-25-frigorificos-autorizados-china\/","name":"China autoriza a exporta\u00e7\u00e3o de mais 25 frigor\u00edficos","isPartOf":{"@id":"https:\/\/www.suno.com.br\/noticias\/#website"},"primaryImageOfPage":{"@id":"https:\/\/www.suno.com.br\/noticias\/mais-25-frigorificos-autorizados-china\/#primaryimage"},"image":{"@id":"https:\/\/www.suno.com.br\/noticias\/mais-25-frigorificos-autorizados-china\/#primaryimage"},"thumbnailUrl":"https:\/\/files.sunoresearch.com.br\/n\/uploads\/2018\/11\/81362396-jbs-1-jpg.webp","datePublished":"2019-09-09T20:52:00+00:00","dateModified":"2019-09-09T22:24:06+00:00","description":"O Minist\u00e9rio da Agricultura informou que a China autorizou 25 frigor\u00edficos brasileiros para exportar carnes. Clique aqui para saber mais.","breadcrumb":{"@id":"https:\/\/www.suno.com.br\/noticias\/mais-25-frigorificos-autorizados-china\/#breadcrumb"},"inLanguage":"pt-BR","potentialAction":[{"@type":"ReadAction","target":["https:\/\/www.suno.com.br\/noticias\/mais-25-frigorificos-autorizados-china\/"]}]},{"@type":"ImageObject","inLanguage":"pt-BR","@id":"https:\/\/www.suno.com.br\/noticias\/mais-25-frigorificos-autorizados-china\/#primaryimage","url":"https:\/\/files.sunoresearch.com.br\/n\/uploads\/2018\/11\/81362396-jbs-1-jpg.webp","contentUrl":"https:\/\/files.sunoresearch.com.br\/n\/uploads\/2018\/11\/81362396-jbs-1-jpg.webp","width":1920,"height":1280,"caption":"Carnes. Foto: Unsplash"},{"@type":"BreadcrumbList","@id":"https:\/\/www.suno.com.br\/noticias\/mais-25-frigorificos-autorizados-china\/#breadcrumb","itemListElement":[{"@type":"ListItem","position":1,"name":"Not\u00edcias","item":"https:\/\/www.suno.com.br\/noticias\/"},{"@type":"ListItem","position":2,"name":"Neg\u00f3cios","item":"https:\/\/www.suno.com.br\/noticias\/negocios\/"},{"@type":"ListItem","position":3,"name":"China autoriza a exporta\u00e7\u00e3o de mais 25 frigor\u00edficos"}]},{"@type":"WebSite","@id":"https:\/\/www.suno.com.br\/noticias\/#website","url":"https:\/\/www.suno.com.br\/noticias\/","name":"Suno Not\u00edcias","description":"Seu portal de informa\u00e7\u00e3o sobre o mundo dos investimentos","publisher":{"@id":"https:\/\/www.suno.com.br\/noticias\/#organization"},"potentialAction":[{"@type":"SearchAction","target":{"@type":"EntryPoint","urlTemplate":"https:\/\/www.suno.com.br\/noticias\/?s={search_term_string}"},"query-input":{"@type":"PropertyValueSpecification","valueRequired":true,"valueName":"search_term_string"}}],"inLanguage":"pt-BR"},{"@type":"Organization","@id":"https:\/\/www.suno.com.br\/noticias\/#organization","name":"Suno Not\u00edcias","url":"https:\/\/www.suno.com.br\/noticias\/","logo":{"@type":"ImageObject","inLanguage":"pt-BR","@id":"https:\/\/www.suno.com.br\/noticias\/#\/schema\/logo\/image\/","url":"https:\/\/files.sunoresearch.com.br\/n\/uploads\/2021\/09\/suno-logo.png","contentUrl":"https:\/\/files.sunoresearch.com.br\/n\/uploads\/2021\/09\/suno-logo.png","width":180,"height":180,"caption":"Suno Not\u00edcias"},"image":{"@id":"https:\/\/www.suno.com.br\/noticias\/#\/schema\/logo\/image\/"},"sameAs":["https:\/\/facebook.com\/sunoresearch","https:\/\/x.com\/sunoresearch","https:\/\/www.instagram.com\/suno","https:\/\/www.linkedin.com\/company\/suno-research\/","https:\/\/www.youtube.com\/c\/sunoresearch"]},{"@type":"Person","@id":"https:\/\/www.suno.com.br\/noticias\/#\/schema\/person\/e6e0f723cc177805027f4566c1d5e0c8","name":"Carlo Cauti","image":{"@type":"ImageObject","inLanguage":"pt-BR","@id":"https:\/\/www.suno.com.br\/noticias\/#\/schema\/person\/image\/","url":"https:\/\/secure.gravatar.com\/avatar\/3ada9e0bd164c23abd4792a9606d583c?s=96&r=g","contentUrl":"https:\/\/secure.gravatar.com\/avatar\/3ada9e0bd164c23abd4792a9606d583c?s=96&r=g","caption":"Carlo Cauti"},"description":"Editor multim\u00eddia do SUNO Not\u00edcias. Italiano, formado em Ci\u00eancias Pol\u00edticas pela universidade LUISS G. Carli de Roma e mestre cum laude em Rela\u00e7\u00f5es Internacionais, Jornalismo Internacional e de Guerra e em Economia Internacional. Concluiu tamb\u00e9m um MBA em Finan\u00e7as na B3. No Brasil, teve passagem por ve\u00edculos como Estad\u00e3o, Globo, Veja e EXAME. e nas ag\u00eancias de not\u00edcias italianas ANSA e NOVA.","url":"https:\/\/www.suno.com.br\/noticias\/author\/carlo-cauti\/"}]}},"default_loop_html":"<div class=\"cardsPage__listCard__boxs\"><div class=\"cardsPage__listCard__boxs__img\"><a href=\"https:\/\/www.suno.com.br\/noticias\/mais-25-frigorificos-autorizados-china\/\"><img class=\"mask\" src=\"https:\/\/www.suno.com.br\/noticias\/wp-content\/themes\/suno\/resources\/images\/spotlight\/spotlight1img\/bg-mask.png\" alt=\"Image Mask\"\/><img src=\"https:\/\/files.sunoresearch.com.br\/n\/uploads\/2018\/11\/81362396-jbs-1-400x200.webp\" alt=\"China autoriza a exporta\u00e7\u00e3o de mais 25 frigor\u00edficos\"\/><\/a><span class=\"spotlightCategory\"><a href=\"https:\/\/www.suno.com.br\/noticias\/negocios\/\">Neg\u00f3cios<\/a><\/span><\/div><div class=\"cardsPage__listCard__boxs__content\"><a href=\"https:\/\/www.suno.com.br\/noticias\/mais-25-frigorificos-autorizados-china\/\"><h2 class=\"content__title\">China autoriza a exporta\u00e7\u00e3o de mais 25 frigor\u00edficos<\/h2><\/a><div class=\"newsContent__article__meta\"><div class=\"newsContent__article__meta__authorBox\"><a href=\"https:\/\/www.suno.com.br\/noticias\/author\/carlo-cauti\/\" class=\"authorBox__avatar noMobi\"><img src=\"https:\/\/files.sunoresearch.com.br\/n\/uploads\/2020\/08\/e3745f9a-perfil-carlo-cauti-150x150.webp\" alt=\"Carlo Cauti\"><\/a><div class=\"authorBox__name\"><span>por\n\t\t\t<a href=\"https:\/\/www.suno.com.br\/noticias\/author\/carlo-cauti\/\"><span itemprop=\"author\">Carlo Cauti<\/span><\/a><\/span><time datetime=\"2019-09-09T17:52:00-03:00\" itemprop=\"datePublished\">09\/09\/2019 17:52<\/time><\/div><\/div><\/div><\/div><\/div>","single_layout":"posts","amp_enabled":true,"_links":{"self":[{"href":"https:\/\/www.suno.com.br\/noticias\/wp-json\/wp\/v2\/posts\/36926"}],"collection":[{"href":"https:\/\/www.suno.com.br\/noticias\/wp-json\/wp\/v2\/posts"}],"about":[{"href":"https:\/\/www.suno.com.br\/noticias\/wp-json\/wp\/v2\/types\/post"}],"author":[{"embeddable":true,"href":"https:\/\/www.suno.com.br\/noticias\/wp-json\/wp\/v2\/users\/9"}],"replies":[{"embeddable":true,"href":"https:\/\/www.suno.com.br\/noticias\/wp-json\/wp\/v2\/comments?post=36926"}],"version-history":[{"count":0,"href":"https:\/\/www.suno.com.br\/noticias\/wp-json\/wp\/v2\/posts\/36926\/revisions"}],"wp:featuredmedia":[{"embeddable":true,"href":"https:\/\/www.suno.com.br\/noticias\/wp-json\/wp\/v2\/media\/6061"}],"wp:attachment":[{"href":"https:\/\/www.suno.com.br\/noticias\/wp-json\/wp\/v2\/media?parent=36926"}],"wp:term":[{"taxonomy":"category","embeddable":true,"href":"https:\/\/www.suno.com.br\/noticias\/wp-json\/wp\/v2\/categories?post=36926"},{"taxonomy":"post_tag","embeddable":true,"href":"https:\/\/www.suno.com.br\/noticias\/wp-json\/wp\/v2\/tags?post=36926"},{"taxonomy":"suno_strategy","embeddable":true,"href":"https:\/\/www.suno.com.br\/noticias\/wp-json\/wp\/v2\/suno_strategy?post=36926"}],"curies":[{"name":"wp","href":"https:\/\/api.w.org\/{rel}","templated":true}]}}