{"id":36925,"date":"2019-09-09T18:11:00","date_gmt":"2019-09-09T21:11:00","guid":{"rendered":"https:\/\/www.suno.com.br\/noticias\/?p=36925"},"modified":"2019-09-09T18:42:54","modified_gmt":"2019-09-09T21:42:54","slug":"dolar-encerra-alta-mesmo-cenario-externo-favoravel-09092019","status":"publish","type":"post","link":"https:\/\/www.suno.com.br\/noticias\/dolar-encerra-alta-mesmo-cenario-externo-favoravel-09092019\/","title":{"rendered":"D\u00f3lar encerra em alta mesmo com cen\u00e1rio externo favor\u00e1vel"},"content":{"rendered":"<p>O d\u00f3lar encerrou nesta segunda-feira (9) em alta de +0,463% sendo vendido a R$ 4,0993.<\/p>\t<div class=\"wrapper-featured-image\">\n\t\t<figure class=\"spotlightImg\">\n\n\t\t\t<picture>\n\t\t\t\t<source media=\"(max-width: 768px)\" srcset=\"https:\/\/files.sunoresearch.com.br\/n\/uploads\/2019\/08\/ece92e9f-d\u00f3lar-pesos-400x200.webp\">\n\t\t\t\t<img loading=\"lazy\" decoding=\"async\" class=\"newsContent__article__imgCapa lazyloadDisabled newsContent__article__imgCapa--noCaption\" src=\"https:\/\/files.sunoresearch.com.br\/n\/uploads\/2019\/08\/ece92e9f-d\u00f3lar-pesos-800x450.webp\" width=\"800\" height=\"450\" alt=\"D\u00f3lar encerra em alta mesmo com cen\u00e1rio externo favor\u00e1vel\" fetchpriority=high \/>\n\t\t\t<\/picture>\n\n\t\t\t<figcaption class=\"wp-caption-text wp-caption-text--hide\">Por volta das 9h10, o d\u00f3lar operava em alta de 0,206%, negociado a R$ 5,5382.<\/figcaption>\n\t\t<\/figure>\n\t<\/div>\n\n\n\n<p>O <strong>d\u00f3lar<\/strong> subiu devido a v\u00e1rios fatores. O principal deles, a divulga\u00e7\u00e3o do Boletim Focus que confirmou a previs\u00e3o de crescimento do <strong>PIB<\/strong> em 2019.<\/p>\n<p>Al\u00e9m disso, contribu\u00edram para a alta: O an\u00fancio de que o <strong>Brasil<\/strong> ir\u00e1 vender mais carnes para a <strong>China,<\/strong> com a habilita\u00e7\u00e3o de mais de 25 frigor\u00edficos e o in\u00edcio das negocia\u00e7\u00f5es de <strong>livre<\/strong> <strong>com\u00e9rcio<\/strong> do Brasil com o <strong>M\u00e9xico.<\/strong><\/p>\n<h2>Boletim Focus<\/h2>\n<p>Os economistas entrevistados pelo <strong>Banco Central (BC)<\/strong> no\u00a0<strong>Boletim Focus<\/strong> mantiveram a previs\u00e3o de crescimento do Produto Interno Bruto (PIB) em 2019. Segundo o Boletim divulgado nesta segunda-feira (9), a economia brasileira dever\u00e1 crescer 0,87% esse ano.<\/p>\n<p>A previs\u00e3o do <strong>Boletim Focus<\/strong> da \u00faltima segunda-feira (26) tamb\u00e9m indicava um crescimento do PIB de apenas 0,87% em 2019. No come\u00e7o do ano, os analistas indicavam um crescimento de 2,6% da economia brasileira em 2019.<\/p>\n<p><a href=\"https:\/\/www.suno.com.br\/noticias\/boletim-focus-confirma-pib-2019\/\">Saiba mais: Boletim Focus confirma previs\u00e3o de crescimento do PIB em 2019<\/a><\/p>\n<p>A previs\u00e3o de crescimento da economia brasileira para 2020 passou de 2,10% para 2,07%. Uma estimativa pr\u00f3xima \u00e0 proje\u00e7\u00e3o oficial do <strong>Banco Central<\/strong> e tamb\u00e9m do <strong>minist\u00e9rio da Economia.<\/strong><\/p>\n<p>Para 2021 e 2022 as previs\u00f5es do <strong>Produto Interno Bruto<\/strong> foram mantidas em 2,50%.<\/p>\n<h2>Brasil ir\u00e1 vender mais carnes para a China<\/h2>\n<p>A <strong>China<\/strong> autorizou 25 frigor\u00edficos brasileiros para exportar carnes. A informa\u00e7\u00e3o foi divulgada nesta segunda-feira (9) pelo <strong>Minist\u00e9rio<\/strong> da <strong>Agricultura<\/strong>, <strong>Pecu\u00e1ria<\/strong> e <strong>Abastecimento<\/strong> (<strong>Mapa<\/strong>).<\/p>\n<p><a href=\"https:\/\/www.suno.com.br\/noticias\/mais-25-frigorificos-autorizados-china\/\">Saiba mais: China autoriza a exporta\u00e7\u00e3o de mais 25 frigor\u00edficos<\/a><\/p>\n<p>O governo brasileiro recebeu a informa\u00e7\u00e3o pelo \u00f3rg\u00e3o de vigil\u00e2ncia sanit\u00e1ria da <strong>China (GACC).<\/strong> O governo de Pequim indicou a habilita\u00e7\u00e3o das plantas para a exporta\u00e7\u00e3o da carne.<\/p>\n<p>Dos 25 frigor\u00edficos habilitados, 17 produzem carne bovina, seis carne de frango, uma carne de porco e uma carne de asinino. As empresas donas dos frigor\u00edficos est\u00e3o autorizadas a exportar imediatamente. Gra\u00e7as a essa decis\u00e3o chinesa, o n\u00famero de plantas brasileiras habilitadas para exportar para o pa\u00eds asi\u00e1tico passou de 64 para 89.<\/p>\n<h2>Brasil negocia livre com\u00e9rcio com o M\u00e9xico<\/h2>\n<div>Nesta segunda, o <strong>Secret\u00e1rio Especial de Com\u00e9rcio Exterior<\/strong> e <strong>Assuntos Internacionais<\/strong> do <strong>Minist\u00e9rio da Economia,<\/strong> Marcos Troyjo, declarou que o <strong>governo brasileiro<\/strong> come\u00e7ou as negocia\u00e7\u00f5es para um tratado de <strong>livre com\u00e9rcio<\/strong> com o <strong>M\u00e9xico.<\/strong> O objetivo \u00e9 chegar a assinatura de um pacto comercial entre as duas maiores economias da <strong>Am\u00e9rica Latina.<\/strong><\/div>\n<div><\/div>\n<div>\t<p>\n\t\t<a href=\"https:\/\/lp.suno.com.br\/suno-one\/?utm_campaign=_SNC6964518A_\" target=\"_blank\" data-element=\"shortcode-suno-banner\" title=\"Banner SUNO, clique e saiba mais\">\n\t\t\t<picture>\n\t\t\t\t<source media=\"(max-width: 500px)\" srcset=\"https:\/\/files.sunoresearch.com.br\/n\/uploads\/2025\/09\/400x300-Suno-One-png.webp\">\n\t\t\t\t<img class=\"newsContent__article__imgCapa newsContent__article__imgCapa--banner\"\n\t\t\t\t\tsrc=\"https:\/\/files.sunoresearch.com.br\/n\/uploads\/2025\/09\/1420x240-Suno-One-png.webp\"\n\t\t\t\t\tdata-promo-id=\"383121\"\t\t\t\t\t\t\t\t\t\twidth='1420' height='240'\t\t\t\t\talt=\"https:\/\/files.sunoresearch.com.br\/n\/uploads\/2025\/09\/1420x240-Suno-One-png.webp\"\n\t\t\t\t>\n\t\t\t<\/picture>\n\t\t<\/a>\n\t<\/p>\n\n<\/div>\n<div><\/div>\n<div>A declara\u00e7\u00e3o chegou durante a tentativa do Pa\u00eds de abrir de sua economia e manter as rela\u00e7\u00f5es comerciais com outros pa\u00edses. Conversas para um poss\u00edvel acordo comercial com os Estados Unidos tamb\u00e9m j\u00e1 foram iniciadas.<\/div>\n<h2>\u00daltima cota\u00e7\u00e3o do d\u00f3lar<\/h2>\n<p>Na \u00faltima sess\u00e3o, sexta-feira (6), o <strong><a href=\"https:\/\/www.youtube.com\/watch?v=G3KrdD4iQyI\">d\u00f3lar<\/a><\/strong> encerrou com queda de -0,715% sendo negociado a R$ 4,0804 na venda.<\/p>\n","protected":false},"excerpt":{"rendered":"<p>O d\u00f3lar encerrou nesta segunda-feira (9) em alta de +0,463% sendo vendido a R$ 4,0993. Por volta das 9h10, o d\u00f3lar operava em alta de 0,206%, negociado a R$ 5,5382. O d\u00f3lar subiu devido a v\u00e1rios fatores. O principal deles, a divulga\u00e7\u00e3o do Boletim Focus que confirmou a previs\u00e3o de crescimento do PIB em 2019. [&hellip;]<\/p>\n","protected":false},"author":23,"featured_media":35734,"comment_status":"closed","ping_status":"closed","sticky":false,"template":"","format":"standard","meta":[],"categories":[60],"tags":[834,711,326,729],"suno_strategy":[],"class_list":["post-36925","post","type-post","status-publish","format-standard","has-post-thumbnail","hentry","category-mercado","tag-boletim-focus","tag-china","tag-dolar","tag-mexico"],"yoast_head":"<!-- This site is optimized with the Yoast SEO plugin v24.4 - https:\/\/yoast.com\/wordpress\/plugins\/seo\/ -->\n<title>D\u00f3lar encerra em alta mesmo com cen\u00e1rio externo favor\u00e1vel<\/title>\n<meta name=\"description\" content=\"O d\u00f3lar fechou em alta de +0,463% com venda a R$ 4,0993, motivado pelo Boletim Focus que confirmou previs\u00e3o de alta do PIB. Clique para mais.\" \/>\n<meta name=\"robots\" content=\"index, follow, max-snippet:-1, max-image-preview:large, max-video-preview:-1\" \/>\n<link rel=\"canonical\" href=\"https:\/\/www.suno.com.br\/noticias\/dolar-encerra-alta-mesmo-cenario-externo-favoravel-09092019\/\" \/>\n<meta property=\"og:locale\" content=\"pt_BR\" \/>\n<meta property=\"og:type\" content=\"article\" \/>\n<meta property=\"og:title\" content=\"D\u00f3lar encerra em alta mesmo com cen\u00e1rio externo favor\u00e1vel\" \/>\n<meta property=\"og:description\" content=\"O d\u00f3lar fechou em alta de +0,463% com venda a R$ 4,0993, motivado pelo Boletim Focus que confirmou previs\u00e3o de alta do PIB. Clique para mais.\" \/>\n<meta property=\"og:url\" content=\"https:\/\/www.suno.com.br\/noticias\/dolar-encerra-alta-mesmo-cenario-externo-favoravel-09092019\/\" \/>\n<meta property=\"og:site_name\" content=\"Suno Not\u00edcias\" \/>\n<meta property=\"article:publisher\" content=\"https:\/\/facebook.com\/sunoresearch\" \/>\n<meta property=\"og:image\" content=\"https:\/\/files.sunoresearch.com.br\/n\/uploads\/2019\/08\/ece92e9f-d\u00f3lar-pesos.jpg\" \/>\n\t<meta property=\"og:image:width\" content=\"1086\" \/>\n\t<meta property=\"og:image:height\" content=\"652\" \/>\n\t<meta property=\"og:image:type\" content=\"image\/jpeg\" \/>\n<meta name=\"author\" content=\"Rafael Lara\" \/>\n<meta name=\"twitter:card\" content=\"summary_large_image\" \/>\n<meta name=\"twitter:creator\" content=\"@sunoresearch\" \/>\n<meta name=\"twitter:site\" content=\"@sunoresearch\" \/>\n<meta name=\"twitter:label1\" content=\"Escrito por\" \/>\n\t<meta name=\"twitter:data1\" content=\"Rafael Lara\" \/>\n\t<meta name=\"twitter:label2\" content=\"Est. tempo de leitura\" \/>\n\t<meta name=\"twitter:data2\" content=\"2 minutos\" \/>\n<script type=\"application\/ld+json\" class=\"yoast-schema-graph\">{\"@context\":\"https:\/\/schema.org\",\"@graph\":[{\"@type\":\"NewsArticle\",\"@id\":\"https:\/\/www.suno.com.br\/noticias\/dolar-encerra-alta-mesmo-cenario-externo-favoravel-09092019\/#article\",\"isPartOf\":{\"@id\":\"https:\/\/www.suno.com.br\/noticias\/dolar-encerra-alta-mesmo-cenario-externo-favoravel-09092019\/\"},\"author\":{\"name\":\"Rafael Lara\",\"@id\":\"https:\/\/www.suno.com.br\/noticias\/#\/schema\/person\/098743caeed97b37f51315c9576c4078\"},\"headline\":\"D\u00f3lar encerra em alta mesmo com cen\u00e1rio externo favor\u00e1vel\",\"datePublished\":\"2019-09-09T21:11:00+00:00\",\"dateModified\":\"2019-09-09T21:42:54+00:00\",\"mainEntityOfPage\":{\"@id\":\"https:\/\/www.suno.com.br\/noticias\/dolar-encerra-alta-mesmo-cenario-externo-favoravel-09092019\/\"},\"wordCount\":501,\"publisher\":{\"@id\":\"https:\/\/www.suno.com.br\/noticias\/#organization\"},\"image\":{\"@id\":\"https:\/\/www.suno.com.br\/noticias\/dolar-encerra-alta-mesmo-cenario-externo-favoravel-09092019\/#primaryimage\"},\"thumbnailUrl\":\"https:\/\/files.sunoresearch.com.br\/n\/uploads\/2019\/08\/ece92e9f-d\u00f3lar-pesos-jpg.webp\",\"keywords\":[\"Boletim Focus\",\"China\",\"d\u00f3lar\",\"M\u00e9xico\"],\"articleSection\":[\"Mercado\"],\"inLanguage\":\"pt-BR\"},{\"@type\":\"WebPage\",\"@id\":\"https:\/\/www.suno.com.br\/noticias\/dolar-encerra-alta-mesmo-cenario-externo-favoravel-09092019\/\",\"url\":\"https:\/\/www.suno.com.br\/noticias\/dolar-encerra-alta-mesmo-cenario-externo-favoravel-09092019\/\",\"name\":\"D\u00f3lar encerra em alta mesmo com cen\u00e1rio externo favor\u00e1vel\",\"isPartOf\":{\"@id\":\"https:\/\/www.suno.com.br\/noticias\/#website\"},\"primaryImageOfPage\":{\"@id\":\"https:\/\/www.suno.com.br\/noticias\/dolar-encerra-alta-mesmo-cenario-externo-favoravel-09092019\/#primaryimage\"},\"image\":{\"@id\":\"https:\/\/www.suno.com.br\/noticias\/dolar-encerra-alta-mesmo-cenario-externo-favoravel-09092019\/#primaryimage\"},\"thumbnailUrl\":\"https:\/\/files.sunoresearch.com.br\/n\/uploads\/2019\/08\/ece92e9f-d\u00f3lar-pesos-jpg.webp\",\"datePublished\":\"2019-09-09T21:11:00+00:00\",\"dateModified\":\"2019-09-09T21:42:54+00:00\",\"description\":\"O d\u00f3lar fechou em alta de +0,463% com venda a R$ 4,0993, motivado pelo Boletim Focus que confirmou previs\u00e3o de alta do PIB. Clique para mais.\",\"breadcrumb\":{\"@id\":\"https:\/\/www.suno.com.br\/noticias\/dolar-encerra-alta-mesmo-cenario-externo-favoravel-09092019\/#breadcrumb\"},\"inLanguage\":\"pt-BR\",\"potentialAction\":[{\"@type\":\"ReadAction\",\"target\":[\"https:\/\/www.suno.com.br\/noticias\/dolar-encerra-alta-mesmo-cenario-externo-favoravel-09092019\/\"]}]},{\"@type\":\"ImageObject\",\"inLanguage\":\"pt-BR\",\"@id\":\"https:\/\/www.suno.com.br\/noticias\/dolar-encerra-alta-mesmo-cenario-externo-favoravel-09092019\/#primaryimage\",\"url\":\"https:\/\/files.sunoresearch.com.br\/n\/uploads\/2019\/08\/ece92e9f-d\u00f3lar-pesos-jpg.webp\",\"contentUrl\":\"https:\/\/files.sunoresearch.com.br\/n\/uploads\/2019\/08\/ece92e9f-d\u00f3lar-pesos-jpg.webp\",\"width\":1086,\"height\":652,\"caption\":\"Por volta das 9h10, o d\u00f3lar operava em alta de 0,206%, negociado a R$ 5,5382.\"},{\"@type\":\"BreadcrumbList\",\"@id\":\"https:\/\/www.suno.com.br\/noticias\/dolar-encerra-alta-mesmo-cenario-externo-favoravel-09092019\/#breadcrumb\",\"itemListElement\":[{\"@type\":\"ListItem\",\"position\":1,\"name\":\"Not\u00edcias\",\"item\":\"https:\/\/www.suno.com.br\/noticias\/\"},{\"@type\":\"ListItem\",\"position\":2,\"name\":\"Mercado\",\"item\":\"https:\/\/www.suno.com.br\/noticias\/mercado\/\"},{\"@type\":\"ListItem\",\"position\":3,\"name\":\"D\u00f3lar encerra em alta mesmo com cen\u00e1rio externo favor\u00e1vel\"}]},{\"@type\":\"WebSite\",\"@id\":\"https:\/\/www.suno.com.br\/noticias\/#website\",\"url\":\"https:\/\/www.suno.com.br\/noticias\/\",\"name\":\"Suno Not\u00edcias\",\"description\":\"Seu portal de informa\u00e7\u00e3o sobre o mundo dos investimentos\",\"publisher\":{\"@id\":\"https:\/\/www.suno.com.br\/noticias\/#organization\"},\"potentialAction\":[{\"@type\":\"SearchAction\",\"target\":{\"@type\":\"EntryPoint\",\"urlTemplate\":\"https:\/\/www.suno.com.br\/noticias\/?s={search_term_string}\"},\"query-input\":{\"@type\":\"PropertyValueSpecification\",\"valueRequired\":true,\"valueName\":\"search_term_string\"}}],\"inLanguage\":\"pt-BR\"},{\"@type\":\"Organization\",\"@id\":\"https:\/\/www.suno.com.br\/noticias\/#organization\",\"name\":\"Suno Not\u00edcias\",\"url\":\"https:\/\/www.suno.com.br\/noticias\/\",\"logo\":{\"@type\":\"ImageObject\",\"inLanguage\":\"pt-BR\",\"@id\":\"https:\/\/www.suno.com.br\/noticias\/#\/schema\/logo\/image\/\",\"url\":\"https:\/\/files.sunoresearch.com.br\/n\/uploads\/2021\/09\/suno-logo.png\",\"contentUrl\":\"https:\/\/files.sunoresearch.com.br\/n\/uploads\/2021\/09\/suno-logo.png\",\"width\":180,\"height\":180,\"caption\":\"Suno Not\u00edcias\"},\"image\":{\"@id\":\"https:\/\/www.suno.com.br\/noticias\/#\/schema\/logo\/image\/\"},\"sameAs\":[\"https:\/\/facebook.com\/sunoresearch\",\"https:\/\/x.com\/sunoresearch\",\"https:\/\/www.instagram.com\/suno\",\"https:\/\/www.linkedin.com\/company\/suno-research\/\",\"https:\/\/www.youtube.com\/c\/sunoresearch\"]},{\"@type\":\"Person\",\"@id\":\"https:\/\/www.suno.com.br\/noticias\/#\/schema\/person\/098743caeed97b37f51315c9576c4078\",\"name\":\"Rafael Lara\",\"image\":{\"@type\":\"ImageObject\",\"inLanguage\":\"pt-BR\",\"@id\":\"https:\/\/www.suno.com.br\/noticias\/#\/schema\/person\/image\/\",\"url\":\"https:\/\/secure.gravatar.com\/avatar\/dfc254ab9bb2ea1895d98b9e9dae4bdd?s=96&r=g\",\"contentUrl\":\"https:\/\/secure.gravatar.com\/avatar\/dfc254ab9bb2ea1895d98b9e9dae4bdd?s=96&r=g\",\"caption\":\"Rafael Lara\"},\"description\":\"Rafael Lara cursa jornalismo na Faculdade C\u00e1sper L\u00edbero. Escreve sobre pol\u00edtica, economia e neg\u00f3cios para o portal Suno Not\u00edcias. Antes, colaborou na TV Gazeta na produ\u00e7\u00e3o do programa Edi\u00e7\u00e3o Extra.\",\"url\":\"https:\/\/www.suno.com.br\/noticias\/author\/rafael\/\"}]}<\/script>\n<!-- \/ Yoast SEO plugin. -->","yoast_head_json":{"title":"D\u00f3lar encerra em alta mesmo com cen\u00e1rio externo favor\u00e1vel","description":"O d\u00f3lar fechou em alta de +0,463% com venda a R$ 4,0993, motivado pelo Boletim Focus que confirmou previs\u00e3o de alta do PIB. Clique para mais.","robots":{"index":"index","follow":"follow","max-snippet":"max-snippet:-1","max-image-preview":"max-image-preview:large","max-video-preview":"max-video-preview:-1"},"canonical":"https:\/\/www.suno.com.br\/noticias\/dolar-encerra-alta-mesmo-cenario-externo-favoravel-09092019\/","og_locale":"pt_BR","og_type":"article","og_title":"D\u00f3lar encerra em alta mesmo com cen\u00e1rio externo favor\u00e1vel","og_description":"O d\u00f3lar fechou em alta de +0,463% com venda a R$ 4,0993, motivado pelo Boletim Focus que confirmou previs\u00e3o de alta do PIB. Clique para mais.","og_url":"https:\/\/www.suno.com.br\/noticias\/dolar-encerra-alta-mesmo-cenario-externo-favoravel-09092019\/","og_site_name":"Suno Not\u00edcias","article_publisher":"https:\/\/facebook.com\/sunoresearch","og_image":[{"width":1086,"height":652,"url":"https:\/\/files.sunoresearch.com.br\/n\/uploads\/2019\/08\/ece92e9f-d\u00f3lar-pesos.jpg","type":"image\/jpeg"}],"author":"Rafael Lara","twitter_card":"summary_large_image","twitter_creator":"@sunoresearch","twitter_site":"@sunoresearch","twitter_misc":{"Escrito por":"Rafael Lara","Est. tempo de leitura":"2 minutos"},"schema":{"@context":"https:\/\/schema.org","@graph":[{"@type":"NewsArticle","@id":"https:\/\/www.suno.com.br\/noticias\/dolar-encerra-alta-mesmo-cenario-externo-favoravel-09092019\/#article","isPartOf":{"@id":"https:\/\/www.suno.com.br\/noticias\/dolar-encerra-alta-mesmo-cenario-externo-favoravel-09092019\/"},"author":{"name":"Rafael Lara","@id":"https:\/\/www.suno.com.br\/noticias\/#\/schema\/person\/098743caeed97b37f51315c9576c4078"},"headline":"D\u00f3lar encerra em alta mesmo com cen\u00e1rio externo favor\u00e1vel","datePublished":"2019-09-09T21:11:00+00:00","dateModified":"2019-09-09T21:42:54+00:00","mainEntityOfPage":{"@id":"https:\/\/www.suno.com.br\/noticias\/dolar-encerra-alta-mesmo-cenario-externo-favoravel-09092019\/"},"wordCount":501,"publisher":{"@id":"https:\/\/www.suno.com.br\/noticias\/#organization"},"image":{"@id":"https:\/\/www.suno.com.br\/noticias\/dolar-encerra-alta-mesmo-cenario-externo-favoravel-09092019\/#primaryimage"},"thumbnailUrl":"https:\/\/files.sunoresearch.com.br\/n\/uploads\/2019\/08\/ece92e9f-d\u00f3lar-pesos-jpg.webp","keywords":["Boletim Focus","China","d\u00f3lar","M\u00e9xico"],"articleSection":["Mercado"],"inLanguage":"pt-BR"},{"@type":"WebPage","@id":"https:\/\/www.suno.com.br\/noticias\/dolar-encerra-alta-mesmo-cenario-externo-favoravel-09092019\/","url":"https:\/\/www.suno.com.br\/noticias\/dolar-encerra-alta-mesmo-cenario-externo-favoravel-09092019\/","name":"D\u00f3lar encerra em alta mesmo com cen\u00e1rio externo favor\u00e1vel","isPartOf":{"@id":"https:\/\/www.suno.com.br\/noticias\/#website"},"primaryImageOfPage":{"@id":"https:\/\/www.suno.com.br\/noticias\/dolar-encerra-alta-mesmo-cenario-externo-favoravel-09092019\/#primaryimage"},"image":{"@id":"https:\/\/www.suno.com.br\/noticias\/dolar-encerra-alta-mesmo-cenario-externo-favoravel-09092019\/#primaryimage"},"thumbnailUrl":"https:\/\/files.sunoresearch.com.br\/n\/uploads\/2019\/08\/ece92e9f-d\u00f3lar-pesos-jpg.webp","datePublished":"2019-09-09T21:11:00+00:00","dateModified":"2019-09-09T21:42:54+00:00","description":"O d\u00f3lar fechou em alta de +0,463% com venda a R$ 4,0993, motivado pelo Boletim Focus que confirmou previs\u00e3o de alta do PIB. Clique para mais.","breadcrumb":{"@id":"https:\/\/www.suno.com.br\/noticias\/dolar-encerra-alta-mesmo-cenario-externo-favoravel-09092019\/#breadcrumb"},"inLanguage":"pt-BR","potentialAction":[{"@type":"ReadAction","target":["https:\/\/www.suno.com.br\/noticias\/dolar-encerra-alta-mesmo-cenario-externo-favoravel-09092019\/"]}]},{"@type":"ImageObject","inLanguage":"pt-BR","@id":"https:\/\/www.suno.com.br\/noticias\/dolar-encerra-alta-mesmo-cenario-externo-favoravel-09092019\/#primaryimage","url":"https:\/\/files.sunoresearch.com.br\/n\/uploads\/2019\/08\/ece92e9f-d\u00f3lar-pesos-jpg.webp","contentUrl":"https:\/\/files.sunoresearch.com.br\/n\/uploads\/2019\/08\/ece92e9f-d\u00f3lar-pesos-jpg.webp","width":1086,"height":652,"caption":"Por volta das 9h10, o d\u00f3lar operava em alta de 0,206%, negociado a R$ 5,5382."},{"@type":"BreadcrumbList","@id":"https:\/\/www.suno.com.br\/noticias\/dolar-encerra-alta-mesmo-cenario-externo-favoravel-09092019\/#breadcrumb","itemListElement":[{"@type":"ListItem","position":1,"name":"Not\u00edcias","item":"https:\/\/www.suno.com.br\/noticias\/"},{"@type":"ListItem","position":2,"name":"Mercado","item":"https:\/\/www.suno.com.br\/noticias\/mercado\/"},{"@type":"ListItem","position":3,"name":"D\u00f3lar encerra em alta mesmo com cen\u00e1rio externo favor\u00e1vel"}]},{"@type":"WebSite","@id":"https:\/\/www.suno.com.br\/noticias\/#website","url":"https:\/\/www.suno.com.br\/noticias\/","name":"Suno Not\u00edcias","description":"Seu portal de informa\u00e7\u00e3o sobre o mundo dos investimentos","publisher":{"@id":"https:\/\/www.suno.com.br\/noticias\/#organization"},"potentialAction":[{"@type":"SearchAction","target":{"@type":"EntryPoint","urlTemplate":"https:\/\/www.suno.com.br\/noticias\/?s={search_term_string}"},"query-input":{"@type":"PropertyValueSpecification","valueRequired":true,"valueName":"search_term_string"}}],"inLanguage":"pt-BR"},{"@type":"Organization","@id":"https:\/\/www.suno.com.br\/noticias\/#organization","name":"Suno Not\u00edcias","url":"https:\/\/www.suno.com.br\/noticias\/","logo":{"@type":"ImageObject","inLanguage":"pt-BR","@id":"https:\/\/www.suno.com.br\/noticias\/#\/schema\/logo\/image\/","url":"https:\/\/files.sunoresearch.com.br\/n\/uploads\/2021\/09\/suno-logo.png","contentUrl":"https:\/\/files.sunoresearch.com.br\/n\/uploads\/2021\/09\/suno-logo.png","width":180,"height":180,"caption":"Suno Not\u00edcias"},"image":{"@id":"https:\/\/www.suno.com.br\/noticias\/#\/schema\/logo\/image\/"},"sameAs":["https:\/\/facebook.com\/sunoresearch","https:\/\/x.com\/sunoresearch","https:\/\/www.instagram.com\/suno","https:\/\/www.linkedin.com\/company\/suno-research\/","https:\/\/www.youtube.com\/c\/sunoresearch"]},{"@type":"Person","@id":"https:\/\/www.suno.com.br\/noticias\/#\/schema\/person\/098743caeed97b37f51315c9576c4078","name":"Rafael Lara","image":{"@type":"ImageObject","inLanguage":"pt-BR","@id":"https:\/\/www.suno.com.br\/noticias\/#\/schema\/person\/image\/","url":"https:\/\/secure.gravatar.com\/avatar\/dfc254ab9bb2ea1895d98b9e9dae4bdd?s=96&r=g","contentUrl":"https:\/\/secure.gravatar.com\/avatar\/dfc254ab9bb2ea1895d98b9e9dae4bdd?s=96&r=g","caption":"Rafael Lara"},"description":"Rafael Lara cursa jornalismo na Faculdade C\u00e1sper L\u00edbero. Escreve sobre pol\u00edtica, economia e neg\u00f3cios para o portal Suno Not\u00edcias. Antes, colaborou na TV Gazeta na produ\u00e7\u00e3o do programa Edi\u00e7\u00e3o Extra.","url":"https:\/\/www.suno.com.br\/noticias\/author\/rafael\/"}]}},"default_loop_html":"<div class=\"cardsPage__listCard__boxs\"><div class=\"cardsPage__listCard__boxs__img\"><a href=\"https:\/\/www.suno.com.br\/noticias\/dolar-encerra-alta-mesmo-cenario-externo-favoravel-09092019\/\"><img class=\"mask\" src=\"https:\/\/www.suno.com.br\/noticias\/wp-content\/themes\/suno\/resources\/images\/spotlight\/spotlight1img\/bg-mask.png\" alt=\"Image Mask\"\/><img src=\"https:\/\/files.sunoresearch.com.br\/n\/uploads\/2019\/08\/ece92e9f-d\u00f3lar-pesos-400x200.webp\" alt=\"D\u00f3lar encerra em alta mesmo com cen\u00e1rio externo favor\u00e1vel\"\/><\/a><span class=\"spotlightCategory\"><a href=\"https:\/\/www.suno.com.br\/noticias\/mercado\/\">Mercado<\/a><\/span><\/div><div class=\"cardsPage__listCard__boxs__content\"><a href=\"https:\/\/www.suno.com.br\/noticias\/dolar-encerra-alta-mesmo-cenario-externo-favoravel-09092019\/\"><h2 class=\"content__title\">D\u00f3lar encerra em alta mesmo com cen\u00e1rio externo favor\u00e1vel<\/h2><\/a><div class=\"newsContent__article__meta\"><div class=\"newsContent__article__meta__authorBox\"><a href=\"https:\/\/www.suno.com.br\/noticias\/author\/rafael\/\" class=\"authorBox__avatar noMobi\"><img src=\"https:\/\/secure.gravatar.com\/avatar\/dfc254ab9bb2ea1895d98b9e9dae4bdd?s=96&#038;r=g\" alt=\"Rafael Lara\"><\/a><div class=\"authorBox__name\"><span>por\n\t\t\t<a href=\"https:\/\/www.suno.com.br\/noticias\/author\/rafael\/\"><span itemprop=\"author\">Rafael Lara<\/span><\/a><\/span><time datetime=\"2019-09-09T18:11:00-03:00\" itemprop=\"datePublished\">09\/09\/2019 18:11<\/time><\/div><\/div><\/div><\/div><\/div>","single_layout":"posts","amp_enabled":true,"_links":{"self":[{"href":"https:\/\/www.suno.com.br\/noticias\/wp-json\/wp\/v2\/posts\/36925"}],"collection":[{"href":"https:\/\/www.suno.com.br\/noticias\/wp-json\/wp\/v2\/posts"}],"about":[{"href":"https:\/\/www.suno.com.br\/noticias\/wp-json\/wp\/v2\/types\/post"}],"author":[{"embeddable":true,"href":"https:\/\/www.suno.com.br\/noticias\/wp-json\/wp\/v2\/users\/23"}],"replies":[{"embeddable":true,"href":"https:\/\/www.suno.com.br\/noticias\/wp-json\/wp\/v2\/comments?post=36925"}],"version-history":[{"count":0,"href":"https:\/\/www.suno.com.br\/noticias\/wp-json\/wp\/v2\/posts\/36925\/revisions"}],"wp:featuredmedia":[{"embeddable":true,"href":"https:\/\/www.suno.com.br\/noticias\/wp-json\/wp\/v2\/media\/35734"}],"wp:attachment":[{"href":"https:\/\/www.suno.com.br\/noticias\/wp-json\/wp\/v2\/media?parent=36925"}],"wp:term":[{"taxonomy":"category","embeddable":true,"href":"https:\/\/www.suno.com.br\/noticias\/wp-json\/wp\/v2\/categories?post=36925"},{"taxonomy":"post_tag","embeddable":true,"href":"https:\/\/www.suno.com.br\/noticias\/wp-json\/wp\/v2\/tags?post=36925"},{"taxonomy":"suno_strategy","embeddable":true,"href":"https:\/\/www.suno.com.br\/noticias\/wp-json\/wp\/v2\/suno_strategy?post=36925"}],"curies":[{"name":"wp","href":"https:\/\/api.w.org\/{rel}","templated":true}]}}