{"id":368845,"date":"2023-02-27T16:18:32","date_gmt":"2023-02-27T19:18:32","guid":{"rendered":"https:\/\/www.suno.com.br\/noticias\/?p=368845"},"modified":"2023-02-27T16:18:51","modified_gmt":"2023-02-27T19:18:51","slug":"imposto-renda-2023-restituicao-datas","status":"publish","type":"post","link":"https:\/\/www.suno.com.br\/noticias\/imposto-renda-2023-restituicao-datas\/","title":{"rendered":"Quando vou receber a restitui\u00e7\u00e3o do Imposto de Renda 2023? Veja datas e dica para entrar na fila preferencial apenas com CPF"},"content":{"rendered":"<p>A partir do dia 31 de maio, a <a class=\"suno-keyword\" target=\"_blank\" data-force=\"no\" data-priority=\"3\" href=\"https:\/\/www.suno.com.br\/artigos\/receita-federal\/\" rel=\"noopener\">Receita Federal<\/a> come\u00e7a a pagar a <strong>restitui\u00e7\u00e3o do Imposto de Renda 2023<\/strong>. Uma das novidades deste ano \u00e9 que existe uma forma simples de entrar na &#8220;fila preferencial&#8221; para receber os valores do Le\u00e3o.<\/p>\t<div class=\"wrapper-featured-image\">\n\t\t<figure class=\"spotlightImg\">\n\n\t\t\t<picture>\n\t\t\t\t<source media=\"(max-width: 768px)\" srcset=\"https:\/\/files.sunoresearch.com.br\/n\/uploads\/2023\/02\/imposto-renda-2023-restituicao-datas-foto-marcellocasaljr-agenciabrasil-400x200.jpg\">\n\t\t\t\t<img loading=\"lazy\" decoding=\"async\" class=\"newsContent__article__imgCapa lazyloadDisabled \" src=\"https:\/\/files.sunoresearch.com.br\/n\/uploads\/2023\/02\/imposto-renda-2023-restituicao-datas-foto-marcellocasaljr-agenciabrasil-800x450.jpg\" width=\"800\" height=\"450\" alt=\"Quando vou receber a restitui\u00e7\u00e3o do Imposto de Renda 2023? Veja datas e dica para entrar na fila preferencial apenas com CPF\" fetchpriority=high \/>\n\t\t\t<\/picture>\n\n\t\t\t<figcaption class=\"wp-caption-text wp-caption-text--show\">Aplicativo do Imposto de Renda. Foto: Marcello Casal Jr.\/Ag\u00eancia Brasil<\/figcaption>\n\t\t<\/figure>\n\t<\/div>\n\n\n\n\n\n\t<p>\n\t\t<a href=\"\" target=\"_blank\" data-element=\"shortcode-suno-banner\" title=\"Banner SUNO, clique e saiba mais\">\n\t\t\t<picture>\n\t\t\t\t<source media=\"(max-width: 500px)\" srcset=\"\">\n\t\t\t\t<img class=\"newsContent__article__imgCapa newsContent__article__imgCapa--banner\"\n\t\t\t\t\tsrc=\"\"\n\t\t\t\t\tdata-promo-id=\"77027\"\t\t\t\t\t\t\t\t\t\t\t\t\t\t\talt=\"\"\n\t\t\t\t>\n\t\t\t<\/picture>\n\t\t<\/a>\n\t<\/p>\n\n\n\n\n\n<p>Quem usar a declara\u00e7\u00e3o pr\u00e9-preenchida e escolher receber a <strong>restitui\u00e7\u00e3o via Pix<\/strong> ter\u00e1 prioridade na hora do pagamento. Contudo, segundo informa\u00e7\u00f5es divulgadas nesta segunda (27), a Receita aceitar\u00e1 apenas a chave CPF do Pix. <\/p>\n\n\n\n<p>Assim, o <strong>calend\u00e1rio da restitui\u00e7\u00e3o do Imposto de Renda 2023<\/strong> ficou da seguinte forma:<\/p>\n\n\n\n<ul class=\"wp-block-list\">\n<li>Primeiro lote: 31 de maio;<\/li>\n\n\n\n<li>Segundo lote: 30 de junho;<\/li>\n\n\n\n<li>Terceiro lote: 31 de julho;<\/li>\n\n\n\n<li>Quarto lote: 31 de agosto;<\/li>\n\n\n\n<li>Quinto e \u00faltimo lote: 29 de setembro.<\/li>\n<\/ul>\n\n\n\t<p>\n\t\t<a href=\"\" target=\"_blank\" data-element=\"shortcode-suno-banner\" title=\"Banner SUNO, clique e saiba mais\">\n\t\t\t<picture>\n\t\t\t\t<source media=\"(max-width: 500px)\" srcset=\"\">\n\t\t\t\t<img class=\"newsContent__article__imgCapa newsContent__article__imgCapa--banner\"\n\t\t\t\t\tsrc=\"\"\n\t\t\t\t\tdata-promo-id=\"257748\"\t\t\t\t\t\t\t\t\t\t\t\t\t\t\talt=\"\"\n\t\t\t\t>\n\t\t\t<\/picture>\n\t\t<\/a>\n\t<\/p>\n\n\n\n\n\n<p>Gra\u00e7as a essa novidade, a fila da restitui\u00e7\u00e3o do<strong> Imposto de Renda 2023<\/strong> seguir\u00e1 a seguinte ordem:<\/p>\n\n\n\n<ul class=\"wp-block-list\">\n<li>Idosos com idade igual ou superior a 80 anos;<\/li>\n\n\n\n<li>Idosos com idade igual ou superior a 60 anos, deficientes e portadores de mol\u00e9stia grave;<\/li>\n\n\n\n<li>Contribuintes cuja maior fonte de renda seja o magist\u00e9rio;<\/li>\n\n\n\n<li>Contribuintes que utilizaram a pr\u00e9-preenchida e\/ou optaram por receber a<strong>&nbsp;restitui\u00e7\u00e3o por Pix<\/strong>;<\/li>\n\n\n\n<li>Demais contribuintes.<\/li>\n<\/ul>\n\n\n\t<p>\n\t\t<a href=\"https:\/\/lp.suno.com.br\/planilha-controle-gastos\/\" target=\"_blank\" data-element=\"shortcode-suno-banner\" title=\"Banner SUNO, clique e saiba mais\">\n\t\t\t<picture>\n\t\t\t\t<source media=\"(max-width: 500px)\" srcset=\"https:\/\/files.sunoresearch.com.br\/n\/uploads\/2023\/03\/400x300-Planilha-controle-de-gastos.png\">\n\t\t\t\t<img class=\"newsContent__article__imgCapa newsContent__article__imgCapa--banner\"\n\t\t\t\t\tsrc=\"https:\/\/files.sunoresearch.com.br\/n\/uploads\/2023\/03\/1420x240-Planilha-controle-de-gastos.png\"\n\t\t\t\t\tdata-promo-id=\"101751\"\t\t\t\t\t\t\t\t\t\twidth='1420' height='240'\t\t\t\t\talt=\"https:\/\/files.sunoresearch.com.br\/n\/uploads\/2023\/03\/1420x240-Planilha-controle-de-gastos.png\"\n\t\t\t\t>\n\t\t\t<\/picture>\n\t\t<\/a>\n\t<\/p>\n\n\n\n\n\n<h2 class=\"wp-block-heading\" id=\"h-imposto-de-renda-2023-datas-e-novidades\">Imposto de Renda 2023: Datas e novidades<\/h2>\n\n\n\n<p>O prazo para os contribuintes enviarem a <strong>declara\u00e7\u00e3o do Imposto de Renda 2023<\/strong> come\u00e7a no dia 15 de mar\u00e7o e se encerra em 31 de maio. Al\u00e9m do benef\u00edcio via Pix, uma das principais novidades deste ano \u00e9 a mudan\u00e7a na regra para quem investe na <a class=\"suno-keyword\" target=\"_blank\" data-force=\"no\" data-priority=\"3\" href=\"https:\/\/www.suno.com.br\/guias\/bolsa-de-valores\/\" rel=\"noopener\">bolsa de valores<\/a>.<\/p>\n\n\n\n<p>Agora, apenas quem vendeu acima de R$ 40 mil em a\u00e7\u00f5es ou teve algum ganho (lucro) acima do limite de isen\u00e7\u00e3o (R$ 20 mil por m\u00eas) ser\u00e1 obrigado a declarar os<strong>&nbsp;investimentos em a\u00e7\u00f5es<\/strong>.<\/p>\n\n\n\t<p>\n\t\t<a href=\"https:\/\/lp.suno.com.br\/planilha-da-vida-financeira\/\" target=\"_blank\" data-element=\"shortcode-suno-banner\" title=\"Banner SUNO, clique e saiba mais\">\n\t\t\t<picture>\n\t\t\t\t<source media=\"(max-width: 500px)\" srcset=\"https:\/\/files.sunoresearch.com.br\/n\/uploads\/2023\/04\/400x300-Planilha-vida-financeira-true.png\">\n\t\t\t\t<img class=\"newsContent__article__imgCapa newsContent__article__imgCapa--banner\"\n\t\t\t\t\tsrc=\"https:\/\/files.sunoresearch.com.br\/n\/uploads\/2023\/04\/1420x240-Planilha-vida-financeira-true.png\"\n\t\t\t\t\tdata-promo-id=\"106682\"\t\t\t\t\t\t\t\t\t\twidth='1420' height='240'\t\t\t\t\talt=\"https:\/\/files.sunoresearch.com.br\/n\/uploads\/2023\/04\/1420x240-Planilha-vida-financeira-true.png\"\n\t\t\t\t>\n\t\t\t<\/picture>\n\t\t<\/a>\n\t<\/p>\n\n\n\n\n\n<p>\u201cPercebemos um aumento crescente de pessoas aplicando na&nbsp;<strong>bolsa de valores<\/strong>, especialmente jovens que est\u00e3o entrando no&nbsp;<a href=\"https:\/\/www.suno.com.br\/artigos\/mercado-de-trabalho\/\" target=\"_blank\" rel=\"noreferrer noopener\">mercado de trabalho<\/a>. Dados da B3 mostram que houve um acr\u00e9scimo de 17,5% de investidores em 2022, mas que 80% deles come\u00e7am com menos de R$ 1 mil. Por isso, fizemos a altera\u00e7\u00e3o\u201d, destacou Jos\u00e9 Carlos da Fonseca, auditor-fiscal e respons\u00e1vel pelo programa do Imposto de Renda 2023.<\/p>\n\n\n\n<p>Al\u00e9m das informa\u00e7\u00f5es sobre a<strong> restitui\u00e7\u00e3o do Imposto de Renda 2023<\/strong>, o Suno Not\u00edcias preparou um material especial com as principais novidades do encontro com o Le\u00e3o. Confira!<\/p>\n\n\n\n\t<div data-element=\"shortcode-read-more\" class=\"readToo\">\n\t\t\t\t<span class=\"readToo__title\">Leia mais<\/span>\n\t\t\t\t<ul class=\"readToo__list\">\n\t\t\t<li><a href=\"https:\/\/www.suno.com.br\/noticias\/imposto-renda-2023-lista-obrigados-declaracoes\/\">Quem \u00e9 obrigado a declarar o Imposto de Renda 2023? Lista foi atualizada este ano; confira<\/a><\/li><li><a href=\"https:\/\/www.suno.com.br\/noticias\/imposto-renda-2023-novas-regras-investidores\/\">Novas regras do Imposto de Renda 2023: pequeno investidor ser\u00e1 beneficiado com mudan\u00e7a na parte de a\u00e7\u00f5es; entenda<\/a><\/li><li><a href=\"https:\/\/www.suno.com.br\/noticias\/imposto-renda-2023-novas-regras-coletiva-receita\/\">Imposto de Renda 2023: Pix coloca contribuinte como prioridade na restitui\u00e7\u00e3o; entenda<\/a><\/li>\t\t<\/ul>\n\t<\/div>\n\n\n\n\t<p>\n\t\t<a href=\"https:\/\/lp.suno.com.br\/ebook-como-analisar-uma-acao\/\" target=\"_blank\" data-element=\"shortcode-suno-banner\" title=\"Banner SUNO, clique e saiba mais\">\n\t\t\t<picture>\n\t\t\t\t<source media=\"(max-width: 500px)\" srcset=\"https:\/\/files.sunoresearch.com.br\/n\/uploads\/2023\/03\/Ebook-Acoes-Mobile-1.jpg\">\n\t\t\t\t<img class=\"newsContent__article__imgCapa newsContent__article__imgCapa--banner\"\n\t\t\t\t\tsrc=\"https:\/\/files.sunoresearch.com.br\/n\/uploads\/2023\/03\/Ebook-Acoes-Desktop-1.jpg\"\n\t\t\t\t\tdata-promo-id=\"171998\"\t\t\t\t\t\t\t\t\t\twidth='1420' height='286'\t\t\t\t\talt=\"https:\/\/files.sunoresearch.com.br\/n\/uploads\/2023\/03\/Ebook-Acoes-Desktop-1.jpg\"\n\t\t\t\t>\n\t\t\t<\/picture>\n\t\t<\/a>\n\t<\/p>\n\n\n","protected":false},"excerpt":{"rendered":"<p>A partir do dia 31 de maio, a Receita Federal come\u00e7a a pagar a restitui\u00e7\u00e3o do Imposto de Renda 2023. Uma das novidades deste ano \u00e9 que existe uma forma simples de entrar na &#8220;fila preferencial&#8221; para receber os valores do Le\u00e3o. Aplicativo do Imposto de Renda. Foto: Marcello Casal Jr.\/Ag\u00eancia Brasil Quem usar a [&hellip;]<\/p>\n","protected":false},"author":232,"featured_media":368948,"comment_status":"closed","ping_status":"closed","sticky":false,"template":"","format":"standard","meta":[],"categories":[65],"tags":[105816,303,847],"suno_strategy":[],"class_list":["post-368845","post","type-post","status-publish","format-standard","has-post-thumbnail","hentry","category-financas-pessoais","tag-especialistas","tag-imposto-de-renda","tag-receita-federal"],"yoast_head":"<!-- This site is optimized with the Yoast SEO plugin v24.4 - https:\/\/yoast.com\/wordpress\/plugins\/seo\/ -->\n<title>Quando vou receber a restitui\u00e7\u00e3o do Imposto de Renda 2023? Veja datas<\/title>\n<meta name=\"description\" content=\"A partir do dia 31 de maio, a Receita Federal come\u00e7a a pagar a restitui\u00e7\u00e3o do Imposto de Renda 2023. Clique e veja o calend\u00e1rio.\" \/>\n<meta name=\"robots\" content=\"index, follow, max-snippet:-1, max-image-preview:large, max-video-preview:-1\" \/>\n<link rel=\"canonical\" href=\"https:\/\/www.suno.com.br\/noticias\/imposto-renda-2023-restituicao-datas\/\" \/>\n<meta property=\"og:locale\" content=\"pt_BR\" \/>\n<meta property=\"og:type\" content=\"article\" \/>\n<meta property=\"og:title\" content=\"Quando vou receber a restitui\u00e7\u00e3o do Imposto de Renda 2023? Veja datas\" \/>\n<meta property=\"og:description\" content=\"A partir do dia 31 de maio, a Receita Federal come\u00e7a a pagar a restitui\u00e7\u00e3o do Imposto de Renda 2023. Clique e veja o calend\u00e1rio.\" \/>\n<meta property=\"og:url\" content=\"https:\/\/www.suno.com.br\/noticias\/imposto-renda-2023-restituicao-datas\/\" \/>\n<meta property=\"og:site_name\" content=\"Suno Not\u00edcias\" \/>\n<meta property=\"article:publisher\" content=\"https:\/\/facebook.com\/sunoresearch\" \/>\n<meta property=\"og:image\" content=\"https:\/\/files.sunoresearch.com.br\/n\/uploads\/2023\/02\/imposto-renda-2023-restituicao-datas-foto-marcellocasaljr-agenciabrasil.jpg\" \/>\n\t<meta property=\"og:image:width\" content=\"1200\" \/>\n\t<meta property=\"og:image:height\" content=\"675\" \/>\n\t<meta property=\"og:image:type\" content=\"image\/jpeg\" \/>\n<meta name=\"author\" content=\"Erick Matheus Nery\" \/>\n<meta name=\"twitter:card\" content=\"summary_large_image\" \/>\n<meta name=\"twitter:creator\" content=\"@sunoresearch\" \/>\n<meta name=\"twitter:site\" content=\"@sunoresearch\" \/>\n<meta name=\"twitter:label1\" content=\"Escrito por\" \/>\n\t<meta name=\"twitter:data1\" content=\"Erick Matheus Nery\" \/>\n\t<meta name=\"twitter:label2\" content=\"Est. tempo de leitura\" \/>\n\t<meta name=\"twitter:data2\" content=\"3 minutos\" \/>\n<script type=\"application\/ld+json\" class=\"yoast-schema-graph\">{\"@context\":\"https:\/\/schema.org\",\"@graph\":[{\"@type\":\"NewsArticle\",\"@id\":\"https:\/\/www.suno.com.br\/noticias\/imposto-renda-2023-restituicao-datas\/#article\",\"isPartOf\":{\"@id\":\"https:\/\/www.suno.com.br\/noticias\/imposto-renda-2023-restituicao-datas\/\"},\"author\":{\"name\":\"Erick Matheus Nery\",\"@id\":\"https:\/\/www.suno.com.br\/noticias\/#\/schema\/person\/6899bc3f19d1a7315f807131c2c013a0\"},\"headline\":\"Quando vou receber a restitui\u00e7\u00e3o do Imposto de Renda 2023? Veja datas e dica para entrar na fila preferencial apenas com CPF\",\"datePublished\":\"2023-02-27T19:18:32+00:00\",\"dateModified\":\"2023-02-27T19:18:51+00:00\",\"mainEntityOfPage\":{\"@id\":\"https:\/\/www.suno.com.br\/noticias\/imposto-renda-2023-restituicao-datas\/\"},\"wordCount\":416,\"publisher\":{\"@id\":\"https:\/\/www.suno.com.br\/noticias\/#organization\"},\"image\":{\"@id\":\"https:\/\/www.suno.com.br\/noticias\/imposto-renda-2023-restituicao-datas\/#primaryimage\"},\"thumbnailUrl\":\"https:\/\/files.sunoresearch.com.br\/n\/uploads\/2023\/02\/imposto-renda-2023-restituicao-datas-foto-marcellocasaljr-agenciabrasil.jpg\",\"keywords\":[\"Especialistas\",\"Imposto de Renda\",\"Receita Federal\"],\"articleSection\":[\"Finan\u00e7as Pessoais\"],\"inLanguage\":\"pt-BR\"},{\"@type\":\"WebPage\",\"@id\":\"https:\/\/www.suno.com.br\/noticias\/imposto-renda-2023-restituicao-datas\/\",\"url\":\"https:\/\/www.suno.com.br\/noticias\/imposto-renda-2023-restituicao-datas\/\",\"name\":\"Quando vou receber a restitui\u00e7\u00e3o do Imposto de Renda 2023? Veja datas\",\"isPartOf\":{\"@id\":\"https:\/\/www.suno.com.br\/noticias\/#website\"},\"primaryImageOfPage\":{\"@id\":\"https:\/\/www.suno.com.br\/noticias\/imposto-renda-2023-restituicao-datas\/#primaryimage\"},\"image\":{\"@id\":\"https:\/\/www.suno.com.br\/noticias\/imposto-renda-2023-restituicao-datas\/#primaryimage\"},\"thumbnailUrl\":\"https:\/\/files.sunoresearch.com.br\/n\/uploads\/2023\/02\/imposto-renda-2023-restituicao-datas-foto-marcellocasaljr-agenciabrasil.jpg\",\"datePublished\":\"2023-02-27T19:18:32+00:00\",\"dateModified\":\"2023-02-27T19:18:51+00:00\",\"description\":\"A partir do dia 31 de maio, a Receita Federal come\u00e7a a pagar a restitui\u00e7\u00e3o do Imposto de Renda 2023. Clique e veja o calend\u00e1rio.\",\"breadcrumb\":{\"@id\":\"https:\/\/www.suno.com.br\/noticias\/imposto-renda-2023-restituicao-datas\/#breadcrumb\"},\"inLanguage\":\"pt-BR\",\"potentialAction\":[{\"@type\":\"ReadAction\",\"target\":[\"https:\/\/www.suno.com.br\/noticias\/imposto-renda-2023-restituicao-datas\/\"]}]},{\"@type\":\"ImageObject\",\"inLanguage\":\"pt-BR\",\"@id\":\"https:\/\/www.suno.com.br\/noticias\/imposto-renda-2023-restituicao-datas\/#primaryimage\",\"url\":\"https:\/\/files.sunoresearch.com.br\/n\/uploads\/2023\/02\/imposto-renda-2023-restituicao-datas-foto-marcellocasaljr-agenciabrasil.jpg\",\"contentUrl\":\"https:\/\/files.sunoresearch.com.br\/n\/uploads\/2023\/02\/imposto-renda-2023-restituicao-datas-foto-marcellocasaljr-agenciabrasil.jpg\",\"width\":1200,\"height\":675,\"caption\":\"Aplicativo do Imposto de Renda. Foto: Marcello Casal Jr.\/Ag\u00eancia Brasil\"},{\"@type\":\"BreadcrumbList\",\"@id\":\"https:\/\/www.suno.com.br\/noticias\/imposto-renda-2023-restituicao-datas\/#breadcrumb\",\"itemListElement\":[{\"@type\":\"ListItem\",\"position\":1,\"name\":\"Not\u00edcias\",\"item\":\"https:\/\/www.suno.com.br\/noticias\/\"},{\"@type\":\"ListItem\",\"position\":2,\"name\":\"Finan\u00e7as Pessoais\",\"item\":\"https:\/\/www.suno.com.br\/noticias\/financas-pessoais\/\"},{\"@type\":\"ListItem\",\"position\":3,\"name\":\"Quando vou receber a restitui\u00e7\u00e3o do Imposto de Renda 2023? Veja datas e dica para entrar na fila preferencial apenas com CPF\"}]},{\"@type\":\"WebSite\",\"@id\":\"https:\/\/www.suno.com.br\/noticias\/#website\",\"url\":\"https:\/\/www.suno.com.br\/noticias\/\",\"name\":\"Suno Not\u00edcias\",\"description\":\"Seu portal de informa\u00e7\u00e3o sobre o mundo dos investimentos\",\"publisher\":{\"@id\":\"https:\/\/www.suno.com.br\/noticias\/#organization\"},\"potentialAction\":[{\"@type\":\"SearchAction\",\"target\":{\"@type\":\"EntryPoint\",\"urlTemplate\":\"https:\/\/www.suno.com.br\/noticias\/?s={search_term_string}\"},\"query-input\":{\"@type\":\"PropertyValueSpecification\",\"valueRequired\":true,\"valueName\":\"search_term_string\"}}],\"inLanguage\":\"pt-BR\"},{\"@type\":\"Organization\",\"@id\":\"https:\/\/www.suno.com.br\/noticias\/#organization\",\"name\":\"Suno Not\u00edcias\",\"url\":\"https:\/\/www.suno.com.br\/noticias\/\",\"logo\":{\"@type\":\"ImageObject\",\"inLanguage\":\"pt-BR\",\"@id\":\"https:\/\/www.suno.com.br\/noticias\/#\/schema\/logo\/image\/\",\"url\":\"https:\/\/files.sunoresearch.com.br\/n\/uploads\/2021\/09\/suno-logo.png\",\"contentUrl\":\"https:\/\/files.sunoresearch.com.br\/n\/uploads\/2021\/09\/suno-logo.png\",\"width\":180,\"height\":180,\"caption\":\"Suno Not\u00edcias\"},\"image\":{\"@id\":\"https:\/\/www.suno.com.br\/noticias\/#\/schema\/logo\/image\/\"},\"sameAs\":[\"https:\/\/facebook.com\/sunoresearch\",\"https:\/\/x.com\/sunoresearch\",\"https:\/\/www.instagram.com\/suno\",\"https:\/\/www.linkedin.com\/company\/suno-research\/\",\"https:\/\/www.youtube.com\/c\/sunoresearch\"]},{\"@type\":\"Person\",\"@id\":\"https:\/\/www.suno.com.br\/noticias\/#\/schema\/person\/6899bc3f19d1a7315f807131c2c013a0\",\"name\":\"Erick Matheus Nery\",\"image\":{\"@type\":\"ImageObject\",\"inLanguage\":\"pt-BR\",\"@id\":\"https:\/\/www.suno.com.br\/noticias\/#\/schema\/person\/image\/\",\"url\":\"https:\/\/secure.gravatar.com\/avatar\/518ddffe438ccb767782d372a66304d2?s=96&r=g\",\"contentUrl\":\"https:\/\/secure.gravatar.com\/avatar\/518ddffe438ccb767782d372a66304d2?s=96&r=g\",\"caption\":\"Erick Matheus Nery\"},\"description\":\"Formado em Jornalismo pela Universidade Federal do Par\u00e1 (UFPA), conta com extens\u00e3o em Jornalismo Econ\u00f4mico pela Funda\u00e7\u00e3o Get\u00falio Vargas (FGV). No Suno Not\u00edcias, atua como rep\u00f3rter de Mercado, com foco nos setores de telecomunica\u00e7\u00f5es, varejo, alimentos e renda fixa. Conta com passagens pelo jornal O Estado de S\u00e3o Paulo, como trainee de Jornalismo Econ\u00f4mico, e pelo site Not\u00edcias da TV.\",\"url\":\"https:\/\/www.suno.com.br\/noticias\/author\/erick-nery\/\"}]}<\/script>\n<!-- \/ Yoast SEO plugin. -->","yoast_head_json":{"title":"Quando vou receber a restitui\u00e7\u00e3o do Imposto de Renda 2023? Veja datas","description":"A partir do dia 31 de maio, a Receita Federal come\u00e7a a pagar a restitui\u00e7\u00e3o do Imposto de Renda 2023. Clique e veja o calend\u00e1rio.","robots":{"index":"index","follow":"follow","max-snippet":"max-snippet:-1","max-image-preview":"max-image-preview:large","max-video-preview":"max-video-preview:-1"},"canonical":"https:\/\/www.suno.com.br\/noticias\/imposto-renda-2023-restituicao-datas\/","og_locale":"pt_BR","og_type":"article","og_title":"Quando vou receber a restitui\u00e7\u00e3o do Imposto de Renda 2023? Veja datas","og_description":"A partir do dia 31 de maio, a Receita Federal come\u00e7a a pagar a restitui\u00e7\u00e3o do Imposto de Renda 2023. Clique e veja o calend\u00e1rio.","og_url":"https:\/\/www.suno.com.br\/noticias\/imposto-renda-2023-restituicao-datas\/","og_site_name":"Suno Not\u00edcias","article_publisher":"https:\/\/facebook.com\/sunoresearch","og_image":[{"width":1200,"height":675,"url":"https:\/\/files.sunoresearch.com.br\/n\/uploads\/2023\/02\/imposto-renda-2023-restituicao-datas-foto-marcellocasaljr-agenciabrasil.jpg","type":"image\/jpeg"}],"author":"Erick Matheus Nery","twitter_card":"summary_large_image","twitter_creator":"@sunoresearch","twitter_site":"@sunoresearch","twitter_misc":{"Escrito por":"Erick Matheus Nery","Est. tempo de leitura":"3 minutos"},"schema":{"@context":"https:\/\/schema.org","@graph":[{"@type":"NewsArticle","@id":"https:\/\/www.suno.com.br\/noticias\/imposto-renda-2023-restituicao-datas\/#article","isPartOf":{"@id":"https:\/\/www.suno.com.br\/noticias\/imposto-renda-2023-restituicao-datas\/"},"author":{"name":"Erick Matheus Nery","@id":"https:\/\/www.suno.com.br\/noticias\/#\/schema\/person\/6899bc3f19d1a7315f807131c2c013a0"},"headline":"Quando vou receber a restitui\u00e7\u00e3o do Imposto de Renda 2023? Veja datas e dica para entrar na fila preferencial apenas com CPF","datePublished":"2023-02-27T19:18:32+00:00","dateModified":"2023-02-27T19:18:51+00:00","mainEntityOfPage":{"@id":"https:\/\/www.suno.com.br\/noticias\/imposto-renda-2023-restituicao-datas\/"},"wordCount":416,"publisher":{"@id":"https:\/\/www.suno.com.br\/noticias\/#organization"},"image":{"@id":"https:\/\/www.suno.com.br\/noticias\/imposto-renda-2023-restituicao-datas\/#primaryimage"},"thumbnailUrl":"https:\/\/files.sunoresearch.com.br\/n\/uploads\/2023\/02\/imposto-renda-2023-restituicao-datas-foto-marcellocasaljr-agenciabrasil.jpg","keywords":["Especialistas","Imposto de Renda","Receita Federal"],"articleSection":["Finan\u00e7as Pessoais"],"inLanguage":"pt-BR"},{"@type":"WebPage","@id":"https:\/\/www.suno.com.br\/noticias\/imposto-renda-2023-restituicao-datas\/","url":"https:\/\/www.suno.com.br\/noticias\/imposto-renda-2023-restituicao-datas\/","name":"Quando vou receber a restitui\u00e7\u00e3o do Imposto de Renda 2023? Veja datas","isPartOf":{"@id":"https:\/\/www.suno.com.br\/noticias\/#website"},"primaryImageOfPage":{"@id":"https:\/\/www.suno.com.br\/noticias\/imposto-renda-2023-restituicao-datas\/#primaryimage"},"image":{"@id":"https:\/\/www.suno.com.br\/noticias\/imposto-renda-2023-restituicao-datas\/#primaryimage"},"thumbnailUrl":"https:\/\/files.sunoresearch.com.br\/n\/uploads\/2023\/02\/imposto-renda-2023-restituicao-datas-foto-marcellocasaljr-agenciabrasil.jpg","datePublished":"2023-02-27T19:18:32+00:00","dateModified":"2023-02-27T19:18:51+00:00","description":"A partir do dia 31 de maio, a Receita Federal come\u00e7a a pagar a restitui\u00e7\u00e3o do Imposto de Renda 2023. Clique e veja o calend\u00e1rio.","breadcrumb":{"@id":"https:\/\/www.suno.com.br\/noticias\/imposto-renda-2023-restituicao-datas\/#breadcrumb"},"inLanguage":"pt-BR","potentialAction":[{"@type":"ReadAction","target":["https:\/\/www.suno.com.br\/noticias\/imposto-renda-2023-restituicao-datas\/"]}]},{"@type":"ImageObject","inLanguage":"pt-BR","@id":"https:\/\/www.suno.com.br\/noticias\/imposto-renda-2023-restituicao-datas\/#primaryimage","url":"https:\/\/files.sunoresearch.com.br\/n\/uploads\/2023\/02\/imposto-renda-2023-restituicao-datas-foto-marcellocasaljr-agenciabrasil.jpg","contentUrl":"https:\/\/files.sunoresearch.com.br\/n\/uploads\/2023\/02\/imposto-renda-2023-restituicao-datas-foto-marcellocasaljr-agenciabrasil.jpg","width":1200,"height":675,"caption":"Aplicativo do Imposto de Renda. Foto: Marcello Casal Jr.\/Ag\u00eancia Brasil"},{"@type":"BreadcrumbList","@id":"https:\/\/www.suno.com.br\/noticias\/imposto-renda-2023-restituicao-datas\/#breadcrumb","itemListElement":[{"@type":"ListItem","position":1,"name":"Not\u00edcias","item":"https:\/\/www.suno.com.br\/noticias\/"},{"@type":"ListItem","position":2,"name":"Finan\u00e7as Pessoais","item":"https:\/\/www.suno.com.br\/noticias\/financas-pessoais\/"},{"@type":"ListItem","position":3,"name":"Quando vou receber a restitui\u00e7\u00e3o do Imposto de Renda 2023? Veja datas e dica para entrar na fila preferencial apenas com CPF"}]},{"@type":"WebSite","@id":"https:\/\/www.suno.com.br\/noticias\/#website","url":"https:\/\/www.suno.com.br\/noticias\/","name":"Suno Not\u00edcias","description":"Seu portal de informa\u00e7\u00e3o sobre o mundo dos investimentos","publisher":{"@id":"https:\/\/www.suno.com.br\/noticias\/#organization"},"potentialAction":[{"@type":"SearchAction","target":{"@type":"EntryPoint","urlTemplate":"https:\/\/www.suno.com.br\/noticias\/?s={search_term_string}"},"query-input":{"@type":"PropertyValueSpecification","valueRequired":true,"valueName":"search_term_string"}}],"inLanguage":"pt-BR"},{"@type":"Organization","@id":"https:\/\/www.suno.com.br\/noticias\/#organization","name":"Suno Not\u00edcias","url":"https:\/\/www.suno.com.br\/noticias\/","logo":{"@type":"ImageObject","inLanguage":"pt-BR","@id":"https:\/\/www.suno.com.br\/noticias\/#\/schema\/logo\/image\/","url":"https:\/\/files.sunoresearch.com.br\/n\/uploads\/2021\/09\/suno-logo.png","contentUrl":"https:\/\/files.sunoresearch.com.br\/n\/uploads\/2021\/09\/suno-logo.png","width":180,"height":180,"caption":"Suno Not\u00edcias"},"image":{"@id":"https:\/\/www.suno.com.br\/noticias\/#\/schema\/logo\/image\/"},"sameAs":["https:\/\/facebook.com\/sunoresearch","https:\/\/x.com\/sunoresearch","https:\/\/www.instagram.com\/suno","https:\/\/www.linkedin.com\/company\/suno-research\/","https:\/\/www.youtube.com\/c\/sunoresearch"]},{"@type":"Person","@id":"https:\/\/www.suno.com.br\/noticias\/#\/schema\/person\/6899bc3f19d1a7315f807131c2c013a0","name":"Erick Matheus Nery","image":{"@type":"ImageObject","inLanguage":"pt-BR","@id":"https:\/\/www.suno.com.br\/noticias\/#\/schema\/person\/image\/","url":"https:\/\/secure.gravatar.com\/avatar\/518ddffe438ccb767782d372a66304d2?s=96&r=g","contentUrl":"https:\/\/secure.gravatar.com\/avatar\/518ddffe438ccb767782d372a66304d2?s=96&r=g","caption":"Erick Matheus Nery"},"description":"Formado em Jornalismo pela Universidade Federal do Par\u00e1 (UFPA), conta com extens\u00e3o em Jornalismo Econ\u00f4mico pela Funda\u00e7\u00e3o Get\u00falio Vargas (FGV). No Suno Not\u00edcias, atua como rep\u00f3rter de Mercado, com foco nos setores de telecomunica\u00e7\u00f5es, varejo, alimentos e renda fixa. Conta com passagens pelo jornal O Estado de S\u00e3o Paulo, como trainee de Jornalismo Econ\u00f4mico, e pelo site Not\u00edcias da TV.","url":"https:\/\/www.suno.com.br\/noticias\/author\/erick-nery\/"}]}},"default_loop_html":"<div class=\"cardsPage__listCard__boxs\"><div class=\"cardsPage__listCard__boxs__img\"><a href=\"https:\/\/www.suno.com.br\/noticias\/imposto-renda-2023-restituicao-datas\/\"><img class=\"mask\" src=\"https:\/\/www.suno.com.br\/noticias\/wp-content\/themes\/suno\/resources\/images\/spotlight\/spotlight1img\/bg-mask.png\" alt=\"Image Mask\"\/><img src=\"https:\/\/files.sunoresearch.com.br\/n\/uploads\/2023\/02\/imposto-renda-2023-restituicao-datas-foto-marcellocasaljr-agenciabrasil-400x200.jpg\" alt=\"Quando vou receber a restitui\u00e7\u00e3o do Imposto de Renda 2023? Veja datas e dica para entrar na fila preferencial apenas com CPF\"\/><\/a><span class=\"spotlightCategory\"><a href=\"https:\/\/www.suno.com.br\/noticias\/financas-pessoais\/\">Finan\u00e7as Pessoais<\/a><\/span><\/div><div class=\"cardsPage__listCard__boxs__content\"><a href=\"https:\/\/www.suno.com.br\/noticias\/imposto-renda-2023-restituicao-datas\/\"><h2 class=\"content__title\">Quando vou receber a restitui\u00e7\u00e3o do Imposto de Renda 2023? Veja datas e dica para entrar na fila preferencial apenas com CPF<\/h2><\/a><div class=\"newsContent__article__meta\"><div class=\"newsContent__article__meta__authorBox\"><a href=\"https:\/\/www.suno.com.br\/noticias\/author\/erick-nery\/\" class=\"authorBox__avatar noMobi\"><img src=\"https:\/\/secure.gravatar.com\/avatar\/518ddffe438ccb767782d372a66304d2?s=96&#038;r=g\" alt=\"Erick Matheus Nery\"><\/a><div class=\"authorBox__name\"><span>por\n\t\t\t<a href=\"https:\/\/www.suno.com.br\/noticias\/author\/erick-nery\/\"><span itemprop=\"author\">Erick Matheus Nery<\/span><\/a><\/span><time datetime=\"2023-02-27T16:18:32-03:00\" itemprop=\"datePublished\">27\/02\/2023 16:18<\/time><\/div><\/div><\/div><\/div><\/div>","single_layout":"posts","amp_enabled":true,"_links":{"self":[{"href":"https:\/\/www.suno.com.br\/noticias\/wp-json\/wp\/v2\/posts\/368845"}],"collection":[{"href":"https:\/\/www.suno.com.br\/noticias\/wp-json\/wp\/v2\/posts"}],"about":[{"href":"https:\/\/www.suno.com.br\/noticias\/wp-json\/wp\/v2\/types\/post"}],"author":[{"embeddable":true,"href":"https:\/\/www.suno.com.br\/noticias\/wp-json\/wp\/v2\/users\/232"}],"replies":[{"embeddable":true,"href":"https:\/\/www.suno.com.br\/noticias\/wp-json\/wp\/v2\/comments?post=368845"}],"version-history":[{"count":3,"href":"https:\/\/www.suno.com.br\/noticias\/wp-json\/wp\/v2\/posts\/368845\/revisions"}],"predecessor-version":[{"id":368957,"href":"https:\/\/www.suno.com.br\/noticias\/wp-json\/wp\/v2\/posts\/368845\/revisions\/368957"}],"wp:featuredmedia":[{"embeddable":true,"href":"https:\/\/www.suno.com.br\/noticias\/wp-json\/wp\/v2\/media\/368948"}],"wp:attachment":[{"href":"https:\/\/www.suno.com.br\/noticias\/wp-json\/wp\/v2\/media?parent=368845"}],"wp:term":[{"taxonomy":"category","embeddable":true,"href":"https:\/\/www.suno.com.br\/noticias\/wp-json\/wp\/v2\/categories?post=368845"},{"taxonomy":"post_tag","embeddable":true,"href":"https:\/\/www.suno.com.br\/noticias\/wp-json\/wp\/v2\/tags?post=368845"},{"taxonomy":"suno_strategy","embeddable":true,"href":"https:\/\/www.suno.com.br\/noticias\/wp-json\/wp\/v2\/suno_strategy?post=368845"}],"curies":[{"name":"wp","href":"https:\/\/api.w.org\/{rel}","templated":true}]}}