{"id":368482,"date":"2023-02-26T10:58:16","date_gmt":"2023-02-26T13:58:16","guid":{"rendered":"https:\/\/www.suno.com.br\/noticias\/?p=368482"},"modified":"2023-02-26T10:58:37","modified_gmt":"2023-02-26T13:58:37","slug":"especialistas-nova-ancora-fiscal-gastos","status":"publish","type":"post","link":"https:\/\/www.suno.com.br\/noticias\/especialistas-nova-ancora-fiscal-gastos\/","title":{"rendered":"Especialistas veem entraves para nova \u00e2ncora fiscal com previs\u00e3o de alta de gastos"},"content":{"rendered":"<p>A indica\u00e7\u00e3o do secret\u00e1rio executivo do Minist\u00e9rio da Fazenda, Gabriel Gal\u00edpolo, de que a nova <strong>\u00e2ncora fiscal<\/strong> conter\u00e1 uma regra de controle de gasto foi bem-recebida no mercado, mas especialistas afirmam que um conjunto de novas despesas j\u00e1 no radar do governo pode dificultar a defini\u00e7\u00e3o da nova pol\u00edtica <strong>fiscal<\/strong> brasileira.<\/p>\t<div class=\"wrapper-featured-image\">\n\t\t<figure class=\"spotlightImg\">\n\n\t\t\t<picture>\n\t\t\t\t<source media=\"(max-width: 768px)\" srcset=\"https:\/\/files.sunoresearch.com.br\/n\/uploads\/2023\/02\/money-gd80ca12df_1920-400x200.jpg\">\n\t\t\t\t<img loading=\"lazy\" decoding=\"async\" class=\"newsContent__article__imgCapa lazyloadDisabled \" src=\"https:\/\/files.sunoresearch.com.br\/n\/uploads\/2023\/02\/money-gd80ca12df_1920-800x450.jpg\" width=\"800\" height=\"450\" alt=\"Especialistas veem entraves para nova \u00e2ncora fiscal com previs\u00e3o de alta de gastos\" fetchpriority=high \/>\n\t\t\t<\/picture>\n\n\t\t\t<figcaption class=\"wp-caption-text wp-caption-text--show\">Especialistas veem entraves para nova \u00e2ncora fiscal com previs\u00e3o de alta de gastos. Foto: Pixabay<\/figcaption>\n\t\t<\/figure>\n\t<\/div>\n\n\n\t<p>\n\t\t<a href=\"https:\/\/lp2.suno.com.br\/cl\/black-friday-2025\/?utm_campaign=_SNCDF0E4858_\" target=\"_blank\" data-element=\"shortcode-suno-banner\" title=\"Banner SUNO, clique e saiba mais\">\n\t\t\t<picture>\n\t\t\t\t<source media=\"(max-width: 500px)\" srcset=\"https:\/\/files.sunoresearch.com.br\/n\/uploads\/2025\/10\/Artigos-e-Noticias-Banner-Home-artigos-01-Mobile_-400x300-1-png.webp\">\n\t\t\t\t<img class=\"newsContent__article__imgCapa newsContent__article__imgCapa--banner\"\n\t\t\t\t\tsrc=\"https:\/\/files.sunoresearch.com.br\/n\/uploads\/2025\/10\/Artigos-e-Noticias-Banner-Home-artigos-01-Desktop_-1420x240-1-png.webp\"\n\t\t\t\t\tdata-promo-id=\"311259\"\t\t\t\t\t\t\t\t\t\twidth='1420' height='240'\t\t\t\t\talt=\"https:\/\/files.sunoresearch.com.br\/n\/uploads\/2025\/10\/Artigos-e-Noticias-Banner-Home-artigos-01-Desktop_-1420x240-1-png.webp\"\n\t\t\t\t>\n\t\t\t<\/picture>\n\t\t<\/a>\n\t<\/p>\n\n\n<p>No rol dessas despesas, est\u00e1 a compensa\u00e7\u00e3o a Estados e munic\u00edpios para aprova\u00e7\u00e3o da reforma tribut\u00e1ria, o repasse pelo governo federal das perdas com a desonera\u00e7\u00e3o do ICMS e o impacto para os pr\u00f3ximos anos da nova pol\u00edtica de reajuste do sal\u00e1rio m\u00ednimo, da corre\u00e7\u00e3o da tabela do <a href=\"https:\/\/www.suno.com.br\/noticias\/imposto-de-renda-2023-informacoes-divulgadas\/\" target=\"_blank\" rel=\"noopener\">Imposto de Renda da Pessoa F\u00edsica (IRPF)<\/a> e do fundo de estabiliza\u00e7\u00e3o de pre\u00e7os dos combust\u00edveis para a Petrobras, al\u00e9m dos recursos necess\u00e1rios para os fundos garantidores do programa de renegocia\u00e7\u00e3o de d\u00edvidas (que ser\u00e1 batizado de Desenrola) e de est\u00edmulo ao cr\u00e9dito.<\/p>\n<p>O volume desses gastos para os pr\u00f3ximos anos ainda n\u00e3o est\u00e1 definido, e tem <strong>custo fiscal<\/strong> que pode chegar a R$ 100 bilh\u00f5es por ano. &#8220;Como \u00e9 que se desenha a regra fiscal quando tem um volume de despesas muito abrangente? Como garantir que o resultado prim\u00e1rio vai melhorar?&#8221;, questiona Manoel Pires, coordenador do Observat\u00f3rio de Pol\u00edtica Fiscal do Instituto Brasileiro de Economia (Ibre) da FGV. &#8220;\u00c9 uma not\u00edcia fiscal nova a cada dia com impactos dif\u00edceis de serem mensurados. \u00c9 uma coisa que pode atrapalhar.&#8221;<\/p>\n\t<div data-element=\"shortcode-read-more\" class=\"knowMore\">\n\t\t\t\t<span class=\"knowMore__title\">Leia mais:<\/span>\n\t\t\t\t<a class=\"knowMore__link\" href=\"https:\/\/www.suno.com.br\/noticias\/lucro-berkshire-hathaway-berk34-4t22\/\">\n\t\t\tLucro da Berkshire Hathaway cai 53%, para US$ 18,16 bilh\u00f5es no 4T22\t\t<\/a>\n\t<\/div>\n\n\n<p>O projeto do <strong>novo arcabou\u00e7o fiscal<\/strong> ser\u00e1 encaminhado em mar\u00e7o ao Congresso pelo ministro da Fazenda, Fernando Haddad, e \u00e9 apontado como crucial para o in\u00edcio do processo de redu\u00e7\u00e3o da taxa de juros pelo <a href=\"https:\/\/www.suno.com.br\/artigos\/bacen\/\" target=\"_blank\" rel=\"noopener\">Banco Central (BC)<\/a>.<\/p>\n<h2><b>&#8216;Exce\u00e7\u00f5es&#8217;<\/b><\/h2>\n<p>Ex-secret\u00e1rio de Pol\u00edtica Econ\u00f4mica do Minist\u00e9rio da Fazenda, Pires diz que esse quadro pode levar o governo a ter de discutir de antem\u00e3o uma s\u00e9rie de excepcionalidades \u00e0 regra num cen\u00e1rio em que o patamar de despesas pode variar de 18,5% para 20% do <a href=\"https:\/\/www.suno.com.br\/artigos\/pib-produto-interno-bruto\/\" target=\"_blank\" rel=\"noopener\">Produto Interno Bruto (PIB)<\/a>. &#8220;S\u00e3o todos assuntos que precisam de solu\u00e7\u00e3o, e o governo est\u00e1 atento para isso, mas essas incertezas dificultam o planejamento e o desenho da regra nesse momento&#8221;, alerta o economista do Ibre.<\/p>\n<p>O ponto central da discuss\u00e3o \u00e9 como definir a trajet\u00f3ria para a rela\u00e7\u00e3o entre a d\u00edvida p\u00fablica e o PIB no m\u00e9dio e longo prazos diante de um volume de despesas t\u00e3o abrangente e ainda n\u00e3o calculado.<\/p>\n<p>Em entrevista ao jornal O Estado de S. Paulo publicada na quinta-feira passada, Gal\u00edpolo disse que o projeto de novo arcabou\u00e7o fiscal ter\u00e1 uma <strong>regra de gastos<\/strong>, mas ao mesmo tempo ser\u00e1 flex\u00edvel para suavizar os efeitos do ciclo econ\u00f4mico.<\/p>\n<p>Isso significa evitar que, em momentos de queda da atividade econ\u00f4mica, o governo tenha de cortar despesas &#8211; e, em situa\u00e7\u00f5es de bonan\u00e7a, fique tentado a gastar mais. Gal\u00edpolo sinalizou tamb\u00e9m que o governo pretende fixar um limite para as despesas quando a arrecada\u00e7\u00e3o estiver aumentando.<\/p>\n<p>&#8220;Essa informa\u00e7\u00e3o (de que haver\u00e1 uma regra de controle de gastos) vem para ajudar na discuss\u00e3o, porque ajuda a criar um espa\u00e7o para reduzir os juros&#8221;, diz Pires.<\/p>\n<h2><b>No exterior<\/b><\/h2>\n<p>O economista destaca que os pa\u00edses mais avan\u00e7ados em novas regras de controle das contas p\u00fablicas t\u00eam adotado a vis\u00e3o de que o <strong>espa\u00e7o fiscal<\/strong> (para despesas) \u00e9 uma no\u00e7\u00e3o que muda dependendo das condi\u00e7\u00f5es da economia: juros, crescimento e evolu\u00e7\u00e3o da arrecada\u00e7\u00e3o e dos gastos ao longo do tempo.<\/p>\n<p>Diante do cen\u00e1rio de proje\u00e7\u00f5es que apontam para uma trajet\u00f3ria crescente de d\u00edvida, por exemplo, a recomenda\u00e7\u00e3o seria um or\u00e7amento mais apertado para fazer um <strong>ajuste fiscal<\/strong> ao longo desse ciclo de planejamento governamental via redu\u00e7\u00e3o de despesa ou aumento de impostos.<\/p>\n<p>Se o resultado fiscal melhorar, o governo pode fazer um or\u00e7amento um pouco menos apertado, aumentando as despesas. Esse modelo, em tese, daria mais flexibilidade para rever o cen\u00e1rio em vez de fazer uma regra fixa por 10 anos.<\/p>\n<p>Segundo Pires, esse \u00e9 o princ\u00edpio que a Nova Zel\u00e2ndia est\u00e1 aplicando, e que o Fundo Monet\u00e1rio Internacional est\u00e1 recomendando para os pa\u00edses da zona do euro.<\/p>\n<p>Na avalia\u00e7\u00e3o do economista, a <strong>regra fiscal<\/strong> d\u00e1 mais previsibilidade para abrir espa\u00e7o na redu\u00e7\u00e3o dos juros.<\/p>\n<p>Pires pondera ainda que o projeto fiscal \u00e9 mais urgente do que a reforma tribut\u00e1ria diante da necessidade do governo de elaborar o projeto de Or\u00e7amento com a nova regra <strong>fiscal<\/strong> sem obedecer o teto de gastos, que ser\u00e1 revogado com o novo arcabou\u00e7o fiscal.<\/p>\n<p>(Com informa\u00e7\u00f5es s\u00e3o do jornal O Estado de S. Paulo. e Estad\u00e3o Conte\u00fado)<\/p>\n\t<p>\n\t\t<a href=\"https:\/\/lp.suno.com.br\/ebook-como-analisar-uma-acao\/\" target=\"_blank\" data-element=\"shortcode-suno-banner\" title=\"Banner SUNO, clique e saiba mais\">\n\t\t\t<picture>\n\t\t\t\t<source media=\"(max-width: 500px)\" srcset=\"https:\/\/files.sunoresearch.com.br\/n\/uploads\/2023\/12\/Ebook-Acoes-Mobile.jpg\">\n\t\t\t\t<img class=\"newsContent__article__imgCapa newsContent__article__imgCapa--banner\"\n\t\t\t\t\tsrc=\"https:\/\/files.sunoresearch.com.br\/n\/uploads\/2023\/12\/Ebook-Acoes-Desktop.webp\"\n\t\t\t\t\tdata-promo-id=\"311260\"\t\t\t\t\t\t\t\t\t\twidth='1420' height='286'\t\t\t\t\talt=\"https:\/\/files.sunoresearch.com.br\/n\/uploads\/2023\/12\/Ebook-Acoes-Desktop.webp\"\n\t\t\t\t>\n\t\t\t<\/picture>\n\t\t<\/a>\n\t<\/p>\n\n\n","protected":false},"excerpt":{"rendered":"<p>A indica\u00e7\u00e3o do secret\u00e1rio executivo do Minist\u00e9rio da Fazenda, Gabriel Gal\u00edpolo, de que a nova \u00e2ncora fiscal conter\u00e1 uma regra de controle de gasto foi bem-recebida no mercado, mas especialistas afirmam que um conjunto de novas despesas j\u00e1 no radar do governo pode dificultar a defini\u00e7\u00e3o da nova pol\u00edtica fiscal brasileira. Especialistas veem entraves para [&hellip;]<\/p>\n","protected":false},"author":173,"featured_media":368496,"comment_status":"closed","ping_status":"closed","sticky":false,"template":"","format":"standard","meta":[],"categories":[64],"tags":[83329],"suno_strategy":[],"class_list":["post-368482","post","type-post","status-publish","format-standard","has-post-thumbnail","hentry","category-negocios","tag-teto-de-gastos"],"yoast_head":"<!-- This site is optimized with the Yoast SEO plugin v24.4 - https:\/\/yoast.com\/wordpress\/plugins\/seo\/ -->\n<title>Especialistas veem entraves para nova \u00e2ncora fiscal<\/title>\n<meta name=\"description\" content=\"Especialistas est\u00e3o vendo entraves para nova \u00e2ncora fiscal com previs\u00e3o de alta de gastos. Clique e veja detalhes!\" \/>\n<meta name=\"robots\" content=\"index, follow, max-snippet:-1, max-image-preview:large, max-video-preview:-1\" \/>\n<link rel=\"canonical\" href=\"https:\/\/www.suno.com.br\/noticias\/especialistas-nova-ancora-fiscal-gastos\/\" \/>\n<meta property=\"og:locale\" content=\"pt_BR\" \/>\n<meta property=\"og:type\" content=\"article\" \/>\n<meta property=\"og:title\" content=\"Especialistas veem entraves para nova \u00e2ncora fiscal\" \/>\n<meta property=\"og:description\" content=\"Especialistas est\u00e3o vendo entraves para nova \u00e2ncora fiscal com previs\u00e3o de alta de gastos. Clique e veja detalhes!\" \/>\n<meta property=\"og:url\" content=\"https:\/\/www.suno.com.br\/noticias\/especialistas-nova-ancora-fiscal-gastos\/\" \/>\n<meta property=\"og:site_name\" content=\"Suno Not\u00edcias\" \/>\n<meta property=\"article:publisher\" content=\"https:\/\/facebook.com\/sunoresearch\" \/>\n<meta property=\"og:image\" content=\"https:\/\/files.sunoresearch.com.br\/n\/uploads\/2023\/02\/money-gd80ca12df_1920.jpg\" \/>\n\t<meta property=\"og:image:width\" content=\"1920\" \/>\n\t<meta property=\"og:image:height\" content=\"1082\" \/>\n\t<meta property=\"og:image:type\" content=\"image\/jpeg\" \/>\n<meta name=\"author\" content=\"Jo\u00e3o Vitor\" \/>\n<meta name=\"twitter:card\" content=\"summary_large_image\" \/>\n<meta name=\"twitter:creator\" content=\"@sunoresearch\" \/>\n<meta name=\"twitter:site\" content=\"@sunoresearch\" \/>\n<meta name=\"twitter:label1\" content=\"Escrito por\" \/>\n\t<meta name=\"twitter:data1\" content=\"Jo\u00e3o Vitor\" \/>\n\t<meta name=\"twitter:label2\" content=\"Est. tempo de leitura\" \/>\n\t<meta name=\"twitter:data2\" content=\"5 minutos\" \/>\n<script type=\"application\/ld+json\" class=\"yoast-schema-graph\">{\"@context\":\"https:\/\/schema.org\",\"@graph\":[{\"@type\":\"NewsArticle\",\"@id\":\"https:\/\/www.suno.com.br\/noticias\/especialistas-nova-ancora-fiscal-gastos\/#article\",\"isPartOf\":{\"@id\":\"https:\/\/www.suno.com.br\/noticias\/especialistas-nova-ancora-fiscal-gastos\/\"},\"author\":{\"name\":\"Jo\u00e3o Vitor\",\"@id\":\"https:\/\/www.suno.com.br\/noticias\/#\/schema\/person\/87fc6973867c52dd884811905c43afba\"},\"headline\":\"Especialistas veem entraves para nova \u00e2ncora fiscal com previs\u00e3o de alta de gastos\",\"datePublished\":\"2023-02-26T13:58:16+00:00\",\"dateModified\":\"2023-02-26T13:58:37+00:00\",\"mainEntityOfPage\":{\"@id\":\"https:\/\/www.suno.com.br\/noticias\/especialistas-nova-ancora-fiscal-gastos\/\"},\"wordCount\":849,\"publisher\":{\"@id\":\"https:\/\/www.suno.com.br\/noticias\/#organization\"},\"image\":{\"@id\":\"https:\/\/www.suno.com.br\/noticias\/especialistas-nova-ancora-fiscal-gastos\/#primaryimage\"},\"thumbnailUrl\":\"https:\/\/files.sunoresearch.com.br\/n\/uploads\/2023\/02\/money-gd80ca12df_1920.jpg\",\"keywords\":[\"teto de gastos\"],\"articleSection\":[\"Neg\u00f3cios\"],\"inLanguage\":\"pt-BR\"},{\"@type\":\"WebPage\",\"@id\":\"https:\/\/www.suno.com.br\/noticias\/especialistas-nova-ancora-fiscal-gastos\/\",\"url\":\"https:\/\/www.suno.com.br\/noticias\/especialistas-nova-ancora-fiscal-gastos\/\",\"name\":\"Especialistas veem entraves para nova \u00e2ncora fiscal\",\"isPartOf\":{\"@id\":\"https:\/\/www.suno.com.br\/noticias\/#website\"},\"primaryImageOfPage\":{\"@id\":\"https:\/\/www.suno.com.br\/noticias\/especialistas-nova-ancora-fiscal-gastos\/#primaryimage\"},\"image\":{\"@id\":\"https:\/\/www.suno.com.br\/noticias\/especialistas-nova-ancora-fiscal-gastos\/#primaryimage\"},\"thumbnailUrl\":\"https:\/\/files.sunoresearch.com.br\/n\/uploads\/2023\/02\/money-gd80ca12df_1920.jpg\",\"datePublished\":\"2023-02-26T13:58:16+00:00\",\"dateModified\":\"2023-02-26T13:58:37+00:00\",\"description\":\"Especialistas est\u00e3o vendo entraves para nova \u00e2ncora fiscal com previs\u00e3o de alta de gastos. Clique e veja detalhes!\",\"breadcrumb\":{\"@id\":\"https:\/\/www.suno.com.br\/noticias\/especialistas-nova-ancora-fiscal-gastos\/#breadcrumb\"},\"inLanguage\":\"pt-BR\",\"potentialAction\":[{\"@type\":\"ReadAction\",\"target\":[\"https:\/\/www.suno.com.br\/noticias\/especialistas-nova-ancora-fiscal-gastos\/\"]}]},{\"@type\":\"ImageObject\",\"inLanguage\":\"pt-BR\",\"@id\":\"https:\/\/www.suno.com.br\/noticias\/especialistas-nova-ancora-fiscal-gastos\/#primaryimage\",\"url\":\"https:\/\/files.sunoresearch.com.br\/n\/uploads\/2023\/02\/money-gd80ca12df_1920.jpg\",\"contentUrl\":\"https:\/\/files.sunoresearch.com.br\/n\/uploads\/2023\/02\/money-gd80ca12df_1920.jpg\",\"width\":1920,\"height\":1082,\"caption\":\"Especialistas veem entraves para nova \u00e2ncora fiscal com previs\u00e3o de alta de gastos. Foto: Pixabay\"},{\"@type\":\"BreadcrumbList\",\"@id\":\"https:\/\/www.suno.com.br\/noticias\/especialistas-nova-ancora-fiscal-gastos\/#breadcrumb\",\"itemListElement\":[{\"@type\":\"ListItem\",\"position\":1,\"name\":\"Not\u00edcias\",\"item\":\"https:\/\/www.suno.com.br\/noticias\/\"},{\"@type\":\"ListItem\",\"position\":2,\"name\":\"Neg\u00f3cios\",\"item\":\"https:\/\/www.suno.com.br\/noticias\/negocios\/\"},{\"@type\":\"ListItem\",\"position\":3,\"name\":\"Especialistas veem entraves para nova \u00e2ncora fiscal com previs\u00e3o de alta de gastos\"}]},{\"@type\":\"WebSite\",\"@id\":\"https:\/\/www.suno.com.br\/noticias\/#website\",\"url\":\"https:\/\/www.suno.com.br\/noticias\/\",\"name\":\"Suno Not\u00edcias\",\"description\":\"Seu portal de informa\u00e7\u00e3o sobre o mundo dos investimentos\",\"publisher\":{\"@id\":\"https:\/\/www.suno.com.br\/noticias\/#organization\"},\"potentialAction\":[{\"@type\":\"SearchAction\",\"target\":{\"@type\":\"EntryPoint\",\"urlTemplate\":\"https:\/\/www.suno.com.br\/noticias\/?s={search_term_string}\"},\"query-input\":{\"@type\":\"PropertyValueSpecification\",\"valueRequired\":true,\"valueName\":\"search_term_string\"}}],\"inLanguage\":\"pt-BR\"},{\"@type\":\"Organization\",\"@id\":\"https:\/\/www.suno.com.br\/noticias\/#organization\",\"name\":\"Suno Not\u00edcias\",\"url\":\"https:\/\/www.suno.com.br\/noticias\/\",\"logo\":{\"@type\":\"ImageObject\",\"inLanguage\":\"pt-BR\",\"@id\":\"https:\/\/www.suno.com.br\/noticias\/#\/schema\/logo\/image\/\",\"url\":\"https:\/\/files.sunoresearch.com.br\/n\/uploads\/2021\/09\/suno-logo.png\",\"contentUrl\":\"https:\/\/files.sunoresearch.com.br\/n\/uploads\/2021\/09\/suno-logo.png\",\"width\":180,\"height\":180,\"caption\":\"Suno Not\u00edcias\"},\"image\":{\"@id\":\"https:\/\/www.suno.com.br\/noticias\/#\/schema\/logo\/image\/\"},\"sameAs\":[\"https:\/\/facebook.com\/sunoresearch\",\"https:\/\/x.com\/sunoresearch\",\"https:\/\/www.instagram.com\/suno\",\"https:\/\/www.linkedin.com\/company\/suno-research\/\",\"https:\/\/www.youtube.com\/c\/sunoresearch\"]},{\"@type\":\"Person\",\"@id\":\"https:\/\/www.suno.com.br\/noticias\/#\/schema\/person\/87fc6973867c52dd884811905c43afba\",\"name\":\"Jo\u00e3o Vitor\",\"image\":{\"@type\":\"ImageObject\",\"inLanguage\":\"pt-BR\",\"@id\":\"https:\/\/www.suno.com.br\/noticias\/#\/schema\/person\/image\/\",\"url\":\"https:\/\/secure.gravatar.com\/avatar\/2843227ca03ccf8cc7ccca45204c127e?s=96&r=g\",\"contentUrl\":\"https:\/\/secure.gravatar.com\/avatar\/2843227ca03ccf8cc7ccca45204c127e?s=96&r=g\",\"caption\":\"Jo\u00e3o Vitor\"},\"description\":\"Redator profissional, com atua\u00e7\u00e3o no mercado editorial na produ\u00e7\u00e3o de not\u00edcias e conte\u00fados sobre o mercado de a\u00e7\u00f5es, fundos imobili\u00e1rios e economia popular. Graduando em Engenharia Qu\u00edmica pela Unesp, tamb\u00e9m j\u00e1 atuou como consultor financeiro.\",\"url\":\"https:\/\/www.suno.com.br\/noticias\/author\/joao-vitor-jacintho\/\"}]}<\/script>\n<!-- \/ Yoast SEO plugin. -->","yoast_head_json":{"title":"Especialistas veem entraves para nova \u00e2ncora fiscal","description":"Especialistas est\u00e3o vendo entraves para nova \u00e2ncora fiscal com previs\u00e3o de alta de gastos. Clique e veja detalhes!","robots":{"index":"index","follow":"follow","max-snippet":"max-snippet:-1","max-image-preview":"max-image-preview:large","max-video-preview":"max-video-preview:-1"},"canonical":"https:\/\/www.suno.com.br\/noticias\/especialistas-nova-ancora-fiscal-gastos\/","og_locale":"pt_BR","og_type":"article","og_title":"Especialistas veem entraves para nova \u00e2ncora fiscal","og_description":"Especialistas est\u00e3o vendo entraves para nova \u00e2ncora fiscal com previs\u00e3o de alta de gastos. Clique e veja detalhes!","og_url":"https:\/\/www.suno.com.br\/noticias\/especialistas-nova-ancora-fiscal-gastos\/","og_site_name":"Suno Not\u00edcias","article_publisher":"https:\/\/facebook.com\/sunoresearch","og_image":[{"width":1920,"height":1082,"url":"https:\/\/files.sunoresearch.com.br\/n\/uploads\/2023\/02\/money-gd80ca12df_1920.jpg","type":"image\/jpeg"}],"author":"Jo\u00e3o Vitor","twitter_card":"summary_large_image","twitter_creator":"@sunoresearch","twitter_site":"@sunoresearch","twitter_misc":{"Escrito por":"Jo\u00e3o Vitor","Est. tempo de leitura":"5 minutos"},"schema":{"@context":"https:\/\/schema.org","@graph":[{"@type":"NewsArticle","@id":"https:\/\/www.suno.com.br\/noticias\/especialistas-nova-ancora-fiscal-gastos\/#article","isPartOf":{"@id":"https:\/\/www.suno.com.br\/noticias\/especialistas-nova-ancora-fiscal-gastos\/"},"author":{"name":"Jo\u00e3o Vitor","@id":"https:\/\/www.suno.com.br\/noticias\/#\/schema\/person\/87fc6973867c52dd884811905c43afba"},"headline":"Especialistas veem entraves para nova \u00e2ncora fiscal com previs\u00e3o de alta de gastos","datePublished":"2023-02-26T13:58:16+00:00","dateModified":"2023-02-26T13:58:37+00:00","mainEntityOfPage":{"@id":"https:\/\/www.suno.com.br\/noticias\/especialistas-nova-ancora-fiscal-gastos\/"},"wordCount":849,"publisher":{"@id":"https:\/\/www.suno.com.br\/noticias\/#organization"},"image":{"@id":"https:\/\/www.suno.com.br\/noticias\/especialistas-nova-ancora-fiscal-gastos\/#primaryimage"},"thumbnailUrl":"https:\/\/files.sunoresearch.com.br\/n\/uploads\/2023\/02\/money-gd80ca12df_1920.jpg","keywords":["teto de gastos"],"articleSection":["Neg\u00f3cios"],"inLanguage":"pt-BR"},{"@type":"WebPage","@id":"https:\/\/www.suno.com.br\/noticias\/especialistas-nova-ancora-fiscal-gastos\/","url":"https:\/\/www.suno.com.br\/noticias\/especialistas-nova-ancora-fiscal-gastos\/","name":"Especialistas veem entraves para nova \u00e2ncora fiscal","isPartOf":{"@id":"https:\/\/www.suno.com.br\/noticias\/#website"},"primaryImageOfPage":{"@id":"https:\/\/www.suno.com.br\/noticias\/especialistas-nova-ancora-fiscal-gastos\/#primaryimage"},"image":{"@id":"https:\/\/www.suno.com.br\/noticias\/especialistas-nova-ancora-fiscal-gastos\/#primaryimage"},"thumbnailUrl":"https:\/\/files.sunoresearch.com.br\/n\/uploads\/2023\/02\/money-gd80ca12df_1920.jpg","datePublished":"2023-02-26T13:58:16+00:00","dateModified":"2023-02-26T13:58:37+00:00","description":"Especialistas est\u00e3o vendo entraves para nova \u00e2ncora fiscal com previs\u00e3o de alta de gastos. Clique e veja detalhes!","breadcrumb":{"@id":"https:\/\/www.suno.com.br\/noticias\/especialistas-nova-ancora-fiscal-gastos\/#breadcrumb"},"inLanguage":"pt-BR","potentialAction":[{"@type":"ReadAction","target":["https:\/\/www.suno.com.br\/noticias\/especialistas-nova-ancora-fiscal-gastos\/"]}]},{"@type":"ImageObject","inLanguage":"pt-BR","@id":"https:\/\/www.suno.com.br\/noticias\/especialistas-nova-ancora-fiscal-gastos\/#primaryimage","url":"https:\/\/files.sunoresearch.com.br\/n\/uploads\/2023\/02\/money-gd80ca12df_1920.jpg","contentUrl":"https:\/\/files.sunoresearch.com.br\/n\/uploads\/2023\/02\/money-gd80ca12df_1920.jpg","width":1920,"height":1082,"caption":"Especialistas veem entraves para nova \u00e2ncora fiscal com previs\u00e3o de alta de gastos. Foto: Pixabay"},{"@type":"BreadcrumbList","@id":"https:\/\/www.suno.com.br\/noticias\/especialistas-nova-ancora-fiscal-gastos\/#breadcrumb","itemListElement":[{"@type":"ListItem","position":1,"name":"Not\u00edcias","item":"https:\/\/www.suno.com.br\/noticias\/"},{"@type":"ListItem","position":2,"name":"Neg\u00f3cios","item":"https:\/\/www.suno.com.br\/noticias\/negocios\/"},{"@type":"ListItem","position":3,"name":"Especialistas veem entraves para nova \u00e2ncora fiscal com previs\u00e3o de alta de gastos"}]},{"@type":"WebSite","@id":"https:\/\/www.suno.com.br\/noticias\/#website","url":"https:\/\/www.suno.com.br\/noticias\/","name":"Suno Not\u00edcias","description":"Seu portal de informa\u00e7\u00e3o sobre o mundo dos investimentos","publisher":{"@id":"https:\/\/www.suno.com.br\/noticias\/#organization"},"potentialAction":[{"@type":"SearchAction","target":{"@type":"EntryPoint","urlTemplate":"https:\/\/www.suno.com.br\/noticias\/?s={search_term_string}"},"query-input":{"@type":"PropertyValueSpecification","valueRequired":true,"valueName":"search_term_string"}}],"inLanguage":"pt-BR"},{"@type":"Organization","@id":"https:\/\/www.suno.com.br\/noticias\/#organization","name":"Suno Not\u00edcias","url":"https:\/\/www.suno.com.br\/noticias\/","logo":{"@type":"ImageObject","inLanguage":"pt-BR","@id":"https:\/\/www.suno.com.br\/noticias\/#\/schema\/logo\/image\/","url":"https:\/\/files.sunoresearch.com.br\/n\/uploads\/2021\/09\/suno-logo.png","contentUrl":"https:\/\/files.sunoresearch.com.br\/n\/uploads\/2021\/09\/suno-logo.png","width":180,"height":180,"caption":"Suno Not\u00edcias"},"image":{"@id":"https:\/\/www.suno.com.br\/noticias\/#\/schema\/logo\/image\/"},"sameAs":["https:\/\/facebook.com\/sunoresearch","https:\/\/x.com\/sunoresearch","https:\/\/www.instagram.com\/suno","https:\/\/www.linkedin.com\/company\/suno-research\/","https:\/\/www.youtube.com\/c\/sunoresearch"]},{"@type":"Person","@id":"https:\/\/www.suno.com.br\/noticias\/#\/schema\/person\/87fc6973867c52dd884811905c43afba","name":"Jo\u00e3o Vitor","image":{"@type":"ImageObject","inLanguage":"pt-BR","@id":"https:\/\/www.suno.com.br\/noticias\/#\/schema\/person\/image\/","url":"https:\/\/secure.gravatar.com\/avatar\/2843227ca03ccf8cc7ccca45204c127e?s=96&r=g","contentUrl":"https:\/\/secure.gravatar.com\/avatar\/2843227ca03ccf8cc7ccca45204c127e?s=96&r=g","caption":"Jo\u00e3o Vitor"},"description":"Redator profissional, com atua\u00e7\u00e3o no mercado editorial na produ\u00e7\u00e3o de not\u00edcias e conte\u00fados sobre o mercado de a\u00e7\u00f5es, fundos imobili\u00e1rios e economia popular. Graduando em Engenharia Qu\u00edmica pela Unesp, tamb\u00e9m j\u00e1 atuou como consultor financeiro.","url":"https:\/\/www.suno.com.br\/noticias\/author\/joao-vitor-jacintho\/"}]}},"default_loop_html":"<div class=\"cardsPage__listCard__boxs\"><div class=\"cardsPage__listCard__boxs__img\"><a href=\"https:\/\/www.suno.com.br\/noticias\/especialistas-nova-ancora-fiscal-gastos\/\"><img class=\"mask\" src=\"https:\/\/www.suno.com.br\/noticias\/wp-content\/themes\/suno\/resources\/images\/spotlight\/spotlight1img\/bg-mask.png\" alt=\"Image Mask\"\/><img src=\"https:\/\/files.sunoresearch.com.br\/n\/uploads\/2023\/02\/money-gd80ca12df_1920-400x200.jpg\" alt=\"Especialistas veem entraves para nova \u00e2ncora fiscal com previs\u00e3o de alta de gastos\"\/><\/a><span class=\"spotlightCategory\"><a href=\"https:\/\/www.suno.com.br\/noticias\/negocios\/\">Neg\u00f3cios<\/a><\/span><\/div><div class=\"cardsPage__listCard__boxs__content\"><a href=\"https:\/\/www.suno.com.br\/noticias\/especialistas-nova-ancora-fiscal-gastos\/\"><h2 class=\"content__title\">Especialistas veem entraves para nova \u00e2ncora fiscal com previs\u00e3o de alta de gastos<\/h2><\/a><div class=\"newsContent__article__meta\"><div class=\"newsContent__article__meta__authorBox\"><a href=\"https:\/\/www.suno.com.br\/noticias\/author\/joao-vitor-jacintho\/\" class=\"authorBox__avatar noMobi\"><img src=\"https:\/\/secure.gravatar.com\/avatar\/2843227ca03ccf8cc7ccca45204c127e?s=96&#038;r=g\" alt=\"Jo\u00e3o Vitor Jacintho\"><\/a><div class=\"authorBox__name\"><span>por\n\t\t\t<a href=\"https:\/\/www.suno.com.br\/noticias\/author\/joao-vitor-jacintho\/\"><span itemprop=\"author\">Jo\u00e3o Vitor Jacintho<\/span><\/a><\/span><time datetime=\"2023-02-26T10:58:16-03:00\" itemprop=\"datePublished\">26\/02\/2023 10:58<\/time><\/div><\/div><\/div><\/div><\/div>","single_layout":"posts","amp_enabled":true,"_links":{"self":[{"href":"https:\/\/www.suno.com.br\/noticias\/wp-json\/wp\/v2\/posts\/368482"}],"collection":[{"href":"https:\/\/www.suno.com.br\/noticias\/wp-json\/wp\/v2\/posts"}],"about":[{"href":"https:\/\/www.suno.com.br\/noticias\/wp-json\/wp\/v2\/types\/post"}],"author":[{"embeddable":true,"href":"https:\/\/www.suno.com.br\/noticias\/wp-json\/wp\/v2\/users\/173"}],"replies":[{"embeddable":true,"href":"https:\/\/www.suno.com.br\/noticias\/wp-json\/wp\/v2\/comments?post=368482"}],"version-history":[{"count":3,"href":"https:\/\/www.suno.com.br\/noticias\/wp-json\/wp\/v2\/posts\/368482\/revisions"}],"predecessor-version":[{"id":368502,"href":"https:\/\/www.suno.com.br\/noticias\/wp-json\/wp\/v2\/posts\/368482\/revisions\/368502"}],"wp:featuredmedia":[{"embeddable":true,"href":"https:\/\/www.suno.com.br\/noticias\/wp-json\/wp\/v2\/media\/368496"}],"wp:attachment":[{"href":"https:\/\/www.suno.com.br\/noticias\/wp-json\/wp\/v2\/media?parent=368482"}],"wp:term":[{"taxonomy":"category","embeddable":true,"href":"https:\/\/www.suno.com.br\/noticias\/wp-json\/wp\/v2\/categories?post=368482"},{"taxonomy":"post_tag","embeddable":true,"href":"https:\/\/www.suno.com.br\/noticias\/wp-json\/wp\/v2\/tags?post=368482"},{"taxonomy":"suno_strategy","embeddable":true,"href":"https:\/\/www.suno.com.br\/noticias\/wp-json\/wp\/v2\/suno_strategy?post=368482"}],"curies":[{"name":"wp","href":"https:\/\/api.w.org\/{rel}","templated":true}]}}