{"id":36835,"date":"2019-09-08T18:59:17","date_gmt":"2019-09-08T21:59:17","guid":{"rendered":"https:\/\/www.suno.com.br\/noticias\/?p=36835"},"modified":"2021-06-24T16:19:12","modified_gmt":"2021-06-24T19:19:12","slug":"cielo-elo-contrato-100-milhoes","status":"publish","type":"post","link":"https:\/\/www.suno.com.br\/noticias\/cielo-elo-contrato-100-milhoes\/","title":{"rendered":"Cielo e Elo fecham contrato de R$ 100 milh\u00f5es"},"content":{"rendered":"<p>A Cielo <strong>(CIEL3) <\/strong>informou que concluiu um contrato com a <strong>Elo<\/strong> por um valor de R$ 100 milh\u00f5es no dia 30 de agosto. A empresa prestar\u00e1 servi\u00e7os de captura, roteamento, processamento e direcionamento das transa\u00e7\u00f5es de pagamento referentes a arranjos de pagamento.<\/p>\t<div class=\"wrapper-featured-image\">\n\t\t<figure class=\"spotlightImg\">\n\n\t\t\t<picture>\n\t\t\t\t<source media=\"(max-width: 768px)\" srcset=\"https:\/\/files.sunoresearch.com.br\/n\/uploads\/2019\/04\/34b840a9-cielo-divulga\u00e7\u00e3o-corte-blog-400x200.webp\">\n\t\t\t\t<img loading=\"lazy\" decoding=\"async\" class=\"newsContent__article__imgCapa lazyloadDisabled newsContent__article__imgCapa--noCaption\" src=\"https:\/\/files.sunoresearch.com.br\/n\/uploads\/2019\/04\/34b840a9-cielo-divulga\u00e7\u00e3o-corte-blog-jpg.webp\" width=\"800\" height=\"450\" alt=\"Cielo e Elo fecham contrato de R$ 100 milh\u00f5es\" fetchpriority=high \/>\n\t\t\t<\/picture>\n\n\t\t\t<figcaption class=\"wp-caption-text wp-caption-text--hide\">Cielo (divulga\u00e7\u00e3o)<\/figcaption>\n\t\t<\/figure>\n\t<\/div>\n\n\n\n<p>A <strong>Cielo<\/strong> informou da assinatura do contrato e uma nota enviada para a <strong><a href=\"https:\/\/www.suno.com.br\/artigos\/cvm\/\">Comiss\u00e3o de Valores Mobili\u00e1rios (CVM<\/a>)<\/strong>. O documento \u00e9 um contrato entre partes relacionadas, j\u00e1 que a Cielo e a <strong>Elo<\/strong> t\u00eam em seu bloco de controle, de forma direta ou indireta, o <strong>Banco<\/strong> <strong>d<\/strong><strong>o<\/strong> <strong>Brasil<\/strong> e o <strong>Bradesco.<\/strong><\/p>\n<h2>Cielo anuncia banco digital<\/h2>\n<p>No final de agosto a Cielo tinha anunciado o lan\u00e7amento de seu banco digital, o Cielo Pay. O banco ir\u00e1 contar com diversos servi\u00e7os de bancos digitais como o Mercado Pago e o <strong>Nubank<\/strong>.<\/p>\n\t<p>\n\t\t<a href=\"https:\/\/lp.suno.com.br\/cl\/webinario-suno-black-2024\/\" target=\"_blank\" data-element=\"shortcode-suno-banner\" title=\"Banner SUNO, clique e saiba mais\">\n\t\t\t<picture>\n\t\t\t\t<source media=\"(max-width: 500px)\" srcset=\"https:\/\/files.sunoresearch.com.br\/n\/uploads\/2024\/04\/400x300-Banner-Home-1.png\">\n\t\t\t\t<img class=\"newsContent__article__imgCapa newsContent__article__imgCapa--banner\"\n\t\t\t\t\tsrc=\"https:\/\/files.sunoresearch.com.br\/n\/uploads\/2024\/04\/400x300-Banner-Home-1.png\"\n\t\t\t\t\tdata-promo-id=\"102411\"\t\t\t\t\t\t\t\t\t\twidth='401' height='300'\t\t\t\t\talt=\"https:\/\/files.sunoresearch.com.br\/n\/uploads\/2024\/04\/400x300-Banner-Home-1.png\"\n\t\t\t\t>\n\t\t\t<\/picture>\n\t\t<\/a>\n\t<\/p>\n\n\n<p>A data prevista para o in\u00edcio da opera\u00e7\u00e3o do <strong>Cielo<\/strong> <strong>Pay<\/strong>, \u00e9 o dia 14 de outubro. Aproximadamente tr\u00eas mil funcion\u00e1rios j\u00e1 est\u00e3o testando o aplicativo nesta semana. O servi\u00e7os incluir\u00e3o transfer\u00eancias por interm\u00e9dio de contas de pagamentos.<\/p>\n<p>O aplicativo da maior empresa de meios eletr\u00f4nicos de pagamentos do Brasil tem uma tarifa de R$ 7,90 para saque de recursos. Para transfer\u00eancias para outros bancos, o valor tributado ser\u00e1 de R$ 5,00. Entretanto, a conta ser\u00e1 gratuita.<\/p>\n<p><a href=\"https:\/\/www.suno.com.br\/noticias\/cielo-anuncia-banco-digital-cielo-pay\/\">Saiba mais: Cielo anuncia banco digital, denominado \u201cCielo Pay\u201d\u00a0<\/a><\/p>\n<p>A empresa busca uma maior proximidade dos empreendedores com o novo &#8220;super aplicativo&#8221;.\u00a0O novo aplicativo da <strong>Cielo<\/strong> pode confirmar um investimento da empresa em ter um banco pr\u00f3prio. Entretanto isso pode ser dificultado por conta de seus controladores, o Banco do Brasil e o Bradesco.<\/p>\n<h2>Balan\u00e7o no segundo trimestre<\/h2>\n<p>A <strong>Cielo<\/strong> registrou<strong> <a href=\"https:\/\/www.suno.com.br\/artigos\/lucro-liquido\/\">lucro l\u00edquido<\/a> <\/strong>de R$ 431,2 milh\u00f5es no 2\u00ba trimestre de 2019. O valor indica queda de 33,3% em compara\u00e7\u00e3o ao mesmo per\u00edodo de 2018, quando foi de R$ 646 milh\u00f5es. As informa\u00e7\u00f5es est\u00e3o no balan\u00e7o da empresa divulgado no dia 23 de julho.<\/p>\n\t<p>\n\t\t<a href=\"https:\/\/lp.suno.com.br\/ebook-investindo-em-dividendos\/\" target=\"_blank\" data-element=\"shortcode-suno-banner\" title=\"Banner SUNO, clique e saiba mais\">\n\t\t\t<picture>\n\t\t\t\t<source media=\"(max-width: 500px)\" srcset=\"https:\/\/files.sunoresearch.com.br\/n\/uploads\/2023\/03\/400x300-Dividendos.png\">\n\t\t\t\t<img class=\"newsContent__article__imgCapa newsContent__article__imgCapa--banner\"\n\t\t\t\t\tsrc=\"https:\/\/files.sunoresearch.com.br\/n\/uploads\/2023\/03\/1420x240-Dividendos.png\"\n\t\t\t\t\tdata-promo-id=\"383163\"\t\t\t\t\t\t\t\t\t\twidth='1420' height='240'\t\t\t\t\talt=\"https:\/\/files.sunoresearch.com.br\/n\/uploads\/2023\/03\/1420x240-Dividendos.png\"\n\t\t\t\t>\n\t\t\t<\/picture>\n\t\t<\/a>\n\t<\/p>\n\n\n<p>A <a href=\"https:\/\/www.suno.com.br\/artigos\/receita-operacional\/\"><strong>receita operacional<\/strong><\/a> tamb\u00e9m apresentou redu\u00e7\u00e3o de 4,4% em rela\u00e7\u00e3o ao mesmo per\u00edodo do \u00faltimo ano. No entanto, indicou alta de 0,9% quando comparado ao primeiro trimestre deste ano.<\/p>\n<p><a href=\"https:\/\/www.suno.com.br\/noticias\/cielo-queda-lucro-liquido\/\">Saiba mais: Cielo registra queda de 33% com lucro l\u00edquido de R$ 431,2 mi no 2\u00baT19\u00a0<\/a><\/p>\n<p>Segundo a empresa, a queda na receita e o aumento dos gastos foram reflexos da &#8220;adequa\u00e7\u00e3o da precifica\u00e7\u00e3o em face da intensifica\u00e7\u00e3o do ambiente competitivo&#8221;.<\/p>\n<p>Al\u00e9m disso, os gastos da maior operadora brasileira de cr\u00e9dito e d\u00e9bito\u00a0aumentaram 13,3% e somaram R$ 2,3 bilh\u00f5es neste trimestre. A redu\u00e7\u00e3o da receita e o aumento dos gastos foram reflexos da\u00a0&#8220;adequa\u00e7\u00e3o da precifica\u00e7\u00e3o em face da intensifica\u00e7\u00e3o do ambiente competitivo&#8221;, segundo a companhia.<\/p>\n\t<p>\n\t\t<a href=\"https:\/\/lp.suno.com.br\/ao\/sessao-estrategica-consultoria-c\/?utm_source=suno-noticias&#038;utm_medium=banner&#038;utm_campaing=dividendos-taxacao-pl\" target=\"_blank\" data-element=\"shortcode-suno-banner\" title=\"Banner SUNO, clique e saiba mais\">\n\t\t\t<picture>\n\t\t\t\t<source media=\"(max-width: 500px)\" srcset=\"https:\/\/files.sunoresearch.com.br\/n\/uploads\/2025\/09\/300x400.webp\">\n\t\t\t\t<img class=\"newsContent__article__imgCapa newsContent__article__imgCapa--banner\"\n\t\t\t\t\tsrc=\"https:\/\/files.sunoresearch.com.br\/n\/uploads\/2025\/09\/SN-DT-1420x240-1.webp\"\n\t\t\t\t\tdata-promo-id=\"628283\"\t\t\t\t\t\t\t\t\t\twidth='1420' height='240'\t\t\t\t\talt=\"https:\/\/files.sunoresearch.com.br\/n\/uploads\/2025\/09\/SN-DT-1420x240-1.webp\"\n\t\t\t\t>\n\t\t\t<\/picture>\n\t\t<\/a>\n\t<\/p>\n\n\n<p>A <a href=\"https:\/\/www.suno.com.br\/artigos\/margem-ebitda\/\">margem Ebitda<\/a> da <strong>Cielo<\/strong> tamb\u00e9m diminuiu tanto ante o 1\u00ba trimestre de 2019, quanto ao 2\u00ba trimestre de 2018. O resultado foi de R$ 748,7 milh\u00f5es, -34,7% em rela\u00e7\u00e3o ao R$ 1,147 bi do \u00faltimo ano.<\/p>\n","protected":false},"excerpt":{"rendered":"<p>A Cielo (CIEL3) informou que concluiu um contrato com a Elo por um valor de R$ 100 milh\u00f5es no dia 30 de agosto. A empresa prestar\u00e1 servi\u00e7os de captura, roteamento, processamento e direcionamento das transa\u00e7\u00f5es de pagamento referentes a arranjos de pagamento. Cielo (divulga\u00e7\u00e3o) A Cielo informou da assinatura do contrato e uma nota enviada [&hellip;]<\/p>\n","protected":false},"author":9,"featured_media":21570,"comment_status":"closed","ping_status":"closed","sticky":false,"template":"","format":"standard","meta":[],"categories":[64],"tags":[1840,423,791],"suno_strategy":[],"class_list":["post-36835","post","type-post","status-publish","format-standard","has-post-thumbnail","hentry","category-negocios","tag-bancos-digitais","tag-cielo-ciel3","tag-guerra-das-maquininhas"],"yoast_head":"<!-- This site is optimized with the Yoast SEO plugin v24.4 - https:\/\/yoast.com\/wordpress\/plugins\/seo\/ -->\n<title>Cielo e Elo fecham contrato de R$ 100 milh\u00f5es por servi\u00e7os de pagamento<\/title>\n<meta name=\"description\" content=\"A Cielo (CIEL3) informou que concluiu um contrato com a Elo por um valor de R$ 100 milh\u00f5es no dia 30 de agosto. Clique aqui para saber mais.\" \/>\n<meta name=\"robots\" content=\"index, follow, max-snippet:-1, max-image-preview:large, max-video-preview:-1\" \/>\n<link rel=\"canonical\" href=\"https:\/\/www.suno.com.br\/noticias\/cielo-elo-contrato-100-milhoes\/\" \/>\n<meta property=\"og:locale\" content=\"pt_BR\" \/>\n<meta property=\"og:type\" content=\"article\" \/>\n<meta property=\"og:title\" content=\"Cielo e Elo fecham contrato de R$ 100 milh\u00f5es por servi\u00e7os de pagamento\" \/>\n<meta property=\"og:description\" content=\"A Cielo (CIEL3) informou que concluiu um contrato com a Elo por um valor de R$ 100 milh\u00f5es no dia 30 de agosto. Clique aqui para saber mais.\" \/>\n<meta property=\"og:url\" content=\"https:\/\/www.suno.com.br\/noticias\/cielo-elo-contrato-100-milhoes\/\" \/>\n<meta property=\"og:site_name\" content=\"Suno Not\u00edcias\" \/>\n<meta property=\"article:publisher\" content=\"https:\/\/facebook.com\/sunoresearch\" \/>\n<meta property=\"og:image\" content=\"https:\/\/files.sunoresearch.com.br\/n\/uploads\/2019\/04\/34b840a9-cielo-divulga\u00e7\u00e3o-corte-blog.jpg\" \/>\n\t<meta property=\"og:image:width\" content=\"748\" \/>\n\t<meta property=\"og:image:height\" content=\"410\" \/>\n\t<meta property=\"og:image:type\" content=\"image\/jpeg\" \/>\n<meta name=\"author\" content=\"Carlo Cauti\" \/>\n<meta name=\"twitter:card\" content=\"summary_large_image\" \/>\n<meta name=\"twitter:creator\" content=\"@sunoresearch\" \/>\n<meta name=\"twitter:site\" content=\"@sunoresearch\" \/>\n<meta name=\"twitter:label1\" content=\"Escrito por\" \/>\n\t<meta name=\"twitter:data1\" content=\"Carlo Cauti\" \/>\n\t<meta name=\"twitter:label2\" content=\"Est. tempo de leitura\" \/>\n\t<meta name=\"twitter:data2\" content=\"2 minutos\" \/>\n<script type=\"application\/ld+json\" class=\"yoast-schema-graph\">{\"@context\":\"https:\/\/schema.org\",\"@graph\":[{\"@type\":\"NewsArticle\",\"@id\":\"https:\/\/www.suno.com.br\/noticias\/cielo-elo-contrato-100-milhoes\/#article\",\"isPartOf\":{\"@id\":\"https:\/\/www.suno.com.br\/noticias\/cielo-elo-contrato-100-milhoes\/\"},\"author\":{\"name\":\"Carlo Cauti\",\"@id\":\"https:\/\/www.suno.com.br\/noticias\/#\/schema\/person\/e6e0f723cc177805027f4566c1d5e0c8\"},\"headline\":\"Cielo e Elo fecham contrato de R$ 100 milh\u00f5es\",\"datePublished\":\"2019-09-08T21:59:17+00:00\",\"dateModified\":\"2021-06-24T19:19:12+00:00\",\"mainEntityOfPage\":{\"@id\":\"https:\/\/www.suno.com.br\/noticias\/cielo-elo-contrato-100-milhoes\/\"},\"wordCount\":509,\"publisher\":{\"@id\":\"https:\/\/www.suno.com.br\/noticias\/#organization\"},\"image\":{\"@id\":\"https:\/\/www.suno.com.br\/noticias\/cielo-elo-contrato-100-milhoes\/#primaryimage\"},\"thumbnailUrl\":\"https:\/\/files.sunoresearch.com.br\/n\/uploads\/2019\/04\/34b840a9-cielo-divulga\u00e7\u00e3o-corte-blog-jpg.webp\",\"keywords\":[\"bancos digitais\",\"Cielo (CIEL3)\",\"Guerra das maquininhas\"],\"articleSection\":[\"Neg\u00f3cios\"],\"inLanguage\":\"pt-BR\"},{\"@type\":\"WebPage\",\"@id\":\"https:\/\/www.suno.com.br\/noticias\/cielo-elo-contrato-100-milhoes\/\",\"url\":\"https:\/\/www.suno.com.br\/noticias\/cielo-elo-contrato-100-milhoes\/\",\"name\":\"Cielo e Elo fecham contrato de R$ 100 milh\u00f5es por servi\u00e7os de pagamento\",\"isPartOf\":{\"@id\":\"https:\/\/www.suno.com.br\/noticias\/#website\"},\"primaryImageOfPage\":{\"@id\":\"https:\/\/www.suno.com.br\/noticias\/cielo-elo-contrato-100-milhoes\/#primaryimage\"},\"image\":{\"@id\":\"https:\/\/www.suno.com.br\/noticias\/cielo-elo-contrato-100-milhoes\/#primaryimage\"},\"thumbnailUrl\":\"https:\/\/files.sunoresearch.com.br\/n\/uploads\/2019\/04\/34b840a9-cielo-divulga\u00e7\u00e3o-corte-blog-jpg.webp\",\"datePublished\":\"2019-09-08T21:59:17+00:00\",\"dateModified\":\"2021-06-24T19:19:12+00:00\",\"description\":\"A Cielo (CIEL3) informou que concluiu um contrato com a Elo por um valor de R$ 100 milh\u00f5es no dia 30 de agosto. Clique aqui para saber mais.\",\"breadcrumb\":{\"@id\":\"https:\/\/www.suno.com.br\/noticias\/cielo-elo-contrato-100-milhoes\/#breadcrumb\"},\"inLanguage\":\"pt-BR\",\"potentialAction\":[{\"@type\":\"ReadAction\",\"target\":[\"https:\/\/www.suno.com.br\/noticias\/cielo-elo-contrato-100-milhoes\/\"]}]},{\"@type\":\"ImageObject\",\"inLanguage\":\"pt-BR\",\"@id\":\"https:\/\/www.suno.com.br\/noticias\/cielo-elo-contrato-100-milhoes\/#primaryimage\",\"url\":\"https:\/\/files.sunoresearch.com.br\/n\/uploads\/2019\/04\/34b840a9-cielo-divulga\u00e7\u00e3o-corte-blog-jpg.webp\",\"contentUrl\":\"https:\/\/files.sunoresearch.com.br\/n\/uploads\/2019\/04\/34b840a9-cielo-divulga\u00e7\u00e3o-corte-blog-jpg.webp\",\"width\":748,\"height\":410,\"caption\":\"Cielo (divulga\u00e7\u00e3o)\"},{\"@type\":\"BreadcrumbList\",\"@id\":\"https:\/\/www.suno.com.br\/noticias\/cielo-elo-contrato-100-milhoes\/#breadcrumb\",\"itemListElement\":[{\"@type\":\"ListItem\",\"position\":1,\"name\":\"Not\u00edcias\",\"item\":\"https:\/\/www.suno.com.br\/noticias\/\"},{\"@type\":\"ListItem\",\"position\":2,\"name\":\"Neg\u00f3cios\",\"item\":\"https:\/\/www.suno.com.br\/noticias\/negocios\/\"},{\"@type\":\"ListItem\",\"position\":3,\"name\":\"Cielo e Elo fecham contrato de R$ 100 milh\u00f5es\"}]},{\"@type\":\"WebSite\",\"@id\":\"https:\/\/www.suno.com.br\/noticias\/#website\",\"url\":\"https:\/\/www.suno.com.br\/noticias\/\",\"name\":\"Suno Not\u00edcias\",\"description\":\"Seu portal de informa\u00e7\u00e3o sobre o mundo dos investimentos\",\"publisher\":{\"@id\":\"https:\/\/www.suno.com.br\/noticias\/#organization\"},\"potentialAction\":[{\"@type\":\"SearchAction\",\"target\":{\"@type\":\"EntryPoint\",\"urlTemplate\":\"https:\/\/www.suno.com.br\/noticias\/?s={search_term_string}\"},\"query-input\":{\"@type\":\"PropertyValueSpecification\",\"valueRequired\":true,\"valueName\":\"search_term_string\"}}],\"inLanguage\":\"pt-BR\"},{\"@type\":\"Organization\",\"@id\":\"https:\/\/www.suno.com.br\/noticias\/#organization\",\"name\":\"Suno Not\u00edcias\",\"url\":\"https:\/\/www.suno.com.br\/noticias\/\",\"logo\":{\"@type\":\"ImageObject\",\"inLanguage\":\"pt-BR\",\"@id\":\"https:\/\/www.suno.com.br\/noticias\/#\/schema\/logo\/image\/\",\"url\":\"https:\/\/files.sunoresearch.com.br\/n\/uploads\/2021\/09\/suno-logo.png\",\"contentUrl\":\"https:\/\/files.sunoresearch.com.br\/n\/uploads\/2021\/09\/suno-logo.png\",\"width\":180,\"height\":180,\"caption\":\"Suno Not\u00edcias\"},\"image\":{\"@id\":\"https:\/\/www.suno.com.br\/noticias\/#\/schema\/logo\/image\/\"},\"sameAs\":[\"https:\/\/facebook.com\/sunoresearch\",\"https:\/\/x.com\/sunoresearch\",\"https:\/\/www.instagram.com\/suno\",\"https:\/\/www.linkedin.com\/company\/suno-research\/\",\"https:\/\/www.youtube.com\/c\/sunoresearch\"]},{\"@type\":\"Person\",\"@id\":\"https:\/\/www.suno.com.br\/noticias\/#\/schema\/person\/e6e0f723cc177805027f4566c1d5e0c8\",\"name\":\"Carlo Cauti\",\"image\":{\"@type\":\"ImageObject\",\"inLanguage\":\"pt-BR\",\"@id\":\"https:\/\/www.suno.com.br\/noticias\/#\/schema\/person\/image\/\",\"url\":\"https:\/\/secure.gravatar.com\/avatar\/3ada9e0bd164c23abd4792a9606d583c?s=96&r=g\",\"contentUrl\":\"https:\/\/secure.gravatar.com\/avatar\/3ada9e0bd164c23abd4792a9606d583c?s=96&r=g\",\"caption\":\"Carlo Cauti\"},\"description\":\"Editor multim\u00eddia do SUNO Not\u00edcias. Italiano, formado em Ci\u00eancias Pol\u00edticas pela universidade LUISS G. Carli de Roma e mestre cum laude em Rela\u00e7\u00f5es Internacionais, Jornalismo Internacional e de Guerra e em Economia Internacional. Concluiu tamb\u00e9m um MBA em Finan\u00e7as na B3. No Brasil, teve passagem por ve\u00edculos como Estad\u00e3o, Globo, Veja e EXAME. e nas ag\u00eancias de not\u00edcias italianas ANSA e NOVA.\",\"url\":\"https:\/\/www.suno.com.br\/noticias\/author\/carlo-cauti\/\"}]}<\/script>\n<!-- \/ Yoast SEO plugin. -->","yoast_head_json":{"title":"Cielo e Elo fecham contrato de R$ 100 milh\u00f5es por servi\u00e7os de pagamento","description":"A Cielo (CIEL3) informou que concluiu um contrato com a Elo por um valor de R$ 100 milh\u00f5es no dia 30 de agosto. Clique aqui para saber mais.","robots":{"index":"index","follow":"follow","max-snippet":"max-snippet:-1","max-image-preview":"max-image-preview:large","max-video-preview":"max-video-preview:-1"},"canonical":"https:\/\/www.suno.com.br\/noticias\/cielo-elo-contrato-100-milhoes\/","og_locale":"pt_BR","og_type":"article","og_title":"Cielo e Elo fecham contrato de R$ 100 milh\u00f5es por servi\u00e7os de pagamento","og_description":"A Cielo (CIEL3) informou que concluiu um contrato com a Elo por um valor de R$ 100 milh\u00f5es no dia 30 de agosto. Clique aqui para saber mais.","og_url":"https:\/\/www.suno.com.br\/noticias\/cielo-elo-contrato-100-milhoes\/","og_site_name":"Suno Not\u00edcias","article_publisher":"https:\/\/facebook.com\/sunoresearch","og_image":[{"width":748,"height":410,"url":"https:\/\/files.sunoresearch.com.br\/n\/uploads\/2019\/04\/34b840a9-cielo-divulga\u00e7\u00e3o-corte-blog.jpg","type":"image\/jpeg"}],"author":"Carlo Cauti","twitter_card":"summary_large_image","twitter_creator":"@sunoresearch","twitter_site":"@sunoresearch","twitter_misc":{"Escrito por":"Carlo Cauti","Est. tempo de leitura":"2 minutos"},"schema":{"@context":"https:\/\/schema.org","@graph":[{"@type":"NewsArticle","@id":"https:\/\/www.suno.com.br\/noticias\/cielo-elo-contrato-100-milhoes\/#article","isPartOf":{"@id":"https:\/\/www.suno.com.br\/noticias\/cielo-elo-contrato-100-milhoes\/"},"author":{"name":"Carlo Cauti","@id":"https:\/\/www.suno.com.br\/noticias\/#\/schema\/person\/e6e0f723cc177805027f4566c1d5e0c8"},"headline":"Cielo e Elo fecham contrato de R$ 100 milh\u00f5es","datePublished":"2019-09-08T21:59:17+00:00","dateModified":"2021-06-24T19:19:12+00:00","mainEntityOfPage":{"@id":"https:\/\/www.suno.com.br\/noticias\/cielo-elo-contrato-100-milhoes\/"},"wordCount":509,"publisher":{"@id":"https:\/\/www.suno.com.br\/noticias\/#organization"},"image":{"@id":"https:\/\/www.suno.com.br\/noticias\/cielo-elo-contrato-100-milhoes\/#primaryimage"},"thumbnailUrl":"https:\/\/files.sunoresearch.com.br\/n\/uploads\/2019\/04\/34b840a9-cielo-divulga\u00e7\u00e3o-corte-blog-jpg.webp","keywords":["bancos digitais","Cielo (CIEL3)","Guerra das maquininhas"],"articleSection":["Neg\u00f3cios"],"inLanguage":"pt-BR"},{"@type":"WebPage","@id":"https:\/\/www.suno.com.br\/noticias\/cielo-elo-contrato-100-milhoes\/","url":"https:\/\/www.suno.com.br\/noticias\/cielo-elo-contrato-100-milhoes\/","name":"Cielo e Elo fecham contrato de R$ 100 milh\u00f5es por servi\u00e7os de pagamento","isPartOf":{"@id":"https:\/\/www.suno.com.br\/noticias\/#website"},"primaryImageOfPage":{"@id":"https:\/\/www.suno.com.br\/noticias\/cielo-elo-contrato-100-milhoes\/#primaryimage"},"image":{"@id":"https:\/\/www.suno.com.br\/noticias\/cielo-elo-contrato-100-milhoes\/#primaryimage"},"thumbnailUrl":"https:\/\/files.sunoresearch.com.br\/n\/uploads\/2019\/04\/34b840a9-cielo-divulga\u00e7\u00e3o-corte-blog-jpg.webp","datePublished":"2019-09-08T21:59:17+00:00","dateModified":"2021-06-24T19:19:12+00:00","description":"A Cielo (CIEL3) informou que concluiu um contrato com a Elo por um valor de R$ 100 milh\u00f5es no dia 30 de agosto. Clique aqui para saber mais.","breadcrumb":{"@id":"https:\/\/www.suno.com.br\/noticias\/cielo-elo-contrato-100-milhoes\/#breadcrumb"},"inLanguage":"pt-BR","potentialAction":[{"@type":"ReadAction","target":["https:\/\/www.suno.com.br\/noticias\/cielo-elo-contrato-100-milhoes\/"]}]},{"@type":"ImageObject","inLanguage":"pt-BR","@id":"https:\/\/www.suno.com.br\/noticias\/cielo-elo-contrato-100-milhoes\/#primaryimage","url":"https:\/\/files.sunoresearch.com.br\/n\/uploads\/2019\/04\/34b840a9-cielo-divulga\u00e7\u00e3o-corte-blog-jpg.webp","contentUrl":"https:\/\/files.sunoresearch.com.br\/n\/uploads\/2019\/04\/34b840a9-cielo-divulga\u00e7\u00e3o-corte-blog-jpg.webp","width":748,"height":410,"caption":"Cielo (divulga\u00e7\u00e3o)"},{"@type":"BreadcrumbList","@id":"https:\/\/www.suno.com.br\/noticias\/cielo-elo-contrato-100-milhoes\/#breadcrumb","itemListElement":[{"@type":"ListItem","position":1,"name":"Not\u00edcias","item":"https:\/\/www.suno.com.br\/noticias\/"},{"@type":"ListItem","position":2,"name":"Neg\u00f3cios","item":"https:\/\/www.suno.com.br\/noticias\/negocios\/"},{"@type":"ListItem","position":3,"name":"Cielo e Elo fecham contrato de R$ 100 milh\u00f5es"}]},{"@type":"WebSite","@id":"https:\/\/www.suno.com.br\/noticias\/#website","url":"https:\/\/www.suno.com.br\/noticias\/","name":"Suno Not\u00edcias","description":"Seu portal de informa\u00e7\u00e3o sobre o mundo dos investimentos","publisher":{"@id":"https:\/\/www.suno.com.br\/noticias\/#organization"},"potentialAction":[{"@type":"SearchAction","target":{"@type":"EntryPoint","urlTemplate":"https:\/\/www.suno.com.br\/noticias\/?s={search_term_string}"},"query-input":{"@type":"PropertyValueSpecification","valueRequired":true,"valueName":"search_term_string"}}],"inLanguage":"pt-BR"},{"@type":"Organization","@id":"https:\/\/www.suno.com.br\/noticias\/#organization","name":"Suno Not\u00edcias","url":"https:\/\/www.suno.com.br\/noticias\/","logo":{"@type":"ImageObject","inLanguage":"pt-BR","@id":"https:\/\/www.suno.com.br\/noticias\/#\/schema\/logo\/image\/","url":"https:\/\/files.sunoresearch.com.br\/n\/uploads\/2021\/09\/suno-logo.png","contentUrl":"https:\/\/files.sunoresearch.com.br\/n\/uploads\/2021\/09\/suno-logo.png","width":180,"height":180,"caption":"Suno Not\u00edcias"},"image":{"@id":"https:\/\/www.suno.com.br\/noticias\/#\/schema\/logo\/image\/"},"sameAs":["https:\/\/facebook.com\/sunoresearch","https:\/\/x.com\/sunoresearch","https:\/\/www.instagram.com\/suno","https:\/\/www.linkedin.com\/company\/suno-research\/","https:\/\/www.youtube.com\/c\/sunoresearch"]},{"@type":"Person","@id":"https:\/\/www.suno.com.br\/noticias\/#\/schema\/person\/e6e0f723cc177805027f4566c1d5e0c8","name":"Carlo Cauti","image":{"@type":"ImageObject","inLanguage":"pt-BR","@id":"https:\/\/www.suno.com.br\/noticias\/#\/schema\/person\/image\/","url":"https:\/\/secure.gravatar.com\/avatar\/3ada9e0bd164c23abd4792a9606d583c?s=96&r=g","contentUrl":"https:\/\/secure.gravatar.com\/avatar\/3ada9e0bd164c23abd4792a9606d583c?s=96&r=g","caption":"Carlo Cauti"},"description":"Editor multim\u00eddia do SUNO Not\u00edcias. Italiano, formado em Ci\u00eancias Pol\u00edticas pela universidade LUISS G. Carli de Roma e mestre cum laude em Rela\u00e7\u00f5es Internacionais, Jornalismo Internacional e de Guerra e em Economia Internacional. Concluiu tamb\u00e9m um MBA em Finan\u00e7as na B3. No Brasil, teve passagem por ve\u00edculos como Estad\u00e3o, Globo, Veja e EXAME. e nas ag\u00eancias de not\u00edcias italianas ANSA e NOVA.","url":"https:\/\/www.suno.com.br\/noticias\/author\/carlo-cauti\/"}]}},"default_loop_html":"<div class=\"cardsPage__listCard__boxs\"><div class=\"cardsPage__listCard__boxs__img\"><a href=\"https:\/\/www.suno.com.br\/noticias\/cielo-elo-contrato-100-milhoes\/\"><img class=\"mask\" src=\"https:\/\/www.suno.com.br\/noticias\/wp-content\/themes\/suno\/resources\/images\/spotlight\/spotlight1img\/bg-mask.png\" alt=\"Image Mask\"\/><img src=\"https:\/\/files.sunoresearch.com.br\/n\/uploads\/2019\/04\/34b840a9-cielo-divulga\u00e7\u00e3o-corte-blog-400x200.webp\" alt=\"Cielo e Elo fecham contrato de R$ 100 milh\u00f5es\"\/><\/a><span class=\"spotlightCategory\"><a href=\"https:\/\/www.suno.com.br\/noticias\/negocios\/\">Neg\u00f3cios<\/a><\/span><\/div><div class=\"cardsPage__listCard__boxs__content\"><a href=\"https:\/\/www.suno.com.br\/noticias\/cielo-elo-contrato-100-milhoes\/\"><h2 class=\"content__title\">Cielo e Elo fecham contrato de R$ 100 milh\u00f5es<\/h2><\/a><div class=\"newsContent__article__meta\"><div class=\"newsContent__article__meta__authorBox\"><a href=\"https:\/\/www.suno.com.br\/noticias\/author\/carlo-cauti\/\" class=\"authorBox__avatar noMobi\"><img src=\"https:\/\/files.sunoresearch.com.br\/n\/uploads\/2020\/08\/e3745f9a-perfil-carlo-cauti-150x150.webp\" alt=\"Carlo Cauti\"><\/a><div class=\"authorBox__name\"><span>por\n\t\t\t<a href=\"https:\/\/www.suno.com.br\/noticias\/author\/carlo-cauti\/\"><span itemprop=\"author\">Carlo Cauti<\/span><\/a><\/span><time datetime=\"2019-09-08T18:59:17-03:00\" itemprop=\"datePublished\">08\/09\/2019 18:59<\/time><\/div><\/div><\/div><\/div><\/div>","single_layout":"posts","amp_enabled":true,"_links":{"self":[{"href":"https:\/\/www.suno.com.br\/noticias\/wp-json\/wp\/v2\/posts\/36835"}],"collection":[{"href":"https:\/\/www.suno.com.br\/noticias\/wp-json\/wp\/v2\/posts"}],"about":[{"href":"https:\/\/www.suno.com.br\/noticias\/wp-json\/wp\/v2\/types\/post"}],"author":[{"embeddable":true,"href":"https:\/\/www.suno.com.br\/noticias\/wp-json\/wp\/v2\/users\/9"}],"replies":[{"embeddable":true,"href":"https:\/\/www.suno.com.br\/noticias\/wp-json\/wp\/v2\/comments?post=36835"}],"version-history":[{"count":1,"href":"https:\/\/www.suno.com.br\/noticias\/wp-json\/wp\/v2\/posts\/36835\/revisions"}],"predecessor-version":[{"id":161031,"href":"https:\/\/www.suno.com.br\/noticias\/wp-json\/wp\/v2\/posts\/36835\/revisions\/161031"}],"wp:featuredmedia":[{"embeddable":true,"href":"https:\/\/www.suno.com.br\/noticias\/wp-json\/wp\/v2\/media\/21570"}],"wp:attachment":[{"href":"https:\/\/www.suno.com.br\/noticias\/wp-json\/wp\/v2\/media?parent=36835"}],"wp:term":[{"taxonomy":"category","embeddable":true,"href":"https:\/\/www.suno.com.br\/noticias\/wp-json\/wp\/v2\/categories?post=36835"},{"taxonomy":"post_tag","embeddable":true,"href":"https:\/\/www.suno.com.br\/noticias\/wp-json\/wp\/v2\/tags?post=36835"},{"taxonomy":"suno_strategy","embeddable":true,"href":"https:\/\/www.suno.com.br\/noticias\/wp-json\/wp\/v2\/suno_strategy?post=36835"}],"curies":[{"name":"wp","href":"https:\/\/api.w.org\/{rel}","templated":true}]}}