{"id":36829,"date":"2019-09-08T17:35:02","date_gmt":"2019-09-08T20:35:02","guid":{"rendered":"https:\/\/www.suno.com.br\/noticias\/?p=36829"},"modified":"2021-02-18T19:15:00","modified_gmt":"2021-02-18T22:15:00","slug":"apple-interesse-criptomoedas-longo-prazo","status":"publish","type":"post","link":"https:\/\/www.suno.com.br\/noticias\/apple-interesse-criptomoedas-longo-prazo\/","title":{"rendered":"Apple admite interese em criptomoedas por potencial de longo prazo"},"content":{"rendered":"<p>A <strong>Apple<\/strong> admitiu estar interessada nas criptomoedas, por causa de seu potencial de longo prazo. A informa\u00e7\u00e3o foi divulgada pela rede de televis\u00e3o norte-americana CNN neste domingo (8).<\/p>\t<div class=\"wrapper-featured-image\">\n\t\t<figure class=\"spotlightImg\">\n\n\t\t\t<picture>\n\t\t\t\t<source media=\"(max-width: 768px)\" srcset=\"https:\/\/files.sunoresearch.com.br\/n\/uploads\/2019\/06\/f03867fb-apple-400x200.webp\">\n\t\t\t\t<img loading=\"lazy\" decoding=\"async\" class=\"newsContent__article__imgCapa lazyloadDisabled newsContent__article__imgCapa--noCaption\" src=\"https:\/\/files.sunoresearch.com.br\/n\/uploads\/2019\/06\/f03867fb-apple-jpg.webp\" width=\"800\" height=\"450\" alt=\"Apple admite interese em criptomoedas por potencial de longo prazo\" fetchpriority=high \/>\n\t\t\t<\/picture>\n\n\t\t\t<figcaption class=\"wp-caption-text wp-caption-text--hide\">Por que a Apple poderia criar um buscador pr\u00f3prio<\/figcaption>\n\t\t<\/figure>\n\t<\/div>\n\n\n\n<p>A vice-presidente da <strong>Apple<\/strong> Pay, Jennifer Bailey, declarou que a empresa est\u00e1 interessada nas moedas virtuais. Em entrevista a <strong>CNN,<\/strong> a executiva salientou como as <a href=\"https:\/\/www.suno.com.br\/artigos\/btc\/\"><strong>criptomoedas<\/strong><\/a> \u201ceram interessantes\u201d e que tinham \u201cpotencial a longo prazo\u201d.<\/p>\n<p>A Apple estaria cogitando conquistar uma fatia do mercado de pagamentos atrav\u00e9s desses ativos. Por isso concentraria os esfor\u00e7os no lan\u00e7amento do seu cart\u00e3o de cr\u00e9dito, o <strong>Apple<\/strong> Card, mas olhando com interesse para as <strong>criptomoedas.<\/strong><\/p>\n<p><a href=\"https:\/\/www.suno.com.br\/noticias\/paypal-criptomoeda-facebook-inicio-2020\/\">Saiba mais: Libra: criptomoeda do Facebook ser\u00e1 lan\u00e7ada no in\u00edcio de 2020\u00a0<\/a><\/p>\n<p>A receita da produtora do <strong>iPhone<\/strong> caiu 12% no \u00faltimo trimestre. E o\u00a0<strong>smartphone<\/strong> foi o principal produto que registrou queda. Por isso, a <strong>Apple<\/strong> quer impulsionar suas vendas estudando novos meios de pagamento.<\/p>\n<h2>Criptomoedas parte da discuss\u00e3o mais ampla<\/h2>\n<p>Bailey salientou que as <strong>criptomoedas<\/strong> fazem parte de uma discuss\u00e3o mais ampla sobre o futuro dos meios de pagamentos digitais. &#8220;Estamos observando as criptomoedas. Achamos interessante. Achamos que tem um potencial interessante a longo prazo&#8221;, declarou a executiva na entrevista.<\/p>\n\t<p>\n\t\t<a href=\"https:\/\/www.seculus.com.br\/blackfriday\" target=\"_blank\" data-element=\"shortcode-suno-banner\" title=\"Banner SUNO, clique e saiba mais\">\n\t\t\t<picture>\n\t\t\t\t<source media=\"(max-width: 500px)\" srcset=\"https:\/\/files.sunoresearch.com.br\/n\/uploads\/2023\/11\/seculus_suno_mobile_3.jpg\">\n\t\t\t\t<img class=\"newsContent__article__imgCapa newsContent__article__imgCapa--banner\"\n\t\t\t\t\tsrc=\"https:\/\/files.sunoresearch.com.br\/n\/uploads\/2023\/11\/seculus_suno_desktop_3.jpg\"\n\t\t\t\t\tdata-promo-id=\"474124\"\t\t\t\t\t\t\t\t\t\twidth='1420' height='240'\t\t\t\t\talt=\"https:\/\/files.sunoresearch.com.br\/n\/uploads\/2023\/11\/seculus_suno_desktop_3.jpg\"\n\t\t\t\t>\n\t\t\t<\/picture>\n\t\t<\/a>\n\t<\/p>\n\n\n<p>Entretanto, entre as cl\u00e1usulas do <strong>Apple<\/strong> Card, la\u00e7ado em parceria com o banco de investimentos <strong>Goldman Sachs,<\/strong> est\u00e1 a proibi\u00e7\u00e3o de us\u00e1-lo para compra de <strong>criptomoedas.<\/strong><\/p>\n<h2>Facebook j\u00e1 lan\u00e7ou a libra<\/h2>\n<p>Tamb\u00e9m o Facebook j\u00e1 est\u00e1 criando sua pr\u00f3pria <strong>criptomoeda<\/strong>, a &#8220;libra&#8221;. No come\u00e7o de agosto a rede social anunciou que a moeda virtual seria lan\u00e7ada oficialmente no in\u00edcio de 2020.<\/p>\n<p>A nova <strong>moeda digital<\/strong> faz parte de um cons\u00f3rcio de empresas que est\u00e3o trabalhando juntas, lideradas pela rede social, para desenvolver o novo meio de pagamento.<\/p>\n<p>A libra deveria ser uma <strong>moeda<\/strong>\u00a0<strong>digital<\/strong>\u00a0baseada em tecnologias criadas pelo <strong>Facebook.<\/strong> Ap\u00f3s seu lan\u00e7amento, no in\u00edcio do pr\u00f3ximo ano, ela ser\u00e1 gerida atrav\u00e9s de uma funda\u00e7\u00e3o sem fins lucrativos baseada na Su\u00ed\u00e7a.<\/p>\n<p><a href=\"https:\/\/www.suno.com.br\/noticias\/facebook-preocupacoes-libra-lancamento\/\">Saiba mais: Facebook: problemas da Libra ser\u00e3o superados antes do lan\u00e7amento\u00a0<\/a><\/p>\n<p>Entretanto, a libra seria j\u00e1 \u00e9 alvo de uma investiga\u00e7\u00e3o da Uni\u00e3o Europeia.\u00a0A <strong>Comiss\u00e3o Europeia<\/strong> est\u00e1 investigando se a moeda virtual do <strong>Facebook<\/strong> pode injustamente prejudicar os rivais. Anteriormente, a rede social norte-americana j\u00e1 sofreu cr\u00edticas de institui\u00e7\u00f5es monet\u00e1rias, pol\u00edticos e reguladores.<\/p>\n<p>Nos \u00faltimos dois meses, autoridades da Uni\u00e3o Europeia criticaram o Facebook por viola\u00e7\u00f5es de privacidade. As cr\u00edticas ocorreram ap\u00f3s o esc\u00e2ndalo da Cambridge Analytica e da interfer\u00eancia nas elei\u00e7\u00f5es dos Estados Unidos.<\/p>\n<p>Contudo, essa \u00e9 a primeira vez que a rede social \u00e9 objeto de uma investiga\u00e7\u00e3o antitruste da UE.<\/p>\n\t<p>\n\t\t<a href=\"https:\/\/simulador-aposentadoria.suno.com.br\/?utm_source=suno-noticias&#038;utm_medium=banner&#038;utm_content=como-investir-para-aposentadoria-carteira-go&#038;utm_campaign=_SNC36CE4E9F_\" target=\"_blank\" data-element=\"shortcode-suno-banner\" title=\"Banner SUNO, clique e saiba mais\">\n\t\t\t<picture>\n\t\t\t\t<source media=\"(max-width: 500px)\" srcset=\"https:\/\/files.sunoresearch.com.br\/n\/uploads\/2025\/11\/400x300.webp\">\n\t\t\t\t<img class=\"newsContent__article__imgCapa newsContent__article__imgCapa--banner\"\n\t\t\t\t\tsrc=\"https:\/\/files.sunoresearch.com.br\/n\/uploads\/2025\/11\/1420x240.webp\"\n\t\t\t\t\tdata-promo-id=\"631530\"\t\t\t\t\t\t\t\t\t\twidth='1420' height='240'\t\t\t\t\talt=\"https:\/\/files.sunoresearch.com.br\/n\/uploads\/2025\/11\/1420x240.webp\"\n\t\t\t\t>\n\t\t\t<\/picture>\n\t\t<\/a>\n\t<\/p>\n\n\n<p>A Comiss\u00e3o estaria apurando poss\u00edveis comportamentos anti-competitivos envolvendo o uso de dados dos consumidores, que podem gerar restri\u00e7\u00f5es \u00e0 concorr\u00eancia.<\/p>\n<h2>Investiga\u00e7\u00e3o nos Estados Unidos<\/h2>\n<p>Al\u00e9m da UE, o comit\u00ea de servi\u00e7os financeiros da C\u00e2mara dos <strong>Estados Unidos<\/strong> solicitou que o projeto da libra fosse interrompido. Ap\u00f3s o pedido, a empresa informou que n\u00e3o \u00e9 poss\u00edvel garantir que a libra ser\u00e1 disponibilizada em algum momento.<\/p>\n<p><a href=\"https:\/\/www.suno.com.br\/noticias\/libra-facebook-pode-nao-ser-lancada\/\">Saiba mais: Libra, a criptomoeda do Facebook, pode n\u00e3o ser lan\u00e7ada<\/a><\/p>\n<p>Diversas \u00f3rg\u00e3os reguladores acreditam que a <strong>criptomoeda<\/strong> poderia amea\u00e7ar a estabilidade financeira e do banco central dos Estados Unidos. Al\u00e9m disso, temem que a libra pode ser um caminho para lavagem de dinheiro e fraude no mundo inteiro.<\/p>\n","protected":false},"excerpt":{"rendered":"<p>A Apple admitiu estar interessada nas criptomoedas, por causa de seu potencial de longo prazo. A informa\u00e7\u00e3o foi divulgada pela rede de televis\u00e3o norte-americana CNN neste domingo (8). Por que a Apple poderia criar um buscador pr\u00f3prio A vice-presidente da Apple Pay, Jennifer Bailey, declarou que a empresa est\u00e1 interessada nas moedas virtuais. Em entrevista [&hellip;]<\/p>\n","protected":false},"author":9,"featured_media":28697,"comment_status":"closed","ping_status":"closed","sticky":false,"template":"","format":"standard","meta":[],"categories":[64],"tags":[794,1968,2069,693],"suno_strategy":[],"class_list":["post-36829","post","type-post","status-publish","format-standard","has-post-thumbnail","hentry","category-negocios","tag-apple-aapl34","tag-apple-pay","tag-cambridge-analytica","tag-criptomoedas"],"yoast_head":"<!-- This site is optimized with the Yoast SEO plugin v24.4 - https:\/\/yoast.com\/wordpress\/plugins\/seo\/ -->\n<title>Apple admite interese em criptomoedas por potencial de longo prazo<\/title>\n<meta name=\"description\" content=\"Uma executiva da Apple admitiu que a empresa est\u00e1 interessada nas criptomoedas pelo seu potencial de longo prazo. Clique aqui para saber mais.\" \/>\n<meta name=\"robots\" content=\"index, follow, max-snippet:-1, max-image-preview:large, max-video-preview:-1\" \/>\n<link rel=\"canonical\" href=\"https:\/\/www.suno.com.br\/noticias\/apple-interesse-criptomoedas-longo-prazo\/\" \/>\n<meta property=\"og:locale\" content=\"pt_BR\" \/>\n<meta property=\"og:type\" content=\"article\" \/>\n<meta property=\"og:title\" content=\"Apple admite interese em criptomoedas por potencial de longo prazo\" \/>\n<meta property=\"og:description\" content=\"Uma executiva da Apple admitiu que a empresa est\u00e1 interessada nas criptomoedas pelo seu potencial de longo prazo. Clique aqui para saber mais.\" \/>\n<meta property=\"og:url\" content=\"https:\/\/www.suno.com.br\/noticias\/apple-interesse-criptomoedas-longo-prazo\/\" \/>\n<meta property=\"og:site_name\" content=\"Suno Not\u00edcias\" \/>\n<meta property=\"article:publisher\" content=\"https:\/\/facebook.com\/sunoresearch\" \/>\n<meta property=\"og:image\" content=\"https:\/\/files.sunoresearch.com.br\/n\/uploads\/2019\/06\/f03867fb-apple.jpg\" \/>\n\t<meta property=\"og:image:width\" content=\"748\" \/>\n\t<meta property=\"og:image:height\" content=\"410\" \/>\n\t<meta property=\"og:image:type\" content=\"image\/jpeg\" \/>\n<meta name=\"author\" content=\"Carlo Cauti\" \/>\n<meta name=\"twitter:card\" content=\"summary_large_image\" \/>\n<meta name=\"twitter:creator\" content=\"@sunoresearch\" \/>\n<meta name=\"twitter:site\" content=\"@sunoresearch\" \/>\n<meta name=\"twitter:label1\" content=\"Escrito por\" \/>\n\t<meta name=\"twitter:data1\" content=\"Carlo Cauti\" \/>\n\t<meta name=\"twitter:label2\" content=\"Est. tempo de leitura\" \/>\n\t<meta name=\"twitter:data2\" content=\"3 minutos\" \/>\n<script type=\"application\/ld+json\" class=\"yoast-schema-graph\">{\"@context\":\"https:\/\/schema.org\",\"@graph\":[{\"@type\":\"NewsArticle\",\"@id\":\"https:\/\/www.suno.com.br\/noticias\/apple-interesse-criptomoedas-longo-prazo\/#article\",\"isPartOf\":{\"@id\":\"https:\/\/www.suno.com.br\/noticias\/apple-interesse-criptomoedas-longo-prazo\/\"},\"author\":{\"name\":\"Carlo Cauti\",\"@id\":\"https:\/\/www.suno.com.br\/noticias\/#\/schema\/person\/e6e0f723cc177805027f4566c1d5e0c8\"},\"headline\":\"Apple admite interese em criptomoedas por potencial de longo prazo\",\"datePublished\":\"2019-09-08T20:35:02+00:00\",\"dateModified\":\"2021-02-18T22:15:00+00:00\",\"mainEntityOfPage\":{\"@id\":\"https:\/\/www.suno.com.br\/noticias\/apple-interesse-criptomoedas-longo-prazo\/\"},\"wordCount\":601,\"publisher\":{\"@id\":\"https:\/\/www.suno.com.br\/noticias\/#organization\"},\"image\":{\"@id\":\"https:\/\/www.suno.com.br\/noticias\/apple-interesse-criptomoedas-longo-prazo\/#primaryimage\"},\"thumbnailUrl\":\"https:\/\/files.sunoresearch.com.br\/n\/uploads\/2019\/06\/f03867fb-apple-jpg.webp\",\"keywords\":[\"Apple (AAPL34)\",\"Apple Pay\",\"Cambridge Analytica\",\"criptomoedas\"],\"articleSection\":[\"Neg\u00f3cios\"],\"inLanguage\":\"pt-BR\"},{\"@type\":\"WebPage\",\"@id\":\"https:\/\/www.suno.com.br\/noticias\/apple-interesse-criptomoedas-longo-prazo\/\",\"url\":\"https:\/\/www.suno.com.br\/noticias\/apple-interesse-criptomoedas-longo-prazo\/\",\"name\":\"Apple admite interese em criptomoedas por potencial de longo prazo\",\"isPartOf\":{\"@id\":\"https:\/\/www.suno.com.br\/noticias\/#website\"},\"primaryImageOfPage\":{\"@id\":\"https:\/\/www.suno.com.br\/noticias\/apple-interesse-criptomoedas-longo-prazo\/#primaryimage\"},\"image\":{\"@id\":\"https:\/\/www.suno.com.br\/noticias\/apple-interesse-criptomoedas-longo-prazo\/#primaryimage\"},\"thumbnailUrl\":\"https:\/\/files.sunoresearch.com.br\/n\/uploads\/2019\/06\/f03867fb-apple-jpg.webp\",\"datePublished\":\"2019-09-08T20:35:02+00:00\",\"dateModified\":\"2021-02-18T22:15:00+00:00\",\"description\":\"Uma executiva da Apple admitiu que a empresa est\u00e1 interessada nas criptomoedas pelo seu potencial de longo prazo. Clique aqui para saber mais.\",\"breadcrumb\":{\"@id\":\"https:\/\/www.suno.com.br\/noticias\/apple-interesse-criptomoedas-longo-prazo\/#breadcrumb\"},\"inLanguage\":\"pt-BR\",\"potentialAction\":[{\"@type\":\"ReadAction\",\"target\":[\"https:\/\/www.suno.com.br\/noticias\/apple-interesse-criptomoedas-longo-prazo\/\"]}]},{\"@type\":\"ImageObject\",\"inLanguage\":\"pt-BR\",\"@id\":\"https:\/\/www.suno.com.br\/noticias\/apple-interesse-criptomoedas-longo-prazo\/#primaryimage\",\"url\":\"https:\/\/files.sunoresearch.com.br\/n\/uploads\/2019\/06\/f03867fb-apple-jpg.webp\",\"contentUrl\":\"https:\/\/files.sunoresearch.com.br\/n\/uploads\/2019\/06\/f03867fb-apple-jpg.webp\",\"width\":748,\"height\":410,\"caption\":\"Por que a Apple poderia criar um buscador pr\u00f3prio\"},{\"@type\":\"BreadcrumbList\",\"@id\":\"https:\/\/www.suno.com.br\/noticias\/apple-interesse-criptomoedas-longo-prazo\/#breadcrumb\",\"itemListElement\":[{\"@type\":\"ListItem\",\"position\":1,\"name\":\"Not\u00edcias\",\"item\":\"https:\/\/www.suno.com.br\/noticias\/\"},{\"@type\":\"ListItem\",\"position\":2,\"name\":\"Neg\u00f3cios\",\"item\":\"https:\/\/www.suno.com.br\/noticias\/negocios\/\"},{\"@type\":\"ListItem\",\"position\":3,\"name\":\"Apple admite interese em criptomoedas por potencial de longo prazo\"}]},{\"@type\":\"WebSite\",\"@id\":\"https:\/\/www.suno.com.br\/noticias\/#website\",\"url\":\"https:\/\/www.suno.com.br\/noticias\/\",\"name\":\"Suno Not\u00edcias\",\"description\":\"Seu portal de informa\u00e7\u00e3o sobre o mundo dos investimentos\",\"publisher\":{\"@id\":\"https:\/\/www.suno.com.br\/noticias\/#organization\"},\"potentialAction\":[{\"@type\":\"SearchAction\",\"target\":{\"@type\":\"EntryPoint\",\"urlTemplate\":\"https:\/\/www.suno.com.br\/noticias\/?s={search_term_string}\"},\"query-input\":{\"@type\":\"PropertyValueSpecification\",\"valueRequired\":true,\"valueName\":\"search_term_string\"}}],\"inLanguage\":\"pt-BR\"},{\"@type\":\"Organization\",\"@id\":\"https:\/\/www.suno.com.br\/noticias\/#organization\",\"name\":\"Suno Not\u00edcias\",\"url\":\"https:\/\/www.suno.com.br\/noticias\/\",\"logo\":{\"@type\":\"ImageObject\",\"inLanguage\":\"pt-BR\",\"@id\":\"https:\/\/www.suno.com.br\/noticias\/#\/schema\/logo\/image\/\",\"url\":\"https:\/\/files.sunoresearch.com.br\/n\/uploads\/2021\/09\/suno-logo.png\",\"contentUrl\":\"https:\/\/files.sunoresearch.com.br\/n\/uploads\/2021\/09\/suno-logo.png\",\"width\":180,\"height\":180,\"caption\":\"Suno Not\u00edcias\"},\"image\":{\"@id\":\"https:\/\/www.suno.com.br\/noticias\/#\/schema\/logo\/image\/\"},\"sameAs\":[\"https:\/\/facebook.com\/sunoresearch\",\"https:\/\/x.com\/sunoresearch\",\"https:\/\/www.instagram.com\/suno\",\"https:\/\/www.linkedin.com\/company\/suno-research\/\",\"https:\/\/www.youtube.com\/c\/sunoresearch\"]},{\"@type\":\"Person\",\"@id\":\"https:\/\/www.suno.com.br\/noticias\/#\/schema\/person\/e6e0f723cc177805027f4566c1d5e0c8\",\"name\":\"Carlo Cauti\",\"image\":{\"@type\":\"ImageObject\",\"inLanguage\":\"pt-BR\",\"@id\":\"https:\/\/www.suno.com.br\/noticias\/#\/schema\/person\/image\/\",\"url\":\"https:\/\/secure.gravatar.com\/avatar\/3ada9e0bd164c23abd4792a9606d583c?s=96&r=g\",\"contentUrl\":\"https:\/\/secure.gravatar.com\/avatar\/3ada9e0bd164c23abd4792a9606d583c?s=96&r=g\",\"caption\":\"Carlo Cauti\"},\"description\":\"Editor multim\u00eddia do SUNO Not\u00edcias. Italiano, formado em Ci\u00eancias Pol\u00edticas pela universidade LUISS G. Carli de Roma e mestre cum laude em Rela\u00e7\u00f5es Internacionais, Jornalismo Internacional e de Guerra e em Economia Internacional. Concluiu tamb\u00e9m um MBA em Finan\u00e7as na B3. No Brasil, teve passagem por ve\u00edculos como Estad\u00e3o, Globo, Veja e EXAME. e nas ag\u00eancias de not\u00edcias italianas ANSA e NOVA.\",\"url\":\"https:\/\/www.suno.com.br\/noticias\/author\/carlo-cauti\/\"}]}<\/script>\n<!-- \/ Yoast SEO plugin. -->","yoast_head_json":{"title":"Apple admite interese em criptomoedas por potencial de longo prazo","description":"Uma executiva da Apple admitiu que a empresa est\u00e1 interessada nas criptomoedas pelo seu potencial de longo prazo. Clique aqui para saber mais.","robots":{"index":"index","follow":"follow","max-snippet":"max-snippet:-1","max-image-preview":"max-image-preview:large","max-video-preview":"max-video-preview:-1"},"canonical":"https:\/\/www.suno.com.br\/noticias\/apple-interesse-criptomoedas-longo-prazo\/","og_locale":"pt_BR","og_type":"article","og_title":"Apple admite interese em criptomoedas por potencial de longo prazo","og_description":"Uma executiva da Apple admitiu que a empresa est\u00e1 interessada nas criptomoedas pelo seu potencial de longo prazo. Clique aqui para saber mais.","og_url":"https:\/\/www.suno.com.br\/noticias\/apple-interesse-criptomoedas-longo-prazo\/","og_site_name":"Suno Not\u00edcias","article_publisher":"https:\/\/facebook.com\/sunoresearch","og_image":[{"width":748,"height":410,"url":"https:\/\/files.sunoresearch.com.br\/n\/uploads\/2019\/06\/f03867fb-apple.jpg","type":"image\/jpeg"}],"author":"Carlo Cauti","twitter_card":"summary_large_image","twitter_creator":"@sunoresearch","twitter_site":"@sunoresearch","twitter_misc":{"Escrito por":"Carlo Cauti","Est. tempo de leitura":"3 minutos"},"schema":{"@context":"https:\/\/schema.org","@graph":[{"@type":"NewsArticle","@id":"https:\/\/www.suno.com.br\/noticias\/apple-interesse-criptomoedas-longo-prazo\/#article","isPartOf":{"@id":"https:\/\/www.suno.com.br\/noticias\/apple-interesse-criptomoedas-longo-prazo\/"},"author":{"name":"Carlo Cauti","@id":"https:\/\/www.suno.com.br\/noticias\/#\/schema\/person\/e6e0f723cc177805027f4566c1d5e0c8"},"headline":"Apple admite interese em criptomoedas por potencial de longo prazo","datePublished":"2019-09-08T20:35:02+00:00","dateModified":"2021-02-18T22:15:00+00:00","mainEntityOfPage":{"@id":"https:\/\/www.suno.com.br\/noticias\/apple-interesse-criptomoedas-longo-prazo\/"},"wordCount":601,"publisher":{"@id":"https:\/\/www.suno.com.br\/noticias\/#organization"},"image":{"@id":"https:\/\/www.suno.com.br\/noticias\/apple-interesse-criptomoedas-longo-prazo\/#primaryimage"},"thumbnailUrl":"https:\/\/files.sunoresearch.com.br\/n\/uploads\/2019\/06\/f03867fb-apple-jpg.webp","keywords":["Apple (AAPL34)","Apple Pay","Cambridge Analytica","criptomoedas"],"articleSection":["Neg\u00f3cios"],"inLanguage":"pt-BR"},{"@type":"WebPage","@id":"https:\/\/www.suno.com.br\/noticias\/apple-interesse-criptomoedas-longo-prazo\/","url":"https:\/\/www.suno.com.br\/noticias\/apple-interesse-criptomoedas-longo-prazo\/","name":"Apple admite interese em criptomoedas por potencial de longo prazo","isPartOf":{"@id":"https:\/\/www.suno.com.br\/noticias\/#website"},"primaryImageOfPage":{"@id":"https:\/\/www.suno.com.br\/noticias\/apple-interesse-criptomoedas-longo-prazo\/#primaryimage"},"image":{"@id":"https:\/\/www.suno.com.br\/noticias\/apple-interesse-criptomoedas-longo-prazo\/#primaryimage"},"thumbnailUrl":"https:\/\/files.sunoresearch.com.br\/n\/uploads\/2019\/06\/f03867fb-apple-jpg.webp","datePublished":"2019-09-08T20:35:02+00:00","dateModified":"2021-02-18T22:15:00+00:00","description":"Uma executiva da Apple admitiu que a empresa est\u00e1 interessada nas criptomoedas pelo seu potencial de longo prazo. Clique aqui para saber mais.","breadcrumb":{"@id":"https:\/\/www.suno.com.br\/noticias\/apple-interesse-criptomoedas-longo-prazo\/#breadcrumb"},"inLanguage":"pt-BR","potentialAction":[{"@type":"ReadAction","target":["https:\/\/www.suno.com.br\/noticias\/apple-interesse-criptomoedas-longo-prazo\/"]}]},{"@type":"ImageObject","inLanguage":"pt-BR","@id":"https:\/\/www.suno.com.br\/noticias\/apple-interesse-criptomoedas-longo-prazo\/#primaryimage","url":"https:\/\/files.sunoresearch.com.br\/n\/uploads\/2019\/06\/f03867fb-apple-jpg.webp","contentUrl":"https:\/\/files.sunoresearch.com.br\/n\/uploads\/2019\/06\/f03867fb-apple-jpg.webp","width":748,"height":410,"caption":"Por que a Apple poderia criar um buscador pr\u00f3prio"},{"@type":"BreadcrumbList","@id":"https:\/\/www.suno.com.br\/noticias\/apple-interesse-criptomoedas-longo-prazo\/#breadcrumb","itemListElement":[{"@type":"ListItem","position":1,"name":"Not\u00edcias","item":"https:\/\/www.suno.com.br\/noticias\/"},{"@type":"ListItem","position":2,"name":"Neg\u00f3cios","item":"https:\/\/www.suno.com.br\/noticias\/negocios\/"},{"@type":"ListItem","position":3,"name":"Apple admite interese em criptomoedas por potencial de longo prazo"}]},{"@type":"WebSite","@id":"https:\/\/www.suno.com.br\/noticias\/#website","url":"https:\/\/www.suno.com.br\/noticias\/","name":"Suno Not\u00edcias","description":"Seu portal de informa\u00e7\u00e3o sobre o mundo dos investimentos","publisher":{"@id":"https:\/\/www.suno.com.br\/noticias\/#organization"},"potentialAction":[{"@type":"SearchAction","target":{"@type":"EntryPoint","urlTemplate":"https:\/\/www.suno.com.br\/noticias\/?s={search_term_string}"},"query-input":{"@type":"PropertyValueSpecification","valueRequired":true,"valueName":"search_term_string"}}],"inLanguage":"pt-BR"},{"@type":"Organization","@id":"https:\/\/www.suno.com.br\/noticias\/#organization","name":"Suno Not\u00edcias","url":"https:\/\/www.suno.com.br\/noticias\/","logo":{"@type":"ImageObject","inLanguage":"pt-BR","@id":"https:\/\/www.suno.com.br\/noticias\/#\/schema\/logo\/image\/","url":"https:\/\/files.sunoresearch.com.br\/n\/uploads\/2021\/09\/suno-logo.png","contentUrl":"https:\/\/files.sunoresearch.com.br\/n\/uploads\/2021\/09\/suno-logo.png","width":180,"height":180,"caption":"Suno Not\u00edcias"},"image":{"@id":"https:\/\/www.suno.com.br\/noticias\/#\/schema\/logo\/image\/"},"sameAs":["https:\/\/facebook.com\/sunoresearch","https:\/\/x.com\/sunoresearch","https:\/\/www.instagram.com\/suno","https:\/\/www.linkedin.com\/company\/suno-research\/","https:\/\/www.youtube.com\/c\/sunoresearch"]},{"@type":"Person","@id":"https:\/\/www.suno.com.br\/noticias\/#\/schema\/person\/e6e0f723cc177805027f4566c1d5e0c8","name":"Carlo Cauti","image":{"@type":"ImageObject","inLanguage":"pt-BR","@id":"https:\/\/www.suno.com.br\/noticias\/#\/schema\/person\/image\/","url":"https:\/\/secure.gravatar.com\/avatar\/3ada9e0bd164c23abd4792a9606d583c?s=96&r=g","contentUrl":"https:\/\/secure.gravatar.com\/avatar\/3ada9e0bd164c23abd4792a9606d583c?s=96&r=g","caption":"Carlo Cauti"},"description":"Editor multim\u00eddia do SUNO Not\u00edcias. Italiano, formado em Ci\u00eancias Pol\u00edticas pela universidade LUISS G. Carli de Roma e mestre cum laude em Rela\u00e7\u00f5es Internacionais, Jornalismo Internacional e de Guerra e em Economia Internacional. Concluiu tamb\u00e9m um MBA em Finan\u00e7as na B3. No Brasil, teve passagem por ve\u00edculos como Estad\u00e3o, Globo, Veja e EXAME. e nas ag\u00eancias de not\u00edcias italianas ANSA e NOVA.","url":"https:\/\/www.suno.com.br\/noticias\/author\/carlo-cauti\/"}]}},"default_loop_html":"<div class=\"cardsPage__listCard__boxs\"><div class=\"cardsPage__listCard__boxs__img\"><a href=\"https:\/\/www.suno.com.br\/noticias\/apple-interesse-criptomoedas-longo-prazo\/\"><img class=\"mask\" src=\"https:\/\/www.suno.com.br\/noticias\/wp-content\/themes\/suno\/resources\/images\/spotlight\/spotlight1img\/bg-mask.png\" alt=\"Image Mask\"\/><img src=\"https:\/\/files.sunoresearch.com.br\/n\/uploads\/2019\/06\/f03867fb-apple-400x200.webp\" alt=\"Apple admite interese em criptomoedas por potencial de longo prazo\"\/><\/a><span class=\"spotlightCategory\"><a href=\"https:\/\/www.suno.com.br\/noticias\/negocios\/\">Neg\u00f3cios<\/a><\/span><\/div><div class=\"cardsPage__listCard__boxs__content\"><a href=\"https:\/\/www.suno.com.br\/noticias\/apple-interesse-criptomoedas-longo-prazo\/\"><h2 class=\"content__title\">Apple admite interese em criptomoedas por potencial de longo prazo<\/h2><\/a><div class=\"newsContent__article__meta\"><div class=\"newsContent__article__meta__authorBox\"><a href=\"https:\/\/www.suno.com.br\/noticias\/author\/carlo-cauti\/\" class=\"authorBox__avatar noMobi\"><img src=\"https:\/\/files.sunoresearch.com.br\/n\/uploads\/2020\/08\/e3745f9a-perfil-carlo-cauti-150x150.webp\" alt=\"Carlo Cauti\"><\/a><div class=\"authorBox__name\"><span>por\n\t\t\t<a href=\"https:\/\/www.suno.com.br\/noticias\/author\/carlo-cauti\/\"><span itemprop=\"author\">Carlo Cauti<\/span><\/a><\/span><time datetime=\"2019-09-08T17:35:02-03:00\" itemprop=\"datePublished\">08\/09\/2019 17:35<\/time><\/div><\/div><\/div><\/div><\/div>","single_layout":"posts","amp_enabled":true,"_links":{"self":[{"href":"https:\/\/www.suno.com.br\/noticias\/wp-json\/wp\/v2\/posts\/36829"}],"collection":[{"href":"https:\/\/www.suno.com.br\/noticias\/wp-json\/wp\/v2\/posts"}],"about":[{"href":"https:\/\/www.suno.com.br\/noticias\/wp-json\/wp\/v2\/types\/post"}],"author":[{"embeddable":true,"href":"https:\/\/www.suno.com.br\/noticias\/wp-json\/wp\/v2\/users\/9"}],"replies":[{"embeddable":true,"href":"https:\/\/www.suno.com.br\/noticias\/wp-json\/wp\/v2\/comments?post=36829"}],"version-history":[{"count":0,"href":"https:\/\/www.suno.com.br\/noticias\/wp-json\/wp\/v2\/posts\/36829\/revisions"}],"wp:featuredmedia":[{"embeddable":true,"href":"https:\/\/www.suno.com.br\/noticias\/wp-json\/wp\/v2\/media\/28697"}],"wp:attachment":[{"href":"https:\/\/www.suno.com.br\/noticias\/wp-json\/wp\/v2\/media?parent=36829"}],"wp:term":[{"taxonomy":"category","embeddable":true,"href":"https:\/\/www.suno.com.br\/noticias\/wp-json\/wp\/v2\/categories?post=36829"},{"taxonomy":"post_tag","embeddable":true,"href":"https:\/\/www.suno.com.br\/noticias\/wp-json\/wp\/v2\/tags?post=36829"},{"taxonomy":"suno_strategy","embeddable":true,"href":"https:\/\/www.suno.com.br\/noticias\/wp-json\/wp\/v2\/suno_strategy?post=36829"}],"curies":[{"name":"wp","href":"https:\/\/api.w.org\/{rel}","templated":true}]}}