{"id":36821,"date":"2019-09-08T15:00:22","date_gmt":"2019-09-08T18:00:22","guid":{"rendered":"https:\/\/www.suno.com.br\/noticias\/?p=36821"},"modified":"2021-06-13T23:41:50","modified_gmt":"2021-06-14T02:41:50","slug":"superavit-comercial-china-cai-agosto","status":"publish","type":"post","link":"https:\/\/www.suno.com.br\/noticias\/superavit-comercial-china-cai-agosto\/","title":{"rendered":"Super\u00e1vit comercial da China cai para US$ 34,8 bilh\u00f5es em agosto"},"content":{"rendered":"<p>A China registrou um super\u00e1vit comercial de US$ 34,8 bilh\u00f5es em agosto. Um resultado em queda em rela\u00e7\u00e3o aos US$ 45,1 bilh\u00f5es registrados em julho.<\/p>\t<div class=\"wrapper-featured-image\">\n\t\t<figure class=\"spotlightImg\">\n\n\t\t\t<picture>\n\t\t\t\t<source media=\"(max-width: 768px)\" srcset=\"https:\/\/files.sunoresearch.com.br\/n\/uploads\/2019\/06\/5270b6b5-pib-400x200.webp\">\n\t\t\t\t<img loading=\"lazy\" decoding=\"async\" class=\"newsContent__article__imgCapa lazyloadDisabled newsContent__article__imgCapa--noCaption\" src=\"https:\/\/files.sunoresearch.com.br\/n\/uploads\/2019\/06\/5270b6b5-pib-800x450.webp\" width=\"800\" height=\"450\" alt=\"Super\u00e1vit comercial da China cai para US$ 34,8 bilh\u00f5es em agosto\" fetchpriority=high \/>\n\t\t\t<\/picture>\n\n\t\t\t<figcaption class=\"wp-caption-text wp-caption-text--hide\">Por que o PIB da China vai ser o \u00fanico a crescer em 2020<\/figcaption>\n\t\t<\/figure>\n\t<\/div>\n\n\n\n<p>Os dados sobre o resultado com\u00e9rcio exterior foram divulgados pela Administra\u00e7\u00e3o Geral das Alf\u00e2ndegas da <strong>China<\/strong> neste domingo. Os analistas esperavam um resultado superior, por volta de US$ 44,2 bilh\u00f5es.<\/p>\n<p>O resultado negativo da balan\u00e7a comercial ocorreu no meio ao agravamento das <a href=\"https:\/\/www.suno.com.br\/artigos\/a-guerra-comercial\/\">tens\u00f5es comerciais<\/a> entre <strong>China<\/strong> e <strong>Estados Unidos.<\/strong> As exporta\u00e7\u00f5es chinesas ca\u00edram 1% no m\u00eas passado em rela\u00e7\u00e3o ao ano anterior.<\/p>\n<p><a href=\"https:\/\/www.suno.com.br\/noticias\/trump-china-guerra-comercial-eua\/\">Saiba mais: Acordo comercial com China retornar\u00e1 em breve, diz Trump<\/a><\/p>\n<p>Mais uma tend\u00eancia negativa, que reverteu o ganho de 3,3% registrado em julho. Os analistas previam um crescimento de 3% nas exporta\u00e7\u00f5es da <strong>China.<\/strong><\/p>\n<p>Por sua vez, em agosto as importa\u00e7\u00f5es ca\u00edram pelo quarto m\u00eas seguido, recuando 5,6% em rela\u00e7\u00e3o ao ano anterior. Uma porcentagem id\u00eantica a aquela registrada em julho. Os analistas previam uma queda de 6,2% nas importa\u00e7\u00f5es.<\/p>\n\t<p>\n\t\t<a href=\"https:\/\/lp.suno.com.br\/minicurso-contabilidade\/\" target=\"_blank\" data-element=\"shortcode-suno-banner\" title=\"Banner SUNO, clique e saiba mais\">\n\t\t\t<picture>\n\t\t\t\t<source media=\"(max-width: 500px)\" srcset=\"https:\/\/files.sunoresearch.com.br\/n\/uploads\/2023\/03\/400x300-Minicurso-Contabilidade.png\">\n\t\t\t\t<img class=\"newsContent__article__imgCapa newsContent__article__imgCapa--banner\"\n\t\t\t\t\tsrc=\"https:\/\/files.sunoresearch.com.br\/n\/uploads\/2023\/03\/1420x240-Minicurso-Contabilidade.png\"\n\t\t\t\t\tdata-promo-id=\"383158\"\t\t\t\t\t\t\t\t\t\twidth='1420' height='240'\t\t\t\t\talt=\"https:\/\/files.sunoresearch.com.br\/n\/uploads\/2023\/03\/1420x240-Minicurso-Contabilidade.png\"\n\t\t\t\t>\n\t\t\t<\/picture>\n\t\t<\/a>\n\t<\/p>\n\n\n<p>Em termos de <strong>yuan,<\/strong> os resultados da <strong>balan\u00e7a comercial<\/strong> chinesa aparecem diferentes. As exporta\u00e7\u00f5es da <strong>China<\/strong> aumentaram 2,6% em agosto, enquanto as importa\u00e7\u00f5es ca\u00edram 2,6%.<\/p>\n<h2>Guerra comercial China &#8211; Eua<\/h2>\n<p>Na semana passada, em mais um cap\u00edtulo de guerra comercial, os representantes e negociadores dos <strong>Estados Unidos<\/strong> e da <strong>China<\/strong>, informaram que retornar\u00e3o as negocia\u00e7\u00f5es no in\u00edcio de outubro.<\/p>\n<p>Mesmo ap\u00f3s a imposi\u00e7\u00e3o de tarifas entre ambos os pa\u00edses, fomentando ainda mais a <strong>guerra comercial<\/strong>, o vice-premier chin\u00eas, <strong>Liu He<\/strong>, e o representante americano, <strong>Robert Lighthizer<\/strong>, e o secret\u00e1rio do Tesouro, <strong>Steven Mnunchin<\/strong>, conversaram por telefone na \u00faltima quinta-feira (5).<\/p>\n<p>De acordo com o comunicado, os dois pa\u00edses concordaram em &#8220;trabalhar juntos visando san\u00e7\u00f5es pr\u00e1ticas para criar confiss\u00f5es favor\u00e1veis para as consultas&#8221;, al\u00e9m disso, informaram que\u00a0 &#8220;manter\u00e3o uma estreita comunica\u00e7\u00e3o&#8221;, antes das negocia\u00e7\u00f5es iniciarem.<\/p>\n<h2>China ativa a OMC<\/h2>\n<p>O Minist\u00e9rio do Com\u00e9rcio chin\u00eas informou que o pa\u00eds asi\u00e1tico entrar\u00e1 com um processo na <a href=\"https:\/\/www.suno.com.br\/artigos\/omc-organizacao-mundial-do-comercio\/\"><strong>Organiza\u00e7\u00e3o Mundial do Com\u00e9rcio (OMC)<\/strong><\/a> contra as tarifas impostas pelos <strong>Estados Unidos.<\/strong><\/p>\n\t<p>\n\t\t<a href=\"https:\/\/www.suno.com.br\/wealth\/\" target=\"_blank\" data-element=\"shortcode-suno-banner\" title=\"Banner SUNO, clique e saiba mais\">\n\t\t\t<picture>\n\t\t\t\t<source media=\"(max-width: 500px)\" srcset=\"https:\/\/files.sunoresearch.com.br\/n\/uploads\/2024\/01\/400x300-Mobile-WEALTH.png\">\n\t\t\t\t<img class=\"newsContent__article__imgCapa newsContent__article__imgCapa--banner\"\n\t\t\t\t\tsrc=\"https:\/\/files.sunoresearch.com.br\/n\/uploads\/2024\/01\/1420x240-Banner-Artigos-1-_-Banner-Materias-1-6.png\"\n\t\t\t\t\tdata-promo-id=\"512147\"\t\t\t\t\t\t\t\t\t\twidth='1420' height='240'\t\t\t\t\talt=\"https:\/\/files.sunoresearch.com.br\/n\/uploads\/2024\/01\/1420x240-Banner-Artigos-1-_-Banner-Materias-1-6.png\"\n\t\t\t\t>\n\t\t\t<\/picture>\n\t\t<\/a>\n\t<\/p>\n\n\n<p>As novas tarifas, de US$ 300 bilh\u00f5es sobre produtos chineses, impostas pelo governo norte-americano entraram em vigor no \u00faltimo domingo (1). A OMC dever\u00e1 analisar o pedido da <strong>China<\/strong> com base no contexto da guerra comercial.<\/p>\n<p><a href=\"\/\/www.suno.com.br\/noticias\/trump-china-guerra-comercial-eua\/\">Confira Tamb\u00e9m: Acordo comercial com China retornar\u00e1 em breve, diz Trump<\/a><\/p>\n<p>\u201cEm acordo com as regras relevantes da OMC, a China vai salvaguardar firmemente os seus direitos e interesses leg\u00edtimos e defender resolutamente o sistema de com\u00e9rcio multilateral e a ordem internacional do com\u00e9rcio&#8221;, diz o comunicado divulgado pelo pa\u00eds asi\u00e1tico.<\/p>\n<p>O pa\u00eds ressalta ainda que as tarifas violam o acordo realizado entre o presidente norte-americano, <strong><a href=\"https:\/\/www.suno.com.br\/tudo-sobre\/donald-trump\/\">Donald Trump<\/a><\/strong>, e o presidente chin\u00eas, Xi Jinping, em Osaka. Os dois mandat\u00e1rios se encontraram no Jap\u00e3o durante a c\u00fapula do G20, no dia 29 de junho.<\/p>\n<h2>Retalia\u00e7\u00e3o de Pequim<\/h2>\n<p>Em resposta \u00e0s novas tarifas impostas pelo governo de <strong>Trump<\/strong> sobre produtos chineses, o pa\u00eds asi\u00e1tico ir\u00e1 impor tarifas adicionais sobre US$ 75 bilh\u00f5es de produtos norte-americanos.<\/p>\n<p>O minist\u00e9rio de Economia da <strong>China<\/strong> informou que as taxas entre 5% e 25%, atingindo principalmente os autom\u00f3veis. A implementa\u00e7\u00e3o deve ocorrer em duas etapas. A primeira teve in\u00edcio no \u00faltimo domingo (1) e a pr\u00f3xima valer\u00e1 a partir de 15 de dezembro.<\/p>\n<p><a href=\"\/\/www.suno.com.br\/noticias\/guerra-comercial-brasil-vencedor-fintch-solutions\/\">Confira Tamb\u00e9m: Guerra comercial beneficia exporta\u00e7\u00f5es do Brasil, diz Fintch Solutions<\/a><\/p>\n<p>As datas anunciadas pelo governo da China s\u00e3o as mesmas que <a href=\"https:\/\/www.suno.com.br\/tudo-sobre\/donald-trump\/\">Donald Trump<\/a> escolheu para as tarifas dos Estados Unidos sobre os produtos chineses.<\/p>\n<p>O mercado nacional e internacional est\u00e1 atento ao desdobramento da <strong>guerra comercial<\/strong>.<\/p>\n\t<p>\n\t\t<a href=\"https:\/\/lp.suno.com.br\/ebook-como-analisar-uma-acao\/\" target=\"_blank\" data-element=\"shortcode-suno-banner\" title=\"Banner SUNO, clique e saiba mais\">\n\t\t\t<picture>\n\t\t\t\t<source media=\"(max-width: 500px)\" srcset=\"https:\/\/files.sunoresearch.com.br\/n\/uploads\/2023\/12\/Ebook-Acoes-Mobile.jpg\">\n\t\t\t\t<img class=\"newsContent__article__imgCapa newsContent__article__imgCapa--banner\"\n\t\t\t\t\tsrc=\"https:\/\/files.sunoresearch.com.br\/n\/uploads\/2023\/12\/Ebook-Acoes-Mobile.jpg\"\n\t\t\t\t\tdata-promo-id=\"101750\"\t\t\t\t\t\t\t\t\t\twidth='400' height='300'\t\t\t\t\talt=\"https:\/\/files.sunoresearch.com.br\/n\/uploads\/2023\/12\/Ebook-Acoes-Mobile.jpg\"\n\t\t\t\t>\n\t\t\t<\/picture>\n\t\t<\/a>\n\t<\/p>\n\n\n<p>No final de agosto o presidente <strong>Trump<\/strong> tinha afirmado que pretende concluir o acordo comercial com a <strong>China.<\/strong> Entretanto, as tens\u00f5es entre as duas principais economias do mundo continuam.<\/p>\n","protected":false},"excerpt":{"rendered":"<p>A China registrou um super\u00e1vit comercial de US$ 34,8 bilh\u00f5es em agosto. Um resultado em queda em rela\u00e7\u00e3o aos US$ 45,1 bilh\u00f5es registrados em julho. Por que o PIB da China vai ser o \u00fanico a crescer em 2020 Os dados sobre o resultado com\u00e9rcio exterior foram divulgados pela Administra\u00e7\u00e3o Geral das Alf\u00e2ndegas da China [&hellip;]<\/p>\n","protected":false},"author":9,"featured_media":27281,"comment_status":"closed","ping_status":"closed","sticky":false,"template":"","format":"standard","meta":[],"categories":[63],"tags":[711,793,980],"suno_strategy":[],"class_list":["post-36821","post","type-post","status-publish","format-standard","has-post-thumbnail","hentry","category-internacional","tag-china","tag-estados-unidos-eua","tag-guerra-comercial"],"yoast_head":"<!-- This site is optimized with the Yoast SEO plugin v24.4 - https:\/\/yoast.com\/wordpress\/plugins\/seo\/ -->\n<title>Super\u00e1vit comercial da China cai para US$ 34,8 bilh\u00f5es em agosto<\/title>\n<meta name=\"description\" content=\"A China registrou um super\u00e1vit comercial de US$ 34,8 bilh\u00f5es em agosto, um resultado em queda ao de julho. Clique aqui para saber mais.\" \/>\n<meta name=\"robots\" content=\"index, follow, max-snippet:-1, max-image-preview:large, max-video-preview:-1\" \/>\n<link rel=\"canonical\" href=\"https:\/\/www.suno.com.br\/noticias\/superavit-comercial-china-cai-agosto\/\" \/>\n<meta property=\"og:locale\" content=\"pt_BR\" \/>\n<meta property=\"og:type\" content=\"article\" \/>\n<meta property=\"og:title\" content=\"Super\u00e1vit comercial da China cai para US$ 34,8 bilh\u00f5es em agosto\" \/>\n<meta property=\"og:description\" content=\"A China registrou um super\u00e1vit comercial de US$ 34,8 bilh\u00f5es em agosto, um resultado em queda ao de julho. Clique aqui para saber mais.\" \/>\n<meta property=\"og:url\" content=\"https:\/\/www.suno.com.br\/noticias\/superavit-comercial-china-cai-agosto\/\" \/>\n<meta property=\"og:site_name\" content=\"Suno Not\u00edcias\" \/>\n<meta property=\"article:publisher\" content=\"https:\/\/facebook.com\/sunoresearch\" \/>\n<meta property=\"og:image\" content=\"https:\/\/files.sunoresearch.com.br\/n\/uploads\/2019\/06\/5270b6b5-pib.jpg\" \/>\n\t<meta property=\"og:image:width\" content=\"1024\" \/>\n\t<meta property=\"og:image:height\" content=\"768\" \/>\n\t<meta property=\"og:image:type\" content=\"image\/jpeg\" \/>\n<meta name=\"author\" content=\"Carlo Cauti\" \/>\n<meta name=\"twitter:card\" content=\"summary_large_image\" \/>\n<meta name=\"twitter:creator\" content=\"@sunoresearch\" \/>\n<meta name=\"twitter:site\" content=\"@sunoresearch\" \/>\n<meta name=\"twitter:label1\" content=\"Escrito por\" \/>\n\t<meta name=\"twitter:data1\" content=\"Carlo Cauti\" \/>\n\t<meta name=\"twitter:label2\" content=\"Est. tempo de leitura\" \/>\n\t<meta name=\"twitter:data2\" content=\"3 minutos\" \/>\n<script type=\"application\/ld+json\" class=\"yoast-schema-graph\">{\"@context\":\"https:\/\/schema.org\",\"@graph\":[{\"@type\":\"NewsArticle\",\"@id\":\"https:\/\/www.suno.com.br\/noticias\/superavit-comercial-china-cai-agosto\/#article\",\"isPartOf\":{\"@id\":\"https:\/\/www.suno.com.br\/noticias\/superavit-comercial-china-cai-agosto\/\"},\"author\":{\"name\":\"Carlo Cauti\",\"@id\":\"https:\/\/www.suno.com.br\/noticias\/#\/schema\/person\/e6e0f723cc177805027f4566c1d5e0c8\"},\"headline\":\"Super\u00e1vit comercial da China cai para US$ 34,8 bilh\u00f5es em agosto\",\"datePublished\":\"2019-09-08T18:00:22+00:00\",\"dateModified\":\"2021-06-14T02:41:50+00:00\",\"mainEntityOfPage\":{\"@id\":\"https:\/\/www.suno.com.br\/noticias\/superavit-comercial-china-cai-agosto\/\"},\"wordCount\":681,\"publisher\":{\"@id\":\"https:\/\/www.suno.com.br\/noticias\/#organization\"},\"image\":{\"@id\":\"https:\/\/www.suno.com.br\/noticias\/superavit-comercial-china-cai-agosto\/#primaryimage\"},\"thumbnailUrl\":\"https:\/\/files.sunoresearch.com.br\/n\/uploads\/2019\/06\/5270b6b5-pib-jpg.webp\",\"keywords\":[\"China\",\"Estados Unidos (EUA)\",\"guerra comercial\"],\"articleSection\":[\"Internacional\"],\"inLanguage\":\"pt-BR\"},{\"@type\":\"WebPage\",\"@id\":\"https:\/\/www.suno.com.br\/noticias\/superavit-comercial-china-cai-agosto\/\",\"url\":\"https:\/\/www.suno.com.br\/noticias\/superavit-comercial-china-cai-agosto\/\",\"name\":\"Super\u00e1vit comercial da China cai para US$ 34,8 bilh\u00f5es em agosto\",\"isPartOf\":{\"@id\":\"https:\/\/www.suno.com.br\/noticias\/#website\"},\"primaryImageOfPage\":{\"@id\":\"https:\/\/www.suno.com.br\/noticias\/superavit-comercial-china-cai-agosto\/#primaryimage\"},\"image\":{\"@id\":\"https:\/\/www.suno.com.br\/noticias\/superavit-comercial-china-cai-agosto\/#primaryimage\"},\"thumbnailUrl\":\"https:\/\/files.sunoresearch.com.br\/n\/uploads\/2019\/06\/5270b6b5-pib-jpg.webp\",\"datePublished\":\"2019-09-08T18:00:22+00:00\",\"dateModified\":\"2021-06-14T02:41:50+00:00\",\"description\":\"A China registrou um super\u00e1vit comercial de US$ 34,8 bilh\u00f5es em agosto, um resultado em queda ao de julho. Clique aqui para saber mais.\",\"breadcrumb\":{\"@id\":\"https:\/\/www.suno.com.br\/noticias\/superavit-comercial-china-cai-agosto\/#breadcrumb\"},\"inLanguage\":\"pt-BR\",\"potentialAction\":[{\"@type\":\"ReadAction\",\"target\":[\"https:\/\/www.suno.com.br\/noticias\/superavit-comercial-china-cai-agosto\/\"]}]},{\"@type\":\"ImageObject\",\"inLanguage\":\"pt-BR\",\"@id\":\"https:\/\/www.suno.com.br\/noticias\/superavit-comercial-china-cai-agosto\/#primaryimage\",\"url\":\"https:\/\/files.sunoresearch.com.br\/n\/uploads\/2019\/06\/5270b6b5-pib-jpg.webp\",\"contentUrl\":\"https:\/\/files.sunoresearch.com.br\/n\/uploads\/2019\/06\/5270b6b5-pib-jpg.webp\",\"width\":1024,\"height\":768,\"caption\":\"Por que o PIB da China vai ser o \u00fanico a crescer em 2020\"},{\"@type\":\"BreadcrumbList\",\"@id\":\"https:\/\/www.suno.com.br\/noticias\/superavit-comercial-china-cai-agosto\/#breadcrumb\",\"itemListElement\":[{\"@type\":\"ListItem\",\"position\":1,\"name\":\"Not\u00edcias\",\"item\":\"https:\/\/www.suno.com.br\/noticias\/\"},{\"@type\":\"ListItem\",\"position\":2,\"name\":\"Internacional\",\"item\":\"https:\/\/www.suno.com.br\/noticias\/internacional\/\"},{\"@type\":\"ListItem\",\"position\":3,\"name\":\"Super\u00e1vit comercial da China cai para US$ 34,8 bilh\u00f5es em agosto\"}]},{\"@type\":\"WebSite\",\"@id\":\"https:\/\/www.suno.com.br\/noticias\/#website\",\"url\":\"https:\/\/www.suno.com.br\/noticias\/\",\"name\":\"Suno Not\u00edcias\",\"description\":\"Seu portal de informa\u00e7\u00e3o sobre o mundo dos investimentos\",\"publisher\":{\"@id\":\"https:\/\/www.suno.com.br\/noticias\/#organization\"},\"potentialAction\":[{\"@type\":\"SearchAction\",\"target\":{\"@type\":\"EntryPoint\",\"urlTemplate\":\"https:\/\/www.suno.com.br\/noticias\/?s={search_term_string}\"},\"query-input\":{\"@type\":\"PropertyValueSpecification\",\"valueRequired\":true,\"valueName\":\"search_term_string\"}}],\"inLanguage\":\"pt-BR\"},{\"@type\":\"Organization\",\"@id\":\"https:\/\/www.suno.com.br\/noticias\/#organization\",\"name\":\"Suno Not\u00edcias\",\"url\":\"https:\/\/www.suno.com.br\/noticias\/\",\"logo\":{\"@type\":\"ImageObject\",\"inLanguage\":\"pt-BR\",\"@id\":\"https:\/\/www.suno.com.br\/noticias\/#\/schema\/logo\/image\/\",\"url\":\"https:\/\/files.sunoresearch.com.br\/n\/uploads\/2021\/09\/suno-logo.png\",\"contentUrl\":\"https:\/\/files.sunoresearch.com.br\/n\/uploads\/2021\/09\/suno-logo.png\",\"width\":180,\"height\":180,\"caption\":\"Suno Not\u00edcias\"},\"image\":{\"@id\":\"https:\/\/www.suno.com.br\/noticias\/#\/schema\/logo\/image\/\"},\"sameAs\":[\"https:\/\/facebook.com\/sunoresearch\",\"https:\/\/x.com\/sunoresearch\",\"https:\/\/www.instagram.com\/suno\",\"https:\/\/www.linkedin.com\/company\/suno-research\/\",\"https:\/\/www.youtube.com\/c\/sunoresearch\"]},{\"@type\":\"Person\",\"@id\":\"https:\/\/www.suno.com.br\/noticias\/#\/schema\/person\/e6e0f723cc177805027f4566c1d5e0c8\",\"name\":\"Carlo Cauti\",\"image\":{\"@type\":\"ImageObject\",\"inLanguage\":\"pt-BR\",\"@id\":\"https:\/\/www.suno.com.br\/noticias\/#\/schema\/person\/image\/\",\"url\":\"https:\/\/secure.gravatar.com\/avatar\/3ada9e0bd164c23abd4792a9606d583c?s=96&r=g\",\"contentUrl\":\"https:\/\/secure.gravatar.com\/avatar\/3ada9e0bd164c23abd4792a9606d583c?s=96&r=g\",\"caption\":\"Carlo Cauti\"},\"description\":\"Editor multim\u00eddia do SUNO Not\u00edcias. Italiano, formado em Ci\u00eancias Pol\u00edticas pela universidade LUISS G. Carli de Roma e mestre cum laude em Rela\u00e7\u00f5es Internacionais, Jornalismo Internacional e de Guerra e em Economia Internacional. Concluiu tamb\u00e9m um MBA em Finan\u00e7as na B3. No Brasil, teve passagem por ve\u00edculos como Estad\u00e3o, Globo, Veja e EXAME. e nas ag\u00eancias de not\u00edcias italianas ANSA e NOVA.\",\"url\":\"https:\/\/www.suno.com.br\/noticias\/author\/carlo-cauti\/\"}]}<\/script>\n<!-- \/ Yoast SEO plugin. -->","yoast_head_json":{"title":"Super\u00e1vit comercial da China cai para US$ 34,8 bilh\u00f5es em agosto","description":"A China registrou um super\u00e1vit comercial de US$ 34,8 bilh\u00f5es em agosto, um resultado em queda ao de julho. Clique aqui para saber mais.","robots":{"index":"index","follow":"follow","max-snippet":"max-snippet:-1","max-image-preview":"max-image-preview:large","max-video-preview":"max-video-preview:-1"},"canonical":"https:\/\/www.suno.com.br\/noticias\/superavit-comercial-china-cai-agosto\/","og_locale":"pt_BR","og_type":"article","og_title":"Super\u00e1vit comercial da China cai para US$ 34,8 bilh\u00f5es em agosto","og_description":"A China registrou um super\u00e1vit comercial de US$ 34,8 bilh\u00f5es em agosto, um resultado em queda ao de julho. Clique aqui para saber mais.","og_url":"https:\/\/www.suno.com.br\/noticias\/superavit-comercial-china-cai-agosto\/","og_site_name":"Suno Not\u00edcias","article_publisher":"https:\/\/facebook.com\/sunoresearch","og_image":[{"width":1024,"height":768,"url":"https:\/\/files.sunoresearch.com.br\/n\/uploads\/2019\/06\/5270b6b5-pib.jpg","type":"image\/jpeg"}],"author":"Carlo Cauti","twitter_card":"summary_large_image","twitter_creator":"@sunoresearch","twitter_site":"@sunoresearch","twitter_misc":{"Escrito por":"Carlo Cauti","Est. tempo de leitura":"3 minutos"},"schema":{"@context":"https:\/\/schema.org","@graph":[{"@type":"NewsArticle","@id":"https:\/\/www.suno.com.br\/noticias\/superavit-comercial-china-cai-agosto\/#article","isPartOf":{"@id":"https:\/\/www.suno.com.br\/noticias\/superavit-comercial-china-cai-agosto\/"},"author":{"name":"Carlo Cauti","@id":"https:\/\/www.suno.com.br\/noticias\/#\/schema\/person\/e6e0f723cc177805027f4566c1d5e0c8"},"headline":"Super\u00e1vit comercial da China cai para US$ 34,8 bilh\u00f5es em agosto","datePublished":"2019-09-08T18:00:22+00:00","dateModified":"2021-06-14T02:41:50+00:00","mainEntityOfPage":{"@id":"https:\/\/www.suno.com.br\/noticias\/superavit-comercial-china-cai-agosto\/"},"wordCount":681,"publisher":{"@id":"https:\/\/www.suno.com.br\/noticias\/#organization"},"image":{"@id":"https:\/\/www.suno.com.br\/noticias\/superavit-comercial-china-cai-agosto\/#primaryimage"},"thumbnailUrl":"https:\/\/files.sunoresearch.com.br\/n\/uploads\/2019\/06\/5270b6b5-pib-jpg.webp","keywords":["China","Estados Unidos (EUA)","guerra comercial"],"articleSection":["Internacional"],"inLanguage":"pt-BR"},{"@type":"WebPage","@id":"https:\/\/www.suno.com.br\/noticias\/superavit-comercial-china-cai-agosto\/","url":"https:\/\/www.suno.com.br\/noticias\/superavit-comercial-china-cai-agosto\/","name":"Super\u00e1vit comercial da China cai para US$ 34,8 bilh\u00f5es em agosto","isPartOf":{"@id":"https:\/\/www.suno.com.br\/noticias\/#website"},"primaryImageOfPage":{"@id":"https:\/\/www.suno.com.br\/noticias\/superavit-comercial-china-cai-agosto\/#primaryimage"},"image":{"@id":"https:\/\/www.suno.com.br\/noticias\/superavit-comercial-china-cai-agosto\/#primaryimage"},"thumbnailUrl":"https:\/\/files.sunoresearch.com.br\/n\/uploads\/2019\/06\/5270b6b5-pib-jpg.webp","datePublished":"2019-09-08T18:00:22+00:00","dateModified":"2021-06-14T02:41:50+00:00","description":"A China registrou um super\u00e1vit comercial de US$ 34,8 bilh\u00f5es em agosto, um resultado em queda ao de julho. Clique aqui para saber mais.","breadcrumb":{"@id":"https:\/\/www.suno.com.br\/noticias\/superavit-comercial-china-cai-agosto\/#breadcrumb"},"inLanguage":"pt-BR","potentialAction":[{"@type":"ReadAction","target":["https:\/\/www.suno.com.br\/noticias\/superavit-comercial-china-cai-agosto\/"]}]},{"@type":"ImageObject","inLanguage":"pt-BR","@id":"https:\/\/www.suno.com.br\/noticias\/superavit-comercial-china-cai-agosto\/#primaryimage","url":"https:\/\/files.sunoresearch.com.br\/n\/uploads\/2019\/06\/5270b6b5-pib-jpg.webp","contentUrl":"https:\/\/files.sunoresearch.com.br\/n\/uploads\/2019\/06\/5270b6b5-pib-jpg.webp","width":1024,"height":768,"caption":"Por que o PIB da China vai ser o \u00fanico a crescer em 2020"},{"@type":"BreadcrumbList","@id":"https:\/\/www.suno.com.br\/noticias\/superavit-comercial-china-cai-agosto\/#breadcrumb","itemListElement":[{"@type":"ListItem","position":1,"name":"Not\u00edcias","item":"https:\/\/www.suno.com.br\/noticias\/"},{"@type":"ListItem","position":2,"name":"Internacional","item":"https:\/\/www.suno.com.br\/noticias\/internacional\/"},{"@type":"ListItem","position":3,"name":"Super\u00e1vit comercial da China cai para US$ 34,8 bilh\u00f5es em agosto"}]},{"@type":"WebSite","@id":"https:\/\/www.suno.com.br\/noticias\/#website","url":"https:\/\/www.suno.com.br\/noticias\/","name":"Suno Not\u00edcias","description":"Seu portal de informa\u00e7\u00e3o sobre o mundo dos investimentos","publisher":{"@id":"https:\/\/www.suno.com.br\/noticias\/#organization"},"potentialAction":[{"@type":"SearchAction","target":{"@type":"EntryPoint","urlTemplate":"https:\/\/www.suno.com.br\/noticias\/?s={search_term_string}"},"query-input":{"@type":"PropertyValueSpecification","valueRequired":true,"valueName":"search_term_string"}}],"inLanguage":"pt-BR"},{"@type":"Organization","@id":"https:\/\/www.suno.com.br\/noticias\/#organization","name":"Suno Not\u00edcias","url":"https:\/\/www.suno.com.br\/noticias\/","logo":{"@type":"ImageObject","inLanguage":"pt-BR","@id":"https:\/\/www.suno.com.br\/noticias\/#\/schema\/logo\/image\/","url":"https:\/\/files.sunoresearch.com.br\/n\/uploads\/2021\/09\/suno-logo.png","contentUrl":"https:\/\/files.sunoresearch.com.br\/n\/uploads\/2021\/09\/suno-logo.png","width":180,"height":180,"caption":"Suno Not\u00edcias"},"image":{"@id":"https:\/\/www.suno.com.br\/noticias\/#\/schema\/logo\/image\/"},"sameAs":["https:\/\/facebook.com\/sunoresearch","https:\/\/x.com\/sunoresearch","https:\/\/www.instagram.com\/suno","https:\/\/www.linkedin.com\/company\/suno-research\/","https:\/\/www.youtube.com\/c\/sunoresearch"]},{"@type":"Person","@id":"https:\/\/www.suno.com.br\/noticias\/#\/schema\/person\/e6e0f723cc177805027f4566c1d5e0c8","name":"Carlo Cauti","image":{"@type":"ImageObject","inLanguage":"pt-BR","@id":"https:\/\/www.suno.com.br\/noticias\/#\/schema\/person\/image\/","url":"https:\/\/secure.gravatar.com\/avatar\/3ada9e0bd164c23abd4792a9606d583c?s=96&r=g","contentUrl":"https:\/\/secure.gravatar.com\/avatar\/3ada9e0bd164c23abd4792a9606d583c?s=96&r=g","caption":"Carlo Cauti"},"description":"Editor multim\u00eddia do SUNO Not\u00edcias. Italiano, formado em Ci\u00eancias Pol\u00edticas pela universidade LUISS G. Carli de Roma e mestre cum laude em Rela\u00e7\u00f5es Internacionais, Jornalismo Internacional e de Guerra e em Economia Internacional. Concluiu tamb\u00e9m um MBA em Finan\u00e7as na B3. No Brasil, teve passagem por ve\u00edculos como Estad\u00e3o, Globo, Veja e EXAME. e nas ag\u00eancias de not\u00edcias italianas ANSA e NOVA.","url":"https:\/\/www.suno.com.br\/noticias\/author\/carlo-cauti\/"}]}},"default_loop_html":"<div class=\"cardsPage__listCard__boxs\"><div class=\"cardsPage__listCard__boxs__img\"><a href=\"https:\/\/www.suno.com.br\/noticias\/superavit-comercial-china-cai-agosto\/\"><img class=\"mask\" src=\"https:\/\/www.suno.com.br\/noticias\/wp-content\/themes\/suno\/resources\/images\/spotlight\/spotlight1img\/bg-mask.png\" alt=\"Image Mask\"\/><img src=\"https:\/\/files.sunoresearch.com.br\/n\/uploads\/2019\/06\/5270b6b5-pib-400x200.webp\" alt=\"Super\u00e1vit comercial da China cai para US$ 34,8 bilh\u00f5es em agosto\"\/><\/a><span class=\"spotlightCategory\"><a href=\"https:\/\/www.suno.com.br\/noticias\/internacional\/\">Internacional<\/a><\/span><\/div><div class=\"cardsPage__listCard__boxs__content\"><a href=\"https:\/\/www.suno.com.br\/noticias\/superavit-comercial-china-cai-agosto\/\"><h2 class=\"content__title\">Super\u00e1vit comercial da China cai para US$ 34,8 bilh\u00f5es em agosto<\/h2><\/a><div class=\"newsContent__article__meta\"><div class=\"newsContent__article__meta__authorBox\"><a href=\"https:\/\/www.suno.com.br\/noticias\/author\/carlo-cauti\/\" class=\"authorBox__avatar noMobi\"><img src=\"https:\/\/files.sunoresearch.com.br\/n\/uploads\/2020\/08\/e3745f9a-perfil-carlo-cauti-150x150.webp\" alt=\"Carlo Cauti\"><\/a><div class=\"authorBox__name\"><span>por\n\t\t\t<a href=\"https:\/\/www.suno.com.br\/noticias\/author\/carlo-cauti\/\"><span itemprop=\"author\">Carlo Cauti<\/span><\/a><\/span><time datetime=\"2019-09-08T15:00:22-03:00\" itemprop=\"datePublished\">08\/09\/2019 15:00<\/time><\/div><\/div><\/div><\/div><\/div>","single_layout":"posts","amp_enabled":true,"_links":{"self":[{"href":"https:\/\/www.suno.com.br\/noticias\/wp-json\/wp\/v2\/posts\/36821"}],"collection":[{"href":"https:\/\/www.suno.com.br\/noticias\/wp-json\/wp\/v2\/posts"}],"about":[{"href":"https:\/\/www.suno.com.br\/noticias\/wp-json\/wp\/v2\/types\/post"}],"author":[{"embeddable":true,"href":"https:\/\/www.suno.com.br\/noticias\/wp-json\/wp\/v2\/users\/9"}],"replies":[{"embeddable":true,"href":"https:\/\/www.suno.com.br\/noticias\/wp-json\/wp\/v2\/comments?post=36821"}],"version-history":[{"count":1,"href":"https:\/\/www.suno.com.br\/noticias\/wp-json\/wp\/v2\/posts\/36821\/revisions"}],"predecessor-version":[{"id":157275,"href":"https:\/\/www.suno.com.br\/noticias\/wp-json\/wp\/v2\/posts\/36821\/revisions\/157275"}],"wp:featuredmedia":[{"embeddable":true,"href":"https:\/\/www.suno.com.br\/noticias\/wp-json\/wp\/v2\/media\/27281"}],"wp:attachment":[{"href":"https:\/\/www.suno.com.br\/noticias\/wp-json\/wp\/v2\/media?parent=36821"}],"wp:term":[{"taxonomy":"category","embeddable":true,"href":"https:\/\/www.suno.com.br\/noticias\/wp-json\/wp\/v2\/categories?post=36821"},{"taxonomy":"post_tag","embeddable":true,"href":"https:\/\/www.suno.com.br\/noticias\/wp-json\/wp\/v2\/tags?post=36821"},{"taxonomy":"suno_strategy","embeddable":true,"href":"https:\/\/www.suno.com.br\/noticias\/wp-json\/wp\/v2\/suno_strategy?post=36821"}],"curies":[{"name":"wp","href":"https:\/\/api.w.org\/{rel}","templated":true}]}}