{"id":368069,"date":"2023-02-24T14:01:17","date_gmt":"2023-02-24T17:01:17","guid":{"rendered":"https:\/\/www.suno.com.br\/noticias\/?p=368069"},"modified":"2023-02-24T18:36:19","modified_gmt":"2023-02-24T21:36:19","slug":"vale-vale3-acoes-24022023","status":"publish","type":"post","link":"https:\/\/www.suno.com.br\/noticias\/vale-vale3-acoes-24022023\/","title":{"rendered":"Vale (VALE3) e mineradoras despencam e puxam queda do Ibovespa; veja cota\u00e7\u00e3o"},"content":{"rendered":"<p>As a\u00e7\u00f5es da\u00a0<strong>Vale<\/strong>\u00a0(VALE3) operaram em queda nesta sexta-feira (24) e recuaram 2,2% no fechamento do preg\u00e3o, cotadas a R$ 85,04, ap\u00f3s uma semana de volatilidade nos pap\u00e9is, com quedas di\u00e1rias. Junto a queda da blue chip, o Ibovespa perdeu 1,67% aos 105.798,43 pontos.<\/p>\t<div class=\"wrapper-featured-image\">\n\t\t<figure class=\"spotlightImg\">\n\n\t\t\t<picture>\n\t\t\t\t<source media=\"(max-width: 768px)\" srcset=\"https:\/\/files.sunoresearch.com.br\/n\/uploads\/2023\/02\/vale-vale3-1-400x200.jpg\">\n\t\t\t\t<img loading=\"lazy\" decoding=\"async\" class=\"newsContent__article__imgCapa lazyloadDisabled \" src=\"https:\/\/files.sunoresearch.com.br\/n\/uploads\/2023\/02\/vale-vale3-1-800x450.jpg\" width=\"800\" height=\"450\" alt=\"Vale (VALE3) e mineradoras despencam e puxam queda do Ibovespa; veja cota\u00e7\u00e3o\" fetchpriority=high \/>\n\t\t\t<\/picture>\n\n\t\t\t<figcaption class=\"wp-caption-text wp-caption-text--show\">A\u00e7\u00f5es da Vale (VALE3) sobem com revis\u00e3o do min\u00e9rio e possibilidade de dividendos. Foto: Reprodu\u00e7\u00e3o Facebook<\/figcaption>\n\t\t<\/figure>\n\t<\/div>\n\n\n\n\n\n\t<p>\n\t\t<a href=\"\" target=\"_blank\" data-element=\"shortcode-suno-banner\" title=\"Banner SUNO, clique e saiba mais\">\n\t\t\t<picture>\n\t\t\t\t<source media=\"(max-width: 500px)\" srcset=\"\">\n\t\t\t\t<img class=\"newsContent__article__imgCapa newsContent__article__imgCapa--banner\"\n\t\t\t\t\tsrc=\"\"\n\t\t\t\t\tdata-promo-id=\"89005\"\t\t\t\t\t\t\t\t\t\t\t\t\t\t\talt=\"\"\n\t\t\t\t>\n\t\t\t<\/picture>\n\t\t<\/a>\n\t<\/p>\n\n\n\n\n\t<div data-element=\"shortcode-read-more\" class=\"knowMore\">\n\t\t\t\t<span class=\"knowMore__title\">Leia mais<\/span>\n\t\t\t\t<a class=\"knowMore__link\" href=\"https:\/\/www.suno.com.br\/noticias\/vale-vale3-mercado-receoso-resultado-4t22\/\">\n\t\t\tResultado em linha e proventos bilion\u00e1rios: por que especialistas n\u00e3o confiam na Vale (VALE3)?\t\t<\/a>\n\t<\/div>\n\n\n\n\n<p>No \u00faltimo m\u00eas, os&nbsp;<strong>ativos da Vale<\/strong>&nbsp;operaram com uma desvaloriza\u00e7\u00e3o de 8,76%. No entanto, no acumulado dos \u00faltimos 12 meses, subiram 0,91%, de acordo com os dados do&nbsp;<a href=\"https:\/\/statusinvest.com.br\/acoes\/vale3?__hstc=189907700.06ce5f9bd2d3492cf6a03ae3f979f831.1672843763501.1677243324512.1677251563939.189&amp;__hssc=189907700.14.1677251563939&amp;__hsfp=2139439434\" target=\"_blank\" rel=\"noreferrer noopener\">Status Invest<\/a>.<\/p>\n\n\n\n<p>Junto \u00e0&nbsp;<strong>queda da Vale no Ibovespa<\/strong>, as empresas do setor de minera\u00e7\u00e3o e siderurgia tamb\u00e9m operam com perdas. Confira abaixo:<\/p>\n\n\n\n<ul class=\"wp-block-list\">\n<li>CSN (CSNA3): -5,22%<\/li>\n\n\n\n<li>CSN Minera\u00e7\u00e3o (CMIN3): -5,52%<\/li>\n\n\n\n<li>Usiminas (USIM5): -2,43%<\/li>\n\n\n\n<li>Metal\u00fargica Gerdau (GOAU4): -1,12%<\/li>\n\n\n\n<li>Gerdau (GGBR4): -1,41%<\/li>\n<\/ul>\n\n\n\t<p>\n\t\t<a href=\"https:\/\/lp.suno.com.br\/planilha-controle-gastos\/\" target=\"_blank\" data-element=\"shortcode-suno-banner\" title=\"Banner SUNO, clique e saiba mais\">\n\t\t\t<picture>\n\t\t\t\t<source media=\"(max-width: 500px)\" srcset=\"https:\/\/files.sunoresearch.com.br\/n\/uploads\/2023\/03\/400x300-Planilha-controle-de-gastos.png\">\n\t\t\t\t<img class=\"newsContent__article__imgCapa newsContent__article__imgCapa--banner\"\n\t\t\t\t\tsrc=\"https:\/\/files.sunoresearch.com.br\/n\/uploads\/2023\/03\/1420x240-Planilha-controle-de-gastos.png\"\n\t\t\t\t\tdata-promo-id=\"101751\"\t\t\t\t\t\t\t\t\t\twidth='1420' height='240'\t\t\t\t\talt=\"https:\/\/files.sunoresearch.com.br\/n\/uploads\/2023\/03\/1420x240-Planilha-controle-de-gastos.png\"\n\t\t\t\t>\n\t\t\t<\/picture>\n\t\t<\/a>\n\t<\/p>\n\n\n\n\n\n<p>Entre as raz\u00f5es para a&nbsp;<strong>queda da Vale e mineradoras no Ibovespa<\/strong>&nbsp;est\u00e1 a cota\u00e7\u00e3o do min\u00e9rio de ferro. Nesta sexta-feira, a commodity, negociada na bolsa de Dalian, recuou 0,22% e fechou em aproximadamente a US$ 131,04 (909,50 iuanes) a tonelada.<\/p>\n\n\n\n<h2 class=\"wp-block-heading\" id=\"h-goldman-projeta-queda-de-20-nas-acoes-da-vale\">Goldman projeta queda de 20% nas a\u00e7\u00f5es da Vale<\/h2>\n\n\n\n<p>O recente rali do min\u00e9rio fez com que as a\u00e7\u00f5es da&nbsp;<strong>Vale<\/strong> ficassem mais expostas e sob a mira dos investidores. No entanto, ainda que tenha elevado o pre\u00e7o-alvo para os ADRs da mineradora de US$ 12 para US$ 13,50, o Goldman Sachs mant\u00e9m a recomenda\u00e7\u00e3o neutra para a compra e destaca a desacelera\u00e7\u00e3o futura dos pap\u00e9is com a baixa demanda pela commodity.<\/p>\n\n\n\t<p>\n\t\t<a href=\"https:\/\/lp.suno.com.br\/planilha-da-vida-financeira\/\" target=\"_blank\" data-element=\"shortcode-suno-banner\" title=\"Banner SUNO, clique e saiba mais\">\n\t\t\t<picture>\n\t\t\t\t<source media=\"(max-width: 500px)\" srcset=\"https:\/\/files.sunoresearch.com.br\/n\/uploads\/2023\/04\/400x300-Planilha-vida-financeira-true.png\">\n\t\t\t\t<img class=\"newsContent__article__imgCapa newsContent__article__imgCapa--banner\"\n\t\t\t\t\tsrc=\"https:\/\/files.sunoresearch.com.br\/n\/uploads\/2023\/04\/1420x240-Planilha-vida-financeira-true.png\"\n\t\t\t\t\tdata-promo-id=\"106682\"\t\t\t\t\t\t\t\t\t\twidth='1420' height='240'\t\t\t\t\talt=\"https:\/\/files.sunoresearch.com.br\/n\/uploads\/2023\/04\/1420x240-Planilha-vida-financeira-true.png\"\n\t\t\t\t>\n\t\t\t<\/picture>\n\t\t<\/a>\n\t<\/p>\n\n\n\n\n\n<p>Ap\u00f3s a divulga\u00e7\u00e3o do&nbsp;<strong>balan\u00e7o do quarto trimestre da Vale<\/strong>, a casa de investimentos atualizou suas proje\u00e7\u00f5es refletindo a cota\u00e7\u00e3o do min\u00e9rio de ferro e as taxas de c\u00e2mbio recentes.<\/p>\n\n\n\n<p>\u201cNossa proje\u00e7\u00e3o de Ebitda da Vale (Lucros antes de juros, impostos, <a class=\"suno-keyword\" target=\"_blank\" data-force=\"no\" data-priority=\"1\" href=\"https:\/\/www.suno.com.br\/artigos\/depreciacao-amortizacao\/\" rel=\"noopener\">deprecia\u00e7\u00e3o e amortiza\u00e7\u00e3o<\/a>) para 2023-25 aumentou em 4-24% em rela\u00e7\u00e3o aos nossos n\u00fameros antigos, e agora estamos+2 (2023)\/-20 (2024)\/-25% (2025) versus o consenso Bloomberg sobre o mesmo per\u00edodo\u201d, escreveram os analistas Marcio Farid, Gabriel Simoes e Henrique Marques.<\/p>\n\n\n\n<p>O novo pre\u00e7o-alvo do&nbsp;<strong>ADR da Vale<\/strong>, de US$ 13,50, apesar de mais alto em rela\u00e7\u00e3o ao \u00faltimo relat\u00f3rio, representa uma queda de aproximadamente 20% em rela\u00e7\u00e3o \u00e0 cota\u00e7\u00e3o atual, de US$ 16,80. Segundo o Goldman, a atualiza\u00e7\u00e3o busca estar em linha com a cota\u00e7\u00e3o do min\u00e9rio de ferro a&nbsp;<a href=\"https:\/\/www.suno.com.br\/artigos\/longo-prazo\/\" target=\"_blank\" rel=\"noreferrer noopener\">longo prazo<\/a>.<\/p>\n\n\n\t<p>\n\t\t<a href=\"https:\/\/lp.suno.com.br\/planilha-de-controle-de-investimentos\/\" target=\"_blank\" data-element=\"shortcode-suno-banner\" title=\"Banner SUNO, clique e saiba mais\">\n\t\t\t<picture>\n\t\t\t\t<source media=\"(max-width: 500px)\" srcset=\"https:\/\/files.sunoresearch.com.br\/n\/uploads\/2023\/03\/400x300-Controle-de-Investimentos.png\">\n\t\t\t\t<img class=\"newsContent__article__imgCapa newsContent__article__imgCapa--banner\"\n\t\t\t\t\tsrc=\"https:\/\/files.sunoresearch.com.br\/n\/uploads\/2023\/03\/1420x240-Controle-de-Investimentos.png\"\n\t\t\t\t\tdata-promo-id=\"75934\"\t\t\t\t\t\t\t\t\t\twidth='1420' height='240'\t\t\t\t\talt=\"https:\/\/files.sunoresearch.com.br\/n\/uploads\/2023\/03\/1420x240-Controle-de-Investimentos.png\"\n\t\t\t\t>\n\t\t\t<\/picture>\n\t\t<\/a>\n\t<\/p>\n\n\n\n\n\t\t<div class=\"web-stories-list alignnone has-archive-link is-view-type-carousel is-style-default is-carousel\" data-id=\"1\">\n\t\t\t<div\n\t\t\tclass=\"web-stories-list__inner-wrapper carousel-1\"\n\t\t\tstyle=\"--ws-story-max-width:185px\"\n\t\t\t>\n\t\t\t\t\t\t<div class=\"web-stories-list__archive-link\">\n\t\t\t<a href=\"https:\/\/www.suno.com.br\/noticias\/web-stories\/\">\n\t\t\t\tConfira os melhores webstories!\t\t\t<\/a>\n\t\t<\/div>\n\t\t\t\t\t\t\t<div\n\t\t\t\t\tclass=\"web-stories-list__carousel carousel\"\n\t\t\t\t\tdata-id=\"carousel-1\"\n\t\t\t\t\tdata-prev=\"Voltar\"\n\t\t\t\t\tdata-next=\"Avan\u00e7ar\"\n\t\t\t\t\t>\n\t\t\t\t\t\t\t\t\t<div\n\t\t\t\tclass=\"web-stories-list__story\"\n\t\t\t\tdata-wp-interactive=\"web-stories-block\"\n\t\t\t\tdata-wp-context='{\"instanceId\":1}'\t\t\t\tdata-wp-on--click=\"actions.open\"\n\t\t\t\tdata-wp-on-window--popstate=\"actions.onPopstate\"\n\t\t\t\t>\n\t\t\t\t\t\t\t<div class=\"web-stories-list__story-poster\">\n\t\t\t\t<a href=\"https:\/\/www.suno.com.br\/noticias\/web-stories\/por-que-as-acoes-da-nvidia-estao-despencando\/\" >\n\t\t\t\t\t<img\n\t\t\t\t\t\tsrc=\"https:\/\/files.sunoresearch.com.br\/n\/uploads\/2025\/11\/cropped-pexels-stasknop-19356873-scaled-1.webp\"\n\t\t\t\t\t\talt=\"Por que as a\u00e7\u00f5es da Nvidia est\u00e3o despencando?\"\n\t\t\t\t\t\twidth=\"185\"\n\t\t\t\t\t\theight=\"308\"\n\t\t\t\t\t\t\t\t\t\t\t\t\tsrcset=\"https:\/\/files.sunoresearch.com.br\/n\/uploads\/2025\/11\/cropped-pexels-stasknop-19356873-scaled-1.webp 640w, https:\/\/files.sunoresearch.com.br\/n\/uploads\/2025\/11\/cropped-pexels-stasknop-19356873-scaled-1-225x300.webp 225w, https:\/\/files.sunoresearch.com.br\/n\/uploads\/2025\/11\/cropped-pexels-stasknop-19356873-scaled-1-150x200.webp 150w\"\n\t\t\t\t\t\t\t\t\t\t\t\t\t\t\t\t\t\t\tsizes=\"(max-width: 640px) 100vw, 640px\"\n\t\t\t\t\t\t\t\t\t\t\t\tloading=\"lazy\"\n\t\t\t\t\t\tdecoding=\"async\"\n\t\t\t\t\t>\n\t\t\t\t<\/a>\n\t\t\t<\/div>\n\t\t\t\t\t<div class=\"web-stories-list__story-content-overlay\">\n\t\t\t\t\t\t\t<div class=\"story-content-overlay__title\">\n\t\t\t\t\tPor que as a\u00e7\u00f5es da Nvidia est\u00e3o despencando?\t\t\t\t<\/div>\n\t\t\t\n\t\t\t\n\t\t\t\n\t\t\t\t\t<\/div>\n\t\t\t\t\t<\/div>\n\t\t\t\t\t\t<div\n\t\t\t\tclass=\"web-stories-list__story\"\n\t\t\t\tdata-wp-interactive=\"web-stories-block\"\n\t\t\t\tdata-wp-context='{\"instanceId\":1}'\t\t\t\tdata-wp-on--click=\"actions.open\"\n\t\t\t\tdata-wp-on-window--popstate=\"actions.onPopstate\"\n\t\t\t\t>\n\t\t\t\t\t\t\t<div class=\"web-stories-list__story-poster\">\n\t\t\t\t<a href=\"https:\/\/www.suno.com.br\/noticias\/web-stories\/quanto-falta-para-elon-musk-se-tornar-trilionario\/\" >\n\t\t\t\t\t<img\n\t\t\t\t\t\tsrc=\"https:\/\/files.sunoresearch.com.br\/n\/uploads\/2026\/01\/cropped-Elon-Musk-jpg.webp\"\n\t\t\t\t\t\talt=\"Quanto falta para Elon Musk se tornar trilion\u00e1rio?\"\n\t\t\t\t\t\twidth=\"185\"\n\t\t\t\t\t\theight=\"308\"\n\t\t\t\t\t\t\t\t\t\t\t\t\tsrcset=\"https:\/\/files.sunoresearch.com.br\/n\/uploads\/2026\/01\/cropped-Elon-Musk-jpg.webp 640w, https:\/\/files.sunoresearch.com.br\/n\/uploads\/2026\/01\/cropped-Elon-Musk-jpg-225x300.webp 225w, https:\/\/files.sunoresearch.com.br\/n\/uploads\/2026\/01\/cropped-Elon-Musk-jpg-150x200.webp 150w\"\n\t\t\t\t\t\t\t\t\t\t\t\t\t\t\t\t\t\t\tsizes=\"(max-width: 640px) 100vw, 640px\"\n\t\t\t\t\t\t\t\t\t\t\t\tloading=\"lazy\"\n\t\t\t\t\t\tdecoding=\"async\"\n\t\t\t\t\t>\n\t\t\t\t<\/a>\n\t\t\t<\/div>\n\t\t\t\t\t<div class=\"web-stories-list__story-content-overlay\">\n\t\t\t\t\t\t\t<div class=\"story-content-overlay__title\">\n\t\t\t\t\tQuanto falta para Elon Musk se tornar trilion\u00e1rio?\t\t\t\t<\/div>\n\t\t\t\n\t\t\t\n\t\t\t\n\t\t\t\t\t<\/div>\n\t\t\t\t\t<\/div>\n\t\t\t\t\t\t<div\n\t\t\t\tclass=\"web-stories-list__story\"\n\t\t\t\tdata-wp-interactive=\"web-stories-block\"\n\t\t\t\tdata-wp-context='{\"instanceId\":1}'\t\t\t\tdata-wp-on--click=\"actions.open\"\n\t\t\t\tdata-wp-on-window--popstate=\"actions.onPopstate\"\n\t\t\t\t>\n\t\t\t\t\t\t\t<div class=\"web-stories-list__story-poster\">\n\t\t\t\t<a href=\"https:\/\/www.suno.com.br\/noticias\/web-stories\/ate-onde-vai-a-alta-do-ibovespa\/\" >\n\t\t\t\t\t<img\n\t\t\t\t\t\tsrc=\"https:\/\/files.sunoresearch.com.br\/n\/uploads\/2025\/11\/cropped-iStock-1215609239-jpg.webp\"\n\t\t\t\t\t\talt=\"At\u00e9 onde vai a alta do Ibovespa?\"\n\t\t\t\t\t\twidth=\"185\"\n\t\t\t\t\t\theight=\"308\"\n\t\t\t\t\t\t\t\t\t\t\t\t\tsrcset=\"https:\/\/files.sunoresearch.com.br\/n\/uploads\/2025\/11\/cropped-iStock-1215609239-jpg.webp 640w, https:\/\/files.sunoresearch.com.br\/n\/uploads\/2025\/11\/cropped-iStock-1215609239-jpg-225x300.webp 225w, https:\/\/files.sunoresearch.com.br\/n\/uploads\/2025\/11\/cropped-iStock-1215609239-jpg-150x200.webp 150w\"\n\t\t\t\t\t\t\t\t\t\t\t\t\t\t\t\t\t\t\tsizes=\"(max-width: 640px) 100vw, 640px\"\n\t\t\t\t\t\t\t\t\t\t\t\tloading=\"lazy\"\n\t\t\t\t\t\tdecoding=\"async\"\n\t\t\t\t\t>\n\t\t\t\t<\/a>\n\t\t\t<\/div>\n\t\t\t\t\t<div class=\"web-stories-list__story-content-overlay\">\n\t\t\t\t\t\t\t<div class=\"story-content-overlay__title\">\n\t\t\t\t\tAt\u00e9 onde vai a alta do Ibovespa?\t\t\t\t<\/div>\n\t\t\t\n\t\t\t\n\t\t\t\n\t\t\t\t\t<\/div>\n\t\t\t\t\t<\/div>\n\t\t\t\t\t\t<div\n\t\t\t\tclass=\"web-stories-list__story\"\n\t\t\t\tdata-wp-interactive=\"web-stories-block\"\n\t\t\t\tdata-wp-context='{\"instanceId\":1}'\t\t\t\tdata-wp-on--click=\"actions.open\"\n\t\t\t\tdata-wp-on-window--popstate=\"actions.onPopstate\"\n\t\t\t\t>\n\t\t\t\t\t\t\t<div class=\"web-stories-list__story-poster\">\n\t\t\t\t<a href=\"https:\/\/www.suno.com.br\/noticias\/web-stories\/banco-brasileiro-itau-lista-marcas-mais-valiosas-mundo\/\" >\n\t\t\t\t\t<img\n\t\t\t\t\t\tsrc=\"https:\/\/files.sunoresearch.com.br\/n\/uploads\/2024\/01\/cropped-predio-itau.webp\"\n\t\t\t\t\t\talt=\"Banco brasileiro est\u00e1 entre as 500 marcas mais valiosas do mundo\"\n\t\t\t\t\t\twidth=\"185\"\n\t\t\t\t\t\theight=\"308\"\n\t\t\t\t\t\t\t\t\t\t\t\t\tsrcset=\"https:\/\/files.sunoresearch.com.br\/n\/uploads\/2024\/01\/cropped-predio-itau.webp 640w, https:\/\/files.sunoresearch.com.br\/n\/uploads\/2024\/01\/cropped-predio-itau-225x300.webp 225w, https:\/\/files.sunoresearch.com.br\/n\/uploads\/2024\/01\/cropped-predio-itau-150x200.webp 150w\"\n\t\t\t\t\t\t\t\t\t\t\t\t\t\t\t\t\t\t\tsizes=\"(max-width: 640px) 100vw, 640px\"\n\t\t\t\t\t\t\t\t\t\t\t\tloading=\"lazy\"\n\t\t\t\t\t\tdecoding=\"async\"\n\t\t\t\t\t>\n\t\t\t\t<\/a>\n\t\t\t<\/div>\n\t\t\t\t\t<div class=\"web-stories-list__story-content-overlay\">\n\t\t\t\t\t\t\t<div class=\"story-content-overlay__title\">\n\t\t\t\t\tBanco brasileiro est\u00e1 entre as 500 marcas mais valiosas do mundo\t\t\t\t<\/div>\n\t\t\t\n\t\t\t\n\t\t\t\n\t\t\t\t\t<\/div>\n\t\t\t\t\t<\/div>\n\t\t\t\t\t\t<div\n\t\t\t\tclass=\"web-stories-list__story\"\n\t\t\t\tdata-wp-interactive=\"web-stories-block\"\n\t\t\t\tdata-wp-context='{\"instanceId\":1}'\t\t\t\tdata-wp-on--click=\"actions.open\"\n\t\t\t\tdata-wp-on-window--popstate=\"actions.onPopstate\"\n\t\t\t\t>\n\t\t\t\t\t\t\t<div class=\"web-stories-list__story-poster\">\n\t\t\t\t<a href=\"https:\/\/www.suno.com.br\/noticias\/web-stories\/flamengo-lista-times-mais-ricos-do-mundo-hoje\/\" >\n\t\t\t\t\t<img\n\t\t\t\t\t\tsrc=\"https:\/\/files.sunoresearch.com.br\/n\/uploads\/2026\/01\/cropped-brazil-6755874_1280-jpg.webp\"\n\t\t\t\t\t\talt=\"Flamengo na lista! Veja os times mais ricos do mundo hoje\"\n\t\t\t\t\t\twidth=\"185\"\n\t\t\t\t\t\theight=\"308\"\n\t\t\t\t\t\t\t\t\t\t\t\t\tsrcset=\"https:\/\/files.sunoresearch.com.br\/n\/uploads\/2026\/01\/cropped-brazil-6755874_1280-jpg.webp 640w, https:\/\/files.sunoresearch.com.br\/n\/uploads\/2026\/01\/cropped-brazil-6755874_1280-jpg-225x300.webp 225w, https:\/\/files.sunoresearch.com.br\/n\/uploads\/2026\/01\/cropped-brazil-6755874_1280-jpg-150x200.webp 150w\"\n\t\t\t\t\t\t\t\t\t\t\t\t\t\t\t\t\t\t\tsizes=\"(max-width: 640px) 100vw, 640px\"\n\t\t\t\t\t\t\t\t\t\t\t\tloading=\"lazy\"\n\t\t\t\t\t\tdecoding=\"async\"\n\t\t\t\t\t>\n\t\t\t\t<\/a>\n\t\t\t<\/div>\n\t\t\t\t\t<div class=\"web-stories-list__story-content-overlay\">\n\t\t\t\t\t\t\t<div class=\"story-content-overlay__title\">\n\t\t\t\t\tFlamengo na lista! Veja os times mais ricos do mundo hoje\t\t\t\t<\/div>\n\t\t\t\n\t\t\t\n\t\t\t\n\t\t\t\t\t<\/div>\n\t\t\t\t\t<\/div>\n\t\t\t\t\t\t\t\t<\/div>\n\t\t\t\t\t<div tabindex=\"0\" aria-label=\"Voltar\" class=\"glider-prev\"><\/div>\n\t\t\t\t\t<div tabindex=\"0\" aria-label=\"Avan\u00e7ar\" class=\"glider-next\"><\/div>\n\t\t\t\t\t\t\t\t<\/div>\n\t\t<\/div>\n\t\t","protected":false},"excerpt":{"rendered":"<p>As a\u00e7\u00f5es da\u00a0Vale\u00a0(VALE3) operaram em queda nesta sexta-feira (24) e recuaram 2,2% no fechamento do preg\u00e3o, cotadas a R$ 85,04, ap\u00f3s uma semana de volatilidade nos pap\u00e9is, com quedas di\u00e1rias. Junto a queda da blue chip, o Ibovespa perdeu 1,67% aos 105.798,43 pontos. A\u00e7\u00f5es da Vale (VALE3) sobem com revis\u00e3o do min\u00e9rio e possibilidade de [&hellip;]<\/p>\n","protected":false},"author":233,"featured_media":368083,"comment_status":"closed","ping_status":"closed","sticky":false,"template":"","format":"standard","meta":[],"categories":[64],"tags":[286,676],"suno_strategy":[],"class_list":["post-368069","post","type-post","status-publish","format-standard","has-post-thumbnail","hentry","category-negocios","tag-acoes","tag-vale-vale3"],"yoast_head":"<!-- This site is optimized with the Yoast SEO plugin v24.4 - https:\/\/yoast.com\/wordpress\/plugins\/seo\/ -->\n<title>Vale (VALE3) e mineradoras despencam e puxam queda do Ibovespa<\/title>\n<meta name=\"description\" content=\"As a\u00e7\u00f5es da Vale (VALE3) caem no preg\u00e3o desta sexta. Por volta das 14h, os pap\u00e9is da companhia tinham baixa de 1,93%. Entenda!\" \/>\n<meta name=\"robots\" content=\"index, follow, max-snippet:-1, max-image-preview:large, max-video-preview:-1\" \/>\n<link rel=\"canonical\" href=\"https:\/\/www.suno.com.br\/noticias\/vale-vale3-acoes-24022023\/\" \/>\n<meta property=\"og:locale\" content=\"pt_BR\" \/>\n<meta property=\"og:type\" content=\"article\" \/>\n<meta property=\"og:title\" content=\"Vale (VALE3) e mineradoras despencam e puxam queda do Ibovespa\" \/>\n<meta property=\"og:description\" content=\"As a\u00e7\u00f5es da Vale (VALE3) caem no preg\u00e3o desta sexta. Por volta das 14h, os pap\u00e9is da companhia tinham baixa de 1,93%. Entenda!\" \/>\n<meta property=\"og:url\" content=\"https:\/\/www.suno.com.br\/noticias\/vale-vale3-acoes-24022023\/\" \/>\n<meta property=\"og:site_name\" content=\"Suno Not\u00edcias\" \/>\n<meta property=\"article:publisher\" content=\"https:\/\/facebook.com\/sunoresearch\" \/>\n<meta property=\"og:image\" content=\"https:\/\/files.sunoresearch.com.br\/n\/uploads\/2023\/02\/vale-vale3-1.jpg\" \/>\n\t<meta property=\"og:image:width\" content=\"1433\" \/>\n\t<meta property=\"og:image:height\" content=\"800\" \/>\n\t<meta property=\"og:image:type\" content=\"image\/jpeg\" \/>\n<meta name=\"author\" content=\"Janize Cola\u00e7o\" \/>\n<meta name=\"twitter:card\" content=\"summary_large_image\" \/>\n<meta name=\"twitter:creator\" content=\"@sunoresearch\" \/>\n<meta name=\"twitter:site\" content=\"@sunoresearch\" \/>\n<meta name=\"twitter:label1\" content=\"Escrito por\" \/>\n\t<meta name=\"twitter:data1\" content=\"Janize Cola\u00e7o\" \/>\n\t<meta name=\"twitter:label2\" content=\"Est. tempo de leitura\" \/>\n\t<meta name=\"twitter:data2\" content=\"3 minutos\" \/>\n<script type=\"application\/ld+json\" class=\"yoast-schema-graph\">{\"@context\":\"https:\/\/schema.org\",\"@graph\":[{\"@type\":\"NewsArticle\",\"@id\":\"https:\/\/www.suno.com.br\/noticias\/vale-vale3-acoes-24022023\/#article\",\"isPartOf\":{\"@id\":\"https:\/\/www.suno.com.br\/noticias\/vale-vale3-acoes-24022023\/\"},\"author\":{\"name\":\"Janize Cola\u00e7o\",\"@id\":\"https:\/\/www.suno.com.br\/noticias\/#\/schema\/person\/d689f06da5678e1f0b1ee402f001d676\"},\"headline\":\"Vale (VALE3) e mineradoras despencam e puxam queda do Ibovespa; veja cota\u00e7\u00e3o\",\"datePublished\":\"2023-02-24T17:01:17+00:00\",\"dateModified\":\"2023-02-24T21:36:19+00:00\",\"mainEntityOfPage\":{\"@id\":\"https:\/\/www.suno.com.br\/noticias\/vale-vale3-acoes-24022023\/\"},\"wordCount\":416,\"publisher\":{\"@id\":\"https:\/\/www.suno.com.br\/noticias\/#organization\"},\"image\":{\"@id\":\"https:\/\/www.suno.com.br\/noticias\/vale-vale3-acoes-24022023\/#primaryimage\"},\"thumbnailUrl\":\"https:\/\/files.sunoresearch.com.br\/n\/uploads\/2023\/02\/vale-vale3-1.jpg\",\"keywords\":[\"A\u00e7\u00f5es\",\"Vale (VALE3)\"],\"articleSection\":[\"Neg\u00f3cios\"],\"inLanguage\":\"pt-BR\"},{\"@type\":\"WebPage\",\"@id\":\"https:\/\/www.suno.com.br\/noticias\/vale-vale3-acoes-24022023\/\",\"url\":\"https:\/\/www.suno.com.br\/noticias\/vale-vale3-acoes-24022023\/\",\"name\":\"Vale (VALE3) e mineradoras despencam e puxam queda do Ibovespa\",\"isPartOf\":{\"@id\":\"https:\/\/www.suno.com.br\/noticias\/#website\"},\"primaryImageOfPage\":{\"@id\":\"https:\/\/www.suno.com.br\/noticias\/vale-vale3-acoes-24022023\/#primaryimage\"},\"image\":{\"@id\":\"https:\/\/www.suno.com.br\/noticias\/vale-vale3-acoes-24022023\/#primaryimage\"},\"thumbnailUrl\":\"https:\/\/files.sunoresearch.com.br\/n\/uploads\/2023\/02\/vale-vale3-1.jpg\",\"datePublished\":\"2023-02-24T17:01:17+00:00\",\"dateModified\":\"2023-02-24T21:36:19+00:00\",\"description\":\"As a\u00e7\u00f5es da Vale (VALE3) caem no preg\u00e3o desta sexta. Por volta das 14h, os pap\u00e9is da companhia tinham baixa de 1,93%. Entenda!\",\"breadcrumb\":{\"@id\":\"https:\/\/www.suno.com.br\/noticias\/vale-vale3-acoes-24022023\/#breadcrumb\"},\"inLanguage\":\"pt-BR\",\"potentialAction\":[{\"@type\":\"ReadAction\",\"target\":[\"https:\/\/www.suno.com.br\/noticias\/vale-vale3-acoes-24022023\/\"]}]},{\"@type\":\"ImageObject\",\"inLanguage\":\"pt-BR\",\"@id\":\"https:\/\/www.suno.com.br\/noticias\/vale-vale3-acoes-24022023\/#primaryimage\",\"url\":\"https:\/\/files.sunoresearch.com.br\/n\/uploads\/2023\/02\/vale-vale3-1.jpg\",\"contentUrl\":\"https:\/\/files.sunoresearch.com.br\/n\/uploads\/2023\/02\/vale-vale3-1.jpg\",\"width\":1433,\"height\":800,\"caption\":\"A\u00e7\u00f5es da Vale (VALE3) sobem com revis\u00e3o do min\u00e9rio e possibilidade de dividendos. Foto: Reprodu\u00e7\u00e3o Facebook\"},{\"@type\":\"BreadcrumbList\",\"@id\":\"https:\/\/www.suno.com.br\/noticias\/vale-vale3-acoes-24022023\/#breadcrumb\",\"itemListElement\":[{\"@type\":\"ListItem\",\"position\":1,\"name\":\"Not\u00edcias\",\"item\":\"https:\/\/www.suno.com.br\/noticias\/\"},{\"@type\":\"ListItem\",\"position\":2,\"name\":\"Neg\u00f3cios\",\"item\":\"https:\/\/www.suno.com.br\/noticias\/negocios\/\"},{\"@type\":\"ListItem\",\"position\":3,\"name\":\"Vale (VALE3) e mineradoras despencam e puxam queda do Ibovespa; veja cota\u00e7\u00e3o\"}]},{\"@type\":\"WebSite\",\"@id\":\"https:\/\/www.suno.com.br\/noticias\/#website\",\"url\":\"https:\/\/www.suno.com.br\/noticias\/\",\"name\":\"Suno Not\u00edcias\",\"description\":\"Seu portal de informa\u00e7\u00e3o sobre o mundo dos investimentos\",\"publisher\":{\"@id\":\"https:\/\/www.suno.com.br\/noticias\/#organization\"},\"potentialAction\":[{\"@type\":\"SearchAction\",\"target\":{\"@type\":\"EntryPoint\",\"urlTemplate\":\"https:\/\/www.suno.com.br\/noticias\/?s={search_term_string}\"},\"query-input\":{\"@type\":\"PropertyValueSpecification\",\"valueRequired\":true,\"valueName\":\"search_term_string\"}}],\"inLanguage\":\"pt-BR\"},{\"@type\":\"Organization\",\"@id\":\"https:\/\/www.suno.com.br\/noticias\/#organization\",\"name\":\"Suno Not\u00edcias\",\"url\":\"https:\/\/www.suno.com.br\/noticias\/\",\"logo\":{\"@type\":\"ImageObject\",\"inLanguage\":\"pt-BR\",\"@id\":\"https:\/\/www.suno.com.br\/noticias\/#\/schema\/logo\/image\/\",\"url\":\"https:\/\/files.sunoresearch.com.br\/n\/uploads\/2021\/09\/suno-logo.png\",\"contentUrl\":\"https:\/\/files.sunoresearch.com.br\/n\/uploads\/2021\/09\/suno-logo.png\",\"width\":180,\"height\":180,\"caption\":\"Suno Not\u00edcias\"},\"image\":{\"@id\":\"https:\/\/www.suno.com.br\/noticias\/#\/schema\/logo\/image\/\"},\"sameAs\":[\"https:\/\/facebook.com\/sunoresearch\",\"https:\/\/x.com\/sunoresearch\",\"https:\/\/www.instagram.com\/suno\",\"https:\/\/www.linkedin.com\/company\/suno-research\/\",\"https:\/\/www.youtube.com\/c\/sunoresearch\"]},{\"@type\":\"Person\",\"@id\":\"https:\/\/www.suno.com.br\/noticias\/#\/schema\/person\/d689f06da5678e1f0b1ee402f001d676\",\"name\":\"Janize Cola\u00e7o\",\"image\":{\"@type\":\"ImageObject\",\"inLanguage\":\"pt-BR\",\"@id\":\"https:\/\/www.suno.com.br\/noticias\/#\/schema\/person\/image\/\",\"url\":\"https:\/\/secure.gravatar.com\/avatar\/32b3bf89abae63ca2cf961bc051522d0?s=96&r=g\",\"contentUrl\":\"https:\/\/secure.gravatar.com\/avatar\/32b3bf89abae63ca2cf961bc051522d0?s=96&r=g\",\"caption\":\"Janize Cola\u00e7o\"},\"description\":\"Jornalista formada pela PUC-SP com passagens pela Record TV, Globo Cond\u00e9 Nast, Revista Panrotas e Editora Via. Hoje, \u00e9 rep\u00f3rter no Suno Not\u00edcias, cobrindo pautas sobre mercado, pol\u00edtica, economia e bolsa de valores.\",\"url\":\"https:\/\/www.suno.com.br\/noticias\/author\/janize-colaco\/\"}]}<\/script>\n<!-- \/ Yoast SEO plugin. -->","yoast_head_json":{"title":"Vale (VALE3) e mineradoras despencam e puxam queda do Ibovespa","description":"As a\u00e7\u00f5es da Vale (VALE3) caem no preg\u00e3o desta sexta. Por volta das 14h, os pap\u00e9is da companhia tinham baixa de 1,93%. Entenda!","robots":{"index":"index","follow":"follow","max-snippet":"max-snippet:-1","max-image-preview":"max-image-preview:large","max-video-preview":"max-video-preview:-1"},"canonical":"https:\/\/www.suno.com.br\/noticias\/vale-vale3-acoes-24022023\/","og_locale":"pt_BR","og_type":"article","og_title":"Vale (VALE3) e mineradoras despencam e puxam queda do Ibovespa","og_description":"As a\u00e7\u00f5es da Vale (VALE3) caem no preg\u00e3o desta sexta. Por volta das 14h, os pap\u00e9is da companhia tinham baixa de 1,93%. Entenda!","og_url":"https:\/\/www.suno.com.br\/noticias\/vale-vale3-acoes-24022023\/","og_site_name":"Suno Not\u00edcias","article_publisher":"https:\/\/facebook.com\/sunoresearch","og_image":[{"width":1433,"height":800,"url":"https:\/\/files.sunoresearch.com.br\/n\/uploads\/2023\/02\/vale-vale3-1.jpg","type":"image\/jpeg"}],"author":"Janize Cola\u00e7o","twitter_card":"summary_large_image","twitter_creator":"@sunoresearch","twitter_site":"@sunoresearch","twitter_misc":{"Escrito por":"Janize Cola\u00e7o","Est. tempo de leitura":"3 minutos"},"schema":{"@context":"https:\/\/schema.org","@graph":[{"@type":"NewsArticle","@id":"https:\/\/www.suno.com.br\/noticias\/vale-vale3-acoes-24022023\/#article","isPartOf":{"@id":"https:\/\/www.suno.com.br\/noticias\/vale-vale3-acoes-24022023\/"},"author":{"name":"Janize Cola\u00e7o","@id":"https:\/\/www.suno.com.br\/noticias\/#\/schema\/person\/d689f06da5678e1f0b1ee402f001d676"},"headline":"Vale (VALE3) e mineradoras despencam e puxam queda do Ibovespa; veja cota\u00e7\u00e3o","datePublished":"2023-02-24T17:01:17+00:00","dateModified":"2023-02-24T21:36:19+00:00","mainEntityOfPage":{"@id":"https:\/\/www.suno.com.br\/noticias\/vale-vale3-acoes-24022023\/"},"wordCount":416,"publisher":{"@id":"https:\/\/www.suno.com.br\/noticias\/#organization"},"image":{"@id":"https:\/\/www.suno.com.br\/noticias\/vale-vale3-acoes-24022023\/#primaryimage"},"thumbnailUrl":"https:\/\/files.sunoresearch.com.br\/n\/uploads\/2023\/02\/vale-vale3-1.jpg","keywords":["A\u00e7\u00f5es","Vale (VALE3)"],"articleSection":["Neg\u00f3cios"],"inLanguage":"pt-BR"},{"@type":"WebPage","@id":"https:\/\/www.suno.com.br\/noticias\/vale-vale3-acoes-24022023\/","url":"https:\/\/www.suno.com.br\/noticias\/vale-vale3-acoes-24022023\/","name":"Vale (VALE3) e mineradoras despencam e puxam queda do Ibovespa","isPartOf":{"@id":"https:\/\/www.suno.com.br\/noticias\/#website"},"primaryImageOfPage":{"@id":"https:\/\/www.suno.com.br\/noticias\/vale-vale3-acoes-24022023\/#primaryimage"},"image":{"@id":"https:\/\/www.suno.com.br\/noticias\/vale-vale3-acoes-24022023\/#primaryimage"},"thumbnailUrl":"https:\/\/files.sunoresearch.com.br\/n\/uploads\/2023\/02\/vale-vale3-1.jpg","datePublished":"2023-02-24T17:01:17+00:00","dateModified":"2023-02-24T21:36:19+00:00","description":"As a\u00e7\u00f5es da Vale (VALE3) caem no preg\u00e3o desta sexta. Por volta das 14h, os pap\u00e9is da companhia tinham baixa de 1,93%. Entenda!","breadcrumb":{"@id":"https:\/\/www.suno.com.br\/noticias\/vale-vale3-acoes-24022023\/#breadcrumb"},"inLanguage":"pt-BR","potentialAction":[{"@type":"ReadAction","target":["https:\/\/www.suno.com.br\/noticias\/vale-vale3-acoes-24022023\/"]}]},{"@type":"ImageObject","inLanguage":"pt-BR","@id":"https:\/\/www.suno.com.br\/noticias\/vale-vale3-acoes-24022023\/#primaryimage","url":"https:\/\/files.sunoresearch.com.br\/n\/uploads\/2023\/02\/vale-vale3-1.jpg","contentUrl":"https:\/\/files.sunoresearch.com.br\/n\/uploads\/2023\/02\/vale-vale3-1.jpg","width":1433,"height":800,"caption":"A\u00e7\u00f5es da Vale (VALE3) sobem com revis\u00e3o do min\u00e9rio e possibilidade de dividendos. Foto: Reprodu\u00e7\u00e3o Facebook"},{"@type":"BreadcrumbList","@id":"https:\/\/www.suno.com.br\/noticias\/vale-vale3-acoes-24022023\/#breadcrumb","itemListElement":[{"@type":"ListItem","position":1,"name":"Not\u00edcias","item":"https:\/\/www.suno.com.br\/noticias\/"},{"@type":"ListItem","position":2,"name":"Neg\u00f3cios","item":"https:\/\/www.suno.com.br\/noticias\/negocios\/"},{"@type":"ListItem","position":3,"name":"Vale (VALE3) e mineradoras despencam e puxam queda do Ibovespa; veja cota\u00e7\u00e3o"}]},{"@type":"WebSite","@id":"https:\/\/www.suno.com.br\/noticias\/#website","url":"https:\/\/www.suno.com.br\/noticias\/","name":"Suno Not\u00edcias","description":"Seu portal de informa\u00e7\u00e3o sobre o mundo dos investimentos","publisher":{"@id":"https:\/\/www.suno.com.br\/noticias\/#organization"},"potentialAction":[{"@type":"SearchAction","target":{"@type":"EntryPoint","urlTemplate":"https:\/\/www.suno.com.br\/noticias\/?s={search_term_string}"},"query-input":{"@type":"PropertyValueSpecification","valueRequired":true,"valueName":"search_term_string"}}],"inLanguage":"pt-BR"},{"@type":"Organization","@id":"https:\/\/www.suno.com.br\/noticias\/#organization","name":"Suno Not\u00edcias","url":"https:\/\/www.suno.com.br\/noticias\/","logo":{"@type":"ImageObject","inLanguage":"pt-BR","@id":"https:\/\/www.suno.com.br\/noticias\/#\/schema\/logo\/image\/","url":"https:\/\/files.sunoresearch.com.br\/n\/uploads\/2021\/09\/suno-logo.png","contentUrl":"https:\/\/files.sunoresearch.com.br\/n\/uploads\/2021\/09\/suno-logo.png","width":180,"height":180,"caption":"Suno Not\u00edcias"},"image":{"@id":"https:\/\/www.suno.com.br\/noticias\/#\/schema\/logo\/image\/"},"sameAs":["https:\/\/facebook.com\/sunoresearch","https:\/\/x.com\/sunoresearch","https:\/\/www.instagram.com\/suno","https:\/\/www.linkedin.com\/company\/suno-research\/","https:\/\/www.youtube.com\/c\/sunoresearch"]},{"@type":"Person","@id":"https:\/\/www.suno.com.br\/noticias\/#\/schema\/person\/d689f06da5678e1f0b1ee402f001d676","name":"Janize Cola\u00e7o","image":{"@type":"ImageObject","inLanguage":"pt-BR","@id":"https:\/\/www.suno.com.br\/noticias\/#\/schema\/person\/image\/","url":"https:\/\/secure.gravatar.com\/avatar\/32b3bf89abae63ca2cf961bc051522d0?s=96&r=g","contentUrl":"https:\/\/secure.gravatar.com\/avatar\/32b3bf89abae63ca2cf961bc051522d0?s=96&r=g","caption":"Janize Cola\u00e7o"},"description":"Jornalista formada pela PUC-SP com passagens pela Record TV, Globo Cond\u00e9 Nast, Revista Panrotas e Editora Via. Hoje, \u00e9 rep\u00f3rter no Suno Not\u00edcias, cobrindo pautas sobre mercado, pol\u00edtica, economia e bolsa de valores.","url":"https:\/\/www.suno.com.br\/noticias\/author\/janize-colaco\/"}]}},"default_loop_html":"<div class=\"cardsPage__listCard__boxs\"><div class=\"cardsPage__listCard__boxs__img\"><a href=\"https:\/\/www.suno.com.br\/noticias\/vale-vale3-acoes-24022023\/\"><img class=\"mask\" src=\"https:\/\/www.suno.com.br\/noticias\/wp-content\/themes\/suno\/resources\/images\/spotlight\/spotlight1img\/bg-mask.png\" alt=\"Image Mask\"\/><img src=\"https:\/\/files.sunoresearch.com.br\/n\/uploads\/2023\/02\/vale-vale3-1-400x200.jpg\" alt=\"Vale (VALE3) e mineradoras despencam e puxam queda do Ibovespa; veja cota\u00e7\u00e3o\"\/><\/a><span class=\"spotlightCategory\"><a href=\"https:\/\/www.suno.com.br\/noticias\/negocios\/\">Neg\u00f3cios<\/a><\/span><\/div><div class=\"cardsPage__listCard__boxs__content\"><a href=\"https:\/\/www.suno.com.br\/noticias\/vale-vale3-acoes-24022023\/\"><h2 class=\"content__title\">Vale (VALE3) e mineradoras despencam e puxam queda do Ibovespa; veja cota\u00e7\u00e3o<\/h2><\/a><div class=\"newsContent__article__meta\"><div class=\"newsContent__article__meta__authorBox\"><a href=\"https:\/\/www.suno.com.br\/noticias\/author\/janize-colaco\/\" class=\"authorBox__avatar noMobi\"><img src=\"https:\/\/files.sunoresearch.com.br\/n\/uploads\/2022\/11\/20221120_111807-1-150x150.jpg\" alt=\"Janize Cola\u00e7o\"><\/a><div class=\"authorBox__name\"><span>por\n\t\t\t<a href=\"https:\/\/www.suno.com.br\/noticias\/author\/janize-colaco\/\"><span itemprop=\"author\">Janize Cola\u00e7o<\/span><\/a><\/span><time datetime=\"2023-02-24T14:01:17-03:00\" itemprop=\"datePublished\">24\/02\/2023 14:01<\/time><\/div><\/div><\/div><\/div><\/div>","single_layout":"posts","amp_enabled":true,"_links":{"self":[{"href":"https:\/\/www.suno.com.br\/noticias\/wp-json\/wp\/v2\/posts\/368069"}],"collection":[{"href":"https:\/\/www.suno.com.br\/noticias\/wp-json\/wp\/v2\/posts"}],"about":[{"href":"https:\/\/www.suno.com.br\/noticias\/wp-json\/wp\/v2\/types\/post"}],"author":[{"embeddable":true,"href":"https:\/\/www.suno.com.br\/noticias\/wp-json\/wp\/v2\/users\/233"}],"replies":[{"embeddable":true,"href":"https:\/\/www.suno.com.br\/noticias\/wp-json\/wp\/v2\/comments?post=368069"}],"version-history":[{"count":2,"href":"https:\/\/www.suno.com.br\/noticias\/wp-json\/wp\/v2\/posts\/368069\/revisions"}],"predecessor-version":[{"id":368268,"href":"https:\/\/www.suno.com.br\/noticias\/wp-json\/wp\/v2\/posts\/368069\/revisions\/368268"}],"wp:featuredmedia":[{"embeddable":true,"href":"https:\/\/www.suno.com.br\/noticias\/wp-json\/wp\/v2\/media\/368083"}],"wp:attachment":[{"href":"https:\/\/www.suno.com.br\/noticias\/wp-json\/wp\/v2\/media?parent=368069"}],"wp:term":[{"taxonomy":"category","embeddable":true,"href":"https:\/\/www.suno.com.br\/noticias\/wp-json\/wp\/v2\/categories?post=368069"},{"taxonomy":"post_tag","embeddable":true,"href":"https:\/\/www.suno.com.br\/noticias\/wp-json\/wp\/v2\/tags?post=368069"},{"taxonomy":"suno_strategy","embeddable":true,"href":"https:\/\/www.suno.com.br\/noticias\/wp-json\/wp\/v2\/suno_strategy?post=368069"}],"curies":[{"name":"wp","href":"https:\/\/api.w.org\/{rel}","templated":true}]}}