{"id":36784,"date":"2019-09-06T21:08:03","date_gmt":"2019-09-07T00:08:03","guid":{"rendered":"https:\/\/www.suno.com.br\/noticias\/?p=36784"},"modified":"2019-09-06T21:08:03","modified_gmt":"2019-09-07T00:08:03","slug":"spx-encerramento-posicao-aplicada-juros-brasil","status":"publish","type":"post","link":"https:\/\/www.suno.com.br\/noticias\/spx-encerramento-posicao-aplicada-juros-brasil\/","title":{"rendered":"SPX determina encerramento da posi\u00e7\u00e3o aplicada em juros no Brasil"},"content":{"rendered":"<p style=\"text-align: left;\">A gestora SPX, de <a href=\"https:\/\/www.suno.com.br\/tudo-sobre\/rogerio-xavier\/\">Rog\u00e9rio Xavier<\/a>, decidiu encerrar a posi\u00e7\u00e3o aplicada em juros no Brasil. A informa\u00e7\u00e3o foi divulgada em carta mensal enviada aos cotistas nesta sexta-feira (6), em rela\u00e7\u00e3o ao desempenho de agosto.<\/p>\t<div class=\"wrapper-featured-image\">\n\t\t<figure class=\"spotlightImg\">\n\n\t\t\t<picture>\n\t\t\t\t<source media=\"(max-width: 768px)\" srcset=\"https:\/\/files.sunoresearch.com.br\/n\/uploads\/2019\/09\/8ed56f27-rogerio-xavier-spx-02-400x200.webp\">\n\t\t\t\t<img loading=\"lazy\" decoding=\"async\" class=\"newsContent__article__imgCapa lazyloadDisabled newsContent__article__imgCapa--noCaption\" src=\"https:\/\/files.sunoresearch.com.br\/n\/uploads\/2019\/09\/8ed56f27-rogerio-xavier-spx-02-800x450.webp\" width=\"800\" height=\"450\" alt=\"SPX determina encerramento da posi\u00e7\u00e3o aplicada em juros no Brasil\" fetchpriority=high \/>\n\t\t\t<\/picture>\n\n\t\t\t<figcaption class=\"wp-caption-text wp-caption-text--hide\">SPX determina encerramento da posi\u00e7\u00e3o aplicada em juros no Brasil<\/figcaption>\n\t\t<\/figure>\n\t<\/div>\n\n<p style=\"text-align: left;\">A gestora SPX, de <a href=\"https:\/\/www.suno.com.br\/tudo-sobre\/rogerio-xavier\/\">Rog\u00e9rio Xavier<\/a>, decidiu encerrar a posi\u00e7\u00e3o aplicada em juros no Brasil. A informa\u00e7\u00e3o foi divulgada em carta mensal enviada aos cotistas nesta sexta-feira (6), em rela\u00e7\u00e3o ao desempenho de agosto.<\/p>\n\n<p style=\"text-align: left;\">A <strong>SPX<\/strong> tamb\u00e9m informou que segue buscando pa\u00edses com espa\u00e7o para corte de juros, por conta da expectativa de intensifica\u00e7\u00e3o do processo de ajuste monet\u00e1rio. &#8220;Novos aumentos de taxa\u00e7\u00e3o impostas pelo presidente <strong>Trump<\/strong> fortalecem a perspectiva de enfraquecimento global e de um ambiente bastante desinflacion\u00e1rio\u201d, declarou a gestora.<\/p>\n<p style=\"text-align: left;\">O fundo <strong>SPX Nimitz Feeder FIC FIM<\/strong> obteve ganho de 1,51% em agosto, em consequ\u00eancia de um <strong>CDI<\/strong> de 0,50%. No ano, acumula um retorno positivo de 7,44%, acima do principal referencial das aplica\u00e7\u00f5es de renda fixa, com varia\u00e7\u00e3o de 4,18%.<\/p>\n<p style=\"text-align: left;\">A exposi\u00e7\u00e3o a moedas alavancou o desempenho do fundo em agosto. A <strong>SPX<\/strong> tamb\u00e9m indicou que segue com a posi\u00e7\u00e3o comprada em d\u00f3lar.<\/p>\n<p style=\"text-align: left;\">Em rela\u00e7\u00e3o \u00e0 renda fixa brasileira, a gestora declarou que: \u201cas perspectivas seguem de uma atividade econ\u00f4mica fraca e ina\u00e7\u00e3o controlada, o que justificaria uma posi\u00e7\u00e3o aplicada nos juros. Contudo, a din\u00e2mica recente do c\u00e2mbio mostra que h\u00e1 limites de at\u00e9 onde a <a href=\"https:\/\/www.suno.com.br\/artigos\/taxa-selic\/\"><strong>taxa Selic<\/strong><\/a> poder\u00e1 cair. Por este motivo e devido \u00e0 atual precifica\u00e7\u00e3o dos juros nos mercados, resolvemos encerrar a nossa posi\u00e7\u00e3o aplicada\u201d.<\/p>\n<p style=\"text-align: left;\">A <strong>SPX<\/strong> afirmou que manteve a aloca\u00e7\u00e3o direcional comprada, com refer\u00eancia para empresas dos setores de <strong>utilities<\/strong> e <strong>consumo<\/strong>.<\/p>\n<p style=\"text-align: left;\">A gestora disse estar com uma aloca\u00e7\u00e3o de risco reduzida em rela\u00e7\u00e3o a parte internacional, com posi\u00e7\u00e3o comprada no setor de energia na <strong>Europa<\/strong> contra o norte-americano e com a montagem de posi\u00e7\u00f5es relativas em pa\u00edses emergentes. &#8220;A exposi\u00e7\u00e3o l\u00edquida da carteira encontra-se vendida&#8221;<\/p>\n<h2 style=\"text-align: left;\">Desglobaliza\u00e7\u00e3o<\/h2>\n<p style=\"text-align: left;\">A carta mensal, intitulada &#8220;<strong>Desglobaliza\u00e7\u00e3o<\/strong> em curso&#8221;, destaca a piora no cen\u00e1rio global, com o cont\u00ednuo enfraquecimento do n\u00edvel de atividade\u00a0 econ\u00f4mica ao redor do mundo, sem sinal de estabiliza\u00e7\u00e3o do processo, e uma deteriora\u00e7\u00e3o relevante do ambiente pol\u00edtico mundial e da eleva\u00e7\u00e3o das incertezas por conta de eventos como:<\/p>\n<ul>\n<li><strong><a href=\"https:\/\/www.suno.com.br\/artigos\/a-guerra-comercial\/\">guerra comercial<\/a><\/strong><\/li>\n<li><a href=\"https:\/\/www.suno.com.br\/noticias\/brexit-o-que-acontece-agora\/\"><strong>Brexit<\/strong><\/a><\/li>\n<li><strong><a href=\"https:\/\/www.suno.com.br\/artigos\/crise-argentina\/\">elei\u00e7\u00f5es prim\u00e1rias na Argentina<\/a><\/strong><\/li>\n<li><a href=\"https:\/\/www.suno.com.br\/noticias\/facebook-twitter-removerao-contas-governo-chines\/\"><strong>protestos em Hong Kong<\/strong><\/a><\/li>\n<\/ul>\n<p style=\"text-align: left;\">&#8220;O mundo est\u00e1 atravessando um per\u00edodo de \u2018bear market pol\u00edtico\u2019, com o aumento dos focos de populismo em suas diversas modalidades e a\u00a0 consequente revers\u00e3o do processo de globaliza\u00e7\u00e3o, que promoveu prosperidade ao longo das \u00faltimas d\u00e9cadas\u201d, comunicou a <strong>SPX, <\/strong>que tamb\u00e9m destacou que a tentativa dos bancos de contornar o cen\u00e1rio global conturbado n\u00e3o est\u00e1 sendo suficiente: \u201co afrouxamento monet\u00e1rio n\u00e3o parece, at\u00e9 agora, grande o suficiente para reverter o quadro de fragilidade da economia global\u201d.<\/p>\n\n\t<p>\n\t\t<a href=\"https:\/\/lp.suno.com.br\/suno-one\/?utm_campaign=_SNC6964518A_\" target=\"_blank\" data-element=\"shortcode-suno-banner\" title=\"Banner SUNO, clique e saiba mais\">\n\t\t\t<picture>\n\t\t\t\t<source media=\"(max-width: 500px)\" srcset=\"https:\/\/files.sunoresearch.com.br\/n\/uploads\/2025\/09\/400x300-Suno-One-png.webp\">\n\t\t\t\t<img class=\"newsContent__article__imgCapa newsContent__article__imgCapa--banner\"\n\t\t\t\t\tsrc=\"https:\/\/files.sunoresearch.com.br\/n\/uploads\/2025\/09\/1420x240-Suno-One-png.webp\"\n\t\t\t\t\tdata-promo-id=\"383121\"\t\t\t\t\t\t\t\t\t\twidth='1420' height='240'\t\t\t\t\talt=\"https:\/\/files.sunoresearch.com.br\/n\/uploads\/2025\/09\/1420x240-Suno-One-png.webp\"\n\t\t\t\t>\n\t\t\t<\/picture>\n\t\t<\/a>\n\t<\/p>\n\n\n<p>\u201cAs recentes revis\u00f5es baixistas de crescimento adicionaram press\u00e3o sobre o componente fiscal, ao mesmo tempo em que estamos novamente em um ciclo de queda de juros, reduzindo a atratividade da moeda brasileira. A falta de consenso nas pautas da reforma tribut\u00e1ria e de protagonismo do poder executivo nos deixa com a impress\u00e3o de que essa ser\u00e1 uma discuss\u00e3o longa, ainda que muito promissora. Por hora, acreditamos que os ativos brasileiros devem seguir o caminho trilhado no resto do mundo\u201d, declarou a <strong>SPX.<\/strong><\/p>\n","protected":false},"excerpt":{"rendered":"<p>A gestora SPX, de Rog\u00e9rio Xavier, decidiu encerrar a posi\u00e7\u00e3o aplicada em juros no Brasil. A informa\u00e7\u00e3o foi divulgada em carta mensal enviada aos cotistas nesta sexta-feira (6), em rela\u00e7\u00e3o ao desempenho de agosto. SPX determina encerramento da posi\u00e7\u00e3o aplicada em juros no Brasil A gestora SPX, de Rog\u00e9rio Xavier, decidiu encerrar a posi\u00e7\u00e3o aplicada [&hellip;]<\/p>\n","protected":false},"author":23,"featured_media":36788,"comment_status":"closed","ping_status":"closed","sticky":false,"template":"","format":"standard","meta":[],"categories":[64],"tags":[699,753,980,1880,1971,1970,290],"suno_strategy":[],"class_list":["post-36784","post","type-post","status-publish","format-standard","has-post-thumbnail","hentry","category-negocios","tag-argentina","tag-brexit","tag-guerra-comercial","tag-hong-kong","tag-rogerio-xavier","tag-spx","tag-taxa-selic"],"yoast_head":"<!-- This site is optimized with the Yoast SEO plugin v24.4 - https:\/\/yoast.com\/wordpress\/plugins\/seo\/ -->\n<title>SPX determina encerramento da posi\u00e7\u00e3o aplicada em juros no Brasil<\/title>\n<meta name=\"description\" content=\"A gestora SPX, de Rog\u00e9rio Xavier, decidiu encerrar a posi\u00e7\u00e3o aplicada em juros no Brasil. Clique aqui para saber mais.\" \/>\n<meta name=\"robots\" content=\"index, follow, max-snippet:-1, max-image-preview:large, max-video-preview:-1\" \/>\n<link rel=\"canonical\" href=\"https:\/\/www.suno.com.br\/noticias\/spx-encerramento-posicao-aplicada-juros-brasil\/\" \/>\n<meta property=\"og:locale\" content=\"pt_BR\" \/>\n<meta property=\"og:type\" content=\"article\" \/>\n<meta property=\"og:title\" content=\"SPX determina encerramento da posi\u00e7\u00e3o aplicada em juros no Brasil\" \/>\n<meta property=\"og:description\" content=\"A gestora SPX, de Rog\u00e9rio Xavier, decidiu encerrar a posi\u00e7\u00e3o aplicada em juros no Brasil. Clique aqui para saber mais.\" \/>\n<meta property=\"og:url\" content=\"https:\/\/www.suno.com.br\/noticias\/spx-encerramento-posicao-aplicada-juros-brasil\/\" \/>\n<meta property=\"og:site_name\" content=\"Suno Not\u00edcias\" \/>\n<meta property=\"article:publisher\" content=\"https:\/\/facebook.com\/sunoresearch\" \/>\n<meta property=\"og:image\" content=\"https:\/\/files.sunoresearch.com.br\/n\/uploads\/2019\/09\/8ed56f27-rogerio-xavier-spx-02.jpg\" \/>\n\t<meta property=\"og:image:width\" content=\"1200\" \/>\n\t<meta property=\"og:image:height\" content=\"900\" \/>\n\t<meta property=\"og:image:type\" content=\"image\/jpeg\" \/>\n<meta name=\"author\" content=\"Rafael Lara\" \/>\n<meta name=\"twitter:card\" content=\"summary_large_image\" \/>\n<meta name=\"twitter:creator\" content=\"@sunoresearch\" \/>\n<meta name=\"twitter:site\" content=\"@sunoresearch\" \/>\n<meta name=\"twitter:label1\" content=\"Escrito por\" \/>\n\t<meta name=\"twitter:data1\" content=\"Rafael Lara\" \/>\n\t<meta name=\"twitter:label2\" content=\"Est. tempo de leitura\" \/>\n\t<meta name=\"twitter:data2\" content=\"3 minutos\" \/>\n<script type=\"application\/ld+json\" class=\"yoast-schema-graph\">{\"@context\":\"https:\/\/schema.org\",\"@graph\":[{\"@type\":\"NewsArticle\",\"@id\":\"https:\/\/www.suno.com.br\/noticias\/spx-encerramento-posicao-aplicada-juros-brasil\/#article\",\"isPartOf\":{\"@id\":\"https:\/\/www.suno.com.br\/noticias\/spx-encerramento-posicao-aplicada-juros-brasil\/\"},\"author\":{\"name\":\"Rafael Lara\",\"@id\":\"https:\/\/www.suno.com.br\/noticias\/#\/schema\/person\/098743caeed97b37f51315c9576c4078\"},\"headline\":\"SPX determina encerramento da posi\u00e7\u00e3o aplicada em juros no Brasil\",\"datePublished\":\"2019-09-07T00:08:03+00:00\",\"mainEntityOfPage\":{\"@id\":\"https:\/\/www.suno.com.br\/noticias\/spx-encerramento-posicao-aplicada-juros-brasil\/\"},\"wordCount\":596,\"publisher\":{\"@id\":\"https:\/\/www.suno.com.br\/noticias\/#organization\"},\"image\":{\"@id\":\"https:\/\/www.suno.com.br\/noticias\/spx-encerramento-posicao-aplicada-juros-brasil\/#primaryimage\"},\"thumbnailUrl\":\"https:\/\/files.sunoresearch.com.br\/n\/uploads\/2019\/09\/8ed56f27-rogerio-xavier-spx-02-jpg.webp\",\"keywords\":[\"Argentina\",\"Brexit\",\"guerra comercial\",\"Hong Kong\",\"Rog\u00e9rio Xavier\",\"SPX\",\"Taxa Selic\"],\"articleSection\":[\"Neg\u00f3cios\"],\"inLanguage\":\"pt-BR\"},{\"@type\":\"WebPage\",\"@id\":\"https:\/\/www.suno.com.br\/noticias\/spx-encerramento-posicao-aplicada-juros-brasil\/\",\"url\":\"https:\/\/www.suno.com.br\/noticias\/spx-encerramento-posicao-aplicada-juros-brasil\/\",\"name\":\"SPX determina encerramento da posi\u00e7\u00e3o aplicada em juros no Brasil\",\"isPartOf\":{\"@id\":\"https:\/\/www.suno.com.br\/noticias\/#website\"},\"primaryImageOfPage\":{\"@id\":\"https:\/\/www.suno.com.br\/noticias\/spx-encerramento-posicao-aplicada-juros-brasil\/#primaryimage\"},\"image\":{\"@id\":\"https:\/\/www.suno.com.br\/noticias\/spx-encerramento-posicao-aplicada-juros-brasil\/#primaryimage\"},\"thumbnailUrl\":\"https:\/\/files.sunoresearch.com.br\/n\/uploads\/2019\/09\/8ed56f27-rogerio-xavier-spx-02-jpg.webp\",\"datePublished\":\"2019-09-07T00:08:03+00:00\",\"description\":\"A gestora SPX, de Rog\u00e9rio Xavier, decidiu encerrar a posi\u00e7\u00e3o aplicada em juros no Brasil. Clique aqui para saber mais.\",\"breadcrumb\":{\"@id\":\"https:\/\/www.suno.com.br\/noticias\/spx-encerramento-posicao-aplicada-juros-brasil\/#breadcrumb\"},\"inLanguage\":\"pt-BR\",\"potentialAction\":[{\"@type\":\"ReadAction\",\"target\":[\"https:\/\/www.suno.com.br\/noticias\/spx-encerramento-posicao-aplicada-juros-brasil\/\"]}]},{\"@type\":\"ImageObject\",\"inLanguage\":\"pt-BR\",\"@id\":\"https:\/\/www.suno.com.br\/noticias\/spx-encerramento-posicao-aplicada-juros-brasil\/#primaryimage\",\"url\":\"https:\/\/files.sunoresearch.com.br\/n\/uploads\/2019\/09\/8ed56f27-rogerio-xavier-spx-02-jpg.webp\",\"contentUrl\":\"https:\/\/files.sunoresearch.com.br\/n\/uploads\/2019\/09\/8ed56f27-rogerio-xavier-spx-02-jpg.webp\",\"width\":1200,\"height\":900,\"caption\":\"SPX determina encerramento da posi\u00e7\u00e3o aplicada em juros no Brasil\"},{\"@type\":\"BreadcrumbList\",\"@id\":\"https:\/\/www.suno.com.br\/noticias\/spx-encerramento-posicao-aplicada-juros-brasil\/#breadcrumb\",\"itemListElement\":[{\"@type\":\"ListItem\",\"position\":1,\"name\":\"Not\u00edcias\",\"item\":\"https:\/\/www.suno.com.br\/noticias\/\"},{\"@type\":\"ListItem\",\"position\":2,\"name\":\"Neg\u00f3cios\",\"item\":\"https:\/\/www.suno.com.br\/noticias\/negocios\/\"},{\"@type\":\"ListItem\",\"position\":3,\"name\":\"SPX determina encerramento da posi\u00e7\u00e3o aplicada em juros no Brasil\"}]},{\"@type\":\"WebSite\",\"@id\":\"https:\/\/www.suno.com.br\/noticias\/#website\",\"url\":\"https:\/\/www.suno.com.br\/noticias\/\",\"name\":\"Suno Not\u00edcias\",\"description\":\"Seu portal de informa\u00e7\u00e3o sobre o mundo dos investimentos\",\"publisher\":{\"@id\":\"https:\/\/www.suno.com.br\/noticias\/#organization\"},\"potentialAction\":[{\"@type\":\"SearchAction\",\"target\":{\"@type\":\"EntryPoint\",\"urlTemplate\":\"https:\/\/www.suno.com.br\/noticias\/?s={search_term_string}\"},\"query-input\":{\"@type\":\"PropertyValueSpecification\",\"valueRequired\":true,\"valueName\":\"search_term_string\"}}],\"inLanguage\":\"pt-BR\"},{\"@type\":\"Organization\",\"@id\":\"https:\/\/www.suno.com.br\/noticias\/#organization\",\"name\":\"Suno Not\u00edcias\",\"url\":\"https:\/\/www.suno.com.br\/noticias\/\",\"logo\":{\"@type\":\"ImageObject\",\"inLanguage\":\"pt-BR\",\"@id\":\"https:\/\/www.suno.com.br\/noticias\/#\/schema\/logo\/image\/\",\"url\":\"https:\/\/files.sunoresearch.com.br\/n\/uploads\/2021\/09\/suno-logo.png\",\"contentUrl\":\"https:\/\/files.sunoresearch.com.br\/n\/uploads\/2021\/09\/suno-logo.png\",\"width\":180,\"height\":180,\"caption\":\"Suno Not\u00edcias\"},\"image\":{\"@id\":\"https:\/\/www.suno.com.br\/noticias\/#\/schema\/logo\/image\/\"},\"sameAs\":[\"https:\/\/facebook.com\/sunoresearch\",\"https:\/\/x.com\/sunoresearch\",\"https:\/\/www.instagram.com\/suno\",\"https:\/\/www.linkedin.com\/company\/suno-research\/\",\"https:\/\/www.youtube.com\/c\/sunoresearch\"]},{\"@type\":\"Person\",\"@id\":\"https:\/\/www.suno.com.br\/noticias\/#\/schema\/person\/098743caeed97b37f51315c9576c4078\",\"name\":\"Rafael Lara\",\"image\":{\"@type\":\"ImageObject\",\"inLanguage\":\"pt-BR\",\"@id\":\"https:\/\/www.suno.com.br\/noticias\/#\/schema\/person\/image\/\",\"url\":\"https:\/\/secure.gravatar.com\/avatar\/dfc254ab9bb2ea1895d98b9e9dae4bdd?s=96&r=g\",\"contentUrl\":\"https:\/\/secure.gravatar.com\/avatar\/dfc254ab9bb2ea1895d98b9e9dae4bdd?s=96&r=g\",\"caption\":\"Rafael Lara\"},\"description\":\"Rafael Lara cursa jornalismo na Faculdade C\u00e1sper L\u00edbero. Escreve sobre pol\u00edtica, economia e neg\u00f3cios para o portal Suno Not\u00edcias. Antes, colaborou na TV Gazeta na produ\u00e7\u00e3o do programa Edi\u00e7\u00e3o Extra.\",\"url\":\"https:\/\/www.suno.com.br\/noticias\/author\/rafael\/\"}]}<\/script>\n<!-- \/ Yoast SEO plugin. -->","yoast_head_json":{"title":"SPX determina encerramento da posi\u00e7\u00e3o aplicada em juros no Brasil","description":"A gestora SPX, de Rog\u00e9rio Xavier, decidiu encerrar a posi\u00e7\u00e3o aplicada em juros no Brasil. Clique aqui para saber mais.","robots":{"index":"index","follow":"follow","max-snippet":"max-snippet:-1","max-image-preview":"max-image-preview:large","max-video-preview":"max-video-preview:-1"},"canonical":"https:\/\/www.suno.com.br\/noticias\/spx-encerramento-posicao-aplicada-juros-brasil\/","og_locale":"pt_BR","og_type":"article","og_title":"SPX determina encerramento da posi\u00e7\u00e3o aplicada em juros no Brasil","og_description":"A gestora SPX, de Rog\u00e9rio Xavier, decidiu encerrar a posi\u00e7\u00e3o aplicada em juros no Brasil. Clique aqui para saber mais.","og_url":"https:\/\/www.suno.com.br\/noticias\/spx-encerramento-posicao-aplicada-juros-brasil\/","og_site_name":"Suno Not\u00edcias","article_publisher":"https:\/\/facebook.com\/sunoresearch","og_image":[{"width":1200,"height":900,"url":"https:\/\/files.sunoresearch.com.br\/n\/uploads\/2019\/09\/8ed56f27-rogerio-xavier-spx-02.jpg","type":"image\/jpeg"}],"author":"Rafael Lara","twitter_card":"summary_large_image","twitter_creator":"@sunoresearch","twitter_site":"@sunoresearch","twitter_misc":{"Escrito por":"Rafael Lara","Est. tempo de leitura":"3 minutos"},"schema":{"@context":"https:\/\/schema.org","@graph":[{"@type":"NewsArticle","@id":"https:\/\/www.suno.com.br\/noticias\/spx-encerramento-posicao-aplicada-juros-brasil\/#article","isPartOf":{"@id":"https:\/\/www.suno.com.br\/noticias\/spx-encerramento-posicao-aplicada-juros-brasil\/"},"author":{"name":"Rafael Lara","@id":"https:\/\/www.suno.com.br\/noticias\/#\/schema\/person\/098743caeed97b37f51315c9576c4078"},"headline":"SPX determina encerramento da posi\u00e7\u00e3o aplicada em juros no Brasil","datePublished":"2019-09-07T00:08:03+00:00","mainEntityOfPage":{"@id":"https:\/\/www.suno.com.br\/noticias\/spx-encerramento-posicao-aplicada-juros-brasil\/"},"wordCount":596,"publisher":{"@id":"https:\/\/www.suno.com.br\/noticias\/#organization"},"image":{"@id":"https:\/\/www.suno.com.br\/noticias\/spx-encerramento-posicao-aplicada-juros-brasil\/#primaryimage"},"thumbnailUrl":"https:\/\/files.sunoresearch.com.br\/n\/uploads\/2019\/09\/8ed56f27-rogerio-xavier-spx-02-jpg.webp","keywords":["Argentina","Brexit","guerra comercial","Hong Kong","Rog\u00e9rio Xavier","SPX","Taxa Selic"],"articleSection":["Neg\u00f3cios"],"inLanguage":"pt-BR"},{"@type":"WebPage","@id":"https:\/\/www.suno.com.br\/noticias\/spx-encerramento-posicao-aplicada-juros-brasil\/","url":"https:\/\/www.suno.com.br\/noticias\/spx-encerramento-posicao-aplicada-juros-brasil\/","name":"SPX determina encerramento da posi\u00e7\u00e3o aplicada em juros no Brasil","isPartOf":{"@id":"https:\/\/www.suno.com.br\/noticias\/#website"},"primaryImageOfPage":{"@id":"https:\/\/www.suno.com.br\/noticias\/spx-encerramento-posicao-aplicada-juros-brasil\/#primaryimage"},"image":{"@id":"https:\/\/www.suno.com.br\/noticias\/spx-encerramento-posicao-aplicada-juros-brasil\/#primaryimage"},"thumbnailUrl":"https:\/\/files.sunoresearch.com.br\/n\/uploads\/2019\/09\/8ed56f27-rogerio-xavier-spx-02-jpg.webp","datePublished":"2019-09-07T00:08:03+00:00","description":"A gestora SPX, de Rog\u00e9rio Xavier, decidiu encerrar a posi\u00e7\u00e3o aplicada em juros no Brasil. Clique aqui para saber mais.","breadcrumb":{"@id":"https:\/\/www.suno.com.br\/noticias\/spx-encerramento-posicao-aplicada-juros-brasil\/#breadcrumb"},"inLanguage":"pt-BR","potentialAction":[{"@type":"ReadAction","target":["https:\/\/www.suno.com.br\/noticias\/spx-encerramento-posicao-aplicada-juros-brasil\/"]}]},{"@type":"ImageObject","inLanguage":"pt-BR","@id":"https:\/\/www.suno.com.br\/noticias\/spx-encerramento-posicao-aplicada-juros-brasil\/#primaryimage","url":"https:\/\/files.sunoresearch.com.br\/n\/uploads\/2019\/09\/8ed56f27-rogerio-xavier-spx-02-jpg.webp","contentUrl":"https:\/\/files.sunoresearch.com.br\/n\/uploads\/2019\/09\/8ed56f27-rogerio-xavier-spx-02-jpg.webp","width":1200,"height":900,"caption":"SPX determina encerramento da posi\u00e7\u00e3o aplicada em juros no Brasil"},{"@type":"BreadcrumbList","@id":"https:\/\/www.suno.com.br\/noticias\/spx-encerramento-posicao-aplicada-juros-brasil\/#breadcrumb","itemListElement":[{"@type":"ListItem","position":1,"name":"Not\u00edcias","item":"https:\/\/www.suno.com.br\/noticias\/"},{"@type":"ListItem","position":2,"name":"Neg\u00f3cios","item":"https:\/\/www.suno.com.br\/noticias\/negocios\/"},{"@type":"ListItem","position":3,"name":"SPX determina encerramento da posi\u00e7\u00e3o aplicada em juros no Brasil"}]},{"@type":"WebSite","@id":"https:\/\/www.suno.com.br\/noticias\/#website","url":"https:\/\/www.suno.com.br\/noticias\/","name":"Suno Not\u00edcias","description":"Seu portal de informa\u00e7\u00e3o sobre o mundo dos investimentos","publisher":{"@id":"https:\/\/www.suno.com.br\/noticias\/#organization"},"potentialAction":[{"@type":"SearchAction","target":{"@type":"EntryPoint","urlTemplate":"https:\/\/www.suno.com.br\/noticias\/?s={search_term_string}"},"query-input":{"@type":"PropertyValueSpecification","valueRequired":true,"valueName":"search_term_string"}}],"inLanguage":"pt-BR"},{"@type":"Organization","@id":"https:\/\/www.suno.com.br\/noticias\/#organization","name":"Suno Not\u00edcias","url":"https:\/\/www.suno.com.br\/noticias\/","logo":{"@type":"ImageObject","inLanguage":"pt-BR","@id":"https:\/\/www.suno.com.br\/noticias\/#\/schema\/logo\/image\/","url":"https:\/\/files.sunoresearch.com.br\/n\/uploads\/2021\/09\/suno-logo.png","contentUrl":"https:\/\/files.sunoresearch.com.br\/n\/uploads\/2021\/09\/suno-logo.png","width":180,"height":180,"caption":"Suno Not\u00edcias"},"image":{"@id":"https:\/\/www.suno.com.br\/noticias\/#\/schema\/logo\/image\/"},"sameAs":["https:\/\/facebook.com\/sunoresearch","https:\/\/x.com\/sunoresearch","https:\/\/www.instagram.com\/suno","https:\/\/www.linkedin.com\/company\/suno-research\/","https:\/\/www.youtube.com\/c\/sunoresearch"]},{"@type":"Person","@id":"https:\/\/www.suno.com.br\/noticias\/#\/schema\/person\/098743caeed97b37f51315c9576c4078","name":"Rafael Lara","image":{"@type":"ImageObject","inLanguage":"pt-BR","@id":"https:\/\/www.suno.com.br\/noticias\/#\/schema\/person\/image\/","url":"https:\/\/secure.gravatar.com\/avatar\/dfc254ab9bb2ea1895d98b9e9dae4bdd?s=96&r=g","contentUrl":"https:\/\/secure.gravatar.com\/avatar\/dfc254ab9bb2ea1895d98b9e9dae4bdd?s=96&r=g","caption":"Rafael Lara"},"description":"Rafael Lara cursa jornalismo na Faculdade C\u00e1sper L\u00edbero. Escreve sobre pol\u00edtica, economia e neg\u00f3cios para o portal Suno Not\u00edcias. Antes, colaborou na TV Gazeta na produ\u00e7\u00e3o do programa Edi\u00e7\u00e3o Extra.","url":"https:\/\/www.suno.com.br\/noticias\/author\/rafael\/"}]}},"default_loop_html":"<div class=\"cardsPage__listCard__boxs\"><div class=\"cardsPage__listCard__boxs__img\"><a href=\"https:\/\/www.suno.com.br\/noticias\/spx-encerramento-posicao-aplicada-juros-brasil\/\"><img class=\"mask\" src=\"https:\/\/www.suno.com.br\/noticias\/wp-content\/themes\/suno\/resources\/images\/spotlight\/spotlight1img\/bg-mask.png\" alt=\"Image Mask\"\/><img src=\"https:\/\/files.sunoresearch.com.br\/n\/uploads\/2019\/09\/8ed56f27-rogerio-xavier-spx-02-400x200.webp\" alt=\"SPX determina encerramento da posi\u00e7\u00e3o aplicada em juros no Brasil\"\/><\/a><span class=\"spotlightCategory\"><a href=\"https:\/\/www.suno.com.br\/noticias\/negocios\/\">Neg\u00f3cios<\/a><\/span><\/div><div class=\"cardsPage__listCard__boxs__content\"><a href=\"https:\/\/www.suno.com.br\/noticias\/spx-encerramento-posicao-aplicada-juros-brasil\/\"><h2 class=\"content__title\">SPX determina encerramento da posi\u00e7\u00e3o aplicada em juros no Brasil<\/h2><\/a><div class=\"newsContent__article__meta\"><div class=\"newsContent__article__meta__authorBox\"><a href=\"https:\/\/www.suno.com.br\/noticias\/author\/rafael\/\" class=\"authorBox__avatar noMobi\"><img src=\"https:\/\/secure.gravatar.com\/avatar\/dfc254ab9bb2ea1895d98b9e9dae4bdd?s=96&#038;r=g\" alt=\"Rafael Lara\"><\/a><div class=\"authorBox__name\"><span>por\n\t\t\t<a href=\"https:\/\/www.suno.com.br\/noticias\/author\/rafael\/\"><span itemprop=\"author\">Rafael Lara<\/span><\/a><\/span><time datetime=\"2019-09-06T21:08:03-03:00\" itemprop=\"datePublished\">06\/09\/2019 21:08<\/time><\/div><\/div><\/div><\/div><\/div>","single_layout":"posts","amp_enabled":true,"_links":{"self":[{"href":"https:\/\/www.suno.com.br\/noticias\/wp-json\/wp\/v2\/posts\/36784"}],"collection":[{"href":"https:\/\/www.suno.com.br\/noticias\/wp-json\/wp\/v2\/posts"}],"about":[{"href":"https:\/\/www.suno.com.br\/noticias\/wp-json\/wp\/v2\/types\/post"}],"author":[{"embeddable":true,"href":"https:\/\/www.suno.com.br\/noticias\/wp-json\/wp\/v2\/users\/23"}],"replies":[{"embeddable":true,"href":"https:\/\/www.suno.com.br\/noticias\/wp-json\/wp\/v2\/comments?post=36784"}],"version-history":[{"count":0,"href":"https:\/\/www.suno.com.br\/noticias\/wp-json\/wp\/v2\/posts\/36784\/revisions"}],"wp:featuredmedia":[{"embeddable":true,"href":"https:\/\/www.suno.com.br\/noticias\/wp-json\/wp\/v2\/media\/36788"}],"wp:attachment":[{"href":"https:\/\/www.suno.com.br\/noticias\/wp-json\/wp\/v2\/media?parent=36784"}],"wp:term":[{"taxonomy":"category","embeddable":true,"href":"https:\/\/www.suno.com.br\/noticias\/wp-json\/wp\/v2\/categories?post=36784"},{"taxonomy":"post_tag","embeddable":true,"href":"https:\/\/www.suno.com.br\/noticias\/wp-json\/wp\/v2\/tags?post=36784"},{"taxonomy":"suno_strategy","embeddable":true,"href":"https:\/\/www.suno.com.br\/noticias\/wp-json\/wp\/v2\/suno_strategy?post=36784"}],"curies":[{"name":"wp","href":"https:\/\/api.w.org\/{rel}","templated":true}]}}