{"id":367569,"date":"2023-02-23T18:38:21","date_gmt":"2023-02-23T21:38:21","guid":{"rendered":"https:\/\/www.suno.com.br\/noticias\/?p=367569"},"modified":"2023-02-23T22:35:15","modified_gmt":"2023-02-24T01:35:15","slug":"governo-sinaliza-volta-impostos-federais-gasolina","status":"publish","type":"post","link":"https:\/\/www.suno.com.br\/noticias\/governo-sinaliza-volta-impostos-federais-gasolina\/","title":{"rendered":"Governo sinaliza volta dos impostos federais sobre a gasolina"},"content":{"rendered":"<p>A equipe econ\u00f4mica sinalizou que o governo ir\u00e1 voltar mesmo a cobrar os impostos federais sobre combust\u00edveis em mar\u00e7o. A medida provis\u00f3ria (MP) que desonera PIS e Cofins sobre a <strong>gasolina<\/strong> e o \u00e1lcool, editada no governo Bolsonaro e prorrogada pelo presidente Luiz In\u00e1cio Lula da Silva, termina no dia 28 de fevereiro.<\/p>\t<div class=\"wrapper-featured-image\">\n\t\t<figure class=\"spotlightImg\">\n\n\t\t\t<picture>\n\t\t\t\t<source media=\"(max-width: 768px)\" srcset=\"https:\/\/files.sunoresearch.com.br\/n\/uploads\/2022\/11\/imc-rede-negocia-venda-de-18-postos-400x200.jpg\">\n\t\t\t\t<img loading=\"lazy\" decoding=\"async\" class=\"newsContent__article__imgCapa lazyloadDisabled \" src=\"https:\/\/files.sunoresearch.com.br\/n\/uploads\/2022\/11\/imc-rede-negocia-venda-de-18-postos-800x450.jpg\" width=\"800\" height=\"450\" alt=\"Governo sinaliza volta dos impostos federais sobre a gasolina\" fetchpriority=high \/>\n\t\t\t<\/picture>\n\n\t\t\t<figcaption class=\"wp-caption-text wp-caption-text--show\">Gasolina e paridade internacional. Foto: Engin Akyurt\/Unsplash<\/figcaption>\n\t\t<\/figure>\n\t<\/div>\n\n\n\n\n\n\t<p>\n\t\t<a href=\"\" target=\"_blank\" data-element=\"shortcode-suno-banner\" title=\"Banner SUNO, clique e saiba mais\">\n\t\t\t<picture>\n\t\t\t\t<source media=\"(max-width: 500px)\" srcset=\"\">\n\t\t\t\t<img class=\"newsContent__article__imgCapa newsContent__article__imgCapa--banner\"\n\t\t\t\t\tsrc=\"\"\n\t\t\t\t\tdata-promo-id=\"240038\"\t\t\t\t\t\t\t\t\t\t\t\t\t\t\talt=\"\"\n\t\t\t\t>\n\t\t\t<\/picture>\n\t\t<\/a>\n\t<\/p>\n\n\n\n\n\n<p>O chefe do Centro de Estudos Tribut\u00e1rios e Aduaneiros da Receita Federal, Claudemir Malaquias, confirmou a reonera\u00e7\u00e3o no fim do m\u00eas.<\/p>\n\n\n\n<p>Na \u00faltima sexta-feira, ap\u00f3s reuni\u00e3o com o <strong>ministro da Fazenda<\/strong>, Fernando Haddad, o economista-chefe da corretora Warren Rena, Felipe Salto, disse ao Estad\u00e3o que Haddad confirmou a <strong>volta da tributa\u00e7\u00e3o<\/strong>.<\/p>\n\n\n\n<p>Na quarta-feira, 22, em entrevista ao <b>Estad\u00e3o<\/b>, o n\u00famero 2 da Fazenda, Gabriel Gal\u00edpolo, afirmou que, at\u00e9 agora, a decis\u00e3o \u00e9 pela reonera\u00e7\u00e3o. <\/p>\n\n\n\n<p>&#8220;A informa\u00e7\u00e3o que n\u00f3s temos hoje \u00e9 de que sim, a desonera\u00e7\u00e3o termina agora no dia 28?, disse. &#8220;No momento, como est\u00e1 no ponto de vista legal, no dia 28 se encerra o <strong>subs\u00eddio sobre gasolina<\/strong>. \u00c9 isso que a gente tem colocado no momento. Mas sempre essas avalia\u00e7\u00f5es s\u00e3o considerando uma s\u00e9rie de outras perspectivas para al\u00e9m da econ\u00f4mica&#8221;, afirmou.<\/p>\n\n\n\n<p>Nesta quinta-feira, 23, o chefe do Centro de Estudos Tribut\u00e1rios e Aduaneiros da <a class=\"suno-keyword\" target=\"_blank\" data-force=\"no\" data-priority=\"3\" href=\"https:\/\/www.suno.com.br\/artigos\/receita-federal\/\" rel=\"noopener\">Receita Federal<\/a>, Claudemir Malaquias, afirmou que, conforme a MP editada pelo governo federal no in\u00edcio de janeiro, a <strong>reonera\u00e7\u00e3o da gasolina <\/strong>est\u00e1 prevista para o come\u00e7o de mar\u00e7o. O presidente da <strong>Petrobras (PETR4)<\/strong>, Jean Paul Prates, se re\u00fane hoje com Lula.<\/p>\n\n\n\n<p>A <strong>desonera\u00e7\u00e3o de impostos federais<\/strong> sobre combust\u00edveis foi aprovada no ano passado, durante o governo do presidente Jair Bolsonaro (PL), a fim de minimizar a alta de pre\u00e7os em meio \u00e0 corrida eleitoral. A medida foi prorrogada por dois meses pelo presidente Lula no dia 1\u00ba de janeiro.<\/p>\n\n\n\t<p>\n\t\t<a href=\"https:\/\/lp.suno.com.br\/planilha-controle-gastos\/\" target=\"_blank\" data-element=\"shortcode-suno-banner\" title=\"Banner SUNO, clique e saiba mais\">\n\t\t\t<picture>\n\t\t\t\t<source media=\"(max-width: 500px)\" srcset=\"https:\/\/files.sunoresearch.com.br\/n\/uploads\/2023\/03\/400x300-Planilha-controle-de-gastos.png\">\n\t\t\t\t<img class=\"newsContent__article__imgCapa newsContent__article__imgCapa--banner\"\n\t\t\t\t\tsrc=\"https:\/\/files.sunoresearch.com.br\/n\/uploads\/2023\/03\/1420x240-Planilha-controle-de-gastos.png\"\n\t\t\t\t\tdata-promo-id=\"101751\"\t\t\t\t\t\t\t\t\t\twidth='1420' height='240'\t\t\t\t\talt=\"https:\/\/files.sunoresearch.com.br\/n\/uploads\/2023\/03\/1420x240-Planilha-controle-de-gastos.png\"\n\t\t\t\t>\n\t\t\t<\/picture>\n\t\t<\/a>\n\t<\/p>\n\n\n\n\n\n<h2 class=\"wp-block-heading\" id=\"h-gasolina-impacto-na-bomba\">Gasolina: impacto na bomba<\/h2>\n\n\n\n<p>Com o <strong>fim da desonera\u00e7\u00e3o<\/strong>, a gasolina dever\u00e1 aumentar em R$ 0,68 por litro nos postos, segundo c\u00e1lculos da Associa\u00e7\u00e3o Brasileira dos Importadores de Combust\u00edveis (Abicom). O aumento acontece em um momento em que a Petrobras tem alguma gordura para queimar, por praticar pre\u00e7os mais altos do que o mercado internacional.<\/p>\n\n\n\n<p>Sua concorrente principal no Brasil, a Refinaria de Mataripe, na Bahia, reduziu na \u00faltima quarta-feira o <strong>pre\u00e7o da gasolina<\/strong> em R$ 0,29 por litro. Nas contas da Abicom, sem a prorroga\u00e7\u00e3o da isen\u00e7\u00e3o, o impacto da volta dos impostos no pre\u00e7o da gasolina nas refinarias ser\u00e1 de R$ 0,79 pelo <strong>PIS\/Cofins<\/strong> e de R$ 0,10 pela Cide. Nos postos, ap\u00f3s a mistura do etanol, o impacto total do retorno dos impostos na gasolina ser\u00e1 de R$ 0,68 por litro.<\/p>\n\n\n\n<p>J\u00e1 o etanol hidratado, com a mistura de 27% por<strong> litro de gasolina<\/strong>, deve subir R$ 0,24 por litro nos postos. Na compara\u00e7\u00e3o com os pre\u00e7os praticados no mercado internacional, a <strong>venda da gasolina<\/strong> nas refinarias da Petrobras est\u00e1 em m\u00e9dia 8% mais cara, enquanto o diesel est\u00e1 com o pre\u00e7o 7% superior.<\/p>\n\n\n\n<p>Essa diferen\u00e7a corresponde a uma poss\u00edvel queda de R$ 0,23 por litro no caso da <strong>gasolina<\/strong> e de R$ 0,25 no diesel. Se levado em conta apenas o mercado da Bahia, onde opera da \u00fanica refinaria relevante privada, a Refinaria de Mataripe, a alta em rela\u00e7\u00e3o ao <a class=\"suno-keyword\" target=\"_blank\" data-force=\"no\" data-priority=\"1\" href=\"https:\/\/www.suno.com.br\/artigos\/mercado-externo\/\" rel=\"noopener\">mercado externo<\/a> chega a 10%, informa a Abicom, mesmo ap\u00f3s a redu\u00e7\u00e3o da semana passada. (Com Denise Luna, Eduardo Rodrigues e Giordanna Neves)<\/p>\n\n\n\n<h2 class=\"wp-block-heading\" id=\"h-receita-confirma-reoneracao-de-gasolina-e-etanol-no-fim-do-mes\">Receita confirma reonera\u00e7\u00e3o de gasolina e etanol no fim do m\u00eas<\/h2>\n\n\n\n<p>O consumidor de combust\u00edveis deve preparar o bolso. A gasolina e o etanol subir\u00e3o no fim do m\u00eas, com o fim da desonera\u00e7\u00e3o do Programa de Integra\u00e7\u00e3o Social (PIS) e da Contribui\u00e7\u00e3o para o Financiamento da Seguridade Social (Cofins), que vigora desde o segundo semestre do ano passado.<img decoding=\"async\" src=\"https:\/\/agenciabrasil.ebc.com.br\/ebc.png?id=1512559&amp;o=rss\"><img decoding=\"async\" src=\"https:\/\/agenciabrasil.ebc.com.br\/ebc.gif?id=1512559&amp;o=rss\"><\/p>\n\n\n\n<p>Ao comentar o resultado da arrecada\u00e7\u00e3o\u00a0de janeiro, o chefe do Centro de Estudos Tribut\u00e1rios e Aduaneiros da Receita Federal, Claudemir Malaquias, confirmou a reonera\u00e7\u00e3o no fim do m\u00eas. A data consta da Medida Provis\u00f3ria 1.157, assinada pelo presidente Luiz In\u00e1cio Lula da Silva em 1\u00ba de janeiro.<\/p>\n\n\n\n<p>\u201cDe fato, a MP previu que a al\u00edquota de desonera\u00e7\u00e3o seria vigente at\u00e9 o final deste m\u00eas. A reonera\u00e7\u00e3o est\u00e1 prevista conforme a norma que est\u00e1 vigendo\u201d, afirmou Malaquias durante a entrevista.<\/p>\n\n\n\n<p>A medida provis\u00f3ria estendeu at\u00e9\u00a028 de fevereiro\u00a0as isen\u00e7\u00f5es de PIS e Cofins cobradas da <strong>gasolina<\/strong> e do \u00e1lcool combust\u00edvel e at\u00e9\u00a031 de dezembro\u00a0as isen\u00e7\u00f5es do \u00f3leo diesel e biodiesel. Essas isen\u00e7\u00f5es haviam sido concedidas no ano passado pelo ex-presidente Jair Bolsonaro.<\/p>\n\n\n\n<p>No in\u00edcio do ano, ao anunciar o pacote com medidas para melhorar as contas p\u00fablicas, o ministro da Fazenda, Fernando Haddad, afirmou que a recomposi\u00e7\u00e3o dos tributos render\u00e1 R$ 28,88 bilh\u00f5es ao caixa do governo em 2023. S\u00f3 em janeiro, segundo c\u00e1lculos da Receita Federal divulgados\u00a0hoje, o governo deixou de arrecadar R$ 3,75 bilh\u00f5es com a prorroga\u00e7\u00e3o da al\u00edquota zero.<\/p>\n\n\n\n<p>Hoje, Lula encontrou-se com o presidente da Petrobras, Jean Paul Prates, para discutir o reajuste dos combust\u00edveis. Com o fim da desonera\u00e7\u00e3o, voltam a vigorar as al\u00edquotas anteriores, de R$ 0,792 por litro da <strong>gasolina<\/strong> A (sem mistura de etanol) e de R$ 0,242 por litro do etanol. O repasse aos consumidores, no entanto, depender\u00e1 das distribuidoras e dos postos de combust\u00edveis.<\/p>\n\n\n\n<p><em>Com Estad\u00e3o Conte\u00fado<\/em> e <em>Ag\u00eancia Brasil<\/em><\/p>\n\n\n\t<p>\n\t\t<a href=\"https:\/\/lp.suno.com.br\/planilha-da-vida-financeira\/\" target=\"_blank\" data-element=\"shortcode-suno-banner\" title=\"Banner SUNO, clique e saiba mais\">\n\t\t\t<picture>\n\t\t\t\t<source media=\"(max-width: 500px)\" srcset=\"https:\/\/files.sunoresearch.com.br\/n\/uploads\/2023\/04\/400x300-Planilha-vida-financeira-true.png\">\n\t\t\t\t<img class=\"newsContent__article__imgCapa newsContent__article__imgCapa--banner\"\n\t\t\t\t\tsrc=\"https:\/\/files.sunoresearch.com.br\/n\/uploads\/2023\/04\/1420x240-Planilha-vida-financeira-true.png\"\n\t\t\t\t\tdata-promo-id=\"106682\"\t\t\t\t\t\t\t\t\t\twidth='1420' height='240'\t\t\t\t\talt=\"https:\/\/files.sunoresearch.com.br\/n\/uploads\/2023\/04\/1420x240-Planilha-vida-financeira-true.png\"\n\t\t\t\t>\n\t\t\t<\/picture>\n\t\t<\/a>\n\t<\/p>\n\n\n","protected":false},"excerpt":{"rendered":"<p>A equipe econ\u00f4mica sinalizou que o governo ir\u00e1 voltar mesmo a cobrar os impostos federais sobre combust\u00edveis em mar\u00e7o. A medida provis\u00f3ria (MP) que desonera PIS e Cofins sobre a gasolina e o \u00e1lcool, editada no governo Bolsonaro e prorrogada pelo presidente Luiz In\u00e1cio Lula da Silva, termina no dia 28 de fevereiro. Gasolina e [&hellip;]<\/p>\n","protected":false},"author":43,"featured_media":321663,"comment_status":"closed","ping_status":"closed","sticky":false,"template":"","format":"standard","meta":[],"categories":[64],"tags":[76283,1437,716,879,709,835],"suno_strategy":[],"class_list":["post-367569","post","type-post","status-publish","format-standard","has-post-thumbnail","hentry","category-negocios","tag-cofins","tag-combustiveis","tag-fernando-haddad","tag-gasolina","tag-lula","tag-pis"],"yoast_head":"<!-- This site is optimized with the Yoast SEO plugin v24.4 - https:\/\/yoast.com\/wordpress\/plugins\/seo\/ -->\n<title>Governo sinaliza volta dos impostos federais sobre a gasolina<\/title>\n<meta name=\"description\" content=\"Medida provis\u00f3ria que desonera PIS e Cofins sobre a gasolina e o \u00e1lcool termina no dia 28 de fevereiro. Saiba mais clicando aqui\" \/>\n<meta name=\"robots\" content=\"index, follow, max-snippet:-1, max-image-preview:large, max-video-preview:-1\" \/>\n<link rel=\"canonical\" href=\"https:\/\/www.suno.com.br\/noticias\/governo-sinaliza-volta-impostos-federais-gasolina\/\" \/>\n<meta property=\"og:locale\" content=\"pt_BR\" \/>\n<meta property=\"og:type\" content=\"article\" \/>\n<meta property=\"og:title\" content=\"Governo sinaliza volta dos impostos federais sobre a gasolina\" \/>\n<meta property=\"og:description\" content=\"Medida provis\u00f3ria que desonera PIS e Cofins sobre a gasolina e o \u00e1lcool termina no dia 28 de fevereiro. Saiba mais clicando aqui\" \/>\n<meta property=\"og:url\" content=\"https:\/\/www.suno.com.br\/noticias\/governo-sinaliza-volta-impostos-federais-gasolina\/\" \/>\n<meta property=\"og:site_name\" content=\"Suno Not\u00edcias\" \/>\n<meta property=\"article:publisher\" content=\"https:\/\/facebook.com\/sunoresearch\" \/>\n<meta property=\"article:author\" content=\"https:\/\/www.facebook.com\/sunonoticias\/\" \/>\n<meta property=\"og:image\" content=\"https:\/\/files.sunoresearch.com.br\/n\/uploads\/2022\/11\/imc-rede-negocia-venda-de-18-postos.jpg\" \/>\n\t<meta property=\"og:image:width\" content=\"1200\" \/>\n\t<meta property=\"og:image:height\" content=\"800\" \/>\n\t<meta property=\"og:image:type\" content=\"image\/jpeg\" \/>\n<meta name=\"author\" content=\"Reda\u00e7\u00e3o Suno Not\u00edcias\" \/>\n<meta name=\"twitter:card\" content=\"summary_large_image\" \/>\n<meta name=\"twitter:creator\" content=\"@https:\/\/twitter.com\/sunoresearch\" \/>\n<meta name=\"twitter:site\" content=\"@sunoresearch\" \/>\n<meta name=\"twitter:label1\" content=\"Escrito por\" \/>\n\t<meta name=\"twitter:data1\" content=\"Reda\u00e7\u00e3o Suno Not\u00edcias\" \/>\n\t<meta name=\"twitter:label2\" content=\"Est. tempo de leitura\" \/>\n\t<meta name=\"twitter:data2\" content=\"6 minutos\" \/>\n<script type=\"application\/ld+json\" class=\"yoast-schema-graph\">{\"@context\":\"https:\/\/schema.org\",\"@graph\":[{\"@type\":\"NewsArticle\",\"@id\":\"https:\/\/www.suno.com.br\/noticias\/governo-sinaliza-volta-impostos-federais-gasolina\/#article\",\"isPartOf\":{\"@id\":\"https:\/\/www.suno.com.br\/noticias\/governo-sinaliza-volta-impostos-federais-gasolina\/\"},\"author\":{\"name\":\"Reda\u00e7\u00e3o Suno Not\u00edcias\",\"@id\":\"https:\/\/www.suno.com.br\/noticias\/#\/schema\/person\/c1b1bd3727fa852bd045e9dbff3673ea\"},\"headline\":\"Governo sinaliza volta dos impostos federais sobre a gasolina\",\"datePublished\":\"2023-02-23T21:38:21+00:00\",\"dateModified\":\"2023-02-24T01:35:15+00:00\",\"mainEntityOfPage\":{\"@id\":\"https:\/\/www.suno.com.br\/noticias\/governo-sinaliza-volta-impostos-federais-gasolina\/\"},\"wordCount\":939,\"publisher\":{\"@id\":\"https:\/\/www.suno.com.br\/noticias\/#organization\"},\"image\":{\"@id\":\"https:\/\/www.suno.com.br\/noticias\/governo-sinaliza-volta-impostos-federais-gasolina\/#primaryimage\"},\"thumbnailUrl\":\"https:\/\/files.sunoresearch.com.br\/n\/uploads\/2022\/11\/imc-rede-negocia-venda-de-18-postos.jpg\",\"keywords\":[\"COFINS\",\"combust\u00edveis\",\"Fernando Haddad\",\"Gasolina\",\"Lula\",\"PIS\"],\"articleSection\":[\"Neg\u00f3cios\"],\"inLanguage\":\"pt-BR\"},{\"@type\":\"WebPage\",\"@id\":\"https:\/\/www.suno.com.br\/noticias\/governo-sinaliza-volta-impostos-federais-gasolina\/\",\"url\":\"https:\/\/www.suno.com.br\/noticias\/governo-sinaliza-volta-impostos-federais-gasolina\/\",\"name\":\"Governo sinaliza volta dos impostos federais sobre a gasolina\",\"isPartOf\":{\"@id\":\"https:\/\/www.suno.com.br\/noticias\/#website\"},\"primaryImageOfPage\":{\"@id\":\"https:\/\/www.suno.com.br\/noticias\/governo-sinaliza-volta-impostos-federais-gasolina\/#primaryimage\"},\"image\":{\"@id\":\"https:\/\/www.suno.com.br\/noticias\/governo-sinaliza-volta-impostos-federais-gasolina\/#primaryimage\"},\"thumbnailUrl\":\"https:\/\/files.sunoresearch.com.br\/n\/uploads\/2022\/11\/imc-rede-negocia-venda-de-18-postos.jpg\",\"datePublished\":\"2023-02-23T21:38:21+00:00\",\"dateModified\":\"2023-02-24T01:35:15+00:00\",\"description\":\"Medida provis\u00f3ria que desonera PIS e Cofins sobre a gasolina e o \u00e1lcool termina no dia 28 de fevereiro. Saiba mais clicando aqui\",\"breadcrumb\":{\"@id\":\"https:\/\/www.suno.com.br\/noticias\/governo-sinaliza-volta-impostos-federais-gasolina\/#breadcrumb\"},\"inLanguage\":\"pt-BR\",\"potentialAction\":[{\"@type\":\"ReadAction\",\"target\":[\"https:\/\/www.suno.com.br\/noticias\/governo-sinaliza-volta-impostos-federais-gasolina\/\"]}]},{\"@type\":\"ImageObject\",\"inLanguage\":\"pt-BR\",\"@id\":\"https:\/\/www.suno.com.br\/noticias\/governo-sinaliza-volta-impostos-federais-gasolina\/#primaryimage\",\"url\":\"https:\/\/files.sunoresearch.com.br\/n\/uploads\/2022\/11\/imc-rede-negocia-venda-de-18-postos.jpg\",\"contentUrl\":\"https:\/\/files.sunoresearch.com.br\/n\/uploads\/2022\/11\/imc-rede-negocia-venda-de-18-postos.jpg\",\"width\":1200,\"height\":800,\"caption\":\"Gasolina e paridade internacional. Foto: Engin Akyurt\/Unsplash\"},{\"@type\":\"BreadcrumbList\",\"@id\":\"https:\/\/www.suno.com.br\/noticias\/governo-sinaliza-volta-impostos-federais-gasolina\/#breadcrumb\",\"itemListElement\":[{\"@type\":\"ListItem\",\"position\":1,\"name\":\"Not\u00edcias\",\"item\":\"https:\/\/www.suno.com.br\/noticias\/\"},{\"@type\":\"ListItem\",\"position\":2,\"name\":\"Neg\u00f3cios\",\"item\":\"https:\/\/www.suno.com.br\/noticias\/negocios\/\"},{\"@type\":\"ListItem\",\"position\":3,\"name\":\"Governo sinaliza volta dos impostos federais sobre a gasolina\"}]},{\"@type\":\"WebSite\",\"@id\":\"https:\/\/www.suno.com.br\/noticias\/#website\",\"url\":\"https:\/\/www.suno.com.br\/noticias\/\",\"name\":\"Suno Not\u00edcias\",\"description\":\"Seu portal de informa\u00e7\u00e3o sobre o mundo dos investimentos\",\"publisher\":{\"@id\":\"https:\/\/www.suno.com.br\/noticias\/#organization\"},\"potentialAction\":[{\"@type\":\"SearchAction\",\"target\":{\"@type\":\"EntryPoint\",\"urlTemplate\":\"https:\/\/www.suno.com.br\/noticias\/?s={search_term_string}\"},\"query-input\":{\"@type\":\"PropertyValueSpecification\",\"valueRequired\":true,\"valueName\":\"search_term_string\"}}],\"inLanguage\":\"pt-BR\"},{\"@type\":\"Organization\",\"@id\":\"https:\/\/www.suno.com.br\/noticias\/#organization\",\"name\":\"Suno Not\u00edcias\",\"url\":\"https:\/\/www.suno.com.br\/noticias\/\",\"logo\":{\"@type\":\"ImageObject\",\"inLanguage\":\"pt-BR\",\"@id\":\"https:\/\/www.suno.com.br\/noticias\/#\/schema\/logo\/image\/\",\"url\":\"https:\/\/files.sunoresearch.com.br\/n\/uploads\/2021\/09\/suno-logo.png\",\"contentUrl\":\"https:\/\/files.sunoresearch.com.br\/n\/uploads\/2021\/09\/suno-logo.png\",\"width\":180,\"height\":180,\"caption\":\"Suno Not\u00edcias\"},\"image\":{\"@id\":\"https:\/\/www.suno.com.br\/noticias\/#\/schema\/logo\/image\/\"},\"sameAs\":[\"https:\/\/facebook.com\/sunoresearch\",\"https:\/\/x.com\/sunoresearch\",\"https:\/\/www.instagram.com\/suno\",\"https:\/\/www.linkedin.com\/company\/suno-research\/\",\"https:\/\/www.youtube.com\/c\/sunoresearch\"]},{\"@type\":\"Person\",\"@id\":\"https:\/\/www.suno.com.br\/noticias\/#\/schema\/person\/c1b1bd3727fa852bd045e9dbff3673ea\",\"name\":\"Reda\u00e7\u00e3o Suno Not\u00edcias\",\"image\":{\"@type\":\"ImageObject\",\"inLanguage\":\"pt-BR\",\"@id\":\"https:\/\/www.suno.com.br\/noticias\/#\/schema\/person\/image\/\",\"url\":\"https:\/\/secure.gravatar.com\/avatar\/b8104b9b5a71985d5238ee59fbe418af?s=96&r=g\",\"contentUrl\":\"https:\/\/secure.gravatar.com\/avatar\/b8104b9b5a71985d5238ee59fbe418af?s=96&r=g\",\"caption\":\"Reda\u00e7\u00e3o Suno Not\u00edcias\"},\"description\":\"O Suno Not\u00edcias \u00e9 um portal de informa\u00e7\u00f5es sobre Mercado Financeiro, Pol\u00edtica, Neg\u00f3cios, Economia e Finan\u00e7as Pessoais.\",\"sameAs\":[\"https:\/\/www.suno.com.br\/noticias\",\"https:\/\/www.facebook.com\/sunonoticias\/\",\"https:\/\/www.instagram.com\/sunonoticias\/\",\"https:\/\/x.com\/https:\/\/twitter.com\/sunoresearch\",\"https:\/\/www.youtube.com\/sunonoticias\"],\"url\":\"https:\/\/www.suno.com.br\/noticias\/author\/redacao-suno\/\"}]}<\/script>\n<!-- \/ Yoast SEO plugin. -->","yoast_head_json":{"title":"Governo sinaliza volta dos impostos federais sobre a gasolina","description":"Medida provis\u00f3ria que desonera PIS e Cofins sobre a gasolina e o \u00e1lcool termina no dia 28 de fevereiro. Saiba mais clicando aqui","robots":{"index":"index","follow":"follow","max-snippet":"max-snippet:-1","max-image-preview":"max-image-preview:large","max-video-preview":"max-video-preview:-1"},"canonical":"https:\/\/www.suno.com.br\/noticias\/governo-sinaliza-volta-impostos-federais-gasolina\/","og_locale":"pt_BR","og_type":"article","og_title":"Governo sinaliza volta dos impostos federais sobre a gasolina","og_description":"Medida provis\u00f3ria que desonera PIS e Cofins sobre a gasolina e o \u00e1lcool termina no dia 28 de fevereiro. Saiba mais clicando aqui","og_url":"https:\/\/www.suno.com.br\/noticias\/governo-sinaliza-volta-impostos-federais-gasolina\/","og_site_name":"Suno Not\u00edcias","article_publisher":"https:\/\/facebook.com\/sunoresearch","article_author":"https:\/\/www.facebook.com\/sunonoticias\/","og_image":[{"width":1200,"height":800,"url":"https:\/\/files.sunoresearch.com.br\/n\/uploads\/2022\/11\/imc-rede-negocia-venda-de-18-postos.jpg","type":"image\/jpeg"}],"author":"Reda\u00e7\u00e3o Suno Not\u00edcias","twitter_card":"summary_large_image","twitter_creator":"@https:\/\/twitter.com\/sunoresearch","twitter_site":"@sunoresearch","twitter_misc":{"Escrito por":"Reda\u00e7\u00e3o Suno Not\u00edcias","Est. tempo de leitura":"6 minutos"},"schema":{"@context":"https:\/\/schema.org","@graph":[{"@type":"NewsArticle","@id":"https:\/\/www.suno.com.br\/noticias\/governo-sinaliza-volta-impostos-federais-gasolina\/#article","isPartOf":{"@id":"https:\/\/www.suno.com.br\/noticias\/governo-sinaliza-volta-impostos-federais-gasolina\/"},"author":{"name":"Reda\u00e7\u00e3o Suno Not\u00edcias","@id":"https:\/\/www.suno.com.br\/noticias\/#\/schema\/person\/c1b1bd3727fa852bd045e9dbff3673ea"},"headline":"Governo sinaliza volta dos impostos federais sobre a gasolina","datePublished":"2023-02-23T21:38:21+00:00","dateModified":"2023-02-24T01:35:15+00:00","mainEntityOfPage":{"@id":"https:\/\/www.suno.com.br\/noticias\/governo-sinaliza-volta-impostos-federais-gasolina\/"},"wordCount":939,"publisher":{"@id":"https:\/\/www.suno.com.br\/noticias\/#organization"},"image":{"@id":"https:\/\/www.suno.com.br\/noticias\/governo-sinaliza-volta-impostos-federais-gasolina\/#primaryimage"},"thumbnailUrl":"https:\/\/files.sunoresearch.com.br\/n\/uploads\/2022\/11\/imc-rede-negocia-venda-de-18-postos.jpg","keywords":["COFINS","combust\u00edveis","Fernando Haddad","Gasolina","Lula","PIS"],"articleSection":["Neg\u00f3cios"],"inLanguage":"pt-BR"},{"@type":"WebPage","@id":"https:\/\/www.suno.com.br\/noticias\/governo-sinaliza-volta-impostos-federais-gasolina\/","url":"https:\/\/www.suno.com.br\/noticias\/governo-sinaliza-volta-impostos-federais-gasolina\/","name":"Governo sinaliza volta dos impostos federais sobre a gasolina","isPartOf":{"@id":"https:\/\/www.suno.com.br\/noticias\/#website"},"primaryImageOfPage":{"@id":"https:\/\/www.suno.com.br\/noticias\/governo-sinaliza-volta-impostos-federais-gasolina\/#primaryimage"},"image":{"@id":"https:\/\/www.suno.com.br\/noticias\/governo-sinaliza-volta-impostos-federais-gasolina\/#primaryimage"},"thumbnailUrl":"https:\/\/files.sunoresearch.com.br\/n\/uploads\/2022\/11\/imc-rede-negocia-venda-de-18-postos.jpg","datePublished":"2023-02-23T21:38:21+00:00","dateModified":"2023-02-24T01:35:15+00:00","description":"Medida provis\u00f3ria que desonera PIS e Cofins sobre a gasolina e o \u00e1lcool termina no dia 28 de fevereiro. Saiba mais clicando aqui","breadcrumb":{"@id":"https:\/\/www.suno.com.br\/noticias\/governo-sinaliza-volta-impostos-federais-gasolina\/#breadcrumb"},"inLanguage":"pt-BR","potentialAction":[{"@type":"ReadAction","target":["https:\/\/www.suno.com.br\/noticias\/governo-sinaliza-volta-impostos-federais-gasolina\/"]}]},{"@type":"ImageObject","inLanguage":"pt-BR","@id":"https:\/\/www.suno.com.br\/noticias\/governo-sinaliza-volta-impostos-federais-gasolina\/#primaryimage","url":"https:\/\/files.sunoresearch.com.br\/n\/uploads\/2022\/11\/imc-rede-negocia-venda-de-18-postos.jpg","contentUrl":"https:\/\/files.sunoresearch.com.br\/n\/uploads\/2022\/11\/imc-rede-negocia-venda-de-18-postos.jpg","width":1200,"height":800,"caption":"Gasolina e paridade internacional. Foto: Engin Akyurt\/Unsplash"},{"@type":"BreadcrumbList","@id":"https:\/\/www.suno.com.br\/noticias\/governo-sinaliza-volta-impostos-federais-gasolina\/#breadcrumb","itemListElement":[{"@type":"ListItem","position":1,"name":"Not\u00edcias","item":"https:\/\/www.suno.com.br\/noticias\/"},{"@type":"ListItem","position":2,"name":"Neg\u00f3cios","item":"https:\/\/www.suno.com.br\/noticias\/negocios\/"},{"@type":"ListItem","position":3,"name":"Governo sinaliza volta dos impostos federais sobre a gasolina"}]},{"@type":"WebSite","@id":"https:\/\/www.suno.com.br\/noticias\/#website","url":"https:\/\/www.suno.com.br\/noticias\/","name":"Suno Not\u00edcias","description":"Seu portal de informa\u00e7\u00e3o sobre o mundo dos investimentos","publisher":{"@id":"https:\/\/www.suno.com.br\/noticias\/#organization"},"potentialAction":[{"@type":"SearchAction","target":{"@type":"EntryPoint","urlTemplate":"https:\/\/www.suno.com.br\/noticias\/?s={search_term_string}"},"query-input":{"@type":"PropertyValueSpecification","valueRequired":true,"valueName":"search_term_string"}}],"inLanguage":"pt-BR"},{"@type":"Organization","@id":"https:\/\/www.suno.com.br\/noticias\/#organization","name":"Suno Not\u00edcias","url":"https:\/\/www.suno.com.br\/noticias\/","logo":{"@type":"ImageObject","inLanguage":"pt-BR","@id":"https:\/\/www.suno.com.br\/noticias\/#\/schema\/logo\/image\/","url":"https:\/\/files.sunoresearch.com.br\/n\/uploads\/2021\/09\/suno-logo.png","contentUrl":"https:\/\/files.sunoresearch.com.br\/n\/uploads\/2021\/09\/suno-logo.png","width":180,"height":180,"caption":"Suno Not\u00edcias"},"image":{"@id":"https:\/\/www.suno.com.br\/noticias\/#\/schema\/logo\/image\/"},"sameAs":["https:\/\/facebook.com\/sunoresearch","https:\/\/x.com\/sunoresearch","https:\/\/www.instagram.com\/suno","https:\/\/www.linkedin.com\/company\/suno-research\/","https:\/\/www.youtube.com\/c\/sunoresearch"]},{"@type":"Person","@id":"https:\/\/www.suno.com.br\/noticias\/#\/schema\/person\/c1b1bd3727fa852bd045e9dbff3673ea","name":"Reda\u00e7\u00e3o Suno Not\u00edcias","image":{"@type":"ImageObject","inLanguage":"pt-BR","@id":"https:\/\/www.suno.com.br\/noticias\/#\/schema\/person\/image\/","url":"https:\/\/secure.gravatar.com\/avatar\/b8104b9b5a71985d5238ee59fbe418af?s=96&r=g","contentUrl":"https:\/\/secure.gravatar.com\/avatar\/b8104b9b5a71985d5238ee59fbe418af?s=96&r=g","caption":"Reda\u00e7\u00e3o Suno Not\u00edcias"},"description":"O Suno Not\u00edcias \u00e9 um portal de informa\u00e7\u00f5es sobre Mercado Financeiro, Pol\u00edtica, Neg\u00f3cios, Economia e Finan\u00e7as Pessoais.","sameAs":["https:\/\/www.suno.com.br\/noticias","https:\/\/www.facebook.com\/sunonoticias\/","https:\/\/www.instagram.com\/sunonoticias\/","https:\/\/x.com\/https:\/\/twitter.com\/sunoresearch","https:\/\/www.youtube.com\/sunonoticias"],"url":"https:\/\/www.suno.com.br\/noticias\/author\/redacao-suno\/"}]}},"default_loop_html":"<div class=\"cardsPage__listCard__boxs\"><div class=\"cardsPage__listCard__boxs__img\"><a href=\"https:\/\/www.suno.com.br\/noticias\/governo-sinaliza-volta-impostos-federais-gasolina\/\"><img class=\"mask\" src=\"https:\/\/www.suno.com.br\/noticias\/wp-content\/themes\/suno\/resources\/images\/spotlight\/spotlight1img\/bg-mask.png\" alt=\"Image Mask\"\/><img src=\"https:\/\/files.sunoresearch.com.br\/n\/uploads\/2022\/11\/imc-rede-negocia-venda-de-18-postos-400x200.jpg\" alt=\"Governo sinaliza volta dos impostos federais sobre a gasolina\"\/><\/a><span class=\"spotlightCategory\"><a href=\"https:\/\/www.suno.com.br\/noticias\/negocios\/\">Neg\u00f3cios<\/a><\/span><\/div><div class=\"cardsPage__listCard__boxs__content\"><a href=\"https:\/\/www.suno.com.br\/noticias\/governo-sinaliza-volta-impostos-federais-gasolina\/\"><h2 class=\"content__title\">Governo sinaliza volta dos impostos federais sobre a gasolina<\/h2><\/a><div class=\"newsContent__article__meta\"><div class=\"newsContent__article__meta__authorBox\"><a href=\"https:\/\/www.suno.com.br\/noticias\/author\/redacao-suno\/\" class=\"authorBox__avatar noMobi\"><img src=\"https:\/\/files.sunoresearch.com.br\/n\/uploads\/2020\/08\/0ace682d-redacao-1-150x150.webp\" alt=\"Reda\u00e7\u00e3o Suno Not\u00edcias\"><\/a><div class=\"authorBox__name\"><span>por\n\t\t\t<a href=\"https:\/\/www.suno.com.br\/noticias\/author\/redacao-suno\/\"><span itemprop=\"author\">Reda\u00e7\u00e3o Suno Not\u00edcias<\/span><\/a><\/span><time datetime=\"2023-02-23T18:38:21-03:00\" itemprop=\"datePublished\">23\/02\/2023 18:38<\/time><\/div><\/div><\/div><\/div><\/div>","single_layout":"posts","amp_enabled":true,"_links":{"self":[{"href":"https:\/\/www.suno.com.br\/noticias\/wp-json\/wp\/v2\/posts\/367569"}],"collection":[{"href":"https:\/\/www.suno.com.br\/noticias\/wp-json\/wp\/v2\/posts"}],"about":[{"href":"https:\/\/www.suno.com.br\/noticias\/wp-json\/wp\/v2\/types\/post"}],"author":[{"embeddable":true,"href":"https:\/\/www.suno.com.br\/noticias\/wp-json\/wp\/v2\/users\/43"}],"replies":[{"embeddable":true,"href":"https:\/\/www.suno.com.br\/noticias\/wp-json\/wp\/v2\/comments?post=367569"}],"version-history":[{"count":2,"href":"https:\/\/www.suno.com.br\/noticias\/wp-json\/wp\/v2\/posts\/367569\/revisions"}],"predecessor-version":[{"id":367797,"href":"https:\/\/www.suno.com.br\/noticias\/wp-json\/wp\/v2\/posts\/367569\/revisions\/367797"}],"wp:featuredmedia":[{"embeddable":true,"href":"https:\/\/www.suno.com.br\/noticias\/wp-json\/wp\/v2\/media\/321663"}],"wp:attachment":[{"href":"https:\/\/www.suno.com.br\/noticias\/wp-json\/wp\/v2\/media?parent=367569"}],"wp:term":[{"taxonomy":"category","embeddable":true,"href":"https:\/\/www.suno.com.br\/noticias\/wp-json\/wp\/v2\/categories?post=367569"},{"taxonomy":"post_tag","embeddable":true,"href":"https:\/\/www.suno.com.br\/noticias\/wp-json\/wp\/v2\/tags?post=367569"},{"taxonomy":"suno_strategy","embeddable":true,"href":"https:\/\/www.suno.com.br\/noticias\/wp-json\/wp\/v2\/suno_strategy?post=367569"}],"curies":[{"name":"wp","href":"https:\/\/api.w.org\/{rel}","templated":true}]}}