{"id":36753,"date":"2019-09-06T17:46:03","date_gmt":"2019-09-06T20:46:03","guid":{"rendered":"https:\/\/www.suno.com.br\/noticias\/?p=36753"},"modified":"2021-06-01T22:03:34","modified_gmt":"2021-06-02T01:03:34","slug":"dolar-queda-fed-pib-eua-06092019","status":"publish","type":"post","link":"https:\/\/www.suno.com.br\/noticias\/dolar-queda-fed-pib-eua-06092019\/","title":{"rendered":"D\u00f3lar cai 0,71% ap\u00f3s Fed indicar poss\u00edvel redu\u00e7\u00e3o no PIB dos EUA"},"content":{"rendered":"<p>O d\u00f3lar encerrou esta sexta-feira (6) em queda de -0,715%, negociado a R$ 4,0804 na venda. O mercado reagiu ao an\u00fancio do <a href=\"https:\/\/www.suno.com.br\/artigos\/fed\/\">Federal Reserve (<strong>Fed<\/strong>)<\/a> que aponta para a redu\u00e7\u00e3o do crescimento econ\u00f4mico dos <strong>Estados Unidos<\/strong>.<\/p>\t<div class=\"wrapper-featured-image\">\n\t\t<figure class=\"spotlightImg\">\n\n\t\t\t<picture>\n\t\t\t\t<source media=\"(max-width: 768px)\" srcset=\"https:\/\/files.sunoresearch.com.br\/n\/uploads\/2019\/06\/e1c128ff-d\u00f3larr-400x200.webp\">\n\t\t\t\t<img loading=\"lazy\" decoding=\"async\" class=\"newsContent__article__imgCapa lazyloadDisabled newsContent__article__imgCapa--noCaption\" src=\"https:\/\/files.sunoresearch.com.br\/n\/uploads\/2019\/06\/e1c128ff-d\u00f3larr-jpg.webp\" width=\"800\" height=\"450\" alt=\"D\u00f3lar cai 0,71% ap\u00f3s Fed indicar poss\u00edvel redu\u00e7\u00e3o no PIB dos EUA\" fetchpriority=high \/>\n\t\t\t<\/picture>\n\n\t\t\t<figcaption class=\"wp-caption-text wp-caption-text--hide\">Nesta segunda-feira (14), por volta das 9h20, o d\u00f3lar operava em queda de 0,413, sendo negociado a R$ 5,3099. <\/figcaption>\n\t\t<\/figure>\n\t<\/div>\n\n\n\n<p>A cota\u00e7\u00e3o m\u00e1xima do <strong>d\u00f3lar<\/strong> nesta sexta-feira foi registrada na abertura do mercado, \u00e0s 9h09. A moeda norte-americana chegou a R$ 4,0947. A m\u00ednima foi de R$ 4,0581, por volta das 10h50.<\/p>\n<p>Ainda nos Estados Unidos os investidores acompanharam a divulga\u00e7\u00e3o de dados empregat\u00edcios. No cen\u00e1rio interno, o mercado reagiu a diminui\u00e7\u00e3o do <a href=\"https:\/\/www.suno.com.br\/artigos\/ipca\/\"><strong>IPCA<\/strong><\/a> e a proje\u00e7\u00e3o do Bradesco de redu\u00e7\u00e3o da <strong><a href=\"https:\/\/www.suno.com.br\/artigos\/taxa-selic\/\">taxa Selic<\/a><\/strong>.<\/p>\n<h2>Crescimento econ\u00f4mico dos EUA<\/h2>\n<p>De acordo com especialistas do <a href=\"https:\/\/www.suno.com.br\/artigos\/fed\/\">Banco Central dos Estados Unidos<\/a>, o Federal Reserve (Fed), o crescimento econ\u00f4mico dos EUA deve diminuir mais de 1% por causa das incertezas comerciais vividas nos \u00faltimos meses com a China.<\/p>\n<p><a href=\"https:\/\/www.suno.com.br\/noticias\/fed-guerra-comercial-diminuir-crescimento-pib-mais-de-1\/\">Saiba mais: Fed: Guerra comercial deve diminuir crescimento do PIB dos EUA em mais de 1%<\/a><\/p>\n<p>&#8220;O aumento das incertezas com a pol\u00edtica comercial em 2018 e 2019 foi acompanhada por uma desacelera\u00e7\u00e3o da produ\u00e7\u00e3o industrial mundial e do com\u00e9rcio global&#8221;, confirma o Fed.<\/p>\n<p>Segundo a equipe de economistas do banco central norte-americano, o avan\u00e7o das incertezas comerciais nos primeiros seis meses do ano passado fez com que a economia mundial deixasse de crescer 0,8% neste ano.<\/p>\n<h2>Cria\u00e7\u00e3o de empregos nos EUA<\/h2>\n<p>Em agosto, foram adicionadas 130 mil novas vagas de empregos nos Estados Unidos, segundo o Departamento de Trabalho do pa\u00eds.<\/p>\n<p><a href=\"https:\/\/www.suno.com.br\/noticias\/juros-futuros-eua-empregos-dados-di\/\">Saiba mais: Juros futuros caem ap\u00f3s desacelera\u00e7\u00e3o de cria\u00e7\u00e3o de empregos dos EUA<\/a><\/p>\n<p>Para os economistas consultados pela Bloomberg, esse resultado veio abaixo do esperado de um acr\u00e9scimo de 160 mil empregos. <span style=\"font-size: 1.21429rem;\">Por sua vez, os consultados pela Reuters esperavam cria\u00e7\u00e3o de 158 mil vagas.<\/span><\/p>\n<p>O sal\u00e1rio m\u00e9dio por hora trabalhada teve alta de 0,4% em agosto, maior aumento desde fevereiro, depois de avan\u00e7ar 0,3 em julho.<\/p>\n\t<p>\n\t\t<a href=\"https:\/\/lp.suno.com.br\/planilha-controle-gastos\/\" target=\"_blank\" data-element=\"shortcode-suno-banner\" title=\"Banner SUNO, clique e saiba mais\">\n\t\t\t<picture>\n\t\t\t\t<source media=\"(max-width: 500px)\" srcset=\"https:\/\/files.sunoresearch.com.br\/n\/uploads\/2023\/03\/400x300-Planilha-controle-de-gastos.png\">\n\t\t\t\t<img class=\"newsContent__article__imgCapa newsContent__article__imgCapa--banner\"\n\t\t\t\t\tsrc=\"https:\/\/files.sunoresearch.com.br\/n\/uploads\/2023\/03\/1420x240-Planilha-controle-de-gastos.png\"\n\t\t\t\t\tdata-promo-id=\"383122\"\t\t\t\t\t\t\t\t\t\twidth='1420' height='240'\t\t\t\t\talt=\"https:\/\/files.sunoresearch.com.br\/n\/uploads\/2023\/03\/1420x240-Planilha-controle-de-gastos.png\"\n\t\t\t\t>\n\t\t\t<\/picture>\n\t\t<\/a>\n\t<\/p>\n\n\n<p>Analistas acreditam que o aumento salarial poder\u00e1 impulsionar os gastos dos consumidores e manter a economia em expans\u00e3o moderada.<\/p>\n<h2>Proje\u00e7\u00e3o do Bradesco sobre a Selic<\/h2>\n<p>O Bradesco ajustou sua estimativa para a <a href=\"https:\/\/www.suno.com.br\/artigos\/taxa-selic\/\">taxa b\u00e1sica de juros, Selic,<\/a> passando de 5% para 4,75% no fim de 2019 devendo ser mantido at\u00e9 o fim de 2020.<\/p>\n<p><a href=\"https:\/\/www.suno.com.br\/noticias\/bradesco-projeta-reducao-selic-475-2019\/\">Saiba mais: Bradesco projeta redu\u00e7\u00e3o da Selic para 4,75% em 2019<\/a><\/p>\n<p>Para os analistas do banco, a constru\u00e7\u00e3o civil deve ser a categoria que mais se beneficiar\u00e1. &#8220;Quem mais tende a se beneficiar da queda dos juros \u00e9 o setor imobili\u00e1rio&#8221;, declarou o economista do banco, Igor Velecico, em encontro com jornalistas.<\/p>\n<p>Apesar da expectativa positiva, o Bradesco, baseado nas pioras em rela\u00e7\u00e3o \u00e0 perspectiva para o cen\u00e1rio externo, revisou tamb\u00e9m a estimativa para o crescimento do <a href=\"https:\/\/www.suno.com.br\/artigos\/o-produto-interno-bruto-pib\/\">Produto Interno Bruto (PIB)<\/a> para 2020, caindo de 2,2% para 1,9%. A proje\u00e7\u00e3o para 2019 continuou em 0,8%.<\/p>\n<h2>Redu\u00e7\u00e3o do IPCA<\/h2>\n<p>O <a href=\"https:\/\/www.suno.com.br\/artigos\/ipca\/\">\u00cdndice Nacional de Pre\u00e7os ao Consumidor Amplo<\/a> (IPCA) diminuiu para 0,11% em agosto. No m\u00eas de julho, o \u00edndice registrou uma alta de 0,19%.<\/p>\n<p><a href=\"https:\/\/www.suno.com.br\/noticias\/ipca-desacelera-011-agosto-ante-alta-de-019-em-julho\/\">Saiba mais: IPCA desacelera a 0,11% em agosto ante alta de 0,19% em julho<\/a><\/p>\n<p>A meta do governo no acumulado para o ano \u00e9 de 4,25%. At\u00e9 o momento, o \u00edndice atingiu 3,43% em 12 meses.<\/p>\n<p>Os 12 meses imediatamente anteriores ao desse valor ficaram em 3,22%. Em agosto de 2018, a defla\u00e7\u00e3o foi de 0,09%.<\/p>\n\t<p>\n\t\t<a href=\"https:\/\/lp.suno.com.br\/asset\/fundos\/suno-fic-fia\/\" target=\"_blank\" data-element=\"shortcode-suno-banner\" title=\"Banner SUNO, clique e saiba mais\">\n\t\t\t<picture>\n\t\t\t\t<source media=\"(max-width: 500px)\" srcset=\"https:\/\/files.sunoresearch.com.br\/n\/uploads\/2023\/10\/SUNO-FIC-FIA-400x300-Mobile-Artigos-5.png\">\n\t\t\t\t<img class=\"newsContent__article__imgCapa newsContent__article__imgCapa--banner\"\n\t\t\t\t\tsrc=\"https:\/\/files.sunoresearch.com.br\/n\/uploads\/2023\/10\/SUNO-FIC-FIA-1420x240-Banner-Artigos-1-_-Banner-Materias-4.png\"\n\t\t\t\t\tdata-promo-id=\"478742\"\t\t\t\t\t\t\t\t\t\twidth='2840' height='480'\t\t\t\t\talt=\"https:\/\/files.sunoresearch.com.br\/n\/uploads\/2023\/10\/SUNO-FIC-FIA-1420x240-Banner-Artigos-1-_-Banner-Materias-4.png\"\n\t\t\t\t>\n\t\t\t<\/picture>\n\t\t<\/a>\n\t<\/p>\n\n\n<p>\u201cEsse avan\u00e7o [no acumulado em 12 meses] de 3,22% para 3,43% \u00e9 justamente porque saiu dessa s\u00e9rie de 12 meses a <a href=\"https:\/\/www.suno.com.br\/artigos\/deflacao\/\">defla\u00e7\u00e3o<\/a> registrada em agosto do ano passado\u201d, analisou o gerente do Sistema Nacional de \u00cdndices de Pre\u00e7os do IBGE, Pedro Kislanov da Costa.<\/p>\n<h2>\u00daltima cota\u00e7\u00e3o do d\u00f3lar<\/h2>\n<p>Na \u00faltima sess\u00e3o, quinta-feira (5), o <strong><a href=\"https:\/\/www.youtube.com\/watch?v=G3KrdD4iQyI\">d\u00f3lar<\/a><\/strong> encerrou com alta de 0,114% sendo negociado a R$ 4,1098.<\/p>\n","protected":false},"excerpt":{"rendered":"<p>O d\u00f3lar encerrou esta sexta-feira (6) em queda de -0,715%, negociado a R$ 4,0804 na venda. O mercado reagiu ao an\u00fancio do Federal Reserve (Fed) que aponta para a redu\u00e7\u00e3o do crescimento econ\u00f4mico dos Estados Unidos. Nesta segunda-feira (14), por volta das 9h20, o d\u00f3lar operava em queda de 0,413, sendo negociado a R$ 5,3099. [&hellip;]<\/p>\n","protected":false},"author":18,"featured_media":27978,"comment_status":"closed","ping_status":"closed","sticky":false,"template":"","format":"standard","meta":[],"categories":[60],"tags":[326,1796,776,966,290],"suno_strategy":[],"class_list":["post-36753","post","type-post","status-publish","format-standard","has-post-thumbnail","hentry","category-mercado","tag-dolar","tag-emprego","tag-federal-reseve-fed","tag-ipca","tag-taxa-selic"],"yoast_head":"<!-- This site is optimized with the Yoast SEO plugin v24.4 - https:\/\/yoast.com\/wordpress\/plugins\/seo\/ -->\n<title>D\u00f3lar cai 0,71% ap\u00f3s Fed indicar poss\u00edvel redu\u00e7\u00e3o no PIB dos EUA<\/title>\n<meta name=\"description\" content=\"O d\u00f3lar encerrou o preg\u00e3o desta sexta-feira (6) em queda de -0,715%, sendo negociado a R$ 4,0804 na venda. Clique para saber mais.\" \/>\n<meta name=\"robots\" content=\"index, follow, max-snippet:-1, max-image-preview:large, max-video-preview:-1\" \/>\n<link rel=\"canonical\" href=\"https:\/\/www.suno.com.br\/noticias\/dolar-queda-fed-pib-eua-06092019\/\" \/>\n<meta property=\"og:locale\" content=\"pt_BR\" \/>\n<meta property=\"og:type\" content=\"article\" \/>\n<meta property=\"og:title\" content=\"D\u00f3lar cai 0,71% ap\u00f3s Fed indicar poss\u00edvel redu\u00e7\u00e3o no PIB dos EUA\" \/>\n<meta property=\"og:description\" content=\"O d\u00f3lar encerrou o preg\u00e3o desta sexta-feira (6) em queda de -0,715%, sendo negociado a R$ 4,0804 na venda. Clique para saber mais.\" \/>\n<meta property=\"og:url\" content=\"https:\/\/www.suno.com.br\/noticias\/dolar-queda-fed-pib-eua-06092019\/\" \/>\n<meta property=\"og:site_name\" content=\"Suno Not\u00edcias\" \/>\n<meta property=\"article:publisher\" content=\"https:\/\/facebook.com\/sunoresearch\" \/>\n<meta property=\"og:image\" content=\"https:\/\/files.sunoresearch.com.br\/n\/uploads\/2019\/06\/e1c128ff-d\u00f3larr.jpg\" \/>\n\t<meta property=\"og:image:width\" content=\"640\" \/>\n\t<meta property=\"og:image:height\" content=\"370\" \/>\n\t<meta property=\"og:image:type\" content=\"image\/jpeg\" \/>\n<meta name=\"author\" content=\"Giovanna Oliveira\" \/>\n<meta name=\"twitter:card\" content=\"summary_large_image\" \/>\n<meta name=\"twitter:creator\" content=\"@sunoresearch\" \/>\n<meta name=\"twitter:site\" content=\"@sunoresearch\" \/>\n<meta name=\"twitter:label1\" content=\"Escrito por\" \/>\n\t<meta name=\"twitter:data1\" content=\"Giovanna Oliveira\" \/>\n\t<meta name=\"twitter:label2\" content=\"Est. tempo de leitura\" \/>\n\t<meta name=\"twitter:data2\" content=\"3 minutos\" \/>\n<script type=\"application\/ld+json\" class=\"yoast-schema-graph\">{\"@context\":\"https:\/\/schema.org\",\"@graph\":[{\"@type\":\"NewsArticle\",\"@id\":\"https:\/\/www.suno.com.br\/noticias\/dolar-queda-fed-pib-eua-06092019\/#article\",\"isPartOf\":{\"@id\":\"https:\/\/www.suno.com.br\/noticias\/dolar-queda-fed-pib-eua-06092019\/\"},\"author\":{\"name\":\"Giovanna Oliveira\",\"@id\":\"https:\/\/www.suno.com.br\/noticias\/#\/schema\/person\/4e19e3d2575736e5283d58eb3199d120\"},\"headline\":\"D\u00f3lar cai 0,71% ap\u00f3s Fed indicar poss\u00edvel redu\u00e7\u00e3o no PIB dos EUA\",\"datePublished\":\"2019-09-06T20:46:03+00:00\",\"dateModified\":\"2021-06-02T01:03:34+00:00\",\"mainEntityOfPage\":{\"@id\":\"https:\/\/www.suno.com.br\/noticias\/dolar-queda-fed-pib-eua-06092019\/\"},\"wordCount\":636,\"publisher\":{\"@id\":\"https:\/\/www.suno.com.br\/noticias\/#organization\"},\"image\":{\"@id\":\"https:\/\/www.suno.com.br\/noticias\/dolar-queda-fed-pib-eua-06092019\/#primaryimage\"},\"thumbnailUrl\":\"https:\/\/files.sunoresearch.com.br\/n\/uploads\/2019\/06\/e1c128ff-d\u00f3larr-jpg.webp\",\"keywords\":[\"d\u00f3lar\",\"Emprego\",\"Federal Reserve (FED)\",\"IPCA\",\"Taxa Selic\"],\"articleSection\":[\"Mercado\"],\"inLanguage\":\"pt-BR\"},{\"@type\":\"WebPage\",\"@id\":\"https:\/\/www.suno.com.br\/noticias\/dolar-queda-fed-pib-eua-06092019\/\",\"url\":\"https:\/\/www.suno.com.br\/noticias\/dolar-queda-fed-pib-eua-06092019\/\",\"name\":\"D\u00f3lar cai 0,71% ap\u00f3s Fed indicar poss\u00edvel redu\u00e7\u00e3o no PIB dos EUA\",\"isPartOf\":{\"@id\":\"https:\/\/www.suno.com.br\/noticias\/#website\"},\"primaryImageOfPage\":{\"@id\":\"https:\/\/www.suno.com.br\/noticias\/dolar-queda-fed-pib-eua-06092019\/#primaryimage\"},\"image\":{\"@id\":\"https:\/\/www.suno.com.br\/noticias\/dolar-queda-fed-pib-eua-06092019\/#primaryimage\"},\"thumbnailUrl\":\"https:\/\/files.sunoresearch.com.br\/n\/uploads\/2019\/06\/e1c128ff-d\u00f3larr-jpg.webp\",\"datePublished\":\"2019-09-06T20:46:03+00:00\",\"dateModified\":\"2021-06-02T01:03:34+00:00\",\"description\":\"O d\u00f3lar encerrou o preg\u00e3o desta sexta-feira (6) em queda de -0,715%, sendo negociado a R$ 4,0804 na venda. Clique para saber mais.\",\"breadcrumb\":{\"@id\":\"https:\/\/www.suno.com.br\/noticias\/dolar-queda-fed-pib-eua-06092019\/#breadcrumb\"},\"inLanguage\":\"pt-BR\",\"potentialAction\":[{\"@type\":\"ReadAction\",\"target\":[\"https:\/\/www.suno.com.br\/noticias\/dolar-queda-fed-pib-eua-06092019\/\"]}]},{\"@type\":\"ImageObject\",\"inLanguage\":\"pt-BR\",\"@id\":\"https:\/\/www.suno.com.br\/noticias\/dolar-queda-fed-pib-eua-06092019\/#primaryimage\",\"url\":\"https:\/\/files.sunoresearch.com.br\/n\/uploads\/2019\/06\/e1c128ff-d\u00f3larr-jpg.webp\",\"contentUrl\":\"https:\/\/files.sunoresearch.com.br\/n\/uploads\/2019\/06\/e1c128ff-d\u00f3larr-jpg.webp\",\"width\":640,\"height\":370,\"caption\":\"Nesta segunda-feira (14), por volta das 9h20, o d\u00f3lar operava em queda de 0,413, sendo negociado a R$ 5,3099.\"},{\"@type\":\"BreadcrumbList\",\"@id\":\"https:\/\/www.suno.com.br\/noticias\/dolar-queda-fed-pib-eua-06092019\/#breadcrumb\",\"itemListElement\":[{\"@type\":\"ListItem\",\"position\":1,\"name\":\"Not\u00edcias\",\"item\":\"https:\/\/www.suno.com.br\/noticias\/\"},{\"@type\":\"ListItem\",\"position\":2,\"name\":\"Mercado\",\"item\":\"https:\/\/www.suno.com.br\/noticias\/mercado\/\"},{\"@type\":\"ListItem\",\"position\":3,\"name\":\"D\u00f3lar cai 0,71% ap\u00f3s Fed indicar poss\u00edvel redu\u00e7\u00e3o no PIB dos EUA\"}]},{\"@type\":\"WebSite\",\"@id\":\"https:\/\/www.suno.com.br\/noticias\/#website\",\"url\":\"https:\/\/www.suno.com.br\/noticias\/\",\"name\":\"Suno Not\u00edcias\",\"description\":\"Seu portal de informa\u00e7\u00e3o sobre o mundo dos investimentos\",\"publisher\":{\"@id\":\"https:\/\/www.suno.com.br\/noticias\/#organization\"},\"potentialAction\":[{\"@type\":\"SearchAction\",\"target\":{\"@type\":\"EntryPoint\",\"urlTemplate\":\"https:\/\/www.suno.com.br\/noticias\/?s={search_term_string}\"},\"query-input\":{\"@type\":\"PropertyValueSpecification\",\"valueRequired\":true,\"valueName\":\"search_term_string\"}}],\"inLanguage\":\"pt-BR\"},{\"@type\":\"Organization\",\"@id\":\"https:\/\/www.suno.com.br\/noticias\/#organization\",\"name\":\"Suno Not\u00edcias\",\"url\":\"https:\/\/www.suno.com.br\/noticias\/\",\"logo\":{\"@type\":\"ImageObject\",\"inLanguage\":\"pt-BR\",\"@id\":\"https:\/\/www.suno.com.br\/noticias\/#\/schema\/logo\/image\/\",\"url\":\"https:\/\/files.sunoresearch.com.br\/n\/uploads\/2021\/09\/suno-logo.png\",\"contentUrl\":\"https:\/\/files.sunoresearch.com.br\/n\/uploads\/2021\/09\/suno-logo.png\",\"width\":180,\"height\":180,\"caption\":\"Suno Not\u00edcias\"},\"image\":{\"@id\":\"https:\/\/www.suno.com.br\/noticias\/#\/schema\/logo\/image\/\"},\"sameAs\":[\"https:\/\/facebook.com\/sunoresearch\",\"https:\/\/x.com\/sunoresearch\",\"https:\/\/www.instagram.com\/suno\",\"https:\/\/www.linkedin.com\/company\/suno-research\/\",\"https:\/\/www.youtube.com\/c\/sunoresearch\"]},{\"@type\":\"Person\",\"@id\":\"https:\/\/www.suno.com.br\/noticias\/#\/schema\/person\/4e19e3d2575736e5283d58eb3199d120\",\"name\":\"Giovanna Oliveira\",\"image\":{\"@type\":\"ImageObject\",\"inLanguage\":\"pt-BR\",\"@id\":\"https:\/\/www.suno.com.br\/noticias\/#\/schema\/person\/image\/\",\"url\":\"https:\/\/secure.gravatar.com\/avatar\/9a37b3ae208962ac568992d0ffdbc2eb?s=96&r=g\",\"contentUrl\":\"https:\/\/secure.gravatar.com\/avatar\/9a37b3ae208962ac568992d0ffdbc2eb?s=96&r=g\",\"caption\":\"Giovanna Oliveira\"},\"description\":\"Giovanna Oliveira escreve sobre economia e pol\u00edtica. Foi rep\u00f3rter do portal de jornalismo da ESPM-SP e produziu conte\u00fado para a Corinthians TV. \u00c9 estudante da ESPM.\",\"url\":\"https:\/\/www.suno.com.br\/noticias\/author\/giovanna\/\"}]}<\/script>\n<!-- \/ Yoast SEO plugin. -->","yoast_head_json":{"title":"D\u00f3lar cai 0,71% ap\u00f3s Fed indicar poss\u00edvel redu\u00e7\u00e3o no PIB dos EUA","description":"O d\u00f3lar encerrou o preg\u00e3o desta sexta-feira (6) em queda de -0,715%, sendo negociado a R$ 4,0804 na venda. Clique para saber mais.","robots":{"index":"index","follow":"follow","max-snippet":"max-snippet:-1","max-image-preview":"max-image-preview:large","max-video-preview":"max-video-preview:-1"},"canonical":"https:\/\/www.suno.com.br\/noticias\/dolar-queda-fed-pib-eua-06092019\/","og_locale":"pt_BR","og_type":"article","og_title":"D\u00f3lar cai 0,71% ap\u00f3s Fed indicar poss\u00edvel redu\u00e7\u00e3o no PIB dos EUA","og_description":"O d\u00f3lar encerrou o preg\u00e3o desta sexta-feira (6) em queda de -0,715%, sendo negociado a R$ 4,0804 na venda. Clique para saber mais.","og_url":"https:\/\/www.suno.com.br\/noticias\/dolar-queda-fed-pib-eua-06092019\/","og_site_name":"Suno Not\u00edcias","article_publisher":"https:\/\/facebook.com\/sunoresearch","og_image":[{"width":640,"height":370,"url":"https:\/\/files.sunoresearch.com.br\/n\/uploads\/2019\/06\/e1c128ff-d\u00f3larr.jpg","type":"image\/jpeg"}],"author":"Giovanna Oliveira","twitter_card":"summary_large_image","twitter_creator":"@sunoresearch","twitter_site":"@sunoresearch","twitter_misc":{"Escrito por":"Giovanna Oliveira","Est. tempo de leitura":"3 minutos"},"schema":{"@context":"https:\/\/schema.org","@graph":[{"@type":"NewsArticle","@id":"https:\/\/www.suno.com.br\/noticias\/dolar-queda-fed-pib-eua-06092019\/#article","isPartOf":{"@id":"https:\/\/www.suno.com.br\/noticias\/dolar-queda-fed-pib-eua-06092019\/"},"author":{"name":"Giovanna Oliveira","@id":"https:\/\/www.suno.com.br\/noticias\/#\/schema\/person\/4e19e3d2575736e5283d58eb3199d120"},"headline":"D\u00f3lar cai 0,71% ap\u00f3s Fed indicar poss\u00edvel redu\u00e7\u00e3o no PIB dos EUA","datePublished":"2019-09-06T20:46:03+00:00","dateModified":"2021-06-02T01:03:34+00:00","mainEntityOfPage":{"@id":"https:\/\/www.suno.com.br\/noticias\/dolar-queda-fed-pib-eua-06092019\/"},"wordCount":636,"publisher":{"@id":"https:\/\/www.suno.com.br\/noticias\/#organization"},"image":{"@id":"https:\/\/www.suno.com.br\/noticias\/dolar-queda-fed-pib-eua-06092019\/#primaryimage"},"thumbnailUrl":"https:\/\/files.sunoresearch.com.br\/n\/uploads\/2019\/06\/e1c128ff-d\u00f3larr-jpg.webp","keywords":["d\u00f3lar","Emprego","Federal Reserve (FED)","IPCA","Taxa Selic"],"articleSection":["Mercado"],"inLanguage":"pt-BR"},{"@type":"WebPage","@id":"https:\/\/www.suno.com.br\/noticias\/dolar-queda-fed-pib-eua-06092019\/","url":"https:\/\/www.suno.com.br\/noticias\/dolar-queda-fed-pib-eua-06092019\/","name":"D\u00f3lar cai 0,71% ap\u00f3s Fed indicar poss\u00edvel redu\u00e7\u00e3o no PIB dos EUA","isPartOf":{"@id":"https:\/\/www.suno.com.br\/noticias\/#website"},"primaryImageOfPage":{"@id":"https:\/\/www.suno.com.br\/noticias\/dolar-queda-fed-pib-eua-06092019\/#primaryimage"},"image":{"@id":"https:\/\/www.suno.com.br\/noticias\/dolar-queda-fed-pib-eua-06092019\/#primaryimage"},"thumbnailUrl":"https:\/\/files.sunoresearch.com.br\/n\/uploads\/2019\/06\/e1c128ff-d\u00f3larr-jpg.webp","datePublished":"2019-09-06T20:46:03+00:00","dateModified":"2021-06-02T01:03:34+00:00","description":"O d\u00f3lar encerrou o preg\u00e3o desta sexta-feira (6) em queda de -0,715%, sendo negociado a R$ 4,0804 na venda. Clique para saber mais.","breadcrumb":{"@id":"https:\/\/www.suno.com.br\/noticias\/dolar-queda-fed-pib-eua-06092019\/#breadcrumb"},"inLanguage":"pt-BR","potentialAction":[{"@type":"ReadAction","target":["https:\/\/www.suno.com.br\/noticias\/dolar-queda-fed-pib-eua-06092019\/"]}]},{"@type":"ImageObject","inLanguage":"pt-BR","@id":"https:\/\/www.suno.com.br\/noticias\/dolar-queda-fed-pib-eua-06092019\/#primaryimage","url":"https:\/\/files.sunoresearch.com.br\/n\/uploads\/2019\/06\/e1c128ff-d\u00f3larr-jpg.webp","contentUrl":"https:\/\/files.sunoresearch.com.br\/n\/uploads\/2019\/06\/e1c128ff-d\u00f3larr-jpg.webp","width":640,"height":370,"caption":"Nesta segunda-feira (14), por volta das 9h20, o d\u00f3lar operava em queda de 0,413, sendo negociado a R$ 5,3099."},{"@type":"BreadcrumbList","@id":"https:\/\/www.suno.com.br\/noticias\/dolar-queda-fed-pib-eua-06092019\/#breadcrumb","itemListElement":[{"@type":"ListItem","position":1,"name":"Not\u00edcias","item":"https:\/\/www.suno.com.br\/noticias\/"},{"@type":"ListItem","position":2,"name":"Mercado","item":"https:\/\/www.suno.com.br\/noticias\/mercado\/"},{"@type":"ListItem","position":3,"name":"D\u00f3lar cai 0,71% ap\u00f3s Fed indicar poss\u00edvel redu\u00e7\u00e3o no PIB dos EUA"}]},{"@type":"WebSite","@id":"https:\/\/www.suno.com.br\/noticias\/#website","url":"https:\/\/www.suno.com.br\/noticias\/","name":"Suno Not\u00edcias","description":"Seu portal de informa\u00e7\u00e3o sobre o mundo dos investimentos","publisher":{"@id":"https:\/\/www.suno.com.br\/noticias\/#organization"},"potentialAction":[{"@type":"SearchAction","target":{"@type":"EntryPoint","urlTemplate":"https:\/\/www.suno.com.br\/noticias\/?s={search_term_string}"},"query-input":{"@type":"PropertyValueSpecification","valueRequired":true,"valueName":"search_term_string"}}],"inLanguage":"pt-BR"},{"@type":"Organization","@id":"https:\/\/www.suno.com.br\/noticias\/#organization","name":"Suno Not\u00edcias","url":"https:\/\/www.suno.com.br\/noticias\/","logo":{"@type":"ImageObject","inLanguage":"pt-BR","@id":"https:\/\/www.suno.com.br\/noticias\/#\/schema\/logo\/image\/","url":"https:\/\/files.sunoresearch.com.br\/n\/uploads\/2021\/09\/suno-logo.png","contentUrl":"https:\/\/files.sunoresearch.com.br\/n\/uploads\/2021\/09\/suno-logo.png","width":180,"height":180,"caption":"Suno Not\u00edcias"},"image":{"@id":"https:\/\/www.suno.com.br\/noticias\/#\/schema\/logo\/image\/"},"sameAs":["https:\/\/facebook.com\/sunoresearch","https:\/\/x.com\/sunoresearch","https:\/\/www.instagram.com\/suno","https:\/\/www.linkedin.com\/company\/suno-research\/","https:\/\/www.youtube.com\/c\/sunoresearch"]},{"@type":"Person","@id":"https:\/\/www.suno.com.br\/noticias\/#\/schema\/person\/4e19e3d2575736e5283d58eb3199d120","name":"Giovanna Oliveira","image":{"@type":"ImageObject","inLanguage":"pt-BR","@id":"https:\/\/www.suno.com.br\/noticias\/#\/schema\/person\/image\/","url":"https:\/\/secure.gravatar.com\/avatar\/9a37b3ae208962ac568992d0ffdbc2eb?s=96&r=g","contentUrl":"https:\/\/secure.gravatar.com\/avatar\/9a37b3ae208962ac568992d0ffdbc2eb?s=96&r=g","caption":"Giovanna Oliveira"},"description":"Giovanna Oliveira escreve sobre economia e pol\u00edtica. Foi rep\u00f3rter do portal de jornalismo da ESPM-SP e produziu conte\u00fado para a Corinthians TV. \u00c9 estudante da ESPM.","url":"https:\/\/www.suno.com.br\/noticias\/author\/giovanna\/"}]}},"default_loop_html":"<div class=\"cardsPage__listCard__boxs\"><div class=\"cardsPage__listCard__boxs__img\"><a href=\"https:\/\/www.suno.com.br\/noticias\/dolar-queda-fed-pib-eua-06092019\/\"><img class=\"mask\" src=\"https:\/\/www.suno.com.br\/noticias\/wp-content\/themes\/suno\/resources\/images\/spotlight\/spotlight1img\/bg-mask.png\" alt=\"Image Mask\"\/><img src=\"https:\/\/files.sunoresearch.com.br\/n\/uploads\/2019\/06\/e1c128ff-d\u00f3larr-400x200.webp\" alt=\"D\u00f3lar cai 0,71% ap\u00f3s Fed indicar poss\u00edvel redu\u00e7\u00e3o no PIB dos EUA\"\/><\/a><span class=\"spotlightCategory\"><a href=\"https:\/\/www.suno.com.br\/noticias\/mercado\/\">Mercado<\/a><\/span><\/div><div class=\"cardsPage__listCard__boxs__content\"><a href=\"https:\/\/www.suno.com.br\/noticias\/dolar-queda-fed-pib-eua-06092019\/\"><h2 class=\"content__title\">D\u00f3lar cai 0,71% ap\u00f3s Fed indicar poss\u00edvel redu\u00e7\u00e3o no PIB dos EUA<\/h2><\/a><div class=\"newsContent__article__meta\"><div class=\"newsContent__article__meta__authorBox\"><a href=\"https:\/\/www.suno.com.br\/noticias\/author\/giovanna\/\" class=\"authorBox__avatar noMobi\"><img src=\"https:\/\/files.sunoresearch.com.br\/n\/uploads\/2019\/06\/952a89ca-screenshot_20190608-171507-150x150.webp\" alt=\"Giovanna Oliveira\"><\/a><div class=\"authorBox__name\"><span>por\n\t\t\t<a href=\"https:\/\/www.suno.com.br\/noticias\/author\/giovanna\/\"><span itemprop=\"author\">Giovanna Oliveira<\/span><\/a><\/span><time datetime=\"2019-09-06T17:46:03-03:00\" itemprop=\"datePublished\">06\/09\/2019 17:46<\/time><\/div><\/div><\/div><\/div><\/div>","single_layout":"posts","amp_enabled":true,"_links":{"self":[{"href":"https:\/\/www.suno.com.br\/noticias\/wp-json\/wp\/v2\/posts\/36753"}],"collection":[{"href":"https:\/\/www.suno.com.br\/noticias\/wp-json\/wp\/v2\/posts"}],"about":[{"href":"https:\/\/www.suno.com.br\/noticias\/wp-json\/wp\/v2\/types\/post"}],"author":[{"embeddable":true,"href":"https:\/\/www.suno.com.br\/noticias\/wp-json\/wp\/v2\/users\/18"}],"replies":[{"embeddable":true,"href":"https:\/\/www.suno.com.br\/noticias\/wp-json\/wp\/v2\/comments?post=36753"}],"version-history":[{"count":1,"href":"https:\/\/www.suno.com.br\/noticias\/wp-json\/wp\/v2\/posts\/36753\/revisions"}],"predecessor-version":[{"id":153886,"href":"https:\/\/www.suno.com.br\/noticias\/wp-json\/wp\/v2\/posts\/36753\/revisions\/153886"}],"wp:featuredmedia":[{"embeddable":true,"href":"https:\/\/www.suno.com.br\/noticias\/wp-json\/wp\/v2\/media\/27978"}],"wp:attachment":[{"href":"https:\/\/www.suno.com.br\/noticias\/wp-json\/wp\/v2\/media?parent=36753"}],"wp:term":[{"taxonomy":"category","embeddable":true,"href":"https:\/\/www.suno.com.br\/noticias\/wp-json\/wp\/v2\/categories?post=36753"},{"taxonomy":"post_tag","embeddable":true,"href":"https:\/\/www.suno.com.br\/noticias\/wp-json\/wp\/v2\/tags?post=36753"},{"taxonomy":"suno_strategy","embeddable":true,"href":"https:\/\/www.suno.com.br\/noticias\/wp-json\/wp\/v2\/suno_strategy?post=36753"}],"curies":[{"name":"wp","href":"https:\/\/api.w.org\/{rel}","templated":true}]}}