{"id":367176,"date":"2023-02-22T21:02:41","date_gmt":"2023-02-23T00:02:41","guid":{"rendered":"https:\/\/www.suno.com.br\/noticias\/?p=367176"},"modified":"2023-02-22T22:16:08","modified_gmt":"2023-02-23T01:16:08","slug":"carne-bovina-exportacoes-suspensas-vaca-louca","status":"publish","type":"post","link":"https:\/\/www.suno.com.br\/noticias\/carne-bovina-exportacoes-suspensas-vaca-louca\/","title":{"rendered":"Brasil suspende exporta\u00e7\u00f5es de carne bovina para China ap\u00f3s confirma\u00e7\u00e3o de caso de &#8220;vaca louca&#8221; no Par\u00e1"},"content":{"rendered":"<p>O Governo Federal suspendeu as exporta\u00e7\u00f5es de <strong>carne bovina<\/strong> para a China a partir de quinta (23). O movimento ocorre ap\u00f3s a confirma\u00e7\u00e3o de um caso de encefalopatia espogiforme bovina, doen\u00e7a <a href=\"https:\/\/www.suno.com.br\/noticias\/minerva-beef3-brf-brfs3-acoes-desabam-ibovespa-hoje\/\" target=\"_blank\" rel=\"noreferrer noopener\">conhecida como mal da &#8220;vaca louca&#8221;<\/a>, no Par\u00e1.<\/p>\t<div class=\"wrapper-featured-image\">\n\t\t<figure class=\"spotlightImg\">\n\n\t\t\t<picture>\n\t\t\t\t<source media=\"(max-width: 768px)\" srcset=\"https:\/\/files.sunoresearch.com.br\/n\/uploads\/2023\/02\/exportacao-400x200.jpg\">\n\t\t\t\t<img loading=\"lazy\" decoding=\"async\" class=\"newsContent__article__imgCapa lazyloadDisabled \" src=\"https:\/\/files.sunoresearch.com.br\/n\/uploads\/2023\/02\/exportacao-800x450.jpg\" width=\"800\" height=\"450\" alt=\"Brasil suspende exporta\u00e7\u00f5es de carne bovina para China ap\u00f3s confirma\u00e7\u00e3o de caso de &#8220;vaca louca&#8221; no Par\u00e1\" fetchpriority=high \/>\n\t\t\t<\/picture>\n\n\t\t\t<figcaption class=\"wp-caption-text wp-caption-text--show\">Tarifas impactam exporta\u00e7\u00f5es do Brasil para os EUA, com queda de 18,5% em agosto. Foto: Divulga\u00e7\u00e3o<\/figcaption>\n\t\t<\/figure>\n\t<\/div>\n\n\n\n\n\n\t<p>\n\t\t<a href=\"\" target=\"_blank\" data-element=\"shortcode-suno-banner\" title=\"Banner SUNO, clique e saiba mais\">\n\t\t\t<picture>\n\t\t\t\t<source media=\"(max-width: 500px)\" srcset=\"\">\n\t\t\t\t<img class=\"newsContent__article__imgCapa newsContent__article__imgCapa--banner\"\n\t\t\t\t\tsrc=\"\"\n\t\t\t\t\tdata-promo-id=\"138420\"\t\t\t\t\t\t\t\t\t\t\t\t\t\t\talt=\"\"\n\t\t\t\t>\n\t\t\t<\/picture>\n\t\t<\/a>\n\t<\/p>\n\n\n\n\n\n<p>&#8220;No entanto, o di\u00e1logo com as autoridades est\u00e1 sendo intensificado para demonstrar todas as informa\u00e7\u00f5es e o pronto restabelecimento do <strong>com\u00e9rcio da carne brasileira<\/strong>&#8220;, afirmou o Minist\u00e9rio da Agricultura e Pecu\u00e1ria (Mapa) em comunicado \u00e0 imprensa.<\/p>\n\n\n\n<blockquote class=\"wp-block-quote is-layout-flow wp-block-quote-is-layout-flow\">\n<p>Todas as provid\u00eancias est\u00e3o sendo adotadas imediatamente em cada etapa da investiga\u00e7\u00e3o e o assunto est\u00e1 sendo tratado com total transpar\u00eancia para garantir aos consumidores brasileiros e mundiais a qualidade reconhecida da nossa carne.<\/p>\n<cite>Carlos Favaro, ministro da Agricultura e Pecu\u00e1ria<\/cite><\/blockquote>\n\n\n\n<p>O diagn\u00f3stico de &#8220;<strong>vaca louca<\/strong>&#8221; j\u00e1 havia sido confirmado pela Ag\u00eancia de Defesa Agropecu\u00e1ria do Par\u00e1 (Adepara). O animal macho tinha nove anos e estava em uma pequena propriedade em Marab\u00e1 (PA).<\/p>\n\n\n\n<p>&#8220;O servi\u00e7o veterin\u00e1rio oficial brasileiro est\u00e1 realizando a investiga\u00e7\u00e3o epidemiol\u00f3gica que poder\u00e1 ser continuada ou encerrada de acordo com o resultado&#8221;, ressaltou a pasta no comunicado.<\/p>\n\n\n\n<p>O \u00f3rg\u00e3o n\u00e3o especificou o munic\u00edpio, informando&nbsp; apenas que o caso ocorreu numa pequena localidade no sudeste paraense, no pasto de uma propriedade com 160 cabe\u00e7as de gado.<img decoding=\"async\" src=\"https:\/\/agenciabrasil.ebc.com.br\/ebc.png?id=1512272&amp;o=rss\"><img decoding=\"async\" src=\"https:\/\/agenciabrasil.ebc.com.br\/ebc.gif?id=1512272&amp;o=rss\"><\/p>\n\n\n\n<p>Segundo a ag\u00eancia, a propriedade j\u00e1 foi isolada, inspecionada e interditada preventivamente. Amostras foram enviadas a um laborat\u00f3rio no Canad\u00e1 para verificar se a ocorr\u00eancia se trata de um caso cl\u00e1ssico, em que h\u00e1 transmiss\u00e3o de um animal para outro, ou at\u00edpico, em que a doen\u00e7a se desenvolve de forma espont\u00e2nea na natureza, geralmente em animais idosos.<\/p>\n\n\n\n<p>Em comunicado, a Adepar\u00e1 destacou que trabalha com a hip\u00f3tese de caso at\u00edpico, sem risco de dissemina\u00e7\u00e3o ao rebanho e ao ser humano. O \u00f3rg\u00e3o informou estar em contato permanente com o Minist\u00e9rio da Agricultura e Pecu\u00e1ria e que trata do tema com transpar\u00eancia e responsabilidade.<\/p>\n\n\n\n<p>Na&nbsp;segunda-feira (20), o Minist\u00e9rio da Agricultura informou que estava investigando um caso suspeito de vaca louca no Brasil. Na ocasi\u00e3o, a pasta n\u00e3o informou o local.<\/p>\n\n\n\n<p>A morte em pasto aumenta as chances de que o suposto caso de vaca louca tenha se originado de forma \u201cat\u00edpica\u201d, espontaneamente na natureza, em vez de ser transmitido pela ingest\u00e3o de ra\u00e7\u00e3o animal contaminada. Isso, em tese, reduz as chances de imposi\u00e7\u00f5es de barreiras comerciais.<\/p>\n\n\n\t<p>\n\t\t<a href=\"https:\/\/lp.suno.com.br\/planilha-controle-gastos\/\" target=\"_blank\" data-element=\"shortcode-suno-banner\" title=\"Banner SUNO, clique e saiba mais\">\n\t\t\t<picture>\n\t\t\t\t<source media=\"(max-width: 500px)\" srcset=\"https:\/\/files.sunoresearch.com.br\/n\/uploads\/2023\/03\/400x300-Planilha-controle-de-gastos.png\">\n\t\t\t\t<img class=\"newsContent__article__imgCapa newsContent__article__imgCapa--banner\"\n\t\t\t\t\tsrc=\"https:\/\/files.sunoresearch.com.br\/n\/uploads\/2023\/03\/1420x240-Planilha-controle-de-gastos.png\"\n\t\t\t\t\tdata-promo-id=\"101751\"\t\t\t\t\t\t\t\t\t\twidth='1420' height='240'\t\t\t\t\talt=\"https:\/\/files.sunoresearch.com.br\/n\/uploads\/2023\/03\/1420x240-Planilha-controle-de-gastos.png\"\n\t\t\t\t>\n\t\t\t<\/picture>\n\t\t<\/a>\n\t<\/p>\n\n\n\n\n\n<h2 class=\"wp-block-heading\">Sem casos transmiss\u00edveis<\/h2>\n\n\n\n<p>Os \u00faltimos casos de vaca louca registrados no Brasil ocorreram em 2021, em Minas Gerais e no Mato Grosso. Na ocasi\u00e3o, os casos tamb\u00e9m foram at\u00edpicos, mas a China, maior comprador de carne do Brasil, suspendeu a compra de carne bovina brasileira por tr\u00eas meses, de setembro a dezembro daquele ano.<\/p>\n\n\n\n<p>At\u00e9&nbsp;hoje, o Brasil n\u00e3o registrou casos cl\u00e1ssicos de vaca louca, provocado pela ingest\u00e3o de carnes e peda\u00e7os de ossos contaminados. Causado por um pr\u00edon, mol\u00e9cula de prote\u00edna sem c\u00f3digo gen\u00e9tico, o mal da vaca louca \u00e9 uma doen\u00e7a degenerativa tamb\u00e9m chamada de encefalite espongiforme bovina. As prote\u00ednas modificadas consomem o c\u00e9rebro do animal, tornando-o compar\u00e1vel a uma esponja.<\/p>\n\n\n\n<p>Al\u00e9m de bois e vacas, a doen\u00e7a acomete b\u00fafalos, ovelhas e cabras. A ingest\u00e3o de carne e de subprodutos dos animais contaminados com os pr\u00edons provoca, nos seres humanos, a encefalopatia espongiforme transmiss\u00edvel. No fim dos anos 1990, houve um surto de casos de mal da vaca louca em humanos na Gr\u00e3-Bretanha, que provocou a suspens\u00e3o do consumo de carne bovina no pa\u00eds por v\u00e1rios meses. Na ocasi\u00e3o, a doen\u00e7a foi transmitida aos seres humanos por meio de bois alimentados com ra\u00e7\u00e3o animal contaminada.<\/p>\n\n\n\n<h2 class=\"wp-block-heading\" id=\"h-vaca-louca-deixa-sequelas-no-mercado-financeiro\">&#8220;Vaca louca&#8221; deixa sequelas no mercado financeiro<\/h2>\n\n\n\n<p>Antes da confirma\u00e7\u00e3o do caso de vaca louca, a suspeita j\u00e1 havia preocupado os agentes econ\u00f4micos. No Ibovespa hoje desta quarta (22), as <strong>a\u00e7\u00f5es de empresas frigor\u00edficas<\/strong> desabaram. Confira:<\/p>\n\n\n\n<ul class=\"wp-block-list\">\n<li>Minerva (BEEF3): 7,92%<\/li>\n\n\n\n<li>BRF (BRFS3): 6,71%;<\/li>\n\n\n\n<li>Marfrig (MRFG3): 4,71%.<\/li>\n<\/ul>\n\n\n\n<p>As \u00faltimas ocorr\u00eancias do&nbsp;<strong>mal da \u201cvaca louca\u201d<\/strong>&nbsp;foram confirmadas em 2021 pelo Governo Federal, em frigor\u00edficos de Belo Horizonte (MG) e Nova Cana\u00e3 do Norte (MT).<\/p>\n\n\n\t<p>\n\t\t<a href=\"https:\/\/lp.suno.com.br\/planilha-da-vida-financeira\/\" target=\"_blank\" data-element=\"shortcode-suno-banner\" title=\"Banner SUNO, clique e saiba mais\">\n\t\t\t<picture>\n\t\t\t\t<source media=\"(max-width: 500px)\" srcset=\"https:\/\/files.sunoresearch.com.br\/n\/uploads\/2023\/04\/400x300-Planilha-vida-financeira-true.png\">\n\t\t\t\t<img class=\"newsContent__article__imgCapa newsContent__article__imgCapa--banner\"\n\t\t\t\t\tsrc=\"https:\/\/files.sunoresearch.com.br\/n\/uploads\/2023\/04\/1420x240-Planilha-vida-financeira-true.png\"\n\t\t\t\t\tdata-promo-id=\"106682\"\t\t\t\t\t\t\t\t\t\twidth='1420' height='240'\t\t\t\t\talt=\"https:\/\/files.sunoresearch.com.br\/n\/uploads\/2023\/04\/1420x240-Planilha-vida-financeira-true.png\"\n\t\t\t\t>\n\t\t\t<\/picture>\n\t\t<\/a>\n\t<\/p>\n\n\n\n\n\n<p>O controle sanit\u00e1rio \u00e9 bem r\u00edgido em casos como estes e, na ocasi\u00e3o, as <strong>exporta\u00e7\u00f5es de&nbsp;carne bovina<\/strong>&nbsp;do Brasil para a China tamb\u00e9m haviam sido suspensas temporariamente.<\/p>\n\n\n\n<p>Em relat\u00f3rio enviado ao mercado, o time do Ita\u00fa BBA recordou que os casos anteriores de vaca louca causaram impactos variados no setor, conforme as proibi\u00e7\u00f5es determinadas pelas autoridades.<\/p>\n\n\n\n<p>Al\u00e9m disso, o Bradesco BBI ressaltou que a China corresponde a 50%\/60% das exporta\u00e7\u00f5es de <strong>carne bovina<\/strong> brasileira. Assim, o diagn\u00f3stico do caso suspeito e os pr\u00f3ximos passos das autoridades neste caso podem trazer impactos para as opera\u00e7\u00f5es de empresas como a&nbsp;Minerva, BRF, Marfrig, entre outras.<\/p>\n\n\n\t<p>\n\t\t<a href=\"https:\/\/lp.suno.com.br\/ebook-como-analisar-uma-acao\/\" target=\"_blank\" data-element=\"shortcode-suno-banner\" title=\"Banner SUNO, clique e saiba mais\">\n\t\t\t<picture>\n\t\t\t\t<source media=\"(max-width: 500px)\" srcset=\"https:\/\/files.sunoresearch.com.br\/n\/uploads\/2023\/03\/Ebook-Acoes-Mobile-1.jpg\">\n\t\t\t\t<img class=\"newsContent__article__imgCapa newsContent__article__imgCapa--banner\"\n\t\t\t\t\tsrc=\"https:\/\/files.sunoresearch.com.br\/n\/uploads\/2023\/03\/Ebook-Acoes-Desktop-1.jpg\"\n\t\t\t\t\tdata-promo-id=\"171998\"\t\t\t\t\t\t\t\t\t\twidth='1420' height='286'\t\t\t\t\talt=\"https:\/\/files.sunoresearch.com.br\/n\/uploads\/2023\/03\/Ebook-Acoes-Desktop-1.jpg\"\n\t\t\t\t>\n\t\t\t<\/picture>\n\t\t<\/a>\n\t<\/p>\n\n\n","protected":false},"excerpt":{"rendered":"<p>O Governo Federal suspendeu as exporta\u00e7\u00f5es de carne bovina para a China a partir de quinta (23). O movimento ocorre ap\u00f3s a confirma\u00e7\u00e3o de um caso de encefalopatia espogiforme bovina, doen\u00e7a conhecida como mal da &#8220;vaca louca&#8221;, no Par\u00e1. Tarifas impactam exporta\u00e7\u00f5es do Brasil para os EUA, com queda de 18,5% em agosto. Foto: Divulga\u00e7\u00e3o [&hellip;]<\/p>\n","protected":false},"author":232,"featured_media":367211,"comment_status":"closed","ping_status":"closed","sticky":false,"template":"","format":"standard","meta":[],"categories":[64],"tags":[286,397,1811,563],"suno_strategy":[],"class_list":["post-367176","post","type-post","status-publish","format-standard","has-post-thumbnail","hentry","category-negocios","tag-acoes","tag-brf-brfs3","tag-carne-bovina","tag-minerva-beef11-beef3"],"yoast_head":"<!-- This site is optimized with the Yoast SEO plugin v24.4 - https:\/\/yoast.com\/wordpress\/plugins\/seo\/ -->\n<title>Carne bovina: Exporta\u00e7\u00f5es para China s\u00e3o suspensas por &quot;vaca louca&quot;<\/title>\n<meta name=\"description\" content=\"O Governo Federal suspendeu as exporta\u00e7\u00f5es de carne bovina para a China a partir de quinta (23). Clique e saiba mais!\" \/>\n<meta name=\"robots\" content=\"index, follow, max-snippet:-1, max-image-preview:large, max-video-preview:-1\" \/>\n<link rel=\"canonical\" href=\"https:\/\/www.suno.com.br\/noticias\/carne-bovina-exportacoes-suspensas-vaca-louca\/\" \/>\n<meta property=\"og:locale\" content=\"pt_BR\" \/>\n<meta property=\"og:type\" content=\"article\" \/>\n<meta property=\"og:title\" content=\"Carne bovina: Exporta\u00e7\u00f5es para China s\u00e3o suspensas por &quot;vaca louca&quot;\" \/>\n<meta property=\"og:description\" content=\"O Governo Federal suspendeu as exporta\u00e7\u00f5es de carne bovina para a China a partir de quinta (23). Clique e saiba mais!\" \/>\n<meta property=\"og:url\" content=\"https:\/\/www.suno.com.br\/noticias\/carne-bovina-exportacoes-suspensas-vaca-louca\/\" \/>\n<meta property=\"og:site_name\" content=\"Suno Not\u00edcias\" \/>\n<meta property=\"article:publisher\" content=\"https:\/\/facebook.com\/sunoresearch\" \/>\n<meta property=\"og:image\" content=\"https:\/\/files.sunoresearch.com.br\/n\/uploads\/2023\/02\/exportacao.jpg\" \/>\n\t<meta property=\"og:image:width\" content=\"1300\" \/>\n\t<meta property=\"og:image:height\" content=\"864\" \/>\n\t<meta property=\"og:image:type\" content=\"image\/jpeg\" \/>\n<meta name=\"author\" content=\"Erick Matheus Nery\" \/>\n<meta name=\"twitter:card\" content=\"summary_large_image\" \/>\n<meta name=\"twitter:creator\" content=\"@sunoresearch\" \/>\n<meta name=\"twitter:site\" content=\"@sunoresearch\" \/>\n<meta name=\"twitter:label1\" content=\"Escrito por\" \/>\n\t<meta name=\"twitter:data1\" content=\"Erick Matheus Nery\" \/>\n\t<meta name=\"twitter:label2\" content=\"Est. tempo de leitura\" \/>\n\t<meta name=\"twitter:data2\" content=\"5 minutos\" \/>\n<script type=\"application\/ld+json\" class=\"yoast-schema-graph\">{\"@context\":\"https:\/\/schema.org\",\"@graph\":[{\"@type\":\"NewsArticle\",\"@id\":\"https:\/\/www.suno.com.br\/noticias\/carne-bovina-exportacoes-suspensas-vaca-louca\/#article\",\"isPartOf\":{\"@id\":\"https:\/\/www.suno.com.br\/noticias\/carne-bovina-exportacoes-suspensas-vaca-louca\/\"},\"author\":{\"name\":\"Erick Matheus Nery\",\"@id\":\"https:\/\/www.suno.com.br\/noticias\/#\/schema\/person\/6899bc3f19d1a7315f807131c2c013a0\"},\"headline\":\"Brasil suspende exporta\u00e7\u00f5es de carne bovina para China ap\u00f3s confirma\u00e7\u00e3o de caso de &#8220;vaca louca&#8221; no Par\u00e1\",\"datePublished\":\"2023-02-23T00:02:41+00:00\",\"dateModified\":\"2023-02-23T01:16:08+00:00\",\"mainEntityOfPage\":{\"@id\":\"https:\/\/www.suno.com.br\/noticias\/carne-bovina-exportacoes-suspensas-vaca-louca\/\"},\"wordCount\":874,\"publisher\":{\"@id\":\"https:\/\/www.suno.com.br\/noticias\/#organization\"},\"image\":{\"@id\":\"https:\/\/www.suno.com.br\/noticias\/carne-bovina-exportacoes-suspensas-vaca-louca\/#primaryimage\"},\"thumbnailUrl\":\"https:\/\/files.sunoresearch.com.br\/n\/uploads\/2023\/02\/exportacao.jpg\",\"keywords\":[\"A\u00e7\u00f5es\",\"BRF (BRFS3)\",\"carne bovina\",\"Minerva (BEEF11\/BEEF3)\"],\"articleSection\":[\"Neg\u00f3cios\"],\"inLanguage\":\"pt-BR\"},{\"@type\":\"WebPage\",\"@id\":\"https:\/\/www.suno.com.br\/noticias\/carne-bovina-exportacoes-suspensas-vaca-louca\/\",\"url\":\"https:\/\/www.suno.com.br\/noticias\/carne-bovina-exportacoes-suspensas-vaca-louca\/\",\"name\":\"Carne bovina: Exporta\u00e7\u00f5es para China s\u00e3o suspensas por \\\"vaca louca\\\"\",\"isPartOf\":{\"@id\":\"https:\/\/www.suno.com.br\/noticias\/#website\"},\"primaryImageOfPage\":{\"@id\":\"https:\/\/www.suno.com.br\/noticias\/carne-bovina-exportacoes-suspensas-vaca-louca\/#primaryimage\"},\"image\":{\"@id\":\"https:\/\/www.suno.com.br\/noticias\/carne-bovina-exportacoes-suspensas-vaca-louca\/#primaryimage\"},\"thumbnailUrl\":\"https:\/\/files.sunoresearch.com.br\/n\/uploads\/2023\/02\/exportacao.jpg\",\"datePublished\":\"2023-02-23T00:02:41+00:00\",\"dateModified\":\"2023-02-23T01:16:08+00:00\",\"description\":\"O Governo Federal suspendeu as exporta\u00e7\u00f5es de carne bovina para a China a partir de quinta (23). Clique e saiba mais!\",\"breadcrumb\":{\"@id\":\"https:\/\/www.suno.com.br\/noticias\/carne-bovina-exportacoes-suspensas-vaca-louca\/#breadcrumb\"},\"inLanguage\":\"pt-BR\",\"potentialAction\":[{\"@type\":\"ReadAction\",\"target\":[\"https:\/\/www.suno.com.br\/noticias\/carne-bovina-exportacoes-suspensas-vaca-louca\/\"]}]},{\"@type\":\"ImageObject\",\"inLanguage\":\"pt-BR\",\"@id\":\"https:\/\/www.suno.com.br\/noticias\/carne-bovina-exportacoes-suspensas-vaca-louca\/#primaryimage\",\"url\":\"https:\/\/files.sunoresearch.com.br\/n\/uploads\/2023\/02\/exportacao.jpg\",\"contentUrl\":\"https:\/\/files.sunoresearch.com.br\/n\/uploads\/2023\/02\/exportacao.jpg\",\"width\":1300,\"height\":864,\"caption\":\"Tarifas impactam exporta\u00e7\u00f5es do Brasil para os EUA, com queda de 18,5% em agosto. Foto: Divulga\u00e7\u00e3o\"},{\"@type\":\"BreadcrumbList\",\"@id\":\"https:\/\/www.suno.com.br\/noticias\/carne-bovina-exportacoes-suspensas-vaca-louca\/#breadcrumb\",\"itemListElement\":[{\"@type\":\"ListItem\",\"position\":1,\"name\":\"Not\u00edcias\",\"item\":\"https:\/\/www.suno.com.br\/noticias\/\"},{\"@type\":\"ListItem\",\"position\":2,\"name\":\"Neg\u00f3cios\",\"item\":\"https:\/\/www.suno.com.br\/noticias\/negocios\/\"},{\"@type\":\"ListItem\",\"position\":3,\"name\":\"Brasil suspende exporta\u00e7\u00f5es de carne bovina para China ap\u00f3s confirma\u00e7\u00e3o de caso de &#8220;vaca louca&#8221; no Par\u00e1\"}]},{\"@type\":\"WebSite\",\"@id\":\"https:\/\/www.suno.com.br\/noticias\/#website\",\"url\":\"https:\/\/www.suno.com.br\/noticias\/\",\"name\":\"Suno Not\u00edcias\",\"description\":\"Seu portal de informa\u00e7\u00e3o sobre o mundo dos investimentos\",\"publisher\":{\"@id\":\"https:\/\/www.suno.com.br\/noticias\/#organization\"},\"potentialAction\":[{\"@type\":\"SearchAction\",\"target\":{\"@type\":\"EntryPoint\",\"urlTemplate\":\"https:\/\/www.suno.com.br\/noticias\/?s={search_term_string}\"},\"query-input\":{\"@type\":\"PropertyValueSpecification\",\"valueRequired\":true,\"valueName\":\"search_term_string\"}}],\"inLanguage\":\"pt-BR\"},{\"@type\":\"Organization\",\"@id\":\"https:\/\/www.suno.com.br\/noticias\/#organization\",\"name\":\"Suno Not\u00edcias\",\"url\":\"https:\/\/www.suno.com.br\/noticias\/\",\"logo\":{\"@type\":\"ImageObject\",\"inLanguage\":\"pt-BR\",\"@id\":\"https:\/\/www.suno.com.br\/noticias\/#\/schema\/logo\/image\/\",\"url\":\"https:\/\/files.sunoresearch.com.br\/n\/uploads\/2021\/09\/suno-logo.png\",\"contentUrl\":\"https:\/\/files.sunoresearch.com.br\/n\/uploads\/2021\/09\/suno-logo.png\",\"width\":180,\"height\":180,\"caption\":\"Suno Not\u00edcias\"},\"image\":{\"@id\":\"https:\/\/www.suno.com.br\/noticias\/#\/schema\/logo\/image\/\"},\"sameAs\":[\"https:\/\/facebook.com\/sunoresearch\",\"https:\/\/x.com\/sunoresearch\",\"https:\/\/www.instagram.com\/suno\",\"https:\/\/www.linkedin.com\/company\/suno-research\/\",\"https:\/\/www.youtube.com\/c\/sunoresearch\"]},{\"@type\":\"Person\",\"@id\":\"https:\/\/www.suno.com.br\/noticias\/#\/schema\/person\/6899bc3f19d1a7315f807131c2c013a0\",\"name\":\"Erick Matheus Nery\",\"image\":{\"@type\":\"ImageObject\",\"inLanguage\":\"pt-BR\",\"@id\":\"https:\/\/www.suno.com.br\/noticias\/#\/schema\/person\/image\/\",\"url\":\"https:\/\/secure.gravatar.com\/avatar\/518ddffe438ccb767782d372a66304d2?s=96&r=g\",\"contentUrl\":\"https:\/\/secure.gravatar.com\/avatar\/518ddffe438ccb767782d372a66304d2?s=96&r=g\",\"caption\":\"Erick Matheus Nery\"},\"description\":\"Formado em Jornalismo pela Universidade Federal do Par\u00e1 (UFPA), conta com extens\u00e3o em Jornalismo Econ\u00f4mico pela Funda\u00e7\u00e3o Get\u00falio Vargas (FGV). No Suno Not\u00edcias, atua como rep\u00f3rter de Mercado, com foco nos setores de telecomunica\u00e7\u00f5es, varejo, alimentos e renda fixa. Conta com passagens pelo jornal O Estado de S\u00e3o Paulo, como trainee de Jornalismo Econ\u00f4mico, e pelo site Not\u00edcias da TV.\",\"url\":\"https:\/\/www.suno.com.br\/noticias\/author\/erick-nery\/\"}]}<\/script>\n<!-- \/ Yoast SEO plugin. -->","yoast_head_json":{"title":"Carne bovina: Exporta\u00e7\u00f5es para China s\u00e3o suspensas por \"vaca louca\"","description":"O Governo Federal suspendeu as exporta\u00e7\u00f5es de carne bovina para a China a partir de quinta (23). Clique e saiba mais!","robots":{"index":"index","follow":"follow","max-snippet":"max-snippet:-1","max-image-preview":"max-image-preview:large","max-video-preview":"max-video-preview:-1"},"canonical":"https:\/\/www.suno.com.br\/noticias\/carne-bovina-exportacoes-suspensas-vaca-louca\/","og_locale":"pt_BR","og_type":"article","og_title":"Carne bovina: Exporta\u00e7\u00f5es para China s\u00e3o suspensas por \"vaca louca\"","og_description":"O Governo Federal suspendeu as exporta\u00e7\u00f5es de carne bovina para a China a partir de quinta (23). Clique e saiba mais!","og_url":"https:\/\/www.suno.com.br\/noticias\/carne-bovina-exportacoes-suspensas-vaca-louca\/","og_site_name":"Suno Not\u00edcias","article_publisher":"https:\/\/facebook.com\/sunoresearch","og_image":[{"width":1300,"height":864,"url":"https:\/\/files.sunoresearch.com.br\/n\/uploads\/2023\/02\/exportacao.jpg","type":"image\/jpeg"}],"author":"Erick Matheus Nery","twitter_card":"summary_large_image","twitter_creator":"@sunoresearch","twitter_site":"@sunoresearch","twitter_misc":{"Escrito por":"Erick Matheus Nery","Est. tempo de leitura":"5 minutos"},"schema":{"@context":"https:\/\/schema.org","@graph":[{"@type":"NewsArticle","@id":"https:\/\/www.suno.com.br\/noticias\/carne-bovina-exportacoes-suspensas-vaca-louca\/#article","isPartOf":{"@id":"https:\/\/www.suno.com.br\/noticias\/carne-bovina-exportacoes-suspensas-vaca-louca\/"},"author":{"name":"Erick Matheus Nery","@id":"https:\/\/www.suno.com.br\/noticias\/#\/schema\/person\/6899bc3f19d1a7315f807131c2c013a0"},"headline":"Brasil suspende exporta\u00e7\u00f5es de carne bovina para China ap\u00f3s confirma\u00e7\u00e3o de caso de &#8220;vaca louca&#8221; no Par\u00e1","datePublished":"2023-02-23T00:02:41+00:00","dateModified":"2023-02-23T01:16:08+00:00","mainEntityOfPage":{"@id":"https:\/\/www.suno.com.br\/noticias\/carne-bovina-exportacoes-suspensas-vaca-louca\/"},"wordCount":874,"publisher":{"@id":"https:\/\/www.suno.com.br\/noticias\/#organization"},"image":{"@id":"https:\/\/www.suno.com.br\/noticias\/carne-bovina-exportacoes-suspensas-vaca-louca\/#primaryimage"},"thumbnailUrl":"https:\/\/files.sunoresearch.com.br\/n\/uploads\/2023\/02\/exportacao.jpg","keywords":["A\u00e7\u00f5es","BRF (BRFS3)","carne bovina","Minerva (BEEF11\/BEEF3)"],"articleSection":["Neg\u00f3cios"],"inLanguage":"pt-BR"},{"@type":"WebPage","@id":"https:\/\/www.suno.com.br\/noticias\/carne-bovina-exportacoes-suspensas-vaca-louca\/","url":"https:\/\/www.suno.com.br\/noticias\/carne-bovina-exportacoes-suspensas-vaca-louca\/","name":"Carne bovina: Exporta\u00e7\u00f5es para China s\u00e3o suspensas por \"vaca louca\"","isPartOf":{"@id":"https:\/\/www.suno.com.br\/noticias\/#website"},"primaryImageOfPage":{"@id":"https:\/\/www.suno.com.br\/noticias\/carne-bovina-exportacoes-suspensas-vaca-louca\/#primaryimage"},"image":{"@id":"https:\/\/www.suno.com.br\/noticias\/carne-bovina-exportacoes-suspensas-vaca-louca\/#primaryimage"},"thumbnailUrl":"https:\/\/files.sunoresearch.com.br\/n\/uploads\/2023\/02\/exportacao.jpg","datePublished":"2023-02-23T00:02:41+00:00","dateModified":"2023-02-23T01:16:08+00:00","description":"O Governo Federal suspendeu as exporta\u00e7\u00f5es de carne bovina para a China a partir de quinta (23). Clique e saiba mais!","breadcrumb":{"@id":"https:\/\/www.suno.com.br\/noticias\/carne-bovina-exportacoes-suspensas-vaca-louca\/#breadcrumb"},"inLanguage":"pt-BR","potentialAction":[{"@type":"ReadAction","target":["https:\/\/www.suno.com.br\/noticias\/carne-bovina-exportacoes-suspensas-vaca-louca\/"]}]},{"@type":"ImageObject","inLanguage":"pt-BR","@id":"https:\/\/www.suno.com.br\/noticias\/carne-bovina-exportacoes-suspensas-vaca-louca\/#primaryimage","url":"https:\/\/files.sunoresearch.com.br\/n\/uploads\/2023\/02\/exportacao.jpg","contentUrl":"https:\/\/files.sunoresearch.com.br\/n\/uploads\/2023\/02\/exportacao.jpg","width":1300,"height":864,"caption":"Tarifas impactam exporta\u00e7\u00f5es do Brasil para os EUA, com queda de 18,5% em agosto. Foto: Divulga\u00e7\u00e3o"},{"@type":"BreadcrumbList","@id":"https:\/\/www.suno.com.br\/noticias\/carne-bovina-exportacoes-suspensas-vaca-louca\/#breadcrumb","itemListElement":[{"@type":"ListItem","position":1,"name":"Not\u00edcias","item":"https:\/\/www.suno.com.br\/noticias\/"},{"@type":"ListItem","position":2,"name":"Neg\u00f3cios","item":"https:\/\/www.suno.com.br\/noticias\/negocios\/"},{"@type":"ListItem","position":3,"name":"Brasil suspende exporta\u00e7\u00f5es de carne bovina para China ap\u00f3s confirma\u00e7\u00e3o de caso de &#8220;vaca louca&#8221; no Par\u00e1"}]},{"@type":"WebSite","@id":"https:\/\/www.suno.com.br\/noticias\/#website","url":"https:\/\/www.suno.com.br\/noticias\/","name":"Suno Not\u00edcias","description":"Seu portal de informa\u00e7\u00e3o sobre o mundo dos investimentos","publisher":{"@id":"https:\/\/www.suno.com.br\/noticias\/#organization"},"potentialAction":[{"@type":"SearchAction","target":{"@type":"EntryPoint","urlTemplate":"https:\/\/www.suno.com.br\/noticias\/?s={search_term_string}"},"query-input":{"@type":"PropertyValueSpecification","valueRequired":true,"valueName":"search_term_string"}}],"inLanguage":"pt-BR"},{"@type":"Organization","@id":"https:\/\/www.suno.com.br\/noticias\/#organization","name":"Suno Not\u00edcias","url":"https:\/\/www.suno.com.br\/noticias\/","logo":{"@type":"ImageObject","inLanguage":"pt-BR","@id":"https:\/\/www.suno.com.br\/noticias\/#\/schema\/logo\/image\/","url":"https:\/\/files.sunoresearch.com.br\/n\/uploads\/2021\/09\/suno-logo.png","contentUrl":"https:\/\/files.sunoresearch.com.br\/n\/uploads\/2021\/09\/suno-logo.png","width":180,"height":180,"caption":"Suno Not\u00edcias"},"image":{"@id":"https:\/\/www.suno.com.br\/noticias\/#\/schema\/logo\/image\/"},"sameAs":["https:\/\/facebook.com\/sunoresearch","https:\/\/x.com\/sunoresearch","https:\/\/www.instagram.com\/suno","https:\/\/www.linkedin.com\/company\/suno-research\/","https:\/\/www.youtube.com\/c\/sunoresearch"]},{"@type":"Person","@id":"https:\/\/www.suno.com.br\/noticias\/#\/schema\/person\/6899bc3f19d1a7315f807131c2c013a0","name":"Erick Matheus Nery","image":{"@type":"ImageObject","inLanguage":"pt-BR","@id":"https:\/\/www.suno.com.br\/noticias\/#\/schema\/person\/image\/","url":"https:\/\/secure.gravatar.com\/avatar\/518ddffe438ccb767782d372a66304d2?s=96&r=g","contentUrl":"https:\/\/secure.gravatar.com\/avatar\/518ddffe438ccb767782d372a66304d2?s=96&r=g","caption":"Erick Matheus Nery"},"description":"Formado em Jornalismo pela Universidade Federal do Par\u00e1 (UFPA), conta com extens\u00e3o em Jornalismo Econ\u00f4mico pela Funda\u00e7\u00e3o Get\u00falio Vargas (FGV). No Suno Not\u00edcias, atua como rep\u00f3rter de Mercado, com foco nos setores de telecomunica\u00e7\u00f5es, varejo, alimentos e renda fixa. Conta com passagens pelo jornal O Estado de S\u00e3o Paulo, como trainee de Jornalismo Econ\u00f4mico, e pelo site Not\u00edcias da TV.","url":"https:\/\/www.suno.com.br\/noticias\/author\/erick-nery\/"}]}},"default_loop_html":"<div class=\"cardsPage__listCard__boxs\"><div class=\"cardsPage__listCard__boxs__img\"><a href=\"https:\/\/www.suno.com.br\/noticias\/carne-bovina-exportacoes-suspensas-vaca-louca\/\"><img class=\"mask\" src=\"https:\/\/www.suno.com.br\/noticias\/wp-content\/themes\/suno\/resources\/images\/spotlight\/spotlight1img\/bg-mask.png\" alt=\"Image Mask\"\/><img src=\"https:\/\/files.sunoresearch.com.br\/n\/uploads\/2023\/02\/exportacao-400x200.jpg\" alt=\"Brasil suspende exporta\u00e7\u00f5es de carne bovina para China ap\u00f3s confirma\u00e7\u00e3o de caso de &#8220;vaca louca&#8221; no Par\u00e1\"\/><\/a><span class=\"spotlightCategory\"><a href=\"https:\/\/www.suno.com.br\/noticias\/negocios\/\">Neg\u00f3cios<\/a><\/span><\/div><div class=\"cardsPage__listCard__boxs__content\"><a href=\"https:\/\/www.suno.com.br\/noticias\/carne-bovina-exportacoes-suspensas-vaca-louca\/\"><h2 class=\"content__title\">Brasil suspende exporta\u00e7\u00f5es de carne bovina para China ap\u00f3s confirma\u00e7\u00e3o de caso de &#8220;vaca louca&#8221; no Par\u00e1<\/h2><\/a><div class=\"newsContent__article__meta\"><div class=\"newsContent__article__meta__authorBox\"><a href=\"https:\/\/www.suno.com.br\/noticias\/author\/erick-nery\/\" class=\"authorBox__avatar noMobi\"><img src=\"https:\/\/secure.gravatar.com\/avatar\/518ddffe438ccb767782d372a66304d2?s=96&#038;r=g\" alt=\"Erick Matheus Nery\"><\/a><div class=\"authorBox__name\"><span>por\n\t\t\t<a href=\"https:\/\/www.suno.com.br\/noticias\/author\/erick-nery\/\"><span itemprop=\"author\">Erick Matheus Nery<\/span><\/a><\/span><time datetime=\"2023-02-22T21:02:41-03:00\" itemprop=\"datePublished\">22\/02\/2023 21:02<\/time><\/div><\/div><\/div><\/div><\/div>","single_layout":"posts","amp_enabled":true,"_links":{"self":[{"href":"https:\/\/www.suno.com.br\/noticias\/wp-json\/wp\/v2\/posts\/367176"}],"collection":[{"href":"https:\/\/www.suno.com.br\/noticias\/wp-json\/wp\/v2\/posts"}],"about":[{"href":"https:\/\/www.suno.com.br\/noticias\/wp-json\/wp\/v2\/types\/post"}],"author":[{"embeddable":true,"href":"https:\/\/www.suno.com.br\/noticias\/wp-json\/wp\/v2\/users\/232"}],"replies":[{"embeddable":true,"href":"https:\/\/www.suno.com.br\/noticias\/wp-json\/wp\/v2\/comments?post=367176"}],"version-history":[{"count":3,"href":"https:\/\/www.suno.com.br\/noticias\/wp-json\/wp\/v2\/posts\/367176\/revisions"}],"predecessor-version":[{"id":367229,"href":"https:\/\/www.suno.com.br\/noticias\/wp-json\/wp\/v2\/posts\/367176\/revisions\/367229"}],"wp:featuredmedia":[{"embeddable":true,"href":"https:\/\/www.suno.com.br\/noticias\/wp-json\/wp\/v2\/media\/367211"}],"wp:attachment":[{"href":"https:\/\/www.suno.com.br\/noticias\/wp-json\/wp\/v2\/media?parent=367176"}],"wp:term":[{"taxonomy":"category","embeddable":true,"href":"https:\/\/www.suno.com.br\/noticias\/wp-json\/wp\/v2\/categories?post=367176"},{"taxonomy":"post_tag","embeddable":true,"href":"https:\/\/www.suno.com.br\/noticias\/wp-json\/wp\/v2\/tags?post=367176"},{"taxonomy":"suno_strategy","embeddable":true,"href":"https:\/\/www.suno.com.br\/noticias\/wp-json\/wp\/v2\/suno_strategy?post=367176"}],"curies":[{"name":"wp","href":"https:\/\/api.w.org\/{rel}","templated":true}]}}