{"id":36705,"date":"2019-09-06T13:19:18","date_gmt":"2019-09-06T16:19:18","guid":{"rendered":"https:\/\/www.suno.com.br\/noticias\/?p=36705"},"modified":"2021-06-13T23:41:54","modified_gmt":"2021-06-14T02:41:54","slug":"fed-guerra-comercial-diminuir-crescimento-pib-mais-de-1","status":"publish","type":"post","link":"https:\/\/www.suno.com.br\/noticias\/fed-guerra-comercial-diminuir-crescimento-pib-mais-de-1\/","title":{"rendered":"Fed: Guerra comercial deve diminuir crescimento do PIB dos EUA em mais de 1%"},"content":{"rendered":"<p>De acordo com especialistas do <a href=\"https:\/\/www.suno.com.br\/artigos\/fed\/\">Banco Central dos Estados Unidos<\/a>, o Federal Reserve (Fed), o crescimento econ\u00f4mico dos <strong>EUA<\/strong> deve diminuir mais de 1% por causa das incertezas comerciais vividas nos \u00faltimos meses com a China. A declara\u00e7\u00e3o foi dada na noite da \u00faltima quinta-feira (5).<\/p>\t<div class=\"wrapper-featured-image\">\n\t\t<figure class=\"spotlightImg\">\n\n\t\t\t<picture>\n\t\t\t\t<source media=\"(max-width: 768px)\" srcset=\"https:\/\/files.sunoresearch.com.br\/n\/uploads\/2019\/05\/c042783e-pib-estados-unidos-400x200.webp\">\n\t\t\t\t<img loading=\"lazy\" decoding=\"async\" class=\"newsContent__article__imgCapa lazyloadDisabled newsContent__article__imgCapa--noCaption\" src=\"https:\/\/files.sunoresearch.com.br\/n\/uploads\/2019\/05\/c042783e-pib-estados-unidos-800x450.webp\" width=\"800\" height=\"450\" alt=\"Fed: Guerra comercial deve diminuir crescimento do PIB dos EUA em mais de 1%\" fetchpriority=high \/>\n\t\t\t<\/picture>\n\n\t\t\t<figcaption class=\"wp-caption-text wp-caption-text--hide\">PIB dos EUA sobe 3,2% no 3T22, ap\u00f3s revis\u00e3o; Pedidos de aux\u00edlio-desemprego aumentam. Foto: divulga\u00e7\u00e3o<\/figcaption>\n\t\t<\/figure>\n\t<\/div>\n\n\n\n<p>&#8220;O aumento [das incertezas com a pol\u00edtica comercial] em 2018 e 2019 foi acompanhada por uma desacelera\u00e7\u00e3o da produ\u00e7\u00e3o industrial mundial e do <strong>com\u00e9rcio<\/strong> <strong>global<\/strong>&#8220;, confirma a pesquisa divulgada pelo <strong>Fed<\/strong>.<\/p>\n<p>A pesquisa feita pelo <strong>Federal<\/strong> <strong>Reserve<\/strong> teve como base artigos de jornais e resultados de companhias durante este per\u00edodo de entraves comerciais vividos com a <strong>China<\/strong>.<\/p>\n<p>Algumas vari\u00e1veis levadas em conta foram as altera\u00e7\u00f5es na produ\u00e7\u00e3o das ind\u00fastrias, as pol\u00edticas comerciais aplicadas e outras mudan\u00e7as que poderiam causar um efeito negativo ou positivo no <a href=\"https:\/\/www.suno.com.br\/artigos\/pib-produto-interno-bruto\/\">PIB<\/a> dos Estados Unidos.<\/p>\n<p>De acordo com a equipe de economistas do Fed, o avan\u00e7o das incertezas comerciais nos primeiros seis meses do ano passado fez com que a economia mundial deixasse de crescer 0,8% neste ano.<\/p>\n\t<p>\n\t\t<a href=\"https:\/\/lp.suno.com.br\/ebook-10-livros\/\" target=\"_blank\" data-element=\"shortcode-suno-banner\" title=\"Banner SUNO, clique e saiba mais\">\n\t\t\t<picture>\n\t\t\t\t<source media=\"(max-width: 500px)\" srcset=\"https:\/\/files.sunoresearch.com.br\/n\/uploads\/2023\/03\/400x300-10-livros.png\">\n\t\t\t\t<img class=\"newsContent__article__imgCapa newsContent__article__imgCapa--banner\"\n\t\t\t\t\tsrc=\"https:\/\/files.sunoresearch.com.br\/n\/uploads\/2023\/03\/1420x240-10-livros.png\"\n\t\t\t\t\tdata-promo-id=\"383159\"\t\t\t\t\t\t\t\t\t\twidth='1420' height='240'\t\t\t\t\talt=\"https:\/\/files.sunoresearch.com.br\/n\/uploads\/2023\/03\/1420x240-10-livros.png\"\n\t\t\t\t>\n\t\t\t<\/picture>\n\t\t<\/a>\n\t<\/p>\n\n\n<p>Segundo os economistas do <strong>Fed<\/strong>, o PIB poderia come\u00e7ar a ter uma perspectiva mais positiva caso &#8220;as tens\u00f5es comerciais n\u00e3o tivessem apresentado uma nova escalada em maio e junho de 2019&#8221;.<\/p>\n<p>Como a guerra comercial n\u00e3o teve tr\u00e9gua, o <strong>PIB<\/strong> pode cair neste semestre e em 2020, segundo os analistas do Banco Central dos EUA. &#8220;A renovada incerteza desde maio de 2019 aponta para efeitos em cadeia adicionais que poder\u00e3o derubar mais o PIB no segundo semestre de 2019 e em 2020&#8221;.<\/p>\n<p><a href=\"https:\/\/www.suno.com.br\/noticias\/juros-futuros-eua-empregos-dados-di\/\">Veja tamb\u00e9m: Juros futuros caem ap\u00f3s desacelera\u00e7\u00e3o de cria\u00e7\u00e3o de empregos dos EUA<\/a><\/p>\n<p>O presidente dos Estados Unidos, <a href=\"https:\/\/www.suno.com.br\/tudo-sobre\/donald-trump\/\">Donald Trump<\/a>, tem criticado o Federal Reserve constantemente. Entretanto o <strong>Fed<\/strong> afirmou no m\u00eas passado que &#8220;n\u00e3o h\u00e1 precedentes recentes que orientam qualquer resposta pol\u00edtica \u00e0 atual situa\u00e7\u00e3o&#8221;. O presidente do banco central norte-americano, <strong>Jerome<\/strong> <strong>Powell<\/strong>, ainda disse que &#8220;a pol\u00edtica monet\u00e1ria \u00e9 um instrumento poderoso para a <a href=\"https:\/\/www.youtube.com\/watch?v=nK8EIk2LLCE\">economia<\/a>, mas n\u00e3o pode fornecer um manual para o com\u00e9rcio internacional.<\/p>\n","protected":false},"excerpt":{"rendered":"<p>De acordo com especialistas do Banco Central dos Estados Unidos, o Federal Reserve (Fed), o crescimento econ\u00f4mico dos EUA deve diminuir mais de 1% por causa das incertezas comerciais vividas nos \u00faltimos meses com a China. A declara\u00e7\u00e3o foi dada na noite da \u00faltima quinta-feira (5). PIB dos EUA sobe 3,2% no 3T22, ap\u00f3s revis\u00e3o; [&hellip;]<\/p>\n","protected":false},"author":19,"featured_media":26808,"comment_status":"closed","ping_status":"closed","sticky":false,"template":"","format":"standard","meta":[],"categories":[63],"tags":[724,793,776],"suno_strategy":[],"class_list":["post-36705","post","type-post","status-publish","format-standard","has-post-thumbnail","hentry","category-internacional","tag-donald-trump","tag-estados-unidos-eua","tag-federal-reseve-fed"],"yoast_head":"<!-- This site is optimized with the Yoast SEO plugin v24.4 - https:\/\/yoast.com\/wordpress\/plugins\/seo\/ -->\n<title>Guerra comercial deve baixar crescimento do PIB em mais de 1%, diz Fed<\/title>\n<meta name=\"description\" content=\"De acordo com especialistas do Banco Central dos Estados Unidos, o Fed, o crescimento econ\u00f4mico dos EUA deve diminuir mais de 1%. Saiba mais.\" \/>\n<meta name=\"robots\" content=\"index, follow, max-snippet:-1, max-image-preview:large, max-video-preview:-1\" \/>\n<link rel=\"canonical\" href=\"https:\/\/www.suno.com.br\/noticias\/fed-guerra-comercial-diminuir-crescimento-pib-mais-de-1\/\" \/>\n<meta property=\"og:locale\" content=\"pt_BR\" \/>\n<meta property=\"og:type\" content=\"article\" \/>\n<meta property=\"og:title\" content=\"Guerra comercial deve baixar crescimento do PIB em mais de 1%, diz Fed\" \/>\n<meta property=\"og:description\" content=\"De acordo com especialistas do Banco Central dos Estados Unidos, o Fed, o crescimento econ\u00f4mico dos EUA deve diminuir mais de 1%. Saiba mais.\" \/>\n<meta property=\"og:url\" content=\"https:\/\/www.suno.com.br\/noticias\/fed-guerra-comercial-diminuir-crescimento-pib-mais-de-1\/\" \/>\n<meta property=\"og:site_name\" content=\"Suno Not\u00edcias\" \/>\n<meta property=\"article:publisher\" content=\"https:\/\/facebook.com\/sunoresearch\" \/>\n<meta property=\"og:image\" content=\"https:\/\/files.sunoresearch.com.br\/n\/uploads\/2019\/05\/c042783e-pib-estados-unidos-1024x554.jpg\" \/>\n\t<meta property=\"og:image:width\" content=\"1024\" \/>\n\t<meta property=\"og:image:height\" content=\"554\" \/>\n\t<meta property=\"og:image:type\" content=\"image\/jpeg\" \/>\n<meta name=\"author\" content=\"Juliano Passaro\" \/>\n<meta name=\"twitter:card\" content=\"summary_large_image\" \/>\n<meta name=\"twitter:creator\" content=\"@sunoresearch\" \/>\n<meta name=\"twitter:site\" content=\"@sunoresearch\" \/>\n<meta name=\"twitter:label1\" content=\"Escrito por\" \/>\n\t<meta name=\"twitter:data1\" content=\"Juliano Passaro\" \/>\n\t<meta name=\"twitter:label2\" content=\"Est. tempo de leitura\" \/>\n\t<meta name=\"twitter:data2\" content=\"2 minutos\" \/>\n<script type=\"application\/ld+json\" class=\"yoast-schema-graph\">{\"@context\":\"https:\/\/schema.org\",\"@graph\":[{\"@type\":\"NewsArticle\",\"@id\":\"https:\/\/www.suno.com.br\/noticias\/fed-guerra-comercial-diminuir-crescimento-pib-mais-de-1\/#article\",\"isPartOf\":{\"@id\":\"https:\/\/www.suno.com.br\/noticias\/fed-guerra-comercial-diminuir-crescimento-pib-mais-de-1\/\"},\"author\":{\"name\":\"Juliano Passaro\",\"@id\":\"https:\/\/www.suno.com.br\/noticias\/#\/schema\/person\/1db762f78ffd8919a648a63e425953e3\"},\"headline\":\"Fed: Guerra comercial deve diminuir crescimento do PIB dos EUA em mais de 1%\",\"datePublished\":\"2019-09-06T16:19:18+00:00\",\"dateModified\":\"2021-06-14T02:41:54+00:00\",\"mainEntityOfPage\":{\"@id\":\"https:\/\/www.suno.com.br\/noticias\/fed-guerra-comercial-diminuir-crescimento-pib-mais-de-1\/\"},\"wordCount\":365,\"publisher\":{\"@id\":\"https:\/\/www.suno.com.br\/noticias\/#organization\"},\"image\":{\"@id\":\"https:\/\/www.suno.com.br\/noticias\/fed-guerra-comercial-diminuir-crescimento-pib-mais-de-1\/#primaryimage\"},\"thumbnailUrl\":\"https:\/\/files.sunoresearch.com.br\/n\/uploads\/2019\/05\/c042783e-pib-estados-unidos-scaled.webp\",\"keywords\":[\"Donald Trump\",\"Estados Unidos (EUA)\",\"Federal Reserve (FED)\"],\"articleSection\":[\"Internacional\"],\"inLanguage\":\"pt-BR\"},{\"@type\":\"WebPage\",\"@id\":\"https:\/\/www.suno.com.br\/noticias\/fed-guerra-comercial-diminuir-crescimento-pib-mais-de-1\/\",\"url\":\"https:\/\/www.suno.com.br\/noticias\/fed-guerra-comercial-diminuir-crescimento-pib-mais-de-1\/\",\"name\":\"Guerra comercial deve baixar crescimento do PIB em mais de 1%, diz Fed\",\"isPartOf\":{\"@id\":\"https:\/\/www.suno.com.br\/noticias\/#website\"},\"primaryImageOfPage\":{\"@id\":\"https:\/\/www.suno.com.br\/noticias\/fed-guerra-comercial-diminuir-crescimento-pib-mais-de-1\/#primaryimage\"},\"image\":{\"@id\":\"https:\/\/www.suno.com.br\/noticias\/fed-guerra-comercial-diminuir-crescimento-pib-mais-de-1\/#primaryimage\"},\"thumbnailUrl\":\"https:\/\/files.sunoresearch.com.br\/n\/uploads\/2019\/05\/c042783e-pib-estados-unidos-scaled.webp\",\"datePublished\":\"2019-09-06T16:19:18+00:00\",\"dateModified\":\"2021-06-14T02:41:54+00:00\",\"description\":\"De acordo com especialistas do Banco Central dos Estados Unidos, o Fed, o crescimento econ\u00f4mico dos EUA deve diminuir mais de 1%. Saiba mais.\",\"breadcrumb\":{\"@id\":\"https:\/\/www.suno.com.br\/noticias\/fed-guerra-comercial-diminuir-crescimento-pib-mais-de-1\/#breadcrumb\"},\"inLanguage\":\"pt-BR\",\"potentialAction\":[{\"@type\":\"ReadAction\",\"target\":[\"https:\/\/www.suno.com.br\/noticias\/fed-guerra-comercial-diminuir-crescimento-pib-mais-de-1\/\"]}]},{\"@type\":\"ImageObject\",\"inLanguage\":\"pt-BR\",\"@id\":\"https:\/\/www.suno.com.br\/noticias\/fed-guerra-comercial-diminuir-crescimento-pib-mais-de-1\/#primaryimage\",\"url\":\"https:\/\/files.sunoresearch.com.br\/n\/uploads\/2019\/05\/c042783e-pib-estados-unidos-scaled.webp\",\"contentUrl\":\"https:\/\/files.sunoresearch.com.br\/n\/uploads\/2019\/05\/c042783e-pib-estados-unidos-scaled.webp\",\"width\":2560,\"height\":1384,\"caption\":\"PIB dos EUA sobe 3,2% no 3T22, ap\u00f3s revis\u00e3o; Pedidos de aux\u00edlio-desemprego aumentam. Foto: divulga\u00e7\u00e3o\"},{\"@type\":\"BreadcrumbList\",\"@id\":\"https:\/\/www.suno.com.br\/noticias\/fed-guerra-comercial-diminuir-crescimento-pib-mais-de-1\/#breadcrumb\",\"itemListElement\":[{\"@type\":\"ListItem\",\"position\":1,\"name\":\"Not\u00edcias\",\"item\":\"https:\/\/www.suno.com.br\/noticias\/\"},{\"@type\":\"ListItem\",\"position\":2,\"name\":\"Internacional\",\"item\":\"https:\/\/www.suno.com.br\/noticias\/internacional\/\"},{\"@type\":\"ListItem\",\"position\":3,\"name\":\"Fed: Guerra comercial deve diminuir crescimento do PIB dos EUA em mais de 1%\"}]},{\"@type\":\"WebSite\",\"@id\":\"https:\/\/www.suno.com.br\/noticias\/#website\",\"url\":\"https:\/\/www.suno.com.br\/noticias\/\",\"name\":\"Suno Not\u00edcias\",\"description\":\"Seu portal de informa\u00e7\u00e3o sobre o mundo dos investimentos\",\"publisher\":{\"@id\":\"https:\/\/www.suno.com.br\/noticias\/#organization\"},\"potentialAction\":[{\"@type\":\"SearchAction\",\"target\":{\"@type\":\"EntryPoint\",\"urlTemplate\":\"https:\/\/www.suno.com.br\/noticias\/?s={search_term_string}\"},\"query-input\":{\"@type\":\"PropertyValueSpecification\",\"valueRequired\":true,\"valueName\":\"search_term_string\"}}],\"inLanguage\":\"pt-BR\"},{\"@type\":\"Organization\",\"@id\":\"https:\/\/www.suno.com.br\/noticias\/#organization\",\"name\":\"Suno Not\u00edcias\",\"url\":\"https:\/\/www.suno.com.br\/noticias\/\",\"logo\":{\"@type\":\"ImageObject\",\"inLanguage\":\"pt-BR\",\"@id\":\"https:\/\/www.suno.com.br\/noticias\/#\/schema\/logo\/image\/\",\"url\":\"https:\/\/files.sunoresearch.com.br\/n\/uploads\/2021\/09\/suno-logo.png\",\"contentUrl\":\"https:\/\/files.sunoresearch.com.br\/n\/uploads\/2021\/09\/suno-logo.png\",\"width\":180,\"height\":180,\"caption\":\"Suno Not\u00edcias\"},\"image\":{\"@id\":\"https:\/\/www.suno.com.br\/noticias\/#\/schema\/logo\/image\/\"},\"sameAs\":[\"https:\/\/facebook.com\/sunoresearch\",\"https:\/\/x.com\/sunoresearch\",\"https:\/\/www.instagram.com\/suno\",\"https:\/\/www.linkedin.com\/company\/suno-research\/\",\"https:\/\/www.youtube.com\/c\/sunoresearch\"]},{\"@type\":\"Person\",\"@id\":\"https:\/\/www.suno.com.br\/noticias\/#\/schema\/person\/1db762f78ffd8919a648a63e425953e3\",\"name\":\"Juliano Passaro\",\"image\":{\"@type\":\"ImageObject\",\"inLanguage\":\"pt-BR\",\"@id\":\"https:\/\/www.suno.com.br\/noticias\/#\/schema\/person\/image\/\",\"url\":\"https:\/\/secure.gravatar.com\/avatar\/743d4df28eebf6dcc46b4ad03c319e92?s=96&r=g\",\"contentUrl\":\"https:\/\/secure.gravatar.com\/avatar\/743d4df28eebf6dcc46b4ad03c319e92?s=96&r=g\",\"caption\":\"Juliano Passaro\"},\"description\":\"Juliano Passaro escreve sobre pol\u00edtica, economia e neg\u00f3cios para o portal da Suno Research. Antes da Suno, trabalhou no Portal da Band. \u00c9 formado em jornalismo pela Universidade Presbiteriana Mackenzie.\",\"url\":\"https:\/\/www.suno.com.br\/noticias\/author\/juliano\/\"}]}<\/script>\n<!-- \/ Yoast SEO plugin. -->","yoast_head_json":{"title":"Guerra comercial deve baixar crescimento do PIB em mais de 1%, diz Fed","description":"De acordo com especialistas do Banco Central dos Estados Unidos, o Fed, o crescimento econ\u00f4mico dos EUA deve diminuir mais de 1%. Saiba mais.","robots":{"index":"index","follow":"follow","max-snippet":"max-snippet:-1","max-image-preview":"max-image-preview:large","max-video-preview":"max-video-preview:-1"},"canonical":"https:\/\/www.suno.com.br\/noticias\/fed-guerra-comercial-diminuir-crescimento-pib-mais-de-1\/","og_locale":"pt_BR","og_type":"article","og_title":"Guerra comercial deve baixar crescimento do PIB em mais de 1%, diz Fed","og_description":"De acordo com especialistas do Banco Central dos Estados Unidos, o Fed, o crescimento econ\u00f4mico dos EUA deve diminuir mais de 1%. Saiba mais.","og_url":"https:\/\/www.suno.com.br\/noticias\/fed-guerra-comercial-diminuir-crescimento-pib-mais-de-1\/","og_site_name":"Suno Not\u00edcias","article_publisher":"https:\/\/facebook.com\/sunoresearch","og_image":[{"width":1024,"height":554,"url":"https:\/\/files.sunoresearch.com.br\/n\/uploads\/2019\/05\/c042783e-pib-estados-unidos-1024x554.jpg","type":"image\/jpeg"}],"author":"Juliano Passaro","twitter_card":"summary_large_image","twitter_creator":"@sunoresearch","twitter_site":"@sunoresearch","twitter_misc":{"Escrito por":"Juliano Passaro","Est. tempo de leitura":"2 minutos"},"schema":{"@context":"https:\/\/schema.org","@graph":[{"@type":"NewsArticle","@id":"https:\/\/www.suno.com.br\/noticias\/fed-guerra-comercial-diminuir-crescimento-pib-mais-de-1\/#article","isPartOf":{"@id":"https:\/\/www.suno.com.br\/noticias\/fed-guerra-comercial-diminuir-crescimento-pib-mais-de-1\/"},"author":{"name":"Juliano Passaro","@id":"https:\/\/www.suno.com.br\/noticias\/#\/schema\/person\/1db762f78ffd8919a648a63e425953e3"},"headline":"Fed: Guerra comercial deve diminuir crescimento do PIB dos EUA em mais de 1%","datePublished":"2019-09-06T16:19:18+00:00","dateModified":"2021-06-14T02:41:54+00:00","mainEntityOfPage":{"@id":"https:\/\/www.suno.com.br\/noticias\/fed-guerra-comercial-diminuir-crescimento-pib-mais-de-1\/"},"wordCount":365,"publisher":{"@id":"https:\/\/www.suno.com.br\/noticias\/#organization"},"image":{"@id":"https:\/\/www.suno.com.br\/noticias\/fed-guerra-comercial-diminuir-crescimento-pib-mais-de-1\/#primaryimage"},"thumbnailUrl":"https:\/\/files.sunoresearch.com.br\/n\/uploads\/2019\/05\/c042783e-pib-estados-unidos-scaled.webp","keywords":["Donald Trump","Estados Unidos (EUA)","Federal Reserve (FED)"],"articleSection":["Internacional"],"inLanguage":"pt-BR"},{"@type":"WebPage","@id":"https:\/\/www.suno.com.br\/noticias\/fed-guerra-comercial-diminuir-crescimento-pib-mais-de-1\/","url":"https:\/\/www.suno.com.br\/noticias\/fed-guerra-comercial-diminuir-crescimento-pib-mais-de-1\/","name":"Guerra comercial deve baixar crescimento do PIB em mais de 1%, diz Fed","isPartOf":{"@id":"https:\/\/www.suno.com.br\/noticias\/#website"},"primaryImageOfPage":{"@id":"https:\/\/www.suno.com.br\/noticias\/fed-guerra-comercial-diminuir-crescimento-pib-mais-de-1\/#primaryimage"},"image":{"@id":"https:\/\/www.suno.com.br\/noticias\/fed-guerra-comercial-diminuir-crescimento-pib-mais-de-1\/#primaryimage"},"thumbnailUrl":"https:\/\/files.sunoresearch.com.br\/n\/uploads\/2019\/05\/c042783e-pib-estados-unidos-scaled.webp","datePublished":"2019-09-06T16:19:18+00:00","dateModified":"2021-06-14T02:41:54+00:00","description":"De acordo com especialistas do Banco Central dos Estados Unidos, o Fed, o crescimento econ\u00f4mico dos EUA deve diminuir mais de 1%. Saiba mais.","breadcrumb":{"@id":"https:\/\/www.suno.com.br\/noticias\/fed-guerra-comercial-diminuir-crescimento-pib-mais-de-1\/#breadcrumb"},"inLanguage":"pt-BR","potentialAction":[{"@type":"ReadAction","target":["https:\/\/www.suno.com.br\/noticias\/fed-guerra-comercial-diminuir-crescimento-pib-mais-de-1\/"]}]},{"@type":"ImageObject","inLanguage":"pt-BR","@id":"https:\/\/www.suno.com.br\/noticias\/fed-guerra-comercial-diminuir-crescimento-pib-mais-de-1\/#primaryimage","url":"https:\/\/files.sunoresearch.com.br\/n\/uploads\/2019\/05\/c042783e-pib-estados-unidos-scaled.webp","contentUrl":"https:\/\/files.sunoresearch.com.br\/n\/uploads\/2019\/05\/c042783e-pib-estados-unidos-scaled.webp","width":2560,"height":1384,"caption":"PIB dos EUA sobe 3,2% no 3T22, ap\u00f3s revis\u00e3o; Pedidos de aux\u00edlio-desemprego aumentam. Foto: divulga\u00e7\u00e3o"},{"@type":"BreadcrumbList","@id":"https:\/\/www.suno.com.br\/noticias\/fed-guerra-comercial-diminuir-crescimento-pib-mais-de-1\/#breadcrumb","itemListElement":[{"@type":"ListItem","position":1,"name":"Not\u00edcias","item":"https:\/\/www.suno.com.br\/noticias\/"},{"@type":"ListItem","position":2,"name":"Internacional","item":"https:\/\/www.suno.com.br\/noticias\/internacional\/"},{"@type":"ListItem","position":3,"name":"Fed: Guerra comercial deve diminuir crescimento do PIB dos EUA em mais de 1%"}]},{"@type":"WebSite","@id":"https:\/\/www.suno.com.br\/noticias\/#website","url":"https:\/\/www.suno.com.br\/noticias\/","name":"Suno Not\u00edcias","description":"Seu portal de informa\u00e7\u00e3o sobre o mundo dos investimentos","publisher":{"@id":"https:\/\/www.suno.com.br\/noticias\/#organization"},"potentialAction":[{"@type":"SearchAction","target":{"@type":"EntryPoint","urlTemplate":"https:\/\/www.suno.com.br\/noticias\/?s={search_term_string}"},"query-input":{"@type":"PropertyValueSpecification","valueRequired":true,"valueName":"search_term_string"}}],"inLanguage":"pt-BR"},{"@type":"Organization","@id":"https:\/\/www.suno.com.br\/noticias\/#organization","name":"Suno Not\u00edcias","url":"https:\/\/www.suno.com.br\/noticias\/","logo":{"@type":"ImageObject","inLanguage":"pt-BR","@id":"https:\/\/www.suno.com.br\/noticias\/#\/schema\/logo\/image\/","url":"https:\/\/files.sunoresearch.com.br\/n\/uploads\/2021\/09\/suno-logo.png","contentUrl":"https:\/\/files.sunoresearch.com.br\/n\/uploads\/2021\/09\/suno-logo.png","width":180,"height":180,"caption":"Suno Not\u00edcias"},"image":{"@id":"https:\/\/www.suno.com.br\/noticias\/#\/schema\/logo\/image\/"},"sameAs":["https:\/\/facebook.com\/sunoresearch","https:\/\/x.com\/sunoresearch","https:\/\/www.instagram.com\/suno","https:\/\/www.linkedin.com\/company\/suno-research\/","https:\/\/www.youtube.com\/c\/sunoresearch"]},{"@type":"Person","@id":"https:\/\/www.suno.com.br\/noticias\/#\/schema\/person\/1db762f78ffd8919a648a63e425953e3","name":"Juliano Passaro","image":{"@type":"ImageObject","inLanguage":"pt-BR","@id":"https:\/\/www.suno.com.br\/noticias\/#\/schema\/person\/image\/","url":"https:\/\/secure.gravatar.com\/avatar\/743d4df28eebf6dcc46b4ad03c319e92?s=96&r=g","contentUrl":"https:\/\/secure.gravatar.com\/avatar\/743d4df28eebf6dcc46b4ad03c319e92?s=96&r=g","caption":"Juliano Passaro"},"description":"Juliano Passaro escreve sobre pol\u00edtica, economia e neg\u00f3cios para o portal da Suno Research. Antes da Suno, trabalhou no Portal da Band. \u00c9 formado em jornalismo pela Universidade Presbiteriana Mackenzie.","url":"https:\/\/www.suno.com.br\/noticias\/author\/juliano\/"}]}},"default_loop_html":"<div class=\"cardsPage__listCard__boxs\"><div class=\"cardsPage__listCard__boxs__img\"><a href=\"https:\/\/www.suno.com.br\/noticias\/fed-guerra-comercial-diminuir-crescimento-pib-mais-de-1\/\"><img class=\"mask\" src=\"https:\/\/www.suno.com.br\/noticias\/wp-content\/themes\/suno\/resources\/images\/spotlight\/spotlight1img\/bg-mask.png\" alt=\"Image Mask\"\/><img src=\"https:\/\/files.sunoresearch.com.br\/n\/uploads\/2019\/05\/c042783e-pib-estados-unidos-400x200.webp\" alt=\"Fed: Guerra comercial deve diminuir crescimento do PIB dos EUA em mais de 1%\"\/><\/a><span class=\"spotlightCategory\"><a href=\"https:\/\/www.suno.com.br\/noticias\/internacional\/\">Internacional<\/a><\/span><\/div><div class=\"cardsPage__listCard__boxs__content\"><a href=\"https:\/\/www.suno.com.br\/noticias\/fed-guerra-comercial-diminuir-crescimento-pib-mais-de-1\/\"><h2 class=\"content__title\">Fed: Guerra comercial deve diminuir crescimento do PIB dos EUA em mais de 1%<\/h2><\/a><div class=\"newsContent__article__meta\"><div class=\"newsContent__article__meta__authorBox\"><a href=\"https:\/\/www.suno.com.br\/noticias\/author\/juliano\/\" class=\"authorBox__avatar noMobi\"><img src=\"https:\/\/files.sunoresearch.com.br\/n\/uploads\/2019\/06\/7cc3efea-whatsapp-image-2019-07-18-at-21.59.33-e1563499821209-150x150.webp\" alt=\"Juliano Passaro\"><\/a><div class=\"authorBox__name\"><span>por\n\t\t\t<a href=\"https:\/\/www.suno.com.br\/noticias\/author\/juliano\/\"><span itemprop=\"author\">Juliano Passaro<\/span><\/a><\/span><time datetime=\"2019-09-06T13:19:18-03:00\" itemprop=\"datePublished\">06\/09\/2019 13:19<\/time><\/div><\/div><\/div><\/div><\/div>","single_layout":"posts","amp_enabled":true,"_links":{"self":[{"href":"https:\/\/www.suno.com.br\/noticias\/wp-json\/wp\/v2\/posts\/36705"}],"collection":[{"href":"https:\/\/www.suno.com.br\/noticias\/wp-json\/wp\/v2\/posts"}],"about":[{"href":"https:\/\/www.suno.com.br\/noticias\/wp-json\/wp\/v2\/types\/post"}],"author":[{"embeddable":true,"href":"https:\/\/www.suno.com.br\/noticias\/wp-json\/wp\/v2\/users\/19"}],"replies":[{"embeddable":true,"href":"https:\/\/www.suno.com.br\/noticias\/wp-json\/wp\/v2\/comments?post=36705"}],"version-history":[{"count":1,"href":"https:\/\/www.suno.com.br\/noticias\/wp-json\/wp\/v2\/posts\/36705\/revisions"}],"predecessor-version":[{"id":157277,"href":"https:\/\/www.suno.com.br\/noticias\/wp-json\/wp\/v2\/posts\/36705\/revisions\/157277"}],"wp:featuredmedia":[{"embeddable":true,"href":"https:\/\/www.suno.com.br\/noticias\/wp-json\/wp\/v2\/media\/26808"}],"wp:attachment":[{"href":"https:\/\/www.suno.com.br\/noticias\/wp-json\/wp\/v2\/media?parent=36705"}],"wp:term":[{"taxonomy":"category","embeddable":true,"href":"https:\/\/www.suno.com.br\/noticias\/wp-json\/wp\/v2\/categories?post=36705"},{"taxonomy":"post_tag","embeddable":true,"href":"https:\/\/www.suno.com.br\/noticias\/wp-json\/wp\/v2\/tags?post=36705"},{"taxonomy":"suno_strategy","embeddable":true,"href":"https:\/\/www.suno.com.br\/noticias\/wp-json\/wp\/v2\/suno_strategy?post=36705"}],"curies":[{"name":"wp","href":"https:\/\/api.w.org\/{rel}","templated":true}]}}