{"id":367023,"date":"2023-02-22T19:32:45","date_gmt":"2023-02-22T22:32:45","guid":{"rendered":"https:\/\/www.suno.com.br\/noticias\/?p=367023"},"modified":"2023-02-22T19:32:48","modified_gmt":"2023-02-22T22:32:48","slug":"anatel-telefonica-vivo-vivt3-5g-patria-winity","status":"publish","type":"post","link":"https:\/\/www.suno.com.br\/noticias\/anatel-telefonica-vivo-vivt3-5g-patria-winity\/","title":{"rendered":"Anatel mira acordo bilion\u00e1rio de 5G, entre Telef\u00f4nica Vivo (VIVT3) e operadora do Grupo P\u00e1tria"},"content":{"rendered":"<p>A Ag\u00eancia Nacional de Telecomunica\u00e7\u00f5es (<strong>Anatel<\/strong>) deve decidir, nos pr\u00f3ximos dias, se uma transa\u00e7\u00e3o bilion\u00e1ria envolvendo operadoras de telefonia violou regras do leil\u00e3o da tecnologia 5G. Na mira est\u00e1 um acordo entre a <a class=\"suno-keyword\" target=\"_blank\" data-force=\"yes\" data-priority=\"2\" href=\"https:\/\/www.suno.com.br\/acoes\/VIVT3\/\" rel=\"noopener\">Vivo (VIVT3)<\/a>, que pertence \u00e0 Telef\u00f4nica, e a Winity Telecom, operadora de internet m\u00f3vel criada pelo grupo P\u00e1tria.<\/p>\t<div class=\"wrapper-featured-image\">\n\t\t<figure class=\"spotlightImg\">\n\n\t\t\t<picture>\n\t\t\t\t<source media=\"(max-width: 768px)\" srcset=\"https:\/\/files.sunoresearch.com.br\/n\/uploads\/2022\/09\/xr-expo-ipDhOQ5gtEk-unsplash-400x200.jpg\">\n\t\t\t\t<img loading=\"lazy\" decoding=\"async\" class=\"newsContent__article__imgCapa lazyloadDisabled \" src=\"https:\/\/files.sunoresearch.com.br\/n\/uploads\/2022\/09\/xr-expo-ipDhOQ5gtEk-unsplash-800x450.jpg\" width=\"800\" height=\"450\" alt=\"Anatel mira acordo bilion\u00e1rio de 5G, entre Telef\u00f4nica Vivo (VIVT3) e operadora do Grupo P\u00e1tria\" fetchpriority=high \/>\n\t\t\t<\/picture>\n\n\t\t\t<figcaption class=\"wp-caption-text wp-caption-text--show\">Anatel. Foto: Unsplash<\/figcaption>\n\t\t<\/figure>\n\t<\/div>\n\n\n\n\n\n\t<p>\n\t\t<a href=\"\" target=\"_blank\" data-element=\"shortcode-suno-banner\" title=\"Banner SUNO, clique e saiba mais\">\n\t\t\t<picture>\n\t\t\t\t<source media=\"(max-width: 500px)\" srcset=\"\">\n\t\t\t\t<img class=\"newsContent__article__imgCapa newsContent__article__imgCapa--banner\"\n\t\t\t\t\tsrc=\"\"\n\t\t\t\t\tdata-promo-id=\"138420\"\t\t\t\t\t\t\t\t\t\t\t\t\t\t\talt=\"\"\n\t\t\t\t>\n\t\t\t<\/picture>\n\t\t<\/a>\n\t<\/p>\n\n\n\n\n\n<p>At\u00e9 mar\u00e7o, os cinco <strong>conselheiros da Anatel <\/strong>devem decidir se autorizam ou n\u00e3o o acordo entre as duas empresas por uma <strong>faixa do 5G<\/strong>. A parceria foi apontada como irregular pela \u00e1rea t\u00e9cnica da ag\u00eancia, que analisou o caso, e pela Procuradoria Federal Especializada da Anatel.<\/p>\n\n\n\n<p>O relator do caso, o conselheiro Alexandre Freire, tem sinalizado que busca algum tipo de ajuste poss\u00edvel antes de apresentar seu voto. O caso tamb\u00e9m \u00e9 avaliado pelo Conselho Administrativo de Defesa Econ\u00f4mica (<strong>Cade<\/strong>).<\/p>\n\n\n\n<p>A origem do imbr\u00f3glio est\u00e1 nos <strong>leil\u00f5es das redes 4G e 5G<\/strong>. Quando a Anatel fez a licita\u00e7\u00e3o das faixas de frequ\u00eancia, em 2021, a ag\u00eancia reservou uma fatia da tecnologia para uma nova companhia que estivesse interessada em entrar no neg\u00f3cio.<\/p>\n\n\n\t<p>\n\t\t<a href=\"https:\/\/lp.suno.com.br\/planilha-controle-gastos\/\" target=\"_blank\" data-element=\"shortcode-suno-banner\" title=\"Banner SUNO, clique e saiba mais\">\n\t\t\t<picture>\n\t\t\t\t<source media=\"(max-width: 500px)\" srcset=\"https:\/\/files.sunoresearch.com.br\/n\/uploads\/2023\/03\/400x300-Planilha-controle-de-gastos.png\">\n\t\t\t\t<img class=\"newsContent__article__imgCapa newsContent__article__imgCapa--banner\"\n\t\t\t\t\tsrc=\"https:\/\/files.sunoresearch.com.br\/n\/uploads\/2023\/03\/1420x240-Planilha-controle-de-gastos.png\"\n\t\t\t\t\tdata-promo-id=\"101751\"\t\t\t\t\t\t\t\t\t\twidth='1420' height='240'\t\t\t\t\talt=\"https:\/\/files.sunoresearch.com.br\/n\/uploads\/2023\/03\/1420x240-Planilha-controle-de-gastos.png\"\n\t\t\t\t>\n\t\t\t<\/picture>\n\t\t<\/a>\n\t<\/p>\n\n\n\n\n\n<p>As gigantes Vivo, <strong>TIM <\/strong>(TIMS3) e Claro j\u00e1 tinham arrematado as suas faixas e, por isso, ficaram proibidas de comprar uma nova parcela, que foi reservada a um novo operador. Foi quando surgiu a Winity, com a proposta de ser uma &#8220;operadora neutra&#8221;, que instalaria suas redes e venderia o servi\u00e7o no atacado, para outras empresas de menor porte.<\/p>\n\n\n\n<h2 class=\"wp-block-heading\" id=\"h-anatel-lance-nas-alturas\">Anatel: Lance nas alturas<\/h2>\n\n\n\n<p>A <strong>oferta agressiva da Winity<\/strong> chamou a aten\u00e7\u00e3o da Anatel. O leil\u00e3o previa lance m\u00ednimo de R$ 300 milh\u00f5es para aquela fatia da frequ\u00eancia. Outras duas empresas interessadas deram lances pr\u00f3ximos do m\u00ednimo &#8211; R$ 318 milh\u00f5es e R$ 333 milh\u00f5es -, enquanto a Winity apresentou proposta de mais de R$ 1,42 bilh\u00e3o &#8211; quase cinco vezes o lance inicial &#8211; e arrematou o lote.<\/p>\n\n\n\n<p>O passo seguinte, aguardado pela Anatel, era que a Winity oferecesse sua frequ\u00eancia a operadoras novas, mas o que surgiu foi uma proposta de <strong>acordo entre a Winity e a Vivo<\/strong> pela faixa arrematada.<\/p>\n\n\n\n<p>Na pr\u00e1tica, o acordo daria \u00e0 Vivo a entrada em at\u00e9 1,6 mil cidades, pelo prazo de 20 anos, em munic\u00edpios que concentram cerca de 90% do PIB.<\/p>\n\n\n\n<p>A Anatel reagiu e fez dilig\u00eancias nas companhias para reunir informa\u00e7\u00f5es atreladas a quest\u00f5es regulat\u00f3rias, concorrenciais e legais. Nesse processo, foi informada da exist\u00eancia de um <strong>&#8220;pr\u00e9-contrato&#8221; firmado entre Vivo e Winity<\/strong> antes mesmo do leil\u00e3o, mas n\u00e3o teve acesso ao seu conte\u00fado, devido a regras de sigilo de informa\u00e7\u00f5es firmadas entre as companhias.<\/p>\n\n\n\n<p>Dirigentes da Winity t\u00eam se reunido com a <strong>Anatel<\/strong> para tentar demonstrar que n\u00e3o h\u00e1 irregularidades. Nos bastidores, sua avalia\u00e7\u00e3o \u00e9 de que o lobby de outras empresas tenta prejudicar a opera\u00e7\u00e3o com a Vivo, de olho em futuros acordos com a pr\u00f3pria companhia. <\/p>\n\n\n\n<p><em>Com Estad\u00e3o Conte\u00fado<\/em><\/p>\n\n\n\t<p>\n\t\t<a href=\"https:\/\/lp.suno.com.br\/planilha-da-vida-financeira\/\" target=\"_blank\" data-element=\"shortcode-suno-banner\" title=\"Banner SUNO, clique e saiba mais\">\n\t\t\t<picture>\n\t\t\t\t<source media=\"(max-width: 500px)\" srcset=\"https:\/\/files.sunoresearch.com.br\/n\/uploads\/2023\/04\/400x300-Planilha-vida-financeira-true.png\">\n\t\t\t\t<img class=\"newsContent__article__imgCapa newsContent__article__imgCapa--banner\"\n\t\t\t\t\tsrc=\"https:\/\/files.sunoresearch.com.br\/n\/uploads\/2023\/04\/1420x240-Planilha-vida-financeira-true.png\"\n\t\t\t\t\tdata-promo-id=\"106682\"\t\t\t\t\t\t\t\t\t\twidth='1420' height='240'\t\t\t\t\talt=\"https:\/\/files.sunoresearch.com.br\/n\/uploads\/2023\/04\/1420x240-Planilha-vida-financeira-true.png\"\n\t\t\t\t>\n\t\t\t<\/picture>\n\t\t<\/a>\n\t<\/p>\n\n\n","protected":false},"excerpt":{"rendered":"<p>A Ag\u00eancia Nacional de Telecomunica\u00e7\u00f5es (Anatel) deve decidir, nos pr\u00f3ximos dias, se uma transa\u00e7\u00e3o bilion\u00e1ria envolvendo operadoras de telefonia violou regras do leil\u00e3o da tecnologia 5G. Na mira est\u00e1 um acordo entre a Vivo (VIVT3), que pertence \u00e0 Telef\u00f4nica, e a Winity Telecom, operadora de internet m\u00f3vel criada pelo grupo P\u00e1tria. Anatel. Foto: Unsplash At\u00e9 [&hellip;]<\/p>\n","protected":false},"author":43,"featured_media":293988,"comment_status":"closed","ping_status":"closed","sticky":false,"template":"","format":"standard","meta":[],"categories":[64],"tags":[1236,831,659],"suno_strategy":[],"class_list":["post-367023","post","type-post","status-publish","format-standard","has-post-thumbnail","hentry","category-negocios","tag-5g","tag-anatel","tag-telefonica-vivt3"],"yoast_head":"<!-- This site is optimized with the Yoast SEO plugin v24.4 - https:\/\/yoast.com\/wordpress\/plugins\/seo\/ -->\n<title>Anatel mira acordo bilion\u00e1rio de 5G entre Telef\u00f4nica (VIVT3) e Winity<\/title>\n<meta name=\"description\" content=\"A Anatel deve decidir se uma transa\u00e7\u00e3o bilion\u00e1ria envolvendo operadoras de telefonia violou regras do leil\u00e3o de 5G entre Vivo e Winity\" \/>\n<meta name=\"robots\" content=\"index, follow, max-snippet:-1, max-image-preview:large, max-video-preview:-1\" \/>\n<link rel=\"canonical\" href=\"https:\/\/www.suno.com.br\/noticias\/anatel-telefonica-vivo-vivt3-5g-patria-winity\/\" \/>\n<meta property=\"og:locale\" content=\"pt_BR\" \/>\n<meta property=\"og:type\" content=\"article\" \/>\n<meta property=\"og:title\" content=\"Anatel mira acordo bilion\u00e1rio de 5G entre Telef\u00f4nica (VIVT3) e Winity\" \/>\n<meta property=\"og:description\" content=\"A Anatel deve decidir se uma transa\u00e7\u00e3o bilion\u00e1ria envolvendo operadoras de telefonia violou regras do leil\u00e3o de 5G entre Vivo e Winity\" \/>\n<meta property=\"og:url\" content=\"https:\/\/www.suno.com.br\/noticias\/anatel-telefonica-vivo-vivt3-5g-patria-winity\/\" \/>\n<meta property=\"og:site_name\" content=\"Suno Not\u00edcias\" \/>\n<meta property=\"article:publisher\" content=\"https:\/\/facebook.com\/sunoresearch\" \/>\n<meta property=\"article:author\" content=\"https:\/\/www.facebook.com\/sunonoticias\/\" \/>\n<meta property=\"og:image\" content=\"https:\/\/files.sunoresearch.com.br\/n\/uploads\/2022\/09\/xr-expo-ipDhOQ5gtEk-unsplash-scaled.jpg\" \/>\n\t<meta property=\"og:image:width\" content=\"2560\" \/>\n\t<meta property=\"og:image:height\" content=\"1830\" \/>\n\t<meta property=\"og:image:type\" content=\"image\/jpeg\" \/>\n<meta name=\"author\" content=\"Reda\u00e7\u00e3o Suno Not\u00edcias\" \/>\n<meta name=\"twitter:card\" content=\"summary_large_image\" \/>\n<meta name=\"twitter:creator\" content=\"@https:\/\/twitter.com\/sunoresearch\" \/>\n<meta name=\"twitter:site\" content=\"@sunoresearch\" \/>\n<meta name=\"twitter:label1\" content=\"Escrito por\" \/>\n\t<meta name=\"twitter:data1\" content=\"Reda\u00e7\u00e3o Suno Not\u00edcias\" \/>\n\t<meta name=\"twitter:label2\" content=\"Est. tempo de leitura\" \/>\n\t<meta name=\"twitter:data2\" content=\"3 minutos\" \/>\n<script type=\"application\/ld+json\" class=\"yoast-schema-graph\">{\"@context\":\"https:\/\/schema.org\",\"@graph\":[{\"@type\":\"NewsArticle\",\"@id\":\"https:\/\/www.suno.com.br\/noticias\/anatel-telefonica-vivo-vivt3-5g-patria-winity\/#article\",\"isPartOf\":{\"@id\":\"https:\/\/www.suno.com.br\/noticias\/anatel-telefonica-vivo-vivt3-5g-patria-winity\/\"},\"author\":{\"name\":\"Reda\u00e7\u00e3o Suno Not\u00edcias\",\"@id\":\"https:\/\/www.suno.com.br\/noticias\/#\/schema\/person\/c1b1bd3727fa852bd045e9dbff3673ea\"},\"headline\":\"Anatel mira acordo bilion\u00e1rio de 5G, entre Telef\u00f4nica Vivo (VIVT3) e operadora do Grupo P\u00e1tria\",\"datePublished\":\"2023-02-22T22:32:45+00:00\",\"dateModified\":\"2023-02-22T22:32:48+00:00\",\"mainEntityOfPage\":{\"@id\":\"https:\/\/www.suno.com.br\/noticias\/anatel-telefonica-vivo-vivt3-5g-patria-winity\/\"},\"wordCount\":532,\"publisher\":{\"@id\":\"https:\/\/www.suno.com.br\/noticias\/#organization\"},\"image\":{\"@id\":\"https:\/\/www.suno.com.br\/noticias\/anatel-telefonica-vivo-vivt3-5g-patria-winity\/#primaryimage\"},\"thumbnailUrl\":\"https:\/\/files.sunoresearch.com.br\/n\/uploads\/2022\/09\/xr-expo-ipDhOQ5gtEk-unsplash-scaled.jpg\",\"keywords\":[\"5G\",\"Anatel\",\"Telef\u00f4nica (VIVT3)\"],\"articleSection\":[\"Neg\u00f3cios\"],\"inLanguage\":\"pt-BR\"},{\"@type\":\"WebPage\",\"@id\":\"https:\/\/www.suno.com.br\/noticias\/anatel-telefonica-vivo-vivt3-5g-patria-winity\/\",\"url\":\"https:\/\/www.suno.com.br\/noticias\/anatel-telefonica-vivo-vivt3-5g-patria-winity\/\",\"name\":\"Anatel mira acordo bilion\u00e1rio de 5G entre Telef\u00f4nica (VIVT3) e Winity\",\"isPartOf\":{\"@id\":\"https:\/\/www.suno.com.br\/noticias\/#website\"},\"primaryImageOfPage\":{\"@id\":\"https:\/\/www.suno.com.br\/noticias\/anatel-telefonica-vivo-vivt3-5g-patria-winity\/#primaryimage\"},\"image\":{\"@id\":\"https:\/\/www.suno.com.br\/noticias\/anatel-telefonica-vivo-vivt3-5g-patria-winity\/#primaryimage\"},\"thumbnailUrl\":\"https:\/\/files.sunoresearch.com.br\/n\/uploads\/2022\/09\/xr-expo-ipDhOQ5gtEk-unsplash-scaled.jpg\",\"datePublished\":\"2023-02-22T22:32:45+00:00\",\"dateModified\":\"2023-02-22T22:32:48+00:00\",\"description\":\"A Anatel deve decidir se uma transa\u00e7\u00e3o bilion\u00e1ria envolvendo operadoras de telefonia violou regras do leil\u00e3o de 5G entre Vivo e Winity\",\"breadcrumb\":{\"@id\":\"https:\/\/www.suno.com.br\/noticias\/anatel-telefonica-vivo-vivt3-5g-patria-winity\/#breadcrumb\"},\"inLanguage\":\"pt-BR\",\"potentialAction\":[{\"@type\":\"ReadAction\",\"target\":[\"https:\/\/www.suno.com.br\/noticias\/anatel-telefonica-vivo-vivt3-5g-patria-winity\/\"]}]},{\"@type\":\"ImageObject\",\"inLanguage\":\"pt-BR\",\"@id\":\"https:\/\/www.suno.com.br\/noticias\/anatel-telefonica-vivo-vivt3-5g-patria-winity\/#primaryimage\",\"url\":\"https:\/\/files.sunoresearch.com.br\/n\/uploads\/2022\/09\/xr-expo-ipDhOQ5gtEk-unsplash-scaled.jpg\",\"contentUrl\":\"https:\/\/files.sunoresearch.com.br\/n\/uploads\/2022\/09\/xr-expo-ipDhOQ5gtEk-unsplash-scaled.jpg\",\"width\":2560,\"height\":1830,\"caption\":\"Anatel. Foto: Unsplash\"},{\"@type\":\"BreadcrumbList\",\"@id\":\"https:\/\/www.suno.com.br\/noticias\/anatel-telefonica-vivo-vivt3-5g-patria-winity\/#breadcrumb\",\"itemListElement\":[{\"@type\":\"ListItem\",\"position\":1,\"name\":\"Not\u00edcias\",\"item\":\"https:\/\/www.suno.com.br\/noticias\/\"},{\"@type\":\"ListItem\",\"position\":2,\"name\":\"Neg\u00f3cios\",\"item\":\"https:\/\/www.suno.com.br\/noticias\/negocios\/\"},{\"@type\":\"ListItem\",\"position\":3,\"name\":\"Anatel mira acordo bilion\u00e1rio de 5G, entre Telef\u00f4nica Vivo (VIVT3) e operadora do Grupo P\u00e1tria\"}]},{\"@type\":\"WebSite\",\"@id\":\"https:\/\/www.suno.com.br\/noticias\/#website\",\"url\":\"https:\/\/www.suno.com.br\/noticias\/\",\"name\":\"Suno Not\u00edcias\",\"description\":\"Seu portal de informa\u00e7\u00e3o sobre o mundo dos investimentos\",\"publisher\":{\"@id\":\"https:\/\/www.suno.com.br\/noticias\/#organization\"},\"potentialAction\":[{\"@type\":\"SearchAction\",\"target\":{\"@type\":\"EntryPoint\",\"urlTemplate\":\"https:\/\/www.suno.com.br\/noticias\/?s={search_term_string}\"},\"query-input\":{\"@type\":\"PropertyValueSpecification\",\"valueRequired\":true,\"valueName\":\"search_term_string\"}}],\"inLanguage\":\"pt-BR\"},{\"@type\":\"Organization\",\"@id\":\"https:\/\/www.suno.com.br\/noticias\/#organization\",\"name\":\"Suno Not\u00edcias\",\"url\":\"https:\/\/www.suno.com.br\/noticias\/\",\"logo\":{\"@type\":\"ImageObject\",\"inLanguage\":\"pt-BR\",\"@id\":\"https:\/\/www.suno.com.br\/noticias\/#\/schema\/logo\/image\/\",\"url\":\"https:\/\/files.sunoresearch.com.br\/n\/uploads\/2021\/09\/suno-logo.png\",\"contentUrl\":\"https:\/\/files.sunoresearch.com.br\/n\/uploads\/2021\/09\/suno-logo.png\",\"width\":180,\"height\":180,\"caption\":\"Suno Not\u00edcias\"},\"image\":{\"@id\":\"https:\/\/www.suno.com.br\/noticias\/#\/schema\/logo\/image\/\"},\"sameAs\":[\"https:\/\/facebook.com\/sunoresearch\",\"https:\/\/x.com\/sunoresearch\",\"https:\/\/www.instagram.com\/suno\",\"https:\/\/www.linkedin.com\/company\/suno-research\/\",\"https:\/\/www.youtube.com\/c\/sunoresearch\"]},{\"@type\":\"Person\",\"@id\":\"https:\/\/www.suno.com.br\/noticias\/#\/schema\/person\/c1b1bd3727fa852bd045e9dbff3673ea\",\"name\":\"Reda\u00e7\u00e3o Suno Not\u00edcias\",\"image\":{\"@type\":\"ImageObject\",\"inLanguage\":\"pt-BR\",\"@id\":\"https:\/\/www.suno.com.br\/noticias\/#\/schema\/person\/image\/\",\"url\":\"https:\/\/secure.gravatar.com\/avatar\/b8104b9b5a71985d5238ee59fbe418af?s=96&r=g\",\"contentUrl\":\"https:\/\/secure.gravatar.com\/avatar\/b8104b9b5a71985d5238ee59fbe418af?s=96&r=g\",\"caption\":\"Reda\u00e7\u00e3o Suno Not\u00edcias\"},\"description\":\"O Suno Not\u00edcias \u00e9 um portal de informa\u00e7\u00f5es sobre Mercado Financeiro, Pol\u00edtica, Neg\u00f3cios, Economia e Finan\u00e7as Pessoais.\",\"sameAs\":[\"https:\/\/www.suno.com.br\/noticias\",\"https:\/\/www.facebook.com\/sunonoticias\/\",\"https:\/\/www.instagram.com\/sunonoticias\/\",\"https:\/\/x.com\/https:\/\/twitter.com\/sunoresearch\",\"https:\/\/www.youtube.com\/sunonoticias\"],\"url\":\"https:\/\/www.suno.com.br\/noticias\/author\/redacao-suno\/\"}]}<\/script>\n<!-- \/ Yoast SEO plugin. -->","yoast_head_json":{"title":"Anatel mira acordo bilion\u00e1rio de 5G entre Telef\u00f4nica (VIVT3) e Winity","description":"A Anatel deve decidir se uma transa\u00e7\u00e3o bilion\u00e1ria envolvendo operadoras de telefonia violou regras do leil\u00e3o de 5G entre Vivo e Winity","robots":{"index":"index","follow":"follow","max-snippet":"max-snippet:-1","max-image-preview":"max-image-preview:large","max-video-preview":"max-video-preview:-1"},"canonical":"https:\/\/www.suno.com.br\/noticias\/anatel-telefonica-vivo-vivt3-5g-patria-winity\/","og_locale":"pt_BR","og_type":"article","og_title":"Anatel mira acordo bilion\u00e1rio de 5G entre Telef\u00f4nica (VIVT3) e Winity","og_description":"A Anatel deve decidir se uma transa\u00e7\u00e3o bilion\u00e1ria envolvendo operadoras de telefonia violou regras do leil\u00e3o de 5G entre Vivo e Winity","og_url":"https:\/\/www.suno.com.br\/noticias\/anatel-telefonica-vivo-vivt3-5g-patria-winity\/","og_site_name":"Suno Not\u00edcias","article_publisher":"https:\/\/facebook.com\/sunoresearch","article_author":"https:\/\/www.facebook.com\/sunonoticias\/","og_image":[{"width":2560,"height":1830,"url":"https:\/\/files.sunoresearch.com.br\/n\/uploads\/2022\/09\/xr-expo-ipDhOQ5gtEk-unsplash-scaled.jpg","type":"image\/jpeg"}],"author":"Reda\u00e7\u00e3o Suno Not\u00edcias","twitter_card":"summary_large_image","twitter_creator":"@https:\/\/twitter.com\/sunoresearch","twitter_site":"@sunoresearch","twitter_misc":{"Escrito por":"Reda\u00e7\u00e3o Suno Not\u00edcias","Est. tempo de leitura":"3 minutos"},"schema":{"@context":"https:\/\/schema.org","@graph":[{"@type":"NewsArticle","@id":"https:\/\/www.suno.com.br\/noticias\/anatel-telefonica-vivo-vivt3-5g-patria-winity\/#article","isPartOf":{"@id":"https:\/\/www.suno.com.br\/noticias\/anatel-telefonica-vivo-vivt3-5g-patria-winity\/"},"author":{"name":"Reda\u00e7\u00e3o Suno Not\u00edcias","@id":"https:\/\/www.suno.com.br\/noticias\/#\/schema\/person\/c1b1bd3727fa852bd045e9dbff3673ea"},"headline":"Anatel mira acordo bilion\u00e1rio de 5G, entre Telef\u00f4nica Vivo (VIVT3) e operadora do Grupo P\u00e1tria","datePublished":"2023-02-22T22:32:45+00:00","dateModified":"2023-02-22T22:32:48+00:00","mainEntityOfPage":{"@id":"https:\/\/www.suno.com.br\/noticias\/anatel-telefonica-vivo-vivt3-5g-patria-winity\/"},"wordCount":532,"publisher":{"@id":"https:\/\/www.suno.com.br\/noticias\/#organization"},"image":{"@id":"https:\/\/www.suno.com.br\/noticias\/anatel-telefonica-vivo-vivt3-5g-patria-winity\/#primaryimage"},"thumbnailUrl":"https:\/\/files.sunoresearch.com.br\/n\/uploads\/2022\/09\/xr-expo-ipDhOQ5gtEk-unsplash-scaled.jpg","keywords":["5G","Anatel","Telef\u00f4nica (VIVT3)"],"articleSection":["Neg\u00f3cios"],"inLanguage":"pt-BR"},{"@type":"WebPage","@id":"https:\/\/www.suno.com.br\/noticias\/anatel-telefonica-vivo-vivt3-5g-patria-winity\/","url":"https:\/\/www.suno.com.br\/noticias\/anatel-telefonica-vivo-vivt3-5g-patria-winity\/","name":"Anatel mira acordo bilion\u00e1rio de 5G entre Telef\u00f4nica (VIVT3) e Winity","isPartOf":{"@id":"https:\/\/www.suno.com.br\/noticias\/#website"},"primaryImageOfPage":{"@id":"https:\/\/www.suno.com.br\/noticias\/anatel-telefonica-vivo-vivt3-5g-patria-winity\/#primaryimage"},"image":{"@id":"https:\/\/www.suno.com.br\/noticias\/anatel-telefonica-vivo-vivt3-5g-patria-winity\/#primaryimage"},"thumbnailUrl":"https:\/\/files.sunoresearch.com.br\/n\/uploads\/2022\/09\/xr-expo-ipDhOQ5gtEk-unsplash-scaled.jpg","datePublished":"2023-02-22T22:32:45+00:00","dateModified":"2023-02-22T22:32:48+00:00","description":"A Anatel deve decidir se uma transa\u00e7\u00e3o bilion\u00e1ria envolvendo operadoras de telefonia violou regras do leil\u00e3o de 5G entre Vivo e Winity","breadcrumb":{"@id":"https:\/\/www.suno.com.br\/noticias\/anatel-telefonica-vivo-vivt3-5g-patria-winity\/#breadcrumb"},"inLanguage":"pt-BR","potentialAction":[{"@type":"ReadAction","target":["https:\/\/www.suno.com.br\/noticias\/anatel-telefonica-vivo-vivt3-5g-patria-winity\/"]}]},{"@type":"ImageObject","inLanguage":"pt-BR","@id":"https:\/\/www.suno.com.br\/noticias\/anatel-telefonica-vivo-vivt3-5g-patria-winity\/#primaryimage","url":"https:\/\/files.sunoresearch.com.br\/n\/uploads\/2022\/09\/xr-expo-ipDhOQ5gtEk-unsplash-scaled.jpg","contentUrl":"https:\/\/files.sunoresearch.com.br\/n\/uploads\/2022\/09\/xr-expo-ipDhOQ5gtEk-unsplash-scaled.jpg","width":2560,"height":1830,"caption":"Anatel. Foto: Unsplash"},{"@type":"BreadcrumbList","@id":"https:\/\/www.suno.com.br\/noticias\/anatel-telefonica-vivo-vivt3-5g-patria-winity\/#breadcrumb","itemListElement":[{"@type":"ListItem","position":1,"name":"Not\u00edcias","item":"https:\/\/www.suno.com.br\/noticias\/"},{"@type":"ListItem","position":2,"name":"Neg\u00f3cios","item":"https:\/\/www.suno.com.br\/noticias\/negocios\/"},{"@type":"ListItem","position":3,"name":"Anatel mira acordo bilion\u00e1rio de 5G, entre Telef\u00f4nica Vivo (VIVT3) e operadora do Grupo P\u00e1tria"}]},{"@type":"WebSite","@id":"https:\/\/www.suno.com.br\/noticias\/#website","url":"https:\/\/www.suno.com.br\/noticias\/","name":"Suno Not\u00edcias","description":"Seu portal de informa\u00e7\u00e3o sobre o mundo dos investimentos","publisher":{"@id":"https:\/\/www.suno.com.br\/noticias\/#organization"},"potentialAction":[{"@type":"SearchAction","target":{"@type":"EntryPoint","urlTemplate":"https:\/\/www.suno.com.br\/noticias\/?s={search_term_string}"},"query-input":{"@type":"PropertyValueSpecification","valueRequired":true,"valueName":"search_term_string"}}],"inLanguage":"pt-BR"},{"@type":"Organization","@id":"https:\/\/www.suno.com.br\/noticias\/#organization","name":"Suno Not\u00edcias","url":"https:\/\/www.suno.com.br\/noticias\/","logo":{"@type":"ImageObject","inLanguage":"pt-BR","@id":"https:\/\/www.suno.com.br\/noticias\/#\/schema\/logo\/image\/","url":"https:\/\/files.sunoresearch.com.br\/n\/uploads\/2021\/09\/suno-logo.png","contentUrl":"https:\/\/files.sunoresearch.com.br\/n\/uploads\/2021\/09\/suno-logo.png","width":180,"height":180,"caption":"Suno Not\u00edcias"},"image":{"@id":"https:\/\/www.suno.com.br\/noticias\/#\/schema\/logo\/image\/"},"sameAs":["https:\/\/facebook.com\/sunoresearch","https:\/\/x.com\/sunoresearch","https:\/\/www.instagram.com\/suno","https:\/\/www.linkedin.com\/company\/suno-research\/","https:\/\/www.youtube.com\/c\/sunoresearch"]},{"@type":"Person","@id":"https:\/\/www.suno.com.br\/noticias\/#\/schema\/person\/c1b1bd3727fa852bd045e9dbff3673ea","name":"Reda\u00e7\u00e3o Suno Not\u00edcias","image":{"@type":"ImageObject","inLanguage":"pt-BR","@id":"https:\/\/www.suno.com.br\/noticias\/#\/schema\/person\/image\/","url":"https:\/\/secure.gravatar.com\/avatar\/b8104b9b5a71985d5238ee59fbe418af?s=96&r=g","contentUrl":"https:\/\/secure.gravatar.com\/avatar\/b8104b9b5a71985d5238ee59fbe418af?s=96&r=g","caption":"Reda\u00e7\u00e3o Suno Not\u00edcias"},"description":"O Suno Not\u00edcias \u00e9 um portal de informa\u00e7\u00f5es sobre Mercado Financeiro, Pol\u00edtica, Neg\u00f3cios, Economia e Finan\u00e7as Pessoais.","sameAs":["https:\/\/www.suno.com.br\/noticias","https:\/\/www.facebook.com\/sunonoticias\/","https:\/\/www.instagram.com\/sunonoticias\/","https:\/\/x.com\/https:\/\/twitter.com\/sunoresearch","https:\/\/www.youtube.com\/sunonoticias"],"url":"https:\/\/www.suno.com.br\/noticias\/author\/redacao-suno\/"}]}},"default_loop_html":"<div class=\"cardsPage__listCard__boxs\"><div class=\"cardsPage__listCard__boxs__img\"><a href=\"https:\/\/www.suno.com.br\/noticias\/anatel-telefonica-vivo-vivt3-5g-patria-winity\/\"><img class=\"mask\" src=\"https:\/\/www.suno.com.br\/noticias\/wp-content\/themes\/suno\/resources\/images\/spotlight\/spotlight1img\/bg-mask.png\" alt=\"Image Mask\"\/><img src=\"https:\/\/files.sunoresearch.com.br\/n\/uploads\/2022\/09\/xr-expo-ipDhOQ5gtEk-unsplash-400x200.jpg\" alt=\"Anatel mira acordo bilion\u00e1rio de 5G, entre Telef\u00f4nica Vivo (VIVT3) e operadora do Grupo P\u00e1tria\"\/><\/a><span class=\"spotlightCategory\"><a href=\"https:\/\/www.suno.com.br\/noticias\/negocios\/\">Neg\u00f3cios<\/a><\/span><\/div><div class=\"cardsPage__listCard__boxs__content\"><a href=\"https:\/\/www.suno.com.br\/noticias\/anatel-telefonica-vivo-vivt3-5g-patria-winity\/\"><h2 class=\"content__title\">Anatel mira acordo bilion\u00e1rio de 5G, entre Telef\u00f4nica Vivo (VIVT3) e operadora do Grupo P\u00e1tria<\/h2><\/a><div class=\"newsContent__article__meta\"><div class=\"newsContent__article__meta__authorBox\"><a href=\"https:\/\/www.suno.com.br\/noticias\/author\/redacao-suno\/\" class=\"authorBox__avatar noMobi\"><img src=\"https:\/\/files.sunoresearch.com.br\/n\/uploads\/2020\/08\/0ace682d-redacao-1-150x150.webp\" alt=\"Reda\u00e7\u00e3o Suno Not\u00edcias\"><\/a><div class=\"authorBox__name\"><span>por\n\t\t\t<a href=\"https:\/\/www.suno.com.br\/noticias\/author\/redacao-suno\/\"><span itemprop=\"author\">Reda\u00e7\u00e3o Suno Not\u00edcias<\/span><\/a><\/span><time datetime=\"2023-02-22T19:32:45-03:00\" itemprop=\"datePublished\">22\/02\/2023 19:32<\/time><\/div><\/div><\/div><\/div><\/div>","single_layout":"posts","amp_enabled":true,"_links":{"self":[{"href":"https:\/\/www.suno.com.br\/noticias\/wp-json\/wp\/v2\/posts\/367023"}],"collection":[{"href":"https:\/\/www.suno.com.br\/noticias\/wp-json\/wp\/v2\/posts"}],"about":[{"href":"https:\/\/www.suno.com.br\/noticias\/wp-json\/wp\/v2\/types\/post"}],"author":[{"embeddable":true,"href":"https:\/\/www.suno.com.br\/noticias\/wp-json\/wp\/v2\/users\/43"}],"replies":[{"embeddable":true,"href":"https:\/\/www.suno.com.br\/noticias\/wp-json\/wp\/v2\/comments?post=367023"}],"version-history":[{"count":2,"href":"https:\/\/www.suno.com.br\/noticias\/wp-json\/wp\/v2\/posts\/367023\/revisions"}],"predecessor-version":[{"id":367116,"href":"https:\/\/www.suno.com.br\/noticias\/wp-json\/wp\/v2\/posts\/367023\/revisions\/367116"}],"wp:featuredmedia":[{"embeddable":true,"href":"https:\/\/www.suno.com.br\/noticias\/wp-json\/wp\/v2\/media\/293988"}],"wp:attachment":[{"href":"https:\/\/www.suno.com.br\/noticias\/wp-json\/wp\/v2\/media?parent=367023"}],"wp:term":[{"taxonomy":"category","embeddable":true,"href":"https:\/\/www.suno.com.br\/noticias\/wp-json\/wp\/v2\/categories?post=367023"},{"taxonomy":"post_tag","embeddable":true,"href":"https:\/\/www.suno.com.br\/noticias\/wp-json\/wp\/v2\/tags?post=367023"},{"taxonomy":"suno_strategy","embeddable":true,"href":"https:\/\/www.suno.com.br\/noticias\/wp-json\/wp\/v2\/suno_strategy?post=367023"}],"curies":[{"name":"wp","href":"https:\/\/api.w.org\/{rel}","templated":true}]}}