{"id":36697,"date":"2019-09-06T12:15:15","date_gmt":"2019-09-06T15:15:15","guid":{"rendered":"https:\/\/www.suno.com.br\/noticias\/?p=36697"},"modified":"2021-02-18T17:23:54","modified_gmt":"2021-02-18T20:23:54","slug":"ipca-desacelera-011-agosto-ante-alta-de-019-em-julho","status":"publish","type":"post","link":"https:\/\/www.suno.com.br\/noticias\/ipca-desacelera-011-agosto-ante-alta-de-019-em-julho\/","title":{"rendered":"IPCA desacelera a 0,11% em agosto ante alta de 0,19% em julho"},"content":{"rendered":"<p>O <a href=\"https:\/\/www.suno.com.br\/artigos\/ipca\/\"><strong>\u00cdndice Nacional de Pre\u00e7os ao Consumidor Amplo<\/strong><\/a> (IPCA) diminuiu para 0,11% em agosto. No m\u00eas de julho, o \u00edndice registrou uma alta de 0,19%. Os dados foram divulgados na manh\u00e3 desta sexta-feira (6) pelo Instituto Brasileiro de Geografia e Estat\u00edstica <strong>(IBGE)<\/strong>.<\/p>\t<div class=\"wrapper-featured-image\">\n\t\t<figure class=\"spotlightImg\">\n\n\t\t\t<picture>\n\t\t\t\t<source media=\"(max-width: 768px)\" srcset=\"https:\/\/files.sunoresearch.com.br\/n\/uploads\/2019\/08\/081e5da8-dinheiro-400x200.webp\">\n\t\t\t\t<img loading=\"lazy\" decoding=\"async\" class=\"newsContent__article__imgCapa lazyloadDisabled newsContent__article__imgCapa--noCaption\" src=\"https:\/\/files.sunoresearch.com.br\/n\/uploads\/2019\/08\/081e5da8-dinheiro-800x450.webp\" width=\"800\" height=\"450\" alt=\"IPCA desacelera a 0,11% em agosto ante alta de 0,19% em julho\" fetchpriority=high \/>\n\t\t\t<\/picture>\n\n\t\t\t<figcaption class=\"wp-caption-text wp-caption-text--hide\">O preg\u00e3o das taxas do Tesouro Direto funciona das 9h30 \u00e0s 18h.<\/figcaption>\n\t\t<\/figure>\n\t<\/div>\n\n\n\n<p>A meta do governo no acumulado para o ano \u00e9 de 4,25%. At\u00e9 o momento, o <strong>IPCA<\/strong> atingiu 3,43% em 12 meses. Os 12 meses imediatamente anteriores ao desse valor ficaram em 3,22%. Em agosto do ano passado, a defla\u00e7\u00e3o foi de 0,09%.<\/p>\n<p>\u201cEsse avan\u00e7o [no acumulado em 12 meses] de 3,22 para 3,43% \u00e9 justamente porque saiu dessa s\u00e9rie de 12 meses a <a href=\"https:\/\/www.suno.com.br\/artigos\/deflacao\/\"><strong>defla\u00e7\u00e3o<\/strong><\/a> registrada em agosto do ano passado\u201d, analisou o gerente do Sistema Nacional de \u00cdndices de Pre\u00e7os do IBGE, Pedro Kislanov da Costa.<\/p>\n\t<p>\n\t\t<a href=\"https:\/\/lp.suno.com.br\/4-emissao-snel11\/\" target=\"_blank\" data-element=\"shortcode-suno-banner\" title=\"Banner SUNO, clique e saiba mais\">\n\t\t\t<picture>\n\t\t\t\t<source media=\"(max-width: 500px)\" srcset=\"https:\/\/files.sunoresearch.com.br\/n\/uploads\/2025\/07\/400x300-Mobile-Artigos-7.webp\">\n\t\t\t\t<img class=\"newsContent__article__imgCapa newsContent__article__imgCapa--banner\"\n\t\t\t\t\tsrc=\"https:\/\/files.sunoresearch.com.br\/n\/uploads\/2025\/07\/1420x240-Banner-Artigos-1-_-Banner-Materias-5.webp\"\n\t\t\t\t\tdata-promo-id=\"613822\"\t\t\t\t\t\t\t\t\t\twidth='1420' height='240'\t\t\t\t\talt=\"https:\/\/files.sunoresearch.com.br\/n\/uploads\/2025\/07\/1420x240-Banner-Artigos-1-_-Banner-Materias-5.webp\"\n\t\t\t\t>\n\t\t\t<\/picture>\n\t\t<\/a>\n\t<\/p>\n\n\n<p>De julho para agosto, tr\u00eas grupos de produtos e servi\u00e7os registraram uma defla\u00e7\u00e3o, de acordo com dados do IBGE.<\/p>\n<p>Veja os grupos com maiores baixas de pre\u00e7os:<\/p>\n<ul>\n<li>Alimenta\u00e7\u00e3o e bebidas (-0,35%)<\/li>\n<li>Transportes (-0,39%)<\/li>\n<li>Sa\u00fade e cuidados pessoais (0,03%)<\/li>\n<\/ul>\n<p>Alguns itens pertencentes ao primeiro grupo listado acima registraram quedas significativas. S\u00e3o eles:<\/p>\n<ul>\n<li>tomate (-24,49%);<\/li>\n<li>batata-inglesa (-9,11%);<\/li>\n<li>hortali\u00e7as e verduras (-6,53%);<\/li>\n<li>carnes (-0,75%).<\/li>\n<\/ul>\n<p>No agrupamento de transportes, os indicadores que tiveram maiores baixas nos pre\u00e7os foram:<\/p>\n<ul>\n<li>passagens a\u00e9reas (-15,66%);<\/li>\n<li>gasolina (-0,45%);<\/li>\n<li>\u00f3leo diesel (-0,76%).<\/li>\n<\/ul>\n<p>Confira a infla\u00e7\u00e3o dos principais grupos pesquisados pelo IBGE em agosto:<\/p>\n<ul>\n<li>Alimenta\u00e7\u00e3o e Bebidas: -0,35%<\/li>\n<li>Habita\u00e7\u00e3o: 1,19%<\/li>\n<li>Artigos de Resid\u00eancia: 0,56%<\/li>\n<li>Vestu\u00e1rio: 0,23%<\/li>\n<li>Transportes: -0,39%<\/li>\n<li>Sa\u00fade e Cuidados Pessoais: -0,03%<\/li>\n<li>Despesas Pessoais: 0,31%<\/li>\n<li>Educa\u00e7\u00e3o: 0,16%<\/li>\n<li>Comunica\u00e7\u00e3o: 0,09%<\/li>\n<\/ul>\n<p>O \u00edndice de habita\u00e7\u00e3o foi o que mais teve impacto no \u00edndice geral, com 0,19%.<\/p>\n<h2>Meta de infla\u00e7\u00e3o do ano<\/h2>\n<p>A meta de infla\u00e7\u00e3o do <a href=\"https:\/\/www.suno.com.br\/artigos\/cmn-conselho-monetario-nacional\/\">Conselho Monet\u00e1rio Nacional (CMN)<\/a> para 2019 \u00e9 de 4,25%. Para conseguir chegar ao objetivo, o Banco Central controla a taxa b\u00e1sica de juros (Selic).<\/p>\n<p><a href=\"https:\/\/www.suno.com.br\/noticias\/vale-bsgr-disputa-corrupcao-londres-inglaterra\/\">Veja tamb\u00e9m: Vale disputa US$ 1,2 bilh\u00e3o na justi\u00e7a da Inglaterra<\/a><\/p>\n<p>Especialista de algumas institui\u00e7\u00f5es financeiras estimam que a infla\u00e7\u00e3o terminar\u00e1 o ano abaixo do esperado pelo governo, com uma taxa aproximada de 3,59%.<\/p>\n<p>Para o ano que vem, <a href=\"https:\/\/www.youtube.com\/watch?v=nK8EIk2LLCE\">analistas<\/a> esperam a infla\u00e7\u00e3o em 3,85%. A meta central para 2020 \u00e9 de 4% e pode ser atingida, caso o <strong>IPCA<\/strong> permane\u00e7a entre 2,5% e 5,5%.<\/p>\n","protected":false},"excerpt":{"rendered":"<p>O \u00cdndice Nacional de Pre\u00e7os ao Consumidor Amplo (IPCA) diminuiu para 0,11% em agosto. No m\u00eas de julho, o \u00edndice registrou uma alta de 0,19%. Os dados foram divulgados na manh\u00e3 desta sexta-feira (6) pelo Instituto Brasileiro de Geografia e Estat\u00edstica (IBGE). O preg\u00e3o das taxas do Tesouro Direto funciona das 9h30 \u00e0s 18h. A [&hellip;]<\/p>\n","protected":false},"author":19,"featured_media":33468,"comment_status":"closed","ping_status":"closed","sticky":false,"template":"","format":"standard","meta":[],"categories":[62],"tags":[850,966,290],"suno_strategy":[],"class_list":["post-36697","post","type-post","status-publish","format-standard","has-post-thumbnail","hentry","category-economia","tag-inflacao","tag-ipca","tag-taxa-selic"],"yoast_head":"<!-- This site is optimized with the Yoast SEO plugin v24.4 - https:\/\/yoast.com\/wordpress\/plugins\/seo\/ -->\n<title>IPCA desacelera a 0,11% em agosto ante alta de 0,19% em julho<\/title>\n<meta name=\"description\" content=\"O \u00cdndice Nacional de Pre\u00e7os ao Consumidor Amplo (IPCA) diminuiu para 0,11% em agosto. Clique aqui para saber mais.\" \/>\n<meta name=\"robots\" content=\"index, follow, max-snippet:-1, max-image-preview:large, max-video-preview:-1\" \/>\n<link rel=\"canonical\" href=\"https:\/\/www.suno.com.br\/noticias\/ipca-desacelera-011-agosto-ante-alta-de-019-em-julho\/\" \/>\n<meta property=\"og:locale\" content=\"pt_BR\" \/>\n<meta property=\"og:type\" content=\"article\" \/>\n<meta property=\"og:title\" content=\"IPCA desacelera a 0,11% em agosto ante alta de 0,19% em julho\" \/>\n<meta property=\"og:description\" content=\"O \u00cdndice Nacional de Pre\u00e7os ao Consumidor Amplo (IPCA) diminuiu para 0,11% em agosto. Clique aqui para saber mais.\" \/>\n<meta property=\"og:url\" content=\"https:\/\/www.suno.com.br\/noticias\/ipca-desacelera-011-agosto-ante-alta-de-019-em-julho\/\" \/>\n<meta property=\"og:site_name\" content=\"Suno Not\u00edcias\" \/>\n<meta property=\"article:publisher\" content=\"https:\/\/facebook.com\/sunoresearch\" \/>\n<meta property=\"og:image\" content=\"https:\/\/files.sunoresearch.com.br\/n\/uploads\/2019\/08\/081e5da8-dinheiro.jpg\" \/>\n\t<meta property=\"og:image:width\" content=\"1280\" \/>\n\t<meta property=\"og:image:height\" content=\"640\" \/>\n\t<meta property=\"og:image:type\" content=\"image\/jpeg\" \/>\n<meta name=\"author\" content=\"Juliano Passaro\" \/>\n<meta name=\"twitter:card\" content=\"summary_large_image\" \/>\n<meta name=\"twitter:creator\" content=\"@sunoresearch\" \/>\n<meta name=\"twitter:site\" content=\"@sunoresearch\" \/>\n<meta name=\"twitter:label1\" content=\"Escrito por\" \/>\n\t<meta name=\"twitter:data1\" content=\"Juliano Passaro\" \/>\n\t<meta name=\"twitter:label2\" content=\"Est. tempo de leitura\" \/>\n\t<meta name=\"twitter:data2\" content=\"2 minutos\" \/>\n<script type=\"application\/ld+json\" class=\"yoast-schema-graph\">{\"@context\":\"https:\/\/schema.org\",\"@graph\":[{\"@type\":\"NewsArticle\",\"@id\":\"https:\/\/www.suno.com.br\/noticias\/ipca-desacelera-011-agosto-ante-alta-de-019-em-julho\/#article\",\"isPartOf\":{\"@id\":\"https:\/\/www.suno.com.br\/noticias\/ipca-desacelera-011-agosto-ante-alta-de-019-em-julho\/\"},\"author\":{\"name\":\"Juliano Passaro\",\"@id\":\"https:\/\/www.suno.com.br\/noticias\/#\/schema\/person\/1db762f78ffd8919a648a63e425953e3\"},\"headline\":\"IPCA desacelera a 0,11% em agosto ante alta de 0,19% em julho\",\"datePublished\":\"2019-09-06T15:15:15+00:00\",\"dateModified\":\"2021-02-18T20:23:54+00:00\",\"mainEntityOfPage\":{\"@id\":\"https:\/\/www.suno.com.br\/noticias\/ipca-desacelera-011-agosto-ante-alta-de-019-em-julho\/\"},\"wordCount\":381,\"publisher\":{\"@id\":\"https:\/\/www.suno.com.br\/noticias\/#organization\"},\"image\":{\"@id\":\"https:\/\/www.suno.com.br\/noticias\/ipca-desacelera-011-agosto-ante-alta-de-019-em-julho\/#primaryimage\"},\"thumbnailUrl\":\"https:\/\/files.sunoresearch.com.br\/n\/uploads\/2019\/08\/081e5da8-dinheiro-jpg.webp\",\"keywords\":[\"infla\u00e7\u00e3o\",\"IPCA\",\"Taxa Selic\"],\"articleSection\":[\"Economia\"],\"inLanguage\":\"pt-BR\"},{\"@type\":\"WebPage\",\"@id\":\"https:\/\/www.suno.com.br\/noticias\/ipca-desacelera-011-agosto-ante-alta-de-019-em-julho\/\",\"url\":\"https:\/\/www.suno.com.br\/noticias\/ipca-desacelera-011-agosto-ante-alta-de-019-em-julho\/\",\"name\":\"IPCA desacelera a 0,11% em agosto ante alta de 0,19% em julho\",\"isPartOf\":{\"@id\":\"https:\/\/www.suno.com.br\/noticias\/#website\"},\"primaryImageOfPage\":{\"@id\":\"https:\/\/www.suno.com.br\/noticias\/ipca-desacelera-011-agosto-ante-alta-de-019-em-julho\/#primaryimage\"},\"image\":{\"@id\":\"https:\/\/www.suno.com.br\/noticias\/ipca-desacelera-011-agosto-ante-alta-de-019-em-julho\/#primaryimage\"},\"thumbnailUrl\":\"https:\/\/files.sunoresearch.com.br\/n\/uploads\/2019\/08\/081e5da8-dinheiro-jpg.webp\",\"datePublished\":\"2019-09-06T15:15:15+00:00\",\"dateModified\":\"2021-02-18T20:23:54+00:00\",\"description\":\"O \u00cdndice Nacional de Pre\u00e7os ao Consumidor Amplo (IPCA) diminuiu para 0,11% em agosto. Clique aqui para saber mais.\",\"breadcrumb\":{\"@id\":\"https:\/\/www.suno.com.br\/noticias\/ipca-desacelera-011-agosto-ante-alta-de-019-em-julho\/#breadcrumb\"},\"inLanguage\":\"pt-BR\",\"potentialAction\":[{\"@type\":\"ReadAction\",\"target\":[\"https:\/\/www.suno.com.br\/noticias\/ipca-desacelera-011-agosto-ante-alta-de-019-em-julho\/\"]}]},{\"@type\":\"ImageObject\",\"inLanguage\":\"pt-BR\",\"@id\":\"https:\/\/www.suno.com.br\/noticias\/ipca-desacelera-011-agosto-ante-alta-de-019-em-julho\/#primaryimage\",\"url\":\"https:\/\/files.sunoresearch.com.br\/n\/uploads\/2019\/08\/081e5da8-dinheiro-jpg.webp\",\"contentUrl\":\"https:\/\/files.sunoresearch.com.br\/n\/uploads\/2019\/08\/081e5da8-dinheiro-jpg.webp\",\"width\":1280,\"height\":640,\"caption\":\"O preg\u00e3o das taxas do Tesouro Direto funciona das 9h30 \u00e0s 18h.\"},{\"@type\":\"BreadcrumbList\",\"@id\":\"https:\/\/www.suno.com.br\/noticias\/ipca-desacelera-011-agosto-ante-alta-de-019-em-julho\/#breadcrumb\",\"itemListElement\":[{\"@type\":\"ListItem\",\"position\":1,\"name\":\"Not\u00edcias\",\"item\":\"https:\/\/www.suno.com.br\/noticias\/\"},{\"@type\":\"ListItem\",\"position\":2,\"name\":\"Economia\",\"item\":\"https:\/\/www.suno.com.br\/noticias\/economia\/\"},{\"@type\":\"ListItem\",\"position\":3,\"name\":\"IPCA desacelera a 0,11% em agosto ante alta de 0,19% em julho\"}]},{\"@type\":\"WebSite\",\"@id\":\"https:\/\/www.suno.com.br\/noticias\/#website\",\"url\":\"https:\/\/www.suno.com.br\/noticias\/\",\"name\":\"Suno Not\u00edcias\",\"description\":\"Seu portal de informa\u00e7\u00e3o sobre o mundo dos investimentos\",\"publisher\":{\"@id\":\"https:\/\/www.suno.com.br\/noticias\/#organization\"},\"potentialAction\":[{\"@type\":\"SearchAction\",\"target\":{\"@type\":\"EntryPoint\",\"urlTemplate\":\"https:\/\/www.suno.com.br\/noticias\/?s={search_term_string}\"},\"query-input\":{\"@type\":\"PropertyValueSpecification\",\"valueRequired\":true,\"valueName\":\"search_term_string\"}}],\"inLanguage\":\"pt-BR\"},{\"@type\":\"Organization\",\"@id\":\"https:\/\/www.suno.com.br\/noticias\/#organization\",\"name\":\"Suno Not\u00edcias\",\"url\":\"https:\/\/www.suno.com.br\/noticias\/\",\"logo\":{\"@type\":\"ImageObject\",\"inLanguage\":\"pt-BR\",\"@id\":\"https:\/\/www.suno.com.br\/noticias\/#\/schema\/logo\/image\/\",\"url\":\"https:\/\/files.sunoresearch.com.br\/n\/uploads\/2021\/09\/suno-logo.png\",\"contentUrl\":\"https:\/\/files.sunoresearch.com.br\/n\/uploads\/2021\/09\/suno-logo.png\",\"width\":180,\"height\":180,\"caption\":\"Suno Not\u00edcias\"},\"image\":{\"@id\":\"https:\/\/www.suno.com.br\/noticias\/#\/schema\/logo\/image\/\"},\"sameAs\":[\"https:\/\/facebook.com\/sunoresearch\",\"https:\/\/x.com\/sunoresearch\",\"https:\/\/www.instagram.com\/suno\",\"https:\/\/www.linkedin.com\/company\/suno-research\/\",\"https:\/\/www.youtube.com\/c\/sunoresearch\"]},{\"@type\":\"Person\",\"@id\":\"https:\/\/www.suno.com.br\/noticias\/#\/schema\/person\/1db762f78ffd8919a648a63e425953e3\",\"name\":\"Juliano Passaro\",\"image\":{\"@type\":\"ImageObject\",\"inLanguage\":\"pt-BR\",\"@id\":\"https:\/\/www.suno.com.br\/noticias\/#\/schema\/person\/image\/\",\"url\":\"https:\/\/secure.gravatar.com\/avatar\/743d4df28eebf6dcc46b4ad03c319e92?s=96&r=g\",\"contentUrl\":\"https:\/\/secure.gravatar.com\/avatar\/743d4df28eebf6dcc46b4ad03c319e92?s=96&r=g\",\"caption\":\"Juliano Passaro\"},\"description\":\"Juliano Passaro escreve sobre pol\u00edtica, economia e neg\u00f3cios para o portal da Suno Research. Antes da Suno, trabalhou no Portal da Band. \u00c9 formado em jornalismo pela Universidade Presbiteriana Mackenzie.\",\"url\":\"https:\/\/www.suno.com.br\/noticias\/author\/juliano\/\"}]}<\/script>\n<!-- \/ Yoast SEO plugin. -->","yoast_head_json":{"title":"IPCA desacelera a 0,11% em agosto ante alta de 0,19% em julho","description":"O \u00cdndice Nacional de Pre\u00e7os ao Consumidor Amplo (IPCA) diminuiu para 0,11% em agosto. Clique aqui para saber mais.","robots":{"index":"index","follow":"follow","max-snippet":"max-snippet:-1","max-image-preview":"max-image-preview:large","max-video-preview":"max-video-preview:-1"},"canonical":"https:\/\/www.suno.com.br\/noticias\/ipca-desacelera-011-agosto-ante-alta-de-019-em-julho\/","og_locale":"pt_BR","og_type":"article","og_title":"IPCA desacelera a 0,11% em agosto ante alta de 0,19% em julho","og_description":"O \u00cdndice Nacional de Pre\u00e7os ao Consumidor Amplo (IPCA) diminuiu para 0,11% em agosto. Clique aqui para saber mais.","og_url":"https:\/\/www.suno.com.br\/noticias\/ipca-desacelera-011-agosto-ante-alta-de-019-em-julho\/","og_site_name":"Suno Not\u00edcias","article_publisher":"https:\/\/facebook.com\/sunoresearch","og_image":[{"width":1280,"height":640,"url":"https:\/\/files.sunoresearch.com.br\/n\/uploads\/2019\/08\/081e5da8-dinheiro.jpg","type":"image\/jpeg"}],"author":"Juliano Passaro","twitter_card":"summary_large_image","twitter_creator":"@sunoresearch","twitter_site":"@sunoresearch","twitter_misc":{"Escrito por":"Juliano Passaro","Est. tempo de leitura":"2 minutos"},"schema":{"@context":"https:\/\/schema.org","@graph":[{"@type":"NewsArticle","@id":"https:\/\/www.suno.com.br\/noticias\/ipca-desacelera-011-agosto-ante-alta-de-019-em-julho\/#article","isPartOf":{"@id":"https:\/\/www.suno.com.br\/noticias\/ipca-desacelera-011-agosto-ante-alta-de-019-em-julho\/"},"author":{"name":"Juliano Passaro","@id":"https:\/\/www.suno.com.br\/noticias\/#\/schema\/person\/1db762f78ffd8919a648a63e425953e3"},"headline":"IPCA desacelera a 0,11% em agosto ante alta de 0,19% em julho","datePublished":"2019-09-06T15:15:15+00:00","dateModified":"2021-02-18T20:23:54+00:00","mainEntityOfPage":{"@id":"https:\/\/www.suno.com.br\/noticias\/ipca-desacelera-011-agosto-ante-alta-de-019-em-julho\/"},"wordCount":381,"publisher":{"@id":"https:\/\/www.suno.com.br\/noticias\/#organization"},"image":{"@id":"https:\/\/www.suno.com.br\/noticias\/ipca-desacelera-011-agosto-ante-alta-de-019-em-julho\/#primaryimage"},"thumbnailUrl":"https:\/\/files.sunoresearch.com.br\/n\/uploads\/2019\/08\/081e5da8-dinheiro-jpg.webp","keywords":["infla\u00e7\u00e3o","IPCA","Taxa Selic"],"articleSection":["Economia"],"inLanguage":"pt-BR"},{"@type":"WebPage","@id":"https:\/\/www.suno.com.br\/noticias\/ipca-desacelera-011-agosto-ante-alta-de-019-em-julho\/","url":"https:\/\/www.suno.com.br\/noticias\/ipca-desacelera-011-agosto-ante-alta-de-019-em-julho\/","name":"IPCA desacelera a 0,11% em agosto ante alta de 0,19% em julho","isPartOf":{"@id":"https:\/\/www.suno.com.br\/noticias\/#website"},"primaryImageOfPage":{"@id":"https:\/\/www.suno.com.br\/noticias\/ipca-desacelera-011-agosto-ante-alta-de-019-em-julho\/#primaryimage"},"image":{"@id":"https:\/\/www.suno.com.br\/noticias\/ipca-desacelera-011-agosto-ante-alta-de-019-em-julho\/#primaryimage"},"thumbnailUrl":"https:\/\/files.sunoresearch.com.br\/n\/uploads\/2019\/08\/081e5da8-dinheiro-jpg.webp","datePublished":"2019-09-06T15:15:15+00:00","dateModified":"2021-02-18T20:23:54+00:00","description":"O \u00cdndice Nacional de Pre\u00e7os ao Consumidor Amplo (IPCA) diminuiu para 0,11% em agosto. Clique aqui para saber mais.","breadcrumb":{"@id":"https:\/\/www.suno.com.br\/noticias\/ipca-desacelera-011-agosto-ante-alta-de-019-em-julho\/#breadcrumb"},"inLanguage":"pt-BR","potentialAction":[{"@type":"ReadAction","target":["https:\/\/www.suno.com.br\/noticias\/ipca-desacelera-011-agosto-ante-alta-de-019-em-julho\/"]}]},{"@type":"ImageObject","inLanguage":"pt-BR","@id":"https:\/\/www.suno.com.br\/noticias\/ipca-desacelera-011-agosto-ante-alta-de-019-em-julho\/#primaryimage","url":"https:\/\/files.sunoresearch.com.br\/n\/uploads\/2019\/08\/081e5da8-dinheiro-jpg.webp","contentUrl":"https:\/\/files.sunoresearch.com.br\/n\/uploads\/2019\/08\/081e5da8-dinheiro-jpg.webp","width":1280,"height":640,"caption":"O preg\u00e3o das taxas do Tesouro Direto funciona das 9h30 \u00e0s 18h."},{"@type":"BreadcrumbList","@id":"https:\/\/www.suno.com.br\/noticias\/ipca-desacelera-011-agosto-ante-alta-de-019-em-julho\/#breadcrumb","itemListElement":[{"@type":"ListItem","position":1,"name":"Not\u00edcias","item":"https:\/\/www.suno.com.br\/noticias\/"},{"@type":"ListItem","position":2,"name":"Economia","item":"https:\/\/www.suno.com.br\/noticias\/economia\/"},{"@type":"ListItem","position":3,"name":"IPCA desacelera a 0,11% em agosto ante alta de 0,19% em julho"}]},{"@type":"WebSite","@id":"https:\/\/www.suno.com.br\/noticias\/#website","url":"https:\/\/www.suno.com.br\/noticias\/","name":"Suno Not\u00edcias","description":"Seu portal de informa\u00e7\u00e3o sobre o mundo dos investimentos","publisher":{"@id":"https:\/\/www.suno.com.br\/noticias\/#organization"},"potentialAction":[{"@type":"SearchAction","target":{"@type":"EntryPoint","urlTemplate":"https:\/\/www.suno.com.br\/noticias\/?s={search_term_string}"},"query-input":{"@type":"PropertyValueSpecification","valueRequired":true,"valueName":"search_term_string"}}],"inLanguage":"pt-BR"},{"@type":"Organization","@id":"https:\/\/www.suno.com.br\/noticias\/#organization","name":"Suno Not\u00edcias","url":"https:\/\/www.suno.com.br\/noticias\/","logo":{"@type":"ImageObject","inLanguage":"pt-BR","@id":"https:\/\/www.suno.com.br\/noticias\/#\/schema\/logo\/image\/","url":"https:\/\/files.sunoresearch.com.br\/n\/uploads\/2021\/09\/suno-logo.png","contentUrl":"https:\/\/files.sunoresearch.com.br\/n\/uploads\/2021\/09\/suno-logo.png","width":180,"height":180,"caption":"Suno Not\u00edcias"},"image":{"@id":"https:\/\/www.suno.com.br\/noticias\/#\/schema\/logo\/image\/"},"sameAs":["https:\/\/facebook.com\/sunoresearch","https:\/\/x.com\/sunoresearch","https:\/\/www.instagram.com\/suno","https:\/\/www.linkedin.com\/company\/suno-research\/","https:\/\/www.youtube.com\/c\/sunoresearch"]},{"@type":"Person","@id":"https:\/\/www.suno.com.br\/noticias\/#\/schema\/person\/1db762f78ffd8919a648a63e425953e3","name":"Juliano Passaro","image":{"@type":"ImageObject","inLanguage":"pt-BR","@id":"https:\/\/www.suno.com.br\/noticias\/#\/schema\/person\/image\/","url":"https:\/\/secure.gravatar.com\/avatar\/743d4df28eebf6dcc46b4ad03c319e92?s=96&r=g","contentUrl":"https:\/\/secure.gravatar.com\/avatar\/743d4df28eebf6dcc46b4ad03c319e92?s=96&r=g","caption":"Juliano Passaro"},"description":"Juliano Passaro escreve sobre pol\u00edtica, economia e neg\u00f3cios para o portal da Suno Research. Antes da Suno, trabalhou no Portal da Band. \u00c9 formado em jornalismo pela Universidade Presbiteriana Mackenzie.","url":"https:\/\/www.suno.com.br\/noticias\/author\/juliano\/"}]}},"default_loop_html":"<div class=\"cardsPage__listCard__boxs\"><div class=\"cardsPage__listCard__boxs__img\"><a href=\"https:\/\/www.suno.com.br\/noticias\/ipca-desacelera-011-agosto-ante-alta-de-019-em-julho\/\"><img class=\"mask\" src=\"https:\/\/www.suno.com.br\/noticias\/wp-content\/themes\/suno\/resources\/images\/spotlight\/spotlight1img\/bg-mask.png\" alt=\"Image Mask\"\/><img src=\"https:\/\/files.sunoresearch.com.br\/n\/uploads\/2019\/08\/081e5da8-dinheiro-400x200.webp\" alt=\"IPCA desacelera a 0,11% em agosto ante alta de 0,19% em julho\"\/><\/a><span class=\"spotlightCategory\"><a href=\"https:\/\/www.suno.com.br\/noticias\/economia\/\">Economia<\/a><\/span><\/div><div class=\"cardsPage__listCard__boxs__content\"><a href=\"https:\/\/www.suno.com.br\/noticias\/ipca-desacelera-011-agosto-ante-alta-de-019-em-julho\/\"><h2 class=\"content__title\">IPCA desacelera a 0,11% em agosto ante alta de 0,19% em julho<\/h2><\/a><div class=\"newsContent__article__meta\"><div class=\"newsContent__article__meta__authorBox\"><a href=\"https:\/\/www.suno.com.br\/noticias\/author\/juliano\/\" class=\"authorBox__avatar noMobi\"><img src=\"https:\/\/files.sunoresearch.com.br\/n\/uploads\/2019\/06\/7cc3efea-whatsapp-image-2019-07-18-at-21.59.33-e1563499821209-150x150.webp\" alt=\"Juliano Passaro\"><\/a><div class=\"authorBox__name\"><span>por\n\t\t\t<a href=\"https:\/\/www.suno.com.br\/noticias\/author\/juliano\/\"><span itemprop=\"author\">Juliano Passaro<\/span><\/a><\/span><time datetime=\"2019-09-06T12:15:15-03:00\" itemprop=\"datePublished\">06\/09\/2019 12:15<\/time><\/div><\/div><\/div><\/div><\/div>","single_layout":"posts","amp_enabled":true,"_links":{"self":[{"href":"https:\/\/www.suno.com.br\/noticias\/wp-json\/wp\/v2\/posts\/36697"}],"collection":[{"href":"https:\/\/www.suno.com.br\/noticias\/wp-json\/wp\/v2\/posts"}],"about":[{"href":"https:\/\/www.suno.com.br\/noticias\/wp-json\/wp\/v2\/types\/post"}],"author":[{"embeddable":true,"href":"https:\/\/www.suno.com.br\/noticias\/wp-json\/wp\/v2\/users\/19"}],"replies":[{"embeddable":true,"href":"https:\/\/www.suno.com.br\/noticias\/wp-json\/wp\/v2\/comments?post=36697"}],"version-history":[{"count":0,"href":"https:\/\/www.suno.com.br\/noticias\/wp-json\/wp\/v2\/posts\/36697\/revisions"}],"wp:featuredmedia":[{"embeddable":true,"href":"https:\/\/www.suno.com.br\/noticias\/wp-json\/wp\/v2\/media\/33468"}],"wp:attachment":[{"href":"https:\/\/www.suno.com.br\/noticias\/wp-json\/wp\/v2\/media?parent=36697"}],"wp:term":[{"taxonomy":"category","embeddable":true,"href":"https:\/\/www.suno.com.br\/noticias\/wp-json\/wp\/v2\/categories?post=36697"},{"taxonomy":"post_tag","embeddable":true,"href":"https:\/\/www.suno.com.br\/noticias\/wp-json\/wp\/v2\/tags?post=36697"},{"taxonomy":"suno_strategy","embeddable":true,"href":"https:\/\/www.suno.com.br\/noticias\/wp-json\/wp\/v2\/suno_strategy?post=36697"}],"curies":[{"name":"wp","href":"https:\/\/api.w.org\/{rel}","templated":true}]}}