{"id":366872,"date":"2023-02-24T08:00:00","date_gmt":"2023-02-24T11:00:00","guid":{"rendered":"https:\/\/www.suno.com.br\/noticias\/?p=366872"},"modified":"2023-02-24T13:39:42","modified_gmt":"2023-02-24T16:39:42","slug":"noticias-guerra-ucrania-ano-inflacao-economia-fragil","status":"publish","type":"post","link":"https:\/\/www.suno.com.br\/noticias\/noticias-guerra-ucrania-ano-inflacao-economia-fragil\/","title":{"rendered":"Um ano de guerra na Ucr\u00e2nia: como o conflito deixou a economia global fragilizada, com  perdas de at\u00e9 US$ 2,8 tri"},"content":{"rendered":"<p>Nesta sexta-feira (24), faz um ano desde que a R\u00fassia invadiu o pa\u00eds vizinho e iniciou a<strong> guerra na Ucr\u00e2nia<\/strong>. Seria uma a\u00e7\u00e3o \u201crel\u00e2mpago\u201d para ocupar o territ\u00f3rio <a href=\"https:\/\/www.suno.com.br\/noticias\/maior-usina-nuclear-bombardeada-ucrania-russia\/\" target=\"_blank\" rel=\"noreferrer noopener\"><strong>ucraniano<\/strong><\/a>. A previs\u00e3o era de que a opera\u00e7\u00e3o fosse r\u00e1pida, mas o conflito j\u00e1 se estende por doze meses, deixando milhares de mortes. A guerra, que matou civis e militares, mexeu com a economia no mundo todo \u2014 e seus efeitos v\u00e3o desde a crise de refugiados at\u00e9 eleva\u00e7\u00e3o dos \u00edndices de infla\u00e7\u00e3o e mudan\u00e7as dr\u00e1sticas do com\u00e9rcio internacional de commodities e insumos.   &nbsp;<\/p>\t<div class=\"wrapper-featured-image\">\n\t\t<figure class=\"spotlightImg\">\n\n\t\t\t<picture>\n\t\t\t\t<source media=\"(max-width: 768px)\" srcset=\"https:\/\/files.sunoresearch.com.br\/n\/uploads\/2023\/02\/guerra-ucrania-um-ano-400x200.jpg\">\n\t\t\t\t<img loading=\"lazy\" decoding=\"async\" class=\"newsContent__article__imgCapa lazyloadDisabled \" src=\"https:\/\/files.sunoresearch.com.br\/n\/uploads\/2023\/02\/guerra-ucrania-um-ano-800x450.jpg\" width=\"800\" height=\"450\" alt=\"Um ano de guerra na Ucr\u00e2nia: como o conflito deixou a economia global fragilizada, com  perdas de at\u00e9 US$ 2,8 tri\" fetchpriority=high \/>\n\t\t\t<\/picture>\n\n\t\t\t<figcaption class=\"wp-caption-text wp-caption-text--show\">L\u00edder de grupo ligado a Putin acusa generais russos. Foto: Shutterstock<\/figcaption>\n\t\t<\/figure>\n\t<\/div>\n\n\n\n\n\n\t<p>\n\t\t<a href=\"\" target=\"_blank\" data-element=\"shortcode-suno-banner\" title=\"Banner SUNO, clique e saiba mais\">\n\t\t\t<picture>\n\t\t\t\t<source media=\"(max-width: 500px)\" srcset=\"\">\n\t\t\t\t<img class=\"newsContent__article__imgCapa newsContent__article__imgCapa--banner\"\n\t\t\t\t\tsrc=\"\"\n\t\t\t\t\tdata-promo-id=\"240038\"\t\t\t\t\t\t\t\t\t\t\t\t\t\t\talt=\"\"\n\t\t\t\t>\n\t\t\t<\/picture>\n\t\t<\/a>\n\t<\/p>\n\n\n\n\n\n<p>Segundo os \u00faltimos dados divulgados pela Organiza\u00e7\u00e3o das Na\u00e7\u00f5es Unidas (ONU), que classifica a crise de refugiados ucranianos como a pior na <strong>Europa<\/strong> desde a Segunda Guerra Mundial, a <strong>ofensiva russa <\/strong>provocou a fuga de 18 milh\u00f5es de pessoas da Ucr\u00e2nia.<\/p>\n\n\n\n<p>Ainda conforme a ONU, mais de 7.000 civis morreram desde o come\u00e7o da <strong>guerra<\/strong> <strong>iniciada pela R\u00fassia<\/strong>. No entanto, a entidade ressalta a dificuldade de obter dados da regi\u00e3o e aponta que o n\u00famero de mortos \u00e9 muito maior. Segundo informa\u00e7\u00f5es do Ex\u00e9rcito Noruegu\u00eas, h\u00e1 cerca de<strong> <\/strong>300 mil mortos. Destes, 30.000 mil civis.&nbsp;<\/p>\n\n\n\n<h2 class=\"wp-block-heading\" id=\"h-guerra-na-ucrania-gera-crise-global\">Guerra na Ucr\u00e2nia gera crise global<\/h2>\n\n\n\n<p>Al\u00e9m da crise humanit\u00e1ria e de refugiados, o maior conflito armado desde a Segundo Guerra ampliou problemas sociais e econ\u00f4micos que j\u00e1 afetavam a Europa, EUA e pa\u00edses da Am\u00e9rica Latina em decorr\u00eancia da pandemia do coronav\u00edrus \u2014 afetando a cadeia de oferta e os <strong>mercados globais<\/strong>, pressionando a infla\u00e7\u00e3o do mundo todo.<\/p>\n\n\n\n<p>\u201c[A guerra] afetou praticamente todas as economias direta ou indiretamente por causa da quest\u00e3o energ\u00e9tica e de gr\u00e3os, que acabou por gerar um efeito em cascata de aumento de pre\u00e7os\u201d, afirmou Idean Alves, chefe da mesa de opera\u00e7\u00f5es da A\u00e7\u00e3o Brasil Investimentos, lembrando que a R\u00fassia era a principal fornecedora de energia e g\u00e1s natural da Europa.<\/p>\n\n\n\n<p>Somente em rela\u00e7\u00e3o ao g\u00e1s, a R\u00fassia era respons\u00e1vel por 41% do fornecimento para a Uni\u00e3o Europeia. O pa\u00eds exportava ainda a maior parte do carv\u00e3o do bloco, com 47% das vendas sob a sua tutela. Al\u00e9m disso, o pa\u00eds comandado por Vladimir Putin tamb\u00e9m era considerado o principal <strong>fornecedor de petr\u00f3leo<\/strong> da Europa, fornecendo 27% das importa\u00e7\u00f5es para a regi\u00e3o.&nbsp;Com as san\u00e7\u00f5es impostas \u00e0 R\u00fassia, o pa\u00eds passou a vender a commodity em maior volume \u00e0 China e \u00e0 \u00cdndia. <\/p>\n\n\n\n<p>Embora carv\u00e3o e petr\u00f3leo possam ser manejados sem afetar a cadeia de infraestrutura \u2014 j\u00e1 que podem ser enviados de qualquer lugar do mundo por navios \u2014 , existe toda uma infraestrutura para o recebimento de g\u00e1s. N\u00e3o pode ser facilmente desfeita de uma hora para a outra sem gerar instabilidades para os pa\u00edses. Assim, nem o comprador nem o fornecedor podem diversificar repentinamente \u2014 o que gerou a escassez do produto na regi\u00e3o e consequentemente a sua alta devido \u00e0 escassez.<\/p>\n\n\n\n<p>Entre os principais problemas sentidos em<a href=\"https:\/\/www.suno.com.br\/noticias\/banco-mundial-previsao-pibglobal-2023\/\" target=\"_blank\" rel=\"noreferrer noopener\"> termos globais<\/a> em fun\u00e7\u00e3o do conflito entre R\u00fassia e Ucr\u00e2nia, est\u00e1 o encarecimento dos alimentos e a infla\u00e7\u00e3o generalizados. O economista da XP Investimentos, Francisco Nobre, explica que a infla\u00e7\u00e3o j\u00e1 estava alta gra\u00e7as aos gargalos de produ\u00e7\u00e3o globais e um desequil\u00edbrio na oferta durante a pandemia.&nbsp;<\/p>\n\n\n\n<p>Entre 2020 e 2021, os Bancos Centrais ao redor de todo o mundo j\u00e1 come\u00e7avam a aumentar suas taxas de juros para frear a infla\u00e7\u00e3o \u2014 o que levaria a uma desacelera\u00e7\u00e3o global da economia. Com a guerra no <strong>territ\u00f3rio ucraniano<\/strong>, o mercado tentou precificar em tempo real o pre\u00e7o dos gr\u00e3os e fertilizantes, encarecendo n\u00e3o s\u00f3 a alimenta\u00e7\u00e3o b\u00e1sica, como tamb\u00e9m aumentando a infla\u00e7\u00e3o global, que, segundo a <strong><a href=\"https:\/\/www.suno.com.br\/noticias\/ucrania-ocde-membro\/\" target=\"_blank\" rel=\"noreferrer noopener\">Organiza\u00e7\u00e3o para a Coopera\u00e7\u00e3o e Desenvolvimento Econ\u00f4mico (OCDE<\/a><\/strong>), saltou de 4,4% para 9,3% em 2022. Em 2023, deve ficar em 6,8%.<\/p>\n\n\n\n<p>Diante deste cen\u00e1rio, as perspectivas de <strong>crescimento econ\u00f4mico<\/strong> tamb\u00e9m foram afetadas. Segundo informa\u00e7\u00f5es da OCDE, as estimativas de crescimento global ca\u00edram bruscamente de 3,9% para 1,5% em 2022. Para este ano, o recuo deve ser de 2,5% para 0,8%.<\/p>\n\n\n\n<p>O impacto foi ainda maior no pa\u00eds invadido, presidido por Volodymyr Zelensky. Nesta quinta-feira (23), dados divulgados pela Organiza\u00e7\u00e3o Mundial do Com\u00e9rcio (OMC) apontam que as <strong>exporta\u00e7\u00f5es da Ucr\u00e2nia<\/strong> registram queda de 30% durante 2022 em meio \u00e0 <strong>guerra com a R\u00fassia<\/strong>. Em contrapartida, as exporta\u00e7\u00f5es russas registraram alta de 15,6% neste mesmo ano.<\/p>\n\n\n\t<p>\n\t\t<a href=\"https:\/\/lp.suno.com.br\/planilha-controle-gastos\/\" target=\"_blank\" data-element=\"shortcode-suno-banner\" title=\"Banner SUNO, clique e saiba mais\">\n\t\t\t<picture>\n\t\t\t\t<source media=\"(max-width: 500px)\" srcset=\"https:\/\/files.sunoresearch.com.br\/n\/uploads\/2023\/03\/400x300-Planilha-controle-de-gastos.png\">\n\t\t\t\t<img class=\"newsContent__article__imgCapa newsContent__article__imgCapa--banner\"\n\t\t\t\t\tsrc=\"https:\/\/files.sunoresearch.com.br\/n\/uploads\/2023\/03\/1420x240-Planilha-controle-de-gastos.png\"\n\t\t\t\t\tdata-promo-id=\"101751\"\t\t\t\t\t\t\t\t\t\twidth='1420' height='240'\t\t\t\t\talt=\"https:\/\/files.sunoresearch.com.br\/n\/uploads\/2023\/03\/1420x240-Planilha-controle-de-gastos.png\"\n\t\t\t\t>\n\t\t\t<\/picture>\n\t\t<\/a>\n\t<\/p>\n\n\n\n\n\n\t<div data-element=\"shortcode-read-more\" class=\"readToo\">\n\t\t\t\t<span class=\"readToo__title\">Leia mais<\/span>\n\t\t\t\t<ul class=\"readToo__list\">\n\t\t\t<li><a href=\"https:\/\/www.suno.com.br\/noticias\/cba-cbav3-guerra-ucrania-sancoes-russia-acoes\/\">CBA (CBAV3): guerra na Ucr\u00e2nia e san\u00e7\u00f5es contra R\u00fassia movimentam a\u00e7\u00f5es<\/a><\/li><li><a href=\"https:\/\/www.suno.com.br\/noticias\/ucrania-plano-reconstrucao-750-bi-ativos-russia\/\">Ucr\u00e2nia anuncia plano de reconstru\u00e7\u00e3o do pa\u00eds com US$ 750 bilh\u00f5es em ativos confiscados da R\u00fassia<\/a><\/li><li><a href=\"https:\/\/www.suno.com.br\/noticias\/fertilizante-custa-tres-vezes-mais-guerra-ucrania\/\">Fertilizante custa tr\u00eas vezes mais ap\u00f3s Guerra na Ucr\u00e2nia; veja impactos<\/a><\/li>\t\t<\/ul>\n\t<\/div>\n\n\n\n\n<h2 class=\"wp-block-heading\">Alta das commodities<\/h2>\n\n\n\n<p>O maior salto, no entanto, ficou com o pre\u00e7o do barril de <a href=\"https:\/\/www.suno.com.br\/noticias\/petroleo-fecha-forte-alta-guerra-ucrania-longe-desfecho\/\" target=\"_blank\" rel=\"noreferrer noopener\">petr\u00f3leo brent<\/a>, que subiu 50% no in\u00edcio da guerra, rompendo os US$ 120 sem arrefecer do patamar dos US$ 100 por meses em fun\u00e7\u00e3o da <strong>tens\u00e3o crescente entre R\u00fassia e Ucr\u00e2nia<\/strong>. Neste cen\u00e1rio, houve uma alta do commodity em todo o mundo, aumentando o pre\u00e7o da gasolina para os consumidores finais.<\/p>\n\n\n\n<p>\u201cFoi preciso quase que um semestre para ele voltar a um patamar normal, o atual <strong>US$ 80,94<\/strong> o barril\u201d, destaca Idean Alves, ressaltando ainda que a situa\u00e7\u00e3o levou os mercados a perceber a import\u00e2ncia do investimento em energia limpa, para evitar que as&nbsp;economias fiquem ref\u00e9ns do petr\u00f3leo.<\/p>\n\n\n\n<p>Al\u00e9m do petr\u00f3leo, itens energ\u00e9ticos, produtos agr\u00edcolas e fertilizantes \u2014 e a Ucr\u00e2nia era uma das maiores produtoras do mundo \u2014 foram os que mais sofreram com a alta de pre\u00e7os.&nbsp;<\/p>\n\n\n\n<h2 class=\"wp-block-heading\">Poss\u00edvel recess\u00e3o nos Estados Unidos e Europa<\/h2>\n\n\n\n<p>O analista da XP explica que a <strong>alta do petr\u00f3leo<\/strong> gerou um aumento em toda a cadeia de produ\u00e7\u00e3o, fazendo com que os custos para os produtores aumentassem e que estes pre\u00e7os fossem repassados para a popula\u00e7\u00e3o. Com isso, os Bancos Centrais aumentaram os juros para frear a <a href=\"https:\/\/www.suno.com.br\/noticias\/zona-do-euro-inflacao-deflacao-dezembro\/\" target=\"_blank\" rel=\"noreferrer noopener\">infla\u00e7\u00e3o muito alta<\/a>.&nbsp;<\/p>\n\n\n\n<p>Embora o cen\u00e1rio tenha afetado todo o mundo, a zona do euro foi definitivamente a mais atingida, tanto pela proximidade geogr\u00e1fica, quanto pela depend\u00eancia do g\u00e1s natural \u2014 considerando que a R\u00fassia \u00e9 respons\u00e1vel por 41% do fornecimento da Uni\u00e3o Europeia \u2014 e da produ\u00e7\u00e3o energ\u00e9tica russa. Com isso, o poder aquisitivo dos europeus foi impactado e afetou o consumo, levando \u00e0 contra\u00e7\u00e3o da economia do bloco.&nbsp;<\/p>\n\n\n\n<p>Como consequ\u00eancia, a OCDE prev\u00ea que a <strong>guerra da R\u00fassia na Ucr\u00e2nia<\/strong> deve custar US$ 2,8 trilh\u00f5es de produ\u00e7\u00e3o perdida \u00e0 economia global at\u00e9 o final deste ano.&nbsp;<\/p>\n\n\n\n<p>Nos \u00faltimos meses, no entanto, a perspectiva quanto a economia da regi\u00e3o melhorou. \u201cUma quest\u00e3o que tem ajudado \u00e9 a melhora da crise energ\u00e9tica e os aux\u00edlios do governo\u201d, explica o analista da XP, referindo-se a medidas de incentivo para ajudar fam\u00edlias vulner\u00e1veis.&nbsp;Na Alemanha, por exemplo, o governo criou um pacote de at\u00e9 13 bilh\u00f5es de euros em 2022 para auxiliar cidad\u00e3os e empresas atingidos pelo aumento nos <strong>pre\u00e7os da energia<\/strong>. <\/p>\n\n\n\n<p>Assim, cada cidad\u00e3o recebeu 300 euros em pagamento \u00fanico e as empresas com alto gasto de energia, um valor na casa dos 3 bilh\u00f5es de euros em 2022. Para 2023, a expectativa \u00e9 de que o aux\u00edlio alcance 42,5 bilh\u00f5es de euros.<\/p>\n\n\n\n<p>Al\u00e9m disso, a reabertura da China ajudou a alavancar a exporta\u00e7\u00e3o dos pa\u00edses europeus e deve tamb\u00e9m aumentar a receita do bloco, com pa\u00edses como Fran\u00e7a considerados principais destinos tur\u00edsticos no ver\u00e3o para chineses.&nbsp;<\/p>\n\n\n\n<p>Mesmo com esta melhora, Nobre n\u00e3o descarta uma recess\u00e3o. \u201cHoje, estamos em uma economia em processo de reajuste. A perspectiva \u00e9 de uma desacelera\u00e7\u00e3o e at\u00e9 mesmo uma recess\u00e3o moderada nos Estados Unidos e na Europa como consequ\u00eancia da<a href=\"https:\/\/www.suno.com.br\/noticias\/bp-energy-b1pp34-investimentos-pre-sal\/\" target=\"_blank\" rel=\"noreferrer noopener\"> crise energ\u00e9tica<\/a> e dos juros elevados\u201d, explica, afirmando que provavelmente o Reino Unido, afetado tamb\u00e9m por quest\u00f5es econ\u00f4micas, deve entrar em recess\u00e3o.&nbsp;&nbsp;<\/p>\n\n\n\n<p>A taxa de infla\u00e7\u00e3o ao consumidor (CPI) acumulou uma alta consider\u00e1vel nos \u00faltimos meses e chegou ao patamar dos 10,6% na zona do euro em outubro de 2022. Somada a infla\u00e7\u00e3o com a crise energ\u00e9tica, os pre\u00e7os no final de 2022 chegaram a ficar 41,5% mais caros do que no mesmo per\u00edodo do ano anterior, quando n\u00e3o havia o <strong>cen\u00e1rio de guerra<\/strong>.<\/p>\n\n\n\n<p>Nos Estados Unidos, a infla\u00e7\u00e3o atingiu 9,1% em julho de 2022 \u2014 considerada at\u00edpica para o pa\u00eds e a maior em 41 anos. No Reino Unido, a infla\u00e7\u00e3o atingiu a maior taxa desde 1981, chegando os 11,1% em novembro, segundo o escrit\u00f3rio brit\u00e2nico de estat\u00edsticas.<\/p>\n\n\n\n<p>Outra dado que ganhou destaque nos \u00faltimos meses nos EUA foi a taxa de juros, que atualmente est\u00e1 na faixa dos 4,5% e 4,75% ao ano \u2014 uma ofensiva do Federal Reserve (Fed) para conter a infla\u00e7\u00e3o no pa\u00eds, considerada uma das mais altas historicamente. <\/p>\n\n\n\n<p>Os BCs na Europa foram pelo mesmo caminho. Na Zona do Euro, a taxa&nbsp;b\u00e1sica ficou em 2,5% e em 4% no Reino Unido.<\/p>\n\n\n\n\t<div data-element=\"shortcode-read-more\" class=\"readToo\">\n\t\t\t\t<span class=\"readToo__title\">Leia mais<\/span>\n\t\t\t\t<ul class=\"readToo__list\">\n\t\t\t<li><a href=\"https:\/\/www.suno.com.br\/noticias\/citi-vende-carteira-russia\/\">Citi vende carteira de empr\u00e9stimos na R\u00fassia<\/a><\/li><li><a href=\"https:\/\/www.suno.com.br\/noticias\/russia-corta-linha-gas-retomada-apos-retirada-sancoes\/\">R\u00fassia corta linha de g\u00e1s na Europa e s\u00f3 retomar\u00e1 distribui\u00e7\u00e3o ap\u00f3s retirada de san\u00e7\u00f5es<\/a><\/li><li><a href=\"https:\/\/www.suno.com.br\/noticias\/eua-g7-banir-ouro-russia\/\">Estados Unidos e outros pa\u00edses do G7 v\u00e3o banir importa\u00e7\u00f5es de ouro da R\u00fassia<\/a><\/li>\t\t<\/ul>\n\t<\/div>\n\n\n\n\n<figure class=\"wp-block-embed is-type-video is-provider-youtube wp-block-embed-youtube wp-embed-aspect-16-9 wp-has-aspect-ratio\"><div class=\"wp-block-embed__wrapper\">\n<iframe loading=\"lazy\" title=\"R\u00daSSIA VS. UCR\u00c2NIA: Entenda os impactos da GUERRA na economia\" width=\"1080\" height=\"608\" src=\"https:\/\/www.youtube.com\/embed\/-fpG4YoN2F0?feature=oembed&#038;enablejsapi=1&#038;origin=https:\/\/www.suno.com.br\" frameborder=\"0\" allow=\"accelerometer; autoplay; clipboard-write; encrypted-media; gyroscope; picture-in-picture; web-share\" allowfullscreen><\/iframe>\n<\/div><\/figure>\n\n\n\n<p>Nesse cen\u00e1rio, o c\u00e2mbio dos pa\u00edses emergentes sofreu com o <strong>conflito na Europa<\/strong>. Historicamente, em momentos de incerteza econ\u00f4mica, os investidores globais tendem a aportar em economias mais seguras, favorecendo o d\u00f3lar e levando moedas de emergentes, como as da Col\u00f4mbia e do Chile, a se desvalorizarem.<\/p>\n\n\n\n<p>Pa\u00edses como <a href=\"https:\/\/www.suno.com.br\/noticias\/guerra-da-ucrania-investimentos-esg\/\" target=\"_blank\" rel=\"noreferrer noopener\">R\u00fassia<\/a> e China, por exemplo, tamb\u00e9m deixaram de usar apenas o d\u00f3lar como reserva de valor &#8211; a R\u00fassia, claro, por causa tamb\u00e9m das san\u00e7\u00f5es impostas ao pa\u00eds. Isso fortaleceu a sua posi\u00e7\u00e3o em ouro e outros ativos para n\u00e3o depender dos Estados Unidos.<\/p>\n\n\n\n<h2 class=\"wp-block-heading\">Brasil frente \u00e0 guerra na Ucr\u00e2nia<\/h2>\n\n\n\n<p>O maior impacto no Brasil foi o aumento do pre\u00e7o do petr\u00f3leo brent, refer\u00eancia para a pol\u00edtica de pre\u00e7os da <a href=\"https:\/\/www.suno.com.br\/noticias\/petrobras-petr4-oleoduto-pontos-criticos\/\">Petrobras<\/a> (PETR4), afetando o consumidor final e encarecendo a produ\u00e7\u00e3o. Com um aumento que beirou a casa dos 40%, o pre\u00e7o do petr\u00f3leo pressionou ainda mais a infla\u00e7\u00e3o, que j\u00e1 era uma preocupa\u00e7\u00e3o para o pa\u00eds em decorr\u00eancia da pandemia.&nbsp;<\/p>\n\n\n\n<p>A infla\u00e7\u00e3o chegou ao patamar de 12% em abril de 2022, mas caiu de forma gradativa &#8211; muito em fun\u00e7\u00e3o da desonera\u00e7\u00e3o do pre\u00e7os dos combust\u00edveis -, enquanto o Banco Central (BC) aumentava a taxa de juros. O IPCA acabou <strong><a href=\"https:\/\/www.suno.com.br\/noticias\/ipca-dez-22-alta\/\">fechando o ano em 5,79%<\/a><\/strong>. Mesmo com o recuo, a taxa ainda ficou acima da meta estabelecida pelo \u00f3rg\u00e3o regulador.<\/p>\n\n\n\n<p>Desta forma, a taxa b\u00e1sica de juros do pa\u00eds, a <a href=\"https:\/\/www.suno.com.br\/noticias\/boletim-focus-copom-comunicado-mercado-juros-altos\/\">Selic \u2014 a 13,75% ao ano<\/a> \u2014, precisou permanecer em altos patamares nos \u00faltimos meses. Hoje, n\u00e3o h\u00e1 previs\u00e3o de que a taxa caia antes do fim do ano, mesmo com a <a href=\"https:\/\/www.suno.com.br\/noticias\/lula-volta-a-sinalizar-discutir-autonomia-bc\/\" target=\"_blank\" rel=\"noreferrer noopener\">press\u00e3o do Governo Federal<\/a> nas \u00faltimas semanas.&nbsp;<\/p>\n\n\n\n<p>A balan\u00e7a comercial do pa\u00eds sofreu um impacto inicial com a <strong>guerra na Europa<\/strong>, com a dificuldade de importar produtos, como fertilizantes, mas a situa\u00e7\u00e3o se normalizou. Nas exporta\u00e7\u00f5es, no entanto, o impacto foi positivo, ajudando na gera\u00e7\u00e3o de estoques do Brasil.<\/p>\n\n\n\n<p>Segundo o analista da XP, como as empresas lidaram com a escassez de alguns produtos, entre os quais os fertilizantes,<strong> no in\u00edcio da Guerra da Ucr\u00e2nia<\/strong>, decidiram se precaver quando tiveram acesso ao insumo, comprando em abund\u00e2ncia. Com a normaliza\u00e7\u00e3o das importa\u00e7\u00f5es, o acesso aos produtos voltou aos patamares antigos \u2014 gerando um estoque de produtos como fertilizantes para alguns produtores.<\/p>\n\n\n\n<p>Para a XP, h\u00e1 um saldo positivo na balan\u00e7a comercial de US$ 65 bilh\u00f5es em 2023, impulsionado pela guerra e tamb\u00e9m pela China, maior parceria comercial do Brasil.&nbsp;<\/p>\n\n\n\n<h2 class=\"wp-block-heading\">C\u00e2mbio e a bolsa<\/h2>\n\n\n\n<p>Embora a Guerra seja citada como um fator de desequil\u00edbrio nos comunicados do <a href=\"https:\/\/www.bcb.gov.br\/htms\/copom_normas\/a-hist.asp?frame=1\" target=\"_blank\" rel=\"noreferrer noopener\">Copom<\/a> ao mercado \u2014 tanto pela influ\u00eancia do petr\u00f3leo, quanto o encarecimento dos alimentos frente \u00e0 falta de fertilizantes \u2014, o Brasil n\u00e3o sofreu tanto em termos de c\u00e2mbio, por se beneficiar da alta das commodities.&nbsp;<\/p>\n\n\n\n<p>Assim, em compara\u00e7\u00e3o com outros pa\u00edses, para Nobre, o Brasil acabou aumentando a atratividade frente a outros pa\u00edses emergentes. Nos Estados Unidos, a guerra somada \u00e0 infla\u00e7\u00e3o e o aumento dos juros levaram a perdas das bolsas em Wall Street. O<strong> <\/strong>\u00edndice S&amp;P 500, por exemplo, registrou queda de 25% em 2022. <\/p>\n\n\n\n<p>J\u00e1 em territ\u00f3rio nacional, o conflito n\u00e3o trouxe tantos impactos para a <a href=\"https:\/\/www.suno.com.br\/noticias\/cba-cbav3-guerra-ucrania-sancoes-russia-acoes\/\" target=\"_blank\" rel=\"noreferrer noopener\">bolsa brasileira<\/a>, que j\u00e1 estava com a\u00e7\u00f5es descontadas. Mesmo assim, setores considerados de crescimento foram os mais prejudicados, j\u00e1 que eles demandam capital. Com os juros altos, o endividamento se torna mais caro. A\u00e7\u00f5es de log\u00edstica, como Sequoia (SEQL3), e constru\u00e7\u00e3o, como a <strong><a href=\"https:\/\/statusinvest.com.br\/acoes\/tend3\">Tenda (TEND3)<\/a><\/strong>, registraram quedas consider\u00e1veis desde o in\u00edcio da Guerra na Ucr\u00e2nia. A primeira, de 79%, e a segunda, de 64%,<\/p>\n\n\n\n<p>Assim, os setores que se beneficiariam com a guerra na Ucr\u00e2nia foram os defensivos, como sa\u00fade, consumo b\u00e1sico, commodities e utilities, que repassam a infla\u00e7\u00e3o para os seus produtos. Alguns dos pap\u00e9is que mais se valorizaram com a alta foram<a href=\"https:\/\/statusinvest.com.br\/acoes\/enat3\"> Enauta (ENAT3)<\/a> e <a href=\"https:\/\/statusinvest.com.br\/acoes\/slce3\">SLC Agr\u00edcola (SLCE3)<\/a>. Blue chips como <a href=\"https:\/\/www.suno.com.br\/acoes\/vale3\/\">Vale (VALE3)<\/a> e <a href=\"https:\/\/www.suno.com.br\/acoes\/petr4\/\">Petrobras (PETR4)<\/a> continuam como porto seguro na crise na Europa.<\/p>\n\n\n\n<p>E como se comportou a bolsa e o d\u00f3lar nesse ano de conflito na Europa? Veja no gr\u00e1fico abaixo:<\/p>\n\n\n\n<figure class=\"wp-block-image size-large\"><img loading=\"lazy\" decoding=\"async\" width=\"1024\" height=\"429\" src=\"https:\/\/files.sunoresearch.com.br\/n\/uploads\/2023\/02\/ibovespa-guerra-da-ucrania-1024x429.jpg\" alt=\"\" class=\"wp-image-368014\" srcset=\"https:\/\/files.sunoresearch.com.br\/n\/uploads\/2023\/02\/ibovespa-guerra-da-ucrania-1024x429.jpg 1024w, https:\/\/files.sunoresearch.com.br\/n\/uploads\/2023\/02\/ibovespa-guerra-da-ucrania-300x126.jpg 300w, https:\/\/files.sunoresearch.com.br\/n\/uploads\/2023\/02\/ibovespa-guerra-da-ucrania-768x322.jpg 768w, https:\/\/files.sunoresearch.com.br\/n\/uploads\/2023\/02\/ibovespa-guerra-da-ucrania-150x63.jpg 150w, https:\/\/files.sunoresearch.com.br\/n\/uploads\/2023\/02\/ibovespa-guerra-da-ucrania.jpg 1112w\" sizes=\"(max-width: 1024px) 100vw, 1024px\" \/><figcaption class=\"wp-element-caption\">O Ibovespa saiu dos 111 mil pontos, vindo da crise da pandemia, tocou a m\u00ednima dos 96 mil e tenta retornar ao n\u00edvel de fevereiro do ano passado<\/figcaption><\/figure>\n\n\n\n<figure class=\"wp-block-image size-full\"><img loading=\"lazy\" decoding=\"async\" width=\"745\" height=\"457\" src=\"https:\/\/files.sunoresearch.com.br\/n\/uploads\/2023\/02\/dolar-em-um-ano.jpg\" alt=\"\" class=\"wp-image-368029\" srcset=\"https:\/\/files.sunoresearch.com.br\/n\/uploads\/2023\/02\/dolar-em-um-ano.jpg 745w, https:\/\/files.sunoresearch.com.br\/n\/uploads\/2023\/02\/dolar-em-um-ano-300x184.jpg 300w, https:\/\/files.sunoresearch.com.br\/n\/uploads\/2023\/02\/dolar-em-um-ano-150x92.jpg 150w\" sizes=\"(max-width: 745px) 100vw, 745px\" \/><figcaption class=\"wp-element-caption\">O d\u00f3lar estava num patamar semelhante \u00e0 cota\u00e7\u00e3o desta semana, em 2023, ap\u00f3s bater os R$ 5,4 na m\u00e1xima, em julho, e ticar os R$ 4,6 na m\u00ednima, em abril. Fonte: Google Finance. <\/figcaption><\/figure>\n\n\n\n<figure class=\"wp-block-image size-full\"><img loading=\"lazy\" decoding=\"async\" width=\"960\" height=\"350\" src=\"https:\/\/files.sunoresearch.com.br\/n\/uploads\/2023\/02\/petroleo.jpg\" alt=\"\" class=\"wp-image-368036\" srcset=\"https:\/\/files.sunoresearch.com.br\/n\/uploads\/2023\/02\/petroleo.jpg 960w, https:\/\/files.sunoresearch.com.br\/n\/uploads\/2023\/02\/petroleo-300x109.jpg 300w, https:\/\/files.sunoresearch.com.br\/n\/uploads\/2023\/02\/petroleo-768x280.jpg 768w, https:\/\/files.sunoresearch.com.br\/n\/uploads\/2023\/02\/petroleo-150x55.jpg 150w\" sizes=\"(max-width: 960px) 100vw, 960px\" \/><figcaption class=\"wp-element-caption\">A cota\u00e7\u00e3o do petr\u00f3leo brent chegou a ultrapassar os US$ 123 em junho, depois dos picos de mais de US$ 100 nas primeiras semanas da guerra. mas desceu at\u00e9 US$ 81. Em um ano, desvalorizou 33%, saindo de US$ 96 um dia ap\u00f3s o in\u00edcio do conflito. Fonte: MarketWatch <\/figcaption><\/figure>\n\n\n\n<h2 class=\"wp-block-heading\" id=\"h-ucrania-exportacao-de-graos-recua-com-possibilidade-de-fim-do-acordo-com-russia\">Ucr\u00e2nia: exporta\u00e7\u00e3o de gr\u00e3os recua com possibilidade de fim do acordo com R\u00fassia<\/h2>\n\n\n\n<p>A Ucr\u00e2nia enfrenta outra crise com a desacelera\u00e7\u00e3o das<strong> exporta\u00e7\u00f5es de gr\u00e3os<\/strong> nas \u00faltimas semanas. As exporta\u00e7\u00f5es de <strong>gr\u00e3os da Ucr\u00e2nia<\/strong> desaceleraram acentuadamente nas \u00faltimas semanas, com atrasos nos embarques e preocupa\u00e7\u00f5es com o prazo de vencimento do acordo com a Organiza\u00e7\u00e3o das Na\u00e7\u00f5es Unidas (ONU) para o escoamento de alimentos do Mar Negro. &#8220;Poucos comerciantes est\u00e3o dispostos a vender gr\u00e3os ucranianos no momento, a menos que tenham mais transpar\u00eancia sobre a extens\u00e3o do acordo de gr\u00e3os&#8221;, disse o diretor consultoria agr\u00edcola do Mar Negro SovEcon, Andrey Sizov. O tratado que definiu o corredor de embarques deve expirar em 19 de mar\u00e7o.<\/p>\n\n\n\n<p>A invas\u00e3o da Ucr\u00e2nia pela R\u00fassia, que est\u00e1 pr\u00f3xima de completar um ano, prejudicou os embarques de trigo e \u00f3leo de girassol inicialmente, gerando preocupa\u00e7\u00f5es de que houvesse uma crise global de alimentos. As exporta\u00e7\u00f5es s\u00f3 voltaram aos n\u00edveis pr\u00e9-guerra no fim do ano passado, depois que R\u00fassia e Ucr\u00e2nia aderiram a um pacto apoiado pela ONU para retomar as exporta\u00e7\u00f5es de alimentos pelos portos do Mar Negro.<\/p>\n\n\n\n<p>Em relat\u00f3rio, o banco alem\u00e3o Commerzbank ressaltou que o Minist\u00e9rio das Rela\u00e7\u00f5es Exteriores da R\u00fassia divulgou um comunicado na \u00faltima sexta-feira (17) criticando o acordo e o fato de a maior parte dos gr\u00e3os exportados pelo corredor humanit\u00e1rio, at\u00e9 agora, ter sido enviada para pa\u00edses de alta renda, enquanto os embarques para pa\u00edses pobres geralmente diminu\u00edram. A nota ainda pontuava que o oleoduto de am\u00f4nia Togliatti-Odessa foi bloqueado por Kiev por motivos pol\u00edticos.<\/p>\n\n\n\n<p>Em meio \u00e0s turbul\u00eancias e aos temores de que as tratativas n\u00e3o se renovem, o Centro de Coordena\u00e7\u00e3o Mista da Ucr\u00e2nia registrou queda nos volumes embarcados de gr\u00e3os, de 3,7 milh\u00f5es de toneladas em dezembro para 3 milh\u00f5es de toneladas em janeiro. At\u00e9 20 de fevereiro, cerca de 1,5 milh\u00e3o de toneladas tinham sido embarcadas, ante 2,8 milh\u00f5es de toneladas programadas. &#8220;Uma raz\u00e3o para isso \u00e9 o ritmo mais lento das inspe\u00e7\u00f5es, que ca\u00edram de quase 11 navios por dia em outubro para cerca de 6 navios por dia recentemente&#8221;, ressaltou o Commerzbank.<\/p>\n\n\n\n<p>A Associa\u00e7\u00e3o Ucraniana de Gr\u00e3os alega que a R\u00fassia atrasa deliberadamente as inspe\u00e7\u00f5es de navios para desestabilizar o abastecimento. Na semana passada, 140 embarca\u00e7\u00f5es aguardavam inspe\u00e7\u00e3o contra menos de 100 no in\u00edcio do ano. O fundador da empresa de an\u00e1lise do mercado agr\u00edcola do Mar Negro UkrAgroConsult, Sergey Feofilov, disse que incerteza agravada pelos atrasos nas inspe\u00e7\u00f5es fez com que exportadores e comerciantes trabalhassem com um cronograma de planejamento de tr\u00eas a quatro semanas para sair do Mar Negro, em vez do prazo anterior de uma semana.<\/p>\n\n\n\n<p>A preocupa\u00e7\u00e3o com o n\u00e3o cumprimento dos pedidos j\u00e1 acordados para exporta\u00e7\u00e3o tamb\u00e9m diminuiu o apelo do trigo ucraniano aos compradores do Oriente M\u00e9dio e Norte da \u00c1frica, disseram analistas. Em contrapartida, as exporta\u00e7\u00f5es russas de gr\u00e3os atingiram n\u00edveis quase recordes, ap\u00f3s uma safra robusta de trigo. Segundo o banco Commerzbank, \u00e9 a oferta russa do cereal que tem contido os pre\u00e7os. O volume exportado do trigo russo explica porque os pre\u00e7os do gr\u00e3o mal responderam ao risco de menor oferta da <strong>Ucr\u00e2nia<\/strong>, segundo o banco. <\/p>\n\n\n\n<h2 class=\"wp-block-heading\" id=\"h-assembleia-geral-da-onu-aprova-nova-resolucao-pelo-fim-da-guerra\">Assembleia Geral da ONU aprova nova resolu\u00e7\u00e3o pelo fim da guerra<\/h2>\n\n\n\n<p>A Assembleia Geral da Organiza\u00e7\u00e3o das Na\u00e7\u00f5es Unidas (ONU) aprovou ontem (23) uma nova resolu\u00e7\u00e3o pedindo o <strong>fim da guerra na Ucr\u00e2ni<\/strong>a. O texto foi aprovado por 141 votos. Outros 32 pa\u00edses votaram contra a resolu\u00e7\u00e3o e sete se abstiveram. O Brasil foi o \u00fanico pa\u00eds dos Brics (bloco econ\u00f4mico composto tamb\u00e9m por R\u00fassia, China, \u00cdndia e \u00c1frica do Sul) a votar favor\u00e1vel. A aprova\u00e7\u00e3o ocorreu na v\u00e9spera do conflito completar um ano.<\/p>\n\n\n\n<p>A resolu\u00e7\u00e3o, como um todo, pede o fim da guerra, o respeito \u00e0 soberania ucraniana, \u00e0 integridade f\u00edsica de civis e \u00e0s conven\u00e7\u00f5es internacionais relativas ao tratamento de prisioneiros de guerra. O texto tamb\u00e9m conclama \u00e0s duas partes e \u00e0 comunidade internacional que busquem formas de mediar a paz, al\u00e9m de ressaltar que o fim da guerra fortaleceria a harmonia e seguran\u00e7a internacionais.<\/p>\n\n\n\n<p>O documento ainda aponta os efeitos da guerra na seguran\u00e7a alimentar, energ\u00e9tica e nuclear, pedindo uma solu\u00e7\u00e3o imediata em conformidade com os princ\u00edpios previstos na Carta da ONU, o tratado que estabeleceu as Na\u00e7\u00f5es Unidas. Al\u00e9m disso, enfatizou a necessidade dos respons\u00e1veis por crimes de guerra enfrentarem processos internacionais.<\/p>\n\n\n\n<p>Antes da vota\u00e7\u00e3o da resolu\u00e7\u00e3o, na abertura da sess\u00e3o, o secret\u00e1rio-geral da ONU, Ant\u00f3nio Guterres, destacou os efeitos da guerra. Ele afirmou que 40% dos ucranianos precisam de ajuda humanit\u00e1ria e que a disputa j\u00e1 deixou 8 mil mortos. O documento n\u00e3o tem for\u00e7a legal, apenas um peso pol\u00edtico.<\/p>\n\n\n\n<p>A R\u00fassia fez cr\u00edticas \u00e0 postura dos pa\u00edses ocidentais sobre a<strong> guerra na Ucr\u00e2nia<\/strong>. Para os russos, a crise est\u00e1 sendo estimulada pelo ocidente que, na vis\u00e3o deles, tem conduzido uma \u201cguerra h\u00edbrida\u201d que desencadeou em uma crise alimentar. Na vis\u00e3o de Moscou, a resolu\u00e7\u00e3o aprovada n\u00e3o ajudar\u00e1 a encerrar o conflito. Existe, segundo eles, uma \u201crussofobia\u201d crescente. A R\u00fassia alega ainda que as san\u00e7\u00f5es impostas ao pa\u00eds atingem mais duramente os pa\u00edses em desenvolvimento.<\/p>\n\n\n\n<p><em>Com Estad\u00e3o Conte\u00fado<\/em> e <em>Ag\u00eancia Brasil<\/em><\/p>\n\n\n\t<p>\n\t\t<a href=\"https:\/\/lp.suno.com.br\/planilha-da-vida-financeira\/\" target=\"_blank\" data-element=\"shortcode-suno-banner\" title=\"Banner SUNO, clique e saiba mais\">\n\t\t\t<picture>\n\t\t\t\t<source media=\"(max-width: 500px)\" srcset=\"https:\/\/files.sunoresearch.com.br\/n\/uploads\/2023\/04\/400x300-Planilha-vida-financeira-true.png\">\n\t\t\t\t<img class=\"newsContent__article__imgCapa newsContent__article__imgCapa--banner\"\n\t\t\t\t\tsrc=\"https:\/\/files.sunoresearch.com.br\/n\/uploads\/2023\/04\/1420x240-Planilha-vida-financeira-true.png\"\n\t\t\t\t\tdata-promo-id=\"106682\"\t\t\t\t\t\t\t\t\t\twidth='1420' height='240'\t\t\t\t\talt=\"https:\/\/files.sunoresearch.com.br\/n\/uploads\/2023\/04\/1420x240-Planilha-vida-financeira-true.png\"\n\t\t\t\t>\n\t\t\t<\/picture>\n\t\t<\/a>\n\t<\/p>\n\n\n","protected":false},"excerpt":{"rendered":"<p>Nesta sexta-feira (24), faz um ano desde que a R\u00fassia invadiu o pa\u00eds vizinho e iniciou a guerra na Ucr\u00e2nia. Seria uma a\u00e7\u00e3o \u201crel\u00e2mpago\u201d para ocupar o territ\u00f3rio ucraniano. A previs\u00e3o era de que a opera\u00e7\u00e3o fosse r\u00e1pida, mas o conflito j\u00e1 se estende por doze meses, deixando milhares de mortes. A guerra, que matou [&hellip;]<\/p>\n","protected":false},"author":258,"featured_media":366886,"comment_status":"open","ping_status":"closed","sticky":false,"template":"","format":"standard","meta":[],"categories":[63],"tags":[711,793,710,766,866,991],"suno_strategy":[],"class_list":["post-366872","post","type-post","status-publish","format-standard","has-post-thumbnail","hentry","category-internacional","tag-china","tag-estados-unidos-eua","tag-europa","tag-petroleo","tag-russia","tag-zona-do-euro"],"yoast_head":"<!-- This site is optimized with the Yoast SEO plugin v24.4 - https:\/\/yoast.com\/wordpress\/plugins\/seo\/ -->\n<title>Ucr\u00e2nia: guerra completa um ano com alta infla\u00e7\u00e3o e economia fragilizada<\/title>\n<meta name=\"description\" content=\"Nesta sexta-feira (24), a Guerra da Ucr\u00e2nia completou um ano em meio a alta infla\u00e7\u00e3o e desacelera\u00e7\u00e3o econ\u00f4mica.\" \/>\n<meta name=\"robots\" content=\"index, follow, max-snippet:-1, max-image-preview:large, max-video-preview:-1\" \/>\n<link rel=\"canonical\" href=\"https:\/\/www.suno.com.br\/noticias\/noticias-guerra-ucrania-ano-inflacao-economia-fragil\/\" \/>\n<meta property=\"og:locale\" content=\"pt_BR\" \/>\n<meta property=\"og:type\" content=\"article\" \/>\n<meta property=\"og:title\" content=\"Ucr\u00e2nia: guerra completa um ano com alta infla\u00e7\u00e3o e economia fragilizada\" \/>\n<meta property=\"og:description\" content=\"Nesta sexta-feira (24), a Guerra da Ucr\u00e2nia completou um ano em meio a alta infla\u00e7\u00e3o e desacelera\u00e7\u00e3o econ\u00f4mica.\" \/>\n<meta property=\"og:url\" content=\"https:\/\/www.suno.com.br\/noticias\/noticias-guerra-ucrania-ano-inflacao-economia-fragil\/\" \/>\n<meta property=\"og:site_name\" content=\"Suno Not\u00edcias\" \/>\n<meta property=\"article:publisher\" content=\"https:\/\/facebook.com\/sunoresearch\" \/>\n<meta property=\"og:image\" content=\"https:\/\/files.sunoresearch.com.br\/n\/uploads\/2023\/02\/guerra-ucrania-um-ano-scaled.jpg\" \/>\n\t<meta property=\"og:image:width\" content=\"2560\" \/>\n\t<meta property=\"og:image:height\" content=\"1440\" \/>\n\t<meta property=\"og:image:type\" content=\"image\/jpeg\" \/>\n<meta name=\"author\" content=\"Beatriz Capirazi\" \/>\n<meta name=\"twitter:card\" content=\"summary_large_image\" \/>\n<meta name=\"twitter:creator\" content=\"@sunoresearch\" \/>\n<meta name=\"twitter:site\" content=\"@sunoresearch\" \/>\n<meta name=\"twitter:label1\" content=\"Escrito por\" \/>\n\t<meta name=\"twitter:data1\" content=\"Beatriz Capirazi\" \/>\n\t<meta name=\"twitter:label2\" content=\"Est. tempo de leitura\" \/>\n\t<meta name=\"twitter:data2\" content=\"18 minutos\" \/>\n<script type=\"application\/ld+json\" class=\"yoast-schema-graph\">{\"@context\":\"https:\/\/schema.org\",\"@graph\":[{\"@type\":\"NewsArticle\",\"@id\":\"https:\/\/www.suno.com.br\/noticias\/noticias-guerra-ucrania-ano-inflacao-economia-fragil\/#article\",\"isPartOf\":{\"@id\":\"https:\/\/www.suno.com.br\/noticias\/noticias-guerra-ucrania-ano-inflacao-economia-fragil\/\"},\"author\":{\"name\":\"Beatriz Capirazi\",\"@id\":\"https:\/\/www.suno.com.br\/noticias\/#\/schema\/person\/e2e09052c5a2b4b771d8e9c8a68981dc\"},\"headline\":\"Um ano de guerra na Ucr\u00e2nia: como o conflito deixou a economia global fragilizada, com perdas de at\u00e9 US$ 2,8 tri\",\"datePublished\":\"2023-02-24T11:00:00+00:00\",\"dateModified\":\"2023-02-24T16:39:42+00:00\",\"mainEntityOfPage\":{\"@id\":\"https:\/\/www.suno.com.br\/noticias\/noticias-guerra-ucrania-ano-inflacao-economia-fragil\/\"},\"wordCount\":3347,\"commentCount\":0,\"publisher\":{\"@id\":\"https:\/\/www.suno.com.br\/noticias\/#organization\"},\"image\":{\"@id\":\"https:\/\/www.suno.com.br\/noticias\/noticias-guerra-ucrania-ano-inflacao-economia-fragil\/#primaryimage\"},\"thumbnailUrl\":\"https:\/\/files.sunoresearch.com.br\/n\/uploads\/2023\/02\/guerra-ucrania-um-ano-scaled.jpg\",\"keywords\":[\"China\",\"Estados Unidos (EUA)\",\"Europa\",\"Petr\u00f3leo\",\"R\u00fassia\",\"zona do euro\"],\"articleSection\":[\"Internacional\"],\"inLanguage\":\"pt-BR\",\"potentialAction\":[{\"@type\":\"CommentAction\",\"name\":\"Comment\",\"target\":[\"https:\/\/www.suno.com.br\/noticias\/noticias-guerra-ucrania-ano-inflacao-economia-fragil\/#respond\"]}]},{\"@type\":\"WebPage\",\"@id\":\"https:\/\/www.suno.com.br\/noticias\/noticias-guerra-ucrania-ano-inflacao-economia-fragil\/\",\"url\":\"https:\/\/www.suno.com.br\/noticias\/noticias-guerra-ucrania-ano-inflacao-economia-fragil\/\",\"name\":\"Ucr\u00e2nia: guerra completa um ano com alta infla\u00e7\u00e3o e economia fragilizada\",\"isPartOf\":{\"@id\":\"https:\/\/www.suno.com.br\/noticias\/#website\"},\"primaryImageOfPage\":{\"@id\":\"https:\/\/www.suno.com.br\/noticias\/noticias-guerra-ucrania-ano-inflacao-economia-fragil\/#primaryimage\"},\"image\":{\"@id\":\"https:\/\/www.suno.com.br\/noticias\/noticias-guerra-ucrania-ano-inflacao-economia-fragil\/#primaryimage\"},\"thumbnailUrl\":\"https:\/\/files.sunoresearch.com.br\/n\/uploads\/2023\/02\/guerra-ucrania-um-ano-scaled.jpg\",\"datePublished\":\"2023-02-24T11:00:00+00:00\",\"dateModified\":\"2023-02-24T16:39:42+00:00\",\"description\":\"Nesta sexta-feira (24), a Guerra da Ucr\u00e2nia completou um ano em meio a alta infla\u00e7\u00e3o e desacelera\u00e7\u00e3o econ\u00f4mica.\",\"breadcrumb\":{\"@id\":\"https:\/\/www.suno.com.br\/noticias\/noticias-guerra-ucrania-ano-inflacao-economia-fragil\/#breadcrumb\"},\"inLanguage\":\"pt-BR\",\"potentialAction\":[{\"@type\":\"ReadAction\",\"target\":[\"https:\/\/www.suno.com.br\/noticias\/noticias-guerra-ucrania-ano-inflacao-economia-fragil\/\"]}]},{\"@type\":\"ImageObject\",\"inLanguage\":\"pt-BR\",\"@id\":\"https:\/\/www.suno.com.br\/noticias\/noticias-guerra-ucrania-ano-inflacao-economia-fragil\/#primaryimage\",\"url\":\"https:\/\/files.sunoresearch.com.br\/n\/uploads\/2023\/02\/guerra-ucrania-um-ano-scaled.jpg\",\"contentUrl\":\"https:\/\/files.sunoresearch.com.br\/n\/uploads\/2023\/02\/guerra-ucrania-um-ano-scaled.jpg\",\"width\":2560,\"height\":1440,\"caption\":\"L\u00edder de grupo ligado a Putin acusa generais russos. Foto: Shutterstock\"},{\"@type\":\"BreadcrumbList\",\"@id\":\"https:\/\/www.suno.com.br\/noticias\/noticias-guerra-ucrania-ano-inflacao-economia-fragil\/#breadcrumb\",\"itemListElement\":[{\"@type\":\"ListItem\",\"position\":1,\"name\":\"Not\u00edcias\",\"item\":\"https:\/\/www.suno.com.br\/noticias\/\"},{\"@type\":\"ListItem\",\"position\":2,\"name\":\"Internacional\",\"item\":\"https:\/\/www.suno.com.br\/noticias\/internacional\/\"},{\"@type\":\"ListItem\",\"position\":3,\"name\":\"Um ano de guerra na Ucr\u00e2nia: como o conflito deixou a economia global fragilizada, com perdas de at\u00e9 US$ 2,8 tri\"}]},{\"@type\":\"WebSite\",\"@id\":\"https:\/\/www.suno.com.br\/noticias\/#website\",\"url\":\"https:\/\/www.suno.com.br\/noticias\/\",\"name\":\"Suno Not\u00edcias\",\"description\":\"Seu portal de informa\u00e7\u00e3o sobre o mundo dos investimentos\",\"publisher\":{\"@id\":\"https:\/\/www.suno.com.br\/noticias\/#organization\"},\"potentialAction\":[{\"@type\":\"SearchAction\",\"target\":{\"@type\":\"EntryPoint\",\"urlTemplate\":\"https:\/\/www.suno.com.br\/noticias\/?s={search_term_string}\"},\"query-input\":{\"@type\":\"PropertyValueSpecification\",\"valueRequired\":true,\"valueName\":\"search_term_string\"}}],\"inLanguage\":\"pt-BR\"},{\"@type\":\"Organization\",\"@id\":\"https:\/\/www.suno.com.br\/noticias\/#organization\",\"name\":\"Suno Not\u00edcias\",\"url\":\"https:\/\/www.suno.com.br\/noticias\/\",\"logo\":{\"@type\":\"ImageObject\",\"inLanguage\":\"pt-BR\",\"@id\":\"https:\/\/www.suno.com.br\/noticias\/#\/schema\/logo\/image\/\",\"url\":\"https:\/\/files.sunoresearch.com.br\/n\/uploads\/2021\/09\/suno-logo.png\",\"contentUrl\":\"https:\/\/files.sunoresearch.com.br\/n\/uploads\/2021\/09\/suno-logo.png\",\"width\":180,\"height\":180,\"caption\":\"Suno Not\u00edcias\"},\"image\":{\"@id\":\"https:\/\/www.suno.com.br\/noticias\/#\/schema\/logo\/image\/\"},\"sameAs\":[\"https:\/\/facebook.com\/sunoresearch\",\"https:\/\/x.com\/sunoresearch\",\"https:\/\/www.instagram.com\/suno\",\"https:\/\/www.linkedin.com\/company\/suno-research\/\",\"https:\/\/www.youtube.com\/c\/sunoresearch\"]},{\"@type\":\"Person\",\"@id\":\"https:\/\/www.suno.com.br\/noticias\/#\/schema\/person\/e2e09052c5a2b4b771d8e9c8a68981dc\",\"name\":\"Beatriz Capirazi\",\"image\":{\"@type\":\"ImageObject\",\"inLanguage\":\"pt-BR\",\"@id\":\"https:\/\/www.suno.com.br\/noticias\/#\/schema\/person\/image\/\",\"url\":\"https:\/\/secure.gravatar.com\/avatar\/46ce2622326236067eaf13e80689722b?s=96&r=g\",\"contentUrl\":\"https:\/\/secure.gravatar.com\/avatar\/46ce2622326236067eaf13e80689722b?s=96&r=g\",\"caption\":\"Beatriz Capirazi\"},\"description\":\"Jornalista especializada em Jornalismo Econ\u00f4mico pela Funda\u00e7\u00e3o Get\u00falio Vargas\/Estad\u00e3o com interesse em Economia, Pol\u00edtica e Direitos Humanos. Autora do livro \u201cVidas Sucateadas \u2014 um olhar sobre a devolu\u00e7\u00e3o de crian\u00e7as adotadas\u201d.\",\"url\":\"https:\/\/www.suno.com.br\/noticias\/author\/beatrizbergaminjornalistagmail-com\/\"}]}<\/script>\n<!-- \/ Yoast SEO plugin. -->","yoast_head_json":{"title":"Ucr\u00e2nia: guerra completa um ano com alta infla\u00e7\u00e3o e economia fragilizada","description":"Nesta sexta-feira (24), a Guerra da Ucr\u00e2nia completou um ano em meio a alta infla\u00e7\u00e3o e desacelera\u00e7\u00e3o econ\u00f4mica.","robots":{"index":"index","follow":"follow","max-snippet":"max-snippet:-1","max-image-preview":"max-image-preview:large","max-video-preview":"max-video-preview:-1"},"canonical":"https:\/\/www.suno.com.br\/noticias\/noticias-guerra-ucrania-ano-inflacao-economia-fragil\/","og_locale":"pt_BR","og_type":"article","og_title":"Ucr\u00e2nia: guerra completa um ano com alta infla\u00e7\u00e3o e economia fragilizada","og_description":"Nesta sexta-feira (24), a Guerra da Ucr\u00e2nia completou um ano em meio a alta infla\u00e7\u00e3o e desacelera\u00e7\u00e3o econ\u00f4mica.","og_url":"https:\/\/www.suno.com.br\/noticias\/noticias-guerra-ucrania-ano-inflacao-economia-fragil\/","og_site_name":"Suno Not\u00edcias","article_publisher":"https:\/\/facebook.com\/sunoresearch","og_image":[{"width":2560,"height":1440,"url":"https:\/\/files.sunoresearch.com.br\/n\/uploads\/2023\/02\/guerra-ucrania-um-ano-scaled.jpg","type":"image\/jpeg"}],"author":"Beatriz Capirazi","twitter_card":"summary_large_image","twitter_creator":"@sunoresearch","twitter_site":"@sunoresearch","twitter_misc":{"Escrito por":"Beatriz Capirazi","Est. tempo de leitura":"18 minutos"},"schema":{"@context":"https:\/\/schema.org","@graph":[{"@type":"NewsArticle","@id":"https:\/\/www.suno.com.br\/noticias\/noticias-guerra-ucrania-ano-inflacao-economia-fragil\/#article","isPartOf":{"@id":"https:\/\/www.suno.com.br\/noticias\/noticias-guerra-ucrania-ano-inflacao-economia-fragil\/"},"author":{"name":"Beatriz Capirazi","@id":"https:\/\/www.suno.com.br\/noticias\/#\/schema\/person\/e2e09052c5a2b4b771d8e9c8a68981dc"},"headline":"Um ano de guerra na Ucr\u00e2nia: como o conflito deixou a economia global fragilizada, com perdas de at\u00e9 US$ 2,8 tri","datePublished":"2023-02-24T11:00:00+00:00","dateModified":"2023-02-24T16:39:42+00:00","mainEntityOfPage":{"@id":"https:\/\/www.suno.com.br\/noticias\/noticias-guerra-ucrania-ano-inflacao-economia-fragil\/"},"wordCount":3347,"commentCount":0,"publisher":{"@id":"https:\/\/www.suno.com.br\/noticias\/#organization"},"image":{"@id":"https:\/\/www.suno.com.br\/noticias\/noticias-guerra-ucrania-ano-inflacao-economia-fragil\/#primaryimage"},"thumbnailUrl":"https:\/\/files.sunoresearch.com.br\/n\/uploads\/2023\/02\/guerra-ucrania-um-ano-scaled.jpg","keywords":["China","Estados Unidos (EUA)","Europa","Petr\u00f3leo","R\u00fassia","zona do euro"],"articleSection":["Internacional"],"inLanguage":"pt-BR","potentialAction":[{"@type":"CommentAction","name":"Comment","target":["https:\/\/www.suno.com.br\/noticias\/noticias-guerra-ucrania-ano-inflacao-economia-fragil\/#respond"]}]},{"@type":"WebPage","@id":"https:\/\/www.suno.com.br\/noticias\/noticias-guerra-ucrania-ano-inflacao-economia-fragil\/","url":"https:\/\/www.suno.com.br\/noticias\/noticias-guerra-ucrania-ano-inflacao-economia-fragil\/","name":"Ucr\u00e2nia: guerra completa um ano com alta infla\u00e7\u00e3o e economia fragilizada","isPartOf":{"@id":"https:\/\/www.suno.com.br\/noticias\/#website"},"primaryImageOfPage":{"@id":"https:\/\/www.suno.com.br\/noticias\/noticias-guerra-ucrania-ano-inflacao-economia-fragil\/#primaryimage"},"image":{"@id":"https:\/\/www.suno.com.br\/noticias\/noticias-guerra-ucrania-ano-inflacao-economia-fragil\/#primaryimage"},"thumbnailUrl":"https:\/\/files.sunoresearch.com.br\/n\/uploads\/2023\/02\/guerra-ucrania-um-ano-scaled.jpg","datePublished":"2023-02-24T11:00:00+00:00","dateModified":"2023-02-24T16:39:42+00:00","description":"Nesta sexta-feira (24), a Guerra da Ucr\u00e2nia completou um ano em meio a alta infla\u00e7\u00e3o e desacelera\u00e7\u00e3o econ\u00f4mica.","breadcrumb":{"@id":"https:\/\/www.suno.com.br\/noticias\/noticias-guerra-ucrania-ano-inflacao-economia-fragil\/#breadcrumb"},"inLanguage":"pt-BR","potentialAction":[{"@type":"ReadAction","target":["https:\/\/www.suno.com.br\/noticias\/noticias-guerra-ucrania-ano-inflacao-economia-fragil\/"]}]},{"@type":"ImageObject","inLanguage":"pt-BR","@id":"https:\/\/www.suno.com.br\/noticias\/noticias-guerra-ucrania-ano-inflacao-economia-fragil\/#primaryimage","url":"https:\/\/files.sunoresearch.com.br\/n\/uploads\/2023\/02\/guerra-ucrania-um-ano-scaled.jpg","contentUrl":"https:\/\/files.sunoresearch.com.br\/n\/uploads\/2023\/02\/guerra-ucrania-um-ano-scaled.jpg","width":2560,"height":1440,"caption":"L\u00edder de grupo ligado a Putin acusa generais russos. Foto: Shutterstock"},{"@type":"BreadcrumbList","@id":"https:\/\/www.suno.com.br\/noticias\/noticias-guerra-ucrania-ano-inflacao-economia-fragil\/#breadcrumb","itemListElement":[{"@type":"ListItem","position":1,"name":"Not\u00edcias","item":"https:\/\/www.suno.com.br\/noticias\/"},{"@type":"ListItem","position":2,"name":"Internacional","item":"https:\/\/www.suno.com.br\/noticias\/internacional\/"},{"@type":"ListItem","position":3,"name":"Um ano de guerra na Ucr\u00e2nia: como o conflito deixou a economia global fragilizada, com perdas de at\u00e9 US$ 2,8 tri"}]},{"@type":"WebSite","@id":"https:\/\/www.suno.com.br\/noticias\/#website","url":"https:\/\/www.suno.com.br\/noticias\/","name":"Suno Not\u00edcias","description":"Seu portal de informa\u00e7\u00e3o sobre o mundo dos investimentos","publisher":{"@id":"https:\/\/www.suno.com.br\/noticias\/#organization"},"potentialAction":[{"@type":"SearchAction","target":{"@type":"EntryPoint","urlTemplate":"https:\/\/www.suno.com.br\/noticias\/?s={search_term_string}"},"query-input":{"@type":"PropertyValueSpecification","valueRequired":true,"valueName":"search_term_string"}}],"inLanguage":"pt-BR"},{"@type":"Organization","@id":"https:\/\/www.suno.com.br\/noticias\/#organization","name":"Suno Not\u00edcias","url":"https:\/\/www.suno.com.br\/noticias\/","logo":{"@type":"ImageObject","inLanguage":"pt-BR","@id":"https:\/\/www.suno.com.br\/noticias\/#\/schema\/logo\/image\/","url":"https:\/\/files.sunoresearch.com.br\/n\/uploads\/2021\/09\/suno-logo.png","contentUrl":"https:\/\/files.sunoresearch.com.br\/n\/uploads\/2021\/09\/suno-logo.png","width":180,"height":180,"caption":"Suno Not\u00edcias"},"image":{"@id":"https:\/\/www.suno.com.br\/noticias\/#\/schema\/logo\/image\/"},"sameAs":["https:\/\/facebook.com\/sunoresearch","https:\/\/x.com\/sunoresearch","https:\/\/www.instagram.com\/suno","https:\/\/www.linkedin.com\/company\/suno-research\/","https:\/\/www.youtube.com\/c\/sunoresearch"]},{"@type":"Person","@id":"https:\/\/www.suno.com.br\/noticias\/#\/schema\/person\/e2e09052c5a2b4b771d8e9c8a68981dc","name":"Beatriz Capirazi","image":{"@type":"ImageObject","inLanguage":"pt-BR","@id":"https:\/\/www.suno.com.br\/noticias\/#\/schema\/person\/image\/","url":"https:\/\/secure.gravatar.com\/avatar\/46ce2622326236067eaf13e80689722b?s=96&r=g","contentUrl":"https:\/\/secure.gravatar.com\/avatar\/46ce2622326236067eaf13e80689722b?s=96&r=g","caption":"Beatriz Capirazi"},"description":"Jornalista especializada em Jornalismo Econ\u00f4mico pela Funda\u00e7\u00e3o Get\u00falio Vargas\/Estad\u00e3o com interesse em Economia, Pol\u00edtica e Direitos Humanos. Autora do livro \u201cVidas Sucateadas \u2014 um olhar sobre a devolu\u00e7\u00e3o de crian\u00e7as adotadas\u201d.","url":"https:\/\/www.suno.com.br\/noticias\/author\/beatrizbergaminjornalistagmail-com\/"}]}},"default_loop_html":"<div class=\"cardsPage__listCard__boxs\"><div class=\"cardsPage__listCard__boxs__img\"><a href=\"https:\/\/www.suno.com.br\/noticias\/noticias-guerra-ucrania-ano-inflacao-economia-fragil\/\"><img class=\"mask\" src=\"https:\/\/www.suno.com.br\/noticias\/wp-content\/themes\/suno\/resources\/images\/spotlight\/spotlight1img\/bg-mask.png\" alt=\"Image Mask\"\/><img src=\"https:\/\/files.sunoresearch.com.br\/n\/uploads\/2023\/02\/guerra-ucrania-um-ano-400x200.jpg\" alt=\"Um ano de guerra na Ucr\u00e2nia: como o conflito deixou a economia global fragilizada, com  perdas de at\u00e9 US$ 2,8 tri\"\/><\/a><span class=\"spotlightCategory\"><a href=\"https:\/\/www.suno.com.br\/noticias\/internacional\/\">Internacional<\/a><\/span><\/div><div class=\"cardsPage__listCard__boxs__content\"><a href=\"https:\/\/www.suno.com.br\/noticias\/noticias-guerra-ucrania-ano-inflacao-economia-fragil\/\"><h2 class=\"content__title\">Um ano de guerra na Ucr\u00e2nia: como o conflito deixou a economia global fragilizada, com  perdas de at\u00e9 US$ 2,8 tri<\/h2><\/a><div class=\"newsContent__article__meta\"><div class=\"newsContent__article__meta__authorBox\"><a href=\"https:\/\/www.suno.com.br\/noticias\/author\/redacao-suno\/\" class=\"authorBox__avatar noMobi\"><img src=\"https:\/\/files.sunoresearch.com.br\/n\/uploads\/2020\/08\/0ace682d-redacao-1-150x150.webp\" alt=\"Reda\u00e7\u00e3o Suno Not\u00edcias\"><\/a><div class=\"authorBox__name\"><span>por\n\t\t\t<a href=\"https:\/\/www.suno.com.br\/noticias\/author\/redacao-suno\/\"><span itemprop=\"author\">Reda\u00e7\u00e3o Suno Not\u00edcias<\/span><\/a><\/span><time datetime=\"2023-02-24T08:00:00-03:00\" itemprop=\"datePublished\">24\/02\/2023 08:00<\/time><\/div><\/div><\/div><\/div><\/div>","single_layout":"posts","amp_enabled":true,"_links":{"self":[{"href":"https:\/\/www.suno.com.br\/noticias\/wp-json\/wp\/v2\/posts\/366872"}],"collection":[{"href":"https:\/\/www.suno.com.br\/noticias\/wp-json\/wp\/v2\/posts"}],"about":[{"href":"https:\/\/www.suno.com.br\/noticias\/wp-json\/wp\/v2\/types\/post"}],"author":[{"embeddable":true,"href":"https:\/\/www.suno.com.br\/noticias\/wp-json\/wp\/v2\/users\/258"}],"replies":[{"embeddable":true,"href":"https:\/\/www.suno.com.br\/noticias\/wp-json\/wp\/v2\/comments?post=366872"}],"version-history":[{"count":2,"href":"https:\/\/www.suno.com.br\/noticias\/wp-json\/wp\/v2\/posts\/366872\/revisions"}],"predecessor-version":[{"id":368075,"href":"https:\/\/www.suno.com.br\/noticias\/wp-json\/wp\/v2\/posts\/366872\/revisions\/368075"}],"wp:featuredmedia":[{"embeddable":true,"href":"https:\/\/www.suno.com.br\/noticias\/wp-json\/wp\/v2\/media\/366886"}],"wp:attachment":[{"href":"https:\/\/www.suno.com.br\/noticias\/wp-json\/wp\/v2\/media?parent=366872"}],"wp:term":[{"taxonomy":"category","embeddable":true,"href":"https:\/\/www.suno.com.br\/noticias\/wp-json\/wp\/v2\/categories?post=366872"},{"taxonomy":"post_tag","embeddable":true,"href":"https:\/\/www.suno.com.br\/noticias\/wp-json\/wp\/v2\/tags?post=366872"},{"taxonomy":"suno_strategy","embeddable":true,"href":"https:\/\/www.suno.com.br\/noticias\/wp-json\/wp\/v2\/suno_strategy?post=366872"}],"curies":[{"name":"wp","href":"https:\/\/api.w.org\/{rel}","templated":true}]}}