{"id":366582,"date":"2023-02-19T11:10:28","date_gmt":"2023-02-19T14:10:28","guid":{"rendered":"https:\/\/www.suno.com.br\/noticias\/?p=366582"},"modified":"2023-02-19T11:10:33","modified_gmt":"2023-02-19T14:10:33","slug":"marisa-amar3-calote-knri11-proventos","status":"publish","type":"post","link":"https:\/\/www.suno.com.br\/noticias\/marisa-amar3-calote-knri11-proventos\/","title":{"rendered":"Marisa (AMAR3) d\u00e1 calote no FII KNRI11; d\u00e9bito vai mudar proventos do fundo?"},"content":{"rendered":"<p>A lista de credores da<strong> Marisa<\/strong> (<a href=\"https:\/\/suno.com.br\/acoes\/amar3\/\" target=\"_blank\" rel=\"noreferrer noopener\">AMAR3<\/a>) ganhou mais um nome: o fundo Kinea Renda Imobili\u00e1ria (<a class=\"suno-keyword\" data-force=\"yes\" data-priority=\"2\" href=\"https:\/\/www.suno.com.br\/fundos-imobiliarios\/knri11\/\" target=\"_blank\" rel=\"noopener\">KNRI11<\/a>). Os administradores do FII informaram ao mercado que n\u00e3o receberam o aluguel da varejista referente ao m\u00eas de janeiro. Contudo, esse d\u00e9bito n\u00e3o impactar\u00e1 os rendimentos recorrentes da opera\u00e7\u00e3o, segundo os gestores do fundo.<\/p><div class=\"videoFull \">\n\t\t\t<div class=\"videoWrapper yt-lazyload center\"\n\t\t\t\tdata-width=\"960\"\n\t\t\t\tdata-height=\"540\"\n\t\t\t\tdata-id=\"cKpDOWL4jdQ\"\n\t\t\t\tdata-alt=\"V\u00eddeo do YouTube - clique para reproduzir\"\n\t\t\t\tdata-logo=\"3\"\n\t\t\t\tdata-imagequality=\"maxres\">\n\t\t\t<\/div>\n\t\t<\/div><script type=\"application\/ld+json\">{\"@context\":\"https:\/\/schema.org\",\"@type\":\"VideoObject\",\"name\":\"Varejo (MELI34, VIIA3, AMER3): os perigos e as oportunidades | Gest\u00e3o Ativa | Suno Not\u00edcias\",\"description\":\"\ud83d\udd0e \ud83d\udcca[\ud835\uddf2\ud835\uddd5\ud835\uddfc\ud835\uddfc\ud835\uddf8 \ud835\uddda\ud835\udde5\ud835\uddd4\ud835\udde7\ud835\udde8\ud835\udddc\ud835\udde7\ud835\udde2] \ud835\uddd4\ud835\uddfd\ud835\uddff\ud835\uddf2\ud835\uddfb\ud835\uddf1\ud835\uddee \ud835\uddf0\ud835\uddfc\ud835\uddfa\ud835\uddfc \ud835\uddee\ud835\uddfb\ud835\uddee\ud835\uddf9\ud835\uddf6\ud835\ude00\ud835\uddee\ud835\uddff \ud835\ude02\ud835\uddfa\ud835\uddee \ud835\uddee\u00e7\u00e3\ud835\uddfc\u200b \ud83d\udc47 https:\/\/lp.suno.com.br\/ebook-como-analisar-uma-acao\/?utm_source=youtube.noticias&utm_medium=live&utm_campaign=ebookcomoanalisarumaacao.20230206&utm_content=ytnoticias.morning.10022023 #gest\u00e3oativa #a\u00e7\u00f5es #varejo #mercadolivre #meli34 #viia3 #via #empresas #americanas #amer3 \ud83d\udd34\ud835\udc08\ud835\udc0d\ud835\udc12\ud835\udc02\ud835\udc11\ud835\udc04\ud835\udc15\ud835\udc00-\ud835\udc12\ud835\udc04 \ud835\udc0d\ud835\udc0e \ud835\udc02\ud835\udc00\ud835\udc0d\ud835\udc00\ud835\udc0b \ud835\udc04 \ud835\udc00\ud835\udc13\ud835\udc08\ud835\udc15\ud835\udc04 \ud835\udc0e \ud835\udc12\ud835\udc08\ud835\udc0d\ud835\udc0e \ud83d\udc47 https:\/\/bit.ly\/INSCREVA-SEATIVEOSINO Diante de recentes oscila\u00e7\u00f5es e not\u00edcias que marcaram o mercado, vale a pena investir no setor de varejo? Para o gestor Jo\u00e3o Luiz Braga, da Encore,\u2026\",\"duration\":\"PT22M28S\",\"embedUrl\":\"https:\/\/www.youtube.com\/embed\/cKpDOWL4jdQ\",\"regionsAllowed\":\"pt-BR\",\"interactionStatistic\":{\"@type\":\"InteractionCounter\",\"interactionType\":{\"@type\":\"WatchAction\"},\"userInteractionCount\":582},\"thumbnailUrl\":\"https:\/\/i.ytimg.com\/vi\/cKpDOWL4jdQ\/default.jpg\",\"uploadDate\":\"2023-02-15T18:00:25Z\"}<\/script>\n\n\n\n\n\t<p>\n\t\t<a href=\"\" target=\"_blank\" data-element=\"shortcode-suno-banner\" title=\"Banner SUNO, clique e saiba mais\">\n\t\t\t<picture>\n\t\t\t\t<source media=\"(max-width: 500px)\" srcset=\"\">\n\t\t\t\t<img class=\"newsContent__article__imgCapa newsContent__article__imgCapa--banner\"\n\t\t\t\t\tsrc=\"\"\n\t\t\t\t\tdata-promo-id=\"77050\"\t\t\t\t\t\t\t\t\t\t\t\t\t\t\talt=\"\"\n\t\t\t\t>\n\t\t\t<\/picture>\n\t\t<\/a>\n\t<\/p>\n\n\n\n\n\n<p>&#8220;Informamos que a receita de referido contrato representa o equivalente a 4% da <a class=\"suno-keyword\" target=\"_blank\" data-force=\"no\" data-priority=\"1\" href=\"https:\/\/www.suno.com.br\/artigos\/receita-total\/\" rel=\"noopener\">receita total<\/a> da carteira de im\u00f3veis do fundo. A Gestora est\u00e1 acompanhando de perto os desdobramentos envolvendo a empresa, bem como est\u00e1 atuando diretamente junto a Lojas Marisa S.A. visando defender os interesses do fundo&#8221;, explicou a administra\u00e7\u00e3o do <strong>KNRI11<\/strong> em comunicado divulgado ao mercado na sexta (17).<\/p>\n\n\n\n<p>A varejista \u00e9 inquilina do CD Itaqua, galp\u00e3o log\u00edstico pr\u00f3ximo de S\u00e3o Paulo (SP) e a apenas quatro quil\u00f4metros do Rodoanel, o que permite um r\u00e1pido acesso as principais rodovias que partem da capital paulista.<\/p>\n\n\n\n<blockquote class=\"wp-block-quote is-layout-flow wp-block-quote-is-layout-flow\">\n<p>Destacamos ainda que este evento n\u00e3o altera o aumento de rendimento recorrente para o patamar de R$ 0,95 por cota.<\/p>\n<\/blockquote>\n\n\n\n<p>Al\u00e9m do <strong>fundo imobili\u00e1rio KNRI11<\/strong>, a Marisa tamb\u00e9m est\u00e1 devendo para o FII Brasil Varejo (<a class=\"suno-keyword\" target=\"_blank\" data-force=\"yes\" data-priority=\"2\" href=\"https:\/\/www.suno.com.br\/fundos-imobiliarios\/bvar11\/\" rel=\"noopener\">BVAR11<\/a>). <\/p>\n\n\n\t<p>\n\t\t<a href=\"https:\/\/lp.suno.com.br\/planilha-controle-gastos\/\" target=\"_blank\" data-element=\"shortcode-suno-banner\" title=\"Banner SUNO, clique e saiba mais\">\n\t\t\t<picture>\n\t\t\t\t<source media=\"(max-width: 500px)\" srcset=\"https:\/\/files.sunoresearch.com.br\/n\/uploads\/2023\/03\/400x300-Planilha-controle-de-gastos.png\">\n\t\t\t\t<img class=\"newsContent__article__imgCapa newsContent__article__imgCapa--banner\"\n\t\t\t\t\tsrc=\"https:\/\/files.sunoresearch.com.br\/n\/uploads\/2023\/03\/1420x240-Planilha-controle-de-gastos.png\"\n\t\t\t\t\tdata-promo-id=\"101751\"\t\t\t\t\t\t\t\t\t\twidth='1420' height='240'\t\t\t\t\talt=\"https:\/\/files.sunoresearch.com.br\/n\/uploads\/2023\/03\/1420x240-Planilha-controle-de-gastos.png\"\n\t\t\t\t>\n\t\t\t<\/picture>\n\t\t<\/a>\n\t<\/p>\n\n\n\n\n\n<p>Contudo, a situa\u00e7\u00e3o do <strong>BVAR11<\/strong> \u00e9 mais delicada, pois o <a href=\"https:\/\/www.suno.com.br\/noticias\/varejista-calote-aluguel-dividas-milionarias\/\" target=\"_blank\" rel=\"noreferrer noopener\">aluguel da Marisa corresponde<\/a> a 81,47% da receita imobili\u00e1ria do FII. \u201cA inadimpl\u00eancia representa um impacto negativo no resultado do fundo de aproximadamente R$ 5,95 por cota\u201d, ressaltou a gestora.<\/p>\n\n\n\n<p>Questionada pelo Suno Not\u00edcias, a Marisa disse que os pagamentos ser\u00e3o normalizados em breve. Confira o posicionamento na \u00edntegra:<\/p>\n\n\n\n<p><em>A companhia est\u00e1 em processo de aprimoramento do seu modelo de neg\u00f3cios e decidiu priorizar pagamentos e\/ou renegociar contratos, afetando alugueis (predominantemente dos im\u00f3veis pertencentes ao grupo de controle da Companhia). Em breve os pagamentos ser\u00e3o normalizados.<\/em><\/p>\n\n\n\t<p>\n\t\t<a href=\"https:\/\/lp.suno.com.br\/planilha-da-vida-financeira\/\" target=\"_blank\" data-element=\"shortcode-suno-banner\" title=\"Banner SUNO, clique e saiba mais\">\n\t\t\t<picture>\n\t\t\t\t<source media=\"(max-width: 500px)\" srcset=\"https:\/\/files.sunoresearch.com.br\/n\/uploads\/2023\/04\/400x300-Planilha-vida-financeira-true.png\">\n\t\t\t\t<img class=\"newsContent__article__imgCapa newsContent__article__imgCapa--banner\"\n\t\t\t\t\tsrc=\"https:\/\/files.sunoresearch.com.br\/n\/uploads\/2023\/04\/1420x240-Planilha-vida-financeira-true.png\"\n\t\t\t\t\tdata-promo-id=\"106682\"\t\t\t\t\t\t\t\t\t\twidth='1420' height='240'\t\t\t\t\talt=\"https:\/\/files.sunoresearch.com.br\/n\/uploads\/2023\/04\/1420x240-Planilha-vida-financeira-true.png\"\n\t\t\t\t>\n\t\t\t<\/picture>\n\t\t<\/a>\n\t<\/p>\n\n\n\n\n\n<h2 class=\"wp-block-heading\" id=\"h-crise-na-marisa\">Crise na Marisa<\/h2>\n\n\n\n<p>Segundo informa\u00e7\u00f5es do Estad\u00e3o\/Broadcast, as&nbsp;<strong>d\u00edvidas da Marisa<\/strong>&nbsp;somam cerca de R$ 600 milh\u00f5es. Assim, a varejista est\u00e1 realizando uma renegocia\u00e7\u00e3o direta com os credores, que est\u00e3o receptivos, de acordo com as fontes. Na lista de credores da Marisa estariam bancos como&nbsp;<a href=\"https:\/\/www.suno.com.br\/acoes\/BBDC4\/\" target=\"_blank\" rel=\"noreferrer noopener\">Bradesco (BBDC4)<\/a>, Safra, Daycoval, Alfa (BRIV4), ABC Brasil (ABCB4),&nbsp;<a href=\"https:\/\/www.suno.com.br\/acoes\/ITUB4\/\" target=\"_blank\" rel=\"noreferrer noopener\">Ita\u00fa (ITUB4)<\/a>&nbsp;e Caixa.<\/p>\n\n\n\n<p>De acordo com o mapeamento do Status Invest, as <strong>a\u00e7\u00f5es da Marisa<\/strong> derretem 42,65% neste m\u00eas e, desde o dia 9 de fevereiro, os pap\u00e9is s\u00e3o comercializados por menos de R$ 1 na bolsa.<\/p>\n\n\n\n<p>Na quinta (16), a <strong>Marisa<\/strong> anunciou uma reformula\u00e7\u00e3o na sua diretoria, e o executivo Jo\u00e3o Pinheiro Nogueira Batista assumiu a lideran\u00e7a do neg\u00f3cio. No comunicado publicado na Comiss\u00e3o de Valores Mobili\u00e1rios (CVM), a varejista n\u00e3o comentou o atraso no\u00a0aluguel, mas refor\u00e7ou que est\u00e1 aprimorando seu modelo de neg\u00f3cios junto com assessores externos.<\/p>\n\n\n\t<p>\n\t\t<a href=\"https:\/\/lp.suno.com.br\/ebook-como-analisar-uma-acao\/\" target=\"_blank\" data-element=\"shortcode-suno-banner\" title=\"Banner SUNO, clique e saiba mais\">\n\t\t\t<picture>\n\t\t\t\t<source media=\"(max-width: 500px)\" srcset=\"https:\/\/files.sunoresearch.com.br\/n\/uploads\/2023\/03\/Ebook-Acoes-Mobile-1.jpg\">\n\t\t\t\t<img class=\"newsContent__article__imgCapa newsContent__article__imgCapa--banner\"\n\t\t\t\t\tsrc=\"https:\/\/files.sunoresearch.com.br\/n\/uploads\/2023\/03\/Ebook-Acoes-Desktop-1.jpg\"\n\t\t\t\t\tdata-promo-id=\"171998\"\t\t\t\t\t\t\t\t\t\twidth='1420' height='286'\t\t\t\t\talt=\"https:\/\/files.sunoresearch.com.br\/n\/uploads\/2023\/03\/Ebook-Acoes-Desktop-1.jpg\"\n\t\t\t\t>\n\t\t\t<\/picture>\n\t\t<\/a>\n\t<\/p>\n\n\n","protected":false},"excerpt":{"rendered":"<p>A lista de credores da Marisa (AMAR3) ganhou mais um nome: o fundo Kinea Renda Imobili\u00e1ria (KNRI11). Os administradores do FII informaram ao mercado que n\u00e3o receberam o aluguel da varejista referente ao m\u00eas de janeiro. Contudo, esse d\u00e9bito n\u00e3o impactar\u00e1 os rendimentos recorrentes da opera\u00e7\u00e3o, segundo os gestores do fundo. &#8220;Informamos que a receita [&hellip;]<\/p>\n","protected":false},"author":232,"featured_media":357909,"comment_status":"closed","ping_status":"closed","sticky":false,"template":"","format":"standard","meta":[],"categories":[66],"tags":[315,106772,541],"suno_strategy":[],"class_list":["post-366582","post","type-post","status-publish","format-standard","has-post-thumbnail","hentry","category-fiis","tag-fundos-imobiliarios-fiis","tag-knri11","tag-lojas-marisa-amar3"],"yoast_head":"<!-- This site is optimized with the Yoast SEO plugin v24.4 - https:\/\/yoast.com\/wordpress\/plugins\/seo\/ -->\n<title>Marisa (AMAR3) d\u00e1 calote no KNRI11; d\u00e9bito muda proventos?<\/title>\n<meta name=\"description\" content=\"A lista de credores da Marisa (AMAR3) ganhou mais um nome: o fundo Kinea Renda Imobili\u00e1ria (KNRI11). Isso muda os proventos? Confira!\" \/>\n<meta name=\"robots\" content=\"index, follow, max-snippet:-1, max-image-preview:large, max-video-preview:-1\" \/>\n<link rel=\"canonical\" href=\"https:\/\/www.suno.com.br\/noticias\/marisa-amar3-calote-knri11-proventos\/\" \/>\n<meta property=\"og:locale\" content=\"pt_BR\" \/>\n<meta property=\"og:type\" content=\"article\" \/>\n<meta property=\"og:title\" content=\"Marisa (AMAR3) d\u00e1 calote no KNRI11; d\u00e9bito muda proventos?\" \/>\n<meta property=\"og:description\" content=\"A lista de credores da Marisa (AMAR3) ganhou mais um nome: o fundo Kinea Renda Imobili\u00e1ria (KNRI11). Isso muda os proventos? Confira!\" \/>\n<meta property=\"og:url\" content=\"https:\/\/www.suno.com.br\/noticias\/marisa-amar3-calote-knri11-proventos\/\" \/>\n<meta property=\"og:site_name\" content=\"Suno Not\u00edcias\" \/>\n<meta property=\"article:publisher\" content=\"https:\/\/facebook.com\/sunoresearch\" \/>\n<meta property=\"og:image\" content=\"https:\/\/files.sunoresearch.com.br\/n\/uploads\/2023\/02\/marisa-amer3-cvm-fachada-loja-foto-reproducao.jpg\" \/>\n\t<meta property=\"og:image:width\" content=\"1200\" \/>\n\t<meta property=\"og:image:height\" content=\"675\" \/>\n\t<meta property=\"og:image:type\" content=\"image\/jpeg\" \/>\n<meta name=\"author\" content=\"Erick Matheus Nery\" \/>\n<meta name=\"twitter:card\" content=\"summary_large_image\" \/>\n<meta name=\"twitter:creator\" content=\"@sunoresearch\" \/>\n<meta name=\"twitter:site\" content=\"@sunoresearch\" \/>\n<meta name=\"twitter:label1\" content=\"Escrito por\" \/>\n\t<meta name=\"twitter:data1\" content=\"Erick Matheus Nery\" \/>\n\t<meta name=\"twitter:label2\" content=\"Est. tempo de leitura\" \/>\n\t<meta name=\"twitter:data2\" content=\"3 minutos\" \/>\n<script type=\"application\/ld+json\" class=\"yoast-schema-graph\">{\"@context\":\"https:\/\/schema.org\",\"@graph\":[{\"@type\":\"NewsArticle\",\"@id\":\"https:\/\/www.suno.com.br\/noticias\/marisa-amar3-calote-knri11-proventos\/#article\",\"isPartOf\":{\"@id\":\"https:\/\/www.suno.com.br\/noticias\/marisa-amar3-calote-knri11-proventos\/\"},\"author\":{\"name\":\"Erick Matheus Nery\",\"@id\":\"https:\/\/www.suno.com.br\/noticias\/#\/schema\/person\/6899bc3f19d1a7315f807131c2c013a0\"},\"headline\":\"Marisa (AMAR3) d\u00e1 calote no FII KNRI11; d\u00e9bito vai mudar proventos do fundo?\",\"datePublished\":\"2023-02-19T14:10:28+00:00\",\"dateModified\":\"2023-02-19T14:10:33+00:00\",\"mainEntityOfPage\":{\"@id\":\"https:\/\/www.suno.com.br\/noticias\/marisa-amar3-calote-knri11-proventos\/\"},\"wordCount\":491,\"publisher\":{\"@id\":\"https:\/\/www.suno.com.br\/noticias\/#organization\"},\"image\":{\"@id\":\"https:\/\/www.suno.com.br\/noticias\/marisa-amar3-calote-knri11-proventos\/#primaryimage\"},\"thumbnailUrl\":\"https:\/\/files.sunoresearch.com.br\/n\/uploads\/2023\/02\/marisa-amer3-cvm-fachada-loja-foto-reproducao.jpg\",\"keywords\":[\"Fundos Imobili\u00e1rios (FIIs)\",\"KNRI11\",\"Lojas Marisa (AMAR3)\"],\"articleSection\":[\"FIIs\"],\"inLanguage\":\"pt-BR\"},{\"@type\":\"WebPage\",\"@id\":\"https:\/\/www.suno.com.br\/noticias\/marisa-amar3-calote-knri11-proventos\/\",\"url\":\"https:\/\/www.suno.com.br\/noticias\/marisa-amar3-calote-knri11-proventos\/\",\"name\":\"Marisa (AMAR3) d\u00e1 calote no KNRI11; d\u00e9bito muda proventos?\",\"isPartOf\":{\"@id\":\"https:\/\/www.suno.com.br\/noticias\/#website\"},\"primaryImageOfPage\":{\"@id\":\"https:\/\/www.suno.com.br\/noticias\/marisa-amar3-calote-knri11-proventos\/#primaryimage\"},\"image\":{\"@id\":\"https:\/\/www.suno.com.br\/noticias\/marisa-amar3-calote-knri11-proventos\/#primaryimage\"},\"thumbnailUrl\":\"https:\/\/files.sunoresearch.com.br\/n\/uploads\/2023\/02\/marisa-amer3-cvm-fachada-loja-foto-reproducao.jpg\",\"datePublished\":\"2023-02-19T14:10:28+00:00\",\"dateModified\":\"2023-02-19T14:10:33+00:00\",\"description\":\"A lista de credores da Marisa (AMAR3) ganhou mais um nome: o fundo Kinea Renda Imobili\u00e1ria (KNRI11). Isso muda os proventos? Confira!\",\"breadcrumb\":{\"@id\":\"https:\/\/www.suno.com.br\/noticias\/marisa-amar3-calote-knri11-proventos\/#breadcrumb\"},\"inLanguage\":\"pt-BR\",\"potentialAction\":[{\"@type\":\"ReadAction\",\"target\":[\"https:\/\/www.suno.com.br\/noticias\/marisa-amar3-calote-knri11-proventos\/\"]}]},{\"@type\":\"ImageObject\",\"inLanguage\":\"pt-BR\",\"@id\":\"https:\/\/www.suno.com.br\/noticias\/marisa-amar3-calote-knri11-proventos\/#primaryimage\",\"url\":\"https:\/\/files.sunoresearch.com.br\/n\/uploads\/2023\/02\/marisa-amer3-cvm-fachada-loja-foto-reproducao.jpg\",\"contentUrl\":\"https:\/\/files.sunoresearch.com.br\/n\/uploads\/2023\/02\/marisa-amer3-cvm-fachada-loja-foto-reproducao.jpg\",\"width\":1200,\"height\":675,\"caption\":\"Fachada da Marisa. Foto: Divulga\u00e7\u00e3o\"},{\"@type\":\"BreadcrumbList\",\"@id\":\"https:\/\/www.suno.com.br\/noticias\/marisa-amar3-calote-knri11-proventos\/#breadcrumb\",\"itemListElement\":[{\"@type\":\"ListItem\",\"position\":1,\"name\":\"Not\u00edcias\",\"item\":\"https:\/\/www.suno.com.br\/noticias\/\"},{\"@type\":\"ListItem\",\"position\":2,\"name\":\"FIIs\",\"item\":\"https:\/\/www.suno.com.br\/noticias\/fiis\/\"},{\"@type\":\"ListItem\",\"position\":3,\"name\":\"Marisa (AMAR3) d\u00e1 calote no FII KNRI11; d\u00e9bito vai mudar proventos do fundo?\"}]},{\"@type\":\"WebSite\",\"@id\":\"https:\/\/www.suno.com.br\/noticias\/#website\",\"url\":\"https:\/\/www.suno.com.br\/noticias\/\",\"name\":\"Suno Not\u00edcias\",\"description\":\"Seu portal de informa\u00e7\u00e3o sobre o mundo dos investimentos\",\"publisher\":{\"@id\":\"https:\/\/www.suno.com.br\/noticias\/#organization\"},\"potentialAction\":[{\"@type\":\"SearchAction\",\"target\":{\"@type\":\"EntryPoint\",\"urlTemplate\":\"https:\/\/www.suno.com.br\/noticias\/?s={search_term_string}\"},\"query-input\":{\"@type\":\"PropertyValueSpecification\",\"valueRequired\":true,\"valueName\":\"search_term_string\"}}],\"inLanguage\":\"pt-BR\"},{\"@type\":\"Organization\",\"@id\":\"https:\/\/www.suno.com.br\/noticias\/#organization\",\"name\":\"Suno Not\u00edcias\",\"url\":\"https:\/\/www.suno.com.br\/noticias\/\",\"logo\":{\"@type\":\"ImageObject\",\"inLanguage\":\"pt-BR\",\"@id\":\"https:\/\/www.suno.com.br\/noticias\/#\/schema\/logo\/image\/\",\"url\":\"https:\/\/files.sunoresearch.com.br\/n\/uploads\/2021\/09\/suno-logo.png\",\"contentUrl\":\"https:\/\/files.sunoresearch.com.br\/n\/uploads\/2021\/09\/suno-logo.png\",\"width\":180,\"height\":180,\"caption\":\"Suno Not\u00edcias\"},\"image\":{\"@id\":\"https:\/\/www.suno.com.br\/noticias\/#\/schema\/logo\/image\/\"},\"sameAs\":[\"https:\/\/facebook.com\/sunoresearch\",\"https:\/\/x.com\/sunoresearch\",\"https:\/\/www.instagram.com\/suno\",\"https:\/\/www.linkedin.com\/company\/suno-research\/\",\"https:\/\/www.youtube.com\/c\/sunoresearch\"]},{\"@type\":\"Person\",\"@id\":\"https:\/\/www.suno.com.br\/noticias\/#\/schema\/person\/6899bc3f19d1a7315f807131c2c013a0\",\"name\":\"Erick Matheus Nery\",\"image\":{\"@type\":\"ImageObject\",\"inLanguage\":\"pt-BR\",\"@id\":\"https:\/\/www.suno.com.br\/noticias\/#\/schema\/person\/image\/\",\"url\":\"https:\/\/secure.gravatar.com\/avatar\/518ddffe438ccb767782d372a66304d2?s=96&r=g\",\"contentUrl\":\"https:\/\/secure.gravatar.com\/avatar\/518ddffe438ccb767782d372a66304d2?s=96&r=g\",\"caption\":\"Erick Matheus Nery\"},\"description\":\"Formado em Jornalismo pela Universidade Federal do Par\u00e1 (UFPA), conta com extens\u00e3o em Jornalismo Econ\u00f4mico pela Funda\u00e7\u00e3o Get\u00falio Vargas (FGV). No Suno Not\u00edcias, atua como rep\u00f3rter de Mercado, com foco nos setores de telecomunica\u00e7\u00f5es, varejo, alimentos e renda fixa. Conta com passagens pelo jornal O Estado de S\u00e3o Paulo, como trainee de Jornalismo Econ\u00f4mico, e pelo site Not\u00edcias da TV.\",\"url\":\"https:\/\/www.suno.com.br\/noticias\/author\/erick-nery\/\"}]}<\/script>\n<!-- \/ Yoast SEO plugin. -->","yoast_head_json":{"title":"Marisa (AMAR3) d\u00e1 calote no KNRI11; d\u00e9bito muda proventos?","description":"A lista de credores da Marisa (AMAR3) ganhou mais um nome: o fundo Kinea Renda Imobili\u00e1ria (KNRI11). Isso muda os proventos? Confira!","robots":{"index":"index","follow":"follow","max-snippet":"max-snippet:-1","max-image-preview":"max-image-preview:large","max-video-preview":"max-video-preview:-1"},"canonical":"https:\/\/www.suno.com.br\/noticias\/marisa-amar3-calote-knri11-proventos\/","og_locale":"pt_BR","og_type":"article","og_title":"Marisa (AMAR3) d\u00e1 calote no KNRI11; d\u00e9bito muda proventos?","og_description":"A lista de credores da Marisa (AMAR3) ganhou mais um nome: o fundo Kinea Renda Imobili\u00e1ria (KNRI11). Isso muda os proventos? Confira!","og_url":"https:\/\/www.suno.com.br\/noticias\/marisa-amar3-calote-knri11-proventos\/","og_site_name":"Suno Not\u00edcias","article_publisher":"https:\/\/facebook.com\/sunoresearch","og_image":[{"width":1200,"height":675,"url":"https:\/\/files.sunoresearch.com.br\/n\/uploads\/2023\/02\/marisa-amer3-cvm-fachada-loja-foto-reproducao.jpg","type":"image\/jpeg"}],"author":"Erick Matheus Nery","twitter_card":"summary_large_image","twitter_creator":"@sunoresearch","twitter_site":"@sunoresearch","twitter_misc":{"Escrito por":"Erick Matheus Nery","Est. tempo de leitura":"3 minutos"},"schema":{"@context":"https:\/\/schema.org","@graph":[{"@type":"NewsArticle","@id":"https:\/\/www.suno.com.br\/noticias\/marisa-amar3-calote-knri11-proventos\/#article","isPartOf":{"@id":"https:\/\/www.suno.com.br\/noticias\/marisa-amar3-calote-knri11-proventos\/"},"author":{"name":"Erick Matheus Nery","@id":"https:\/\/www.suno.com.br\/noticias\/#\/schema\/person\/6899bc3f19d1a7315f807131c2c013a0"},"headline":"Marisa (AMAR3) d\u00e1 calote no FII KNRI11; d\u00e9bito vai mudar proventos do fundo?","datePublished":"2023-02-19T14:10:28+00:00","dateModified":"2023-02-19T14:10:33+00:00","mainEntityOfPage":{"@id":"https:\/\/www.suno.com.br\/noticias\/marisa-amar3-calote-knri11-proventos\/"},"wordCount":491,"publisher":{"@id":"https:\/\/www.suno.com.br\/noticias\/#organization"},"image":{"@id":"https:\/\/www.suno.com.br\/noticias\/marisa-amar3-calote-knri11-proventos\/#primaryimage"},"thumbnailUrl":"https:\/\/files.sunoresearch.com.br\/n\/uploads\/2023\/02\/marisa-amer3-cvm-fachada-loja-foto-reproducao.jpg","keywords":["Fundos Imobili\u00e1rios (FIIs)","KNRI11","Lojas Marisa (AMAR3)"],"articleSection":["FIIs"],"inLanguage":"pt-BR"},{"@type":"WebPage","@id":"https:\/\/www.suno.com.br\/noticias\/marisa-amar3-calote-knri11-proventos\/","url":"https:\/\/www.suno.com.br\/noticias\/marisa-amar3-calote-knri11-proventos\/","name":"Marisa (AMAR3) d\u00e1 calote no KNRI11; d\u00e9bito muda proventos?","isPartOf":{"@id":"https:\/\/www.suno.com.br\/noticias\/#website"},"primaryImageOfPage":{"@id":"https:\/\/www.suno.com.br\/noticias\/marisa-amar3-calote-knri11-proventos\/#primaryimage"},"image":{"@id":"https:\/\/www.suno.com.br\/noticias\/marisa-amar3-calote-knri11-proventos\/#primaryimage"},"thumbnailUrl":"https:\/\/files.sunoresearch.com.br\/n\/uploads\/2023\/02\/marisa-amer3-cvm-fachada-loja-foto-reproducao.jpg","datePublished":"2023-02-19T14:10:28+00:00","dateModified":"2023-02-19T14:10:33+00:00","description":"A lista de credores da Marisa (AMAR3) ganhou mais um nome: o fundo Kinea Renda Imobili\u00e1ria (KNRI11). Isso muda os proventos? Confira!","breadcrumb":{"@id":"https:\/\/www.suno.com.br\/noticias\/marisa-amar3-calote-knri11-proventos\/#breadcrumb"},"inLanguage":"pt-BR","potentialAction":[{"@type":"ReadAction","target":["https:\/\/www.suno.com.br\/noticias\/marisa-amar3-calote-knri11-proventos\/"]}]},{"@type":"ImageObject","inLanguage":"pt-BR","@id":"https:\/\/www.suno.com.br\/noticias\/marisa-amar3-calote-knri11-proventos\/#primaryimage","url":"https:\/\/files.sunoresearch.com.br\/n\/uploads\/2023\/02\/marisa-amer3-cvm-fachada-loja-foto-reproducao.jpg","contentUrl":"https:\/\/files.sunoresearch.com.br\/n\/uploads\/2023\/02\/marisa-amer3-cvm-fachada-loja-foto-reproducao.jpg","width":1200,"height":675,"caption":"Fachada da Marisa. Foto: Divulga\u00e7\u00e3o"},{"@type":"BreadcrumbList","@id":"https:\/\/www.suno.com.br\/noticias\/marisa-amar3-calote-knri11-proventos\/#breadcrumb","itemListElement":[{"@type":"ListItem","position":1,"name":"Not\u00edcias","item":"https:\/\/www.suno.com.br\/noticias\/"},{"@type":"ListItem","position":2,"name":"FIIs","item":"https:\/\/www.suno.com.br\/noticias\/fiis\/"},{"@type":"ListItem","position":3,"name":"Marisa (AMAR3) d\u00e1 calote no FII KNRI11; d\u00e9bito vai mudar proventos do fundo?"}]},{"@type":"WebSite","@id":"https:\/\/www.suno.com.br\/noticias\/#website","url":"https:\/\/www.suno.com.br\/noticias\/","name":"Suno Not\u00edcias","description":"Seu portal de informa\u00e7\u00e3o sobre o mundo dos investimentos","publisher":{"@id":"https:\/\/www.suno.com.br\/noticias\/#organization"},"potentialAction":[{"@type":"SearchAction","target":{"@type":"EntryPoint","urlTemplate":"https:\/\/www.suno.com.br\/noticias\/?s={search_term_string}"},"query-input":{"@type":"PropertyValueSpecification","valueRequired":true,"valueName":"search_term_string"}}],"inLanguage":"pt-BR"},{"@type":"Organization","@id":"https:\/\/www.suno.com.br\/noticias\/#organization","name":"Suno Not\u00edcias","url":"https:\/\/www.suno.com.br\/noticias\/","logo":{"@type":"ImageObject","inLanguage":"pt-BR","@id":"https:\/\/www.suno.com.br\/noticias\/#\/schema\/logo\/image\/","url":"https:\/\/files.sunoresearch.com.br\/n\/uploads\/2021\/09\/suno-logo.png","contentUrl":"https:\/\/files.sunoresearch.com.br\/n\/uploads\/2021\/09\/suno-logo.png","width":180,"height":180,"caption":"Suno Not\u00edcias"},"image":{"@id":"https:\/\/www.suno.com.br\/noticias\/#\/schema\/logo\/image\/"},"sameAs":["https:\/\/facebook.com\/sunoresearch","https:\/\/x.com\/sunoresearch","https:\/\/www.instagram.com\/suno","https:\/\/www.linkedin.com\/company\/suno-research\/","https:\/\/www.youtube.com\/c\/sunoresearch"]},{"@type":"Person","@id":"https:\/\/www.suno.com.br\/noticias\/#\/schema\/person\/6899bc3f19d1a7315f807131c2c013a0","name":"Erick Matheus Nery","image":{"@type":"ImageObject","inLanguage":"pt-BR","@id":"https:\/\/www.suno.com.br\/noticias\/#\/schema\/person\/image\/","url":"https:\/\/secure.gravatar.com\/avatar\/518ddffe438ccb767782d372a66304d2?s=96&r=g","contentUrl":"https:\/\/secure.gravatar.com\/avatar\/518ddffe438ccb767782d372a66304d2?s=96&r=g","caption":"Erick Matheus Nery"},"description":"Formado em Jornalismo pela Universidade Federal do Par\u00e1 (UFPA), conta com extens\u00e3o em Jornalismo Econ\u00f4mico pela Funda\u00e7\u00e3o Get\u00falio Vargas (FGV). No Suno Not\u00edcias, atua como rep\u00f3rter de Mercado, com foco nos setores de telecomunica\u00e7\u00f5es, varejo, alimentos e renda fixa. Conta com passagens pelo jornal O Estado de S\u00e3o Paulo, como trainee de Jornalismo Econ\u00f4mico, e pelo site Not\u00edcias da TV.","url":"https:\/\/www.suno.com.br\/noticias\/author\/erick-nery\/"}]}},"default_loop_html":"<div class=\"cardsPage__listCard__boxs\"><div class=\"cardsPage__listCard__boxs__img\"><a href=\"https:\/\/www.suno.com.br\/noticias\/marisa-amar3-calote-knri11-proventos\/\"><img class=\"mask\" src=\"https:\/\/www.suno.com.br\/noticias\/wp-content\/themes\/suno\/resources\/images\/spotlight\/spotlight1img\/bg-mask.png\" alt=\"Image Mask\"\/><img src=\"https:\/\/files.sunoresearch.com.br\/n\/uploads\/2023\/02\/marisa-amer3-cvm-fachada-loja-foto-reproducao-400x200.jpg\" alt=\"Marisa (AMAR3) d\u00e1 calote no FII KNRI11; d\u00e9bito vai mudar proventos do fundo?\"\/><\/a><span class=\"spotlightCategory\"><a href=\"https:\/\/www.suno.com.br\/noticias\/fiis\/\">FIIs<\/a><\/span><\/div><div class=\"cardsPage__listCard__boxs__content\"><a href=\"https:\/\/www.suno.com.br\/noticias\/marisa-amar3-calote-knri11-proventos\/\"><h2 class=\"content__title\">Marisa (AMAR3) d\u00e1 calote no FII KNRI11; d\u00e9bito vai mudar proventos do fundo?<\/h2><\/a><div class=\"newsContent__article__meta\"><div class=\"newsContent__article__meta__authorBox\"><a href=\"https:\/\/www.suno.com.br\/noticias\/author\/erick-nery\/\" class=\"authorBox__avatar noMobi\"><img src=\"https:\/\/secure.gravatar.com\/avatar\/518ddffe438ccb767782d372a66304d2?s=96&#038;r=g\" alt=\"Erick Matheus Nery\"><\/a><div class=\"authorBox__name\"><span>por\n\t\t\t<a href=\"https:\/\/www.suno.com.br\/noticias\/author\/erick-nery\/\"><span itemprop=\"author\">Erick Matheus Nery<\/span><\/a><\/span><time datetime=\"2023-02-19T11:10:28-03:00\" itemprop=\"datePublished\">19\/02\/2023 11:10<\/time><\/div><\/div><\/div><\/div><\/div>","single_layout":"posts","amp_enabled":true,"_links":{"self":[{"href":"https:\/\/www.suno.com.br\/noticias\/wp-json\/wp\/v2\/posts\/366582"}],"collection":[{"href":"https:\/\/www.suno.com.br\/noticias\/wp-json\/wp\/v2\/posts"}],"about":[{"href":"https:\/\/www.suno.com.br\/noticias\/wp-json\/wp\/v2\/types\/post"}],"author":[{"embeddable":true,"href":"https:\/\/www.suno.com.br\/noticias\/wp-json\/wp\/v2\/users\/232"}],"replies":[{"embeddable":true,"href":"https:\/\/www.suno.com.br\/noticias\/wp-json\/wp\/v2\/comments?post=366582"}],"version-history":[{"count":3,"href":"https:\/\/www.suno.com.br\/noticias\/wp-json\/wp\/v2\/posts\/366582\/revisions"}],"predecessor-version":[{"id":366592,"href":"https:\/\/www.suno.com.br\/noticias\/wp-json\/wp\/v2\/posts\/366582\/revisions\/366592"}],"wp:featuredmedia":[{"embeddable":true,"href":"https:\/\/www.suno.com.br\/noticias\/wp-json\/wp\/v2\/media\/357909"}],"wp:attachment":[{"href":"https:\/\/www.suno.com.br\/noticias\/wp-json\/wp\/v2\/media?parent=366582"}],"wp:term":[{"taxonomy":"category","embeddable":true,"href":"https:\/\/www.suno.com.br\/noticias\/wp-json\/wp\/v2\/categories?post=366582"},{"taxonomy":"post_tag","embeddable":true,"href":"https:\/\/www.suno.com.br\/noticias\/wp-json\/wp\/v2\/tags?post=366582"},{"taxonomy":"suno_strategy","embeddable":true,"href":"https:\/\/www.suno.com.br\/noticias\/wp-json\/wp\/v2\/suno_strategy?post=366582"}],"curies":[{"name":"wp","href":"https:\/\/api.w.org\/{rel}","templated":true}]}}