{"id":36631,"date":"2019-09-05T18:47:00","date_gmt":"2019-09-05T21:47:00","guid":{"rendered":"https:\/\/www.suno.com.br\/noticias\/?p=36631"},"modified":"2021-02-17T22:56:50","modified_gmt":"2021-02-18T01:56:50","slug":"paulo-guedes-via-expressa-privatizacoes","status":"publish","type":"post","link":"https:\/\/www.suno.com.br\/noticias\/paulo-guedes-via-expressa-privatizacoes\/","title":{"rendered":"Paulo Guedes quer &#8220;via expressa&#8221; para privatiza\u00e7\u00f5es"},"content":{"rendered":"<p>O ministro da <strong>Economia<\/strong>, <a href=\"https:\/\/www.suno.com.br\/tudo-sobre\/paulo-guedes\/\">Paulo Guedes<\/a>, afirmou nesta quinta-feira (5) que o governo quer uma &#8220;via expressa&#8221; para as <a href=\"https:\/\/www.suno.com.br\/artigos\/privatizacao\/\"><strong>privatiza\u00e7\u00f5es<\/strong><\/a>. Segundo o titular da pasta econ\u00f4mica do governo, isso permitira uma acelera\u00e7\u00e3o do processo.<\/p>\t<div class=\"wrapper-featured-image\">\n\t\t<figure class=\"spotlightImg\">\n\n\t\t\t<picture>\n\t\t\t\t<source media=\"(max-width: 768px)\" srcset=\"https:\/\/files.sunoresearch.com.br\/n\/uploads\/2019\/04\/eaf4e13f-paulo-guedes-400x200.webp\">\n\t\t\t\t<img loading=\"lazy\" decoding=\"async\" class=\"newsContent__article__imgCapa lazyloadDisabled newsContent__article__imgCapa--noCaption\" src=\"https:\/\/files.sunoresearch.com.br\/n\/uploads\/2019\/04\/eaf4e13f-paulo-guedes-800x450.webp\" width=\"800\" height=\"450\" alt=\"Paulo Guedes quer &#8220;via expressa&#8221; para privatiza\u00e7\u00f5es\" fetchpriority=high \/>\n\t\t\t<\/picture>\n\n\t\t\t<figcaption class=\"wp-caption-text wp-caption-text--hide\">O ministro Paulo Guede se reuniu Ricardo Barros para conversar sobre ajustes na proposta de reforma tribut\u00e1ria<\/figcaption>\n\t\t<\/figure>\n\t<\/div>\n\n\n<p>\u201cNo mercado privado voc\u00ea vende um ativo em 40 dias. N\u00e3o d\u00e1 para ficar um ano e meio para vender cada empresa\u201d, declarou <strong>Paulo Guedes<\/strong> durante um evento em fortaleza. O ministro foi aplaudido por cerca de 600 empres\u00e1rios.<\/p>\n<p>Segundo Guedes, para acelerar as privatiza\u00e7\u00f5es o governo enviar\u00e1 ao <strong>Tribunal de Contas da Uni\u00e3o (TCU)<\/strong> uma lista com projetos. Esse documento permitir\u00e1 uma libera\u00e7\u00e3o mais r\u00e1pida.<\/p>\n<p>Qual a d\u00favida em privatizar os <strong>Correios<\/strong>? L\u00e1 nasceu o mensal\u00e3o. Ningu\u00e9m escreve mais cartas\u201d, salientou Guedes.<\/p>\n<h2>Paulo Guedes anuncia novo Programa de Acelera\u00e7\u00e3o de Privatiza\u00e7\u00f5es<\/h2>\n<p>O ministro da Economia declarou tamb\u00e9m que no lugar do Programa de Acelera\u00e7\u00e3o do Crescimento (PAC) realizado por governos do Partido dos Trabalhadores (PT), ter\u00e1 um Programa de Acelera\u00e7\u00e3o de Privatiza\u00e7\u00f5es (PAP).<\/p>\n<p>\u201cPor que tem que demorar tanto? Tem oito caras querendo comprar [os<br \/>\nCorreios]\u201d, salientou Guedes, explicando que a reforma tribut\u00e1ria ser\u00e1 \u201cconciliat\u00f3ria\u201d.<\/p>\n<p><a href=\"https:\/\/www.suno.com.br\/noticias\/paulo-guedes-repasses-caixa-bndes\/\">Saiba mais: Paulo Guedes quer antecipa\u00e7\u00e3o de repasses da Caixa e do BNDES<\/a><\/p>\n<p>O ministro da Economia tamb\u00e9m falou da Reforma da Previd\u00eancia, agradecendo ao senador Tasso Jereissati (PSDB), relator da reforma no<br \/>\nSenado. <strong>Guedes<\/strong> o homenageou por ter encontrado uma forma de estender a reforma da Previd\u00eancia a Estados e munic\u00edpios.<\/p>\n<p>\u201cSalvar Estados e munic\u00edpios \u00e9 fundamental\u201d, explicou o ministro, criticando, todavia, a desidrata\u00e7\u00e3o do texto ocorrida no Senado. A Proposta de Emenda Constitucional (PEC) da Previd\u00eancia foi aprovada na \u00faltima quarta-feira (4) na Comiss\u00e3o de Constitui\u00e7\u00e3o e Justi\u00e7a (CCJ) do Senado.<\/p>\n<p>O texto apresenta algumas mudan\u00e7as em rela\u00e7\u00e3o ao documento original enviado pelo governo. Entre elas, a garantia que as pens\u00f5es n\u00e3o fiquem abaixo<br \/>\nde um sal\u00e1rio m\u00ednimo.<\/p>\n<p>Dessa forma, a economia esperada para dez anos caiu para R$ 870 bilh\u00f5es, contra os R$ 933,5 bilh\u00f5es do projeto aprovado na C\u00e2mara dos Deputados.<\/p>\n<h2>PEC paralela<\/h2>\n<p>Para conseguir incluir Estados e munic\u00edpios foi criado um texto \u00e0 parte, a chamada PEC paralela. Uma proposta que foi aprovada na CCJ e agora segue para o plen\u00e1rio do Senado.<\/p>\n<p>Nessa nova proposta foram inclu\u00eddas medidas para aumentar a arrecada\u00e7\u00e3o e compensar parte do valor perdido.<\/p>\n<p>Os empres\u00e1rios nordestinos que participam do evento de <strong>Paulo Guedes<\/strong> na regi\u00e3o, o primeiro do ministro, salientaram otimismo com a situa\u00e7\u00e3o econ\u00f4mica do Brasil.<\/p>\n","protected":false},"excerpt":{"rendered":"<p>O ministro da Economia, Paulo Guedes, afirmou nesta quinta-feira (5) que o governo quer uma &#8220;via expressa&#8221; para as privatiza\u00e7\u00f5es. Segundo o titular da pasta econ\u00f4mica do governo, isso permitira uma acelera\u00e7\u00e3o do processo. O ministro Paulo Guede se reuniu Ricardo Barros para conversar sobre ajustes na proposta de reforma tribut\u00e1ria \u201cNo mercado privado voc\u00ea [&hellip;]<\/p>\n","protected":false},"author":9,"featured_media":22003,"comment_status":"closed","ping_status":"closed","sticky":false,"template":"","format":"standard","meta":[],"categories":[61],"tags":[740,796,945],"suno_strategy":[],"class_list":["post-36631","post","type-post","status-publish","format-standard","has-post-thumbnail","hentry","category-politica","tag-economia","tag-paulo-guedes","tag-privatizacoes"],"yoast_head":"<!-- This site is optimized with the Yoast SEO plugin v24.4 - https:\/\/yoast.com\/wordpress\/plugins\/seo\/ -->\n<title>Paulo Guedes quer &quot;via expressa&quot; para privatiza\u00e7\u00f5es<\/title>\n<meta name=\"description\" content=\"O ministro da Economia, Paulo Guedes, afirmou que o governo quer uma &quot;via expressa&quot; para as privatiza\u00e7\u00f5es. Clique aqui para saber mais.\" \/>\n<meta name=\"robots\" content=\"index, follow, max-snippet:-1, max-image-preview:large, max-video-preview:-1\" \/>\n<link rel=\"canonical\" href=\"https:\/\/www.suno.com.br\/noticias\/paulo-guedes-via-expressa-privatizacoes\/\" \/>\n<meta property=\"og:locale\" content=\"pt_BR\" \/>\n<meta property=\"og:type\" content=\"article\" \/>\n<meta property=\"og:title\" content=\"Paulo Guedes quer &quot;via expressa&quot; para privatiza\u00e7\u00f5es\" \/>\n<meta property=\"og:description\" content=\"O ministro da Economia, Paulo Guedes, afirmou que o governo quer uma &quot;via expressa&quot; para as privatiza\u00e7\u00f5es. Clique aqui para saber mais.\" \/>\n<meta property=\"og:url\" content=\"https:\/\/www.suno.com.br\/noticias\/paulo-guedes-via-expressa-privatizacoes\/\" \/>\n<meta property=\"og:site_name\" content=\"Suno Not\u00edcias\" \/>\n<meta property=\"article:publisher\" content=\"https:\/\/facebook.com\/sunoresearch\" \/>\n<meta property=\"og:image\" content=\"https:\/\/files.sunoresearch.com.br\/n\/uploads\/2019\/04\/eaf4e13f-paulo-guedes.jpg\" \/>\n\t<meta property=\"og:image:width\" content=\"1024\" \/>\n\t<meta property=\"og:image:height\" content=\"683\" \/>\n\t<meta property=\"og:image:type\" content=\"image\/jpeg\" \/>\n<meta name=\"author\" content=\"Carlo Cauti\" \/>\n<meta name=\"twitter:card\" content=\"summary_large_image\" \/>\n<meta name=\"twitter:creator\" content=\"@sunoresearch\" \/>\n<meta name=\"twitter:site\" content=\"@sunoresearch\" \/>\n<meta name=\"twitter:label1\" content=\"Escrito por\" \/>\n\t<meta name=\"twitter:data1\" content=\"Carlo Cauti\" \/>\n\t<meta name=\"twitter:label2\" content=\"Est. tempo de leitura\" \/>\n\t<meta name=\"twitter:data2\" content=\"2 minutos\" \/>\n<script type=\"application\/ld+json\" class=\"yoast-schema-graph\">{\"@context\":\"https:\/\/schema.org\",\"@graph\":[{\"@type\":\"NewsArticle\",\"@id\":\"https:\/\/www.suno.com.br\/noticias\/paulo-guedes-via-expressa-privatizacoes\/#article\",\"isPartOf\":{\"@id\":\"https:\/\/www.suno.com.br\/noticias\/paulo-guedes-via-expressa-privatizacoes\/\"},\"author\":{\"name\":\"Carlo Cauti\",\"@id\":\"https:\/\/www.suno.com.br\/noticias\/#\/schema\/person\/e6e0f723cc177805027f4566c1d5e0c8\"},\"headline\":\"Paulo Guedes quer &#8220;via expressa&#8221; para privatiza\u00e7\u00f5es\",\"datePublished\":\"2019-09-05T21:47:00+00:00\",\"dateModified\":\"2021-02-18T01:56:50+00:00\",\"mainEntityOfPage\":{\"@id\":\"https:\/\/www.suno.com.br\/noticias\/paulo-guedes-via-expressa-privatizacoes\/\"},\"wordCount\":446,\"publisher\":{\"@id\":\"https:\/\/www.suno.com.br\/noticias\/#organization\"},\"image\":{\"@id\":\"https:\/\/www.suno.com.br\/noticias\/paulo-guedes-via-expressa-privatizacoes\/#primaryimage\"},\"thumbnailUrl\":\"https:\/\/files.sunoresearch.com.br\/n\/uploads\/2019\/04\/eaf4e13f-paulo-guedes-jpg.webp\",\"keywords\":[\"Economia\",\"Paulo Guedes\",\"privatiza\u00e7\u00f5es\"],\"articleSection\":[\"Pol\u00edtica\"],\"inLanguage\":\"pt-BR\"},{\"@type\":\"WebPage\",\"@id\":\"https:\/\/www.suno.com.br\/noticias\/paulo-guedes-via-expressa-privatizacoes\/\",\"url\":\"https:\/\/www.suno.com.br\/noticias\/paulo-guedes-via-expressa-privatizacoes\/\",\"name\":\"Paulo Guedes quer \\\"via expressa\\\" para privatiza\u00e7\u00f5es\",\"isPartOf\":{\"@id\":\"https:\/\/www.suno.com.br\/noticias\/#website\"},\"primaryImageOfPage\":{\"@id\":\"https:\/\/www.suno.com.br\/noticias\/paulo-guedes-via-expressa-privatizacoes\/#primaryimage\"},\"image\":{\"@id\":\"https:\/\/www.suno.com.br\/noticias\/paulo-guedes-via-expressa-privatizacoes\/#primaryimage\"},\"thumbnailUrl\":\"https:\/\/files.sunoresearch.com.br\/n\/uploads\/2019\/04\/eaf4e13f-paulo-guedes-jpg.webp\",\"datePublished\":\"2019-09-05T21:47:00+00:00\",\"dateModified\":\"2021-02-18T01:56:50+00:00\",\"description\":\"O ministro da Economia, Paulo Guedes, afirmou que o governo quer uma \\\"via expressa\\\" para as privatiza\u00e7\u00f5es. Clique aqui para saber mais.\",\"breadcrumb\":{\"@id\":\"https:\/\/www.suno.com.br\/noticias\/paulo-guedes-via-expressa-privatizacoes\/#breadcrumb\"},\"inLanguage\":\"pt-BR\",\"potentialAction\":[{\"@type\":\"ReadAction\",\"target\":[\"https:\/\/www.suno.com.br\/noticias\/paulo-guedes-via-expressa-privatizacoes\/\"]}]},{\"@type\":\"ImageObject\",\"inLanguage\":\"pt-BR\",\"@id\":\"https:\/\/www.suno.com.br\/noticias\/paulo-guedes-via-expressa-privatizacoes\/#primaryimage\",\"url\":\"https:\/\/files.sunoresearch.com.br\/n\/uploads\/2019\/04\/eaf4e13f-paulo-guedes-jpg.webp\",\"contentUrl\":\"https:\/\/files.sunoresearch.com.br\/n\/uploads\/2019\/04\/eaf4e13f-paulo-guedes-jpg.webp\",\"width\":1024,\"height\":683,\"caption\":\"O ministro Paulo Guede se reuniu Ricardo Barros para conversar sobre ajustes na proposta de reforma tribut\u00e1ria\"},{\"@type\":\"BreadcrumbList\",\"@id\":\"https:\/\/www.suno.com.br\/noticias\/paulo-guedes-via-expressa-privatizacoes\/#breadcrumb\",\"itemListElement\":[{\"@type\":\"ListItem\",\"position\":1,\"name\":\"Not\u00edcias\",\"item\":\"https:\/\/www.suno.com.br\/noticias\/\"},{\"@type\":\"ListItem\",\"position\":2,\"name\":\"Pol\u00edtica\",\"item\":\"https:\/\/www.suno.com.br\/noticias\/politica\/\"},{\"@type\":\"ListItem\",\"position\":3,\"name\":\"Paulo Guedes quer &#8220;via expressa&#8221; para privatiza\u00e7\u00f5es\"}]},{\"@type\":\"WebSite\",\"@id\":\"https:\/\/www.suno.com.br\/noticias\/#website\",\"url\":\"https:\/\/www.suno.com.br\/noticias\/\",\"name\":\"Suno Not\u00edcias\",\"description\":\"Seu portal de informa\u00e7\u00e3o sobre o mundo dos investimentos\",\"publisher\":{\"@id\":\"https:\/\/www.suno.com.br\/noticias\/#organization\"},\"potentialAction\":[{\"@type\":\"SearchAction\",\"target\":{\"@type\":\"EntryPoint\",\"urlTemplate\":\"https:\/\/www.suno.com.br\/noticias\/?s={search_term_string}\"},\"query-input\":{\"@type\":\"PropertyValueSpecification\",\"valueRequired\":true,\"valueName\":\"search_term_string\"}}],\"inLanguage\":\"pt-BR\"},{\"@type\":\"Organization\",\"@id\":\"https:\/\/www.suno.com.br\/noticias\/#organization\",\"name\":\"Suno Not\u00edcias\",\"url\":\"https:\/\/www.suno.com.br\/noticias\/\",\"logo\":{\"@type\":\"ImageObject\",\"inLanguage\":\"pt-BR\",\"@id\":\"https:\/\/www.suno.com.br\/noticias\/#\/schema\/logo\/image\/\",\"url\":\"https:\/\/files.sunoresearch.com.br\/n\/uploads\/2021\/09\/suno-logo.png\",\"contentUrl\":\"https:\/\/files.sunoresearch.com.br\/n\/uploads\/2021\/09\/suno-logo.png\",\"width\":180,\"height\":180,\"caption\":\"Suno Not\u00edcias\"},\"image\":{\"@id\":\"https:\/\/www.suno.com.br\/noticias\/#\/schema\/logo\/image\/\"},\"sameAs\":[\"https:\/\/facebook.com\/sunoresearch\",\"https:\/\/x.com\/sunoresearch\",\"https:\/\/www.instagram.com\/suno\",\"https:\/\/www.linkedin.com\/company\/suno-research\/\",\"https:\/\/www.youtube.com\/c\/sunoresearch\"]},{\"@type\":\"Person\",\"@id\":\"https:\/\/www.suno.com.br\/noticias\/#\/schema\/person\/e6e0f723cc177805027f4566c1d5e0c8\",\"name\":\"Carlo Cauti\",\"image\":{\"@type\":\"ImageObject\",\"inLanguage\":\"pt-BR\",\"@id\":\"https:\/\/www.suno.com.br\/noticias\/#\/schema\/person\/image\/\",\"url\":\"https:\/\/secure.gravatar.com\/avatar\/3ada9e0bd164c23abd4792a9606d583c?s=96&r=g\",\"contentUrl\":\"https:\/\/secure.gravatar.com\/avatar\/3ada9e0bd164c23abd4792a9606d583c?s=96&r=g\",\"caption\":\"Carlo Cauti\"},\"description\":\"Editor multim\u00eddia do SUNO Not\u00edcias. Italiano, formado em Ci\u00eancias Pol\u00edticas pela universidade LUISS G. Carli de Roma e mestre cum laude em Rela\u00e7\u00f5es Internacionais, Jornalismo Internacional e de Guerra e em Economia Internacional. Concluiu tamb\u00e9m um MBA em Finan\u00e7as na B3. No Brasil, teve passagem por ve\u00edculos como Estad\u00e3o, Globo, Veja e EXAME. e nas ag\u00eancias de not\u00edcias italianas ANSA e NOVA.\",\"url\":\"https:\/\/www.suno.com.br\/noticias\/author\/carlo-cauti\/\"}]}<\/script>\n<!-- \/ Yoast SEO plugin. -->","yoast_head_json":{"title":"Paulo Guedes quer \"via expressa\" para privatiza\u00e7\u00f5es","description":"O ministro da Economia, Paulo Guedes, afirmou que o governo quer uma \"via expressa\" para as privatiza\u00e7\u00f5es. Clique aqui para saber mais.","robots":{"index":"index","follow":"follow","max-snippet":"max-snippet:-1","max-image-preview":"max-image-preview:large","max-video-preview":"max-video-preview:-1"},"canonical":"https:\/\/www.suno.com.br\/noticias\/paulo-guedes-via-expressa-privatizacoes\/","og_locale":"pt_BR","og_type":"article","og_title":"Paulo Guedes quer \"via expressa\" para privatiza\u00e7\u00f5es","og_description":"O ministro da Economia, Paulo Guedes, afirmou que o governo quer uma \"via expressa\" para as privatiza\u00e7\u00f5es. Clique aqui para saber mais.","og_url":"https:\/\/www.suno.com.br\/noticias\/paulo-guedes-via-expressa-privatizacoes\/","og_site_name":"Suno Not\u00edcias","article_publisher":"https:\/\/facebook.com\/sunoresearch","og_image":[{"width":1024,"height":683,"url":"https:\/\/files.sunoresearch.com.br\/n\/uploads\/2019\/04\/eaf4e13f-paulo-guedes.jpg","type":"image\/jpeg"}],"author":"Carlo Cauti","twitter_card":"summary_large_image","twitter_creator":"@sunoresearch","twitter_site":"@sunoresearch","twitter_misc":{"Escrito por":"Carlo Cauti","Est. tempo de leitura":"2 minutos"},"schema":{"@context":"https:\/\/schema.org","@graph":[{"@type":"NewsArticle","@id":"https:\/\/www.suno.com.br\/noticias\/paulo-guedes-via-expressa-privatizacoes\/#article","isPartOf":{"@id":"https:\/\/www.suno.com.br\/noticias\/paulo-guedes-via-expressa-privatizacoes\/"},"author":{"name":"Carlo Cauti","@id":"https:\/\/www.suno.com.br\/noticias\/#\/schema\/person\/e6e0f723cc177805027f4566c1d5e0c8"},"headline":"Paulo Guedes quer &#8220;via expressa&#8221; para privatiza\u00e7\u00f5es","datePublished":"2019-09-05T21:47:00+00:00","dateModified":"2021-02-18T01:56:50+00:00","mainEntityOfPage":{"@id":"https:\/\/www.suno.com.br\/noticias\/paulo-guedes-via-expressa-privatizacoes\/"},"wordCount":446,"publisher":{"@id":"https:\/\/www.suno.com.br\/noticias\/#organization"},"image":{"@id":"https:\/\/www.suno.com.br\/noticias\/paulo-guedes-via-expressa-privatizacoes\/#primaryimage"},"thumbnailUrl":"https:\/\/files.sunoresearch.com.br\/n\/uploads\/2019\/04\/eaf4e13f-paulo-guedes-jpg.webp","keywords":["Economia","Paulo Guedes","privatiza\u00e7\u00f5es"],"articleSection":["Pol\u00edtica"],"inLanguage":"pt-BR"},{"@type":"WebPage","@id":"https:\/\/www.suno.com.br\/noticias\/paulo-guedes-via-expressa-privatizacoes\/","url":"https:\/\/www.suno.com.br\/noticias\/paulo-guedes-via-expressa-privatizacoes\/","name":"Paulo Guedes quer \"via expressa\" para privatiza\u00e7\u00f5es","isPartOf":{"@id":"https:\/\/www.suno.com.br\/noticias\/#website"},"primaryImageOfPage":{"@id":"https:\/\/www.suno.com.br\/noticias\/paulo-guedes-via-expressa-privatizacoes\/#primaryimage"},"image":{"@id":"https:\/\/www.suno.com.br\/noticias\/paulo-guedes-via-expressa-privatizacoes\/#primaryimage"},"thumbnailUrl":"https:\/\/files.sunoresearch.com.br\/n\/uploads\/2019\/04\/eaf4e13f-paulo-guedes-jpg.webp","datePublished":"2019-09-05T21:47:00+00:00","dateModified":"2021-02-18T01:56:50+00:00","description":"O ministro da Economia, Paulo Guedes, afirmou que o governo quer uma \"via expressa\" para as privatiza\u00e7\u00f5es. Clique aqui para saber mais.","breadcrumb":{"@id":"https:\/\/www.suno.com.br\/noticias\/paulo-guedes-via-expressa-privatizacoes\/#breadcrumb"},"inLanguage":"pt-BR","potentialAction":[{"@type":"ReadAction","target":["https:\/\/www.suno.com.br\/noticias\/paulo-guedes-via-expressa-privatizacoes\/"]}]},{"@type":"ImageObject","inLanguage":"pt-BR","@id":"https:\/\/www.suno.com.br\/noticias\/paulo-guedes-via-expressa-privatizacoes\/#primaryimage","url":"https:\/\/files.sunoresearch.com.br\/n\/uploads\/2019\/04\/eaf4e13f-paulo-guedes-jpg.webp","contentUrl":"https:\/\/files.sunoresearch.com.br\/n\/uploads\/2019\/04\/eaf4e13f-paulo-guedes-jpg.webp","width":1024,"height":683,"caption":"O ministro Paulo Guede se reuniu Ricardo Barros para conversar sobre ajustes na proposta de reforma tribut\u00e1ria"},{"@type":"BreadcrumbList","@id":"https:\/\/www.suno.com.br\/noticias\/paulo-guedes-via-expressa-privatizacoes\/#breadcrumb","itemListElement":[{"@type":"ListItem","position":1,"name":"Not\u00edcias","item":"https:\/\/www.suno.com.br\/noticias\/"},{"@type":"ListItem","position":2,"name":"Pol\u00edtica","item":"https:\/\/www.suno.com.br\/noticias\/politica\/"},{"@type":"ListItem","position":3,"name":"Paulo Guedes quer &#8220;via expressa&#8221; para privatiza\u00e7\u00f5es"}]},{"@type":"WebSite","@id":"https:\/\/www.suno.com.br\/noticias\/#website","url":"https:\/\/www.suno.com.br\/noticias\/","name":"Suno Not\u00edcias","description":"Seu portal de informa\u00e7\u00e3o sobre o mundo dos investimentos","publisher":{"@id":"https:\/\/www.suno.com.br\/noticias\/#organization"},"potentialAction":[{"@type":"SearchAction","target":{"@type":"EntryPoint","urlTemplate":"https:\/\/www.suno.com.br\/noticias\/?s={search_term_string}"},"query-input":{"@type":"PropertyValueSpecification","valueRequired":true,"valueName":"search_term_string"}}],"inLanguage":"pt-BR"},{"@type":"Organization","@id":"https:\/\/www.suno.com.br\/noticias\/#organization","name":"Suno Not\u00edcias","url":"https:\/\/www.suno.com.br\/noticias\/","logo":{"@type":"ImageObject","inLanguage":"pt-BR","@id":"https:\/\/www.suno.com.br\/noticias\/#\/schema\/logo\/image\/","url":"https:\/\/files.sunoresearch.com.br\/n\/uploads\/2021\/09\/suno-logo.png","contentUrl":"https:\/\/files.sunoresearch.com.br\/n\/uploads\/2021\/09\/suno-logo.png","width":180,"height":180,"caption":"Suno Not\u00edcias"},"image":{"@id":"https:\/\/www.suno.com.br\/noticias\/#\/schema\/logo\/image\/"},"sameAs":["https:\/\/facebook.com\/sunoresearch","https:\/\/x.com\/sunoresearch","https:\/\/www.instagram.com\/suno","https:\/\/www.linkedin.com\/company\/suno-research\/","https:\/\/www.youtube.com\/c\/sunoresearch"]},{"@type":"Person","@id":"https:\/\/www.suno.com.br\/noticias\/#\/schema\/person\/e6e0f723cc177805027f4566c1d5e0c8","name":"Carlo Cauti","image":{"@type":"ImageObject","inLanguage":"pt-BR","@id":"https:\/\/www.suno.com.br\/noticias\/#\/schema\/person\/image\/","url":"https:\/\/secure.gravatar.com\/avatar\/3ada9e0bd164c23abd4792a9606d583c?s=96&r=g","contentUrl":"https:\/\/secure.gravatar.com\/avatar\/3ada9e0bd164c23abd4792a9606d583c?s=96&r=g","caption":"Carlo Cauti"},"description":"Editor multim\u00eddia do SUNO Not\u00edcias. Italiano, formado em Ci\u00eancias Pol\u00edticas pela universidade LUISS G. Carli de Roma e mestre cum laude em Rela\u00e7\u00f5es Internacionais, Jornalismo Internacional e de Guerra e em Economia Internacional. Concluiu tamb\u00e9m um MBA em Finan\u00e7as na B3. No Brasil, teve passagem por ve\u00edculos como Estad\u00e3o, Globo, Veja e EXAME. e nas ag\u00eancias de not\u00edcias italianas ANSA e NOVA.","url":"https:\/\/www.suno.com.br\/noticias\/author\/carlo-cauti\/"}]}},"default_loop_html":"<div class=\"cardsPage__listCard__boxs\"><div class=\"cardsPage__listCard__boxs__img\"><a href=\"https:\/\/www.suno.com.br\/noticias\/paulo-guedes-via-expressa-privatizacoes\/\"><img class=\"mask\" src=\"https:\/\/www.suno.com.br\/noticias\/wp-content\/themes\/suno\/resources\/images\/spotlight\/spotlight1img\/bg-mask.png\" alt=\"Image Mask\"\/><img src=\"https:\/\/files.sunoresearch.com.br\/n\/uploads\/2019\/04\/eaf4e13f-paulo-guedes-400x200.webp\" alt=\"Paulo Guedes quer &#8220;via expressa&#8221; para privatiza\u00e7\u00f5es\"\/><\/a><span class=\"spotlightCategory\"><a href=\"https:\/\/www.suno.com.br\/noticias\/politica\/\">Pol\u00edtica<\/a><\/span><\/div><div class=\"cardsPage__listCard__boxs__content\"><a href=\"https:\/\/www.suno.com.br\/noticias\/paulo-guedes-via-expressa-privatizacoes\/\"><h2 class=\"content__title\">Paulo Guedes quer &#8220;via expressa&#8221; para privatiza\u00e7\u00f5es<\/h2><\/a><div class=\"newsContent__article__meta\"><div class=\"newsContent__article__meta__authorBox\"><a href=\"https:\/\/www.suno.com.br\/noticias\/author\/carlo-cauti\/\" class=\"authorBox__avatar noMobi\"><img src=\"https:\/\/files.sunoresearch.com.br\/n\/uploads\/2020\/08\/e3745f9a-perfil-carlo-cauti-150x150.webp\" alt=\"Carlo Cauti\"><\/a><div class=\"authorBox__name\"><span>por\n\t\t\t<a href=\"https:\/\/www.suno.com.br\/noticias\/author\/carlo-cauti\/\"><span itemprop=\"author\">Carlo Cauti<\/span><\/a><\/span><time datetime=\"2019-09-05T18:47:00-03:00\" itemprop=\"datePublished\">05\/09\/2019 18:47<\/time><\/div><\/div><\/div><\/div><\/div>","single_layout":"posts","amp_enabled":true,"_links":{"self":[{"href":"https:\/\/www.suno.com.br\/noticias\/wp-json\/wp\/v2\/posts\/36631"}],"collection":[{"href":"https:\/\/www.suno.com.br\/noticias\/wp-json\/wp\/v2\/posts"}],"about":[{"href":"https:\/\/www.suno.com.br\/noticias\/wp-json\/wp\/v2\/types\/post"}],"author":[{"embeddable":true,"href":"https:\/\/www.suno.com.br\/noticias\/wp-json\/wp\/v2\/users\/9"}],"replies":[{"embeddable":true,"href":"https:\/\/www.suno.com.br\/noticias\/wp-json\/wp\/v2\/comments?post=36631"}],"version-history":[{"count":0,"href":"https:\/\/www.suno.com.br\/noticias\/wp-json\/wp\/v2\/posts\/36631\/revisions"}],"wp:featuredmedia":[{"embeddable":true,"href":"https:\/\/www.suno.com.br\/noticias\/wp-json\/wp\/v2\/media\/22003"}],"wp:attachment":[{"href":"https:\/\/www.suno.com.br\/noticias\/wp-json\/wp\/v2\/media?parent=36631"}],"wp:term":[{"taxonomy":"category","embeddable":true,"href":"https:\/\/www.suno.com.br\/noticias\/wp-json\/wp\/v2\/categories?post=36631"},{"taxonomy":"post_tag","embeddable":true,"href":"https:\/\/www.suno.com.br\/noticias\/wp-json\/wp\/v2\/tags?post=36631"},{"taxonomy":"suno_strategy","embeddable":true,"href":"https:\/\/www.suno.com.br\/noticias\/wp-json\/wp\/v2\/suno_strategy?post=36631"}],"curies":[{"name":"wp","href":"https:\/\/api.w.org\/{rel}","templated":true}]}}