{"id":36627,"date":"2019-09-05T17:39:32","date_gmt":"2019-09-05T20:39:32","guid":{"rendered":"https:\/\/www.suno.com.br\/noticias\/?p=36627"},"modified":"2019-09-05T18:11:33","modified_gmt":"2019-09-05T21:11:33","slug":"dolar-fecha-alta-05092019","status":"publish","type":"post","link":"https:\/\/www.suno.com.br\/noticias\/dolar-fecha-alta-05092019\/","title":{"rendered":"D\u00f3lar fecha em alta com turbul\u00eancias globais e fluxo cambial"},"content":{"rendered":"<p>O <a href=\"https:\/\/www.suno.com.br\/artigos\/alta-do-dolar\/\">d\u00f3lar<\/a> fechou em alta nesta quinta-feira (5) com com <strong><a href=\"https:\/\/www.suno.com.br\/artigos\/a-guerra-comercial\/\">guerra comercial<\/a><\/strong>, risco de recess\u00e3o na Alemanha e fluxo cambial no radar.<\/p>\t<div class=\"wrapper-featured-image\">\n\t\t<figure class=\"spotlightImg\">\n\n\t\t\t<picture>\n\t\t\t\t<source media=\"(max-width: 768px)\" srcset=\"https:\/\/files.sunoresearch.com.br\/n\/uploads\/2019\/04\/bf5d7057-dolar-150219-400x200.webp\">\n\t\t\t\t<img loading=\"lazy\" decoding=\"async\" class=\"newsContent__article__imgCapa lazyloadDisabled newsContent__article__imgCapa--noCaption\" src=\"https:\/\/files.sunoresearch.com.br\/n\/uploads\/2019\/04\/bf5d7057-dolar-150219-jpg.webp\" width=\"800\" height=\"450\" alt=\"D\u00f3lar fecha em alta com turbul\u00eancias globais e fluxo cambial\" fetchpriority=high \/>\n\t\t\t<\/picture>\n\n\t\t\t<figcaption class=\"wp-caption-text wp-caption-text--hide\">D\u00f3lar encerra em alta de 0,15%, cotado em R$ 4,06<\/figcaption>\n\t\t<\/figure>\n\t<\/div>\n\n\n\n<p>O<strong> <a href=\"https:\/\/www.suno.com.br\/artigos\/investir-em-dolar\/\">d\u00f3lar<\/a><\/strong> fechou em alta de 0,114%, negociado a R$ 4,1098. Os investidores ficaram tamb\u00e9m atentos a declara\u00e7\u00e3o do presidente do <a href=\"https:\/\/www.suno.com.br\/artigos\/bacen\/\"><strong>Banco Central (BC)<\/strong><\/a>, Roberto Campos Neto.<\/p>\n<p>O presidente do <strong>BC<\/strong>\u00a0afirmou que a <strong>economia brasileira<\/strong> est\u00e1 passando pelo pior momento, mas deve voltar a crescer no 4\u00ba trimestre. A declara\u00e7\u00e3o ocorreu durante um evento para investidores em Bras\u00edlia.<\/p>\n<h2>Guerra comercial<\/h2>\n<p>Em mais um cap\u00edtulo de <a href=\"https:\/\/www.suno.com.br\/artigos\/guerra-comercial\/\">guerra comercial<\/a>, os representantes e negociadores dos <strong>Estados Unidos<\/strong> e da <strong>China<\/strong>, informaram que retornar\u00e3o as negocia\u00e7\u00f5es no in\u00edcio de outubro.<\/p>\n<p>Mesmo ap\u00f3s a imposi\u00e7\u00e3o de tarifas entre ambos os pa\u00edses, fomentando ainda mais a <strong>guerra comercial<\/strong>, o vice-premier chin\u00eas, <strong>Liu He<\/strong>, e o representante americano, <strong>Robert Lighthizer<\/strong>, e o secret\u00e1rio do Tesouro, <strong>Steven Mnunchin<\/strong>, conversaram por telefone nesta quinta.<\/p>\n<p><a href=\"https:\/\/www.suno.com.br\/noticias\/china-eua-guerra-comercial-retorno-negociacoes\/\">Saiba mais: Guerra comercial: China e EUA retornar\u00e3o a negociar em outubro\u00a0<\/a><\/p>\n<p>De acordo com o comunicado, as duas maiores economias do mundo concordaram em &#8220;trabalhar juntos visando san\u00e7\u00f5es pr\u00e1ticas para criar confiss\u00f5es favor\u00e1veis para as consultas&#8221;, al\u00e9m disso, informaram que\u00a0 &#8220;manter\u00e3o uma estreita comunica\u00e7\u00e3o&#8221;, antes das negocia\u00e7\u00f5es iniciarem.<\/p>\n<h2>Risco de recess\u00e3o na Alemanha<\/h2>\n<p>Em julho, as encomendas \u00e0 industria alem\u00e3 foram menores do que o estimado. A economia da <strong>Alemanha<\/strong>, a maior da Europa, \u00e9 muito dependente de exporta\u00e7\u00e3o e est\u00e1 sendo impactada pelo crescimento global mais devagar, pelo <strong>protecionismo<\/strong> norte-americano e a sa\u00edda do Reino Unido da Uni\u00e3o Europeia (UE).<\/p>\n<p>Por isso, essa queda na demanda do exterior poderia levar a principal economia do bloco para uma recess\u00e3o no terceiro trimestre.<\/p>\n<p>Em julho, os bens produzidos na Alemanha apresentaram queda de 2,7% em compara\u00e7\u00e3o ao m\u00eas anterior, de acordo com dados divulgados nesta quinta pelo minist\u00e9rio da <strong>Economia<\/strong>\u00a0de Berlim. Esse resultado \u00e9 puxado por uma grande queda nas encomendas de pa\u00edses que n\u00e3o fazem parte da <strong>zona do euro<\/strong>.<\/p>\n<p><a href=\"https:\/\/www.suno.com.br\/noticias\/possibilidade-de-recessao-alemanha-industria\/\">Saiba mais: Possibilidade de recess\u00e3o na Alemanha \u00e9 agravada por queda na ind\u00fastria\u00a0<\/a><\/p>\n<p>Os analistas consultados pela <strong>Reuters<\/strong> esperavam um resultado tamb\u00e9m negativo, por\u00e9m, menor. Era esperada uma retra\u00e7\u00e3o de 1,5%.<\/p>\n<h2>Fluxo cambial<\/h2>\n<p>O saldo do fluxo cambial (volume de <a href=\"https:\/\/www.suno.com.br\/artigos\/dolar\/\">d\u00f3lares<\/a> que entram e saem do Pa\u00eds) foi negativo no m\u00eas de agosto.<\/p>\n\t<p>\n\t\t<a href=\"https:\/\/lp.suno.com.br\/ebook-guia-ir\/\" target=\"_blank\" data-element=\"shortcode-suno-banner\" title=\"Banner SUNO, clique e saiba mais\">\n\t\t\t<picture>\n\t\t\t\t<source media=\"(max-width: 500px)\" srcset=\"https:\/\/files.sunoresearch.com.br\/n\/uploads\/2023\/03\/400x300-Ebook-IR.png\">\n\t\t\t\t<img class=\"newsContent__article__imgCapa newsContent__article__imgCapa--banner\"\n\t\t\t\t\tsrc=\"https:\/\/files.sunoresearch.com.br\/n\/uploads\/2023\/03\/1420x240-Ebook-IR.png\"\n\t\t\t\t\tdata-promo-id=\"383124\"\t\t\t\t\t\t\t\t\t\twidth='1420' height='240'\t\t\t\t\talt=\"https:\/\/files.sunoresearch.com.br\/n\/uploads\/2023\/03\/1420x240-Ebook-IR.png\"\n\t\t\t\t>\n\t\t\t<\/picture>\n\t\t<\/a>\n\t<\/p>\n\n\n<p>O <strong>Brasil<\/strong> fechou o \u00faltimo m\u00eas com o saldo negativo em US$ 4,317 bilh\u00f5es, segundo a divulga\u00e7\u00e3o do Banco Central (BC). Em julho, o saldo positivo do <strong>fluxo cambial<\/strong> foi de US$ 2,912 bilh\u00f5es.<\/p>\n<p>A sa\u00edda l\u00edquida atrav\u00e9s do canal financeiro, envolvendo investimentos estrangeiros, remessas de lucros e pagamento de juros, entre outras opera\u00e7\u00f5es, foi de US$ 8,545 bilh\u00f5es. As entradas foram do montante de US$ 39,754 bilh\u00f5es e de US$ 48,299 bilh\u00f5es em retiradas.<\/p>\n<p>O <strong>com\u00e9rcio exterior<\/strong> apresentou um resultado oposto. Devido \u00e0s exporta\u00e7\u00f5es somarem US$ 19,204 bilh\u00f5es contra US$ 14,975 bilh\u00f5es das importa\u00e7\u00f5es, o saldo foi positivo em US$ 4,229 bilh\u00f5es.<\/p>\n<p><a href=\"https:\/\/www.suno.com.br\/noticias\/fluxo-cambial-saldo-negativo-agosto\/\">Saiba mais: Fluxo cambial tem saldo negativo em agosto\u00a0<\/a><\/p>\n<p>No acumulado do ano, o fluxo cambial, at\u00e9 o m\u00eas de agosto, reporta um saldo negativo em US$ 6,526 bilh\u00f5es. No per\u00edodo, tamb\u00e9m foi registrado o saldo negativo do canal financeiro. A sa\u00edda l\u00edquida total foi de US$ 20,277 bilh\u00f5es, ap\u00f3s a entrada de US$ 367,600 bilh\u00f5es e retiradas de US$ 387,877 bilh\u00f5es.<\/p>\n<h2>\u00daltima cota\u00e7\u00e3o<\/h2>\n<p>Na \u00faltima sess\u00e3o, quarta-feira (5), o <strong>d\u00f3lar<\/strong> encerrou em queda de -1,79% cotada em R$ 4,1051.<\/p>\n","protected":false},"excerpt":{"rendered":"<p>O d\u00f3lar fechou em alta nesta quinta-feira (5) com com guerra comercial, risco de recess\u00e3o na Alemanha e fluxo cambial no radar. D\u00f3lar encerra em alta de 0,15%, cotado em R$ 4,06 O d\u00f3lar fechou em alta de 0,114%, negociado a R$ 4,1098. Os investidores ficaram tamb\u00e9m atentos a declara\u00e7\u00e3o do presidente do Banco Central [&hellip;]<\/p>\n","protected":false},"author":9,"featured_media":20958,"comment_status":"closed","ping_status":"closed","sticky":false,"template":"","format":"standard","meta":[],"categories":[60],"tags":[326,980,1881],"suno_strategy":[],"class_list":["post-36627","post","type-post","status-publish","format-standard","has-post-thumbnail","hentry","category-mercado","tag-dolar","tag-guerra-comercial","tag-recessao"],"yoast_head":"<!-- This site is optimized with the Yoast SEO plugin v24.4 - https:\/\/yoast.com\/wordpress\/plugins\/seo\/ -->\n<title>D\u00f3lar fecha em alta com turbul\u00eancias globais e fluxo cambial<\/title>\n<meta name=\"description\" content=\"O d\u00f3lar fechou em alta nesta quinta com com guerra comercial, reforma da Previd\u00eancia e Fed no radar. Clique aqui para saber mais.\" \/>\n<meta name=\"robots\" content=\"index, follow, max-snippet:-1, max-image-preview:large, max-video-preview:-1\" \/>\n<link rel=\"canonical\" href=\"https:\/\/www.suno.com.br\/noticias\/dolar-fecha-alta-05092019\/\" \/>\n<meta property=\"og:locale\" content=\"pt_BR\" \/>\n<meta property=\"og:type\" content=\"article\" \/>\n<meta property=\"og:title\" content=\"D\u00f3lar fecha em alta com turbul\u00eancias globais e fluxo cambial\" \/>\n<meta property=\"og:description\" content=\"O d\u00f3lar fechou em alta nesta quinta com com guerra comercial, reforma da Previd\u00eancia e Fed no radar. Clique aqui para saber mais.\" \/>\n<meta property=\"og:url\" content=\"https:\/\/www.suno.com.br\/noticias\/dolar-fecha-alta-05092019\/\" \/>\n<meta property=\"og:site_name\" content=\"Suno Not\u00edcias\" \/>\n<meta property=\"article:publisher\" content=\"https:\/\/facebook.com\/sunoresearch\" \/>\n<meta property=\"og:image\" content=\"https:\/\/files.sunoresearch.com.br\/n\/uploads\/2019\/04\/bf5d7057-dolar-150219.jpg\" \/>\n\t<meta property=\"og:image:width\" content=\"1100\" \/>\n\t<meta property=\"og:image:height\" content=\"370\" \/>\n\t<meta property=\"og:image:type\" content=\"image\/jpeg\" \/>\n<meta name=\"author\" content=\"Carlo Cauti\" \/>\n<meta name=\"twitter:card\" content=\"summary_large_image\" \/>\n<meta name=\"twitter:creator\" content=\"@sunoresearch\" \/>\n<meta name=\"twitter:site\" content=\"@sunoresearch\" \/>\n<meta name=\"twitter:label1\" content=\"Escrito por\" \/>\n\t<meta name=\"twitter:data1\" content=\"Carlo Cauti\" \/>\n\t<meta name=\"twitter:label2\" content=\"Est. tempo de leitura\" \/>\n\t<meta name=\"twitter:data2\" content=\"3 minutos\" \/>\n<script type=\"application\/ld+json\" class=\"yoast-schema-graph\">{\"@context\":\"https:\/\/schema.org\",\"@graph\":[{\"@type\":\"NewsArticle\",\"@id\":\"https:\/\/www.suno.com.br\/noticias\/dolar-fecha-alta-05092019\/#article\",\"isPartOf\":{\"@id\":\"https:\/\/www.suno.com.br\/noticias\/dolar-fecha-alta-05092019\/\"},\"author\":{\"name\":\"Carlo Cauti\",\"@id\":\"https:\/\/www.suno.com.br\/noticias\/#\/schema\/person\/e6e0f723cc177805027f4566c1d5e0c8\"},\"headline\":\"D\u00f3lar fecha em alta com turbul\u00eancias globais e fluxo cambial\",\"datePublished\":\"2019-09-05T20:39:32+00:00\",\"dateModified\":\"2019-09-05T21:11:33+00:00\",\"mainEntityOfPage\":{\"@id\":\"https:\/\/www.suno.com.br\/noticias\/dolar-fecha-alta-05092019\/\"},\"wordCount\":622,\"publisher\":{\"@id\":\"https:\/\/www.suno.com.br\/noticias\/#organization\"},\"image\":{\"@id\":\"https:\/\/www.suno.com.br\/noticias\/dolar-fecha-alta-05092019\/#primaryimage\"},\"thumbnailUrl\":\"https:\/\/files.sunoresearch.com.br\/n\/uploads\/2019\/04\/bf5d7057-dolar-150219-jpg.webp\",\"keywords\":[\"d\u00f3lar\",\"guerra comercial\",\"recess\u00e3o\"],\"articleSection\":[\"Mercado\"],\"inLanguage\":\"pt-BR\"},{\"@type\":\"WebPage\",\"@id\":\"https:\/\/www.suno.com.br\/noticias\/dolar-fecha-alta-05092019\/\",\"url\":\"https:\/\/www.suno.com.br\/noticias\/dolar-fecha-alta-05092019\/\",\"name\":\"D\u00f3lar fecha em alta com turbul\u00eancias globais e fluxo cambial\",\"isPartOf\":{\"@id\":\"https:\/\/www.suno.com.br\/noticias\/#website\"},\"primaryImageOfPage\":{\"@id\":\"https:\/\/www.suno.com.br\/noticias\/dolar-fecha-alta-05092019\/#primaryimage\"},\"image\":{\"@id\":\"https:\/\/www.suno.com.br\/noticias\/dolar-fecha-alta-05092019\/#primaryimage\"},\"thumbnailUrl\":\"https:\/\/files.sunoresearch.com.br\/n\/uploads\/2019\/04\/bf5d7057-dolar-150219-jpg.webp\",\"datePublished\":\"2019-09-05T20:39:32+00:00\",\"dateModified\":\"2019-09-05T21:11:33+00:00\",\"description\":\"O d\u00f3lar fechou em alta nesta quinta com com guerra comercial, reforma da Previd\u00eancia e Fed no radar. Clique aqui para saber mais.\",\"breadcrumb\":{\"@id\":\"https:\/\/www.suno.com.br\/noticias\/dolar-fecha-alta-05092019\/#breadcrumb\"},\"inLanguage\":\"pt-BR\",\"potentialAction\":[{\"@type\":\"ReadAction\",\"target\":[\"https:\/\/www.suno.com.br\/noticias\/dolar-fecha-alta-05092019\/\"]}]},{\"@type\":\"ImageObject\",\"inLanguage\":\"pt-BR\",\"@id\":\"https:\/\/www.suno.com.br\/noticias\/dolar-fecha-alta-05092019\/#primaryimage\",\"url\":\"https:\/\/files.sunoresearch.com.br\/n\/uploads\/2019\/04\/bf5d7057-dolar-150219-jpg.webp\",\"contentUrl\":\"https:\/\/files.sunoresearch.com.br\/n\/uploads\/2019\/04\/bf5d7057-dolar-150219-jpg.webp\",\"width\":1100,\"height\":370,\"caption\":\"D\u00f3lar encerra em alta de 0,15%, cotado em R$ 4,06\"},{\"@type\":\"BreadcrumbList\",\"@id\":\"https:\/\/www.suno.com.br\/noticias\/dolar-fecha-alta-05092019\/#breadcrumb\",\"itemListElement\":[{\"@type\":\"ListItem\",\"position\":1,\"name\":\"Not\u00edcias\",\"item\":\"https:\/\/www.suno.com.br\/noticias\/\"},{\"@type\":\"ListItem\",\"position\":2,\"name\":\"Mercado\",\"item\":\"https:\/\/www.suno.com.br\/noticias\/mercado\/\"},{\"@type\":\"ListItem\",\"position\":3,\"name\":\"D\u00f3lar fecha em alta com turbul\u00eancias globais e fluxo cambial\"}]},{\"@type\":\"WebSite\",\"@id\":\"https:\/\/www.suno.com.br\/noticias\/#website\",\"url\":\"https:\/\/www.suno.com.br\/noticias\/\",\"name\":\"Suno Not\u00edcias\",\"description\":\"Seu portal de informa\u00e7\u00e3o sobre o mundo dos investimentos\",\"publisher\":{\"@id\":\"https:\/\/www.suno.com.br\/noticias\/#organization\"},\"potentialAction\":[{\"@type\":\"SearchAction\",\"target\":{\"@type\":\"EntryPoint\",\"urlTemplate\":\"https:\/\/www.suno.com.br\/noticias\/?s={search_term_string}\"},\"query-input\":{\"@type\":\"PropertyValueSpecification\",\"valueRequired\":true,\"valueName\":\"search_term_string\"}}],\"inLanguage\":\"pt-BR\"},{\"@type\":\"Organization\",\"@id\":\"https:\/\/www.suno.com.br\/noticias\/#organization\",\"name\":\"Suno Not\u00edcias\",\"url\":\"https:\/\/www.suno.com.br\/noticias\/\",\"logo\":{\"@type\":\"ImageObject\",\"inLanguage\":\"pt-BR\",\"@id\":\"https:\/\/www.suno.com.br\/noticias\/#\/schema\/logo\/image\/\",\"url\":\"https:\/\/files.sunoresearch.com.br\/n\/uploads\/2021\/09\/suno-logo.png\",\"contentUrl\":\"https:\/\/files.sunoresearch.com.br\/n\/uploads\/2021\/09\/suno-logo.png\",\"width\":180,\"height\":180,\"caption\":\"Suno Not\u00edcias\"},\"image\":{\"@id\":\"https:\/\/www.suno.com.br\/noticias\/#\/schema\/logo\/image\/\"},\"sameAs\":[\"https:\/\/facebook.com\/sunoresearch\",\"https:\/\/x.com\/sunoresearch\",\"https:\/\/www.instagram.com\/suno\",\"https:\/\/www.linkedin.com\/company\/suno-research\/\",\"https:\/\/www.youtube.com\/c\/sunoresearch\"]},{\"@type\":\"Person\",\"@id\":\"https:\/\/www.suno.com.br\/noticias\/#\/schema\/person\/e6e0f723cc177805027f4566c1d5e0c8\",\"name\":\"Carlo Cauti\",\"image\":{\"@type\":\"ImageObject\",\"inLanguage\":\"pt-BR\",\"@id\":\"https:\/\/www.suno.com.br\/noticias\/#\/schema\/person\/image\/\",\"url\":\"https:\/\/secure.gravatar.com\/avatar\/3ada9e0bd164c23abd4792a9606d583c?s=96&r=g\",\"contentUrl\":\"https:\/\/secure.gravatar.com\/avatar\/3ada9e0bd164c23abd4792a9606d583c?s=96&r=g\",\"caption\":\"Carlo Cauti\"},\"description\":\"Editor multim\u00eddia do SUNO Not\u00edcias. Italiano, formado em Ci\u00eancias Pol\u00edticas pela universidade LUISS G. Carli de Roma e mestre cum laude em Rela\u00e7\u00f5es Internacionais, Jornalismo Internacional e de Guerra e em Economia Internacional. Concluiu tamb\u00e9m um MBA em Finan\u00e7as na B3. No Brasil, teve passagem por ve\u00edculos como Estad\u00e3o, Globo, Veja e EXAME. e nas ag\u00eancias de not\u00edcias italianas ANSA e NOVA.\",\"url\":\"https:\/\/www.suno.com.br\/noticias\/author\/carlo-cauti\/\"}]}<\/script>\n<!-- \/ Yoast SEO plugin. -->","yoast_head_json":{"title":"D\u00f3lar fecha em alta com turbul\u00eancias globais e fluxo cambial","description":"O d\u00f3lar fechou em alta nesta quinta com com guerra comercial, reforma da Previd\u00eancia e Fed no radar. Clique aqui para saber mais.","robots":{"index":"index","follow":"follow","max-snippet":"max-snippet:-1","max-image-preview":"max-image-preview:large","max-video-preview":"max-video-preview:-1"},"canonical":"https:\/\/www.suno.com.br\/noticias\/dolar-fecha-alta-05092019\/","og_locale":"pt_BR","og_type":"article","og_title":"D\u00f3lar fecha em alta com turbul\u00eancias globais e fluxo cambial","og_description":"O d\u00f3lar fechou em alta nesta quinta com com guerra comercial, reforma da Previd\u00eancia e Fed no radar. Clique aqui para saber mais.","og_url":"https:\/\/www.suno.com.br\/noticias\/dolar-fecha-alta-05092019\/","og_site_name":"Suno Not\u00edcias","article_publisher":"https:\/\/facebook.com\/sunoresearch","og_image":[{"width":1100,"height":370,"url":"https:\/\/files.sunoresearch.com.br\/n\/uploads\/2019\/04\/bf5d7057-dolar-150219.jpg","type":"image\/jpeg"}],"author":"Carlo Cauti","twitter_card":"summary_large_image","twitter_creator":"@sunoresearch","twitter_site":"@sunoresearch","twitter_misc":{"Escrito por":"Carlo Cauti","Est. tempo de leitura":"3 minutos"},"schema":{"@context":"https:\/\/schema.org","@graph":[{"@type":"NewsArticle","@id":"https:\/\/www.suno.com.br\/noticias\/dolar-fecha-alta-05092019\/#article","isPartOf":{"@id":"https:\/\/www.suno.com.br\/noticias\/dolar-fecha-alta-05092019\/"},"author":{"name":"Carlo Cauti","@id":"https:\/\/www.suno.com.br\/noticias\/#\/schema\/person\/e6e0f723cc177805027f4566c1d5e0c8"},"headline":"D\u00f3lar fecha em alta com turbul\u00eancias globais e fluxo cambial","datePublished":"2019-09-05T20:39:32+00:00","dateModified":"2019-09-05T21:11:33+00:00","mainEntityOfPage":{"@id":"https:\/\/www.suno.com.br\/noticias\/dolar-fecha-alta-05092019\/"},"wordCount":622,"publisher":{"@id":"https:\/\/www.suno.com.br\/noticias\/#organization"},"image":{"@id":"https:\/\/www.suno.com.br\/noticias\/dolar-fecha-alta-05092019\/#primaryimage"},"thumbnailUrl":"https:\/\/files.sunoresearch.com.br\/n\/uploads\/2019\/04\/bf5d7057-dolar-150219-jpg.webp","keywords":["d\u00f3lar","guerra comercial","recess\u00e3o"],"articleSection":["Mercado"],"inLanguage":"pt-BR"},{"@type":"WebPage","@id":"https:\/\/www.suno.com.br\/noticias\/dolar-fecha-alta-05092019\/","url":"https:\/\/www.suno.com.br\/noticias\/dolar-fecha-alta-05092019\/","name":"D\u00f3lar fecha em alta com turbul\u00eancias globais e fluxo cambial","isPartOf":{"@id":"https:\/\/www.suno.com.br\/noticias\/#website"},"primaryImageOfPage":{"@id":"https:\/\/www.suno.com.br\/noticias\/dolar-fecha-alta-05092019\/#primaryimage"},"image":{"@id":"https:\/\/www.suno.com.br\/noticias\/dolar-fecha-alta-05092019\/#primaryimage"},"thumbnailUrl":"https:\/\/files.sunoresearch.com.br\/n\/uploads\/2019\/04\/bf5d7057-dolar-150219-jpg.webp","datePublished":"2019-09-05T20:39:32+00:00","dateModified":"2019-09-05T21:11:33+00:00","description":"O d\u00f3lar fechou em alta nesta quinta com com guerra comercial, reforma da Previd\u00eancia e Fed no radar. Clique aqui para saber mais.","breadcrumb":{"@id":"https:\/\/www.suno.com.br\/noticias\/dolar-fecha-alta-05092019\/#breadcrumb"},"inLanguage":"pt-BR","potentialAction":[{"@type":"ReadAction","target":["https:\/\/www.suno.com.br\/noticias\/dolar-fecha-alta-05092019\/"]}]},{"@type":"ImageObject","inLanguage":"pt-BR","@id":"https:\/\/www.suno.com.br\/noticias\/dolar-fecha-alta-05092019\/#primaryimage","url":"https:\/\/files.sunoresearch.com.br\/n\/uploads\/2019\/04\/bf5d7057-dolar-150219-jpg.webp","contentUrl":"https:\/\/files.sunoresearch.com.br\/n\/uploads\/2019\/04\/bf5d7057-dolar-150219-jpg.webp","width":1100,"height":370,"caption":"D\u00f3lar encerra em alta de 0,15%, cotado em R$ 4,06"},{"@type":"BreadcrumbList","@id":"https:\/\/www.suno.com.br\/noticias\/dolar-fecha-alta-05092019\/#breadcrumb","itemListElement":[{"@type":"ListItem","position":1,"name":"Not\u00edcias","item":"https:\/\/www.suno.com.br\/noticias\/"},{"@type":"ListItem","position":2,"name":"Mercado","item":"https:\/\/www.suno.com.br\/noticias\/mercado\/"},{"@type":"ListItem","position":3,"name":"D\u00f3lar fecha em alta com turbul\u00eancias globais e fluxo cambial"}]},{"@type":"WebSite","@id":"https:\/\/www.suno.com.br\/noticias\/#website","url":"https:\/\/www.suno.com.br\/noticias\/","name":"Suno Not\u00edcias","description":"Seu portal de informa\u00e7\u00e3o sobre o mundo dos investimentos","publisher":{"@id":"https:\/\/www.suno.com.br\/noticias\/#organization"},"potentialAction":[{"@type":"SearchAction","target":{"@type":"EntryPoint","urlTemplate":"https:\/\/www.suno.com.br\/noticias\/?s={search_term_string}"},"query-input":{"@type":"PropertyValueSpecification","valueRequired":true,"valueName":"search_term_string"}}],"inLanguage":"pt-BR"},{"@type":"Organization","@id":"https:\/\/www.suno.com.br\/noticias\/#organization","name":"Suno Not\u00edcias","url":"https:\/\/www.suno.com.br\/noticias\/","logo":{"@type":"ImageObject","inLanguage":"pt-BR","@id":"https:\/\/www.suno.com.br\/noticias\/#\/schema\/logo\/image\/","url":"https:\/\/files.sunoresearch.com.br\/n\/uploads\/2021\/09\/suno-logo.png","contentUrl":"https:\/\/files.sunoresearch.com.br\/n\/uploads\/2021\/09\/suno-logo.png","width":180,"height":180,"caption":"Suno Not\u00edcias"},"image":{"@id":"https:\/\/www.suno.com.br\/noticias\/#\/schema\/logo\/image\/"},"sameAs":["https:\/\/facebook.com\/sunoresearch","https:\/\/x.com\/sunoresearch","https:\/\/www.instagram.com\/suno","https:\/\/www.linkedin.com\/company\/suno-research\/","https:\/\/www.youtube.com\/c\/sunoresearch"]},{"@type":"Person","@id":"https:\/\/www.suno.com.br\/noticias\/#\/schema\/person\/e6e0f723cc177805027f4566c1d5e0c8","name":"Carlo Cauti","image":{"@type":"ImageObject","inLanguage":"pt-BR","@id":"https:\/\/www.suno.com.br\/noticias\/#\/schema\/person\/image\/","url":"https:\/\/secure.gravatar.com\/avatar\/3ada9e0bd164c23abd4792a9606d583c?s=96&r=g","contentUrl":"https:\/\/secure.gravatar.com\/avatar\/3ada9e0bd164c23abd4792a9606d583c?s=96&r=g","caption":"Carlo Cauti"},"description":"Editor multim\u00eddia do SUNO Not\u00edcias. Italiano, formado em Ci\u00eancias Pol\u00edticas pela universidade LUISS G. Carli de Roma e mestre cum laude em Rela\u00e7\u00f5es Internacionais, Jornalismo Internacional e de Guerra e em Economia Internacional. Concluiu tamb\u00e9m um MBA em Finan\u00e7as na B3. No Brasil, teve passagem por ve\u00edculos como Estad\u00e3o, Globo, Veja e EXAME. e nas ag\u00eancias de not\u00edcias italianas ANSA e NOVA.","url":"https:\/\/www.suno.com.br\/noticias\/author\/carlo-cauti\/"}]}},"default_loop_html":"<div class=\"cardsPage__listCard__boxs\"><div class=\"cardsPage__listCard__boxs__img\"><a href=\"https:\/\/www.suno.com.br\/noticias\/dolar-fecha-alta-05092019\/\"><img class=\"mask\" src=\"https:\/\/www.suno.com.br\/noticias\/wp-content\/themes\/suno\/resources\/images\/spotlight\/spotlight1img\/bg-mask.png\" alt=\"Image Mask\"\/><img src=\"https:\/\/files.sunoresearch.com.br\/n\/uploads\/2019\/04\/bf5d7057-dolar-150219-400x200.webp\" alt=\"D\u00f3lar fecha em alta com turbul\u00eancias globais e fluxo cambial\"\/><\/a><span class=\"spotlightCategory\"><a href=\"https:\/\/www.suno.com.br\/noticias\/mercado\/\">Mercado<\/a><\/span><\/div><div class=\"cardsPage__listCard__boxs__content\"><a href=\"https:\/\/www.suno.com.br\/noticias\/dolar-fecha-alta-05092019\/\"><h2 class=\"content__title\">D\u00f3lar fecha em alta com turbul\u00eancias globais e fluxo cambial<\/h2><\/a><div class=\"newsContent__article__meta\"><div class=\"newsContent__article__meta__authorBox\"><a href=\"https:\/\/www.suno.com.br\/noticias\/author\/carlo-cauti\/\" class=\"authorBox__avatar noMobi\"><img src=\"https:\/\/files.sunoresearch.com.br\/n\/uploads\/2020\/08\/e3745f9a-perfil-carlo-cauti-150x150.webp\" alt=\"Carlo Cauti\"><\/a><div class=\"authorBox__name\"><span>por\n\t\t\t<a href=\"https:\/\/www.suno.com.br\/noticias\/author\/carlo-cauti\/\"><span itemprop=\"author\">Carlo Cauti<\/span><\/a><\/span><time datetime=\"2019-09-05T17:39:32-03:00\" itemprop=\"datePublished\">05\/09\/2019 17:39<\/time><\/div><\/div><\/div><\/div><\/div>","single_layout":"posts","amp_enabled":true,"_links":{"self":[{"href":"https:\/\/www.suno.com.br\/noticias\/wp-json\/wp\/v2\/posts\/36627"}],"collection":[{"href":"https:\/\/www.suno.com.br\/noticias\/wp-json\/wp\/v2\/posts"}],"about":[{"href":"https:\/\/www.suno.com.br\/noticias\/wp-json\/wp\/v2\/types\/post"}],"author":[{"embeddable":true,"href":"https:\/\/www.suno.com.br\/noticias\/wp-json\/wp\/v2\/users\/9"}],"replies":[{"embeddable":true,"href":"https:\/\/www.suno.com.br\/noticias\/wp-json\/wp\/v2\/comments?post=36627"}],"version-history":[{"count":0,"href":"https:\/\/www.suno.com.br\/noticias\/wp-json\/wp\/v2\/posts\/36627\/revisions"}],"wp:featuredmedia":[{"embeddable":true,"href":"https:\/\/www.suno.com.br\/noticias\/wp-json\/wp\/v2\/media\/20958"}],"wp:attachment":[{"href":"https:\/\/www.suno.com.br\/noticias\/wp-json\/wp\/v2\/media?parent=36627"}],"wp:term":[{"taxonomy":"category","embeddable":true,"href":"https:\/\/www.suno.com.br\/noticias\/wp-json\/wp\/v2\/categories?post=36627"},{"taxonomy":"post_tag","embeddable":true,"href":"https:\/\/www.suno.com.br\/noticias\/wp-json\/wp\/v2\/tags?post=36627"},{"taxonomy":"suno_strategy","embeddable":true,"href":"https:\/\/www.suno.com.br\/noticias\/wp-json\/wp\/v2\/suno_strategy?post=36627"}],"curies":[{"name":"wp","href":"https:\/\/api.w.org\/{rel}","templated":true}]}}