{"id":36593,"date":"2019-09-05T14:57:40","date_gmt":"2019-09-05T17:57:40","guid":{"rendered":"https:\/\/www.suno.com.br\/noticias\/?p=36593"},"modified":"2021-02-17T22:47:52","modified_gmt":"2021-02-18T01:47:52","slug":"economia-crescer-4-tri-diz-banco-central","status":"publish","type":"post","link":"https:\/\/www.suno.com.br\/noticias\/economia-crescer-4-tri-diz-banco-central\/","title":{"rendered":"Economia voltar\u00e1 a crescer no 4\u00ba tri, diz presidente do Banco Central"},"content":{"rendered":"<p>O presidente do <a href=\"https:\/\/www.suno.com.br\/artigos\/bacen\/\">Banco Central (BC)<\/a>, <a href=\"https:\/\/www.suno.com.br\/noticias\/roberto-campos-neto-presidente-bc\/\"><strong>Roberto Campos Neto<\/strong><\/a>, afirmou que a <strong>economia brasileira<\/strong> est\u00e1 passando pelo pior momento. Entretanto, deve voltar a crescer com mais intensidade no 2\u00ba semestre. A declara\u00e7\u00e3o do banqueiro central ocorreu nesta quinta-feira (5), durante um evento para investidores em Bras\u00edlia.<\/p>\t<div class=\"wrapper-featured-image\">\n\t\t<figure class=\"spotlightImg\">\n\n\t\t\t<picture>\n\t\t\t\t<source media=\"(max-width: 768px)\" srcset=\"https:\/\/files.sunoresearch.com.br\/n\/uploads\/2019\/02\/c4ea6e99-roberto-campos-neto-2-400x200.webp\">\n\t\t\t\t<img loading=\"lazy\" decoding=\"async\" class=\"newsContent__article__imgCapa lazyloadDisabled newsContent__article__imgCapa--noCaption\" src=\"https:\/\/files.sunoresearch.com.br\/n\/uploads\/2019\/02\/c4ea6e99-roberto-campos-neto-2-800x450.webp\" width=\"800\" height=\"450\" alt=\"Economia voltar\u00e1 a crescer no 4\u00ba tri, diz presidente do Banco Central\" fetchpriority=high \/>\n\t\t\t<\/picture>\n\n\t\t\t<figcaption class=\"wp-caption-text wp-caption-text--hide\">Compuls\u00f3rio est\u00e1 muito elevado, diz presidente do Banco Central<\/figcaption>\n\t\t<\/figure>\n\t<\/div>\n\n\n<p>&#8220;Acreditamos que estamos passando pelo pior momento e vamos come\u00e7ar a crescer no segundo semestre, mais provavelmente no quarto trimestre&#8221;, declarou o presidente do <strong>Banco Central<\/strong>.<\/p>\n\n<p>Campos Neto ressaltou que os investimentos privados e o mercado de cr\u00e9dito do Brasil s\u00e3o caminhos que podem contribuir para a <strong>retomada econ\u00f4mica<\/strong>. Al\u00e9m disso, o presidente do BC disse que o Pa\u00eds precisa de mais <strong>educa\u00e7\u00e3o financeira<\/strong>.<\/p>\n<p>\u201cTodos os dias estou mais convencido de que sem educa\u00e7\u00e3o financeiro n\u00e3o vamos melhorar nessa realoca\u00e7\u00e3o de recursos e na efici\u00eancia do sistema financeiro\u201d, disse <strong>Campos Neto<\/strong>.<\/p>\n<p>Al\u00e9m disso, para o presidente do <strong>BC<\/strong>, a infla\u00e7\u00e3o no Pa\u00eds est\u00e1 sob controle. Dessa forma, Campos Neto afirmou que o \u00edndice inflacion\u00e1rio est\u00e1 &#8220;bastante ancorado no curto, no m\u00e9dio e no longo prazo&#8221;.<\/p>\n<h2>Taxa de juros no Brasil<\/h2>\n<p>Al\u00e9m disso,<strong> Campos Neto<\/strong> tamb\u00e9m falou sobre a necessidade de diminuir as taxas de juros do Brasil.<\/p>\n<p>O presidente do <strong>BC<\/strong> afirmou que a institui\u00e7\u00e3o monet\u00e1ria est\u00e1 trabalhando para reduzir o <a href=\"https:\/\/www.suno.com.br\/artigos\/spread-bancario\/\">spread banc\u00e1rio<\/a>.<\/p>\n\t<p>\n\t\t<a href=\"https:\/\/lp.suno.com.br\/planilha-controle-gastos\/\" target=\"_blank\" data-element=\"shortcode-suno-banner\" title=\"Banner SUNO, clique e saiba mais\">\n\t\t\t<picture>\n\t\t\t\t<source media=\"(max-width: 500px)\" srcset=\"https:\/\/files.sunoresearch.com.br\/n\/uploads\/2023\/03\/400x300-Planilha-controle-de-gastos.png\">\n\t\t\t\t<img class=\"newsContent__article__imgCapa newsContent__article__imgCapa--banner\"\n\t\t\t\t\tsrc=\"https:\/\/files.sunoresearch.com.br\/n\/uploads\/2023\/03\/1420x240-Planilha-controle-de-gastos.png\"\n\t\t\t\t\tdata-promo-id=\"101751\"\t\t\t\t\t\t\t\t\t\twidth='1420' height='240'\t\t\t\t\talt=\"https:\/\/files.sunoresearch.com.br\/n\/uploads\/2023\/03\/1420x240-Planilha-controle-de-gastos.png\"\n\t\t\t\t>\n\t\t\t<\/picture>\n\t\t<\/a>\n\t<\/p>\n\n\n<p>&#8220;Temos um sistema banc\u00e1rio que \u00e9 altamente regressivo. N\u00e3o encontramos um sistema t\u00e3o regressivo como o Brasil. Quem est\u00e1 embaixo e usa os programas emergenciais com mais frequ\u00eancia paga por quem est\u00e1 em cima e nunca usa&#8221;, disse Campos Neto.<\/p>\n<h2>Banco Central prev\u00ea PIB est\u00e1vel<\/h2>\n<p>Na \u00faltima semana, o presidente da institui\u00e7\u00e3o monet\u00e1ria central afirmou que a a previs\u00e3o do <a href=\"https:\/\/www.suno.com.br\/artigos\/o-produto-interno-bruto-pib\/\"><strong>Produto Interno Bruto (PIB)<\/strong><\/a> brasileiro para o segundo trimestre \u00e9 de estabilidade ou ligeira alta.<\/p>\n<p><a href=\"https:\/\/www.suno.com.br\/noticias\/presidente-banco-central-pib-brasileiro\/\">Saiba mais: Presidente do Banco Central prev\u00ea estabilidade do PIB no segundo trimestre<\/a><\/p>\n<p>Para os pr\u00f3ximos semestres, <strong>Campos Neto<\/strong> prev\u00ea alta do <strong>PIB<\/strong>, al\u00e9m de alguma acelera\u00e7\u00e3o na expans\u00e3o econ\u00f4mica brasileira.<\/p>\n<p>&#8220;O al\u00edvio nas condi\u00e7\u00f5es financeiras internacionais tem se mostrado uma janela de oportunidade para pa\u00edses que seguem o caminho das reformas, e vejo que estamos aproveitando essa janela&#8221;, disse o presidente do <strong>Banco Central<\/strong>.<\/p>\n","protected":false},"excerpt":{"rendered":"<p>O presidente do Banco Central (BC), Roberto Campos Neto, afirmou que a economia brasileira est\u00e1 passando pelo pior momento. Entretanto, deve voltar a crescer com mais intensidade no 2\u00ba semestre. A declara\u00e7\u00e3o do banqueiro central ocorreu nesta quinta-feira (5), durante um evento para investidores em Bras\u00edlia. Compuls\u00f3rio est\u00e1 muito elevado, diz presidente do Banco Central [&hellip;]<\/p>\n","protected":false},"author":18,"featured_media":19354,"comment_status":"closed","ping_status":"closed","sticky":false,"template":"","format":"standard","meta":[],"categories":[62],"tags":[1842,1637,740,1113],"suno_strategy":[],"class_list":["post-36593","post","type-post","status-publish","format-standard","has-post-thumbnail","hentry","category-economia","tag-banco-central-bc","tag-crescimento-economico","tag-economia","tag-roberto-campos-neto"],"yoast_head":"<!-- This site is optimized with the Yoast SEO plugin v24.4 - https:\/\/yoast.com\/wordpress\/plugins\/seo\/ -->\n<title>Economia come\u00e7ar\u00e1 a crescer no 4\u00ba tri, diz presidente do Banco Central<\/title>\n<meta name=\"description\" content=\"O presidente do Banco Central disse que a economia brasileira est\u00e1 passando pelo pior momento, mas deve crescer. Clique para saber mais.\" \/>\n<meta name=\"robots\" content=\"index, follow, max-snippet:-1, max-image-preview:large, max-video-preview:-1\" \/>\n<link rel=\"canonical\" href=\"https:\/\/www.suno.com.br\/noticias\/economia-crescer-4-tri-diz-banco-central\/\" \/>\n<meta property=\"og:locale\" content=\"pt_BR\" \/>\n<meta property=\"og:type\" content=\"article\" \/>\n<meta property=\"og:title\" content=\"Economia come\u00e7ar\u00e1 a crescer no 4\u00ba tri, diz presidente do Banco Central\" \/>\n<meta property=\"og:description\" content=\"O presidente do Banco Central disse que a economia brasileira est\u00e1 passando pelo pior momento, mas deve crescer. Clique para saber mais.\" \/>\n<meta property=\"og:url\" content=\"https:\/\/www.suno.com.br\/noticias\/economia-crescer-4-tri-diz-banco-central\/\" \/>\n<meta property=\"og:site_name\" content=\"Suno Not\u00edcias\" \/>\n<meta property=\"article:publisher\" content=\"https:\/\/facebook.com\/sunoresearch\" \/>\n<meta property=\"og:image\" content=\"https:\/\/files.sunoresearch.com.br\/n\/uploads\/2019\/02\/c4ea6e99-roberto-campos-neto-2.jpg\" \/>\n\t<meta property=\"og:image:width\" content=\"1140\" \/>\n\t<meta property=\"og:image:height\" content=\"760\" \/>\n\t<meta property=\"og:image:type\" content=\"image\/jpeg\" \/>\n<meta name=\"author\" content=\"Giovanna Oliveira\" \/>\n<meta name=\"twitter:card\" content=\"summary_large_image\" \/>\n<meta name=\"twitter:creator\" content=\"@sunoresearch\" \/>\n<meta name=\"twitter:site\" content=\"@sunoresearch\" \/>\n<meta name=\"twitter:label1\" content=\"Escrito por\" \/>\n\t<meta name=\"twitter:data1\" content=\"Giovanna Oliveira\" \/>\n\t<meta name=\"twitter:label2\" content=\"Est. tempo de leitura\" \/>\n\t<meta name=\"twitter:data2\" content=\"2 minutos\" \/>\n<script type=\"application\/ld+json\" class=\"yoast-schema-graph\">{\"@context\":\"https:\/\/schema.org\",\"@graph\":[{\"@type\":\"NewsArticle\",\"@id\":\"https:\/\/www.suno.com.br\/noticias\/economia-crescer-4-tri-diz-banco-central\/#article\",\"isPartOf\":{\"@id\":\"https:\/\/www.suno.com.br\/noticias\/economia-crescer-4-tri-diz-banco-central\/\"},\"author\":{\"name\":\"Giovanna Oliveira\",\"@id\":\"https:\/\/www.suno.com.br\/noticias\/#\/schema\/person\/4e19e3d2575736e5283d58eb3199d120\"},\"headline\":\"Economia voltar\u00e1 a crescer no 4\u00ba tri, diz presidente do Banco Central\",\"datePublished\":\"2019-09-05T17:57:40+00:00\",\"dateModified\":\"2021-02-18T01:47:52+00:00\",\"mainEntityOfPage\":{\"@id\":\"https:\/\/www.suno.com.br\/noticias\/economia-crescer-4-tri-diz-banco-central\/\"},\"wordCount\":400,\"publisher\":{\"@id\":\"https:\/\/www.suno.com.br\/noticias\/#organization\"},\"image\":{\"@id\":\"https:\/\/www.suno.com.br\/noticias\/economia-crescer-4-tri-diz-banco-central\/#primaryimage\"},\"thumbnailUrl\":\"https:\/\/files.sunoresearch.com.br\/n\/uploads\/2019\/02\/c4ea6e99-roberto-campos-neto-2-jpg.webp\",\"keywords\":[\"Banco Central (BC)\",\"crescimento econ\u00f4mico\",\"Economia\",\"Roberto Campos Neto\"],\"articleSection\":[\"Economia\"],\"inLanguage\":\"pt-BR\"},{\"@type\":\"WebPage\",\"@id\":\"https:\/\/www.suno.com.br\/noticias\/economia-crescer-4-tri-diz-banco-central\/\",\"url\":\"https:\/\/www.suno.com.br\/noticias\/economia-crescer-4-tri-diz-banco-central\/\",\"name\":\"Economia come\u00e7ar\u00e1 a crescer no 4\u00ba tri, diz presidente do Banco Central\",\"isPartOf\":{\"@id\":\"https:\/\/www.suno.com.br\/noticias\/#website\"},\"primaryImageOfPage\":{\"@id\":\"https:\/\/www.suno.com.br\/noticias\/economia-crescer-4-tri-diz-banco-central\/#primaryimage\"},\"image\":{\"@id\":\"https:\/\/www.suno.com.br\/noticias\/economia-crescer-4-tri-diz-banco-central\/#primaryimage\"},\"thumbnailUrl\":\"https:\/\/files.sunoresearch.com.br\/n\/uploads\/2019\/02\/c4ea6e99-roberto-campos-neto-2-jpg.webp\",\"datePublished\":\"2019-09-05T17:57:40+00:00\",\"dateModified\":\"2021-02-18T01:47:52+00:00\",\"description\":\"O presidente do Banco Central disse que a economia brasileira est\u00e1 passando pelo pior momento, mas deve crescer. Clique para saber mais.\",\"breadcrumb\":{\"@id\":\"https:\/\/www.suno.com.br\/noticias\/economia-crescer-4-tri-diz-banco-central\/#breadcrumb\"},\"inLanguage\":\"pt-BR\",\"potentialAction\":[{\"@type\":\"ReadAction\",\"target\":[\"https:\/\/www.suno.com.br\/noticias\/economia-crescer-4-tri-diz-banco-central\/\"]}]},{\"@type\":\"ImageObject\",\"inLanguage\":\"pt-BR\",\"@id\":\"https:\/\/www.suno.com.br\/noticias\/economia-crescer-4-tri-diz-banco-central\/#primaryimage\",\"url\":\"https:\/\/files.sunoresearch.com.br\/n\/uploads\/2019\/02\/c4ea6e99-roberto-campos-neto-2-jpg.webp\",\"contentUrl\":\"https:\/\/files.sunoresearch.com.br\/n\/uploads\/2019\/02\/c4ea6e99-roberto-campos-neto-2-jpg.webp\",\"width\":1140,\"height\":760,\"caption\":\"Compuls\u00f3rio est\u00e1 muito elevado, diz presidente do Banco Central\"},{\"@type\":\"BreadcrumbList\",\"@id\":\"https:\/\/www.suno.com.br\/noticias\/economia-crescer-4-tri-diz-banco-central\/#breadcrumb\",\"itemListElement\":[{\"@type\":\"ListItem\",\"position\":1,\"name\":\"Not\u00edcias\",\"item\":\"https:\/\/www.suno.com.br\/noticias\/\"},{\"@type\":\"ListItem\",\"position\":2,\"name\":\"Economia\",\"item\":\"https:\/\/www.suno.com.br\/noticias\/economia\/\"},{\"@type\":\"ListItem\",\"position\":3,\"name\":\"Economia voltar\u00e1 a crescer no 4\u00ba tri, diz presidente do Banco Central\"}]},{\"@type\":\"WebSite\",\"@id\":\"https:\/\/www.suno.com.br\/noticias\/#website\",\"url\":\"https:\/\/www.suno.com.br\/noticias\/\",\"name\":\"Suno Not\u00edcias\",\"description\":\"Seu portal de informa\u00e7\u00e3o sobre o mundo dos investimentos\",\"publisher\":{\"@id\":\"https:\/\/www.suno.com.br\/noticias\/#organization\"},\"potentialAction\":[{\"@type\":\"SearchAction\",\"target\":{\"@type\":\"EntryPoint\",\"urlTemplate\":\"https:\/\/www.suno.com.br\/noticias\/?s={search_term_string}\"},\"query-input\":{\"@type\":\"PropertyValueSpecification\",\"valueRequired\":true,\"valueName\":\"search_term_string\"}}],\"inLanguage\":\"pt-BR\"},{\"@type\":\"Organization\",\"@id\":\"https:\/\/www.suno.com.br\/noticias\/#organization\",\"name\":\"Suno Not\u00edcias\",\"url\":\"https:\/\/www.suno.com.br\/noticias\/\",\"logo\":{\"@type\":\"ImageObject\",\"inLanguage\":\"pt-BR\",\"@id\":\"https:\/\/www.suno.com.br\/noticias\/#\/schema\/logo\/image\/\",\"url\":\"https:\/\/files.sunoresearch.com.br\/n\/uploads\/2021\/09\/suno-logo.png\",\"contentUrl\":\"https:\/\/files.sunoresearch.com.br\/n\/uploads\/2021\/09\/suno-logo.png\",\"width\":180,\"height\":180,\"caption\":\"Suno Not\u00edcias\"},\"image\":{\"@id\":\"https:\/\/www.suno.com.br\/noticias\/#\/schema\/logo\/image\/\"},\"sameAs\":[\"https:\/\/facebook.com\/sunoresearch\",\"https:\/\/x.com\/sunoresearch\",\"https:\/\/www.instagram.com\/suno\",\"https:\/\/www.linkedin.com\/company\/suno-research\/\",\"https:\/\/www.youtube.com\/c\/sunoresearch\"]},{\"@type\":\"Person\",\"@id\":\"https:\/\/www.suno.com.br\/noticias\/#\/schema\/person\/4e19e3d2575736e5283d58eb3199d120\",\"name\":\"Giovanna Oliveira\",\"image\":{\"@type\":\"ImageObject\",\"inLanguage\":\"pt-BR\",\"@id\":\"https:\/\/www.suno.com.br\/noticias\/#\/schema\/person\/image\/\",\"url\":\"https:\/\/secure.gravatar.com\/avatar\/9a37b3ae208962ac568992d0ffdbc2eb?s=96&r=g\",\"contentUrl\":\"https:\/\/secure.gravatar.com\/avatar\/9a37b3ae208962ac568992d0ffdbc2eb?s=96&r=g\",\"caption\":\"Giovanna Oliveira\"},\"description\":\"Giovanna Oliveira escreve sobre economia e pol\u00edtica. Foi rep\u00f3rter do portal de jornalismo da ESPM-SP e produziu conte\u00fado para a Corinthians TV. \u00c9 estudante da ESPM.\",\"url\":\"https:\/\/www.suno.com.br\/noticias\/author\/giovanna\/\"}]}<\/script>\n<!-- \/ Yoast SEO plugin. -->","yoast_head_json":{"title":"Economia come\u00e7ar\u00e1 a crescer no 4\u00ba tri, diz presidente do Banco Central","description":"O presidente do Banco Central disse que a economia brasileira est\u00e1 passando pelo pior momento, mas deve crescer. Clique para saber mais.","robots":{"index":"index","follow":"follow","max-snippet":"max-snippet:-1","max-image-preview":"max-image-preview:large","max-video-preview":"max-video-preview:-1"},"canonical":"https:\/\/www.suno.com.br\/noticias\/economia-crescer-4-tri-diz-banco-central\/","og_locale":"pt_BR","og_type":"article","og_title":"Economia come\u00e7ar\u00e1 a crescer no 4\u00ba tri, diz presidente do Banco Central","og_description":"O presidente do Banco Central disse que a economia brasileira est\u00e1 passando pelo pior momento, mas deve crescer. Clique para saber mais.","og_url":"https:\/\/www.suno.com.br\/noticias\/economia-crescer-4-tri-diz-banco-central\/","og_site_name":"Suno Not\u00edcias","article_publisher":"https:\/\/facebook.com\/sunoresearch","og_image":[{"width":1140,"height":760,"url":"https:\/\/files.sunoresearch.com.br\/n\/uploads\/2019\/02\/c4ea6e99-roberto-campos-neto-2.jpg","type":"image\/jpeg"}],"author":"Giovanna Oliveira","twitter_card":"summary_large_image","twitter_creator":"@sunoresearch","twitter_site":"@sunoresearch","twitter_misc":{"Escrito por":"Giovanna Oliveira","Est. tempo de leitura":"2 minutos"},"schema":{"@context":"https:\/\/schema.org","@graph":[{"@type":"NewsArticle","@id":"https:\/\/www.suno.com.br\/noticias\/economia-crescer-4-tri-diz-banco-central\/#article","isPartOf":{"@id":"https:\/\/www.suno.com.br\/noticias\/economia-crescer-4-tri-diz-banco-central\/"},"author":{"name":"Giovanna Oliveira","@id":"https:\/\/www.suno.com.br\/noticias\/#\/schema\/person\/4e19e3d2575736e5283d58eb3199d120"},"headline":"Economia voltar\u00e1 a crescer no 4\u00ba tri, diz presidente do Banco Central","datePublished":"2019-09-05T17:57:40+00:00","dateModified":"2021-02-18T01:47:52+00:00","mainEntityOfPage":{"@id":"https:\/\/www.suno.com.br\/noticias\/economia-crescer-4-tri-diz-banco-central\/"},"wordCount":400,"publisher":{"@id":"https:\/\/www.suno.com.br\/noticias\/#organization"},"image":{"@id":"https:\/\/www.suno.com.br\/noticias\/economia-crescer-4-tri-diz-banco-central\/#primaryimage"},"thumbnailUrl":"https:\/\/files.sunoresearch.com.br\/n\/uploads\/2019\/02\/c4ea6e99-roberto-campos-neto-2-jpg.webp","keywords":["Banco Central (BC)","crescimento econ\u00f4mico","Economia","Roberto Campos Neto"],"articleSection":["Economia"],"inLanguage":"pt-BR"},{"@type":"WebPage","@id":"https:\/\/www.suno.com.br\/noticias\/economia-crescer-4-tri-diz-banco-central\/","url":"https:\/\/www.suno.com.br\/noticias\/economia-crescer-4-tri-diz-banco-central\/","name":"Economia come\u00e7ar\u00e1 a crescer no 4\u00ba tri, diz presidente do Banco Central","isPartOf":{"@id":"https:\/\/www.suno.com.br\/noticias\/#website"},"primaryImageOfPage":{"@id":"https:\/\/www.suno.com.br\/noticias\/economia-crescer-4-tri-diz-banco-central\/#primaryimage"},"image":{"@id":"https:\/\/www.suno.com.br\/noticias\/economia-crescer-4-tri-diz-banco-central\/#primaryimage"},"thumbnailUrl":"https:\/\/files.sunoresearch.com.br\/n\/uploads\/2019\/02\/c4ea6e99-roberto-campos-neto-2-jpg.webp","datePublished":"2019-09-05T17:57:40+00:00","dateModified":"2021-02-18T01:47:52+00:00","description":"O presidente do Banco Central disse que a economia brasileira est\u00e1 passando pelo pior momento, mas deve crescer. Clique para saber mais.","breadcrumb":{"@id":"https:\/\/www.suno.com.br\/noticias\/economia-crescer-4-tri-diz-banco-central\/#breadcrumb"},"inLanguage":"pt-BR","potentialAction":[{"@type":"ReadAction","target":["https:\/\/www.suno.com.br\/noticias\/economia-crescer-4-tri-diz-banco-central\/"]}]},{"@type":"ImageObject","inLanguage":"pt-BR","@id":"https:\/\/www.suno.com.br\/noticias\/economia-crescer-4-tri-diz-banco-central\/#primaryimage","url":"https:\/\/files.sunoresearch.com.br\/n\/uploads\/2019\/02\/c4ea6e99-roberto-campos-neto-2-jpg.webp","contentUrl":"https:\/\/files.sunoresearch.com.br\/n\/uploads\/2019\/02\/c4ea6e99-roberto-campos-neto-2-jpg.webp","width":1140,"height":760,"caption":"Compuls\u00f3rio est\u00e1 muito elevado, diz presidente do Banco Central"},{"@type":"BreadcrumbList","@id":"https:\/\/www.suno.com.br\/noticias\/economia-crescer-4-tri-diz-banco-central\/#breadcrumb","itemListElement":[{"@type":"ListItem","position":1,"name":"Not\u00edcias","item":"https:\/\/www.suno.com.br\/noticias\/"},{"@type":"ListItem","position":2,"name":"Economia","item":"https:\/\/www.suno.com.br\/noticias\/economia\/"},{"@type":"ListItem","position":3,"name":"Economia voltar\u00e1 a crescer no 4\u00ba tri, diz presidente do Banco Central"}]},{"@type":"WebSite","@id":"https:\/\/www.suno.com.br\/noticias\/#website","url":"https:\/\/www.suno.com.br\/noticias\/","name":"Suno Not\u00edcias","description":"Seu portal de informa\u00e7\u00e3o sobre o mundo dos investimentos","publisher":{"@id":"https:\/\/www.suno.com.br\/noticias\/#organization"},"potentialAction":[{"@type":"SearchAction","target":{"@type":"EntryPoint","urlTemplate":"https:\/\/www.suno.com.br\/noticias\/?s={search_term_string}"},"query-input":{"@type":"PropertyValueSpecification","valueRequired":true,"valueName":"search_term_string"}}],"inLanguage":"pt-BR"},{"@type":"Organization","@id":"https:\/\/www.suno.com.br\/noticias\/#organization","name":"Suno Not\u00edcias","url":"https:\/\/www.suno.com.br\/noticias\/","logo":{"@type":"ImageObject","inLanguage":"pt-BR","@id":"https:\/\/www.suno.com.br\/noticias\/#\/schema\/logo\/image\/","url":"https:\/\/files.sunoresearch.com.br\/n\/uploads\/2021\/09\/suno-logo.png","contentUrl":"https:\/\/files.sunoresearch.com.br\/n\/uploads\/2021\/09\/suno-logo.png","width":180,"height":180,"caption":"Suno Not\u00edcias"},"image":{"@id":"https:\/\/www.suno.com.br\/noticias\/#\/schema\/logo\/image\/"},"sameAs":["https:\/\/facebook.com\/sunoresearch","https:\/\/x.com\/sunoresearch","https:\/\/www.instagram.com\/suno","https:\/\/www.linkedin.com\/company\/suno-research\/","https:\/\/www.youtube.com\/c\/sunoresearch"]},{"@type":"Person","@id":"https:\/\/www.suno.com.br\/noticias\/#\/schema\/person\/4e19e3d2575736e5283d58eb3199d120","name":"Giovanna Oliveira","image":{"@type":"ImageObject","inLanguage":"pt-BR","@id":"https:\/\/www.suno.com.br\/noticias\/#\/schema\/person\/image\/","url":"https:\/\/secure.gravatar.com\/avatar\/9a37b3ae208962ac568992d0ffdbc2eb?s=96&r=g","contentUrl":"https:\/\/secure.gravatar.com\/avatar\/9a37b3ae208962ac568992d0ffdbc2eb?s=96&r=g","caption":"Giovanna Oliveira"},"description":"Giovanna Oliveira escreve sobre economia e pol\u00edtica. Foi rep\u00f3rter do portal de jornalismo da ESPM-SP e produziu conte\u00fado para a Corinthians TV. \u00c9 estudante da ESPM.","url":"https:\/\/www.suno.com.br\/noticias\/author\/giovanna\/"}]}},"default_loop_html":"<div class=\"cardsPage__listCard__boxs\"><div class=\"cardsPage__listCard__boxs__img\"><a href=\"https:\/\/www.suno.com.br\/noticias\/economia-crescer-4-tri-diz-banco-central\/\"><img class=\"mask\" src=\"https:\/\/www.suno.com.br\/noticias\/wp-content\/themes\/suno\/resources\/images\/spotlight\/spotlight1img\/bg-mask.png\" alt=\"Image Mask\"\/><img src=\"https:\/\/files.sunoresearch.com.br\/n\/uploads\/2019\/02\/c4ea6e99-roberto-campos-neto-2-400x200.webp\" alt=\"Economia voltar\u00e1 a crescer no 4\u00ba tri, diz presidente do Banco Central\"\/><\/a><span class=\"spotlightCategory\"><a href=\"https:\/\/www.suno.com.br\/noticias\/economia\/\">Economia<\/a><\/span><\/div><div class=\"cardsPage__listCard__boxs__content\"><a href=\"https:\/\/www.suno.com.br\/noticias\/economia-crescer-4-tri-diz-banco-central\/\"><h2 class=\"content__title\">Economia voltar\u00e1 a crescer no 4\u00ba tri, diz presidente do Banco Central<\/h2><\/a><div class=\"newsContent__article__meta\"><div class=\"newsContent__article__meta__authorBox\"><a href=\"https:\/\/www.suno.com.br\/noticias\/author\/giovanna\/\" class=\"authorBox__avatar noMobi\"><img src=\"https:\/\/files.sunoresearch.com.br\/n\/uploads\/2019\/06\/952a89ca-screenshot_20190608-171507-150x150.webp\" alt=\"Giovanna Oliveira\"><\/a><div class=\"authorBox__name\"><span>por\n\t\t\t<a href=\"https:\/\/www.suno.com.br\/noticias\/author\/giovanna\/\"><span itemprop=\"author\">Giovanna Oliveira<\/span><\/a><\/span><time datetime=\"2019-09-05T14:57:40-03:00\" itemprop=\"datePublished\">05\/09\/2019 14:57<\/time><\/div><\/div><\/div><\/div><\/div>","single_layout":"posts","amp_enabled":true,"_links":{"self":[{"href":"https:\/\/www.suno.com.br\/noticias\/wp-json\/wp\/v2\/posts\/36593"}],"collection":[{"href":"https:\/\/www.suno.com.br\/noticias\/wp-json\/wp\/v2\/posts"}],"about":[{"href":"https:\/\/www.suno.com.br\/noticias\/wp-json\/wp\/v2\/types\/post"}],"author":[{"embeddable":true,"href":"https:\/\/www.suno.com.br\/noticias\/wp-json\/wp\/v2\/users\/18"}],"replies":[{"embeddable":true,"href":"https:\/\/www.suno.com.br\/noticias\/wp-json\/wp\/v2\/comments?post=36593"}],"version-history":[{"count":0,"href":"https:\/\/www.suno.com.br\/noticias\/wp-json\/wp\/v2\/posts\/36593\/revisions"}],"wp:featuredmedia":[{"embeddable":true,"href":"https:\/\/www.suno.com.br\/noticias\/wp-json\/wp\/v2\/media\/19354"}],"wp:attachment":[{"href":"https:\/\/www.suno.com.br\/noticias\/wp-json\/wp\/v2\/media?parent=36593"}],"wp:term":[{"taxonomy":"category","embeddable":true,"href":"https:\/\/www.suno.com.br\/noticias\/wp-json\/wp\/v2\/categories?post=36593"},{"taxonomy":"post_tag","embeddable":true,"href":"https:\/\/www.suno.com.br\/noticias\/wp-json\/wp\/v2\/tags?post=36593"},{"taxonomy":"suno_strategy","embeddable":true,"href":"https:\/\/www.suno.com.br\/noticias\/wp-json\/wp\/v2\/suno_strategy?post=36593"}],"curies":[{"name":"wp","href":"https:\/\/api.w.org\/{rel}","templated":true}]}}